{"id":6238,"date":"2015-05-27T16:02:14","date_gmt":"2015-05-27T14:02:14","guid":{"rendered":"http:\/\/www.jazzzeitung.de\/cms\/?p=6238"},"modified":"2015-05-27T16:02:14","modified_gmt":"2015-05-27T14:02:14","slug":"news-einhaldenfestival-2015-jahrespreis-der-deutschen-schallplattenkritik-summer-jazznight-burghausen-2015-vorstudium-jazz-koeln","status":"publish","type":"post","link":"https:\/\/www.jazzzeitung.de\/cms\/2015\/05\/news-einhaldenfestival-2015-jahrespreis-der-deutschen-schallplattenkritik-summer-jazznight-burghausen-2015-vorstudium-jazz-koeln\/","title":{"rendered":"News: +++ Einhaldenfestival 2015 +++ Jahrespreis der deutschen Schallplattenkritik +++ Summer-Jazznight Burghausen 2015 +++ Vorstudium Jazz in K\u00f6ln"},"content":{"rendered":"<p>&nbsp;<\/p>\n<p><strong>SWR Big Band er\u00f6ffnet Einhaldenfestival 2015<\/strong><\/p>\n<p><span style=\"color: #000000;\">Vom 30. Juli bis 2. August 2015 wird der \u00fcber 850 Jahre alte Bauernhof Einhalden bei Ravensburg erneut zum Festivalgel\u00e4nde. F\u00fcr das B\u00fchnenprogramm konnten die Veranstalter rund um Bauer Bernhard Rauch wieder erstklassige Musiker und Kabarettisten gewinnen. Mit dabei sind diesmal u.a. Weltklasse-Trompeter Ack van Rooyen, ECHO Jazz-Preistr\u00e4ger Joo Kraus, Vibraphonist Dizzy Krisch, Herr H\u00e4mmerle &amp; Fola Dada, Konstantin Wecker und Maxi Schafroth. Er\u00f6ffnet wird das Festival durch die SWR Big Band am Donnerstag, 30. Juli, die mit Herrn H\u00e4mmerle und Fola Dada das Programm \u201eSwinging Comedy\u201c auf die Open-Air-B\u00fchne bringt. Am Abend werden dann die beiden Trompetern\u00a0Ack van Rooyen und\u00a0Joo Kraus mit dem Tales in Tones Trio zu h\u00f6ren sein.<\/span><br \/>\n<span style=\"color: #000000;\"> Das Festival findet dieses Jahr nun schon zum zw\u00f6lften Mal in Folge statt. Weitere Informationen zum Einhaldenfestival finden Sie unter unter <a href=\"http:\/\/www.einhaldenfestival.de\">www.einhaldenfestival.de<\/a><\/span><\/p>\n<div class=\"tiled-gallery type-rectangular tiled-gallery-unresized\" data-original-width=\"840\" data-carousel-extra='{&quot;blog_id&quot;:1,&quot;permalink&quot;:&quot;https:\\\/\\\/www.jazzzeitung.de\\\/cms\\\/2015\\\/05\\\/news-einhaldenfestival-2015-jahrespreis-der-deutschen-schallplattenkritik-summer-jazznight-burghausen-2015-vorstudium-jazz-koeln\\\/&quot;,&quot;likes_blog_id&quot;:55446655}' itemscope itemtype=\"http:\/\/schema.org\/ImageGallery\" > <div class=\"gallery-row\" style=\"width: 840px; height: 554px;\" data-original-width=\"840\" data-original-height=\"554\" > <div class=\"gallery-group images-1\" style=\"width: 840px; height: 554px;\" data-original-width=\"840\" data-original-height=\"554\" > <div class=\"tiled-gallery-item tiled-gallery-item-large\" itemprop=\"associatedMedia\" itemscope itemtype=\"http:\/\/schema.org\/ImageObject\"> <a href=\"https:\/\/www.jazzzeitung.de\/cms\/2015\/05\/news-einhaldenfestival-2015-jahrespreis-der-deutschen-schallplattenkritik-summer-jazznight-burghausen-2015-vorstudium-jazz-koeln\/einhaldenfestival-2013\/\" border=\"0\" itemprop=\"url\"> <meta itemprop=\"width\" content=\"836\"> <meta itemprop=\"height\" content=\"550\"> <img decoding=\"async\" class=\"\" data-attachment-id=\"6247\" data-orig-file=\"https:\/\/www.jazzzeitung.de\/cms\/wp-content\/uploads\/2015\/05\/festivalgelaende2.jpg\" data-orig-size=\"3437,2262\" data-comments-opened=\"1\" data-image-meta=\"{&quot;aperture&quot;:&quot;4.5&quot;,&quot;credit&quot;:&quot;&quot;,&quot;camera&quot;:&quot;Canon EOS-1D X&quot;,&quot;caption&quot;:&quot;Einhaldenfestival 2013\\rAbdruck f\\u00fcr die redaktionelle Berichterstattung zum Einhaldenfestival frei bei Anabge der Bildquelle: Beate Armbruster.&quot;,&quot;created_timestamp&quot;:&quot;1374961724&quot;,&quot;copyright&quot;:&quot;Beate Armbruster&quot;,&quot;focal_length&quot;:&quot;24&quot;,&quot;iso&quot;:&quot;6400&quot;,&quot;shutter_speed&quot;:&quot;0.033333333333333&quot;,&quot;title&quot;:&quot;Einhaldenfestival 2013&quot;,&quot;orientation&quot;:&quot;1&quot;}\" data-image-title=\"Einhaldenfestival 2013\" data-image-description=\"&lt;p&gt;Einhaldenfestival 2013&lt;br \/&gt; Foto: Beate Armbruster.&lt;\/p&gt; \" data-medium-file=\"https:\/\/i0.wp.com\/www.jazzzeitung.de\/cms\/wp-content\/uploads\/2015\/05\/festivalgelaende2.jpg?fit=300%2C197&#038;ssl=1\" data-large-file=\"https:\/\/i0.wp.com\/www.jazzzeitung.de\/cms\/wp-content\/uploads\/2015\/05\/festivalgelaende2.jpg?fit=840%2C553&#038;ssl=1\" src=\"https:\/\/i0.wp.com\/www.jazzzeitung.de\/cms\/wp-content\/uploads\/2015\/05\/festivalgelaende2.jpg?w=836&#038;h=550&#038;ssl=1\" srcset=\"https:\/\/i0.wp.com\/www.jazzzeitung.de\/cms\/wp-content\/uploads\/2015\/05\/festivalgelaende2.jpg?w=3437&amp;ssl=1 3437w, https:\/\/i0.wp.com\/www.jazzzeitung.de\/cms\/wp-content\/uploads\/2015\/05\/festivalgelaende2.jpg?resize=300%2C197&amp;ssl=1 300w, https:\/\/i0.wp.com\/www.jazzzeitung.de\/cms\/wp-content\/uploads\/2015\/05\/festivalgelaende2.jpg?resize=900%2C592&amp;ssl=1 900w, https:\/\/i0.wp.com\/www.jazzzeitung.de\/cms\/wp-content\/uploads\/2015\/05\/festivalgelaende2.jpg?w=1680&amp;ssl=1 1680w, https:\/\/i0.wp.com\/www.jazzzeitung.de\/cms\/wp-content\/uploads\/2015\/05\/festivalgelaende2.jpg?w=2520&amp;ssl=1 2520w\" width=\"836\" height=\"550\" loading=\"lazy\" data-original-width=\"836\" data-original-height=\"550\" itemprop=\"http:\/\/schema.org\/image\" title=\"Einhaldenfestival 2013\" alt=\"Einhaldenfestival 2013 Foto: Beate Armbruster.\" style=\"width: 836px; height: 550px;\" \/> <\/a> <div class=\"tiled-gallery-caption\" itemprop=\"caption description\"> Einhaldenfestival 2013 Foto: Beate Armbruster. <\/div> <\/div> <\/div> <!-- close group --> <\/div> <!-- close row --> <\/div>\n<p>&nbsp;<\/p>\n<p><strong>Elliot Sharp erh\u00e4lt den Jahrespreis der deutschen Schallplattenkritik<\/strong><\/p>\n<p>Am 7. Mai nahm der New Yorker Multiinstrumentalist und Komponist Elliott Sharp den \u201eJahrespreis der deutschen Schallplattenkritik\u201c f\u00fcr sein 2014 bei enja \/ yellowbird ver\u00f6ffentlichtes Album &#8222;4am Always&#8220; entgegen. Bert Noglik, Juror in der Kategorie Jazz, \u00fcberreichte dem gegenw\u00e4rtigen Fellow an der American Academy Berlin die Urkunde und charakterisierte das Album, das Elliott Sharp mit seiner Band &#8222;Terraplane&#8220; eingespielt hat, als k\u00fchnen Br\u00fcckenschlag von den emotionalen Ursubstanzen des Blues zu innovativen Klangwelten. Der \u201ePreis der deutschen Schallplattenkritik\u201c e.V. ist ein unabh\u00e4ngiger Zusammenschluss von deutschsprachigen Kritikern, die seit 1963 Quartal f\u00fcr Quartal das Angebot neuer Tontr\u00e4ger in 29 Sparten, von der Symphonik \u00fcber die Oper bis zum H\u00f6rbuch, vom Kabarett \u00fcber Popmusik bis zum Jazz, pr\u00fcfen.<\/p>\n<p>&nbsp;<\/p>\n<p><strong>Summer-Jazznight Burghausen 2015<\/strong><\/p>\n<p>Am Samstag, den 27. Juni 2015 findet in Burghausen wieder Open-Air die \u201eSummer-Jazznight\u201c statt . Ab 18.30 Uhr ziehen zun\u00e4chst Maracatu- und Samba-Trommler von ENCONTRO aus M\u00fchldorf mit ihrem mitrei\u00dfenden Rhythmen durch die Altstadt. Der offizielle Teil beginnt um 19.30. Dann werden Bands mit einer bunte Mischung aus Swing, Blues, Oldtime, Latin und Soul zwischen Stadtplatz und Mautnerstrasse zu h\u00f6ren sein. Mit der \u201eBlues Brothers Tributeshow by the Blue Onions\u201c d\u00fcrfen sich die G\u00e4ste auf ein mitrei\u00dfendes Highlight freuen, dass das vielseitige Musikprogramm zu bieten hat. Verschiedenste Gastro-St\u00e4nde und Bars sorgen f\u00fcr das leibliche Wohl. Die Summer-Jazznight findet nur bei sch\u00f6nem Wetter statt. Bei Regen gibt es ersatzweise ab 19.30 Uhr ein Doppelkonzert mit \u201eBeatstreet\u201c und \u201eThe Blues Brothers Tributeshow by the Blue Onions\u201c im Stadtsaal. Der Eintritt betr\u00e4gt 5,- Euro. Kinder bis 14 Jahre frei. Tickets gibt es an den Abendkassen sowie online auf <a href=\"http:\/\/www.b-jazz.com\">www.b-jazz.com<\/a>.<\/p>\n<p>&nbsp;<\/p>\n<p><strong>Vorstudium Jazz in K\u00f6ln<\/strong><\/p>\n<p>Ab August 2015 beginnt zum 18ten mal der einj\u00e4hrige Fortbildungskurs\u00a0\u201eVorstudium Jazz\u201c der Offenen Jazzhaus Schule in K\u00f6ln.\u00a0Dieser Kurs wendet sich an Musiker, die an einer zielgerichteten, intensiven Ausbildung unter Anleitung profilierter Dozenten interessiert sind. Es eignet sich insbesondere zur direkten Vorbereitung auf die Aufnahmepr\u00fcfung an einer Musikhochschule. Die Teilnehmer k\u00f6nnen bereits vorhandenes Wissen vertiefen und auffrischen oder Neues in kompakter und systematischer Weise erlernen. Das &#8222;Vorstudium Jazz&#8220; dient dar\u00fcber hinaus als Kontaktb\u00f6rse, bei der sich Musiker mit \u00e4hnlichen Zielen finden. Die Kursleitung hat Andr\u00e9 Nendza. Weitere Informationen unter\u00a0<a href=\"http:\/\/www.jazzhausschule.de\/\">www.jazzhausschule.de<\/a>\u00a0oder\u00a00221\/13 05 65-25<\/p>\n<div class=\"tiled-gallery type-rectangular tiled-gallery-unresized\" data-original-width=\"840\" data-carousel-extra='{&quot;blog_id&quot;:1,&quot;permalink&quot;:&quot;https:\\\/\\\/www.jazzzeitung.de\\\/cms\\\/2015\\\/05\\\/news-einhaldenfestival-2015-jahrespreis-der-deutschen-schallplattenkritik-summer-jazznight-burghausen-2015-vorstudium-jazz-koeln\\\/&quot;,&quot;likes_blog_id&quot;:55446655}' itemscope itemtype=\"http:\/\/schema.org\/ImageGallery\" > <div class=\"gallery-row\" style=\"width: 840px; height: 561px;\" data-original-width=\"840\" data-original-height=\"561\" > <div class=\"gallery-group images-1\" style=\"width: 840px; height: 561px;\" data-original-width=\"840\" data-original-height=\"561\" > <div class=\"tiled-gallery-item tiled-gallery-item-large\" itemprop=\"associatedMedia\" itemscope itemtype=\"http:\/\/schema.org\/ImageObject\"> <a href=\"https:\/\/www.jazzzeitung.de\/cms\/2015\/05\/news-einhaldenfestival-2015-jahrespreis-der-deutschen-schallplattenkritik-summer-jazznight-burghausen-2015-vorstudium-jazz-koeln\/andre-nendza\/\" border=\"0\" itemprop=\"url\"> <meta itemprop=\"width\" content=\"836\"> <meta itemprop=\"height\" content=\"557\"> <img decoding=\"async\" class=\"\" data-attachment-id=\"6245\" data-orig-file=\"https:\/\/www.jazzzeitung.de\/cms\/wp-content\/uploads\/2015\/05\/andre-nendza.jpg\" data-orig-size=\"1772,1181\" data-comments-opened=\"1\" data-image-meta=\"{&quot;aperture&quot;:&quot;3.2&quot;,&quot;credit&quot;:&quot;Bastian Werner&quot;,&quot;camera&quot;:&quot;Canon EOS-1Ds Mark III&quot;,&quot;caption&quot;:&quot;&quot;,&quot;created_timestamp&quot;:&quot;1316436088&quot;,&quot;copyright&quot;:&quot;Bastian Werner 2011&quot;,&quot;focal_length&quot;:&quot;50&quot;,&quot;iso&quot;:&quot;100&quot;,&quot;shutter_speed&quot;:&quot;0.01&quot;,&quot;title&quot;:&quot;&quot;,&quot;orientation&quot;:&quot;1&quot;}\" data-image-title=\"andre nendza\" data-image-description=\"&lt;p&gt;Leiter des Fortbildungskurses &amp;#8222;Vorstudium Jazz&amp;#8220;: Andr\u00e9 Nendza. Foto: privat&lt;\/p&gt; \" data-medium-file=\"https:\/\/i0.wp.com\/www.jazzzeitung.de\/cms\/wp-content\/uploads\/2015\/05\/andre-nendza.jpg?fit=300%2C200&#038;ssl=1\" data-large-file=\"https:\/\/i0.wp.com\/www.jazzzeitung.de\/cms\/wp-content\/uploads\/2015\/05\/andre-nendza.jpg?fit=840%2C560&#038;ssl=1\" src=\"https:\/\/i0.wp.com\/www.jazzzeitung.de\/cms\/wp-content\/uploads\/2015\/05\/andre-nendza.jpg?w=836&#038;h=557&#038;ssl=1\" srcset=\"https:\/\/i0.wp.com\/www.jazzzeitung.de\/cms\/wp-content\/uploads\/2015\/05\/andre-nendza.jpg?w=1772&amp;ssl=1 1772w, https:\/\/i0.wp.com\/www.jazzzeitung.de\/cms\/wp-content\/uploads\/2015\/05\/andre-nendza.jpg?resize=300%2C200&amp;ssl=1 300w, https:\/\/i0.wp.com\/www.jazzzeitung.de\/cms\/wp-content\/uploads\/2015\/05\/andre-nendza.jpg?resize=900%2C600&amp;ssl=1 900w, https:\/\/i0.wp.com\/www.jazzzeitung.de\/cms\/wp-content\/uploads\/2015\/05\/andre-nendza.jpg?w=1680&amp;ssl=1 1680w\" width=\"836\" height=\"557\" loading=\"lazy\" data-original-width=\"836\" data-original-height=\"557\" itemprop=\"http:\/\/schema.org\/image\" title=\"andre nendza\" alt=\"Leiter des Fortbildungskurses &quot;Vorstudium Jazz&quot;: Andr\u00e9 Nendza. Foto: privat\" style=\"width: 836px; height: 557px;\" \/> <\/a> <div class=\"tiled-gallery-caption\" itemprop=\"caption description\"> Leiter des Fortbildungskurses &#8222;Vorstudium Jazz&#8220;: Andr\u00e9 Nendza. Foto: privat <\/div> <\/div> <\/div> <!-- close group --> <\/div> <!-- close row --> <\/div>\n","protected":false},"excerpt":{"rendered":"<p>&nbsp; SWR Big Band er\u00f6ffnet Einhaldenfestival 2015 Vom 30. Juli bis 2. August 2015 wird der \u00fcber 850 Jahre alte Bauernhof Einhalden bei Ravensburg erneut zum Festivalgel\u00e4nde. F\u00fcr das B\u00fchnenprogramm konnten die Veranstalter rund um Bauer Bernhard Rauch wieder erstklassige Musiker und Kabarettisten gewinnen. Mit dabei sind diesmal u.a. Weltklasse-Trompeter Ack van Rooyen, ECHO Jazz-Preistr\u00e4ger Joo Kraus, Vibraphonist Dizzy Krisch, Herr H\u00e4mmerle &amp; Fola Dada, Konstantin Wecker und Maxi Schafroth. Er\u00f6ffnet wird das Festival durch die SWR Big Band am Donnerstag, 30. Juli, die mit Herrn H\u00e4mmerle und Fola Dada das Programm \u201eSwinging Comedy\u201c auf die Open-Air-B\u00fchne bringt. Am Abend werden dann die beiden Trompetern\u00a0Ack van Rooyen und\u00a0Joo Kraus mit dem Tales in Tones Trio zu h\u00f6ren sein. Das Festival findet dieses Jahr nun schon zum zw\u00f6lften Mal in Folge statt. Weitere Informationen zum Einhaldenfestival finden Sie unter unter www.einhaldenfestival.de &nbsp; Elliot Sharp erh\u00e4lt den Jahrespreis der deutschen Schallplattenkritik Am 7. Mai nahm der New Yorker Multiinstrumentalist und Komponist Elliott Sharp den \u201eJahrespreis der deutschen Schallplattenkritik\u201c f\u00fcr sein 2014 bei enja \/ yellowbird ver\u00f6ffentlichtes Album &#8222;4am Always&#8220; entgegen. Bert Noglik, Juror in der Kategorie Jazz, &hellip;<\/p>\n","protected":false},"author":18,"featured_media":0,"comment_status":"open","ping_status":"closed","sticky":false,"template":"","format":"standard","meta":{"_jetpack_memberships_contains_paid_content":false,"footnotes":"","jetpack_publicize_message":"","jetpack_publicize_feature_enabled":true,"jetpack_social_post_already_shared":false,"jetpack_social_options":{"image_generator_settings":{"template":"highway","default_image_id":0,"font":"","enabled":false},"version":2}},"categories":[633],"tags":[34,66,1108,71,83,722,980,157,163,3,314,852,775,793,535,548],"coauthors":[695],"class_list":["post-6238","post","type-post","status-publish","format-standard","hentry","category-nachrichten","tag-album","tag-berlin","tag-bert-noglik","tag-big-band","tag-blues","tag-burghausen","tag-echo","tag-echo-jazz","tag-enja","tag-festival","tag-kinder","tag-koeln","tag-open","tag-preis-der-deutschen-schallplattenkritik","tag-swing","tag-tickets"],"yoast_head":"<!-- This site is optimized with the Yoast SEO plugin v27.5 - https:\/\/yoast.com\/product\/yoast-seo-wordpress\/ -->\n<title>News: +++ Einhaldenfestival 2015 +++ Jahrespreis der deutschen Schallplattenkritik +++ Summer-Jazznight Burghausen 2015 +++ Vorstudium Jazz in K\u00f6ln - JazzZeitung<\/title>\n<meta name=\"robots\" content=\"index, follow, max-snippet:-1, max-image-preview:large, max-video-preview:-1\" \/>\n<link rel=\"canonical\" href=\"https:\/\/www.jazzzeitung.de\/cms\/2015\/05\/news-einhaldenfestival-2015-jahrespreis-der-deutschen-schallplattenkritik-summer-jazznight-burghausen-2015-vorstudium-jazz-koeln\/\" \/>\n<meta property=\"og:locale\" content=\"de_DE\" \/>\n<meta property=\"og:type\" content=\"article\" \/>\n<meta property=\"og:title\" content=\"News: +++ Einhaldenfestival 2015 +++ Jahrespreis der deutschen Schallplattenkritik +++ Summer-Jazznight Burghausen 2015 +++ Vorstudium Jazz in K\u00f6ln - JazzZeitung\" \/>\n<meta property=\"og:description\" content=\"&nbsp; SWR Big Band er\u00f6ffnet Einhaldenfestival 2015 Vom 30. Juli bis 2. August 2015 wird der \u00fcber 850 Jahre alte Bauernhof Einhalden bei Ravensburg erneut zum Festivalgel\u00e4nde. F\u00fcr das B\u00fchnenprogramm konnten die Veranstalter rund um Bauer Bernhard Rauch wieder erstklassige Musiker und Kabarettisten gewinnen. Mit dabei sind diesmal u.a. Weltklasse-Trompeter Ack van Rooyen, ECHO Jazz-Preistr\u00e4ger Joo Kraus, Vibraphonist Dizzy Krisch, Herr H\u00e4mmerle &amp; Fola Dada, Konstantin Wecker und Maxi Schafroth. Er\u00f6ffnet wird das Festival durch die SWR Big Band am Donnerstag, 30. Juli, die mit Herrn H\u00e4mmerle und Fola Dada das Programm \u201eSwinging Comedy\u201c auf die Open-Air-B\u00fchne bringt. Am Abend werden dann die beiden Trompetern\u00a0Ack van Rooyen und\u00a0Joo Kraus mit dem Tales in Tones Trio zu h\u00f6ren sein. Das Festival findet dieses Jahr nun schon zum zw\u00f6lften Mal in Folge statt. Weitere Informationen zum Einhaldenfestival finden Sie unter unter www.einhaldenfestival.de &nbsp; Elliot Sharp erh\u00e4lt den Jahrespreis der deutschen Schallplattenkritik Am 7. Mai nahm der New Yorker Multiinstrumentalist und Komponist Elliott Sharp den \u201eJahrespreis der deutschen Schallplattenkritik\u201c f\u00fcr sein 2014 bei enja \/ yellowbird ver\u00f6ffentlichtes Album &#8222;4am Always&#8220; entgegen. Bert Noglik, Juror in der Kategorie Jazz, &hellip;\" \/>\n<meta property=\"og:url\" content=\"https:\/\/www.jazzzeitung.de\/cms\/2015\/05\/news-einhaldenfestival-2015-jahrespreis-der-deutschen-schallplattenkritik-summer-jazznight-burghausen-2015-vorstudium-jazz-koeln\/\" \/>\n<meta property=\"og:site_name\" content=\"JazzZeitung\" \/>\n<meta property=\"article:publisher\" content=\"https:\/\/www.facebook.com\/JazzZeitung\/\" \/>\n<meta property=\"article:published_time\" content=\"2015-05-27T14:02:14+00:00\" \/>\n<meta property=\"og:image\" content=\"https:\/\/i0.wp.com\/www.jazzzeitung.de\/cms\/wp-content\/uploads\/2015\/05\/festivalgelaende2.jpg?w=836&#038;h=550&#038;ssl=1\" \/>\n<meta name=\"author\" content=\"Redaktion JazzZeitung\" \/>\n<script type=\"application\/ld+json\" class=\"yoast-schema-graph\">{\"@context\":\"https:\\\/\\\/schema.org\",\"@graph\":[{\"@type\":\"Article\",\"@id\":\"https:\\\/\\\/www.jazzzeitung.de\\\/cms\\\/2015\\\/05\\\/news-einhaldenfestival-2015-jahrespreis-der-deutschen-schallplattenkritik-summer-jazznight-burghausen-2015-vorstudium-jazz-koeln\\\/#article\",\"isPartOf\":{\"@id\":\"https:\\\/\\\/www.jazzzeitung.de\\\/cms\\\/2015\\\/05\\\/news-einhaldenfestival-2015-jahrespreis-der-deutschen-schallplattenkritik-summer-jazznight-burghausen-2015-vorstudium-jazz-koeln\\\/\"},\"author\":{\"name\":\"Redaktion JazzZeitung\",\"@id\":\"https:\\\/\\\/www.jazzzeitung.de\\\/cms\\\/#\\\/schema\\\/person\\\/2245b36b9cd1d24cea10f01c031fb92b\"},\"headline\":\"News: +++ Einhaldenfestival 2015 +++ Jahrespreis der deutschen Schallplattenkritik +++ Summer-Jazznight Burghausen 2015 +++ Vorstudium Jazz in K\u00f6ln\",\"datePublished\":\"2015-05-27T14:02:14+00:00\",\"mainEntityOfPage\":{\"@id\":\"https:\\\/\\\/www.jazzzeitung.de\\\/cms\\\/2015\\\/05\\\/news-einhaldenfestival-2015-jahrespreis-der-deutschen-schallplattenkritik-summer-jazznight-burghausen-2015-vorstudium-jazz-koeln\\\/\"},\"wordCount\":563,\"commentCount\":0,\"publisher\":{\"@id\":\"https:\\\/\\\/www.jazzzeitung.de\\\/cms\\\/#organization\"},\"keywords\":[\"Album\",\"Berlin\",\"Bert Noglik\",\"Big Band\",\"Blues\",\"Burghausen\",\"ECHO\",\"Echo Jazz\",\"enja\",\"Festival\",\"Kinder\",\"K\u00f6ln\",\"open\",\"Preis der deutschen Schallplattenkritik\",\"Swing\",\"Tickets\"],\"articleSection\":[\"News\"],\"inLanguage\":\"de\",\"potentialAction\":[{\"@type\":\"CommentAction\",\"name\":\"Comment\",\"target\":[\"https:\\\/\\\/www.jazzzeitung.de\\\/cms\\\/2015\\\/05\\\/news-einhaldenfestival-2015-jahrespreis-der-deutschen-schallplattenkritik-summer-jazznight-burghausen-2015-vorstudium-jazz-koeln\\\/#respond\"]}]},{\"@type\":\"WebPage\",\"@id\":\"https:\\\/\\\/www.jazzzeitung.de\\\/cms\\\/2015\\\/05\\\/news-einhaldenfestival-2015-jahrespreis-der-deutschen-schallplattenkritik-summer-jazznight-burghausen-2015-vorstudium-jazz-koeln\\\/\",\"url\":\"https:\\\/\\\/www.jazzzeitung.de\\\/cms\\\/2015\\\/05\\\/news-einhaldenfestival-2015-jahrespreis-der-deutschen-schallplattenkritik-summer-jazznight-burghausen-2015-vorstudium-jazz-koeln\\\/\",\"name\":\"News: +++ Einhaldenfestival 2015 +++ Jahrespreis der deutschen Schallplattenkritik +++ Summer-Jazznight Burghausen 2015 +++ Vorstudium Jazz in K\u00f6ln - JazzZeitung\",\"isPartOf\":{\"@id\":\"https:\\\/\\\/www.jazzzeitung.de\\\/cms\\\/#website\"},\"datePublished\":\"2015-05-27T14:02:14+00:00\",\"breadcrumb\":{\"@id\":\"https:\\\/\\\/www.jazzzeitung.de\\\/cms\\\/2015\\\/05\\\/news-einhaldenfestival-2015-jahrespreis-der-deutschen-schallplattenkritik-summer-jazznight-burghausen-2015-vorstudium-jazz-koeln\\\/#breadcrumb\"},\"inLanguage\":\"de\",\"potentialAction\":[{\"@type\":\"ReadAction\",\"target\":[\"https:\\\/\\\/www.jazzzeitung.de\\\/cms\\\/2015\\\/05\\\/news-einhaldenfestival-2015-jahrespreis-der-deutschen-schallplattenkritik-summer-jazznight-burghausen-2015-vorstudium-jazz-koeln\\\/\"]}]},{\"@type\":\"BreadcrumbList\",\"@id\":\"https:\\\/\\\/www.jazzzeitung.de\\\/cms\\\/2015\\\/05\\\/news-einhaldenfestival-2015-jahrespreis-der-deutschen-schallplattenkritik-summer-jazznight-burghausen-2015-vorstudium-jazz-koeln\\\/#breadcrumb\",\"itemListElement\":[{\"@type\":\"ListItem\",\"position\":1,\"name\":\"Startseite\",\"item\":\"https:\\\/\\\/www.jazzzeitung.de\\\/cms\\\/\"},{\"@type\":\"ListItem\",\"position\":2,\"name\":\"News: +++ Einhaldenfestival 2015 +++ Jahrespreis der deutschen Schallplattenkritik +++ Summer-Jazznight Burghausen 2015 +++ Vorstudium Jazz in K\u00f6ln\"}]},{\"@type\":\"WebSite\",\"@id\":\"https:\\\/\\\/www.jazzzeitung.de\\\/cms\\\/#website\",\"url\":\"https:\\\/\\\/www.jazzzeitung.de\\\/cms\\\/\",\"name\":\"JazzZeitung\",\"description\":\"Jazz-News und Jazz-Kontroverses\",\"publisher\":{\"@id\":\"https:\\\/\\\/www.jazzzeitung.de\\\/cms\\\/#organization\"},\"potentialAction\":[{\"@type\":\"SearchAction\",\"target\":{\"@type\":\"EntryPoint\",\"urlTemplate\":\"https:\\\/\\\/www.jazzzeitung.de\\\/cms\\\/?s={search_term_string}\"},\"query-input\":{\"@type\":\"PropertyValueSpecification\",\"valueRequired\":true,\"valueName\":\"search_term_string\"}}],\"inLanguage\":\"de\"},{\"@type\":\"Organization\",\"@id\":\"https:\\\/\\\/www.jazzzeitung.de\\\/cms\\\/#organization\",\"name\":\"JazzZeitung online\",\"url\":\"https:\\\/\\\/www.jazzzeitung.de\\\/cms\\\/\",\"logo\":{\"@type\":\"ImageObject\",\"inLanguage\":\"de\",\"@id\":\"https:\\\/\\\/www.jazzzeitung.de\\\/cms\\\/#\\\/schema\\\/logo\\\/image\\\/\",\"url\":\"https:\\\/\\\/i0.wp.com\\\/www.jazzzeitung.de\\\/cms\\\/wp-content\\\/uploads\\\/2015\\\/08\\\/JAZZZEITUNGDE_Logo_Neu.png?fit=499%2C200&ssl=1\",\"contentUrl\":\"https:\\\/\\\/i0.wp.com\\\/www.jazzzeitung.de\\\/cms\\\/wp-content\\\/uploads\\\/2015\\\/08\\\/JAZZZEITUNGDE_Logo_Neu.png?fit=499%2C200&ssl=1\",\"width\":499,\"height\":200,\"caption\":\"JazzZeitung online\"},\"image\":{\"@id\":\"https:\\\/\\\/www.jazzzeitung.de\\\/cms\\\/#\\\/schema\\\/logo\\\/image\\\/\"},\"sameAs\":[\"https:\\\/\\\/www.facebook.com\\\/JazzZeitung\\\/\"]},{\"@type\":\"Person\",\"@id\":\"https:\\\/\\\/www.jazzzeitung.de\\\/cms\\\/#\\\/schema\\\/person\\\/2245b36b9cd1d24cea10f01c031fb92b\",\"name\":\"Redaktion JazzZeitung\",\"image\":{\"@type\":\"ImageObject\",\"inLanguage\":\"de\",\"@id\":\"https:\\\/\\\/i0.wp.com\\\/www.jazzzeitung.de\\\/cms\\\/wp-content\\\/uploads\\\/2015\\\/08\\\/JAZZZEITUNGDE_Logo_Neu.png?resize=96%2C96&ssl=159975dcacb611b5700bd619b5daf0a7a\",\"url\":\"https:\\\/\\\/i0.wp.com\\\/www.jazzzeitung.de\\\/cms\\\/wp-content\\\/uploads\\\/2015\\\/08\\\/JAZZZEITUNGDE_Logo_Neu.png?resize=96%2C96&ssl=1\",\"contentUrl\":\"https:\\\/\\\/i0.wp.com\\\/www.jazzzeitung.de\\\/cms\\\/wp-content\\\/uploads\\\/2015\\\/08\\\/JAZZZEITUNGDE_Logo_Neu.png?resize=96%2C96&ssl=1\",\"caption\":\"Redaktion JazzZeitung\"},\"description\":\"Artikel der Redaktion der JazzZeitung.\",\"sameAs\":[\"http:\\\/\\\/www.jazzzeitung.de\\\/cms\\\/\"],\"url\":\"https:\\\/\\\/www.jazzzeitung.de\\\/cms\\\/author\\\/redaktion\\\/\"}]}<\/script>\n<!-- \/ Yoast SEO plugin. -->","yoast_head_json":{"title":"News: +++ Einhaldenfestival 2015 +++ Jahrespreis der deutschen Schallplattenkritik +++ Summer-Jazznight Burghausen 2015 +++ Vorstudium Jazz in K\u00f6ln - JazzZeitung","robots":{"index":"index","follow":"follow","max-snippet":"max-snippet:-1","max-image-preview":"max-image-preview:large","max-video-preview":"max-video-preview:-1"},"canonical":"https:\/\/www.jazzzeitung.de\/cms\/2015\/05\/news-einhaldenfestival-2015-jahrespreis-der-deutschen-schallplattenkritik-summer-jazznight-burghausen-2015-vorstudium-jazz-koeln\/","og_locale":"de_DE","og_type":"article","og_title":"News: +++ Einhaldenfestival 2015 +++ Jahrespreis der deutschen Schallplattenkritik +++ Summer-Jazznight Burghausen 2015 +++ Vorstudium Jazz in K\u00f6ln - JazzZeitung","og_description":"&nbsp; SWR Big Band er\u00f6ffnet Einhaldenfestival 2015 Vom 30. Juli bis 2. August 2015 wird der \u00fcber 850 Jahre alte Bauernhof Einhalden bei Ravensburg erneut zum Festivalgel\u00e4nde. F\u00fcr das B\u00fchnenprogramm konnten die Veranstalter rund um Bauer Bernhard Rauch wieder erstklassige Musiker und Kabarettisten gewinnen. Mit dabei sind diesmal u.a. Weltklasse-Trompeter Ack van Rooyen, ECHO Jazz-Preistr\u00e4ger Joo Kraus, Vibraphonist Dizzy Krisch, Herr H\u00e4mmerle &amp; Fola Dada, Konstantin Wecker und Maxi Schafroth. Er\u00f6ffnet wird das Festival durch die SWR Big Band am Donnerstag, 30. Juli, die mit Herrn H\u00e4mmerle und Fola Dada das Programm \u201eSwinging Comedy\u201c auf die Open-Air-B\u00fchne bringt. Am Abend werden dann die beiden Trompetern\u00a0Ack van Rooyen und\u00a0Joo Kraus mit dem Tales in Tones Trio zu h\u00f6ren sein. Das Festival findet dieses Jahr nun schon zum zw\u00f6lften Mal in Folge statt. Weitere Informationen zum Einhaldenfestival finden Sie unter unter www.einhaldenfestival.de &nbsp; Elliot Sharp erh\u00e4lt den Jahrespreis der deutschen Schallplattenkritik Am 7. Mai nahm der New Yorker Multiinstrumentalist und Komponist Elliott Sharp den \u201eJahrespreis der deutschen Schallplattenkritik\u201c f\u00fcr sein 2014 bei enja \/ yellowbird ver\u00f6ffentlichtes Album &#8222;4am Always&#8220; entgegen. Bert Noglik, Juror in der Kategorie Jazz, &hellip;","og_url":"https:\/\/www.jazzzeitung.de\/cms\/2015\/05\/news-einhaldenfestival-2015-jahrespreis-der-deutschen-schallplattenkritik-summer-jazznight-burghausen-2015-vorstudium-jazz-koeln\/","og_site_name":"JazzZeitung","article_publisher":"https:\/\/www.facebook.com\/JazzZeitung\/","article_published_time":"2015-05-27T14:02:14+00:00","og_image":[{"url":"https:\/\/i0.wp.com\/www.jazzzeitung.de\/cms\/wp-content\/uploads\/2015\/05\/festivalgelaende2.jpg?w=836&#038;h=550&#038;ssl=1","type":"","width":"","height":""}],"author":"Redaktion JazzZeitung","schema":{"@context":"https:\/\/schema.org","@graph":[{"@type":"Article","@id":"https:\/\/www.jazzzeitung.de\/cms\/2015\/05\/news-einhaldenfestival-2015-jahrespreis-der-deutschen-schallplattenkritik-summer-jazznight-burghausen-2015-vorstudium-jazz-koeln\/#article","isPartOf":{"@id":"https:\/\/www.jazzzeitung.de\/cms\/2015\/05\/news-einhaldenfestival-2015-jahrespreis-der-deutschen-schallplattenkritik-summer-jazznight-burghausen-2015-vorstudium-jazz-koeln\/"},"author":{"name":"Redaktion JazzZeitung","@id":"https:\/\/www.jazzzeitung.de\/cms\/#\/schema\/person\/2245b36b9cd1d24cea10f01c031fb92b"},"headline":"News: +++ Einhaldenfestival 2015 +++ Jahrespreis der deutschen Schallplattenkritik +++ Summer-Jazznight Burghausen 2015 +++ Vorstudium Jazz in K\u00f6ln","datePublished":"2015-05-27T14:02:14+00:00","mainEntityOfPage":{"@id":"https:\/\/www.jazzzeitung.de\/cms\/2015\/05\/news-einhaldenfestival-2015-jahrespreis-der-deutschen-schallplattenkritik-summer-jazznight-burghausen-2015-vorstudium-jazz-koeln\/"},"wordCount":563,"commentCount":0,"publisher":{"@id":"https:\/\/www.jazzzeitung.de\/cms\/#organization"},"keywords":["Album","Berlin","Bert Noglik","Big Band","Blues","Burghausen","ECHO","Echo Jazz","enja","Festival","Kinder","K\u00f6ln","open","Preis der deutschen Schallplattenkritik","Swing","Tickets"],"articleSection":["News"],"inLanguage":"de","potentialAction":[{"@type":"CommentAction","name":"Comment","target":["https:\/\/www.jazzzeitung.de\/cms\/2015\/05\/news-einhaldenfestival-2015-jahrespreis-der-deutschen-schallplattenkritik-summer-jazznight-burghausen-2015-vorstudium-jazz-koeln\/#respond"]}]},{"@type":"WebPage","@id":"https:\/\/www.jazzzeitung.de\/cms\/2015\/05\/news-einhaldenfestival-2015-jahrespreis-der-deutschen-schallplattenkritik-summer-jazznight-burghausen-2015-vorstudium-jazz-koeln\/","url":"https:\/\/www.jazzzeitung.de\/cms\/2015\/05\/news-einhaldenfestival-2015-jahrespreis-der-deutschen-schallplattenkritik-summer-jazznight-burghausen-2015-vorstudium-jazz-koeln\/","name":"News: +++ Einhaldenfestival 2015 +++ Jahrespreis der deutschen Schallplattenkritik +++ Summer-Jazznight Burghausen 2015 +++ Vorstudium Jazz in K\u00f6ln - JazzZeitung","isPartOf":{"@id":"https:\/\/www.jazzzeitung.de\/cms\/#website"},"datePublished":"2015-05-27T14:02:14+00:00","breadcrumb":{"@id":"https:\/\/www.jazzzeitung.de\/cms\/2015\/05\/news-einhaldenfestival-2015-jahrespreis-der-deutschen-schallplattenkritik-summer-jazznight-burghausen-2015-vorstudium-jazz-koeln\/#breadcrumb"},"inLanguage":"de","potentialAction":[{"@type":"ReadAction","target":["https:\/\/www.jazzzeitung.de\/cms\/2015\/05\/news-einhaldenfestival-2015-jahrespreis-der-deutschen-schallplattenkritik-summer-jazznight-burghausen-2015-vorstudium-jazz-koeln\/"]}]},{"@type":"BreadcrumbList","@id":"https:\/\/www.jazzzeitung.de\/cms\/2015\/05\/news-einhaldenfestival-2015-jahrespreis-der-deutschen-schallplattenkritik-summer-jazznight-burghausen-2015-vorstudium-jazz-koeln\/#breadcrumb","itemListElement":[{"@type":"ListItem","position":1,"name":"Startseite","item":"https:\/\/www.jazzzeitung.de\/cms\/"},{"@type":"ListItem","position":2,"name":"News: +++ Einhaldenfestival 2015 +++ Jahrespreis der deutschen Schallplattenkritik +++ Summer-Jazznight Burghausen 2015 +++ Vorstudium Jazz in K\u00f6ln"}]},{"@type":"WebSite","@id":"https:\/\/www.jazzzeitung.de\/cms\/#website","url":"https:\/\/www.jazzzeitung.de\/cms\/","name":"JazzZeitung","description":"Jazz-News und Jazz-Kontroverses","publisher":{"@id":"https:\/\/www.jazzzeitung.de\/cms\/#organization"},"potentialAction":[{"@type":"SearchAction","target":{"@type":"EntryPoint","urlTemplate":"https:\/\/www.jazzzeitung.de\/cms\/?s={search_term_string}"},"query-input":{"@type":"PropertyValueSpecification","valueRequired":true,"valueName":"search_term_string"}}],"inLanguage":"de"},{"@type":"Organization","@id":"https:\/\/www.jazzzeitung.de\/cms\/#organization","name":"JazzZeitung online","url":"https:\/\/www.jazzzeitung.de\/cms\/","logo":{"@type":"ImageObject","inLanguage":"de","@id":"https:\/\/www.jazzzeitung.de\/cms\/#\/schema\/logo\/image\/","url":"https:\/\/i0.wp.com\/www.jazzzeitung.de\/cms\/wp-content\/uploads\/2015\/08\/JAZZZEITUNGDE_Logo_Neu.png?fit=499%2C200&ssl=1","contentUrl":"https:\/\/i0.wp.com\/www.jazzzeitung.de\/cms\/wp-content\/uploads\/2015\/08\/JAZZZEITUNGDE_Logo_Neu.png?fit=499%2C200&ssl=1","width":499,"height":200,"caption":"JazzZeitung online"},"image":{"@id":"https:\/\/www.jazzzeitung.de\/cms\/#\/schema\/logo\/image\/"},"sameAs":["https:\/\/www.facebook.com\/JazzZeitung\/"]},{"@type":"Person","@id":"https:\/\/www.jazzzeitung.de\/cms\/#\/schema\/person\/2245b36b9cd1d24cea10f01c031fb92b","name":"Redaktion JazzZeitung","image":{"@type":"ImageObject","inLanguage":"de","@id":"https:\/\/i0.wp.com\/www.jazzzeitung.de\/cms\/wp-content\/uploads\/2015\/08\/JAZZZEITUNGDE_Logo_Neu.png?resize=96%2C96&ssl=159975dcacb611b5700bd619b5daf0a7a","url":"https:\/\/i0.wp.com\/www.jazzzeitung.de\/cms\/wp-content\/uploads\/2015\/08\/JAZZZEITUNGDE_Logo_Neu.png?resize=96%2C96&ssl=1","contentUrl":"https:\/\/i0.wp.com\/www.jazzzeitung.de\/cms\/wp-content\/uploads\/2015\/08\/JAZZZEITUNGDE_Logo_Neu.png?resize=96%2C96&ssl=1","caption":"Redaktion JazzZeitung"},"description":"Artikel der Redaktion der JazzZeitung.","sameAs":["http:\/\/www.jazzzeitung.de\/cms\/"],"url":"https:\/\/www.jazzzeitung.de\/cms\/author\/redaktion\/"}]}},"wp-worthy-pixel":{"ignored":false,"public":null,"server":null,"url":null},"wp-worthy-type":"normal","jetpack_publicize_connections":[],"cc_featured_image_caption":{"caption_text":false,"source_text":false,"source_url":false},"jetpack_featured_media_url":"","jetpack_shortlink":"https:\/\/wp.me\/p3KEcT-1CC","jetpack-related-posts":[{"id":17256,"url":"https:\/\/www.jazzzeitung.de\/cms\/2018\/09\/news-burghausen-groovt-sich-auf-jubilaeumswoche-ein-jazz-bei-den-thueringer-achava-festspielen\/","url_meta":{"origin":6238,"position":0},"title":"+++ News +++ Burghausen groovt sich auf Jubil\u00e4umswoche ein +++ Jazz bei den Th\u00fcringer ACHAVA-Festspielen +++","author":"Redaktion JazzZeitung","date":"18. September 2018","format":false,"excerpt":"+++ Burghausen groovt sich auf Jubil\u00e4umswoche ein +++ Der Countdown zur 50. Jazzwoche in Burghausen Ende M\u00e4rz 2019 l\u00e4uft - zur Einstimmung l\u00e4dt die Interessensgemeinschaft Jazz e.V. bereits an den Wochenenden vom 6. Oktober 2018 bis zum 13. Januar 2019 zu zahlreichen Konzerten in die oberbayerische Gemeinde. Dabei setzen die\u2026","rel":"","context":"In &quot;News&quot;","block_context":{"text":"News","link":"https:\/\/www.jazzzeitung.de\/cms\/thema\/nachrichten\/"},"img":{"alt_text":"","src":"https:\/\/i0.wp.com\/www.jazzzeitung.de\/cms\/wp-content\/uploads\/2018\/09\/Hugh-Coltman-11-copie_kl.jpg?fit=1200%2C800&ssl=1&resize=350%2C200","width":350,"height":200,"srcset":"https:\/\/i0.wp.com\/www.jazzzeitung.de\/cms\/wp-content\/uploads\/2018\/09\/Hugh-Coltman-11-copie_kl.jpg?fit=1200%2C800&ssl=1&resize=350%2C200 1x, https:\/\/i0.wp.com\/www.jazzzeitung.de\/cms\/wp-content\/uploads\/2018\/09\/Hugh-Coltman-11-copie_kl.jpg?fit=1200%2C800&ssl=1&resize=525%2C300 1.5x, https:\/\/i0.wp.com\/www.jazzzeitung.de\/cms\/wp-content\/uploads\/2018\/09\/Hugh-Coltman-11-copie_kl.jpg?fit=1200%2C800&ssl=1&resize=700%2C400 2x, https:\/\/i0.wp.com\/www.jazzzeitung.de\/cms\/wp-content\/uploads\/2018\/09\/Hugh-Coltman-11-copie_kl.jpg?fit=1200%2C800&ssl=1&resize=1050%2C600 3x"},"classes":[]},{"id":4972,"url":"https:\/\/www.jazzzeitung.de\/cms\/2014\/11\/udj-jazzforum-2014-koeln-erfolgreich-zu-ende-gegangen\/","url_meta":{"origin":6238,"position":1},"title":"22. JazzForum der UDJ 2014 in K\u00f6ln erfolgreich zu Ende gegangen","author":"Redaktion JazzZeitung","date":"25. November 2014","format":false,"excerpt":"Mit einer \u201eWeltpremiere\u201c am Konzertabend endete das 22. JazzForum der Union Deutscher Jazzmusiker im Stadtgarten K\u00f6ln. Die Lokalmatadoren Sebastian Sternal (Klavier), Dieter Manderscheid (Bass), Dominik Mahnig (Schlagzeug) und Claudius Valk (Saxophon) waren das erste Mal als Quartett aufeinandergetroffen und vor einem euphorischen Publikum durch eine kontrastreiche und vielschichtige Klangwelt regelrecht\u2026","rel":"","context":"In &quot;News&quot;","block_context":{"text":"News","link":"https:\/\/www.jazzzeitung.de\/cms\/thema\/nachrichten\/"},"img":{"alt_text":"Von links nach rechts: Dieter Manderscheid (HfMT K\u00f6ln), Tina Heine (Festivaldirektorin Elbjazz), Julia Neupert (SWR, Moderation), Sebastian Studnitzky (Musiker, Veranstalter), Thomas Baerens (Ministerium f\u00fcr Kinder, Familie, Jugend, Kultur und Sport NRW), Thomas Gl\u00e4\u00dfer (Musiker, Musikkurator, Kulturmanager). Foto UdJ","src":"https:\/\/i0.wp.com\/www.jazzzeitung.de\/cms\/wp-content\/uploads\/2014\/11\/Jazzforum-150x150.jpg?resize=350%2C200","width":350,"height":200},"classes":[]},{"id":7778,"url":"https:\/\/www.jazzzeitung.de\/cms\/2015\/11\/swr-big-band-vergoldet\/","url_meta":{"origin":6238,"position":2},"title":"Gold f\u00fcr SWR Big Band und Trompeter Joo Kraus","author":"Redaktion JazzZeitung","date":"19. November 2015","format":false,"excerpt":"Die \u201eSWR Big Band\u201c und der Trompeter und ECHO-Preistr\u00e4ger Joo Kraus erhalten f\u00fcr ihr Album \u201ePublic Jazz Lounge\u201c vom Bundesverband Musikindustrie den \u201eGerman Jazz Award in Gold\u201c f\u00fcr mehr als 10.000 verkaufte Tontr\u00e4ger. Die Preisverleihung fand am 14. November 2015 im Rahmen eines ausverkauften Konzerts im T\u00fcbinger Sudhaus statt. \u201ePublic\u2026","rel":"","context":"In &quot;News&quot;","block_context":{"text":"News","link":"https:\/\/www.jazzzeitung.de\/cms\/thema\/nachrichten\/"},"img":{"alt_text":" V.li.n.re.: Klaus-Peter Sch\u00f6pfer (Co-Produzent), Hans-Peter Zachary (SWR Big Band Manager), Sabine Bachmann (Skip Records), Joo Kraus, Ralf Schmid (Arrangeuer & MD), Rudi Reindl (Gesch\u00e4ftsf\u00fchrer SWR Big Band GmbH) und die SWR Big Band. \u00a9 SWR\/Josh von Staudach","src":"https:\/\/i0.wp.com\/www.jazzzeitung.de\/cms\/wp-content\/uploads\/2015\/11\/1_Jazz_Award_in_Gold_2015-150x150.jpg?resize=350%2C200","width":350,"height":200},"classes":[]},{"id":12314,"url":"https:\/\/www.jazzzeitung.de\/cms\/2017\/05\/news-konzertreihe-das-maria-baptist-orchestra-in-berlin-bundesjazzorchester-auf-konzerttournee-in-ecuador\/","url_meta":{"origin":6238,"position":3},"title":"+++ News +++ Bundesjazzorchester auf Konzerttournee in Ecuador +++ Jasmin Tabatabai er\u00f6ffnet Jazzfest Bonn +++","author":"Redaktion JazzZeitung","date":"10. Mai 2017","format":false,"excerpt":"+++ Bundesjazzorchester auf Konzerttournee in Ecuador +++ Bundesjazzorchester zu Gast in Ecuador \u2013 Neun Konzerte unter der Leitung von Jiggs Whigham Das Bundesjazzorchester ist vom Deutschen Kulturverbund in Ecuador (\u201ekultura\u201c) zu einer Konzertreise nach Ecuador eingeladen. Im Zentrum der Reise stehen die beiden\u00a0 Jubil\u00e4en \u201e100 Jahre Colegio Alem\u00e1n Quito\u201c und\u2026","rel":"","context":"In &quot;News&quot;","block_context":{"text":"News","link":"https:\/\/www.jazzzeitung.de\/cms\/thema\/nachrichten\/"},"img":{"alt_text":"","src":"https:\/\/i0.wp.com\/www.jazzzeitung.de\/cms\/wp-content\/uploads\/2017\/05\/BuJazzO_Sommer_2016_%40DMR_Christian_Debus-1.jpg?fit=1200%2C800&ssl=1&resize=350%2C200","width":350,"height":200,"srcset":"https:\/\/i0.wp.com\/www.jazzzeitung.de\/cms\/wp-content\/uploads\/2017\/05\/BuJazzO_Sommer_2016_%40DMR_Christian_Debus-1.jpg?fit=1200%2C800&ssl=1&resize=350%2C200 1x, https:\/\/i0.wp.com\/www.jazzzeitung.de\/cms\/wp-content\/uploads\/2017\/05\/BuJazzO_Sommer_2016_%40DMR_Christian_Debus-1.jpg?fit=1200%2C800&ssl=1&resize=525%2C300 1.5x, https:\/\/i0.wp.com\/www.jazzzeitung.de\/cms\/wp-content\/uploads\/2017\/05\/BuJazzO_Sommer_2016_%40DMR_Christian_Debus-1.jpg?fit=1200%2C800&ssl=1&resize=700%2C400 2x, https:\/\/i0.wp.com\/www.jazzzeitung.de\/cms\/wp-content\/uploads\/2017\/05\/BuJazzO_Sommer_2016_%40DMR_Christian_Debus-1.jpg?fit=1200%2C800&ssl=1&resize=1050%2C600 3x"},"classes":[]},{"id":26837,"url":"https:\/\/www.jazzzeitung.de\/cms\/2022\/03\/news-70-jahre-swr-bigband-51-jazzwoche-burghausen\/","url_meta":{"origin":6238,"position":4},"title":"+++ news +++70 Jahre SWR Bigband +++ 51. Jazzwoche Burghausen +++","author":"Redaktion JazzZeitung","date":"10. M\u00e4rz 2022","format":false,"excerpt":"70 Jahre SWR Bigband Nachdem das Jubil\u00e4umskonzert 2021 coronabedingt ausfallen musste, feiert die SWR Bigband dieses Jahr am 3. April in der Porsche-Arena ihr 70 j\u00e4hriges Bestehen. Geplant ist die \"gr\u00f6\u00dfte Bigband Sause, die es in Stuttgart je gegeben hat\". Es gratulieren zahlreiche K\u00fcnstlerinnen und K\u00fcnstler, darunter Paul Carrack, Till\u2026","rel":"","context":"In &quot;News&quot;","block_context":{"text":"News","link":"https:\/\/www.jazzzeitung.de\/cms\/thema\/nachrichten\/"},"img":{"alt_text":"","src":"https:\/\/i0.wp.com\/www.jazzzeitung.de\/cms\/wp-content\/uploads\/2022\/03\/SWRBB_Logo-cLena-Semmelroggen-4-scaled.jpg?fit=1200%2C800&ssl=1&resize=350%2C200","width":350,"height":200,"srcset":"https:\/\/i0.wp.com\/www.jazzzeitung.de\/cms\/wp-content\/uploads\/2022\/03\/SWRBB_Logo-cLena-Semmelroggen-4-scaled.jpg?fit=1200%2C800&ssl=1&resize=350%2C200 1x, https:\/\/i0.wp.com\/www.jazzzeitung.de\/cms\/wp-content\/uploads\/2022\/03\/SWRBB_Logo-cLena-Semmelroggen-4-scaled.jpg?fit=1200%2C800&ssl=1&resize=525%2C300 1.5x, https:\/\/i0.wp.com\/www.jazzzeitung.de\/cms\/wp-content\/uploads\/2022\/03\/SWRBB_Logo-cLena-Semmelroggen-4-scaled.jpg?fit=1200%2C800&ssl=1&resize=700%2C400 2x, https:\/\/i0.wp.com\/www.jazzzeitung.de\/cms\/wp-content\/uploads\/2022\/03\/SWRBB_Logo-cLena-Semmelroggen-4-scaled.jpg?fit=1200%2C800&ssl=1&resize=1050%2C600 3x"},"classes":[]},{"id":419,"url":"https:\/\/www.jazzzeitung.de\/cms\/2010\/09\/gewinner-des-wdr-jazzpreises-2010-stehen-fest\/","url_meta":{"origin":6238,"position":5},"title":"Gewinner des WDR-Jazzpreises 2010 stehen fest","author":"J\u00f6rg Lichtinger","date":"8. September 2010","format":false,"excerpt":"Ein paar Tage kursierten sie schon, jetzt hat der WDR die Preistr\u00e4ger des WDR-Jazzpreises 2010 auch offiziell verk\u00fcndet. \u00dcber jeweils 10.000 \u20ac freuen sich Pianist Stefan Schultze (Kategorie \"Jazz Komposition\") und Trompeter Frederik K\u00f6ster (Kategorie \"Jazz Improvisation\"), der gerade erst einen Echo Jazz eingehimst hat. Den \"Ehrenpreis\" und den Preis\u2026","rel":"","context":"In &quot;Blog&quot;","block_context":{"text":"Blog","link":"https:\/\/www.jazzzeitung.de\/cms\/thema\/blog\/"},"img":{"alt_text":"Gewinner in der Kategorie Jazz Improvisation: Frederik K\u00f6ster. Foto: WDR\/K\u00f6ster","src":"https:\/\/i0.wp.com\/www.jazzzeitung.de\/cms\/wp-content\/uploads\/2010\/09\/frederik_koester_425-214x300.jpg?resize=350%2C200","width":350,"height":200},"classes":[]}],"jetpack_sharing_enabled":true,"_links":{"self":[{"href":"https:\/\/www.jazzzeitung.de\/cms\/wp-json\/wp\/v2\/posts\/6238","targetHints":{"allow":["GET"]}}],"collection":[{"href":"https:\/\/www.jazzzeitung.de\/cms\/wp-json\/wp\/v2\/posts"}],"about":[{"href":"https:\/\/www.jazzzeitung.de\/cms\/wp-json\/wp\/v2\/types\/post"}],"author":[{"embeddable":true,"href":"https:\/\/www.jazzzeitung.de\/cms\/wp-json\/wp\/v2\/users\/18"}],"replies":[{"embeddable":true,"href":"https:\/\/www.jazzzeitung.de\/cms\/wp-json\/wp\/v2\/comments?post=6238"}],"version-history":[{"count":9,"href":"https:\/\/www.jazzzeitung.de\/cms\/wp-json\/wp\/v2\/posts\/6238\/revisions"}],"predecessor-version":[{"id":6253,"href":"https:\/\/www.jazzzeitung.de\/cms\/wp-json\/wp\/v2\/posts\/6238\/revisions\/6253"}],"wp:attachment":[{"href":"https:\/\/www.jazzzeitung.de\/cms\/wp-json\/wp\/v2\/media?parent=6238"}],"wp:term":[{"taxonomy":"category","embeddable":true,"href":"https:\/\/www.jazzzeitung.de\/cms\/wp-json\/wp\/v2\/categories?post=6238"},{"taxonomy":"post_tag","embeddable":true,"href":"https:\/\/www.jazzzeitung.de\/cms\/wp-json\/wp\/v2\/tags?post=6238"},{"taxonomy":"author","embeddable":true,"href":"https:\/\/www.jazzzeitung.de\/cms\/wp-json\/wp\/v2\/coauthors?post=6238"}],"curies":[{"name":"wp","href":"https:\/\/api.w.org\/{rel}","templated":true}]}}