{"id":6224,"date":"2015-05-26T18:00:46","date_gmt":"2015-05-26T16:00:46","guid":{"rendered":"http:\/\/www.jazzzeitung.de\/cms\/?p=6224"},"modified":"2015-05-27T09:15:35","modified_gmt":"2015-05-27T07:15:35","slug":"stephane-kereckis-nouvelle-vague-feat-john-taylor-der-muenchner-unterfahrt","status":"publish","type":"post","link":"https:\/\/www.jazzzeitung.de\/cms\/2015\/05\/stephane-kereckis-nouvelle-vague-feat-john-taylor-der-muenchner-unterfahrt\/","title":{"rendered":"St\u00e9phane Kereckis \u201e Nouvelle Vague\u201c feat. John Taylor in der M\u00fcnchner Unterfahrt"},"content":{"rendered":"<div class=\"tiled-gallery type-rectangular tiled-gallery-unresized\" data-original-width=\"840\" data-carousel-extra='{&quot;blog_id&quot;:1,&quot;permalink&quot;:&quot;https:\\\/\\\/www.jazzzeitung.de\\\/cms\\\/2015\\\/05\\\/stephane-kereckis-nouvelle-vague-feat-john-taylor-der-muenchner-unterfahrt\\\/&quot;,&quot;likes_blog_id&quot;:55446655}' itemscope itemtype=\"http:\/\/schema.org\/ImageGallery\" > <div class=\"gallery-row\" style=\"width: 840px; height: 379px;\" data-original-width=\"840\" data-original-height=\"379\" > <div class=\"gallery-group images-1\" style=\"width: 565px; height: 379px;\" data-original-width=\"565\" data-original-height=\"379\" > <div class=\"tiled-gallery-item tiled-gallery-item-large\" itemprop=\"associatedMedia\" itemscope itemtype=\"http:\/\/schema.org\/ImageObject\"> <a href=\"https:\/\/www.jazzzeitung.de\/cms\/2015\/05\/stephane-kereckis-nouvelle-vague-feat-john-taylor-der-muenchner-unterfahrt\/p1010965-kerecki-quartett-copyright-by-tj-krebs-jazzphotoagencyweb-de\/\" border=\"0\" itemprop=\"url\"> <meta itemprop=\"width\" content=\"561\"> <meta itemprop=\"height\" content=\"375\"> <img decoding=\"async\" class=\"\" data-attachment-id=\"6225\" data-orig-file=\"https:\/\/www.jazzzeitung.de\/cms\/wp-content\/uploads\/2015\/05\/P1010965-Kerecki-Quartett-Copyright-by-TJ-Krebs-jazzphotoagency@web.de_.jpg\" data-orig-size=\"4592,3064\" data-comments-opened=\"1\" data-image-meta=\"{&quot;aperture&quot;:&quot;0&quot;,&quot;credit&quot;:&quot;&quot;,&quot;camera&quot;:&quot;&quot;,&quot;caption&quot;:&quot;&quot;,&quot;created_timestamp&quot;:&quot;0&quot;,&quot;copyright&quot;:&quot;&quot;,&quot;focal_length&quot;:&quot;0&quot;,&quot;iso&quot;:&quot;0&quot;,&quot;shutter_speed&quot;:&quot;0&quot;,&quot;title&quot;:&quot;&quot;,&quot;orientation&quot;:&quot;0&quot;}\" data-image-title=\"P1010965 Kerecki Quartett &amp;#8211; Copyright by TJ Krebs jazzphotoagency@web.de\" data-image-description=\"\" data-medium-file=\"https:\/\/i0.wp.com\/www.jazzzeitung.de\/cms\/wp-content\/uploads\/2015\/05\/P1010965-Kerecki-Quartett-Copyright-by-TJ-Krebs-jazzphotoagency%40web.de_.jpg?fit=300%2C200&#038;ssl=1\" data-large-file=\"https:\/\/i0.wp.com\/www.jazzzeitung.de\/cms\/wp-content\/uploads\/2015\/05\/P1010965-Kerecki-Quartett-Copyright-by-TJ-Krebs-jazzphotoagency%40web.de_.jpg?fit=840%2C560&#038;ssl=1\" src=\"https:\/\/i0.wp.com\/www.jazzzeitung.de\/cms\/wp-content\/uploads\/2015\/05\/P1010965-Kerecki-Quartett-Copyright-by-TJ-Krebs-jazzphotoagency%40web.de_.jpg?w=561&#038;h=375&#038;ssl=1\" width=\"561\" height=\"375\" loading=\"lazy\" data-original-width=\"561\" data-original-height=\"375\" itemprop=\"http:\/\/schema.org\/image\" title=\"P1010965 Kerecki Quartett - Copyright by TJ Krebs jazzphotoagency@web.de\" alt=\"Das Kerecki Quartett in der Unterfahrt - Alles Fotos dieser Galerier: TJ Krebs jazzphotoagency\" style=\"width: 561px; height: 375px;\" \/> <\/a> <div class=\"tiled-gallery-caption\" itemprop=\"caption description\"> Das Kerecki Quartett in der Unterfahrt &#8211; Alles Fotos dieser Galerier: TJ Krebs jazzphotoagency <\/div> <\/div> <\/div> <!-- close group --> <div class=\"gallery-group images-2\" style=\"width: 275px; height: 379px;\" data-original-width=\"275\" data-original-height=\"379\" > <div class=\"tiled-gallery-item tiled-gallery-item-large\" itemprop=\"associatedMedia\" itemscope itemtype=\"http:\/\/schema.org\/ImageObject\"> <a href=\"https:\/\/www.jazzzeitung.de\/cms\/2015\/05\/stephane-kereckis-nouvelle-vague-feat-john-taylor-der-muenchner-unterfahrt\/p1010971-moreau-copyright-by-tj-krebs-jazzphotoagencyweb-de\/\" border=\"0\" itemprop=\"url\"> <meta itemprop=\"width\" content=\"271\"> <meta itemprop=\"height\" content=\"181\"> <img decoding=\"async\" class=\"\" data-attachment-id=\"6226\" data-orig-file=\"https:\/\/www.jazzzeitung.de\/cms\/wp-content\/uploads\/2015\/05\/P1010971-Moreau-Copyright-by-TJ-Krebs-jazzphotoagency@web.de_.jpg\" data-orig-size=\"4461,2976\" data-comments-opened=\"1\" data-image-meta=\"{&quot;aperture&quot;:&quot;0&quot;,&quot;credit&quot;:&quot;&quot;,&quot;camera&quot;:&quot;&quot;,&quot;caption&quot;:&quot;&quot;,&quot;created_timestamp&quot;:&quot;0&quot;,&quot;copyright&quot;:&quot;&quot;,&quot;focal_length&quot;:&quot;0&quot;,&quot;iso&quot;:&quot;0&quot;,&quot;shutter_speed&quot;:&quot;0&quot;,&quot;title&quot;:&quot;&quot;,&quot;orientation&quot;:&quot;0&quot;}\" data-image-title=\"P1010971 Moreau &amp;#8211; Copyright by TJ Krebs jazzphotoagency@web.de\" data-image-description=\"\" data-medium-file=\"https:\/\/i0.wp.com\/www.jazzzeitung.de\/cms\/wp-content\/uploads\/2015\/05\/P1010971-Moreau-Copyright-by-TJ-Krebs-jazzphotoagency%40web.de_.jpg?fit=300%2C200&#038;ssl=1\" data-large-file=\"https:\/\/i0.wp.com\/www.jazzzeitung.de\/cms\/wp-content\/uploads\/2015\/05\/P1010971-Moreau-Copyright-by-TJ-Krebs-jazzphotoagency%40web.de_.jpg?fit=840%2C560&#038;ssl=1\" src=\"https:\/\/i0.wp.com\/www.jazzzeitung.de\/cms\/wp-content\/uploads\/2015\/05\/P1010971-Moreau-Copyright-by-TJ-Krebs-jazzphotoagency%40web.de_.jpg?w=271&#038;h=181&#038;ssl=1\" width=\"271\" height=\"181\" loading=\"lazy\" data-original-width=\"271\" data-original-height=\"181\" itemprop=\"http:\/\/schema.org\/image\" title=\"P1010971 Moreau - Copyright by TJ Krebs jazzphotoagency@web.de\" alt=\"P1010971 Moreau - Copyright by TJ Krebs jazzphotoagency@web.de\" style=\"width: 271px; height: 181px;\" \/> <\/a> <\/div> <div class=\"tiled-gallery-item tiled-gallery-item-large\" itemprop=\"associatedMedia\" itemscope itemtype=\"http:\/\/schema.org\/ImageObject\"> <a href=\"https:\/\/www.jazzzeitung.de\/cms\/2015\/05\/stephane-kereckis-nouvelle-vague-feat-john-taylor-der-muenchner-unterfahrt\/p1510716-taylor-copyright-by-tj-krebs-jazzphotoagencyweb-de\/\" border=\"0\" itemprop=\"url\"> <meta itemprop=\"width\" content=\"271\"> <meta itemprop=\"height\" content=\"190\"> <img decoding=\"async\" class=\"\" data-attachment-id=\"6227\" data-orig-file=\"https:\/\/www.jazzzeitung.de\/cms\/wp-content\/uploads\/2015\/05\/P1510716-Taylor-Copyright-by-TJ-Krebs-jazzphotoagency@web.de_.jpg\" data-orig-size=\"4140,2908\" data-comments-opened=\"1\" data-image-meta=\"{&quot;aperture&quot;:&quot;0&quot;,&quot;credit&quot;:&quot;&quot;,&quot;camera&quot;:&quot;&quot;,&quot;caption&quot;:&quot;&quot;,&quot;created_timestamp&quot;:&quot;0&quot;,&quot;copyright&quot;:&quot;&quot;,&quot;focal_length&quot;:&quot;0&quot;,&quot;iso&quot;:&quot;0&quot;,&quot;shutter_speed&quot;:&quot;0&quot;,&quot;title&quot;:&quot;&quot;,&quot;orientation&quot;:&quot;0&quot;}\" data-image-title=\"P1510716 Taylor &amp;#8211; Copyright by TJ Krebs jazzphotoagency@web.de\" data-image-description=\"\" data-medium-file=\"https:\/\/i0.wp.com\/www.jazzzeitung.de\/cms\/wp-content\/uploads\/2015\/05\/P1510716-Taylor-Copyright-by-TJ-Krebs-jazzphotoagency%40web.de_.jpg?fit=300%2C211&#038;ssl=1\" data-large-file=\"https:\/\/i0.wp.com\/www.jazzzeitung.de\/cms\/wp-content\/uploads\/2015\/05\/P1510716-Taylor-Copyright-by-TJ-Krebs-jazzphotoagency%40web.de_.jpg?fit=840%2C590&#038;ssl=1\" src=\"https:\/\/i0.wp.com\/www.jazzzeitung.de\/cms\/wp-content\/uploads\/2015\/05\/P1510716-Taylor-Copyright-by-TJ-Krebs-jazzphotoagency%40web.de_.jpg?w=271&#038;h=190&#038;ssl=1\" width=\"271\" height=\"190\" loading=\"lazy\" data-original-width=\"271\" data-original-height=\"190\" itemprop=\"http:\/\/schema.org\/image\" title=\"P1510716 Taylor - Copyright by TJ Krebs jazzphotoagency@web.de\" alt=\"P1510716 Taylor - Copyright by TJ Krebs jazzphotoagency@web.de\" style=\"width: 271px; height: 190px;\" \/> <\/a> <\/div> <\/div> <!-- close group --> <\/div> <!-- close row --> <div class=\"gallery-row\" style=\"width: 840px; height: 388px;\" data-original-width=\"840\" data-original-height=\"388\" > <div class=\"gallery-group images-1\" style=\"width: 580px; height: 388px;\" data-original-width=\"580\" data-original-height=\"388\" > <div class=\"tiled-gallery-item tiled-gallery-item-large\" itemprop=\"associatedMedia\" itemscope itemtype=\"http:\/\/schema.org\/ImageObject\"> <a href=\"https:\/\/www.jazzzeitung.de\/cms\/2015\/05\/stephane-kereckis-nouvelle-vague-feat-john-taylor-der-muenchner-unterfahrt\/p1510747-moreau-copyright-by-tj-krebs-jazzphotoagencyweb-de\/\" border=\"0\" itemprop=\"url\"> <meta itemprop=\"width\" content=\"576\"> <meta itemprop=\"height\" content=\"384\"> <img decoding=\"async\" class=\"\" data-attachment-id=\"6228\" data-orig-file=\"https:\/\/www.jazzzeitung.de\/cms\/wp-content\/uploads\/2015\/05\/P1510747-Moreau-Copyright-by-TJ-Krebs-jazzphotoagency@web.de_.jpg\" data-orig-size=\"4108,2739\" data-comments-opened=\"1\" data-image-meta=\"{&quot;aperture&quot;:&quot;0&quot;,&quot;credit&quot;:&quot;&quot;,&quot;camera&quot;:&quot;&quot;,&quot;caption&quot;:&quot;&quot;,&quot;created_timestamp&quot;:&quot;0&quot;,&quot;copyright&quot;:&quot;&quot;,&quot;focal_length&quot;:&quot;0&quot;,&quot;iso&quot;:&quot;0&quot;,&quot;shutter_speed&quot;:&quot;0&quot;,&quot;title&quot;:&quot;&quot;,&quot;orientation&quot;:&quot;0&quot;}\" data-image-title=\"P1510747 Moreau &amp;#8211; Copyright by TJ Krebs jazzphotoagency@web.de\" data-image-description=\"\" data-medium-file=\"https:\/\/i0.wp.com\/www.jazzzeitung.de\/cms\/wp-content\/uploads\/2015\/05\/P1510747-Moreau-Copyright-by-TJ-Krebs-jazzphotoagency%40web.de_.jpg?fit=300%2C200&#038;ssl=1\" data-large-file=\"https:\/\/i0.wp.com\/www.jazzzeitung.de\/cms\/wp-content\/uploads\/2015\/05\/P1510747-Moreau-Copyright-by-TJ-Krebs-jazzphotoagency%40web.de_.jpg?fit=840%2C560&#038;ssl=1\" src=\"https:\/\/i0.wp.com\/www.jazzzeitung.de\/cms\/wp-content\/uploads\/2015\/05\/P1510747-Moreau-Copyright-by-TJ-Krebs-jazzphotoagency%40web.de_.jpg?w=576&#038;h=384&#038;ssl=1\" width=\"576\" height=\"384\" loading=\"lazy\" data-original-width=\"576\" data-original-height=\"384\" itemprop=\"http:\/\/schema.org\/image\" title=\"P1510747 Moreau - Copyright by TJ Krebs jazzphotoagency@web.de\" alt=\"P1510747 Moreau - Copyright by TJ Krebs jazzphotoagency@web.de\" style=\"width: 576px; height: 384px;\" \/> <\/a> <\/div> <\/div> <!-- close group --> <div class=\"gallery-group images-1\" style=\"width: 260px; height: 388px;\" data-original-width=\"260\" data-original-height=\"388\" > <div class=\"tiled-gallery-item tiled-gallery-item-large\" itemprop=\"associatedMedia\" itemscope itemtype=\"http:\/\/schema.org\/ImageObject\"> <a href=\"https:\/\/www.jazzzeitung.de\/cms\/2015\/05\/stephane-kereckis-nouvelle-vague-feat-john-taylor-der-muenchner-unterfahrt\/p1510755-richard-copyright-by-tj-krebs-jazzphotoagencyweb-de\/\" border=\"0\" itemprop=\"url\"> <meta itemprop=\"width\" content=\"256\"> <meta itemprop=\"height\" content=\"384\"> <img decoding=\"async\" class=\"\" data-attachment-id=\"6229\" data-orig-file=\"https:\/\/www.jazzzeitung.de\/cms\/wp-content\/uploads\/2015\/05\/P1510755-Richard-Copyright-by-TJ-Krebs-jazzphotoagency@web.de_.jpg\" data-orig-size=\"2900,4350\" data-comments-opened=\"1\" data-image-meta=\"{&quot;aperture&quot;:&quot;0&quot;,&quot;credit&quot;:&quot;&quot;,&quot;camera&quot;:&quot;&quot;,&quot;caption&quot;:&quot;&quot;,&quot;created_timestamp&quot;:&quot;0&quot;,&quot;copyright&quot;:&quot;&quot;,&quot;focal_length&quot;:&quot;0&quot;,&quot;iso&quot;:&quot;0&quot;,&quot;shutter_speed&quot;:&quot;0&quot;,&quot;title&quot;:&quot;&quot;,&quot;orientation&quot;:&quot;0&quot;}\" data-image-title=\"P1510755 Richard &amp;#8211; Copyright by TJ Krebs jazzphotoagency@web.de\" data-image-description=\"\" data-medium-file=\"https:\/\/i0.wp.com\/www.jazzzeitung.de\/cms\/wp-content\/uploads\/2015\/05\/P1510755-Richard-Copyright-by-TJ-Krebs-jazzphotoagency%40web.de_.jpg?fit=200%2C300&#038;ssl=1\" data-large-file=\"https:\/\/i0.wp.com\/www.jazzzeitung.de\/cms\/wp-content\/uploads\/2015\/05\/P1510755-Richard-Copyright-by-TJ-Krebs-jazzphotoagency%40web.de_.jpg?fit=400%2C600&#038;ssl=1\" src=\"https:\/\/i0.wp.com\/www.jazzzeitung.de\/cms\/wp-content\/uploads\/2015\/05\/P1510755-Richard-Copyright-by-TJ-Krebs-jazzphotoagency%40web.de_.jpg?w=256&#038;h=384&#038;ssl=1\" width=\"256\" height=\"384\" loading=\"lazy\" data-original-width=\"256\" data-original-height=\"384\" itemprop=\"http:\/\/schema.org\/image\" title=\"P1510755 Richard - Copyright by TJ Krebs jazzphotoagency@web.de\" alt=\"P1510755 Richard - Copyright by TJ Krebs jazzphotoagency@web.de\" style=\"width: 256px; height: 384px;\" \/> <\/a> <\/div> <\/div> <!-- close group --> <\/div> <!-- close row --> <div class=\"gallery-row\" style=\"width: 840px; height: 296px;\" data-original-width=\"840\" data-original-height=\"296\" > <div class=\"gallery-group images-1\" style=\"width: 199px; height: 296px;\" data-original-width=\"199\" data-original-height=\"296\" > <div class=\"tiled-gallery-item tiled-gallery-item-small\" itemprop=\"associatedMedia\" itemscope itemtype=\"http:\/\/schema.org\/ImageObject\"> <a href=\"https:\/\/www.jazzzeitung.de\/cms\/2015\/05\/stephane-kereckis-nouvelle-vague-feat-john-taylor-der-muenchner-unterfahrt\/p1510767-taylor-copyright-by-tj-krebs-jazzphotoagencyweb-de\/\" border=\"0\" itemprop=\"url\"> <meta itemprop=\"width\" content=\"195\"> <meta itemprop=\"height\" content=\"292\"> <img decoding=\"async\" class=\"\" data-attachment-id=\"6230\" data-orig-file=\"https:\/\/www.jazzzeitung.de\/cms\/wp-content\/uploads\/2015\/05\/P1510767-Taylor-Copyright-by-TJ-Krebs-jazzphotoagency@web.de_.jpg\" data-orig-size=\"3072,4608\" data-comments-opened=\"1\" data-image-meta=\"{&quot;aperture&quot;:&quot;0&quot;,&quot;credit&quot;:&quot;&quot;,&quot;camera&quot;:&quot;&quot;,&quot;caption&quot;:&quot;&quot;,&quot;created_timestamp&quot;:&quot;0&quot;,&quot;copyright&quot;:&quot;&quot;,&quot;focal_length&quot;:&quot;0&quot;,&quot;iso&quot;:&quot;0&quot;,&quot;shutter_speed&quot;:&quot;0&quot;,&quot;title&quot;:&quot;&quot;,&quot;orientation&quot;:&quot;0&quot;}\" data-image-title=\"P1510767 Taylor &amp;#8211; Copyright by TJ Krebs jazzphotoagency@web.de\" data-image-description=\"\" data-medium-file=\"https:\/\/i0.wp.com\/www.jazzzeitung.de\/cms\/wp-content\/uploads\/2015\/05\/P1510767-Taylor-Copyright-by-TJ-Krebs-jazzphotoagency%40web.de_.jpg?fit=200%2C300&#038;ssl=1\" data-large-file=\"https:\/\/i0.wp.com\/www.jazzzeitung.de\/cms\/wp-content\/uploads\/2015\/05\/P1510767-Taylor-Copyright-by-TJ-Krebs-jazzphotoagency%40web.de_.jpg?fit=400%2C600&#038;ssl=1\" src=\"https:\/\/i0.wp.com\/www.jazzzeitung.de\/cms\/wp-content\/uploads\/2015\/05\/P1510767-Taylor-Copyright-by-TJ-Krebs-jazzphotoagency%40web.de_.jpg?w=195&#038;h=292&#038;ssl=1\" width=\"195\" height=\"292\" loading=\"lazy\" data-original-width=\"195\" data-original-height=\"292\" itemprop=\"http:\/\/schema.org\/image\" title=\"P1510767 Taylor - Copyright by TJ Krebs jazzphotoagency@web.de\" alt=\"P1510767 Taylor - Copyright by TJ Krebs jazzphotoagency@web.de\" style=\"width: 195px; height: 292px;\" \/> <\/a> <\/div> <\/div> <!-- close group --> <div class=\"gallery-group images-1\" style=\"width: 442px; height: 296px;\" data-original-width=\"442\" data-original-height=\"296\" > <div class=\"tiled-gallery-item tiled-gallery-item-large\" itemprop=\"associatedMedia\" itemscope itemtype=\"http:\/\/schema.org\/ImageObject\"> <a href=\"https:\/\/www.jazzzeitung.de\/cms\/2015\/05\/stephane-kereckis-nouvelle-vague-feat-john-taylor-der-muenchner-unterfahrt\/p1510780-taylor-hand-copyright-by-tj-krebs-jazzphotoagencyweb-de\/\" border=\"0\" itemprop=\"url\"> <meta itemprop=\"width\" content=\"438\"> <meta itemprop=\"height\" content=\"292\"> <img decoding=\"async\" class=\"\" data-attachment-id=\"6231\" data-orig-file=\"https:\/\/www.jazzzeitung.de\/cms\/wp-content\/uploads\/2015\/05\/P1510780-Taylor-Hand-Copyright-by-TJ-Krebs-jazzphotoagency@web.de_.jpg\" data-orig-size=\"4608,3072\" data-comments-opened=\"1\" data-image-meta=\"{&quot;aperture&quot;:&quot;0&quot;,&quot;credit&quot;:&quot;&quot;,&quot;camera&quot;:&quot;&quot;,&quot;caption&quot;:&quot;&quot;,&quot;created_timestamp&quot;:&quot;0&quot;,&quot;copyright&quot;:&quot;&quot;,&quot;focal_length&quot;:&quot;0&quot;,&quot;iso&quot;:&quot;0&quot;,&quot;shutter_speed&quot;:&quot;0&quot;,&quot;title&quot;:&quot;&quot;,&quot;orientation&quot;:&quot;0&quot;}\" data-image-title=\"P1510780 Taylor Hand &amp;#8211; Copyright by TJ Krebs jazzphotoagency@web.de\" data-image-description=\"\" data-medium-file=\"https:\/\/i0.wp.com\/www.jazzzeitung.de\/cms\/wp-content\/uploads\/2015\/05\/P1510780-Taylor-Hand-Copyright-by-TJ-Krebs-jazzphotoagency%40web.de_.jpg?fit=300%2C200&#038;ssl=1\" data-large-file=\"https:\/\/i0.wp.com\/www.jazzzeitung.de\/cms\/wp-content\/uploads\/2015\/05\/P1510780-Taylor-Hand-Copyright-by-TJ-Krebs-jazzphotoagency%40web.de_.jpg?fit=840%2C560&#038;ssl=1\" src=\"https:\/\/i0.wp.com\/www.jazzzeitung.de\/cms\/wp-content\/uploads\/2015\/05\/P1510780-Taylor-Hand-Copyright-by-TJ-Krebs-jazzphotoagency%40web.de_.jpg?w=438&#038;h=292&#038;ssl=1\" width=\"438\" height=\"292\" loading=\"lazy\" data-original-width=\"438\" data-original-height=\"292\" itemprop=\"http:\/\/schema.org\/image\" title=\"P1510780 Taylor Hand - Copyright by TJ Krebs jazzphotoagency@web.de\" alt=\"P1510780 Taylor Hand - Copyright by TJ Krebs jazzphotoagency@web.de\" style=\"width: 438px; height: 292px;\" \/> <\/a> <\/div> <\/div> <!-- close group --> <div class=\"gallery-group images-1\" style=\"width: 199px; height: 296px;\" data-original-width=\"199\" data-original-height=\"296\" > <div class=\"tiled-gallery-item tiled-gallery-item-small\" itemprop=\"associatedMedia\" itemscope itemtype=\"http:\/\/schema.org\/ImageObject\"> <a href=\"https:\/\/www.jazzzeitung.de\/cms\/2015\/05\/stephane-kereckis-nouvelle-vague-feat-john-taylor-der-muenchner-unterfahrt\/p1510789-richard-hand-copyright-by-tj-krebs-jazzphotoagencyweb-de\/\" border=\"0\" itemprop=\"url\"> <meta itemprop=\"width\" content=\"195\"> <meta itemprop=\"height\" content=\"292\"> <img decoding=\"async\" class=\"\" data-attachment-id=\"6232\" data-orig-file=\"https:\/\/www.jazzzeitung.de\/cms\/wp-content\/uploads\/2015\/05\/P1510789-Richard-Hand-Copyright-by-TJ-Krebs-jazzphotoagency@web.de_.jpg\" data-orig-size=\"3000,4500\" data-comments-opened=\"1\" data-image-meta=\"{&quot;aperture&quot;:&quot;0&quot;,&quot;credit&quot;:&quot;&quot;,&quot;camera&quot;:&quot;&quot;,&quot;caption&quot;:&quot;&quot;,&quot;created_timestamp&quot;:&quot;0&quot;,&quot;copyright&quot;:&quot;&quot;,&quot;focal_length&quot;:&quot;0&quot;,&quot;iso&quot;:&quot;0&quot;,&quot;shutter_speed&quot;:&quot;0&quot;,&quot;title&quot;:&quot;&quot;,&quot;orientation&quot;:&quot;0&quot;}\" data-image-title=\"P1510789 Richard Hand &amp;#8211; Copyright by TJ Krebs jazzphotoagency@web.de\" data-image-description=\"\" data-medium-file=\"https:\/\/i0.wp.com\/www.jazzzeitung.de\/cms\/wp-content\/uploads\/2015\/05\/P1510789-Richard-Hand-Copyright-by-TJ-Krebs-jazzphotoagency%40web.de_.jpg?fit=200%2C300&#038;ssl=1\" data-large-file=\"https:\/\/i0.wp.com\/www.jazzzeitung.de\/cms\/wp-content\/uploads\/2015\/05\/P1510789-Richard-Hand-Copyright-by-TJ-Krebs-jazzphotoagency%40web.de_.jpg?fit=400%2C600&#038;ssl=1\" src=\"https:\/\/i0.wp.com\/www.jazzzeitung.de\/cms\/wp-content\/uploads\/2015\/05\/P1510789-Richard-Hand-Copyright-by-TJ-Krebs-jazzphotoagency%40web.de_.jpg?w=195&#038;h=292&#038;ssl=1\" width=\"195\" height=\"292\" loading=\"lazy\" data-original-width=\"195\" data-original-height=\"292\" itemprop=\"http:\/\/schema.org\/image\" title=\"P1510789 Richard Hand - Copyright by TJ Krebs jazzphotoagency@web.de\" alt=\"P1510789 Richard Hand - Copyright by TJ Krebs jazzphotoagency@web.de\" style=\"width: 195px; height: 292px;\" \/> <\/a> <\/div> <\/div> <!-- close group --> <\/div> <!-- close row --> <div class=\"gallery-row\" style=\"width: 840px; height: 239px;\" data-original-width=\"840\" data-original-height=\"239\" > <div class=\"gallery-group images-1\" style=\"width: 357px; height: 239px;\" data-original-width=\"357\" data-original-height=\"239\" > <div class=\"tiled-gallery-item tiled-gallery-item-large\" itemprop=\"associatedMedia\" itemscope itemtype=\"http:\/\/schema.org\/ImageObject\"> <a href=\"https:\/\/www.jazzzeitung.de\/cms\/2015\/05\/stephane-kereckis-nouvelle-vague-feat-john-taylor-der-muenchner-unterfahrt\/p1510809-taylor-copyright-by-tj-krebs-jazzphotoagencyweb-de\/\" border=\"0\" itemprop=\"url\"> <meta itemprop=\"width\" content=\"353\"> <meta itemprop=\"height\" content=\"235\"> <img decoding=\"async\" class=\"\" data-attachment-id=\"6233\" data-orig-file=\"https:\/\/www.jazzzeitung.de\/cms\/wp-content\/uploads\/2015\/05\/P1510809-Taylor-Copyright-by-TJ-Krebs-jazzphotoagency@web.de_.jpg\" data-orig-size=\"4608,3072\" data-comments-opened=\"1\" data-image-meta=\"{&quot;aperture&quot;:&quot;0&quot;,&quot;credit&quot;:&quot;&quot;,&quot;camera&quot;:&quot;&quot;,&quot;caption&quot;:&quot;&quot;,&quot;created_timestamp&quot;:&quot;0&quot;,&quot;copyright&quot;:&quot;&quot;,&quot;focal_length&quot;:&quot;0&quot;,&quot;iso&quot;:&quot;0&quot;,&quot;shutter_speed&quot;:&quot;0&quot;,&quot;title&quot;:&quot;&quot;,&quot;orientation&quot;:&quot;0&quot;}\" data-image-title=\"P1510809 Taylor &amp;#8211; Copyright by TJ Krebs jazzphotoagency@web.de\" data-image-description=\"\" data-medium-file=\"https:\/\/i0.wp.com\/www.jazzzeitung.de\/cms\/wp-content\/uploads\/2015\/05\/P1510809-Taylor-Copyright-by-TJ-Krebs-jazzphotoagency%40web.de_.jpg?fit=300%2C200&#038;ssl=1\" data-large-file=\"https:\/\/i0.wp.com\/www.jazzzeitung.de\/cms\/wp-content\/uploads\/2015\/05\/P1510809-Taylor-Copyright-by-TJ-Krebs-jazzphotoagency%40web.de_.jpg?fit=840%2C560&#038;ssl=1\" src=\"https:\/\/i0.wp.com\/www.jazzzeitung.de\/cms\/wp-content\/uploads\/2015\/05\/P1510809-Taylor-Copyright-by-TJ-Krebs-jazzphotoagency%40web.de_.jpg?w=353&#038;h=235&#038;ssl=1\" width=\"353\" height=\"235\" loading=\"lazy\" data-original-width=\"353\" data-original-height=\"235\" itemprop=\"http:\/\/schema.org\/image\" title=\"P1510809 Taylor - Copyright by TJ Krebs jazzphotoagency@web.de\" alt=\"P1510809 Taylor - Copyright by TJ Krebs jazzphotoagency@web.de\" style=\"width: 353px; height: 235px;\" \/> <\/a> <\/div> <\/div> <!-- close group --> <div class=\"gallery-group images-1\" style=\"width: 161px; height: 239px;\" data-original-width=\"161\" data-original-height=\"239\" > <div class=\"tiled-gallery-item tiled-gallery-item-small\" itemprop=\"associatedMedia\" itemscope itemtype=\"http:\/\/schema.org\/ImageObject\"> <a href=\"https:\/\/www.jazzzeitung.de\/cms\/2015\/05\/stephane-kereckis-nouvelle-vague-feat-john-taylor-der-muenchner-unterfahrt\/p1510833-kerecki-copyright-by-tj-krebs-jazzphotoagencyweb-de\/\" border=\"0\" itemprop=\"url\"> <meta itemprop=\"width\" content=\"157\"> <meta itemprop=\"height\" content=\"235\"> <img decoding=\"async\" class=\"\" data-attachment-id=\"6234\" data-orig-file=\"https:\/\/www.jazzzeitung.de\/cms\/wp-content\/uploads\/2015\/05\/P1510833-Kerecki-Copyright-by-TJ-Krebs-jazzphotoagency@web.de_.jpg\" data-orig-size=\"2994,4491\" data-comments-opened=\"1\" data-image-meta=\"{&quot;aperture&quot;:&quot;0&quot;,&quot;credit&quot;:&quot;&quot;,&quot;camera&quot;:&quot;&quot;,&quot;caption&quot;:&quot;&quot;,&quot;created_timestamp&quot;:&quot;0&quot;,&quot;copyright&quot;:&quot;&quot;,&quot;focal_length&quot;:&quot;0&quot;,&quot;iso&quot;:&quot;0&quot;,&quot;shutter_speed&quot;:&quot;0&quot;,&quot;title&quot;:&quot;&quot;,&quot;orientation&quot;:&quot;0&quot;}\" data-image-title=\"P1510833 Kerecki &amp;#8211; Copyright by TJ Krebs jazzphotoagency@web.de\" data-image-description=\"\" data-medium-file=\"https:\/\/i0.wp.com\/www.jazzzeitung.de\/cms\/wp-content\/uploads\/2015\/05\/P1510833-Kerecki-Copyright-by-TJ-Krebs-jazzphotoagency%40web.de_.jpg?fit=200%2C300&#038;ssl=1\" data-large-file=\"https:\/\/i0.wp.com\/www.jazzzeitung.de\/cms\/wp-content\/uploads\/2015\/05\/P1510833-Kerecki-Copyright-by-TJ-Krebs-jazzphotoagency%40web.de_.jpg?fit=400%2C600&#038;ssl=1\" src=\"https:\/\/i0.wp.com\/www.jazzzeitung.de\/cms\/wp-content\/uploads\/2015\/05\/P1510833-Kerecki-Copyright-by-TJ-Krebs-jazzphotoagency%40web.de_.jpg?w=157&#038;h=235&#038;ssl=1\" width=\"157\" height=\"235\" loading=\"lazy\" data-original-width=\"157\" data-original-height=\"235\" itemprop=\"http:\/\/schema.org\/image\" title=\"P1510833 Kerecki - Copyright by TJ Krebs jazzphotoagency@web.de\" alt=\"P1510833 Kerecki - Copyright by TJ Krebs jazzphotoagency@web.de\" style=\"width: 157px; height: 235px;\" \/> <\/a> <\/div> <\/div> <!-- close group --> <div class=\"gallery-group images-1\" style=\"width: 161px; height: 239px;\" data-original-width=\"161\" data-original-height=\"239\" > <div class=\"tiled-gallery-item tiled-gallery-item-small\" itemprop=\"associatedMedia\" itemscope itemtype=\"http:\/\/schema.org\/ImageObject\"> <a href=\"https:\/\/www.jazzzeitung.de\/cms\/2015\/05\/stephane-kereckis-nouvelle-vague-feat-john-taylor-der-muenchner-unterfahrt\/p1510882-kerecki-hand-copyright-by-tj-krebs-jazzphotoagencyweb-de\/\" border=\"0\" itemprop=\"url\"> <meta itemprop=\"width\" content=\"157\"> <meta itemprop=\"height\" content=\"235\"> <img decoding=\"async\" class=\"\" data-attachment-id=\"6235\" data-orig-file=\"https:\/\/www.jazzzeitung.de\/cms\/wp-content\/uploads\/2015\/05\/P1510882-Kerecki-Hand-Copyright-by-TJ-Krebs-jazzphotoagency@web.de_.jpg\" data-orig-size=\"3072,4608\" data-comments-opened=\"1\" data-image-meta=\"{&quot;aperture&quot;:&quot;0&quot;,&quot;credit&quot;:&quot;&quot;,&quot;camera&quot;:&quot;&quot;,&quot;caption&quot;:&quot;&quot;,&quot;created_timestamp&quot;:&quot;0&quot;,&quot;copyright&quot;:&quot;&quot;,&quot;focal_length&quot;:&quot;0&quot;,&quot;iso&quot;:&quot;0&quot;,&quot;shutter_speed&quot;:&quot;0&quot;,&quot;title&quot;:&quot;&quot;,&quot;orientation&quot;:&quot;0&quot;}\" data-image-title=\"P1510882 Kerecki Hand &amp;#8211; Copyright by TJ Krebs jazzphotoagency@web.de\" data-image-description=\"\" data-medium-file=\"https:\/\/i0.wp.com\/www.jazzzeitung.de\/cms\/wp-content\/uploads\/2015\/05\/P1510882-Kerecki-Hand-Copyright-by-TJ-Krebs-jazzphotoagency%40web.de_.jpg?fit=200%2C300&#038;ssl=1\" data-large-file=\"https:\/\/i0.wp.com\/www.jazzzeitung.de\/cms\/wp-content\/uploads\/2015\/05\/P1510882-Kerecki-Hand-Copyright-by-TJ-Krebs-jazzphotoagency%40web.de_.jpg?fit=400%2C600&#038;ssl=1\" src=\"https:\/\/i0.wp.com\/www.jazzzeitung.de\/cms\/wp-content\/uploads\/2015\/05\/P1510882-Kerecki-Hand-Copyright-by-TJ-Krebs-jazzphotoagency%40web.de_.jpg?w=157&#038;h=235&#038;ssl=1\" width=\"157\" height=\"235\" loading=\"lazy\" data-original-width=\"157\" data-original-height=\"235\" itemprop=\"http:\/\/schema.org\/image\" title=\"P1510882 Kerecki Hand - Copyright by TJ Krebs jazzphotoagency@web.de\" alt=\"P1510882 Kerecki Hand - Copyright by TJ Krebs jazzphotoagency@web.de\" style=\"width: 157px; height: 235px;\" \/> <\/a> <\/div> <\/div> <!-- close group --> <div class=\"gallery-group images-1\" style=\"width: 161px; height: 239px;\" data-original-width=\"161\" data-original-height=\"239\" > <div class=\"tiled-gallery-item tiled-gallery-item-small\" itemprop=\"associatedMedia\" itemscope itemtype=\"http:\/\/schema.org\/ImageObject\"> <a href=\"https:\/\/www.jazzzeitung.de\/cms\/2015\/05\/stephane-kereckis-nouvelle-vague-feat-john-taylor-der-muenchner-unterfahrt\/p1510903-kerecki-copyright-by-tj-krebs-jazzphotoagencyweb-de\/\" border=\"0\" itemprop=\"url\"> <meta itemprop=\"width\" content=\"157\"> <meta itemprop=\"height\" content=\"235\"> <img decoding=\"async\" class=\"\" data-attachment-id=\"6236\" data-orig-file=\"https:\/\/www.jazzzeitung.de\/cms\/wp-content\/uploads\/2015\/05\/P1510903-Kerecki-Copyright-by-TJ-Krebs-jazzphotoagency@web.de_.jpg\" data-orig-size=\"3072,4608\" data-comments-opened=\"1\" data-image-meta=\"{&quot;aperture&quot;:&quot;0&quot;,&quot;credit&quot;:&quot;&quot;,&quot;camera&quot;:&quot;&quot;,&quot;caption&quot;:&quot;&quot;,&quot;created_timestamp&quot;:&quot;0&quot;,&quot;copyright&quot;:&quot;&quot;,&quot;focal_length&quot;:&quot;0&quot;,&quot;iso&quot;:&quot;0&quot;,&quot;shutter_speed&quot;:&quot;0&quot;,&quot;title&quot;:&quot;&quot;,&quot;orientation&quot;:&quot;0&quot;}\" data-image-title=\"P1510903 Kerecki &amp;#8211; Copyright by TJ Krebs jazzphotoagency@web.de\" data-image-description=\"\" data-medium-file=\"https:\/\/i0.wp.com\/www.jazzzeitung.de\/cms\/wp-content\/uploads\/2015\/05\/P1510903-Kerecki-Copyright-by-TJ-Krebs-jazzphotoagency%40web.de_.jpg?fit=200%2C300&#038;ssl=1\" data-large-file=\"https:\/\/i0.wp.com\/www.jazzzeitung.de\/cms\/wp-content\/uploads\/2015\/05\/P1510903-Kerecki-Copyright-by-TJ-Krebs-jazzphotoagency%40web.de_.jpg?fit=400%2C600&#038;ssl=1\" src=\"https:\/\/i0.wp.com\/www.jazzzeitung.de\/cms\/wp-content\/uploads\/2015\/05\/P1510903-Kerecki-Copyright-by-TJ-Krebs-jazzphotoagency%40web.de_.jpg?w=157&#038;h=235&#038;ssl=1\" width=\"157\" height=\"235\" loading=\"lazy\" data-original-width=\"157\" data-original-height=\"235\" itemprop=\"http:\/\/schema.org\/image\" title=\"P1510903 Kerecki - Copyright by TJ Krebs jazzphotoagency@web.de\" alt=\"P1510903 Kerecki - Copyright by TJ Krebs jazzphotoagency@web.de\" style=\"width: 157px; height: 235px;\" \/> <\/a> <\/div> <\/div> <!-- close group --> <\/div> <!-- close row --> <\/div>\n<p>Der Bassist St\u00e9phane Kerecki pr\u00e4sentierte in der M\u00fcnchner Unterfahrt seine Hommage an die \u201eNouvelle Vague\u201c (die gleichnamige CD wurde 2014 als bestes franz\u00f6sisches Jazzalbum aufgezeichnet), jenes Film-Genre, die vor allem Regisseure wie Luc Goddard, Fran\u00e7ois Truffaut, Jacques Demy oder Louis Malle pr\u00e4gten. Neben Kerecki spielte am Saxophon Jean-Charles Richard, begleitet vom Schlagzeuger Fabrice Moreau und John Taylor am Piano. Es war ein wunderbarer Abend f\u00fcr einen kleinen, aufmerksamen Zuh\u00f6rerkreis, die einzigartige Interpretationen von Themen aus Filmen wie \u201eLola\u201c, \u201eAscenseur pour l\u2019\u00e9chafaud\u201c, \u201eAlphaville\u201c, \u201ePierrot le Fou\u201c oder im Trio -ohne John Taylor- \u201eTirez sur le Pianiste\u201c zu h\u00f6ren bekamen. Dabei zollten die Musiker mit ihrer Musik Respekt vor den gro\u00dfen Komponisten und Arrangeuren wie Michel Legrand, Miles Davis, George Delerue oder Martial Solal und spielten mit viel Witz, Esprit und herrlichen Improvisationen.<\/p>\n<p>Passend dazu liefert Thomas J. Krebs ein paar schwarz-wei\u00df Impressionen des Abends.<\/p>\n","protected":false},"excerpt":{"rendered":"<p>Der Bassist St\u00e9phane Kerecki pr\u00e4sentierte in der M\u00fcnchner Unterfahrt seine Hommage an die \u201eNouvelle Vague\u201c (die gleichnamige CD wurde 2014 als bestes franz\u00f6sisches Jazzalbum aufgezeichnet), jenes Film-Genre, die vor allem Regisseure wie Luc Goddard, Fran\u00e7ois Truffaut, Jacques Demy oder Louis Malle pr\u00e4gten. Neben Kerecki spielte am Saxophon Jean-Charles Richard, begleitet vom Schlagzeuger Fabrice Moreau und John Taylor am Piano. Es war ein wunderbarer Abend f\u00fcr einen kleinen, aufmerksamen Zuh\u00f6rerkreis, die einzigartige Interpretationen von Themen aus Filmen wie \u201eLola\u201c, \u201eAscenseur pour l\u2019\u00e9chafaud\u201c, \u201eAlphaville\u201c, \u201ePierrot le Fou\u201c oder im Trio -ohne John Taylor- \u201eTirez sur le Pianiste\u201c zu h\u00f6ren bekamen. Dabei zollten die Musiker mit ihrer Musik Respekt vor den gro\u00dfen Komponisten und Arrangeuren wie Michel Legrand, Miles Davis, George Delerue oder Martial Solal und spielten mit viel Witz, Esprit und herrlichen Improvisationen. Passend dazu liefert Thomas J. Krebs ein paar schwarz-wei\u00df Impressionen des Abends.<\/p>\n","protected":false},"author":18,"featured_media":0,"comment_status":"open","ping_status":"closed","sticky":false,"template":"","format":"standard","meta":{"_jetpack_memberships_contains_paid_content":false,"footnotes":"","jetpack_publicize_message":"","jetpack_publicize_feature_enabled":true,"jetpack_social_post_already_shared":false,"jetpack_social_options":{"image_generator_settings":{"template":"highway","default_image_id":0,"font":"","enabled":false},"version":2}},"categories":[652],"tags":[109,390,442,573],"coauthors":[695],"class_list":["post-6224","post","type-post","status-publish","format-standard","hentry","category-galerie","tag-cd","tag-miles-davis","tag-piano","tag-unterfahrt"],"yoast_head":"<!-- This site is optimized with the Yoast SEO plugin v27.5 - https:\/\/yoast.com\/product\/yoast-seo-wordpress\/ -->\n<title>St\u00e9phane Kereckis \u201e Nouvelle Vague\u201c feat. John Taylor in der M\u00fcnchner Unterfahrt - JazzZeitung<\/title>\n<meta name=\"robots\" content=\"index, follow, max-snippet:-1, max-image-preview:large, max-video-preview:-1\" \/>\n<link rel=\"canonical\" href=\"https:\/\/www.jazzzeitung.de\/cms\/2015\/05\/stephane-kereckis-nouvelle-vague-feat-john-taylor-der-muenchner-unterfahrt\/\" \/>\n<meta property=\"og:locale\" content=\"de_DE\" \/>\n<meta property=\"og:type\" content=\"article\" \/>\n<meta property=\"og:title\" content=\"St\u00e9phane Kereckis \u201e Nouvelle Vague\u201c feat. John Taylor in der M\u00fcnchner Unterfahrt - JazzZeitung\" \/>\n<meta property=\"og:description\" content=\"Der Bassist St\u00e9phane Kerecki pr\u00e4sentierte in der M\u00fcnchner Unterfahrt seine Hommage an die \u201eNouvelle Vague\u201c (die gleichnamige CD wurde 2014 als bestes franz\u00f6sisches Jazzalbum aufgezeichnet), jenes Film-Genre, die vor allem Regisseure wie Luc Goddard, Fran\u00e7ois Truffaut, Jacques Demy oder Louis Malle pr\u00e4gten. Neben Kerecki spielte am Saxophon Jean-Charles Richard, begleitet vom Schlagzeuger Fabrice Moreau und John Taylor am Piano. Es war ein wunderbarer Abend f\u00fcr einen kleinen, aufmerksamen Zuh\u00f6rerkreis, die einzigartige Interpretationen von Themen aus Filmen wie \u201eLola\u201c, \u201eAscenseur pour l\u2019\u00e9chafaud\u201c, \u201eAlphaville\u201c, \u201ePierrot le Fou\u201c oder im Trio -ohne John Taylor- \u201eTirez sur le Pianiste\u201c zu h\u00f6ren bekamen. Dabei zollten die Musiker mit ihrer Musik Respekt vor den gro\u00dfen Komponisten und Arrangeuren wie Michel Legrand, Miles Davis, George Delerue oder Martial Solal und spielten mit viel Witz, Esprit und herrlichen Improvisationen. Passend dazu liefert Thomas J. Krebs ein paar schwarz-wei\u00df Impressionen des Abends.\" \/>\n<meta property=\"og:url\" content=\"https:\/\/www.jazzzeitung.de\/cms\/2015\/05\/stephane-kereckis-nouvelle-vague-feat-john-taylor-der-muenchner-unterfahrt\/\" \/>\n<meta property=\"og:site_name\" content=\"JazzZeitung\" \/>\n<meta property=\"article:publisher\" content=\"https:\/\/www.facebook.com\/JazzZeitung\/\" \/>\n<meta property=\"article:published_time\" content=\"2015-05-26T16:00:46+00:00\" \/>\n<meta property=\"article:modified_time\" content=\"2015-05-27T07:15:35+00:00\" \/>\n<meta property=\"og:image\" content=\"https:\/\/i0.wp.com\/www.jazzzeitung.de\/cms\/wp-content\/uploads\/2015\/05\/P1010965-Kerecki-Quartett-Copyright-by-TJ-Krebs-jazzphotoagency@web.de_.jpg?w=561&#038;h=375&#038;ssl=1\" \/>\n<meta name=\"author\" content=\"Redaktion JazzZeitung\" \/>\n<script type=\"application\/ld+json\" class=\"yoast-schema-graph\">{\"@context\":\"https:\\\/\\\/schema.org\",\"@graph\":[{\"@type\":\"Article\",\"@id\":\"https:\\\/\\\/www.jazzzeitung.de\\\/cms\\\/2015\\\/05\\\/stephane-kereckis-nouvelle-vague-feat-john-taylor-der-muenchner-unterfahrt\\\/#article\",\"isPartOf\":{\"@id\":\"https:\\\/\\\/www.jazzzeitung.de\\\/cms\\\/2015\\\/05\\\/stephane-kereckis-nouvelle-vague-feat-john-taylor-der-muenchner-unterfahrt\\\/\"},\"author\":{\"name\":\"Redaktion JazzZeitung\",\"@id\":\"https:\\\/\\\/www.jazzzeitung.de\\\/cms\\\/#\\\/schema\\\/person\\\/2245b36b9cd1d24cea10f01c031fb92b\"},\"headline\":\"St\u00e9phane Kereckis \u201e Nouvelle Vague\u201c feat. John Taylor in der M\u00fcnchner Unterfahrt\",\"datePublished\":\"2015-05-26T16:00:46+00:00\",\"dateModified\":\"2015-05-27T07:15:35+00:00\",\"mainEntityOfPage\":{\"@id\":\"https:\\\/\\\/www.jazzzeitung.de\\\/cms\\\/2015\\\/05\\\/stephane-kereckis-nouvelle-vague-feat-john-taylor-der-muenchner-unterfahrt\\\/\"},\"wordCount\":170,\"commentCount\":0,\"publisher\":{\"@id\":\"https:\\\/\\\/www.jazzzeitung.de\\\/cms\\\/#organization\"},\"keywords\":[\"CD\",\"Miles Davis\",\"Piano\",\"Unterfahrt\"],\"articleSection\":[\"Galerie\"],\"inLanguage\":\"de\",\"potentialAction\":[{\"@type\":\"CommentAction\",\"name\":\"Comment\",\"target\":[\"https:\\\/\\\/www.jazzzeitung.de\\\/cms\\\/2015\\\/05\\\/stephane-kereckis-nouvelle-vague-feat-john-taylor-der-muenchner-unterfahrt\\\/#respond\"]}]},{\"@type\":\"WebPage\",\"@id\":\"https:\\\/\\\/www.jazzzeitung.de\\\/cms\\\/2015\\\/05\\\/stephane-kereckis-nouvelle-vague-feat-john-taylor-der-muenchner-unterfahrt\\\/\",\"url\":\"https:\\\/\\\/www.jazzzeitung.de\\\/cms\\\/2015\\\/05\\\/stephane-kereckis-nouvelle-vague-feat-john-taylor-der-muenchner-unterfahrt\\\/\",\"name\":\"St\u00e9phane Kereckis \u201e Nouvelle Vague\u201c feat. John Taylor in der M\u00fcnchner Unterfahrt - JazzZeitung\",\"isPartOf\":{\"@id\":\"https:\\\/\\\/www.jazzzeitung.de\\\/cms\\\/#website\"},\"datePublished\":\"2015-05-26T16:00:46+00:00\",\"dateModified\":\"2015-05-27T07:15:35+00:00\",\"breadcrumb\":{\"@id\":\"https:\\\/\\\/www.jazzzeitung.de\\\/cms\\\/2015\\\/05\\\/stephane-kereckis-nouvelle-vague-feat-john-taylor-der-muenchner-unterfahrt\\\/#breadcrumb\"},\"inLanguage\":\"de\",\"potentialAction\":[{\"@type\":\"ReadAction\",\"target\":[\"https:\\\/\\\/www.jazzzeitung.de\\\/cms\\\/2015\\\/05\\\/stephane-kereckis-nouvelle-vague-feat-john-taylor-der-muenchner-unterfahrt\\\/\"]}]},{\"@type\":\"BreadcrumbList\",\"@id\":\"https:\\\/\\\/www.jazzzeitung.de\\\/cms\\\/2015\\\/05\\\/stephane-kereckis-nouvelle-vague-feat-john-taylor-der-muenchner-unterfahrt\\\/#breadcrumb\",\"itemListElement\":[{\"@type\":\"ListItem\",\"position\":1,\"name\":\"Startseite\",\"item\":\"https:\\\/\\\/www.jazzzeitung.de\\\/cms\\\/\"},{\"@type\":\"ListItem\",\"position\":2,\"name\":\"St\u00e9phane Kereckis \u201e Nouvelle Vague\u201c feat. John Taylor in der M\u00fcnchner Unterfahrt\"}]},{\"@type\":\"WebSite\",\"@id\":\"https:\\\/\\\/www.jazzzeitung.de\\\/cms\\\/#website\",\"url\":\"https:\\\/\\\/www.jazzzeitung.de\\\/cms\\\/\",\"name\":\"JazzZeitung\",\"description\":\"Jazz-News und Jazz-Kontroverses\",\"publisher\":{\"@id\":\"https:\\\/\\\/www.jazzzeitung.de\\\/cms\\\/#organization\"},\"potentialAction\":[{\"@type\":\"SearchAction\",\"target\":{\"@type\":\"EntryPoint\",\"urlTemplate\":\"https:\\\/\\\/www.jazzzeitung.de\\\/cms\\\/?s={search_term_string}\"},\"query-input\":{\"@type\":\"PropertyValueSpecification\",\"valueRequired\":true,\"valueName\":\"search_term_string\"}}],\"inLanguage\":\"de\"},{\"@type\":\"Organization\",\"@id\":\"https:\\\/\\\/www.jazzzeitung.de\\\/cms\\\/#organization\",\"name\":\"JazzZeitung online\",\"url\":\"https:\\\/\\\/www.jazzzeitung.de\\\/cms\\\/\",\"logo\":{\"@type\":\"ImageObject\",\"inLanguage\":\"de\",\"@id\":\"https:\\\/\\\/www.jazzzeitung.de\\\/cms\\\/#\\\/schema\\\/logo\\\/image\\\/\",\"url\":\"https:\\\/\\\/i0.wp.com\\\/www.jazzzeitung.de\\\/cms\\\/wp-content\\\/uploads\\\/2015\\\/08\\\/JAZZZEITUNGDE_Logo_Neu.png?fit=499%2C200&ssl=1\",\"contentUrl\":\"https:\\\/\\\/i0.wp.com\\\/www.jazzzeitung.de\\\/cms\\\/wp-content\\\/uploads\\\/2015\\\/08\\\/JAZZZEITUNGDE_Logo_Neu.png?fit=499%2C200&ssl=1\",\"width\":499,\"height\":200,\"caption\":\"JazzZeitung online\"},\"image\":{\"@id\":\"https:\\\/\\\/www.jazzzeitung.de\\\/cms\\\/#\\\/schema\\\/logo\\\/image\\\/\"},\"sameAs\":[\"https:\\\/\\\/www.facebook.com\\\/JazzZeitung\\\/\"]},{\"@type\":\"Person\",\"@id\":\"https:\\\/\\\/www.jazzzeitung.de\\\/cms\\\/#\\\/schema\\\/person\\\/2245b36b9cd1d24cea10f01c031fb92b\",\"name\":\"Redaktion JazzZeitung\",\"image\":{\"@type\":\"ImageObject\",\"inLanguage\":\"de\",\"@id\":\"https:\\\/\\\/i0.wp.com\\\/www.jazzzeitung.de\\\/cms\\\/wp-content\\\/uploads\\\/2015\\\/08\\\/JAZZZEITUNGDE_Logo_Neu.png?resize=96%2C96&ssl=159975dcacb611b5700bd619b5daf0a7a\",\"url\":\"https:\\\/\\\/i0.wp.com\\\/www.jazzzeitung.de\\\/cms\\\/wp-content\\\/uploads\\\/2015\\\/08\\\/JAZZZEITUNGDE_Logo_Neu.png?resize=96%2C96&ssl=1\",\"contentUrl\":\"https:\\\/\\\/i0.wp.com\\\/www.jazzzeitung.de\\\/cms\\\/wp-content\\\/uploads\\\/2015\\\/08\\\/JAZZZEITUNGDE_Logo_Neu.png?resize=96%2C96&ssl=1\",\"caption\":\"Redaktion JazzZeitung\"},\"description\":\"Artikel der Redaktion der JazzZeitung.\",\"sameAs\":[\"http:\\\/\\\/www.jazzzeitung.de\\\/cms\\\/\"],\"url\":\"https:\\\/\\\/www.jazzzeitung.de\\\/cms\\\/author\\\/redaktion\\\/\"}]}<\/script>\n<!-- \/ Yoast SEO plugin. -->","yoast_head_json":{"title":"St\u00e9phane Kereckis \u201e Nouvelle Vague\u201c feat. John Taylor in der M\u00fcnchner Unterfahrt - JazzZeitung","robots":{"index":"index","follow":"follow","max-snippet":"max-snippet:-1","max-image-preview":"max-image-preview:large","max-video-preview":"max-video-preview:-1"},"canonical":"https:\/\/www.jazzzeitung.de\/cms\/2015\/05\/stephane-kereckis-nouvelle-vague-feat-john-taylor-der-muenchner-unterfahrt\/","og_locale":"de_DE","og_type":"article","og_title":"St\u00e9phane Kereckis \u201e Nouvelle Vague\u201c feat. John Taylor in der M\u00fcnchner Unterfahrt - JazzZeitung","og_description":"Der Bassist St\u00e9phane Kerecki pr\u00e4sentierte in der M\u00fcnchner Unterfahrt seine Hommage an die \u201eNouvelle Vague\u201c (die gleichnamige CD wurde 2014 als bestes franz\u00f6sisches Jazzalbum aufgezeichnet), jenes Film-Genre, die vor allem Regisseure wie Luc Goddard, Fran\u00e7ois Truffaut, Jacques Demy oder Louis Malle pr\u00e4gten. Neben Kerecki spielte am Saxophon Jean-Charles Richard, begleitet vom Schlagzeuger Fabrice Moreau und John Taylor am Piano. Es war ein wunderbarer Abend f\u00fcr einen kleinen, aufmerksamen Zuh\u00f6rerkreis, die einzigartige Interpretationen von Themen aus Filmen wie \u201eLola\u201c, \u201eAscenseur pour l\u2019\u00e9chafaud\u201c, \u201eAlphaville\u201c, \u201ePierrot le Fou\u201c oder im Trio -ohne John Taylor- \u201eTirez sur le Pianiste\u201c zu h\u00f6ren bekamen. Dabei zollten die Musiker mit ihrer Musik Respekt vor den gro\u00dfen Komponisten und Arrangeuren wie Michel Legrand, Miles Davis, George Delerue oder Martial Solal und spielten mit viel Witz, Esprit und herrlichen Improvisationen. Passend dazu liefert Thomas J. Krebs ein paar schwarz-wei\u00df Impressionen des Abends.","og_url":"https:\/\/www.jazzzeitung.de\/cms\/2015\/05\/stephane-kereckis-nouvelle-vague-feat-john-taylor-der-muenchner-unterfahrt\/","og_site_name":"JazzZeitung","article_publisher":"https:\/\/www.facebook.com\/JazzZeitung\/","article_published_time":"2015-05-26T16:00:46+00:00","article_modified_time":"2015-05-27T07:15:35+00:00","og_image":[{"url":"https:\/\/i0.wp.com\/www.jazzzeitung.de\/cms\/wp-content\/uploads\/2015\/05\/P1010965-Kerecki-Quartett-Copyright-by-TJ-Krebs-jazzphotoagency@web.de_.jpg?w=561&#038;h=375&#038;ssl=1","type":"","width":"","height":""}],"author":"Redaktion JazzZeitung","schema":{"@context":"https:\/\/schema.org","@graph":[{"@type":"Article","@id":"https:\/\/www.jazzzeitung.de\/cms\/2015\/05\/stephane-kereckis-nouvelle-vague-feat-john-taylor-der-muenchner-unterfahrt\/#article","isPartOf":{"@id":"https:\/\/www.jazzzeitung.de\/cms\/2015\/05\/stephane-kereckis-nouvelle-vague-feat-john-taylor-der-muenchner-unterfahrt\/"},"author":{"name":"Redaktion JazzZeitung","@id":"https:\/\/www.jazzzeitung.de\/cms\/#\/schema\/person\/2245b36b9cd1d24cea10f01c031fb92b"},"headline":"St\u00e9phane Kereckis \u201e Nouvelle Vague\u201c feat. John Taylor in der M\u00fcnchner Unterfahrt","datePublished":"2015-05-26T16:00:46+00:00","dateModified":"2015-05-27T07:15:35+00:00","mainEntityOfPage":{"@id":"https:\/\/www.jazzzeitung.de\/cms\/2015\/05\/stephane-kereckis-nouvelle-vague-feat-john-taylor-der-muenchner-unterfahrt\/"},"wordCount":170,"commentCount":0,"publisher":{"@id":"https:\/\/www.jazzzeitung.de\/cms\/#organization"},"keywords":["CD","Miles Davis","Piano","Unterfahrt"],"articleSection":["Galerie"],"inLanguage":"de","potentialAction":[{"@type":"CommentAction","name":"Comment","target":["https:\/\/www.jazzzeitung.de\/cms\/2015\/05\/stephane-kereckis-nouvelle-vague-feat-john-taylor-der-muenchner-unterfahrt\/#respond"]}]},{"@type":"WebPage","@id":"https:\/\/www.jazzzeitung.de\/cms\/2015\/05\/stephane-kereckis-nouvelle-vague-feat-john-taylor-der-muenchner-unterfahrt\/","url":"https:\/\/www.jazzzeitung.de\/cms\/2015\/05\/stephane-kereckis-nouvelle-vague-feat-john-taylor-der-muenchner-unterfahrt\/","name":"St\u00e9phane Kereckis \u201e Nouvelle Vague\u201c feat. John Taylor in der M\u00fcnchner Unterfahrt - JazzZeitung","isPartOf":{"@id":"https:\/\/www.jazzzeitung.de\/cms\/#website"},"datePublished":"2015-05-26T16:00:46+00:00","dateModified":"2015-05-27T07:15:35+00:00","breadcrumb":{"@id":"https:\/\/www.jazzzeitung.de\/cms\/2015\/05\/stephane-kereckis-nouvelle-vague-feat-john-taylor-der-muenchner-unterfahrt\/#breadcrumb"},"inLanguage":"de","potentialAction":[{"@type":"ReadAction","target":["https:\/\/www.jazzzeitung.de\/cms\/2015\/05\/stephane-kereckis-nouvelle-vague-feat-john-taylor-der-muenchner-unterfahrt\/"]}]},{"@type":"BreadcrumbList","@id":"https:\/\/www.jazzzeitung.de\/cms\/2015\/05\/stephane-kereckis-nouvelle-vague-feat-john-taylor-der-muenchner-unterfahrt\/#breadcrumb","itemListElement":[{"@type":"ListItem","position":1,"name":"Startseite","item":"https:\/\/www.jazzzeitung.de\/cms\/"},{"@type":"ListItem","position":2,"name":"St\u00e9phane Kereckis \u201e Nouvelle Vague\u201c feat. John Taylor in der M\u00fcnchner Unterfahrt"}]},{"@type":"WebSite","@id":"https:\/\/www.jazzzeitung.de\/cms\/#website","url":"https:\/\/www.jazzzeitung.de\/cms\/","name":"JazzZeitung","description":"Jazz-News und Jazz-Kontroverses","publisher":{"@id":"https:\/\/www.jazzzeitung.de\/cms\/#organization"},"potentialAction":[{"@type":"SearchAction","target":{"@type":"EntryPoint","urlTemplate":"https:\/\/www.jazzzeitung.de\/cms\/?s={search_term_string}"},"query-input":{"@type":"PropertyValueSpecification","valueRequired":true,"valueName":"search_term_string"}}],"inLanguage":"de"},{"@type":"Organization","@id":"https:\/\/www.jazzzeitung.de\/cms\/#organization","name":"JazzZeitung online","url":"https:\/\/www.jazzzeitung.de\/cms\/","logo":{"@type":"ImageObject","inLanguage":"de","@id":"https:\/\/www.jazzzeitung.de\/cms\/#\/schema\/logo\/image\/","url":"https:\/\/i0.wp.com\/www.jazzzeitung.de\/cms\/wp-content\/uploads\/2015\/08\/JAZZZEITUNGDE_Logo_Neu.png?fit=499%2C200&ssl=1","contentUrl":"https:\/\/i0.wp.com\/www.jazzzeitung.de\/cms\/wp-content\/uploads\/2015\/08\/JAZZZEITUNGDE_Logo_Neu.png?fit=499%2C200&ssl=1","width":499,"height":200,"caption":"JazzZeitung online"},"image":{"@id":"https:\/\/www.jazzzeitung.de\/cms\/#\/schema\/logo\/image\/"},"sameAs":["https:\/\/www.facebook.com\/JazzZeitung\/"]},{"@type":"Person","@id":"https:\/\/www.jazzzeitung.de\/cms\/#\/schema\/person\/2245b36b9cd1d24cea10f01c031fb92b","name":"Redaktion JazzZeitung","image":{"@type":"ImageObject","inLanguage":"de","@id":"https:\/\/i0.wp.com\/www.jazzzeitung.de\/cms\/wp-content\/uploads\/2015\/08\/JAZZZEITUNGDE_Logo_Neu.png?resize=96%2C96&ssl=159975dcacb611b5700bd619b5daf0a7a","url":"https:\/\/i0.wp.com\/www.jazzzeitung.de\/cms\/wp-content\/uploads\/2015\/08\/JAZZZEITUNGDE_Logo_Neu.png?resize=96%2C96&ssl=1","contentUrl":"https:\/\/i0.wp.com\/www.jazzzeitung.de\/cms\/wp-content\/uploads\/2015\/08\/JAZZZEITUNGDE_Logo_Neu.png?resize=96%2C96&ssl=1","caption":"Redaktion JazzZeitung"},"description":"Artikel der Redaktion der JazzZeitung.","sameAs":["http:\/\/www.jazzzeitung.de\/cms\/"],"url":"https:\/\/www.jazzzeitung.de\/cms\/author\/redaktion\/"}]}},"wp-worthy-pixel":{"ignored":false,"public":null,"server":null,"url":null},"wp-worthy-type":"normal","jetpack_publicize_connections":[],"cc_featured_image_caption":{"caption_text":false,"source_text":false,"source_url":false},"jetpack_featured_media_url":"","jetpack_shortlink":"https:\/\/wp.me\/p3KEcT-1Co","jetpack-related-posts":[{"id":20029,"url":"https:\/\/www.jazzzeitung.de\/cms\/2019\/07\/monty-alexander-trio-clubkonzert-in-der-muenchner-unterfahrt\/","url_meta":{"origin":6224,"position":0},"title":"Monty Alexander Trio &#8211; Clubkonzert in der M\u00fcnchner Unterfahrt","author":"Redaktion JazzZeitung","date":"9. Juli 2019","format":false,"excerpt":"Das Monty Alexander Trio auf Tournee und das einzige Konzert in Deutschland: im M\u00fcnchner Jazzclub Unterfahrt! Das ist zweifellos etwas ganz Besonderes, und bereits im Vorwege waren alle gespannt auf den Abend, spielt Monty Alexander normalerweise eher in gro\u00dfen Konzerthallen oder auf Festivals als in Jazzclubs. Auf der B\u00fchne dann\u2026","rel":"","context":"In &quot;News&quot;","block_context":{"text":"News","link":"https:\/\/www.jazzzeitung.de\/cms\/thema\/nachrichten\/"},"img":{"alt_text":"","src":"https:\/\/i0.wp.com\/www.jazzzeitung.de\/cms\/wp-content\/uploads\/2019\/07\/P1403866-Monty-Alexander-Foto-TJ-Krebs.jpg?fit=1200%2C800&ssl=1&resize=350%2C200","width":350,"height":200,"srcset":"https:\/\/i0.wp.com\/www.jazzzeitung.de\/cms\/wp-content\/uploads\/2019\/07\/P1403866-Monty-Alexander-Foto-TJ-Krebs.jpg?fit=1200%2C800&ssl=1&resize=350%2C200 1x, https:\/\/i0.wp.com\/www.jazzzeitung.de\/cms\/wp-content\/uploads\/2019\/07\/P1403866-Monty-Alexander-Foto-TJ-Krebs.jpg?fit=1200%2C800&ssl=1&resize=525%2C300 1.5x, https:\/\/i0.wp.com\/www.jazzzeitung.de\/cms\/wp-content\/uploads\/2019\/07\/P1403866-Monty-Alexander-Foto-TJ-Krebs.jpg?fit=1200%2C800&ssl=1&resize=700%2C400 2x, https:\/\/i0.wp.com\/www.jazzzeitung.de\/cms\/wp-content\/uploads\/2019\/07\/P1403866-Monty-Alexander-Foto-TJ-Krebs.jpg?fit=1200%2C800&ssl=1&resize=1050%2C600 3x"},"classes":[]},{"id":5275,"url":"https:\/\/www.jazzzeitung.de\/cms\/2015\/01\/chris-gall-piano-solo-der-muenchner-unterfahrt\/","url_meta":{"origin":6224,"position":1},"title":"Chris Gall: Piano Solo in der M\u00fcnchner Unterfahrt","author":"Redaktion JazzZeitung","date":"22. Januar 2015","format":false,"excerpt":"Von Thomas J. Krebs - Der 1975 in Bad Aibling geborene Pianist Chris Gall, der \u00fcbrigens vor 15 Jahren zum ersten Mal im M\u00fcnchner Jazzclub Unterfahrt spielte, pr\u00e4sentierte dort am 20.01.2015 vor komplett ausverkauftem Haus seine aktuelle auf dem Label GLM erschiene CD \u201ePiano Solo\u201c. Bereits beim ersten St\u00fcck sprang\u2026","rel":"","context":"In &quot;Bericht&quot;","block_context":{"text":"Bericht","link":"https:\/\/www.jazzzeitung.de\/cms\/thema\/bericht\/"},"img":{"alt_text":"Chris Gall pr\u00e4sentierte in der M\u00fcnchner Unterfahrt sein neues Album Foto: Thomas J. Krebs","src":"https:\/\/i0.wp.com\/www.jazzzeitung.de\/cms\/wp-content\/uploads\/2015\/01\/Chris-gall_mini-150x150.jpg?resize=350%2C200","width":350,"height":200},"classes":[]},{"id":10943,"url":"https:\/\/www.jazzzeitung.de\/cms\/2016\/11\/galerie-julian-lage-trio-in-der-muenchner-unterfahrt\/","url_meta":{"origin":6224,"position":2},"title":"Galerie: Julian Lage Trio in der M\u00fcnchner Unterfahrt","author":"Redaktion JazzZeitung","date":"13. November 2016","format":false,"excerpt":"Bluegrass, Country, Jazz, klassische Musik und vieles mehr findet sich in der Musik des amerikanischen Gitarristen Julian Lage aufs Friedlichste vereint. Gelernt hat er unter anderem in \u201eGary Burton's Next Generation Quintet\u201c und reiht sich damit in die Reihe der Weltklasse-Gitarristen ein, die von Burton \"entdeckt\" wurden: Pat Metheny, John\u2026","rel":"","context":"In &quot;Galerie&quot;","block_context":{"text":"Galerie","link":"https:\/\/www.jazzzeitung.de\/cms\/thema\/galerie\/"},"img":{"alt_text":"","src":"https:\/\/i0.wp.com\/www.jazzzeitung.de\/cms\/wp-content\/uploads\/2016\/11\/0K3A4453-Doob-dombr.jpg?resize=350%2C200","width":350,"height":200,"srcset":"https:\/\/i0.wp.com\/www.jazzzeitung.de\/cms\/wp-content\/uploads\/2016\/11\/0K3A4453-Doob-dombr.jpg?resize=350%2C200 1x, https:\/\/i0.wp.com\/www.jazzzeitung.de\/cms\/wp-content\/uploads\/2016\/11\/0K3A4453-Doob-dombr.jpg?resize=525%2C300 1.5x, https:\/\/i0.wp.com\/www.jazzzeitung.de\/cms\/wp-content\/uploads\/2016\/11\/0K3A4453-Doob-dombr.jpg?resize=700%2C400 2x, https:\/\/i0.wp.com\/www.jazzzeitung.de\/cms\/wp-content\/uploads\/2016\/11\/0K3A4453-Doob-dombr.jpg?resize=1050%2C600 3x"},"classes":[]},{"id":8446,"url":"https:\/\/www.jazzzeitung.de\/cms\/2016\/02\/bildergalerie-edition-unterfahrt\/","url_meta":{"origin":6224,"position":3},"title":"Bildergalerie: Edition Unterfahrt","author":"Redaktion JazzZeitung","date":"18. Februar 2016","format":false,"excerpt":"Wie wir bereits berichtet haben, gibt es jetzt eine \"Edition Unterfahrt\", Henning Sieverts pr\u00e4sentierte mit seinem Quartett die erste CD am 16. Februar 2016 im M\u00fcnchner Jazzclub. Fotograf Ralf Dombrowski war dabei!","rel":"","context":"In &quot;Galerie&quot;","block_context":{"text":"Galerie","link":"https:\/\/www.jazzzeitung.de\/cms\/thema\/galerie\/"},"img":{"alt_text":"","src":"https:\/\/i0.wp.com\/www.jazzzeitung.de\/cms\/wp-content\/uploads\/2016\/02\/0K3A7950-Sieverts-Pakzad-dombr.jpg?resize=350%2C200","width":350,"height":200,"srcset":"https:\/\/i0.wp.com\/www.jazzzeitung.de\/cms\/wp-content\/uploads\/2016\/02\/0K3A7950-Sieverts-Pakzad-dombr.jpg?resize=350%2C200 1x, https:\/\/i0.wp.com\/www.jazzzeitung.de\/cms\/wp-content\/uploads\/2016\/02\/0K3A7950-Sieverts-Pakzad-dombr.jpg?resize=525%2C300 1.5x, https:\/\/i0.wp.com\/www.jazzzeitung.de\/cms\/wp-content\/uploads\/2016\/02\/0K3A7950-Sieverts-Pakzad-dombr.jpg?resize=700%2C400 2x, https:\/\/i0.wp.com\/www.jazzzeitung.de\/cms\/wp-content\/uploads\/2016\/02\/0K3A7950-Sieverts-Pakzad-dombr.jpg?resize=1050%2C600 3x"},"classes":[]},{"id":3184,"url":"https:\/\/www.jazzzeitung.de\/cms\/2014\/01\/fotostrecke-hayden-chisholm-as-john-taylor-p-mat-penman-b\/","url_meta":{"origin":6224,"position":4},"title":"Fotostrecke: Hayden Chisholm (as), John Taylor (p), Mat Penman (b)","author":"Redaktion JazzZeitung","date":"2. Januar 2014","format":"gallery","excerpt":"Hayden Chisholm (as), John Taylor (p) und Mat Penman (b) waren am 17. Dezember zu Gast in der M\u00fcnchner Unterfahrt. Ralf Dombrowski war dort und hat fotografiert.","rel":"","context":"In &quot;Galerie&quot;","block_context":{"text":"Galerie","link":"https:\/\/www.jazzzeitung.de\/cms\/thema\/galerie\/"},"img":{"alt_text":"","src":"https:\/\/i0.wp.com\/www.jazzzeitung.de\/cms\/wp-content\/uploads\/2013\/12\/Taylor-Penman-Chisholm-k-dombr.jpg?resize=350%2C200","width":350,"height":200,"srcset":"https:\/\/i0.wp.com\/www.jazzzeitung.de\/cms\/wp-content\/uploads\/2013\/12\/Taylor-Penman-Chisholm-k-dombr.jpg?resize=350%2C200 1x, https:\/\/i0.wp.com\/www.jazzzeitung.de\/cms\/wp-content\/uploads\/2013\/12\/Taylor-Penman-Chisholm-k-dombr.jpg?resize=525%2C300 1.5x, https:\/\/i0.wp.com\/www.jazzzeitung.de\/cms\/wp-content\/uploads\/2013\/12\/Taylor-Penman-Chisholm-k-dombr.jpg?resize=700%2C400 2x, https:\/\/i0.wp.com\/www.jazzzeitung.de\/cms\/wp-content\/uploads\/2013\/12\/Taylor-Penman-Chisholm-k-dombr.jpg?resize=1050%2C600 3x"},"classes":[]},{"id":18318,"url":"https:\/\/www.jazzzeitung.de\/cms\/2019\/01\/yonathan-avishai-mit-seinem-trio-im-jazzclub-unterfahrt\/","url_meta":{"origin":6224,"position":5},"title":"Yonathan Avishai mit seinem Trio im Jazzclub Unterfahrt","author":"Redaktion JazzZeitung","date":"15. Januar 2019","format":false,"excerpt":"Letzte Woche gastierte das Yonathan Avishai Trio im M\u00fcnchner Jazzclub Unterfahrt. Als Pianist bei Avishai Cohen war er an dessen ECM Alben \u201eInto The Silence\u201c und \u201eCross My Palm With Silver\u201c mit beteiligt, w\u00e4hrend Yonathan Avishai selbst seit \u00fcber 5 Jahren mit seinem eigenen Piano-Trio die Klangwelt der 88 Tasten\u2026","rel":"","context":"In &quot;Bericht&quot;","block_context":{"text":"Bericht","link":"https:\/\/www.jazzzeitung.de\/cms\/thema\/bericht\/"},"img":{"alt_text":"","src":"https:\/\/i0.wp.com\/www.jazzzeitung.de\/cms\/wp-content\/uploads\/2019\/01\/Yonathan-Avishai-Trio-mit-Uli-Habersetzer-Foto-TJ-Krebs-jazzphotoagency%40web.de_.jpg?fit=1200%2C800&ssl=1&resize=350%2C200","width":350,"height":200,"srcset":"https:\/\/i0.wp.com\/www.jazzzeitung.de\/cms\/wp-content\/uploads\/2019\/01\/Yonathan-Avishai-Trio-mit-Uli-Habersetzer-Foto-TJ-Krebs-jazzphotoagency%40web.de_.jpg?fit=1200%2C800&ssl=1&resize=350%2C200 1x, https:\/\/i0.wp.com\/www.jazzzeitung.de\/cms\/wp-content\/uploads\/2019\/01\/Yonathan-Avishai-Trio-mit-Uli-Habersetzer-Foto-TJ-Krebs-jazzphotoagency%40web.de_.jpg?fit=1200%2C800&ssl=1&resize=525%2C300 1.5x, https:\/\/i0.wp.com\/www.jazzzeitung.de\/cms\/wp-content\/uploads\/2019\/01\/Yonathan-Avishai-Trio-mit-Uli-Habersetzer-Foto-TJ-Krebs-jazzphotoagency%40web.de_.jpg?fit=1200%2C800&ssl=1&resize=700%2C400 2x, https:\/\/i0.wp.com\/www.jazzzeitung.de\/cms\/wp-content\/uploads\/2019\/01\/Yonathan-Avishai-Trio-mit-Uli-Habersetzer-Foto-TJ-Krebs-jazzphotoagency%40web.de_.jpg?fit=1200%2C800&ssl=1&resize=1050%2C600 3x"},"classes":[]}],"jetpack_sharing_enabled":true,"_links":{"self":[{"href":"https:\/\/www.jazzzeitung.de\/cms\/wp-json\/wp\/v2\/posts\/6224","targetHints":{"allow":["GET"]}}],"collection":[{"href":"https:\/\/www.jazzzeitung.de\/cms\/wp-json\/wp\/v2\/posts"}],"about":[{"href":"https:\/\/www.jazzzeitung.de\/cms\/wp-json\/wp\/v2\/types\/post"}],"author":[{"embeddable":true,"href":"https:\/\/www.jazzzeitung.de\/cms\/wp-json\/wp\/v2\/users\/18"}],"replies":[{"embeddable":true,"href":"https:\/\/www.jazzzeitung.de\/cms\/wp-json\/wp\/v2\/comments?post=6224"}],"version-history":[{"count":1,"href":"https:\/\/www.jazzzeitung.de\/cms\/wp-json\/wp\/v2\/posts\/6224\/revisions"}],"predecessor-version":[{"id":6237,"href":"https:\/\/www.jazzzeitung.de\/cms\/wp-json\/wp\/v2\/posts\/6224\/revisions\/6237"}],"wp:attachment":[{"href":"https:\/\/www.jazzzeitung.de\/cms\/wp-json\/wp\/v2\/media?parent=6224"}],"wp:term":[{"taxonomy":"category","embeddable":true,"href":"https:\/\/www.jazzzeitung.de\/cms\/wp-json\/wp\/v2\/categories?post=6224"},{"taxonomy":"post_tag","embeddable":true,"href":"https:\/\/www.jazzzeitung.de\/cms\/wp-json\/wp\/v2\/tags?post=6224"},{"taxonomy":"author","embeddable":true,"href":"https:\/\/www.jazzzeitung.de\/cms\/wp-json\/wp\/v2\/coauthors?post=6224"}],"curies":[{"name":"wp","href":"https:\/\/api.w.org\/{rel}","templated":true}]}}