{"id":6210,"date":"2015-05-26T12:41:26","date_gmt":"2015-05-26T10:41:26","guid":{"rendered":"http:\/\/www.jazzzeitung.de\/cms\/?p=6210"},"modified":"2015-05-26T12:41:26","modified_gmt":"2015-05-26T10:41:26","slug":"eberhard-weber-und-das-eva-klasse-quartett-erhalten-echo-jazz-2015","status":"publish","type":"post","link":"https:\/\/www.jazzzeitung.de\/cms\/2015\/05\/eberhard-weber-und-das-eva-klasse-quartett-erhalten-echo-jazz-2015\/","title":{"rendered":"Eberhard Weber und das Eva Klesse Quartett erhalten ECHO Jazz 2015"},"content":{"rendered":"<figure id=\"attachment_6219\" aria-describedby=\"caption-attachment-6219\" style=\"width: 412px\" class=\"wp-caption alignleft\"><a href=\"https:\/\/i0.wp.com\/www.jazzzeitung.de\/cms\/wp-content\/uploads\/2015\/05\/8_Eberhard-Weber-Foto-Roberto-Masotti.jpg\"><img data-recalc-dims=\"1\" loading=\"lazy\" decoding=\"async\" data-attachment-id=\"6219\" data-permalink=\"https:\/\/www.jazzzeitung.de\/cms\/2015\/05\/eberhard-weber-und-das-eva-klasse-quartett-erhalten-echo-jazz-2015\/8_eberhard-weber-foto-roberto-masotti\/\" data-orig-file=\"https:\/\/i0.wp.com\/www.jazzzeitung.de\/cms\/wp-content\/uploads\/2015\/05\/8_Eberhard-Weber-Foto-Roberto-Masotti.jpg?fit=1050%2C1528&amp;ssl=1\" data-orig-size=\"1050,1528\" data-comments-opened=\"1\" data-image-meta=\"{&quot;aperture&quot;:&quot;0&quot;,&quot;credit&quot;:&quot;&quot;,&quot;camera&quot;:&quot;&quot;,&quot;caption&quot;:&quot;&quot;,&quot;created_timestamp&quot;:&quot;0&quot;,&quot;copyright&quot;:&quot;&quot;,&quot;focal_length&quot;:&quot;0&quot;,&quot;iso&quot;:&quot;0&quot;,&quot;shutter_speed&quot;:&quot;0&quot;,&quot;title&quot;:&quot;&quot;,&quot;orientation&quot;:&quot;1&quot;}\" data-image-title=\"8_Eberhard Weber (Foto Roberto Masotti)\" data-image-description=\"\" data-image-caption=\"&lt;p&gt;Erh\u00e4lt den Echo Jazz f\u00fcr sein Lebenswerk: Eberhard Weber. Foto: Roberto Masotti&lt;\/p&gt;\n\" data-large-file=\"https:\/\/i0.wp.com\/www.jazzzeitung.de\/cms\/wp-content\/uploads\/2015\/05\/8_Eberhard-Weber-Foto-Roberto-Masotti.jpg?fit=412%2C600&amp;ssl=1\" class=\"size-large wp-image-6219\" src=\"https:\/\/i0.wp.com\/www.jazzzeitung.de\/cms\/wp-content\/uploads\/2015\/05\/8_Eberhard-Weber-Foto-Roberto-Masotti-412x600.jpg?resize=412%2C600\" alt=\"Erh\u00e4lt den Echo Jazz f\u00fcr sein Lebenswerk: Eberhard Weber. Foto: Roberto Masotti\" width=\"412\" height=\"600\" srcset=\"https:\/\/i0.wp.com\/www.jazzzeitung.de\/cms\/wp-content\/uploads\/2015\/05\/8_Eberhard-Weber-Foto-Roberto-Masotti.jpg?resize=412%2C600&amp;ssl=1 412w, https:\/\/i0.wp.com\/www.jazzzeitung.de\/cms\/wp-content\/uploads\/2015\/05\/8_Eberhard-Weber-Foto-Roberto-Masotti.jpg?resize=206%2C300&amp;ssl=1 206w, https:\/\/i0.wp.com\/www.jazzzeitung.de\/cms\/wp-content\/uploads\/2015\/05\/8_Eberhard-Weber-Foto-Roberto-Masotti.jpg?resize=900%2C1310&amp;ssl=1 900w, https:\/\/i0.wp.com\/www.jazzzeitung.de\/cms\/wp-content\/uploads\/2015\/05\/8_Eberhard-Weber-Foto-Roberto-Masotti.jpg?w=1050&amp;ssl=1 1050w\" sizes=\"auto, (max-width: 412px) 100vw, 412px\" \/><\/a><figcaption id=\"caption-attachment-6219\" class=\"wp-caption-text\">Erh\u00e4lt den Echo Jazz f\u00fcr sein Lebenswerk: Eberhard Weber. Foto: Roberto Masotti<\/figcaption><\/figure>\n<p>Nun stehen auch die letzten beiden Gewinner des Echo Jazz 2015 fest: Der Bassist Eberhard Weber erh\u00e4lt in diesem Jahr den ECHO Jazz f\u00fcr sein Lebenswerk. Das gab der Bundesverband Musikindustrie (BVMI) heute bekannt. Au\u00dferdem k\u00fcrte die Jury das Eva Klesse Quartett zum Newcomer des Jahres. Die von Gregory Porter und Roger Cicero moderierte Preisverleihung findet am n\u00e4chsten Donnerstag, 28. Mai in Hamburg statt. Ausgestrahlt wird die Verleihung unter anderem am 30. Mai ab 23:15 Uhr im NDR Fernsehen. Mit dem 1940 in Stuttgart geborenen Eberhard Weber ehrt die Jury des ECHO Jazz einen der einflussreichsten Jazz-Bassisten weltweit: \u201eSeit den Sechzigerjahren entwickelte er sich zu einem stilpr\u00e4genden Individualisten seines Instrumentes. Vom United Jazz &amp; Rock Ensemble \u00fcber die langj\u00e4hrige Arbeit mit dem Saxophonisten Jan Garbarek bis hin zu eigenen Projekten pr\u00e4gte er am eigens konstruierten F\u00fcnfsaiter die Vorstellung eines zugleich kantablen, atmosph\u00e4rischen und virtuosen Spiels mit markantem kompaktem Sound\u201c, so das offizielle Statement der Jury.Im Gegensatz zu Eberhard Weber steht Eva Klesse noch am Beginn ihrer vielversprechenden Karriere. Die 1986 geborene Schlagzeugerin und Komponistin studierte in Leipzig, Weimar, Paris und New York; gemeinsam mit ihrem aus Evgeny Ring (Saxophon), Philip Frischkorn (Piano) und Robert Lucaciu (Bass) bestehenden Quartett wird sie von der Jury mit dem ECHO Jazz 2015 als Newcomer des Jahres ausgezeichnet: \u201eIch freue mich besonders, mit meinen wunderbaren Mitmusikern und Freunden gemeinsam als Band ausgezeichnet zu werden. Als ich mein Quartett vor zwei Jahren gegr\u00fcndet habe, h\u00e4tte ich mir nie tr\u00e4umen lassen, was daraus werden k\u00f6nnte\u201c, so die Musikerin.<\/p>\n<figure id=\"attachment_6212\" aria-describedby=\"caption-attachment-6212\" style=\"width: 600px\" class=\"wp-caption aligncenter\"><a href=\"https:\/\/i0.wp.com\/www.jazzzeitung.de\/cms\/wp-content\/uploads\/2015\/05\/Eva-Klesse-Quartett.jpg\"><img data-recalc-dims=\"1\" loading=\"lazy\" decoding=\"async\" data-attachment-id=\"6212\" data-permalink=\"https:\/\/www.jazzzeitung.de\/cms\/2015\/05\/eberhard-weber-und-das-eva-klasse-quartett-erhalten-echo-jazz-2015\/eva-klesse-quartett\/\" data-orig-file=\"https:\/\/i0.wp.com\/www.jazzzeitung.de\/cms\/wp-content\/uploads\/2015\/05\/Eva-Klesse-Quartett.jpg?fit=3654%2C3654&amp;ssl=1\" data-orig-size=\"3654,3654\" data-comments-opened=\"1\" data-image-meta=\"{&quot;aperture&quot;:&quot;8&quot;,&quot;credit&quot;:&quot;&quot;,&quot;camera&quot;:&quot;Canon EOS 5D Mark III&quot;,&quot;caption&quot;:&quot;&quot;,&quot;created_timestamp&quot;:&quot;1359380493&quot;,&quot;copyright&quot;:&quot;&quot;,&quot;focal_length&quot;:&quot;85&quot;,&quot;iso&quot;:&quot;640&quot;,&quot;shutter_speed&quot;:&quot;0.00625&quot;,&quot;title&quot;:&quot;&quot;,&quot;orientation&quot;:&quot;1&quot;}\" data-image-title=\"Eva Klesse Quartett\" data-image-description=\"\" data-image-caption=\"&lt;p&gt;Newcomer des Jahres: das Eva Klesse Quartett. &lt;\/p&gt;\n\" data-large-file=\"https:\/\/i0.wp.com\/www.jazzzeitung.de\/cms\/wp-content\/uploads\/2015\/05\/Eva-Klesse-Quartett.jpg?fit=600%2C600&amp;ssl=1\" class=\"size-large wp-image-6212\" src=\"https:\/\/i0.wp.com\/www.jazzzeitung.de\/cms\/wp-content\/uploads\/2015\/05\/Eva-Klesse-Quartett-600x600.jpg?resize=600%2C600\" alt=\"Newcomer des Jahres: das Eva Klesse Quartett. \" width=\"600\" height=\"600\" srcset=\"https:\/\/i0.wp.com\/www.jazzzeitung.de\/cms\/wp-content\/uploads\/2015\/05\/Eva-Klesse-Quartett.jpg?resize=600%2C600&amp;ssl=1 600w, https:\/\/i0.wp.com\/www.jazzzeitung.de\/cms\/wp-content\/uploads\/2015\/05\/Eva-Klesse-Quartett.jpg?resize=150%2C150&amp;ssl=1 150w, https:\/\/i0.wp.com\/www.jazzzeitung.de\/cms\/wp-content\/uploads\/2015\/05\/Eva-Klesse-Quartett.jpg?resize=300%2C300&amp;ssl=1 300w, https:\/\/i0.wp.com\/www.jazzzeitung.de\/cms\/wp-content\/uploads\/2015\/05\/Eva-Klesse-Quartett.jpg?resize=144%2C144&amp;ssl=1 144w, https:\/\/i0.wp.com\/www.jazzzeitung.de\/cms\/wp-content\/uploads\/2015\/05\/Eva-Klesse-Quartett.jpg?resize=96%2C96&amp;ssl=1 96w, https:\/\/i0.wp.com\/www.jazzzeitung.de\/cms\/wp-content\/uploads\/2015\/05\/Eva-Klesse-Quartett.jpg?resize=24%2C24&amp;ssl=1 24w, https:\/\/i0.wp.com\/www.jazzzeitung.de\/cms\/wp-content\/uploads\/2015\/05\/Eva-Klesse-Quartett.jpg?resize=36%2C36&amp;ssl=1 36w, https:\/\/i0.wp.com\/www.jazzzeitung.de\/cms\/wp-content\/uploads\/2015\/05\/Eva-Klesse-Quartett.jpg?resize=48%2C48&amp;ssl=1 48w, https:\/\/i0.wp.com\/www.jazzzeitung.de\/cms\/wp-content\/uploads\/2015\/05\/Eva-Klesse-Quartett.jpg?resize=64%2C64&amp;ssl=1 64w, https:\/\/i0.wp.com\/www.jazzzeitung.de\/cms\/wp-content\/uploads\/2015\/05\/Eva-Klesse-Quartett.jpg?resize=32%2C32&amp;ssl=1 32w, https:\/\/i0.wp.com\/www.jazzzeitung.de\/cms\/wp-content\/uploads\/2015\/05\/Eva-Klesse-Quartett.jpg?resize=128%2C128&amp;ssl=1 128w, https:\/\/i0.wp.com\/www.jazzzeitung.de\/cms\/wp-content\/uploads\/2015\/05\/Eva-Klesse-Quartett.jpg?resize=900%2C900&amp;ssl=1 900w, https:\/\/i0.wp.com\/www.jazzzeitung.de\/cms\/wp-content\/uploads\/2015\/05\/Eva-Klesse-Quartett.jpg?w=1680&amp;ssl=1 1680w, https:\/\/i0.wp.com\/www.jazzzeitung.de\/cms\/wp-content\/uploads\/2015\/05\/Eva-Klesse-Quartett.jpg?w=2520&amp;ssl=1 2520w\" sizes=\"auto, (max-width: 600px) 100vw, 600px\" \/><\/a><figcaption id=\"caption-attachment-6212\" class=\"wp-caption-text\">Newcomer des Jahres: das Eva Klesse Quartett.<\/figcaption><\/figure>\n<p>&nbsp;<\/p>\n","protected":false},"excerpt":{"rendered":"<p>Nun stehen auch die letzten beiden Gewinner des Echo Jazz 2015 fest: Der Bassist Eberhard Weber erh\u00e4lt in diesem Jahr den ECHO Jazz f\u00fcr sein Lebenswerk. Das gab der Bundesverband Musikindustrie (BVMI) heute bekannt. Au\u00dferdem k\u00fcrte die Jury das Eva Klesse Quartett zum Newcomer des Jahres. Die von Gregory Porter und Roger Cicero moderierte Preisverleihung findet am n\u00e4chsten Donnerstag, 28. Mai in Hamburg statt. Ausgestrahlt wird die Verleihung unter anderem am 30. Mai ab 23:15 Uhr im NDR Fernsehen. Mit dem 1940 in Stuttgart geborenen Eberhard Weber ehrt die Jury des ECHO Jazz einen der einflussreichsten Jazz-Bassisten weltweit: \u201eSeit den Sechzigerjahren entwickelte er sich zu einem stilpr\u00e4genden Individualisten seines Instrumentes. Vom United Jazz &amp; Rock Ensemble \u00fcber die langj\u00e4hrige Arbeit mit dem Saxophonisten Jan Garbarek bis hin zu eigenen Projekten pr\u00e4gte er am eigens konstruierten F\u00fcnfsaiter die Vorstellung eines zugleich kantablen, atmosph\u00e4rischen und virtuosen Spiels mit markantem kompaktem Sound\u201c, so das offizielle Statement der Jury.Im Gegensatz zu Eberhard Weber steht Eva Klesse noch am Beginn ihrer vielversprechenden Karriere. Die 1986 geborene Schlagzeugerin und Komponistin studierte in Leipzig, Weimar, Paris und New York; gemeinsam mit ihrem &hellip;<\/p>\n","protected":false},"author":18,"featured_media":0,"comment_status":"open","ping_status":"closed","sticky":false,"template":"","format":"standard","meta":{"_jetpack_memberships_contains_paid_content":false,"footnotes":"","jetpack_publicize_message":"","jetpack_publicize_feature_enabled":true,"jetpack_social_post_already_shared":false,"jetpack_social_options":{"image_generator_settings":{"template":"highway","default_image_id":0,"font":"","enabled":false},"version":2}},"categories":[1053],"tags":[980,157,1142,215,683,981,349,404,410,904,732,431,442,450],"coauthors":[695],"class_list":["post-6210","post","type-post","status-publish","format-standard","hentry","category-bericht","tag-echo","tag-echo-jazz","tag-gregory-porter","tag-hamburg","tag-jan-garbarek","tag-lebenswerk","tag-leipzig","tag-musikindustrie","tag-ndr","tag-new-york","tag-newcomer-2","tag-paris","tag-piano","tag-preisverleihung"],"yoast_head":"<!-- This site is optimized with the Yoast SEO plugin v27.5 - https:\/\/yoast.com\/product\/yoast-seo-wordpress\/ -->\n<title>Eberhard Weber und das Eva Klesse Quartett erhalten ECHO Jazz 2015 - JazzZeitung<\/title>\n<meta name=\"robots\" content=\"index, follow, max-snippet:-1, max-image-preview:large, max-video-preview:-1\" \/>\n<link rel=\"canonical\" href=\"https:\/\/www.jazzzeitung.de\/cms\/2015\/05\/eberhard-weber-und-das-eva-klasse-quartett-erhalten-echo-jazz-2015\/\" \/>\n<meta property=\"og:locale\" content=\"de_DE\" \/>\n<meta property=\"og:type\" content=\"article\" \/>\n<meta property=\"og:title\" content=\"Eberhard Weber und das Eva Klesse Quartett erhalten ECHO Jazz 2015 - JazzZeitung\" \/>\n<meta property=\"og:description\" content=\"Nun stehen auch die letzten beiden Gewinner des Echo Jazz 2015 fest: Der Bassist Eberhard Weber erh\u00e4lt in diesem Jahr den ECHO Jazz f\u00fcr sein Lebenswerk. Das gab der Bundesverband Musikindustrie (BVMI) heute bekannt. Au\u00dferdem k\u00fcrte die Jury das Eva Klesse Quartett zum Newcomer des Jahres. Die von Gregory Porter und Roger Cicero moderierte Preisverleihung findet am n\u00e4chsten Donnerstag, 28. Mai in Hamburg statt. Ausgestrahlt wird die Verleihung unter anderem am 30. Mai ab 23:15 Uhr im NDR Fernsehen. Mit dem 1940 in Stuttgart geborenen Eberhard Weber ehrt die Jury des ECHO Jazz einen der einflussreichsten Jazz-Bassisten weltweit: \u201eSeit den Sechzigerjahren entwickelte er sich zu einem stilpr\u00e4genden Individualisten seines Instrumentes. Vom United Jazz &amp; Rock Ensemble \u00fcber die langj\u00e4hrige Arbeit mit dem Saxophonisten Jan Garbarek bis hin zu eigenen Projekten pr\u00e4gte er am eigens konstruierten F\u00fcnfsaiter die Vorstellung eines zugleich kantablen, atmosph\u00e4rischen und virtuosen Spiels mit markantem kompaktem Sound\u201c, so das offizielle Statement der Jury.Im Gegensatz zu Eberhard Weber steht Eva Klesse noch am Beginn ihrer vielversprechenden Karriere. Die 1986 geborene Schlagzeugerin und Komponistin studierte in Leipzig, Weimar, Paris und New York; gemeinsam mit ihrem &hellip;\" \/>\n<meta property=\"og:url\" content=\"https:\/\/www.jazzzeitung.de\/cms\/2015\/05\/eberhard-weber-und-das-eva-klasse-quartett-erhalten-echo-jazz-2015\/\" \/>\n<meta property=\"og:site_name\" content=\"JazzZeitung\" \/>\n<meta property=\"article:publisher\" content=\"https:\/\/www.facebook.com\/JazzZeitung\/\" \/>\n<meta property=\"article:published_time\" content=\"2015-05-26T10:41:26+00:00\" \/>\n<meta property=\"og:image\" content=\"http:\/\/www.jazzzeitung.de\/cms\/wp-content\/uploads\/2015\/05\/8_Eberhard-Weber-Foto-Roberto-Masotti-412x600.jpg\" \/>\n<meta name=\"author\" content=\"Redaktion JazzZeitung\" \/>\n<script type=\"application\/ld+json\" class=\"yoast-schema-graph\">{\"@context\":\"https:\\\/\\\/schema.org\",\"@graph\":[{\"@type\":\"Article\",\"@id\":\"https:\\\/\\\/www.jazzzeitung.de\\\/cms\\\/2015\\\/05\\\/eberhard-weber-und-das-eva-klasse-quartett-erhalten-echo-jazz-2015\\\/#article\",\"isPartOf\":{\"@id\":\"https:\\\/\\\/www.jazzzeitung.de\\\/cms\\\/2015\\\/05\\\/eberhard-weber-und-das-eva-klasse-quartett-erhalten-echo-jazz-2015\\\/\"},\"author\":{\"name\":\"Redaktion JazzZeitung\",\"@id\":\"https:\\\/\\\/www.jazzzeitung.de\\\/cms\\\/#\\\/schema\\\/person\\\/2245b36b9cd1d24cea10f01c031fb92b\"},\"headline\":\"Eberhard Weber und das Eva Klesse Quartett erhalten ECHO Jazz 2015\",\"datePublished\":\"2015-05-26T10:41:26+00:00\",\"mainEntityOfPage\":{\"@id\":\"https:\\\/\\\/www.jazzzeitung.de\\\/cms\\\/2015\\\/05\\\/eberhard-weber-und-das-eva-klasse-quartett-erhalten-echo-jazz-2015\\\/\"},\"wordCount\":305,\"commentCount\":0,\"publisher\":{\"@id\":\"https:\\\/\\\/www.jazzzeitung.de\\\/cms\\\/#organization\"},\"image\":{\"@id\":\"https:\\\/\\\/www.jazzzeitung.de\\\/cms\\\/2015\\\/05\\\/eberhard-weber-und-das-eva-klasse-quartett-erhalten-echo-jazz-2015\\\/#primaryimage\"},\"thumbnailUrl\":\"http:\\\/\\\/www.jazzzeitung.de\\\/cms\\\/wp-content\\\/uploads\\\/2015\\\/05\\\/8_Eberhard-Weber-Foto-Roberto-Masotti-412x600.jpg\",\"keywords\":[\"ECHO\",\"Echo Jazz\",\"Gregory Porter\",\"Hamburg\",\"Jan Garbarek\",\"Lebenswerk\",\"Leipzig\",\"Musikindustrie\",\"NDR\",\"New York\",\"Newcomer\",\"Paris\",\"Piano\",\"Preisverleihung\"],\"articleSection\":[\"Bericht\"],\"inLanguage\":\"de\",\"potentialAction\":[{\"@type\":\"CommentAction\",\"name\":\"Comment\",\"target\":[\"https:\\\/\\\/www.jazzzeitung.de\\\/cms\\\/2015\\\/05\\\/eberhard-weber-und-das-eva-klasse-quartett-erhalten-echo-jazz-2015\\\/#respond\"]}]},{\"@type\":\"WebPage\",\"@id\":\"https:\\\/\\\/www.jazzzeitung.de\\\/cms\\\/2015\\\/05\\\/eberhard-weber-und-das-eva-klasse-quartett-erhalten-echo-jazz-2015\\\/\",\"url\":\"https:\\\/\\\/www.jazzzeitung.de\\\/cms\\\/2015\\\/05\\\/eberhard-weber-und-das-eva-klasse-quartett-erhalten-echo-jazz-2015\\\/\",\"name\":\"Eberhard Weber und das Eva Klesse Quartett erhalten ECHO Jazz 2015 - JazzZeitung\",\"isPartOf\":{\"@id\":\"https:\\\/\\\/www.jazzzeitung.de\\\/cms\\\/#website\"},\"primaryImageOfPage\":{\"@id\":\"https:\\\/\\\/www.jazzzeitung.de\\\/cms\\\/2015\\\/05\\\/eberhard-weber-und-das-eva-klasse-quartett-erhalten-echo-jazz-2015\\\/#primaryimage\"},\"image\":{\"@id\":\"https:\\\/\\\/www.jazzzeitung.de\\\/cms\\\/2015\\\/05\\\/eberhard-weber-und-das-eva-klasse-quartett-erhalten-echo-jazz-2015\\\/#primaryimage\"},\"thumbnailUrl\":\"http:\\\/\\\/www.jazzzeitung.de\\\/cms\\\/wp-content\\\/uploads\\\/2015\\\/05\\\/8_Eberhard-Weber-Foto-Roberto-Masotti-412x600.jpg\",\"datePublished\":\"2015-05-26T10:41:26+00:00\",\"breadcrumb\":{\"@id\":\"https:\\\/\\\/www.jazzzeitung.de\\\/cms\\\/2015\\\/05\\\/eberhard-weber-und-das-eva-klasse-quartett-erhalten-echo-jazz-2015\\\/#breadcrumb\"},\"inLanguage\":\"de\",\"potentialAction\":[{\"@type\":\"ReadAction\",\"target\":[\"https:\\\/\\\/www.jazzzeitung.de\\\/cms\\\/2015\\\/05\\\/eberhard-weber-und-das-eva-klasse-quartett-erhalten-echo-jazz-2015\\\/\"]}]},{\"@type\":\"ImageObject\",\"inLanguage\":\"de\",\"@id\":\"https:\\\/\\\/www.jazzzeitung.de\\\/cms\\\/2015\\\/05\\\/eberhard-weber-und-das-eva-klasse-quartett-erhalten-echo-jazz-2015\\\/#primaryimage\",\"url\":\"http:\\\/\\\/www.jazzzeitung.de\\\/cms\\\/wp-content\\\/uploads\\\/2015\\\/05\\\/8_Eberhard-Weber-Foto-Roberto-Masotti-412x600.jpg\",\"contentUrl\":\"http:\\\/\\\/www.jazzzeitung.de\\\/cms\\\/wp-content\\\/uploads\\\/2015\\\/05\\\/8_Eberhard-Weber-Foto-Roberto-Masotti-412x600.jpg\"},{\"@type\":\"BreadcrumbList\",\"@id\":\"https:\\\/\\\/www.jazzzeitung.de\\\/cms\\\/2015\\\/05\\\/eberhard-weber-und-das-eva-klasse-quartett-erhalten-echo-jazz-2015\\\/#breadcrumb\",\"itemListElement\":[{\"@type\":\"ListItem\",\"position\":1,\"name\":\"Startseite\",\"item\":\"https:\\\/\\\/www.jazzzeitung.de\\\/cms\\\/\"},{\"@type\":\"ListItem\",\"position\":2,\"name\":\"Eberhard Weber und das Eva Klesse Quartett erhalten ECHO Jazz 2015\"}]},{\"@type\":\"WebSite\",\"@id\":\"https:\\\/\\\/www.jazzzeitung.de\\\/cms\\\/#website\",\"url\":\"https:\\\/\\\/www.jazzzeitung.de\\\/cms\\\/\",\"name\":\"JazzZeitung\",\"description\":\"Jazz-News und Jazz-Kontroverses\",\"publisher\":{\"@id\":\"https:\\\/\\\/www.jazzzeitung.de\\\/cms\\\/#organization\"},\"potentialAction\":[{\"@type\":\"SearchAction\",\"target\":{\"@type\":\"EntryPoint\",\"urlTemplate\":\"https:\\\/\\\/www.jazzzeitung.de\\\/cms\\\/?s={search_term_string}\"},\"query-input\":{\"@type\":\"PropertyValueSpecification\",\"valueRequired\":true,\"valueName\":\"search_term_string\"}}],\"inLanguage\":\"de\"},{\"@type\":\"Organization\",\"@id\":\"https:\\\/\\\/www.jazzzeitung.de\\\/cms\\\/#organization\",\"name\":\"JazzZeitung online\",\"url\":\"https:\\\/\\\/www.jazzzeitung.de\\\/cms\\\/\",\"logo\":{\"@type\":\"ImageObject\",\"inLanguage\":\"de\",\"@id\":\"https:\\\/\\\/www.jazzzeitung.de\\\/cms\\\/#\\\/schema\\\/logo\\\/image\\\/\",\"url\":\"https:\\\/\\\/i0.wp.com\\\/www.jazzzeitung.de\\\/cms\\\/wp-content\\\/uploads\\\/2015\\\/08\\\/JAZZZEITUNGDE_Logo_Neu.png?fit=499%2C200&ssl=1\",\"contentUrl\":\"https:\\\/\\\/i0.wp.com\\\/www.jazzzeitung.de\\\/cms\\\/wp-content\\\/uploads\\\/2015\\\/08\\\/JAZZZEITUNGDE_Logo_Neu.png?fit=499%2C200&ssl=1\",\"width\":499,\"height\":200,\"caption\":\"JazzZeitung online\"},\"image\":{\"@id\":\"https:\\\/\\\/www.jazzzeitung.de\\\/cms\\\/#\\\/schema\\\/logo\\\/image\\\/\"},\"sameAs\":[\"https:\\\/\\\/www.facebook.com\\\/JazzZeitung\\\/\"]},{\"@type\":\"Person\",\"@id\":\"https:\\\/\\\/www.jazzzeitung.de\\\/cms\\\/#\\\/schema\\\/person\\\/2245b36b9cd1d24cea10f01c031fb92b\",\"name\":\"Redaktion JazzZeitung\",\"image\":{\"@type\":\"ImageObject\",\"inLanguage\":\"de\",\"@id\":\"https:\\\/\\\/i0.wp.com\\\/www.jazzzeitung.de\\\/cms\\\/wp-content\\\/uploads\\\/2015\\\/08\\\/JAZZZEITUNGDE_Logo_Neu.png?resize=96%2C96&ssl=159975dcacb611b5700bd619b5daf0a7a\",\"url\":\"https:\\\/\\\/i0.wp.com\\\/www.jazzzeitung.de\\\/cms\\\/wp-content\\\/uploads\\\/2015\\\/08\\\/JAZZZEITUNGDE_Logo_Neu.png?resize=96%2C96&ssl=1\",\"contentUrl\":\"https:\\\/\\\/i0.wp.com\\\/www.jazzzeitung.de\\\/cms\\\/wp-content\\\/uploads\\\/2015\\\/08\\\/JAZZZEITUNGDE_Logo_Neu.png?resize=96%2C96&ssl=1\",\"caption\":\"Redaktion JazzZeitung\"},\"description\":\"Artikel der Redaktion der JazzZeitung.\",\"sameAs\":[\"http:\\\/\\\/www.jazzzeitung.de\\\/cms\\\/\"],\"url\":\"https:\\\/\\\/www.jazzzeitung.de\\\/cms\\\/author\\\/redaktion\\\/\"}]}<\/script>\n<!-- \/ Yoast SEO plugin. -->","yoast_head_json":{"title":"Eberhard Weber und das Eva Klesse Quartett erhalten ECHO Jazz 2015 - JazzZeitung","robots":{"index":"index","follow":"follow","max-snippet":"max-snippet:-1","max-image-preview":"max-image-preview:large","max-video-preview":"max-video-preview:-1"},"canonical":"https:\/\/www.jazzzeitung.de\/cms\/2015\/05\/eberhard-weber-und-das-eva-klasse-quartett-erhalten-echo-jazz-2015\/","og_locale":"de_DE","og_type":"article","og_title":"Eberhard Weber und das Eva Klesse Quartett erhalten ECHO Jazz 2015 - JazzZeitung","og_description":"Nun stehen auch die letzten beiden Gewinner des Echo Jazz 2015 fest: Der Bassist Eberhard Weber erh\u00e4lt in diesem Jahr den ECHO Jazz f\u00fcr sein Lebenswerk. Das gab der Bundesverband Musikindustrie (BVMI) heute bekannt. Au\u00dferdem k\u00fcrte die Jury das Eva Klesse Quartett zum Newcomer des Jahres. Die von Gregory Porter und Roger Cicero moderierte Preisverleihung findet am n\u00e4chsten Donnerstag, 28. Mai in Hamburg statt. Ausgestrahlt wird die Verleihung unter anderem am 30. Mai ab 23:15 Uhr im NDR Fernsehen. Mit dem 1940 in Stuttgart geborenen Eberhard Weber ehrt die Jury des ECHO Jazz einen der einflussreichsten Jazz-Bassisten weltweit: \u201eSeit den Sechzigerjahren entwickelte er sich zu einem stilpr\u00e4genden Individualisten seines Instrumentes. Vom United Jazz &amp; Rock Ensemble \u00fcber die langj\u00e4hrige Arbeit mit dem Saxophonisten Jan Garbarek bis hin zu eigenen Projekten pr\u00e4gte er am eigens konstruierten F\u00fcnfsaiter die Vorstellung eines zugleich kantablen, atmosph\u00e4rischen und virtuosen Spiels mit markantem kompaktem Sound\u201c, so das offizielle Statement der Jury.Im Gegensatz zu Eberhard Weber steht Eva Klesse noch am Beginn ihrer vielversprechenden Karriere. Die 1986 geborene Schlagzeugerin und Komponistin studierte in Leipzig, Weimar, Paris und New York; gemeinsam mit ihrem &hellip;","og_url":"https:\/\/www.jazzzeitung.de\/cms\/2015\/05\/eberhard-weber-und-das-eva-klasse-quartett-erhalten-echo-jazz-2015\/","og_site_name":"JazzZeitung","article_publisher":"https:\/\/www.facebook.com\/JazzZeitung\/","article_published_time":"2015-05-26T10:41:26+00:00","og_image":[{"url":"http:\/\/www.jazzzeitung.de\/cms\/wp-content\/uploads\/2015\/05\/8_Eberhard-Weber-Foto-Roberto-Masotti-412x600.jpg","type":"","width":"","height":""}],"author":"Redaktion JazzZeitung","schema":{"@context":"https:\/\/schema.org","@graph":[{"@type":"Article","@id":"https:\/\/www.jazzzeitung.de\/cms\/2015\/05\/eberhard-weber-und-das-eva-klasse-quartett-erhalten-echo-jazz-2015\/#article","isPartOf":{"@id":"https:\/\/www.jazzzeitung.de\/cms\/2015\/05\/eberhard-weber-und-das-eva-klasse-quartett-erhalten-echo-jazz-2015\/"},"author":{"name":"Redaktion JazzZeitung","@id":"https:\/\/www.jazzzeitung.de\/cms\/#\/schema\/person\/2245b36b9cd1d24cea10f01c031fb92b"},"headline":"Eberhard Weber und das Eva Klesse Quartett erhalten ECHO Jazz 2015","datePublished":"2015-05-26T10:41:26+00:00","mainEntityOfPage":{"@id":"https:\/\/www.jazzzeitung.de\/cms\/2015\/05\/eberhard-weber-und-das-eva-klasse-quartett-erhalten-echo-jazz-2015\/"},"wordCount":305,"commentCount":0,"publisher":{"@id":"https:\/\/www.jazzzeitung.de\/cms\/#organization"},"image":{"@id":"https:\/\/www.jazzzeitung.de\/cms\/2015\/05\/eberhard-weber-und-das-eva-klasse-quartett-erhalten-echo-jazz-2015\/#primaryimage"},"thumbnailUrl":"http:\/\/www.jazzzeitung.de\/cms\/wp-content\/uploads\/2015\/05\/8_Eberhard-Weber-Foto-Roberto-Masotti-412x600.jpg","keywords":["ECHO","Echo Jazz","Gregory Porter","Hamburg","Jan Garbarek","Lebenswerk","Leipzig","Musikindustrie","NDR","New York","Newcomer","Paris","Piano","Preisverleihung"],"articleSection":["Bericht"],"inLanguage":"de","potentialAction":[{"@type":"CommentAction","name":"Comment","target":["https:\/\/www.jazzzeitung.de\/cms\/2015\/05\/eberhard-weber-und-das-eva-klasse-quartett-erhalten-echo-jazz-2015\/#respond"]}]},{"@type":"WebPage","@id":"https:\/\/www.jazzzeitung.de\/cms\/2015\/05\/eberhard-weber-und-das-eva-klasse-quartett-erhalten-echo-jazz-2015\/","url":"https:\/\/www.jazzzeitung.de\/cms\/2015\/05\/eberhard-weber-und-das-eva-klasse-quartett-erhalten-echo-jazz-2015\/","name":"Eberhard Weber und das Eva Klesse Quartett erhalten ECHO Jazz 2015 - JazzZeitung","isPartOf":{"@id":"https:\/\/www.jazzzeitung.de\/cms\/#website"},"primaryImageOfPage":{"@id":"https:\/\/www.jazzzeitung.de\/cms\/2015\/05\/eberhard-weber-und-das-eva-klasse-quartett-erhalten-echo-jazz-2015\/#primaryimage"},"image":{"@id":"https:\/\/www.jazzzeitung.de\/cms\/2015\/05\/eberhard-weber-und-das-eva-klasse-quartett-erhalten-echo-jazz-2015\/#primaryimage"},"thumbnailUrl":"http:\/\/www.jazzzeitung.de\/cms\/wp-content\/uploads\/2015\/05\/8_Eberhard-Weber-Foto-Roberto-Masotti-412x600.jpg","datePublished":"2015-05-26T10:41:26+00:00","breadcrumb":{"@id":"https:\/\/www.jazzzeitung.de\/cms\/2015\/05\/eberhard-weber-und-das-eva-klasse-quartett-erhalten-echo-jazz-2015\/#breadcrumb"},"inLanguage":"de","potentialAction":[{"@type":"ReadAction","target":["https:\/\/www.jazzzeitung.de\/cms\/2015\/05\/eberhard-weber-und-das-eva-klasse-quartett-erhalten-echo-jazz-2015\/"]}]},{"@type":"ImageObject","inLanguage":"de","@id":"https:\/\/www.jazzzeitung.de\/cms\/2015\/05\/eberhard-weber-und-das-eva-klasse-quartett-erhalten-echo-jazz-2015\/#primaryimage","url":"http:\/\/www.jazzzeitung.de\/cms\/wp-content\/uploads\/2015\/05\/8_Eberhard-Weber-Foto-Roberto-Masotti-412x600.jpg","contentUrl":"http:\/\/www.jazzzeitung.de\/cms\/wp-content\/uploads\/2015\/05\/8_Eberhard-Weber-Foto-Roberto-Masotti-412x600.jpg"},{"@type":"BreadcrumbList","@id":"https:\/\/www.jazzzeitung.de\/cms\/2015\/05\/eberhard-weber-und-das-eva-klasse-quartett-erhalten-echo-jazz-2015\/#breadcrumb","itemListElement":[{"@type":"ListItem","position":1,"name":"Startseite","item":"https:\/\/www.jazzzeitung.de\/cms\/"},{"@type":"ListItem","position":2,"name":"Eberhard Weber und das Eva Klesse Quartett erhalten ECHO Jazz 2015"}]},{"@type":"WebSite","@id":"https:\/\/www.jazzzeitung.de\/cms\/#website","url":"https:\/\/www.jazzzeitung.de\/cms\/","name":"JazzZeitung","description":"Jazz-News und Jazz-Kontroverses","publisher":{"@id":"https:\/\/www.jazzzeitung.de\/cms\/#organization"},"potentialAction":[{"@type":"SearchAction","target":{"@type":"EntryPoint","urlTemplate":"https:\/\/www.jazzzeitung.de\/cms\/?s={search_term_string}"},"query-input":{"@type":"PropertyValueSpecification","valueRequired":true,"valueName":"search_term_string"}}],"inLanguage":"de"},{"@type":"Organization","@id":"https:\/\/www.jazzzeitung.de\/cms\/#organization","name":"JazzZeitung online","url":"https:\/\/www.jazzzeitung.de\/cms\/","logo":{"@type":"ImageObject","inLanguage":"de","@id":"https:\/\/www.jazzzeitung.de\/cms\/#\/schema\/logo\/image\/","url":"https:\/\/i0.wp.com\/www.jazzzeitung.de\/cms\/wp-content\/uploads\/2015\/08\/JAZZZEITUNGDE_Logo_Neu.png?fit=499%2C200&ssl=1","contentUrl":"https:\/\/i0.wp.com\/www.jazzzeitung.de\/cms\/wp-content\/uploads\/2015\/08\/JAZZZEITUNGDE_Logo_Neu.png?fit=499%2C200&ssl=1","width":499,"height":200,"caption":"JazzZeitung online"},"image":{"@id":"https:\/\/www.jazzzeitung.de\/cms\/#\/schema\/logo\/image\/"},"sameAs":["https:\/\/www.facebook.com\/JazzZeitung\/"]},{"@type":"Person","@id":"https:\/\/www.jazzzeitung.de\/cms\/#\/schema\/person\/2245b36b9cd1d24cea10f01c031fb92b","name":"Redaktion JazzZeitung","image":{"@type":"ImageObject","inLanguage":"de","@id":"https:\/\/i0.wp.com\/www.jazzzeitung.de\/cms\/wp-content\/uploads\/2015\/08\/JAZZZEITUNGDE_Logo_Neu.png?resize=96%2C96&ssl=159975dcacb611b5700bd619b5daf0a7a","url":"https:\/\/i0.wp.com\/www.jazzzeitung.de\/cms\/wp-content\/uploads\/2015\/08\/JAZZZEITUNGDE_Logo_Neu.png?resize=96%2C96&ssl=1","contentUrl":"https:\/\/i0.wp.com\/www.jazzzeitung.de\/cms\/wp-content\/uploads\/2015\/08\/JAZZZEITUNGDE_Logo_Neu.png?resize=96%2C96&ssl=1","caption":"Redaktion JazzZeitung"},"description":"Artikel der Redaktion der JazzZeitung.","sameAs":["http:\/\/www.jazzzeitung.de\/cms\/"],"url":"https:\/\/www.jazzzeitung.de\/cms\/author\/redaktion\/"}]}},"wp-worthy-pixel":{"ignored":false,"public":null,"server":null,"url":null},"wp-worthy-type":"normal","jetpack_publicize_connections":[],"cc_featured_image_caption":{"caption_text":false,"source_text":false,"source_url":false},"jetpack_featured_media_url":"","jetpack_shortlink":"https:\/\/wp.me\/p3KEcT-1Ca","jetpack-related-posts":[{"id":9406,"url":"https:\/\/www.jazzzeitung.de\/cms\/2016\/05\/lebenswerk-von-wolfgang-dauner-wird-mit-dem-echo-jazz-2016-honoriert\/","url_meta":{"origin":6210,"position":0},"title":"Lebenswerk von Wolfgang Dauner wird mit dem Echo Jazz 2016 honoriert","author":"Redaktion JazzZeitung","date":"27. Mai 2016","format":false,"excerpt":"Der Keyboarder, Jazzpianist und Filmkomponist Wolfgang Dauner wird in diesem Jahr mit dem ECHO JAZZ f\u00fcr sein Lebenswerk ausgezeichnet. Der 1935 in Stuttgart geborene K\u00fcnstler schrieb Musik f\u00fcr Film, Fernsehen, Theater und Musicalb\u00fchnen und hatte dabei stets den Anspruch, Genregrenzen zu transzendieren und neue gestalterische M\u00f6glichkeiten auszutesten. Im Laufe seiner\u2026","rel":"","context":"In &quot;Bericht&quot;","block_context":{"text":"Bericht","link":"https:\/\/www.jazzzeitung.de\/cms\/thema\/bericht\/"},"img":{"alt_text":"","src":"https:\/\/i0.wp.com\/www.jazzzeitung.de\/cms\/wp-content\/uploads\/2016\/05\/presse-dauner-total.jpeg?resize=350%2C200","width":350,"height":200},"classes":[]},{"id":6174,"url":"https:\/\/www.jazzzeitung.de\/cms\/2015\/05\/news-badi-assad-und-jamey-haddad-ottobrunn-gregory-porter-moderiert-den-echo-jazz-hamburg-isle-swing-bigband-straubing\/","url_meta":{"origin":6210,"position":1},"title":"News +++ Badi Assad und Jamey Haddad in Ottobrunn +++ Gregory Porter moderiert den ECHO Jazz in Hamburg +++ Isle Of Swing Bigband in Straubing +++","author":"Redaktion JazzZeitung","date":"19. Mai 2015","format":false,"excerpt":"\u201eTWO WOLRDS ONE\u201c \u2013 World meets Jazz Ganz im Zeichen der Weltmusik steht ein Konzert das am 21. Mai (20 Uhr) im Wolf-Ferrari-Haus in Ottobrunn stattfinden wird. Pr\u00e4sentiert wird es von den beiden k\u00fcnstlerischen Leiter der Ottobrunner Konzerte, Cornelius Claudio Kreusch und Johannes Tonio\u00a0Kreusch. Die beiden Br\u00fcder haben f\u00fcr diesen\u2026","rel":"","context":"In &quot;News&quot;","block_context":{"text":"News","link":"https:\/\/www.jazzzeitung.de\/cms\/thema\/nachrichten\/"},"img":{"alt_text":"Isle of Swing Bigband Fotos: Markus Fritsch","src":"https:\/\/i0.wp.com\/www.jazzzeitung.de\/cms\/wp-content\/uploads\/2015\/05\/Isle-of-Swing-Bigband-Pressefoto-3-2015-850-KB-150x150.jpg?resize=350%2C200","width":350,"height":200},"classes":[]},{"id":8976,"url":"https:\/\/www.jazzzeitung.de\/cms\/2016\/04\/newsdie-preistraeger-des-echo-jazz-2016-stehen-fest\/","url_meta":{"origin":6210,"position":2},"title":"Die Preistr\u00e4ger des ECHO Jazz 2016 stehen fest","author":"Redaktion JazzZeitung","date":"19. April 2016","format":false,"excerpt":"Die Preistr\u00e4ger des ECHO Jazz 2016 stehen fest. Wie die Deutsche Phono-Akademie, das Kulturinstitut des Bundesverbandes Musikindustrie (BVMI), heute .mitteilte, darf sich in der Kategorie \u201eEnsemble des Jahres national\" das Michael Wollny Trio \u00fcber eine .Auszeichnung f\u00fcr \u201eNacht-fahrten\" freuen, \u201eEnsemble des Jahres international\" ist das Jazz-Quartett James Farm um Saxophonist\u2026","rel":"","context":"In &quot;News&quot;","block_context":{"text":"News","link":"https:\/\/www.jazzzeitung.de\/cms\/thema\/nachrichten\/"},"img":{"alt_text":"ECHO Jazz 2013 am 23.04.2013 in der Fischauktionshalle Hamburg \/\/\/ Foto: Monique Wuestenhagen \/ BVMI","src":"https:\/\/i0.wp.com\/www.jazzzeitung.de\/cms\/wp-content\/uploads\/2016\/04\/wuestenhagen_echojazz2013_54901-150x150.jpg?resize=350%2C200","width":350,"height":200},"classes":[]},{"id":12474,"url":"https:\/\/www.jazzzeitung.de\/cms\/2017\/05\/klaus-doldinger-erhaelt-den-echo-jazz-2017-fuer-sein-lebenswerk\/","url_meta":{"origin":6210,"position":3},"title":"Klaus Doldinger erh\u00e4lt den ECHO JAZZ 2017 f\u00fcr sein Lebenswerk","author":"Redaktion JazzZeitung","date":"23. Mai 2017","format":false,"excerpt":"Berlin\/Hamburg, 23. Mai 2017 \u2013 Der Saxophonist und Bandleader Klaus Doldinger wird in diesem Jahr mit dem ECHO JAZZ f\u00fcr sein Lebenswerk ausgezeichnet. Vor 81 Jahren in Berlin geboren, spielte Doldinger ab 1953 in D\u00fcsseldorf in seiner ersten Band, den \u201eFeetwarmers\u201c, der auch der Kabarettist Dieter S\u00fcverkr\u00fcp sowie der sp\u00e4tere\u2026","rel":"","context":"In &quot;News&quot;","block_context":{"text":"News","link":"https:\/\/www.jazzzeitung.de\/cms\/thema\/nachrichten\/"},"img":{"alt_text":"","src":"https:\/\/i0.wp.com\/www.jazzzeitung.de\/cms\/wp-content\/uploads\/2017\/05\/DoldingerWarner-music-group_0161-150x150.jpeg?resize=350%2C200&ssl=1","width":350,"height":200},"classes":[]},{"id":7144,"url":"https:\/\/www.jazzzeitung.de\/cms\/2015\/09\/landesjazzpreis-baden-wuerttemberg-sonderpreis-fuer-das-lebenswerk-geht-den-bassisten-eberhard-weber\/","url_meta":{"origin":6210,"position":4},"title":"Landesjazzpreis Baden-W\u00fcrttemberg: \u201eSonderpreis f\u00fcr das Lebenswerk\u201c geht an Wolfgang Dauner","author":"Redaktion JazzZeitung","date":"23. September 2015","format":false,"excerpt":"Der Jazzpreis Baden-W\u00fcrttemberg ist ein mit 15.000 Euro dotierter Nachwuchspreis f\u00fcr Jazzmusiker. Er wurde vom Land Baden-W\u00fcrttemberg erstmals\u00a01985 verliehen und geht an Musiker, die nicht \u00e4lter als 35 Jahre sind und einen wesentlichen Beitrag f\u00fcr die Jazzszene des Landes geleistet haben. 2016 wird zum zweiten Mal der Landesjazzpreis Baden-W\u00fcrttemberg in\u2026","rel":"","context":"In &quot;News&quot;","block_context":{"text":"News","link":"https:\/\/www.jazzzeitung.de\/cms\/thema\/nachrichten\/"},"img":{"alt_text":"Der Preistr\u00e4ger Wolfgang Dauner. Foto: J\u00f6rg Becker","src":"https:\/\/i0.wp.com\/www.jazzzeitung.de\/cms\/wp-content\/uploads\/2015\/09\/Der-Preistr%C3%A4ger-Wolfgang-Dauner.-Foto-J%C3%B6rg-Becker-150x150.jpg?resize=350%2C200","width":350,"height":200},"classes":[]},{"id":15994,"url":"https:\/\/www.jazzzeitung.de\/cms\/2018\/05\/15994\/","url_meta":{"origin":6210,"position":5},"title":"Preisvergabe des diesj\u00e4hrigen ECHO Jazz abgesagt","author":"Redaktion JazzZeitung","date":"11. Mai 2018","format":false,"excerpt":"Nachdem Ende April angek\u00fcndigt wurde, die Preisvergabe des diesj\u00e4hrigen ECHO Jazz w\u00fcrde in kleinerem Rahmen ohne TV-\u00dcbertragung stattfinden, meldete die Deutsche Phono-Akademie jetzt auf der Homepage, dass die Verleihung des Musikpreises g\u00e4nzlich entf\u00e4llt. \"Angesichts der bevorstehenden Neupositionierung der deutschen Musikpreise ist es konsequent, die diesj\u00e4hrige Verleihung ausfallen zu lassen und\u2026","rel":"","context":"In &quot;News&quot;","block_context":{"text":"News","link":"https:\/\/www.jazzzeitung.de\/cms\/thema\/nachrichten\/"},"img":{"alt_text":"Menzels Schwester Emilie im Schlaf. Um 1848, \u00d6l auf Papier, aif Leinwand, 46,8 \u00d7 60 cm Adolf Friedrich Erdmann von Menzel. Hamburg, Kunsthalle","src":"https:\/\/i0.wp.com\/www.jazzzeitung.de\/cms\/wp-content\/uploads\/2018\/05\/menzel_schlaf.jpg?fit=1200%2C922&ssl=1&resize=350%2C200","width":350,"height":200,"srcset":"https:\/\/i0.wp.com\/www.jazzzeitung.de\/cms\/wp-content\/uploads\/2018\/05\/menzel_schlaf.jpg?fit=1200%2C922&ssl=1&resize=350%2C200 1x, https:\/\/i0.wp.com\/www.jazzzeitung.de\/cms\/wp-content\/uploads\/2018\/05\/menzel_schlaf.jpg?fit=1200%2C922&ssl=1&resize=525%2C300 1.5x, https:\/\/i0.wp.com\/www.jazzzeitung.de\/cms\/wp-content\/uploads\/2018\/05\/menzel_schlaf.jpg?fit=1200%2C922&ssl=1&resize=700%2C400 2x, https:\/\/i0.wp.com\/www.jazzzeitung.de\/cms\/wp-content\/uploads\/2018\/05\/menzel_schlaf.jpg?fit=1200%2C922&ssl=1&resize=1050%2C600 3x"},"classes":[]}],"jetpack_sharing_enabled":true,"_links":{"self":[{"href":"https:\/\/www.jazzzeitung.de\/cms\/wp-json\/wp\/v2\/posts\/6210","targetHints":{"allow":["GET"]}}],"collection":[{"href":"https:\/\/www.jazzzeitung.de\/cms\/wp-json\/wp\/v2\/posts"}],"about":[{"href":"https:\/\/www.jazzzeitung.de\/cms\/wp-json\/wp\/v2\/types\/post"}],"author":[{"embeddable":true,"href":"https:\/\/www.jazzzeitung.de\/cms\/wp-json\/wp\/v2\/users\/18"}],"replies":[{"embeddable":true,"href":"https:\/\/www.jazzzeitung.de\/cms\/wp-json\/wp\/v2\/comments?post=6210"}],"version-history":[{"count":4,"href":"https:\/\/www.jazzzeitung.de\/cms\/wp-json\/wp\/v2\/posts\/6210\/revisions"}],"predecessor-version":[{"id":6221,"href":"https:\/\/www.jazzzeitung.de\/cms\/wp-json\/wp\/v2\/posts\/6210\/revisions\/6221"}],"wp:attachment":[{"href":"https:\/\/www.jazzzeitung.de\/cms\/wp-json\/wp\/v2\/media?parent=6210"}],"wp:term":[{"taxonomy":"category","embeddable":true,"href":"https:\/\/www.jazzzeitung.de\/cms\/wp-json\/wp\/v2\/categories?post=6210"},{"taxonomy":"post_tag","embeddable":true,"href":"https:\/\/www.jazzzeitung.de\/cms\/wp-json\/wp\/v2\/tags?post=6210"},{"taxonomy":"author","embeddable":true,"href":"https:\/\/www.jazzzeitung.de\/cms\/wp-json\/wp\/v2\/coauthors?post=6210"}],"curies":[{"name":"wp","href":"https:\/\/api.w.org\/{rel}","templated":true}]}}