{"id":6102,"date":"2015-05-08T12:00:09","date_gmt":"2015-05-08T10:00:09","guid":{"rendered":"http:\/\/www.jazzzeitung.de\/cms\/?p=6102"},"modified":"2015-05-11T10:00:34","modified_gmt":"2015-05-11T08:00:34","slug":"viktoria-tolstoy-jacob-karlzon-im-veranstaltungsforum-fuerstenfeld-fussball-oder-jazz","status":"publish","type":"post","link":"https:\/\/www.jazzzeitung.de\/cms\/2015\/05\/viktoria-tolstoy-jacob-karlzon-im-veranstaltungsforum-fuerstenfeld-fussball-oder-jazz\/","title":{"rendered":"Viktoria Tolstoy &#038; Jacob Karlzon im Veranstaltungsforum F\u00fcrstenfeld &#8211; Fu\u00dfball oder Jazz?"},"content":{"rendered":"<figure id=\"attachment_6108\" aria-describedby=\"caption-attachment-6108\" style=\"width: 150px\" class=\"wp-caption alignright\"><a href=\"https:\/\/i0.wp.com\/www.jazzzeitung.de\/cms\/wp-content\/uploads\/2015\/05\/P1010278Tolstoy-Karlzon-Copyright-by-TJ-Krebs-jazzphotoagency%40web.de_.jpg\"><img data-recalc-dims=\"1\" loading=\"lazy\" decoding=\"async\" data-attachment-id=\"6108\" data-permalink=\"https:\/\/www.jazzzeitung.de\/cms\/2015\/05\/viktoria-tolstoy-jacob-karlzon-im-veranstaltungsforum-fuerstenfeld-fussball-oder-jazz\/p1010278tolstoy-karlzon-copyright-by-tj-krebs-jazzphotoagencyweb-de\/\" data-orig-file=\"https:\/\/i0.wp.com\/www.jazzzeitung.de\/cms\/wp-content\/uploads\/2015\/05\/P1010278Tolstoy-Karlzon-Copyright-by-TJ-Krebs-jazzphotoagency%40web.de_.jpg?fit=1600%2C1067&amp;ssl=1\" data-orig-size=\"1600,1067\" data-comments-opened=\"1\" data-image-meta=\"{&quot;aperture&quot;:&quot;0&quot;,&quot;credit&quot;:&quot;&quot;,&quot;camera&quot;:&quot;&quot;,&quot;caption&quot;:&quot;&quot;,&quot;created_timestamp&quot;:&quot;0&quot;,&quot;copyright&quot;:&quot;&quot;,&quot;focal_length&quot;:&quot;0&quot;,&quot;iso&quot;:&quot;0&quot;,&quot;shutter_speed&quot;:&quot;0&quot;,&quot;title&quot;:&quot;&quot;,&quot;orientation&quot;:&quot;0&quot;}\" data-image-title=\"P1010278Tolstoy &amp;#038; Karlzon &amp;#8211; Copyright by TJ Krebs jazzphotoagency@web.de\" data-image-description=\"\" data-image-caption=\"&lt;p&gt;Tolstoy  &amp;#038; Karlzon. Foto: TJ Krebs jazzphotoagency@web.de&lt;\/p&gt;\n\" data-large-file=\"https:\/\/i0.wp.com\/www.jazzzeitung.de\/cms\/wp-content\/uploads\/2015\/05\/P1010278Tolstoy-Karlzon-Copyright-by-TJ-Krebs-jazzphotoagency%40web.de_.jpg?fit=840%2C560&amp;ssl=1\" class=\"size-thumbnail wp-image-6108\" src=\"https:\/\/i0.wp.com\/www.jazzzeitung.de\/cms\/wp-content\/uploads\/2015\/05\/P1010278Tolstoy-Karlzon-Copyright-by-TJ-Krebs-jazzphotoagency%40web.de_-150x150.jpg?resize=150%2C150\" alt=\"Tolstoy  &amp; Karlzon. Foto: TJ Krebs jazzphotoagency@web.de\" width=\"150\" height=\"150\" srcset=\"https:\/\/i0.wp.com\/www.jazzzeitung.de\/cms\/wp-content\/uploads\/2015\/05\/P1010278Tolstoy-Karlzon-Copyright-by-TJ-Krebs-jazzphotoagency%40web.de_.jpg?resize=150%2C150&amp;ssl=1 150w, https:\/\/i0.wp.com\/www.jazzzeitung.de\/cms\/wp-content\/uploads\/2015\/05\/P1010278Tolstoy-Karlzon-Copyright-by-TJ-Krebs-jazzphotoagency%40web.de_.jpg?resize=144%2C144&amp;ssl=1 144w, https:\/\/i0.wp.com\/www.jazzzeitung.de\/cms\/wp-content\/uploads\/2015\/05\/P1010278Tolstoy-Karlzon-Copyright-by-TJ-Krebs-jazzphotoagency%40web.de_.jpg?resize=96%2C96&amp;ssl=1 96w, https:\/\/i0.wp.com\/www.jazzzeitung.de\/cms\/wp-content\/uploads\/2015\/05\/P1010278Tolstoy-Karlzon-Copyright-by-TJ-Krebs-jazzphotoagency%40web.de_.jpg?resize=24%2C24&amp;ssl=1 24w, https:\/\/i0.wp.com\/www.jazzzeitung.de\/cms\/wp-content\/uploads\/2015\/05\/P1010278Tolstoy-Karlzon-Copyright-by-TJ-Krebs-jazzphotoagency%40web.de_.jpg?resize=36%2C36&amp;ssl=1 36w, https:\/\/i0.wp.com\/www.jazzzeitung.de\/cms\/wp-content\/uploads\/2015\/05\/P1010278Tolstoy-Karlzon-Copyright-by-TJ-Krebs-jazzphotoagency%40web.de_.jpg?resize=48%2C48&amp;ssl=1 48w, https:\/\/i0.wp.com\/www.jazzzeitung.de\/cms\/wp-content\/uploads\/2015\/05\/P1010278Tolstoy-Karlzon-Copyright-by-TJ-Krebs-jazzphotoagency%40web.de_.jpg?resize=64%2C64&amp;ssl=1 64w, https:\/\/i0.wp.com\/www.jazzzeitung.de\/cms\/wp-content\/uploads\/2015\/05\/P1010278Tolstoy-Karlzon-Copyright-by-TJ-Krebs-jazzphotoagency%40web.de_.jpg?resize=32%2C32&amp;ssl=1 32w, https:\/\/i0.wp.com\/www.jazzzeitung.de\/cms\/wp-content\/uploads\/2015\/05\/P1010278Tolstoy-Karlzon-Copyright-by-TJ-Krebs-jazzphotoagency%40web.de_.jpg?resize=128%2C128&amp;ssl=1 128w, https:\/\/i0.wp.com\/www.jazzzeitung.de\/cms\/wp-content\/uploads\/2015\/05\/P1010278Tolstoy-Karlzon-Copyright-by-TJ-Krebs-jazzphotoagency%40web.de_.jpg?zoom=2&amp;resize=150%2C150&amp;ssl=1 300w, https:\/\/i0.wp.com\/www.jazzzeitung.de\/cms\/wp-content\/uploads\/2015\/05\/P1010278Tolstoy-Karlzon-Copyright-by-TJ-Krebs-jazzphotoagency%40web.de_.jpg?zoom=3&amp;resize=150%2C150&amp;ssl=1 450w\" sizes=\"auto, (max-width: 150px) 100vw, 150px\" \/><\/a><figcaption id=\"caption-attachment-6108\" class=\"wp-caption-text\">Tolstoy &amp; Karlzon. Foto: TJ Krebs jazzphotoagency@web.de<\/figcaption><\/figure>\n<p>Von Thomas J. Krebs \u2013 Diese Frage stellte sich dem Publikum aus dem M\u00fcnchner Umland am vergangenen Mittwoch nicht wirklich. Im Rahmen der renommierten und erfolgreichen \u201ef\u00fcrst jazz\u201c Reihe, die mittlerweile in die 22. Saison geht, erschien das treue Jazzpublikum vollz\u00e4hlig und konnte, im Gegensatz zu den Fu\u00dfballfans, den Abend in vollen Z\u00fcgen genie\u00dfen. Ob \u201eAgainst all odds\u201c von Phil Collins, St\u00fccke von ihren Alben \u201eWhite Russian\u201c, \u201eLetters to Herbie\u201c oder Songs aus dem aktuellen Duo Album mit Jakob Karlzon, Tolstoy verzauberte das Publikum mit ihrer facettenreichen Stimme und gab Karlzon gleichzeitig gen\u00fcgend Raum, um auch solistisch am Piano brillieren zu k\u00f6nnen. Gewonnen hat an diesem Abend auf jeden Fall das Publikum mit der Entscheidung sich das Konzert anzuh\u00f6ren. Anbei ein paar fotografische Impressionen des Abends.<\/p>\n<div class=\"tiled-gallery type-rectangular tiled-gallery-unresized\" data-original-width=\"840\" data-carousel-extra='{&quot;blog_id&quot;:1,&quot;permalink&quot;:&quot;https:\\\/\\\/www.jazzzeitung.de\\\/cms\\\/2015\\\/05\\\/viktoria-tolstoy-jacob-karlzon-im-veranstaltungsforum-fuerstenfeld-fussball-oder-jazz\\\/&quot;,&quot;likes_blog_id&quot;:55446655}' itemscope itemtype=\"http:\/\/schema.org\/ImageGallery\" > <div class=\"gallery-row\" style=\"width: 840px; height: 388px;\" data-original-width=\"840\" data-original-height=\"388\" > <div class=\"gallery-group images-1\" style=\"width: 580px; height: 388px;\" data-original-width=\"580\" data-original-height=\"388\" > <div class=\"tiled-gallery-item tiled-gallery-item-large\" itemprop=\"associatedMedia\" itemscope itemtype=\"http:\/\/schema.org\/ImageObject\"> <a href=\"https:\/\/www.jazzzeitung.de\/cms\/2015\/05\/viktoria-tolstoy-jacob-karlzon-im-veranstaltungsforum-fuerstenfeld-fussball-oder-jazz\/p1010278tolstoy-karlzon-copyright-by-tj-krebs-jazzphotoagencyweb-de\/\" border=\"0\" itemprop=\"url\"> <meta itemprop=\"width\" content=\"576\"> <meta itemprop=\"height\" content=\"384\"> <img decoding=\"async\" class=\"\" data-attachment-id=\"6108\" data-orig-file=\"https:\/\/www.jazzzeitung.de\/cms\/wp-content\/uploads\/2015\/05\/P1010278Tolstoy-Karlzon-Copyright-by-TJ-Krebs-jazzphotoagency@web.de_.jpg\" data-orig-size=\"1600,1067\" data-comments-opened=\"1\" data-image-meta=\"{&quot;aperture&quot;:&quot;0&quot;,&quot;credit&quot;:&quot;&quot;,&quot;camera&quot;:&quot;&quot;,&quot;caption&quot;:&quot;&quot;,&quot;created_timestamp&quot;:&quot;0&quot;,&quot;copyright&quot;:&quot;&quot;,&quot;focal_length&quot;:&quot;0&quot;,&quot;iso&quot;:&quot;0&quot;,&quot;shutter_speed&quot;:&quot;0&quot;,&quot;title&quot;:&quot;&quot;,&quot;orientation&quot;:&quot;0&quot;}\" data-image-title=\"P1010278Tolstoy &amp;#038; Karlzon &amp;#8211; Copyright by TJ Krebs jazzphotoagency@web.de\" data-image-description=\"\" data-medium-file=\"https:\/\/i0.wp.com\/www.jazzzeitung.de\/cms\/wp-content\/uploads\/2015\/05\/P1010278Tolstoy-Karlzon-Copyright-by-TJ-Krebs-jazzphotoagency%40web.de_.jpg?fit=300%2C200&#038;ssl=1\" data-large-file=\"https:\/\/i0.wp.com\/www.jazzzeitung.de\/cms\/wp-content\/uploads\/2015\/05\/P1010278Tolstoy-Karlzon-Copyright-by-TJ-Krebs-jazzphotoagency%40web.de_.jpg?fit=840%2C560&#038;ssl=1\" src=\"https:\/\/i0.wp.com\/www.jazzzeitung.de\/cms\/wp-content\/uploads\/2015\/05\/P1010278Tolstoy-Karlzon-Copyright-by-TJ-Krebs-jazzphotoagency%40web.de_.jpg?w=576&#038;h=384&#038;ssl=1\" width=\"576\" height=\"384\" loading=\"lazy\" data-original-width=\"576\" data-original-height=\"384\" itemprop=\"http:\/\/schema.org\/image\" title=\"P1010278Tolstoy &amp; Karlzon - Copyright by TJ Krebs jazzphotoagency@web.de\" alt=\"Tolstoy &amp; Karlzon. Foto: TJ Krebs jazzphotoagency@web.de\" style=\"width: 576px; height: 384px;\" \/> <\/a> <div class=\"tiled-gallery-caption\" itemprop=\"caption description\"> Tolstoy &#038; Karlzon. Foto: TJ Krebs jazzphotoagency@web.de <\/div> <\/div> <\/div> <!-- close group --> <div class=\"gallery-group images-1\" style=\"width: 260px; height: 388px;\" data-original-width=\"260\" data-original-height=\"388\" > <div class=\"tiled-gallery-item tiled-gallery-item-large\" itemprop=\"associatedMedia\" itemscope itemtype=\"http:\/\/schema.org\/ImageObject\"> <a href=\"https:\/\/www.jazzzeitung.de\/cms\/2015\/05\/viktoria-tolstoy-jacob-karlzon-im-veranstaltungsforum-fuerstenfeld-fussball-oder-jazz\/p1500840-karlzon-copyright-by-tj-krebs-jazzphotoagencyweb-de\/\" border=\"0\" itemprop=\"url\"> <meta itemprop=\"width\" content=\"256\"> <meta itemprop=\"height\" content=\"384\"> <img decoding=\"async\" class=\"\" data-attachment-id=\"6110\" data-orig-file=\"https:\/\/www.jazzzeitung.de\/cms\/wp-content\/uploads\/2015\/05\/P1500840-Karlzon-Copyright-by-TJ-Krebs-jazzphotoagency@web.de_.jpg\" data-orig-size=\"800,1200\" data-comments-opened=\"1\" data-image-meta=\"{&quot;aperture&quot;:&quot;0&quot;,&quot;credit&quot;:&quot;&quot;,&quot;camera&quot;:&quot;&quot;,&quot;caption&quot;:&quot;&quot;,&quot;created_timestamp&quot;:&quot;0&quot;,&quot;copyright&quot;:&quot;&quot;,&quot;focal_length&quot;:&quot;0&quot;,&quot;iso&quot;:&quot;0&quot;,&quot;shutter_speed&quot;:&quot;0&quot;,&quot;title&quot;:&quot;&quot;,&quot;orientation&quot;:&quot;0&quot;}\" data-image-title=\"P1500840 Karlzon &amp;#8211; Copyright by TJ Krebs jazzphotoagency@web.de\" data-image-description=\"\" data-medium-file=\"https:\/\/i0.wp.com\/www.jazzzeitung.de\/cms\/wp-content\/uploads\/2015\/05\/P1500840-Karlzon-Copyright-by-TJ-Krebs-jazzphotoagency%40web.de_.jpg?fit=200%2C300&#038;ssl=1\" data-large-file=\"https:\/\/i0.wp.com\/www.jazzzeitung.de\/cms\/wp-content\/uploads\/2015\/05\/P1500840-Karlzon-Copyright-by-TJ-Krebs-jazzphotoagency%40web.de_.jpg?fit=400%2C600&#038;ssl=1\" src=\"https:\/\/i0.wp.com\/www.jazzzeitung.de\/cms\/wp-content\/uploads\/2015\/05\/P1500840-Karlzon-Copyright-by-TJ-Krebs-jazzphotoagency%40web.de_.jpg?w=256&#038;h=384&#038;ssl=1\" width=\"256\" height=\"384\" loading=\"lazy\" data-original-width=\"256\" data-original-height=\"384\" itemprop=\"http:\/\/schema.org\/image\" title=\"P1500840 Karlzon - Copyright by TJ Krebs jazzphotoagency@web.de\" alt=\"Karlzon. Foto: TJ Krebs jazzphotoagency@web.de\" style=\"width: 256px; height: 384px;\" \/> <\/a> <div class=\"tiled-gallery-caption\" itemprop=\"caption description\"> Karlzon. Foto: TJ Krebs jazzphotoagency@web.de <\/div> <\/div> <\/div> <!-- close group --> <\/div> <!-- close row --> <div class=\"gallery-row\" style=\"width: 840px; height: 721px;\" data-original-width=\"840\" data-original-height=\"721\" > <div class=\"gallery-group images-1\" style=\"width: 482px; height: 721px;\" data-original-width=\"482\" data-original-height=\"721\" > <div class=\"tiled-gallery-item tiled-gallery-item-large\" itemprop=\"associatedMedia\" itemscope itemtype=\"http:\/\/schema.org\/ImageObject\"> <a href=\"https:\/\/www.jazzzeitung.de\/cms\/2015\/05\/viktoria-tolstoy-jacob-karlzon-im-veranstaltungsforum-fuerstenfeld-fussball-oder-jazz\/p1010231-tolstoy-copyright-by-tj-krebs-jazzphotoagencyweb-de\/\" border=\"0\" itemprop=\"url\"> <meta itemprop=\"width\" content=\"478\"> <meta itemprop=\"height\" content=\"717\"> <img decoding=\"async\" class=\"\" data-attachment-id=\"6107\" data-orig-file=\"https:\/\/www.jazzzeitung.de\/cms\/wp-content\/uploads\/2015\/05\/P1010231-Tolstoy-Copyright-by-TJ-Krebs-jazzphotoagency@web.de_.jpg\" data-orig-size=\"800,1200\" data-comments-opened=\"1\" data-image-meta=\"{&quot;aperture&quot;:&quot;0&quot;,&quot;credit&quot;:&quot;&quot;,&quot;camera&quot;:&quot;&quot;,&quot;caption&quot;:&quot;&quot;,&quot;created_timestamp&quot;:&quot;0&quot;,&quot;copyright&quot;:&quot;&quot;,&quot;focal_length&quot;:&quot;0&quot;,&quot;iso&quot;:&quot;0&quot;,&quot;shutter_speed&quot;:&quot;0&quot;,&quot;title&quot;:&quot;&quot;,&quot;orientation&quot;:&quot;0&quot;}\" data-image-title=\"P1010231 Tolstoy &amp;#8211; Copyright by TJ Krebs jazzphotoagency@web.de\" data-image-description=\"\" data-medium-file=\"https:\/\/i0.wp.com\/www.jazzzeitung.de\/cms\/wp-content\/uploads\/2015\/05\/P1010231-Tolstoy-Copyright-by-TJ-Krebs-jazzphotoagency%40web.de_.jpg?fit=200%2C300&#038;ssl=1\" data-large-file=\"https:\/\/i0.wp.com\/www.jazzzeitung.de\/cms\/wp-content\/uploads\/2015\/05\/P1010231-Tolstoy-Copyright-by-TJ-Krebs-jazzphotoagency%40web.de_.jpg?fit=400%2C600&#038;ssl=1\" src=\"https:\/\/i0.wp.com\/www.jazzzeitung.de\/cms\/wp-content\/uploads\/2015\/05\/P1010231-Tolstoy-Copyright-by-TJ-Krebs-jazzphotoagency%40web.de_.jpg?w=478&#038;h=717&#038;ssl=1\" width=\"478\" height=\"717\" loading=\"lazy\" data-original-width=\"478\" data-original-height=\"717\" itemprop=\"http:\/\/schema.org\/image\" title=\"P1010231 Tolstoy - Copyright by TJ Krebs jazzphotoagency@web.de\" alt=\"Tolstoy. Foto: TJ Krebs jazzphotoagency@web.de\" style=\"width: 478px; height: 717px;\" \/> <\/a> <div class=\"tiled-gallery-caption\" itemprop=\"caption description\"> Tolstoy. Foto: TJ Krebs jazzphotoagency@web.de <\/div> <\/div> <\/div> <!-- close group --> <div class=\"gallery-group images-3\" style=\"width: 358px; height: 721px;\" data-original-width=\"358\" data-original-height=\"721\" > <div class=\"tiled-gallery-item tiled-gallery-item-large\" itemprop=\"associatedMedia\" itemscope itemtype=\"http:\/\/schema.org\/ImageObject\"> <a href=\"https:\/\/www.jazzzeitung.de\/cms\/2015\/05\/viktoria-tolstoy-jacob-karlzon-im-veranstaltungsforum-fuerstenfeld-fussball-oder-jazz\/p1500856-karlzon-hands-copyright-by-tj-krebs-jazzphotoagencyweb-de\/\" border=\"0\" itemprop=\"url\"> <meta itemprop=\"width\" content=\"354\"> <meta itemprop=\"height\" content=\"236\"> <img decoding=\"async\" class=\"\" data-attachment-id=\"6111\" data-orig-file=\"https:\/\/www.jazzzeitung.de\/cms\/wp-content\/uploads\/2015\/05\/P1500856-Karlzon-Hands-Copyright-by-TJ-Krebs-jazzphotoagency@web.de_.jpg\" data-orig-size=\"1600,1066\" data-comments-opened=\"1\" data-image-meta=\"{&quot;aperture&quot;:&quot;0&quot;,&quot;credit&quot;:&quot;&quot;,&quot;camera&quot;:&quot;&quot;,&quot;caption&quot;:&quot;&quot;,&quot;created_timestamp&quot;:&quot;0&quot;,&quot;copyright&quot;:&quot;&quot;,&quot;focal_length&quot;:&quot;0&quot;,&quot;iso&quot;:&quot;0&quot;,&quot;shutter_speed&quot;:&quot;0&quot;,&quot;title&quot;:&quot;&quot;,&quot;orientation&quot;:&quot;0&quot;}\" data-image-title=\"P1500856 Karlzon Hands &amp;#8211; Copyright by TJ Krebs jazzphotoagency@web.de\" data-image-description=\"\" data-medium-file=\"https:\/\/i0.wp.com\/www.jazzzeitung.de\/cms\/wp-content\/uploads\/2015\/05\/P1500856-Karlzon-Hands-Copyright-by-TJ-Krebs-jazzphotoagency%40web.de_.jpg?fit=300%2C200&#038;ssl=1\" data-large-file=\"https:\/\/i0.wp.com\/www.jazzzeitung.de\/cms\/wp-content\/uploads\/2015\/05\/P1500856-Karlzon-Hands-Copyright-by-TJ-Krebs-jazzphotoagency%40web.de_.jpg?fit=840%2C560&#038;ssl=1\" src=\"https:\/\/i0.wp.com\/www.jazzzeitung.de\/cms\/wp-content\/uploads\/2015\/05\/P1500856-Karlzon-Hands-Copyright-by-TJ-Krebs-jazzphotoagency%40web.de_.jpg?w=354&#038;h=236&#038;ssl=1\" width=\"354\" height=\"236\" loading=\"lazy\" data-original-width=\"354\" data-original-height=\"236\" itemprop=\"http:\/\/schema.org\/image\" title=\"P1500856 Karlzon Hands - Copyright by TJ Krebs jazzphotoagency@web.de\" alt=\"Karlzons H\u00e4nde. Foto: TJ Krebs jazzphotoagency@web.de\" style=\"width: 354px; height: 236px;\" \/> <\/a> <div class=\"tiled-gallery-caption\" itemprop=\"caption description\"> Karlzons H\u00e4nde. Foto: TJ Krebs jazzphotoagency@web.de <\/div> <\/div> <div class=\"tiled-gallery-item tiled-gallery-item-large\" itemprop=\"associatedMedia\" itemscope itemtype=\"http:\/\/schema.org\/ImageObject\"> <a href=\"https:\/\/www.jazzzeitung.de\/cms\/2015\/05\/viktoria-tolstoy-jacob-karlzon-im-veranstaltungsforum-fuerstenfeld-fussball-oder-jazz\/p1010080-karlzon-copyright-by-tj-krebs-jazzphotoagencyweb-de\/\" border=\"0\" itemprop=\"url\"> <meta itemprop=\"width\" content=\"354\"> <meta itemprop=\"height\" content=\"237\"> <img decoding=\"async\" class=\"\" data-attachment-id=\"6103\" data-orig-file=\"https:\/\/www.jazzzeitung.de\/cms\/wp-content\/uploads\/2015\/05\/P1010080-Karlzon-Copyright-by-TJ-Krebs-jazzphotoagency@web-de.jpg\" data-orig-size=\"1600,1067\" data-comments-opened=\"1\" data-image-meta=\"{&quot;aperture&quot;:&quot;0&quot;,&quot;credit&quot;:&quot;&quot;,&quot;camera&quot;:&quot;&quot;,&quot;caption&quot;:&quot;&quot;,&quot;created_timestamp&quot;:&quot;0&quot;,&quot;copyright&quot;:&quot;&quot;,&quot;focal_length&quot;:&quot;0&quot;,&quot;iso&quot;:&quot;0&quot;,&quot;shutter_speed&quot;:&quot;0&quot;,&quot;title&quot;:&quot;&quot;,&quot;orientation&quot;:&quot;0&quot;}\" data-image-title=\"P1010080 Karlzon &amp;#8211; Copyright by TJ Krebs jazzphotoagency@web de\" data-image-description=\"\" data-medium-file=\"https:\/\/i0.wp.com\/www.jazzzeitung.de\/cms\/wp-content\/uploads\/2015\/05\/P1010080-Karlzon-Copyright-by-TJ-Krebs-jazzphotoagency%40web-de.jpg?fit=300%2C200&#038;ssl=1\" data-large-file=\"https:\/\/i0.wp.com\/www.jazzzeitung.de\/cms\/wp-content\/uploads\/2015\/05\/P1010080-Karlzon-Copyright-by-TJ-Krebs-jazzphotoagency%40web-de.jpg?fit=840%2C560&#038;ssl=1\" src=\"https:\/\/i0.wp.com\/www.jazzzeitung.de\/cms\/wp-content\/uploads\/2015\/05\/P1010080-Karlzon-Copyright-by-TJ-Krebs-jazzphotoagency%40web-de.jpg?w=354&#038;h=237&#038;ssl=1\" width=\"354\" height=\"237\" loading=\"lazy\" data-original-width=\"354\" data-original-height=\"237\" itemprop=\"http:\/\/schema.org\/image\" title=\"P1010080 Karlzon - Copyright by TJ Krebs jazzphotoagency@web de\" alt=\"Karlzon. Foto: TJ Krebs jazzphotoagency@web.de\" style=\"width: 354px; height: 237px;\" \/> <\/a> <div class=\"tiled-gallery-caption\" itemprop=\"caption description\"> Karlzon. Foto: TJ Krebs jazzphotoagency@web.de <\/div> <\/div> <div class=\"tiled-gallery-item tiled-gallery-item-large\" itemprop=\"associatedMedia\" itemscope itemtype=\"http:\/\/schema.org\/ImageObject\"> <a href=\"https:\/\/www.jazzzeitung.de\/cms\/2015\/05\/viktoria-tolstoy-jacob-karlzon-im-veranstaltungsforum-fuerstenfeld-fussball-oder-jazz\/p1010107-tolstoy-copyright-by-tj-krebs-jazzphotoagencyweb-de\/\" border=\"0\" itemprop=\"url\"> <meta itemprop=\"width\" content=\"354\"> <meta itemprop=\"height\" content=\"236\"> <img decoding=\"async\" class=\"\" data-attachment-id=\"6104\" data-orig-file=\"https:\/\/www.jazzzeitung.de\/cms\/wp-content\/uploads\/2015\/05\/P1010107-Tolstoy-Copyright-by-TJ-Krebs-jazzphotoagency@web.de_.jpg\" data-orig-size=\"1600,1067\" data-comments-opened=\"1\" data-image-meta=\"{&quot;aperture&quot;:&quot;0&quot;,&quot;credit&quot;:&quot;&quot;,&quot;camera&quot;:&quot;&quot;,&quot;caption&quot;:&quot;&quot;,&quot;created_timestamp&quot;:&quot;0&quot;,&quot;copyright&quot;:&quot;&quot;,&quot;focal_length&quot;:&quot;0&quot;,&quot;iso&quot;:&quot;0&quot;,&quot;shutter_speed&quot;:&quot;0&quot;,&quot;title&quot;:&quot;&quot;,&quot;orientation&quot;:&quot;0&quot;}\" data-image-title=\"P1010107 Tolstoy &amp;#8211; Copyright by TJ Krebs jazzphotoagency@web.de\" data-image-description=\"\" data-medium-file=\"https:\/\/i0.wp.com\/www.jazzzeitung.de\/cms\/wp-content\/uploads\/2015\/05\/P1010107-Tolstoy-Copyright-by-TJ-Krebs-jazzphotoagency%40web.de_.jpg?fit=300%2C200&#038;ssl=1\" data-large-file=\"https:\/\/i0.wp.com\/www.jazzzeitung.de\/cms\/wp-content\/uploads\/2015\/05\/P1010107-Tolstoy-Copyright-by-TJ-Krebs-jazzphotoagency%40web.de_.jpg?fit=840%2C560&#038;ssl=1\" src=\"https:\/\/i0.wp.com\/www.jazzzeitung.de\/cms\/wp-content\/uploads\/2015\/05\/P1010107-Tolstoy-Copyright-by-TJ-Krebs-jazzphotoagency%40web.de_.jpg?w=354&#038;h=236&#038;ssl=1\" width=\"354\" height=\"236\" loading=\"lazy\" data-original-width=\"354\" data-original-height=\"236\" itemprop=\"http:\/\/schema.org\/image\" title=\"P1010107 Tolstoy - Copyright by TJ Krebs jazzphotoagency@web.de\" alt=\"Tolstoy. Foto: TJ Krebs jazzphotoagency@web.de\" style=\"width: 354px; height: 236px;\" \/> <\/a> <div class=\"tiled-gallery-caption\" itemprop=\"caption description\"> Tolstoy. Foto: TJ Krebs jazzphotoagency@web.de <\/div> <\/div> <\/div> <!-- close group --> <\/div> <!-- close row --> <div class=\"gallery-row\" style=\"width: 840px; height: 562px;\" data-original-width=\"840\" data-original-height=\"562\" > <div class=\"gallery-group images-1\" style=\"width: 840px; height: 562px;\" data-original-width=\"840\" data-original-height=\"562\" > <div class=\"tiled-gallery-item tiled-gallery-item-large\" itemprop=\"associatedMedia\" itemscope itemtype=\"http:\/\/schema.org\/ImageObject\"> <a href=\"https:\/\/www.jazzzeitung.de\/cms\/2015\/05\/viktoria-tolstoy-jacob-karlzon-im-veranstaltungsforum-fuerstenfeld-fussball-oder-jazz\/p1010297-tolstoy-karlzon-copyright-by-tj-krebs-jazzphotoagencyweb-de\/\" border=\"0\" itemprop=\"url\"> <meta itemprop=\"width\" content=\"836\"> <meta itemprop=\"height\" content=\"558\"> <img decoding=\"async\" class=\"\" data-attachment-id=\"6109\" data-orig-file=\"https:\/\/www.jazzzeitung.de\/cms\/wp-content\/uploads\/2015\/05\/P1010297-Tolstoy-Karlzon-Copyright-by-TJ-Krebs-jazzphotoagency@web.de_.jpg\" data-orig-size=\"1600,1067\" data-comments-opened=\"1\" data-image-meta=\"{&quot;aperture&quot;:&quot;0&quot;,&quot;credit&quot;:&quot;&quot;,&quot;camera&quot;:&quot;&quot;,&quot;caption&quot;:&quot;&quot;,&quot;created_timestamp&quot;:&quot;0&quot;,&quot;copyright&quot;:&quot;&quot;,&quot;focal_length&quot;:&quot;0&quot;,&quot;iso&quot;:&quot;0&quot;,&quot;shutter_speed&quot;:&quot;0&quot;,&quot;title&quot;:&quot;&quot;,&quot;orientation&quot;:&quot;0&quot;}\" data-image-title=\"P1010297 Tolstoy &amp;#038; Karlzon &amp;#8211; Copyright by TJ Krebs jazzphotoagency@web.de\" data-image-description=\"\" data-medium-file=\"https:\/\/i0.wp.com\/www.jazzzeitung.de\/cms\/wp-content\/uploads\/2015\/05\/P1010297-Tolstoy-Karlzon-Copyright-by-TJ-Krebs-jazzphotoagency%40web.de_.jpg?fit=300%2C200&#038;ssl=1\" data-large-file=\"https:\/\/i0.wp.com\/www.jazzzeitung.de\/cms\/wp-content\/uploads\/2015\/05\/P1010297-Tolstoy-Karlzon-Copyright-by-TJ-Krebs-jazzphotoagency%40web.de_.jpg?fit=840%2C560&#038;ssl=1\" src=\"https:\/\/i0.wp.com\/www.jazzzeitung.de\/cms\/wp-content\/uploads\/2015\/05\/P1010297-Tolstoy-Karlzon-Copyright-by-TJ-Krebs-jazzphotoagency%40web.de_.jpg?w=836&#038;h=558&#038;ssl=1\" width=\"836\" height=\"558\" loading=\"lazy\" data-original-width=\"836\" data-original-height=\"558\" itemprop=\"http:\/\/schema.org\/image\" title=\"P1010297 Tolstoy &amp; Karlzon - Copyright by TJ Krebs jazzphotoagency@web.de\" alt=\"Tolstoy &amp; Karlzon. Foto: TJ Krebs jazzphotoagency@web.de\" style=\"width: 836px; height: 558px;\" \/> <\/a> <div class=\"tiled-gallery-caption\" itemprop=\"caption description\"> Tolstoy &#038; Karlzon. Foto: TJ Krebs jazzphotoagency@web.de <\/div> <\/div> <\/div> <!-- close group --> <\/div> <!-- close row --> <\/div>\n","protected":false},"excerpt":{"rendered":"<p>Von Thomas J. Krebs \u2013 Diese Frage stellte sich dem Publikum aus dem M\u00fcnchner Umland am vergangenen Mittwoch nicht wirklich. Im Rahmen der renommierten und erfolgreichen \u201ef\u00fcrst jazz\u201c Reihe, die mittlerweile in die 22. Saison geht, erschien das treue Jazzpublikum vollz\u00e4hlig und konnte, im Gegensatz zu den Fu\u00dfballfans, den Abend in vollen Z\u00fcgen genie\u00dfen. Ob \u201eAgainst all odds\u201c von Phil Collins, St\u00fccke von ihren Alben \u201eWhite Russian\u201c, \u201eLetters to Herbie\u201c oder Songs aus dem aktuellen Duo Album mit Jakob Karlzon, Tolstoy verzauberte das Publikum mit ihrer facettenreichen Stimme und gab Karlzon gleichzeitig gen\u00fcgend Raum, um auch solistisch am Piano brillieren zu k\u00f6nnen. Gewonnen hat an diesem Abend auf jeden Fall das Publikum mit der Entscheidung sich das Konzert anzuh\u00f6ren. Anbei ein paar fotografische Impressionen des Abends.<\/p>\n","protected":false},"author":18,"featured_media":0,"comment_status":"open","ping_status":"closed","sticky":false,"template":"","format":"gallery","meta":{"_jetpack_memberships_contains_paid_content":false,"footnotes":"","jetpack_publicize_message":"","jetpack_publicize_feature_enabled":true,"jetpack_social_post_already_shared":false,"jetpack_social_options":{"image_generator_settings":{"template":"highway","default_image_id":0,"font":"","enabled":false},"version":2}},"categories":[1053],"tags":[34,191,322,442,582],"coauthors":[695],"class_list":["post-6102","post","type-post","status-publish","format-gallery","hentry","category-bericht","tag-album","tag-fussball","tag-konzert-2","tag-piano","tag-viktoria-tolstoy","post_format-post-format-gallery"],"yoast_head":"<!-- This site is optimized with the Yoast SEO plugin v27.5 - https:\/\/yoast.com\/product\/yoast-seo-wordpress\/ -->\n<title>Viktoria Tolstoy &amp; Jacob Karlzon im Veranstaltungsforum F\u00fcrstenfeld - Fu\u00dfball oder Jazz? - JazzZeitung<\/title>\n<meta name=\"robots\" content=\"index, follow, max-snippet:-1, max-image-preview:large, max-video-preview:-1\" \/>\n<link rel=\"canonical\" href=\"https:\/\/www.jazzzeitung.de\/cms\/2015\/05\/viktoria-tolstoy-jacob-karlzon-im-veranstaltungsforum-fuerstenfeld-fussball-oder-jazz\/\" \/>\n<meta property=\"og:locale\" content=\"de_DE\" \/>\n<meta property=\"og:type\" content=\"article\" \/>\n<meta property=\"og:title\" content=\"Viktoria Tolstoy &amp; Jacob Karlzon im Veranstaltungsforum F\u00fcrstenfeld - Fu\u00dfball oder Jazz? - JazzZeitung\" \/>\n<meta property=\"og:description\" content=\"Von Thomas J. Krebs \u2013 Diese Frage stellte sich dem Publikum aus dem M\u00fcnchner Umland am vergangenen Mittwoch nicht wirklich. Im Rahmen der renommierten und erfolgreichen \u201ef\u00fcrst jazz\u201c Reihe, die mittlerweile in die 22. Saison geht, erschien das treue Jazzpublikum vollz\u00e4hlig und konnte, im Gegensatz zu den Fu\u00dfballfans, den Abend in vollen Z\u00fcgen genie\u00dfen. Ob \u201eAgainst all odds\u201c von Phil Collins, St\u00fccke von ihren Alben \u201eWhite Russian\u201c, \u201eLetters to Herbie\u201c oder Songs aus dem aktuellen Duo Album mit Jakob Karlzon, Tolstoy verzauberte das Publikum mit ihrer facettenreichen Stimme und gab Karlzon gleichzeitig gen\u00fcgend Raum, um auch solistisch am Piano brillieren zu k\u00f6nnen. Gewonnen hat an diesem Abend auf jeden Fall das Publikum mit der Entscheidung sich das Konzert anzuh\u00f6ren. Anbei ein paar fotografische Impressionen des Abends.\" \/>\n<meta property=\"og:url\" content=\"https:\/\/www.jazzzeitung.de\/cms\/2015\/05\/viktoria-tolstoy-jacob-karlzon-im-veranstaltungsforum-fuerstenfeld-fussball-oder-jazz\/\" \/>\n<meta property=\"og:site_name\" content=\"JazzZeitung\" \/>\n<meta property=\"article:publisher\" content=\"https:\/\/www.facebook.com\/JazzZeitung\/\" \/>\n<meta property=\"article:published_time\" content=\"2015-05-08T10:00:09+00:00\" \/>\n<meta property=\"article:modified_time\" content=\"2015-05-11T08:00:34+00:00\" \/>\n<meta property=\"og:image\" content=\"https:\/\/i0.wp.com\/www.jazzzeitung.de\/cms\/wp-content\/uploads\/2015\/05\/P1010278Tolstoy-Karlzon-Copyright-by-TJ-Krebs-jazzphotoagency@web.de_.jpg?w=576&#038;h=384&#038;ssl=1\" \/>\n<meta name=\"author\" content=\"Redaktion JazzZeitung\" \/>\n<script type=\"application\/ld+json\" class=\"yoast-schema-graph\">{\"@context\":\"https:\\\/\\\/schema.org\",\"@graph\":[{\"@type\":\"Article\",\"@id\":\"https:\\\/\\\/www.jazzzeitung.de\\\/cms\\\/2015\\\/05\\\/viktoria-tolstoy-jacob-karlzon-im-veranstaltungsforum-fuerstenfeld-fussball-oder-jazz\\\/#article\",\"isPartOf\":{\"@id\":\"https:\\\/\\\/www.jazzzeitung.de\\\/cms\\\/2015\\\/05\\\/viktoria-tolstoy-jacob-karlzon-im-veranstaltungsforum-fuerstenfeld-fussball-oder-jazz\\\/\"},\"author\":{\"name\":\"Redaktion JazzZeitung\",\"@id\":\"https:\\\/\\\/www.jazzzeitung.de\\\/cms\\\/#\\\/schema\\\/person\\\/2245b36b9cd1d24cea10f01c031fb92b\"},\"headline\":\"Viktoria Tolstoy &#038; Jacob Karlzon im Veranstaltungsforum F\u00fcrstenfeld &#8211; Fu\u00dfball oder Jazz?\",\"datePublished\":\"2015-05-08T10:00:09+00:00\",\"dateModified\":\"2015-05-11T08:00:34+00:00\",\"mainEntityOfPage\":{\"@id\":\"https:\\\/\\\/www.jazzzeitung.de\\\/cms\\\/2015\\\/05\\\/viktoria-tolstoy-jacob-karlzon-im-veranstaltungsforum-fuerstenfeld-fussball-oder-jazz\\\/\"},\"wordCount\":167,\"commentCount\":0,\"publisher\":{\"@id\":\"https:\\\/\\\/www.jazzzeitung.de\\\/cms\\\/#organization\"},\"image\":{\"@id\":\"https:\\\/\\\/www.jazzzeitung.de\\\/cms\\\/2015\\\/05\\\/viktoria-tolstoy-jacob-karlzon-im-veranstaltungsforum-fuerstenfeld-fussball-oder-jazz\\\/#primaryimage\"},\"thumbnailUrl\":\"http:\\\/\\\/www.jazzzeitung.de\\\/cms\\\/wp-content\\\/uploads\\\/2015\\\/05\\\/P1010278Tolstoy-Karlzon-Copyright-by-TJ-Krebs-jazzphotoagency@web.de_-150x150.jpg\",\"keywords\":[\"Album\",\"Fu\u00dfball\",\"Konzert\",\"Piano\",\"Viktoria Tolstoy\"],\"articleSection\":[\"Bericht\"],\"inLanguage\":\"de\",\"potentialAction\":[{\"@type\":\"CommentAction\",\"name\":\"Comment\",\"target\":[\"https:\\\/\\\/www.jazzzeitung.de\\\/cms\\\/2015\\\/05\\\/viktoria-tolstoy-jacob-karlzon-im-veranstaltungsforum-fuerstenfeld-fussball-oder-jazz\\\/#respond\"]}]},{\"@type\":\"WebPage\",\"@id\":\"https:\\\/\\\/www.jazzzeitung.de\\\/cms\\\/2015\\\/05\\\/viktoria-tolstoy-jacob-karlzon-im-veranstaltungsforum-fuerstenfeld-fussball-oder-jazz\\\/\",\"url\":\"https:\\\/\\\/www.jazzzeitung.de\\\/cms\\\/2015\\\/05\\\/viktoria-tolstoy-jacob-karlzon-im-veranstaltungsforum-fuerstenfeld-fussball-oder-jazz\\\/\",\"name\":\"Viktoria Tolstoy & Jacob Karlzon im Veranstaltungsforum F\u00fcrstenfeld - Fu\u00dfball oder Jazz? - JazzZeitung\",\"isPartOf\":{\"@id\":\"https:\\\/\\\/www.jazzzeitung.de\\\/cms\\\/#website\"},\"primaryImageOfPage\":{\"@id\":\"https:\\\/\\\/www.jazzzeitung.de\\\/cms\\\/2015\\\/05\\\/viktoria-tolstoy-jacob-karlzon-im-veranstaltungsforum-fuerstenfeld-fussball-oder-jazz\\\/#primaryimage\"},\"image\":{\"@id\":\"https:\\\/\\\/www.jazzzeitung.de\\\/cms\\\/2015\\\/05\\\/viktoria-tolstoy-jacob-karlzon-im-veranstaltungsforum-fuerstenfeld-fussball-oder-jazz\\\/#primaryimage\"},\"thumbnailUrl\":\"http:\\\/\\\/www.jazzzeitung.de\\\/cms\\\/wp-content\\\/uploads\\\/2015\\\/05\\\/P1010278Tolstoy-Karlzon-Copyright-by-TJ-Krebs-jazzphotoagency@web.de_-150x150.jpg\",\"datePublished\":\"2015-05-08T10:00:09+00:00\",\"dateModified\":\"2015-05-11T08:00:34+00:00\",\"breadcrumb\":{\"@id\":\"https:\\\/\\\/www.jazzzeitung.de\\\/cms\\\/2015\\\/05\\\/viktoria-tolstoy-jacob-karlzon-im-veranstaltungsforum-fuerstenfeld-fussball-oder-jazz\\\/#breadcrumb\"},\"inLanguage\":\"de\",\"potentialAction\":[{\"@type\":\"ReadAction\",\"target\":[\"https:\\\/\\\/www.jazzzeitung.de\\\/cms\\\/2015\\\/05\\\/viktoria-tolstoy-jacob-karlzon-im-veranstaltungsforum-fuerstenfeld-fussball-oder-jazz\\\/\"]}]},{\"@type\":\"ImageObject\",\"inLanguage\":\"de\",\"@id\":\"https:\\\/\\\/www.jazzzeitung.de\\\/cms\\\/2015\\\/05\\\/viktoria-tolstoy-jacob-karlzon-im-veranstaltungsforum-fuerstenfeld-fussball-oder-jazz\\\/#primaryimage\",\"url\":\"http:\\\/\\\/www.jazzzeitung.de\\\/cms\\\/wp-content\\\/uploads\\\/2015\\\/05\\\/P1010278Tolstoy-Karlzon-Copyright-by-TJ-Krebs-jazzphotoagency@web.de_-150x150.jpg\",\"contentUrl\":\"http:\\\/\\\/www.jazzzeitung.de\\\/cms\\\/wp-content\\\/uploads\\\/2015\\\/05\\\/P1010278Tolstoy-Karlzon-Copyright-by-TJ-Krebs-jazzphotoagency@web.de_-150x150.jpg\"},{\"@type\":\"BreadcrumbList\",\"@id\":\"https:\\\/\\\/www.jazzzeitung.de\\\/cms\\\/2015\\\/05\\\/viktoria-tolstoy-jacob-karlzon-im-veranstaltungsforum-fuerstenfeld-fussball-oder-jazz\\\/#breadcrumb\",\"itemListElement\":[{\"@type\":\"ListItem\",\"position\":1,\"name\":\"Startseite\",\"item\":\"https:\\\/\\\/www.jazzzeitung.de\\\/cms\\\/\"},{\"@type\":\"ListItem\",\"position\":2,\"name\":\"Viktoria Tolstoy &#038; Jacob Karlzon im Veranstaltungsforum F\u00fcrstenfeld &#8211; Fu\u00dfball oder Jazz?\"}]},{\"@type\":\"WebSite\",\"@id\":\"https:\\\/\\\/www.jazzzeitung.de\\\/cms\\\/#website\",\"url\":\"https:\\\/\\\/www.jazzzeitung.de\\\/cms\\\/\",\"name\":\"JazzZeitung\",\"description\":\"Jazz-News und Jazz-Kontroverses\",\"publisher\":{\"@id\":\"https:\\\/\\\/www.jazzzeitung.de\\\/cms\\\/#organization\"},\"potentialAction\":[{\"@type\":\"SearchAction\",\"target\":{\"@type\":\"EntryPoint\",\"urlTemplate\":\"https:\\\/\\\/www.jazzzeitung.de\\\/cms\\\/?s={search_term_string}\"},\"query-input\":{\"@type\":\"PropertyValueSpecification\",\"valueRequired\":true,\"valueName\":\"search_term_string\"}}],\"inLanguage\":\"de\"},{\"@type\":\"Organization\",\"@id\":\"https:\\\/\\\/www.jazzzeitung.de\\\/cms\\\/#organization\",\"name\":\"JazzZeitung online\",\"url\":\"https:\\\/\\\/www.jazzzeitung.de\\\/cms\\\/\",\"logo\":{\"@type\":\"ImageObject\",\"inLanguage\":\"de\",\"@id\":\"https:\\\/\\\/www.jazzzeitung.de\\\/cms\\\/#\\\/schema\\\/logo\\\/image\\\/\",\"url\":\"https:\\\/\\\/i0.wp.com\\\/www.jazzzeitung.de\\\/cms\\\/wp-content\\\/uploads\\\/2015\\\/08\\\/JAZZZEITUNGDE_Logo_Neu.png?fit=499%2C200&ssl=1\",\"contentUrl\":\"https:\\\/\\\/i0.wp.com\\\/www.jazzzeitung.de\\\/cms\\\/wp-content\\\/uploads\\\/2015\\\/08\\\/JAZZZEITUNGDE_Logo_Neu.png?fit=499%2C200&ssl=1\",\"width\":499,\"height\":200,\"caption\":\"JazzZeitung online\"},\"image\":{\"@id\":\"https:\\\/\\\/www.jazzzeitung.de\\\/cms\\\/#\\\/schema\\\/logo\\\/image\\\/\"},\"sameAs\":[\"https:\\\/\\\/www.facebook.com\\\/JazzZeitung\\\/\"]},{\"@type\":\"Person\",\"@id\":\"https:\\\/\\\/www.jazzzeitung.de\\\/cms\\\/#\\\/schema\\\/person\\\/2245b36b9cd1d24cea10f01c031fb92b\",\"name\":\"Redaktion JazzZeitung\",\"image\":{\"@type\":\"ImageObject\",\"inLanguage\":\"de\",\"@id\":\"https:\\\/\\\/i0.wp.com\\\/www.jazzzeitung.de\\\/cms\\\/wp-content\\\/uploads\\\/2015\\\/08\\\/JAZZZEITUNGDE_Logo_Neu.png?resize=96%2C96&ssl=159975dcacb611b5700bd619b5daf0a7a\",\"url\":\"https:\\\/\\\/i0.wp.com\\\/www.jazzzeitung.de\\\/cms\\\/wp-content\\\/uploads\\\/2015\\\/08\\\/JAZZZEITUNGDE_Logo_Neu.png?resize=96%2C96&ssl=1\",\"contentUrl\":\"https:\\\/\\\/i0.wp.com\\\/www.jazzzeitung.de\\\/cms\\\/wp-content\\\/uploads\\\/2015\\\/08\\\/JAZZZEITUNGDE_Logo_Neu.png?resize=96%2C96&ssl=1\",\"caption\":\"Redaktion JazzZeitung\"},\"description\":\"Artikel der Redaktion der JazzZeitung.\",\"sameAs\":[\"http:\\\/\\\/www.jazzzeitung.de\\\/cms\\\/\"],\"url\":\"https:\\\/\\\/www.jazzzeitung.de\\\/cms\\\/author\\\/redaktion\\\/\"}]}<\/script>\n<!-- \/ Yoast SEO plugin. -->","yoast_head_json":{"title":"Viktoria Tolstoy & Jacob Karlzon im Veranstaltungsforum F\u00fcrstenfeld - Fu\u00dfball oder Jazz? - JazzZeitung","robots":{"index":"index","follow":"follow","max-snippet":"max-snippet:-1","max-image-preview":"max-image-preview:large","max-video-preview":"max-video-preview:-1"},"canonical":"https:\/\/www.jazzzeitung.de\/cms\/2015\/05\/viktoria-tolstoy-jacob-karlzon-im-veranstaltungsforum-fuerstenfeld-fussball-oder-jazz\/","og_locale":"de_DE","og_type":"article","og_title":"Viktoria Tolstoy & Jacob Karlzon im Veranstaltungsforum F\u00fcrstenfeld - Fu\u00dfball oder Jazz? - JazzZeitung","og_description":"Von Thomas J. Krebs \u2013 Diese Frage stellte sich dem Publikum aus dem M\u00fcnchner Umland am vergangenen Mittwoch nicht wirklich. Im Rahmen der renommierten und erfolgreichen \u201ef\u00fcrst jazz\u201c Reihe, die mittlerweile in die 22. Saison geht, erschien das treue Jazzpublikum vollz\u00e4hlig und konnte, im Gegensatz zu den Fu\u00dfballfans, den Abend in vollen Z\u00fcgen genie\u00dfen. Ob \u201eAgainst all odds\u201c von Phil Collins, St\u00fccke von ihren Alben \u201eWhite Russian\u201c, \u201eLetters to Herbie\u201c oder Songs aus dem aktuellen Duo Album mit Jakob Karlzon, Tolstoy verzauberte das Publikum mit ihrer facettenreichen Stimme und gab Karlzon gleichzeitig gen\u00fcgend Raum, um auch solistisch am Piano brillieren zu k\u00f6nnen. Gewonnen hat an diesem Abend auf jeden Fall das Publikum mit der Entscheidung sich das Konzert anzuh\u00f6ren. Anbei ein paar fotografische Impressionen des Abends.","og_url":"https:\/\/www.jazzzeitung.de\/cms\/2015\/05\/viktoria-tolstoy-jacob-karlzon-im-veranstaltungsforum-fuerstenfeld-fussball-oder-jazz\/","og_site_name":"JazzZeitung","article_publisher":"https:\/\/www.facebook.com\/JazzZeitung\/","article_published_time":"2015-05-08T10:00:09+00:00","article_modified_time":"2015-05-11T08:00:34+00:00","og_image":[{"url":"https:\/\/i0.wp.com\/www.jazzzeitung.de\/cms\/wp-content\/uploads\/2015\/05\/P1010278Tolstoy-Karlzon-Copyright-by-TJ-Krebs-jazzphotoagency@web.de_.jpg?w=576&#038;h=384&#038;ssl=1","type":"","width":"","height":""}],"author":"Redaktion JazzZeitung","schema":{"@context":"https:\/\/schema.org","@graph":[{"@type":"Article","@id":"https:\/\/www.jazzzeitung.de\/cms\/2015\/05\/viktoria-tolstoy-jacob-karlzon-im-veranstaltungsforum-fuerstenfeld-fussball-oder-jazz\/#article","isPartOf":{"@id":"https:\/\/www.jazzzeitung.de\/cms\/2015\/05\/viktoria-tolstoy-jacob-karlzon-im-veranstaltungsforum-fuerstenfeld-fussball-oder-jazz\/"},"author":{"name":"Redaktion JazzZeitung","@id":"https:\/\/www.jazzzeitung.de\/cms\/#\/schema\/person\/2245b36b9cd1d24cea10f01c031fb92b"},"headline":"Viktoria Tolstoy &#038; Jacob Karlzon im Veranstaltungsforum F\u00fcrstenfeld &#8211; Fu\u00dfball oder Jazz?","datePublished":"2015-05-08T10:00:09+00:00","dateModified":"2015-05-11T08:00:34+00:00","mainEntityOfPage":{"@id":"https:\/\/www.jazzzeitung.de\/cms\/2015\/05\/viktoria-tolstoy-jacob-karlzon-im-veranstaltungsforum-fuerstenfeld-fussball-oder-jazz\/"},"wordCount":167,"commentCount":0,"publisher":{"@id":"https:\/\/www.jazzzeitung.de\/cms\/#organization"},"image":{"@id":"https:\/\/www.jazzzeitung.de\/cms\/2015\/05\/viktoria-tolstoy-jacob-karlzon-im-veranstaltungsforum-fuerstenfeld-fussball-oder-jazz\/#primaryimage"},"thumbnailUrl":"http:\/\/www.jazzzeitung.de\/cms\/wp-content\/uploads\/2015\/05\/P1010278Tolstoy-Karlzon-Copyright-by-TJ-Krebs-jazzphotoagency@web.de_-150x150.jpg","keywords":["Album","Fu\u00dfball","Konzert","Piano","Viktoria Tolstoy"],"articleSection":["Bericht"],"inLanguage":"de","potentialAction":[{"@type":"CommentAction","name":"Comment","target":["https:\/\/www.jazzzeitung.de\/cms\/2015\/05\/viktoria-tolstoy-jacob-karlzon-im-veranstaltungsforum-fuerstenfeld-fussball-oder-jazz\/#respond"]}]},{"@type":"WebPage","@id":"https:\/\/www.jazzzeitung.de\/cms\/2015\/05\/viktoria-tolstoy-jacob-karlzon-im-veranstaltungsforum-fuerstenfeld-fussball-oder-jazz\/","url":"https:\/\/www.jazzzeitung.de\/cms\/2015\/05\/viktoria-tolstoy-jacob-karlzon-im-veranstaltungsforum-fuerstenfeld-fussball-oder-jazz\/","name":"Viktoria Tolstoy & Jacob Karlzon im Veranstaltungsforum F\u00fcrstenfeld - Fu\u00dfball oder Jazz? - JazzZeitung","isPartOf":{"@id":"https:\/\/www.jazzzeitung.de\/cms\/#website"},"primaryImageOfPage":{"@id":"https:\/\/www.jazzzeitung.de\/cms\/2015\/05\/viktoria-tolstoy-jacob-karlzon-im-veranstaltungsforum-fuerstenfeld-fussball-oder-jazz\/#primaryimage"},"image":{"@id":"https:\/\/www.jazzzeitung.de\/cms\/2015\/05\/viktoria-tolstoy-jacob-karlzon-im-veranstaltungsforum-fuerstenfeld-fussball-oder-jazz\/#primaryimage"},"thumbnailUrl":"http:\/\/www.jazzzeitung.de\/cms\/wp-content\/uploads\/2015\/05\/P1010278Tolstoy-Karlzon-Copyright-by-TJ-Krebs-jazzphotoagency@web.de_-150x150.jpg","datePublished":"2015-05-08T10:00:09+00:00","dateModified":"2015-05-11T08:00:34+00:00","breadcrumb":{"@id":"https:\/\/www.jazzzeitung.de\/cms\/2015\/05\/viktoria-tolstoy-jacob-karlzon-im-veranstaltungsforum-fuerstenfeld-fussball-oder-jazz\/#breadcrumb"},"inLanguage":"de","potentialAction":[{"@type":"ReadAction","target":["https:\/\/www.jazzzeitung.de\/cms\/2015\/05\/viktoria-tolstoy-jacob-karlzon-im-veranstaltungsforum-fuerstenfeld-fussball-oder-jazz\/"]}]},{"@type":"ImageObject","inLanguage":"de","@id":"https:\/\/www.jazzzeitung.de\/cms\/2015\/05\/viktoria-tolstoy-jacob-karlzon-im-veranstaltungsforum-fuerstenfeld-fussball-oder-jazz\/#primaryimage","url":"http:\/\/www.jazzzeitung.de\/cms\/wp-content\/uploads\/2015\/05\/P1010278Tolstoy-Karlzon-Copyright-by-TJ-Krebs-jazzphotoagency@web.de_-150x150.jpg","contentUrl":"http:\/\/www.jazzzeitung.de\/cms\/wp-content\/uploads\/2015\/05\/P1010278Tolstoy-Karlzon-Copyright-by-TJ-Krebs-jazzphotoagency@web.de_-150x150.jpg"},{"@type":"BreadcrumbList","@id":"https:\/\/www.jazzzeitung.de\/cms\/2015\/05\/viktoria-tolstoy-jacob-karlzon-im-veranstaltungsforum-fuerstenfeld-fussball-oder-jazz\/#breadcrumb","itemListElement":[{"@type":"ListItem","position":1,"name":"Startseite","item":"https:\/\/www.jazzzeitung.de\/cms\/"},{"@type":"ListItem","position":2,"name":"Viktoria Tolstoy &#038; Jacob Karlzon im Veranstaltungsforum F\u00fcrstenfeld &#8211; Fu\u00dfball oder Jazz?"}]},{"@type":"WebSite","@id":"https:\/\/www.jazzzeitung.de\/cms\/#website","url":"https:\/\/www.jazzzeitung.de\/cms\/","name":"JazzZeitung","description":"Jazz-News und Jazz-Kontroverses","publisher":{"@id":"https:\/\/www.jazzzeitung.de\/cms\/#organization"},"potentialAction":[{"@type":"SearchAction","target":{"@type":"EntryPoint","urlTemplate":"https:\/\/www.jazzzeitung.de\/cms\/?s={search_term_string}"},"query-input":{"@type":"PropertyValueSpecification","valueRequired":true,"valueName":"search_term_string"}}],"inLanguage":"de"},{"@type":"Organization","@id":"https:\/\/www.jazzzeitung.de\/cms\/#organization","name":"JazzZeitung online","url":"https:\/\/www.jazzzeitung.de\/cms\/","logo":{"@type":"ImageObject","inLanguage":"de","@id":"https:\/\/www.jazzzeitung.de\/cms\/#\/schema\/logo\/image\/","url":"https:\/\/i0.wp.com\/www.jazzzeitung.de\/cms\/wp-content\/uploads\/2015\/08\/JAZZZEITUNGDE_Logo_Neu.png?fit=499%2C200&ssl=1","contentUrl":"https:\/\/i0.wp.com\/www.jazzzeitung.de\/cms\/wp-content\/uploads\/2015\/08\/JAZZZEITUNGDE_Logo_Neu.png?fit=499%2C200&ssl=1","width":499,"height":200,"caption":"JazzZeitung online"},"image":{"@id":"https:\/\/www.jazzzeitung.de\/cms\/#\/schema\/logo\/image\/"},"sameAs":["https:\/\/www.facebook.com\/JazzZeitung\/"]},{"@type":"Person","@id":"https:\/\/www.jazzzeitung.de\/cms\/#\/schema\/person\/2245b36b9cd1d24cea10f01c031fb92b","name":"Redaktion JazzZeitung","image":{"@type":"ImageObject","inLanguage":"de","@id":"https:\/\/i0.wp.com\/www.jazzzeitung.de\/cms\/wp-content\/uploads\/2015\/08\/JAZZZEITUNGDE_Logo_Neu.png?resize=96%2C96&ssl=159975dcacb611b5700bd619b5daf0a7a","url":"https:\/\/i0.wp.com\/www.jazzzeitung.de\/cms\/wp-content\/uploads\/2015\/08\/JAZZZEITUNGDE_Logo_Neu.png?resize=96%2C96&ssl=1","contentUrl":"https:\/\/i0.wp.com\/www.jazzzeitung.de\/cms\/wp-content\/uploads\/2015\/08\/JAZZZEITUNGDE_Logo_Neu.png?resize=96%2C96&ssl=1","caption":"Redaktion JazzZeitung"},"description":"Artikel der Redaktion der JazzZeitung.","sameAs":["http:\/\/www.jazzzeitung.de\/cms\/"],"url":"https:\/\/www.jazzzeitung.de\/cms\/author\/redaktion\/"}]}},"wp-worthy-pixel":{"ignored":false,"public":null,"server":null,"url":null},"wp-worthy-type":"normal","jetpack_publicize_connections":[],"cc_featured_image_caption":{"caption_text":false,"source_text":false,"source_url":false},"jetpack_featured_media_url":"","jetpack_shortlink":"https:\/\/wp.me\/p3KEcT-1Aq","jetpack-related-posts":[{"id":26949,"url":"https:\/\/www.jazzzeitung.de\/cms\/2022\/03\/jacob-karlzon-trio-beim-bmw-welt-jazz-award\/","url_meta":{"origin":6102,"position":0},"title":"Jacob Karlzon Trio beim BMW Welt Jazz Award","author":"Redaktion JazzZeitung","date":"29. M\u00e4rz 2022","format":false,"excerpt":"Der 2010 in seiner Heimat Schweden als Jazz-Musiker des Jahres ausgezeichnete Pianist Jacob Karlzon macht schon immer Musik f\u00fcr den inneren Film. In der BMW Welt spielte er zusamen mit\u00a0 Morten Ramsb\u00f8l am Bass und Rasmus Kihlberg am Schlagzeug am 22. M\u00e4rz das 2. Konzert des diesj\u00e4hrigen BMW Welt Jazz\u2026","rel":"","context":"In &quot;Galerie&quot;","block_context":{"text":"Galerie","link":"https:\/\/www.jazzzeitung.de\/cms\/thema\/galerie\/"},"img":{"alt_text":"","src":"https:\/\/i0.wp.com\/www.jazzzeitung.de\/cms\/wp-content\/uploads\/2022\/03\/P1710856-sw-Karlzon-Trio-Foto-TJ-Krebs.jpg?fit=1200%2C800&ssl=1&resize=350%2C200","width":350,"height":200,"srcset":"https:\/\/i0.wp.com\/www.jazzzeitung.de\/cms\/wp-content\/uploads\/2022\/03\/P1710856-sw-Karlzon-Trio-Foto-TJ-Krebs.jpg?fit=1200%2C800&ssl=1&resize=350%2C200 1x, https:\/\/i0.wp.com\/www.jazzzeitung.de\/cms\/wp-content\/uploads\/2022\/03\/P1710856-sw-Karlzon-Trio-Foto-TJ-Krebs.jpg?fit=1200%2C800&ssl=1&resize=525%2C300 1.5x, https:\/\/i0.wp.com\/www.jazzzeitung.de\/cms\/wp-content\/uploads\/2022\/03\/P1710856-sw-Karlzon-Trio-Foto-TJ-Krebs.jpg?fit=1200%2C800&ssl=1&resize=700%2C400 2x, https:\/\/i0.wp.com\/www.jazzzeitung.de\/cms\/wp-content\/uploads\/2022\/03\/P1710856-sw-Karlzon-Trio-Foto-TJ-Krebs.jpg?fit=1200%2C800&ssl=1&resize=1050%2C600 3x"},"classes":[]},{"id":5809,"url":"https:\/\/www.jazzzeitung.de\/cms\/2015\/03\/news-lana-meets-jazz-2015-landsberger-auf-tour-karlzon-regensburg\/","url_meta":{"origin":6102,"position":1},"title":"News: Lana meets Jazz 2015 +++ Landsberger auf Tour +++ Karlzon in Regensburg","author":"Redaktion JazzZeitung","date":"26. M\u00e4rz 2015","format":false,"excerpt":"Lana meets Jazz 2015 ganz im Dienste des musikalischen Nachwuchses Auch im Jahr 2015 steht das Festival Lana meets Jazz ganz im\u00a0Zeichen der musizierenden Jugend S\u00fcdtirols. Das Festival vom 04.-10. Mai zeichnet\u00a0sich durch die gemeinsamen Auftritte gro\u00dfer und kleiner K\u00fcnstler\u00a0aus und ist in S\u00fcdtirol in seiner Art wohl einzigartig. Es\u2026","rel":"","context":"In &quot;News&quot;","block_context":{"text":"News","link":"https:\/\/www.jazzzeitung.de\/cms\/thema\/nachrichten\/"},"img":{"alt_text":"Lana","src":"https:\/\/i0.wp.com\/www.jazzzeitung.de\/cms\/wp-content\/uploads\/2015\/03\/Lana-150x150.jpg?resize=350%2C200","width":350,"height":200},"classes":[]},{"id":5774,"url":"https:\/\/www.jazzzeitung.de\/cms\/2015\/03\/news-bmw-welt-jazz-award-kinderjazzfestival-leipzig-jazz-im-theater\/","url_meta":{"origin":6102,"position":2},"title":"News: BMW Welt Jazz Award +++ Kinderjazzfestival Leipzig +++ Jazz im Theater","author":"Redaktion JazzZeitung","date":"24. M\u00e4rz 2015","format":false,"excerpt":"Finalisten des BMW Welt Jazz Award stehen fest Das \u00f6sterreichische FAT \u2013 Fabulous Austrian Trio und das Manu Codjia Trio aus Frankreich sind die beiden Finalisten beim BMW Welt Jazz Award 2015. Die Fachjury hat die beiden Ensembles f\u00fcr das gro\u00dfe Finale am 18. April 2015 im Auditorium der BMW\u2026","rel":"","context":"In &quot;News&quot;","block_context":{"text":"News","link":"https:\/\/www.jazzzeitung.de\/cms\/thema\/nachrichten\/"},"img":{"alt_text":"Das Manu Codjia Trio bei der Matinee im Doppelkegel. Foto: Thomas J. Krebs","src":"https:\/\/i0.wp.com\/www.jazzzeitung.de\/cms\/wp-content\/uploads\/2015\/03\/11-Manu-Codjia-Trio-P1470073-Copyright-TJ-Krebs-jazzphotoagency%40web.de_-150x150.jpg?resize=350%2C200","width":350,"height":200},"classes":[]},{"id":10159,"url":"https:\/\/www.jazzzeitung.de\/cms\/2016\/09\/newssoul-blues-jazz-rb-partyjazzfestival-wuerzburgaline-frazaos-und-jacob-karlzon\/","url_meta":{"origin":6102,"position":3},"title":"+++ News +++ Soul-Blues-Jazz-R&#038;B-Party in Oberthulba +++ Jazzfestival W\u00fcrzburg +++ Aline Fraz\u00e3os und Jacob Karlzon +++","author":"Redaktion JazzZeitung","date":"27. September 2016","format":false,"excerpt":"+++ Soul-Blues-Jazz-R&B-Party +++ Am 21.10.16 um 20 Uhr geben Adriano Prestl & Matthias Bublath Band ein Konzert auf der Piano B\u00fchne in Oberthulba. In den M\u00fcncher Soul-Funk-Blues & Jazz Locations wird der junge Adriano mit seiner \"schwarzen\" Stimme von den vielen Fans dieser Musik verehrt. Auch bei Filmmusik , TV-und\u2026","rel":"","context":"In &quot;News&quot;","block_context":{"text":"News","link":"https:\/\/www.jazzzeitung.de\/cms\/thema\/nachrichten\/"},"img":{"alt_text":"","src":"https:\/\/i0.wp.com\/www.jazzzeitung.de\/cms\/wp-content\/uploads\/2016\/09\/1606_Adriano_030-150x150.jpg?resize=350%2C200","width":350,"height":200},"classes":[]},{"id":14802,"url":"https:\/\/www.jazzzeitung.de\/cms\/2018\/01\/viktoria-tolstoy-gibt-konzerte-in-mitteldeutschland\/","url_meta":{"origin":6102,"position":4},"title":"Viktoria Tolstoy gibt Konzerte in Mitteldeutschland","author":"Redaktion JazzZeitung","date":"18. Januar 2018","format":false,"excerpt":"F\u00fcr schnell Entschlossene: die Schwedische Jazzs\u00e4ngerin Viktoria Tolstoy gibt in Dessau, Leipzig, Dresden und Halle im Zeitraum 18. bis 21. Januar 2018\u00a0Konzerte.\u00a0Kristallklar, dynamisch, lyrisch und erdverbunden \u2013 ihre Stimme ist die vielleicht brillanteste aller skandinavischen Jazzs\u00e4ngerinnen. Mit ihrer Stimme und Inspiration formt die K\u00fcnstlerin ihre Songs und pr\u00e4sentiert sie mit\u2026","rel":"","context":"In &quot;News&quot;","block_context":{"text":"News","link":"https:\/\/www.jazzzeitung.de\/cms\/thema\/nachrichten\/"},"img":{"alt_text":"","src":"https:\/\/i0.wp.com\/www.jazzzeitung.de\/cms\/wp-content\/uploads\/2018\/01\/Viktoria-Tolstoy_reference.jpg?fit=1200%2C862&ssl=1&resize=350%2C200","width":350,"height":200,"srcset":"https:\/\/i0.wp.com\/www.jazzzeitung.de\/cms\/wp-content\/uploads\/2018\/01\/Viktoria-Tolstoy_reference.jpg?fit=1200%2C862&ssl=1&resize=350%2C200 1x, https:\/\/i0.wp.com\/www.jazzzeitung.de\/cms\/wp-content\/uploads\/2018\/01\/Viktoria-Tolstoy_reference.jpg?fit=1200%2C862&ssl=1&resize=525%2C300 1.5x, https:\/\/i0.wp.com\/www.jazzzeitung.de\/cms\/wp-content\/uploads\/2018\/01\/Viktoria-Tolstoy_reference.jpg?fit=1200%2C862&ssl=1&resize=700%2C400 2x, https:\/\/i0.wp.com\/www.jazzzeitung.de\/cms\/wp-content\/uploads\/2018\/01\/Viktoria-Tolstoy_reference.jpg?fit=1200%2C862&ssl=1&resize=1050%2C600 3x"},"classes":[]},{"id":19556,"url":"https:\/\/www.jazzzeitung.de\/cms\/2019\/05\/mischung-aus-magie-und-poesie-lisa-bassenge-mit-borrowed-and-blue-beim-jazzclub-im-leeren-beutel\/","url_meta":{"origin":6102,"position":5},"title":"Mischung aus Magie und Poesie \u2013 Lisa Bassenge mit \u201eBorrowed and Blue\u201c beim Jazzclub im Leeren Beutel","author":"Michael Scheiner","date":"30. Mai 2019","format":false,"excerpt":"Regensburg. Bei einem eindrucksvollen Konzert stellte die Berliner S\u00e4ngerin Lisa Bassenge k\u00fcrzlich ihr aktuelles Album \u201eBorrowed and Blue\u201c beim Jazzclub Regensburg im Leeren Beutel vor. In einer ruhigen und intimen Atmosph\u00e4re lie\u00dfen der schwedische Pianist Jacob Karlzon und der d\u00e4nische Bassist Andreas Lang zusammen mit Bassenge grazile Welten zwischen Blues,\u2026","rel":"","context":"In &quot;Bericht&quot;","block_context":{"text":"Bericht","link":"https:\/\/www.jazzzeitung.de\/cms\/thema\/bericht\/"},"img":{"alt_text":"","src":"https:\/\/i0.wp.com\/www.jazzzeitung.de\/cms\/wp-content\/uploads\/2019\/05\/image013.jpg?fit=574%2C378&ssl=1&resize=350%2C200","width":350,"height":200,"srcset":"https:\/\/i0.wp.com\/www.jazzzeitung.de\/cms\/wp-content\/uploads\/2019\/05\/image013.jpg?fit=574%2C378&ssl=1&resize=350%2C200 1x, https:\/\/i0.wp.com\/www.jazzzeitung.de\/cms\/wp-content\/uploads\/2019\/05\/image013.jpg?fit=574%2C378&ssl=1&resize=525%2C300 1.5x"},"classes":[]}],"jetpack_sharing_enabled":true,"_links":{"self":[{"href":"https:\/\/www.jazzzeitung.de\/cms\/wp-json\/wp\/v2\/posts\/6102","targetHints":{"allow":["GET"]}}],"collection":[{"href":"https:\/\/www.jazzzeitung.de\/cms\/wp-json\/wp\/v2\/posts"}],"about":[{"href":"https:\/\/www.jazzzeitung.de\/cms\/wp-json\/wp\/v2\/types\/post"}],"author":[{"embeddable":true,"href":"https:\/\/www.jazzzeitung.de\/cms\/wp-json\/wp\/v2\/users\/18"}],"replies":[{"embeddable":true,"href":"https:\/\/www.jazzzeitung.de\/cms\/wp-json\/wp\/v2\/comments?post=6102"}],"version-history":[{"count":2,"href":"https:\/\/www.jazzzeitung.de\/cms\/wp-json\/wp\/v2\/posts\/6102\/revisions"}],"predecessor-version":[{"id":6115,"href":"https:\/\/www.jazzzeitung.de\/cms\/wp-json\/wp\/v2\/posts\/6102\/revisions\/6115"}],"wp:attachment":[{"href":"https:\/\/www.jazzzeitung.de\/cms\/wp-json\/wp\/v2\/media?parent=6102"}],"wp:term":[{"taxonomy":"category","embeddable":true,"href":"https:\/\/www.jazzzeitung.de\/cms\/wp-json\/wp\/v2\/categories?post=6102"},{"taxonomy":"post_tag","embeddable":true,"href":"https:\/\/www.jazzzeitung.de\/cms\/wp-json\/wp\/v2\/tags?post=6102"},{"taxonomy":"author","embeddable":true,"href":"https:\/\/www.jazzzeitung.de\/cms\/wp-json\/wp\/v2\/coauthors?post=6102"}],"curies":[{"name":"wp","href":"https:\/\/api.w.org\/{rel}","templated":true}]}}