{"id":6066,"date":"2015-05-05T09:14:16","date_gmt":"2015-05-05T07:14:16","guid":{"rendered":"http:\/\/www.jazzzeitung.de\/cms\/?p=6066"},"modified":"2015-05-05T09:14:16","modified_gmt":"2015-05-05T07:14:16","slug":"kein-stein-bleibt-auf-dem-anderen-filippa-gojos-neues-album-vertraum","status":"publish","type":"post","link":"https:\/\/www.jazzzeitung.de\/cms\/2015\/05\/kein-stein-bleibt-auf-dem-anderen-filippa-gojos-neues-album-vertraum\/","title":{"rendered":"Kein Stein bleibt auf dem anderen: Filippa Gojos neues Album \u201eVertraum\u201c"},"content":{"rendered":"<p><a href=\"https:\/\/i0.wp.com\/www.jazzzeitung.de\/cms\/wp-content\/uploads\/2015\/05\/cover_filippa.jpg\"><img data-recalc-dims=\"1\" loading=\"lazy\" decoding=\"async\" data-attachment-id=\"6067\" data-permalink=\"https:\/\/www.jazzzeitung.de\/cms\/2015\/05\/kein-stein-bleibt-auf-dem-anderen-filippa-gojos-neues-album-vertraum\/cover_filippa\/\" data-orig-file=\"https:\/\/i0.wp.com\/www.jazzzeitung.de\/cms\/wp-content\/uploads\/2015\/05\/cover_filippa.jpg?fit=500%2C500&amp;ssl=1\" data-orig-size=\"500,500\" data-comments-opened=\"1\" data-image-meta=\"{&quot;aperture&quot;:&quot;0&quot;,&quot;credit&quot;:&quot;&quot;,&quot;camera&quot;:&quot;&quot;,&quot;caption&quot;:&quot;&quot;,&quot;created_timestamp&quot;:&quot;0&quot;,&quot;copyright&quot;:&quot;&quot;,&quot;focal_length&quot;:&quot;0&quot;,&quot;iso&quot;:&quot;0&quot;,&quot;shutter_speed&quot;:&quot;0&quot;,&quot;title&quot;:&quot;&quot;,&quot;orientation&quot;:&quot;0&quot;}\" data-image-title=\"cover_filippa\" data-image-description=\"\" data-image-caption=\"\" data-large-file=\"https:\/\/i0.wp.com\/www.jazzzeitung.de\/cms\/wp-content\/uploads\/2015\/05\/cover_filippa.jpg?fit=500%2C500&amp;ssl=1\" class=\"alignright size-thumbnail wp-image-6067\" src=\"https:\/\/i0.wp.com\/www.jazzzeitung.de\/cms\/wp-content\/uploads\/2015\/05\/cover_filippa-150x150.jpg?resize=150%2C150\" alt=\"cover_filippa\" width=\"150\" height=\"150\" srcset=\"https:\/\/i0.wp.com\/www.jazzzeitung.de\/cms\/wp-content\/uploads\/2015\/05\/cover_filippa.jpg?resize=150%2C150&amp;ssl=1 150w, https:\/\/i0.wp.com\/www.jazzzeitung.de\/cms\/wp-content\/uploads\/2015\/05\/cover_filippa.jpg?resize=300%2C300&amp;ssl=1 300w, https:\/\/i0.wp.com\/www.jazzzeitung.de\/cms\/wp-content\/uploads\/2015\/05\/cover_filippa.jpg?resize=144%2C144&amp;ssl=1 144w, https:\/\/i0.wp.com\/www.jazzzeitung.de\/cms\/wp-content\/uploads\/2015\/05\/cover_filippa.jpg?resize=96%2C96&amp;ssl=1 96w, https:\/\/i0.wp.com\/www.jazzzeitung.de\/cms\/wp-content\/uploads\/2015\/05\/cover_filippa.jpg?resize=24%2C24&amp;ssl=1 24w, https:\/\/i0.wp.com\/www.jazzzeitung.de\/cms\/wp-content\/uploads\/2015\/05\/cover_filippa.jpg?resize=36%2C36&amp;ssl=1 36w, https:\/\/i0.wp.com\/www.jazzzeitung.de\/cms\/wp-content\/uploads\/2015\/05\/cover_filippa.jpg?resize=48%2C48&amp;ssl=1 48w, https:\/\/i0.wp.com\/www.jazzzeitung.de\/cms\/wp-content\/uploads\/2015\/05\/cover_filippa.jpg?resize=64%2C64&amp;ssl=1 64w, https:\/\/i0.wp.com\/www.jazzzeitung.de\/cms\/wp-content\/uploads\/2015\/05\/cover_filippa.jpg?resize=32%2C32&amp;ssl=1 32w, https:\/\/i0.wp.com\/www.jazzzeitung.de\/cms\/wp-content\/uploads\/2015\/05\/cover_filippa.jpg?resize=128%2C128&amp;ssl=1 128w, https:\/\/i0.wp.com\/www.jazzzeitung.de\/cms\/wp-content\/uploads\/2015\/05\/cover_filippa.jpg?w=500&amp;ssl=1 500w\" sizes=\"auto, (max-width: 150px) 100vw, 150px\" \/><\/a>Von Stefan Pieper &#8211;\u00a0 Filippa Gojos neues Album \u201eVertraum\u201c ist die Antithese zu vielem \u00dcberlauten und \u00dcberproduzierten, was heute vielfach die Sinne verstopft. Dies gebiert im Falle der in K\u00f6ln lebenden S\u00e4ngerin ein Panoptikum unverbrauchter vokaler und im besten Sinne k\u00fcnstlerischer M\u00f6glichkeiten. \u00dcbrigens hat Filippa Gojo soeben den Neuen Deutschen Jazzpreis bekommen \u2013 und noch einen Solopreis dazu! Die Frage nach dem Warum beantwortet diese Platte, zu der Filippa Gojo \u00fcbrigens von Roger Hanschel einige ma\u00dfgebliche Anregungen erfuhr, aufs eindr\u00fccklichste.\u00a0 \u201eVertraum\u201c ist ein Fantasiewort \u2013 und so etwas ist hier Programm. Denn Filippa Gojo mag die Befreiung durch Dekonstruktion. Sie ist auf ihrem Album sich selbst und ihrer eigenen Stimme genug. Mehr braucht es nicht, wenn man es kann \u2013 und Filippa Gojo kann genau dies: Mit ihrer Stimme eine facettenreiche Ausdrucksskala abbilden und auf diesem Wege Neues, Unverbrauchtes zu erschaffen. Und dabei authentisch zu bleiben.<\/p>\n<p>Das neue Album, zu dem sie \u00fcbrigens von Roger Hanschel k\u00fcnstlerische Anregungen erhielt, wirkt so, als w\u00e4re sie noch st\u00e4rker als bislang innerlich zur Ruhe gekommen. In manchen Songs beschreibt sie ja auch Zust\u00e4nde eines perfekten Einklangs mit sich selbst und der Welt. Was bei ihr \u2013 und vermutlich bei jedem Menschen die Grundlage f\u00fcr echte Kreativit\u00e4t ist! So ist schon am Anfang ein Jazzstandard namens \u201eLazy Afternoon\u201c nicht l\u00e4nger ein solcher, sondern wird zur pers\u00f6nlichen Botschaft.<\/p>\n<p>Ihr Gesang atmet eine tiefe innere Ruhe. Etwas dunkel gef\u00e4rbt mutet das warme Timbre ihrer Stimme an \u2013 und eine latente Vorliebe f\u00fcr etwas sperrige Intervallspr\u00fcnge geben den Melodien ihr unverkennbares lebendiges Gepr\u00e4ge. Dazu perlt auf dem neuen Album zuweilen eine spielzeughafte Pentatonik auf einer Art Daumenklavier. Das macht locker f\u00fcr schonungslose Verst\u00f6\u00dfe in vokalartistische, lautpoetische Stimmen-Abenteuer. Und sowas hat bei dieser K\u00fcnstlerin nie den Anflug von \u2013 in der singenden Zunft sonst durchaus h\u00e4ufig anzutreffendem \u2013 Manierismus.<\/p>\n<p>Im Gegenteil: Hier kommt alles nat\u00fcrlich aus sich selbst heraus \u2013 und geht zugleich auf mutige kreative Entscheidungen zur\u00fcck. Selbst wenn punktuelle Exkurse von freejazziger Vokalakrobatik auch mal in dadaistisch anmutende Lautpoesie und Fantasiesprache m\u00fcnden. Filippa Gojo l\u00e4sst auch in Sachen sprachlicher Semantik keinen Stein auf dem anderen.<\/p>\n<p>Lebendige Jazz-Kultur kann ohne eine hellh\u00f6rig forschende Offenheit f\u00fcr neues Terrain nicht plausibel sein. In dieser Hinsicht lotet \u201eVertraum\u201c neue Quellen aus, die teilweise uralt sind: Tief ber\u00fchrende Lieder hat sie in ihrer Vorarlberger Heimat ausgegraben und sich daf\u00fcr auch ins alemannische Mundart-Idiom hinein geh\u00f6rt. Eine Reflexion \u00fcber die Verg\u00e4nglichkeit eines jeden Tages findet sich in metaphern ges\u00e4ttige Naturlyrik gekleidet. Noch ergreifender wirkt eine \u2013 diesmal aus dem 19. Jahrhundert kommende &#8211; tieftraurige Ballade \u00fcber eine unerf\u00fcllte Liebe, die nicht hat sein sollen. Der Geliebte musste in den Krieg ziehen und ist nie wiedergekommen. Sowas passiert auch heute st\u00e4ndig irgendwo auf diesem Planeten, soviel ist klar!<\/p>\n<p>Sehr intensiv wirkt auch ihr zweites selbstgespieltes \u201eBegleitinstrument\u201c &#8211; eine Shruti-Box, eine Art Harmonium aus der indischen Musik, welches durch einen statischen, aber zugleich unregelm\u00e4\u00dfig schwingenden Bordunton die Gesangsmelodien verdichtet.<\/p>\n<p>Kurzum: Filippa Gojo markiert mit ihrem neuen Album einen Entwicklungsschritt, der staunen macht. Die Musikwelt braucht mehr solche Alben. Aber nochmal geht ein solches Album wie dieses wohl kaum. Daf\u00fcr ist es zu einzigartig&#8230;..<\/p>\n<p>&nbsp;<\/p>\n<p><strong>Filippa Gojo: <\/strong>\u201e<strong>Vetraum\u201c (Ajazz 2015)<\/strong><\/p>\n<p>&nbsp;<\/p>\n","protected":false},"excerpt":{"rendered":"<p>Von Stefan Pieper &#8211;\u00a0 Filippa Gojos neues Album \u201eVertraum\u201c ist die Antithese zu vielem \u00dcberlauten und \u00dcberproduzierten, was heute vielfach die Sinne verstopft. Dies gebiert im Falle der in K\u00f6ln lebenden S\u00e4ngerin ein Panoptikum unverbrauchter vokaler und im besten Sinne k\u00fcnstlerischer M\u00f6glichkeiten. \u00dcbrigens hat Filippa Gojo soeben den Neuen Deutschen Jazzpreis bekommen \u2013 und noch einen Solopreis dazu! Die Frage nach dem Warum beantwortet diese Platte, zu der Filippa Gojo \u00fcbrigens von Roger Hanschel einige ma\u00dfgebliche Anregungen erfuhr, aufs eindr\u00fccklichste.\u00a0 \u201eVertraum\u201c ist ein Fantasiewort \u2013 und so etwas ist hier Programm. Denn Filippa Gojo mag die Befreiung durch Dekonstruktion. Sie ist auf ihrem Album sich selbst und ihrer eigenen Stimme genug. Mehr braucht es nicht, wenn man es kann \u2013 und Filippa Gojo kann genau dies: Mit ihrer Stimme eine facettenreiche Ausdrucksskala abbilden und auf diesem Wege Neues, Unverbrauchtes zu erschaffen. Und dabei authentisch zu bleiben. Das neue Album, zu dem sie \u00fcbrigens von Roger Hanschel k\u00fcnstlerische Anregungen erhielt, wirkt so, als w\u00e4re sie noch st\u00e4rker als bislang innerlich zur Ruhe gekommen. In manchen Songs beschreibt sie ja auch Zust\u00e4nde eines perfekten Einklangs mit sich &hellip;<\/p>\n","protected":false},"author":18,"featured_media":0,"comment_status":"open","ping_status":"closed","sticky":false,"template":"","format":"standard","meta":{"_jetpack_memberships_contains_paid_content":false,"footnotes":"","jetpack_publicize_message":"","jetpack_publicize_feature_enabled":true,"jetpack_social_post_already_shared":false,"jetpack_social_options":{"image_generator_settings":{"template":"highway","default_image_id":0,"font":"","enabled":false},"version":2}},"categories":[1152],"tags":[34,852,327,1129],"coauthors":[695],"class_list":["post-6066","post","type-post","status-publish","format-standard","hentry","category-rezension","tag-album","tag-koeln","tag-kultur","tag-stefan-pieper"],"yoast_head":"<!-- This site is optimized with the Yoast SEO plugin v27.4 - https:\/\/yoast.com\/product\/yoast-seo-wordpress\/ -->\n<title>Kein Stein bleibt auf dem anderen: Filippa Gojos neues Album \u201eVertraum\u201c - JazzZeitung<\/title>\n<meta name=\"robots\" content=\"index, follow, max-snippet:-1, max-image-preview:large, max-video-preview:-1\" \/>\n<link rel=\"canonical\" href=\"https:\/\/www.jazzzeitung.de\/cms\/2015\/05\/kein-stein-bleibt-auf-dem-anderen-filippa-gojos-neues-album-vertraum\/\" \/>\n<meta property=\"og:locale\" content=\"de_DE\" \/>\n<meta property=\"og:type\" content=\"article\" \/>\n<meta property=\"og:title\" content=\"Kein Stein bleibt auf dem anderen: Filippa Gojos neues Album \u201eVertraum\u201c - JazzZeitung\" \/>\n<meta property=\"og:description\" content=\"Von Stefan Pieper &#8211;\u00a0 Filippa Gojos neues Album \u201eVertraum\u201c ist die Antithese zu vielem \u00dcberlauten und \u00dcberproduzierten, was heute vielfach die Sinne verstopft. Dies gebiert im Falle der in K\u00f6ln lebenden S\u00e4ngerin ein Panoptikum unverbrauchter vokaler und im besten Sinne k\u00fcnstlerischer M\u00f6glichkeiten. \u00dcbrigens hat Filippa Gojo soeben den Neuen Deutschen Jazzpreis bekommen \u2013 und noch einen Solopreis dazu! Die Frage nach dem Warum beantwortet diese Platte, zu der Filippa Gojo \u00fcbrigens von Roger Hanschel einige ma\u00dfgebliche Anregungen erfuhr, aufs eindr\u00fccklichste.\u00a0 \u201eVertraum\u201c ist ein Fantasiewort \u2013 und so etwas ist hier Programm. Denn Filippa Gojo mag die Befreiung durch Dekonstruktion. Sie ist auf ihrem Album sich selbst und ihrer eigenen Stimme genug. Mehr braucht es nicht, wenn man es kann \u2013 und Filippa Gojo kann genau dies: Mit ihrer Stimme eine facettenreiche Ausdrucksskala abbilden und auf diesem Wege Neues, Unverbrauchtes zu erschaffen. Und dabei authentisch zu bleiben. Das neue Album, zu dem sie \u00fcbrigens von Roger Hanschel k\u00fcnstlerische Anregungen erhielt, wirkt so, als w\u00e4re sie noch st\u00e4rker als bislang innerlich zur Ruhe gekommen. In manchen Songs beschreibt sie ja auch Zust\u00e4nde eines perfekten Einklangs mit sich &hellip;\" \/>\n<meta property=\"og:url\" content=\"https:\/\/www.jazzzeitung.de\/cms\/2015\/05\/kein-stein-bleibt-auf-dem-anderen-filippa-gojos-neues-album-vertraum\/\" \/>\n<meta property=\"og:site_name\" content=\"JazzZeitung\" \/>\n<meta property=\"article:publisher\" content=\"https:\/\/www.facebook.com\/JazzZeitung\/\" \/>\n<meta property=\"article:published_time\" content=\"2015-05-05T07:14:16+00:00\" \/>\n<meta property=\"og:image\" content=\"http:\/\/www.jazzzeitung.de\/cms\/wp-content\/uploads\/2015\/05\/cover_filippa-150x150.jpg\" \/>\n<meta name=\"author\" content=\"Redaktion JazzZeitung\" \/>\n<script type=\"application\/ld+json\" class=\"yoast-schema-graph\">{\"@context\":\"https:\\\/\\\/schema.org\",\"@graph\":[{\"@type\":\"Article\",\"@id\":\"https:\\\/\\\/www.jazzzeitung.de\\\/cms\\\/2015\\\/05\\\/kein-stein-bleibt-auf-dem-anderen-filippa-gojos-neues-album-vertraum\\\/#article\",\"isPartOf\":{\"@id\":\"https:\\\/\\\/www.jazzzeitung.de\\\/cms\\\/2015\\\/05\\\/kein-stein-bleibt-auf-dem-anderen-filippa-gojos-neues-album-vertraum\\\/\"},\"author\":{\"name\":\"Redaktion JazzZeitung\",\"@id\":\"https:\\\/\\\/www.jazzzeitung.de\\\/cms\\\/#\\\/schema\\\/person\\\/2245b36b9cd1d24cea10f01c031fb92b\"},\"headline\":\"Kein Stein bleibt auf dem anderen: Filippa Gojos neues Album \u201eVertraum\u201c\",\"datePublished\":\"2015-05-05T07:14:16+00:00\",\"mainEntityOfPage\":{\"@id\":\"https:\\\/\\\/www.jazzzeitung.de\\\/cms\\\/2015\\\/05\\\/kein-stein-bleibt-auf-dem-anderen-filippa-gojos-neues-album-vertraum\\\/\"},\"wordCount\":563,\"commentCount\":0,\"publisher\":{\"@id\":\"https:\\\/\\\/www.jazzzeitung.de\\\/cms\\\/#organization\"},\"image\":{\"@id\":\"https:\\\/\\\/www.jazzzeitung.de\\\/cms\\\/2015\\\/05\\\/kein-stein-bleibt-auf-dem-anderen-filippa-gojos-neues-album-vertraum\\\/#primaryimage\"},\"thumbnailUrl\":\"http:\\\/\\\/www.jazzzeitung.de\\\/cms\\\/wp-content\\\/uploads\\\/2015\\\/05\\\/cover_filippa-150x150.jpg\",\"keywords\":[\"Album\",\"K\u00f6ln\",\"Kultur\",\"Stefan Pieper\"],\"articleSection\":[\"Rezension\"],\"inLanguage\":\"de\",\"potentialAction\":[{\"@type\":\"CommentAction\",\"name\":\"Comment\",\"target\":[\"https:\\\/\\\/www.jazzzeitung.de\\\/cms\\\/2015\\\/05\\\/kein-stein-bleibt-auf-dem-anderen-filippa-gojos-neues-album-vertraum\\\/#respond\"]}]},{\"@type\":\"WebPage\",\"@id\":\"https:\\\/\\\/www.jazzzeitung.de\\\/cms\\\/2015\\\/05\\\/kein-stein-bleibt-auf-dem-anderen-filippa-gojos-neues-album-vertraum\\\/\",\"url\":\"https:\\\/\\\/www.jazzzeitung.de\\\/cms\\\/2015\\\/05\\\/kein-stein-bleibt-auf-dem-anderen-filippa-gojos-neues-album-vertraum\\\/\",\"name\":\"Kein Stein bleibt auf dem anderen: Filippa Gojos neues Album \u201eVertraum\u201c - JazzZeitung\",\"isPartOf\":{\"@id\":\"https:\\\/\\\/www.jazzzeitung.de\\\/cms\\\/#website\"},\"primaryImageOfPage\":{\"@id\":\"https:\\\/\\\/www.jazzzeitung.de\\\/cms\\\/2015\\\/05\\\/kein-stein-bleibt-auf-dem-anderen-filippa-gojos-neues-album-vertraum\\\/#primaryimage\"},\"image\":{\"@id\":\"https:\\\/\\\/www.jazzzeitung.de\\\/cms\\\/2015\\\/05\\\/kein-stein-bleibt-auf-dem-anderen-filippa-gojos-neues-album-vertraum\\\/#primaryimage\"},\"thumbnailUrl\":\"http:\\\/\\\/www.jazzzeitung.de\\\/cms\\\/wp-content\\\/uploads\\\/2015\\\/05\\\/cover_filippa-150x150.jpg\",\"datePublished\":\"2015-05-05T07:14:16+00:00\",\"breadcrumb\":{\"@id\":\"https:\\\/\\\/www.jazzzeitung.de\\\/cms\\\/2015\\\/05\\\/kein-stein-bleibt-auf-dem-anderen-filippa-gojos-neues-album-vertraum\\\/#breadcrumb\"},\"inLanguage\":\"de\",\"potentialAction\":[{\"@type\":\"ReadAction\",\"target\":[\"https:\\\/\\\/www.jazzzeitung.de\\\/cms\\\/2015\\\/05\\\/kein-stein-bleibt-auf-dem-anderen-filippa-gojos-neues-album-vertraum\\\/\"]}]},{\"@type\":\"ImageObject\",\"inLanguage\":\"de\",\"@id\":\"https:\\\/\\\/www.jazzzeitung.de\\\/cms\\\/2015\\\/05\\\/kein-stein-bleibt-auf-dem-anderen-filippa-gojos-neues-album-vertraum\\\/#primaryimage\",\"url\":\"http:\\\/\\\/www.jazzzeitung.de\\\/cms\\\/wp-content\\\/uploads\\\/2015\\\/05\\\/cover_filippa-150x150.jpg\",\"contentUrl\":\"http:\\\/\\\/www.jazzzeitung.de\\\/cms\\\/wp-content\\\/uploads\\\/2015\\\/05\\\/cover_filippa-150x150.jpg\"},{\"@type\":\"BreadcrumbList\",\"@id\":\"https:\\\/\\\/www.jazzzeitung.de\\\/cms\\\/2015\\\/05\\\/kein-stein-bleibt-auf-dem-anderen-filippa-gojos-neues-album-vertraum\\\/#breadcrumb\",\"itemListElement\":[{\"@type\":\"ListItem\",\"position\":1,\"name\":\"Startseite\",\"item\":\"https:\\\/\\\/www.jazzzeitung.de\\\/cms\\\/\"},{\"@type\":\"ListItem\",\"position\":2,\"name\":\"Kein Stein bleibt auf dem anderen: Filippa Gojos neues Album \u201eVertraum\u201c\"}]},{\"@type\":\"WebSite\",\"@id\":\"https:\\\/\\\/www.jazzzeitung.de\\\/cms\\\/#website\",\"url\":\"https:\\\/\\\/www.jazzzeitung.de\\\/cms\\\/\",\"name\":\"JazzZeitung\",\"description\":\"Jazz-News und Jazz-Kontroverses\",\"publisher\":{\"@id\":\"https:\\\/\\\/www.jazzzeitung.de\\\/cms\\\/#organization\"},\"potentialAction\":[{\"@type\":\"SearchAction\",\"target\":{\"@type\":\"EntryPoint\",\"urlTemplate\":\"https:\\\/\\\/www.jazzzeitung.de\\\/cms\\\/?s={search_term_string}\"},\"query-input\":{\"@type\":\"PropertyValueSpecification\",\"valueRequired\":true,\"valueName\":\"search_term_string\"}}],\"inLanguage\":\"de\"},{\"@type\":\"Organization\",\"@id\":\"https:\\\/\\\/www.jazzzeitung.de\\\/cms\\\/#organization\",\"name\":\"JazzZeitung online\",\"url\":\"https:\\\/\\\/www.jazzzeitung.de\\\/cms\\\/\",\"logo\":{\"@type\":\"ImageObject\",\"inLanguage\":\"de\",\"@id\":\"https:\\\/\\\/www.jazzzeitung.de\\\/cms\\\/#\\\/schema\\\/logo\\\/image\\\/\",\"url\":\"https:\\\/\\\/i0.wp.com\\\/www.jazzzeitung.de\\\/cms\\\/wp-content\\\/uploads\\\/2015\\\/08\\\/JAZZZEITUNGDE_Logo_Neu.png?fit=499%2C200&ssl=1\",\"contentUrl\":\"https:\\\/\\\/i0.wp.com\\\/www.jazzzeitung.de\\\/cms\\\/wp-content\\\/uploads\\\/2015\\\/08\\\/JAZZZEITUNGDE_Logo_Neu.png?fit=499%2C200&ssl=1\",\"width\":499,\"height\":200,\"caption\":\"JazzZeitung online\"},\"image\":{\"@id\":\"https:\\\/\\\/www.jazzzeitung.de\\\/cms\\\/#\\\/schema\\\/logo\\\/image\\\/\"},\"sameAs\":[\"https:\\\/\\\/www.facebook.com\\\/JazzZeitung\\\/\"]},{\"@type\":\"Person\",\"@id\":\"https:\\\/\\\/www.jazzzeitung.de\\\/cms\\\/#\\\/schema\\\/person\\\/2245b36b9cd1d24cea10f01c031fb92b\",\"name\":\"Redaktion JazzZeitung\",\"image\":{\"@type\":\"ImageObject\",\"inLanguage\":\"de\",\"@id\":\"https:\\\/\\\/i0.wp.com\\\/www.jazzzeitung.de\\\/cms\\\/wp-content\\\/uploads\\\/2015\\\/08\\\/JAZZZEITUNGDE_Logo_Neu.png?resize=96%2C96&ssl=159975dcacb611b5700bd619b5daf0a7a\",\"url\":\"https:\\\/\\\/i0.wp.com\\\/www.jazzzeitung.de\\\/cms\\\/wp-content\\\/uploads\\\/2015\\\/08\\\/JAZZZEITUNGDE_Logo_Neu.png?resize=96%2C96&ssl=1\",\"contentUrl\":\"https:\\\/\\\/i0.wp.com\\\/www.jazzzeitung.de\\\/cms\\\/wp-content\\\/uploads\\\/2015\\\/08\\\/JAZZZEITUNGDE_Logo_Neu.png?resize=96%2C96&ssl=1\",\"caption\":\"Redaktion JazzZeitung\"},\"description\":\"Artikel der Redaktion der JazzZeitung.\",\"sameAs\":[\"http:\\\/\\\/www.jazzzeitung.de\\\/cms\\\/\"],\"url\":\"https:\\\/\\\/www.jazzzeitung.de\\\/cms\\\/author\\\/redaktion\\\/\"}]}<\/script>\n<!-- \/ Yoast SEO plugin. -->","yoast_head_json":{"title":"Kein Stein bleibt auf dem anderen: Filippa Gojos neues Album \u201eVertraum\u201c - JazzZeitung","robots":{"index":"index","follow":"follow","max-snippet":"max-snippet:-1","max-image-preview":"max-image-preview:large","max-video-preview":"max-video-preview:-1"},"canonical":"https:\/\/www.jazzzeitung.de\/cms\/2015\/05\/kein-stein-bleibt-auf-dem-anderen-filippa-gojos-neues-album-vertraum\/","og_locale":"de_DE","og_type":"article","og_title":"Kein Stein bleibt auf dem anderen: Filippa Gojos neues Album \u201eVertraum\u201c - JazzZeitung","og_description":"Von Stefan Pieper &#8211;\u00a0 Filippa Gojos neues Album \u201eVertraum\u201c ist die Antithese zu vielem \u00dcberlauten und \u00dcberproduzierten, was heute vielfach die Sinne verstopft. Dies gebiert im Falle der in K\u00f6ln lebenden S\u00e4ngerin ein Panoptikum unverbrauchter vokaler und im besten Sinne k\u00fcnstlerischer M\u00f6glichkeiten. \u00dcbrigens hat Filippa Gojo soeben den Neuen Deutschen Jazzpreis bekommen \u2013 und noch einen Solopreis dazu! Die Frage nach dem Warum beantwortet diese Platte, zu der Filippa Gojo \u00fcbrigens von Roger Hanschel einige ma\u00dfgebliche Anregungen erfuhr, aufs eindr\u00fccklichste.\u00a0 \u201eVertraum\u201c ist ein Fantasiewort \u2013 und so etwas ist hier Programm. Denn Filippa Gojo mag die Befreiung durch Dekonstruktion. Sie ist auf ihrem Album sich selbst und ihrer eigenen Stimme genug. Mehr braucht es nicht, wenn man es kann \u2013 und Filippa Gojo kann genau dies: Mit ihrer Stimme eine facettenreiche Ausdrucksskala abbilden und auf diesem Wege Neues, Unverbrauchtes zu erschaffen. Und dabei authentisch zu bleiben. Das neue Album, zu dem sie \u00fcbrigens von Roger Hanschel k\u00fcnstlerische Anregungen erhielt, wirkt so, als w\u00e4re sie noch st\u00e4rker als bislang innerlich zur Ruhe gekommen. In manchen Songs beschreibt sie ja auch Zust\u00e4nde eines perfekten Einklangs mit sich &hellip;","og_url":"https:\/\/www.jazzzeitung.de\/cms\/2015\/05\/kein-stein-bleibt-auf-dem-anderen-filippa-gojos-neues-album-vertraum\/","og_site_name":"JazzZeitung","article_publisher":"https:\/\/www.facebook.com\/JazzZeitung\/","article_published_time":"2015-05-05T07:14:16+00:00","og_image":[{"url":"http:\/\/www.jazzzeitung.de\/cms\/wp-content\/uploads\/2015\/05\/cover_filippa-150x150.jpg","type":"","width":"","height":""}],"author":"Redaktion JazzZeitung","schema":{"@context":"https:\/\/schema.org","@graph":[{"@type":"Article","@id":"https:\/\/www.jazzzeitung.de\/cms\/2015\/05\/kein-stein-bleibt-auf-dem-anderen-filippa-gojos-neues-album-vertraum\/#article","isPartOf":{"@id":"https:\/\/www.jazzzeitung.de\/cms\/2015\/05\/kein-stein-bleibt-auf-dem-anderen-filippa-gojos-neues-album-vertraum\/"},"author":{"name":"Redaktion JazzZeitung","@id":"https:\/\/www.jazzzeitung.de\/cms\/#\/schema\/person\/2245b36b9cd1d24cea10f01c031fb92b"},"headline":"Kein Stein bleibt auf dem anderen: Filippa Gojos neues Album \u201eVertraum\u201c","datePublished":"2015-05-05T07:14:16+00:00","mainEntityOfPage":{"@id":"https:\/\/www.jazzzeitung.de\/cms\/2015\/05\/kein-stein-bleibt-auf-dem-anderen-filippa-gojos-neues-album-vertraum\/"},"wordCount":563,"commentCount":0,"publisher":{"@id":"https:\/\/www.jazzzeitung.de\/cms\/#organization"},"image":{"@id":"https:\/\/www.jazzzeitung.de\/cms\/2015\/05\/kein-stein-bleibt-auf-dem-anderen-filippa-gojos-neues-album-vertraum\/#primaryimage"},"thumbnailUrl":"http:\/\/www.jazzzeitung.de\/cms\/wp-content\/uploads\/2015\/05\/cover_filippa-150x150.jpg","keywords":["Album","K\u00f6ln","Kultur","Stefan Pieper"],"articleSection":["Rezension"],"inLanguage":"de","potentialAction":[{"@type":"CommentAction","name":"Comment","target":["https:\/\/www.jazzzeitung.de\/cms\/2015\/05\/kein-stein-bleibt-auf-dem-anderen-filippa-gojos-neues-album-vertraum\/#respond"]}]},{"@type":"WebPage","@id":"https:\/\/www.jazzzeitung.de\/cms\/2015\/05\/kein-stein-bleibt-auf-dem-anderen-filippa-gojos-neues-album-vertraum\/","url":"https:\/\/www.jazzzeitung.de\/cms\/2015\/05\/kein-stein-bleibt-auf-dem-anderen-filippa-gojos-neues-album-vertraum\/","name":"Kein Stein bleibt auf dem anderen: Filippa Gojos neues Album \u201eVertraum\u201c - JazzZeitung","isPartOf":{"@id":"https:\/\/www.jazzzeitung.de\/cms\/#website"},"primaryImageOfPage":{"@id":"https:\/\/www.jazzzeitung.de\/cms\/2015\/05\/kein-stein-bleibt-auf-dem-anderen-filippa-gojos-neues-album-vertraum\/#primaryimage"},"image":{"@id":"https:\/\/www.jazzzeitung.de\/cms\/2015\/05\/kein-stein-bleibt-auf-dem-anderen-filippa-gojos-neues-album-vertraum\/#primaryimage"},"thumbnailUrl":"http:\/\/www.jazzzeitung.de\/cms\/wp-content\/uploads\/2015\/05\/cover_filippa-150x150.jpg","datePublished":"2015-05-05T07:14:16+00:00","breadcrumb":{"@id":"https:\/\/www.jazzzeitung.de\/cms\/2015\/05\/kein-stein-bleibt-auf-dem-anderen-filippa-gojos-neues-album-vertraum\/#breadcrumb"},"inLanguage":"de","potentialAction":[{"@type":"ReadAction","target":["https:\/\/www.jazzzeitung.de\/cms\/2015\/05\/kein-stein-bleibt-auf-dem-anderen-filippa-gojos-neues-album-vertraum\/"]}]},{"@type":"ImageObject","inLanguage":"de","@id":"https:\/\/www.jazzzeitung.de\/cms\/2015\/05\/kein-stein-bleibt-auf-dem-anderen-filippa-gojos-neues-album-vertraum\/#primaryimage","url":"http:\/\/www.jazzzeitung.de\/cms\/wp-content\/uploads\/2015\/05\/cover_filippa-150x150.jpg","contentUrl":"http:\/\/www.jazzzeitung.de\/cms\/wp-content\/uploads\/2015\/05\/cover_filippa-150x150.jpg"},{"@type":"BreadcrumbList","@id":"https:\/\/www.jazzzeitung.de\/cms\/2015\/05\/kein-stein-bleibt-auf-dem-anderen-filippa-gojos-neues-album-vertraum\/#breadcrumb","itemListElement":[{"@type":"ListItem","position":1,"name":"Startseite","item":"https:\/\/www.jazzzeitung.de\/cms\/"},{"@type":"ListItem","position":2,"name":"Kein Stein bleibt auf dem anderen: Filippa Gojos neues Album \u201eVertraum\u201c"}]},{"@type":"WebSite","@id":"https:\/\/www.jazzzeitung.de\/cms\/#website","url":"https:\/\/www.jazzzeitung.de\/cms\/","name":"JazzZeitung","description":"Jazz-News und Jazz-Kontroverses","publisher":{"@id":"https:\/\/www.jazzzeitung.de\/cms\/#organization"},"potentialAction":[{"@type":"SearchAction","target":{"@type":"EntryPoint","urlTemplate":"https:\/\/www.jazzzeitung.de\/cms\/?s={search_term_string}"},"query-input":{"@type":"PropertyValueSpecification","valueRequired":true,"valueName":"search_term_string"}}],"inLanguage":"de"},{"@type":"Organization","@id":"https:\/\/www.jazzzeitung.de\/cms\/#organization","name":"JazzZeitung online","url":"https:\/\/www.jazzzeitung.de\/cms\/","logo":{"@type":"ImageObject","inLanguage":"de","@id":"https:\/\/www.jazzzeitung.de\/cms\/#\/schema\/logo\/image\/","url":"https:\/\/i0.wp.com\/www.jazzzeitung.de\/cms\/wp-content\/uploads\/2015\/08\/JAZZZEITUNGDE_Logo_Neu.png?fit=499%2C200&ssl=1","contentUrl":"https:\/\/i0.wp.com\/www.jazzzeitung.de\/cms\/wp-content\/uploads\/2015\/08\/JAZZZEITUNGDE_Logo_Neu.png?fit=499%2C200&ssl=1","width":499,"height":200,"caption":"JazzZeitung online"},"image":{"@id":"https:\/\/www.jazzzeitung.de\/cms\/#\/schema\/logo\/image\/"},"sameAs":["https:\/\/www.facebook.com\/JazzZeitung\/"]},{"@type":"Person","@id":"https:\/\/www.jazzzeitung.de\/cms\/#\/schema\/person\/2245b36b9cd1d24cea10f01c031fb92b","name":"Redaktion JazzZeitung","image":{"@type":"ImageObject","inLanguage":"de","@id":"https:\/\/i0.wp.com\/www.jazzzeitung.de\/cms\/wp-content\/uploads\/2015\/08\/JAZZZEITUNGDE_Logo_Neu.png?resize=96%2C96&ssl=159975dcacb611b5700bd619b5daf0a7a","url":"https:\/\/i0.wp.com\/www.jazzzeitung.de\/cms\/wp-content\/uploads\/2015\/08\/JAZZZEITUNGDE_Logo_Neu.png?resize=96%2C96&ssl=1","contentUrl":"https:\/\/i0.wp.com\/www.jazzzeitung.de\/cms\/wp-content\/uploads\/2015\/08\/JAZZZEITUNGDE_Logo_Neu.png?resize=96%2C96&ssl=1","caption":"Redaktion JazzZeitung"},"description":"Artikel der Redaktion der JazzZeitung.","sameAs":["http:\/\/www.jazzzeitung.de\/cms\/"],"url":"https:\/\/www.jazzzeitung.de\/cms\/author\/redaktion\/"}]}},"wp-worthy-pixel":{"ignored":false,"public":null,"server":null,"url":null},"wp-worthy-type":"normal","jetpack_publicize_connections":[],"cc_featured_image_caption":{"caption_text":false,"source_text":false,"source_url":false},"jetpack_featured_media_url":"","jetpack_shortlink":"https:\/\/wp.me\/p3KEcT-1zQ","jetpack-related-posts":[{"id":8149,"url":"https:\/\/www.jazzzeitung.de\/cms\/2016\/01\/cd-rezension-filippa-gojo-und-sven-decker-daheim\/","url_meta":{"origin":6066,"position":0},"title":"CD-Rezension: Filippa Gojo und Sven Decker &#8211; daheim","author":"Redaktion JazzZeitung","date":"18. Januar 2016","format":false,"excerpt":"Von Dietrich Schlegel - Der Saxophonist, Komponist und Bandleader Sven Decker und die Vokalistin Filippa Gojo sind seit Jahren fest in der K\u00f6lner Jazzszene etabliert und sich dennoch nie begegnet. Bei viel besch\u00e4ftigten Musikern kann das vorkommen. So dauerte es Jahre bis zu einem Konzert des Thoneline Orchestra Ende Juni\u2026","rel":"","context":"In &quot;Rezension&quot;","block_context":{"text":"Rezension","link":"https:\/\/www.jazzzeitung.de\/cms\/thema\/rezension\/"},"img":{"alt_text":"cover_gojo","src":"https:\/\/i0.wp.com\/www.jazzzeitung.de\/cms\/wp-content\/uploads\/2016\/01\/cover_gojo-150x150.jpg?resize=350%2C200","width":350,"height":200},"classes":[]},{"id":5733,"url":"https:\/\/www.jazzzeitung.de\/cms\/2015\/03\/news-hammond-im-schlosspark-neuer-deutscher-jazzpreis-street-fame-burghausen\/","url_meta":{"origin":6066,"position":1},"title":"News: Hammond im Schlosspark +++ Neuer Deutscher Jazzpreis +++ Street of Fame Burghausen","author":"Redaktion JazzZeitung","date":"17. M\u00e4rz 2015","format":false,"excerpt":"Albert Hammond im Schlosspark Fachsenfeld Aus seiner Feder stammen Welthits wie \u201eOne moment in time\u201c, \u201eIt never rains in Southern California\u201c oder \u201eDown by the river\u201d: Albert Hammond. Die Stiftung Schloss Fachsenfeld und der Verein kunterbunt, Veranstalter des Aalener Jazzfests, holen den Singer-Songwriter jetzt erstmals nach Ostw\u00fcrttemberg. Am Samstag, 23.\u2026","rel":"","context":"In &quot;News&quot;","block_context":{"text":"News","link":"https:\/\/www.jazzzeitung.de\/cms\/thema\/nachrichten\/"},"img":{"alt_text":"Albert Hammond auf der B\u00fchne. Foto: Albrecht Schmidt","src":"https:\/\/i0.wp.com\/www.jazzzeitung.de\/cms\/wp-content\/uploads\/2015\/03\/Albert_Hammond_live_01_Foto-by-Albrecht-Schmidt-150x150.jpg?resize=350%2C200","width":350,"height":200},"classes":[]},{"id":23628,"url":"https:\/\/www.jazzzeitung.de\/cms\/2020\/10\/endlich-aufwachen-und-wieder-spielen-das-fuchsthone-orchestra-liess-in-duesseldorf-und-dinslaken-die-corona-zwangspause-hinter-sich\/","url_meta":{"origin":6066,"position":2},"title":"Endlich aufwachen und wieder spielen: Das Fuchsthone-Orchestra lie\u00df in D\u00fcsseldorf und Dinslaken die Corona-Zwangspause hinter sich","author":"Redaktion JazzZeitung","date":"15. Oktober 2020","format":false,"excerpt":"Es muss eine heftige Erfahrung f\u00fcr die Musikerinnen und Musiker gewesen sein: Eine Band reist zum ersehnten Auftritt an. Eine Band hat alles zum ersehnten Auftritt aufgebaut, dann hei\u00dft es wieder einpacken, weil die Veranstaltung in letzter Minute abgesagt wird. So geschehen im M\u00e4rz dieses Jahres, an jenem Wochenende, als\u2026","rel":"","context":"In &quot;Bericht&quot;","block_context":{"text":"Bericht","link":"https:\/\/www.jazzzeitung.de\/cms\/thema\/bericht\/"},"img":{"alt_text":"","src":"https:\/\/i0.wp.com\/www.jazzzeitung.de\/cms\/wp-content\/uploads\/2020\/10\/Heidi-Bayer-scaled.jpg?fit=1200%2C970&ssl=1&resize=350%2C200","width":350,"height":200,"srcset":"https:\/\/i0.wp.com\/www.jazzzeitung.de\/cms\/wp-content\/uploads\/2020\/10\/Heidi-Bayer-scaled.jpg?fit=1200%2C970&ssl=1&resize=350%2C200 1x, https:\/\/i0.wp.com\/www.jazzzeitung.de\/cms\/wp-content\/uploads\/2020\/10\/Heidi-Bayer-scaled.jpg?fit=1200%2C970&ssl=1&resize=525%2C300 1.5x, https:\/\/i0.wp.com\/www.jazzzeitung.de\/cms\/wp-content\/uploads\/2020\/10\/Heidi-Bayer-scaled.jpg?fit=1200%2C970&ssl=1&resize=700%2C400 2x, https:\/\/i0.wp.com\/www.jazzzeitung.de\/cms\/wp-content\/uploads\/2020\/10\/Heidi-Bayer-scaled.jpg?fit=1200%2C970&ssl=1&resize=1050%2C600 3x"},"classes":[]},{"id":5232,"url":"https:\/\/www.jazzzeitung.de\/cms\/2015\/01\/koelner-winterjazz-zum-vierten\/","url_meta":{"origin":6066,"position":3},"title":"K\u00f6lner \u201eWinterjazz\u201c \u2013 zum Vierten","author":"Redaktion JazzZeitung","date":"19. Januar 2015","format":false,"excerpt":"Von Dietrich Schlegel - Auch wenn Angelika Niescier, preisgekr\u00f6nte Saxophonistin, Komponistin und Bandleaderin, viel international unterwegs ist, bleibt sie ihrer \u2013 auch musikalischen \u2013 Heimatstadt K\u00f6ln doch eng verbunden. Und es scheint ihr Ehrgeiz zu sein, diese N\u00e4he nicht nur durch eigene Konzerte zu beweisen, sondern auch durch den von\u2026","rel":"","context":"In &quot;Bericht&quot;","block_context":{"text":"Bericht","link":"https:\/\/www.jazzzeitung.de\/cms\/thema\/bericht\/"},"img":{"alt_text":"Filippa Gojo. Foto: Gehard Richter","src":"https:\/\/i0.wp.com\/www.jazzzeitung.de\/cms\/wp-content\/uploads\/2015\/01\/winterjazz-foto-gerhard-richter-150x150.jpg?resize=350%2C200","width":350,"height":200},"classes":[]},{"id":18679,"url":"https:\/\/www.jazzzeitung.de\/cms\/2019\/02\/ein-new-yorker-im-ruhrgebiet-ein-recklinghaeuser-in-new-work-stefan-bauer-und-sein-neues-album-voyage-west\/","url_meta":{"origin":6066,"position":4},"title":"Ein New Yorker im Ruhrgebiet \u2013 ein Recklingh\u00e4user in New Work: Stefan Bauer und sein neues Album \u201eVoyage West&#8220;","author":"Redaktion JazzZeitung","date":"18. Februar 2019","format":false,"excerpt":"Der Vibrafonist Stefan Bauer ist mit Leib und Seele ein New Yorker, genauer gesagt ein Musiker aus Brooklyn, aber ebenso ein bekennender, aus Recklinghausen stammender Ruhrgebietsmusiker, der regelm\u00e4\u00dfig zu seinen vielbeachteten \u201eHeimspielen\" viele Jazzgr\u00f6\u00dfen aus NRW mobilisiert. Und Bauer ist in bestem Sinne ein musikalischer Reisender. In dieser Hinsicht betreibt\u2026","rel":"","context":"In &quot;Rezension&quot;","block_context":{"text":"Rezension","link":"https:\/\/www.jazzzeitung.de\/cms\/thema\/rezension\/"},"img":{"alt_text":"","src":"https:\/\/i0.wp.com\/www.jazzzeitung.de\/cms\/wp-content\/uploads\/2019\/02\/cover-e1550154573629.jpg?fit=931%2C508&ssl=1&resize=350%2C200","width":350,"height":200,"srcset":"https:\/\/i0.wp.com\/www.jazzzeitung.de\/cms\/wp-content\/uploads\/2019\/02\/cover-e1550154573629.jpg?fit=931%2C508&ssl=1&resize=350%2C200 1x, https:\/\/i0.wp.com\/www.jazzzeitung.de\/cms\/wp-content\/uploads\/2019\/02\/cover-e1550154573629.jpg?fit=931%2C508&ssl=1&resize=525%2C300 1.5x, https:\/\/i0.wp.com\/www.jazzzeitung.de\/cms\/wp-content\/uploads\/2019\/02\/cover-e1550154573629.jpg?fit=931%2C508&ssl=1&resize=700%2C400 2x"},"classes":[]},{"id":8783,"url":"https:\/\/www.jazzzeitung.de\/cms\/2016\/03\/neuer-deutscher-jazzpreis-mannheim-2016-die-gewinner\/","url_meta":{"origin":6066,"position":5},"title":"Neuer Deutscher Jazzpreis Mannheim 2016: die Gewinner","author":"Redaktion JazzZeitung","date":"21. M\u00e4rz 2016","format":false,"excerpt":"Bereits zum elften Mal fand am 18. und 19. M\u00e4rz 2016 in Mannheim das Festival des von der IG Jazz ausgeschriebenen Neuen Deutschen Jazzpreises statt. Es war wie auch in den Vorjahren ein voller Erfolg. Am Samstag Abend w\u00e4hlten die Zuschauer nach drei hochklassigen Konzerten in der ausverkauften Alten Feuerwache\u2026","rel":"","context":"In &quot;News&quot;","block_context":{"text":"News","link":"https:\/\/www.jazzzeitung.de\/cms\/thema\/nachrichten\/"},"img":{"alt_text":"Rainer_Boehm01","src":"https:\/\/i0.wp.com\/www.jazzzeitung.de\/cms\/wp-content\/uploads\/2016\/03\/rainer_b%C3%B6hm-150x150.jpg?resize=350%2C200","width":350,"height":200},"classes":[]}],"jetpack_sharing_enabled":true,"_links":{"self":[{"href":"https:\/\/www.jazzzeitung.de\/cms\/wp-json\/wp\/v2\/posts\/6066","targetHints":{"allow":["GET"]}}],"collection":[{"href":"https:\/\/www.jazzzeitung.de\/cms\/wp-json\/wp\/v2\/posts"}],"about":[{"href":"https:\/\/www.jazzzeitung.de\/cms\/wp-json\/wp\/v2\/types\/post"}],"author":[{"embeddable":true,"href":"https:\/\/www.jazzzeitung.de\/cms\/wp-json\/wp\/v2\/users\/18"}],"replies":[{"embeddable":true,"href":"https:\/\/www.jazzzeitung.de\/cms\/wp-json\/wp\/v2\/comments?post=6066"}],"version-history":[{"count":1,"href":"https:\/\/www.jazzzeitung.de\/cms\/wp-json\/wp\/v2\/posts\/6066\/revisions"}],"predecessor-version":[{"id":6068,"href":"https:\/\/www.jazzzeitung.de\/cms\/wp-json\/wp\/v2\/posts\/6066\/revisions\/6068"}],"wp:attachment":[{"href":"https:\/\/www.jazzzeitung.de\/cms\/wp-json\/wp\/v2\/media?parent=6066"}],"wp:term":[{"taxonomy":"category","embeddable":true,"href":"https:\/\/www.jazzzeitung.de\/cms\/wp-json\/wp\/v2\/categories?post=6066"},{"taxonomy":"post_tag","embeddable":true,"href":"https:\/\/www.jazzzeitung.de\/cms\/wp-json\/wp\/v2\/tags?post=6066"},{"taxonomy":"author","embeddable":true,"href":"https:\/\/www.jazzzeitung.de\/cms\/wp-json\/wp\/v2\/coauthors?post=6066"}],"curies":[{"name":"wp","href":"https:\/\/api.w.org\/{rel}","templated":true}]}}