{"id":5935,"date":"2015-04-15T13:00:10","date_gmt":"2015-04-15T11:00:10","guid":{"rendered":"http:\/\/www.jazzzeitung.de\/cms\/?p=5935"},"modified":"2015-04-14T17:22:19","modified_gmt":"2015-04-14T15:22:19","slug":"news-giora-feidman-leipzig-jeffrey-mills-friends-mit-special-guest-roger-pabst-halle","status":"publish","type":"post","link":"https:\/\/www.jazzzeitung.de\/cms\/2015\/04\/news-giora-feidman-leipzig-jeffrey-mills-friends-mit-special-guest-roger-pabst-halle\/","title":{"rendered":"News: Giora Feidman in Leipzig +++ Jeffrey Mills &#038; Friends mit Special guest Roger Pabst in Halle"},"content":{"rendered":"<p><strong>The Giora Feidman Jazz Experience &#8211; \u201eKlezmer meets Jazz\u201c<\/strong><\/p>\n<p>Giora Feidmann kommt mit einem neuen Programm \u2013 einer spannungsreichen Mischung aus Jazz und Klezmer, gespielt von virtuosen Instrumentalisten \u2013 am 10. Mai (17 Uhr) in die Ev.-Luth. Kirchgemeinde St. Petri. in Leipzig.<\/p>\n<p>Was kommt dabei heraus, wenn ein erfahrener Orchestermusiker, der die jiddische Volksmusik salonf\u00e4hig gemacht hat, auf einmal mit dem Jazz flirtet. Die Begriffe \u201eKlezmer\u201c und \u201eJazz\u201c bezeichnen dabei lediglich Eckpunkte und stehen in keinem Widerspruch zueinander. Klezmer \u2013 Musik ist voller Swing und im Jazz steckt ebenfalls das ganze Kaleidoskop von Emotionen, die im Klezmersound mitschwingen.<\/p>\n<p>In Feidmans neuem musikalischem Men\u00fc gibt es Latin Jazz wie \u201eCaravan\u201c von Duke Ellington, die Jazz-Ballade \u201eBeautiful Love\u201c von Victor Young, George Gerswhins Uptempo Swing \u201eSomebody Loves Me\u201c, oder atmosph\u00e4rischen Jazz wie \u201eCrystal Silence\u201c von Chick Corea. Dies alles ist durchsetzt von der trotz aller Melancholie lebensbejahenden Musik der osteurop\u00e4ischen Juden. Jazz einmal ganz anders.<\/p>\n<p>Begleitet wird Giora Feidman (Klarinette, Bassklarinette) von Stephan Braun ( Jazz Cello) Reentko Dirks (Gitarre) und Guido J\u00e4ger (Kontrabass)<\/p>\n<p>Weiterer Informationen zu Giora Feidmans Konzert in der Peterskirche finden sie <a href=\"http:\/\/www.peterskirche-leipzig.de\/kultur\/veranstaltungen\/details\/?tx_ttnews[year]=2014&amp;tx_ttnews[month]=01&amp;tx_ttnews[day]=09&amp;tx_ttnews[tt_news]=1223&amp;tx_ttnews[backPid]=30&amp;tx_ttnews[calendarYear]=2015&amp;tx_ttnews[calendarMonth]=5&amp;cHash=ff46e684b58c33d43d092a5c74c981bc\">hier<\/a>.<\/p>\n<p>&nbsp;<\/p>\n<p><strong>Beatle Jazz &#8211; Jeffrey Mills &amp; Friends mit Special guest Roger Pabst<\/strong><\/p>\n<p>\u201eBeatle Jazz\u201c ist das neueste Projekt von Jeffrey Lee Mills (Klavier\/Trompete\/Gesang), das er am 26. Mai (20 Uhr) im Jazzclub im Operncaf\u00e9 in Halle zum Besten geben wird. Er \u201ejazzt\u201c bekannte Songs der Beatles wie Michelle, Ob la di \u2013 Ob la da, Come Together, Let it be oder Lucy in the sky with diamonds. In Europa wird Jeffrey Lee Mills von zwei Musikern begleitet, dem aus San Francisco stammenden Ben \u201eThe King\u201c Perkoff am Saxofon und Lenjes \u201eThe Duke\u201c Robinson am Schlagzeug aus Los Angeles.<\/p>\n<p>Zum Finale des Abends wird ein in Halle sehr beliebter Interpret das Trio erg\u00e4nzen. Roger Pabst, der hinl\u00e4nglich gefeierte Interpret der legend\u00e4ren Songs des S\u00e4ngers und Entertainers Frank Sinatra, kommt hinzu.<\/p>\n<p>&nbsp;<\/p>\n","protected":false},"excerpt":{"rendered":"<p>The Giora Feidman Jazz Experience &#8211; \u201eKlezmer meets Jazz\u201c Giora Feidmann kommt mit einem neuen Programm \u2013 einer spannungsreichen Mischung aus Jazz und Klezmer, gespielt von virtuosen Instrumentalisten \u2013 am 10. Mai (17 Uhr) in die Ev.-Luth. Kirchgemeinde St. Petri. in Leipzig. Was kommt dabei heraus, wenn ein erfahrener Orchestermusiker, der die jiddische Volksmusik salonf\u00e4hig gemacht hat, auf einmal mit dem Jazz flirtet. Die Begriffe \u201eKlezmer\u201c und \u201eJazz\u201c bezeichnen dabei lediglich Eckpunkte und stehen in keinem Widerspruch zueinander. Klezmer \u2013 Musik ist voller Swing und im Jazz steckt ebenfalls das ganze Kaleidoskop von Emotionen, die im Klezmersound mitschwingen. In Feidmans neuem musikalischem Men\u00fc gibt es Latin Jazz wie \u201eCaravan\u201c von Duke Ellington, die Jazz-Ballade \u201eBeautiful Love\u201c von Victor Young, George Gerswhins Uptempo Swing \u201eSomebody Loves Me\u201c, oder atmosph\u00e4rischen Jazz wie \u201eCrystal Silence\u201c von Chick Corea. Dies alles ist durchsetzt von der trotz aller Melancholie lebensbejahenden Musik der osteurop\u00e4ischen Juden. Jazz einmal ganz anders. Begleitet wird Giora Feidman (Klarinette, Bassklarinette) von Stephan Braun ( Jazz Cello) Reentko Dirks (Gitarre) und Guido J\u00e4ger (Kontrabass) Weiterer Informationen zu Giora Feidmans Konzert in der Peterskirche finden sie hier. &nbsp; &hellip;<\/p>\n","protected":false},"author":18,"featured_media":0,"comment_status":"open","ping_status":"closed","sticky":false,"template":"","format":"standard","meta":{"_jetpack_memberships_contains_paid_content":false,"footnotes":"","jetpack_publicize_message":"","jetpack_publicize_feature_enabled":true,"jetpack_social_post_already_shared":false,"jetpack_social_options":{"image_generator_settings":{"template":"highway","default_image_id":0,"font":"","enabled":false},"version":2}},"categories":[633],"tags":[803,214,271,322,349,486,535],"coauthors":[695],"class_list":["post-5935","post","type-post","status-publish","format-standard","hentry","category-nachrichten","tag-frank-sinatra","tag-halle","tag-jazzclub","tag-konzert-2","tag-leipzig","tag-san-francisco","tag-swing"],"yoast_head":"<!-- This site is optimized with the Yoast SEO plugin v27.5 - https:\/\/yoast.com\/product\/yoast-seo-wordpress\/ -->\n<title>News: Giora Feidman in Leipzig +++ Jeffrey Mills &amp; Friends mit Special guest Roger Pabst in Halle - JazzZeitung<\/title>\n<meta name=\"robots\" content=\"index, follow, max-snippet:-1, max-image-preview:large, max-video-preview:-1\" \/>\n<link rel=\"canonical\" href=\"https:\/\/www.jazzzeitung.de\/cms\/2015\/04\/news-giora-feidman-leipzig-jeffrey-mills-friends-mit-special-guest-roger-pabst-halle\/\" \/>\n<meta property=\"og:locale\" content=\"de_DE\" \/>\n<meta property=\"og:type\" content=\"article\" \/>\n<meta property=\"og:title\" content=\"News: Giora Feidman in Leipzig +++ Jeffrey Mills &amp; Friends mit Special guest Roger Pabst in Halle - JazzZeitung\" \/>\n<meta property=\"og:description\" content=\"The Giora Feidman Jazz Experience &#8211; \u201eKlezmer meets Jazz\u201c Giora Feidmann kommt mit einem neuen Programm \u2013 einer spannungsreichen Mischung aus Jazz und Klezmer, gespielt von virtuosen Instrumentalisten \u2013 am 10. Mai (17 Uhr) in die Ev.-Luth. Kirchgemeinde St. Petri. in Leipzig. Was kommt dabei heraus, wenn ein erfahrener Orchestermusiker, der die jiddische Volksmusik salonf\u00e4hig gemacht hat, auf einmal mit dem Jazz flirtet. Die Begriffe \u201eKlezmer\u201c und \u201eJazz\u201c bezeichnen dabei lediglich Eckpunkte und stehen in keinem Widerspruch zueinander. Klezmer \u2013 Musik ist voller Swing und im Jazz steckt ebenfalls das ganze Kaleidoskop von Emotionen, die im Klezmersound mitschwingen. In Feidmans neuem musikalischem Men\u00fc gibt es Latin Jazz wie \u201eCaravan\u201c von Duke Ellington, die Jazz-Ballade \u201eBeautiful Love\u201c von Victor Young, George Gerswhins Uptempo Swing \u201eSomebody Loves Me\u201c, oder atmosph\u00e4rischen Jazz wie \u201eCrystal Silence\u201c von Chick Corea. Dies alles ist durchsetzt von der trotz aller Melancholie lebensbejahenden Musik der osteurop\u00e4ischen Juden. Jazz einmal ganz anders. Begleitet wird Giora Feidman (Klarinette, Bassklarinette) von Stephan Braun ( Jazz Cello) Reentko Dirks (Gitarre) und Guido J\u00e4ger (Kontrabass) Weiterer Informationen zu Giora Feidmans Konzert in der Peterskirche finden sie hier. &nbsp; &hellip;\" \/>\n<meta property=\"og:url\" content=\"https:\/\/www.jazzzeitung.de\/cms\/2015\/04\/news-giora-feidman-leipzig-jeffrey-mills-friends-mit-special-guest-roger-pabst-halle\/\" \/>\n<meta property=\"og:site_name\" content=\"JazzZeitung\" \/>\n<meta property=\"article:publisher\" content=\"https:\/\/www.facebook.com\/JazzZeitung\/\" \/>\n<meta property=\"article:published_time\" content=\"2015-04-15T11:00:10+00:00\" \/>\n<meta property=\"og:image\" content=\"https:\/\/i0.wp.com\/www.jazzzeitung.de\/cms\/wp-content\/uploads\/2012\/01\/ipad-logo-200.png?fit=200%2C200&ssl=1\" \/>\n\t<meta property=\"og:image:width\" content=\"200\" \/>\n\t<meta property=\"og:image:height\" content=\"200\" \/>\n\t<meta property=\"og:image:type\" content=\"image\/png\" \/>\n<meta name=\"author\" content=\"Redaktion JazzZeitung\" \/>\n<script type=\"application\/ld+json\" class=\"yoast-schema-graph\">{\"@context\":\"https:\\\/\\\/schema.org\",\"@graph\":[{\"@type\":\"Article\",\"@id\":\"https:\\\/\\\/www.jazzzeitung.de\\\/cms\\\/2015\\\/04\\\/news-giora-feidman-leipzig-jeffrey-mills-friends-mit-special-guest-roger-pabst-halle\\\/#article\",\"isPartOf\":{\"@id\":\"https:\\\/\\\/www.jazzzeitung.de\\\/cms\\\/2015\\\/04\\\/news-giora-feidman-leipzig-jeffrey-mills-friends-mit-special-guest-roger-pabst-halle\\\/\"},\"author\":{\"name\":\"Redaktion JazzZeitung\",\"@id\":\"https:\\\/\\\/www.jazzzeitung.de\\\/cms\\\/#\\\/schema\\\/person\\\/2245b36b9cd1d24cea10f01c031fb92b\"},\"headline\":\"News: Giora Feidman in Leipzig +++ Jeffrey Mills &#038; Friends mit Special guest Roger Pabst in Halle\",\"datePublished\":\"2015-04-15T11:00:10+00:00\",\"mainEntityOfPage\":{\"@id\":\"https:\\\/\\\/www.jazzzeitung.de\\\/cms\\\/2015\\\/04\\\/news-giora-feidman-leipzig-jeffrey-mills-friends-mit-special-guest-roger-pabst-halle\\\/\"},\"wordCount\":332,\"commentCount\":0,\"publisher\":{\"@id\":\"https:\\\/\\\/www.jazzzeitung.de\\\/cms\\\/#organization\"},\"keywords\":[\"Frank Sinatra\",\"Halle\",\"Jazzclub\",\"Konzert\",\"Leipzig\",\"San Francisco\",\"Swing\"],\"articleSection\":[\"News\"],\"inLanguage\":\"de\",\"potentialAction\":[{\"@type\":\"CommentAction\",\"name\":\"Comment\",\"target\":[\"https:\\\/\\\/www.jazzzeitung.de\\\/cms\\\/2015\\\/04\\\/news-giora-feidman-leipzig-jeffrey-mills-friends-mit-special-guest-roger-pabst-halle\\\/#respond\"]}]},{\"@type\":\"WebPage\",\"@id\":\"https:\\\/\\\/www.jazzzeitung.de\\\/cms\\\/2015\\\/04\\\/news-giora-feidman-leipzig-jeffrey-mills-friends-mit-special-guest-roger-pabst-halle\\\/\",\"url\":\"https:\\\/\\\/www.jazzzeitung.de\\\/cms\\\/2015\\\/04\\\/news-giora-feidman-leipzig-jeffrey-mills-friends-mit-special-guest-roger-pabst-halle\\\/\",\"name\":\"News: Giora Feidman in Leipzig +++ Jeffrey Mills & Friends mit Special guest Roger Pabst in Halle - JazzZeitung\",\"isPartOf\":{\"@id\":\"https:\\\/\\\/www.jazzzeitung.de\\\/cms\\\/#website\"},\"datePublished\":\"2015-04-15T11:00:10+00:00\",\"breadcrumb\":{\"@id\":\"https:\\\/\\\/www.jazzzeitung.de\\\/cms\\\/2015\\\/04\\\/news-giora-feidman-leipzig-jeffrey-mills-friends-mit-special-guest-roger-pabst-halle\\\/#breadcrumb\"},\"inLanguage\":\"de\",\"potentialAction\":[{\"@type\":\"ReadAction\",\"target\":[\"https:\\\/\\\/www.jazzzeitung.de\\\/cms\\\/2015\\\/04\\\/news-giora-feidman-leipzig-jeffrey-mills-friends-mit-special-guest-roger-pabst-halle\\\/\"]}]},{\"@type\":\"BreadcrumbList\",\"@id\":\"https:\\\/\\\/www.jazzzeitung.de\\\/cms\\\/2015\\\/04\\\/news-giora-feidman-leipzig-jeffrey-mills-friends-mit-special-guest-roger-pabst-halle\\\/#breadcrumb\",\"itemListElement\":[{\"@type\":\"ListItem\",\"position\":1,\"name\":\"Startseite\",\"item\":\"https:\\\/\\\/www.jazzzeitung.de\\\/cms\\\/\"},{\"@type\":\"ListItem\",\"position\":2,\"name\":\"News: Giora Feidman in Leipzig +++ Jeffrey Mills &#038; Friends mit Special guest Roger Pabst in Halle\"}]},{\"@type\":\"WebSite\",\"@id\":\"https:\\\/\\\/www.jazzzeitung.de\\\/cms\\\/#website\",\"url\":\"https:\\\/\\\/www.jazzzeitung.de\\\/cms\\\/\",\"name\":\"JazzZeitung\",\"description\":\"Jazz-News und Jazz-Kontroverses\",\"publisher\":{\"@id\":\"https:\\\/\\\/www.jazzzeitung.de\\\/cms\\\/#organization\"},\"potentialAction\":[{\"@type\":\"SearchAction\",\"target\":{\"@type\":\"EntryPoint\",\"urlTemplate\":\"https:\\\/\\\/www.jazzzeitung.de\\\/cms\\\/?s={search_term_string}\"},\"query-input\":{\"@type\":\"PropertyValueSpecification\",\"valueRequired\":true,\"valueName\":\"search_term_string\"}}],\"inLanguage\":\"de\"},{\"@type\":\"Organization\",\"@id\":\"https:\\\/\\\/www.jazzzeitung.de\\\/cms\\\/#organization\",\"name\":\"JazzZeitung online\",\"url\":\"https:\\\/\\\/www.jazzzeitung.de\\\/cms\\\/\",\"logo\":{\"@type\":\"ImageObject\",\"inLanguage\":\"de\",\"@id\":\"https:\\\/\\\/www.jazzzeitung.de\\\/cms\\\/#\\\/schema\\\/logo\\\/image\\\/\",\"url\":\"https:\\\/\\\/i0.wp.com\\\/www.jazzzeitung.de\\\/cms\\\/wp-content\\\/uploads\\\/2015\\\/08\\\/JAZZZEITUNGDE_Logo_Neu.png?fit=499%2C200&ssl=1\",\"contentUrl\":\"https:\\\/\\\/i0.wp.com\\\/www.jazzzeitung.de\\\/cms\\\/wp-content\\\/uploads\\\/2015\\\/08\\\/JAZZZEITUNGDE_Logo_Neu.png?fit=499%2C200&ssl=1\",\"width\":499,\"height\":200,\"caption\":\"JazzZeitung online\"},\"image\":{\"@id\":\"https:\\\/\\\/www.jazzzeitung.de\\\/cms\\\/#\\\/schema\\\/logo\\\/image\\\/\"},\"sameAs\":[\"https:\\\/\\\/www.facebook.com\\\/JazzZeitung\\\/\"]},{\"@type\":\"Person\",\"@id\":\"https:\\\/\\\/www.jazzzeitung.de\\\/cms\\\/#\\\/schema\\\/person\\\/2245b36b9cd1d24cea10f01c031fb92b\",\"name\":\"Redaktion JazzZeitung\",\"image\":{\"@type\":\"ImageObject\",\"inLanguage\":\"de\",\"@id\":\"https:\\\/\\\/i0.wp.com\\\/www.jazzzeitung.de\\\/cms\\\/wp-content\\\/uploads\\\/2015\\\/08\\\/JAZZZEITUNGDE_Logo_Neu.png?resize=96%2C96&ssl=159975dcacb611b5700bd619b5daf0a7a\",\"url\":\"https:\\\/\\\/i0.wp.com\\\/www.jazzzeitung.de\\\/cms\\\/wp-content\\\/uploads\\\/2015\\\/08\\\/JAZZZEITUNGDE_Logo_Neu.png?resize=96%2C96&ssl=1\",\"contentUrl\":\"https:\\\/\\\/i0.wp.com\\\/www.jazzzeitung.de\\\/cms\\\/wp-content\\\/uploads\\\/2015\\\/08\\\/JAZZZEITUNGDE_Logo_Neu.png?resize=96%2C96&ssl=1\",\"caption\":\"Redaktion JazzZeitung\"},\"description\":\"Artikel der Redaktion der JazzZeitung.\",\"sameAs\":[\"http:\\\/\\\/www.jazzzeitung.de\\\/cms\\\/\"],\"url\":\"https:\\\/\\\/www.jazzzeitung.de\\\/cms\\\/author\\\/redaktion\\\/\"}]}<\/script>\n<!-- \/ Yoast SEO plugin. -->","yoast_head_json":{"title":"News: Giora Feidman in Leipzig +++ Jeffrey Mills & Friends mit Special guest Roger Pabst in Halle - JazzZeitung","robots":{"index":"index","follow":"follow","max-snippet":"max-snippet:-1","max-image-preview":"max-image-preview:large","max-video-preview":"max-video-preview:-1"},"canonical":"https:\/\/www.jazzzeitung.de\/cms\/2015\/04\/news-giora-feidman-leipzig-jeffrey-mills-friends-mit-special-guest-roger-pabst-halle\/","og_locale":"de_DE","og_type":"article","og_title":"News: Giora Feidman in Leipzig +++ Jeffrey Mills & Friends mit Special guest Roger Pabst in Halle - JazzZeitung","og_description":"The Giora Feidman Jazz Experience &#8211; \u201eKlezmer meets Jazz\u201c Giora Feidmann kommt mit einem neuen Programm \u2013 einer spannungsreichen Mischung aus Jazz und Klezmer, gespielt von virtuosen Instrumentalisten \u2013 am 10. Mai (17 Uhr) in die Ev.-Luth. Kirchgemeinde St. Petri. in Leipzig. Was kommt dabei heraus, wenn ein erfahrener Orchestermusiker, der die jiddische Volksmusik salonf\u00e4hig gemacht hat, auf einmal mit dem Jazz flirtet. Die Begriffe \u201eKlezmer\u201c und \u201eJazz\u201c bezeichnen dabei lediglich Eckpunkte und stehen in keinem Widerspruch zueinander. Klezmer \u2013 Musik ist voller Swing und im Jazz steckt ebenfalls das ganze Kaleidoskop von Emotionen, die im Klezmersound mitschwingen. In Feidmans neuem musikalischem Men\u00fc gibt es Latin Jazz wie \u201eCaravan\u201c von Duke Ellington, die Jazz-Ballade \u201eBeautiful Love\u201c von Victor Young, George Gerswhins Uptempo Swing \u201eSomebody Loves Me\u201c, oder atmosph\u00e4rischen Jazz wie \u201eCrystal Silence\u201c von Chick Corea. Dies alles ist durchsetzt von der trotz aller Melancholie lebensbejahenden Musik der osteurop\u00e4ischen Juden. Jazz einmal ganz anders. Begleitet wird Giora Feidman (Klarinette, Bassklarinette) von Stephan Braun ( Jazz Cello) Reentko Dirks (Gitarre) und Guido J\u00e4ger (Kontrabass) Weiterer Informationen zu Giora Feidmans Konzert in der Peterskirche finden sie hier. &nbsp; &hellip;","og_url":"https:\/\/www.jazzzeitung.de\/cms\/2015\/04\/news-giora-feidman-leipzig-jeffrey-mills-friends-mit-special-guest-roger-pabst-halle\/","og_site_name":"JazzZeitung","article_publisher":"https:\/\/www.facebook.com\/JazzZeitung\/","article_published_time":"2015-04-15T11:00:10+00:00","og_image":[{"width":200,"height":200,"url":"https:\/\/i0.wp.com\/www.jazzzeitung.de\/cms\/wp-content\/uploads\/2012\/01\/ipad-logo-200.png?fit=200%2C200&ssl=1","type":"image\/png"}],"author":"Redaktion JazzZeitung","schema":{"@context":"https:\/\/schema.org","@graph":[{"@type":"Article","@id":"https:\/\/www.jazzzeitung.de\/cms\/2015\/04\/news-giora-feidman-leipzig-jeffrey-mills-friends-mit-special-guest-roger-pabst-halle\/#article","isPartOf":{"@id":"https:\/\/www.jazzzeitung.de\/cms\/2015\/04\/news-giora-feidman-leipzig-jeffrey-mills-friends-mit-special-guest-roger-pabst-halle\/"},"author":{"name":"Redaktion JazzZeitung","@id":"https:\/\/www.jazzzeitung.de\/cms\/#\/schema\/person\/2245b36b9cd1d24cea10f01c031fb92b"},"headline":"News: Giora Feidman in Leipzig +++ Jeffrey Mills &#038; Friends mit Special guest Roger Pabst in Halle","datePublished":"2015-04-15T11:00:10+00:00","mainEntityOfPage":{"@id":"https:\/\/www.jazzzeitung.de\/cms\/2015\/04\/news-giora-feidman-leipzig-jeffrey-mills-friends-mit-special-guest-roger-pabst-halle\/"},"wordCount":332,"commentCount":0,"publisher":{"@id":"https:\/\/www.jazzzeitung.de\/cms\/#organization"},"keywords":["Frank Sinatra","Halle","Jazzclub","Konzert","Leipzig","San Francisco","Swing"],"articleSection":["News"],"inLanguage":"de","potentialAction":[{"@type":"CommentAction","name":"Comment","target":["https:\/\/www.jazzzeitung.de\/cms\/2015\/04\/news-giora-feidman-leipzig-jeffrey-mills-friends-mit-special-guest-roger-pabst-halle\/#respond"]}]},{"@type":"WebPage","@id":"https:\/\/www.jazzzeitung.de\/cms\/2015\/04\/news-giora-feidman-leipzig-jeffrey-mills-friends-mit-special-guest-roger-pabst-halle\/","url":"https:\/\/www.jazzzeitung.de\/cms\/2015\/04\/news-giora-feidman-leipzig-jeffrey-mills-friends-mit-special-guest-roger-pabst-halle\/","name":"News: Giora Feidman in Leipzig +++ Jeffrey Mills & Friends mit Special guest Roger Pabst in Halle - JazzZeitung","isPartOf":{"@id":"https:\/\/www.jazzzeitung.de\/cms\/#website"},"datePublished":"2015-04-15T11:00:10+00:00","breadcrumb":{"@id":"https:\/\/www.jazzzeitung.de\/cms\/2015\/04\/news-giora-feidman-leipzig-jeffrey-mills-friends-mit-special-guest-roger-pabst-halle\/#breadcrumb"},"inLanguage":"de","potentialAction":[{"@type":"ReadAction","target":["https:\/\/www.jazzzeitung.de\/cms\/2015\/04\/news-giora-feidman-leipzig-jeffrey-mills-friends-mit-special-guest-roger-pabst-halle\/"]}]},{"@type":"BreadcrumbList","@id":"https:\/\/www.jazzzeitung.de\/cms\/2015\/04\/news-giora-feidman-leipzig-jeffrey-mills-friends-mit-special-guest-roger-pabst-halle\/#breadcrumb","itemListElement":[{"@type":"ListItem","position":1,"name":"Startseite","item":"https:\/\/www.jazzzeitung.de\/cms\/"},{"@type":"ListItem","position":2,"name":"News: Giora Feidman in Leipzig +++ Jeffrey Mills &#038; Friends mit Special guest Roger Pabst in Halle"}]},{"@type":"WebSite","@id":"https:\/\/www.jazzzeitung.de\/cms\/#website","url":"https:\/\/www.jazzzeitung.de\/cms\/","name":"JazzZeitung","description":"Jazz-News und Jazz-Kontroverses","publisher":{"@id":"https:\/\/www.jazzzeitung.de\/cms\/#organization"},"potentialAction":[{"@type":"SearchAction","target":{"@type":"EntryPoint","urlTemplate":"https:\/\/www.jazzzeitung.de\/cms\/?s={search_term_string}"},"query-input":{"@type":"PropertyValueSpecification","valueRequired":true,"valueName":"search_term_string"}}],"inLanguage":"de"},{"@type":"Organization","@id":"https:\/\/www.jazzzeitung.de\/cms\/#organization","name":"JazzZeitung online","url":"https:\/\/www.jazzzeitung.de\/cms\/","logo":{"@type":"ImageObject","inLanguage":"de","@id":"https:\/\/www.jazzzeitung.de\/cms\/#\/schema\/logo\/image\/","url":"https:\/\/i0.wp.com\/www.jazzzeitung.de\/cms\/wp-content\/uploads\/2015\/08\/JAZZZEITUNGDE_Logo_Neu.png?fit=499%2C200&ssl=1","contentUrl":"https:\/\/i0.wp.com\/www.jazzzeitung.de\/cms\/wp-content\/uploads\/2015\/08\/JAZZZEITUNGDE_Logo_Neu.png?fit=499%2C200&ssl=1","width":499,"height":200,"caption":"JazzZeitung online"},"image":{"@id":"https:\/\/www.jazzzeitung.de\/cms\/#\/schema\/logo\/image\/"},"sameAs":["https:\/\/www.facebook.com\/JazzZeitung\/"]},{"@type":"Person","@id":"https:\/\/www.jazzzeitung.de\/cms\/#\/schema\/person\/2245b36b9cd1d24cea10f01c031fb92b","name":"Redaktion JazzZeitung","image":{"@type":"ImageObject","inLanguage":"de","@id":"https:\/\/i0.wp.com\/www.jazzzeitung.de\/cms\/wp-content\/uploads\/2015\/08\/JAZZZEITUNGDE_Logo_Neu.png?resize=96%2C96&ssl=159975dcacb611b5700bd619b5daf0a7a","url":"https:\/\/i0.wp.com\/www.jazzzeitung.de\/cms\/wp-content\/uploads\/2015\/08\/JAZZZEITUNGDE_Logo_Neu.png?resize=96%2C96&ssl=1","contentUrl":"https:\/\/i0.wp.com\/www.jazzzeitung.de\/cms\/wp-content\/uploads\/2015\/08\/JAZZZEITUNGDE_Logo_Neu.png?resize=96%2C96&ssl=1","caption":"Redaktion JazzZeitung"},"description":"Artikel der Redaktion der JazzZeitung.","sameAs":["http:\/\/www.jazzzeitung.de\/cms\/"],"url":"https:\/\/www.jazzzeitung.de\/cms\/author\/redaktion\/"}]}},"wp-worthy-pixel":{"ignored":false,"public":null,"server":null,"url":null},"wp-worthy-type":"normal","jetpack_publicize_connections":[],"cc_featured_image_caption":{"caption_text":false,"source_text":false,"source_url":false},"jetpack_featured_media_url":"","jetpack_shortlink":"https:\/\/wp.me\/p3KEcT-1xJ","jetpack-related-posts":[{"id":19711,"url":"https:\/\/www.jazzzeitung.de\/cms\/2019\/06\/news-kultureller-austausch-im-fokus-des-look-into-the-future-festivals-in-burghausen-geburtstagsparty-fuer-cole-goodman-und-ellington-an-der-hmt-leipzig\/","url_meta":{"origin":5935,"position":0},"title":"+++ news +++ Kultureller Austausch im Fokus des Look into the Future Festivals in Burghausen +++ Geburtstagsparty f\u00fcr Cole, Goodman und Ellington an der HMT Leipzig +++","author":"Redaktion JazzZeitung","date":"7. Juni 2019","format":false,"excerpt":"Unter dem Titel Look into the Future II laden Cornelius Claudio und Johannes Tonio Kreusch zum diesj\u00e4hrigen Pfingstfestival vom 7. bis 10. Juni in Burghausen ein. Mit einem sehr facettenreichen Programm \u00fcber den gew\u00f6hnlichen Jazz-Kosmos hinaus m\u00f6chte das Festival aktuelle Musik- und Kunststr\u00f6mungen verbinden und miteinander in Austausch bringen, beispielsweise\u2026","rel":"","context":"In &quot;News&quot;","block_context":{"text":"News","link":"https:\/\/www.jazzzeitung.de\/cms\/thema\/nachrichten\/"},"img":{"alt_text":"","src":"https:\/\/i0.wp.com\/www.jazzzeitung.de\/cms\/wp-content\/uploads\/2019\/06\/180125_Bigband_0650.jpg?fit=1200%2C800&ssl=1&resize=350%2C200","width":350,"height":200,"srcset":"https:\/\/i0.wp.com\/www.jazzzeitung.de\/cms\/wp-content\/uploads\/2019\/06\/180125_Bigband_0650.jpg?fit=1200%2C800&ssl=1&resize=350%2C200 1x, https:\/\/i0.wp.com\/www.jazzzeitung.de\/cms\/wp-content\/uploads\/2019\/06\/180125_Bigband_0650.jpg?fit=1200%2C800&ssl=1&resize=525%2C300 1.5x, https:\/\/i0.wp.com\/www.jazzzeitung.de\/cms\/wp-content\/uploads\/2019\/06\/180125_Bigband_0650.jpg?fit=1200%2C800&ssl=1&resize=700%2C400 2x, https:\/\/i0.wp.com\/www.jazzzeitung.de\/cms\/wp-content\/uploads\/2019\/06\/180125_Bigband_0650.jpg?fit=1200%2C800&ssl=1&resize=1050%2C600 3x"},"classes":[]},{"id":17904,"url":"https:\/\/www.jazzzeitung.de\/cms\/2018\/11\/2nd-classical-beyond-festival-in-ottobrunn-kreuschbrothers-feat-giora-feidman-bobby-watson\/","url_meta":{"origin":5935,"position":1},"title":"2nd Classical &#038; Beyond Festival in Ottobrunn: Kreuschbrothers feat. Giora Feidman &#038; Bobby Watson","author":"Redaktion JazzZeitung","date":"21. November 2018","format":false,"excerpt":"In den vergangenen zehn Jahren sind im Ottobrunner Wolf-Ferrari Haus im Rahmen der Ottobrunner Konzertreihe u.a. Stars und Legenden wie Joachim K\u00fchn, Ralph Towner, John Scofield, Kenny Garrett, Aki Takase, Klaus Doldinger, Alfredo Perl, Pepe Romero, das Hilliard Ensemble, Tulio Peramo, Badi Assad, Eliot Fisk, Al di Meola, Joe Lovano,\u2026","rel":"","context":"In &quot;Bericht&quot;","block_context":{"text":"Bericht","link":"https:\/\/www.jazzzeitung.de\/cms\/thema\/bericht\/"},"img":{"alt_text":"","src":"https:\/\/i0.wp.com\/www.jazzzeitung.de\/cms\/wp-content\/uploads\/2018\/11\/P1087363-Cornelius-Kreusch-Foto-TJ-Krebs-jazzphotoagency%40web.de_.jpg?fit=1200%2C800&ssl=1&resize=350%2C200","width":350,"height":200,"srcset":"https:\/\/i0.wp.com\/www.jazzzeitung.de\/cms\/wp-content\/uploads\/2018\/11\/P1087363-Cornelius-Kreusch-Foto-TJ-Krebs-jazzphotoagency%40web.de_.jpg?fit=1200%2C800&ssl=1&resize=350%2C200 1x, https:\/\/i0.wp.com\/www.jazzzeitung.de\/cms\/wp-content\/uploads\/2018\/11\/P1087363-Cornelius-Kreusch-Foto-TJ-Krebs-jazzphotoagency%40web.de_.jpg?fit=1200%2C800&ssl=1&resize=525%2C300 1.5x, https:\/\/i0.wp.com\/www.jazzzeitung.de\/cms\/wp-content\/uploads\/2018\/11\/P1087363-Cornelius-Kreusch-Foto-TJ-Krebs-jazzphotoagency%40web.de_.jpg?fit=1200%2C800&ssl=1&resize=700%2C400 2x, https:\/\/i0.wp.com\/www.jazzzeitung.de\/cms\/wp-content\/uploads\/2018\/11\/P1087363-Cornelius-Kreusch-Foto-TJ-Krebs-jazzphotoagency%40web.de_.jpg?fit=1200%2C800&ssl=1&resize=1050%2C600 3x"},"classes":[]},{"id":5779,"url":"https:\/\/www.jazzzeitung.de\/cms\/2015\/03\/zweite-joscho-stephan-nacht-fuellt-das-buergerhaus-huerth\/","url_meta":{"origin":5935,"position":2},"title":"Zweite Joscho Stephan Nacht f\u00fcllt das B\u00fcrgerhaus H\u00fcrth","author":"Redaktion JazzZeitung","date":"25. M\u00e4rz 2015","format":false,"excerpt":"Von G\u00fcnter Reiners - Am Wochenende sorgte der Jazzclub H\u00fcrth im B\u00fcrgerhaus der Stadt erneut f\u00fcr einen H\u00f6hepunkt im Kalender der Kulturstadt H\u00fcrth. Nach dem gro\u00dfen Erfolg der ersten \u201eJoscho Stephan Nacht\u201c im Oktober 2013 luden die Macher des Jazzclubs zur Fortsetzung des erfolgreichen Konzepts. Damit setzte das Team um\u2026","rel":"","context":"In &quot;Bericht&quot;","block_context":{"text":"Bericht","link":"https:\/\/www.jazzzeitung.de\/cms\/thema\/bericht\/"},"img":{"alt_text":"Die zweite Joscho Stephan Nacht war ein gro\u00dfer Erfolg. Foto: G\u00fcnther Reiners","src":"https:\/\/i0.wp.com\/www.jazzzeitung.de\/cms\/wp-content\/uploads\/2015\/03\/IMG_0620-900x600.jpg?resize=350%2C200","width":350,"height":200,"srcset":"https:\/\/i0.wp.com\/www.jazzzeitung.de\/cms\/wp-content\/uploads\/2015\/03\/IMG_0620-900x600.jpg?resize=350%2C200 1x, https:\/\/i0.wp.com\/www.jazzzeitung.de\/cms\/wp-content\/uploads\/2015\/03\/IMG_0620-900x600.jpg?resize=525%2C300 1.5x"},"classes":[]},{"id":17390,"url":"https:\/\/www.jazzzeitung.de\/cms\/2018\/10\/wir-tragen-die-musik-zu-den-menschen-jazz-workshop-mit-helmut-eisel-in-huerth\/","url_meta":{"origin":5935,"position":3},"title":"&#8222;Wir tragen die Musik zu den Menschen!&#8220; &#8211; Jazz-Workshop mit Helmut Eisel in H\u00fcrth","author":"Redaktion JazzZeitung","date":"9. Oktober 2018","format":false,"excerpt":"Am Vortag der 24. H\u00fcrther Jazznacht 2018 fand morgens in der Aula des Albert-Schweitzer-Gymnasiums ein Workshop statt. Auf Initiative des Jazzclubs H\u00fcrth e. V. durften Sch\u00fclerinnen und Sch\u00fcler des Gymnasiums drei Stunden lang intensiv mit Helmut Eisel zusammenarbeiten. Der gefeierte Klezmer-Klarinettist und musikalische Grenzg\u00e4nger probte mit neun Heranwachsenden unter anderem\u2026","rel":"","context":"In &quot;News&quot;","block_context":{"text":"News","link":"https:\/\/www.jazzzeitung.de\/cms\/thema\/nachrichten\/"},"img":{"alt_text":"","src":"https:\/\/i0.wp.com\/www.jazzzeitung.de\/cms\/wp-content\/uploads\/2018\/10\/Jazz-Workshop-20-klein.jpg?fit=1200%2C801&ssl=1&resize=350%2C200","width":350,"height":200,"srcset":"https:\/\/i0.wp.com\/www.jazzzeitung.de\/cms\/wp-content\/uploads\/2018\/10\/Jazz-Workshop-20-klein.jpg?fit=1200%2C801&ssl=1&resize=350%2C200 1x, https:\/\/i0.wp.com\/www.jazzzeitung.de\/cms\/wp-content\/uploads\/2018\/10\/Jazz-Workshop-20-klein.jpg?fit=1200%2C801&ssl=1&resize=525%2C300 1.5x, https:\/\/i0.wp.com\/www.jazzzeitung.de\/cms\/wp-content\/uploads\/2018\/10\/Jazz-Workshop-20-klein.jpg?fit=1200%2C801&ssl=1&resize=700%2C400 2x, https:\/\/i0.wp.com\/www.jazzzeitung.de\/cms\/wp-content\/uploads\/2018\/10\/Jazz-Workshop-20-klein.jpg?fit=1200%2C801&ssl=1&resize=1050%2C600 3x"},"classes":[]},{"id":9884,"url":"https:\/\/www.jazzzeitung.de\/cms\/2016\/08\/9884\/","url_meta":{"origin":5935,"position":4},"title":"Bildgalerie: Gitarrenfestival Hersbruck","author":"Redaktion JazzZeitung","date":"18. August 2016","format":"gallery","excerpt":"Am 13.8.16 begonnen findet noch bis zum 20.8.16 das 17. Gitarrenfestival Hersbruck statt. Fotograf Ralf Dombrowski hat die sch\u00f6nsten Momente beim Konzert von Giora Feidman und Johannes Tonio Kreusch sowie den Auftritt des Gitarristen Tommy Emmanuel mit seiner Kamera eingefangen.","rel":"","context":"In &quot;Galerie&quot;","block_context":{"text":"Galerie","link":"https:\/\/www.jazzzeitung.de\/cms\/thema\/galerie\/"},"img":{"alt_text":"","src":"https:\/\/i0.wp.com\/www.jazzzeitung.de\/cms\/wp-content\/uploads\/2016\/08\/0K3A5886-Feidman-Kreusch-dombr.jpg?resize=350%2C200","width":350,"height":200,"srcset":"https:\/\/i0.wp.com\/www.jazzzeitung.de\/cms\/wp-content\/uploads\/2016\/08\/0K3A5886-Feidman-Kreusch-dombr.jpg?resize=350%2C200 1x, https:\/\/i0.wp.com\/www.jazzzeitung.de\/cms\/wp-content\/uploads\/2016\/08\/0K3A5886-Feidman-Kreusch-dombr.jpg?resize=525%2C300 1.5x, https:\/\/i0.wp.com\/www.jazzzeitung.de\/cms\/wp-content\/uploads\/2016\/08\/0K3A5886-Feidman-Kreusch-dombr.jpg?resize=700%2C400 2x, https:\/\/i0.wp.com\/www.jazzzeitung.de\/cms\/wp-content\/uploads\/2016\/08\/0K3A5886-Feidman-Kreusch-dombr.jpg?resize=1050%2C600 3x"},"classes":[]},{"id":9625,"url":"https:\/\/www.jazzzeitung.de\/cms\/2016\/07\/schoene-kuenste-zum-40-jubilaeum-der-leipziger-jazztage\/","url_meta":{"origin":5935,"position":5},"title":"\u201eSch\u00f6ne K\u00fcnste\u201c zum 40. Jubil\u00e4um der Leipziger Jazztage","author":"Redaktion JazzZeitung","date":"5. Juli 2016","format":false,"excerpt":"Jazz und Tanz \u2013 Jazz und Poesie \u2013 Jazz und Malerei: Die Leipziger Jazztage stehen in ihrer 40. Ausgabe vom 29. September bis 8. Oktober 2016 im Zeichen der \u201eSch\u00f6nen K\u00fcnste\u201c. Unter der Schirmherrschaft von Leipzigs Oberb\u00fcrgermeister Burkhard Jung pr\u00e4sentiert der Jazzclub Leipzig zahlreiche Eigenproduktionen und Auftragsarbeiten mit internationalen Stars,\u2026","rel":"","context":"In &quot;News&quot;","block_context":{"text":"News","link":"https:\/\/www.jazzzeitung.de\/cms\/thema\/nachrichten\/"},"img":{"alt_text":"leipzig","src":"https:\/\/i0.wp.com\/www.jazzzeitung.de\/cms\/wp-content\/uploads\/2016\/07\/leipzig-150x150.jpg?resize=350%2C200","width":350,"height":200},"classes":[]}],"jetpack_sharing_enabled":true,"_links":{"self":[{"href":"https:\/\/www.jazzzeitung.de\/cms\/wp-json\/wp\/v2\/posts\/5935","targetHints":{"allow":["GET"]}}],"collection":[{"href":"https:\/\/www.jazzzeitung.de\/cms\/wp-json\/wp\/v2\/posts"}],"about":[{"href":"https:\/\/www.jazzzeitung.de\/cms\/wp-json\/wp\/v2\/types\/post"}],"author":[{"embeddable":true,"href":"https:\/\/www.jazzzeitung.de\/cms\/wp-json\/wp\/v2\/users\/18"}],"replies":[{"embeddable":true,"href":"https:\/\/www.jazzzeitung.de\/cms\/wp-json\/wp\/v2\/comments?post=5935"}],"version-history":[{"count":3,"href":"https:\/\/www.jazzzeitung.de\/cms\/wp-json\/wp\/v2\/posts\/5935\/revisions"}],"predecessor-version":[{"id":5938,"href":"https:\/\/www.jazzzeitung.de\/cms\/wp-json\/wp\/v2\/posts\/5935\/revisions\/5938"}],"wp:attachment":[{"href":"https:\/\/www.jazzzeitung.de\/cms\/wp-json\/wp\/v2\/media?parent=5935"}],"wp:term":[{"taxonomy":"category","embeddable":true,"href":"https:\/\/www.jazzzeitung.de\/cms\/wp-json\/wp\/v2\/categories?post=5935"},{"taxonomy":"post_tag","embeddable":true,"href":"https:\/\/www.jazzzeitung.de\/cms\/wp-json\/wp\/v2\/tags?post=5935"},{"taxonomy":"author","embeddable":true,"href":"https:\/\/www.jazzzeitung.de\/cms\/wp-json\/wp\/v2\/coauthors?post=5935"}],"curies":[{"name":"wp","href":"https:\/\/api.w.org\/{rel}","templated":true}]}}