{"id":5926,"date":"2015-04-13T18:45:48","date_gmt":"2015-04-13T16:45:48","guid":{"rendered":"http:\/\/www.jazzzeitung.de\/cms\/?p=5926"},"modified":"2015-04-13T18:53:20","modified_gmt":"2015-04-13T16:53:20","slug":"news-und-tipps-50-jahre-institut-jazz-grazlillinger-gastiert-mit-grund-grazgrossmann-spielt-mit-lillinger-earth-tones","status":"publish","type":"post","link":"https:\/\/www.jazzzeitung.de\/cms\/2015\/04\/news-und-tipps-50-jahre-institut-jazz-grazlillinger-gastiert-mit-grund-grazgrossmann-spielt-mit-lillinger-earth-tones\/","title":{"rendered":"News und Tipps: 50 Jahre Institut Jazz in Graz+++Lillinger gastiert mit &#8222;Grund&#8220; in Graz+++Grossmann spielt mit Lillinger \u201eEarth Tones&#8220;"},"content":{"rendered":"<p><strong>50 Jahre Institut Jazz in Graz<\/strong><\/p>\n<p>Vor 50 Jahren war Graz die europ\u00e4ische Hauptstadt des Jazz: Mit der offiziellen Gr\u00fcndung des Instituts f\u00fcr Jazz am 1. Januar 1965 setzte die damalige Akademie f\u00fcr Musik und darstellende Kunst in Graz ein Zeichen f\u00fcr den Jazz. Die Einrichtung gilt heute als Europas erstes selbst\u00e4ndiges Institut im Bereich der k\u00fcnstlerischen und theoretischen Jazzausbildung auf akademischer Ebene. 50 Jahre nach seiner Gr\u00fcndung ist das Institut eine international renommierte Ausbildungsst\u00e4tte der <a href=\"http:\/\/www.kug.ac.at\/\">Universit\u00e4t f\u00fcr Musik und darstellende Kunst Graz<\/a>. Sein Jubil\u00e4um begeht das Institut Jazz der Kunstuniversit\u00e4t Graz mit einer Reihe prominenter Konzertereignisse, in deren Rahmen\u00a0 K\u00fcnstler\/innen zu erleben sind, die f\u00fcr Graz pr\u00e4gend waren, darunter Sheila Jordan, die die Gr\u00fcndung der Vokalklasse begleitet hat, oder der langj\u00e4hrige Institutsvorstand Karlheinz Miklin, der sich mit seinem Auftritt als KUG-Lehrender verabschiedet.<\/p>\n<p>Am Dienstag 21.04.2015, stellen Elisabeth Freismuth, Rektorin der Universit\u00e4t f\u00fcr Musik f\u00fcr Musik und darstellende Kunst Graz, Ed Partyka, Institutsvorstand, Sigi Feigl, stellvertretender Institutsvorstand und Sheila Jordan, Jazz Vokalistin in einer Pressekonferenz ein neues Veranstaltungsformat aus Anlass des Jubil\u00e4ums vor, dessen Etablierung die Dynamik der 50-Jahr-Feier in die Zukunft weitertragen soll. (11:00 in der MUMUTH Lounge, Lichtenfelsgasse 14, II. Stock)<\/p>\n<p>Unser Bild: Sheila Jordan in Gold. Foto: Guy Smith<\/p>\n<p><strong>Christian Lillinger gastiert mit Grund in Graz<\/strong><\/p>\n<figure id=\"attachment_5927\" aria-describedby=\"caption-attachment-5927\" style=\"width: 150px\" class=\"wp-caption alignright\"><a href=\"https:\/\/i0.wp.com\/www.jazzzeitung.de\/cms\/wp-content\/uploads\/2015\/04\/Christian-Linninger.-Foto-Frank-Schindelbeck.jpg\"><img data-recalc-dims=\"1\" loading=\"lazy\" decoding=\"async\" data-attachment-id=\"5927\" data-permalink=\"https:\/\/www.jazzzeitung.de\/cms\/2015\/04\/news-und-tipps-50-jahre-institut-jazz-grazlillinger-gastiert-mit-grund-grazgrossmann-spielt-mit-lillinger-earth-tones\/christian-linninger-foto-frank-schindelbeck\/\" data-orig-file=\"https:\/\/i0.wp.com\/www.jazzzeitung.de\/cms\/wp-content\/uploads\/2015\/04\/Christian-Linninger.-Foto-Frank-Schindelbeck.jpg?fit=421%2C287&amp;ssl=1\" data-orig-size=\"421,287\" data-comments-opened=\"1\" data-image-meta=\"{&quot;aperture&quot;:&quot;0&quot;,&quot;credit&quot;:&quot;&quot;,&quot;camera&quot;:&quot;&quot;,&quot;caption&quot;:&quot;&quot;,&quot;created_timestamp&quot;:&quot;0&quot;,&quot;copyright&quot;:&quot;&quot;,&quot;focal_length&quot;:&quot;0&quot;,&quot;iso&quot;:&quot;0&quot;,&quot;shutter_speed&quot;:&quot;0&quot;,&quot;title&quot;:&quot;&quot;,&quot;orientation&quot;:&quot;0&quot;}\" data-image-title=\"Christian Lillinger. Foto Frank Schindelbeck\" data-image-description=\"\" data-image-caption=\"&lt;p&gt;Christian Lillinger. Foto Frank Schindelbeck&lt;\/p&gt;\n\" data-large-file=\"https:\/\/i0.wp.com\/www.jazzzeitung.de\/cms\/wp-content\/uploads\/2015\/04\/Christian-Linninger.-Foto-Frank-Schindelbeck.jpg?fit=421%2C287&amp;ssl=1\" class=\"size-thumbnail wp-image-5927\" src=\"https:\/\/i0.wp.com\/www.jazzzeitung.de\/cms\/wp-content\/uploads\/2015\/04\/Christian-Linninger.-Foto-Frank-Schindelbeck-150x150.jpg?resize=150%2C150\" alt=\"Christian Lillinger. Foto Frank Schindelbeck\" width=\"150\" height=\"150\" srcset=\"https:\/\/i0.wp.com\/www.jazzzeitung.de\/cms\/wp-content\/uploads\/2015\/04\/Christian-Linninger.-Foto-Frank-Schindelbeck.jpg?resize=150%2C150&amp;ssl=1 150w, https:\/\/i0.wp.com\/www.jazzzeitung.de\/cms\/wp-content\/uploads\/2015\/04\/Christian-Linninger.-Foto-Frank-Schindelbeck.jpg?resize=144%2C144&amp;ssl=1 144w, https:\/\/i0.wp.com\/www.jazzzeitung.de\/cms\/wp-content\/uploads\/2015\/04\/Christian-Linninger.-Foto-Frank-Schindelbeck.jpg?resize=96%2C96&amp;ssl=1 96w, https:\/\/i0.wp.com\/www.jazzzeitung.de\/cms\/wp-content\/uploads\/2015\/04\/Christian-Linninger.-Foto-Frank-Schindelbeck.jpg?resize=24%2C24&amp;ssl=1 24w, https:\/\/i0.wp.com\/www.jazzzeitung.de\/cms\/wp-content\/uploads\/2015\/04\/Christian-Linninger.-Foto-Frank-Schindelbeck.jpg?resize=36%2C36&amp;ssl=1 36w, https:\/\/i0.wp.com\/www.jazzzeitung.de\/cms\/wp-content\/uploads\/2015\/04\/Christian-Linninger.-Foto-Frank-Schindelbeck.jpg?resize=48%2C48&amp;ssl=1 48w, https:\/\/i0.wp.com\/www.jazzzeitung.de\/cms\/wp-content\/uploads\/2015\/04\/Christian-Linninger.-Foto-Frank-Schindelbeck.jpg?resize=64%2C64&amp;ssl=1 64w, https:\/\/i0.wp.com\/www.jazzzeitung.de\/cms\/wp-content\/uploads\/2015\/04\/Christian-Linninger.-Foto-Frank-Schindelbeck.jpg?resize=32%2C32&amp;ssl=1 32w, https:\/\/i0.wp.com\/www.jazzzeitung.de\/cms\/wp-content\/uploads\/2015\/04\/Christian-Linninger.-Foto-Frank-Schindelbeck.jpg?resize=128%2C128&amp;ssl=1 128w, https:\/\/i0.wp.com\/www.jazzzeitung.de\/cms\/wp-content\/uploads\/2015\/04\/Christian-Linninger.-Foto-Frank-Schindelbeck.jpg?zoom=2&amp;resize=150%2C150&amp;ssl=1 300w\" sizes=\"auto, (max-width: 150px) 100vw, 150px\" \/><\/a><figcaption id=\"caption-attachment-5927\" class=\"wp-caption-text\">Christian Lillinger. Foto Frank Schindelbeck<\/figcaption><\/figure>\n<p>Am 21. 4. wird Christian Lillingers Formation \u201eGrund\u201c erstmals auch live in Graz zu erleben sein, im Jazzclub <a href=\"http:\/\/stockwerkjazz.mur.at\/\">Stockwerk<\/a> (und am 22.4., 20.00, sodann nochmals in Wien im Jeunesse-Zyklus Jazz &amp; beyond im Porgy &amp; Bess). G\u00fcnter &#8222;Baby&#8220; Sommer war u. a. sein Lehrer an der Dresdener Musikhochschule, jetzt z\u00e4hlt der gerade erst knapp \u00fcber 30J\u00e4hrige selbst zu \u201eone of the most ascendant and exciting players to emerge in recent years\u201c (Downbeat), wird als \u201eWunderschlagzeuger\u201c (Joachim K\u00fchn) und Drum-Revoluzzer (Die Zeit) international vorgef\u00fchrt. Fr\u00fch Furore machte Lillinger bereits mit dem Trio &#8222;Hyperactive Kid\u201c und als Sideman von bekannten Musikern wie den K\u00fchns, Rudi Mahall, Ernst-Ludwig Petrowsky, Barre Phillips, Wadada Leo Smith, David Liebman, Alexander von Schlippenbach &#8230; und von John Tchicai. 2008 gr\u00fcndete er seine erste eigene Band, \u201eGrund\u201c, eine Art Dreamband mit unkonventionellem Line-up, deren Name auf Grund im Sinne von Ursache und (k\u00fcnstlerische) Notwendigkeit verweist. Lillinger: \u201eIch sehe diese Band als ein kompromissloses Organ.\u201c<\/p>\n<p><strong>Muriel Grossmann spielt mit Lillinger \u201eEarth Tones\u201c<\/strong><\/p>\n<figure id=\"attachment_5929\" aria-describedby=\"caption-attachment-5929\" style=\"width: 150px\" class=\"wp-caption alignright\"><a href=\"https:\/\/i0.wp.com\/www.jazzzeitung.de\/cms\/wp-content\/uploads\/2015\/04\/00000001.jpg\"><img data-recalc-dims=\"1\" loading=\"lazy\" decoding=\"async\" data-attachment-id=\"5929\" data-permalink=\"https:\/\/www.jazzzeitung.de\/cms\/2015\/04\/news-und-tipps-50-jahre-institut-jazz-grazlillinger-gastiert-mit-grund-grazgrossmann-spielt-mit-lillinger-earth-tones\/attachment\/00000001\/\" data-orig-file=\"https:\/\/i0.wp.com\/www.jazzzeitung.de\/cms\/wp-content\/uploads\/2015\/04\/00000001.jpg?fit=2164%2C1944&amp;ssl=1\" data-orig-size=\"2164,1944\" data-comments-opened=\"1\" data-image-meta=\"{&quot;aperture&quot;:&quot;0&quot;,&quot;credit&quot;:&quot;&quot;,&quot;camera&quot;:&quot;&quot;,&quot;caption&quot;:&quot;&quot;,&quot;created_timestamp&quot;:&quot;0&quot;,&quot;copyright&quot;:&quot;&quot;,&quot;focal_length&quot;:&quot;0&quot;,&quot;iso&quot;:&quot;0&quot;,&quot;shutter_speed&quot;:&quot;0&quot;,&quot;title&quot;:&quot;&quot;,&quot;orientation&quot;:&quot;1&quot;}\" data-image-title=\"00000001\" data-image-description=\"\" data-image-caption=\"&lt;p&gt;Earth Tones&lt;br \/&gt;\nMuriel Grossmann&lt;br \/&gt;\nDreamlandrecords DR 07 CD&lt;\/p&gt;\n\" data-large-file=\"https:\/\/i0.wp.com\/www.jazzzeitung.de\/cms\/wp-content\/uploads\/2015\/04\/00000001.jpg?fit=668%2C600&amp;ssl=1\" class=\"size-thumbnail wp-image-5929\" src=\"https:\/\/i0.wp.com\/www.jazzzeitung.de\/cms\/wp-content\/uploads\/2015\/04\/00000001-150x150.jpg?resize=150%2C150\" alt=\"Earth Tones Muriel Grossmann Dreamlandrecords DR 07 CD \" width=\"150\" height=\"150\" srcset=\"https:\/\/i0.wp.com\/www.jazzzeitung.de\/cms\/wp-content\/uploads\/2015\/04\/00000001.jpg?resize=150%2C150&amp;ssl=1 150w, https:\/\/i0.wp.com\/www.jazzzeitung.de\/cms\/wp-content\/uploads\/2015\/04\/00000001.jpg?resize=144%2C144&amp;ssl=1 144w, https:\/\/i0.wp.com\/www.jazzzeitung.de\/cms\/wp-content\/uploads\/2015\/04\/00000001.jpg?resize=96%2C96&amp;ssl=1 96w, https:\/\/i0.wp.com\/www.jazzzeitung.de\/cms\/wp-content\/uploads\/2015\/04\/00000001.jpg?resize=24%2C24&amp;ssl=1 24w, https:\/\/i0.wp.com\/www.jazzzeitung.de\/cms\/wp-content\/uploads\/2015\/04\/00000001.jpg?resize=36%2C36&amp;ssl=1 36w, https:\/\/i0.wp.com\/www.jazzzeitung.de\/cms\/wp-content\/uploads\/2015\/04\/00000001.jpg?resize=48%2C48&amp;ssl=1 48w, https:\/\/i0.wp.com\/www.jazzzeitung.de\/cms\/wp-content\/uploads\/2015\/04\/00000001.jpg?resize=64%2C64&amp;ssl=1 64w, https:\/\/i0.wp.com\/www.jazzzeitung.de\/cms\/wp-content\/uploads\/2015\/04\/00000001.jpg?resize=32%2C32&amp;ssl=1 32w, https:\/\/i0.wp.com\/www.jazzzeitung.de\/cms\/wp-content\/uploads\/2015\/04\/00000001.jpg?resize=128%2C128&amp;ssl=1 128w, https:\/\/i0.wp.com\/www.jazzzeitung.de\/cms\/wp-content\/uploads\/2015\/04\/00000001.jpg?zoom=2&amp;resize=150%2C150&amp;ssl=1 300w, https:\/\/i0.wp.com\/www.jazzzeitung.de\/cms\/wp-content\/uploads\/2015\/04\/00000001.jpg?zoom=3&amp;resize=150%2C150&amp;ssl=1 450w\" sizes=\"auto, (max-width: 150px) 100vw, 150px\" \/><\/a><figcaption id=\"caption-attachment-5929\" class=\"wp-caption-text\">Earth Tones<br \/>Muriel Grossmann<br \/>Dreamlandrecords DR 07 CD<\/figcaption><\/figure>\n<p>Wer Lillinger liebt, wird auch Muriel Grossmann lieben, die in f\u00fcr ihre j\u00fcngste CD Produktion \u201eEarth Tones\u201c wieder einmal in ihre Band geholt hat (Dreamlandrecords DR 07 CD). Die Saxophonistin und Komponistin Muriel Grossmann wurde in Paris geboren, hat \u00f6sterreichischen Background und z\u00e4hlt heute mit zu dem Besten, das Ibiza auf dem Sektor Jazz zu bieten hat. Ihrem Quartett mit Radomir Milojkovic (guit), Robert Landfermann (b) und Christian Lillinger (dr) schrieb sie w\u00e4hrend des letzten Winters eine sechss\u00e4tzige Jazz-Suite auf den Leib. Obwohl aus einfachen Melodien, Obertonsounds und Strukturen bestehend, spannt \u201eEarth Tones\u201c ein gro\u00dfen Bogen \u00fcber mehr als eine Stunde. Hypnotisch!<\/p>\n<p>&nbsp;<\/p>\n","protected":false},"excerpt":{"rendered":"<p>50 Jahre Institut Jazz in Graz Vor 50 Jahren war Graz die europ\u00e4ische Hauptstadt des Jazz: Mit der offiziellen Gr\u00fcndung des Instituts f\u00fcr Jazz am 1. Januar 1965 setzte die damalige Akademie f\u00fcr Musik und darstellende Kunst in Graz ein Zeichen f\u00fcr den Jazz. Die Einrichtung gilt heute als Europas erstes selbst\u00e4ndiges Institut im Bereich der k\u00fcnstlerischen und theoretischen Jazzausbildung auf akademischer Ebene. 50 Jahre nach seiner Gr\u00fcndung ist das Institut eine international renommierte Ausbildungsst\u00e4tte der Universit\u00e4t f\u00fcr Musik und darstellende Kunst Graz. Sein Jubil\u00e4um begeht das Institut Jazz der Kunstuniversit\u00e4t Graz mit einer Reihe prominenter Konzertereignisse, in deren Rahmen\u00a0 K\u00fcnstler\/innen zu erleben sind, die f\u00fcr Graz pr\u00e4gend waren, darunter Sheila Jordan, die die Gr\u00fcndung der Vokalklasse begleitet hat, oder der langj\u00e4hrige Institutsvorstand Karlheinz Miklin, der sich mit seinem Auftritt als KUG-Lehrender verabschiedet. Am Dienstag 21.04.2015, stellen Elisabeth Freismuth, Rektorin der Universit\u00e4t f\u00fcr Musik f\u00fcr Musik und darstellende Kunst Graz, Ed Partyka, Institutsvorstand, Sigi Feigl, stellvertretender Institutsvorstand und Sheila Jordan, Jazz Vokalistin in einer Pressekonferenz ein neues Veranstaltungsformat aus Anlass des Jubil\u00e4ums vor, dessen Etablierung die Dynamik der 50-Jahr-Feier in die Zukunft weitertragen soll. (11:00 &hellip;<\/p>\n","protected":false},"author":18,"featured_media":5928,"comment_status":"open","ping_status":"closed","sticky":false,"template":"","format":"standard","meta":{"_jetpack_memberships_contains_paid_content":false,"footnotes":"","jetpack_publicize_message":"","jetpack_publicize_feature_enabled":true,"jetpack_social_post_already_shared":false,"jetpack_social_options":{"image_generator_settings":{"template":"highway","default_image_id":0,"font":"","enabled":false},"version":2}},"categories":[633,1152],"tags":[109,1050,140,271,753,10,431,480],"coauthors":[695],"class_list":["post-5926","post","type-post","status-publish","format-standard","has-post-thumbnail","hentry","category-nachrichten","category-rezension","tag-cd","tag-christian-lillinger","tag-die-zeit","tag-jazzclub","tag-joachim-kuehn","tag-jubilaeum","tag-paris","tag-rudi-mahall"],"yoast_head":"<!-- This site is optimized with the Yoast SEO plugin v27.5 - https:\/\/yoast.com\/product\/yoast-seo-wordpress\/ -->\n<title>News und Tipps: 50 Jahre Institut Jazz in Graz+++Lillinger gastiert mit &quot;Grund&quot; in Graz+++Grossmann spielt mit Lillinger \u201eEarth Tones&quot; - JazzZeitung<\/title>\n<meta name=\"robots\" content=\"index, follow, max-snippet:-1, max-image-preview:large, max-video-preview:-1\" \/>\n<link rel=\"canonical\" href=\"https:\/\/www.jazzzeitung.de\/cms\/2015\/04\/news-und-tipps-50-jahre-institut-jazz-grazlillinger-gastiert-mit-grund-grazgrossmann-spielt-mit-lillinger-earth-tones\/\" \/>\n<meta property=\"og:locale\" content=\"de_DE\" \/>\n<meta property=\"og:type\" content=\"article\" \/>\n<meta property=\"og:title\" content=\"News und Tipps: 50 Jahre Institut Jazz in Graz+++Lillinger gastiert mit &quot;Grund&quot; in Graz+++Grossmann spielt mit Lillinger \u201eEarth Tones&quot; - JazzZeitung\" \/>\n<meta property=\"og:description\" content=\"50 Jahre Institut Jazz in Graz Vor 50 Jahren war Graz die europ\u00e4ische Hauptstadt des Jazz: Mit der offiziellen Gr\u00fcndung des Instituts f\u00fcr Jazz am 1. Januar 1965 setzte die damalige Akademie f\u00fcr Musik und darstellende Kunst in Graz ein Zeichen f\u00fcr den Jazz. Die Einrichtung gilt heute als Europas erstes selbst\u00e4ndiges Institut im Bereich der k\u00fcnstlerischen und theoretischen Jazzausbildung auf akademischer Ebene. 50 Jahre nach seiner Gr\u00fcndung ist das Institut eine international renommierte Ausbildungsst\u00e4tte der Universit\u00e4t f\u00fcr Musik und darstellende Kunst Graz. Sein Jubil\u00e4um begeht das Institut Jazz der Kunstuniversit\u00e4t Graz mit einer Reihe prominenter Konzertereignisse, in deren Rahmen\u00a0 K\u00fcnstler\/innen zu erleben sind, die f\u00fcr Graz pr\u00e4gend waren, darunter Sheila Jordan, die die Gr\u00fcndung der Vokalklasse begleitet hat, oder der langj\u00e4hrige Institutsvorstand Karlheinz Miklin, der sich mit seinem Auftritt als KUG-Lehrender verabschiedet. Am Dienstag 21.04.2015, stellen Elisabeth Freismuth, Rektorin der Universit\u00e4t f\u00fcr Musik f\u00fcr Musik und darstellende Kunst Graz, Ed Partyka, Institutsvorstand, Sigi Feigl, stellvertretender Institutsvorstand und Sheila Jordan, Jazz Vokalistin in einer Pressekonferenz ein neues Veranstaltungsformat aus Anlass des Jubil\u00e4ums vor, dessen Etablierung die Dynamik der 50-Jahr-Feier in die Zukunft weitertragen soll. (11:00 &hellip;\" \/>\n<meta property=\"og:url\" content=\"https:\/\/www.jazzzeitung.de\/cms\/2015\/04\/news-und-tipps-50-jahre-institut-jazz-grazlillinger-gastiert-mit-grund-grazgrossmann-spielt-mit-lillinger-earth-tones\/\" \/>\n<meta property=\"og:site_name\" content=\"JazzZeitung\" \/>\n<meta property=\"article:publisher\" content=\"https:\/\/www.facebook.com\/JazzZeitung\/\" \/>\n<meta property=\"article:published_time\" content=\"2015-04-13T16:45:48+00:00\" \/>\n<meta property=\"article:modified_time\" content=\"2015-04-13T16:53:20+00:00\" \/>\n<meta property=\"og:image\" content=\"https:\/\/www.jazzzeitung.de\/cms\/wp-content\/uploads\/2015\/04\/SheilainGold1500x2100Guy-Smith-429x600.jpg\" \/>\n\t<meta property=\"og:image:width\" content=\"429\" \/>\n\t<meta property=\"og:image:height\" content=\"600\" \/>\n\t<meta property=\"og:image:type\" content=\"image\/jpeg\" \/>\n<meta name=\"author\" content=\"Redaktion JazzZeitung\" \/>\n<script type=\"application\/ld+json\" class=\"yoast-schema-graph\">{\"@context\":\"https:\\\/\\\/schema.org\",\"@graph\":[{\"@type\":\"Article\",\"@id\":\"https:\\\/\\\/www.jazzzeitung.de\\\/cms\\\/2015\\\/04\\\/news-und-tipps-50-jahre-institut-jazz-grazlillinger-gastiert-mit-grund-grazgrossmann-spielt-mit-lillinger-earth-tones\\\/#article\",\"isPartOf\":{\"@id\":\"https:\\\/\\\/www.jazzzeitung.de\\\/cms\\\/2015\\\/04\\\/news-und-tipps-50-jahre-institut-jazz-grazlillinger-gastiert-mit-grund-grazgrossmann-spielt-mit-lillinger-earth-tones\\\/\"},\"author\":{\"name\":\"Redaktion JazzZeitung\",\"@id\":\"https:\\\/\\\/www.jazzzeitung.de\\\/cms\\\/#\\\/schema\\\/person\\\/2245b36b9cd1d24cea10f01c031fb92b\"},\"headline\":\"News und Tipps: 50 Jahre Institut Jazz in Graz+++Lillinger gastiert mit &#8222;Grund&#8220; in Graz+++Grossmann spielt mit Lillinger \u201eEarth Tones&#8220;\",\"datePublished\":\"2015-04-13T16:45:48+00:00\",\"dateModified\":\"2015-04-13T16:53:20+00:00\",\"mainEntityOfPage\":{\"@id\":\"https:\\\/\\\/www.jazzzeitung.de\\\/cms\\\/2015\\\/04\\\/news-und-tipps-50-jahre-institut-jazz-grazlillinger-gastiert-mit-grund-grazgrossmann-spielt-mit-lillinger-earth-tones\\\/\"},\"wordCount\":542,\"commentCount\":0,\"publisher\":{\"@id\":\"https:\\\/\\\/www.jazzzeitung.de\\\/cms\\\/#organization\"},\"image\":{\"@id\":\"https:\\\/\\\/www.jazzzeitung.de\\\/cms\\\/2015\\\/04\\\/news-und-tipps-50-jahre-institut-jazz-grazlillinger-gastiert-mit-grund-grazgrossmann-spielt-mit-lillinger-earth-tones\\\/#primaryimage\"},\"thumbnailUrl\":\"https:\\\/\\\/i0.wp.com\\\/www.jazzzeitung.de\\\/cms\\\/wp-content\\\/uploads\\\/2015\\\/04\\\/SheilainGold1500x2100Guy-Smith.jpg?fit=1500%2C2100&ssl=1\",\"keywords\":[\"CD\",\"Christian Lillinger\",\"die ZEIT\",\"Jazzclub\",\"Joachim K\u00fchn\",\"Jubil\u00e4um\",\"Paris\",\"Rudi Mahall\"],\"articleSection\":[\"News\",\"Rezension\"],\"inLanguage\":\"de\",\"potentialAction\":[{\"@type\":\"CommentAction\",\"name\":\"Comment\",\"target\":[\"https:\\\/\\\/www.jazzzeitung.de\\\/cms\\\/2015\\\/04\\\/news-und-tipps-50-jahre-institut-jazz-grazlillinger-gastiert-mit-grund-grazgrossmann-spielt-mit-lillinger-earth-tones\\\/#respond\"]}]},{\"@type\":\"WebPage\",\"@id\":\"https:\\\/\\\/www.jazzzeitung.de\\\/cms\\\/2015\\\/04\\\/news-und-tipps-50-jahre-institut-jazz-grazlillinger-gastiert-mit-grund-grazgrossmann-spielt-mit-lillinger-earth-tones\\\/\",\"url\":\"https:\\\/\\\/www.jazzzeitung.de\\\/cms\\\/2015\\\/04\\\/news-und-tipps-50-jahre-institut-jazz-grazlillinger-gastiert-mit-grund-grazgrossmann-spielt-mit-lillinger-earth-tones\\\/\",\"name\":\"News und Tipps: 50 Jahre Institut Jazz in Graz+++Lillinger gastiert mit \\\"Grund\\\" in Graz+++Grossmann spielt mit Lillinger \u201eEarth Tones\\\" - JazzZeitung\",\"isPartOf\":{\"@id\":\"https:\\\/\\\/www.jazzzeitung.de\\\/cms\\\/#website\"},\"primaryImageOfPage\":{\"@id\":\"https:\\\/\\\/www.jazzzeitung.de\\\/cms\\\/2015\\\/04\\\/news-und-tipps-50-jahre-institut-jazz-grazlillinger-gastiert-mit-grund-grazgrossmann-spielt-mit-lillinger-earth-tones\\\/#primaryimage\"},\"image\":{\"@id\":\"https:\\\/\\\/www.jazzzeitung.de\\\/cms\\\/2015\\\/04\\\/news-und-tipps-50-jahre-institut-jazz-grazlillinger-gastiert-mit-grund-grazgrossmann-spielt-mit-lillinger-earth-tones\\\/#primaryimage\"},\"thumbnailUrl\":\"https:\\\/\\\/i0.wp.com\\\/www.jazzzeitung.de\\\/cms\\\/wp-content\\\/uploads\\\/2015\\\/04\\\/SheilainGold1500x2100Guy-Smith.jpg?fit=1500%2C2100&ssl=1\",\"datePublished\":\"2015-04-13T16:45:48+00:00\",\"dateModified\":\"2015-04-13T16:53:20+00:00\",\"breadcrumb\":{\"@id\":\"https:\\\/\\\/www.jazzzeitung.de\\\/cms\\\/2015\\\/04\\\/news-und-tipps-50-jahre-institut-jazz-grazlillinger-gastiert-mit-grund-grazgrossmann-spielt-mit-lillinger-earth-tones\\\/#breadcrumb\"},\"inLanguage\":\"de\",\"potentialAction\":[{\"@type\":\"ReadAction\",\"target\":[\"https:\\\/\\\/www.jazzzeitung.de\\\/cms\\\/2015\\\/04\\\/news-und-tipps-50-jahre-institut-jazz-grazlillinger-gastiert-mit-grund-grazgrossmann-spielt-mit-lillinger-earth-tones\\\/\"]}]},{\"@type\":\"ImageObject\",\"inLanguage\":\"de\",\"@id\":\"https:\\\/\\\/www.jazzzeitung.de\\\/cms\\\/2015\\\/04\\\/news-und-tipps-50-jahre-institut-jazz-grazlillinger-gastiert-mit-grund-grazgrossmann-spielt-mit-lillinger-earth-tones\\\/#primaryimage\",\"url\":\"https:\\\/\\\/i0.wp.com\\\/www.jazzzeitung.de\\\/cms\\\/wp-content\\\/uploads\\\/2015\\\/04\\\/SheilainGold1500x2100Guy-Smith.jpg?fit=1500%2C2100&ssl=1\",\"contentUrl\":\"https:\\\/\\\/i0.wp.com\\\/www.jazzzeitung.de\\\/cms\\\/wp-content\\\/uploads\\\/2015\\\/04\\\/SheilainGold1500x2100Guy-Smith.jpg?fit=1500%2C2100&ssl=1\",\"width\":1500,\"height\":2100,\"caption\":\"Sheila Jordan in Gold. Foto: Guy Smith\"},{\"@type\":\"BreadcrumbList\",\"@id\":\"https:\\\/\\\/www.jazzzeitung.de\\\/cms\\\/2015\\\/04\\\/news-und-tipps-50-jahre-institut-jazz-grazlillinger-gastiert-mit-grund-grazgrossmann-spielt-mit-lillinger-earth-tones\\\/#breadcrumb\",\"itemListElement\":[{\"@type\":\"ListItem\",\"position\":1,\"name\":\"Startseite\",\"item\":\"https:\\\/\\\/www.jazzzeitung.de\\\/cms\\\/\"},{\"@type\":\"ListItem\",\"position\":2,\"name\":\"News und Tipps: 50 Jahre Institut Jazz in Graz+++Lillinger gastiert mit &#8222;Grund&#8220; in Graz+++Grossmann spielt mit Lillinger \u201eEarth Tones&#8220;\"}]},{\"@type\":\"WebSite\",\"@id\":\"https:\\\/\\\/www.jazzzeitung.de\\\/cms\\\/#website\",\"url\":\"https:\\\/\\\/www.jazzzeitung.de\\\/cms\\\/\",\"name\":\"JazzZeitung\",\"description\":\"Jazz-News und Jazz-Kontroverses\",\"publisher\":{\"@id\":\"https:\\\/\\\/www.jazzzeitung.de\\\/cms\\\/#organization\"},\"potentialAction\":[{\"@type\":\"SearchAction\",\"target\":{\"@type\":\"EntryPoint\",\"urlTemplate\":\"https:\\\/\\\/www.jazzzeitung.de\\\/cms\\\/?s={search_term_string}\"},\"query-input\":{\"@type\":\"PropertyValueSpecification\",\"valueRequired\":true,\"valueName\":\"search_term_string\"}}],\"inLanguage\":\"de\"},{\"@type\":\"Organization\",\"@id\":\"https:\\\/\\\/www.jazzzeitung.de\\\/cms\\\/#organization\",\"name\":\"JazzZeitung online\",\"url\":\"https:\\\/\\\/www.jazzzeitung.de\\\/cms\\\/\",\"logo\":{\"@type\":\"ImageObject\",\"inLanguage\":\"de\",\"@id\":\"https:\\\/\\\/www.jazzzeitung.de\\\/cms\\\/#\\\/schema\\\/logo\\\/image\\\/\",\"url\":\"https:\\\/\\\/i0.wp.com\\\/www.jazzzeitung.de\\\/cms\\\/wp-content\\\/uploads\\\/2015\\\/08\\\/JAZZZEITUNGDE_Logo_Neu.png?fit=499%2C200&ssl=1\",\"contentUrl\":\"https:\\\/\\\/i0.wp.com\\\/www.jazzzeitung.de\\\/cms\\\/wp-content\\\/uploads\\\/2015\\\/08\\\/JAZZZEITUNGDE_Logo_Neu.png?fit=499%2C200&ssl=1\",\"width\":499,\"height\":200,\"caption\":\"JazzZeitung online\"},\"image\":{\"@id\":\"https:\\\/\\\/www.jazzzeitung.de\\\/cms\\\/#\\\/schema\\\/logo\\\/image\\\/\"},\"sameAs\":[\"https:\\\/\\\/www.facebook.com\\\/JazzZeitung\\\/\"]},{\"@type\":\"Person\",\"@id\":\"https:\\\/\\\/www.jazzzeitung.de\\\/cms\\\/#\\\/schema\\\/person\\\/2245b36b9cd1d24cea10f01c031fb92b\",\"name\":\"Redaktion JazzZeitung\",\"image\":{\"@type\":\"ImageObject\",\"inLanguage\":\"de\",\"@id\":\"https:\\\/\\\/i0.wp.com\\\/www.jazzzeitung.de\\\/cms\\\/wp-content\\\/uploads\\\/2015\\\/08\\\/JAZZZEITUNGDE_Logo_Neu.png?resize=96%2C96&ssl=159975dcacb611b5700bd619b5daf0a7a\",\"url\":\"https:\\\/\\\/i0.wp.com\\\/www.jazzzeitung.de\\\/cms\\\/wp-content\\\/uploads\\\/2015\\\/08\\\/JAZZZEITUNGDE_Logo_Neu.png?resize=96%2C96&ssl=1\",\"contentUrl\":\"https:\\\/\\\/i0.wp.com\\\/www.jazzzeitung.de\\\/cms\\\/wp-content\\\/uploads\\\/2015\\\/08\\\/JAZZZEITUNGDE_Logo_Neu.png?resize=96%2C96&ssl=1\",\"caption\":\"Redaktion JazzZeitung\"},\"description\":\"Artikel der Redaktion der JazzZeitung.\",\"sameAs\":[\"http:\\\/\\\/www.jazzzeitung.de\\\/cms\\\/\"],\"url\":\"https:\\\/\\\/www.jazzzeitung.de\\\/cms\\\/author\\\/redaktion\\\/\"}]}<\/script>\n<!-- \/ Yoast SEO plugin. -->","yoast_head_json":{"title":"News und Tipps: 50 Jahre Institut Jazz in Graz+++Lillinger gastiert mit \"Grund\" in Graz+++Grossmann spielt mit Lillinger \u201eEarth Tones\" - JazzZeitung","robots":{"index":"index","follow":"follow","max-snippet":"max-snippet:-1","max-image-preview":"max-image-preview:large","max-video-preview":"max-video-preview:-1"},"canonical":"https:\/\/www.jazzzeitung.de\/cms\/2015\/04\/news-und-tipps-50-jahre-institut-jazz-grazlillinger-gastiert-mit-grund-grazgrossmann-spielt-mit-lillinger-earth-tones\/","og_locale":"de_DE","og_type":"article","og_title":"News und Tipps: 50 Jahre Institut Jazz in Graz+++Lillinger gastiert mit \"Grund\" in Graz+++Grossmann spielt mit Lillinger \u201eEarth Tones\" - JazzZeitung","og_description":"50 Jahre Institut Jazz in Graz Vor 50 Jahren war Graz die europ\u00e4ische Hauptstadt des Jazz: Mit der offiziellen Gr\u00fcndung des Instituts f\u00fcr Jazz am 1. Januar 1965 setzte die damalige Akademie f\u00fcr Musik und darstellende Kunst in Graz ein Zeichen f\u00fcr den Jazz. Die Einrichtung gilt heute als Europas erstes selbst\u00e4ndiges Institut im Bereich der k\u00fcnstlerischen und theoretischen Jazzausbildung auf akademischer Ebene. 50 Jahre nach seiner Gr\u00fcndung ist das Institut eine international renommierte Ausbildungsst\u00e4tte der Universit\u00e4t f\u00fcr Musik und darstellende Kunst Graz. Sein Jubil\u00e4um begeht das Institut Jazz der Kunstuniversit\u00e4t Graz mit einer Reihe prominenter Konzertereignisse, in deren Rahmen\u00a0 K\u00fcnstler\/innen zu erleben sind, die f\u00fcr Graz pr\u00e4gend waren, darunter Sheila Jordan, die die Gr\u00fcndung der Vokalklasse begleitet hat, oder der langj\u00e4hrige Institutsvorstand Karlheinz Miklin, der sich mit seinem Auftritt als KUG-Lehrender verabschiedet. Am Dienstag 21.04.2015, stellen Elisabeth Freismuth, Rektorin der Universit\u00e4t f\u00fcr Musik f\u00fcr Musik und darstellende Kunst Graz, Ed Partyka, Institutsvorstand, Sigi Feigl, stellvertretender Institutsvorstand und Sheila Jordan, Jazz Vokalistin in einer Pressekonferenz ein neues Veranstaltungsformat aus Anlass des Jubil\u00e4ums vor, dessen Etablierung die Dynamik der 50-Jahr-Feier in die Zukunft weitertragen soll. (11:00 &hellip;","og_url":"https:\/\/www.jazzzeitung.de\/cms\/2015\/04\/news-und-tipps-50-jahre-institut-jazz-grazlillinger-gastiert-mit-grund-grazgrossmann-spielt-mit-lillinger-earth-tones\/","og_site_name":"JazzZeitung","article_publisher":"https:\/\/www.facebook.com\/JazzZeitung\/","article_published_time":"2015-04-13T16:45:48+00:00","article_modified_time":"2015-04-13T16:53:20+00:00","og_image":[{"width":429,"height":600,"url":"https:\/\/www.jazzzeitung.de\/cms\/wp-content\/uploads\/2015\/04\/SheilainGold1500x2100Guy-Smith-429x600.jpg","type":"image\/jpeg"}],"author":"Redaktion JazzZeitung","schema":{"@context":"https:\/\/schema.org","@graph":[{"@type":"Article","@id":"https:\/\/www.jazzzeitung.de\/cms\/2015\/04\/news-und-tipps-50-jahre-institut-jazz-grazlillinger-gastiert-mit-grund-grazgrossmann-spielt-mit-lillinger-earth-tones\/#article","isPartOf":{"@id":"https:\/\/www.jazzzeitung.de\/cms\/2015\/04\/news-und-tipps-50-jahre-institut-jazz-grazlillinger-gastiert-mit-grund-grazgrossmann-spielt-mit-lillinger-earth-tones\/"},"author":{"name":"Redaktion JazzZeitung","@id":"https:\/\/www.jazzzeitung.de\/cms\/#\/schema\/person\/2245b36b9cd1d24cea10f01c031fb92b"},"headline":"News und Tipps: 50 Jahre Institut Jazz in Graz+++Lillinger gastiert mit &#8222;Grund&#8220; in Graz+++Grossmann spielt mit Lillinger \u201eEarth Tones&#8220;","datePublished":"2015-04-13T16:45:48+00:00","dateModified":"2015-04-13T16:53:20+00:00","mainEntityOfPage":{"@id":"https:\/\/www.jazzzeitung.de\/cms\/2015\/04\/news-und-tipps-50-jahre-institut-jazz-grazlillinger-gastiert-mit-grund-grazgrossmann-spielt-mit-lillinger-earth-tones\/"},"wordCount":542,"commentCount":0,"publisher":{"@id":"https:\/\/www.jazzzeitung.de\/cms\/#organization"},"image":{"@id":"https:\/\/www.jazzzeitung.de\/cms\/2015\/04\/news-und-tipps-50-jahre-institut-jazz-grazlillinger-gastiert-mit-grund-grazgrossmann-spielt-mit-lillinger-earth-tones\/#primaryimage"},"thumbnailUrl":"https:\/\/i0.wp.com\/www.jazzzeitung.de\/cms\/wp-content\/uploads\/2015\/04\/SheilainGold1500x2100Guy-Smith.jpg?fit=1500%2C2100&ssl=1","keywords":["CD","Christian Lillinger","die ZEIT","Jazzclub","Joachim K\u00fchn","Jubil\u00e4um","Paris","Rudi Mahall"],"articleSection":["News","Rezension"],"inLanguage":"de","potentialAction":[{"@type":"CommentAction","name":"Comment","target":["https:\/\/www.jazzzeitung.de\/cms\/2015\/04\/news-und-tipps-50-jahre-institut-jazz-grazlillinger-gastiert-mit-grund-grazgrossmann-spielt-mit-lillinger-earth-tones\/#respond"]}]},{"@type":"WebPage","@id":"https:\/\/www.jazzzeitung.de\/cms\/2015\/04\/news-und-tipps-50-jahre-institut-jazz-grazlillinger-gastiert-mit-grund-grazgrossmann-spielt-mit-lillinger-earth-tones\/","url":"https:\/\/www.jazzzeitung.de\/cms\/2015\/04\/news-und-tipps-50-jahre-institut-jazz-grazlillinger-gastiert-mit-grund-grazgrossmann-spielt-mit-lillinger-earth-tones\/","name":"News und Tipps: 50 Jahre Institut Jazz in Graz+++Lillinger gastiert mit \"Grund\" in Graz+++Grossmann spielt mit Lillinger \u201eEarth Tones\" - JazzZeitung","isPartOf":{"@id":"https:\/\/www.jazzzeitung.de\/cms\/#website"},"primaryImageOfPage":{"@id":"https:\/\/www.jazzzeitung.de\/cms\/2015\/04\/news-und-tipps-50-jahre-institut-jazz-grazlillinger-gastiert-mit-grund-grazgrossmann-spielt-mit-lillinger-earth-tones\/#primaryimage"},"image":{"@id":"https:\/\/www.jazzzeitung.de\/cms\/2015\/04\/news-und-tipps-50-jahre-institut-jazz-grazlillinger-gastiert-mit-grund-grazgrossmann-spielt-mit-lillinger-earth-tones\/#primaryimage"},"thumbnailUrl":"https:\/\/i0.wp.com\/www.jazzzeitung.de\/cms\/wp-content\/uploads\/2015\/04\/SheilainGold1500x2100Guy-Smith.jpg?fit=1500%2C2100&ssl=1","datePublished":"2015-04-13T16:45:48+00:00","dateModified":"2015-04-13T16:53:20+00:00","breadcrumb":{"@id":"https:\/\/www.jazzzeitung.de\/cms\/2015\/04\/news-und-tipps-50-jahre-institut-jazz-grazlillinger-gastiert-mit-grund-grazgrossmann-spielt-mit-lillinger-earth-tones\/#breadcrumb"},"inLanguage":"de","potentialAction":[{"@type":"ReadAction","target":["https:\/\/www.jazzzeitung.de\/cms\/2015\/04\/news-und-tipps-50-jahre-institut-jazz-grazlillinger-gastiert-mit-grund-grazgrossmann-spielt-mit-lillinger-earth-tones\/"]}]},{"@type":"ImageObject","inLanguage":"de","@id":"https:\/\/www.jazzzeitung.de\/cms\/2015\/04\/news-und-tipps-50-jahre-institut-jazz-grazlillinger-gastiert-mit-grund-grazgrossmann-spielt-mit-lillinger-earth-tones\/#primaryimage","url":"https:\/\/i0.wp.com\/www.jazzzeitung.de\/cms\/wp-content\/uploads\/2015\/04\/SheilainGold1500x2100Guy-Smith.jpg?fit=1500%2C2100&ssl=1","contentUrl":"https:\/\/i0.wp.com\/www.jazzzeitung.de\/cms\/wp-content\/uploads\/2015\/04\/SheilainGold1500x2100Guy-Smith.jpg?fit=1500%2C2100&ssl=1","width":1500,"height":2100,"caption":"Sheila Jordan in Gold. Foto: Guy Smith"},{"@type":"BreadcrumbList","@id":"https:\/\/www.jazzzeitung.de\/cms\/2015\/04\/news-und-tipps-50-jahre-institut-jazz-grazlillinger-gastiert-mit-grund-grazgrossmann-spielt-mit-lillinger-earth-tones\/#breadcrumb","itemListElement":[{"@type":"ListItem","position":1,"name":"Startseite","item":"https:\/\/www.jazzzeitung.de\/cms\/"},{"@type":"ListItem","position":2,"name":"News und Tipps: 50 Jahre Institut Jazz in Graz+++Lillinger gastiert mit &#8222;Grund&#8220; in Graz+++Grossmann spielt mit Lillinger \u201eEarth Tones&#8220;"}]},{"@type":"WebSite","@id":"https:\/\/www.jazzzeitung.de\/cms\/#website","url":"https:\/\/www.jazzzeitung.de\/cms\/","name":"JazzZeitung","description":"Jazz-News und Jazz-Kontroverses","publisher":{"@id":"https:\/\/www.jazzzeitung.de\/cms\/#organization"},"potentialAction":[{"@type":"SearchAction","target":{"@type":"EntryPoint","urlTemplate":"https:\/\/www.jazzzeitung.de\/cms\/?s={search_term_string}"},"query-input":{"@type":"PropertyValueSpecification","valueRequired":true,"valueName":"search_term_string"}}],"inLanguage":"de"},{"@type":"Organization","@id":"https:\/\/www.jazzzeitung.de\/cms\/#organization","name":"JazzZeitung online","url":"https:\/\/www.jazzzeitung.de\/cms\/","logo":{"@type":"ImageObject","inLanguage":"de","@id":"https:\/\/www.jazzzeitung.de\/cms\/#\/schema\/logo\/image\/","url":"https:\/\/i0.wp.com\/www.jazzzeitung.de\/cms\/wp-content\/uploads\/2015\/08\/JAZZZEITUNGDE_Logo_Neu.png?fit=499%2C200&ssl=1","contentUrl":"https:\/\/i0.wp.com\/www.jazzzeitung.de\/cms\/wp-content\/uploads\/2015\/08\/JAZZZEITUNGDE_Logo_Neu.png?fit=499%2C200&ssl=1","width":499,"height":200,"caption":"JazzZeitung online"},"image":{"@id":"https:\/\/www.jazzzeitung.de\/cms\/#\/schema\/logo\/image\/"},"sameAs":["https:\/\/www.facebook.com\/JazzZeitung\/"]},{"@type":"Person","@id":"https:\/\/www.jazzzeitung.de\/cms\/#\/schema\/person\/2245b36b9cd1d24cea10f01c031fb92b","name":"Redaktion JazzZeitung","image":{"@type":"ImageObject","inLanguage":"de","@id":"https:\/\/i0.wp.com\/www.jazzzeitung.de\/cms\/wp-content\/uploads\/2015\/08\/JAZZZEITUNGDE_Logo_Neu.png?resize=96%2C96&ssl=159975dcacb611b5700bd619b5daf0a7a","url":"https:\/\/i0.wp.com\/www.jazzzeitung.de\/cms\/wp-content\/uploads\/2015\/08\/JAZZZEITUNGDE_Logo_Neu.png?resize=96%2C96&ssl=1","contentUrl":"https:\/\/i0.wp.com\/www.jazzzeitung.de\/cms\/wp-content\/uploads\/2015\/08\/JAZZZEITUNGDE_Logo_Neu.png?resize=96%2C96&ssl=1","caption":"Redaktion JazzZeitung"},"description":"Artikel der Redaktion der JazzZeitung.","sameAs":["http:\/\/www.jazzzeitung.de\/cms\/"],"url":"https:\/\/www.jazzzeitung.de\/cms\/author\/redaktion\/"}]}},"wp-worthy-pixel":{"ignored":false,"public":null,"server":null,"url":null},"wp-worthy-type":"normal","jetpack_publicize_connections":[],"cc_featured_image_caption":{"caption_text":false,"source_text":false,"source_url":false},"jetpack_featured_media_url":"https:\/\/i0.wp.com\/www.jazzzeitung.de\/cms\/wp-content\/uploads\/2015\/04\/SheilainGold1500x2100Guy-Smith.jpg?fit=1500%2C2100&ssl=1","jetpack_shortlink":"https:\/\/wp.me\/p3KEcT-1xA","jetpack-related-posts":[{"id":6045,"url":"https:\/\/www.jazzzeitung.de\/cms\/2015\/04\/breaking-news-kug-jazz-night-graz-martin-schmitt-muenchen-xjazz-festival-berlin\/","url_meta":{"origin":5926,"position":0},"title":"Breaking News +++ KUG Jazz Night in Graz +++ Martin Schmitt in Oberthulba +++ XJAZZ Festival in Berlin","author":"Redaktion JazzZeitung","date":"30. April 2015","format":"gallery","excerpt":"KUG Jazz Night \u2013 50 Jahre Institut Jazz mit Sheila Jordan Sein 50-j\u00e4hriges Jubil\u00e4um begeht das Institut Jazz der Universit\u00e4t f\u00fcr Musik und darstellende Kunst Graz mit mehr als einem Dutzend prominent besetzter Konzertereignisse im In- und Ausland. In diesem Rahmen werden auch mehrere K\u00fcnstler\/-innen zu erleben sein, die f\u00fcr\u2026","rel":"","context":"In &quot;News&quot;","block_context":{"text":"News","link":"https:\/\/www.jazzzeitung.de\/cms\/thema\/nachrichten\/"},"img":{"alt_text":"Sheila Jordan 2015 Foto: Mark Sheldon","src":"https:\/\/i0.wp.com\/www.jazzzeitung.de\/cms\/wp-content\/uploads\/2015\/04\/Sheila-Jordan_copyright-2015-Mark-Sheldon-3-150x150.jpg?resize=350%2C200","width":350,"height":200},"classes":[]},{"id":8128,"url":"https:\/\/www.jazzzeitung.de\/cms\/2016\/01\/sheila-jordan-ist-neues-ehrenmitglied-der-universitaet-fuer-musik-und-darstellende-kunst-graz\/","url_meta":{"origin":5926,"position":1},"title":"Sheila Jordan ist neues Ehrenmitglied der Universit\u00e4t f\u00fcr Musik und darstellende Kunst Graz","author":"Redaktion JazzZeitung","date":"15. Januar 2016","format":false,"excerpt":"F\u00fcr ihre besonderen Verdienste um die Universit\u00e4t und die F\u00f6rderung von k\u00fcnstlerischen und wissenschaftlichen Aufgaben als weltweit richtungsweisende K\u00fcnstlerin im Bereich des Jazz wurde Sheila Jeanette Jordan am 13. Januar 2016 der Titel \u201eEhrenmitglied\u201c der Universit\u00e4t f\u00fcr Musik und darstellende Kunst Graz verliehen \u2013 als dritte Pers\u00f6nlichkeit aus dem Jazz-Bereich\u2026","rel":"","context":"In &quot;Bericht&quot;","block_context":{"text":"Bericht","link":"https:\/\/www.jazzzeitung.de\/cms\/thema\/bericht\/"},"img":{"alt_text":"Sheila Jordan auf der B\u00fchne. Foto: Peter Purgar","src":"https:\/\/i0.wp.com\/www.jazzzeitung.de\/cms\/wp-content\/uploads\/2016\/01\/50Jahre_KUGJazz_copyright_Peter_Purgar154-150x150.jpg?resize=350%2C200","width":350,"height":200},"classes":[]},{"id":2393,"url":"https:\/\/www.jazzzeitung.de\/cms\/2013\/10\/impulsworkshop-graz-jazz-business-career-aspects-perspectives-jazz-21st-century\/","url_meta":{"origin":5926,"position":2},"title":"Impulsworkshop in Graz: Jazz business? &#8211; Career Aspects and Perspectives in Jazz in the 21st Century","author":"Redaktion JazzZeitung","date":"7. Oktober 2013","format":false,"excerpt":"18. \u2013 20. Oktober 2013 |Er\u00f6ffnung am 18. Oktober um 10:00 Uhr WIST-Saal, Moserhofgasse 34, 8010 Graz. Erstmalig pr\u00e4sentiert das Institut f\u00fcr Jazz der Kunstuniversit\u00e4t Graz\u00a0 (KUG)\u00a0 in Zusammenarbeit mit dem Career Service Center (CSC) der KUG einen dreit\u00e4gigen Impulsworkshop \u00fcber einen Themenkomplex, mit dem unsere Studierenden meist erst nach\u2026","rel":"","context":"In &quot;News&quot;","block_context":{"text":"News","link":"https:\/\/www.jazzzeitung.de\/cms\/thema\/nachrichten\/"},"img":{"alt_text":"jazzorchester_foto_kug_schauer","src":"https:\/\/i0.wp.com\/www.jazzzeitung.de\/cms\/wp-content\/uploads\/2013\/10\/jazzorchester_foto_kug_schauer-150x150.jpg?resize=350%2C200","width":350,"height":200},"classes":[]},{"id":17246,"url":"https:\/\/www.jazzzeitung.de\/cms\/2018\/09\/die-kunstuniversitaet-graz-trauert-um-erich-kleinschuster-1930-2018\/","url_meta":{"origin":5926,"position":3},"title":"Trauer um den Posaunisten, Bandleader und Hochschullehrer Erich Kleinschuster","author":"Redaktion JazzZeitung","date":"12. September 2018","format":false,"excerpt":"In der Nacht vom 11. auf den 12. September ist der renommierte Grazer Jazzposaunist und Professor f\u00fcr Jazzposaune an der Kunstuniversit\u00e4t Graz, Erich Kleinschuster, verstorben. Dies meldete heute die Kunstuniversit\u00e4t Graz, an der er seit der Gr\u00fcndung des Grazer Jazzstudiengangs 1965 bis zu seiner Emeritierung wirkte. Der am 23. Januar\u2026","rel":"","context":"In &quot;News&quot;","block_context":{"text":"News","link":"https:\/\/www.jazzzeitung.de\/cms\/thema\/nachrichten\/"},"img":{"alt_text":"","src":"https:\/\/i0.wp.com\/www.jazzzeitung.de\/cms\/wp-content\/uploads\/2018\/09\/E_Kleinschuster_c_KUG-Archiv-e1536759682450.jpg?fit=762%2C596&ssl=1&resize=350%2C200","width":350,"height":200,"srcset":"https:\/\/i0.wp.com\/www.jazzzeitung.de\/cms\/wp-content\/uploads\/2018\/09\/E_Kleinschuster_c_KUG-Archiv-e1536759682450.jpg?fit=762%2C596&ssl=1&resize=350%2C200 1x, https:\/\/i0.wp.com\/www.jazzzeitung.de\/cms\/wp-content\/uploads\/2018\/09\/E_Kleinschuster_c_KUG-Archiv-e1536759682450.jpg?fit=762%2C596&ssl=1&resize=525%2C300 1.5x, https:\/\/i0.wp.com\/www.jazzzeitung.de\/cms\/wp-content\/uploads\/2018\/09\/E_Kleinschuster_c_KUG-Archiv-e1536759682450.jpg?fit=762%2C596&ssl=1&resize=700%2C400 2x"},"classes":[]},{"id":8329,"url":"https:\/\/www.jazzzeitung.de\/cms\/2016\/02\/news-aus-graz-neue-kooperation-kug-jazz-live-orpheum\/","url_meta":{"origin":5926,"position":4},"title":"News aus Graz: neue Kooperation: KUG Jazz live! @ ORPHEUM","author":"Redaktion JazzZeitung","date":"4. Februar 2016","format":false,"excerpt":"Bei einem gemeinsamen Pressetermin am Mittwoch, 03. Februar pr\u00e4sentierten Grazer Spielst\u00e4tten und die Kunstuniversit\u00e4t Graz ihre Kooperation im Bereich Jazz. Mit dem Orpheum Extra wurde daf\u00fcr bereits der k\u00fcnftige Schauplatz der Reihe gew\u00e4hlt, das KUG composers ensemble gab eine musikalische Kostprobe \u2013 so klingt KUG Jazz live! @ ORPHEUM. Das\u2026","rel":"","context":"In &quot;Redaktionelle Nachrichten&quot;","block_context":{"text":"Redaktionelle Nachrichten","link":"https:\/\/www.jazzzeitung.de\/cms\/thema\/redaktion\/"},"img":{"alt_text":"peter_bernstein_669","src":"https:\/\/i0.wp.com\/www.jazzzeitung.de\/cms\/wp-content\/uploads\/2016\/02\/peter_bernstein_669-150x150.jpg?resize=350%2C200","width":350,"height":200},"classes":[]},{"id":19127,"url":"https:\/\/www.jazzzeitung.de\/cms\/2019\/04\/weltgroesste-jazzforschungskonferenz-an-der-kug\/","url_meta":{"origin":5926,"position":5},"title":"Internationale Rhythm Changes Konferenz an der Kunstuniversit\u00e4t Graz","author":"Redaktion JazzZeitung","date":"8. April 2019","format":false,"excerpt":"An der Kunstuniversit\u00e4t Graz (KUG) findet von 11. bis 14. April 2019 nach Angaben der Veranstalter \"die weltweit gr\u00f6\u00dfte Jazzforschungskonferenz\" statt: die \"6. Internationale Rhythm Changes Konferenz\". Forscher\/-innen aus unterschiedlichen Disziplinen und \u00fcber 30 L\u00e4ndern diskutieren vier Tage lang \u00fcber \u201eJazz Journeys\". Dabei geht es um das Reisen in andere\u2026","rel":"","context":"In &quot;News&quot;","block_context":{"text":"News","link":"https:\/\/www.jazzzeitung.de\/cms\/thema\/nachrichten\/"},"img":{"alt_text":"","src":"https:\/\/i0.wp.com\/www.jazzzeitung.de\/cms\/wp-content\/uploads\/2019\/04\/246_kug_jazznight_14_1_2016_%C2%A9_johannes_gellner.jpg?fit=1200%2C783&ssl=1&resize=350%2C200","width":350,"height":200,"srcset":"https:\/\/i0.wp.com\/www.jazzzeitung.de\/cms\/wp-content\/uploads\/2019\/04\/246_kug_jazznight_14_1_2016_%C2%A9_johannes_gellner.jpg?fit=1200%2C783&ssl=1&resize=350%2C200 1x, https:\/\/i0.wp.com\/www.jazzzeitung.de\/cms\/wp-content\/uploads\/2019\/04\/246_kug_jazznight_14_1_2016_%C2%A9_johannes_gellner.jpg?fit=1200%2C783&ssl=1&resize=525%2C300 1.5x, https:\/\/i0.wp.com\/www.jazzzeitung.de\/cms\/wp-content\/uploads\/2019\/04\/246_kug_jazznight_14_1_2016_%C2%A9_johannes_gellner.jpg?fit=1200%2C783&ssl=1&resize=700%2C400 2x, https:\/\/i0.wp.com\/www.jazzzeitung.de\/cms\/wp-content\/uploads\/2019\/04\/246_kug_jazznight_14_1_2016_%C2%A9_johannes_gellner.jpg?fit=1200%2C783&ssl=1&resize=1050%2C600 3x"},"classes":[]}],"jetpack_sharing_enabled":true,"_links":{"self":[{"href":"https:\/\/www.jazzzeitung.de\/cms\/wp-json\/wp\/v2\/posts\/5926","targetHints":{"allow":["GET"]}}],"collection":[{"href":"https:\/\/www.jazzzeitung.de\/cms\/wp-json\/wp\/v2\/posts"}],"about":[{"href":"https:\/\/www.jazzzeitung.de\/cms\/wp-json\/wp\/v2\/types\/post"}],"author":[{"embeddable":true,"href":"https:\/\/www.jazzzeitung.de\/cms\/wp-json\/wp\/v2\/users\/18"}],"replies":[{"embeddable":true,"href":"https:\/\/www.jazzzeitung.de\/cms\/wp-json\/wp\/v2\/comments?post=5926"}],"version-history":[{"count":5,"href":"https:\/\/www.jazzzeitung.de\/cms\/wp-json\/wp\/v2\/posts\/5926\/revisions"}],"predecessor-version":[{"id":5934,"href":"https:\/\/www.jazzzeitung.de\/cms\/wp-json\/wp\/v2\/posts\/5926\/revisions\/5934"}],"wp:featuredmedia":[{"embeddable":true,"href":"https:\/\/www.jazzzeitung.de\/cms\/wp-json\/wp\/v2\/media\/5928"}],"wp:attachment":[{"href":"https:\/\/www.jazzzeitung.de\/cms\/wp-json\/wp\/v2\/media?parent=5926"}],"wp:term":[{"taxonomy":"category","embeddable":true,"href":"https:\/\/www.jazzzeitung.de\/cms\/wp-json\/wp\/v2\/categories?post=5926"},{"taxonomy":"post_tag","embeddable":true,"href":"https:\/\/www.jazzzeitung.de\/cms\/wp-json\/wp\/v2\/tags?post=5926"},{"taxonomy":"author","embeddable":true,"href":"https:\/\/www.jazzzeitung.de\/cms\/wp-json\/wp\/v2\/coauthors?post=5926"}],"curies":[{"name":"wp","href":"https:\/\/api.w.org\/{rel}","templated":true}]}}