{"id":5910,"date":"2015-04-09T13:20:12","date_gmt":"2015-04-09T11:20:12","guid":{"rendered":"http:\/\/www.jazzzeitung.de\/cms\/?p=5910"},"modified":"2015-04-09T14:35:17","modified_gmt":"2015-04-09T12:35:17","slug":"mager-mager-mehrdimensional-mickrig-evaluation-fuer-nix","status":"publish","type":"post","link":"https:\/\/www.jazzzeitung.de\/cms\/2015\/04\/mager-mager-mehrdimensional-mickrig-evaluation-fuer-nix\/","title":{"rendered":"Mager, mager, mehrdimensional mickrig \u2013 Evaluation f\u00fcr nix"},"content":{"rendered":"<p>Es liegt ein sogenannter Evaluationsbericht zum Spielst\u00e4ttenprogrammf\u00f6rderpreis der Initiative Musik vor und der hat es in sich; beziehungsweise nichts in sich oder an sich. Dabei kommt die Studie gro\u00dfspurig im Ton daher.<\/p>\n<figure id=\"attachment_5911\" aria-describedby=\"caption-attachment-5911\" style=\"width: 150px\" class=\"wp-caption alignright\"><a href=\"https:\/\/i0.wp.com\/www.jazzzeitung.de\/cms\/wp-content\/uploads\/2015\/04\/home-office.jpg\"><img data-recalc-dims=\"1\" loading=\"lazy\" decoding=\"async\" data-attachment-id=\"5911\" data-permalink=\"https:\/\/www.jazzzeitung.de\/cms\/2015\/04\/mager-mager-mehrdimensional-mickrig-evaluation-fuer-nix\/olympus-digital-camera-30\/\" data-orig-file=\"https:\/\/i0.wp.com\/www.jazzzeitung.de\/cms\/wp-content\/uploads\/2015\/04\/home-office.jpg?fit=1600%2C1200&amp;ssl=1\" data-orig-size=\"1600,1200\" data-comments-opened=\"1\" data-image-meta=\"{&quot;aperture&quot;:&quot;2.5&quot;,&quot;credit&quot;:&quot;Dr. Martin Hufner&quot;,&quot;camera&quot;:&quot;E-P5&quot;,&quot;caption&quot;:&quot;&quot;,&quot;created_timestamp&quot;:&quot;1426443923&quot;,&quot;copyright&quot;:&quot;Martin Hufner&quot;,&quot;focal_length&quot;:&quot;14&quot;,&quot;iso&quot;:&quot;1000&quot;,&quot;shutter_speed&quot;:&quot;0.0125&quot;,&quot;title&quot;:&quot;OLYMPUS DIGITAL CAMERA&quot;,&quot;orientation&quot;:&quot;0&quot;}\" data-image-title=\"Sack Reis f\u00e4llt um. Foto: Hufner\" data-image-description=\"&lt;p&gt;Sack Reis f\u00e4llt um. Foto: Hufner&lt;\/p&gt;\n\" data-image-caption=\"&lt;p&gt;Sack Reis f\u00e4llt um. Foto: Hufner&lt;\/p&gt;\n\" data-large-file=\"https:\/\/i0.wp.com\/www.jazzzeitung.de\/cms\/wp-content\/uploads\/2015\/04\/home-office.jpg?fit=800%2C600&amp;ssl=1\" class=\"size-thumbnail wp-image-5911\" src=\"https:\/\/i0.wp.com\/www.jazzzeitung.de\/cms\/wp-content\/uploads\/2015\/04\/home-office-150x150.jpg?resize=150%2C150\" alt=\"Sack Reis f\u00e4llt um. Foto: Hufner\" width=\"150\" height=\"150\" srcset=\"https:\/\/i0.wp.com\/www.jazzzeitung.de\/cms\/wp-content\/uploads\/2015\/04\/home-office.jpg?resize=150%2C150&amp;ssl=1 150w, https:\/\/i0.wp.com\/www.jazzzeitung.de\/cms\/wp-content\/uploads\/2015\/04\/home-office.jpg?resize=144%2C144&amp;ssl=1 144w, https:\/\/i0.wp.com\/www.jazzzeitung.de\/cms\/wp-content\/uploads\/2015\/04\/home-office.jpg?resize=96%2C96&amp;ssl=1 96w, https:\/\/i0.wp.com\/www.jazzzeitung.de\/cms\/wp-content\/uploads\/2015\/04\/home-office.jpg?resize=24%2C24&amp;ssl=1 24w, https:\/\/i0.wp.com\/www.jazzzeitung.de\/cms\/wp-content\/uploads\/2015\/04\/home-office.jpg?resize=36%2C36&amp;ssl=1 36w, https:\/\/i0.wp.com\/www.jazzzeitung.de\/cms\/wp-content\/uploads\/2015\/04\/home-office.jpg?resize=48%2C48&amp;ssl=1 48w, https:\/\/i0.wp.com\/www.jazzzeitung.de\/cms\/wp-content\/uploads\/2015\/04\/home-office.jpg?resize=64%2C64&amp;ssl=1 64w, https:\/\/i0.wp.com\/www.jazzzeitung.de\/cms\/wp-content\/uploads\/2015\/04\/home-office.jpg?resize=32%2C32&amp;ssl=1 32w, https:\/\/i0.wp.com\/www.jazzzeitung.de\/cms\/wp-content\/uploads\/2015\/04\/home-office.jpg?resize=128%2C128&amp;ssl=1 128w, https:\/\/i0.wp.com\/www.jazzzeitung.de\/cms\/wp-content\/uploads\/2015\/04\/home-office.jpg?zoom=2&amp;resize=150%2C150&amp;ssl=1 300w, https:\/\/i0.wp.com\/www.jazzzeitung.de\/cms\/wp-content\/uploads\/2015\/04\/home-office.jpg?zoom=3&amp;resize=150%2C150&amp;ssl=1 450w\" sizes=\"auto, (max-width: 150px) 100vw, 150px\" \/><\/a><figcaption id=\"caption-attachment-5911\" class=\"wp-caption-text\">Mehr Licht! Sack Reis f\u00e4llt um. Foto: Hufner<\/figcaption><\/figure>\n<blockquote><p>\u201eF\u00fcr die Evaluation wurde vom Netzwerk Kulturberatung ein mehrdimensionaler Methodenansatz gew\u00e4hlt. Es wurden u.a. 14 Experteninterviews und eine Onlinebefragung der Preistr\u00e4ger durchgef\u00fchrt. Dar\u00fcber hinaus fand eine systematische Analyse der vorhandenen Dokumente statt. Die Evaluation untersuchte u.a. die Zielerreichung, die \u00f6ffentliche Wirkung, Medienresonanz und die Preisverleihung. Der Bericht zeigt im Ergebnis, dass das F\u00f6rderprogramm effizient und effektiv realisiert sowie damit etabliert werden konnte.\u201c<\/p><\/blockquote>\n<p>Klingt sehr bedeutungsvoll und methodenmodern, ist aber im Endeffekt allerdings nichts anderes, als wenn man den Koch befragt, wie ihm sein Essen schmecke.<\/p>\n<p>Kann man alles nachlesen als <a href=\"http:\/\/news.initiative-musik.de\/c\/13940843\/5ee84237800-nmj797\">PDF<\/a>, wer lustig drauf ist und will (71 Seiten). Oder aber man bel\u00e4sst es bei der Pressemitteilung und ihrer wunderbaren Zusammenfassung. Wie in dieser Stilbl\u00fcte hier:<\/p>\n<blockquote><p>\u201eDie pers\u00f6nliche Anwesenheit der Kulturstaatsministerin bei der Preisverleihung wird von den Preistr\u00e4gern und Experten als sehr bedeutend erachtet.\u201c<\/p><\/blockquote>\n<p>\u00c4h, ja. Das Essen war dann auch ganz lecker, oder?<\/p>\n<p>PS: Und wer hat jetzt Lust die Evaluation zu evaluieren?<\/p>\n","protected":false},"excerpt":{"rendered":"<p>Es liegt ein sogenannter Evaluationsbericht zum Spielst\u00e4ttenprogrammf\u00f6rderpreis der Initiative Musik vor und der hat es in sich; beziehungsweise nichts in sich oder an sich. Dabei kommt die Studie gro\u00dfspurig im Ton daher. \u201eF\u00fcr die Evaluation wurde vom Netzwerk Kulturberatung ein mehrdimensionaler Methodenansatz gew\u00e4hlt. Es wurden u.a. 14 Experteninterviews und eine Onlinebefragung der Preistr\u00e4ger durchgef\u00fchrt. Dar\u00fcber hinaus fand eine systematische Analyse der vorhandenen Dokumente statt. Die Evaluation untersuchte u.a. die Zielerreichung, die \u00f6ffentliche Wirkung, Medienresonanz und die Preisverleihung. Der Bericht zeigt im Ergebnis, dass das F\u00f6rderprogramm effizient und effektiv realisiert sowie damit etabliert werden konnte.\u201c Klingt sehr bedeutungsvoll und methodenmodern, ist aber im Endeffekt allerdings nichts anderes, als wenn man den Koch befragt, wie ihm sein Essen schmecke. Kann man alles nachlesen als PDF, wer lustig drauf ist und will (71 Seiten). Oder aber man bel\u00e4sst es bei der Pressemitteilung und ihrer wunderbaren Zusammenfassung. Wie in dieser Stilbl\u00fcte hier: \u201eDie pers\u00f6nliche Anwesenheit der Kulturstaatsministerin bei der Preisverleihung wird von den Preistr\u00e4gern und Experten als sehr bedeutend erachtet.\u201c \u00c4h, ja. Das Essen war dann auch ganz lecker, oder? PS: Und wer hat jetzt Lust die Evaluation zu &hellip;<\/p>\n","protected":false},"author":2,"featured_media":0,"comment_status":"open","ping_status":"open","sticky":false,"template":"","format":"standard","meta":{"_jetpack_memberships_contains_paid_content":false,"footnotes":"","jetpack_publicize_message":"","jetpack_publicize_feature_enabled":true,"jetpack_social_post_already_shared":false,"jetpack_social_options":{"image_generator_settings":{"template":"highway","default_image_id":0,"font":"","enabled":false},"version":2}},"categories":[82],"tags":[1197,691,797,241,450,708],"coauthors":[680],"class_list":["post-5910","post","type-post","status-publish","format-standard","hentry","category-blog","tag-bericht","tag-essen","tag-foerderprogramm","tag-initiative-musik","tag-preisverleihung","tag-spielstaettenprogrammpreis"],"yoast_head":"<!-- This site is optimized with the Yoast SEO plugin v27.5 - https:\/\/yoast.com\/product\/yoast-seo-wordpress\/ -->\n<title>Mager, mager, mehrdimensional mickrig \u2013 Evaluation f\u00fcr nix - JazzZeitung<\/title>\n<meta name=\"robots\" content=\"index, follow, max-snippet:-1, max-image-preview:large, max-video-preview:-1\" \/>\n<link rel=\"canonical\" href=\"https:\/\/www.jazzzeitung.de\/cms\/2015\/04\/mager-mager-mehrdimensional-mickrig-evaluation-fuer-nix\/\" \/>\n<meta property=\"og:locale\" content=\"de_DE\" \/>\n<meta property=\"og:type\" content=\"article\" \/>\n<meta property=\"og:title\" content=\"Mager, mager, mehrdimensional mickrig \u2013 Evaluation f\u00fcr nix - JazzZeitung\" \/>\n<meta property=\"og:description\" content=\"Es liegt ein sogenannter Evaluationsbericht zum Spielst\u00e4ttenprogrammf\u00f6rderpreis der Initiative Musik vor und der hat es in sich; beziehungsweise nichts in sich oder an sich. Dabei kommt die Studie gro\u00dfspurig im Ton daher. \u201eF\u00fcr die Evaluation wurde vom Netzwerk Kulturberatung ein mehrdimensionaler Methodenansatz gew\u00e4hlt. Es wurden u.a. 14 Experteninterviews und eine Onlinebefragung der Preistr\u00e4ger durchgef\u00fchrt. Dar\u00fcber hinaus fand eine systematische Analyse der vorhandenen Dokumente statt. Die Evaluation untersuchte u.a. die Zielerreichung, die \u00f6ffentliche Wirkung, Medienresonanz und die Preisverleihung. Der Bericht zeigt im Ergebnis, dass das F\u00f6rderprogramm effizient und effektiv realisiert sowie damit etabliert werden konnte.\u201c Klingt sehr bedeutungsvoll und methodenmodern, ist aber im Endeffekt allerdings nichts anderes, als wenn man den Koch befragt, wie ihm sein Essen schmecke. Kann man alles nachlesen als PDF, wer lustig drauf ist und will (71 Seiten). Oder aber man bel\u00e4sst es bei der Pressemitteilung und ihrer wunderbaren Zusammenfassung. Wie in dieser Stilbl\u00fcte hier: \u201eDie pers\u00f6nliche Anwesenheit der Kulturstaatsministerin bei der Preisverleihung wird von den Preistr\u00e4gern und Experten als sehr bedeutend erachtet.\u201c \u00c4h, ja. Das Essen war dann auch ganz lecker, oder? PS: Und wer hat jetzt Lust die Evaluation zu &hellip;\" \/>\n<meta property=\"og:url\" content=\"https:\/\/www.jazzzeitung.de\/cms\/2015\/04\/mager-mager-mehrdimensional-mickrig-evaluation-fuer-nix\/\" \/>\n<meta property=\"og:site_name\" content=\"JazzZeitung\" \/>\n<meta property=\"article:publisher\" content=\"https:\/\/www.facebook.com\/JazzZeitung\/\" \/>\n<meta property=\"article:author\" content=\"https:\/\/www.facebook.com\/hufner\" \/>\n<meta property=\"article:published_time\" content=\"2015-04-09T11:20:12+00:00\" \/>\n<meta property=\"article:modified_time\" content=\"2015-04-09T12:35:17+00:00\" \/>\n<meta property=\"og:image\" content=\"http:\/\/www.jazzzeitung.de\/cms\/wp-content\/uploads\/2015\/04\/home-office-150x150.jpg\" \/>\n<meta name=\"author\" content=\"Huflaikhan\" \/>\n<script type=\"application\/ld+json\" class=\"yoast-schema-graph\">{\"@context\":\"https:\\\/\\\/schema.org\",\"@graph\":[{\"@type\":\"Article\",\"@id\":\"https:\\\/\\\/www.jazzzeitung.de\\\/cms\\\/2015\\\/04\\\/mager-mager-mehrdimensional-mickrig-evaluation-fuer-nix\\\/#article\",\"isPartOf\":{\"@id\":\"https:\\\/\\\/www.jazzzeitung.de\\\/cms\\\/2015\\\/04\\\/mager-mager-mehrdimensional-mickrig-evaluation-fuer-nix\\\/\"},\"author\":{\"name\":\"Huflaikhan\",\"@id\":\"https:\\\/\\\/www.jazzzeitung.de\\\/cms\\\/#\\\/schema\\\/person\\\/1ba404714b9455401502bc409a7df45e\"},\"headline\":\"Mager, mager, mehrdimensional mickrig \u2013 Evaluation f\u00fcr nix\",\"datePublished\":\"2015-04-09T11:20:12+00:00\",\"dateModified\":\"2015-04-09T12:35:17+00:00\",\"mainEntityOfPage\":{\"@id\":\"https:\\\/\\\/www.jazzzeitung.de\\\/cms\\\/2015\\\/04\\\/mager-mager-mehrdimensional-mickrig-evaluation-fuer-nix\\\/\"},\"wordCount\":223,\"commentCount\":0,\"publisher\":{\"@id\":\"https:\\\/\\\/www.jazzzeitung.de\\\/cms\\\/#organization\"},\"image\":{\"@id\":\"https:\\\/\\\/www.jazzzeitung.de\\\/cms\\\/2015\\\/04\\\/mager-mager-mehrdimensional-mickrig-evaluation-fuer-nix\\\/#primaryimage\"},\"thumbnailUrl\":\"http:\\\/\\\/www.jazzzeitung.de\\\/cms\\\/wp-content\\\/uploads\\\/2015\\\/04\\\/home-office-150x150.jpg\",\"keywords\":[\"Bericht\",\"Essen\",\"F\u00f6rderprogramm\",\"Initiative Musik\",\"Preisverleihung\",\"Spielst\u00e4ttenprogrammpreis\"],\"articleSection\":[\"Blog\"],\"inLanguage\":\"de\",\"potentialAction\":[{\"@type\":\"CommentAction\",\"name\":\"Comment\",\"target\":[\"https:\\\/\\\/www.jazzzeitung.de\\\/cms\\\/2015\\\/04\\\/mager-mager-mehrdimensional-mickrig-evaluation-fuer-nix\\\/#respond\"]}]},{\"@type\":\"WebPage\",\"@id\":\"https:\\\/\\\/www.jazzzeitung.de\\\/cms\\\/2015\\\/04\\\/mager-mager-mehrdimensional-mickrig-evaluation-fuer-nix\\\/\",\"url\":\"https:\\\/\\\/www.jazzzeitung.de\\\/cms\\\/2015\\\/04\\\/mager-mager-mehrdimensional-mickrig-evaluation-fuer-nix\\\/\",\"name\":\"Mager, mager, mehrdimensional mickrig \u2013 Evaluation f\u00fcr nix - JazzZeitung\",\"isPartOf\":{\"@id\":\"https:\\\/\\\/www.jazzzeitung.de\\\/cms\\\/#website\"},\"primaryImageOfPage\":{\"@id\":\"https:\\\/\\\/www.jazzzeitung.de\\\/cms\\\/2015\\\/04\\\/mager-mager-mehrdimensional-mickrig-evaluation-fuer-nix\\\/#primaryimage\"},\"image\":{\"@id\":\"https:\\\/\\\/www.jazzzeitung.de\\\/cms\\\/2015\\\/04\\\/mager-mager-mehrdimensional-mickrig-evaluation-fuer-nix\\\/#primaryimage\"},\"thumbnailUrl\":\"http:\\\/\\\/www.jazzzeitung.de\\\/cms\\\/wp-content\\\/uploads\\\/2015\\\/04\\\/home-office-150x150.jpg\",\"datePublished\":\"2015-04-09T11:20:12+00:00\",\"dateModified\":\"2015-04-09T12:35:17+00:00\",\"breadcrumb\":{\"@id\":\"https:\\\/\\\/www.jazzzeitung.de\\\/cms\\\/2015\\\/04\\\/mager-mager-mehrdimensional-mickrig-evaluation-fuer-nix\\\/#breadcrumb\"},\"inLanguage\":\"de\",\"potentialAction\":[{\"@type\":\"ReadAction\",\"target\":[\"https:\\\/\\\/www.jazzzeitung.de\\\/cms\\\/2015\\\/04\\\/mager-mager-mehrdimensional-mickrig-evaluation-fuer-nix\\\/\"]}]},{\"@type\":\"ImageObject\",\"inLanguage\":\"de\",\"@id\":\"https:\\\/\\\/www.jazzzeitung.de\\\/cms\\\/2015\\\/04\\\/mager-mager-mehrdimensional-mickrig-evaluation-fuer-nix\\\/#primaryimage\",\"url\":\"http:\\\/\\\/www.jazzzeitung.de\\\/cms\\\/wp-content\\\/uploads\\\/2015\\\/04\\\/home-office-150x150.jpg\",\"contentUrl\":\"http:\\\/\\\/www.jazzzeitung.de\\\/cms\\\/wp-content\\\/uploads\\\/2015\\\/04\\\/home-office-150x150.jpg\"},{\"@type\":\"BreadcrumbList\",\"@id\":\"https:\\\/\\\/www.jazzzeitung.de\\\/cms\\\/2015\\\/04\\\/mager-mager-mehrdimensional-mickrig-evaluation-fuer-nix\\\/#breadcrumb\",\"itemListElement\":[{\"@type\":\"ListItem\",\"position\":1,\"name\":\"Startseite\",\"item\":\"https:\\\/\\\/www.jazzzeitung.de\\\/cms\\\/\"},{\"@type\":\"ListItem\",\"position\":2,\"name\":\"Mager, mager, mehrdimensional mickrig \u2013 Evaluation f\u00fcr nix\"}]},{\"@type\":\"WebSite\",\"@id\":\"https:\\\/\\\/www.jazzzeitung.de\\\/cms\\\/#website\",\"url\":\"https:\\\/\\\/www.jazzzeitung.de\\\/cms\\\/\",\"name\":\"JazzZeitung\",\"description\":\"Jazz-News und Jazz-Kontroverses\",\"publisher\":{\"@id\":\"https:\\\/\\\/www.jazzzeitung.de\\\/cms\\\/#organization\"},\"potentialAction\":[{\"@type\":\"SearchAction\",\"target\":{\"@type\":\"EntryPoint\",\"urlTemplate\":\"https:\\\/\\\/www.jazzzeitung.de\\\/cms\\\/?s={search_term_string}\"},\"query-input\":{\"@type\":\"PropertyValueSpecification\",\"valueRequired\":true,\"valueName\":\"search_term_string\"}}],\"inLanguage\":\"de\"},{\"@type\":\"Organization\",\"@id\":\"https:\\\/\\\/www.jazzzeitung.de\\\/cms\\\/#organization\",\"name\":\"JazzZeitung online\",\"url\":\"https:\\\/\\\/www.jazzzeitung.de\\\/cms\\\/\",\"logo\":{\"@type\":\"ImageObject\",\"inLanguage\":\"de\",\"@id\":\"https:\\\/\\\/www.jazzzeitung.de\\\/cms\\\/#\\\/schema\\\/logo\\\/image\\\/\",\"url\":\"https:\\\/\\\/i0.wp.com\\\/www.jazzzeitung.de\\\/cms\\\/wp-content\\\/uploads\\\/2015\\\/08\\\/JAZZZEITUNGDE_Logo_Neu.png?fit=499%2C200&ssl=1\",\"contentUrl\":\"https:\\\/\\\/i0.wp.com\\\/www.jazzzeitung.de\\\/cms\\\/wp-content\\\/uploads\\\/2015\\\/08\\\/JAZZZEITUNGDE_Logo_Neu.png?fit=499%2C200&ssl=1\",\"width\":499,\"height\":200,\"caption\":\"JazzZeitung online\"},\"image\":{\"@id\":\"https:\\\/\\\/www.jazzzeitung.de\\\/cms\\\/#\\\/schema\\\/logo\\\/image\\\/\"},\"sameAs\":[\"https:\\\/\\\/www.facebook.com\\\/JazzZeitung\\\/\"]},{\"@type\":\"Person\",\"@id\":\"https:\\\/\\\/www.jazzzeitung.de\\\/cms\\\/#\\\/schema\\\/person\\\/1ba404714b9455401502bc409a7df45e\",\"name\":\"Huflaikhan\",\"image\":{\"@type\":\"ImageObject\",\"inLanguage\":\"de\",\"@id\":\"https:\\\/\\\/i0.wp.com\\\/www.jazzzeitung.de\\\/cms\\\/wp-content\\\/uploads\\\/2013\\\/11\\\/huf-06.jpg?resize=96%2C96&ssl=18afacd5aa7627f2840c013425f5a4164\",\"url\":\"https:\\\/\\\/i0.wp.com\\\/www.jazzzeitung.de\\\/cms\\\/wp-content\\\/uploads\\\/2013\\\/11\\\/huf-06.jpg?resize=96%2C96&ssl=1\",\"contentUrl\":\"https:\\\/\\\/i0.wp.com\\\/www.jazzzeitung.de\\\/cms\\\/wp-content\\\/uploads\\\/2013\\\/11\\\/huf-06.jpg?resize=96%2C96&ssl=1\",\"caption\":\"Huflaikhan\"},\"description\":\"Huflaikhan (aka Martin Hufner) hat Musikwissenschaft, Philosophie und Psychologie in Gie\u00dfen studiert und mit einer Arbeit \u00fcber Adorno und die Zw\u00f6lftontechnik promoviert. Seit 1995 ist er freiberuflich als Autor, Fotograf und Netzmacher unterwegs.\",\"sameAs\":[\"https:\\\/\\\/www.kritische-masse.de\\\/logbuch\",\"https:\\\/\\\/www.facebook.com\\\/hufner\"],\"url\":\"https:\\\/\\\/www.jazzzeitung.de\\\/cms\\\/author\\\/hufi\\\/\"}]}<\/script>\n<!-- \/ Yoast SEO plugin. -->","yoast_head_json":{"title":"Mager, mager, mehrdimensional mickrig \u2013 Evaluation f\u00fcr nix - JazzZeitung","robots":{"index":"index","follow":"follow","max-snippet":"max-snippet:-1","max-image-preview":"max-image-preview:large","max-video-preview":"max-video-preview:-1"},"canonical":"https:\/\/www.jazzzeitung.de\/cms\/2015\/04\/mager-mager-mehrdimensional-mickrig-evaluation-fuer-nix\/","og_locale":"de_DE","og_type":"article","og_title":"Mager, mager, mehrdimensional mickrig \u2013 Evaluation f\u00fcr nix - JazzZeitung","og_description":"Es liegt ein sogenannter Evaluationsbericht zum Spielst\u00e4ttenprogrammf\u00f6rderpreis der Initiative Musik vor und der hat es in sich; beziehungsweise nichts in sich oder an sich. Dabei kommt die Studie gro\u00dfspurig im Ton daher. \u201eF\u00fcr die Evaluation wurde vom Netzwerk Kulturberatung ein mehrdimensionaler Methodenansatz gew\u00e4hlt. Es wurden u.a. 14 Experteninterviews und eine Onlinebefragung der Preistr\u00e4ger durchgef\u00fchrt. Dar\u00fcber hinaus fand eine systematische Analyse der vorhandenen Dokumente statt. Die Evaluation untersuchte u.a. die Zielerreichung, die \u00f6ffentliche Wirkung, Medienresonanz und die Preisverleihung. Der Bericht zeigt im Ergebnis, dass das F\u00f6rderprogramm effizient und effektiv realisiert sowie damit etabliert werden konnte.\u201c Klingt sehr bedeutungsvoll und methodenmodern, ist aber im Endeffekt allerdings nichts anderes, als wenn man den Koch befragt, wie ihm sein Essen schmecke. Kann man alles nachlesen als PDF, wer lustig drauf ist und will (71 Seiten). Oder aber man bel\u00e4sst es bei der Pressemitteilung und ihrer wunderbaren Zusammenfassung. Wie in dieser Stilbl\u00fcte hier: \u201eDie pers\u00f6nliche Anwesenheit der Kulturstaatsministerin bei der Preisverleihung wird von den Preistr\u00e4gern und Experten als sehr bedeutend erachtet.\u201c \u00c4h, ja. Das Essen war dann auch ganz lecker, oder? PS: Und wer hat jetzt Lust die Evaluation zu &hellip;","og_url":"https:\/\/www.jazzzeitung.de\/cms\/2015\/04\/mager-mager-mehrdimensional-mickrig-evaluation-fuer-nix\/","og_site_name":"JazzZeitung","article_publisher":"https:\/\/www.facebook.com\/JazzZeitung\/","article_author":"https:\/\/www.facebook.com\/hufner","article_published_time":"2015-04-09T11:20:12+00:00","article_modified_time":"2015-04-09T12:35:17+00:00","og_image":[{"url":"http:\/\/www.jazzzeitung.de\/cms\/wp-content\/uploads\/2015\/04\/home-office-150x150.jpg","type":"","width":"","height":""}],"author":"Huflaikhan","schema":{"@context":"https:\/\/schema.org","@graph":[{"@type":"Article","@id":"https:\/\/www.jazzzeitung.de\/cms\/2015\/04\/mager-mager-mehrdimensional-mickrig-evaluation-fuer-nix\/#article","isPartOf":{"@id":"https:\/\/www.jazzzeitung.de\/cms\/2015\/04\/mager-mager-mehrdimensional-mickrig-evaluation-fuer-nix\/"},"author":{"name":"Huflaikhan","@id":"https:\/\/www.jazzzeitung.de\/cms\/#\/schema\/person\/1ba404714b9455401502bc409a7df45e"},"headline":"Mager, mager, mehrdimensional mickrig \u2013 Evaluation f\u00fcr nix","datePublished":"2015-04-09T11:20:12+00:00","dateModified":"2015-04-09T12:35:17+00:00","mainEntityOfPage":{"@id":"https:\/\/www.jazzzeitung.de\/cms\/2015\/04\/mager-mager-mehrdimensional-mickrig-evaluation-fuer-nix\/"},"wordCount":223,"commentCount":0,"publisher":{"@id":"https:\/\/www.jazzzeitung.de\/cms\/#organization"},"image":{"@id":"https:\/\/www.jazzzeitung.de\/cms\/2015\/04\/mager-mager-mehrdimensional-mickrig-evaluation-fuer-nix\/#primaryimage"},"thumbnailUrl":"http:\/\/www.jazzzeitung.de\/cms\/wp-content\/uploads\/2015\/04\/home-office-150x150.jpg","keywords":["Bericht","Essen","F\u00f6rderprogramm","Initiative Musik","Preisverleihung","Spielst\u00e4ttenprogrammpreis"],"articleSection":["Blog"],"inLanguage":"de","potentialAction":[{"@type":"CommentAction","name":"Comment","target":["https:\/\/www.jazzzeitung.de\/cms\/2015\/04\/mager-mager-mehrdimensional-mickrig-evaluation-fuer-nix\/#respond"]}]},{"@type":"WebPage","@id":"https:\/\/www.jazzzeitung.de\/cms\/2015\/04\/mager-mager-mehrdimensional-mickrig-evaluation-fuer-nix\/","url":"https:\/\/www.jazzzeitung.de\/cms\/2015\/04\/mager-mager-mehrdimensional-mickrig-evaluation-fuer-nix\/","name":"Mager, mager, mehrdimensional mickrig \u2013 Evaluation f\u00fcr nix - JazzZeitung","isPartOf":{"@id":"https:\/\/www.jazzzeitung.de\/cms\/#website"},"primaryImageOfPage":{"@id":"https:\/\/www.jazzzeitung.de\/cms\/2015\/04\/mager-mager-mehrdimensional-mickrig-evaluation-fuer-nix\/#primaryimage"},"image":{"@id":"https:\/\/www.jazzzeitung.de\/cms\/2015\/04\/mager-mager-mehrdimensional-mickrig-evaluation-fuer-nix\/#primaryimage"},"thumbnailUrl":"http:\/\/www.jazzzeitung.de\/cms\/wp-content\/uploads\/2015\/04\/home-office-150x150.jpg","datePublished":"2015-04-09T11:20:12+00:00","dateModified":"2015-04-09T12:35:17+00:00","breadcrumb":{"@id":"https:\/\/www.jazzzeitung.de\/cms\/2015\/04\/mager-mager-mehrdimensional-mickrig-evaluation-fuer-nix\/#breadcrumb"},"inLanguage":"de","potentialAction":[{"@type":"ReadAction","target":["https:\/\/www.jazzzeitung.de\/cms\/2015\/04\/mager-mager-mehrdimensional-mickrig-evaluation-fuer-nix\/"]}]},{"@type":"ImageObject","inLanguage":"de","@id":"https:\/\/www.jazzzeitung.de\/cms\/2015\/04\/mager-mager-mehrdimensional-mickrig-evaluation-fuer-nix\/#primaryimage","url":"http:\/\/www.jazzzeitung.de\/cms\/wp-content\/uploads\/2015\/04\/home-office-150x150.jpg","contentUrl":"http:\/\/www.jazzzeitung.de\/cms\/wp-content\/uploads\/2015\/04\/home-office-150x150.jpg"},{"@type":"BreadcrumbList","@id":"https:\/\/www.jazzzeitung.de\/cms\/2015\/04\/mager-mager-mehrdimensional-mickrig-evaluation-fuer-nix\/#breadcrumb","itemListElement":[{"@type":"ListItem","position":1,"name":"Startseite","item":"https:\/\/www.jazzzeitung.de\/cms\/"},{"@type":"ListItem","position":2,"name":"Mager, mager, mehrdimensional mickrig \u2013 Evaluation f\u00fcr nix"}]},{"@type":"WebSite","@id":"https:\/\/www.jazzzeitung.de\/cms\/#website","url":"https:\/\/www.jazzzeitung.de\/cms\/","name":"JazzZeitung","description":"Jazz-News und Jazz-Kontroverses","publisher":{"@id":"https:\/\/www.jazzzeitung.de\/cms\/#organization"},"potentialAction":[{"@type":"SearchAction","target":{"@type":"EntryPoint","urlTemplate":"https:\/\/www.jazzzeitung.de\/cms\/?s={search_term_string}"},"query-input":{"@type":"PropertyValueSpecification","valueRequired":true,"valueName":"search_term_string"}}],"inLanguage":"de"},{"@type":"Organization","@id":"https:\/\/www.jazzzeitung.de\/cms\/#organization","name":"JazzZeitung online","url":"https:\/\/www.jazzzeitung.de\/cms\/","logo":{"@type":"ImageObject","inLanguage":"de","@id":"https:\/\/www.jazzzeitung.de\/cms\/#\/schema\/logo\/image\/","url":"https:\/\/i0.wp.com\/www.jazzzeitung.de\/cms\/wp-content\/uploads\/2015\/08\/JAZZZEITUNGDE_Logo_Neu.png?fit=499%2C200&ssl=1","contentUrl":"https:\/\/i0.wp.com\/www.jazzzeitung.de\/cms\/wp-content\/uploads\/2015\/08\/JAZZZEITUNGDE_Logo_Neu.png?fit=499%2C200&ssl=1","width":499,"height":200,"caption":"JazzZeitung online"},"image":{"@id":"https:\/\/www.jazzzeitung.de\/cms\/#\/schema\/logo\/image\/"},"sameAs":["https:\/\/www.facebook.com\/JazzZeitung\/"]},{"@type":"Person","@id":"https:\/\/www.jazzzeitung.de\/cms\/#\/schema\/person\/1ba404714b9455401502bc409a7df45e","name":"Huflaikhan","image":{"@type":"ImageObject","inLanguage":"de","@id":"https:\/\/i0.wp.com\/www.jazzzeitung.de\/cms\/wp-content\/uploads\/2013\/11\/huf-06.jpg?resize=96%2C96&ssl=18afacd5aa7627f2840c013425f5a4164","url":"https:\/\/i0.wp.com\/www.jazzzeitung.de\/cms\/wp-content\/uploads\/2013\/11\/huf-06.jpg?resize=96%2C96&ssl=1","contentUrl":"https:\/\/i0.wp.com\/www.jazzzeitung.de\/cms\/wp-content\/uploads\/2013\/11\/huf-06.jpg?resize=96%2C96&ssl=1","caption":"Huflaikhan"},"description":"Huflaikhan (aka Martin Hufner) hat Musikwissenschaft, Philosophie und Psychologie in Gie\u00dfen studiert und mit einer Arbeit \u00fcber Adorno und die Zw\u00f6lftontechnik promoviert. Seit 1995 ist er freiberuflich als Autor, Fotograf und Netzmacher unterwegs.","sameAs":["https:\/\/www.kritische-masse.de\/logbuch","https:\/\/www.facebook.com\/hufner"],"url":"https:\/\/www.jazzzeitung.de\/cms\/author\/hufi\/"}]}},"wp-worthy-pixel":{"ignored":false,"public":"546c769da0ca426881db9e2f107c48e3","server":"vg09.met.vgwort.de\/na","url":"https:\/\/vg09.met.vgwort.de\/na\/546c769da0ca426881db9e2f107c48e3"},"wp-worthy-type":"normal","jetpack_publicize_connections":[],"cc_featured_image_caption":{"caption_text":false,"source_text":false,"source_url":false},"jetpack_featured_media_url":"","jetpack_shortlink":"https:\/\/wp.me\/p3KEcT-1xk","jetpack-related-posts":[{"id":15987,"url":"https:\/\/www.jazzzeitung.de\/cms\/2018\/05\/bewerbungsphase-fuer-applaus-musikpreis-startet\/","url_meta":{"origin":5910,"position":0},"title":"Bewerbungsphase f\u00fcr APPLAUS Musikpreis startet","author":"Redaktion JazzZeitung","date":"10. Mai 2018","format":false,"excerpt":"APPLAUS (Auszeichnung der Programmplanung unabh\u00e4ngiger Spielst\u00e4tten) w\u00fcrdigt zum sechsten Mal bundesweit kulturell herausragende Livemusikprogramme. Die Bewerbungsphase startet am 14. Mai und l\u00e4uft bis 22. Juni 2018. Mit dem Musikpreis\u00a0 werden Clubbetreiber und Veranstalter f\u00fcr ihre herausragenden Livemusikprogramme von Pop bis Jazz gew\u00fcrdigt. Der F\u00f6rderpreis soll mehr \u00f6ffentliche Aufmerksamkeit f\u00fcr Kulturorte\u2026","rel":"","context":"In &quot;News&quot;","block_context":{"text":"News","link":"https:\/\/www.jazzzeitung.de\/cms\/thema\/nachrichten\/"},"img":{"alt_text":"","src":"https:\/\/i0.wp.com\/www.jazzzeitung.de\/cms\/wp-content\/uploads\/2018\/05\/APPLAUS17_6_preview.jpeg?fit=1200%2C799&ssl=1&resize=350%2C200","width":350,"height":200,"srcset":"https:\/\/i0.wp.com\/www.jazzzeitung.de\/cms\/wp-content\/uploads\/2018\/05\/APPLAUS17_6_preview.jpeg?fit=1200%2C799&ssl=1&resize=350%2C200 1x, https:\/\/i0.wp.com\/www.jazzzeitung.de\/cms\/wp-content\/uploads\/2018\/05\/APPLAUS17_6_preview.jpeg?fit=1200%2C799&ssl=1&resize=525%2C300 1.5x, https:\/\/i0.wp.com\/www.jazzzeitung.de\/cms\/wp-content\/uploads\/2018\/05\/APPLAUS17_6_preview.jpeg?fit=1200%2C799&ssl=1&resize=700%2C400 2x, https:\/\/i0.wp.com\/www.jazzzeitung.de\/cms\/wp-content\/uploads\/2018\/05\/APPLAUS17_6_preview.jpeg?fit=1200%2C799&ssl=1&resize=1050%2C600 3x"},"classes":[]},{"id":26761,"url":"https:\/\/www.jazzzeitung.de\/cms\/2022\/02\/deutscher-jazzpreis-2022-preisverleihung-in-bremen-und-neue-jury\/","url_meta":{"origin":5910,"position":1},"title":"Deutscher Jazzpreis 2022: Preisverleihung in Bremen und neue Jury","author":"Redaktion JazzZeitung","date":"25. Februar 2022","format":false,"excerpt":"Zum zweiten Mal wird am 27. April 2022 der DEUTSCHE JAZZPREIS verliehen. In 31 Kategorien werden Preisgelder in H\u00f6he von insgesamt 300.000 Euro vergeben. Nach der Premiere 2021 in Hamburg, findet die Preisverleihung des gr\u00f6\u00dften Musikpreises der deutschen und internationalen Jazzszene dieses Jahr im Rahmen der jazzahead! Jazzmesse in Bremen\u2026","rel":"","context":"In &quot;Bericht&quot;","block_context":{"text":"Bericht","link":"https:\/\/www.jazzzeitung.de\/cms\/thema\/bericht\/"},"img":{"alt_text":"","src":"https:\/\/i0.wp.com\/www.jazzzeitung.de\/cms\/wp-content\/uploads\/2022\/02\/Pinar-Atalay-Fabia-Mantwill-%C2%A9-Deutscher-Jazzpreis-Fynn-Freund-scaled.jpg?fit=1200%2C800&ssl=1&resize=350%2C200","width":350,"height":200,"srcset":"https:\/\/i0.wp.com\/www.jazzzeitung.de\/cms\/wp-content\/uploads\/2022\/02\/Pinar-Atalay-Fabia-Mantwill-%C2%A9-Deutscher-Jazzpreis-Fynn-Freund-scaled.jpg?fit=1200%2C800&ssl=1&resize=350%2C200 1x, https:\/\/i0.wp.com\/www.jazzzeitung.de\/cms\/wp-content\/uploads\/2022\/02\/Pinar-Atalay-Fabia-Mantwill-%C2%A9-Deutscher-Jazzpreis-Fynn-Freund-scaled.jpg?fit=1200%2C800&ssl=1&resize=525%2C300 1.5x, https:\/\/i0.wp.com\/www.jazzzeitung.de\/cms\/wp-content\/uploads\/2022\/02\/Pinar-Atalay-Fabia-Mantwill-%C2%A9-Deutscher-Jazzpreis-Fynn-Freund-scaled.jpg?fit=1200%2C800&ssl=1&resize=700%2C400 2x, https:\/\/i0.wp.com\/www.jazzzeitung.de\/cms\/wp-content\/uploads\/2022\/02\/Pinar-Atalay-Fabia-Mantwill-%C2%A9-Deutscher-Jazzpreis-Fynn-Freund-scaled.jpg?fit=1200%2C800&ssl=1&resize=1050%2C600 3x"},"classes":[]},{"id":4575,"url":"https:\/\/www.jazzzeitung.de\/cms\/2014\/09\/spielstaettenprogrammpreis-2014-vergeben\/","url_meta":{"origin":5910,"position":2},"title":"Spielst\u00e4ttenprogrammpreis 2014 vergeben","author":"Redaktion JazzZeitung","date":"18. September 2014","format":false,"excerpt":"F\u00fcr ihre herausragenden Livemusikprogramme wurden gestern am 17. September 2014 in Hamburg 31 Clubs und 27 Veranstaltungsreihen aus Deutschland von Kulturstaatsministerin Monika Gr\u00fctters mit dem Spielst\u00e4ttenprogrammpreis Rock, Pop Jazz 2014 ausgezeichnet. Der bundesweite Preis wurde nach 2013 bereits zum zweiten Mal vergeben. In diesem Jahr gehen an die Spielst\u00e4tten sowie\u2026","rel":"","context":"In &quot;News&quot;","block_context":{"text":"News","link":"https:\/\/www.jazzzeitung.de\/cms\/thema\/nachrichten\/"},"img":{"alt_text":"logo_IM_viereck","src":"https:\/\/i0.wp.com\/www.jazzzeitung.de\/cms\/wp-content\/uploads\/2014\/09\/logo_IM_viereck-150x150.jpg?resize=350%2C200","width":350,"height":200},"classes":[]},{"id":12822,"url":"https:\/\/www.jazzzeitung.de\/cms\/2017\/07\/preis-fuer-sein-lebenswerk-an-bruno-spoerri\/","url_meta":{"origin":5910,"position":3},"title":"Preis f\u00fcr sein Lebenswerk an Bruno Spoerri","author":"Redaktion JazzZeitung","date":"1. Juli 2017","format":false,"excerpt":"Sonntag Abend am JazzAscona wurde dem\u00a0Saxofonisten und Pionier der elektronischen Musik Bruno Spoerri der Swiss Jazz Award 2017 \u00fcberreicht , der die hohe Qualit\u00e4t der Schweizer Jazzszene lobte und eine Lanze f\u00fcr das \u00dcberleben von Radio Swiss Jazz brach. Vor einem grossartigen Publikum aus Fans und Freunden konnte der Saxofonist,\u2026","rel":"","context":"In &quot;Bericht&quot;","block_context":{"text":"Bericht","link":"https:\/\/www.jazzzeitung.de\/cms\/thema\/bericht\/"},"img":{"alt_text":"","src":"https:\/\/i0.wp.com\/www.jazzzeitung.de\/cms\/wp-content\/uploads\/2017\/06\/Foto-JazzAscona-300x200.jpg?resize=350%2C200&ssl=1","width":350,"height":200},"classes":[]},{"id":6738,"url":"https:\/\/www.jazzzeitung.de\/cms\/2015\/07\/ingolstaedter-jazzfoerderpreis-2015-geht-matthias-hetzer\/","url_meta":{"origin":5910,"position":4},"title":"Ingolst\u00e4dter Jazzf\u00f6rderpreis 2015 geht an Matthias Hetzer","author":"Redaktion JazzZeitung","date":"29. Juli 2015","format":false,"excerpt":"Die Ingolst\u00e4dter Jazztage stehen nicht nur f\u00fcr Konzerterlebnisse mit internationalen Jazzstars, sondern auch f\u00fcr aktive Nachwuchs-F\u00f6rderung. Aus diesem Grunde verleihen die Veranstalter in jedem Jahr den Jazzf\u00f6rderpreis der Stadt Ingolstadt \u2013 gef\u00f6rdert von der Sparkasse Ingolstadt und Media-Saturn. In diesem Jahr w\u00fcrdigt die hochkar\u00e4tig besetzte Jury den 21-j\u00e4hrigen Schlagzeuger Matthias\u2026","rel":"","context":"In &quot;News&quot;","block_context":{"text":"News","link":"https:\/\/www.jazzzeitung.de\/cms\/thema\/nachrichten\/"},"img":{"alt_text":"Matthias Hetzer. Foto: Ingolst\u00e4dter Jazztage\/Tob","src":"https:\/\/i0.wp.com\/www.jazzzeitung.de\/cms\/wp-content\/uploads\/2015\/07\/MatthiasHetzer_by_Tob52EA5-150x150.jpg?resize=350%2C200","width":350,"height":200},"classes":[]},{"id":9741,"url":"https:\/\/www.jazzzeitung.de\/cms\/2016\/08\/ingolstaedter-jazzfoerderpreis-2016-geht-simon-mack\/","url_meta":{"origin":5910,"position":5},"title":"Ingolst\u00e4dter Jazzf\u00f6rderpreis 2016 geht an Simon Mack","author":"Redaktion JazzZeitung","date":"1. August 2016","format":false,"excerpt":"Mit dem Jazzf\u00f6rderpreis w\u00fcrdigt die Stadt Ingolstadt seit \u00fcber 20 Jahren herausragende Talente der Region. In diesem Jahr geht die renommierte Auszeichnung an den Pianisten Simon Mack. Die offizielle Preisverleihung findet am 15. Oktober im Kulturzentrum neun statt \u2013 das anschlie\u00dfende Konzert markiert den Startschuss f\u00fcr die 33. Ingolst\u00e4dter Jazztage.\u2026","rel":"","context":"In &quot;News&quot;","block_context":{"text":"News","link":"https:\/\/www.jazzzeitung.de\/cms\/thema\/nachrichten\/"},"img":{"alt_text":"SimonMack_2","src":"https:\/\/i0.wp.com\/www.jazzzeitung.de\/cms\/wp-content\/uploads\/2016\/08\/SimonMack_2-150x150.jpg?resize=350%2C200","width":350,"height":200},"classes":[]}],"jetpack_sharing_enabled":true,"_links":{"self":[{"href":"https:\/\/www.jazzzeitung.de\/cms\/wp-json\/wp\/v2\/posts\/5910","targetHints":{"allow":["GET"]}}],"collection":[{"href":"https:\/\/www.jazzzeitung.de\/cms\/wp-json\/wp\/v2\/posts"}],"about":[{"href":"https:\/\/www.jazzzeitung.de\/cms\/wp-json\/wp\/v2\/types\/post"}],"author":[{"embeddable":true,"href":"https:\/\/www.jazzzeitung.de\/cms\/wp-json\/wp\/v2\/users\/2"}],"replies":[{"embeddable":true,"href":"https:\/\/www.jazzzeitung.de\/cms\/wp-json\/wp\/v2\/comments?post=5910"}],"version-history":[{"count":4,"href":"https:\/\/www.jazzzeitung.de\/cms\/wp-json\/wp\/v2\/posts\/5910\/revisions"}],"predecessor-version":[{"id":5915,"href":"https:\/\/www.jazzzeitung.de\/cms\/wp-json\/wp\/v2\/posts\/5910\/revisions\/5915"}],"wp:attachment":[{"href":"https:\/\/www.jazzzeitung.de\/cms\/wp-json\/wp\/v2\/media?parent=5910"}],"wp:term":[{"taxonomy":"category","embeddable":true,"href":"https:\/\/www.jazzzeitung.de\/cms\/wp-json\/wp\/v2\/categories?post=5910"},{"taxonomy":"post_tag","embeddable":true,"href":"https:\/\/www.jazzzeitung.de\/cms\/wp-json\/wp\/v2\/tags?post=5910"},{"taxonomy":"author","embeddable":true,"href":"https:\/\/www.jazzzeitung.de\/cms\/wp-json\/wp\/v2\/coauthors?post=5910"}],"curies":[{"name":"wp","href":"https:\/\/api.w.org\/{rel}","templated":true}]}}