{"id":5862,"date":"2015-04-03T14:00:22","date_gmt":"2015-04-03T12:00:22","guid":{"rendered":"http:\/\/www.jazzzeitung.de\/cms\/?p=5862"},"modified":"2015-04-02T13:29:14","modified_gmt":"2015-04-02T11:29:14","slug":"news-markus-luepertz-im-leeren-beutel-regensburg-oregon-quartett-der-max-reger-halle-weiden-nik-baertsch-im-grillo-theater-essen","status":"publish","type":"post","link":"https:\/\/www.jazzzeitung.de\/cms\/2015\/04\/news-markus-luepertz-im-leeren-beutel-regensburg-oregon-quartett-der-max-reger-halle-weiden-nik-baertsch-im-grillo-theater-essen\/","title":{"rendered":"News: Markus L\u00fcpertz im Leeren Beutel in Regensburg +++ OREGON-Quartett in der Max-Reger-Halle in Weiden +++ Nik B\u00e4rtsch im Grillo-Theater in Essen"},"content":{"rendered":"<p><strong>Markus L\u00fcpertz und TTT zu Gast in Regensburgs Leerem Beutel<\/strong><\/p>\n<figure id=\"attachment_5864\" aria-describedby=\"caption-attachment-5864\" style=\"width: 150px\" class=\"wp-caption alignright\"><a href=\"https:\/\/i0.wp.com\/www.jazzzeitung.de\/cms\/wp-content\/uploads\/2015\/04\/jc-20150406-L%C3%BCpertz-2-%C2%A9-Thorsten-Wulff.jpg\"><img data-recalc-dims=\"1\" loading=\"lazy\" decoding=\"async\" data-attachment-id=\"5864\" data-permalink=\"https:\/\/www.jazzzeitung.de\/cms\/2015\/04\/news-markus-luepertz-im-leeren-beutel-regensburg-oregon-quartett-der-max-reger-halle-weiden-nik-baertsch-im-grillo-theater-essen\/jc-20150406-luepertz-2-thorsten-wulff\/\" data-orig-file=\"https:\/\/i0.wp.com\/www.jazzzeitung.de\/cms\/wp-content\/uploads\/2015\/04\/jc-20150406-L%C3%BCpertz-2-%C2%A9-Thorsten-Wulff.jpg?fit=1500%2C2254&amp;ssl=1\" data-orig-size=\"1500,2254\" data-comments-opened=\"1\" data-image-meta=\"{&quot;aperture&quot;:&quot;0&quot;,&quot;credit&quot;:&quot;&quot;,&quot;camera&quot;:&quot;&quot;,&quot;caption&quot;:&quot;&quot;,&quot;created_timestamp&quot;:&quot;0&quot;,&quot;copyright&quot;:&quot;&quot;,&quot;focal_length&quot;:&quot;0&quot;,&quot;iso&quot;:&quot;0&quot;,&quot;shutter_speed&quot;:&quot;0&quot;,&quot;title&quot;:&quot;&quot;,&quot;orientation&quot;:&quot;1&quot;}\" data-image-title=\"jc 20150406 L\u00fcpertz 2 \u00a9 Thorsten Wulff\" data-image-description=\"\" data-image-caption=\"&lt;p&gt;Malerf\u00fcrst Markus L\u00fcpertz als Bandleader. Foto: Thorsten Wulff&lt;\/p&gt;\n\" data-large-file=\"https:\/\/i0.wp.com\/www.jazzzeitung.de\/cms\/wp-content\/uploads\/2015\/04\/jc-20150406-L%C3%BCpertz-2-%C2%A9-Thorsten-Wulff.jpg?fit=399%2C600&amp;ssl=1\" class=\"size-thumbnail wp-image-5864\" src=\"https:\/\/i0.wp.com\/www.jazzzeitung.de\/cms\/wp-content\/uploads\/2015\/04\/jc-20150406-L%C3%BCpertz-2-%C2%A9-Thorsten-Wulff-150x150.jpg?resize=150%2C150\" alt=\"Malerf\u00fcrst Markus L\u00fcpertz als Bandleader. Foto: Thorsten Wulff\" width=\"150\" height=\"150\" srcset=\"https:\/\/i0.wp.com\/www.jazzzeitung.de\/cms\/wp-content\/uploads\/2015\/04\/jc-20150406-L%C3%BCpertz-2-%C2%A9-Thorsten-Wulff.jpg?resize=150%2C150&amp;ssl=1 150w, https:\/\/i0.wp.com\/www.jazzzeitung.de\/cms\/wp-content\/uploads\/2015\/04\/jc-20150406-L%C3%BCpertz-2-%C2%A9-Thorsten-Wulff.jpg?resize=144%2C144&amp;ssl=1 144w, https:\/\/i0.wp.com\/www.jazzzeitung.de\/cms\/wp-content\/uploads\/2015\/04\/jc-20150406-L%C3%BCpertz-2-%C2%A9-Thorsten-Wulff.jpg?resize=96%2C96&amp;ssl=1 96w, https:\/\/i0.wp.com\/www.jazzzeitung.de\/cms\/wp-content\/uploads\/2015\/04\/jc-20150406-L%C3%BCpertz-2-%C2%A9-Thorsten-Wulff.jpg?resize=24%2C24&amp;ssl=1 24w, https:\/\/i0.wp.com\/www.jazzzeitung.de\/cms\/wp-content\/uploads\/2015\/04\/jc-20150406-L%C3%BCpertz-2-%C2%A9-Thorsten-Wulff.jpg?resize=36%2C36&amp;ssl=1 36w, https:\/\/i0.wp.com\/www.jazzzeitung.de\/cms\/wp-content\/uploads\/2015\/04\/jc-20150406-L%C3%BCpertz-2-%C2%A9-Thorsten-Wulff.jpg?resize=48%2C48&amp;ssl=1 48w, https:\/\/i0.wp.com\/www.jazzzeitung.de\/cms\/wp-content\/uploads\/2015\/04\/jc-20150406-L%C3%BCpertz-2-%C2%A9-Thorsten-Wulff.jpg?resize=64%2C64&amp;ssl=1 64w, https:\/\/i0.wp.com\/www.jazzzeitung.de\/cms\/wp-content\/uploads\/2015\/04\/jc-20150406-L%C3%BCpertz-2-%C2%A9-Thorsten-Wulff.jpg?resize=32%2C32&amp;ssl=1 32w, https:\/\/i0.wp.com\/www.jazzzeitung.de\/cms\/wp-content\/uploads\/2015\/04\/jc-20150406-L%C3%BCpertz-2-%C2%A9-Thorsten-Wulff.jpg?resize=128%2C128&amp;ssl=1 128w, https:\/\/i0.wp.com\/www.jazzzeitung.de\/cms\/wp-content\/uploads\/2015\/04\/jc-20150406-L%C3%BCpertz-2-%C2%A9-Thorsten-Wulff.jpg?zoom=2&amp;resize=150%2C150&amp;ssl=1 300w, https:\/\/i0.wp.com\/www.jazzzeitung.de\/cms\/wp-content\/uploads\/2015\/04\/jc-20150406-L%C3%BCpertz-2-%C2%A9-Thorsten-Wulff.jpg?zoom=3&amp;resize=150%2C150&amp;ssl=1 450w\" sizes=\"auto, (max-width: 150px) 100vw, 150px\" \/><\/a><figcaption id=\"caption-attachment-5864\" class=\"wp-caption-text\">Malerf\u00fcrst Markus L\u00fcpertz als Bandleader. Foto: Thorsten Wulff<\/figcaption><\/figure>\n<p>Am Montag den 06. April (20 Uhr) veranstaltet der Jazzclub Regensburg im Leeren Beutel ein Konzert des deutschen Malers, Autors und Jazzmusikers Markus L\u00fcpertz.<br \/>\nDas Jazzensemble TTT ist die Farbpalette, die MARKUS L\u00dcPERTZ zur Verf\u00fcgung steht, und deren M\u00f6glichkeiten an Schattierung und Tongebung kostet er lustvoll aus. Die B\u00fchne ist die Leinwand f\u00fcr ein Gem\u00e4lde voller Kraft, Widerspr\u00fcche, Dissonanzen, selten Stille und Wohlklang, immer aber Energie und Spannung, Experiment und Ausdruck. TTT ist mit international erfahrenen Jazzmusikern besetzt: Ryan Carniaux (tr), Manfred Schoof (tr), Gerd Dudek (sax), Wolfgang Lackerschmid (vib), Frank Wollny (b) und Guido May (dr). Vom Klavier aus leitet, inspiriert oder st\u00f6rt Markus L\u00fcpertz das Geschehen auf der B\u00fchne: kontrolliertes Chaos, aufw\u00fchlende Expressivit\u00e4t und fesselnde Hingabe. Stefanie Schlesinger (voc) und Wolfgang Lackerschmid (vib) werden au\u00dferdem an diesem Abend einen Ausschnitt aus ihrem Programm \u201eHerzschmerz\u201c vorstellen: Die beiden haben Gedichte und Texte des Autors L\u00fcpertz vertont und werden diese in intimer Duoformation pr\u00e4sentieren.<br \/>\nwww.jazzclub-regensburg.de\/<\/p>\n<p><strong>Das OREGON-Quartett spielt Sonderkonzert in Weiden<\/strong><\/p>\n<figure id=\"attachment_5863\" aria-describedby=\"caption-attachment-5863\" style=\"width: 150px\" class=\"wp-caption alignright\"><a href=\"https:\/\/i0.wp.com\/www.jazzzeitung.de\/cms\/wp-content\/uploads\/2015\/04\/1968-Towner02.jpg\"><img data-recalc-dims=\"1\" loading=\"lazy\" decoding=\"async\" data-attachment-id=\"5863\" data-permalink=\"https:\/\/www.jazzzeitung.de\/cms\/2015\/04\/news-markus-luepertz-im-leeren-beutel-regensburg-oregon-quartett-der-max-reger-halle-weiden-nik-baertsch-im-grillo-theater-essen\/1968-towner02\/\" data-orig-file=\"https:\/\/i0.wp.com\/www.jazzzeitung.de\/cms\/wp-content\/uploads\/2015\/04\/1968-Towner02.jpg?fit=2848%2C4488&amp;ssl=1\" data-orig-size=\"2848,4488\" data-comments-opened=\"1\" data-image-meta=\"{&quot;aperture&quot;:&quot;2.8&quot;,&quot;credit&quot;:&quot;&quot;,&quot;camera&quot;:&quot;FinePixS2Pro&quot;,&quot;caption&quot;:&quot;&quot;,&quot;created_timestamp&quot;:&quot;1057345107&quot;,&quot;copyright&quot;:&quot;&quot;,&quot;focal_length&quot;:&quot;200&quot;,&quot;iso&quot;:&quot;400&quot;,&quot;shutter_speed&quot;:&quot;0.011111111111111&quot;,&quot;title&quot;:&quot;&quot;,&quot;orientation&quot;:&quot;1&quot;}\" data-image-title=\"1968 Towner02\" data-image-description=\"\" data-image-caption=\"&lt;p&gt;Ralph Towner Mit Oregon.  Foto: Paolo Soriani\/ECM Records &lt;\/p&gt;\n\" data-large-file=\"https:\/\/i0.wp.com\/www.jazzzeitung.de\/cms\/wp-content\/uploads\/2015\/04\/1968-Towner02.jpg?fit=381%2C600&amp;ssl=1\" class=\"size-thumbnail wp-image-5863\" src=\"https:\/\/i0.wp.com\/www.jazzzeitung.de\/cms\/wp-content\/uploads\/2015\/04\/1968-Towner02-150x150.jpg?resize=150%2C150\" alt=\"Ralph Towner Mit Oregon.  Foto: Paolo Soriani\/ECM Records\" width=\"150\" height=\"150\" srcset=\"https:\/\/i0.wp.com\/www.jazzzeitung.de\/cms\/wp-content\/uploads\/2015\/04\/1968-Towner02.jpg?resize=150%2C150&amp;ssl=1 150w, https:\/\/i0.wp.com\/www.jazzzeitung.de\/cms\/wp-content\/uploads\/2015\/04\/1968-Towner02.jpg?resize=144%2C144&amp;ssl=1 144w, https:\/\/i0.wp.com\/www.jazzzeitung.de\/cms\/wp-content\/uploads\/2015\/04\/1968-Towner02.jpg?resize=96%2C96&amp;ssl=1 96w, https:\/\/i0.wp.com\/www.jazzzeitung.de\/cms\/wp-content\/uploads\/2015\/04\/1968-Towner02.jpg?resize=24%2C24&amp;ssl=1 24w, https:\/\/i0.wp.com\/www.jazzzeitung.de\/cms\/wp-content\/uploads\/2015\/04\/1968-Towner02.jpg?resize=36%2C36&amp;ssl=1 36w, https:\/\/i0.wp.com\/www.jazzzeitung.de\/cms\/wp-content\/uploads\/2015\/04\/1968-Towner02.jpg?resize=48%2C48&amp;ssl=1 48w, https:\/\/i0.wp.com\/www.jazzzeitung.de\/cms\/wp-content\/uploads\/2015\/04\/1968-Towner02.jpg?resize=64%2C64&amp;ssl=1 64w, https:\/\/i0.wp.com\/www.jazzzeitung.de\/cms\/wp-content\/uploads\/2015\/04\/1968-Towner02.jpg?resize=32%2C32&amp;ssl=1 32w, https:\/\/i0.wp.com\/www.jazzzeitung.de\/cms\/wp-content\/uploads\/2015\/04\/1968-Towner02.jpg?resize=128%2C128&amp;ssl=1 128w, https:\/\/i0.wp.com\/www.jazzzeitung.de\/cms\/wp-content\/uploads\/2015\/04\/1968-Towner02.jpg?zoom=2&amp;resize=150%2C150&amp;ssl=1 300w, https:\/\/i0.wp.com\/www.jazzzeitung.de\/cms\/wp-content\/uploads\/2015\/04\/1968-Towner02.jpg?zoom=3&amp;resize=150%2C150&amp;ssl=1 450w\" sizes=\"auto, (max-width: 150px) 100vw, 150px\" \/><\/a><figcaption id=\"caption-attachment-5863\" class=\"wp-caption-text\">Ralph Towner Mit Oregon. Foto: Paolo Soriani\/ECM Records<\/figcaption><\/figure>\n<p>Das OREGON-Quartett von Ralph Towner kommt im Zuge des Jubil\u00e4umsjahres des Jazz-Zirkles am Sonntag den 9. April (19.30 Uhr) in den Gustav-von-Schl\u00f6r Saal der Max-Reger-Halle in Weiden. Seit fast 40 Jahren kreiert die Gruppe OREGON eine einmalige, faszinierende Mischung aus Jazz, klassischen Einfl\u00fcssen und Weltmusik. Oregon war vor vielen Jahren bereits im Trio auf der B\u00fchne des Jazz-Zirkels und Ralph Towner sorgte Jahre sp\u00e4ter auch noch als Sologitarrist f\u00fcr einen grandiosen Abend.<br \/>\nDie Aktiven des Jazz-Zirkels sind stolz darauf, dass es passend zum Jubil\u00e4um gelungen ist, das inzwischen weltweit ber\u00fchmte Quartett mit dem ganz besonderen Schlagzeuger Mark Walker wieder einmal auf die B\u00fchne zu holen.<br \/>\nwww.oregonband.com<\/p>\n<p><strong>Hypnotischer Funk mit Nik B\u00e4rtsch\u2019s RONIN<\/strong><\/p>\n<figure id=\"attachment_5865\" aria-describedby=\"caption-attachment-5865\" style=\"width: 150px\" class=\"wp-caption alignright\"><a href=\"https:\/\/i0.wp.com\/www.jazzzeitung.de\/cms\/wp-content\/uploads\/2015\/04\/NikBaertschsRONIN_pattern_2.jpg\"><img data-recalc-dims=\"1\" loading=\"lazy\" decoding=\"async\" data-attachment-id=\"5865\" data-permalink=\"https:\/\/www.jazzzeitung.de\/cms\/2015\/04\/news-markus-luepertz-im-leeren-beutel-regensburg-oregon-quartett-der-max-reger-halle-weiden-nik-baertsch-im-grillo-theater-essen\/nik-baertschs-ronin\/\" data-orig-file=\"https:\/\/i0.wp.com\/www.jazzzeitung.de\/cms\/wp-content\/uploads\/2015\/04\/NikBaertschsRONIN_pattern_2.jpg?fit=4393%2C6440&amp;ssl=1\" data-orig-size=\"4393,6440\" data-comments-opened=\"1\" data-image-meta=\"{&quot;aperture&quot;:&quot;0&quot;,&quot;credit&quot;:&quot;Martin M\\u00f6ll&quot;,&quot;camera&quot;:&quot;&quot;,&quot;caption&quot;:&quot;Das Quartett Nik B\\u00e4rtsch&#039;s RONIN&quot;,&quot;created_timestamp&quot;:&quot;0&quot;,&quot;copyright&quot;:&quot;&quot;,&quot;focal_length&quot;:&quot;0&quot;,&quot;iso&quot;:&quot;0&quot;,&quot;shutter_speed&quot;:&quot;0&quot;,&quot;title&quot;:&quot;Nik B\\u00e4rtsch&#039;s RONIN&quot;,&quot;orientation&quot;:&quot;1&quot;}\" data-image-title=\"Nik B\u00e4rtsch&amp;#8217;s RONIN\" data-image-description=\"&lt;p&gt;Das Quartett Nik B\u00e4rtsch&amp;#8217;s RONIN&lt;\/p&gt;\n\" data-image-caption=\"&lt;p&gt;Nik B\u00e4rtsch mit seinem Quartett RONIN. Foto:  Martin M\u00f6ll&lt;\/p&gt;\n\" data-large-file=\"https:\/\/i0.wp.com\/www.jazzzeitung.de\/cms\/wp-content\/uploads\/2015\/04\/NikBaertschsRONIN_pattern_2.jpg?fit=409%2C600&amp;ssl=1\" class=\"size-thumbnail wp-image-5865\" src=\"https:\/\/i0.wp.com\/www.jazzzeitung.de\/cms\/wp-content\/uploads\/2015\/04\/NikBaertschsRONIN_pattern_2-150x150.jpg?resize=150%2C150\" alt=\"Nik B\u00e4rtsch mit seinem Quartett RONIN. Foto:  Martin M\u00f6ll\" width=\"150\" height=\"150\" srcset=\"https:\/\/i0.wp.com\/www.jazzzeitung.de\/cms\/wp-content\/uploads\/2015\/04\/NikBaertschsRONIN_pattern_2.jpg?resize=150%2C150&amp;ssl=1 150w, https:\/\/i0.wp.com\/www.jazzzeitung.de\/cms\/wp-content\/uploads\/2015\/04\/NikBaertschsRONIN_pattern_2.jpg?resize=144%2C144&amp;ssl=1 144w, https:\/\/i0.wp.com\/www.jazzzeitung.de\/cms\/wp-content\/uploads\/2015\/04\/NikBaertschsRONIN_pattern_2.jpg?resize=96%2C96&amp;ssl=1 96w, https:\/\/i0.wp.com\/www.jazzzeitung.de\/cms\/wp-content\/uploads\/2015\/04\/NikBaertschsRONIN_pattern_2.jpg?resize=24%2C24&amp;ssl=1 24w, https:\/\/i0.wp.com\/www.jazzzeitung.de\/cms\/wp-content\/uploads\/2015\/04\/NikBaertschsRONIN_pattern_2.jpg?resize=36%2C36&amp;ssl=1 36w, https:\/\/i0.wp.com\/www.jazzzeitung.de\/cms\/wp-content\/uploads\/2015\/04\/NikBaertschsRONIN_pattern_2.jpg?resize=48%2C48&amp;ssl=1 48w, https:\/\/i0.wp.com\/www.jazzzeitung.de\/cms\/wp-content\/uploads\/2015\/04\/NikBaertschsRONIN_pattern_2.jpg?resize=64%2C64&amp;ssl=1 64w, https:\/\/i0.wp.com\/www.jazzzeitung.de\/cms\/wp-content\/uploads\/2015\/04\/NikBaertschsRONIN_pattern_2.jpg?resize=32%2C32&amp;ssl=1 32w, https:\/\/i0.wp.com\/www.jazzzeitung.de\/cms\/wp-content\/uploads\/2015\/04\/NikBaertschsRONIN_pattern_2.jpg?resize=128%2C128&amp;ssl=1 128w, https:\/\/i0.wp.com\/www.jazzzeitung.de\/cms\/wp-content\/uploads\/2015\/04\/NikBaertschsRONIN_pattern_2.jpg?zoom=2&amp;resize=150%2C150&amp;ssl=1 300w, https:\/\/i0.wp.com\/www.jazzzeitung.de\/cms\/wp-content\/uploads\/2015\/04\/NikBaertschsRONIN_pattern_2.jpg?zoom=3&amp;resize=150%2C150&amp;ssl=1 450w\" sizes=\"auto, (max-width: 150px) 100vw, 150px\" \/><\/a><figcaption id=\"caption-attachment-5865\" class=\"wp-caption-text\">Nik B\u00e4rtsch mit seinem Quartett RONIN. Foto: Martin M\u00f6ll<\/figcaption><\/figure>\n<p>Zum Abschluss der \u201eJazz in Essen\u201c-Saison im Grillo-Theater pr\u00e4sentiert der Pianist Nik B\u00e4rtsch mit seinem 2001 gegr\u00fcndeten Quartett RONIN am Samstag, dem 16. Mai (20 Uhr), \u201eZen Funk\u201c und \u201eRitual Groove Music\u201c.<br \/>\nFern\u00f6stliche Bez\u00fcge bei der Charakterisierung dieser Musik sind nicht zuf\u00e4llig, sondern von den Machern gewollt und werden von den Medien oft auch dankbar aufgegriffen. Schlie\u00dflich war ein Ronin ein herrenloser Samurai im alten Japan, kein Gefolgsmann, sondern ein freier Krieger.<br \/>\nDer Schweizer Pianist und Komponist Nik B\u00e4rtsch folgt dabei der \u00c4sthetik, mit minimalen Mitteln maximale Wirkung zu erzielen. Seine St\u00fccke nennt er \u201eModule\u201c und versieht sie mit Nummern. Obwohl sie zumeist genau auskomponiert sind, ist live nicht auszumachen, was komponiert, was improvisiert ist.<br \/>\nNeben Nik B\u00e4rtsch (Klavier, Rhodes) spielen Sha (Alt-Saxophon, Bass-Klarinette), Thomy Jordi (Bass) und Kaspar Rast (Schlagzeug).<br \/>\nwww.schauspiel-essen.de<\/p>\n","protected":false},"excerpt":{"rendered":"<p>Markus L\u00fcpertz und TTT zu Gast in Regensburgs Leerem Beutel Am Montag den 06. April (20 Uhr) veranstaltet der Jazzclub Regensburg im Leeren Beutel ein Konzert des deutschen Malers, Autors und Jazzmusikers Markus L\u00fcpertz. Das Jazzensemble TTT ist die Farbpalette, die MARKUS L\u00dcPERTZ zur Verf\u00fcgung steht, und deren M\u00f6glichkeiten an Schattierung und Tongebung kostet er lustvoll aus. Die B\u00fchne ist die Leinwand f\u00fcr ein Gem\u00e4lde voller Kraft, Widerspr\u00fcche, Dissonanzen, selten Stille und Wohlklang, immer aber Energie und Spannung, Experiment und Ausdruck. TTT ist mit international erfahrenen Jazzmusikern besetzt: Ryan Carniaux (tr), Manfred Schoof (tr), Gerd Dudek (sax), Wolfgang Lackerschmid (vib), Frank Wollny (b) und Guido May (dr). Vom Klavier aus leitet, inspiriert oder st\u00f6rt Markus L\u00fcpertz das Geschehen auf der B\u00fchne: kontrolliertes Chaos, aufw\u00fchlende Expressivit\u00e4t und fesselnde Hingabe. Stefanie Schlesinger (voc) und Wolfgang Lackerschmid (vib) werden au\u00dferdem an diesem Abend einen Ausschnitt aus ihrem Programm \u201eHerzschmerz\u201c vorstellen: Die beiden haben Gedichte und Texte des Autors L\u00fcpertz vertont und werden diese in intimer Duoformation pr\u00e4sentieren. www.jazzclub-regensburg.de\/ Das OREGON-Quartett spielt Sonderkonzert in Weiden Das OREGON-Quartett von Ralph Towner kommt im Zuge des Jubil\u00e4umsjahres des Jazz-Zirkles am Sonntag &hellip;<\/p>\n","protected":false},"author":18,"featured_media":5864,"comment_status":"open","ping_status":"closed","sticky":false,"template":"","format":"standard","meta":{"_jetpack_memberships_contains_paid_content":false,"footnotes":"","jetpack_publicize_message":"","jetpack_publicize_feature_enabled":true,"jetpack_social_post_already_shared":false,"jetpack_social_options":{"image_generator_settings":{"template":"highway","default_image_id":0,"font":"","enabled":false},"version":2}},"categories":[633],"tags":[158,691,214,251,271,737,10,322,373,1797],"coauthors":[695],"class_list":["post-5862","post","type-post","status-publish","format-standard","has-post-thumbnail","hentry","category-nachrichten","tag-ecm","tag-essen","tag-halle","tag-japan","tag-jazzclub","tag-jazzclub-regensburg","tag-jubilaeum","tag-konzert-2","tag-manfred-schoof","tag-regensburg"],"yoast_head":"<!-- This site is optimized with the Yoast SEO plugin v27.4 - https:\/\/yoast.com\/product\/yoast-seo-wordpress\/ -->\n<title>News: Markus L\u00fcpertz im Leeren Beutel in Regensburg +++ OREGON-Quartett in der Max-Reger-Halle in Weiden +++ Nik B\u00e4rtsch im Grillo-Theater in Essen - JazzZeitung<\/title>\n<meta name=\"robots\" content=\"index, follow, max-snippet:-1, max-image-preview:large, max-video-preview:-1\" \/>\n<link rel=\"canonical\" href=\"https:\/\/www.jazzzeitung.de\/cms\/2015\/04\/news-markus-luepertz-im-leeren-beutel-regensburg-oregon-quartett-der-max-reger-halle-weiden-nik-baertsch-im-grillo-theater-essen\/\" \/>\n<meta property=\"og:locale\" content=\"de_DE\" \/>\n<meta property=\"og:type\" content=\"article\" \/>\n<meta property=\"og:title\" content=\"News: Markus L\u00fcpertz im Leeren Beutel in Regensburg +++ OREGON-Quartett in der Max-Reger-Halle in Weiden +++ Nik B\u00e4rtsch im Grillo-Theater in Essen - JazzZeitung\" \/>\n<meta property=\"og:description\" content=\"Markus L\u00fcpertz und TTT zu Gast in Regensburgs Leerem Beutel Am Montag den 06. April (20 Uhr) veranstaltet der Jazzclub Regensburg im Leeren Beutel ein Konzert des deutschen Malers, Autors und Jazzmusikers Markus L\u00fcpertz. Das Jazzensemble TTT ist die Farbpalette, die MARKUS L\u00dcPERTZ zur Verf\u00fcgung steht, und deren M\u00f6glichkeiten an Schattierung und Tongebung kostet er lustvoll aus. Die B\u00fchne ist die Leinwand f\u00fcr ein Gem\u00e4lde voller Kraft, Widerspr\u00fcche, Dissonanzen, selten Stille und Wohlklang, immer aber Energie und Spannung, Experiment und Ausdruck. TTT ist mit international erfahrenen Jazzmusikern besetzt: Ryan Carniaux (tr), Manfred Schoof (tr), Gerd Dudek (sax), Wolfgang Lackerschmid (vib), Frank Wollny (b) und Guido May (dr). Vom Klavier aus leitet, inspiriert oder st\u00f6rt Markus L\u00fcpertz das Geschehen auf der B\u00fchne: kontrolliertes Chaos, aufw\u00fchlende Expressivit\u00e4t und fesselnde Hingabe. Stefanie Schlesinger (voc) und Wolfgang Lackerschmid (vib) werden au\u00dferdem an diesem Abend einen Ausschnitt aus ihrem Programm \u201eHerzschmerz\u201c vorstellen: Die beiden haben Gedichte und Texte des Autors L\u00fcpertz vertont und werden diese in intimer Duoformation pr\u00e4sentieren. www.jazzclub-regensburg.de\/ Das OREGON-Quartett spielt Sonderkonzert in Weiden Das OREGON-Quartett von Ralph Towner kommt im Zuge des Jubil\u00e4umsjahres des Jazz-Zirkles am Sonntag &hellip;\" \/>\n<meta property=\"og:url\" content=\"https:\/\/www.jazzzeitung.de\/cms\/2015\/04\/news-markus-luepertz-im-leeren-beutel-regensburg-oregon-quartett-der-max-reger-halle-weiden-nik-baertsch-im-grillo-theater-essen\/\" \/>\n<meta property=\"og:site_name\" content=\"JazzZeitung\" \/>\n<meta property=\"article:publisher\" content=\"https:\/\/www.facebook.com\/JazzZeitung\/\" \/>\n<meta property=\"article:published_time\" content=\"2015-04-03T12:00:22+00:00\" \/>\n<meta property=\"og:image\" content=\"https:\/\/i0.wp.com\/www.jazzzeitung.de\/cms\/wp-content\/uploads\/2015\/04\/jc-20150406-L\u00fcpertz-2-\u00a9-Thorsten-Wulff.jpg?fit=1500%2C2254&ssl=1\" \/>\n\t<meta property=\"og:image:width\" content=\"1500\" \/>\n\t<meta property=\"og:image:height\" content=\"2254\" \/>\n\t<meta property=\"og:image:type\" content=\"image\/jpeg\" \/>\n<meta name=\"author\" content=\"Redaktion JazzZeitung\" \/>\n<script type=\"application\/ld+json\" class=\"yoast-schema-graph\">{\"@context\":\"https:\\\/\\\/schema.org\",\"@graph\":[{\"@type\":\"Article\",\"@id\":\"https:\\\/\\\/www.jazzzeitung.de\\\/cms\\\/2015\\\/04\\\/news-markus-luepertz-im-leeren-beutel-regensburg-oregon-quartett-der-max-reger-halle-weiden-nik-baertsch-im-grillo-theater-essen\\\/#article\",\"isPartOf\":{\"@id\":\"https:\\\/\\\/www.jazzzeitung.de\\\/cms\\\/2015\\\/04\\\/news-markus-luepertz-im-leeren-beutel-regensburg-oregon-quartett-der-max-reger-halle-weiden-nik-baertsch-im-grillo-theater-essen\\\/\"},\"author\":{\"name\":\"Redaktion JazzZeitung\",\"@id\":\"https:\\\/\\\/www.jazzzeitung.de\\\/cms\\\/#\\\/schema\\\/person\\\/2245b36b9cd1d24cea10f01c031fb92b\"},\"headline\":\"News: Markus L\u00fcpertz im Leeren Beutel in Regensburg +++ OREGON-Quartett in der Max-Reger-Halle in Weiden +++ Nik B\u00e4rtsch im Grillo-Theater in Essen\",\"datePublished\":\"2015-04-03T12:00:22+00:00\",\"mainEntityOfPage\":{\"@id\":\"https:\\\/\\\/www.jazzzeitung.de\\\/cms\\\/2015\\\/04\\\/news-markus-luepertz-im-leeren-beutel-regensburg-oregon-quartett-der-max-reger-halle-weiden-nik-baertsch-im-grillo-theater-essen\\\/\"},\"wordCount\":525,\"commentCount\":0,\"publisher\":{\"@id\":\"https:\\\/\\\/www.jazzzeitung.de\\\/cms\\\/#organization\"},\"image\":{\"@id\":\"https:\\\/\\\/www.jazzzeitung.de\\\/cms\\\/2015\\\/04\\\/news-markus-luepertz-im-leeren-beutel-regensburg-oregon-quartett-der-max-reger-halle-weiden-nik-baertsch-im-grillo-theater-essen\\\/#primaryimage\"},\"thumbnailUrl\":\"https:\\\/\\\/i0.wp.com\\\/www.jazzzeitung.de\\\/cms\\\/wp-content\\\/uploads\\\/2015\\\/04\\\/jc-20150406-L%C3%BCpertz-2-%C2%A9-Thorsten-Wulff.jpg?fit=1500%2C2254&ssl=1\",\"keywords\":[\"ECM\",\"Essen\",\"Halle\",\"Japan\",\"Jazzclub\",\"Jazzclub Regensburg\",\"Jubil\u00e4um\",\"Konzert\",\"Manfred Schoof\",\"Regensburg\"],\"articleSection\":[\"News\"],\"inLanguage\":\"de\",\"potentialAction\":[{\"@type\":\"CommentAction\",\"name\":\"Comment\",\"target\":[\"https:\\\/\\\/www.jazzzeitung.de\\\/cms\\\/2015\\\/04\\\/news-markus-luepertz-im-leeren-beutel-regensburg-oregon-quartett-der-max-reger-halle-weiden-nik-baertsch-im-grillo-theater-essen\\\/#respond\"]}]},{\"@type\":\"WebPage\",\"@id\":\"https:\\\/\\\/www.jazzzeitung.de\\\/cms\\\/2015\\\/04\\\/news-markus-luepertz-im-leeren-beutel-regensburg-oregon-quartett-der-max-reger-halle-weiden-nik-baertsch-im-grillo-theater-essen\\\/\",\"url\":\"https:\\\/\\\/www.jazzzeitung.de\\\/cms\\\/2015\\\/04\\\/news-markus-luepertz-im-leeren-beutel-regensburg-oregon-quartett-der-max-reger-halle-weiden-nik-baertsch-im-grillo-theater-essen\\\/\",\"name\":\"News: Markus L\u00fcpertz im Leeren Beutel in Regensburg +++ OREGON-Quartett in der Max-Reger-Halle in Weiden +++ Nik B\u00e4rtsch im Grillo-Theater in Essen - JazzZeitung\",\"isPartOf\":{\"@id\":\"https:\\\/\\\/www.jazzzeitung.de\\\/cms\\\/#website\"},\"primaryImageOfPage\":{\"@id\":\"https:\\\/\\\/www.jazzzeitung.de\\\/cms\\\/2015\\\/04\\\/news-markus-luepertz-im-leeren-beutel-regensburg-oregon-quartett-der-max-reger-halle-weiden-nik-baertsch-im-grillo-theater-essen\\\/#primaryimage\"},\"image\":{\"@id\":\"https:\\\/\\\/www.jazzzeitung.de\\\/cms\\\/2015\\\/04\\\/news-markus-luepertz-im-leeren-beutel-regensburg-oregon-quartett-der-max-reger-halle-weiden-nik-baertsch-im-grillo-theater-essen\\\/#primaryimage\"},\"thumbnailUrl\":\"https:\\\/\\\/i0.wp.com\\\/www.jazzzeitung.de\\\/cms\\\/wp-content\\\/uploads\\\/2015\\\/04\\\/jc-20150406-L%C3%BCpertz-2-%C2%A9-Thorsten-Wulff.jpg?fit=1500%2C2254&ssl=1\",\"datePublished\":\"2015-04-03T12:00:22+00:00\",\"breadcrumb\":{\"@id\":\"https:\\\/\\\/www.jazzzeitung.de\\\/cms\\\/2015\\\/04\\\/news-markus-luepertz-im-leeren-beutel-regensburg-oregon-quartett-der-max-reger-halle-weiden-nik-baertsch-im-grillo-theater-essen\\\/#breadcrumb\"},\"inLanguage\":\"de\",\"potentialAction\":[{\"@type\":\"ReadAction\",\"target\":[\"https:\\\/\\\/www.jazzzeitung.de\\\/cms\\\/2015\\\/04\\\/news-markus-luepertz-im-leeren-beutel-regensburg-oregon-quartett-der-max-reger-halle-weiden-nik-baertsch-im-grillo-theater-essen\\\/\"]}]},{\"@type\":\"ImageObject\",\"inLanguage\":\"de\",\"@id\":\"https:\\\/\\\/www.jazzzeitung.de\\\/cms\\\/2015\\\/04\\\/news-markus-luepertz-im-leeren-beutel-regensburg-oregon-quartett-der-max-reger-halle-weiden-nik-baertsch-im-grillo-theater-essen\\\/#primaryimage\",\"url\":\"https:\\\/\\\/i0.wp.com\\\/www.jazzzeitung.de\\\/cms\\\/wp-content\\\/uploads\\\/2015\\\/04\\\/jc-20150406-L%C3%BCpertz-2-%C2%A9-Thorsten-Wulff.jpg?fit=1500%2C2254&ssl=1\",\"contentUrl\":\"https:\\\/\\\/i0.wp.com\\\/www.jazzzeitung.de\\\/cms\\\/wp-content\\\/uploads\\\/2015\\\/04\\\/jc-20150406-L%C3%BCpertz-2-%C2%A9-Thorsten-Wulff.jpg?fit=1500%2C2254&ssl=1\",\"width\":1500,\"height\":2254,\"caption\":\"Malerf\u00fcrst Markus L\u00fcpertz als Bandleader. Foto: Thorsten Wulff\"},{\"@type\":\"BreadcrumbList\",\"@id\":\"https:\\\/\\\/www.jazzzeitung.de\\\/cms\\\/2015\\\/04\\\/news-markus-luepertz-im-leeren-beutel-regensburg-oregon-quartett-der-max-reger-halle-weiden-nik-baertsch-im-grillo-theater-essen\\\/#breadcrumb\",\"itemListElement\":[{\"@type\":\"ListItem\",\"position\":1,\"name\":\"Startseite\",\"item\":\"https:\\\/\\\/www.jazzzeitung.de\\\/cms\\\/\"},{\"@type\":\"ListItem\",\"position\":2,\"name\":\"News: Markus L\u00fcpertz im Leeren Beutel in Regensburg +++ OREGON-Quartett in der Max-Reger-Halle in Weiden +++ Nik B\u00e4rtsch im Grillo-Theater in Essen\"}]},{\"@type\":\"WebSite\",\"@id\":\"https:\\\/\\\/www.jazzzeitung.de\\\/cms\\\/#website\",\"url\":\"https:\\\/\\\/www.jazzzeitung.de\\\/cms\\\/\",\"name\":\"JazzZeitung\",\"description\":\"Jazz-News und Jazz-Kontroverses\",\"publisher\":{\"@id\":\"https:\\\/\\\/www.jazzzeitung.de\\\/cms\\\/#organization\"},\"potentialAction\":[{\"@type\":\"SearchAction\",\"target\":{\"@type\":\"EntryPoint\",\"urlTemplate\":\"https:\\\/\\\/www.jazzzeitung.de\\\/cms\\\/?s={search_term_string}\"},\"query-input\":{\"@type\":\"PropertyValueSpecification\",\"valueRequired\":true,\"valueName\":\"search_term_string\"}}],\"inLanguage\":\"de\"},{\"@type\":\"Organization\",\"@id\":\"https:\\\/\\\/www.jazzzeitung.de\\\/cms\\\/#organization\",\"name\":\"JazzZeitung online\",\"url\":\"https:\\\/\\\/www.jazzzeitung.de\\\/cms\\\/\",\"logo\":{\"@type\":\"ImageObject\",\"inLanguage\":\"de\",\"@id\":\"https:\\\/\\\/www.jazzzeitung.de\\\/cms\\\/#\\\/schema\\\/logo\\\/image\\\/\",\"url\":\"https:\\\/\\\/i0.wp.com\\\/www.jazzzeitung.de\\\/cms\\\/wp-content\\\/uploads\\\/2015\\\/08\\\/JAZZZEITUNGDE_Logo_Neu.png?fit=499%2C200&ssl=1\",\"contentUrl\":\"https:\\\/\\\/i0.wp.com\\\/www.jazzzeitung.de\\\/cms\\\/wp-content\\\/uploads\\\/2015\\\/08\\\/JAZZZEITUNGDE_Logo_Neu.png?fit=499%2C200&ssl=1\",\"width\":499,\"height\":200,\"caption\":\"JazzZeitung online\"},\"image\":{\"@id\":\"https:\\\/\\\/www.jazzzeitung.de\\\/cms\\\/#\\\/schema\\\/logo\\\/image\\\/\"},\"sameAs\":[\"https:\\\/\\\/www.facebook.com\\\/JazzZeitung\\\/\"]},{\"@type\":\"Person\",\"@id\":\"https:\\\/\\\/www.jazzzeitung.de\\\/cms\\\/#\\\/schema\\\/person\\\/2245b36b9cd1d24cea10f01c031fb92b\",\"name\":\"Redaktion JazzZeitung\",\"image\":{\"@type\":\"ImageObject\",\"inLanguage\":\"de\",\"@id\":\"https:\\\/\\\/i0.wp.com\\\/www.jazzzeitung.de\\\/cms\\\/wp-content\\\/uploads\\\/2015\\\/08\\\/JAZZZEITUNGDE_Logo_Neu.png?resize=96%2C96&ssl=159975dcacb611b5700bd619b5daf0a7a\",\"url\":\"https:\\\/\\\/i0.wp.com\\\/www.jazzzeitung.de\\\/cms\\\/wp-content\\\/uploads\\\/2015\\\/08\\\/JAZZZEITUNGDE_Logo_Neu.png?resize=96%2C96&ssl=1\",\"contentUrl\":\"https:\\\/\\\/i0.wp.com\\\/www.jazzzeitung.de\\\/cms\\\/wp-content\\\/uploads\\\/2015\\\/08\\\/JAZZZEITUNGDE_Logo_Neu.png?resize=96%2C96&ssl=1\",\"caption\":\"Redaktion JazzZeitung\"},\"description\":\"Artikel der Redaktion der JazzZeitung.\",\"sameAs\":[\"http:\\\/\\\/www.jazzzeitung.de\\\/cms\\\/\"],\"url\":\"https:\\\/\\\/www.jazzzeitung.de\\\/cms\\\/author\\\/redaktion\\\/\"}]}<\/script>\n<!-- \/ Yoast SEO plugin. -->","yoast_head_json":{"title":"News: Markus L\u00fcpertz im Leeren Beutel in Regensburg +++ OREGON-Quartett in der Max-Reger-Halle in Weiden +++ Nik B\u00e4rtsch im Grillo-Theater in Essen - JazzZeitung","robots":{"index":"index","follow":"follow","max-snippet":"max-snippet:-1","max-image-preview":"max-image-preview:large","max-video-preview":"max-video-preview:-1"},"canonical":"https:\/\/www.jazzzeitung.de\/cms\/2015\/04\/news-markus-luepertz-im-leeren-beutel-regensburg-oregon-quartett-der-max-reger-halle-weiden-nik-baertsch-im-grillo-theater-essen\/","og_locale":"de_DE","og_type":"article","og_title":"News: Markus L\u00fcpertz im Leeren Beutel in Regensburg +++ OREGON-Quartett in der Max-Reger-Halle in Weiden +++ Nik B\u00e4rtsch im Grillo-Theater in Essen - JazzZeitung","og_description":"Markus L\u00fcpertz und TTT zu Gast in Regensburgs Leerem Beutel Am Montag den 06. April (20 Uhr) veranstaltet der Jazzclub Regensburg im Leeren Beutel ein Konzert des deutschen Malers, Autors und Jazzmusikers Markus L\u00fcpertz. Das Jazzensemble TTT ist die Farbpalette, die MARKUS L\u00dcPERTZ zur Verf\u00fcgung steht, und deren M\u00f6glichkeiten an Schattierung und Tongebung kostet er lustvoll aus. Die B\u00fchne ist die Leinwand f\u00fcr ein Gem\u00e4lde voller Kraft, Widerspr\u00fcche, Dissonanzen, selten Stille und Wohlklang, immer aber Energie und Spannung, Experiment und Ausdruck. TTT ist mit international erfahrenen Jazzmusikern besetzt: Ryan Carniaux (tr), Manfred Schoof (tr), Gerd Dudek (sax), Wolfgang Lackerschmid (vib), Frank Wollny (b) und Guido May (dr). Vom Klavier aus leitet, inspiriert oder st\u00f6rt Markus L\u00fcpertz das Geschehen auf der B\u00fchne: kontrolliertes Chaos, aufw\u00fchlende Expressivit\u00e4t und fesselnde Hingabe. Stefanie Schlesinger (voc) und Wolfgang Lackerschmid (vib) werden au\u00dferdem an diesem Abend einen Ausschnitt aus ihrem Programm \u201eHerzschmerz\u201c vorstellen: Die beiden haben Gedichte und Texte des Autors L\u00fcpertz vertont und werden diese in intimer Duoformation pr\u00e4sentieren. www.jazzclub-regensburg.de\/ Das OREGON-Quartett spielt Sonderkonzert in Weiden Das OREGON-Quartett von Ralph Towner kommt im Zuge des Jubil\u00e4umsjahres des Jazz-Zirkles am Sonntag &hellip;","og_url":"https:\/\/www.jazzzeitung.de\/cms\/2015\/04\/news-markus-luepertz-im-leeren-beutel-regensburg-oregon-quartett-der-max-reger-halle-weiden-nik-baertsch-im-grillo-theater-essen\/","og_site_name":"JazzZeitung","article_publisher":"https:\/\/www.facebook.com\/JazzZeitung\/","article_published_time":"2015-04-03T12:00:22+00:00","og_image":[{"width":1500,"height":2254,"url":"https:\/\/i0.wp.com\/www.jazzzeitung.de\/cms\/wp-content\/uploads\/2015\/04\/jc-20150406-L\u00fcpertz-2-\u00a9-Thorsten-Wulff.jpg?fit=1500%2C2254&ssl=1","type":"image\/jpeg"}],"author":"Redaktion JazzZeitung","schema":{"@context":"https:\/\/schema.org","@graph":[{"@type":"Article","@id":"https:\/\/www.jazzzeitung.de\/cms\/2015\/04\/news-markus-luepertz-im-leeren-beutel-regensburg-oregon-quartett-der-max-reger-halle-weiden-nik-baertsch-im-grillo-theater-essen\/#article","isPartOf":{"@id":"https:\/\/www.jazzzeitung.de\/cms\/2015\/04\/news-markus-luepertz-im-leeren-beutel-regensburg-oregon-quartett-der-max-reger-halle-weiden-nik-baertsch-im-grillo-theater-essen\/"},"author":{"name":"Redaktion JazzZeitung","@id":"https:\/\/www.jazzzeitung.de\/cms\/#\/schema\/person\/2245b36b9cd1d24cea10f01c031fb92b"},"headline":"News: Markus L\u00fcpertz im Leeren Beutel in Regensburg +++ OREGON-Quartett in der Max-Reger-Halle in Weiden +++ Nik B\u00e4rtsch im Grillo-Theater in Essen","datePublished":"2015-04-03T12:00:22+00:00","mainEntityOfPage":{"@id":"https:\/\/www.jazzzeitung.de\/cms\/2015\/04\/news-markus-luepertz-im-leeren-beutel-regensburg-oregon-quartett-der-max-reger-halle-weiden-nik-baertsch-im-grillo-theater-essen\/"},"wordCount":525,"commentCount":0,"publisher":{"@id":"https:\/\/www.jazzzeitung.de\/cms\/#organization"},"image":{"@id":"https:\/\/www.jazzzeitung.de\/cms\/2015\/04\/news-markus-luepertz-im-leeren-beutel-regensburg-oregon-quartett-der-max-reger-halle-weiden-nik-baertsch-im-grillo-theater-essen\/#primaryimage"},"thumbnailUrl":"https:\/\/i0.wp.com\/www.jazzzeitung.de\/cms\/wp-content\/uploads\/2015\/04\/jc-20150406-L%C3%BCpertz-2-%C2%A9-Thorsten-Wulff.jpg?fit=1500%2C2254&ssl=1","keywords":["ECM","Essen","Halle","Japan","Jazzclub","Jazzclub Regensburg","Jubil\u00e4um","Konzert","Manfred Schoof","Regensburg"],"articleSection":["News"],"inLanguage":"de","potentialAction":[{"@type":"CommentAction","name":"Comment","target":["https:\/\/www.jazzzeitung.de\/cms\/2015\/04\/news-markus-luepertz-im-leeren-beutel-regensburg-oregon-quartett-der-max-reger-halle-weiden-nik-baertsch-im-grillo-theater-essen\/#respond"]}]},{"@type":"WebPage","@id":"https:\/\/www.jazzzeitung.de\/cms\/2015\/04\/news-markus-luepertz-im-leeren-beutel-regensburg-oregon-quartett-der-max-reger-halle-weiden-nik-baertsch-im-grillo-theater-essen\/","url":"https:\/\/www.jazzzeitung.de\/cms\/2015\/04\/news-markus-luepertz-im-leeren-beutel-regensburg-oregon-quartett-der-max-reger-halle-weiden-nik-baertsch-im-grillo-theater-essen\/","name":"News: Markus L\u00fcpertz im Leeren Beutel in Regensburg +++ OREGON-Quartett in der Max-Reger-Halle in Weiden +++ Nik B\u00e4rtsch im Grillo-Theater in Essen - JazzZeitung","isPartOf":{"@id":"https:\/\/www.jazzzeitung.de\/cms\/#website"},"primaryImageOfPage":{"@id":"https:\/\/www.jazzzeitung.de\/cms\/2015\/04\/news-markus-luepertz-im-leeren-beutel-regensburg-oregon-quartett-der-max-reger-halle-weiden-nik-baertsch-im-grillo-theater-essen\/#primaryimage"},"image":{"@id":"https:\/\/www.jazzzeitung.de\/cms\/2015\/04\/news-markus-luepertz-im-leeren-beutel-regensburg-oregon-quartett-der-max-reger-halle-weiden-nik-baertsch-im-grillo-theater-essen\/#primaryimage"},"thumbnailUrl":"https:\/\/i0.wp.com\/www.jazzzeitung.de\/cms\/wp-content\/uploads\/2015\/04\/jc-20150406-L%C3%BCpertz-2-%C2%A9-Thorsten-Wulff.jpg?fit=1500%2C2254&ssl=1","datePublished":"2015-04-03T12:00:22+00:00","breadcrumb":{"@id":"https:\/\/www.jazzzeitung.de\/cms\/2015\/04\/news-markus-luepertz-im-leeren-beutel-regensburg-oregon-quartett-der-max-reger-halle-weiden-nik-baertsch-im-grillo-theater-essen\/#breadcrumb"},"inLanguage":"de","potentialAction":[{"@type":"ReadAction","target":["https:\/\/www.jazzzeitung.de\/cms\/2015\/04\/news-markus-luepertz-im-leeren-beutel-regensburg-oregon-quartett-der-max-reger-halle-weiden-nik-baertsch-im-grillo-theater-essen\/"]}]},{"@type":"ImageObject","inLanguage":"de","@id":"https:\/\/www.jazzzeitung.de\/cms\/2015\/04\/news-markus-luepertz-im-leeren-beutel-regensburg-oregon-quartett-der-max-reger-halle-weiden-nik-baertsch-im-grillo-theater-essen\/#primaryimage","url":"https:\/\/i0.wp.com\/www.jazzzeitung.de\/cms\/wp-content\/uploads\/2015\/04\/jc-20150406-L%C3%BCpertz-2-%C2%A9-Thorsten-Wulff.jpg?fit=1500%2C2254&ssl=1","contentUrl":"https:\/\/i0.wp.com\/www.jazzzeitung.de\/cms\/wp-content\/uploads\/2015\/04\/jc-20150406-L%C3%BCpertz-2-%C2%A9-Thorsten-Wulff.jpg?fit=1500%2C2254&ssl=1","width":1500,"height":2254,"caption":"Malerf\u00fcrst Markus L\u00fcpertz als Bandleader. Foto: Thorsten Wulff"},{"@type":"BreadcrumbList","@id":"https:\/\/www.jazzzeitung.de\/cms\/2015\/04\/news-markus-luepertz-im-leeren-beutel-regensburg-oregon-quartett-der-max-reger-halle-weiden-nik-baertsch-im-grillo-theater-essen\/#breadcrumb","itemListElement":[{"@type":"ListItem","position":1,"name":"Startseite","item":"https:\/\/www.jazzzeitung.de\/cms\/"},{"@type":"ListItem","position":2,"name":"News: Markus L\u00fcpertz im Leeren Beutel in Regensburg +++ OREGON-Quartett in der Max-Reger-Halle in Weiden +++ Nik B\u00e4rtsch im Grillo-Theater in Essen"}]},{"@type":"WebSite","@id":"https:\/\/www.jazzzeitung.de\/cms\/#website","url":"https:\/\/www.jazzzeitung.de\/cms\/","name":"JazzZeitung","description":"Jazz-News und Jazz-Kontroverses","publisher":{"@id":"https:\/\/www.jazzzeitung.de\/cms\/#organization"},"potentialAction":[{"@type":"SearchAction","target":{"@type":"EntryPoint","urlTemplate":"https:\/\/www.jazzzeitung.de\/cms\/?s={search_term_string}"},"query-input":{"@type":"PropertyValueSpecification","valueRequired":true,"valueName":"search_term_string"}}],"inLanguage":"de"},{"@type":"Organization","@id":"https:\/\/www.jazzzeitung.de\/cms\/#organization","name":"JazzZeitung online","url":"https:\/\/www.jazzzeitung.de\/cms\/","logo":{"@type":"ImageObject","inLanguage":"de","@id":"https:\/\/www.jazzzeitung.de\/cms\/#\/schema\/logo\/image\/","url":"https:\/\/i0.wp.com\/www.jazzzeitung.de\/cms\/wp-content\/uploads\/2015\/08\/JAZZZEITUNGDE_Logo_Neu.png?fit=499%2C200&ssl=1","contentUrl":"https:\/\/i0.wp.com\/www.jazzzeitung.de\/cms\/wp-content\/uploads\/2015\/08\/JAZZZEITUNGDE_Logo_Neu.png?fit=499%2C200&ssl=1","width":499,"height":200,"caption":"JazzZeitung online"},"image":{"@id":"https:\/\/www.jazzzeitung.de\/cms\/#\/schema\/logo\/image\/"},"sameAs":["https:\/\/www.facebook.com\/JazzZeitung\/"]},{"@type":"Person","@id":"https:\/\/www.jazzzeitung.de\/cms\/#\/schema\/person\/2245b36b9cd1d24cea10f01c031fb92b","name":"Redaktion JazzZeitung","image":{"@type":"ImageObject","inLanguage":"de","@id":"https:\/\/i0.wp.com\/www.jazzzeitung.de\/cms\/wp-content\/uploads\/2015\/08\/JAZZZEITUNGDE_Logo_Neu.png?resize=96%2C96&ssl=159975dcacb611b5700bd619b5daf0a7a","url":"https:\/\/i0.wp.com\/www.jazzzeitung.de\/cms\/wp-content\/uploads\/2015\/08\/JAZZZEITUNGDE_Logo_Neu.png?resize=96%2C96&ssl=1","contentUrl":"https:\/\/i0.wp.com\/www.jazzzeitung.de\/cms\/wp-content\/uploads\/2015\/08\/JAZZZEITUNGDE_Logo_Neu.png?resize=96%2C96&ssl=1","caption":"Redaktion JazzZeitung"},"description":"Artikel der Redaktion der JazzZeitung.","sameAs":["http:\/\/www.jazzzeitung.de\/cms\/"],"url":"https:\/\/www.jazzzeitung.de\/cms\/author\/redaktion\/"}]}},"wp-worthy-pixel":{"ignored":false,"public":null,"server":null,"url":null},"wp-worthy-type":"normal","jetpack_publicize_connections":[],"cc_featured_image_caption":{"caption_text":false,"source_text":false,"source_url":false},"jetpack_featured_media_url":"https:\/\/i0.wp.com\/www.jazzzeitung.de\/cms\/wp-content\/uploads\/2015\/04\/jc-20150406-L%C3%BCpertz-2-%C2%A9-Thorsten-Wulff.jpg?fit=1500%2C2254&ssl=1","jetpack_shortlink":"https:\/\/wp.me\/p3KEcT-1wy","jetpack-related-posts":[{"id":29211,"url":"https:\/\/www.jazzzeitung.de\/cms\/2023\/03\/news-regensburg-huerth-ljjo-baden-wuerttemberg\/","url_meta":{"origin":5862,"position":0},"title":"News: +++ Regensburg +++ H\u00fcrth +++ LJJO Baden-W\u00fcrttemberg +++","author":"Redaktion JazzZeitung","date":"14. M\u00e4rz 2023","format":false,"excerpt":"+++ Highlight-April im Regensburger Jazzclub +++ Neben dem allmonatlichen Jazz-Brunch im Degginger (diesen Monat Yankee Meier Organ Trio, Sonntag 23. April 2023) und der Session im Leeren Beutel (Sessionleiter: Danube in Blue, 3. April 2023), veranstaltet der Regensburger Jazzclub wiederholt hochkar\u00e4tige Konzerte im Leeren Beutel und im Caf\u00e9 Degginger. Das\u2026","rel":"","context":"In &quot;News&quot;","block_context":{"text":"News","link":"https:\/\/www.jazzzeitung.de\/cms\/thema\/nachrichten\/"},"img":{"alt_text":"","src":"https:\/\/i0.wp.com\/www.jazzzeitung.de\/cms\/wp-content\/uploads\/2023\/03\/jc-20230404-Tobias-Meinhart-The-Painter%C2%A9-Mariana-Meraz_Jazzclub-Regensburg.jpg?fit=1200%2C801&ssl=1&resize=350%2C200","width":350,"height":200,"srcset":"https:\/\/i0.wp.com\/www.jazzzeitung.de\/cms\/wp-content\/uploads\/2023\/03\/jc-20230404-Tobias-Meinhart-The-Painter%C2%A9-Mariana-Meraz_Jazzclub-Regensburg.jpg?fit=1200%2C801&ssl=1&resize=350%2C200 1x, https:\/\/i0.wp.com\/www.jazzzeitung.de\/cms\/wp-content\/uploads\/2023\/03\/jc-20230404-Tobias-Meinhart-The-Painter%C2%A9-Mariana-Meraz_Jazzclub-Regensburg.jpg?fit=1200%2C801&ssl=1&resize=525%2C300 1.5x, https:\/\/i0.wp.com\/www.jazzzeitung.de\/cms\/wp-content\/uploads\/2023\/03\/jc-20230404-Tobias-Meinhart-The-Painter%C2%A9-Mariana-Meraz_Jazzclub-Regensburg.jpg?fit=1200%2C801&ssl=1&resize=700%2C400 2x, https:\/\/i0.wp.com\/www.jazzzeitung.de\/cms\/wp-content\/uploads\/2023\/03\/jc-20230404-Tobias-Meinhart-The-Painter%C2%A9-Mariana-Meraz_Jazzclub-Regensburg.jpg?fit=1200%2C801&ssl=1&resize=1050%2C600 3x"},"classes":[]},{"id":13670,"url":"https:\/\/www.jazzzeitung.de\/cms\/2017\/10\/save-the-date-der-jazzclub-regensburg-wird-30\/","url_meta":{"origin":5862,"position":1},"title":"Save the date: der Jazzclub Regensburg wird 30","author":"Redaktion JazzZeitung","date":"5. Oktober 2017","format":false,"excerpt":"Seit 30 Jahren steht der Jazzclub Regensburg f\u00fcr ein genauso hochkar\u00e4tiges, wie abwechslungsreiches Live-Programm. In diesem Herbst wird die bayerische Musikinstitution 30 Jahre alt \u2013 gefeiert wird im November. Seit 1987 hat der Jazz in Regensburg ein Zuhause \u2013im Jazzclub Regensburg, angesiedelt im historischen Gem\u00e4uer des Kulturzentrums \u201eLeerer Beutel\u201c (Bertoldstra\u00dfe\u2026","rel":"","context":"In &quot;News&quot;","block_context":{"text":"News","link":"https:\/\/www.jazzzeitung.de\/cms\/thema\/nachrichten\/"},"img":{"alt_text":"","src":"https:\/\/i0.wp.com\/www.jazzzeitung.de\/cms\/wp-content\/uploads\/2017\/10\/Pablo-Held-Trio-Wald-73423.jpg?fit=1200%2C800&ssl=1&resize=350%2C200","width":350,"height":200,"srcset":"https:\/\/i0.wp.com\/www.jazzzeitung.de\/cms\/wp-content\/uploads\/2017\/10\/Pablo-Held-Trio-Wald-73423.jpg?fit=1200%2C800&ssl=1&resize=350%2C200 1x, https:\/\/i0.wp.com\/www.jazzzeitung.de\/cms\/wp-content\/uploads\/2017\/10\/Pablo-Held-Trio-Wald-73423.jpg?fit=1200%2C800&ssl=1&resize=525%2C300 1.5x, https:\/\/i0.wp.com\/www.jazzzeitung.de\/cms\/wp-content\/uploads\/2017\/10\/Pablo-Held-Trio-Wald-73423.jpg?fit=1200%2C800&ssl=1&resize=700%2C400 2x, https:\/\/i0.wp.com\/www.jazzzeitung.de\/cms\/wp-content\/uploads\/2017\/10\/Pablo-Held-Trio-Wald-73423.jpg?fit=1200%2C800&ssl=1&resize=1050%2C600 3x"},"classes":[]},{"id":19556,"url":"https:\/\/www.jazzzeitung.de\/cms\/2019\/05\/mischung-aus-magie-und-poesie-lisa-bassenge-mit-borrowed-and-blue-beim-jazzclub-im-leeren-beutel\/","url_meta":{"origin":5862,"position":2},"title":"Mischung aus Magie und Poesie \u2013 Lisa Bassenge mit \u201eBorrowed and Blue\u201c beim Jazzclub im Leeren Beutel","author":"Michael Scheiner","date":"30. Mai 2019","format":false,"excerpt":"Regensburg. Bei einem eindrucksvollen Konzert stellte die Berliner S\u00e4ngerin Lisa Bassenge k\u00fcrzlich ihr aktuelles Album \u201eBorrowed and Blue\u201c beim Jazzclub Regensburg im Leeren Beutel vor. In einer ruhigen und intimen Atmosph\u00e4re lie\u00dfen der schwedische Pianist Jacob Karlzon und der d\u00e4nische Bassist Andreas Lang zusammen mit Bassenge grazile Welten zwischen Blues,\u2026","rel":"","context":"In &quot;Bericht&quot;","block_context":{"text":"Bericht","link":"https:\/\/www.jazzzeitung.de\/cms\/thema\/bericht\/"},"img":{"alt_text":"","src":"https:\/\/i0.wp.com\/www.jazzzeitung.de\/cms\/wp-content\/uploads\/2019\/05\/image013.jpg?fit=574%2C378&ssl=1&resize=350%2C200","width":350,"height":200,"srcset":"https:\/\/i0.wp.com\/www.jazzzeitung.de\/cms\/wp-content\/uploads\/2019\/05\/image013.jpg?fit=574%2C378&ssl=1&resize=350%2C200 1x, https:\/\/i0.wp.com\/www.jazzzeitung.de\/cms\/wp-content\/uploads\/2019\/05\/image013.jpg?fit=574%2C378&ssl=1&resize=525%2C300 1.5x"},"classes":[]},{"id":29366,"url":"https:\/\/www.jazzzeitung.de\/cms\/2023\/04\/poetische-jazzsongs-mit-humor-und-tiefe\/","url_meta":{"origin":5862,"position":3},"title":"Poetische Jazzsongs mit Humor und Tiefe","author":"Michael Scheiner","date":"25. April 2023","format":false,"excerpt":"Konzert. Um ein Haar w\u00e4re der gro\u00dfartige Auftritt von S\u00e4ngerin Efrat Alony Covid zum Opfer gefallen. \u00a0 Regensburg. Nach au\u00dfen schrill, nach innen poetisch, tr\u00e4umerisch und oft alles andere als geradlinig. Efrat Alonys Songs besch\u00e4ftigen sich auf vielf\u00e4ltige Weise mit Eindr\u00fccken und ihrer Sicht auf die Welt um sie herum\u2026","rel":"","context":"In &quot;Bericht&quot;","block_context":{"text":"Bericht","link":"https:\/\/www.jazzzeitung.de\/cms\/thema\/bericht\/"},"img":{"alt_text":"","src":"https:\/\/i0.wp.com\/www.jazzzeitung.de\/cms\/wp-content\/uploads\/2023\/04\/alony-band_12.jpg?fit=1200%2C769&ssl=1&resize=350%2C200","width":350,"height":200,"srcset":"https:\/\/i0.wp.com\/www.jazzzeitung.de\/cms\/wp-content\/uploads\/2023\/04\/alony-band_12.jpg?fit=1200%2C769&ssl=1&resize=350%2C200 1x, https:\/\/i0.wp.com\/www.jazzzeitung.de\/cms\/wp-content\/uploads\/2023\/04\/alony-band_12.jpg?fit=1200%2C769&ssl=1&resize=525%2C300 1.5x, https:\/\/i0.wp.com\/www.jazzzeitung.de\/cms\/wp-content\/uploads\/2023\/04\/alony-band_12.jpg?fit=1200%2C769&ssl=1&resize=700%2C400 2x, https:\/\/i0.wp.com\/www.jazzzeitung.de\/cms\/wp-content\/uploads\/2023\/04\/alony-band_12.jpg?fit=1200%2C769&ssl=1&resize=1050%2C600 3x"},"classes":[]},{"id":18234,"url":"https:\/\/www.jazzzeitung.de\/cms\/2019\/01\/news-vokalensemble-iki-im-bix-jazzclub-lounge-in-stuttgart-p-jam-im-jazzclub-im-leeren-beutel-in-regensburg\/","url_meta":{"origin":5862,"position":4},"title":"+++ News: +++ Vokalensemble IKI im BIX Jazzclub &#038; Lounge in Stuttgart+++ P-JAM im Jazzclub im \u201eLeeren Beutel\u201c in Regensburg +++","author":"Redaktion JazzZeitung","date":"10. Januar 2019","format":false,"excerpt":"F\u00fcnf Nordlichter mit Souvenir\u00a0 im Gep\u00e4ck Skandinavischer Besuch im deutschen S\u00fcden: Das improvisierende Vokalensemble IKI setzt sich aus f\u00fcnf S\u00e4ngerinnen aus D\u00e4nemark, Norwegen und Finnland zusammen. Von Pop und Klassik \u00fcber Jazz bis hin zur Avantgarde steht ihr kontrastreiches Programm stets unter dem musikalischen Aspekt des Nordens. Auf ihrem aktuellen\u2026","rel":"","context":"In &quot;News&quot;","block_context":{"text":"News","link":"https:\/\/www.jazzzeitung.de\/cms\/thema\/nachrichten\/"},"img":{"alt_text":"","src":"https:\/\/i0.wp.com\/www.jazzzeitung.de\/cms\/wp-content\/uploads\/2019\/01\/2019_01_17-IKI-Oracle-IV.jpg?fit=1200%2C800&ssl=1&resize=350%2C200","width":350,"height":200,"srcset":"https:\/\/i0.wp.com\/www.jazzzeitung.de\/cms\/wp-content\/uploads\/2019\/01\/2019_01_17-IKI-Oracle-IV.jpg?fit=1200%2C800&ssl=1&resize=350%2C200 1x, https:\/\/i0.wp.com\/www.jazzzeitung.de\/cms\/wp-content\/uploads\/2019\/01\/2019_01_17-IKI-Oracle-IV.jpg?fit=1200%2C800&ssl=1&resize=525%2C300 1.5x, https:\/\/i0.wp.com\/www.jazzzeitung.de\/cms\/wp-content\/uploads\/2019\/01\/2019_01_17-IKI-Oracle-IV.jpg?fit=1200%2C800&ssl=1&resize=700%2C400 2x, https:\/\/i0.wp.com\/www.jazzzeitung.de\/cms\/wp-content\/uploads\/2019\/01\/2019_01_17-IKI-Oracle-IV.jpg?fit=1200%2C800&ssl=1&resize=1050%2C600 3x"},"classes":[]},{"id":4042,"url":"https:\/\/www.jazzzeitung.de\/cms\/2014\/06\/fulminanter-auftritt-des-sun-ra-arkestra-beim-jazzclub-regensburg\/","url_meta":{"origin":5862,"position":5},"title":"Fulminanter Auftritt des Sun Ra Arkestra beim Jazzclub Regensburg","author":"Andreas Kolb","date":"13. Juni 2014","format":false,"excerpt":"Das legend\u00e4re Sun Ra Arkestra gastierte 2014 im Rahmen einer weltweiten Jubilee-Tour anl\u00e4sslich des 100. Geburtstags seines Gr\u00fcnders Sun Ra neben Wien, Salzburg, Amsterdam, und Paris auch in Regensburg. Das Orchester begl\u00fcckte mit einem fulminanten Auftritt beim Jazzclub im Leeren Beutel alle Zuh\u00f6rer und brachte viele zum Tanzen. Michael Scheiner\u2026","rel":"","context":"In &quot;News&quot;","block_context":{"text":"News","link":"https:\/\/www.jazzzeitung.de\/cms\/thema\/nachrichten\/"},"img":{"alt_text":"Foto: Michael Scheiner","src":"https:\/\/i0.wp.com\/www.jazzzeitung.de\/cms\/wp-content\/uploads\/2014\/06\/Allen-Marshall_23.jpg?resize=350%2C200","width":350,"height":200,"srcset":"https:\/\/i0.wp.com\/www.jazzzeitung.de\/cms\/wp-content\/uploads\/2014\/06\/Allen-Marshall_23.jpg?resize=350%2C200 1x, https:\/\/i0.wp.com\/www.jazzzeitung.de\/cms\/wp-content\/uploads\/2014\/06\/Allen-Marshall_23.jpg?resize=525%2C300 1.5x, https:\/\/i0.wp.com\/www.jazzzeitung.de\/cms\/wp-content\/uploads\/2014\/06\/Allen-Marshall_23.jpg?resize=700%2C400 2x, https:\/\/i0.wp.com\/www.jazzzeitung.de\/cms\/wp-content\/uploads\/2014\/06\/Allen-Marshall_23.jpg?resize=1050%2C600 3x, https:\/\/i0.wp.com\/www.jazzzeitung.de\/cms\/wp-content\/uploads\/2014\/06\/Allen-Marshall_23.jpg?resize=1400%2C800 4x"},"classes":[]}],"jetpack_sharing_enabled":true,"_links":{"self":[{"href":"https:\/\/www.jazzzeitung.de\/cms\/wp-json\/wp\/v2\/posts\/5862","targetHints":{"allow":["GET"]}}],"collection":[{"href":"https:\/\/www.jazzzeitung.de\/cms\/wp-json\/wp\/v2\/posts"}],"about":[{"href":"https:\/\/www.jazzzeitung.de\/cms\/wp-json\/wp\/v2\/types\/post"}],"author":[{"embeddable":true,"href":"https:\/\/www.jazzzeitung.de\/cms\/wp-json\/wp\/v2\/users\/18"}],"replies":[{"embeddable":true,"href":"https:\/\/www.jazzzeitung.de\/cms\/wp-json\/wp\/v2\/comments?post=5862"}],"version-history":[{"count":2,"href":"https:\/\/www.jazzzeitung.de\/cms\/wp-json\/wp\/v2\/posts\/5862\/revisions"}],"predecessor-version":[{"id":5867,"href":"https:\/\/www.jazzzeitung.de\/cms\/wp-json\/wp\/v2\/posts\/5862\/revisions\/5867"}],"wp:featuredmedia":[{"embeddable":true,"href":"https:\/\/www.jazzzeitung.de\/cms\/wp-json\/wp\/v2\/media\/5864"}],"wp:attachment":[{"href":"https:\/\/www.jazzzeitung.de\/cms\/wp-json\/wp\/v2\/media?parent=5862"}],"wp:term":[{"taxonomy":"category","embeddable":true,"href":"https:\/\/www.jazzzeitung.de\/cms\/wp-json\/wp\/v2\/categories?post=5862"},{"taxonomy":"post_tag","embeddable":true,"href":"https:\/\/www.jazzzeitung.de\/cms\/wp-json\/wp\/v2\/tags?post=5862"},{"taxonomy":"author","embeddable":true,"href":"https:\/\/www.jazzzeitung.de\/cms\/wp-json\/wp\/v2\/coauthors?post=5862"}],"curies":[{"name":"wp","href":"https:\/\/api.w.org\/{rel}","templated":true}]}}