{"id":5838,"date":"2015-04-01T08:27:08","date_gmt":"2015-04-01T06:27:08","guid":{"rendered":"http:\/\/www.jazzzeitung.de\/cms\/?p=5838"},"modified":"2015-04-07T11:08:49","modified_gmt":"2015-04-07T09:08:49","slug":"audience-development-5-do-it-yourself-vermittlung-2-rund-um-das-konzert","status":"publish","type":"post","link":"https:\/\/www.jazzzeitung.de\/cms\/2015\/04\/audience-development-5-do-it-yourself-vermittlung-2-rund-um-das-konzert\/","title":{"rendered":"Audience Development (5) &#8211; Do-it-yourself-Vermittlung 2: rund um das Konzert"},"content":{"rendered":"<p><a href=\"https:\/\/i0.wp.com\/www.jazzzeitung.de\/cms\/wp-content\/uploads\/2015\/02\/audience-614x409.jpg\"><img data-recalc-dims=\"1\" loading=\"lazy\" decoding=\"async\" data-attachment-id=\"5374\" data-permalink=\"https:\/\/www.jazzzeitung.de\/cms\/2015\/02\/audience-development-1-einleitung\/audience-614x409\/\" data-orig-file=\"https:\/\/i0.wp.com\/www.jazzzeitung.de\/cms\/wp-content\/uploads\/2015\/02\/audience-614x409.jpg?fit=400%2C399&amp;ssl=1\" data-orig-size=\"400,399\" data-comments-opened=\"1\" data-image-meta=\"{&quot;aperture&quot;:&quot;0&quot;,&quot;credit&quot;:&quot;&quot;,&quot;camera&quot;:&quot;&quot;,&quot;caption&quot;:&quot;&quot;,&quot;created_timestamp&quot;:&quot;0&quot;,&quot;copyright&quot;:&quot;&quot;,&quot;focal_length&quot;:&quot;0&quot;,&quot;iso&quot;:&quot;0&quot;,&quot;shutter_speed&quot;:&quot;0&quot;,&quot;title&quot;:&quot;&quot;,&quot;orientation&quot;:&quot;1&quot;}\" data-image-title=\"audience-614&amp;#215;409\" data-image-description=\"\" data-image-caption=\"\" data-large-file=\"https:\/\/i0.wp.com\/www.jazzzeitung.de\/cms\/wp-content\/uploads\/2015\/02\/audience-614x409.jpg?fit=400%2C399&amp;ssl=1\" class=\"alignright size-thumbnail wp-image-5374\" src=\"https:\/\/i0.wp.com\/www.jazzzeitung.de\/cms\/wp-content\/uploads\/2015\/02\/audience-614x409-150x150.jpg?resize=150%2C150\" alt=\"audience-614x409\" width=\"150\" height=\"150\" srcset=\"https:\/\/i0.wp.com\/www.jazzzeitung.de\/cms\/wp-content\/uploads\/2015\/02\/audience-614x409.jpg?resize=150%2C150&amp;ssl=1 150w, https:\/\/i0.wp.com\/www.jazzzeitung.de\/cms\/wp-content\/uploads\/2015\/02\/audience-614x409.jpg?resize=300%2C300&amp;ssl=1 300w, https:\/\/i0.wp.com\/www.jazzzeitung.de\/cms\/wp-content\/uploads\/2015\/02\/audience-614x409.jpg?resize=144%2C144&amp;ssl=1 144w, https:\/\/i0.wp.com\/www.jazzzeitung.de\/cms\/wp-content\/uploads\/2015\/02\/audience-614x409.jpg?resize=96%2C96&amp;ssl=1 96w, https:\/\/i0.wp.com\/www.jazzzeitung.de\/cms\/wp-content\/uploads\/2015\/02\/audience-614x409.jpg?resize=24%2C24&amp;ssl=1 24w, https:\/\/i0.wp.com\/www.jazzzeitung.de\/cms\/wp-content\/uploads\/2015\/02\/audience-614x409.jpg?resize=36%2C36&amp;ssl=1 36w, https:\/\/i0.wp.com\/www.jazzzeitung.de\/cms\/wp-content\/uploads\/2015\/02\/audience-614x409.jpg?resize=48%2C48&amp;ssl=1 48w, https:\/\/i0.wp.com\/www.jazzzeitung.de\/cms\/wp-content\/uploads\/2015\/02\/audience-614x409.jpg?resize=64%2C64&amp;ssl=1 64w, https:\/\/i0.wp.com\/www.jazzzeitung.de\/cms\/wp-content\/uploads\/2015\/02\/audience-614x409.jpg?resize=32%2C32&amp;ssl=1 32w, https:\/\/i0.wp.com\/www.jazzzeitung.de\/cms\/wp-content\/uploads\/2015\/02\/audience-614x409.jpg?resize=128%2C128&amp;ssl=1 128w, https:\/\/i0.wp.com\/www.jazzzeitung.de\/cms\/wp-content\/uploads\/2015\/02\/audience-614x409.jpg?w=400&amp;ssl=1 400w\" sizes=\"auto, (max-width: 150px) 100vw, 150px\" \/><\/a>In dieser Blogfolge liste ich einige Ma\u00dfnahmen auf, die bei \u00fcberschaubarem Mehraufwand zur besseren Vermittlung der Musik vor, w\u00e4hrend und nach dem Konzert beitragen k\u00f6nn(t)en.<\/p>\n<p><em>a) vor dem Konzert &#8211; <\/em>Aus der klassischen Musik kennt man die \u201eEinf\u00fchrung in das Konzert\u201c, bei der dem Besucher Hintergrundinformationen \u00fcber die zu h\u00f6renden Werke und ihre jeweiligen Interpreten vorab zug\u00e4nglich gemacht werden. Ist diese Einf\u00fchrung gut aufbereitet, kann sie dem Publikum wertvolle Ankn\u00fcpfungspunkte liefern und den Konzertgenuss steigern.<br \/>\nGleiches gilt f\u00fcr die schriftliche Form einer solchen Einf\u00fchrung, das Programmheft. Zwar macht die Festschreibung eines \u201eProgramms\u201c \u2013 der Verweis auf die Reihenfolge der zu spielenden Werke \u2013 im Jazz oft wenig Sinn, aber ein Handzettel mit Ank\u00fcndigungstext, Musikerbiografien, weiteren Konzertterminen der Reihe und gegebenenfalls einem kurzen Statement des Musikers (\u201eWorum geht es mir bei diesem Projekt?\u201c o.\u00e4.) k\u00f6nnte willkommene Vermittlungsarbeit leisten. Die Konzerteinstimmung funktioniert neben dem gesprochenen und gedruckten Wort auch gut \u00fcber Hintergrundmusik, sofern grunds\u00e4tzliche Regeln beachtet werden (nicht lauter als die Band, passendes musikalisches Energielevel, passende Stilistik, \u2026).<\/p>\n<p>Wenn der Veranstalter diese Aufgaben selbst nicht \u00fcbernehmen kann oder m\u00f6chte, findet sich vielleicht jemand im F\u00f6rderverein oder unter den Stammg\u00e4sten des Clubs, der diese Arbeit gerne macht?<\/p>\n<p><em>b) w\u00e4hrend des Konzerts &#8211; <\/em>Sagt ihr etwas vor dem ersten St\u00fcck? Kommuniziert ihr gerne mit dem Publikum? Was ist eure Haltung gegen\u00fcber dem Publikum, welche Signale wollt ihr senden? Inszeniert ihr euch auf der B\u00fchne in bestimmten Rollen? Seid ihr ge\u00fcbt darin, Ansagen spontan zu improvisieren, oder fallen sie euch schwer und wollen daher wohl \u00fcberlegt sein? Braucht eure Musik \u00fcberhaupt Ansagen \u2013 und wenn ja, wie viele und an welchen Stellen im Programm? Welche Informationen zu welchem St\u00fcck k\u00f6nnten f\u00fcr das Publikum interessant sein? Wann, wie oft und mit welchen Worten stellt ihr eure Mitmusiker vor? Wie oft weist ihr auf euer neuestes Album hin? Was muss noch erw\u00e4hnt werden, wem m\u00f6chtet ihr danken?<\/p>\n<p>Eure Ansagen k\u00f6nnen das Publikum st\u00e4rker in den faszinierenden Prozess einbinden, der zwischen euch auf der B\u00fchne geschieht. Sie schaffen neben der abstrakt-musikalischen auch eine konkrete pers\u00f6nliche Verbindung und bieten eurem Publikum weitere Ankn\u00fcpfungspunkte.<\/p>\n<p><em>c) nach dem Konzert &#8211; <\/em>Wenn der letzte Ton verklungen ist, b\u00f6te sich die Gelegenheit zu einer kleinen Abmoderation, in der der Veranstalter den Musikern f\u00fcr ihren Einsatz und dem Publikum f\u00fcr sein zahlreiches Erscheinen danken und kurz auf die n\u00e4chsten anstehenden Konzerte hinweisen k\u00f6nnte.<\/p>\n<p>Eine weitere Anregung k\u00f6nnte das im Tanz- und Theaterbereich verbreitete Publikumsgespr\u00e4ch im Anschluss an die Vorstellung sein, bei dem das Publikum Gelegenheit hat, den K\u00fcnstlern Fragen zu stellen und mit ihnen zu diskutieren. Zwar geschieht dies im Jazzbereich mitunter in spontanen Einzelgespr\u00e4chen, ein vorher angek\u00fcndigtes und moderiertes Gruppengespr\u00e4ch w\u00e4re aber ebenso denkbar.<\/p>\n<p>Anonymisierte Evaluationsfrageb\u00f6gen, vorab in ausreichender Zahl im Zuschauerraum ausgelegt, k\u00f6nnten je nach Art der Fragestellungen gleich mehrere Zwecke erf\u00fcllen und Veranstaltern wie Musikern wertvolle Informationen liefern. Wie hat euch das Konzert gefallen und warum? Wie hat euch der Veranstaltungsraum gefallen und warum? Habt ihr W\u00fcnsche, Anregungen, Verbesserungsvorschl\u00e4ge? Wie habt ihr von diesem Konzert erfahren? Wie oft geht ihr zu Jazzkonzerten? \u2026<\/p>\n","protected":false},"excerpt":{"rendered":"<p>In dieser Blogfolge liste ich einige Ma\u00dfnahmen auf, die bei \u00fcberschaubarem Mehraufwand zur besseren Vermittlung der Musik vor, w\u00e4hrend und nach dem Konzert beitragen k\u00f6nn(t)en. a) vor dem Konzert &#8211; Aus der klassischen Musik kennt man die \u201eEinf\u00fchrung in das Konzert\u201c, bei der dem Besucher Hintergrundinformationen \u00fcber die zu h\u00f6renden Werke und ihre jeweiligen Interpreten vorab zug\u00e4nglich gemacht werden. Ist diese Einf\u00fchrung gut aufbereitet, kann sie dem Publikum wertvolle Ankn\u00fcpfungspunkte liefern und den Konzertgenuss steigern. Gleiches gilt f\u00fcr die schriftliche Form einer solchen Einf\u00fchrung, das Programmheft. Zwar macht die Festschreibung eines \u201eProgramms\u201c \u2013 der Verweis auf die Reihenfolge der zu spielenden Werke \u2013 im Jazz oft wenig Sinn, aber ein Handzettel mit Ank\u00fcndigungstext, Musikerbiografien, weiteren Konzertterminen der Reihe und gegebenenfalls einem kurzen Statement des Musikers (\u201eWorum geht es mir bei diesem Projekt?\u201c o.\u00e4.) k\u00f6nnte willkommene Vermittlungsarbeit leisten. Die Konzerteinstimmung funktioniert neben dem gesprochenen und gedruckten Wort auch gut \u00fcber Hintergrundmusik, sofern grunds\u00e4tzliche Regeln beachtet werden (nicht lauter als die Band, passendes musikalisches Energielevel, passende Stilistik, \u2026). Wenn der Veranstalter diese Aufgaben selbst nicht \u00fcbernehmen kann oder m\u00f6chte, findet sich vielleicht jemand im F\u00f6rderverein oder unter &hellip;<\/p>\n","protected":false},"author":15,"featured_media":0,"comment_status":"open","ping_status":"closed","sticky":false,"template":"","format":"standard","meta":{"_jetpack_memberships_contains_paid_content":false,"footnotes":"","jetpack_publicize_message":"","jetpack_publicize_feature_enabled":true,"jetpack_social_post_already_shared":false,"jetpack_social_options":{"image_generator_settings":{"template":"highway","default_image_id":0,"font":"","enabled":false},"version":2}},"categories":[82],"tags":[34,1192,322,323,955],"coauthors":[770],"class_list":["post-5838","post","type-post","status-publish","format-standard","hentry","category-blog","tag-album","tag-clubs","tag-konzert-2","tag-konzerte","tag-musikerbiografien"],"yoast_head":"<!-- This site is optimized with the Yoast SEO plugin v27.5 - https:\/\/yoast.com\/product\/yoast-seo-wordpress\/ -->\n<title>Audience Development (5) - Do-it-yourself-Vermittlung 2: rund um das Konzert - JazzZeitung<\/title>\n<meta name=\"robots\" content=\"index, follow, max-snippet:-1, max-image-preview:large, max-video-preview:-1\" \/>\n<link rel=\"canonical\" href=\"https:\/\/www.jazzzeitung.de\/cms\/2015\/04\/audience-development-5-do-it-yourself-vermittlung-2-rund-um-das-konzert\/\" \/>\n<meta property=\"og:locale\" content=\"de_DE\" \/>\n<meta property=\"og:type\" content=\"article\" \/>\n<meta property=\"og:title\" content=\"Audience Development (5) - Do-it-yourself-Vermittlung 2: rund um das Konzert - JazzZeitung\" \/>\n<meta property=\"og:description\" content=\"In dieser Blogfolge liste ich einige Ma\u00dfnahmen auf, die bei \u00fcberschaubarem Mehraufwand zur besseren Vermittlung der Musik vor, w\u00e4hrend und nach dem Konzert beitragen k\u00f6nn(t)en. a) vor dem Konzert &#8211; Aus der klassischen Musik kennt man die \u201eEinf\u00fchrung in das Konzert\u201c, bei der dem Besucher Hintergrundinformationen \u00fcber die zu h\u00f6renden Werke und ihre jeweiligen Interpreten vorab zug\u00e4nglich gemacht werden. Ist diese Einf\u00fchrung gut aufbereitet, kann sie dem Publikum wertvolle Ankn\u00fcpfungspunkte liefern und den Konzertgenuss steigern. Gleiches gilt f\u00fcr die schriftliche Form einer solchen Einf\u00fchrung, das Programmheft. Zwar macht die Festschreibung eines \u201eProgramms\u201c \u2013 der Verweis auf die Reihenfolge der zu spielenden Werke \u2013 im Jazz oft wenig Sinn, aber ein Handzettel mit Ank\u00fcndigungstext, Musikerbiografien, weiteren Konzertterminen der Reihe und gegebenenfalls einem kurzen Statement des Musikers (\u201eWorum geht es mir bei diesem Projekt?\u201c o.\u00e4.) k\u00f6nnte willkommene Vermittlungsarbeit leisten. Die Konzerteinstimmung funktioniert neben dem gesprochenen und gedruckten Wort auch gut \u00fcber Hintergrundmusik, sofern grunds\u00e4tzliche Regeln beachtet werden (nicht lauter als die Band, passendes musikalisches Energielevel, passende Stilistik, \u2026). Wenn der Veranstalter diese Aufgaben selbst nicht \u00fcbernehmen kann oder m\u00f6chte, findet sich vielleicht jemand im F\u00f6rderverein oder unter &hellip;\" \/>\n<meta property=\"og:url\" content=\"https:\/\/www.jazzzeitung.de\/cms\/2015\/04\/audience-development-5-do-it-yourself-vermittlung-2-rund-um-das-konzert\/\" \/>\n<meta property=\"og:site_name\" content=\"JazzZeitung\" \/>\n<meta property=\"article:publisher\" content=\"https:\/\/www.facebook.com\/JazzZeitung\/\" \/>\n<meta property=\"article:published_time\" content=\"2015-04-01T06:27:08+00:00\" \/>\n<meta property=\"article:modified_time\" content=\"2015-04-07T09:08:49+00:00\" \/>\n<meta property=\"og:image\" content=\"http:\/\/www.jazzzeitung.de\/cms\/wp-content\/uploads\/2015\/02\/audience-614x409-150x150.jpg\" \/>\n<meta name=\"author\" content=\"Benjamin Schaefer\" \/>\n<script type=\"application\/ld+json\" class=\"yoast-schema-graph\">{\"@context\":\"https:\\\/\\\/schema.org\",\"@graph\":[{\"@type\":\"Article\",\"@id\":\"https:\\\/\\\/www.jazzzeitung.de\\\/cms\\\/2015\\\/04\\\/audience-development-5-do-it-yourself-vermittlung-2-rund-um-das-konzert\\\/#article\",\"isPartOf\":{\"@id\":\"https:\\\/\\\/www.jazzzeitung.de\\\/cms\\\/2015\\\/04\\\/audience-development-5-do-it-yourself-vermittlung-2-rund-um-das-konzert\\\/\"},\"author\":{\"name\":\"Benjamin Schaefer\",\"@id\":\"https:\\\/\\\/www.jazzzeitung.de\\\/cms\\\/#\\\/schema\\\/person\\\/3e3b81d403e660d7e97c67f7f805c875\"},\"headline\":\"Audience Development (5) &#8211; Do-it-yourself-Vermittlung 2: rund um das Konzert\",\"datePublished\":\"2015-04-01T06:27:08+00:00\",\"dateModified\":\"2015-04-07T09:08:49+00:00\",\"mainEntityOfPage\":{\"@id\":\"https:\\\/\\\/www.jazzzeitung.de\\\/cms\\\/2015\\\/04\\\/audience-development-5-do-it-yourself-vermittlung-2-rund-um-das-konzert\\\/\"},\"wordCount\":555,\"commentCount\":0,\"publisher\":{\"@id\":\"https:\\\/\\\/www.jazzzeitung.de\\\/cms\\\/#organization\"},\"image\":{\"@id\":\"https:\\\/\\\/www.jazzzeitung.de\\\/cms\\\/2015\\\/04\\\/audience-development-5-do-it-yourself-vermittlung-2-rund-um-das-konzert\\\/#primaryimage\"},\"thumbnailUrl\":\"http:\\\/\\\/www.jazzzeitung.de\\\/cms\\\/wp-content\\\/uploads\\\/2015\\\/02\\\/audience-614x409-150x150.jpg\",\"keywords\":[\"Album\",\"Clubs\",\"Konzert\",\"Konzerte\",\"Musikerbiografien\"],\"articleSection\":[\"Blog\"],\"inLanguage\":\"de\",\"potentialAction\":[{\"@type\":\"CommentAction\",\"name\":\"Comment\",\"target\":[\"https:\\\/\\\/www.jazzzeitung.de\\\/cms\\\/2015\\\/04\\\/audience-development-5-do-it-yourself-vermittlung-2-rund-um-das-konzert\\\/#respond\"]}]},{\"@type\":\"WebPage\",\"@id\":\"https:\\\/\\\/www.jazzzeitung.de\\\/cms\\\/2015\\\/04\\\/audience-development-5-do-it-yourself-vermittlung-2-rund-um-das-konzert\\\/\",\"url\":\"https:\\\/\\\/www.jazzzeitung.de\\\/cms\\\/2015\\\/04\\\/audience-development-5-do-it-yourself-vermittlung-2-rund-um-das-konzert\\\/\",\"name\":\"Audience Development (5) - Do-it-yourself-Vermittlung 2: rund um das Konzert - JazzZeitung\",\"isPartOf\":{\"@id\":\"https:\\\/\\\/www.jazzzeitung.de\\\/cms\\\/#website\"},\"primaryImageOfPage\":{\"@id\":\"https:\\\/\\\/www.jazzzeitung.de\\\/cms\\\/2015\\\/04\\\/audience-development-5-do-it-yourself-vermittlung-2-rund-um-das-konzert\\\/#primaryimage\"},\"image\":{\"@id\":\"https:\\\/\\\/www.jazzzeitung.de\\\/cms\\\/2015\\\/04\\\/audience-development-5-do-it-yourself-vermittlung-2-rund-um-das-konzert\\\/#primaryimage\"},\"thumbnailUrl\":\"http:\\\/\\\/www.jazzzeitung.de\\\/cms\\\/wp-content\\\/uploads\\\/2015\\\/02\\\/audience-614x409-150x150.jpg\",\"datePublished\":\"2015-04-01T06:27:08+00:00\",\"dateModified\":\"2015-04-07T09:08:49+00:00\",\"breadcrumb\":{\"@id\":\"https:\\\/\\\/www.jazzzeitung.de\\\/cms\\\/2015\\\/04\\\/audience-development-5-do-it-yourself-vermittlung-2-rund-um-das-konzert\\\/#breadcrumb\"},\"inLanguage\":\"de\",\"potentialAction\":[{\"@type\":\"ReadAction\",\"target\":[\"https:\\\/\\\/www.jazzzeitung.de\\\/cms\\\/2015\\\/04\\\/audience-development-5-do-it-yourself-vermittlung-2-rund-um-das-konzert\\\/\"]}]},{\"@type\":\"ImageObject\",\"inLanguage\":\"de\",\"@id\":\"https:\\\/\\\/www.jazzzeitung.de\\\/cms\\\/2015\\\/04\\\/audience-development-5-do-it-yourself-vermittlung-2-rund-um-das-konzert\\\/#primaryimage\",\"url\":\"http:\\\/\\\/www.jazzzeitung.de\\\/cms\\\/wp-content\\\/uploads\\\/2015\\\/02\\\/audience-614x409-150x150.jpg\",\"contentUrl\":\"http:\\\/\\\/www.jazzzeitung.de\\\/cms\\\/wp-content\\\/uploads\\\/2015\\\/02\\\/audience-614x409-150x150.jpg\"},{\"@type\":\"BreadcrumbList\",\"@id\":\"https:\\\/\\\/www.jazzzeitung.de\\\/cms\\\/2015\\\/04\\\/audience-development-5-do-it-yourself-vermittlung-2-rund-um-das-konzert\\\/#breadcrumb\",\"itemListElement\":[{\"@type\":\"ListItem\",\"position\":1,\"name\":\"Startseite\",\"item\":\"https:\\\/\\\/www.jazzzeitung.de\\\/cms\\\/\"},{\"@type\":\"ListItem\",\"position\":2,\"name\":\"Audience Development (5) &#8211; Do-it-yourself-Vermittlung 2: rund um das Konzert\"}]},{\"@type\":\"WebSite\",\"@id\":\"https:\\\/\\\/www.jazzzeitung.de\\\/cms\\\/#website\",\"url\":\"https:\\\/\\\/www.jazzzeitung.de\\\/cms\\\/\",\"name\":\"JazzZeitung\",\"description\":\"Jazz-News und Jazz-Kontroverses\",\"publisher\":{\"@id\":\"https:\\\/\\\/www.jazzzeitung.de\\\/cms\\\/#organization\"},\"potentialAction\":[{\"@type\":\"SearchAction\",\"target\":{\"@type\":\"EntryPoint\",\"urlTemplate\":\"https:\\\/\\\/www.jazzzeitung.de\\\/cms\\\/?s={search_term_string}\"},\"query-input\":{\"@type\":\"PropertyValueSpecification\",\"valueRequired\":true,\"valueName\":\"search_term_string\"}}],\"inLanguage\":\"de\"},{\"@type\":\"Organization\",\"@id\":\"https:\\\/\\\/www.jazzzeitung.de\\\/cms\\\/#organization\",\"name\":\"JazzZeitung online\",\"url\":\"https:\\\/\\\/www.jazzzeitung.de\\\/cms\\\/\",\"logo\":{\"@type\":\"ImageObject\",\"inLanguage\":\"de\",\"@id\":\"https:\\\/\\\/www.jazzzeitung.de\\\/cms\\\/#\\\/schema\\\/logo\\\/image\\\/\",\"url\":\"https:\\\/\\\/i0.wp.com\\\/www.jazzzeitung.de\\\/cms\\\/wp-content\\\/uploads\\\/2015\\\/08\\\/JAZZZEITUNGDE_Logo_Neu.png?fit=499%2C200&ssl=1\",\"contentUrl\":\"https:\\\/\\\/i0.wp.com\\\/www.jazzzeitung.de\\\/cms\\\/wp-content\\\/uploads\\\/2015\\\/08\\\/JAZZZEITUNGDE_Logo_Neu.png?fit=499%2C200&ssl=1\",\"width\":499,\"height\":200,\"caption\":\"JazzZeitung online\"},\"image\":{\"@id\":\"https:\\\/\\\/www.jazzzeitung.de\\\/cms\\\/#\\\/schema\\\/logo\\\/image\\\/\"},\"sameAs\":[\"https:\\\/\\\/www.facebook.com\\\/JazzZeitung\\\/\"]},{\"@type\":\"Person\",\"@id\":\"https:\\\/\\\/www.jazzzeitung.de\\\/cms\\\/#\\\/schema\\\/person\\\/3e3b81d403e660d7e97c67f7f805c875\",\"name\":\"Benjamin Schaefer\",\"image\":{\"@type\":\"ImageObject\",\"inLanguage\":\"de\",\"@id\":\"https:\\\/\\\/i0.wp.com\\\/www.jazzzeitung.de\\\/cms\\\/wp-content\\\/uploads\\\/2013\\\/09\\\/benjamin_schaefer_400.jpg?resize=96%2C96&ssl=1c443b59badf4cb4cef82900bff578357\",\"url\":\"https:\\\/\\\/i0.wp.com\\\/www.jazzzeitung.de\\\/cms\\\/wp-content\\\/uploads\\\/2013\\\/09\\\/benjamin_schaefer_400.jpg?resize=96%2C96&ssl=1\",\"contentUrl\":\"https:\\\/\\\/i0.wp.com\\\/www.jazzzeitung.de\\\/cms\\\/wp-content\\\/uploads\\\/2013\\\/09\\\/benjamin_schaefer_400.jpg?resize=96%2C96&ssl=1\",\"caption\":\"Benjamin Schaefer\"},\"description\":\"Benjamin Schaefer (geb. 1981) studierte von 2001 bis 2008 Jazzklavier und Komposition an der K\u00f6lner Musikhochschule bei Frank Wunsch, Hans L\u00fcdemann, John Taylor und Joachim Ullrich. Er war Mitglied des Landesjazzorchesters NRW und des Bundesjazzorchesters (BuJazzO). Tourneen dieser und anderer Formationen f\u00fchrten ihn bereits in zahlreiche europ\u00e4ische L\u00e4nder sowie nach Russland, S\u00fcdafrika, in die Ukraine, die USA und durch sieben L\u00e4nder Zentralamerikas. Neben seiner k\u00fcnstlerischen T\u00e4tigkeit arbeitet Benjamin Schaefer seit 2009 als Dozent f\u00fcr Jazz-Klavier an der HfMT K\u00f6ln.\",\"sameAs\":[\"http:\\\/\\\/\"],\"url\":\"https:\\\/\\\/www.jazzzeitung.de\\\/cms\\\/author\\\/benjamin\\\/\"}]}<\/script>\n<!-- \/ Yoast SEO plugin. -->","yoast_head_json":{"title":"Audience Development (5) - Do-it-yourself-Vermittlung 2: rund um das Konzert - JazzZeitung","robots":{"index":"index","follow":"follow","max-snippet":"max-snippet:-1","max-image-preview":"max-image-preview:large","max-video-preview":"max-video-preview:-1"},"canonical":"https:\/\/www.jazzzeitung.de\/cms\/2015\/04\/audience-development-5-do-it-yourself-vermittlung-2-rund-um-das-konzert\/","og_locale":"de_DE","og_type":"article","og_title":"Audience Development (5) - Do-it-yourself-Vermittlung 2: rund um das Konzert - JazzZeitung","og_description":"In dieser Blogfolge liste ich einige Ma\u00dfnahmen auf, die bei \u00fcberschaubarem Mehraufwand zur besseren Vermittlung der Musik vor, w\u00e4hrend und nach dem Konzert beitragen k\u00f6nn(t)en. a) vor dem Konzert &#8211; Aus der klassischen Musik kennt man die \u201eEinf\u00fchrung in das Konzert\u201c, bei der dem Besucher Hintergrundinformationen \u00fcber die zu h\u00f6renden Werke und ihre jeweiligen Interpreten vorab zug\u00e4nglich gemacht werden. Ist diese Einf\u00fchrung gut aufbereitet, kann sie dem Publikum wertvolle Ankn\u00fcpfungspunkte liefern und den Konzertgenuss steigern. Gleiches gilt f\u00fcr die schriftliche Form einer solchen Einf\u00fchrung, das Programmheft. Zwar macht die Festschreibung eines \u201eProgramms\u201c \u2013 der Verweis auf die Reihenfolge der zu spielenden Werke \u2013 im Jazz oft wenig Sinn, aber ein Handzettel mit Ank\u00fcndigungstext, Musikerbiografien, weiteren Konzertterminen der Reihe und gegebenenfalls einem kurzen Statement des Musikers (\u201eWorum geht es mir bei diesem Projekt?\u201c o.\u00e4.) k\u00f6nnte willkommene Vermittlungsarbeit leisten. Die Konzerteinstimmung funktioniert neben dem gesprochenen und gedruckten Wort auch gut \u00fcber Hintergrundmusik, sofern grunds\u00e4tzliche Regeln beachtet werden (nicht lauter als die Band, passendes musikalisches Energielevel, passende Stilistik, \u2026). Wenn der Veranstalter diese Aufgaben selbst nicht \u00fcbernehmen kann oder m\u00f6chte, findet sich vielleicht jemand im F\u00f6rderverein oder unter &hellip;","og_url":"https:\/\/www.jazzzeitung.de\/cms\/2015\/04\/audience-development-5-do-it-yourself-vermittlung-2-rund-um-das-konzert\/","og_site_name":"JazzZeitung","article_publisher":"https:\/\/www.facebook.com\/JazzZeitung\/","article_published_time":"2015-04-01T06:27:08+00:00","article_modified_time":"2015-04-07T09:08:49+00:00","og_image":[{"url":"http:\/\/www.jazzzeitung.de\/cms\/wp-content\/uploads\/2015\/02\/audience-614x409-150x150.jpg","type":"","width":"","height":""}],"author":"Benjamin Schaefer","schema":{"@context":"https:\/\/schema.org","@graph":[{"@type":"Article","@id":"https:\/\/www.jazzzeitung.de\/cms\/2015\/04\/audience-development-5-do-it-yourself-vermittlung-2-rund-um-das-konzert\/#article","isPartOf":{"@id":"https:\/\/www.jazzzeitung.de\/cms\/2015\/04\/audience-development-5-do-it-yourself-vermittlung-2-rund-um-das-konzert\/"},"author":{"name":"Benjamin Schaefer","@id":"https:\/\/www.jazzzeitung.de\/cms\/#\/schema\/person\/3e3b81d403e660d7e97c67f7f805c875"},"headline":"Audience Development (5) &#8211; Do-it-yourself-Vermittlung 2: rund um das Konzert","datePublished":"2015-04-01T06:27:08+00:00","dateModified":"2015-04-07T09:08:49+00:00","mainEntityOfPage":{"@id":"https:\/\/www.jazzzeitung.de\/cms\/2015\/04\/audience-development-5-do-it-yourself-vermittlung-2-rund-um-das-konzert\/"},"wordCount":555,"commentCount":0,"publisher":{"@id":"https:\/\/www.jazzzeitung.de\/cms\/#organization"},"image":{"@id":"https:\/\/www.jazzzeitung.de\/cms\/2015\/04\/audience-development-5-do-it-yourself-vermittlung-2-rund-um-das-konzert\/#primaryimage"},"thumbnailUrl":"http:\/\/www.jazzzeitung.de\/cms\/wp-content\/uploads\/2015\/02\/audience-614x409-150x150.jpg","keywords":["Album","Clubs","Konzert","Konzerte","Musikerbiografien"],"articleSection":["Blog"],"inLanguage":"de","potentialAction":[{"@type":"CommentAction","name":"Comment","target":["https:\/\/www.jazzzeitung.de\/cms\/2015\/04\/audience-development-5-do-it-yourself-vermittlung-2-rund-um-das-konzert\/#respond"]}]},{"@type":"WebPage","@id":"https:\/\/www.jazzzeitung.de\/cms\/2015\/04\/audience-development-5-do-it-yourself-vermittlung-2-rund-um-das-konzert\/","url":"https:\/\/www.jazzzeitung.de\/cms\/2015\/04\/audience-development-5-do-it-yourself-vermittlung-2-rund-um-das-konzert\/","name":"Audience Development (5) - Do-it-yourself-Vermittlung 2: rund um das Konzert - JazzZeitung","isPartOf":{"@id":"https:\/\/www.jazzzeitung.de\/cms\/#website"},"primaryImageOfPage":{"@id":"https:\/\/www.jazzzeitung.de\/cms\/2015\/04\/audience-development-5-do-it-yourself-vermittlung-2-rund-um-das-konzert\/#primaryimage"},"image":{"@id":"https:\/\/www.jazzzeitung.de\/cms\/2015\/04\/audience-development-5-do-it-yourself-vermittlung-2-rund-um-das-konzert\/#primaryimage"},"thumbnailUrl":"http:\/\/www.jazzzeitung.de\/cms\/wp-content\/uploads\/2015\/02\/audience-614x409-150x150.jpg","datePublished":"2015-04-01T06:27:08+00:00","dateModified":"2015-04-07T09:08:49+00:00","breadcrumb":{"@id":"https:\/\/www.jazzzeitung.de\/cms\/2015\/04\/audience-development-5-do-it-yourself-vermittlung-2-rund-um-das-konzert\/#breadcrumb"},"inLanguage":"de","potentialAction":[{"@type":"ReadAction","target":["https:\/\/www.jazzzeitung.de\/cms\/2015\/04\/audience-development-5-do-it-yourself-vermittlung-2-rund-um-das-konzert\/"]}]},{"@type":"ImageObject","inLanguage":"de","@id":"https:\/\/www.jazzzeitung.de\/cms\/2015\/04\/audience-development-5-do-it-yourself-vermittlung-2-rund-um-das-konzert\/#primaryimage","url":"http:\/\/www.jazzzeitung.de\/cms\/wp-content\/uploads\/2015\/02\/audience-614x409-150x150.jpg","contentUrl":"http:\/\/www.jazzzeitung.de\/cms\/wp-content\/uploads\/2015\/02\/audience-614x409-150x150.jpg"},{"@type":"BreadcrumbList","@id":"https:\/\/www.jazzzeitung.de\/cms\/2015\/04\/audience-development-5-do-it-yourself-vermittlung-2-rund-um-das-konzert\/#breadcrumb","itemListElement":[{"@type":"ListItem","position":1,"name":"Startseite","item":"https:\/\/www.jazzzeitung.de\/cms\/"},{"@type":"ListItem","position":2,"name":"Audience Development (5) &#8211; Do-it-yourself-Vermittlung 2: rund um das Konzert"}]},{"@type":"WebSite","@id":"https:\/\/www.jazzzeitung.de\/cms\/#website","url":"https:\/\/www.jazzzeitung.de\/cms\/","name":"JazzZeitung","description":"Jazz-News und Jazz-Kontroverses","publisher":{"@id":"https:\/\/www.jazzzeitung.de\/cms\/#organization"},"potentialAction":[{"@type":"SearchAction","target":{"@type":"EntryPoint","urlTemplate":"https:\/\/www.jazzzeitung.de\/cms\/?s={search_term_string}"},"query-input":{"@type":"PropertyValueSpecification","valueRequired":true,"valueName":"search_term_string"}}],"inLanguage":"de"},{"@type":"Organization","@id":"https:\/\/www.jazzzeitung.de\/cms\/#organization","name":"JazzZeitung online","url":"https:\/\/www.jazzzeitung.de\/cms\/","logo":{"@type":"ImageObject","inLanguage":"de","@id":"https:\/\/www.jazzzeitung.de\/cms\/#\/schema\/logo\/image\/","url":"https:\/\/i0.wp.com\/www.jazzzeitung.de\/cms\/wp-content\/uploads\/2015\/08\/JAZZZEITUNGDE_Logo_Neu.png?fit=499%2C200&ssl=1","contentUrl":"https:\/\/i0.wp.com\/www.jazzzeitung.de\/cms\/wp-content\/uploads\/2015\/08\/JAZZZEITUNGDE_Logo_Neu.png?fit=499%2C200&ssl=1","width":499,"height":200,"caption":"JazzZeitung online"},"image":{"@id":"https:\/\/www.jazzzeitung.de\/cms\/#\/schema\/logo\/image\/"},"sameAs":["https:\/\/www.facebook.com\/JazzZeitung\/"]},{"@type":"Person","@id":"https:\/\/www.jazzzeitung.de\/cms\/#\/schema\/person\/3e3b81d403e660d7e97c67f7f805c875","name":"Benjamin Schaefer","image":{"@type":"ImageObject","inLanguage":"de","@id":"https:\/\/i0.wp.com\/www.jazzzeitung.de\/cms\/wp-content\/uploads\/2013\/09\/benjamin_schaefer_400.jpg?resize=96%2C96&ssl=1c443b59badf4cb4cef82900bff578357","url":"https:\/\/i0.wp.com\/www.jazzzeitung.de\/cms\/wp-content\/uploads\/2013\/09\/benjamin_schaefer_400.jpg?resize=96%2C96&ssl=1","contentUrl":"https:\/\/i0.wp.com\/www.jazzzeitung.de\/cms\/wp-content\/uploads\/2013\/09\/benjamin_schaefer_400.jpg?resize=96%2C96&ssl=1","caption":"Benjamin Schaefer"},"description":"Benjamin Schaefer (geb. 1981) studierte von 2001 bis 2008 Jazzklavier und Komposition an der K\u00f6lner Musikhochschule bei Frank Wunsch, Hans L\u00fcdemann, John Taylor und Joachim Ullrich. Er war Mitglied des Landesjazzorchesters NRW und des Bundesjazzorchesters (BuJazzO). Tourneen dieser und anderer Formationen f\u00fchrten ihn bereits in zahlreiche europ\u00e4ische L\u00e4nder sowie nach Russland, S\u00fcdafrika, in die Ukraine, die USA und durch sieben L\u00e4nder Zentralamerikas. Neben seiner k\u00fcnstlerischen T\u00e4tigkeit arbeitet Benjamin Schaefer seit 2009 als Dozent f\u00fcr Jazz-Klavier an der HfMT K\u00f6ln.","sameAs":["http:\/\/"],"url":"https:\/\/www.jazzzeitung.de\/cms\/author\/benjamin\/"}]}},"wp-worthy-pixel":{"ignored":false,"public":"13f4b35c28954fad8e0e4b3e038799ac","server":"vg07.met.vgwort.de","url":"https:\/\/vg07.met.vgwort.de\/na\/13f4b35c28954fad8e0e4b3e038799ac"},"wp-worthy-type":"normal","jetpack_publicize_connections":[],"cc_featured_image_caption":{"caption_text":false,"source_text":false,"source_url":false},"jetpack_featured_media_url":"","jetpack_shortlink":"https:\/\/wp.me\/p3KEcT-1wa","jetpack-related-posts":[{"id":5943,"url":"https:\/\/www.jazzzeitung.de\/cms\/2015\/05\/audience-development-7-externe-vermittlung\/","url_meta":{"origin":5838,"position":0},"title":"Audience Development (7) &#8211; &#8222;externe&#8220; Vermittlung","author":"Benjamin Schaefer","date":"1. Mai 2015","format":false,"excerpt":"In den vergangenen Blogfolgen habe ich diverse M\u00f6glichkeiten beleuchtet, wie Musiker und Veranstalter als \u201einterne\u201c, unmittelbar am Konzert beteiligte Personen die Vermittlung zum Publikum intensivieren und\/ oder verbessern k\u00f6nnen. Es gibt jedoch auch etliche Ideen und Konzepte f\u00fcr die \u201eexterne\u201c Vermittlung, die ich im folgenden vorstellen m\u00f6chte. Einziger Haken: sie\u2026","rel":"","context":"In &quot;Blog&quot;","block_context":{"text":"Blog","link":"https:\/\/www.jazzzeitung.de\/cms\/thema\/blog\/"},"img":{"alt_text":"","src":"","width":0,"height":0},"classes":[]},{"id":12756,"url":"https:\/\/www.jazzzeitung.de\/cms\/2017\/06\/news-jazzorchester-featuring-wu-wei-29-06-2017-in-weimar-jazz-live-keys-sticks-fotografien-von-thomas-j-krebs-vernissage\/","url_meta":{"origin":5838,"position":1},"title":"+++ News +++ \u201eJazzorchester featuring Wu Wei\u201c in Weimar +++ &#8222;JAZZ &#8211; live, keys &#038; sticks&#8220;: Fotografien von Thomas J. Krebs in Unterf\u00f6hring +++ 1. Jazzfest Ottobrunn im Wolf-Ferrari-Haus +++","author":"Redaktion JazzZeitung","date":"22. Juni 2017","format":false,"excerpt":"+++ \u201eJazzorchester featuring Wu Wei\u201c 29.06.2017 in Weimar +++ Am Donnerstag, 29. Juni um 19:30 Uhr im Festsaal F\u00fcrstenhaus wird ein Konzert-Projekt f\u00fcr ein Programm mit einem Gastsolisten, dem chinesischen Mundorgelspieler, Wu Wei stattfinden. Er spielt auf der \u201eCheng\u201c, einem Instrument mit 3.000 Jahre alter Tradition, das seine Kl\u00e4nge mit\u2026","rel":"","context":"In &quot;Bericht&quot;","block_context":{"text":"Bericht","link":"https:\/\/www.jazzzeitung.de\/cms\/thema\/bericht\/"},"img":{"alt_text":"","src":"https:\/\/i0.wp.com\/www.jazzzeitung.de\/cms\/wp-content\/uploads\/2017\/06\/Schultze_Stefan_Foto_Maik_Schuck-150x150.jpg?resize=350%2C200&ssl=1","width":350,"height":200},"classes":[]},{"id":26730,"url":"https:\/\/www.jazzzeitung.de\/cms\/2022\/02\/gyoergy-szabados-und-eva-kanalas-cd-bewahrt-denkwuerdiges-konzert-von-1997-vor-dem-vergessen\/","url_meta":{"origin":5838,"position":2},"title":"Gy\u00f6rgy Szabados und \u00c9va Kanalas: CD bewahrt denkw\u00fcrdiges Konzert von 1997 vor dem Vergessen","author":"Redaktion JazzZeitung","date":"12. Februar 2022","format":false,"excerpt":"Vor 25 Jahren, am 15. Februar 1997, fand im Budapester Fon\u00f3 Musikhaus ein denkw\u00fcrdiges Konzert statt. Die dabei entstandenen Aufnahmen wurden k\u00fcrzlich unter dem Titel \u201eTengri \u2013 Mindens\u00e9g\u201c (etwa: Weltall \u2013 Allheit) von \u00c9va Kanalas privat ver\u00f6ffentlicht. Dieses Duo-Konzert, Improvisationen \u00fcber Volkslieder, vereinte den ungarischen Freejazz-Pionier und Pianisten Gy\u00f6rgy Szabados\u2026","rel":"","context":"In &quot;Rezension&quot;","block_context":{"text":"Rezension","link":"https:\/\/www.jazzzeitung.de\/cms\/thema\/rezension\/"},"img":{"alt_text":"","src":"https:\/\/i0.wp.com\/www.jazzzeitung.de\/cms\/wp-content\/uploads\/2022\/02\/szabadoskanalas_Cover-e1644484507365.jpg?fit=709%2C698&ssl=1&resize=350%2C200","width":350,"height":200,"srcset":"https:\/\/i0.wp.com\/www.jazzzeitung.de\/cms\/wp-content\/uploads\/2022\/02\/szabadoskanalas_Cover-e1644484507365.jpg?fit=709%2C698&ssl=1&resize=350%2C200 1x, https:\/\/i0.wp.com\/www.jazzzeitung.de\/cms\/wp-content\/uploads\/2022\/02\/szabadoskanalas_Cover-e1644484507365.jpg?fit=709%2C698&ssl=1&resize=525%2C300 1.5x, https:\/\/i0.wp.com\/www.jazzzeitung.de\/cms\/wp-content\/uploads\/2022\/02\/szabadoskanalas_Cover-e1644484507365.jpg?fit=709%2C698&ssl=1&resize=700%2C400 2x"},"classes":[]},{"id":5940,"url":"https:\/\/www.jazzzeitung.de\/cms\/2015\/04\/audience-development-6-do-it-yourself-vermittlung-3-ueberlegungen-zu-raum-und-zeit\/","url_meta":{"origin":5838,"position":3},"title":"Audience Development (6) \u2013 Do-it-yourself-Vermittlung 3: \u00dcberlegungen zu Raum und Zeit","author":"Benjamin Schaefer","date":"15. April 2015","format":false,"excerpt":"Dem Jazz wird oft vorgeworfen, er h\u00e4nge von der Art seiner Pr\u00e4sentation immer noch in den goldenen Zeiten der 1950er und 60er Jahre fest. Auch wenn es l\u00e4ngst viele lobenswerte Ver\u00e4nderungen gibt \u2013 einige habe ich in der einleitenden Folge dieser Blogserie bereits genannt \u2013, w\u00fcrde mir doch auf die\u2026","rel":"","context":"In &quot;Blog&quot;","block_context":{"text":"Blog","link":"https:\/\/www.jazzzeitung.de\/cms\/thema\/blog\/"},"img":{"alt_text":"","src":"","width":0,"height":0},"classes":[]},{"id":8531,"url":"https:\/\/www.jazzzeitung.de\/cms\/2016\/02\/news-boogie-woogie-blues-piano-die-klaenge-der-anderen-neuer-deutscher-jazzpreis-mannheim-2016\/","url_meta":{"origin":5838,"position":4},"title":"+++ News +++ Boogie &#038; Woogie-Blues-Piano +++ Die Kl\u00e4nge der Anderen +++ Neuer Deutscher Jazzpreis Mannheim 2016 +++","author":"Redaktion JazzZeitung","date":"26. Februar 2016","format":false,"excerpt":"+++ Boogie & Woogie-Blues-Piano +++ Der Hamburger Axel Zwingenberger spielt am Freitag, den 11. M\u00e4rz 2016 Blues und Boogie & Woogie auf der Piano-B\u00fchne Oberthulba. Seit 2001 ist der aus Radio und TV bekannte Pianist Stammgast auf dieser B\u00fchne. Er trat unter anderem mit Llionel Hampton, Ray Briant, Charly Watts\u2026","rel":"","context":"In &quot;News&quot;","block_context":{"text":"News","link":"https:\/\/www.jazzzeitung.de\/cms\/thema\/nachrichten\/"},"img":{"alt_text":"","src":"https:\/\/i0.wp.com\/www.jazzzeitung.de\/cms\/wp-content\/uploads\/2016\/02\/Zwingenberger-300x200.jpg?resize=350%2C200","width":350,"height":200},"classes":[]},{"id":5712,"url":"https:\/\/www.jazzzeitung.de\/cms\/2015\/03\/audience-development-4-do-it-yourself-vermittlung-1-text-bild-und-ton\/","url_meta":{"origin":5838,"position":5},"title":"Audience Development (4) &#8211; Do-it-yourself-Vermittlung 1: Text, Bild und Ton","author":"Benjamin Schaefer","date":"15. M\u00e4rz 2015","format":false,"excerpt":"Wie in der letzten Blogfolge deutlich wurde, spielt die Vermittlung zwischen K\u00fcnstler und Publikum eine zentrale Rolle f\u00fcr Zuspruch und Akzeptanz der jeweiligen Musik. Als grob vereinfachende Faustregel k\u00f6nnte gelten: je kopflastiger, sperriger, dissonanter die Musik, desto weniger ist sie unmittelbar zug\u00e4nglich, desto mehr Vermittlungsangebot w\u00e4re sinnvoll. H\u00e4tte man ausreichend\u2026","rel":"","context":"In &quot;Blog&quot;","block_context":{"text":"Blog","link":"https:\/\/www.jazzzeitung.de\/cms\/thema\/blog\/"},"img":{"alt_text":"","src":"","width":0,"height":0},"classes":[]}],"jetpack_sharing_enabled":true,"_links":{"self":[{"href":"https:\/\/www.jazzzeitung.de\/cms\/wp-json\/wp\/v2\/posts\/5838","targetHints":{"allow":["GET"]}}],"collection":[{"href":"https:\/\/www.jazzzeitung.de\/cms\/wp-json\/wp\/v2\/posts"}],"about":[{"href":"https:\/\/www.jazzzeitung.de\/cms\/wp-json\/wp\/v2\/types\/post"}],"author":[{"embeddable":true,"href":"https:\/\/www.jazzzeitung.de\/cms\/wp-json\/wp\/v2\/users\/15"}],"replies":[{"embeddable":true,"href":"https:\/\/www.jazzzeitung.de\/cms\/wp-json\/wp\/v2\/comments?post=5838"}],"version-history":[{"count":4,"href":"https:\/\/www.jazzzeitung.de\/cms\/wp-json\/wp\/v2\/posts\/5838\/revisions"}],"predecessor-version":[{"id":5873,"href":"https:\/\/www.jazzzeitung.de\/cms\/wp-json\/wp\/v2\/posts\/5838\/revisions\/5873"}],"wp:attachment":[{"href":"https:\/\/www.jazzzeitung.de\/cms\/wp-json\/wp\/v2\/media?parent=5838"}],"wp:term":[{"taxonomy":"category","embeddable":true,"href":"https:\/\/www.jazzzeitung.de\/cms\/wp-json\/wp\/v2\/categories?post=5838"},{"taxonomy":"post_tag","embeddable":true,"href":"https:\/\/www.jazzzeitung.de\/cms\/wp-json\/wp\/v2\/tags?post=5838"},{"taxonomy":"author","embeddable":true,"href":"https:\/\/www.jazzzeitung.de\/cms\/wp-json\/wp\/v2\/coauthors?post=5838"}],"curies":[{"name":"wp","href":"https:\/\/api.w.org\/{rel}","templated":true}]}}