{"id":5831,"date":"2015-03-30T10:57:30","date_gmt":"2015-03-30T08:57:30","guid":{"rendered":"http:\/\/www.jazzzeitung.de\/cms\/?p=5831"},"modified":"2015-04-08T12:27:27","modified_gmt":"2015-04-08T10:27:27","slug":"wolfgang-sander-keith-jarrett-eine-biographie","status":"publish","type":"post","link":"https:\/\/www.jazzzeitung.de\/cms\/2015\/03\/wolfgang-sander-keith-jarrett-eine-biographie\/","title":{"rendered":"Wolfgang Sandner: Keith Jarrett. Eine Biographie."},"content":{"rendered":"<p>Keith Jarrett feiert am 8. Mai diesen Jahres seinen 70. Geburtstag. Das wird nat\u00fcrlich geb\u00fchrend gefeiert. Im Hause ECM werden zu diesem Anlass gleich zwei Aufnahmen erscheinen. Eine klassische Einspielung mit Werken von Samuel Barber &amp; Bela Bartok, sowie eine Solo CD mit Live-Improvisationen aus dem Jahr 2014. Soviel zu seiner Musik, die aktuell ver\u00f6ffentlicht wird. Und damit kommen wir auch gleich zum wesentlichen Punkt. Bei Jarrett steht immer die Musik im Vordergrund. \u00dcber den Menschen Keith Jarrett selbst blieb bisher vieles im Hintergrund und Verborgenen. Wolfgang Sandner, der ihn in pers\u00f6nlichen Gespr\u00e4chen kennenlernen durfte, legt nun ebenfalls rechtzeitig zum seinem 70. Geburtstag eine fundierte Biografie \u00fcber den Ausnahmepianisten vor.<\/p>\n<figure id=\"attachment_5833\" aria-describedby=\"caption-attachment-5833\" style=\"width: 150px\" class=\"wp-caption alignright\"><a href=\"https:\/\/i0.wp.com\/www.jazzzeitung.de\/cms\/wp-content\/uploads\/2015\/03\/Jarrett-Keith-Copyright-by-TJ-Krebs-jazzphotoagency%40web.de_.jpg\"><img data-recalc-dims=\"1\" loading=\"lazy\" decoding=\"async\" data-attachment-id=\"5833\" data-permalink=\"https:\/\/www.jazzzeitung.de\/cms\/2015\/03\/wolfgang-sander-keith-jarrett-eine-biographie\/jarrett-keith-copyright-by-tj-krebs-jazzphotoagencyweb-de\/\" data-orig-file=\"https:\/\/i0.wp.com\/www.jazzzeitung.de\/cms\/wp-content\/uploads\/2015\/03\/Jarrett-Keith-Copyright-by-TJ-Krebs-jazzphotoagency%40web.de_.jpg?fit=1499%2C1043&amp;ssl=1\" data-orig-size=\"1499,1043\" data-comments-opened=\"1\" data-image-meta=\"{&quot;aperture&quot;:&quot;0&quot;,&quot;credit&quot;:&quot;&quot;,&quot;camera&quot;:&quot;&quot;,&quot;caption&quot;:&quot;&quot;,&quot;created_timestamp&quot;:&quot;0&quot;,&quot;copyright&quot;:&quot;&quot;,&quot;focal_length&quot;:&quot;0&quot;,&quot;iso&quot;:&quot;0&quot;,&quot;shutter_speed&quot;:&quot;0&quot;,&quot;title&quot;:&quot;&quot;,&quot;orientation&quot;:&quot;0&quot;}\" data-image-title=\"Jarrett, Keith &amp;#8211; Copyright by TJ Krebs &amp;#8211; jazzphotoagency@web.de\" data-image-description=\"\" data-image-caption=\"&lt;p&gt;Keith Jarrett. Foto. Thomas Krebs&lt;\/p&gt;\n\" data-large-file=\"https:\/\/i0.wp.com\/www.jazzzeitung.de\/cms\/wp-content\/uploads\/2015\/03\/Jarrett-Keith-Copyright-by-TJ-Krebs-jazzphotoagency%40web.de_.jpg?fit=840%2C585&amp;ssl=1\" class=\"size-thumbnail wp-image-5833\" src=\"https:\/\/i0.wp.com\/www.jazzzeitung.de\/cms\/wp-content\/uploads\/2015\/03\/Jarrett-Keith-Copyright-by-TJ-Krebs-jazzphotoagency%40web.de_-150x150.jpg?resize=150%2C150\" alt=\"Keith Jarrett. Foto. Thomas Krebs\" width=\"150\" height=\"150\" srcset=\"https:\/\/i0.wp.com\/www.jazzzeitung.de\/cms\/wp-content\/uploads\/2015\/03\/Jarrett-Keith-Copyright-by-TJ-Krebs-jazzphotoagency%40web.de_.jpg?resize=150%2C150&amp;ssl=1 150w, https:\/\/i0.wp.com\/www.jazzzeitung.de\/cms\/wp-content\/uploads\/2015\/03\/Jarrett-Keith-Copyright-by-TJ-Krebs-jazzphotoagency%40web.de_.jpg?resize=144%2C144&amp;ssl=1 144w, https:\/\/i0.wp.com\/www.jazzzeitung.de\/cms\/wp-content\/uploads\/2015\/03\/Jarrett-Keith-Copyright-by-TJ-Krebs-jazzphotoagency%40web.de_.jpg?resize=96%2C96&amp;ssl=1 96w, https:\/\/i0.wp.com\/www.jazzzeitung.de\/cms\/wp-content\/uploads\/2015\/03\/Jarrett-Keith-Copyright-by-TJ-Krebs-jazzphotoagency%40web.de_.jpg?resize=24%2C24&amp;ssl=1 24w, https:\/\/i0.wp.com\/www.jazzzeitung.de\/cms\/wp-content\/uploads\/2015\/03\/Jarrett-Keith-Copyright-by-TJ-Krebs-jazzphotoagency%40web.de_.jpg?resize=36%2C36&amp;ssl=1 36w, https:\/\/i0.wp.com\/www.jazzzeitung.de\/cms\/wp-content\/uploads\/2015\/03\/Jarrett-Keith-Copyright-by-TJ-Krebs-jazzphotoagency%40web.de_.jpg?resize=48%2C48&amp;ssl=1 48w, https:\/\/i0.wp.com\/www.jazzzeitung.de\/cms\/wp-content\/uploads\/2015\/03\/Jarrett-Keith-Copyright-by-TJ-Krebs-jazzphotoagency%40web.de_.jpg?resize=64%2C64&amp;ssl=1 64w, https:\/\/i0.wp.com\/www.jazzzeitung.de\/cms\/wp-content\/uploads\/2015\/03\/Jarrett-Keith-Copyright-by-TJ-Krebs-jazzphotoagency%40web.de_.jpg?resize=32%2C32&amp;ssl=1 32w, https:\/\/i0.wp.com\/www.jazzzeitung.de\/cms\/wp-content\/uploads\/2015\/03\/Jarrett-Keith-Copyright-by-TJ-Krebs-jazzphotoagency%40web.de_.jpg?resize=128%2C128&amp;ssl=1 128w, https:\/\/i0.wp.com\/www.jazzzeitung.de\/cms\/wp-content\/uploads\/2015\/03\/Jarrett-Keith-Copyright-by-TJ-Krebs-jazzphotoagency%40web.de_.jpg?zoom=2&amp;resize=150%2C150&amp;ssl=1 300w, https:\/\/i0.wp.com\/www.jazzzeitung.de\/cms\/wp-content\/uploads\/2015\/03\/Jarrett-Keith-Copyright-by-TJ-Krebs-jazzphotoagency%40web.de_.jpg?zoom=3&amp;resize=150%2C150&amp;ssl=1 450w\" sizes=\"auto, (max-width: 150px) 100vw, 150px\" \/><\/a><figcaption id=\"caption-attachment-5833\" class=\"wp-caption-text\">Keith Jarrett. Foto: Thomas Krebs<\/figcaption><\/figure>\n<p>Das bis dato einzige erschienene, gro\u00df angelegte Werk schrieb 1992 der britische Trompeter Ian Carr. In der Zwischenzeit hat sich aber nicht nur im Jazz, sondern auch bei Jarrett viel ereignet, so dass Sandners Buch nicht zuletzt zu diesem Anlass \u00fcberf\u00e4llig war. Der Leser erf\u00e4hrt hier keine voyeuristischen Einblicke in Jarretts Leben, sondern seinen Lebenslauf, der parallel mit der Entwicklung des Jazz in soziologischen und historischen Kontext gestellt und mit pers\u00f6nlichen Ereignissen verwoben wird. Selbstverst\u00e4ndlich werden auch Jarretts Idiosynkrasien beschrieben, wie seine Abneigung gegen Blitzlichter bei Konzerten oder ein unaufmerksames, undiszipliniertes Publikum. Das alles wird erw\u00e4hnt, aber der Schwerpunkt liegt ganz klar auf seinem musikalischen Werk, das ausf\u00fchrlich analysiert und immer wieder in besagten soziologischen Kontext gestellt wird, wobei die Beziehung der Jazzmusik und Jarrett als amerikanischer Jazzmusiker, der in der europ\u00e4ischen Jazz-Szene seinen Platz einnimmt, musikhistorisch kompetent hinterfragt und vielseitig beleuchtet wird. Man merkt es Sandner an, dass sein pers\u00f6nlicher Kontakt zu Jarrett die Intention eine Biografie \u00fcber ihn zu schreiben gepr\u00e4gt hat. Auch wenn er sich letztlich aufgrund eines Disputes \u00fcber das \u201eK\u00f6ln Concert\u201c mit ihm zerstritten hat. Der Liebe zu Jarrett und seiner Musik schadet dies nicht. Im Gegenteil. Ein absolut gelungenes Buch, das f\u00fcr Jarrett Fans wie f\u00fcr Jazz-Connaisseure gleicherma\u00dfen interessant ist. Daf\u00fcr ein gro\u00dfes Kompliment und Dankesch\u00f6n an Wolfgang Sandner\u2026und nat\u00fcrlich \u201eHappy Birthday\u201c Mr. Jarrett.<\/p>\n<p>Thomas J .Krebs<\/p>\n<p>&nbsp;<\/p>\n<p>Wolfgang Sander: Keith Jarrett. Eine Biographie.<\/p>\n<p>Rowohlt Berlin Verlag, Berlin 2015<br \/>\n364 Seiten, 22,95\u20ac \/ E-Book 19,99\u20ac<\/p>\n","protected":false},"excerpt":{"rendered":"<p>Keith Jarrett feiert am 8. Mai diesen Jahres seinen 70. Geburtstag. Das wird nat\u00fcrlich geb\u00fchrend gefeiert. Im Hause ECM werden zu diesem Anlass gleich zwei Aufnahmen erscheinen. Eine klassische Einspielung mit Werken von Samuel Barber &amp; Bela Bartok, sowie eine Solo CD mit Live-Improvisationen aus dem Jahr 2014. Soviel zu seiner Musik, die aktuell ver\u00f6ffentlicht wird. Und damit kommen wir auch gleich zum wesentlichen Punkt. Bei Jarrett steht immer die Musik im Vordergrund. \u00dcber den Menschen Keith Jarrett selbst blieb bisher vieles im Hintergrund und Verborgenen. Wolfgang Sandner, der ihn in pers\u00f6nlichen Gespr\u00e4chen kennenlernen durfte, legt nun ebenfalls rechtzeitig zum seinem 70. Geburtstag eine fundierte Biografie \u00fcber den Ausnahmepianisten vor. Das bis dato einzige erschienene, gro\u00df angelegte Werk schrieb 1992 der britische Trompeter Ian Carr. In der Zwischenzeit hat sich aber nicht nur im Jazz, sondern auch bei Jarrett viel ereignet, so dass Sandners Buch nicht zuletzt zu diesem Anlass \u00fcberf\u00e4llig war. Der Leser erf\u00e4hrt hier keine voyeuristischen Einblicke in Jarretts Leben, sondern seinen Lebenslauf, der parallel mit der Entwicklung des Jazz in soziologischen und historischen Kontext gestellt und mit pers\u00f6nlichen Ereignissen verwoben wird. Selbstverst\u00e4ndlich &hellip;<\/p>\n","protected":false},"author":18,"featured_media":5832,"comment_status":"open","ping_status":"closed","sticky":false,"template":"","format":"standard","meta":{"_jetpack_memberships_contains_paid_content":false,"footnotes":"","jetpack_publicize_message":"","jetpack_publicize_feature_enabled":true,"jetpack_social_post_already_shared":false,"jetpack_social_options":{"image_generator_settings":{"template":"highway","default_image_id":0,"font":"","enabled":false},"version":2}},"categories":[1152],"tags":[66,78,97,109,158,790,281,311,852],"coauthors":[695],"class_list":["post-5831","post","type-post","status-publish","format-standard","has-post-thumbnail","hentry","category-rezension","tag-berlin","tag-biografie","tag-buch","tag-cd","tag-ecm","tag-geburtstag","tag-jazzmusiker","tag-keith-jarrett","tag-koeln"],"yoast_head":"<!-- This site is optimized with the Yoast SEO plugin v27.5 - https:\/\/yoast.com\/product\/yoast-seo-wordpress\/ -->\n<title>Wolfgang Sandner: Keith Jarrett. Eine Biographie. - JazzZeitung<\/title>\n<meta name=\"robots\" content=\"index, follow, max-snippet:-1, max-image-preview:large, max-video-preview:-1\" \/>\n<link rel=\"canonical\" href=\"https:\/\/www.jazzzeitung.de\/cms\/2015\/03\/wolfgang-sander-keith-jarrett-eine-biographie\/\" \/>\n<meta property=\"og:locale\" content=\"de_DE\" \/>\n<meta property=\"og:type\" content=\"article\" \/>\n<meta property=\"og:title\" content=\"Wolfgang Sandner: Keith Jarrett. Eine Biographie. - JazzZeitung\" \/>\n<meta property=\"og:description\" content=\"Keith Jarrett feiert am 8. Mai diesen Jahres seinen 70. Geburtstag. Das wird nat\u00fcrlich geb\u00fchrend gefeiert. Im Hause ECM werden zu diesem Anlass gleich zwei Aufnahmen erscheinen. Eine klassische Einspielung mit Werken von Samuel Barber &amp; Bela Bartok, sowie eine Solo CD mit Live-Improvisationen aus dem Jahr 2014. Soviel zu seiner Musik, die aktuell ver\u00f6ffentlicht wird. Und damit kommen wir auch gleich zum wesentlichen Punkt. Bei Jarrett steht immer die Musik im Vordergrund. \u00dcber den Menschen Keith Jarrett selbst blieb bisher vieles im Hintergrund und Verborgenen. Wolfgang Sandner, der ihn in pers\u00f6nlichen Gespr\u00e4chen kennenlernen durfte, legt nun ebenfalls rechtzeitig zum seinem 70. Geburtstag eine fundierte Biografie \u00fcber den Ausnahmepianisten vor. Das bis dato einzige erschienene, gro\u00df angelegte Werk schrieb 1992 der britische Trompeter Ian Carr. In der Zwischenzeit hat sich aber nicht nur im Jazz, sondern auch bei Jarrett viel ereignet, so dass Sandners Buch nicht zuletzt zu diesem Anlass \u00fcberf\u00e4llig war. Der Leser erf\u00e4hrt hier keine voyeuristischen Einblicke in Jarretts Leben, sondern seinen Lebenslauf, der parallel mit der Entwicklung des Jazz in soziologischen und historischen Kontext gestellt und mit pers\u00f6nlichen Ereignissen verwoben wird. Selbstverst\u00e4ndlich &hellip;\" \/>\n<meta property=\"og:url\" content=\"https:\/\/www.jazzzeitung.de\/cms\/2015\/03\/wolfgang-sander-keith-jarrett-eine-biographie\/\" \/>\n<meta property=\"og:site_name\" content=\"JazzZeitung\" \/>\n<meta property=\"article:publisher\" content=\"https:\/\/www.facebook.com\/JazzZeitung\/\" \/>\n<meta property=\"article:published_time\" content=\"2015-03-30T08:57:30+00:00\" \/>\n<meta property=\"article:modified_time\" content=\"2015-04-08T10:27:27+00:00\" \/>\n<meta property=\"og:image\" content=\"https:\/\/www.jazzzeitung.de\/cms\/wp-content\/uploads\/2015\/03\/Cover_Sandner-Keith-Jarrett-367x600.jpg\" \/>\n\t<meta property=\"og:image:width\" content=\"367\" \/>\n\t<meta property=\"og:image:height\" content=\"600\" \/>\n\t<meta property=\"og:image:type\" content=\"image\/jpeg\" \/>\n<meta name=\"author\" content=\"Redaktion JazzZeitung\" \/>\n<script type=\"application\/ld+json\" class=\"yoast-schema-graph\">{\"@context\":\"https:\\\/\\\/schema.org\",\"@graph\":[{\"@type\":\"Article\",\"@id\":\"https:\\\/\\\/www.jazzzeitung.de\\\/cms\\\/2015\\\/03\\\/wolfgang-sander-keith-jarrett-eine-biographie\\\/#article\",\"isPartOf\":{\"@id\":\"https:\\\/\\\/www.jazzzeitung.de\\\/cms\\\/2015\\\/03\\\/wolfgang-sander-keith-jarrett-eine-biographie\\\/\"},\"author\":{\"name\":\"Redaktion JazzZeitung\",\"@id\":\"https:\\\/\\\/www.jazzzeitung.de\\\/cms\\\/#\\\/schema\\\/person\\\/2245b36b9cd1d24cea10f01c031fb92b\"},\"headline\":\"Wolfgang Sandner: Keith Jarrett. Eine Biographie.\",\"datePublished\":\"2015-03-30T08:57:30+00:00\",\"dateModified\":\"2015-04-08T10:27:27+00:00\",\"mainEntityOfPage\":{\"@id\":\"https:\\\/\\\/www.jazzzeitung.de\\\/cms\\\/2015\\\/03\\\/wolfgang-sander-keith-jarrett-eine-biographie\\\/\"},\"wordCount\":382,\"commentCount\":0,\"publisher\":{\"@id\":\"https:\\\/\\\/www.jazzzeitung.de\\\/cms\\\/#organization\"},\"image\":{\"@id\":\"https:\\\/\\\/www.jazzzeitung.de\\\/cms\\\/2015\\\/03\\\/wolfgang-sander-keith-jarrett-eine-biographie\\\/#primaryimage\"},\"thumbnailUrl\":\"https:\\\/\\\/i0.wp.com\\\/www.jazzzeitung.de\\\/cms\\\/wp-content\\\/uploads\\\/2015\\\/03\\\/Cover_Sandner-Keith-Jarrett.jpg?fit=1512%2C2469&ssl=1\",\"keywords\":[\"Berlin\",\"Biografie\",\"Buch\",\"CD\",\"ECM\",\"Geburtstag\",\"Jazzmusiker\",\"Keith Jarrett\",\"K\u00f6ln\"],\"articleSection\":[\"Rezension\"],\"inLanguage\":\"de\",\"potentialAction\":[{\"@type\":\"CommentAction\",\"name\":\"Comment\",\"target\":[\"https:\\\/\\\/www.jazzzeitung.de\\\/cms\\\/2015\\\/03\\\/wolfgang-sander-keith-jarrett-eine-biographie\\\/#respond\"]}]},{\"@type\":\"WebPage\",\"@id\":\"https:\\\/\\\/www.jazzzeitung.de\\\/cms\\\/2015\\\/03\\\/wolfgang-sander-keith-jarrett-eine-biographie\\\/\",\"url\":\"https:\\\/\\\/www.jazzzeitung.de\\\/cms\\\/2015\\\/03\\\/wolfgang-sander-keith-jarrett-eine-biographie\\\/\",\"name\":\"Wolfgang Sandner: Keith Jarrett. Eine Biographie. - JazzZeitung\",\"isPartOf\":{\"@id\":\"https:\\\/\\\/www.jazzzeitung.de\\\/cms\\\/#website\"},\"primaryImageOfPage\":{\"@id\":\"https:\\\/\\\/www.jazzzeitung.de\\\/cms\\\/2015\\\/03\\\/wolfgang-sander-keith-jarrett-eine-biographie\\\/#primaryimage\"},\"image\":{\"@id\":\"https:\\\/\\\/www.jazzzeitung.de\\\/cms\\\/2015\\\/03\\\/wolfgang-sander-keith-jarrett-eine-biographie\\\/#primaryimage\"},\"thumbnailUrl\":\"https:\\\/\\\/i0.wp.com\\\/www.jazzzeitung.de\\\/cms\\\/wp-content\\\/uploads\\\/2015\\\/03\\\/Cover_Sandner-Keith-Jarrett.jpg?fit=1512%2C2469&ssl=1\",\"datePublished\":\"2015-03-30T08:57:30+00:00\",\"dateModified\":\"2015-04-08T10:27:27+00:00\",\"breadcrumb\":{\"@id\":\"https:\\\/\\\/www.jazzzeitung.de\\\/cms\\\/2015\\\/03\\\/wolfgang-sander-keith-jarrett-eine-biographie\\\/#breadcrumb\"},\"inLanguage\":\"de\",\"potentialAction\":[{\"@type\":\"ReadAction\",\"target\":[\"https:\\\/\\\/www.jazzzeitung.de\\\/cms\\\/2015\\\/03\\\/wolfgang-sander-keith-jarrett-eine-biographie\\\/\"]}]},{\"@type\":\"ImageObject\",\"inLanguage\":\"de\",\"@id\":\"https:\\\/\\\/www.jazzzeitung.de\\\/cms\\\/2015\\\/03\\\/wolfgang-sander-keith-jarrett-eine-biographie\\\/#primaryimage\",\"url\":\"https:\\\/\\\/i0.wp.com\\\/www.jazzzeitung.de\\\/cms\\\/wp-content\\\/uploads\\\/2015\\\/03\\\/Cover_Sandner-Keith-Jarrett.jpg?fit=1512%2C2469&ssl=1\",\"contentUrl\":\"https:\\\/\\\/i0.wp.com\\\/www.jazzzeitung.de\\\/cms\\\/wp-content\\\/uploads\\\/2015\\\/03\\\/Cover_Sandner-Keith-Jarrett.jpg?fit=1512%2C2469&ssl=1\",\"width\":1512,\"height\":2469,\"caption\":\"Wolfgang Sander: Keith Jarrett. Eine Biographie. Rowohlt Berlin Verlag, Berlin 2015 364 Seiten, 22,95\u20ac \\\/ E-Book 19,99\u20ac\"},{\"@type\":\"BreadcrumbList\",\"@id\":\"https:\\\/\\\/www.jazzzeitung.de\\\/cms\\\/2015\\\/03\\\/wolfgang-sander-keith-jarrett-eine-biographie\\\/#breadcrumb\",\"itemListElement\":[{\"@type\":\"ListItem\",\"position\":1,\"name\":\"Startseite\",\"item\":\"https:\\\/\\\/www.jazzzeitung.de\\\/cms\\\/\"},{\"@type\":\"ListItem\",\"position\":2,\"name\":\"Wolfgang Sandner: Keith Jarrett. Eine Biographie.\"}]},{\"@type\":\"WebSite\",\"@id\":\"https:\\\/\\\/www.jazzzeitung.de\\\/cms\\\/#website\",\"url\":\"https:\\\/\\\/www.jazzzeitung.de\\\/cms\\\/\",\"name\":\"JazzZeitung\",\"description\":\"Jazz-News und Jazz-Kontroverses\",\"publisher\":{\"@id\":\"https:\\\/\\\/www.jazzzeitung.de\\\/cms\\\/#organization\"},\"potentialAction\":[{\"@type\":\"SearchAction\",\"target\":{\"@type\":\"EntryPoint\",\"urlTemplate\":\"https:\\\/\\\/www.jazzzeitung.de\\\/cms\\\/?s={search_term_string}\"},\"query-input\":{\"@type\":\"PropertyValueSpecification\",\"valueRequired\":true,\"valueName\":\"search_term_string\"}}],\"inLanguage\":\"de\"},{\"@type\":\"Organization\",\"@id\":\"https:\\\/\\\/www.jazzzeitung.de\\\/cms\\\/#organization\",\"name\":\"JazzZeitung online\",\"url\":\"https:\\\/\\\/www.jazzzeitung.de\\\/cms\\\/\",\"logo\":{\"@type\":\"ImageObject\",\"inLanguage\":\"de\",\"@id\":\"https:\\\/\\\/www.jazzzeitung.de\\\/cms\\\/#\\\/schema\\\/logo\\\/image\\\/\",\"url\":\"https:\\\/\\\/i0.wp.com\\\/www.jazzzeitung.de\\\/cms\\\/wp-content\\\/uploads\\\/2015\\\/08\\\/JAZZZEITUNGDE_Logo_Neu.png?fit=499%2C200&ssl=1\",\"contentUrl\":\"https:\\\/\\\/i0.wp.com\\\/www.jazzzeitung.de\\\/cms\\\/wp-content\\\/uploads\\\/2015\\\/08\\\/JAZZZEITUNGDE_Logo_Neu.png?fit=499%2C200&ssl=1\",\"width\":499,\"height\":200,\"caption\":\"JazzZeitung online\"},\"image\":{\"@id\":\"https:\\\/\\\/www.jazzzeitung.de\\\/cms\\\/#\\\/schema\\\/logo\\\/image\\\/\"},\"sameAs\":[\"https:\\\/\\\/www.facebook.com\\\/JazzZeitung\\\/\"]},{\"@type\":\"Person\",\"@id\":\"https:\\\/\\\/www.jazzzeitung.de\\\/cms\\\/#\\\/schema\\\/person\\\/2245b36b9cd1d24cea10f01c031fb92b\",\"name\":\"Redaktion JazzZeitung\",\"image\":{\"@type\":\"ImageObject\",\"inLanguage\":\"de\",\"@id\":\"https:\\\/\\\/i0.wp.com\\\/www.jazzzeitung.de\\\/cms\\\/wp-content\\\/uploads\\\/2015\\\/08\\\/JAZZZEITUNGDE_Logo_Neu.png?resize=96%2C96&ssl=159975dcacb611b5700bd619b5daf0a7a\",\"url\":\"https:\\\/\\\/i0.wp.com\\\/www.jazzzeitung.de\\\/cms\\\/wp-content\\\/uploads\\\/2015\\\/08\\\/JAZZZEITUNGDE_Logo_Neu.png?resize=96%2C96&ssl=1\",\"contentUrl\":\"https:\\\/\\\/i0.wp.com\\\/www.jazzzeitung.de\\\/cms\\\/wp-content\\\/uploads\\\/2015\\\/08\\\/JAZZZEITUNGDE_Logo_Neu.png?resize=96%2C96&ssl=1\",\"caption\":\"Redaktion JazzZeitung\"},\"description\":\"Artikel der Redaktion der JazzZeitung.\",\"sameAs\":[\"http:\\\/\\\/www.jazzzeitung.de\\\/cms\\\/\"],\"url\":\"https:\\\/\\\/www.jazzzeitung.de\\\/cms\\\/author\\\/redaktion\\\/\"}]}<\/script>\n<!-- \/ Yoast SEO plugin. -->","yoast_head_json":{"title":"Wolfgang Sandner: Keith Jarrett. Eine Biographie. - JazzZeitung","robots":{"index":"index","follow":"follow","max-snippet":"max-snippet:-1","max-image-preview":"max-image-preview:large","max-video-preview":"max-video-preview:-1"},"canonical":"https:\/\/www.jazzzeitung.de\/cms\/2015\/03\/wolfgang-sander-keith-jarrett-eine-biographie\/","og_locale":"de_DE","og_type":"article","og_title":"Wolfgang Sandner: Keith Jarrett. Eine Biographie. - JazzZeitung","og_description":"Keith Jarrett feiert am 8. Mai diesen Jahres seinen 70. Geburtstag. Das wird nat\u00fcrlich geb\u00fchrend gefeiert. Im Hause ECM werden zu diesem Anlass gleich zwei Aufnahmen erscheinen. Eine klassische Einspielung mit Werken von Samuel Barber &amp; Bela Bartok, sowie eine Solo CD mit Live-Improvisationen aus dem Jahr 2014. Soviel zu seiner Musik, die aktuell ver\u00f6ffentlicht wird. Und damit kommen wir auch gleich zum wesentlichen Punkt. Bei Jarrett steht immer die Musik im Vordergrund. \u00dcber den Menschen Keith Jarrett selbst blieb bisher vieles im Hintergrund und Verborgenen. Wolfgang Sandner, der ihn in pers\u00f6nlichen Gespr\u00e4chen kennenlernen durfte, legt nun ebenfalls rechtzeitig zum seinem 70. Geburtstag eine fundierte Biografie \u00fcber den Ausnahmepianisten vor. Das bis dato einzige erschienene, gro\u00df angelegte Werk schrieb 1992 der britische Trompeter Ian Carr. In der Zwischenzeit hat sich aber nicht nur im Jazz, sondern auch bei Jarrett viel ereignet, so dass Sandners Buch nicht zuletzt zu diesem Anlass \u00fcberf\u00e4llig war. Der Leser erf\u00e4hrt hier keine voyeuristischen Einblicke in Jarretts Leben, sondern seinen Lebenslauf, der parallel mit der Entwicklung des Jazz in soziologischen und historischen Kontext gestellt und mit pers\u00f6nlichen Ereignissen verwoben wird. Selbstverst\u00e4ndlich &hellip;","og_url":"https:\/\/www.jazzzeitung.de\/cms\/2015\/03\/wolfgang-sander-keith-jarrett-eine-biographie\/","og_site_name":"JazzZeitung","article_publisher":"https:\/\/www.facebook.com\/JazzZeitung\/","article_published_time":"2015-03-30T08:57:30+00:00","article_modified_time":"2015-04-08T10:27:27+00:00","og_image":[{"width":367,"height":600,"url":"https:\/\/www.jazzzeitung.de\/cms\/wp-content\/uploads\/2015\/03\/Cover_Sandner-Keith-Jarrett-367x600.jpg","type":"image\/jpeg"}],"author":"Redaktion JazzZeitung","schema":{"@context":"https:\/\/schema.org","@graph":[{"@type":"Article","@id":"https:\/\/www.jazzzeitung.de\/cms\/2015\/03\/wolfgang-sander-keith-jarrett-eine-biographie\/#article","isPartOf":{"@id":"https:\/\/www.jazzzeitung.de\/cms\/2015\/03\/wolfgang-sander-keith-jarrett-eine-biographie\/"},"author":{"name":"Redaktion JazzZeitung","@id":"https:\/\/www.jazzzeitung.de\/cms\/#\/schema\/person\/2245b36b9cd1d24cea10f01c031fb92b"},"headline":"Wolfgang Sandner: Keith Jarrett. Eine Biographie.","datePublished":"2015-03-30T08:57:30+00:00","dateModified":"2015-04-08T10:27:27+00:00","mainEntityOfPage":{"@id":"https:\/\/www.jazzzeitung.de\/cms\/2015\/03\/wolfgang-sander-keith-jarrett-eine-biographie\/"},"wordCount":382,"commentCount":0,"publisher":{"@id":"https:\/\/www.jazzzeitung.de\/cms\/#organization"},"image":{"@id":"https:\/\/www.jazzzeitung.de\/cms\/2015\/03\/wolfgang-sander-keith-jarrett-eine-biographie\/#primaryimage"},"thumbnailUrl":"https:\/\/i0.wp.com\/www.jazzzeitung.de\/cms\/wp-content\/uploads\/2015\/03\/Cover_Sandner-Keith-Jarrett.jpg?fit=1512%2C2469&ssl=1","keywords":["Berlin","Biografie","Buch","CD","ECM","Geburtstag","Jazzmusiker","Keith Jarrett","K\u00f6ln"],"articleSection":["Rezension"],"inLanguage":"de","potentialAction":[{"@type":"CommentAction","name":"Comment","target":["https:\/\/www.jazzzeitung.de\/cms\/2015\/03\/wolfgang-sander-keith-jarrett-eine-biographie\/#respond"]}]},{"@type":"WebPage","@id":"https:\/\/www.jazzzeitung.de\/cms\/2015\/03\/wolfgang-sander-keith-jarrett-eine-biographie\/","url":"https:\/\/www.jazzzeitung.de\/cms\/2015\/03\/wolfgang-sander-keith-jarrett-eine-biographie\/","name":"Wolfgang Sandner: Keith Jarrett. Eine Biographie. - JazzZeitung","isPartOf":{"@id":"https:\/\/www.jazzzeitung.de\/cms\/#website"},"primaryImageOfPage":{"@id":"https:\/\/www.jazzzeitung.de\/cms\/2015\/03\/wolfgang-sander-keith-jarrett-eine-biographie\/#primaryimage"},"image":{"@id":"https:\/\/www.jazzzeitung.de\/cms\/2015\/03\/wolfgang-sander-keith-jarrett-eine-biographie\/#primaryimage"},"thumbnailUrl":"https:\/\/i0.wp.com\/www.jazzzeitung.de\/cms\/wp-content\/uploads\/2015\/03\/Cover_Sandner-Keith-Jarrett.jpg?fit=1512%2C2469&ssl=1","datePublished":"2015-03-30T08:57:30+00:00","dateModified":"2015-04-08T10:27:27+00:00","breadcrumb":{"@id":"https:\/\/www.jazzzeitung.de\/cms\/2015\/03\/wolfgang-sander-keith-jarrett-eine-biographie\/#breadcrumb"},"inLanguage":"de","potentialAction":[{"@type":"ReadAction","target":["https:\/\/www.jazzzeitung.de\/cms\/2015\/03\/wolfgang-sander-keith-jarrett-eine-biographie\/"]}]},{"@type":"ImageObject","inLanguage":"de","@id":"https:\/\/www.jazzzeitung.de\/cms\/2015\/03\/wolfgang-sander-keith-jarrett-eine-biographie\/#primaryimage","url":"https:\/\/i0.wp.com\/www.jazzzeitung.de\/cms\/wp-content\/uploads\/2015\/03\/Cover_Sandner-Keith-Jarrett.jpg?fit=1512%2C2469&ssl=1","contentUrl":"https:\/\/i0.wp.com\/www.jazzzeitung.de\/cms\/wp-content\/uploads\/2015\/03\/Cover_Sandner-Keith-Jarrett.jpg?fit=1512%2C2469&ssl=1","width":1512,"height":2469,"caption":"Wolfgang Sander: Keith Jarrett. Eine Biographie. Rowohlt Berlin Verlag, Berlin 2015 364 Seiten, 22,95\u20ac \/ E-Book 19,99\u20ac"},{"@type":"BreadcrumbList","@id":"https:\/\/www.jazzzeitung.de\/cms\/2015\/03\/wolfgang-sander-keith-jarrett-eine-biographie\/#breadcrumb","itemListElement":[{"@type":"ListItem","position":1,"name":"Startseite","item":"https:\/\/www.jazzzeitung.de\/cms\/"},{"@type":"ListItem","position":2,"name":"Wolfgang Sandner: Keith Jarrett. Eine Biographie."}]},{"@type":"WebSite","@id":"https:\/\/www.jazzzeitung.de\/cms\/#website","url":"https:\/\/www.jazzzeitung.de\/cms\/","name":"JazzZeitung","description":"Jazz-News und Jazz-Kontroverses","publisher":{"@id":"https:\/\/www.jazzzeitung.de\/cms\/#organization"},"potentialAction":[{"@type":"SearchAction","target":{"@type":"EntryPoint","urlTemplate":"https:\/\/www.jazzzeitung.de\/cms\/?s={search_term_string}"},"query-input":{"@type":"PropertyValueSpecification","valueRequired":true,"valueName":"search_term_string"}}],"inLanguage":"de"},{"@type":"Organization","@id":"https:\/\/www.jazzzeitung.de\/cms\/#organization","name":"JazzZeitung online","url":"https:\/\/www.jazzzeitung.de\/cms\/","logo":{"@type":"ImageObject","inLanguage":"de","@id":"https:\/\/www.jazzzeitung.de\/cms\/#\/schema\/logo\/image\/","url":"https:\/\/i0.wp.com\/www.jazzzeitung.de\/cms\/wp-content\/uploads\/2015\/08\/JAZZZEITUNGDE_Logo_Neu.png?fit=499%2C200&ssl=1","contentUrl":"https:\/\/i0.wp.com\/www.jazzzeitung.de\/cms\/wp-content\/uploads\/2015\/08\/JAZZZEITUNGDE_Logo_Neu.png?fit=499%2C200&ssl=1","width":499,"height":200,"caption":"JazzZeitung online"},"image":{"@id":"https:\/\/www.jazzzeitung.de\/cms\/#\/schema\/logo\/image\/"},"sameAs":["https:\/\/www.facebook.com\/JazzZeitung\/"]},{"@type":"Person","@id":"https:\/\/www.jazzzeitung.de\/cms\/#\/schema\/person\/2245b36b9cd1d24cea10f01c031fb92b","name":"Redaktion JazzZeitung","image":{"@type":"ImageObject","inLanguage":"de","@id":"https:\/\/i0.wp.com\/www.jazzzeitung.de\/cms\/wp-content\/uploads\/2015\/08\/JAZZZEITUNGDE_Logo_Neu.png?resize=96%2C96&ssl=159975dcacb611b5700bd619b5daf0a7a","url":"https:\/\/i0.wp.com\/www.jazzzeitung.de\/cms\/wp-content\/uploads\/2015\/08\/JAZZZEITUNGDE_Logo_Neu.png?resize=96%2C96&ssl=1","contentUrl":"https:\/\/i0.wp.com\/www.jazzzeitung.de\/cms\/wp-content\/uploads\/2015\/08\/JAZZZEITUNGDE_Logo_Neu.png?resize=96%2C96&ssl=1","caption":"Redaktion JazzZeitung"},"description":"Artikel der Redaktion der JazzZeitung.","sameAs":["http:\/\/www.jazzzeitung.de\/cms\/"],"url":"https:\/\/www.jazzzeitung.de\/cms\/author\/redaktion\/"}]}},"wp-worthy-pixel":{"ignored":false,"public":null,"server":null,"url":null},"wp-worthy-type":"normal","jetpack_publicize_connections":[],"cc_featured_image_caption":{"caption_text":false,"source_text":false,"source_url":false},"jetpack_featured_media_url":"https:\/\/i0.wp.com\/www.jazzzeitung.de\/cms\/wp-content\/uploads\/2015\/03\/Cover_Sandner-Keith-Jarrett.jpg?fit=1512%2C2469&ssl=1","jetpack_shortlink":"https:\/\/wp.me\/p3KEcT-1w3","jetpack-related-posts":[{"id":5916,"url":"https:\/\/www.jazzzeitung.de\/cms\/2015\/04\/11-facebook-freunde-sollt-ihr-sein-2\/","url_meta":{"origin":5831,"position":0},"title":"11 Millionen Facebook-Freunde sollt ihr sein","author":"Martin Hufner","date":"10. April 2015","format":false,"excerpt":"Eher durch einen Zufall und durch Langeweile durchforstete ich das Facebook-Universum, um ein Fan von Keith Jarrett zu werden. Der hat ja bald einen runden Geburtstag. Ich erinnerte mich an eine Sendereihe von Peter R\u00fcedi aus den fr\u00fchen 80er Jahren beim NDR, als der noch so etwas wie einen Kulturkanal\u2026","rel":"","context":"In &quot;Blog&quot;","block_context":{"text":"Blog","link":"https:\/\/www.jazzzeitung.de\/cms\/thema\/blog\/"},"img":{"alt_text":"54.000 Freunde sollt ihr sein.","src":"https:\/\/i0.wp.com\/www.jazzzeitung.de\/cms\/wp-content\/uploads\/2015\/04\/screenshot-www-facebook-com-2015-04-09-18-27-28.png?fit=418%2C434&ssl=1&resize=350%2C200","width":350,"height":200},"classes":[]},{"id":17510,"url":"https:\/\/www.jazzzeitung.de\/cms\/2018\/10\/17510\/","url_meta":{"origin":5831,"position":1},"title":"Rezension: Keith Jarrett: La Fenice","author":"Huflaikhan","date":"20. Oktober 2018","format":false,"excerpt":"Man wei\u00df nicht so genau, was noch in den Archiven von ECM schlummern mag, aber da scheint es ja in Sachen Jarrett kaum ein Ende zu geben. Nun also eine Aufnahme aus dem \u201eGran Teatro La Fenice\u201c in Venedig. Man schreibt das Jahr 2006. Und Keith Jarrett schreibt eine weitere\u2026","rel":"","context":"In &quot;Rezension&quot;","block_context":{"text":"Rezension","link":"https:\/\/www.jazzzeitung.de\/cms\/thema\/rezension\/"},"img":{"alt_text":"Keith Jarrett: La Fenice","src":"https:\/\/i0.wp.com\/www.jazzzeitung.de\/cms\/wp-content\/uploads\/2018\/10\/cd_jarrett_fenice.jpg?fit=800%2C800&ssl=1&resize=350%2C200","width":350,"height":200,"srcset":"https:\/\/i0.wp.com\/www.jazzzeitung.de\/cms\/wp-content\/uploads\/2018\/10\/cd_jarrett_fenice.jpg?fit=800%2C800&ssl=1&resize=350%2C200 1x, https:\/\/i0.wp.com\/www.jazzzeitung.de\/cms\/wp-content\/uploads\/2018\/10\/cd_jarrett_fenice.jpg?fit=800%2C800&ssl=1&resize=525%2C300 1.5x, https:\/\/i0.wp.com\/www.jazzzeitung.de\/cms\/wp-content\/uploads\/2018\/10\/cd_jarrett_fenice.jpg?fit=800%2C800&ssl=1&resize=700%2C400 2x"},"classes":[]},{"id":14437,"url":"https:\/\/www.jazzzeitung.de\/cms\/2017\/11\/wer-ist-eigentlich-dieser-kies-jerry\/","url_meta":{"origin":5831,"position":2},"title":"Wer ist eigentlich dieser Kies Jerry@?","author":"Huflaikhan","date":"30. November 2017","format":false,"excerpt":"Die Ver\u00f6ffentlichung der Aufnahmen des Labels ECM bei zahlreichen Streamingdiensten hat f\u00fcr einiges Aufsehen und -h\u00f6ren gesorgt. Aber nat\u00fcrlich gibt es auch eine Welt jenseits von ECM. Vor allem bei Kies Jerry@ - wie mein \"guter\" Freund \u201eSiri\u201c immer sagt. Es folgt also eine kleine Playlist mit den vermutlich nicht\u2026","rel":"","context":"In &quot;Blog&quot;","block_context":{"text":"Blog","link":"https:\/\/www.jazzzeitung.de\/cms\/thema\/blog\/"},"img":{"alt_text":"Wenn Siri Keith Jarrett versteht. Screenshot","src":"https:\/\/i0.wp.com\/www.jazzzeitung.de\/cms\/wp-content\/uploads\/2017\/11\/keith_jerry.jpg?fit=1200%2C900&ssl=1&resize=350%2C200","width":350,"height":200,"srcset":"https:\/\/i0.wp.com\/www.jazzzeitung.de\/cms\/wp-content\/uploads\/2017\/11\/keith_jerry.jpg?fit=1200%2C900&ssl=1&resize=350%2C200 1x, https:\/\/i0.wp.com\/www.jazzzeitung.de\/cms\/wp-content\/uploads\/2017\/11\/keith_jerry.jpg?fit=1200%2C900&ssl=1&resize=525%2C300 1.5x, https:\/\/i0.wp.com\/www.jazzzeitung.de\/cms\/wp-content\/uploads\/2017\/11\/keith_jerry.jpg?fit=1200%2C900&ssl=1&resize=700%2C400 2x, https:\/\/i0.wp.com\/www.jazzzeitung.de\/cms\/wp-content\/uploads\/2017\/11\/keith_jerry.jpg?fit=1200%2C900&ssl=1&resize=1050%2C600 3x"},"classes":[]},{"id":33283,"url":"https:\/\/www.jazzzeitung.de\/cms\/2025\/10\/zum-tod-des-meistertrommlers-und-komponisten-jack-dejohnette\/","url_meta":{"origin":5831,"position":3},"title":"Zum Tod des Meistertrommlers und Komponisten Jack DeJohnette","author":"Andreas Kolb","date":"29. Oktober 2025","format":false,"excerpt":"Jack DeJohnette hat als Jazzschlagzeuger Musikgeschichte geschrieben. Gr\u00f6\u00dfen wie Miles Davis, Keith Jarrett und John Coltrane geh\u00f6rten zu seinen Partnern. Nun ist der Musiker im Alter von 83 Jahren gestorben, wie sein Label ECM mitteilte. Ornette Coleman, Sonny Rollins, Sun Ra, Jackie McLean, Thelonious Monk, Bill Evans, Stan Getz, Keith\u2026","rel":"","context":"In &quot;Bericht&quot;","block_context":{"text":"Bericht","link":"https:\/\/www.jazzzeitung.de\/cms\/thema\/bericht\/"},"img":{"alt_text":"","src":"https:\/\/i0.wp.com\/www.jazzzeitung.de\/cms\/wp-content\/uploads\/2025\/10\/107-scaled.jpg?fit=1200%2C798&ssl=1&resize=350%2C200","width":350,"height":200,"srcset":"https:\/\/i0.wp.com\/www.jazzzeitung.de\/cms\/wp-content\/uploads\/2025\/10\/107-scaled.jpg?fit=1200%2C798&ssl=1&resize=350%2C200 1x, https:\/\/i0.wp.com\/www.jazzzeitung.de\/cms\/wp-content\/uploads\/2025\/10\/107-scaled.jpg?fit=1200%2C798&ssl=1&resize=525%2C300 1.5x, https:\/\/i0.wp.com\/www.jazzzeitung.de\/cms\/wp-content\/uploads\/2025\/10\/107-scaled.jpg?fit=1200%2C798&ssl=1&resize=700%2C400 2x, https:\/\/i0.wp.com\/www.jazzzeitung.de\/cms\/wp-content\/uploads\/2025\/10\/107-scaled.jpg?fit=1200%2C798&ssl=1&resize=1050%2C600 3x"},"classes":[]},{"id":28613,"url":"https:\/\/www.jazzzeitung.de\/cms\/2022\/11\/keith-lorenz-und-sebastian-allein-am-klavier-jubilaeum-strukturen-loops-jazz-cds-in-der-hoerbar-okt-2022\/","url_meta":{"origin":5831,"position":4},"title":"Keith, Lorenz und Sebastian allein am Klavier; Jubil\u00e4um, Strukturen, Loops \u2013 Jazz-CDs in der H\u00f6rBar Okt. 2022","author":"Huflaikhan","date":"11. November 2022","format":false,"excerpt":"Sternal, Kellhuber und Jarrett geben ihrem Piano Raum. Christian Muthspiel wird mit zwei Doppel-CDs gefeiert. Das Hornung-Trio w\u00fchlt mit humanoiden Strukturen auf und \u201eOh No Noh\u201c loopt sich froh und gl\u00fccklich. Die Jazz-Rezensionen in der H\u00f6rBar der neuen musikzeitung. Muthspiel \u2013 Diary 1989-2022 Sebastian Sternal \u2013 Thelonia Muthspiel & Orjazztra\u2026","rel":"","context":"In &quot;Rezension&quot;","block_context":{"text":"Rezension","link":"https:\/\/www.jazzzeitung.de\/cms\/thema\/rezension\/"},"img":{"alt_text":"Keith Jarrett \u2013 Bordeaux Concert","src":"https:\/\/i0.wp.com\/www.jazzzeitung.de\/cms\/wp-content\/uploads\/2022\/11\/42_bordeaux.jpg?fit=1200%2C1200&ssl=1&resize=350%2C200","width":350,"height":200,"srcset":"https:\/\/i0.wp.com\/www.jazzzeitung.de\/cms\/wp-content\/uploads\/2022\/11\/42_bordeaux.jpg?fit=1200%2C1200&ssl=1&resize=350%2C200 1x, https:\/\/i0.wp.com\/www.jazzzeitung.de\/cms\/wp-content\/uploads\/2022\/11\/42_bordeaux.jpg?fit=1200%2C1200&ssl=1&resize=525%2C300 1.5x, https:\/\/i0.wp.com\/www.jazzzeitung.de\/cms\/wp-content\/uploads\/2022\/11\/42_bordeaux.jpg?fit=1200%2C1200&ssl=1&resize=700%2C400 2x, https:\/\/i0.wp.com\/www.jazzzeitung.de\/cms\/wp-content\/uploads\/2022\/11\/42_bordeaux.jpg?fit=1200%2C1200&ssl=1&resize=1050%2C600 3x"},"classes":[]},{"id":32707,"url":"https:\/\/www.jazzzeitung.de\/cms\/2025\/06\/irgendwo-zwischen-tibet-und-loopcity-20-tontraegerinnen-im-schnelldurchlauf\/","url_meta":{"origin":5831,"position":5},"title":"Irgendwo zwischen Tibet und Loopcity \u2026 20 Tontr\u00e4ger:innen im Schnelldurchlauf","author":"Huflaikhan","date":"24. Juni 2025","format":false,"excerpt":"20 CDs im Schnelldurchlauf: 1. Bo van de Graaf \u2013 One Way Ticket to Tibet, 2. Leykam \/ Meyer \/ Schaller \u2013 Krautinsel; 3. European Guitar Quartet \u2013 Fourtune; 4. Sigurd Hole Ensemble \u2013 Extinction Sounds; 5. Stuppin & Berger: Aurora Borealis; 6. Florian Paul & Die Kapelle der letzten\u2026","rel":"","context":"In &quot;Rezension&quot;","block_context":{"text":"Rezension","link":"https:\/\/www.jazzzeitung.de\/cms\/thema\/rezension\/"},"img":{"alt_text":"Bo van de Graaf \u2013 One Way Ticket to Tibet","src":"https:\/\/i0.wp.com\/www.jazzzeitung.de\/cms\/wp-content\/uploads\/2025\/06\/va_de_graaf.jpeg?fit=1200%2C1200&ssl=1&resize=350%2C200","width":350,"height":200,"srcset":"https:\/\/i0.wp.com\/www.jazzzeitung.de\/cms\/wp-content\/uploads\/2025\/06\/va_de_graaf.jpeg?fit=1200%2C1200&ssl=1&resize=350%2C200 1x, https:\/\/i0.wp.com\/www.jazzzeitung.de\/cms\/wp-content\/uploads\/2025\/06\/va_de_graaf.jpeg?fit=1200%2C1200&ssl=1&resize=525%2C300 1.5x, https:\/\/i0.wp.com\/www.jazzzeitung.de\/cms\/wp-content\/uploads\/2025\/06\/va_de_graaf.jpeg?fit=1200%2C1200&ssl=1&resize=700%2C400 2x, https:\/\/i0.wp.com\/www.jazzzeitung.de\/cms\/wp-content\/uploads\/2025\/06\/va_de_graaf.jpeg?fit=1200%2C1200&ssl=1&resize=1050%2C600 3x"},"classes":[]}],"jetpack_sharing_enabled":true,"_links":{"self":[{"href":"https:\/\/www.jazzzeitung.de\/cms\/wp-json\/wp\/v2\/posts\/5831","targetHints":{"allow":["GET"]}}],"collection":[{"href":"https:\/\/www.jazzzeitung.de\/cms\/wp-json\/wp\/v2\/posts"}],"about":[{"href":"https:\/\/www.jazzzeitung.de\/cms\/wp-json\/wp\/v2\/types\/post"}],"author":[{"embeddable":true,"href":"https:\/\/www.jazzzeitung.de\/cms\/wp-json\/wp\/v2\/users\/18"}],"replies":[{"embeddable":true,"href":"https:\/\/www.jazzzeitung.de\/cms\/wp-json\/wp\/v2\/comments?post=5831"}],"version-history":[{"count":4,"href":"https:\/\/www.jazzzeitung.de\/cms\/wp-json\/wp\/v2\/posts\/5831\/revisions"}],"predecessor-version":[{"id":5902,"href":"https:\/\/www.jazzzeitung.de\/cms\/wp-json\/wp\/v2\/posts\/5831\/revisions\/5902"}],"wp:featuredmedia":[{"embeddable":true,"href":"https:\/\/www.jazzzeitung.de\/cms\/wp-json\/wp\/v2\/media\/5832"}],"wp:attachment":[{"href":"https:\/\/www.jazzzeitung.de\/cms\/wp-json\/wp\/v2\/media?parent=5831"}],"wp:term":[{"taxonomy":"category","embeddable":true,"href":"https:\/\/www.jazzzeitung.de\/cms\/wp-json\/wp\/v2\/categories?post=5831"},{"taxonomy":"post_tag","embeddable":true,"href":"https:\/\/www.jazzzeitung.de\/cms\/wp-json\/wp\/v2\/tags?post=5831"},{"taxonomy":"author","embeddable":true,"href":"https:\/\/www.jazzzeitung.de\/cms\/wp-json\/wp\/v2\/coauthors?post=5831"}],"curies":[{"name":"wp","href":"https:\/\/api.w.org\/{rel}","templated":true}]}}