{"id":577,"date":"2010-11-19T23:26:24","date_gmt":"2010-11-19T22:26:24","guid":{"rendered":"http:\/\/blogs.nmz.de\/jazz\/?p=577"},"modified":"2010-11-19T23:26:24","modified_gmt":"2010-11-19T22:26:24","slug":"jazztage-dresden-senden-s-o-s","status":"publish","type":"post","link":"https:\/\/www.jazzzeitung.de\/cms\/2010\/11\/jazztage-dresden-senden-s-o-s\/","title":{"rendered":"Jazztage Dresden senden S.O.S"},"content":{"rendered":"<p>Bitter f\u00fcr die chronisch defizit\u00e4r arbeitendenden Jazztage Dresden:<\/p>\n<p>Bei der k\u00fcrzlich zu Ende gegangenen Ausgabe 2010 hat das Festival mit rund 13.000 Besuchern einen Rekord aufgestellt, obwohl man aus Geldmangel sowohl das Werbebudget um 75 % k\u00fcrzen, als auch die Dauer des Festivals um f\u00fcnf Tage reduzieren musste. Trotzdem steht man jetzt vielleicht vor dem Aus.<\/p>\n<h6><strong><span style=\"text-decoration: underline\">keine F\u00f6rderung \u2013 kein Festival<\/span><\/strong><\/h6>\n<p>Der Grund daf\u00fcr ist im Gegensatz zum ebenfalls <a href=\"http:\/\/blogs.nmz.de\/jazz\/2010\/06\/01\/kein-geld-mehr-fuer-jazzbaltica\/\" target=\"_blank\">schwer angeschlagenen JazzBaltica<\/a> in Schleswig-Holstein nicht eine Streichung von F\u00f6rdermitteln, sondern die permanente Abwesenheit ausreichender Zusch\u00fcsse. Der Veranstalter Grandmontagne Music k\u00e4mpft seit Jahren f\u00fcr eine angemessene F\u00f6rderung durch die Stadt Dresden. Doch die h\u00e4lt sich bisher \u00fcberwiegend bedeckt \u2013 die F\u00f6rdersumme von 1.500 \u20ac f\u00fcr 2010 (von 100.000 \u20ac, die beantragt worden waren) spricht eine deutliche Sprache.<\/p>\n<p>Die Zukunft des Festivals will Grandmontagne Music nun vom F\u00f6rderantrag  f\u00fcr 2011 abh\u00e4ngig machen. Sollte dieser wieder nicht bewilligt werden,  sieht man sich kr\u00e4ftem\u00e4\u00dfig am Ende und m\u00f6chte aufh\u00f6ren. Anstelle der  Jazztage g\u00e4be es dann lediglich einige \u00fcber das Jahr verteilte  Einzelkonzerte und kleinere Konzertreihen.<\/p>\n<figure id=\"attachment_582\" aria-describedby=\"caption-attachment-582\" style=\"width: 257px\" class=\"wp-caption aligncenter\"><a href=\"https:\/\/i0.wp.com\/www.jazzzeitung.de\/cms\/wp-content\/uploads\/2010\/11\/logo.png\"><img data-recalc-dims=\"1\" loading=\"lazy\" decoding=\"async\" data-attachment-id=\"582\" data-permalink=\"https:\/\/www.jazzzeitung.de\/cms\/2010\/11\/jazztage-dresden-senden-s-o-s\/logo\/\" data-orig-file=\"https:\/\/i0.wp.com\/www.jazzzeitung.de\/cms\/wp-content\/uploads\/2010\/11\/logo.png?fit=257%2C226&amp;ssl=1\" data-orig-size=\"257,226\" data-comments-opened=\"1\" data-image-meta=\"{&quot;aperture&quot;:&quot;0&quot;,&quot;credit&quot;:&quot;&quot;,&quot;camera&quot;:&quot;&quot;,&quot;caption&quot;:&quot;&quot;,&quot;created_timestamp&quot;:&quot;0&quot;,&quot;copyright&quot;:&quot;&quot;,&quot;focal_length&quot;:&quot;0&quot;,&quot;iso&quot;:&quot;0&quot;,&quot;shutter_speed&quot;:&quot;0&quot;,&quot;title&quot;:&quot;&quot;}\" data-image-title=\"logo\" data-image-description=\"\" data-image-caption=\"\" data-large-file=\"https:\/\/i0.wp.com\/www.jazzzeitung.de\/cms\/wp-content\/uploads\/2010\/11\/logo.png?fit=257%2C226&amp;ssl=1\" class=\"size-full wp-image-582\" title=\"logo\" src=\"https:\/\/i0.wp.com\/www.jazzzeitung.de\/cms\/wp-content\/uploads\/2010\/11\/logo.png?resize=257%2C226\" alt=\"logo\" width=\"257\" height=\"226\" \/><\/a><figcaption id=\"caption-attachment-582\" class=\"wp-caption-text\">Erfolgreich und doch am Ende? Die Jazztage Dresden. Bild: Jazztage Dresden<\/figcaption><\/figure>\n<p style=\"text-align: center\">\n<h6 style=\"text-align: left\"><!--more--><\/h6>\n<h6 style=\"text-align: left\"><span style=\"text-decoration: underline\"><strong>\u00f6ffentlicher Hilferuf<\/strong><\/span><\/h6>\n<p style=\"text-align: left\">Grandmontagne Music ruft nun laut um Hilfe. Ein Auszug aus dem Aufruf, den die Veranstalter auf der Website der Jazztage Dresden ver\u00f6ffentlicht haben:<\/p>\n<p style=\"text-align: left\"><span style=\"font-family: 'Arial','sans-serif'\"><strong>(&#8230;) Die Zukunft des Festivals liegt nun in den H\u00e4nden der Stadt Dresden.<\/strong><br \/>\nBitte  \u00fcberzeugen Sie die verantwortlichen Entscheidungstr\u00e4ger der Stadt  Dresden von der Notwendigkeit und Einzigartigkeit der Jazztage Dresden. Es  gibt durchaus auch teilweise eine Bereitschaft zur Unterst\u00fctzung in der  Stadt und es ist uns auch klar, dass dies in Zeiten knapper Kassen eine  schwierige Situation ist. Wir w\u00fcnschen uns trotzdem eine faire  Behandlung der Jazztage Dresden im Vergleich zu anderen Festivals.  Allerdings brauchen auch die Politiker f\u00fcr Entscheidungen zu Gunsten der  Jazztage den R\u00fcckhalt der Besucher.<br \/>\nSchreiben Sie den  Verantwortlichen! Schreiben Sie positive Erlebnisse, Vergleichszahlen  mit anderen Festivals oder was auch immer Sie empfinden und kundtun  m\u00f6chten.<\/span><span style=\"font-family: 'Arial','sans-serif'\"> Wir  freuen uns auch \u00fcber weiteres Engagement, Sponsoring, Mithilfe und neue  Ideen der Unterst\u00fctzung. (&#8230;)<\/span><span style=\"font-family: 'Arial','sans-serif'\"> <\/span><span style=\"font-family: 'Arial','sans-serif'\">Die Gr\u00fcndung eines F\u00f6rdervereins f\u00fcr die Jazztage Dresden ist geplant.<\/span><\/p>\n<p>Mit jazzigen Gr\u00fcssen und vielen Dank f\u00fcr Ihre Zeit und Mithilfe!<br \/>\n<span style=\"font-family: 'Arial','sans-serif'\">Kilian Forster &amp; Tanja Grandmontagne-Forster<\/span>\n<\/p>\n<p style=\"text-align: left\">\n<p style=\"text-align: left\"><em><strong>Links:<\/strong><\/em><\/p>\n<p style=\"text-align: left\"><span style=\"font-family: 'Arial','sans-serif'\"><a href=\"http:\/\/www.jazztage-dresden.de\/de\/news\/detailseite\/artikel\/vielen_dank_aber_jazztage_dresden_vor_dem_aus\/\" target=\"_blank\">Das gesamte Statement auf der Newsseite der Jazztage Dresden<\/a><\/span><\/p>\n<p style=\"text-align: left\"><span style=\"font-family: 'Arial','sans-serif'\"><a href=\"http:\/\/www.jazztage-dresden.de\/de\/startseite\/\" target=\"_blank\">Jazztage Dresden<\/a><br \/>\n<\/span><\/p>\n","protected":false},"excerpt":{"rendered":"<p>Bitter f\u00fcr die chronisch defizit\u00e4r arbeitendenden Jazztage Dresden: Bei der k\u00fcrzlich zu Ende gegangenen Ausgabe 2010 hat das Festival mit rund 13.000 Besuchern einen Rekord aufgestellt, obwohl man aus Geldmangel sowohl das Werbebudget um 75 % k\u00fcrzen, als auch die Dauer des Festivals um f\u00fcnf Tage reduzieren musste. Trotzdem steht man jetzt vielleicht vor dem Aus. keine F\u00f6rderung \u2013 kein Festival Der Grund daf\u00fcr ist im Gegensatz zum ebenfalls schwer angeschlagenen JazzBaltica in Schleswig-Holstein nicht eine Streichung von F\u00f6rdermitteln, sondern die permanente Abwesenheit ausreichender Zusch\u00fcsse. Der Veranstalter Grandmontagne Music k\u00e4mpft seit Jahren f\u00fcr eine angemessene F\u00f6rderung durch die Stadt Dresden. Doch die h\u00e4lt sich bisher \u00fcberwiegend bedeckt \u2013 die F\u00f6rdersumme von 1.500 \u20ac f\u00fcr 2010 (von 100.000 \u20ac, die beantragt worden waren) spricht eine deutliche Sprache. Die Zukunft des Festivals will Grandmontagne Music nun vom F\u00f6rderantrag f\u00fcr 2011 abh\u00e4ngig machen. Sollte dieser wieder nicht bewilligt werden, sieht man sich kr\u00e4ftem\u00e4\u00dfig am Ende und m\u00f6chte aufh\u00f6ren. Anstelle der Jazztage g\u00e4be es dann lediglich einige \u00fcber das Jahr verteilte Einzelkonzerte und kleinere Konzertreihen.<\/p>\n","protected":false},"author":4,"featured_media":0,"comment_status":"open","ping_status":"open","sticky":false,"template":"","format":"standard","meta":{"_jetpack_memberships_contains_paid_content":false,"footnotes":"","jetpack_publicize_message":"","jetpack_publicize_feature_enabled":true,"jetpack_social_post_already_shared":false,"jetpack_social_options":{"image_generator_settings":{"template":"highway","default_image_id":0,"font":"","enabled":false},"version":2}},"categories":[82],"tags":[154,3,180,207,270,286,482,490,513],"coauthors":[],"class_list":["post-577","post","type-post","status-publish","format-standard","hentry","category-blog","tag-dresden","tag-festival","tag-foerdermittel","tag-grandmontagne","tag-jazzbaltica","tag-jazztage-dresden","tag-sachsen","tag-schleswig-holstein","tag-sponsoring"],"yoast_head":"<!-- This site is optimized with the Yoast SEO plugin v27.5 - https:\/\/yoast.com\/product\/yoast-seo-wordpress\/ -->\n<title>Jazztage Dresden senden S.O.S - JazzZeitung<\/title>\n<meta name=\"robots\" content=\"index, follow, max-snippet:-1, max-image-preview:large, max-video-preview:-1\" \/>\n<link rel=\"canonical\" href=\"https:\/\/www.jazzzeitung.de\/cms\/2010\/11\/jazztage-dresden-senden-s-o-s\/\" \/>\n<meta property=\"og:locale\" content=\"de_DE\" \/>\n<meta property=\"og:type\" content=\"article\" \/>\n<meta property=\"og:title\" content=\"Jazztage Dresden senden S.O.S - JazzZeitung\" \/>\n<meta property=\"og:description\" content=\"Bitter f\u00fcr die chronisch defizit\u00e4r arbeitendenden Jazztage Dresden: Bei der k\u00fcrzlich zu Ende gegangenen Ausgabe 2010 hat das Festival mit rund 13.000 Besuchern einen Rekord aufgestellt, obwohl man aus Geldmangel sowohl das Werbebudget um 75 % k\u00fcrzen, als auch die Dauer des Festivals um f\u00fcnf Tage reduzieren musste. Trotzdem steht man jetzt vielleicht vor dem Aus. keine F\u00f6rderung \u2013 kein Festival Der Grund daf\u00fcr ist im Gegensatz zum ebenfalls schwer angeschlagenen JazzBaltica in Schleswig-Holstein nicht eine Streichung von F\u00f6rdermitteln, sondern die permanente Abwesenheit ausreichender Zusch\u00fcsse. Der Veranstalter Grandmontagne Music k\u00e4mpft seit Jahren f\u00fcr eine angemessene F\u00f6rderung durch die Stadt Dresden. Doch die h\u00e4lt sich bisher \u00fcberwiegend bedeckt \u2013 die F\u00f6rdersumme von 1.500 \u20ac f\u00fcr 2010 (von 100.000 \u20ac, die beantragt worden waren) spricht eine deutliche Sprache. Die Zukunft des Festivals will Grandmontagne Music nun vom F\u00f6rderantrag f\u00fcr 2011 abh\u00e4ngig machen. Sollte dieser wieder nicht bewilligt werden, sieht man sich kr\u00e4ftem\u00e4\u00dfig am Ende und m\u00f6chte aufh\u00f6ren. Anstelle der Jazztage g\u00e4be es dann lediglich einige \u00fcber das Jahr verteilte Einzelkonzerte und kleinere Konzertreihen.\" \/>\n<meta property=\"og:url\" content=\"https:\/\/www.jazzzeitung.de\/cms\/2010\/11\/jazztage-dresden-senden-s-o-s\/\" \/>\n<meta property=\"og:site_name\" content=\"JazzZeitung\" \/>\n<meta property=\"article:publisher\" content=\"https:\/\/www.facebook.com\/JazzZeitung\/\" \/>\n<meta property=\"article:published_time\" content=\"2010-11-19T22:26:24+00:00\" \/>\n<meta property=\"og:image\" content=\"http:\/\/www.jazzzeitung.de\/cms\/wp-content\/uploads\/2010\/11\/logo.png\" \/>\n<meta name=\"author\" content=\"J\u00f6rg Lichtinger\" \/>\n<script type=\"application\/ld+json\" class=\"yoast-schema-graph\">{\"@context\":\"https:\\\/\\\/schema.org\",\"@graph\":[{\"@type\":\"Article\",\"@id\":\"https:\\\/\\\/www.jazzzeitung.de\\\/cms\\\/2010\\\/11\\\/jazztage-dresden-senden-s-o-s\\\/#article\",\"isPartOf\":{\"@id\":\"https:\\\/\\\/www.jazzzeitung.de\\\/cms\\\/2010\\\/11\\\/jazztage-dresden-senden-s-o-s\\\/\"},\"author\":{\"name\":\"J\u00f6rg Lichtinger\",\"@id\":\"https:\\\/\\\/www.jazzzeitung.de\\\/cms\\\/#\\\/schema\\\/person\\\/4c5aaf486bdcd85db94b9a8b9e026bad\"},\"headline\":\"Jazztage Dresden senden S.O.S\",\"datePublished\":\"2010-11-19T22:26:24+00:00\",\"mainEntityOfPage\":{\"@id\":\"https:\\\/\\\/www.jazzzeitung.de\\\/cms\\\/2010\\\/11\\\/jazztage-dresden-senden-s-o-s\\\/\"},\"wordCount\":406,\"commentCount\":1,\"publisher\":{\"@id\":\"https:\\\/\\\/www.jazzzeitung.de\\\/cms\\\/#organization\"},\"image\":{\"@id\":\"https:\\\/\\\/www.jazzzeitung.de\\\/cms\\\/2010\\\/11\\\/jazztage-dresden-senden-s-o-s\\\/#primaryimage\"},\"thumbnailUrl\":\"http:\\\/\\\/www.jazzzeitung.de\\\/cms\\\/wp-content\\\/uploads\\\/2010\\\/11\\\/logo.png\",\"keywords\":[\"Dresden\",\"Festival\",\"f\u00f6rdermittel\",\"grandmontagne\",\"JazzBaltica\",\"Jazztage Dresden\",\"Sachsen\",\"Schleswig-Holstein\",\"Sponsoring\"],\"articleSection\":[\"Blog\"],\"inLanguage\":\"de\",\"potentialAction\":[{\"@type\":\"CommentAction\",\"name\":\"Comment\",\"target\":[\"https:\\\/\\\/www.jazzzeitung.de\\\/cms\\\/2010\\\/11\\\/jazztage-dresden-senden-s-o-s\\\/#respond\"]}]},{\"@type\":\"WebPage\",\"@id\":\"https:\\\/\\\/www.jazzzeitung.de\\\/cms\\\/2010\\\/11\\\/jazztage-dresden-senden-s-o-s\\\/\",\"url\":\"https:\\\/\\\/www.jazzzeitung.de\\\/cms\\\/2010\\\/11\\\/jazztage-dresden-senden-s-o-s\\\/\",\"name\":\"Jazztage Dresden senden S.O.S - JazzZeitung\",\"isPartOf\":{\"@id\":\"https:\\\/\\\/www.jazzzeitung.de\\\/cms\\\/#website\"},\"primaryImageOfPage\":{\"@id\":\"https:\\\/\\\/www.jazzzeitung.de\\\/cms\\\/2010\\\/11\\\/jazztage-dresden-senden-s-o-s\\\/#primaryimage\"},\"image\":{\"@id\":\"https:\\\/\\\/www.jazzzeitung.de\\\/cms\\\/2010\\\/11\\\/jazztage-dresden-senden-s-o-s\\\/#primaryimage\"},\"thumbnailUrl\":\"http:\\\/\\\/www.jazzzeitung.de\\\/cms\\\/wp-content\\\/uploads\\\/2010\\\/11\\\/logo.png\",\"datePublished\":\"2010-11-19T22:26:24+00:00\",\"breadcrumb\":{\"@id\":\"https:\\\/\\\/www.jazzzeitung.de\\\/cms\\\/2010\\\/11\\\/jazztage-dresden-senden-s-o-s\\\/#breadcrumb\"},\"inLanguage\":\"de\",\"potentialAction\":[{\"@type\":\"ReadAction\",\"target\":[\"https:\\\/\\\/www.jazzzeitung.de\\\/cms\\\/2010\\\/11\\\/jazztage-dresden-senden-s-o-s\\\/\"]}]},{\"@type\":\"ImageObject\",\"inLanguage\":\"de\",\"@id\":\"https:\\\/\\\/www.jazzzeitung.de\\\/cms\\\/2010\\\/11\\\/jazztage-dresden-senden-s-o-s\\\/#primaryimage\",\"url\":\"http:\\\/\\\/www.jazzzeitung.de\\\/cms\\\/wp-content\\\/uploads\\\/2010\\\/11\\\/logo.png\",\"contentUrl\":\"http:\\\/\\\/www.jazzzeitung.de\\\/cms\\\/wp-content\\\/uploads\\\/2010\\\/11\\\/logo.png\"},{\"@type\":\"BreadcrumbList\",\"@id\":\"https:\\\/\\\/www.jazzzeitung.de\\\/cms\\\/2010\\\/11\\\/jazztage-dresden-senden-s-o-s\\\/#breadcrumb\",\"itemListElement\":[{\"@type\":\"ListItem\",\"position\":1,\"name\":\"Startseite\",\"item\":\"https:\\\/\\\/www.jazzzeitung.de\\\/cms\\\/\"},{\"@type\":\"ListItem\",\"position\":2,\"name\":\"Jazztage Dresden senden S.O.S\"}]},{\"@type\":\"WebSite\",\"@id\":\"https:\\\/\\\/www.jazzzeitung.de\\\/cms\\\/#website\",\"url\":\"https:\\\/\\\/www.jazzzeitung.de\\\/cms\\\/\",\"name\":\"JazzZeitung\",\"description\":\"Jazz-News und Jazz-Kontroverses\",\"publisher\":{\"@id\":\"https:\\\/\\\/www.jazzzeitung.de\\\/cms\\\/#organization\"},\"potentialAction\":[{\"@type\":\"SearchAction\",\"target\":{\"@type\":\"EntryPoint\",\"urlTemplate\":\"https:\\\/\\\/www.jazzzeitung.de\\\/cms\\\/?s={search_term_string}\"},\"query-input\":{\"@type\":\"PropertyValueSpecification\",\"valueRequired\":true,\"valueName\":\"search_term_string\"}}],\"inLanguage\":\"de\"},{\"@type\":\"Organization\",\"@id\":\"https:\\\/\\\/www.jazzzeitung.de\\\/cms\\\/#organization\",\"name\":\"JazzZeitung online\",\"url\":\"https:\\\/\\\/www.jazzzeitung.de\\\/cms\\\/\",\"logo\":{\"@type\":\"ImageObject\",\"inLanguage\":\"de\",\"@id\":\"https:\\\/\\\/www.jazzzeitung.de\\\/cms\\\/#\\\/schema\\\/logo\\\/image\\\/\",\"url\":\"https:\\\/\\\/i0.wp.com\\\/www.jazzzeitung.de\\\/cms\\\/wp-content\\\/uploads\\\/2015\\\/08\\\/JAZZZEITUNGDE_Logo_Neu.png?fit=499%2C200&ssl=1\",\"contentUrl\":\"https:\\\/\\\/i0.wp.com\\\/www.jazzzeitung.de\\\/cms\\\/wp-content\\\/uploads\\\/2015\\\/08\\\/JAZZZEITUNGDE_Logo_Neu.png?fit=499%2C200&ssl=1\",\"width\":499,\"height\":200,\"caption\":\"JazzZeitung online\"},\"image\":{\"@id\":\"https:\\\/\\\/www.jazzzeitung.de\\\/cms\\\/#\\\/schema\\\/logo\\\/image\\\/\"},\"sameAs\":[\"https:\\\/\\\/www.facebook.com\\\/JazzZeitung\\\/\"]},{\"@type\":\"Person\",\"@id\":\"https:\\\/\\\/www.jazzzeitung.de\\\/cms\\\/#\\\/schema\\\/person\\\/4c5aaf486bdcd85db94b9a8b9e026bad\",\"name\":\"J\u00f6rg Lichtinger\",\"image\":{\"@type\":\"ImageObject\",\"inLanguage\":\"de\",\"@id\":\"https:\\\/\\\/secure.gravatar.com\\\/avatar\\\/8d1d484eb77cf370a1620f9866681cdba540c9b8439ce96ea0c830dd3b59936c?s=96&d=wp_user_avatar&r=ge66dff7680db2349fb79ae0cb2d734e3\",\"url\":\"https:\\\/\\\/secure.gravatar.com\\\/avatar\\\/8d1d484eb77cf370a1620f9866681cdba540c9b8439ce96ea0c830dd3b59936c?s=96&d=wp_user_avatar&r=g\",\"contentUrl\":\"https:\\\/\\\/secure.gravatar.com\\\/avatar\\\/8d1d484eb77cf370a1620f9866681cdba540c9b8439ce96ea0c830dd3b59936c?s=96&d=wp_user_avatar&r=g\",\"caption\":\"J\u00f6rg Lichtinger\"},\"url\":\"https:\\\/\\\/www.jazzzeitung.de\\\/cms\\\/author\\\/lichtinger\\\/\"}]}<\/script>\n<!-- \/ Yoast SEO plugin. -->","yoast_head_json":{"title":"Jazztage Dresden senden S.O.S - JazzZeitung","robots":{"index":"index","follow":"follow","max-snippet":"max-snippet:-1","max-image-preview":"max-image-preview:large","max-video-preview":"max-video-preview:-1"},"canonical":"https:\/\/www.jazzzeitung.de\/cms\/2010\/11\/jazztage-dresden-senden-s-o-s\/","og_locale":"de_DE","og_type":"article","og_title":"Jazztage Dresden senden S.O.S - JazzZeitung","og_description":"Bitter f\u00fcr die chronisch defizit\u00e4r arbeitendenden Jazztage Dresden: Bei der k\u00fcrzlich zu Ende gegangenen Ausgabe 2010 hat das Festival mit rund 13.000 Besuchern einen Rekord aufgestellt, obwohl man aus Geldmangel sowohl das Werbebudget um 75 % k\u00fcrzen, als auch die Dauer des Festivals um f\u00fcnf Tage reduzieren musste. Trotzdem steht man jetzt vielleicht vor dem Aus. keine F\u00f6rderung \u2013 kein Festival Der Grund daf\u00fcr ist im Gegensatz zum ebenfalls schwer angeschlagenen JazzBaltica in Schleswig-Holstein nicht eine Streichung von F\u00f6rdermitteln, sondern die permanente Abwesenheit ausreichender Zusch\u00fcsse. Der Veranstalter Grandmontagne Music k\u00e4mpft seit Jahren f\u00fcr eine angemessene F\u00f6rderung durch die Stadt Dresden. Doch die h\u00e4lt sich bisher \u00fcberwiegend bedeckt \u2013 die F\u00f6rdersumme von 1.500 \u20ac f\u00fcr 2010 (von 100.000 \u20ac, die beantragt worden waren) spricht eine deutliche Sprache. Die Zukunft des Festivals will Grandmontagne Music nun vom F\u00f6rderantrag f\u00fcr 2011 abh\u00e4ngig machen. Sollte dieser wieder nicht bewilligt werden, sieht man sich kr\u00e4ftem\u00e4\u00dfig am Ende und m\u00f6chte aufh\u00f6ren. Anstelle der Jazztage g\u00e4be es dann lediglich einige \u00fcber das Jahr verteilte Einzelkonzerte und kleinere Konzertreihen.","og_url":"https:\/\/www.jazzzeitung.de\/cms\/2010\/11\/jazztage-dresden-senden-s-o-s\/","og_site_name":"JazzZeitung","article_publisher":"https:\/\/www.facebook.com\/JazzZeitung\/","article_published_time":"2010-11-19T22:26:24+00:00","og_image":[{"url":"http:\/\/www.jazzzeitung.de\/cms\/wp-content\/uploads\/2010\/11\/logo.png","type":"","width":"","height":""}],"author":"J\u00f6rg Lichtinger","schema":{"@context":"https:\/\/schema.org","@graph":[{"@type":"Article","@id":"https:\/\/www.jazzzeitung.de\/cms\/2010\/11\/jazztage-dresden-senden-s-o-s\/#article","isPartOf":{"@id":"https:\/\/www.jazzzeitung.de\/cms\/2010\/11\/jazztage-dresden-senden-s-o-s\/"},"author":{"name":"J\u00f6rg Lichtinger","@id":"https:\/\/www.jazzzeitung.de\/cms\/#\/schema\/person\/4c5aaf486bdcd85db94b9a8b9e026bad"},"headline":"Jazztage Dresden senden S.O.S","datePublished":"2010-11-19T22:26:24+00:00","mainEntityOfPage":{"@id":"https:\/\/www.jazzzeitung.de\/cms\/2010\/11\/jazztage-dresden-senden-s-o-s\/"},"wordCount":406,"commentCount":1,"publisher":{"@id":"https:\/\/www.jazzzeitung.de\/cms\/#organization"},"image":{"@id":"https:\/\/www.jazzzeitung.de\/cms\/2010\/11\/jazztage-dresden-senden-s-o-s\/#primaryimage"},"thumbnailUrl":"http:\/\/www.jazzzeitung.de\/cms\/wp-content\/uploads\/2010\/11\/logo.png","keywords":["Dresden","Festival","f\u00f6rdermittel","grandmontagne","JazzBaltica","Jazztage Dresden","Sachsen","Schleswig-Holstein","Sponsoring"],"articleSection":["Blog"],"inLanguage":"de","potentialAction":[{"@type":"CommentAction","name":"Comment","target":["https:\/\/www.jazzzeitung.de\/cms\/2010\/11\/jazztage-dresden-senden-s-o-s\/#respond"]}]},{"@type":"WebPage","@id":"https:\/\/www.jazzzeitung.de\/cms\/2010\/11\/jazztage-dresden-senden-s-o-s\/","url":"https:\/\/www.jazzzeitung.de\/cms\/2010\/11\/jazztage-dresden-senden-s-o-s\/","name":"Jazztage Dresden senden S.O.S - JazzZeitung","isPartOf":{"@id":"https:\/\/www.jazzzeitung.de\/cms\/#website"},"primaryImageOfPage":{"@id":"https:\/\/www.jazzzeitung.de\/cms\/2010\/11\/jazztage-dresden-senden-s-o-s\/#primaryimage"},"image":{"@id":"https:\/\/www.jazzzeitung.de\/cms\/2010\/11\/jazztage-dresden-senden-s-o-s\/#primaryimage"},"thumbnailUrl":"http:\/\/www.jazzzeitung.de\/cms\/wp-content\/uploads\/2010\/11\/logo.png","datePublished":"2010-11-19T22:26:24+00:00","breadcrumb":{"@id":"https:\/\/www.jazzzeitung.de\/cms\/2010\/11\/jazztage-dresden-senden-s-o-s\/#breadcrumb"},"inLanguage":"de","potentialAction":[{"@type":"ReadAction","target":["https:\/\/www.jazzzeitung.de\/cms\/2010\/11\/jazztage-dresden-senden-s-o-s\/"]}]},{"@type":"ImageObject","inLanguage":"de","@id":"https:\/\/www.jazzzeitung.de\/cms\/2010\/11\/jazztage-dresden-senden-s-o-s\/#primaryimage","url":"http:\/\/www.jazzzeitung.de\/cms\/wp-content\/uploads\/2010\/11\/logo.png","contentUrl":"http:\/\/www.jazzzeitung.de\/cms\/wp-content\/uploads\/2010\/11\/logo.png"},{"@type":"BreadcrumbList","@id":"https:\/\/www.jazzzeitung.de\/cms\/2010\/11\/jazztage-dresden-senden-s-o-s\/#breadcrumb","itemListElement":[{"@type":"ListItem","position":1,"name":"Startseite","item":"https:\/\/www.jazzzeitung.de\/cms\/"},{"@type":"ListItem","position":2,"name":"Jazztage Dresden senden S.O.S"}]},{"@type":"WebSite","@id":"https:\/\/www.jazzzeitung.de\/cms\/#website","url":"https:\/\/www.jazzzeitung.de\/cms\/","name":"JazzZeitung","description":"Jazz-News und Jazz-Kontroverses","publisher":{"@id":"https:\/\/www.jazzzeitung.de\/cms\/#organization"},"potentialAction":[{"@type":"SearchAction","target":{"@type":"EntryPoint","urlTemplate":"https:\/\/www.jazzzeitung.de\/cms\/?s={search_term_string}"},"query-input":{"@type":"PropertyValueSpecification","valueRequired":true,"valueName":"search_term_string"}}],"inLanguage":"de"},{"@type":"Organization","@id":"https:\/\/www.jazzzeitung.de\/cms\/#organization","name":"JazzZeitung online","url":"https:\/\/www.jazzzeitung.de\/cms\/","logo":{"@type":"ImageObject","inLanguage":"de","@id":"https:\/\/www.jazzzeitung.de\/cms\/#\/schema\/logo\/image\/","url":"https:\/\/i0.wp.com\/www.jazzzeitung.de\/cms\/wp-content\/uploads\/2015\/08\/JAZZZEITUNGDE_Logo_Neu.png?fit=499%2C200&ssl=1","contentUrl":"https:\/\/i0.wp.com\/www.jazzzeitung.de\/cms\/wp-content\/uploads\/2015\/08\/JAZZZEITUNGDE_Logo_Neu.png?fit=499%2C200&ssl=1","width":499,"height":200,"caption":"JazzZeitung online"},"image":{"@id":"https:\/\/www.jazzzeitung.de\/cms\/#\/schema\/logo\/image\/"},"sameAs":["https:\/\/www.facebook.com\/JazzZeitung\/"]},{"@type":"Person","@id":"https:\/\/www.jazzzeitung.de\/cms\/#\/schema\/person\/4c5aaf486bdcd85db94b9a8b9e026bad","name":"J\u00f6rg Lichtinger","image":{"@type":"ImageObject","inLanguage":"de","@id":"https:\/\/secure.gravatar.com\/avatar\/8d1d484eb77cf370a1620f9866681cdba540c9b8439ce96ea0c830dd3b59936c?s=96&d=wp_user_avatar&r=ge66dff7680db2349fb79ae0cb2d734e3","url":"https:\/\/secure.gravatar.com\/avatar\/8d1d484eb77cf370a1620f9866681cdba540c9b8439ce96ea0c830dd3b59936c?s=96&d=wp_user_avatar&r=g","contentUrl":"https:\/\/secure.gravatar.com\/avatar\/8d1d484eb77cf370a1620f9866681cdba540c9b8439ce96ea0c830dd3b59936c?s=96&d=wp_user_avatar&r=g","caption":"J\u00f6rg Lichtinger"},"url":"https:\/\/www.jazzzeitung.de\/cms\/author\/lichtinger\/"}]}},"wp-worthy-pixel":{"ignored":false,"public":null,"server":null,"url":null},"wp-worthy-type":"normal","jetpack_publicize_connections":[],"cc_featured_image_caption":{"caption_text":false,"source_text":false,"source_url":false},"jetpack_featured_media_url":"","jetpack_shortlink":"https:\/\/wp.me\/p3KEcT-9j","jetpack-related-posts":[{"id":9361,"url":"https:\/\/www.jazzzeitung.de\/cms\/2016\/05\/news-mehrere-jazzevents-klopfen-der-tuer-erdingen-goerlitz-und-im-spaetherbst-dresden\/","url_meta":{"origin":577,"position":0},"title":"+++ News: +++ Mehrere Jazzevents klopfen an der T\u00fcr: Erding, G\u00f6rlitz und im Sp\u00e4therbst: Dresden +++","author":"Redaktion JazzZeitung","date":"20. Mai 2016","format":false,"excerpt":"Einige Jazzevents klopfen nun an die T\u00fcr \u2013 beginnend am 25. Mai in Erding \u00fcber G\u00f6rlitz am 26. Mai bis nach Dresden, wo am 2. Juni der Kartenvorverkauf f\u00fcr die Dresdener Jazztage startet. Am Mittwoch geht es wieder los mit den Konzerten des Jazz Project Erding im renovierten und neu\u2026","rel":"","context":"In &quot;News&quot;","block_context":{"text":"News","link":"https:\/\/www.jazzzeitung.de\/cms\/thema\/nachrichten\/"},"img":{"alt_text":"","src":"https:\/\/i0.wp.com\/www.jazzzeitung.de\/cms\/wp-content\/uploads\/2016\/05\/JazzLegends-feat-Julia-Schroeter_800x367_4w3.jpg?resize=350%2C200","width":350,"height":200},"classes":[]},{"id":23624,"url":"https:\/\/www.jazzzeitung.de\/cms\/2020\/10\/daniele-ganser-bei-den-jazztagen-dresden-ein-politikum\/","url_meta":{"origin":577,"position":1},"title":"Daniele Ganser bei den Jazztagen Dresden &#8211; ein Politikum","author":"Redaktion JazzZeitung","date":"14. Oktober 2020","format":false,"excerpt":"Gro\u00dfe Aufregung um den Vortrag von Daniele Ganser bei den Jazztagen Dresden, die am 21. Oktober 2020 starten. Es erreichten uns einige Mails von Kritikern. Wir als Medium haben nun gesammelt und stellen unseren Leserinnen und Lesern unzensiert und objektiv folgende Informationen zur Verf\u00fcgung: Stellungnahme der Jazztage Dresden Seit Ende\u2026","rel":"","context":"In &quot;News&quot;","block_context":{"text":"News","link":"https:\/\/www.jazzzeitung.de\/cms\/thema\/nachrichten\/"},"img":{"alt_text":"","src":"https:\/\/i0.wp.com\/www.jazzzeitung.de\/cms\/wp-content\/uploads\/2020\/10\/micro-1494436_1920.jpg?fit=1200%2C800&ssl=1&resize=350%2C200","width":350,"height":200,"srcset":"https:\/\/i0.wp.com\/www.jazzzeitung.de\/cms\/wp-content\/uploads\/2020\/10\/micro-1494436_1920.jpg?fit=1200%2C800&ssl=1&resize=350%2C200 1x, https:\/\/i0.wp.com\/www.jazzzeitung.de\/cms\/wp-content\/uploads\/2020\/10\/micro-1494436_1920.jpg?fit=1200%2C800&ssl=1&resize=525%2C300 1.5x, https:\/\/i0.wp.com\/www.jazzzeitung.de\/cms\/wp-content\/uploads\/2020\/10\/micro-1494436_1920.jpg?fit=1200%2C800&ssl=1&resize=700%2C400 2x, https:\/\/i0.wp.com\/www.jazzzeitung.de\/cms\/wp-content\/uploads\/2020\/10\/micro-1494436_1920.jpg?fit=1200%2C800&ssl=1&resize=1050%2C600 3x"},"classes":[]},{"id":129,"url":"https:\/\/www.jazzzeitung.de\/cms\/2010\/06\/nothilfefonds-kultur-rettung-fuer-jazzbaltica\/","url_meta":{"origin":577,"position":2},"title":"Nothilfefonds Kultur &#8211; Rettung f\u00fcr JazzBaltica?","author":"J\u00f6rg Lichtinger","date":"3. Juni 2010","format":false,"excerpt":"Der Deutsche Kulturrat, der Dachverband der Bundeskulturverb\u00e4nde, hat erneut einen Nothilfefonds f\u00fcr Kultureinrichtungen gefordert. Erst k\u00fcrzlich hatte Schleswig-Holstein ein Sparkonzept zur Konsolidierung seines Haushaltes vorsgestellt, das Streichungen unter anderem beim Schleswig-Holstein Musik Festival und beim Festival JazzBaltica vorsieht. Letzteres w\u00fcrde eine Einstellung der F\u00f6rderung auf Dauer kaum \u00fcberleben. Der Gesch\u00e4ftsf\u00fchrer\u2026","rel":"","context":"In &quot;Blog&quot;","block_context":{"text":"Blog","link":"https:\/\/www.jazzzeitung.de\/cms\/thema\/blog\/"},"img":{"alt_text":"","src":"","width":0,"height":0},"classes":[]},{"id":2575,"url":"https:\/\/www.jazzzeitung.de\/cms\/2013\/10\/jazztage-dresden\/","url_meta":{"origin":577,"position":3},"title":"Jazztage Dresden","author":"Redaktion JazzZeitung","date":"30. Oktober 2013","format":false,"excerpt":"Die Jazztage in Dresden stehen wieder vor der T\u00fcr: Am 8. November 2013 startet das l\u00e4ngste Jazzfestival Mitteldeutschlands. Es hat im 13. Jahr seines Bestehens noch mehr zu bieten \u2013 noch mehr Bands, noch mehr Konzerte, noch mehr Spielst\u00e4tten, noch mehr Jazz \u2013 als je zuvor. Unter dem Motto international\u2026","rel":"","context":"In &quot;News&quot;","block_context":{"text":"News","link":"https:\/\/www.jazzzeitung.de\/cms\/thema\/nachrichten\/"},"img":{"alt_text":"Jazztage Dresden","src":"http:\/\/www.jazzzeitung.de\/cms\/wp-content\/uploads\/2013\/10\/Jazztage-Dresden.bmp","width":350,"height":200},"classes":[]},{"id":22515,"url":"https:\/\/www.jazzzeitung.de\/cms\/2020\/05\/news-zukunft-dresden-mit-oder-ohne-jazztage-dresden-bewerbungsfrist-verlaengert-radio-oe1-jazz-stipendium-2020\/","url_meta":{"origin":577,"position":4},"title":"+++ news +++ Zukunft Dresden: mit oder ohne Jazztage Dresden? +++ Bewerbungsfrist verl\u00e4ngert: Radio \u00d61 Jazz-Stipendium 2020 +++","author":"Redaktion JazzZeitung","date":"12. Mai 2020","format":false,"excerpt":"+++ Pressemitteilung des Teams der Jazztage Dresden +++ Eine sch\u00f6ne Sache k\u00f6nnen wir der aktuellen Situation abgewinnen \u2013 wir h\u00f6ren \u00f6fter voneinander. Wir sind im Gespr\u00e4ch mit zahlreichen politischen Akteuren, ben\u00f6tigen aber Ihre breite Unterst\u00fctzung gerade jetzt in Bezug auf die Kulturentwicklung der Stadt Dresden. Hier hei\u00dft es simpel: Wir\u2026","rel":"","context":"In &quot;News&quot;","block_context":{"text":"News","link":"https:\/\/www.jazzzeitung.de\/cms\/thema\/nachrichten\/"},"img":{"alt_text":"","src":"https:\/\/i0.wp.com\/www.jazzzeitung.de\/cms\/wp-content\/uploads\/2020\/05\/pub-3284641_1920.jpg?fit=1200%2C800&ssl=1&resize=350%2C200","width":350,"height":200,"srcset":"https:\/\/i0.wp.com\/www.jazzzeitung.de\/cms\/wp-content\/uploads\/2020\/05\/pub-3284641_1920.jpg?fit=1200%2C800&ssl=1&resize=350%2C200 1x, https:\/\/i0.wp.com\/www.jazzzeitung.de\/cms\/wp-content\/uploads\/2020\/05\/pub-3284641_1920.jpg?fit=1200%2C800&ssl=1&resize=525%2C300 1.5x, https:\/\/i0.wp.com\/www.jazzzeitung.de\/cms\/wp-content\/uploads\/2020\/05\/pub-3284641_1920.jpg?fit=1200%2C800&ssl=1&resize=700%2C400 2x, https:\/\/i0.wp.com\/www.jazzzeitung.de\/cms\/wp-content\/uploads\/2020\/05\/pub-3284641_1920.jpg?fit=1200%2C800&ssl=1&resize=1050%2C600 3x"},"classes":[]},{"id":10703,"url":"https:\/\/www.jazzzeitung.de\/cms\/2016\/11\/von-unkersdorf-an-den-elbestrand-die-16-jazztage-dresden-widmen-sich-den-lebenden-legenden\/","url_meta":{"origin":577,"position":5},"title":"Geschichtsbewusst: Die 16. Jazztage Dresden widmen sich den lebenden Legenden","author":"Redaktion JazzZeitung","date":"3. November 2016","format":false,"excerpt":"Der 16. Festivaljahrgang der Jazztage Dresden ist ganz dem Thema LIVING LEGENDS gewidmet und somit den Stars und Legenden des Jazz. Mit dabei sind einerseits Al Jarreau (Foto. (c) Yvonne Schmedemann), Stanley Clarke, Klaus Doldinger, Chris Barber und Al di Meola, die nach wie vor auf den B\u00fchnen dieser Welt\u2026","rel":"","context":"In &quot;News&quot;","block_context":{"text":"News","link":"https:\/\/www.jazzzeitung.de\/cms\/thema\/nachrichten\/"},"img":{"alt_text":"","src":"https:\/\/i0.wp.com\/www.jazzzeitung.de\/cms\/wp-content\/uploads\/2016\/11\/16-11-05_Al-Jarreau-NDR-Bigband_Erlwein-Capitol_JT16%C2%A9-Yvonne-Schmedemann_Ensemble_2.jpg?fit=1200%2C795&ssl=1&resize=350%2C200","width":350,"height":200,"srcset":"https:\/\/i0.wp.com\/www.jazzzeitung.de\/cms\/wp-content\/uploads\/2016\/11\/16-11-05_Al-Jarreau-NDR-Bigband_Erlwein-Capitol_JT16%C2%A9-Yvonne-Schmedemann_Ensemble_2.jpg?fit=1200%2C795&ssl=1&resize=350%2C200 1x, https:\/\/i0.wp.com\/www.jazzzeitung.de\/cms\/wp-content\/uploads\/2016\/11\/16-11-05_Al-Jarreau-NDR-Bigband_Erlwein-Capitol_JT16%C2%A9-Yvonne-Schmedemann_Ensemble_2.jpg?fit=1200%2C795&ssl=1&resize=525%2C300 1.5x, https:\/\/i0.wp.com\/www.jazzzeitung.de\/cms\/wp-content\/uploads\/2016\/11\/16-11-05_Al-Jarreau-NDR-Bigband_Erlwein-Capitol_JT16%C2%A9-Yvonne-Schmedemann_Ensemble_2.jpg?fit=1200%2C795&ssl=1&resize=700%2C400 2x, https:\/\/i0.wp.com\/www.jazzzeitung.de\/cms\/wp-content\/uploads\/2016\/11\/16-11-05_Al-Jarreau-NDR-Bigband_Erlwein-Capitol_JT16%C2%A9-Yvonne-Schmedemann_Ensemble_2.jpg?fit=1200%2C795&ssl=1&resize=1050%2C600 3x"},"classes":[]}],"jetpack_sharing_enabled":true,"_links":{"self":[{"href":"https:\/\/www.jazzzeitung.de\/cms\/wp-json\/wp\/v2\/posts\/577","targetHints":{"allow":["GET"]}}],"collection":[{"href":"https:\/\/www.jazzzeitung.de\/cms\/wp-json\/wp\/v2\/posts"}],"about":[{"href":"https:\/\/www.jazzzeitung.de\/cms\/wp-json\/wp\/v2\/types\/post"}],"author":[{"embeddable":true,"href":"https:\/\/www.jazzzeitung.de\/cms\/wp-json\/wp\/v2\/users\/4"}],"replies":[{"embeddable":true,"href":"https:\/\/www.jazzzeitung.de\/cms\/wp-json\/wp\/v2\/comments?post=577"}],"version-history":[{"count":0,"href":"https:\/\/www.jazzzeitung.de\/cms\/wp-json\/wp\/v2\/posts\/577\/revisions"}],"wp:attachment":[{"href":"https:\/\/www.jazzzeitung.de\/cms\/wp-json\/wp\/v2\/media?parent=577"}],"wp:term":[{"taxonomy":"category","embeddable":true,"href":"https:\/\/www.jazzzeitung.de\/cms\/wp-json\/wp\/v2\/categories?post=577"},{"taxonomy":"post_tag","embeddable":true,"href":"https:\/\/www.jazzzeitung.de\/cms\/wp-json\/wp\/v2\/tags?post=577"},{"taxonomy":"author","embeddable":true,"href":"https:\/\/www.jazzzeitung.de\/cms\/wp-json\/wp\/v2\/coauthors?post=577"}],"curies":[{"name":"wp","href":"https:\/\/api.w.org\/{rel}","templated":true}]}}