{"id":5759,"date":"2015-03-23T10:49:13","date_gmt":"2015-03-23T09:49:13","guid":{"rendered":"http:\/\/www.jazzzeitung.de\/cms\/?p=5759"},"modified":"2015-03-23T11:11:25","modified_gmt":"2015-03-23T10:11:25","slug":"film-ueber-jazz-legende-carlo-bohlaender-uraufgefuehrt","status":"publish","type":"post","link":"https:\/\/www.jazzzeitung.de\/cms\/2015\/03\/film-ueber-jazz-legende-carlo-bohlaender-uraufgefuehrt\/","title":{"rendered":"Film \u00fcber Jazz-Legende Carlo Bohl\u00e4nder uraufgef\u00fchrt"},"content":{"rendered":"<figure id=\"attachment_5760\" aria-describedby=\"caption-attachment-5760\" style=\"width: 150px\" class=\"wp-caption alignright\"><a href=\"https:\/\/i0.wp.com\/www.jazzzeitung.de\/cms\/wp-content\/uploads\/2015\/03\/Carlo-Bohl%C3%A4nder.jpg\"><img data-recalc-dims=\"1\" loading=\"lazy\" decoding=\"async\" data-attachment-id=\"5760\" data-permalink=\"https:\/\/www.jazzzeitung.de\/cms\/2015\/03\/film-ueber-jazz-legende-carlo-bohlaender-uraufgefuehrt\/carlo-bohlaender\/\" data-orig-file=\"https:\/\/i0.wp.com\/www.jazzzeitung.de\/cms\/wp-content\/uploads\/2015\/03\/Carlo-Bohl%C3%A4nder.jpg?fit=863%2C827&amp;ssl=1\" data-orig-size=\"863,827\" data-comments-opened=\"1\" data-image-meta=\"{&quot;aperture&quot;:&quot;0&quot;,&quot;credit&quot;:&quot;&quot;,&quot;camera&quot;:&quot;&quot;,&quot;caption&quot;:&quot;&quot;,&quot;created_timestamp&quot;:&quot;0&quot;,&quot;copyright&quot;:&quot;&quot;,&quot;focal_length&quot;:&quot;0&quot;,&quot;iso&quot;:&quot;0&quot;,&quot;shutter_speed&quot;:&quot;0&quot;,&quot;title&quot;:&quot;&quot;,&quot;orientation&quot;:&quot;1&quot;}\" data-image-title=\"Carlo Bohl\u00e4nder\" data-image-description=\"\" data-image-caption=\"&lt;p&gt;Eindrucksvolles Zeitdokument: Der Film \u00fcber Carlo Bohl\u00e4nder. Foto: Eindrucksvolles Zeitdokument: Der Film \u00fcber Carlo Bohl\u00e4nder. Foto:  http:\/\/www.carlokeepswingin.okfilm.de\/&lt;\/p&gt;\n\" data-large-file=\"https:\/\/i0.wp.com\/www.jazzzeitung.de\/cms\/wp-content\/uploads\/2015\/03\/Carlo-Bohl%C3%A4nder.jpg?fit=626%2C600&amp;ssl=1\" class=\"wp-image-5760 size-thumbnail\" src=\"https:\/\/i0.wp.com\/www.jazzzeitung.de\/cms\/wp-content\/uploads\/2015\/03\/Carlo-Bohl%C3%A4nder-150x150.jpg?resize=150%2C150\" alt=\"Eindrucksvolles Zeitdokument: Der Film \u00fcber Carlo Bohl\u00e4nder. Foto: http:\/\/www.carlokeepswingin. okfilm.de\/\" width=\"150\" height=\"150\" srcset=\"https:\/\/i0.wp.com\/www.jazzzeitung.de\/cms\/wp-content\/uploads\/2015\/03\/Carlo-Bohl%C3%A4nder.jpg?resize=150%2C150&amp;ssl=1 150w, https:\/\/i0.wp.com\/www.jazzzeitung.de\/cms\/wp-content\/uploads\/2015\/03\/Carlo-Bohl%C3%A4nder.jpg?resize=144%2C144&amp;ssl=1 144w, https:\/\/i0.wp.com\/www.jazzzeitung.de\/cms\/wp-content\/uploads\/2015\/03\/Carlo-Bohl%C3%A4nder.jpg?resize=96%2C96&amp;ssl=1 96w, https:\/\/i0.wp.com\/www.jazzzeitung.de\/cms\/wp-content\/uploads\/2015\/03\/Carlo-Bohl%C3%A4nder.jpg?resize=24%2C24&amp;ssl=1 24w, https:\/\/i0.wp.com\/www.jazzzeitung.de\/cms\/wp-content\/uploads\/2015\/03\/Carlo-Bohl%C3%A4nder.jpg?resize=36%2C36&amp;ssl=1 36w, https:\/\/i0.wp.com\/www.jazzzeitung.de\/cms\/wp-content\/uploads\/2015\/03\/Carlo-Bohl%C3%A4nder.jpg?resize=48%2C48&amp;ssl=1 48w, https:\/\/i0.wp.com\/www.jazzzeitung.de\/cms\/wp-content\/uploads\/2015\/03\/Carlo-Bohl%C3%A4nder.jpg?resize=64%2C64&amp;ssl=1 64w, https:\/\/i0.wp.com\/www.jazzzeitung.de\/cms\/wp-content\/uploads\/2015\/03\/Carlo-Bohl%C3%A4nder.jpg?resize=32%2C32&amp;ssl=1 32w, https:\/\/i0.wp.com\/www.jazzzeitung.de\/cms\/wp-content\/uploads\/2015\/03\/Carlo-Bohl%C3%A4nder.jpg?resize=128%2C128&amp;ssl=1 128w, https:\/\/i0.wp.com\/www.jazzzeitung.de\/cms\/wp-content\/uploads\/2015\/03\/Carlo-Bohl%C3%A4nder.jpg?zoom=2&amp;resize=150%2C150&amp;ssl=1 300w, https:\/\/i0.wp.com\/www.jazzzeitung.de\/cms\/wp-content\/uploads\/2015\/03\/Carlo-Bohl%C3%A4nder.jpg?zoom=3&amp;resize=150%2C150&amp;ssl=1 450w\" sizes=\"auto, (max-width: 150px) 100vw, 150px\" \/><\/a><figcaption id=\"caption-attachment-5760\" class=\"wp-caption-text\">Eindrucksvolles Zeitdokument: Der Film \u00fcber Carlo Bohl\u00e4nder. Foto: http:\/\/www.carlokeepswingin. okfilm.de\/<\/figcaption><\/figure>\n<p>Von Dietrich Schlegel &#8211; Vom vollen Haus mit gro\u00dfem Beifall bedacht wurde der Film \u201eCarlo, Keep Swingin'&#8220; \u00fcber Carlo Bohl\u00e4nder (1919-2004), die Frankfurter Jazz-Legende aus den 50er- und 60er-Jahren, im Rahmen des\u00a0 8. Lichter Filmfest Frankfurt International uraufgef\u00fchrt. Bisher war der biographische Dokumentarfilm nur im Herbst einer Jury des Hessischen Filmpreises vorgef\u00fchrt worden (siehe nmz 11\/14). Im Cantate-Saal neben dem Goethe-Museum hatten sich nicht nur alte und \u00e4ltere Zuschauer eingefunden, sondern erstaunlich viele junge Menschen. Bohl\u00e4nder, der Trompeter, Jazz-Club-Betreiber (u. a. \u201eDomicil du Jazz&#8220;) und Autor musiktheoretischer Fachb\u00fccher, ist anscheinend in Frankfurt und dar\u00fcber hinaus noch in bester Erinnerung. Das merkte man auch w\u00e4hrend der Vorf\u00fchrung durch viele Zwischenrufe und erkennende Heiterkeit bei gewissen Szenen, die den \u201elocal hero&#8220; in seinen auch skurrilen Charakterz\u00fcgen zeigen. Doch die wahre Bedeutung Bohl\u00e4nders als F\u00f6rderer des Jazz im Nachkriegsdeutschland wie auch zahlreicher junger Talente zeigte die Regisseurin und Drehbuchautorin Elizabeth Ok durch Interviews und Statements von Wegbegleitern und Zeitzeugen wie Paul Kuhn, Emil und Albert Mangelsdorff, G\u00fcnter Lenz, Gustl Mayer, Fritz Rau. Besonders letzterer hob Bohl\u00e4nders Engagement f\u00fcr den Jazz als Musik der Freiheit hervor. Er hatte 1941, mitten im Krieg, trotz der Verfolgung junger Jazzfans durch Gestapo und Hitlerjugend, mit Emil Mangelsdorff, Horst Lippmann und anderen Gleichgesinnten im Geheimen den Hot Club Frankfurt gegr\u00fcndet. Diesen Impetus der Freiheit habe Bohl\u00e4nder in der Nachkriegszeit mit ungebrochener \u00dcberzeugungskraft vermittelt.<\/p>\n<p>Im Anschluss an den Film hatte sich unter Leitung des unerm\u00fcdlichen Tenorsaxophonisten Gustl Mayer, einem \u201eSch\u00fcler&#8220; Bohl\u00e4nders, eine kleine Band zu einem improvisierten Konzert zusammen gefunden, mit dem Bassisten G\u00fcnter Lenz, einst Mitglied des ber\u00fchmten Jazzensemble des Hessischen Rundfunks, sowie Peter Reiter (p) und Paul Hochst\u00e4dter (dr) von der HR Big Band. Besonders warmherzig applaudiert wurde Bohl\u00e4nders Witwe, Anita Honis-Bohl\u00e4nder, die auch im Film humorig-ironische Kommentare \u00fcber ihren Carlo abgab und nun auf der B\u00fchne in l\u00e4ssig-gelassener Performance mit einigen Standards bewies, dass sie noch immer \u00fcber eine gro\u00dfe Stimme verf\u00fcgt. Ihr stand der auch nicht mehr ganz jugendliche Bill Ramsey, der anscheinend seine Frankfuter Fangemeinde mitgebracht hatte, wenig nach. Anerkennung geb\u00fchrt jedoch in erster Linie der Filmemacherin Elizabeth Ok, ihren findigen Kameraleuten Stefan Neueck und Stefan Wachner sowie der f\u00fcr frappierende und gelungene Schnittfolgen verantwortlichen Cutterin Susann Maria Hempel. Ihnen ist ein eindrucksvolles Zeitdokument \u00fcber die Frankfurter und deutsche Jazzszene der unmittelbaren und sp\u00e4teren Nachkriegszeit gelungen. Der Film wird ab Juni in Programmkinos zu sehen sein. Als DVD empfiehlt er sich auch f\u00fcr Vorf\u00fchrungen in Jazzclubs, um vor allem j\u00fcngeren Jazzmusikern und \u2013fans zu zeigen, auf welchen Wurzeln auch der heutige Jazz steht.<\/p>\n<p>Weitere Informationen:\u00a0 <a href=\"http:\/\/www.carlokeepswingin.okfilm.de\/\">http:\/\/www.carlokeepswingin.okfilm.de\/<\/a>; <a href=\"http:\/\/www.facebook.com\/okstockfilmproduktion\">www.facebook.com\/okstockfilmproduktion<\/a>.<\/p>\n","protected":false},"excerpt":{"rendered":"<p>Von Dietrich Schlegel &#8211; Vom vollen Haus mit gro\u00dfem Beifall bedacht wurde der Film \u201eCarlo, Keep Swingin&#8217;&#8220; \u00fcber Carlo Bohl\u00e4nder (1919-2004), die Frankfurter Jazz-Legende aus den 50er- und 60er-Jahren, im Rahmen des\u00a0 8. Lichter Filmfest Frankfurt International uraufgef\u00fchrt. Bisher war der biographische Dokumentarfilm nur im Herbst einer Jury des Hessischen Filmpreises vorgef\u00fchrt worden (siehe nmz 11\/14). Im Cantate-Saal neben dem Goethe-Museum hatten sich nicht nur alte und \u00e4ltere Zuschauer eingefunden, sondern erstaunlich viele junge Menschen. Bohl\u00e4nder, der Trompeter, Jazz-Club-Betreiber (u. a. \u201eDomicil du Jazz&#8220;) und Autor musiktheoretischer Fachb\u00fccher, ist anscheinend in Frankfurt und dar\u00fcber hinaus noch in bester Erinnerung. Das merkte man auch w\u00e4hrend der Vorf\u00fchrung durch viele Zwischenrufe und erkennende Heiterkeit bei gewissen Szenen, die den \u201elocal hero&#8220; in seinen auch skurrilen Charakterz\u00fcgen zeigen. Doch die wahre Bedeutung Bohl\u00e4nders als F\u00f6rderer des Jazz im Nachkriegsdeutschland wie auch zahlreicher junger Talente zeigte die Regisseurin und Drehbuchautorin Elizabeth Ok durch Interviews und Statements von Wegbegleitern und Zeitzeugen wie Paul Kuhn, Emil und Albert Mangelsdorff, G\u00fcnter Lenz, Gustl Mayer, Fritz Rau. Besonders letzterer hob Bohl\u00e4nders Engagement f\u00fcr den Jazz als Musik der Freiheit hervor. Er hatte 1941, &hellip;<\/p>\n","protected":false},"author":18,"featured_media":0,"comment_status":"open","ping_status":"closed","sticky":false,"template":"","format":"standard","meta":{"_jetpack_memberships_contains_paid_content":false,"footnotes":"","jetpack_publicize_message":"","jetpack_publicize_feature_enabled":true,"jetpack_social_post_already_shared":false,"jetpack_social_options":{"image_generator_settings":{"template":"highway","default_image_id":0,"font":"","enabled":false},"version":2}},"categories":[1053],"tags":[71,808,120,1081,147,171,184,928,322,406,407,421,701],"coauthors":[695],"class_list":["post-5759","post","type-post","status-publish","format-standard","hentry","category-bericht","tag-big-band","tag-bill-ramsey","tag-club","tag-dietrich-schlegel","tag-domicil","tag-facebook","tag-frankfurt","tag-jazzclubs","tag-konzert-2","tag-nachkriegsdeutschland","tag-nachkriegszeit","tag-nmz","tag-paul-kuhn"],"yoast_head":"<!-- This site is optimized with the Yoast SEO plugin v27.5 - https:\/\/yoast.com\/product\/yoast-seo-wordpress\/ -->\n<title>Film \u00fcber Jazz-Legende Carlo Bohl\u00e4nder uraufgef\u00fchrt - JazzZeitung<\/title>\n<meta name=\"robots\" content=\"index, follow, max-snippet:-1, max-image-preview:large, max-video-preview:-1\" \/>\n<link rel=\"canonical\" href=\"https:\/\/www.jazzzeitung.de\/cms\/2015\/03\/film-ueber-jazz-legende-carlo-bohlaender-uraufgefuehrt\/\" \/>\n<meta property=\"og:locale\" content=\"de_DE\" \/>\n<meta property=\"og:type\" content=\"article\" \/>\n<meta property=\"og:title\" content=\"Film \u00fcber Jazz-Legende Carlo Bohl\u00e4nder uraufgef\u00fchrt - JazzZeitung\" \/>\n<meta property=\"og:description\" content=\"Von Dietrich Schlegel &#8211; Vom vollen Haus mit gro\u00dfem Beifall bedacht wurde der Film \u201eCarlo, Keep Swingin&#039;&#8220; \u00fcber Carlo Bohl\u00e4nder (1919-2004), die Frankfurter Jazz-Legende aus den 50er- und 60er-Jahren, im Rahmen des\u00a0 8. Lichter Filmfest Frankfurt International uraufgef\u00fchrt. Bisher war der biographische Dokumentarfilm nur im Herbst einer Jury des Hessischen Filmpreises vorgef\u00fchrt worden (siehe nmz 11\/14). Im Cantate-Saal neben dem Goethe-Museum hatten sich nicht nur alte und \u00e4ltere Zuschauer eingefunden, sondern erstaunlich viele junge Menschen. Bohl\u00e4nder, der Trompeter, Jazz-Club-Betreiber (u. a. \u201eDomicil du Jazz&#8220;) und Autor musiktheoretischer Fachb\u00fccher, ist anscheinend in Frankfurt und dar\u00fcber hinaus noch in bester Erinnerung. Das merkte man auch w\u00e4hrend der Vorf\u00fchrung durch viele Zwischenrufe und erkennende Heiterkeit bei gewissen Szenen, die den \u201elocal hero&#8220; in seinen auch skurrilen Charakterz\u00fcgen zeigen. Doch die wahre Bedeutung Bohl\u00e4nders als F\u00f6rderer des Jazz im Nachkriegsdeutschland wie auch zahlreicher junger Talente zeigte die Regisseurin und Drehbuchautorin Elizabeth Ok durch Interviews und Statements von Wegbegleitern und Zeitzeugen wie Paul Kuhn, Emil und Albert Mangelsdorff, G\u00fcnter Lenz, Gustl Mayer, Fritz Rau. Besonders letzterer hob Bohl\u00e4nders Engagement f\u00fcr den Jazz als Musik der Freiheit hervor. Er hatte 1941, &hellip;\" \/>\n<meta property=\"og:url\" content=\"https:\/\/www.jazzzeitung.de\/cms\/2015\/03\/film-ueber-jazz-legende-carlo-bohlaender-uraufgefuehrt\/\" \/>\n<meta property=\"og:site_name\" content=\"JazzZeitung\" \/>\n<meta property=\"article:publisher\" content=\"https:\/\/www.facebook.com\/JazzZeitung\/\" \/>\n<meta property=\"article:published_time\" content=\"2015-03-23T09:49:13+00:00\" \/>\n<meta property=\"article:modified_time\" content=\"2015-03-23T10:11:25+00:00\" \/>\n<meta property=\"og:image\" content=\"https:\/\/i0.wp.com\/www.jazzzeitung.de\/cms\/wp-content\/uploads\/2012\/01\/ipad-logo-200.png?fit=200%2C200&ssl=1\" \/>\n\t<meta property=\"og:image:width\" content=\"200\" \/>\n\t<meta property=\"og:image:height\" content=\"200\" \/>\n\t<meta property=\"og:image:type\" content=\"image\/png\" \/>\n<meta name=\"author\" content=\"Redaktion JazzZeitung\" \/>\n<script type=\"application\/ld+json\" class=\"yoast-schema-graph\">{\"@context\":\"https:\\\/\\\/schema.org\",\"@graph\":[{\"@type\":\"Article\",\"@id\":\"https:\\\/\\\/www.jazzzeitung.de\\\/cms\\\/2015\\\/03\\\/film-ueber-jazz-legende-carlo-bohlaender-uraufgefuehrt\\\/#article\",\"isPartOf\":{\"@id\":\"https:\\\/\\\/www.jazzzeitung.de\\\/cms\\\/2015\\\/03\\\/film-ueber-jazz-legende-carlo-bohlaender-uraufgefuehrt\\\/\"},\"author\":{\"name\":\"Redaktion JazzZeitung\",\"@id\":\"https:\\\/\\\/www.jazzzeitung.de\\\/cms\\\/#\\\/schema\\\/person\\\/2245b36b9cd1d24cea10f01c031fb92b\"},\"headline\":\"Film \u00fcber Jazz-Legende Carlo Bohl\u00e4nder uraufgef\u00fchrt\",\"datePublished\":\"2015-03-23T09:49:13+00:00\",\"dateModified\":\"2015-03-23T10:11:25+00:00\",\"mainEntityOfPage\":{\"@id\":\"https:\\\/\\\/www.jazzzeitung.de\\\/cms\\\/2015\\\/03\\\/film-ueber-jazz-legende-carlo-bohlaender-uraufgefuehrt\\\/\"},\"wordCount\":491,\"commentCount\":0,\"publisher\":{\"@id\":\"https:\\\/\\\/www.jazzzeitung.de\\\/cms\\\/#organization\"},\"keywords\":[\"Big Band\",\"Bill Ramsey\",\"Club\",\"Dietrich Schlegel\",\"Domicil\",\"facebook\",\"Frankfurt\",\"Jazzclubs\",\"Konzert\",\"Nachkriegsdeutschland\",\"Nachkriegszeit\",\"nmz\",\"Paul Kuhn\"],\"articleSection\":[\"Bericht\"],\"inLanguage\":\"de\",\"potentialAction\":[{\"@type\":\"CommentAction\",\"name\":\"Comment\",\"target\":[\"https:\\\/\\\/www.jazzzeitung.de\\\/cms\\\/2015\\\/03\\\/film-ueber-jazz-legende-carlo-bohlaender-uraufgefuehrt\\\/#respond\"]}]},{\"@type\":\"WebPage\",\"@id\":\"https:\\\/\\\/www.jazzzeitung.de\\\/cms\\\/2015\\\/03\\\/film-ueber-jazz-legende-carlo-bohlaender-uraufgefuehrt\\\/\",\"url\":\"https:\\\/\\\/www.jazzzeitung.de\\\/cms\\\/2015\\\/03\\\/film-ueber-jazz-legende-carlo-bohlaender-uraufgefuehrt\\\/\",\"name\":\"Film \u00fcber Jazz-Legende Carlo Bohl\u00e4nder uraufgef\u00fchrt - JazzZeitung\",\"isPartOf\":{\"@id\":\"https:\\\/\\\/www.jazzzeitung.de\\\/cms\\\/#website\"},\"datePublished\":\"2015-03-23T09:49:13+00:00\",\"dateModified\":\"2015-03-23T10:11:25+00:00\",\"breadcrumb\":{\"@id\":\"https:\\\/\\\/www.jazzzeitung.de\\\/cms\\\/2015\\\/03\\\/film-ueber-jazz-legende-carlo-bohlaender-uraufgefuehrt\\\/#breadcrumb\"},\"inLanguage\":\"de\",\"potentialAction\":[{\"@type\":\"ReadAction\",\"target\":[\"https:\\\/\\\/www.jazzzeitung.de\\\/cms\\\/2015\\\/03\\\/film-ueber-jazz-legende-carlo-bohlaender-uraufgefuehrt\\\/\"]}]},{\"@type\":\"BreadcrumbList\",\"@id\":\"https:\\\/\\\/www.jazzzeitung.de\\\/cms\\\/2015\\\/03\\\/film-ueber-jazz-legende-carlo-bohlaender-uraufgefuehrt\\\/#breadcrumb\",\"itemListElement\":[{\"@type\":\"ListItem\",\"position\":1,\"name\":\"Startseite\",\"item\":\"https:\\\/\\\/www.jazzzeitung.de\\\/cms\\\/\"},{\"@type\":\"ListItem\",\"position\":2,\"name\":\"Film \u00fcber Jazz-Legende Carlo Bohl\u00e4nder uraufgef\u00fchrt\"}]},{\"@type\":\"WebSite\",\"@id\":\"https:\\\/\\\/www.jazzzeitung.de\\\/cms\\\/#website\",\"url\":\"https:\\\/\\\/www.jazzzeitung.de\\\/cms\\\/\",\"name\":\"JazzZeitung\",\"description\":\"Jazz-News und Jazz-Kontroverses\",\"publisher\":{\"@id\":\"https:\\\/\\\/www.jazzzeitung.de\\\/cms\\\/#organization\"},\"potentialAction\":[{\"@type\":\"SearchAction\",\"target\":{\"@type\":\"EntryPoint\",\"urlTemplate\":\"https:\\\/\\\/www.jazzzeitung.de\\\/cms\\\/?s={search_term_string}\"},\"query-input\":{\"@type\":\"PropertyValueSpecification\",\"valueRequired\":true,\"valueName\":\"search_term_string\"}}],\"inLanguage\":\"de\"},{\"@type\":\"Organization\",\"@id\":\"https:\\\/\\\/www.jazzzeitung.de\\\/cms\\\/#organization\",\"name\":\"JazzZeitung online\",\"url\":\"https:\\\/\\\/www.jazzzeitung.de\\\/cms\\\/\",\"logo\":{\"@type\":\"ImageObject\",\"inLanguage\":\"de\",\"@id\":\"https:\\\/\\\/www.jazzzeitung.de\\\/cms\\\/#\\\/schema\\\/logo\\\/image\\\/\",\"url\":\"https:\\\/\\\/i0.wp.com\\\/www.jazzzeitung.de\\\/cms\\\/wp-content\\\/uploads\\\/2015\\\/08\\\/JAZZZEITUNGDE_Logo_Neu.png?fit=499%2C200&ssl=1\",\"contentUrl\":\"https:\\\/\\\/i0.wp.com\\\/www.jazzzeitung.de\\\/cms\\\/wp-content\\\/uploads\\\/2015\\\/08\\\/JAZZZEITUNGDE_Logo_Neu.png?fit=499%2C200&ssl=1\",\"width\":499,\"height\":200,\"caption\":\"JazzZeitung online\"},\"image\":{\"@id\":\"https:\\\/\\\/www.jazzzeitung.de\\\/cms\\\/#\\\/schema\\\/logo\\\/image\\\/\"},\"sameAs\":[\"https:\\\/\\\/www.facebook.com\\\/JazzZeitung\\\/\"]},{\"@type\":\"Person\",\"@id\":\"https:\\\/\\\/www.jazzzeitung.de\\\/cms\\\/#\\\/schema\\\/person\\\/2245b36b9cd1d24cea10f01c031fb92b\",\"name\":\"Redaktion JazzZeitung\",\"image\":{\"@type\":\"ImageObject\",\"inLanguage\":\"de\",\"@id\":\"https:\\\/\\\/i0.wp.com\\\/www.jazzzeitung.de\\\/cms\\\/wp-content\\\/uploads\\\/2015\\\/08\\\/JAZZZEITUNGDE_Logo_Neu.png?resize=96%2C96&ssl=159975dcacb611b5700bd619b5daf0a7a\",\"url\":\"https:\\\/\\\/i0.wp.com\\\/www.jazzzeitung.de\\\/cms\\\/wp-content\\\/uploads\\\/2015\\\/08\\\/JAZZZEITUNGDE_Logo_Neu.png?resize=96%2C96&ssl=1\",\"contentUrl\":\"https:\\\/\\\/i0.wp.com\\\/www.jazzzeitung.de\\\/cms\\\/wp-content\\\/uploads\\\/2015\\\/08\\\/JAZZZEITUNGDE_Logo_Neu.png?resize=96%2C96&ssl=1\",\"caption\":\"Redaktion JazzZeitung\"},\"description\":\"Artikel der Redaktion der JazzZeitung.\",\"sameAs\":[\"http:\\\/\\\/www.jazzzeitung.de\\\/cms\\\/\"],\"url\":\"https:\\\/\\\/www.jazzzeitung.de\\\/cms\\\/author\\\/redaktion\\\/\"}]}<\/script>\n<!-- \/ Yoast SEO plugin. -->","yoast_head_json":{"title":"Film \u00fcber Jazz-Legende Carlo Bohl\u00e4nder uraufgef\u00fchrt - JazzZeitung","robots":{"index":"index","follow":"follow","max-snippet":"max-snippet:-1","max-image-preview":"max-image-preview:large","max-video-preview":"max-video-preview:-1"},"canonical":"https:\/\/www.jazzzeitung.de\/cms\/2015\/03\/film-ueber-jazz-legende-carlo-bohlaender-uraufgefuehrt\/","og_locale":"de_DE","og_type":"article","og_title":"Film \u00fcber Jazz-Legende Carlo Bohl\u00e4nder uraufgef\u00fchrt - JazzZeitung","og_description":"Von Dietrich Schlegel &#8211; Vom vollen Haus mit gro\u00dfem Beifall bedacht wurde der Film \u201eCarlo, Keep Swingin'&#8220; \u00fcber Carlo Bohl\u00e4nder (1919-2004), die Frankfurter Jazz-Legende aus den 50er- und 60er-Jahren, im Rahmen des\u00a0 8. Lichter Filmfest Frankfurt International uraufgef\u00fchrt. Bisher war der biographische Dokumentarfilm nur im Herbst einer Jury des Hessischen Filmpreises vorgef\u00fchrt worden (siehe nmz 11\/14). Im Cantate-Saal neben dem Goethe-Museum hatten sich nicht nur alte und \u00e4ltere Zuschauer eingefunden, sondern erstaunlich viele junge Menschen. Bohl\u00e4nder, der Trompeter, Jazz-Club-Betreiber (u. a. \u201eDomicil du Jazz&#8220;) und Autor musiktheoretischer Fachb\u00fccher, ist anscheinend in Frankfurt und dar\u00fcber hinaus noch in bester Erinnerung. Das merkte man auch w\u00e4hrend der Vorf\u00fchrung durch viele Zwischenrufe und erkennende Heiterkeit bei gewissen Szenen, die den \u201elocal hero&#8220; in seinen auch skurrilen Charakterz\u00fcgen zeigen. Doch die wahre Bedeutung Bohl\u00e4nders als F\u00f6rderer des Jazz im Nachkriegsdeutschland wie auch zahlreicher junger Talente zeigte die Regisseurin und Drehbuchautorin Elizabeth Ok durch Interviews und Statements von Wegbegleitern und Zeitzeugen wie Paul Kuhn, Emil und Albert Mangelsdorff, G\u00fcnter Lenz, Gustl Mayer, Fritz Rau. Besonders letzterer hob Bohl\u00e4nders Engagement f\u00fcr den Jazz als Musik der Freiheit hervor. Er hatte 1941, &hellip;","og_url":"https:\/\/www.jazzzeitung.de\/cms\/2015\/03\/film-ueber-jazz-legende-carlo-bohlaender-uraufgefuehrt\/","og_site_name":"JazzZeitung","article_publisher":"https:\/\/www.facebook.com\/JazzZeitung\/","article_published_time":"2015-03-23T09:49:13+00:00","article_modified_time":"2015-03-23T10:11:25+00:00","og_image":[{"width":200,"height":200,"url":"https:\/\/i0.wp.com\/www.jazzzeitung.de\/cms\/wp-content\/uploads\/2012\/01\/ipad-logo-200.png?fit=200%2C200&ssl=1","type":"image\/png"}],"author":"Redaktion JazzZeitung","schema":{"@context":"https:\/\/schema.org","@graph":[{"@type":"Article","@id":"https:\/\/www.jazzzeitung.de\/cms\/2015\/03\/film-ueber-jazz-legende-carlo-bohlaender-uraufgefuehrt\/#article","isPartOf":{"@id":"https:\/\/www.jazzzeitung.de\/cms\/2015\/03\/film-ueber-jazz-legende-carlo-bohlaender-uraufgefuehrt\/"},"author":{"name":"Redaktion JazzZeitung","@id":"https:\/\/www.jazzzeitung.de\/cms\/#\/schema\/person\/2245b36b9cd1d24cea10f01c031fb92b"},"headline":"Film \u00fcber Jazz-Legende Carlo Bohl\u00e4nder uraufgef\u00fchrt","datePublished":"2015-03-23T09:49:13+00:00","dateModified":"2015-03-23T10:11:25+00:00","mainEntityOfPage":{"@id":"https:\/\/www.jazzzeitung.de\/cms\/2015\/03\/film-ueber-jazz-legende-carlo-bohlaender-uraufgefuehrt\/"},"wordCount":491,"commentCount":0,"publisher":{"@id":"https:\/\/www.jazzzeitung.de\/cms\/#organization"},"keywords":["Big Band","Bill Ramsey","Club","Dietrich Schlegel","Domicil","facebook","Frankfurt","Jazzclubs","Konzert","Nachkriegsdeutschland","Nachkriegszeit","nmz","Paul Kuhn"],"articleSection":["Bericht"],"inLanguage":"de","potentialAction":[{"@type":"CommentAction","name":"Comment","target":["https:\/\/www.jazzzeitung.de\/cms\/2015\/03\/film-ueber-jazz-legende-carlo-bohlaender-uraufgefuehrt\/#respond"]}]},{"@type":"WebPage","@id":"https:\/\/www.jazzzeitung.de\/cms\/2015\/03\/film-ueber-jazz-legende-carlo-bohlaender-uraufgefuehrt\/","url":"https:\/\/www.jazzzeitung.de\/cms\/2015\/03\/film-ueber-jazz-legende-carlo-bohlaender-uraufgefuehrt\/","name":"Film \u00fcber Jazz-Legende Carlo Bohl\u00e4nder uraufgef\u00fchrt - JazzZeitung","isPartOf":{"@id":"https:\/\/www.jazzzeitung.de\/cms\/#website"},"datePublished":"2015-03-23T09:49:13+00:00","dateModified":"2015-03-23T10:11:25+00:00","breadcrumb":{"@id":"https:\/\/www.jazzzeitung.de\/cms\/2015\/03\/film-ueber-jazz-legende-carlo-bohlaender-uraufgefuehrt\/#breadcrumb"},"inLanguage":"de","potentialAction":[{"@type":"ReadAction","target":["https:\/\/www.jazzzeitung.de\/cms\/2015\/03\/film-ueber-jazz-legende-carlo-bohlaender-uraufgefuehrt\/"]}]},{"@type":"BreadcrumbList","@id":"https:\/\/www.jazzzeitung.de\/cms\/2015\/03\/film-ueber-jazz-legende-carlo-bohlaender-uraufgefuehrt\/#breadcrumb","itemListElement":[{"@type":"ListItem","position":1,"name":"Startseite","item":"https:\/\/www.jazzzeitung.de\/cms\/"},{"@type":"ListItem","position":2,"name":"Film \u00fcber Jazz-Legende Carlo Bohl\u00e4nder uraufgef\u00fchrt"}]},{"@type":"WebSite","@id":"https:\/\/www.jazzzeitung.de\/cms\/#website","url":"https:\/\/www.jazzzeitung.de\/cms\/","name":"JazzZeitung","description":"Jazz-News und Jazz-Kontroverses","publisher":{"@id":"https:\/\/www.jazzzeitung.de\/cms\/#organization"},"potentialAction":[{"@type":"SearchAction","target":{"@type":"EntryPoint","urlTemplate":"https:\/\/www.jazzzeitung.de\/cms\/?s={search_term_string}"},"query-input":{"@type":"PropertyValueSpecification","valueRequired":true,"valueName":"search_term_string"}}],"inLanguage":"de"},{"@type":"Organization","@id":"https:\/\/www.jazzzeitung.de\/cms\/#organization","name":"JazzZeitung online","url":"https:\/\/www.jazzzeitung.de\/cms\/","logo":{"@type":"ImageObject","inLanguage":"de","@id":"https:\/\/www.jazzzeitung.de\/cms\/#\/schema\/logo\/image\/","url":"https:\/\/i0.wp.com\/www.jazzzeitung.de\/cms\/wp-content\/uploads\/2015\/08\/JAZZZEITUNGDE_Logo_Neu.png?fit=499%2C200&ssl=1","contentUrl":"https:\/\/i0.wp.com\/www.jazzzeitung.de\/cms\/wp-content\/uploads\/2015\/08\/JAZZZEITUNGDE_Logo_Neu.png?fit=499%2C200&ssl=1","width":499,"height":200,"caption":"JazzZeitung online"},"image":{"@id":"https:\/\/www.jazzzeitung.de\/cms\/#\/schema\/logo\/image\/"},"sameAs":["https:\/\/www.facebook.com\/JazzZeitung\/"]},{"@type":"Person","@id":"https:\/\/www.jazzzeitung.de\/cms\/#\/schema\/person\/2245b36b9cd1d24cea10f01c031fb92b","name":"Redaktion JazzZeitung","image":{"@type":"ImageObject","inLanguage":"de","@id":"https:\/\/i0.wp.com\/www.jazzzeitung.de\/cms\/wp-content\/uploads\/2015\/08\/JAZZZEITUNGDE_Logo_Neu.png?resize=96%2C96&ssl=159975dcacb611b5700bd619b5daf0a7a","url":"https:\/\/i0.wp.com\/www.jazzzeitung.de\/cms\/wp-content\/uploads\/2015\/08\/JAZZZEITUNGDE_Logo_Neu.png?resize=96%2C96&ssl=1","contentUrl":"https:\/\/i0.wp.com\/www.jazzzeitung.de\/cms\/wp-content\/uploads\/2015\/08\/JAZZZEITUNGDE_Logo_Neu.png?resize=96%2C96&ssl=1","caption":"Redaktion JazzZeitung"},"description":"Artikel der Redaktion der JazzZeitung.","sameAs":["http:\/\/www.jazzzeitung.de\/cms\/"],"url":"https:\/\/www.jazzzeitung.de\/cms\/author\/redaktion\/"}]}},"wp-worthy-pixel":{"ignored":false,"public":null,"server":null,"url":null},"wp-worthy-type":"normal","jetpack_publicize_connections":[],"cc_featured_image_caption":{"caption_text":false,"source_text":false,"source_url":false},"jetpack_featured_media_url":"","jetpack_shortlink":"https:\/\/wp.me\/p3KEcT-1uT","jetpack-related-posts":[{"id":5624,"url":"https:\/\/www.jazzzeitung.de\/cms\/2015\/03\/news-women-jazz-zum-zehnten-film-ueber-jazz-legende-moers-festival\/","url_meta":{"origin":5759,"position":0},"title":"News: Women in Jazz zum Zehnten +++ Film \u00fcber Jazz-Legende +++ moers-Festival","author":"Redaktion JazzZeitung","date":"3. M\u00e4rz 2015","format":false,"excerpt":"Women in Jazz feiert runden Geburtstag Vom 24. April bis zum 03. Mai geht das Festival Women in Jazz in die bereits 10. Auflage. In \u00fcber 20 Konzerten pr\u00e4sentieren sich \u201eJazz-Frauen\u201c aus der ganzen Welt und f\u00fcllen ein umfangreiches Programm. Das Thema f\u00fcr diesen Festival-Jahrgang ist \u201eEurop\u00e4isch-Amerikanische Begegnung\u201c. \u201eDabei fokussieren\u2026","rel":"","context":"In &quot;News&quot;","block_context":{"text":"News","link":"https:\/\/www.jazzzeitung.de\/cms\/thema\/nachrichten\/"},"img":{"alt_text":"Cathrine Russel tritt bei Women in Jazz auf. Foto: Marv Goldsmitt","src":"https:\/\/i0.wp.com\/www.jazzzeitung.de\/cms\/wp-content\/uploads\/2015\/03\/Cathrine-Russel-1-Marv-Goldsmitt-150x150.jpg?resize=350%2C200","width":350,"height":200},"classes":[]},{"id":10906,"url":"https:\/\/www.jazzzeitung.de\/cms\/2016\/11\/carlo-keep-swingin-ist-ab-9-dezember-auf-dvd-und-als-vod-erhaeltlich\/","url_meta":{"origin":5759,"position":1},"title":"\u201eCarlo, Keep Swingin\u2019\u201c ist ab 9. Dezember auf DVD und als VoD erh\u00e4ltlich","author":"Redaktion JazzZeitung","date":"9. November 2016","format":false,"excerpt":"\u201eCarlo, Keep Swingin\u2019\u201c ist das mitrei\u00dfende Portr\u00e4t von\u00a0Carlo Bohl\u00e4nder, der\u00a0mit dem Frankfurter Jazzkeller nicht weniger als die Keimzelle f\u00fcr den Jazz in Deutschland geschaffen hat. Eine Hymne an die Musik der Freiheit nach der schmerzvollen Erfahrung des Nationalsozialismus. Nach dem Zweiten Weltkrieg gr\u00fcndete der Trompeter und Musiktheoretiker Carlo Bohl\u00e4nder im\u2026","rel":"","context":"In &quot;Rezension&quot;","block_context":{"text":"Rezension","link":"https:\/\/www.jazzzeitung.de\/cms\/thema\/rezension\/"},"img":{"alt_text":"","src":"https:\/\/i0.wp.com\/www.jazzzeitung.de\/cms\/wp-content\/uploads\/2016\/11\/09_wfilm_carlokeepswingin_filmstill.jpg?resize=350%2C200","width":350,"height":200,"srcset":"https:\/\/i0.wp.com\/www.jazzzeitung.de\/cms\/wp-content\/uploads\/2016\/11\/09_wfilm_carlokeepswingin_filmstill.jpg?resize=350%2C200 1x, https:\/\/i0.wp.com\/www.jazzzeitung.de\/cms\/wp-content\/uploads\/2016\/11\/09_wfilm_carlokeepswingin_filmstill.jpg?resize=525%2C300 1.5x, https:\/\/i0.wp.com\/www.jazzzeitung.de\/cms\/wp-content\/uploads\/2016\/11\/09_wfilm_carlokeepswingin_filmstill.jpg?resize=700%2C400 2x, https:\/\/i0.wp.com\/www.jazzzeitung.de\/cms\/wp-content\/uploads\/2016\/11\/09_wfilm_carlokeepswingin_filmstill.jpg?resize=1050%2C600 3x, https:\/\/i0.wp.com\/www.jazzzeitung.de\/cms\/wp-content\/uploads\/2016\/11\/09_wfilm_carlokeepswingin_filmstill.jpg?resize=1400%2C800 4x"},"classes":[]},{"id":6061,"url":"https:\/\/www.jazzzeitung.de\/cms\/2015\/05\/wolfgang-sauer-gestorben\/","url_meta":{"origin":5759,"position":2},"title":"Wolfgang Sauer gestorben","author":"Redaktion JazzZeitung","date":"4. Mai 2015","format":false,"excerpt":"Von Dietrich Schlegel - Dass der am 26. April im Alter von 87 Jahren in K\u00f6ln verstorbene S\u00e4nger und Pianist Wolfgang Sauer seine gr\u00f6\u00dften Erfolge und eine breite Popularit\u00e4t mit Schlagern wie \u201eGlaube mir\u201c und \u201eTr\u00e4nen in den Augen\u201c zu verdanken hatte, sollte nicht vergessen lassen, dass auch er, wie\u2026","rel":"","context":"In &quot;News&quot;","block_context":{"text":"News","link":"https:\/\/www.jazzzeitung.de\/cms\/thema\/nachrichten\/"},"img":{"alt_text":"cover_sauer","src":"https:\/\/i0.wp.com\/www.jazzzeitung.de\/cms\/wp-content\/uploads\/2015\/05\/cover_sauer-150x150.jpg?resize=350%2C200","width":350,"height":200},"classes":[]},{"id":5784,"url":"https:\/\/www.jazzzeitung.de\/cms\/2015\/03\/news-django-reinhardt-memorial-lichter-filmfest-jazzweekend-unterfoehring\/","url_meta":{"origin":5759,"position":3},"title":"News: Django Reinhardt Memorial +++ LICHTER Filmfest +++ Jazzweekend Unterf\u00f6hring","author":"Redaktion JazzZeitung","date":"25. M\u00e4rz 2015","format":false,"excerpt":"Django Reinhardt Memorial in Augsburg geht in die 23. Runde Er ist eine Legende. Er hat den europ\u00e4ischen Jazz miterfunden und seine Spielweise hat einen ganzen Jazzstil gepr\u00e4gt. Die Rede ist von Django Reinhardt. Bereits zum 23. Mal findet nun ihm und dem Gypsy-Jazz zu Ehren das Django Reinhardt-Memorial in\u2026","rel":"","context":"In &quot;News&quot;","block_context":{"text":"News","link":"https:\/\/www.jazzzeitung.de\/cms\/thema\/nachrichten\/"},"img":{"alt_text":"Django Reinhardt","src":"https:\/\/i0.wp.com\/www.jazzzeitung.de\/cms\/wp-content\/uploads\/2015\/03\/Django-Reinhardt-150x150.jpg?resize=350%2C200","width":350,"height":200},"classes":[]},{"id":26590,"url":"https:\/\/www.jazzzeitung.de\/cms\/2022\/01\/frankfurter-jazzgroesse-nachruf-auf-emil-mangelsdorff\/","url_meta":{"origin":5759,"position":4},"title":"Frankfurter Jazzgr\u00f6\u00dfe: Nachruf auf Emil Mangelsdorff","author":"Andreas Kolb","date":"25. Januar 2022","format":false,"excerpt":"\u201eDeutschen Jazz gibt es nicht\u201c, hat Emil Mangelsdorffs j\u00fcngerer Bruder, der Posaunist Albert Mangelsdorff einmal gesagt. Aber den legend\u00e4ren Frankfurt Sound gab es, mit dem Jazzensemble des Hessischen Rundfunks und Namen wie die Gebr\u00fcder Mangelsdorff, Joki Freund, Heinz Sauer und G\u00fcnther Lenz. Ert\u00f6nt war dieser Frankfurt Sound nicht erst in\u2026","rel":"","context":"In &quot;Portrait&quot;","block_context":{"text":"Portrait","link":"https:\/\/www.jazzzeitung.de\/cms\/thema\/portrait\/"},"img":{"alt_text":"","src":"https:\/\/i0.wp.com\/www.jazzzeitung.de\/cms\/wp-content\/uploads\/2022\/01\/Collage-Emil-Mangelsdorff-2-Foto-TJ-Krebs.jpg?fit=1200%2C800&ssl=1&resize=350%2C200","width":350,"height":200,"srcset":"https:\/\/i0.wp.com\/www.jazzzeitung.de\/cms\/wp-content\/uploads\/2022\/01\/Collage-Emil-Mangelsdorff-2-Foto-TJ-Krebs.jpg?fit=1200%2C800&ssl=1&resize=350%2C200 1x, https:\/\/i0.wp.com\/www.jazzzeitung.de\/cms\/wp-content\/uploads\/2022\/01\/Collage-Emil-Mangelsdorff-2-Foto-TJ-Krebs.jpg?fit=1200%2C800&ssl=1&resize=525%2C300 1.5x, https:\/\/i0.wp.com\/www.jazzzeitung.de\/cms\/wp-content\/uploads\/2022\/01\/Collage-Emil-Mangelsdorff-2-Foto-TJ-Krebs.jpg?fit=1200%2C800&ssl=1&resize=700%2C400 2x, https:\/\/i0.wp.com\/www.jazzzeitung.de\/cms\/wp-content\/uploads\/2022\/01\/Collage-Emil-Mangelsdorff-2-Foto-TJ-Krebs.jpg?fit=1200%2C800&ssl=1&resize=1050%2C600 3x"},"classes":[]},{"id":1662,"url":"https:\/\/www.jazzzeitung.de\/cms\/2012\/07\/ror-wolf-zum-80-geburtstag\/","url_meta":{"origin":5759,"position":5},"title":"Ror Wolf zum 80. Geburtstag","author":"Dietrich Schlegel","date":"5. Juli 2012","format":false,"excerpt":"Der vielfach ausgezeichnete Schriftsteller Ror Wolf, ein Virtuose der Sprache, der nicht zuletzt wegen seiner H\u00f6rspiele und Radiocollagen auch einem breiteren Publikum bekannt wurde (Stichwort: Fu\u00dfball), hat sich Jazzmusikern und \u2013fans vor allem durch sein gro\u00dfartiges H\u00f6rspiel \u201eLeben und Tod des Kornettisten Bix Beiderbecke aus Nordamerika\u201c eingepr\u00e4gt. Wolf zeichnet darin\u2026","rel":"","context":"In &quot;Portrait&quot;","block_context":{"text":"Portrait","link":"https:\/\/www.jazzzeitung.de\/cms\/thema\/portrait\/"},"img":{"alt_text":"Ror Wolf. Foto: ???","src":"https:\/\/i0.wp.com\/www.jazzzeitung.de\/cms\/wp-content\/uploads\/2015\/07\/Ror-Wolf.jpg?fit=460%2C360&ssl=1&resize=350%2C200","width":350,"height":200},"classes":[]}],"jetpack_sharing_enabled":true,"_links":{"self":[{"href":"https:\/\/www.jazzzeitung.de\/cms\/wp-json\/wp\/v2\/posts\/5759","targetHints":{"allow":["GET"]}}],"collection":[{"href":"https:\/\/www.jazzzeitung.de\/cms\/wp-json\/wp\/v2\/posts"}],"about":[{"href":"https:\/\/www.jazzzeitung.de\/cms\/wp-json\/wp\/v2\/types\/post"}],"author":[{"embeddable":true,"href":"https:\/\/www.jazzzeitung.de\/cms\/wp-json\/wp\/v2\/users\/18"}],"replies":[{"embeddable":true,"href":"https:\/\/www.jazzzeitung.de\/cms\/wp-json\/wp\/v2\/comments?post=5759"}],"version-history":[{"count":3,"href":"https:\/\/www.jazzzeitung.de\/cms\/wp-json\/wp\/v2\/posts\/5759\/revisions"}],"predecessor-version":[{"id":5763,"href":"https:\/\/www.jazzzeitung.de\/cms\/wp-json\/wp\/v2\/posts\/5759\/revisions\/5763"}],"wp:attachment":[{"href":"https:\/\/www.jazzzeitung.de\/cms\/wp-json\/wp\/v2\/media?parent=5759"}],"wp:term":[{"taxonomy":"category","embeddable":true,"href":"https:\/\/www.jazzzeitung.de\/cms\/wp-json\/wp\/v2\/categories?post=5759"},{"taxonomy":"post_tag","embeddable":true,"href":"https:\/\/www.jazzzeitung.de\/cms\/wp-json\/wp\/v2\/tags?post=5759"},{"taxonomy":"author","embeddable":true,"href":"https:\/\/www.jazzzeitung.de\/cms\/wp-json\/wp\/v2\/coauthors?post=5759"}],"curies":[{"name":"wp","href":"https:\/\/api.w.org\/{rel}","templated":true}]}}