{"id":5699,"date":"2015-03-17T09:55:12","date_gmt":"2015-03-17T08:55:12","guid":{"rendered":"http:\/\/www.jazzzeitung.de\/cms\/?p=5699"},"modified":"2015-03-17T09:55:12","modified_gmt":"2015-03-17T08:55:12","slug":"jazz-als-ware-musiker-als-ladenhueter","status":"publish","type":"post","link":"https:\/\/www.jazzzeitung.de\/cms\/2015\/03\/jazz-als-ware-musiker-als-ladenhueter\/","title":{"rendered":"Jazz als Ware &#8211; Musiker als Ladenh\u00fcter"},"content":{"rendered":"<p><a href=\"https:\/\/i0.wp.com\/www.jazzzeitung.de\/cms\/wp-content\/uploads\/2015\/03\/euro_gaisa.jpg\"><img data-recalc-dims=\"1\" loading=\"lazy\" decoding=\"async\" data-attachment-id=\"5731\" data-permalink=\"https:\/\/www.jazzzeitung.de\/cms\/2015\/03\/jazz-als-ware-musiker-als-ladenhueter\/euro_gaisa\/\" data-orig-file=\"https:\/\/i0.wp.com\/www.jazzzeitung.de\/cms\/wp-content\/uploads\/2015\/03\/euro_gaisa.jpg?fit=984%2C954&amp;ssl=1\" data-orig-size=\"984,954\" data-comments-opened=\"1\" data-image-meta=\"{&quot;aperture&quot;:&quot;2.4&quot;,&quot;credit&quot;:&quot;&quot;,&quot;camera&quot;:&quot;iPad mini 2&quot;,&quot;caption&quot;:&quot;&quot;,&quot;created_timestamp&quot;:&quot;1426585453&quot;,&quot;copyright&quot;:&quot;&quot;,&quot;focal_length&quot;:&quot;3.3&quot;,&quot;iso&quot;:&quot;32&quot;,&quot;shutter_speed&quot;:&quot;0.033333333333333&quot;,&quot;title&quot;:&quot;&quot;,&quot;orientation&quot;:&quot;1&quot;}\" data-image-title=\"euro_gaisa\" data-image-description=\"\" data-image-caption=\"\" data-large-file=\"https:\/\/i0.wp.com\/www.jazzzeitung.de\/cms\/wp-content\/uploads\/2015\/03\/euro_gaisa.jpg?fit=619%2C600&amp;ssl=1\" class=\"alignright size-thumbnail wp-image-5731\" src=\"https:\/\/i0.wp.com\/www.jazzzeitung.de\/cms\/wp-content\/uploads\/2015\/03\/euro_gaisa-150x150.jpg?resize=150%2C150\" alt=\"euro_gaisa\" width=\"150\" height=\"150\" srcset=\"https:\/\/i0.wp.com\/www.jazzzeitung.de\/cms\/wp-content\/uploads\/2015\/03\/euro_gaisa.jpg?resize=150%2C150&amp;ssl=1 150w, https:\/\/i0.wp.com\/www.jazzzeitung.de\/cms\/wp-content\/uploads\/2015\/03\/euro_gaisa.jpg?resize=144%2C144&amp;ssl=1 144w, https:\/\/i0.wp.com\/www.jazzzeitung.de\/cms\/wp-content\/uploads\/2015\/03\/euro_gaisa.jpg?resize=96%2C96&amp;ssl=1 96w, https:\/\/i0.wp.com\/www.jazzzeitung.de\/cms\/wp-content\/uploads\/2015\/03\/euro_gaisa.jpg?resize=24%2C24&amp;ssl=1 24w, https:\/\/i0.wp.com\/www.jazzzeitung.de\/cms\/wp-content\/uploads\/2015\/03\/euro_gaisa.jpg?resize=36%2C36&amp;ssl=1 36w, https:\/\/i0.wp.com\/www.jazzzeitung.de\/cms\/wp-content\/uploads\/2015\/03\/euro_gaisa.jpg?resize=48%2C48&amp;ssl=1 48w, https:\/\/i0.wp.com\/www.jazzzeitung.de\/cms\/wp-content\/uploads\/2015\/03\/euro_gaisa.jpg?resize=64%2C64&amp;ssl=1 64w, https:\/\/i0.wp.com\/www.jazzzeitung.de\/cms\/wp-content\/uploads\/2015\/03\/euro_gaisa.jpg?resize=32%2C32&amp;ssl=1 32w, https:\/\/i0.wp.com\/www.jazzzeitung.de\/cms\/wp-content\/uploads\/2015\/03\/euro_gaisa.jpg?resize=128%2C128&amp;ssl=1 128w, https:\/\/i0.wp.com\/www.jazzzeitung.de\/cms\/wp-content\/uploads\/2015\/03\/euro_gaisa.jpg?zoom=2&amp;resize=150%2C150&amp;ssl=1 300w, https:\/\/i0.wp.com\/www.jazzzeitung.de\/cms\/wp-content\/uploads\/2015\/03\/euro_gaisa.jpg?zoom=3&amp;resize=150%2C150&amp;ssl=1 450w\" sizes=\"auto, (max-width: 150px) 100vw, 150px\" \/><\/a>Kein Zweifel, in Ein-Euro-Shops kostet jeder Artikel 1 \u20ac &#8211; Ausnahmen best\u00e4tigen die Regel. In allen anderen Ladenlokalen herrscht ebenfalls Auszeichnungspflicht. Zugegeben, nur wer im Kopfrechnen stark ist, wird die Preise auf 100 Gramm- oder anderer Basis tats\u00e4chlich vergleichen k\u00f6nnen. Ladenlokale sind nicht unbedingt Orte von Jazzclubs \u2013 soll\u2019s aber geben. Dort wird Live-Jazz als Ware angeboten, deren Preis (Eintritt) angek\u00fcndigt wird. Hier best\u00e4tigen wiederum Ausnahmen die Regel, wenn beispielsweise ganze (Touristen-) Gruppen oder VIPs oder die Presse in Verhandlungen \u00fcber den Eintrittspreis treten und Rabatte aushandeln. Soweit so gut. &#8211; Wenn allerdings die Musiker am Eintritt beteiligt sind, wenn deren Gage also durch den Eintritt erst zustande kommt, entsteht die Frage: Wie k\u00f6nnen Musikerinnen und Musiker, die gerade auf der B\u00fchne t\u00e4tig sind, sich an Eintritts-Rabatt-Verhandlungen beteiligen? Nat\u00fcrlich ist denkbar, dass die Musik kurzfristig unterbrochen wird, damit die Bandchefin oder der Bandchef an den Gespr\u00e4chen an der Kasse teilnehmen kann. Das wird ein spannender Abend. Allerdings nicht so sehr f\u00fcr das Publikum. Erst recht, wenn mitten im Chorus abgebrochen wird. Wo wird dann fortgesetzt? Am Chorusanfang oder \u2013 beispielsweise im Blues &#8211; beim \u00dcbergang der Tonika zur Subdominante oder was? (Schlage vor, der Schlagzeuger beginnt unmittelbar mit einem l\u00e4ngeren Solo.)<\/p>\n<p>Aber Spa\u00df beiseite: Alles ist bei uns geregelt. Die Abgaben auf Seite des Veranstalters genauso wie die Abgaben auf Seite der Musiker \u2013 Steuern, K\u00fcnstlersozialversicherung, GEMA, Miete, Gewerbe, Energie, Nebenkosten usw. usf. Nur an der Kasse eines Clubs scheint es einen gesetzesfreien Raum zu geben. Da herrschen Sitten wie im \u201eWilden Westen\u201c: Wenn Du mir keinen Rabatt gew\u00e4hrst, dann &#8230; gehen wir wieder. Von solchen Br\u00e4uchen wie \u201eUm Spende wird gebeten\u201c oder \u201eHutkasse\u201c wollen wir hier erst gar nicht reden. Wie nennt man das im Juristischen: Sittenwidrig?<\/p>\n<p>Eigentlich ein Fall f\u00fcrs Gewerbeaufsichtsamt, wenn sich denn die Jazz-Szene nicht so herrlich unb\u00fcrokratisch benehmen w\u00fcrde. Wir sind ja so cool und \u00fcberhaupt eine gro\u00dfe Familie! So soll es bleiben. Soll\u2019s so bleiben?<\/p>\n<p>Mit Verlaub: Es ist ein nicht leicht fassbarer Zustand, dass im Rahmen einer vergleichsweise kostenintensiven Ausbildung \u2013 zum gr\u00f6\u00dferen Teil aus Steuermitteln finanziert &#8211; hochqualifizierte Musikerinnen und Musiker auf solcherart Arbeitsbedingungen treffen.<\/p>\n<p>Aber: Who cares? Angesichts von Mindestlohndebatte, Arbeitsbedingungen auf den WM-Baustellen in Katar, Ausbeutung von billigem Schlachterpersonal im Landkreis Cloppenburg, Fl\u00fcchtlingsdrama vor Lampedusa und so weiter und so fort.<\/p>\n<p>Die Globalisierung zeigt uns den Weg zur\u00fcck zum Ein-Euro-Job.<\/p>\n","protected":false},"excerpt":{"rendered":"<p>Kein Zweifel, in Ein-Euro-Shops kostet jeder Artikel 1 \u20ac &#8211; Ausnahmen best\u00e4tigen die Regel. In allen anderen Ladenlokalen herrscht ebenfalls Auszeichnungspflicht. Zugegeben, nur wer im Kopfrechnen stark ist, wird die Preise auf 100 Gramm- oder anderer Basis tats\u00e4chlich vergleichen k\u00f6nnen. Ladenlokale sind nicht unbedingt Orte von Jazzclubs \u2013 soll\u2019s aber geben. Dort wird Live-Jazz als Ware angeboten, deren Preis (Eintritt) angek\u00fcndigt wird. Hier best\u00e4tigen wiederum Ausnahmen die Regel, wenn beispielsweise ganze (Touristen-) Gruppen oder VIPs oder die Presse in Verhandlungen \u00fcber den Eintrittspreis treten und Rabatte aushandeln. Soweit so gut. &#8211; Wenn allerdings die Musiker am Eintritt beteiligt sind, wenn deren Gage also durch den Eintritt erst zustande kommt, entsteht die Frage: Wie k\u00f6nnen Musikerinnen und Musiker, die gerade auf der B\u00fchne t\u00e4tig sind, sich an Eintritts-Rabatt-Verhandlungen beteiligen? Nat\u00fcrlich ist denkbar, dass die Musik kurzfristig unterbrochen wird, damit die Bandchefin oder der Bandchef an den Gespr\u00e4chen an der Kasse teilnehmen kann. Das wird ein spannender Abend. Allerdings nicht so sehr f\u00fcr das Publikum. Erst recht, wenn mitten im Chorus abgebrochen wird. Wo wird dann fortgesetzt? Am Chorusanfang oder \u2013 beispielsweise im Blues &#8211; beim \u00dcbergang &hellip;<\/p>\n","protected":false},"author":10,"featured_media":0,"comment_status":"open","ping_status":"closed","sticky":false,"template":"","format":"standard","meta":{"_jetpack_memberships_contains_paid_content":false,"footnotes":"","jetpack_publicize_message":"","jetpack_publicize_feature_enabled":true,"jetpack_social_post_already_shared":false,"jetpack_social_options":{"image_generator_settings":{"template":"highway","default_image_id":0,"font":"","enabled":false},"version":2}},"categories":[82],"tags":[83,1192,769,194,928,449,598],"coauthors":[723],"class_list":["post-5699","post","type-post","status-publish","format-standard","hentry","category-blog","tag-blues","tag-clubs","tag-gage","tag-gema","tag-jazzclubs","tag-preise","tag-wm"],"yoast_head":"<!-- This site is optimized with the Yoast SEO plugin v27.5 - https:\/\/yoast.com\/product\/yoast-seo-wordpress\/ -->\n<title>Jazz als Ware - Musiker als Ladenh\u00fcter - JazzZeitung<\/title>\n<meta name=\"robots\" content=\"index, follow, max-snippet:-1, max-image-preview:large, max-video-preview:-1\" \/>\n<link rel=\"canonical\" href=\"https:\/\/www.jazzzeitung.de\/cms\/2015\/03\/jazz-als-ware-musiker-als-ladenhueter\/\" \/>\n<meta property=\"og:locale\" content=\"de_DE\" \/>\n<meta property=\"og:type\" content=\"article\" \/>\n<meta property=\"og:title\" content=\"Jazz als Ware - Musiker als Ladenh\u00fcter - JazzZeitung\" \/>\n<meta property=\"og:description\" content=\"Kein Zweifel, in Ein-Euro-Shops kostet jeder Artikel 1 \u20ac &#8211; Ausnahmen best\u00e4tigen die Regel. In allen anderen Ladenlokalen herrscht ebenfalls Auszeichnungspflicht. Zugegeben, nur wer im Kopfrechnen stark ist, wird die Preise auf 100 Gramm- oder anderer Basis tats\u00e4chlich vergleichen k\u00f6nnen. Ladenlokale sind nicht unbedingt Orte von Jazzclubs \u2013 soll\u2019s aber geben. Dort wird Live-Jazz als Ware angeboten, deren Preis (Eintritt) angek\u00fcndigt wird. Hier best\u00e4tigen wiederum Ausnahmen die Regel, wenn beispielsweise ganze (Touristen-) Gruppen oder VIPs oder die Presse in Verhandlungen \u00fcber den Eintrittspreis treten und Rabatte aushandeln. Soweit so gut. &#8211; Wenn allerdings die Musiker am Eintritt beteiligt sind, wenn deren Gage also durch den Eintritt erst zustande kommt, entsteht die Frage: Wie k\u00f6nnen Musikerinnen und Musiker, die gerade auf der B\u00fchne t\u00e4tig sind, sich an Eintritts-Rabatt-Verhandlungen beteiligen? Nat\u00fcrlich ist denkbar, dass die Musik kurzfristig unterbrochen wird, damit die Bandchefin oder der Bandchef an den Gespr\u00e4chen an der Kasse teilnehmen kann. Das wird ein spannender Abend. Allerdings nicht so sehr f\u00fcr das Publikum. Erst recht, wenn mitten im Chorus abgebrochen wird. Wo wird dann fortgesetzt? Am Chorusanfang oder \u2013 beispielsweise im Blues &#8211; beim \u00dcbergang &hellip;\" \/>\n<meta property=\"og:url\" content=\"https:\/\/www.jazzzeitung.de\/cms\/2015\/03\/jazz-als-ware-musiker-als-ladenhueter\/\" \/>\n<meta property=\"og:site_name\" content=\"JazzZeitung\" \/>\n<meta property=\"article:publisher\" content=\"https:\/\/www.facebook.com\/JazzZeitung\/\" \/>\n<meta property=\"article:published_time\" content=\"2015-03-17T08:55:12+00:00\" \/>\n<meta property=\"og:image\" content=\"http:\/\/www.jazzzeitung.de\/cms\/wp-content\/uploads\/2015\/03\/euro_gaisa-150x150.jpg\" \/>\n<meta name=\"author\" content=\"Peter Ortmann\" \/>\n<script type=\"application\/ld+json\" class=\"yoast-schema-graph\">{\"@context\":\"https:\\\/\\\/schema.org\",\"@graph\":[{\"@type\":\"Article\",\"@id\":\"https:\\\/\\\/www.jazzzeitung.de\\\/cms\\\/2015\\\/03\\\/jazz-als-ware-musiker-als-ladenhueter\\\/#article\",\"isPartOf\":{\"@id\":\"https:\\\/\\\/www.jazzzeitung.de\\\/cms\\\/2015\\\/03\\\/jazz-als-ware-musiker-als-ladenhueter\\\/\"},\"author\":{\"name\":\"Peter Ortmann\",\"@id\":\"https:\\\/\\\/www.jazzzeitung.de\\\/cms\\\/#\\\/schema\\\/person\\\/d04743af6cf7c1de5d6146c923bf9d6d\"},\"headline\":\"Jazz als Ware &#8211; Musiker als Ladenh\u00fcter\",\"datePublished\":\"2015-03-17T08:55:12+00:00\",\"mainEntityOfPage\":{\"@id\":\"https:\\\/\\\/www.jazzzeitung.de\\\/cms\\\/2015\\\/03\\\/jazz-als-ware-musiker-als-ladenhueter\\\/\"},\"wordCount\":414,\"commentCount\":5,\"publisher\":{\"@id\":\"https:\\\/\\\/www.jazzzeitung.de\\\/cms\\\/#organization\"},\"image\":{\"@id\":\"https:\\\/\\\/www.jazzzeitung.de\\\/cms\\\/2015\\\/03\\\/jazz-als-ware-musiker-als-ladenhueter\\\/#primaryimage\"},\"thumbnailUrl\":\"http:\\\/\\\/www.jazzzeitung.de\\\/cms\\\/wp-content\\\/uploads\\\/2015\\\/03\\\/euro_gaisa-150x150.jpg\",\"keywords\":[\"Blues\",\"Clubs\",\"Gage\",\"GEMA\",\"Jazzclubs\",\"Preise\",\"WM\"],\"articleSection\":[\"Blog\"],\"inLanguage\":\"de\",\"potentialAction\":[{\"@type\":\"CommentAction\",\"name\":\"Comment\",\"target\":[\"https:\\\/\\\/www.jazzzeitung.de\\\/cms\\\/2015\\\/03\\\/jazz-als-ware-musiker-als-ladenhueter\\\/#respond\"]}]},{\"@type\":\"WebPage\",\"@id\":\"https:\\\/\\\/www.jazzzeitung.de\\\/cms\\\/2015\\\/03\\\/jazz-als-ware-musiker-als-ladenhueter\\\/\",\"url\":\"https:\\\/\\\/www.jazzzeitung.de\\\/cms\\\/2015\\\/03\\\/jazz-als-ware-musiker-als-ladenhueter\\\/\",\"name\":\"Jazz als Ware - Musiker als Ladenh\u00fcter - JazzZeitung\",\"isPartOf\":{\"@id\":\"https:\\\/\\\/www.jazzzeitung.de\\\/cms\\\/#website\"},\"primaryImageOfPage\":{\"@id\":\"https:\\\/\\\/www.jazzzeitung.de\\\/cms\\\/2015\\\/03\\\/jazz-als-ware-musiker-als-ladenhueter\\\/#primaryimage\"},\"image\":{\"@id\":\"https:\\\/\\\/www.jazzzeitung.de\\\/cms\\\/2015\\\/03\\\/jazz-als-ware-musiker-als-ladenhueter\\\/#primaryimage\"},\"thumbnailUrl\":\"http:\\\/\\\/www.jazzzeitung.de\\\/cms\\\/wp-content\\\/uploads\\\/2015\\\/03\\\/euro_gaisa-150x150.jpg\",\"datePublished\":\"2015-03-17T08:55:12+00:00\",\"breadcrumb\":{\"@id\":\"https:\\\/\\\/www.jazzzeitung.de\\\/cms\\\/2015\\\/03\\\/jazz-als-ware-musiker-als-ladenhueter\\\/#breadcrumb\"},\"inLanguage\":\"de\",\"potentialAction\":[{\"@type\":\"ReadAction\",\"target\":[\"https:\\\/\\\/www.jazzzeitung.de\\\/cms\\\/2015\\\/03\\\/jazz-als-ware-musiker-als-ladenhueter\\\/\"]}]},{\"@type\":\"ImageObject\",\"inLanguage\":\"de\",\"@id\":\"https:\\\/\\\/www.jazzzeitung.de\\\/cms\\\/2015\\\/03\\\/jazz-als-ware-musiker-als-ladenhueter\\\/#primaryimage\",\"url\":\"http:\\\/\\\/www.jazzzeitung.de\\\/cms\\\/wp-content\\\/uploads\\\/2015\\\/03\\\/euro_gaisa-150x150.jpg\",\"contentUrl\":\"http:\\\/\\\/www.jazzzeitung.de\\\/cms\\\/wp-content\\\/uploads\\\/2015\\\/03\\\/euro_gaisa-150x150.jpg\"},{\"@type\":\"BreadcrumbList\",\"@id\":\"https:\\\/\\\/www.jazzzeitung.de\\\/cms\\\/2015\\\/03\\\/jazz-als-ware-musiker-als-ladenhueter\\\/#breadcrumb\",\"itemListElement\":[{\"@type\":\"ListItem\",\"position\":1,\"name\":\"Startseite\",\"item\":\"https:\\\/\\\/www.jazzzeitung.de\\\/cms\\\/\"},{\"@type\":\"ListItem\",\"position\":2,\"name\":\"Jazz als Ware &#8211; Musiker als Ladenh\u00fcter\"}]},{\"@type\":\"WebSite\",\"@id\":\"https:\\\/\\\/www.jazzzeitung.de\\\/cms\\\/#website\",\"url\":\"https:\\\/\\\/www.jazzzeitung.de\\\/cms\\\/\",\"name\":\"JazzZeitung\",\"description\":\"Jazz-News und Jazz-Kontroverses\",\"publisher\":{\"@id\":\"https:\\\/\\\/www.jazzzeitung.de\\\/cms\\\/#organization\"},\"potentialAction\":[{\"@type\":\"SearchAction\",\"target\":{\"@type\":\"EntryPoint\",\"urlTemplate\":\"https:\\\/\\\/www.jazzzeitung.de\\\/cms\\\/?s={search_term_string}\"},\"query-input\":{\"@type\":\"PropertyValueSpecification\",\"valueRequired\":true,\"valueName\":\"search_term_string\"}}],\"inLanguage\":\"de\"},{\"@type\":\"Organization\",\"@id\":\"https:\\\/\\\/www.jazzzeitung.de\\\/cms\\\/#organization\",\"name\":\"JazzZeitung online\",\"url\":\"https:\\\/\\\/www.jazzzeitung.de\\\/cms\\\/\",\"logo\":{\"@type\":\"ImageObject\",\"inLanguage\":\"de\",\"@id\":\"https:\\\/\\\/www.jazzzeitung.de\\\/cms\\\/#\\\/schema\\\/logo\\\/image\\\/\",\"url\":\"https:\\\/\\\/i0.wp.com\\\/www.jazzzeitung.de\\\/cms\\\/wp-content\\\/uploads\\\/2015\\\/08\\\/JAZZZEITUNGDE_Logo_Neu.png?fit=499%2C200&ssl=1\",\"contentUrl\":\"https:\\\/\\\/i0.wp.com\\\/www.jazzzeitung.de\\\/cms\\\/wp-content\\\/uploads\\\/2015\\\/08\\\/JAZZZEITUNGDE_Logo_Neu.png?fit=499%2C200&ssl=1\",\"width\":499,\"height\":200,\"caption\":\"JazzZeitung online\"},\"image\":{\"@id\":\"https:\\\/\\\/www.jazzzeitung.de\\\/cms\\\/#\\\/schema\\\/logo\\\/image\\\/\"},\"sameAs\":[\"https:\\\/\\\/www.facebook.com\\\/JazzZeitung\\\/\"]},{\"@type\":\"Person\",\"@id\":\"https:\\\/\\\/www.jazzzeitung.de\\\/cms\\\/#\\\/schema\\\/person\\\/d04743af6cf7c1de5d6146c923bf9d6d\",\"name\":\"Peter Ortmann\",\"image\":{\"@type\":\"ImageObject\",\"inLanguage\":\"de\",\"@id\":\"https:\\\/\\\/secure.gravatar.com\\\/avatar\\\/bf70166e32fef6d48d206d038750c66c0de5a537a270aa6ce5217a2dd4718c95?s=96&d=wp_user_avatar&r=g011c04bc273d32457ea40445f4250792\",\"url\":\"https:\\\/\\\/secure.gravatar.com\\\/avatar\\\/bf70166e32fef6d48d206d038750c66c0de5a537a270aa6ce5217a2dd4718c95?s=96&d=wp_user_avatar&r=g\",\"contentUrl\":\"https:\\\/\\\/secure.gravatar.com\\\/avatar\\\/bf70166e32fef6d48d206d038750c66c0de5a537a270aa6ce5217a2dd4718c95?s=96&d=wp_user_avatar&r=g\",\"caption\":\"Peter Ortmann\"},\"url\":\"https:\\\/\\\/www.jazzzeitung.de\\\/cms\\\/author\\\/ortmann\\\/\"}]}<\/script>\n<!-- \/ Yoast SEO plugin. -->","yoast_head_json":{"title":"Jazz als Ware - Musiker als Ladenh\u00fcter - JazzZeitung","robots":{"index":"index","follow":"follow","max-snippet":"max-snippet:-1","max-image-preview":"max-image-preview:large","max-video-preview":"max-video-preview:-1"},"canonical":"https:\/\/www.jazzzeitung.de\/cms\/2015\/03\/jazz-als-ware-musiker-als-ladenhueter\/","og_locale":"de_DE","og_type":"article","og_title":"Jazz als Ware - Musiker als Ladenh\u00fcter - JazzZeitung","og_description":"Kein Zweifel, in Ein-Euro-Shops kostet jeder Artikel 1 \u20ac &#8211; Ausnahmen best\u00e4tigen die Regel. In allen anderen Ladenlokalen herrscht ebenfalls Auszeichnungspflicht. Zugegeben, nur wer im Kopfrechnen stark ist, wird die Preise auf 100 Gramm- oder anderer Basis tats\u00e4chlich vergleichen k\u00f6nnen. Ladenlokale sind nicht unbedingt Orte von Jazzclubs \u2013 soll\u2019s aber geben. Dort wird Live-Jazz als Ware angeboten, deren Preis (Eintritt) angek\u00fcndigt wird. Hier best\u00e4tigen wiederum Ausnahmen die Regel, wenn beispielsweise ganze (Touristen-) Gruppen oder VIPs oder die Presse in Verhandlungen \u00fcber den Eintrittspreis treten und Rabatte aushandeln. Soweit so gut. &#8211; Wenn allerdings die Musiker am Eintritt beteiligt sind, wenn deren Gage also durch den Eintritt erst zustande kommt, entsteht die Frage: Wie k\u00f6nnen Musikerinnen und Musiker, die gerade auf der B\u00fchne t\u00e4tig sind, sich an Eintritts-Rabatt-Verhandlungen beteiligen? Nat\u00fcrlich ist denkbar, dass die Musik kurzfristig unterbrochen wird, damit die Bandchefin oder der Bandchef an den Gespr\u00e4chen an der Kasse teilnehmen kann. Das wird ein spannender Abend. Allerdings nicht so sehr f\u00fcr das Publikum. Erst recht, wenn mitten im Chorus abgebrochen wird. Wo wird dann fortgesetzt? Am Chorusanfang oder \u2013 beispielsweise im Blues &#8211; beim \u00dcbergang &hellip;","og_url":"https:\/\/www.jazzzeitung.de\/cms\/2015\/03\/jazz-als-ware-musiker-als-ladenhueter\/","og_site_name":"JazzZeitung","article_publisher":"https:\/\/www.facebook.com\/JazzZeitung\/","article_published_time":"2015-03-17T08:55:12+00:00","og_image":[{"url":"http:\/\/www.jazzzeitung.de\/cms\/wp-content\/uploads\/2015\/03\/euro_gaisa-150x150.jpg","type":"","width":"","height":""}],"author":"Peter Ortmann","schema":{"@context":"https:\/\/schema.org","@graph":[{"@type":"Article","@id":"https:\/\/www.jazzzeitung.de\/cms\/2015\/03\/jazz-als-ware-musiker-als-ladenhueter\/#article","isPartOf":{"@id":"https:\/\/www.jazzzeitung.de\/cms\/2015\/03\/jazz-als-ware-musiker-als-ladenhueter\/"},"author":{"name":"Peter Ortmann","@id":"https:\/\/www.jazzzeitung.de\/cms\/#\/schema\/person\/d04743af6cf7c1de5d6146c923bf9d6d"},"headline":"Jazz als Ware &#8211; Musiker als Ladenh\u00fcter","datePublished":"2015-03-17T08:55:12+00:00","mainEntityOfPage":{"@id":"https:\/\/www.jazzzeitung.de\/cms\/2015\/03\/jazz-als-ware-musiker-als-ladenhueter\/"},"wordCount":414,"commentCount":5,"publisher":{"@id":"https:\/\/www.jazzzeitung.de\/cms\/#organization"},"image":{"@id":"https:\/\/www.jazzzeitung.de\/cms\/2015\/03\/jazz-als-ware-musiker-als-ladenhueter\/#primaryimage"},"thumbnailUrl":"http:\/\/www.jazzzeitung.de\/cms\/wp-content\/uploads\/2015\/03\/euro_gaisa-150x150.jpg","keywords":["Blues","Clubs","Gage","GEMA","Jazzclubs","Preise","WM"],"articleSection":["Blog"],"inLanguage":"de","potentialAction":[{"@type":"CommentAction","name":"Comment","target":["https:\/\/www.jazzzeitung.de\/cms\/2015\/03\/jazz-als-ware-musiker-als-ladenhueter\/#respond"]}]},{"@type":"WebPage","@id":"https:\/\/www.jazzzeitung.de\/cms\/2015\/03\/jazz-als-ware-musiker-als-ladenhueter\/","url":"https:\/\/www.jazzzeitung.de\/cms\/2015\/03\/jazz-als-ware-musiker-als-ladenhueter\/","name":"Jazz als Ware - Musiker als Ladenh\u00fcter - JazzZeitung","isPartOf":{"@id":"https:\/\/www.jazzzeitung.de\/cms\/#website"},"primaryImageOfPage":{"@id":"https:\/\/www.jazzzeitung.de\/cms\/2015\/03\/jazz-als-ware-musiker-als-ladenhueter\/#primaryimage"},"image":{"@id":"https:\/\/www.jazzzeitung.de\/cms\/2015\/03\/jazz-als-ware-musiker-als-ladenhueter\/#primaryimage"},"thumbnailUrl":"http:\/\/www.jazzzeitung.de\/cms\/wp-content\/uploads\/2015\/03\/euro_gaisa-150x150.jpg","datePublished":"2015-03-17T08:55:12+00:00","breadcrumb":{"@id":"https:\/\/www.jazzzeitung.de\/cms\/2015\/03\/jazz-als-ware-musiker-als-ladenhueter\/#breadcrumb"},"inLanguage":"de","potentialAction":[{"@type":"ReadAction","target":["https:\/\/www.jazzzeitung.de\/cms\/2015\/03\/jazz-als-ware-musiker-als-ladenhueter\/"]}]},{"@type":"ImageObject","inLanguage":"de","@id":"https:\/\/www.jazzzeitung.de\/cms\/2015\/03\/jazz-als-ware-musiker-als-ladenhueter\/#primaryimage","url":"http:\/\/www.jazzzeitung.de\/cms\/wp-content\/uploads\/2015\/03\/euro_gaisa-150x150.jpg","contentUrl":"http:\/\/www.jazzzeitung.de\/cms\/wp-content\/uploads\/2015\/03\/euro_gaisa-150x150.jpg"},{"@type":"BreadcrumbList","@id":"https:\/\/www.jazzzeitung.de\/cms\/2015\/03\/jazz-als-ware-musiker-als-ladenhueter\/#breadcrumb","itemListElement":[{"@type":"ListItem","position":1,"name":"Startseite","item":"https:\/\/www.jazzzeitung.de\/cms\/"},{"@type":"ListItem","position":2,"name":"Jazz als Ware &#8211; Musiker als Ladenh\u00fcter"}]},{"@type":"WebSite","@id":"https:\/\/www.jazzzeitung.de\/cms\/#website","url":"https:\/\/www.jazzzeitung.de\/cms\/","name":"JazzZeitung","description":"Jazz-News und Jazz-Kontroverses","publisher":{"@id":"https:\/\/www.jazzzeitung.de\/cms\/#organization"},"potentialAction":[{"@type":"SearchAction","target":{"@type":"EntryPoint","urlTemplate":"https:\/\/www.jazzzeitung.de\/cms\/?s={search_term_string}"},"query-input":{"@type":"PropertyValueSpecification","valueRequired":true,"valueName":"search_term_string"}}],"inLanguage":"de"},{"@type":"Organization","@id":"https:\/\/www.jazzzeitung.de\/cms\/#organization","name":"JazzZeitung online","url":"https:\/\/www.jazzzeitung.de\/cms\/","logo":{"@type":"ImageObject","inLanguage":"de","@id":"https:\/\/www.jazzzeitung.de\/cms\/#\/schema\/logo\/image\/","url":"https:\/\/i0.wp.com\/www.jazzzeitung.de\/cms\/wp-content\/uploads\/2015\/08\/JAZZZEITUNGDE_Logo_Neu.png?fit=499%2C200&ssl=1","contentUrl":"https:\/\/i0.wp.com\/www.jazzzeitung.de\/cms\/wp-content\/uploads\/2015\/08\/JAZZZEITUNGDE_Logo_Neu.png?fit=499%2C200&ssl=1","width":499,"height":200,"caption":"JazzZeitung online"},"image":{"@id":"https:\/\/www.jazzzeitung.de\/cms\/#\/schema\/logo\/image\/"},"sameAs":["https:\/\/www.facebook.com\/JazzZeitung\/"]},{"@type":"Person","@id":"https:\/\/www.jazzzeitung.de\/cms\/#\/schema\/person\/d04743af6cf7c1de5d6146c923bf9d6d","name":"Peter Ortmann","image":{"@type":"ImageObject","inLanguage":"de","@id":"https:\/\/secure.gravatar.com\/avatar\/bf70166e32fef6d48d206d038750c66c0de5a537a270aa6ce5217a2dd4718c95?s=96&d=wp_user_avatar&r=g011c04bc273d32457ea40445f4250792","url":"https:\/\/secure.gravatar.com\/avatar\/bf70166e32fef6d48d206d038750c66c0de5a537a270aa6ce5217a2dd4718c95?s=96&d=wp_user_avatar&r=g","contentUrl":"https:\/\/secure.gravatar.com\/avatar\/bf70166e32fef6d48d206d038750c66c0de5a537a270aa6ce5217a2dd4718c95?s=96&d=wp_user_avatar&r=g","caption":"Peter Ortmann"},"url":"https:\/\/www.jazzzeitung.de\/cms\/author\/ortmann\/"}]}},"wp-worthy-pixel":{"ignored":false,"public":null,"server":null,"url":null},"wp-worthy-type":"normal","jetpack_publicize_connections":[],"cc_featured_image_caption":{"caption_text":false,"source_text":false,"source_url":false},"jetpack_featured_media_url":"","jetpack_shortlink":"https:\/\/wp.me\/p3KEcT-1tV","jetpack-related-posts":[{"id":31545,"url":"https:\/\/www.jazzzeitung.de\/cms\/2024\/08\/news-jazzclub-regensburg-freier-eintritt-u20-registrierung-jazzahead-2025-beginnt\/","url_meta":{"origin":5699,"position":0},"title":"+++ news +++ Jazzclub Regensburg: freier Eintritt u20 +++  Registrierung jazzahead! 2025 beginnt +++","author":"Redaktion JazzZeitung","date":"21. August 2024","format":false,"excerpt":"+++ Jazzclub Regensburg sorgt f\u00fcr frischen Wind: Freier Eintritt f\u00fcr alle unter 20 Jahren ab Herbst 2024 +++ (PM) Der Jazzclub Regensburg setzt ein deutliches Zeichen f\u00fcr die Zukunft der Musik und Kultur in unserer Stadt: ab dem Herbst 2024 werden alle Personen unter 20 Jahren zu allen Veranstaltungen des\u2026","rel":"","context":"In &quot;News&quot;","block_context":{"text":"News","link":"https:\/\/www.jazzzeitung.de\/cms\/thema\/nachrichten\/"},"img":{"alt_text":"","src":"https:\/\/i0.wp.com\/www.jazzzeitung.de\/cms\/wp-content\/uploads\/2024\/08\/U20-Jazzclub.jpg?fit=455%2C300&ssl=1&resize=350%2C200","width":350,"height":200},"classes":[]},{"id":5509,"url":"https:\/\/www.jazzzeitung.de\/cms\/2015\/02\/audience-development-2-ist-weniger-mehr\/","url_meta":{"origin":5699,"position":1},"title":"Audience Development (2) &#8211; Ist weniger mehr?","author":"Benjamin Schaefer","date":"15. Februar 2015","format":false,"excerpt":"Nun schreibe ich einen Blog \u00fcber das Publikum und fange doch wieder bei den Musikern an. In Bezug auf Zuh\u00f6rer und Zuschauer kann die Titelfrage getrost mit \u201enein\u201c beantwortet werden, auf Musikerseite hingegen dr\u00e4ngt sich diese Frage gleich in zwei Gebieten auf: Haben wir zu viele Jazzmusiker in Deutschland? Inzwischen\u2026","rel":"","context":"In &quot;Blog&quot;","block_context":{"text":"Blog","link":"https:\/\/www.jazzzeitung.de\/cms\/thema\/blog\/"},"img":{"alt_text":"audience-614x409","src":"https:\/\/i0.wp.com\/www.jazzzeitung.de\/cms\/wp-content\/uploads\/2015\/02\/audience-614x409-150x150.jpg?resize=350%2C200","width":350,"height":200},"classes":[]},{"id":14287,"url":"https:\/\/www.jazzzeitung.de\/cms\/2017\/11\/frueher-war-alles-besser-und-das-naechste-grosse-ding\/","url_meta":{"origin":5699,"position":2},"title":"Fr\u00fcher war alles besser!? Und das n\u00e4chste gro\u00dfe Ding?","author":"Huflaikhan","date":"16. November 2017","format":false,"excerpt":"Kommt immer auf das Thema und die Perspektive an. Und den Zeitpunkt der Frage: Besser als vor 100 Jahren, aber schlechter als vor 10 und in etwa gleich gut wie heute? Also: Vor 50 Jahren hat die nmz \u00fcber den Stand der Jazzausbildung in Deutschland berichtet. Das Wort f\u00fchrte der\u2026","rel":"","context":"In &quot;Blog&quot;","block_context":{"text":"Blog","link":"https:\/\/www.jazzzeitung.de\/cms\/thema\/blog\/"},"img":{"alt_text":"Manfred Schoof 2007. Foto: Martin Hufner","src":"https:\/\/i0.wp.com\/www.jazzzeitung.de\/cms\/wp-content\/uploads\/2017\/11\/schoof2007_c_hufner.jpg?fit=1200%2C801&ssl=1&resize=350%2C200","width":350,"height":200,"srcset":"https:\/\/i0.wp.com\/www.jazzzeitung.de\/cms\/wp-content\/uploads\/2017\/11\/schoof2007_c_hufner.jpg?fit=1200%2C801&ssl=1&resize=350%2C200 1x, https:\/\/i0.wp.com\/www.jazzzeitung.de\/cms\/wp-content\/uploads\/2017\/11\/schoof2007_c_hufner.jpg?fit=1200%2C801&ssl=1&resize=525%2C300 1.5x, https:\/\/i0.wp.com\/www.jazzzeitung.de\/cms\/wp-content\/uploads\/2017\/11\/schoof2007_c_hufner.jpg?fit=1200%2C801&ssl=1&resize=700%2C400 2x, https:\/\/i0.wp.com\/www.jazzzeitung.de\/cms\/wp-content\/uploads\/2017\/11\/schoof2007_c_hufner.jpg?fit=1200%2C801&ssl=1&resize=1050%2C600 3x"},"classes":[]},{"id":1442,"url":"https:\/\/www.jazzzeitung.de\/cms\/2011\/11\/jazz-in-berlin-4\/","url_meta":{"origin":5699,"position":3},"title":"Jazz in Berlin (4)","author":"Rainer Wein","date":"16. November 2011","format":false,"excerpt":"Es ist noch nicht lange her, da str\u00f6mten Jazzmusiker von \u00fcberall her, um hinfort in der Hauptstadt zu leben. Umbruch! Aufbruch!! Experiment!!! In gesch\u00e4tzten 200 Clubs konnte man Tag und Nacht performen, mal mit zwei Schlagzeugern, mal mit drei DJs, lauter \u00dcberraschungs-Gigs mit \u00dcberraschungs-G\u00e4sten \u2013 und 30 Euro Gage gab\u2019s\u2026","rel":"","context":"In &quot;Blog&quot;","block_context":{"text":"Blog","link":"https:\/\/www.jazzzeitung.de\/cms\/thema\/blog\/"},"img":{"alt_text":"","src":"","width":0,"height":0},"classes":[]},{"id":33535,"url":"https:\/\/www.jazzzeitung.de\/cms\/2025\/12\/foerdertour-des-bayerischen-jazzverband-2026-ausgeschrieben\/","url_meta":{"origin":5699,"position":4},"title":"F\u00f6rdertour des Bayerischen Jazzverband 2026 ausgeschrieben","author":"Redaktion JazzZeitung","date":"29. Dezember 2025","format":false,"excerpt":"Der Bayerische Jazzverband e.V. vergibt 2026 erneut die F\u00f6rdertour des Bayerischen Jazzverbands. Der Wettbewerb richtet sich an junge Jazzensembles und z\u00e4hlt zu den zentralen F\u00f6rderinstrumenten f\u00fcr den Jazznachwuchs in Bayern. Die F\u00f6rdertour wird seit 2014 aus Mitteln des Bayerischen Staatsministeriums f\u00fcr Wissenschaft und Kunst vergeben und findet in Kooperation mit\u2026","rel":"","context":"In &quot;News&quot;","block_context":{"text":"News","link":"https:\/\/www.jazzzeitung.de\/cms\/thema\/nachrichten\/"},"img":{"alt_text":"","src":"","width":0,"height":0},"classes":[]},{"id":29333,"url":"https:\/\/www.jazzzeitung.de\/cms\/2023\/04\/goetz-buehler-der-neue-kuenstlerische-leiter-der-jazzahead-im-gespraech\/","url_meta":{"origin":5699,"position":5},"title":"G\u00f6tz B\u00fchler, der neue k\u00fcnstlerische Leiter der jazzahead! im Gespr\u00e4ch","author":"Redaktion JazzZeitung","date":"6. April 2023","format":false,"excerpt":"Nach 17 Jahren als k\u00fcnstlerische Leitung der jazzahead! \u00fcbergeben Uli Beckerhoff und Peter Schulze an den 21 Jahre j\u00fcngeren G\u00f6tz B\u00fchler. Der festivalerfahrene Hamburger Journalist und Labelmanager hat 2021 die digitale Ausgabe der Bremer Fachmesse des Jazz und 2022 die dort angesiedelte Verleihung des Deutschen Jazzpreises moderiert. Als bestens vernetzter\u2026","rel":"","context":"In &quot;News&quot;","block_context":{"text":"News","link":"https:\/\/www.jazzzeitung.de\/cms\/thema\/nachrichten\/"},"img":{"alt_text":"","src":"https:\/\/i0.wp.com\/www.jazzzeitung.de\/cms\/wp-content\/uploads\/2023\/04\/004_Kamil-Piotrowicz-Sextet_Foto-van-Loon.jpg?fit=899%2C600&ssl=1&resize=350%2C200","width":350,"height":200,"srcset":"https:\/\/i0.wp.com\/www.jazzzeitung.de\/cms\/wp-content\/uploads\/2023\/04\/004_Kamil-Piotrowicz-Sextet_Foto-van-Loon.jpg?fit=899%2C600&ssl=1&resize=350%2C200 1x, https:\/\/i0.wp.com\/www.jazzzeitung.de\/cms\/wp-content\/uploads\/2023\/04\/004_Kamil-Piotrowicz-Sextet_Foto-van-Loon.jpg?fit=899%2C600&ssl=1&resize=525%2C300 1.5x, https:\/\/i0.wp.com\/www.jazzzeitung.de\/cms\/wp-content\/uploads\/2023\/04\/004_Kamil-Piotrowicz-Sextet_Foto-van-Loon.jpg?fit=899%2C600&ssl=1&resize=700%2C400 2x"},"classes":[]}],"jetpack_sharing_enabled":true,"_links":{"self":[{"href":"https:\/\/www.jazzzeitung.de\/cms\/wp-json\/wp\/v2\/posts\/5699","targetHints":{"allow":["GET"]}}],"collection":[{"href":"https:\/\/www.jazzzeitung.de\/cms\/wp-json\/wp\/v2\/posts"}],"about":[{"href":"https:\/\/www.jazzzeitung.de\/cms\/wp-json\/wp\/v2\/types\/post"}],"author":[{"embeddable":true,"href":"https:\/\/www.jazzzeitung.de\/cms\/wp-json\/wp\/v2\/users\/10"}],"replies":[{"embeddable":true,"href":"https:\/\/www.jazzzeitung.de\/cms\/wp-json\/wp\/v2\/comments?post=5699"}],"version-history":[{"count":3,"href":"https:\/\/www.jazzzeitung.de\/cms\/wp-json\/wp\/v2\/posts\/5699\/revisions"}],"predecessor-version":[{"id":5732,"href":"https:\/\/www.jazzzeitung.de\/cms\/wp-json\/wp\/v2\/posts\/5699\/revisions\/5732"}],"wp:attachment":[{"href":"https:\/\/www.jazzzeitung.de\/cms\/wp-json\/wp\/v2\/media?parent=5699"}],"wp:term":[{"taxonomy":"category","embeddable":true,"href":"https:\/\/www.jazzzeitung.de\/cms\/wp-json\/wp\/v2\/categories?post=5699"},{"taxonomy":"post_tag","embeddable":true,"href":"https:\/\/www.jazzzeitung.de\/cms\/wp-json\/wp\/v2\/tags?post=5699"},{"taxonomy":"author","embeddable":true,"href":"https:\/\/www.jazzzeitung.de\/cms\/wp-json\/wp\/v2\/coauthors?post=5699"}],"curies":[{"name":"wp","href":"https:\/\/api.w.org\/{rel}","templated":true}]}}