{"id":5632,"date":"2015-03-04T10:36:00","date_gmt":"2015-03-04T09:36:00","guid":{"rendered":"http:\/\/www.jazzzeitung.de\/cms\/?p=5632"},"modified":"2015-03-13T11:45:42","modified_gmt":"2015-03-13T10:45:42","slug":"german-jazz-trophy-fuer-ralph-towner","status":"publish","type":"post","link":"https:\/\/www.jazzzeitung.de\/cms\/2015\/03\/german-jazz-trophy-fuer-ralph-towner\/","title":{"rendered":"German Jazz Trophy f\u00fcr Ralph Towner"},"content":{"rendered":"<p>Jazzgitarrist und \u201eOregon\u201c-Bandmitglied Ralph Towner erh\u00e4lt f\u00fcr sein musikalisches Lebenswerk die German Jazz Trophy. Der Preis ging 2001 erstmals an Erwin Lehn, Leiter der SDR-Bigband, und wir bis heute j\u00e4hrlich vergeben. Zum Auftakt der jazzopen stuttgart \u00fcbergibt J\u00fcrgen Walter, Staatssekret\u00e4r im baden-w\u00fcrttembergischem Ministerium f\u00fcr Wissenschaft, Forschung und Kunst, am Freitag, 3. Juli, den Jazzpreis an den US-Amerikaner Towner im Eventcenter SpardaWelt. Beim anschlie\u00dfenden Preistr\u00e4gerkonzert tritt der Geehrte solo und gemeinsam mit seinen Kollegen von \u201eMGT\u201c auf (Wolfgang Muthspiel und Slava Grigoryan).<\/p>\n<p>Bereits seit drei Jahrzehnten ist Ralph Towner aus dem zeitgen\u00f6ssischen Jazz nicht mehr wegzudenken, ob als Gitarrist oder Pianist, ob als Komponist oder als einer der K\u00f6pfe der Band \u201eOregon\u201c. Orchesterwerke, Kammer- und Filmmusik: Das sieht nicht gerade wie der Werkkatalog eines Jazzgitarristen aus. Towner (*1940) ist einer der innovativsten und vielseitigsten Jazzgitarristen seiner Generation; in seinem Werkkatalog. Zwei Dutzend Aufnahmen mit der World-Music-Formation Oregon und nochmals so viele Einspielungen als Solo-K\u00fcnstler f\u00fcr das Label ECM belegen das eindr\u00fccklich. Auf der klassischen Konzertgitarre oder der zw\u00f6lfsaitigen Stahlsaitengitarre hat Ralph Towner einen ganz eigenen, sofort identifizierbaren Sound geschaffen. Daneben setzt er auch Klavier, Trompete und weitere Instrumente h\u00f6chst virtuos ein.<\/p>\n<p>Unter dem Motto \u201eA Life for Jazz\u201c wird der Jazzpreis, eine dreifarbige Holzplastik des K\u00fcnstlers Otto Herbert Hajek, gemeinsam von der Stiftung Kunst und Kultur der Sparda-Bank Baden-W\u00fcrttemberg, der Jazzzeitung und der Kulturgesellschaft Musik+Wort e. V. Stuttgart, verliehen. Geehrt werden Jazzmusiker, die sich um den Jazz und seine Entwicklung verdient gemacht haben. Bisherige Preistr\u00e4ger waren unter anderem Chris Barber (2014), Dave Holland (2011), oder Paul Kuhn (2002).<\/p>\n<p>Zwei weitere jazzopen-Konzerte finden w\u00e4hrend des Festivals in der SpardaWelt statt: Grammy-Preistr\u00e4ger David Sanborn tritt am 6. Juli auf und ein Tag sp\u00e4ter (07. Juli) gastiert das Brad Mehldau Trio. Die Sparda-Bank unterst\u00fctzt das Festival seit sechs Jahren. Die Kunden der Bank profitieren von der erfolgreichen Kooperation, denn sie erhalten zehn Prozent Rabatt auf die Ticketpreise (Sparda-Tickethotline Tel. 0711\/2006 &#8211; 38 06)<\/p>\n<p>Weitere Informationen: <a href=\"http:\/\/www.sparda-bw.de\">www.sparda-bw.de<\/a>.<\/p>\n<figure id=\"attachment_5633\" aria-describedby=\"caption-attachment-5633\" style=\"width: 402px\" class=\"wp-caption aligncenter\"><a href=\"https:\/\/i0.wp.com\/www.jazzzeitung.de\/cms\/wp-content\/uploads\/2015\/03\/Paolo-Soriani-ECM-Records-3.jpg\"><img data-recalc-dims=\"1\" loading=\"lazy\" decoding=\"async\" data-attachment-id=\"5633\" data-permalink=\"https:\/\/www.jazzzeitung.de\/cms\/2015\/03\/german-jazz-trophy-fuer-ralph-towner\/paolo-soriani-ecm-records-3\/\" data-orig-file=\"https:\/\/i0.wp.com\/www.jazzzeitung.de\/cms\/wp-content\/uploads\/2015\/03\/Paolo-Soriani-ECM-Records-3.jpg?fit=2848%2C4254&amp;ssl=1\" data-orig-size=\"2848,4254\" data-comments-opened=\"1\" data-image-meta=\"{&quot;aperture&quot;:&quot;0&quot;,&quot;credit&quot;:&quot;&quot;,&quot;camera&quot;:&quot;&quot;,&quot;caption&quot;:&quot;&quot;,&quot;created_timestamp&quot;:&quot;0&quot;,&quot;copyright&quot;:&quot;&quot;,&quot;focal_length&quot;:&quot;0&quot;,&quot;iso&quot;:&quot;0&quot;,&quot;shutter_speed&quot;:&quot;0&quot;,&quot;title&quot;:&quot;&quot;,&quot;orientation&quot;:&quot;1&quot;}\" data-image-title=\"Paolo Soriani ECM Records 3\" data-image-description=\"\" data-image-caption=\"&lt;p&gt;Ralph Towner an der Gitarre. Foto: Paolo Soriani\/ECM Records&lt;\/p&gt;\n\" data-large-file=\"https:\/\/i0.wp.com\/www.jazzzeitung.de\/cms\/wp-content\/uploads\/2015\/03\/Paolo-Soriani-ECM-Records-3.jpg?fit=402%2C600&amp;ssl=1\" class=\"size-large wp-image-5633\" src=\"https:\/\/i0.wp.com\/www.jazzzeitung.de\/cms\/wp-content\/uploads\/2015\/03\/Paolo-Soriani-ECM-Records-3-402x600.jpg?resize=402%2C600\" alt=\"Ralph Towner an der Gitarre. Foto: Paolo Soriani\/ECM Records\" width=\"402\" height=\"600\" srcset=\"https:\/\/i0.wp.com\/www.jazzzeitung.de\/cms\/wp-content\/uploads\/2015\/03\/Paolo-Soriani-ECM-Records-3.jpg?resize=402%2C600&amp;ssl=1 402w, https:\/\/i0.wp.com\/www.jazzzeitung.de\/cms\/wp-content\/uploads\/2015\/03\/Paolo-Soriani-ECM-Records-3.jpg?resize=201%2C300&amp;ssl=1 201w, https:\/\/i0.wp.com\/www.jazzzeitung.de\/cms\/wp-content\/uploads\/2015\/03\/Paolo-Soriani-ECM-Records-3.jpg?resize=900%2C1344&amp;ssl=1 900w, https:\/\/i0.wp.com\/www.jazzzeitung.de\/cms\/wp-content\/uploads\/2015\/03\/Paolo-Soriani-ECM-Records-3.jpg?w=1680&amp;ssl=1 1680w, https:\/\/i0.wp.com\/www.jazzzeitung.de\/cms\/wp-content\/uploads\/2015\/03\/Paolo-Soriani-ECM-Records-3.jpg?w=2520&amp;ssl=1 2520w\" sizes=\"auto, (max-width: 402px) 100vw, 402px\" \/><\/a><figcaption id=\"caption-attachment-5633\" class=\"wp-caption-text\">Ralph Towner an der Gitarre. Foto: Paolo Soriani\/ECM Records<\/figcaption><\/figure>\n","protected":false},"excerpt":{"rendered":"<p>Jazzgitarrist und \u201eOregon\u201c-Bandmitglied Ralph Towner erh\u00e4lt f\u00fcr sein musikalisches Lebenswerk die German Jazz Trophy. Der Preis ging 2001 erstmals an Erwin Lehn, Leiter der SDR-Bigband, und wir bis heute j\u00e4hrlich vergeben. Zum Auftakt der jazzopen stuttgart \u00fcbergibt J\u00fcrgen Walter, Staatssekret\u00e4r im baden-w\u00fcrttembergischem Ministerium f\u00fcr Wissenschaft, Forschung und Kunst, am Freitag, 3. Juli, den Jazzpreis an den US-Amerikaner Towner im Eventcenter SpardaWelt. Beim anschlie\u00dfenden Preistr\u00e4gerkonzert tritt der Geehrte solo und gemeinsam mit seinen Kollegen von \u201eMGT\u201c auf (Wolfgang Muthspiel und Slava Grigoryan). Bereits seit drei Jahrzehnten ist Ralph Towner aus dem zeitgen\u00f6ssischen Jazz nicht mehr wegzudenken, ob als Gitarrist oder Pianist, ob als Komponist oder als einer der K\u00f6pfe der Band \u201eOregon\u201c. Orchesterwerke, Kammer- und Filmmusik: Das sieht nicht gerade wie der Werkkatalog eines Jazzgitarristen aus. Towner (*1940) ist einer der innovativsten und vielseitigsten Jazzgitarristen seiner Generation; in seinem Werkkatalog. Zwei Dutzend Aufnahmen mit der World-Music-Formation Oregon und nochmals so viele Einspielungen als Solo-K\u00fcnstler f\u00fcr das Label ECM belegen das eindr\u00fccklich. Auf der klassischen Konzertgitarre oder der zw\u00f6lfsaitigen Stahlsaitengitarre hat Ralph Towner einen ganz eigenen, sofort identifizierbaren Sound geschaffen. Daneben setzt er auch Klavier, Trompete und &hellip;<\/p>\n","protected":false},"author":18,"featured_media":0,"comment_status":"open","ping_status":"closed","sticky":false,"template":"","format":"standard","meta":{"_jetpack_memberships_contains_paid_content":false,"footnotes":"","jetpack_publicize_message":"","jetpack_publicize_feature_enabled":true,"jetpack_social_post_already_shared":false,"jetpack_social_options":{"image_generator_settings":{"template":"highway","default_image_id":0,"font":"","enabled":false},"version":2}},"categories":[1053],"tags":[73,127,158,3,682,940,281,294,323,327,339,981,991,701,883],"coauthors":[695],"class_list":["post-5632","post","type-post","status-publish","format-standard","hentry","category-bericht","tag-bigband","tag-dave-holland","tag-ecm","tag-festival","tag-festivals","tag-german-jazz-trophy","tag-jazzmusiker","tag-jazzzeitung","tag-konzerte","tag-kultur","tag-label","tag-lebenswerk","tag-muthspiel","tag-paul-kuhn","tag-sparda"],"yoast_head":"<!-- This site is optimized with the Yoast SEO plugin v27.5 - https:\/\/yoast.com\/product\/yoast-seo-wordpress\/ -->\n<title>German Jazz Trophy f\u00fcr Ralph Towner - JazzZeitung<\/title>\n<meta name=\"robots\" content=\"index, follow, max-snippet:-1, max-image-preview:large, max-video-preview:-1\" \/>\n<link rel=\"canonical\" href=\"https:\/\/www.jazzzeitung.de\/cms\/2015\/03\/german-jazz-trophy-fuer-ralph-towner\/\" \/>\n<meta property=\"og:locale\" content=\"de_DE\" \/>\n<meta property=\"og:type\" content=\"article\" \/>\n<meta property=\"og:title\" content=\"German Jazz Trophy f\u00fcr Ralph Towner - JazzZeitung\" \/>\n<meta property=\"og:description\" content=\"Jazzgitarrist und \u201eOregon\u201c-Bandmitglied Ralph Towner erh\u00e4lt f\u00fcr sein musikalisches Lebenswerk die German Jazz Trophy. Der Preis ging 2001 erstmals an Erwin Lehn, Leiter der SDR-Bigband, und wir bis heute j\u00e4hrlich vergeben. Zum Auftakt der jazzopen stuttgart \u00fcbergibt J\u00fcrgen Walter, Staatssekret\u00e4r im baden-w\u00fcrttembergischem Ministerium f\u00fcr Wissenschaft, Forschung und Kunst, am Freitag, 3. Juli, den Jazzpreis an den US-Amerikaner Towner im Eventcenter SpardaWelt. Beim anschlie\u00dfenden Preistr\u00e4gerkonzert tritt der Geehrte solo und gemeinsam mit seinen Kollegen von \u201eMGT\u201c auf (Wolfgang Muthspiel und Slava Grigoryan). Bereits seit drei Jahrzehnten ist Ralph Towner aus dem zeitgen\u00f6ssischen Jazz nicht mehr wegzudenken, ob als Gitarrist oder Pianist, ob als Komponist oder als einer der K\u00f6pfe der Band \u201eOregon\u201c. Orchesterwerke, Kammer- und Filmmusik: Das sieht nicht gerade wie der Werkkatalog eines Jazzgitarristen aus. Towner (*1940) ist einer der innovativsten und vielseitigsten Jazzgitarristen seiner Generation; in seinem Werkkatalog. Zwei Dutzend Aufnahmen mit der World-Music-Formation Oregon und nochmals so viele Einspielungen als Solo-K\u00fcnstler f\u00fcr das Label ECM belegen das eindr\u00fccklich. Auf der klassischen Konzertgitarre oder der zw\u00f6lfsaitigen Stahlsaitengitarre hat Ralph Towner einen ganz eigenen, sofort identifizierbaren Sound geschaffen. Daneben setzt er auch Klavier, Trompete und &hellip;\" \/>\n<meta property=\"og:url\" content=\"https:\/\/www.jazzzeitung.de\/cms\/2015\/03\/german-jazz-trophy-fuer-ralph-towner\/\" \/>\n<meta property=\"og:site_name\" content=\"JazzZeitung\" \/>\n<meta property=\"article:publisher\" content=\"https:\/\/www.facebook.com\/JazzZeitung\/\" \/>\n<meta property=\"article:published_time\" content=\"2015-03-04T09:36:00+00:00\" \/>\n<meta property=\"article:modified_time\" content=\"2015-03-13T10:45:42+00:00\" \/>\n<meta property=\"og:image\" content=\"http:\/\/www.jazzzeitung.de\/cms\/wp-content\/uploads\/2015\/03\/Paolo-Soriani-ECM-Records-3-402x600.jpg\" \/>\n<meta name=\"author\" content=\"Redaktion JazzZeitung\" \/>\n<script type=\"application\/ld+json\" class=\"yoast-schema-graph\">{\"@context\":\"https:\\\/\\\/schema.org\",\"@graph\":[{\"@type\":\"Article\",\"@id\":\"https:\\\/\\\/www.jazzzeitung.de\\\/cms\\\/2015\\\/03\\\/german-jazz-trophy-fuer-ralph-towner\\\/#article\",\"isPartOf\":{\"@id\":\"https:\\\/\\\/www.jazzzeitung.de\\\/cms\\\/2015\\\/03\\\/german-jazz-trophy-fuer-ralph-towner\\\/\"},\"author\":{\"name\":\"Redaktion JazzZeitung\",\"@id\":\"https:\\\/\\\/www.jazzzeitung.de\\\/cms\\\/#\\\/schema\\\/person\\\/2245b36b9cd1d24cea10f01c031fb92b\"},\"headline\":\"German Jazz Trophy f\u00fcr Ralph Towner\",\"datePublished\":\"2015-03-04T09:36:00+00:00\",\"dateModified\":\"2015-03-13T10:45:42+00:00\",\"mainEntityOfPage\":{\"@id\":\"https:\\\/\\\/www.jazzzeitung.de\\\/cms\\\/2015\\\/03\\\/german-jazz-trophy-fuer-ralph-towner\\\/\"},\"wordCount\":362,\"commentCount\":0,\"publisher\":{\"@id\":\"https:\\\/\\\/www.jazzzeitung.de\\\/cms\\\/#organization\"},\"image\":{\"@id\":\"https:\\\/\\\/www.jazzzeitung.de\\\/cms\\\/2015\\\/03\\\/german-jazz-trophy-fuer-ralph-towner\\\/#primaryimage\"},\"thumbnailUrl\":\"http:\\\/\\\/www.jazzzeitung.de\\\/cms\\\/wp-content\\\/uploads\\\/2015\\\/03\\\/Paolo-Soriani-ECM-Records-3-402x600.jpg\",\"keywords\":[\"Bigband\",\"dave holland\",\"ECM\",\"Festival\",\"Festivals\",\"German Jazz Trophy\",\"Jazzmusiker\",\"Jazzzeitung\",\"Konzerte\",\"Kultur\",\"Label\",\"Lebenswerk\",\"Muthspiel\",\"Paul Kuhn\",\"Sparda\"],\"articleSection\":[\"Bericht\"],\"inLanguage\":\"de\",\"potentialAction\":[{\"@type\":\"CommentAction\",\"name\":\"Comment\",\"target\":[\"https:\\\/\\\/www.jazzzeitung.de\\\/cms\\\/2015\\\/03\\\/german-jazz-trophy-fuer-ralph-towner\\\/#respond\"]}]},{\"@type\":\"WebPage\",\"@id\":\"https:\\\/\\\/www.jazzzeitung.de\\\/cms\\\/2015\\\/03\\\/german-jazz-trophy-fuer-ralph-towner\\\/\",\"url\":\"https:\\\/\\\/www.jazzzeitung.de\\\/cms\\\/2015\\\/03\\\/german-jazz-trophy-fuer-ralph-towner\\\/\",\"name\":\"German Jazz Trophy f\u00fcr Ralph Towner - JazzZeitung\",\"isPartOf\":{\"@id\":\"https:\\\/\\\/www.jazzzeitung.de\\\/cms\\\/#website\"},\"primaryImageOfPage\":{\"@id\":\"https:\\\/\\\/www.jazzzeitung.de\\\/cms\\\/2015\\\/03\\\/german-jazz-trophy-fuer-ralph-towner\\\/#primaryimage\"},\"image\":{\"@id\":\"https:\\\/\\\/www.jazzzeitung.de\\\/cms\\\/2015\\\/03\\\/german-jazz-trophy-fuer-ralph-towner\\\/#primaryimage\"},\"thumbnailUrl\":\"http:\\\/\\\/www.jazzzeitung.de\\\/cms\\\/wp-content\\\/uploads\\\/2015\\\/03\\\/Paolo-Soriani-ECM-Records-3-402x600.jpg\",\"datePublished\":\"2015-03-04T09:36:00+00:00\",\"dateModified\":\"2015-03-13T10:45:42+00:00\",\"breadcrumb\":{\"@id\":\"https:\\\/\\\/www.jazzzeitung.de\\\/cms\\\/2015\\\/03\\\/german-jazz-trophy-fuer-ralph-towner\\\/#breadcrumb\"},\"inLanguage\":\"de\",\"potentialAction\":[{\"@type\":\"ReadAction\",\"target\":[\"https:\\\/\\\/www.jazzzeitung.de\\\/cms\\\/2015\\\/03\\\/german-jazz-trophy-fuer-ralph-towner\\\/\"]}]},{\"@type\":\"ImageObject\",\"inLanguage\":\"de\",\"@id\":\"https:\\\/\\\/www.jazzzeitung.de\\\/cms\\\/2015\\\/03\\\/german-jazz-trophy-fuer-ralph-towner\\\/#primaryimage\",\"url\":\"http:\\\/\\\/www.jazzzeitung.de\\\/cms\\\/wp-content\\\/uploads\\\/2015\\\/03\\\/Paolo-Soriani-ECM-Records-3-402x600.jpg\",\"contentUrl\":\"http:\\\/\\\/www.jazzzeitung.de\\\/cms\\\/wp-content\\\/uploads\\\/2015\\\/03\\\/Paolo-Soriani-ECM-Records-3-402x600.jpg\"},{\"@type\":\"BreadcrumbList\",\"@id\":\"https:\\\/\\\/www.jazzzeitung.de\\\/cms\\\/2015\\\/03\\\/german-jazz-trophy-fuer-ralph-towner\\\/#breadcrumb\",\"itemListElement\":[{\"@type\":\"ListItem\",\"position\":1,\"name\":\"Startseite\",\"item\":\"https:\\\/\\\/www.jazzzeitung.de\\\/cms\\\/\"},{\"@type\":\"ListItem\",\"position\":2,\"name\":\"German Jazz Trophy f\u00fcr Ralph Towner\"}]},{\"@type\":\"WebSite\",\"@id\":\"https:\\\/\\\/www.jazzzeitung.de\\\/cms\\\/#website\",\"url\":\"https:\\\/\\\/www.jazzzeitung.de\\\/cms\\\/\",\"name\":\"JazzZeitung\",\"description\":\"Jazz-News und Jazz-Kontroverses\",\"publisher\":{\"@id\":\"https:\\\/\\\/www.jazzzeitung.de\\\/cms\\\/#organization\"},\"potentialAction\":[{\"@type\":\"SearchAction\",\"target\":{\"@type\":\"EntryPoint\",\"urlTemplate\":\"https:\\\/\\\/www.jazzzeitung.de\\\/cms\\\/?s={search_term_string}\"},\"query-input\":{\"@type\":\"PropertyValueSpecification\",\"valueRequired\":true,\"valueName\":\"search_term_string\"}}],\"inLanguage\":\"de\"},{\"@type\":\"Organization\",\"@id\":\"https:\\\/\\\/www.jazzzeitung.de\\\/cms\\\/#organization\",\"name\":\"JazzZeitung online\",\"url\":\"https:\\\/\\\/www.jazzzeitung.de\\\/cms\\\/\",\"logo\":{\"@type\":\"ImageObject\",\"inLanguage\":\"de\",\"@id\":\"https:\\\/\\\/www.jazzzeitung.de\\\/cms\\\/#\\\/schema\\\/logo\\\/image\\\/\",\"url\":\"https:\\\/\\\/i0.wp.com\\\/www.jazzzeitung.de\\\/cms\\\/wp-content\\\/uploads\\\/2015\\\/08\\\/JAZZZEITUNGDE_Logo_Neu.png?fit=499%2C200&ssl=1\",\"contentUrl\":\"https:\\\/\\\/i0.wp.com\\\/www.jazzzeitung.de\\\/cms\\\/wp-content\\\/uploads\\\/2015\\\/08\\\/JAZZZEITUNGDE_Logo_Neu.png?fit=499%2C200&ssl=1\",\"width\":499,\"height\":200,\"caption\":\"JazzZeitung online\"},\"image\":{\"@id\":\"https:\\\/\\\/www.jazzzeitung.de\\\/cms\\\/#\\\/schema\\\/logo\\\/image\\\/\"},\"sameAs\":[\"https:\\\/\\\/www.facebook.com\\\/JazzZeitung\\\/\"]},{\"@type\":\"Person\",\"@id\":\"https:\\\/\\\/www.jazzzeitung.de\\\/cms\\\/#\\\/schema\\\/person\\\/2245b36b9cd1d24cea10f01c031fb92b\",\"name\":\"Redaktion JazzZeitung\",\"image\":{\"@type\":\"ImageObject\",\"inLanguage\":\"de\",\"@id\":\"https:\\\/\\\/i0.wp.com\\\/www.jazzzeitung.de\\\/cms\\\/wp-content\\\/uploads\\\/2015\\\/08\\\/JAZZZEITUNGDE_Logo_Neu.png?resize=96%2C96&ssl=159975dcacb611b5700bd619b5daf0a7a\",\"url\":\"https:\\\/\\\/i0.wp.com\\\/www.jazzzeitung.de\\\/cms\\\/wp-content\\\/uploads\\\/2015\\\/08\\\/JAZZZEITUNGDE_Logo_Neu.png?resize=96%2C96&ssl=1\",\"contentUrl\":\"https:\\\/\\\/i0.wp.com\\\/www.jazzzeitung.de\\\/cms\\\/wp-content\\\/uploads\\\/2015\\\/08\\\/JAZZZEITUNGDE_Logo_Neu.png?resize=96%2C96&ssl=1\",\"caption\":\"Redaktion JazzZeitung\"},\"description\":\"Artikel der Redaktion der JazzZeitung.\",\"sameAs\":[\"http:\\\/\\\/www.jazzzeitung.de\\\/cms\\\/\"],\"url\":\"https:\\\/\\\/www.jazzzeitung.de\\\/cms\\\/author\\\/redaktion\\\/\"}]}<\/script>\n<!-- \/ Yoast SEO plugin. -->","yoast_head_json":{"title":"German Jazz Trophy f\u00fcr Ralph Towner - JazzZeitung","robots":{"index":"index","follow":"follow","max-snippet":"max-snippet:-1","max-image-preview":"max-image-preview:large","max-video-preview":"max-video-preview:-1"},"canonical":"https:\/\/www.jazzzeitung.de\/cms\/2015\/03\/german-jazz-trophy-fuer-ralph-towner\/","og_locale":"de_DE","og_type":"article","og_title":"German Jazz Trophy f\u00fcr Ralph Towner - JazzZeitung","og_description":"Jazzgitarrist und \u201eOregon\u201c-Bandmitglied Ralph Towner erh\u00e4lt f\u00fcr sein musikalisches Lebenswerk die German Jazz Trophy. Der Preis ging 2001 erstmals an Erwin Lehn, Leiter der SDR-Bigband, und wir bis heute j\u00e4hrlich vergeben. Zum Auftakt der jazzopen stuttgart \u00fcbergibt J\u00fcrgen Walter, Staatssekret\u00e4r im baden-w\u00fcrttembergischem Ministerium f\u00fcr Wissenschaft, Forschung und Kunst, am Freitag, 3. Juli, den Jazzpreis an den US-Amerikaner Towner im Eventcenter SpardaWelt. Beim anschlie\u00dfenden Preistr\u00e4gerkonzert tritt der Geehrte solo und gemeinsam mit seinen Kollegen von \u201eMGT\u201c auf (Wolfgang Muthspiel und Slava Grigoryan). Bereits seit drei Jahrzehnten ist Ralph Towner aus dem zeitgen\u00f6ssischen Jazz nicht mehr wegzudenken, ob als Gitarrist oder Pianist, ob als Komponist oder als einer der K\u00f6pfe der Band \u201eOregon\u201c. Orchesterwerke, Kammer- und Filmmusik: Das sieht nicht gerade wie der Werkkatalog eines Jazzgitarristen aus. Towner (*1940) ist einer der innovativsten und vielseitigsten Jazzgitarristen seiner Generation; in seinem Werkkatalog. Zwei Dutzend Aufnahmen mit der World-Music-Formation Oregon und nochmals so viele Einspielungen als Solo-K\u00fcnstler f\u00fcr das Label ECM belegen das eindr\u00fccklich. Auf der klassischen Konzertgitarre oder der zw\u00f6lfsaitigen Stahlsaitengitarre hat Ralph Towner einen ganz eigenen, sofort identifizierbaren Sound geschaffen. Daneben setzt er auch Klavier, Trompete und &hellip;","og_url":"https:\/\/www.jazzzeitung.de\/cms\/2015\/03\/german-jazz-trophy-fuer-ralph-towner\/","og_site_name":"JazzZeitung","article_publisher":"https:\/\/www.facebook.com\/JazzZeitung\/","article_published_time":"2015-03-04T09:36:00+00:00","article_modified_time":"2015-03-13T10:45:42+00:00","og_image":[{"url":"http:\/\/www.jazzzeitung.de\/cms\/wp-content\/uploads\/2015\/03\/Paolo-Soriani-ECM-Records-3-402x600.jpg","type":"","width":"","height":""}],"author":"Redaktion JazzZeitung","schema":{"@context":"https:\/\/schema.org","@graph":[{"@type":"Article","@id":"https:\/\/www.jazzzeitung.de\/cms\/2015\/03\/german-jazz-trophy-fuer-ralph-towner\/#article","isPartOf":{"@id":"https:\/\/www.jazzzeitung.de\/cms\/2015\/03\/german-jazz-trophy-fuer-ralph-towner\/"},"author":{"name":"Redaktion JazzZeitung","@id":"https:\/\/www.jazzzeitung.de\/cms\/#\/schema\/person\/2245b36b9cd1d24cea10f01c031fb92b"},"headline":"German Jazz Trophy f\u00fcr Ralph Towner","datePublished":"2015-03-04T09:36:00+00:00","dateModified":"2015-03-13T10:45:42+00:00","mainEntityOfPage":{"@id":"https:\/\/www.jazzzeitung.de\/cms\/2015\/03\/german-jazz-trophy-fuer-ralph-towner\/"},"wordCount":362,"commentCount":0,"publisher":{"@id":"https:\/\/www.jazzzeitung.de\/cms\/#organization"},"image":{"@id":"https:\/\/www.jazzzeitung.de\/cms\/2015\/03\/german-jazz-trophy-fuer-ralph-towner\/#primaryimage"},"thumbnailUrl":"http:\/\/www.jazzzeitung.de\/cms\/wp-content\/uploads\/2015\/03\/Paolo-Soriani-ECM-Records-3-402x600.jpg","keywords":["Bigband","dave holland","ECM","Festival","Festivals","German Jazz Trophy","Jazzmusiker","Jazzzeitung","Konzerte","Kultur","Label","Lebenswerk","Muthspiel","Paul Kuhn","Sparda"],"articleSection":["Bericht"],"inLanguage":"de","potentialAction":[{"@type":"CommentAction","name":"Comment","target":["https:\/\/www.jazzzeitung.de\/cms\/2015\/03\/german-jazz-trophy-fuer-ralph-towner\/#respond"]}]},{"@type":"WebPage","@id":"https:\/\/www.jazzzeitung.de\/cms\/2015\/03\/german-jazz-trophy-fuer-ralph-towner\/","url":"https:\/\/www.jazzzeitung.de\/cms\/2015\/03\/german-jazz-trophy-fuer-ralph-towner\/","name":"German Jazz Trophy f\u00fcr Ralph Towner - JazzZeitung","isPartOf":{"@id":"https:\/\/www.jazzzeitung.de\/cms\/#website"},"primaryImageOfPage":{"@id":"https:\/\/www.jazzzeitung.de\/cms\/2015\/03\/german-jazz-trophy-fuer-ralph-towner\/#primaryimage"},"image":{"@id":"https:\/\/www.jazzzeitung.de\/cms\/2015\/03\/german-jazz-trophy-fuer-ralph-towner\/#primaryimage"},"thumbnailUrl":"http:\/\/www.jazzzeitung.de\/cms\/wp-content\/uploads\/2015\/03\/Paolo-Soriani-ECM-Records-3-402x600.jpg","datePublished":"2015-03-04T09:36:00+00:00","dateModified":"2015-03-13T10:45:42+00:00","breadcrumb":{"@id":"https:\/\/www.jazzzeitung.de\/cms\/2015\/03\/german-jazz-trophy-fuer-ralph-towner\/#breadcrumb"},"inLanguage":"de","potentialAction":[{"@type":"ReadAction","target":["https:\/\/www.jazzzeitung.de\/cms\/2015\/03\/german-jazz-trophy-fuer-ralph-towner\/"]}]},{"@type":"ImageObject","inLanguage":"de","@id":"https:\/\/www.jazzzeitung.de\/cms\/2015\/03\/german-jazz-trophy-fuer-ralph-towner\/#primaryimage","url":"http:\/\/www.jazzzeitung.de\/cms\/wp-content\/uploads\/2015\/03\/Paolo-Soriani-ECM-Records-3-402x600.jpg","contentUrl":"http:\/\/www.jazzzeitung.de\/cms\/wp-content\/uploads\/2015\/03\/Paolo-Soriani-ECM-Records-3-402x600.jpg"},{"@type":"BreadcrumbList","@id":"https:\/\/www.jazzzeitung.de\/cms\/2015\/03\/german-jazz-trophy-fuer-ralph-towner\/#breadcrumb","itemListElement":[{"@type":"ListItem","position":1,"name":"Startseite","item":"https:\/\/www.jazzzeitung.de\/cms\/"},{"@type":"ListItem","position":2,"name":"German Jazz Trophy f\u00fcr Ralph Towner"}]},{"@type":"WebSite","@id":"https:\/\/www.jazzzeitung.de\/cms\/#website","url":"https:\/\/www.jazzzeitung.de\/cms\/","name":"JazzZeitung","description":"Jazz-News und Jazz-Kontroverses","publisher":{"@id":"https:\/\/www.jazzzeitung.de\/cms\/#organization"},"potentialAction":[{"@type":"SearchAction","target":{"@type":"EntryPoint","urlTemplate":"https:\/\/www.jazzzeitung.de\/cms\/?s={search_term_string}"},"query-input":{"@type":"PropertyValueSpecification","valueRequired":true,"valueName":"search_term_string"}}],"inLanguage":"de"},{"@type":"Organization","@id":"https:\/\/www.jazzzeitung.de\/cms\/#organization","name":"JazzZeitung online","url":"https:\/\/www.jazzzeitung.de\/cms\/","logo":{"@type":"ImageObject","inLanguage":"de","@id":"https:\/\/www.jazzzeitung.de\/cms\/#\/schema\/logo\/image\/","url":"https:\/\/i0.wp.com\/www.jazzzeitung.de\/cms\/wp-content\/uploads\/2015\/08\/JAZZZEITUNGDE_Logo_Neu.png?fit=499%2C200&ssl=1","contentUrl":"https:\/\/i0.wp.com\/www.jazzzeitung.de\/cms\/wp-content\/uploads\/2015\/08\/JAZZZEITUNGDE_Logo_Neu.png?fit=499%2C200&ssl=1","width":499,"height":200,"caption":"JazzZeitung online"},"image":{"@id":"https:\/\/www.jazzzeitung.de\/cms\/#\/schema\/logo\/image\/"},"sameAs":["https:\/\/www.facebook.com\/JazzZeitung\/"]},{"@type":"Person","@id":"https:\/\/www.jazzzeitung.de\/cms\/#\/schema\/person\/2245b36b9cd1d24cea10f01c031fb92b","name":"Redaktion JazzZeitung","image":{"@type":"ImageObject","inLanguage":"de","@id":"https:\/\/i0.wp.com\/www.jazzzeitung.de\/cms\/wp-content\/uploads\/2015\/08\/JAZZZEITUNGDE_Logo_Neu.png?resize=96%2C96&ssl=159975dcacb611b5700bd619b5daf0a7a","url":"https:\/\/i0.wp.com\/www.jazzzeitung.de\/cms\/wp-content\/uploads\/2015\/08\/JAZZZEITUNGDE_Logo_Neu.png?resize=96%2C96&ssl=1","contentUrl":"https:\/\/i0.wp.com\/www.jazzzeitung.de\/cms\/wp-content\/uploads\/2015\/08\/JAZZZEITUNGDE_Logo_Neu.png?resize=96%2C96&ssl=1","caption":"Redaktion JazzZeitung"},"description":"Artikel der Redaktion der JazzZeitung.","sameAs":["http:\/\/www.jazzzeitung.de\/cms\/"],"url":"https:\/\/www.jazzzeitung.de\/cms\/author\/redaktion\/"}]}},"wp-worthy-pixel":{"ignored":false,"public":null,"server":null,"url":null},"wp-worthy-type":"normal","jetpack_publicize_connections":[],"cc_featured_image_caption":{"caption_text":false,"source_text":false,"source_url":false},"jetpack_featured_media_url":"","jetpack_shortlink":"https:\/\/wp.me\/p3KEcT-1sQ","jetpack-related-posts":[{"id":7879,"url":"https:\/\/www.jazzzeitung.de\/cms\/2015\/12\/7879\/","url_meta":{"origin":5632,"position":0},"title":"Meisterlich auf 12-saitiger und Konzertgitarre: Ralph Towner","author":"Redaktion JazzZeitung","date":"2. Dezember 2015","format":"gallery","excerpt":"Ralph Towners Solokonzert in der Unterfahrt am 28. November war unter der \u00dcberschrift \"ECM Artists in Concert\" annonciert. Nicht zu Unrecht wenn man bedenkt, dass die meisten seiner CD-Ver\u00f6ffentlichungen unter seinem Namen bei der Edition of Contemporary Music herausgekommen sind. Thomas J. Krebs hat Towners j\u00fcngsten Besuch in M\u00fcnchen besucht\u2026","rel":"","context":"In &quot;Galerie&quot;","block_context":{"text":"Galerie","link":"https:\/\/www.jazzzeitung.de\/cms\/thema\/galerie\/"},"img":{"alt_text":"","src":"https:\/\/i0.wp.com\/www.jazzzeitung.de\/cms\/wp-content\/uploads\/2015\/12\/P1120290-sw-Towner-Foto-TJ-Krebs-jazzphotoagency.jpg?resize=350%2C200","width":350,"height":200,"srcset":"https:\/\/i0.wp.com\/www.jazzzeitung.de\/cms\/wp-content\/uploads\/2015\/12\/P1120290-sw-Towner-Foto-TJ-Krebs-jazzphotoagency.jpg?resize=350%2C200 1x, https:\/\/i0.wp.com\/www.jazzzeitung.de\/cms\/wp-content\/uploads\/2015\/12\/P1120290-sw-Towner-Foto-TJ-Krebs-jazzphotoagency.jpg?resize=525%2C300 1.5x, https:\/\/i0.wp.com\/www.jazzzeitung.de\/cms\/wp-content\/uploads\/2015\/12\/P1120290-sw-Towner-Foto-TJ-Krebs-jazzphotoagency.jpg?resize=700%2C400 2x, https:\/\/i0.wp.com\/www.jazzzeitung.de\/cms\/wp-content\/uploads\/2015\/12\/P1120290-sw-Towner-Foto-TJ-Krebs-jazzphotoagency.jpg?resize=1050%2C600 3x, https:\/\/i0.wp.com\/www.jazzzeitung.de\/cms\/wp-content\/uploads\/2015\/12\/P1120290-sw-Towner-Foto-TJ-Krebs-jazzphotoagency.jpg?resize=1400%2C800 4x"},"classes":[]},{"id":6502,"url":"https:\/\/www.jazzzeitung.de\/cms\/2015\/07\/jazzopen-stuttgart-erwarten-fuer-2015-besucherrekord\/","url_meta":{"origin":5632,"position":1},"title":"jazzopen stuttgart erwarten f\u00fcr 2015 Besucherrekord","author":"Redaktion JazzZeitung","date":"1. Juli 2015","format":false,"excerpt":"Vom 3. bis 12. Juli 2015 pr\u00e4sentieren die jazzopen stuttgart Stars der internationalen Jazz-, Blues-, Soul- und Pop-Szene auf sechs B\u00fchnen \u2013 darunter Gregory Porter & Dianne Reeves, Jamie Cullum, Zaz & SWR Big Band, Max Herre, Caro Emerald, Mariza und viele mehr. Diesen Freitag, den 3. Juli beginnt die\u2026","rel":"","context":"In &quot;News&quot;","block_context":{"text":"News","link":"https:\/\/www.jazzzeitung.de\/cms\/thema\/nachrichten\/"},"img":{"alt_text":"Mercedes Benz  Museum: Laue Sommern\u00e4chte - hei\u00dfer Jazz. Foto: jazzopen","src":"https:\/\/i0.wp.com\/www.jazzzeitung.de\/cms\/wp-content\/uploads\/2015\/07\/MercedesBenz-Museum-150x150.jpg?resize=350%2C200","width":350,"height":200},"classes":[]},{"id":8255,"url":"https:\/\/www.jazzzeitung.de\/cms\/2016\/02\/german-jazz-trophy-2016-geht-klaus-doldinger\/","url_meta":{"origin":5632,"position":2},"title":"German Jazz Trophy 2016 geht an Klaus Doldinger","author":"Redaktion JazzZeitung","date":"1. Februar 2016","format":false,"excerpt":"Der Saxophonist und Komponist Klaus Doldinger (12. Mai 1936 in Berlin) wird mit der German Jazz Trophy ausgezeichnet. Dies wurde heute auf der Pressekonferenz zurm Festival jazzopen in Stuttgart bekanntgegeben. Der Preis ist mit 15.000 Euro sowie mit einer Statue des Stuttgarter Bildhauers Otto Herbert Hajek dotiert und wird von\u2026","rel":"","context":"In &quot;Redaktionelle Nachrichten&quot;","block_context":{"text":"Redaktionelle Nachrichten","link":"https:\/\/www.jazzzeitung.de\/cms\/thema\/redaktion\/"},"img":{"alt_text":"Der Preistr\u00e4ger Klaus Doldinger. Foto: Warner music group","src":"https:\/\/i0.wp.com\/www.jazzzeitung.de\/cms\/wp-content\/uploads\/2016\/02\/DoldingerWarner-music-groupX_2939-e1454316881588-150x150.jpeg?resize=350%2C200","width":350,"height":200},"classes":[]},{"id":9642,"url":"https:\/\/www.jazzzeitung.de\/cms\/2016\/07\/balsam-fuer-die-ohren-mgt-muthspiel-grigoryan-towner-der-muenchner-unterfahrt\/","url_meta":{"origin":5632,"position":3},"title":"Balsam f\u00fcr die Ohren! MGT \u2013 Muthspiel &#8211; Grigoryan &#8211; Towner in der M\u00fcnchner Unterfahrt","author":"Redaktion JazzZeitung","date":"11. Juli 2016","format":false,"excerpt":"Ein ganz besonderes Gitarren-Gastspiel fand am Freitag, den 8. Juli in der M\u00fcnchner Unterfahrt statt. Die Gitarristen Wolfgang Muthspiel, Slava Grigoryan und Ralph Towner, kurz MGT, gaben sich die Ehre und verwandelten den Club in ein kammermusikalisches Wohnzimmer. Seit fast einer Dekade spielen die drei nun zusammen. Drei Virtuosen aus\u2026","rel":"","context":"In &quot;Galerie&quot;","block_context":{"text":"Galerie","link":"https:\/\/www.jazzzeitung.de\/cms\/thema\/galerie\/"},"img":{"alt_text":"","src":"https:\/\/i0.wp.com\/www.jazzzeitung.de\/cms\/wp-content\/uploads\/2016\/07\/P1040349-M-G-T-Foto-TJ-Krebs.jpg?resize=350%2C200","width":350,"height":200,"srcset":"https:\/\/i0.wp.com\/www.jazzzeitung.de\/cms\/wp-content\/uploads\/2016\/07\/P1040349-M-G-T-Foto-TJ-Krebs.jpg?resize=350%2C200 1x, https:\/\/i0.wp.com\/www.jazzzeitung.de\/cms\/wp-content\/uploads\/2016\/07\/P1040349-M-G-T-Foto-TJ-Krebs.jpg?resize=525%2C300 1.5x, https:\/\/i0.wp.com\/www.jazzzeitung.de\/cms\/wp-content\/uploads\/2016\/07\/P1040349-M-G-T-Foto-TJ-Krebs.jpg?resize=700%2C400 2x, https:\/\/i0.wp.com\/www.jazzzeitung.de\/cms\/wp-content\/uploads\/2016\/07\/P1040349-M-G-T-Foto-TJ-Krebs.jpg?resize=1050%2C600 3x"},"classes":[]},{"id":9441,"url":"https:\/\/www.jazzzeitung.de\/cms\/2016\/06\/classic-jazzsaisonhoehepunkt-des-international-hot-jazz-summit-stuttgart\/","url_meta":{"origin":5632,"position":4},"title":"Classic-Jazz-Saisonh\u00f6hepunkt: das \u201eInternational Hot Jazz Summit\u201c  in Stuttgart","author":"Redaktion JazzZeitung","date":"2. Juni 2016","format":false,"excerpt":"Seit 15 Jahren veranstaltet die Kulturgesellschaft Musik+Wort e.V. Jazz-Konzerte und Jazzreisen\u00a0 zwischen Stuttgart, St. Gallen und New Orleans. Ihr Jubil\u00e4um begeht die Kulturgesellschaft Musik+Wort\u00a0 beim Classic-JazzSaisonh\u00f6hepunkt des \u201eInternational Hot Jazz Summit\u201c\u00a0 am Sonntag, 19. Juni 2016, in der\u00a0 Stuttgarter Liederhalle Unter dem Motto \u201efrom Ragtime to Swing \u2013 from New\u2026","rel":"","context":"In &quot;Bericht&quot;","block_context":{"text":"Bericht","link":"https:\/\/www.jazzzeitung.de\/cms\/thema\/bericht\/"},"img":{"alt_text":"","src":"https:\/\/i0.wp.com\/www.jazzzeitung.de\/cms\/wp-content\/uploads\/2016\/06\/Hot_Jazz_Summit_1.jpg?resize=350%2C200","width":350,"height":200,"srcset":"https:\/\/i0.wp.com\/www.jazzzeitung.de\/cms\/wp-content\/uploads\/2016\/06\/Hot_Jazz_Summit_1.jpg?resize=350%2C200 1x, https:\/\/i0.wp.com\/www.jazzzeitung.de\/cms\/wp-content\/uploads\/2016\/06\/Hot_Jazz_Summit_1.jpg?resize=525%2C300 1.5x, https:\/\/i0.wp.com\/www.jazzzeitung.de\/cms\/wp-content\/uploads\/2016\/06\/Hot_Jazz_Summit_1.jpg?resize=700%2C400 2x, https:\/\/i0.wp.com\/www.jazzzeitung.de\/cms\/wp-content\/uploads\/2016\/06\/Hot_Jazz_Summit_1.jpg?resize=1050%2C600 3x, https:\/\/i0.wp.com\/www.jazzzeitung.de\/cms\/wp-content\/uploads\/2016\/06\/Hot_Jazz_Summit_1.jpg?resize=1400%2C800 4x"},"classes":[]},{"id":28995,"url":"https:\/\/www.jazzzeitung.de\/cms\/2023\/01\/steve-turry-german-jazz-trophy_jugend-jazzt-hamburg_kmja-ft-brasilien\/","url_meta":{"origin":5632,"position":5},"title":"News: +++ German Jazz Trophy 2023 geht Steve Turr\u00e9 +++ Hamburger &#8222;Jugend jazzt&#8220;-Preistr\u00e4ger spielen mit NDR Big Band +++ Jazz-Institut M\u00fcnchen featured Brasilien +++","author":"Redaktion JazzZeitung","date":"28. Januar 2023","format":false,"excerpt":"+++ German Jazz Trophy 2023 geht an Steve Turr\u00e9 +++ Unter dem Motto \u201eA Life for Jazz\u201c zeichnet die German Jazz Trophy seit 2001 j\u00e4hrlich Musiker*innen aus, die durch ihr Lebenswerk dem Jazz neue Impulse gegeben und seinen Stellenwert gef\u00f6rdert haben. 2023 wird das Lebenswerk von Posaunist (und Muschelspieler) Steve\u2026","rel":"","context":"In &quot;News&quot;","block_context":{"text":"News","link":"https:\/\/www.jazzzeitung.de\/cms\/thema\/nachrichten\/"},"img":{"alt_text":"","src":"https:\/\/i0.wp.com\/www.jazzzeitung.de\/cms\/wp-content\/uploads\/2023\/01\/P2169219-Turre-Foto-TJ-Krebs.jpg?fit=1200%2C800&ssl=1&resize=350%2C200","width":350,"height":200,"srcset":"https:\/\/i0.wp.com\/www.jazzzeitung.de\/cms\/wp-content\/uploads\/2023\/01\/P2169219-Turre-Foto-TJ-Krebs.jpg?fit=1200%2C800&ssl=1&resize=350%2C200 1x, https:\/\/i0.wp.com\/www.jazzzeitung.de\/cms\/wp-content\/uploads\/2023\/01\/P2169219-Turre-Foto-TJ-Krebs.jpg?fit=1200%2C800&ssl=1&resize=525%2C300 1.5x, https:\/\/i0.wp.com\/www.jazzzeitung.de\/cms\/wp-content\/uploads\/2023\/01\/P2169219-Turre-Foto-TJ-Krebs.jpg?fit=1200%2C800&ssl=1&resize=700%2C400 2x, https:\/\/i0.wp.com\/www.jazzzeitung.de\/cms\/wp-content\/uploads\/2023\/01\/P2169219-Turre-Foto-TJ-Krebs.jpg?fit=1200%2C800&ssl=1&resize=1050%2C600 3x"},"classes":[]}],"jetpack_sharing_enabled":true,"_links":{"self":[{"href":"https:\/\/www.jazzzeitung.de\/cms\/wp-json\/wp\/v2\/posts\/5632","targetHints":{"allow":["GET"]}}],"collection":[{"href":"https:\/\/www.jazzzeitung.de\/cms\/wp-json\/wp\/v2\/posts"}],"about":[{"href":"https:\/\/www.jazzzeitung.de\/cms\/wp-json\/wp\/v2\/types\/post"}],"author":[{"embeddable":true,"href":"https:\/\/www.jazzzeitung.de\/cms\/wp-json\/wp\/v2\/users\/18"}],"replies":[{"embeddable":true,"href":"https:\/\/www.jazzzeitung.de\/cms\/wp-json\/wp\/v2\/comments?post=5632"}],"version-history":[{"count":2,"href":"https:\/\/www.jazzzeitung.de\/cms\/wp-json\/wp\/v2\/posts\/5632\/revisions"}],"predecessor-version":[{"id":5705,"href":"https:\/\/www.jazzzeitung.de\/cms\/wp-json\/wp\/v2\/posts\/5632\/revisions\/5705"}],"wp:attachment":[{"href":"https:\/\/www.jazzzeitung.de\/cms\/wp-json\/wp\/v2\/media?parent=5632"}],"wp:term":[{"taxonomy":"category","embeddable":true,"href":"https:\/\/www.jazzzeitung.de\/cms\/wp-json\/wp\/v2\/categories?post=5632"},{"taxonomy":"post_tag","embeddable":true,"href":"https:\/\/www.jazzzeitung.de\/cms\/wp-json\/wp\/v2\/tags?post=5632"},{"taxonomy":"author","embeddable":true,"href":"https:\/\/www.jazzzeitung.de\/cms\/wp-json\/wp\/v2\/coauthors?post=5632"}],"curies":[{"name":"wp","href":"https:\/\/api.w.org\/{rel}","templated":true}]}}