{"id":5561,"date":"2015-02-26T10:23:30","date_gmt":"2015-02-26T09:23:30","guid":{"rendered":"http:\/\/www.jazzzeitung.de\/cms\/?p=5561"},"modified":"2015-02-26T11:12:51","modified_gmt":"2015-02-26T10:12:51","slug":"virtuose-akkordeonklaenge-der-unterfahrt","status":"publish","type":"post","link":"https:\/\/www.jazzzeitung.de\/cms\/2015\/02\/virtuose-akkordeonklaenge-der-unterfahrt\/","title":{"rendered":"Virtuose Akkordeonkl\u00e4nge in der Unterfahrt"},"content":{"rendered":"<p>Von Thomas J. Krebs &#8211; Der Akkordeonvirtuose Vincent Peirani, in Frankreich letztes Jahr mit dem \u201ePrix Django d\u2019Or\u201c ausgezeichnet, besuchte die M\u00fcnchner Unterfahrt diesmal mit seinem aktuellen Projekt \u201eLiving Being\u201c und gleichnamiger CD im Gep\u00e4ck (ver\u00f6ffentlicht auf dem M\u00fcnchner ACT Label). Eine facettenreiche Band mit jungen Musikern, die alle aus unterschiedlichen stilistischen Lagern kommen. Mit gro\u00dfer Leichtigkeit musizierte Peirani, entlockte seinem Instrument grenz\u00fcberschreitend einzigartige Kl\u00e4nge, fernab aller Traditionen oder musikalischen Konventionen. Gemeinsam mit dem Saxophonisten und Weggef\u00e4hrten \u00c9mile Parisien, Tony Paeleman am Fender Rhodes, dem Bassisten Julien Hern\u00e9 und Schlagzeuger Yoann Serra z\u00fcndete das Quintett ein pulsierendes \u201eElectric Jazz &amp; More\u201c- Feuerwerk, das Ma\u00dfst\u00e4be setzte und die Zuh\u00f6rer im ausverkauften Club restlos begeisterte. Alle Fotos: Thomas J. Krebs.<\/p>\n<div class=\"tiled-gallery type-rectangular tiled-gallery-unresized\" data-original-width=\"840\" data-carousel-extra='{&quot;blog_id&quot;:1,&quot;permalink&quot;:&quot;https:\\\/\\\/www.jazzzeitung.de\\\/cms\\\/2015\\\/02\\\/virtuose-akkordeonklaenge-der-unterfahrt\\\/&quot;,&quot;likes_blog_id&quot;:55446655}' itemscope itemtype=\"http:\/\/schema.org\/ImageGallery\" > <div class=\"gallery-row\" style=\"width: 840px; height: 306px;\" data-original-width=\"840\" data-original-height=\"306\" > <div class=\"gallery-group images-1\" style=\"width: 205px; height: 306px;\" data-original-width=\"205\" data-original-height=\"306\" > <div class=\"tiled-gallery-item tiled-gallery-item-small\" itemprop=\"associatedMedia\" itemscope itemtype=\"http:\/\/schema.org\/ImageObject\"> <a href=\"https:\/\/www.jazzzeitung.de\/cms\/2015\/02\/virtuose-akkordeonklaenge-der-unterfahrt\/p1440373-peirani-copyright-tj-krebs-jazzphotoagencyweb-de\/\" border=\"0\" itemprop=\"url\"> <meta itemprop=\"width\" content=\"201\"> <meta itemprop=\"height\" content=\"302\"> <img decoding=\"async\" class=\"\" data-attachment-id=\"5564\" data-orig-file=\"https:\/\/www.jazzzeitung.de\/cms\/wp-content\/uploads\/2015\/02\/P1440373-Peirani-Copyright-TJ-Krebs-jazzphotoagency@web.de_.jpg\" data-orig-size=\"2832,4248\" data-comments-opened=\"1\" data-image-meta=\"{&quot;aperture&quot;:&quot;0&quot;,&quot;credit&quot;:&quot;&quot;,&quot;camera&quot;:&quot;&quot;,&quot;caption&quot;:&quot;&quot;,&quot;created_timestamp&quot;:&quot;0&quot;,&quot;copyright&quot;:&quot;&quot;,&quot;focal_length&quot;:&quot;0&quot;,&quot;iso&quot;:&quot;0&quot;,&quot;shutter_speed&quot;:&quot;0&quot;,&quot;title&quot;:&quot;&quot;,&quot;orientation&quot;:&quot;0&quot;}\" data-image-title=\"P1440373 Peirani &amp;#8211; Copyright TJ Krebs jazzphotoagency@web.de\" data-image-description=\"\" data-medium-file=\"https:\/\/i0.wp.com\/www.jazzzeitung.de\/cms\/wp-content\/uploads\/2015\/02\/P1440373-Peirani-Copyright-TJ-Krebs-jazzphotoagency%40web.de_.jpg?fit=200%2C300&#038;ssl=1\" data-large-file=\"https:\/\/i0.wp.com\/www.jazzzeitung.de\/cms\/wp-content\/uploads\/2015\/02\/P1440373-Peirani-Copyright-TJ-Krebs-jazzphotoagency%40web.de_.jpg?fit=400%2C600&#038;ssl=1\" src=\"https:\/\/i0.wp.com\/www.jazzzeitung.de\/cms\/wp-content\/uploads\/2015\/02\/P1440373-Peirani-Copyright-TJ-Krebs-jazzphotoagency%40web.de_.jpg?w=201&#038;h=302&#038;ssl=1\" width=\"201\" height=\"302\" loading=\"lazy\" data-original-width=\"201\" data-original-height=\"302\" itemprop=\"http:\/\/schema.org\/image\" title=\"P1440373 Peirani - Copyright TJ Krebs jazzphotoagency@web.de\" alt=\"P1440373 Peirani - Copyright TJ Krebs jazzphotoagency@web.de\" style=\"width: 201px; height: 302px;\" \/> <\/a> <\/div> <\/div> <!-- close group --> <div class=\"gallery-group images-1\" style=\"width: 211px; height: 306px;\" data-original-width=\"211\" data-original-height=\"306\" > <div class=\"tiled-gallery-item tiled-gallery-item-small\" itemprop=\"associatedMedia\" itemscope itemtype=\"http:\/\/schema.org\/ImageObject\"> <a href=\"https:\/\/www.jazzzeitung.de\/cms\/2015\/02\/virtuose-akkordeonklaenge-der-unterfahrt\/p1440423-paeleman-copyright-tj-krebs-jazzphotoagencyweb-de\/\" border=\"0\" itemprop=\"url\"> <meta itemprop=\"width\" content=\"207\"> <meta itemprop=\"height\" content=\"302\"> <img decoding=\"async\" class=\"\" data-attachment-id=\"5569\" data-orig-file=\"https:\/\/www.jazzzeitung.de\/cms\/wp-content\/uploads\/2015\/02\/P1440423-Paeleman-Copyright-TJ-Krebs-jazzphotoagency@web.de_.jpg\" data-orig-size=\"2873,4192\" data-comments-opened=\"1\" data-image-meta=\"{&quot;aperture&quot;:&quot;0&quot;,&quot;credit&quot;:&quot;&quot;,&quot;camera&quot;:&quot;&quot;,&quot;caption&quot;:&quot;&quot;,&quot;created_timestamp&quot;:&quot;0&quot;,&quot;copyright&quot;:&quot;&quot;,&quot;focal_length&quot;:&quot;0&quot;,&quot;iso&quot;:&quot;0&quot;,&quot;shutter_speed&quot;:&quot;0&quot;,&quot;title&quot;:&quot;&quot;,&quot;orientation&quot;:&quot;0&quot;}\" data-image-title=\"P1440423 Paeleman &amp;#8211; Copyright TJ Krebs jazzphotoagency@web.de\" data-image-description=\"\" data-medium-file=\"https:\/\/i0.wp.com\/www.jazzzeitung.de\/cms\/wp-content\/uploads\/2015\/02\/P1440423-Paeleman-Copyright-TJ-Krebs-jazzphotoagency%40web.de_.jpg?fit=206%2C300&#038;ssl=1\" data-large-file=\"https:\/\/i0.wp.com\/www.jazzzeitung.de\/cms\/wp-content\/uploads\/2015\/02\/P1440423-Paeleman-Copyright-TJ-Krebs-jazzphotoagency%40web.de_.jpg?fit=411%2C600&#038;ssl=1\" src=\"https:\/\/i0.wp.com\/www.jazzzeitung.de\/cms\/wp-content\/uploads\/2015\/02\/P1440423-Paeleman-Copyright-TJ-Krebs-jazzphotoagency%40web.de_.jpg?w=207&#038;h=302&#038;ssl=1\" width=\"207\" height=\"302\" loading=\"lazy\" data-original-width=\"207\" data-original-height=\"302\" itemprop=\"http:\/\/schema.org\/image\" title=\"P1440423 Paeleman - Copyright TJ Krebs jazzphotoagency@web.de\" alt=\"P1440423 Paeleman - Copyright TJ Krebs jazzphotoagency@web.de\" style=\"width: 207px; height: 302px;\" \/> <\/a> <\/div> <\/div> <!-- close group --> <div class=\"gallery-group images-1\" style=\"width: 219px; height: 306px;\" data-original-width=\"219\" data-original-height=\"306\" > <div class=\"tiled-gallery-item tiled-gallery-item-small\" itemprop=\"associatedMedia\" itemscope itemtype=\"http:\/\/schema.org\/ImageObject\"> <a href=\"https:\/\/www.jazzzeitung.de\/cms\/2015\/02\/virtuose-akkordeonklaenge-der-unterfahrt\/p1440384-peirani-hands-copyright-tj-krebs-jazzphotoagencyweb-de\/\" border=\"0\" itemprop=\"url\"> <meta itemprop=\"width\" content=\"215\"> <meta itemprop=\"height\" content=\"302\"> <img decoding=\"async\" class=\"\" data-attachment-id=\"5567\" data-orig-file=\"https:\/\/www.jazzzeitung.de\/cms\/wp-content\/uploads\/2015\/02\/P1440384-Peirani-hands-Copyright-TJ-Krebs-jazzphotoagency@web.de_.jpg\" data-orig-size=\"3072,4301\" data-comments-opened=\"1\" data-image-meta=\"{&quot;aperture&quot;:&quot;0&quot;,&quot;credit&quot;:&quot;&quot;,&quot;camera&quot;:&quot;&quot;,&quot;caption&quot;:&quot;&quot;,&quot;created_timestamp&quot;:&quot;0&quot;,&quot;copyright&quot;:&quot;&quot;,&quot;focal_length&quot;:&quot;0&quot;,&quot;iso&quot;:&quot;0&quot;,&quot;shutter_speed&quot;:&quot;0&quot;,&quot;title&quot;:&quot;&quot;,&quot;orientation&quot;:&quot;0&quot;}\" data-image-title=\"P1440384 Peirani hands &amp;#8211; Copyright TJ Krebs jazzphotoagency@web.de\" data-image-description=\"\" data-medium-file=\"https:\/\/i0.wp.com\/www.jazzzeitung.de\/cms\/wp-content\/uploads\/2015\/02\/P1440384-Peirani-hands-Copyright-TJ-Krebs-jazzphotoagency%40web.de_.jpg?fit=214%2C300&#038;ssl=1\" data-large-file=\"https:\/\/i0.wp.com\/www.jazzzeitung.de\/cms\/wp-content\/uploads\/2015\/02\/P1440384-Peirani-hands-Copyright-TJ-Krebs-jazzphotoagency%40web.de_.jpg?fit=429%2C600&#038;ssl=1\" src=\"https:\/\/i0.wp.com\/www.jazzzeitung.de\/cms\/wp-content\/uploads\/2015\/02\/P1440384-Peirani-hands-Copyright-TJ-Krebs-jazzphotoagency%40web.de_.jpg?w=215&#038;h=302&#038;ssl=1\" width=\"215\" height=\"302\" loading=\"lazy\" data-original-width=\"215\" data-original-height=\"302\" itemprop=\"http:\/\/schema.org\/image\" title=\"P1440384 Peirani hands - Copyright TJ Krebs jazzphotoagency@web.de\" alt=\"P1440384 Peirani hands - Copyright TJ Krebs jazzphotoagency@web.de\" style=\"width: 215px; height: 302px;\" \/> <\/a> <\/div> <\/div> <!-- close group --> <div class=\"gallery-group images-1\" style=\"width: 205px; height: 306px;\" data-original-width=\"205\" data-original-height=\"306\" > <div class=\"tiled-gallery-item tiled-gallery-item-small\" itemprop=\"associatedMedia\" itemscope itemtype=\"http:\/\/schema.org\/ImageObject\"> <a href=\"https:\/\/www.jazzzeitung.de\/cms\/2015\/02\/virtuose-akkordeonklaenge-der-unterfahrt\/p1440479-parisien-front-with-peirani-paeleman-copyright-tj-krebs-jazzphotoagencyweb-de\/\" border=\"0\" itemprop=\"url\"> <meta itemprop=\"width\" content=\"201\"> <meta itemprop=\"height\" content=\"302\"> <img decoding=\"async\" class=\"\" data-attachment-id=\"5571\" data-orig-file=\"https:\/\/www.jazzzeitung.de\/cms\/wp-content\/uploads\/2015\/02\/P1440479-Parisien-front-with-Peirani-Paeleman-Copyright-TJ-Krebs-jazzphotoagency@web.de_.jpg\" data-orig-size=\"3072,4608\" data-comments-opened=\"1\" data-image-meta=\"{&quot;aperture&quot;:&quot;0&quot;,&quot;credit&quot;:&quot;&quot;,&quot;camera&quot;:&quot;&quot;,&quot;caption&quot;:&quot;&quot;,&quot;created_timestamp&quot;:&quot;0&quot;,&quot;copyright&quot;:&quot;&quot;,&quot;focal_length&quot;:&quot;0&quot;,&quot;iso&quot;:&quot;0&quot;,&quot;shutter_speed&quot;:&quot;0&quot;,&quot;title&quot;:&quot;&quot;,&quot;orientation&quot;:&quot;0&quot;}\" data-image-title=\"P1440479 Parisien front with Peirani &amp;#038; Paeleman &amp;#8211; Copyright TJ Krebs jazzphotoagency@web.de\" data-image-description=\"\" data-medium-file=\"https:\/\/i0.wp.com\/www.jazzzeitung.de\/cms\/wp-content\/uploads\/2015\/02\/P1440479-Parisien-front-with-Peirani-Paeleman-Copyright-TJ-Krebs-jazzphotoagency%40web.de_.jpg?fit=200%2C300&#038;ssl=1\" data-large-file=\"https:\/\/i0.wp.com\/www.jazzzeitung.de\/cms\/wp-content\/uploads\/2015\/02\/P1440479-Parisien-front-with-Peirani-Paeleman-Copyright-TJ-Krebs-jazzphotoagency%40web.de_.jpg?fit=400%2C600&#038;ssl=1\" src=\"https:\/\/i0.wp.com\/www.jazzzeitung.de\/cms\/wp-content\/uploads\/2015\/02\/P1440479-Parisien-front-with-Peirani-Paeleman-Copyright-TJ-Krebs-jazzphotoagency%40web.de_.jpg?w=201&#038;h=302&#038;ssl=1\" width=\"201\" height=\"302\" loading=\"lazy\" data-original-width=\"201\" data-original-height=\"302\" itemprop=\"http:\/\/schema.org\/image\" title=\"P1440479 Parisien front with Peirani &amp; Paeleman - Copyright TJ Krebs jazzphotoagency@web.de\" alt=\"P1440479 Parisien front with Peirani &amp; Paeleman - Copyright TJ Krebs jazzphotoagency@web.de\" style=\"width: 201px; height: 302px;\" \/> <\/a> <\/div> <\/div> <!-- close group --> <\/div> <!-- close row --> <div class=\"gallery-row\" style=\"width: 840px; height: 388px;\" data-original-width=\"840\" data-original-height=\"388\" > <div class=\"gallery-group images-1\" style=\"width: 580px; height: 388px;\" data-original-width=\"580\" data-original-height=\"388\" > <div class=\"tiled-gallery-item tiled-gallery-item-large\" itemprop=\"associatedMedia\" itemscope itemtype=\"http:\/\/schema.org\/ImageObject\"> <a href=\"https:\/\/www.jazzzeitung.de\/cms\/2015\/02\/virtuose-akkordeonklaenge-der-unterfahrt\/p1440442-living-being-group-copyright-tj-krebs-jazzphotoagencyweb-de\/\" border=\"0\" itemprop=\"url\"> <meta itemprop=\"width\" content=\"576\"> <meta itemprop=\"height\" content=\"384\"> <img decoding=\"async\" class=\"\" data-attachment-id=\"5572\" data-orig-file=\"https:\/\/www.jazzzeitung.de\/cms\/wp-content\/uploads\/2015\/02\/P1440442-Living-Being-Group-Copyright-TJ-Krebs-jazzphotoagency@web.de_.jpg\" data-orig-size=\"4470,2980\" data-comments-opened=\"1\" data-image-meta=\"{&quot;aperture&quot;:&quot;0&quot;,&quot;credit&quot;:&quot;&quot;,&quot;camera&quot;:&quot;&quot;,&quot;caption&quot;:&quot;&quot;,&quot;created_timestamp&quot;:&quot;0&quot;,&quot;copyright&quot;:&quot;&quot;,&quot;focal_length&quot;:&quot;0&quot;,&quot;iso&quot;:&quot;0&quot;,&quot;shutter_speed&quot;:&quot;0&quot;,&quot;title&quot;:&quot;&quot;,&quot;orientation&quot;:&quot;0&quot;}\" data-image-title=\"P1440442 Living Being Group &amp;#8211; Copyright TJ Krebs jazzphotoagency@web.de\" data-image-description=\"\" data-medium-file=\"https:\/\/i0.wp.com\/www.jazzzeitung.de\/cms\/wp-content\/uploads\/2015\/02\/P1440442-Living-Being-Group-Copyright-TJ-Krebs-jazzphotoagency%40web.de_.jpg?fit=300%2C200&#038;ssl=1\" data-large-file=\"https:\/\/i0.wp.com\/www.jazzzeitung.de\/cms\/wp-content\/uploads\/2015\/02\/P1440442-Living-Being-Group-Copyright-TJ-Krebs-jazzphotoagency%40web.de_.jpg?fit=840%2C560&#038;ssl=1\" src=\"https:\/\/i0.wp.com\/www.jazzzeitung.de\/cms\/wp-content\/uploads\/2015\/02\/P1440442-Living-Being-Group-Copyright-TJ-Krebs-jazzphotoagency%40web.de_.jpg?w=576&#038;h=384&#038;ssl=1\" width=\"576\" height=\"384\" loading=\"lazy\" data-original-width=\"576\" data-original-height=\"384\" itemprop=\"http:\/\/schema.org\/image\" title=\"P1440442 Living Being Group - Copyright TJ Krebs jazzphotoagency@web.de\" alt=\"P1440442 Living Being Group - Copyright TJ Krebs jazzphotoagency@web.de\" style=\"width: 576px; height: 384px;\" \/> <\/a> <\/div> <\/div> <!-- close group --> <div class=\"gallery-group images-1\" style=\"width: 260px; height: 388px;\" data-original-width=\"260\" data-original-height=\"388\" > <div class=\"tiled-gallery-item tiled-gallery-item-large\" itemprop=\"associatedMedia\" itemscope itemtype=\"http:\/\/schema.org\/ImageObject\"> <a href=\"https:\/\/www.jazzzeitung.de\/cms\/2015\/02\/virtuose-akkordeonklaenge-der-unterfahrt\/p1440425-herne-copyright-tj-krebs-jazzphotoagencyweb-de\/\" border=\"0\" itemprop=\"url\"> <meta itemprop=\"width\" content=\"256\"> <meta itemprop=\"height\" content=\"384\"> <img decoding=\"async\" class=\"\" data-attachment-id=\"5570\" data-orig-file=\"https:\/\/www.jazzzeitung.de\/cms\/wp-content\/uploads\/2015\/02\/P1440425-Hern\u00e9-Copyright-TJ-Krebs-jazzphotoagency@web.de_.jpg\" data-orig-size=\"3014,4520\" data-comments-opened=\"1\" data-image-meta=\"{&quot;aperture&quot;:&quot;0&quot;,&quot;credit&quot;:&quot;&quot;,&quot;camera&quot;:&quot;&quot;,&quot;caption&quot;:&quot;&quot;,&quot;created_timestamp&quot;:&quot;0&quot;,&quot;copyright&quot;:&quot;&quot;,&quot;focal_length&quot;:&quot;0&quot;,&quot;iso&quot;:&quot;0&quot;,&quot;shutter_speed&quot;:&quot;0&quot;,&quot;title&quot;:&quot;&quot;,&quot;orientation&quot;:&quot;0&quot;}\" data-image-title=\"P1440425 Hern\u00e9 &amp;#8211; Copyright TJ Krebs jazzphotoagency@web.de\" data-image-description=\"\" data-medium-file=\"https:\/\/i0.wp.com\/www.jazzzeitung.de\/cms\/wp-content\/uploads\/2015\/02\/P1440425-Hern%C3%A9-Copyright-TJ-Krebs-jazzphotoagency%40web.de_.jpg?fit=200%2C300&#038;ssl=1\" data-large-file=\"https:\/\/i0.wp.com\/www.jazzzeitung.de\/cms\/wp-content\/uploads\/2015\/02\/P1440425-Hern%C3%A9-Copyright-TJ-Krebs-jazzphotoagency%40web.de_.jpg?fit=400%2C600&#038;ssl=1\" src=\"https:\/\/i0.wp.com\/www.jazzzeitung.de\/cms\/wp-content\/uploads\/2015\/02\/P1440425-Hern%C3%A9-Copyright-TJ-Krebs-jazzphotoagency%40web.de_.jpg?w=256&#038;h=384&#038;ssl=1\" width=\"256\" height=\"384\" loading=\"lazy\" data-original-width=\"256\" data-original-height=\"384\" itemprop=\"http:\/\/schema.org\/image\" title=\"P1440425 Hern\u00e9 - Copyright TJ Krebs jazzphotoagency@web.de\" alt=\"P1440425 Hern\u00e9 - Copyright TJ Krebs jazzphotoagency@web.de\" style=\"width: 256px; height: 384px;\" \/> <\/a> <\/div> <\/div> <!-- close group --> <\/div> <!-- close row --> <div class=\"gallery-row\" style=\"width: 840px; height: 695px;\" data-original-width=\"840\" data-original-height=\"695\" > <div class=\"gallery-group images-3\" style=\"width: 342px; height: 695px;\" data-original-width=\"342\" data-original-height=\"695\" > <div class=\"tiled-gallery-item tiled-gallery-item-large\" itemprop=\"associatedMedia\" itemscope itemtype=\"http:\/\/schema.org\/ImageObject\"> <a href=\"https:\/\/www.jazzzeitung.de\/cms\/2015\/02\/virtuose-akkordeonklaenge-der-unterfahrt\/p1440354-serra-copyright-tj-krebs-jazzphotoagencyweb-de\/\" border=\"0\" itemprop=\"url\"> <meta itemprop=\"width\" content=\"338\"> <meta itemprop=\"height\" content=\"232\"> <img decoding=\"async\" class=\"\" data-attachment-id=\"5562\" data-orig-file=\"https:\/\/www.jazzzeitung.de\/cms\/wp-content\/uploads\/2015\/02\/P1440354-Serra-Copyright-TJ-Krebs-jazzphotoagency@web.de_.jpg\" data-orig-size=\"4242,2908\" data-comments-opened=\"1\" data-image-meta=\"{&quot;aperture&quot;:&quot;0&quot;,&quot;credit&quot;:&quot;&quot;,&quot;camera&quot;:&quot;&quot;,&quot;caption&quot;:&quot;&quot;,&quot;created_timestamp&quot;:&quot;0&quot;,&quot;copyright&quot;:&quot;&quot;,&quot;focal_length&quot;:&quot;0&quot;,&quot;iso&quot;:&quot;0&quot;,&quot;shutter_speed&quot;:&quot;0&quot;,&quot;title&quot;:&quot;&quot;,&quot;orientation&quot;:&quot;0&quot;}\" data-image-title=\"P1440354 Serra &amp;#8211; Copyright TJ Krebs jazzphotoagency@web.de\" data-image-description=\"\" data-medium-file=\"https:\/\/i0.wp.com\/www.jazzzeitung.de\/cms\/wp-content\/uploads\/2015\/02\/P1440354-Serra-Copyright-TJ-Krebs-jazzphotoagency%40web.de_.jpg?fit=300%2C206&#038;ssl=1\" data-large-file=\"https:\/\/i0.wp.com\/www.jazzzeitung.de\/cms\/wp-content\/uploads\/2015\/02\/P1440354-Serra-Copyright-TJ-Krebs-jazzphotoagency%40web.de_.jpg?fit=840%2C576&#038;ssl=1\" src=\"https:\/\/i0.wp.com\/www.jazzzeitung.de\/cms\/wp-content\/uploads\/2015\/02\/P1440354-Serra-Copyright-TJ-Krebs-jazzphotoagency%40web.de_.jpg?w=338&#038;h=232&#038;ssl=1\" width=\"338\" height=\"232\" loading=\"lazy\" data-original-width=\"338\" data-original-height=\"232\" itemprop=\"http:\/\/schema.org\/image\" title=\"P1440354 Serra - Copyright TJ Krebs jazzphotoagency@web.de\" alt=\"P1440354 Serra - Copyright TJ Krebs jazzphotoagency@web.de\" style=\"width: 338px; height: 232px;\" \/> <\/a> <\/div> <div class=\"tiled-gallery-item tiled-gallery-item-large\" itemprop=\"associatedMedia\" itemscope itemtype=\"http:\/\/schema.org\/ImageObject\"> <a href=\"https:\/\/www.jazzzeitung.de\/cms\/2015\/02\/virtuose-akkordeonklaenge-der-unterfahrt\/p1440381-peirani-foot-pedal-copyright-tj-krebs-jazzphotoagencyweb-de\/\" border=\"0\" itemprop=\"url\"> <meta itemprop=\"width\" content=\"338\"> <meta itemprop=\"height\" content=\"226\"> <img decoding=\"async\" class=\"\" data-attachment-id=\"5565\" data-orig-file=\"https:\/\/www.jazzzeitung.de\/cms\/wp-content\/uploads\/2015\/02\/P1440381-Peirani-foot-pedal-Copyright-TJ-Krebs-jazzphotoagency@web.de_.jpg\" data-orig-size=\"4380,2920\" data-comments-opened=\"1\" data-image-meta=\"{&quot;aperture&quot;:&quot;0&quot;,&quot;credit&quot;:&quot;&quot;,&quot;camera&quot;:&quot;&quot;,&quot;caption&quot;:&quot;&quot;,&quot;created_timestamp&quot;:&quot;0&quot;,&quot;copyright&quot;:&quot;&quot;,&quot;focal_length&quot;:&quot;0&quot;,&quot;iso&quot;:&quot;0&quot;,&quot;shutter_speed&quot;:&quot;0&quot;,&quot;title&quot;:&quot;&quot;,&quot;orientation&quot;:&quot;0&quot;}\" data-image-title=\"P1440381 Peirani foot-pedal &amp;#8211; Copyright TJ Krebs jazzphotoagency@web.de\" data-image-description=\"\" data-medium-file=\"https:\/\/i0.wp.com\/www.jazzzeitung.de\/cms\/wp-content\/uploads\/2015\/02\/P1440381-Peirani-foot-pedal-Copyright-TJ-Krebs-jazzphotoagency%40web.de_.jpg?fit=300%2C200&#038;ssl=1\" data-large-file=\"https:\/\/i0.wp.com\/www.jazzzeitung.de\/cms\/wp-content\/uploads\/2015\/02\/P1440381-Peirani-foot-pedal-Copyright-TJ-Krebs-jazzphotoagency%40web.de_.jpg?fit=840%2C560&#038;ssl=1\" src=\"https:\/\/i0.wp.com\/www.jazzzeitung.de\/cms\/wp-content\/uploads\/2015\/02\/P1440381-Peirani-foot-pedal-Copyright-TJ-Krebs-jazzphotoagency%40web.de_.jpg?w=338&#038;h=226&#038;ssl=1\" width=\"338\" height=\"226\" loading=\"lazy\" data-original-width=\"338\" data-original-height=\"226\" itemprop=\"http:\/\/schema.org\/image\" title=\"P1440381 Peirani foot-pedal - Copyright TJ Krebs jazzphotoagency@web.de\" alt=\"P1440381 Peirani foot-pedal - Copyright TJ Krebs jazzphotoagency@web.de\" style=\"width: 338px; height: 226px;\" \/> <\/a> <\/div> <div class=\"tiled-gallery-item tiled-gallery-item-large\" itemprop=\"associatedMedia\" itemscope itemtype=\"http:\/\/schema.org\/ImageObject\"> <a href=\"https:\/\/www.jazzzeitung.de\/cms\/2015\/02\/virtuose-akkordeonklaenge-der-unterfahrt\/p1440408-serra-copyright-tj-krebs-jazzphotoagencyweb-de\/\" border=\"0\" itemprop=\"url\"> <meta itemprop=\"width\" content=\"338\"> <meta itemprop=\"height\" content=\"225\"> <img decoding=\"async\" class=\"\" data-attachment-id=\"5568\" data-orig-file=\"https:\/\/www.jazzzeitung.de\/cms\/wp-content\/uploads\/2015\/02\/P1440408-Serra-Copyright-TJ-Krebs-jazzphotoagency@web.de_.jpg\" data-orig-size=\"4608,3072\" data-comments-opened=\"1\" data-image-meta=\"{&quot;aperture&quot;:&quot;0&quot;,&quot;credit&quot;:&quot;&quot;,&quot;camera&quot;:&quot;&quot;,&quot;caption&quot;:&quot;&quot;,&quot;created_timestamp&quot;:&quot;0&quot;,&quot;copyright&quot;:&quot;&quot;,&quot;focal_length&quot;:&quot;0&quot;,&quot;iso&quot;:&quot;0&quot;,&quot;shutter_speed&quot;:&quot;0&quot;,&quot;title&quot;:&quot;&quot;,&quot;orientation&quot;:&quot;0&quot;}\" data-image-title=\"P1440408 Serra &amp;#8211; Copyright TJ Krebs jazzphotoagency@web.de\" data-image-description=\"\" data-medium-file=\"https:\/\/i0.wp.com\/www.jazzzeitung.de\/cms\/wp-content\/uploads\/2015\/02\/P1440408-Serra-Copyright-TJ-Krebs-jazzphotoagency%40web.de_.jpg?fit=300%2C200&#038;ssl=1\" data-large-file=\"https:\/\/i0.wp.com\/www.jazzzeitung.de\/cms\/wp-content\/uploads\/2015\/02\/P1440408-Serra-Copyright-TJ-Krebs-jazzphotoagency%40web.de_.jpg?fit=840%2C560&#038;ssl=1\" src=\"https:\/\/i0.wp.com\/www.jazzzeitung.de\/cms\/wp-content\/uploads\/2015\/02\/P1440408-Serra-Copyright-TJ-Krebs-jazzphotoagency%40web.de_.jpg?w=338&#038;h=225&#038;ssl=1\" width=\"338\" height=\"225\" loading=\"lazy\" data-original-width=\"338\" data-original-height=\"225\" itemprop=\"http:\/\/schema.org\/image\" title=\"P1440408 Serra - Copyright TJ Krebs jazzphotoagency@web.de\" alt=\"P1440408 Serra - Copyright TJ Krebs jazzphotoagency@web.de\" style=\"width: 338px; height: 225px;\" \/> <\/a> <\/div> <\/div> <!-- close group --> <div class=\"gallery-group images-1\" style=\"width: 498px; height: 695px;\" data-original-width=\"498\" data-original-height=\"695\" > <div class=\"tiled-gallery-item tiled-gallery-item-large\" itemprop=\"associatedMedia\" itemscope itemtype=\"http:\/\/schema.org\/ImageObject\"> <a href=\"https:\/\/www.jazzzeitung.de\/cms\/2015\/02\/virtuose-akkordeonklaenge-der-unterfahrt\/p1440382-parisien-hands-copyright-tj-krebs-jazzphotoagencyweb-de\/\" border=\"0\" itemprop=\"url\"> <meta itemprop=\"width\" content=\"494\"> <meta itemprop=\"height\" content=\"691\"> <img decoding=\"async\" class=\"\" data-attachment-id=\"5566\" data-orig-file=\"https:\/\/www.jazzzeitung.de\/cms\/wp-content\/uploads\/2015\/02\/P1440382-Parisien-hands-Copyright-TJ-Krebs-jazzphotoagency@web.de_.jpg\" data-orig-size=\"3040,4256\" data-comments-opened=\"1\" data-image-meta=\"{&quot;aperture&quot;:&quot;0&quot;,&quot;credit&quot;:&quot;&quot;,&quot;camera&quot;:&quot;&quot;,&quot;caption&quot;:&quot;&quot;,&quot;created_timestamp&quot;:&quot;0&quot;,&quot;copyright&quot;:&quot;&quot;,&quot;focal_length&quot;:&quot;0&quot;,&quot;iso&quot;:&quot;0&quot;,&quot;shutter_speed&quot;:&quot;0&quot;,&quot;title&quot;:&quot;&quot;,&quot;orientation&quot;:&quot;0&quot;}\" data-image-title=\"P1440382 Parisien hands &amp;#8211; Copyright TJ Krebs jazzphotoagency@web.de\" data-image-description=\"\" data-medium-file=\"https:\/\/i0.wp.com\/www.jazzzeitung.de\/cms\/wp-content\/uploads\/2015\/02\/P1440382-Parisien-hands-Copyright-TJ-Krebs-jazzphotoagency%40web.de_.jpg?fit=214%2C300&#038;ssl=1\" data-large-file=\"https:\/\/i0.wp.com\/www.jazzzeitung.de\/cms\/wp-content\/uploads\/2015\/02\/P1440382-Parisien-hands-Copyright-TJ-Krebs-jazzphotoagency%40web.de_.jpg?fit=429%2C600&#038;ssl=1\" src=\"https:\/\/i0.wp.com\/www.jazzzeitung.de\/cms\/wp-content\/uploads\/2015\/02\/P1440382-Parisien-hands-Copyright-TJ-Krebs-jazzphotoagency%40web.de_.jpg?w=494&#038;h=691&#038;ssl=1\" width=\"494\" height=\"691\" loading=\"lazy\" data-original-width=\"494\" data-original-height=\"691\" itemprop=\"http:\/\/schema.org\/image\" title=\"P1440382 Parisien hands - Copyright TJ Krebs jazzphotoagency@web.de\" alt=\"P1440382 Parisien hands - Copyright TJ Krebs jazzphotoagency@web.de\" style=\"width: 494px; height: 691px;\" \/> <\/a> <\/div> <\/div> <!-- close group --> <\/div> <!-- close row --> <div class=\"gallery-row\" style=\"width: 840px; height: 561px;\" data-original-width=\"840\" data-original-height=\"561\" > <div class=\"gallery-group images-1\" style=\"width: 840px; height: 561px;\" data-original-width=\"840\" data-original-height=\"561\" > <div class=\"tiled-gallery-item tiled-gallery-item-large\" itemprop=\"associatedMedia\" itemscope itemtype=\"http:\/\/schema.org\/ImageObject\"> <a href=\"https:\/\/www.jazzzeitung.de\/cms\/2015\/02\/virtuose-akkordeonklaenge-der-unterfahrt\/p1440364-parisien-copyright-tj-krebs-jazzphotoagencyweb-de\/\" border=\"0\" itemprop=\"url\"> <meta itemprop=\"width\" content=\"836\"> <meta itemprop=\"height\" content=\"557\"> <img decoding=\"async\" class=\"\" data-attachment-id=\"5563\" data-orig-file=\"https:\/\/www.jazzzeitung.de\/cms\/wp-content\/uploads\/2015\/02\/P1440364-Parisien-Copyright-TJ-Krebs-jazzphotoagency@web.de_.jpg\" data-orig-size=\"4608,3072\" data-comments-opened=\"1\" data-image-meta=\"{&quot;aperture&quot;:&quot;0&quot;,&quot;credit&quot;:&quot;&quot;,&quot;camera&quot;:&quot;&quot;,&quot;caption&quot;:&quot;&quot;,&quot;created_timestamp&quot;:&quot;0&quot;,&quot;copyright&quot;:&quot;&quot;,&quot;focal_length&quot;:&quot;0&quot;,&quot;iso&quot;:&quot;0&quot;,&quot;shutter_speed&quot;:&quot;0&quot;,&quot;title&quot;:&quot;&quot;,&quot;orientation&quot;:&quot;0&quot;}\" data-image-title=\"P1440364 Parisien &amp;#8211; Copyright TJ Krebs jazzphotoagency@web.de\" data-image-description=\"\" data-medium-file=\"https:\/\/i0.wp.com\/www.jazzzeitung.de\/cms\/wp-content\/uploads\/2015\/02\/P1440364-Parisien-Copyright-TJ-Krebs-jazzphotoagency%40web.de_.jpg?fit=300%2C200&#038;ssl=1\" data-large-file=\"https:\/\/i0.wp.com\/www.jazzzeitung.de\/cms\/wp-content\/uploads\/2015\/02\/P1440364-Parisien-Copyright-TJ-Krebs-jazzphotoagency%40web.de_.jpg?fit=840%2C560&#038;ssl=1\" src=\"https:\/\/i0.wp.com\/www.jazzzeitung.de\/cms\/wp-content\/uploads\/2015\/02\/P1440364-Parisien-Copyright-TJ-Krebs-jazzphotoagency%40web.de_.jpg?w=836&#038;h=557&#038;ssl=1\" width=\"836\" height=\"557\" loading=\"lazy\" data-original-width=\"836\" data-original-height=\"557\" itemprop=\"http:\/\/schema.org\/image\" title=\"P1440364 Parisien - Copyright TJ Krebs jazzphotoagency@web.de\" alt=\"P1440364 Parisien - Copyright TJ Krebs jazzphotoagency@web.de\" style=\"width: 836px; height: 557px;\" \/> <\/a> <\/div> <\/div> <!-- close group --> <\/div> <!-- close row --> <\/div>\n","protected":false},"excerpt":{"rendered":"<p>Von Thomas J. Krebs &#8211; Der Akkordeonvirtuose Vincent Peirani, in Frankreich letztes Jahr mit dem \u201ePrix Django d\u2019Or\u201c ausgezeichnet, besuchte die M\u00fcnchner Unterfahrt diesmal mit seinem aktuellen Projekt \u201eLiving Being\u201c und gleichnamiger CD im Gep\u00e4ck (ver\u00f6ffentlicht auf dem M\u00fcnchner ACT Label). Eine facettenreiche Band mit jungen Musikern, die alle aus unterschiedlichen stilistischen Lagern kommen. Mit gro\u00dfer Leichtigkeit musizierte Peirani, entlockte seinem Instrument grenz\u00fcberschreitend einzigartige Kl\u00e4nge, fernab aller Traditionen oder musikalischen Konventionen. Gemeinsam mit dem Saxophonisten und Weggef\u00e4hrten \u00c9mile Parisien, Tony Paeleman am Fender Rhodes, dem Bassisten Julien Hern\u00e9 und Schlagzeuger Yoann Serra z\u00fcndete das Quintett ein pulsierendes \u201eElectric Jazz &amp; More\u201c- Feuerwerk, das Ma\u00dfst\u00e4be setzte und die Zuh\u00f6rer im ausverkauften Club restlos begeisterte. Alle Fotos: Thomas J. Krebs.<\/p>\n","protected":false},"author":18,"featured_media":5564,"comment_status":"open","ping_status":"closed","sticky":false,"template":"","format":"standard","meta":{"_jetpack_memberships_contains_paid_content":false,"footnotes":"","jetpack_publicize_message":"","jetpack_publicize_feature_enabled":true,"jetpack_social_post_already_shared":false,"jetpack_social_options":{"image_generator_settings":{"template":"highway","default_image_id":0,"font":"","enabled":false},"version":2}},"categories":[652],"tags":[29,109,120,339,573,1010],"coauthors":[695],"class_list":["post-5561","post","type-post","status-publish","format-standard","has-post-thumbnail","hentry","category-galerie","tag-act","tag-cd","tag-club","tag-label","tag-unterfahrt","tag-vincent-peirani"],"yoast_head":"<!-- This site is optimized with the Yoast SEO plugin v27.5 - https:\/\/yoast.com\/product\/yoast-seo-wordpress\/ -->\n<title>Virtuose Akkordeonkl\u00e4nge in der Unterfahrt - JazzZeitung<\/title>\n<meta name=\"robots\" content=\"index, follow, max-snippet:-1, max-image-preview:large, max-video-preview:-1\" \/>\n<link rel=\"canonical\" href=\"https:\/\/www.jazzzeitung.de\/cms\/2015\/02\/virtuose-akkordeonklaenge-der-unterfahrt\/\" \/>\n<meta property=\"og:locale\" content=\"de_DE\" \/>\n<meta property=\"og:type\" content=\"article\" \/>\n<meta property=\"og:title\" content=\"Virtuose Akkordeonkl\u00e4nge in der Unterfahrt - JazzZeitung\" \/>\n<meta property=\"og:description\" content=\"Von Thomas J. Krebs &#8211; Der Akkordeonvirtuose Vincent Peirani, in Frankreich letztes Jahr mit dem \u201ePrix Django d\u2019Or\u201c ausgezeichnet, besuchte die M\u00fcnchner Unterfahrt diesmal mit seinem aktuellen Projekt \u201eLiving Being\u201c und gleichnamiger CD im Gep\u00e4ck (ver\u00f6ffentlicht auf dem M\u00fcnchner ACT Label). Eine facettenreiche Band mit jungen Musikern, die alle aus unterschiedlichen stilistischen Lagern kommen. Mit gro\u00dfer Leichtigkeit musizierte Peirani, entlockte seinem Instrument grenz\u00fcberschreitend einzigartige Kl\u00e4nge, fernab aller Traditionen oder musikalischen Konventionen. Gemeinsam mit dem Saxophonisten und Weggef\u00e4hrten \u00c9mile Parisien, Tony Paeleman am Fender Rhodes, dem Bassisten Julien Hern\u00e9 und Schlagzeuger Yoann Serra z\u00fcndete das Quintett ein pulsierendes \u201eElectric Jazz &amp; More\u201c- Feuerwerk, das Ma\u00dfst\u00e4be setzte und die Zuh\u00f6rer im ausverkauften Club restlos begeisterte. Alle Fotos: Thomas J. Krebs.\" \/>\n<meta property=\"og:url\" content=\"https:\/\/www.jazzzeitung.de\/cms\/2015\/02\/virtuose-akkordeonklaenge-der-unterfahrt\/\" \/>\n<meta property=\"og:site_name\" content=\"JazzZeitung\" \/>\n<meta property=\"article:publisher\" content=\"https:\/\/www.facebook.com\/JazzZeitung\/\" \/>\n<meta property=\"article:published_time\" content=\"2015-02-26T09:23:30+00:00\" \/>\n<meta property=\"article:modified_time\" content=\"2015-02-26T10:12:51+00:00\" \/>\n<meta property=\"og:image\" content=\"https:\/\/i0.wp.com\/www.jazzzeitung.de\/cms\/wp-content\/uploads\/2015\/02\/P1440373-Peirani-Copyright-TJ-Krebs-jazzphotoagency@web.de_.jpg?fit=2832%2C4248&ssl=1\" \/>\n\t<meta property=\"og:image:width\" content=\"2832\" \/>\n\t<meta property=\"og:image:height\" content=\"4248\" \/>\n\t<meta property=\"og:image:type\" content=\"image\/jpeg\" \/>\n<meta name=\"author\" content=\"Redaktion JazzZeitung\" \/>\n<script type=\"application\/ld+json\" class=\"yoast-schema-graph\">{\"@context\":\"https:\\\/\\\/schema.org\",\"@graph\":[{\"@type\":\"Article\",\"@id\":\"https:\\\/\\\/www.jazzzeitung.de\\\/cms\\\/2015\\\/02\\\/virtuose-akkordeonklaenge-der-unterfahrt\\\/#article\",\"isPartOf\":{\"@id\":\"https:\\\/\\\/www.jazzzeitung.de\\\/cms\\\/2015\\\/02\\\/virtuose-akkordeonklaenge-der-unterfahrt\\\/\"},\"author\":{\"name\":\"Redaktion JazzZeitung\",\"@id\":\"https:\\\/\\\/www.jazzzeitung.de\\\/cms\\\/#\\\/schema\\\/person\\\/2245b36b9cd1d24cea10f01c031fb92b\"},\"headline\":\"Virtuose Akkordeonkl\u00e4nge in der Unterfahrt\",\"datePublished\":\"2015-02-26T09:23:30+00:00\",\"dateModified\":\"2015-02-26T10:12:51+00:00\",\"mainEntityOfPage\":{\"@id\":\"https:\\\/\\\/www.jazzzeitung.de\\\/cms\\\/2015\\\/02\\\/virtuose-akkordeonklaenge-der-unterfahrt\\\/\"},\"wordCount\":144,\"commentCount\":0,\"publisher\":{\"@id\":\"https:\\\/\\\/www.jazzzeitung.de\\\/cms\\\/#organization\"},\"image\":{\"@id\":\"https:\\\/\\\/www.jazzzeitung.de\\\/cms\\\/2015\\\/02\\\/virtuose-akkordeonklaenge-der-unterfahrt\\\/#primaryimage\"},\"thumbnailUrl\":\"https:\\\/\\\/i0.wp.com\\\/www.jazzzeitung.de\\\/cms\\\/wp-content\\\/uploads\\\/2015\\\/02\\\/P1440373-Peirani-Copyright-TJ-Krebs-jazzphotoagency%40web.de_.jpg?fit=2832%2C4248&ssl=1\",\"keywords\":[\"act\",\"CD\",\"Club\",\"Label\",\"Unterfahrt\",\"Vincent Peirani\"],\"articleSection\":[\"Galerie\"],\"inLanguage\":\"de\",\"potentialAction\":[{\"@type\":\"CommentAction\",\"name\":\"Comment\",\"target\":[\"https:\\\/\\\/www.jazzzeitung.de\\\/cms\\\/2015\\\/02\\\/virtuose-akkordeonklaenge-der-unterfahrt\\\/#respond\"]}]},{\"@type\":\"WebPage\",\"@id\":\"https:\\\/\\\/www.jazzzeitung.de\\\/cms\\\/2015\\\/02\\\/virtuose-akkordeonklaenge-der-unterfahrt\\\/\",\"url\":\"https:\\\/\\\/www.jazzzeitung.de\\\/cms\\\/2015\\\/02\\\/virtuose-akkordeonklaenge-der-unterfahrt\\\/\",\"name\":\"Virtuose Akkordeonkl\u00e4nge in der Unterfahrt - JazzZeitung\",\"isPartOf\":{\"@id\":\"https:\\\/\\\/www.jazzzeitung.de\\\/cms\\\/#website\"},\"primaryImageOfPage\":{\"@id\":\"https:\\\/\\\/www.jazzzeitung.de\\\/cms\\\/2015\\\/02\\\/virtuose-akkordeonklaenge-der-unterfahrt\\\/#primaryimage\"},\"image\":{\"@id\":\"https:\\\/\\\/www.jazzzeitung.de\\\/cms\\\/2015\\\/02\\\/virtuose-akkordeonklaenge-der-unterfahrt\\\/#primaryimage\"},\"thumbnailUrl\":\"https:\\\/\\\/i0.wp.com\\\/www.jazzzeitung.de\\\/cms\\\/wp-content\\\/uploads\\\/2015\\\/02\\\/P1440373-Peirani-Copyright-TJ-Krebs-jazzphotoagency%40web.de_.jpg?fit=2832%2C4248&ssl=1\",\"datePublished\":\"2015-02-26T09:23:30+00:00\",\"dateModified\":\"2015-02-26T10:12:51+00:00\",\"breadcrumb\":{\"@id\":\"https:\\\/\\\/www.jazzzeitung.de\\\/cms\\\/2015\\\/02\\\/virtuose-akkordeonklaenge-der-unterfahrt\\\/#breadcrumb\"},\"inLanguage\":\"de\",\"potentialAction\":[{\"@type\":\"ReadAction\",\"target\":[\"https:\\\/\\\/www.jazzzeitung.de\\\/cms\\\/2015\\\/02\\\/virtuose-akkordeonklaenge-der-unterfahrt\\\/\"]}]},{\"@type\":\"ImageObject\",\"inLanguage\":\"de\",\"@id\":\"https:\\\/\\\/www.jazzzeitung.de\\\/cms\\\/2015\\\/02\\\/virtuose-akkordeonklaenge-der-unterfahrt\\\/#primaryimage\",\"url\":\"https:\\\/\\\/i0.wp.com\\\/www.jazzzeitung.de\\\/cms\\\/wp-content\\\/uploads\\\/2015\\\/02\\\/P1440373-Peirani-Copyright-TJ-Krebs-jazzphotoagency%40web.de_.jpg?fit=2832%2C4248&ssl=1\",\"contentUrl\":\"https:\\\/\\\/i0.wp.com\\\/www.jazzzeitung.de\\\/cms\\\/wp-content\\\/uploads\\\/2015\\\/02\\\/P1440373-Peirani-Copyright-TJ-Krebs-jazzphotoagency%40web.de_.jpg?fit=2832%2C4248&ssl=1\",\"width\":2832,\"height\":4248},{\"@type\":\"BreadcrumbList\",\"@id\":\"https:\\\/\\\/www.jazzzeitung.de\\\/cms\\\/2015\\\/02\\\/virtuose-akkordeonklaenge-der-unterfahrt\\\/#breadcrumb\",\"itemListElement\":[{\"@type\":\"ListItem\",\"position\":1,\"name\":\"Startseite\",\"item\":\"https:\\\/\\\/www.jazzzeitung.de\\\/cms\\\/\"},{\"@type\":\"ListItem\",\"position\":2,\"name\":\"Virtuose Akkordeonkl\u00e4nge in der Unterfahrt\"}]},{\"@type\":\"WebSite\",\"@id\":\"https:\\\/\\\/www.jazzzeitung.de\\\/cms\\\/#website\",\"url\":\"https:\\\/\\\/www.jazzzeitung.de\\\/cms\\\/\",\"name\":\"JazzZeitung\",\"description\":\"Jazz-News und Jazz-Kontroverses\",\"publisher\":{\"@id\":\"https:\\\/\\\/www.jazzzeitung.de\\\/cms\\\/#organization\"},\"potentialAction\":[{\"@type\":\"SearchAction\",\"target\":{\"@type\":\"EntryPoint\",\"urlTemplate\":\"https:\\\/\\\/www.jazzzeitung.de\\\/cms\\\/?s={search_term_string}\"},\"query-input\":{\"@type\":\"PropertyValueSpecification\",\"valueRequired\":true,\"valueName\":\"search_term_string\"}}],\"inLanguage\":\"de\"},{\"@type\":\"Organization\",\"@id\":\"https:\\\/\\\/www.jazzzeitung.de\\\/cms\\\/#organization\",\"name\":\"JazzZeitung online\",\"url\":\"https:\\\/\\\/www.jazzzeitung.de\\\/cms\\\/\",\"logo\":{\"@type\":\"ImageObject\",\"inLanguage\":\"de\",\"@id\":\"https:\\\/\\\/www.jazzzeitung.de\\\/cms\\\/#\\\/schema\\\/logo\\\/image\\\/\",\"url\":\"https:\\\/\\\/i0.wp.com\\\/www.jazzzeitung.de\\\/cms\\\/wp-content\\\/uploads\\\/2015\\\/08\\\/JAZZZEITUNGDE_Logo_Neu.png?fit=499%2C200&ssl=1\",\"contentUrl\":\"https:\\\/\\\/i0.wp.com\\\/www.jazzzeitung.de\\\/cms\\\/wp-content\\\/uploads\\\/2015\\\/08\\\/JAZZZEITUNGDE_Logo_Neu.png?fit=499%2C200&ssl=1\",\"width\":499,\"height\":200,\"caption\":\"JazzZeitung online\"},\"image\":{\"@id\":\"https:\\\/\\\/www.jazzzeitung.de\\\/cms\\\/#\\\/schema\\\/logo\\\/image\\\/\"},\"sameAs\":[\"https:\\\/\\\/www.facebook.com\\\/JazzZeitung\\\/\"]},{\"@type\":\"Person\",\"@id\":\"https:\\\/\\\/www.jazzzeitung.de\\\/cms\\\/#\\\/schema\\\/person\\\/2245b36b9cd1d24cea10f01c031fb92b\",\"name\":\"Redaktion JazzZeitung\",\"image\":{\"@type\":\"ImageObject\",\"inLanguage\":\"de\",\"@id\":\"https:\\\/\\\/i0.wp.com\\\/www.jazzzeitung.de\\\/cms\\\/wp-content\\\/uploads\\\/2015\\\/08\\\/JAZZZEITUNGDE_Logo_Neu.png?resize=96%2C96&ssl=159975dcacb611b5700bd619b5daf0a7a\",\"url\":\"https:\\\/\\\/i0.wp.com\\\/www.jazzzeitung.de\\\/cms\\\/wp-content\\\/uploads\\\/2015\\\/08\\\/JAZZZEITUNGDE_Logo_Neu.png?resize=96%2C96&ssl=1\",\"contentUrl\":\"https:\\\/\\\/i0.wp.com\\\/www.jazzzeitung.de\\\/cms\\\/wp-content\\\/uploads\\\/2015\\\/08\\\/JAZZZEITUNGDE_Logo_Neu.png?resize=96%2C96&ssl=1\",\"caption\":\"Redaktion JazzZeitung\"},\"description\":\"Artikel der Redaktion der JazzZeitung.\",\"sameAs\":[\"http:\\\/\\\/www.jazzzeitung.de\\\/cms\\\/\"],\"url\":\"https:\\\/\\\/www.jazzzeitung.de\\\/cms\\\/author\\\/redaktion\\\/\"}]}<\/script>\n<!-- \/ Yoast SEO plugin. -->","yoast_head_json":{"title":"Virtuose Akkordeonkl\u00e4nge in der Unterfahrt - JazzZeitung","robots":{"index":"index","follow":"follow","max-snippet":"max-snippet:-1","max-image-preview":"max-image-preview:large","max-video-preview":"max-video-preview:-1"},"canonical":"https:\/\/www.jazzzeitung.de\/cms\/2015\/02\/virtuose-akkordeonklaenge-der-unterfahrt\/","og_locale":"de_DE","og_type":"article","og_title":"Virtuose Akkordeonkl\u00e4nge in der Unterfahrt - JazzZeitung","og_description":"Von Thomas J. Krebs &#8211; Der Akkordeonvirtuose Vincent Peirani, in Frankreich letztes Jahr mit dem \u201ePrix Django d\u2019Or\u201c ausgezeichnet, besuchte die M\u00fcnchner Unterfahrt diesmal mit seinem aktuellen Projekt \u201eLiving Being\u201c und gleichnamiger CD im Gep\u00e4ck (ver\u00f6ffentlicht auf dem M\u00fcnchner ACT Label). Eine facettenreiche Band mit jungen Musikern, die alle aus unterschiedlichen stilistischen Lagern kommen. Mit gro\u00dfer Leichtigkeit musizierte Peirani, entlockte seinem Instrument grenz\u00fcberschreitend einzigartige Kl\u00e4nge, fernab aller Traditionen oder musikalischen Konventionen. Gemeinsam mit dem Saxophonisten und Weggef\u00e4hrten \u00c9mile Parisien, Tony Paeleman am Fender Rhodes, dem Bassisten Julien Hern\u00e9 und Schlagzeuger Yoann Serra z\u00fcndete das Quintett ein pulsierendes \u201eElectric Jazz &amp; More\u201c- Feuerwerk, das Ma\u00dfst\u00e4be setzte und die Zuh\u00f6rer im ausverkauften Club restlos begeisterte. Alle Fotos: Thomas J. Krebs.","og_url":"https:\/\/www.jazzzeitung.de\/cms\/2015\/02\/virtuose-akkordeonklaenge-der-unterfahrt\/","og_site_name":"JazzZeitung","article_publisher":"https:\/\/www.facebook.com\/JazzZeitung\/","article_published_time":"2015-02-26T09:23:30+00:00","article_modified_time":"2015-02-26T10:12:51+00:00","og_image":[{"width":2832,"height":4248,"url":"https:\/\/i0.wp.com\/www.jazzzeitung.de\/cms\/wp-content\/uploads\/2015\/02\/P1440373-Peirani-Copyright-TJ-Krebs-jazzphotoagency@web.de_.jpg?fit=2832%2C4248&ssl=1","type":"image\/jpeg"}],"author":"Redaktion JazzZeitung","schema":{"@context":"https:\/\/schema.org","@graph":[{"@type":"Article","@id":"https:\/\/www.jazzzeitung.de\/cms\/2015\/02\/virtuose-akkordeonklaenge-der-unterfahrt\/#article","isPartOf":{"@id":"https:\/\/www.jazzzeitung.de\/cms\/2015\/02\/virtuose-akkordeonklaenge-der-unterfahrt\/"},"author":{"name":"Redaktion JazzZeitung","@id":"https:\/\/www.jazzzeitung.de\/cms\/#\/schema\/person\/2245b36b9cd1d24cea10f01c031fb92b"},"headline":"Virtuose Akkordeonkl\u00e4nge in der Unterfahrt","datePublished":"2015-02-26T09:23:30+00:00","dateModified":"2015-02-26T10:12:51+00:00","mainEntityOfPage":{"@id":"https:\/\/www.jazzzeitung.de\/cms\/2015\/02\/virtuose-akkordeonklaenge-der-unterfahrt\/"},"wordCount":144,"commentCount":0,"publisher":{"@id":"https:\/\/www.jazzzeitung.de\/cms\/#organization"},"image":{"@id":"https:\/\/www.jazzzeitung.de\/cms\/2015\/02\/virtuose-akkordeonklaenge-der-unterfahrt\/#primaryimage"},"thumbnailUrl":"https:\/\/i0.wp.com\/www.jazzzeitung.de\/cms\/wp-content\/uploads\/2015\/02\/P1440373-Peirani-Copyright-TJ-Krebs-jazzphotoagency%40web.de_.jpg?fit=2832%2C4248&ssl=1","keywords":["act","CD","Club","Label","Unterfahrt","Vincent Peirani"],"articleSection":["Galerie"],"inLanguage":"de","potentialAction":[{"@type":"CommentAction","name":"Comment","target":["https:\/\/www.jazzzeitung.de\/cms\/2015\/02\/virtuose-akkordeonklaenge-der-unterfahrt\/#respond"]}]},{"@type":"WebPage","@id":"https:\/\/www.jazzzeitung.de\/cms\/2015\/02\/virtuose-akkordeonklaenge-der-unterfahrt\/","url":"https:\/\/www.jazzzeitung.de\/cms\/2015\/02\/virtuose-akkordeonklaenge-der-unterfahrt\/","name":"Virtuose Akkordeonkl\u00e4nge in der Unterfahrt - JazzZeitung","isPartOf":{"@id":"https:\/\/www.jazzzeitung.de\/cms\/#website"},"primaryImageOfPage":{"@id":"https:\/\/www.jazzzeitung.de\/cms\/2015\/02\/virtuose-akkordeonklaenge-der-unterfahrt\/#primaryimage"},"image":{"@id":"https:\/\/www.jazzzeitung.de\/cms\/2015\/02\/virtuose-akkordeonklaenge-der-unterfahrt\/#primaryimage"},"thumbnailUrl":"https:\/\/i0.wp.com\/www.jazzzeitung.de\/cms\/wp-content\/uploads\/2015\/02\/P1440373-Peirani-Copyright-TJ-Krebs-jazzphotoagency%40web.de_.jpg?fit=2832%2C4248&ssl=1","datePublished":"2015-02-26T09:23:30+00:00","dateModified":"2015-02-26T10:12:51+00:00","breadcrumb":{"@id":"https:\/\/www.jazzzeitung.de\/cms\/2015\/02\/virtuose-akkordeonklaenge-der-unterfahrt\/#breadcrumb"},"inLanguage":"de","potentialAction":[{"@type":"ReadAction","target":["https:\/\/www.jazzzeitung.de\/cms\/2015\/02\/virtuose-akkordeonklaenge-der-unterfahrt\/"]}]},{"@type":"ImageObject","inLanguage":"de","@id":"https:\/\/www.jazzzeitung.de\/cms\/2015\/02\/virtuose-akkordeonklaenge-der-unterfahrt\/#primaryimage","url":"https:\/\/i0.wp.com\/www.jazzzeitung.de\/cms\/wp-content\/uploads\/2015\/02\/P1440373-Peirani-Copyright-TJ-Krebs-jazzphotoagency%40web.de_.jpg?fit=2832%2C4248&ssl=1","contentUrl":"https:\/\/i0.wp.com\/www.jazzzeitung.de\/cms\/wp-content\/uploads\/2015\/02\/P1440373-Peirani-Copyright-TJ-Krebs-jazzphotoagency%40web.de_.jpg?fit=2832%2C4248&ssl=1","width":2832,"height":4248},{"@type":"BreadcrumbList","@id":"https:\/\/www.jazzzeitung.de\/cms\/2015\/02\/virtuose-akkordeonklaenge-der-unterfahrt\/#breadcrumb","itemListElement":[{"@type":"ListItem","position":1,"name":"Startseite","item":"https:\/\/www.jazzzeitung.de\/cms\/"},{"@type":"ListItem","position":2,"name":"Virtuose Akkordeonkl\u00e4nge in der Unterfahrt"}]},{"@type":"WebSite","@id":"https:\/\/www.jazzzeitung.de\/cms\/#website","url":"https:\/\/www.jazzzeitung.de\/cms\/","name":"JazzZeitung","description":"Jazz-News und Jazz-Kontroverses","publisher":{"@id":"https:\/\/www.jazzzeitung.de\/cms\/#organization"},"potentialAction":[{"@type":"SearchAction","target":{"@type":"EntryPoint","urlTemplate":"https:\/\/www.jazzzeitung.de\/cms\/?s={search_term_string}"},"query-input":{"@type":"PropertyValueSpecification","valueRequired":true,"valueName":"search_term_string"}}],"inLanguage":"de"},{"@type":"Organization","@id":"https:\/\/www.jazzzeitung.de\/cms\/#organization","name":"JazzZeitung online","url":"https:\/\/www.jazzzeitung.de\/cms\/","logo":{"@type":"ImageObject","inLanguage":"de","@id":"https:\/\/www.jazzzeitung.de\/cms\/#\/schema\/logo\/image\/","url":"https:\/\/i0.wp.com\/www.jazzzeitung.de\/cms\/wp-content\/uploads\/2015\/08\/JAZZZEITUNGDE_Logo_Neu.png?fit=499%2C200&ssl=1","contentUrl":"https:\/\/i0.wp.com\/www.jazzzeitung.de\/cms\/wp-content\/uploads\/2015\/08\/JAZZZEITUNGDE_Logo_Neu.png?fit=499%2C200&ssl=1","width":499,"height":200,"caption":"JazzZeitung online"},"image":{"@id":"https:\/\/www.jazzzeitung.de\/cms\/#\/schema\/logo\/image\/"},"sameAs":["https:\/\/www.facebook.com\/JazzZeitung\/"]},{"@type":"Person","@id":"https:\/\/www.jazzzeitung.de\/cms\/#\/schema\/person\/2245b36b9cd1d24cea10f01c031fb92b","name":"Redaktion JazzZeitung","image":{"@type":"ImageObject","inLanguage":"de","@id":"https:\/\/i0.wp.com\/www.jazzzeitung.de\/cms\/wp-content\/uploads\/2015\/08\/JAZZZEITUNGDE_Logo_Neu.png?resize=96%2C96&ssl=159975dcacb611b5700bd619b5daf0a7a","url":"https:\/\/i0.wp.com\/www.jazzzeitung.de\/cms\/wp-content\/uploads\/2015\/08\/JAZZZEITUNGDE_Logo_Neu.png?resize=96%2C96&ssl=1","contentUrl":"https:\/\/i0.wp.com\/www.jazzzeitung.de\/cms\/wp-content\/uploads\/2015\/08\/JAZZZEITUNGDE_Logo_Neu.png?resize=96%2C96&ssl=1","caption":"Redaktion JazzZeitung"},"description":"Artikel der Redaktion der JazzZeitung.","sameAs":["http:\/\/www.jazzzeitung.de\/cms\/"],"url":"https:\/\/www.jazzzeitung.de\/cms\/author\/redaktion\/"}]}},"wp-worthy-pixel":{"ignored":false,"public":null,"server":null,"url":null},"wp-worthy-type":"normal","jetpack_publicize_connections":[],"cc_featured_image_caption":{"caption_text":false,"source_text":false,"source_url":false},"jetpack_featured_media_url":"https:\/\/i0.wp.com\/www.jazzzeitung.de\/cms\/wp-content\/uploads\/2015\/02\/P1440373-Peirani-Copyright-TJ-Krebs-jazzphotoagency%40web.de_.jpg?fit=2832%2C4248&ssl=1","jetpack_shortlink":"https:\/\/wp.me\/p3KEcT-1rH","jetpack-related-posts":[{"id":5275,"url":"https:\/\/www.jazzzeitung.de\/cms\/2015\/01\/chris-gall-piano-solo-der-muenchner-unterfahrt\/","url_meta":{"origin":5561,"position":0},"title":"Chris Gall: Piano Solo in der M\u00fcnchner Unterfahrt","author":"Redaktion JazzZeitung","date":"22. Januar 2015","format":false,"excerpt":"Von Thomas J. Krebs - Der 1975 in Bad Aibling geborene Pianist Chris Gall, der \u00fcbrigens vor 15 Jahren zum ersten Mal im M\u00fcnchner Jazzclub Unterfahrt spielte, pr\u00e4sentierte dort am 20.01.2015 vor komplett ausverkauftem Haus seine aktuelle auf dem Label GLM erschiene CD \u201ePiano Solo\u201c. Bereits beim ersten St\u00fcck sprang\u2026","rel":"","context":"In &quot;Bericht&quot;","block_context":{"text":"Bericht","link":"https:\/\/www.jazzzeitung.de\/cms\/thema\/bericht\/"},"img":{"alt_text":"Chris Gall pr\u00e4sentierte in der M\u00fcnchner Unterfahrt sein neues Album Foto: Thomas J. Krebs","src":"https:\/\/i0.wp.com\/www.jazzzeitung.de\/cms\/wp-content\/uploads\/2015\/01\/Chris-gall_mini-150x150.jpg?resize=350%2C200","width":350,"height":200},"classes":[]},{"id":18055,"url":"https:\/\/www.jazzzeitung.de\/cms\/2018\/12\/das-trio-escape-argot-im-jazzclub-unterfahrt\/","url_meta":{"origin":5561,"position":1},"title":"Das Trio &#8222;Escape Argot&#8220; im Jazzclub Unterfahrt","author":"Redaktion JazzZeitung","date":"9. Dezember 2018","format":false,"excerpt":"Da wird sich so manch einer im Nachhinein \u00e4rgern, diesen fantastischen Gig verpasst zu haben. Die Schweiz zu Gast im M\u00fcnchner Jazzclub Unterfahrt: der Schlagzeuger Christoph Steiner (\u201eHildegard lernt fliegen\u201c) entwickelt mit dem Trio \"Escape Argot\" zusammen mit Pianist Florian Favre und Christoph Grab am Saxophon eine eigene Klangsprache. Favre\u2026","rel":"","context":"In &quot;Bericht&quot;","block_context":{"text":"Bericht","link":"https:\/\/www.jazzzeitung.de\/cms\/thema\/bericht\/"},"img":{"alt_text":"","src":"https:\/\/i0.wp.com\/www.jazzzeitung.de\/cms\/wp-content\/uploads\/2018\/12\/Florian-Favre-H%C3%A4nde-Foto-TJ-Krebs-jazzphotoagency%40web.de_.jpg?fit=1200%2C800&ssl=1&resize=350%2C200","width":350,"height":200,"srcset":"https:\/\/i0.wp.com\/www.jazzzeitung.de\/cms\/wp-content\/uploads\/2018\/12\/Florian-Favre-H%C3%A4nde-Foto-TJ-Krebs-jazzphotoagency%40web.de_.jpg?fit=1200%2C800&ssl=1&resize=350%2C200 1x, https:\/\/i0.wp.com\/www.jazzzeitung.de\/cms\/wp-content\/uploads\/2018\/12\/Florian-Favre-H%C3%A4nde-Foto-TJ-Krebs-jazzphotoagency%40web.de_.jpg?fit=1200%2C800&ssl=1&resize=525%2C300 1.5x, https:\/\/i0.wp.com\/www.jazzzeitung.de\/cms\/wp-content\/uploads\/2018\/12\/Florian-Favre-H%C3%A4nde-Foto-TJ-Krebs-jazzphotoagency%40web.de_.jpg?fit=1200%2C800&ssl=1&resize=700%2C400 2x, https:\/\/i0.wp.com\/www.jazzzeitung.de\/cms\/wp-content\/uploads\/2018\/12\/Florian-Favre-H%C3%A4nde-Foto-TJ-Krebs-jazzphotoagency%40web.de_.jpg?fit=1200%2C800&ssl=1&resize=1050%2C600 3x"},"classes":[]},{"id":18318,"url":"https:\/\/www.jazzzeitung.de\/cms\/2019\/01\/yonathan-avishai-mit-seinem-trio-im-jazzclub-unterfahrt\/","url_meta":{"origin":5561,"position":2},"title":"Yonathan Avishai mit seinem Trio im Jazzclub Unterfahrt","author":"Redaktion JazzZeitung","date":"15. Januar 2019","format":false,"excerpt":"Letzte Woche gastierte das Yonathan Avishai Trio im M\u00fcnchner Jazzclub Unterfahrt. Als Pianist bei Avishai Cohen war er an dessen ECM Alben \u201eInto The Silence\u201c und \u201eCross My Palm With Silver\u201c mit beteiligt, w\u00e4hrend Yonathan Avishai selbst seit \u00fcber 5 Jahren mit seinem eigenen Piano-Trio die Klangwelt der 88 Tasten\u2026","rel":"","context":"In &quot;Bericht&quot;","block_context":{"text":"Bericht","link":"https:\/\/www.jazzzeitung.de\/cms\/thema\/bericht\/"},"img":{"alt_text":"","src":"https:\/\/i0.wp.com\/www.jazzzeitung.de\/cms\/wp-content\/uploads\/2019\/01\/Yonathan-Avishai-Trio-mit-Uli-Habersetzer-Foto-TJ-Krebs-jazzphotoagency%40web.de_.jpg?fit=1200%2C800&ssl=1&resize=350%2C200","width":350,"height":200,"srcset":"https:\/\/i0.wp.com\/www.jazzzeitung.de\/cms\/wp-content\/uploads\/2019\/01\/Yonathan-Avishai-Trio-mit-Uli-Habersetzer-Foto-TJ-Krebs-jazzphotoagency%40web.de_.jpg?fit=1200%2C800&ssl=1&resize=350%2C200 1x, https:\/\/i0.wp.com\/www.jazzzeitung.de\/cms\/wp-content\/uploads\/2019\/01\/Yonathan-Avishai-Trio-mit-Uli-Habersetzer-Foto-TJ-Krebs-jazzphotoagency%40web.de_.jpg?fit=1200%2C800&ssl=1&resize=525%2C300 1.5x, https:\/\/i0.wp.com\/www.jazzzeitung.de\/cms\/wp-content\/uploads\/2019\/01\/Yonathan-Avishai-Trio-mit-Uli-Habersetzer-Foto-TJ-Krebs-jazzphotoagency%40web.de_.jpg?fit=1200%2C800&ssl=1&resize=700%2C400 2x, https:\/\/i0.wp.com\/www.jazzzeitung.de\/cms\/wp-content\/uploads\/2019\/01\/Yonathan-Avishai-Trio-mit-Uli-Habersetzer-Foto-TJ-Krebs-jazzphotoagency%40web.de_.jpg?fit=1200%2C800&ssl=1&resize=1050%2C600 3x"},"classes":[]},{"id":30408,"url":"https:\/\/www.jazzzeitung.de\/cms\/2023\/12\/cd-release-party-der-munich-lab-band-im-jazzclub-unterfahrt\/","url_meta":{"origin":5561,"position":3},"title":"CD-Release Party der Munich Lab Band im Jazzclub Unterfahrt","author":"Redaktion JazzZeitung","date":"27. Dezember 2023","format":false,"excerpt":"Traditionell ist der Montagabend im M\u00fcnchner Jazzclub Unterfahrt den Big Bands vorbehalten. Montag, den 18. Dezember, gab es mit der Munich Lab Band einen besonderen Big Band Abend zu feiern. Anl\u00e4sslich ihres Release der CD \u201eThe Way Things Are\u201c gab es im voll besetzten Club ein Konzert das Ma\u00dfst\u00e4be setzte.\u2026","rel":"","context":"In &quot;Bericht&quot;","block_context":{"text":"Bericht","link":"https:\/\/www.jazzzeitung.de\/cms\/thema\/bericht\/"},"img":{"alt_text":"","src":"https:\/\/i0.wp.com\/www.jazzzeitung.de\/cms\/wp-content\/uploads\/2023\/12\/P2768463-sw-Munich-Lab-Band-Ltg-Felix-Ecke-Foto-TJ-Krebs.jpg?fit=1200%2C800&ssl=1&resize=350%2C200","width":350,"height":200,"srcset":"https:\/\/i0.wp.com\/www.jazzzeitung.de\/cms\/wp-content\/uploads\/2023\/12\/P2768463-sw-Munich-Lab-Band-Ltg-Felix-Ecke-Foto-TJ-Krebs.jpg?fit=1200%2C800&ssl=1&resize=350%2C200 1x, https:\/\/i0.wp.com\/www.jazzzeitung.de\/cms\/wp-content\/uploads\/2023\/12\/P2768463-sw-Munich-Lab-Band-Ltg-Felix-Ecke-Foto-TJ-Krebs.jpg?fit=1200%2C800&ssl=1&resize=525%2C300 1.5x, https:\/\/i0.wp.com\/www.jazzzeitung.de\/cms\/wp-content\/uploads\/2023\/12\/P2768463-sw-Munich-Lab-Band-Ltg-Felix-Ecke-Foto-TJ-Krebs.jpg?fit=1200%2C800&ssl=1&resize=700%2C400 2x, https:\/\/i0.wp.com\/www.jazzzeitung.de\/cms\/wp-content\/uploads\/2023\/12\/P2768463-sw-Munich-Lab-Band-Ltg-Felix-Ecke-Foto-TJ-Krebs.jpg?fit=1200%2C800&ssl=1&resize=1050%2C600 3x"},"classes":[]},{"id":15795,"url":"https:\/\/www.jazzzeitung.de\/cms\/2018\/05\/vincent-peirani-in-hamburg-birth-of-a-trio\/","url_meta":{"origin":5561,"position":4},"title":"Vincent Peirani in Hamburg &#8211; Birth of a Trio","author":"Redaktion JazzZeitung","date":"2. Mai 2018","format":false,"excerpt":"Anfang April fand im Rolf-Liebemann-Studio des NDR im Rahmen der Jazzkonzerte die Geburtsstunde eines besonderen Trios statt. Fern eines \u201eklassischen\u201c Trios mit Schlagzeug und Bass stellte sich Vincent Peirani mit dem italienischen Gitarristen Federico Casagrande und Ziv Ravitz an den Drums ein ganz besonderes Trio zusammen. Ein \u201eHerzenswunsch\u201c, den sich\u2026","rel":"","context":"In &quot;Galerie&quot;","block_context":{"text":"Galerie","link":"https:\/\/www.jazzzeitung.de\/cms\/thema\/galerie\/"},"img":{"alt_text":"","src":"https:\/\/i0.wp.com\/www.jazzzeitung.de\/cms\/wp-content\/uploads\/2018\/04\/Das-Vincent-Peirani-Trio-Foto-TJ-Krebs-jazzphotoagency%40web.de_.jpg?fit=1200%2C800&ssl=1&resize=350%2C200","width":350,"height":200,"srcset":"https:\/\/i0.wp.com\/www.jazzzeitung.de\/cms\/wp-content\/uploads\/2018\/04\/Das-Vincent-Peirani-Trio-Foto-TJ-Krebs-jazzphotoagency%40web.de_.jpg?fit=1200%2C800&ssl=1&resize=350%2C200 1x, https:\/\/i0.wp.com\/www.jazzzeitung.de\/cms\/wp-content\/uploads\/2018\/04\/Das-Vincent-Peirani-Trio-Foto-TJ-Krebs-jazzphotoagency%40web.de_.jpg?fit=1200%2C800&ssl=1&resize=525%2C300 1.5x, https:\/\/i0.wp.com\/www.jazzzeitung.de\/cms\/wp-content\/uploads\/2018\/04\/Das-Vincent-Peirani-Trio-Foto-TJ-Krebs-jazzphotoagency%40web.de_.jpg?fit=1200%2C800&ssl=1&resize=700%2C400 2x, https:\/\/i0.wp.com\/www.jazzzeitung.de\/cms\/wp-content\/uploads\/2018\/04\/Das-Vincent-Peirani-Trio-Foto-TJ-Krebs-jazzphotoagency%40web.de_.jpg?fit=1200%2C800&ssl=1&resize=1050%2C600 3x"},"classes":[]},{"id":12481,"url":"https:\/\/www.jazzzeitung.de\/cms\/2017\/05\/jazz-gipfeltreffen-beim-mozartfest-augsburg-mit-michael-wollny-vincent-peirani\/","url_meta":{"origin":5561,"position":5},"title":"Jazz-Gipfeltreffen beim Mozartfest Augsburg mit  Michael Wollny &#038; Vincent Peirani","author":"Redaktion JazzZeitung","date":"24. Mai 2017","format":"gallery","excerpt":"Im Rahmen des diesj\u00e4hrigen Augsburger Mozartfestes fand im H2 - Zentrum f\u00fcr Gegenwartskunst ein Jazz-Gipfeltreffen mit dem \u201eTandem\u201c Duo Michael Wollny und Vincent Peirani statt. Zu sp\u00e4ter Stunde, gegen 22:30h, betraten die Musiker die B\u00fchne des Museumssaals und zogen das Publikum mit ihrem Spiel von Anfang an in ihren Bann.\u2026","rel":"","context":"In &quot;Bericht&quot;","block_context":{"text":"Bericht","link":"https:\/\/www.jazzzeitung.de\/cms\/thema\/bericht\/"},"img":{"alt_text":"","src":"https:\/\/i0.wp.com\/www.jazzzeitung.de\/cms\/wp-content\/uploads\/2017\/05\/P1380427-Wollny-Foto-TJ-Krebs-jazzphotoagency%40web.de_.jpg?resize=350%2C200","width":350,"height":200,"srcset":"https:\/\/i0.wp.com\/www.jazzzeitung.de\/cms\/wp-content\/uploads\/2017\/05\/P1380427-Wollny-Foto-TJ-Krebs-jazzphotoagency%40web.de_.jpg?resize=350%2C200 1x, https:\/\/i0.wp.com\/www.jazzzeitung.de\/cms\/wp-content\/uploads\/2017\/05\/P1380427-Wollny-Foto-TJ-Krebs-jazzphotoagency%40web.de_.jpg?resize=525%2C300 1.5x, https:\/\/i0.wp.com\/www.jazzzeitung.de\/cms\/wp-content\/uploads\/2017\/05\/P1380427-Wollny-Foto-TJ-Krebs-jazzphotoagency%40web.de_.jpg?resize=700%2C400 2x, https:\/\/i0.wp.com\/www.jazzzeitung.de\/cms\/wp-content\/uploads\/2017\/05\/P1380427-Wollny-Foto-TJ-Krebs-jazzphotoagency%40web.de_.jpg?resize=1050%2C600 3x"},"classes":[]}],"jetpack_sharing_enabled":true,"_links":{"self":[{"href":"https:\/\/www.jazzzeitung.de\/cms\/wp-json\/wp\/v2\/posts\/5561","targetHints":{"allow":["GET"]}}],"collection":[{"href":"https:\/\/www.jazzzeitung.de\/cms\/wp-json\/wp\/v2\/posts"}],"about":[{"href":"https:\/\/www.jazzzeitung.de\/cms\/wp-json\/wp\/v2\/types\/post"}],"author":[{"embeddable":true,"href":"https:\/\/www.jazzzeitung.de\/cms\/wp-json\/wp\/v2\/users\/18"}],"replies":[{"embeddable":true,"href":"https:\/\/www.jazzzeitung.de\/cms\/wp-json\/wp\/v2\/comments?post=5561"}],"version-history":[{"count":4,"href":"https:\/\/www.jazzzeitung.de\/cms\/wp-json\/wp\/v2\/posts\/5561\/revisions"}],"predecessor-version":[{"id":5589,"href":"https:\/\/www.jazzzeitung.de\/cms\/wp-json\/wp\/v2\/posts\/5561\/revisions\/5589"}],"wp:featuredmedia":[{"embeddable":true,"href":"https:\/\/www.jazzzeitung.de\/cms\/wp-json\/wp\/v2\/media\/5564"}],"wp:attachment":[{"href":"https:\/\/www.jazzzeitung.de\/cms\/wp-json\/wp\/v2\/media?parent=5561"}],"wp:term":[{"taxonomy":"category","embeddable":true,"href":"https:\/\/www.jazzzeitung.de\/cms\/wp-json\/wp\/v2\/categories?post=5561"},{"taxonomy":"post_tag","embeddable":true,"href":"https:\/\/www.jazzzeitung.de\/cms\/wp-json\/wp\/v2\/tags?post=5561"},{"taxonomy":"author","embeddable":true,"href":"https:\/\/www.jazzzeitung.de\/cms\/wp-json\/wp\/v2\/coauthors?post=5561"}],"curies":[{"name":"wp","href":"https:\/\/api.w.org\/{rel}","templated":true}]}}