{"id":5546,"date":"2015-02-20T10:18:18","date_gmt":"2015-02-20T09:18:18","guid":{"rendered":"http:\/\/www.jazzzeitung.de\/cms\/?p=5546"},"modified":"2015-02-20T10:18:18","modified_gmt":"2015-02-20T09:18:18","slug":"cd-rezension-sternal-symphonic-society-vol-2","status":"publish","type":"post","link":"https:\/\/www.jazzzeitung.de\/cms\/2015\/02\/cd-rezension-sternal-symphonic-society-vol-2\/","title":{"rendered":"CD-Rezension: Sternal Symphonic Society Vol 2"},"content":{"rendered":"<p><a href=\"https:\/\/i0.wp.com\/www.jazzzeitung.de\/cms\/wp-content\/uploads\/2015\/02\/cover_sternal.jpg\"><img data-recalc-dims=\"1\" loading=\"lazy\" decoding=\"async\" data-attachment-id=\"5547\" data-permalink=\"https:\/\/www.jazzzeitung.de\/cms\/2015\/02\/cd-rezension-sternal-symphonic-society-vol-2\/trt_4616_-sternal_2-indd\/\" data-orig-file=\"https:\/\/i0.wp.com\/www.jazzzeitung.de\/cms\/wp-content\/uploads\/2015\/02\/cover_sternal.jpg?fit=2400%2C2400&amp;ssl=1\" data-orig-size=\"2400,2400\" data-comments-opened=\"1\" data-image-meta=\"{&quot;aperture&quot;:&quot;0&quot;,&quot;credit&quot;:&quot;&quot;,&quot;camera&quot;:&quot;&quot;,&quot;caption&quot;:&quot;&quot;,&quot;created_timestamp&quot;:&quot;0&quot;,&quot;copyright&quot;:&quot;&quot;,&quot;focal_length&quot;:&quot;0&quot;,&quot;iso&quot;:&quot;0&quot;,&quot;shutter_speed&quot;:&quot;0&quot;,&quot;title&quot;:&quot;TRT_4616_ STERNAL_2.indd&quot;,&quot;orientation&quot;:&quot;1&quot;}\" data-image-title=\"TRT_4616_ STERNAL_2.indd\" data-image-description=\"\" data-image-caption=\"\" data-large-file=\"https:\/\/i0.wp.com\/www.jazzzeitung.de\/cms\/wp-content\/uploads\/2015\/02\/cover_sternal.jpg?fit=600%2C600&amp;ssl=1\" class=\"alignright size-thumbnail wp-image-5547\" src=\"https:\/\/i0.wp.com\/www.jazzzeitung.de\/cms\/wp-content\/uploads\/2015\/02\/cover_sternal-150x150.jpg?resize=150%2C150\" alt=\"TRT_4616_ STERNAL_2.indd\" width=\"150\" height=\"150\" srcset=\"https:\/\/i0.wp.com\/www.jazzzeitung.de\/cms\/wp-content\/uploads\/2015\/02\/cover_sternal.jpg?resize=150%2C150&amp;ssl=1 150w, https:\/\/i0.wp.com\/www.jazzzeitung.de\/cms\/wp-content\/uploads\/2015\/02\/cover_sternal.jpg?resize=300%2C300&amp;ssl=1 300w, https:\/\/i0.wp.com\/www.jazzzeitung.de\/cms\/wp-content\/uploads\/2015\/02\/cover_sternal.jpg?resize=600%2C600&amp;ssl=1 600w, https:\/\/i0.wp.com\/www.jazzzeitung.de\/cms\/wp-content\/uploads\/2015\/02\/cover_sternal.jpg?resize=144%2C144&amp;ssl=1 144w, https:\/\/i0.wp.com\/www.jazzzeitung.de\/cms\/wp-content\/uploads\/2015\/02\/cover_sternal.jpg?resize=96%2C96&amp;ssl=1 96w, https:\/\/i0.wp.com\/www.jazzzeitung.de\/cms\/wp-content\/uploads\/2015\/02\/cover_sternal.jpg?resize=24%2C24&amp;ssl=1 24w, https:\/\/i0.wp.com\/www.jazzzeitung.de\/cms\/wp-content\/uploads\/2015\/02\/cover_sternal.jpg?resize=36%2C36&amp;ssl=1 36w, https:\/\/i0.wp.com\/www.jazzzeitung.de\/cms\/wp-content\/uploads\/2015\/02\/cover_sternal.jpg?resize=48%2C48&amp;ssl=1 48w, https:\/\/i0.wp.com\/www.jazzzeitung.de\/cms\/wp-content\/uploads\/2015\/02\/cover_sternal.jpg?resize=64%2C64&amp;ssl=1 64w, https:\/\/i0.wp.com\/www.jazzzeitung.de\/cms\/wp-content\/uploads\/2015\/02\/cover_sternal.jpg?resize=32%2C32&amp;ssl=1 32w, https:\/\/i0.wp.com\/www.jazzzeitung.de\/cms\/wp-content\/uploads\/2015\/02\/cover_sternal.jpg?resize=128%2C128&amp;ssl=1 128w, https:\/\/i0.wp.com\/www.jazzzeitung.de\/cms\/wp-content\/uploads\/2015\/02\/cover_sternal.jpg?resize=900%2C900&amp;ssl=1 900w, https:\/\/i0.wp.com\/www.jazzzeitung.de\/cms\/wp-content\/uploads\/2015\/02\/cover_sternal.jpg?w=1680&amp;ssl=1 1680w\" sizes=\"auto, (max-width: 150px) 100vw, 150px\" \/><\/a>Von Thomas J. Krebs &#8211; Viele kleine R\u00e4der, Riemen und Gelenke sind auf dem CD-Cover der neuen Sternal Symphonic Society abgebildet und diese greifen musikalisch passgenau ineinander. Aber der Reihe nach: Vor gut 2 Jahren erschien die erste, vielbeachtete CD der Sternal Symphonic Society. Das Ensemble, im Jahr 2011 in K\u00f6ln gegr\u00fcndet, legt nun mit \u201eVol. 2\u201c seine neue Aufnahme vor. In der Zwischenzeit ist die Society vor allem durch Live Auftritte weiter gereift und zu einem noch homogeneren Klangk\u00f6rper verschmolzen. Was gleich beim ersten H\u00f6ren der aktuellen CD auff\u00e4llt ist, dass die Kompositionen und Arrangements expliziter auf die Musiker und Pers\u00f6nlichkeiten zugeschnitten sind. Mit von der Partie sind neben dem \u201eDirigenten\u201c Sebastian Sternal, der bei vier St\u00fccken selbst den Klavierpart \u00fcbernimmt, wieder alte Bekannte (ein \u201ewho is who\u201c der jungen deutschen Jazzszene) angefangen von Frederik K\u00f6ster an der Trompete, dem Posaunisten Klaus Heidenreich, Christoph M\u00f6ckel und Niels Klein an den Saxophonen\/Klarinette, dazu das Pablo Held Trio (!) mit Jonas Burgwinkel und Robert Landfermann, sowie einem exzellent besetztem Streichquartett mit Erik Schumann, Zuzana Schmitz-Kulanova, Magdalena H\u00e4rtl und Thomas Schmitz.<\/p>\n<p><a href=\"https:\/\/i0.wp.com\/www.jazzzeitung.de\/cms\/wp-content\/uploads\/2015\/02\/cover_sternal.jpg\"><img data-recalc-dims=\"1\" loading=\"lazy\" decoding=\"async\" data-attachment-id=\"5547\" data-permalink=\"https:\/\/www.jazzzeitung.de\/cms\/2015\/02\/cd-rezension-sternal-symphonic-society-vol-2\/trt_4616_-sternal_2-indd\/\" data-orig-file=\"https:\/\/i0.wp.com\/www.jazzzeitung.de\/cms\/wp-content\/uploads\/2015\/02\/cover_sternal.jpg?fit=2400%2C2400&amp;ssl=1\" data-orig-size=\"2400,2400\" data-comments-opened=\"1\" data-image-meta=\"{&quot;aperture&quot;:&quot;0&quot;,&quot;credit&quot;:&quot;&quot;,&quot;camera&quot;:&quot;&quot;,&quot;caption&quot;:&quot;&quot;,&quot;created_timestamp&quot;:&quot;0&quot;,&quot;copyright&quot;:&quot;&quot;,&quot;focal_length&quot;:&quot;0&quot;,&quot;iso&quot;:&quot;0&quot;,&quot;shutter_speed&quot;:&quot;0&quot;,&quot;title&quot;:&quot;TRT_4616_ STERNAL_2.indd&quot;,&quot;orientation&quot;:&quot;1&quot;}\" data-image-title=\"TRT_4616_ STERNAL_2.indd\" data-image-description=\"\" data-image-caption=\"\" data-large-file=\"https:\/\/i0.wp.com\/www.jazzzeitung.de\/cms\/wp-content\/uploads\/2015\/02\/cover_sternal.jpg?fit=600%2C600&amp;ssl=1\" class=\"aligncenter size-large wp-image-5547\" src=\"https:\/\/i0.wp.com\/www.jazzzeitung.de\/cms\/wp-content\/uploads\/2015\/02\/cover_sternal-600x600.jpg?resize=600%2C600\" alt=\"TRT_4616_ STERNAL_2.indd\" width=\"600\" height=\"600\" srcset=\"https:\/\/i0.wp.com\/www.jazzzeitung.de\/cms\/wp-content\/uploads\/2015\/02\/cover_sternal.jpg?resize=600%2C600&amp;ssl=1 600w, https:\/\/i0.wp.com\/www.jazzzeitung.de\/cms\/wp-content\/uploads\/2015\/02\/cover_sternal.jpg?resize=150%2C150&amp;ssl=1 150w, https:\/\/i0.wp.com\/www.jazzzeitung.de\/cms\/wp-content\/uploads\/2015\/02\/cover_sternal.jpg?resize=300%2C300&amp;ssl=1 300w, https:\/\/i0.wp.com\/www.jazzzeitung.de\/cms\/wp-content\/uploads\/2015\/02\/cover_sternal.jpg?resize=144%2C144&amp;ssl=1 144w, https:\/\/i0.wp.com\/www.jazzzeitung.de\/cms\/wp-content\/uploads\/2015\/02\/cover_sternal.jpg?resize=96%2C96&amp;ssl=1 96w, https:\/\/i0.wp.com\/www.jazzzeitung.de\/cms\/wp-content\/uploads\/2015\/02\/cover_sternal.jpg?resize=24%2C24&amp;ssl=1 24w, https:\/\/i0.wp.com\/www.jazzzeitung.de\/cms\/wp-content\/uploads\/2015\/02\/cover_sternal.jpg?resize=36%2C36&amp;ssl=1 36w, https:\/\/i0.wp.com\/www.jazzzeitung.de\/cms\/wp-content\/uploads\/2015\/02\/cover_sternal.jpg?resize=48%2C48&amp;ssl=1 48w, https:\/\/i0.wp.com\/www.jazzzeitung.de\/cms\/wp-content\/uploads\/2015\/02\/cover_sternal.jpg?resize=64%2C64&amp;ssl=1 64w, https:\/\/i0.wp.com\/www.jazzzeitung.de\/cms\/wp-content\/uploads\/2015\/02\/cover_sternal.jpg?resize=32%2C32&amp;ssl=1 32w, https:\/\/i0.wp.com\/www.jazzzeitung.de\/cms\/wp-content\/uploads\/2015\/02\/cover_sternal.jpg?resize=128%2C128&amp;ssl=1 128w, https:\/\/i0.wp.com\/www.jazzzeitung.de\/cms\/wp-content\/uploads\/2015\/02\/cover_sternal.jpg?resize=900%2C900&amp;ssl=1 900w, https:\/\/i0.wp.com\/www.jazzzeitung.de\/cms\/wp-content\/uploads\/2015\/02\/cover_sternal.jpg?w=1680&amp;ssl=1 1680w\" sizes=\"auto, (max-width: 600px) 100vw, 600px\" \/><\/a><\/p>\n<p>Mit vortrefflichem Gesp\u00fcr f\u00fcr den nicht allt\u00e4glichen Klangk\u00f6rper \u201eJazzensemble mit Streichquartett\u201c legt Sebastian Sternal filigrane Arrangements vor, die bewusst allen Beteiligten den Freiraum lassen, den sie f\u00fcr ihre Improvisationen ben\u00f6tigen. Die musikalischen Grenzen sind flie\u00dfend und nicht starr oder gar dogmatisch gefasst. Hoch interessant und gleichzeitig gelungen ist bei der Symphonic Society die Rolle des Streichquartetts, das nicht als Klangteppich fungiert, sondern mit eigenen Stimmen Kontrapunkte setzt. Ein Orchester wie dieses so leicht und flie\u00dfend erklingen zu lassen zeigt sowohl die musikalischen als auch p\u00e4dagogischen St\u00e4rken Sternals. Die Musik selbst swingt, perlt, rasselt und groovt, ist immer im Fluss, nie trivial und begeistert vom ersten bis zum letzten Ton. Mit gro\u00dfem Fingerspitzengef\u00fchl, Leichtigkeit und Lust auf Neues wird so eine Jazz-Tradition fortgef\u00fchrt, die vor langer Zeit Bandleader wie Carla Bley mit ihren ebenfalls ungew\u00f6hnlich zusammengesetzten Ensembles einmal begr\u00fcndet haben, und die nun durch eine neue, wieder grenz\u00fcberschreitende Generation vertreten durch Musiker wie Darcy James Argue oder eben Sebastian Sternal fortgef\u00fchrt und weiter entwickelt wird. Erneut eine unglaublich spannende und gelungene Aufnahme.<\/p>\n<p><strong>Sebastian Sternal \u2013 Sternal Symphonic Society Vol 2<\/strong><\/p>\n<p><strong>Traumton 4616 \/ Indigo cd 101022<\/strong><\/p>\n<p><strong>\u00a0<\/strong><\/p>\n<p>Anbei der aktuelle Tourplan der Symphonic Society&#8230;sollte man live auf keinen Fall verpassen:<\/p>\n<p>25.02.2015\u00a0\u00a0\u00a0 DE-Aachen, Klangbr\u00fccke<br \/>\n26.02.2015\u00a0\u00a0\u00a0 DE-Osnabr\u00fcck, Blue Note<br \/>\n27.02.2015\u00a0\u00a0\u00a0 DE-D\u00fcsseldorf, Robert-Schumann-Saal<br \/>\n28.02.2015\u00a0\u00a0\u00a0 DE-M\u00fcnchen, Unterfahrt<br \/>\n01.03.2015\u00a0\u00a0\u00a0 DE-K\u00f6ln, Stadtgarten<\/p>\n","protected":false},"excerpt":{"rendered":"<p>Von Thomas J. Krebs &#8211; Viele kleine R\u00e4der, Riemen und Gelenke sind auf dem CD-Cover der neuen Sternal Symphonic Society abgebildet und diese greifen musikalisch passgenau ineinander. Aber der Reihe nach: Vor gut 2 Jahren erschien die erste, vielbeachtete CD der Sternal Symphonic Society. Das Ensemble, im Jahr 2011 in K\u00f6ln gegr\u00fcndet, legt nun mit \u201eVol. 2\u201c seine neue Aufnahme vor. In der Zwischenzeit ist die Society vor allem durch Live Auftritte weiter gereift und zu einem noch homogeneren Klangk\u00f6rper verschmolzen. Was gleich beim ersten H\u00f6ren der aktuellen CD auff\u00e4llt ist, dass die Kompositionen und Arrangements expliziter auf die Musiker und Pers\u00f6nlichkeiten zugeschnitten sind. Mit von der Partie sind neben dem \u201eDirigenten\u201c Sebastian Sternal, der bei vier St\u00fccken selbst den Klavierpart \u00fcbernimmt, wieder alte Bekannte (ein \u201ewho is who\u201c der jungen deutschen Jazzszene) angefangen von Frederik K\u00f6ster an der Trompete, dem Posaunisten Klaus Heidenreich, Christoph M\u00f6ckel und Niels Klein an den Saxophonen\/Klarinette, dazu das Pablo Held Trio (!) mit Jonas Burgwinkel und Robert Landfermann, sowie einem exzellent besetztem Streichquartett mit Erik Schumann, Zuzana Schmitz-Kulanova, Magdalena H\u00e4rtl und Thomas Schmitz. Mit vortrefflichem Gesp\u00fcr f\u00fcr den nicht &hellip;<\/p>\n","protected":false},"author":18,"featured_media":0,"comment_status":"open","ping_status":"closed","sticky":false,"template":"","format":"standard","meta":{"_jetpack_memberships_contains_paid_content":false,"footnotes":"","jetpack_publicize_message":"","jetpack_publicize_feature_enabled":true,"jetpack_social_post_already_shared":false,"jetpack_social_options":{"image_generator_settings":{"template":"highway","default_image_id":0,"font":"","enabled":false},"version":2}},"categories":[1152],"tags":[25,1104,109,189,852,401,1160,961,731,573],"coauthors":[695],"class_list":["post-5546","post","type-post","status-publish","format-standard","hentry","category-rezension","tag-aachen","tag-blue-note","tag-cd","tag-frederik-koester","tag-koeln","tag-muenchen","tag-sebastian-sternal-sternal-symphonic-society-vol-2","tag-traumton","tag-traumton-records","tag-unterfahrt"],"yoast_head":"<!-- This site is optimized with the Yoast SEO plugin v27.5 - https:\/\/yoast.com\/product\/yoast-seo-wordpress\/ -->\n<title>CD-Rezension: Sternal Symphonic Society Vol 2 - JazzZeitung<\/title>\n<meta name=\"robots\" content=\"index, follow, max-snippet:-1, max-image-preview:large, max-video-preview:-1\" \/>\n<link rel=\"canonical\" href=\"https:\/\/www.jazzzeitung.de\/cms\/2015\/02\/cd-rezension-sternal-symphonic-society-vol-2\/\" \/>\n<meta property=\"og:locale\" content=\"de_DE\" \/>\n<meta property=\"og:type\" content=\"article\" \/>\n<meta property=\"og:title\" content=\"CD-Rezension: Sternal Symphonic Society Vol 2 - JazzZeitung\" \/>\n<meta property=\"og:description\" content=\"Von Thomas J. Krebs &#8211; Viele kleine R\u00e4der, Riemen und Gelenke sind auf dem CD-Cover der neuen Sternal Symphonic Society abgebildet und diese greifen musikalisch passgenau ineinander. Aber der Reihe nach: Vor gut 2 Jahren erschien die erste, vielbeachtete CD der Sternal Symphonic Society. Das Ensemble, im Jahr 2011 in K\u00f6ln gegr\u00fcndet, legt nun mit \u201eVol. 2\u201c seine neue Aufnahme vor. In der Zwischenzeit ist die Society vor allem durch Live Auftritte weiter gereift und zu einem noch homogeneren Klangk\u00f6rper verschmolzen. Was gleich beim ersten H\u00f6ren der aktuellen CD auff\u00e4llt ist, dass die Kompositionen und Arrangements expliziter auf die Musiker und Pers\u00f6nlichkeiten zugeschnitten sind. Mit von der Partie sind neben dem \u201eDirigenten\u201c Sebastian Sternal, der bei vier St\u00fccken selbst den Klavierpart \u00fcbernimmt, wieder alte Bekannte (ein \u201ewho is who\u201c der jungen deutschen Jazzszene) angefangen von Frederik K\u00f6ster an der Trompete, dem Posaunisten Klaus Heidenreich, Christoph M\u00f6ckel und Niels Klein an den Saxophonen\/Klarinette, dazu das Pablo Held Trio (!) mit Jonas Burgwinkel und Robert Landfermann, sowie einem exzellent besetztem Streichquartett mit Erik Schumann, Zuzana Schmitz-Kulanova, Magdalena H\u00e4rtl und Thomas Schmitz. Mit vortrefflichem Gesp\u00fcr f\u00fcr den nicht &hellip;\" \/>\n<meta property=\"og:url\" content=\"https:\/\/www.jazzzeitung.de\/cms\/2015\/02\/cd-rezension-sternal-symphonic-society-vol-2\/\" \/>\n<meta property=\"og:site_name\" content=\"JazzZeitung\" \/>\n<meta property=\"article:publisher\" content=\"https:\/\/www.facebook.com\/JazzZeitung\/\" \/>\n<meta property=\"article:published_time\" content=\"2015-02-20T09:18:18+00:00\" \/>\n<meta property=\"og:image\" content=\"http:\/\/www.jazzzeitung.de\/cms\/wp-content\/uploads\/2015\/02\/cover_sternal-150x150.jpg\" \/>\n<meta name=\"author\" content=\"Redaktion JazzZeitung\" \/>\n<script type=\"application\/ld+json\" class=\"yoast-schema-graph\">{\"@context\":\"https:\\\/\\\/schema.org\",\"@graph\":[{\"@type\":\"Article\",\"@id\":\"https:\\\/\\\/www.jazzzeitung.de\\\/cms\\\/2015\\\/02\\\/cd-rezension-sternal-symphonic-society-vol-2\\\/#article\",\"isPartOf\":{\"@id\":\"https:\\\/\\\/www.jazzzeitung.de\\\/cms\\\/2015\\\/02\\\/cd-rezension-sternal-symphonic-society-vol-2\\\/\"},\"author\":{\"name\":\"Redaktion JazzZeitung\",\"@id\":\"https:\\\/\\\/www.jazzzeitung.de\\\/cms\\\/#\\\/schema\\\/person\\\/2245b36b9cd1d24cea10f01c031fb92b\"},\"headline\":\"CD-Rezension: Sternal Symphonic Society Vol 2\",\"datePublished\":\"2015-02-20T09:18:18+00:00\",\"mainEntityOfPage\":{\"@id\":\"https:\\\/\\\/www.jazzzeitung.de\\\/cms\\\/2015\\\/02\\\/cd-rezension-sternal-symphonic-society-vol-2\\\/\"},\"wordCount\":419,\"commentCount\":0,\"publisher\":{\"@id\":\"https:\\\/\\\/www.jazzzeitung.de\\\/cms\\\/#organization\"},\"image\":{\"@id\":\"https:\\\/\\\/www.jazzzeitung.de\\\/cms\\\/2015\\\/02\\\/cd-rezension-sternal-symphonic-society-vol-2\\\/#primaryimage\"},\"thumbnailUrl\":\"http:\\\/\\\/www.jazzzeitung.de\\\/cms\\\/wp-content\\\/uploads\\\/2015\\\/02\\\/cover_sternal-150x150.jpg\",\"keywords\":[\"Aachen\",\"Blue Note\",\"CD\",\"Frederik K\u00f6ster\",\"K\u00f6ln\",\"M\u00fcnchen\",\"Sebastian Sternal \u2013 Sternal Symphonic Society Vol 2\",\"Traumton\",\"Traumton Records\",\"Unterfahrt\"],\"articleSection\":[\"Rezension\"],\"inLanguage\":\"de\",\"potentialAction\":[{\"@type\":\"CommentAction\",\"name\":\"Comment\",\"target\":[\"https:\\\/\\\/www.jazzzeitung.de\\\/cms\\\/2015\\\/02\\\/cd-rezension-sternal-symphonic-society-vol-2\\\/#respond\"]}]},{\"@type\":\"WebPage\",\"@id\":\"https:\\\/\\\/www.jazzzeitung.de\\\/cms\\\/2015\\\/02\\\/cd-rezension-sternal-symphonic-society-vol-2\\\/\",\"url\":\"https:\\\/\\\/www.jazzzeitung.de\\\/cms\\\/2015\\\/02\\\/cd-rezension-sternal-symphonic-society-vol-2\\\/\",\"name\":\"CD-Rezension: Sternal Symphonic Society Vol 2 - JazzZeitung\",\"isPartOf\":{\"@id\":\"https:\\\/\\\/www.jazzzeitung.de\\\/cms\\\/#website\"},\"primaryImageOfPage\":{\"@id\":\"https:\\\/\\\/www.jazzzeitung.de\\\/cms\\\/2015\\\/02\\\/cd-rezension-sternal-symphonic-society-vol-2\\\/#primaryimage\"},\"image\":{\"@id\":\"https:\\\/\\\/www.jazzzeitung.de\\\/cms\\\/2015\\\/02\\\/cd-rezension-sternal-symphonic-society-vol-2\\\/#primaryimage\"},\"thumbnailUrl\":\"http:\\\/\\\/www.jazzzeitung.de\\\/cms\\\/wp-content\\\/uploads\\\/2015\\\/02\\\/cover_sternal-150x150.jpg\",\"datePublished\":\"2015-02-20T09:18:18+00:00\",\"breadcrumb\":{\"@id\":\"https:\\\/\\\/www.jazzzeitung.de\\\/cms\\\/2015\\\/02\\\/cd-rezension-sternal-symphonic-society-vol-2\\\/#breadcrumb\"},\"inLanguage\":\"de\",\"potentialAction\":[{\"@type\":\"ReadAction\",\"target\":[\"https:\\\/\\\/www.jazzzeitung.de\\\/cms\\\/2015\\\/02\\\/cd-rezension-sternal-symphonic-society-vol-2\\\/\"]}]},{\"@type\":\"ImageObject\",\"inLanguage\":\"de\",\"@id\":\"https:\\\/\\\/www.jazzzeitung.de\\\/cms\\\/2015\\\/02\\\/cd-rezension-sternal-symphonic-society-vol-2\\\/#primaryimage\",\"url\":\"http:\\\/\\\/www.jazzzeitung.de\\\/cms\\\/wp-content\\\/uploads\\\/2015\\\/02\\\/cover_sternal-150x150.jpg\",\"contentUrl\":\"http:\\\/\\\/www.jazzzeitung.de\\\/cms\\\/wp-content\\\/uploads\\\/2015\\\/02\\\/cover_sternal-150x150.jpg\"},{\"@type\":\"BreadcrumbList\",\"@id\":\"https:\\\/\\\/www.jazzzeitung.de\\\/cms\\\/2015\\\/02\\\/cd-rezension-sternal-symphonic-society-vol-2\\\/#breadcrumb\",\"itemListElement\":[{\"@type\":\"ListItem\",\"position\":1,\"name\":\"Startseite\",\"item\":\"https:\\\/\\\/www.jazzzeitung.de\\\/cms\\\/\"},{\"@type\":\"ListItem\",\"position\":2,\"name\":\"CD-Rezension: Sternal Symphonic Society Vol 2\"}]},{\"@type\":\"WebSite\",\"@id\":\"https:\\\/\\\/www.jazzzeitung.de\\\/cms\\\/#website\",\"url\":\"https:\\\/\\\/www.jazzzeitung.de\\\/cms\\\/\",\"name\":\"JazzZeitung\",\"description\":\"Jazz-News und Jazz-Kontroverses\",\"publisher\":{\"@id\":\"https:\\\/\\\/www.jazzzeitung.de\\\/cms\\\/#organization\"},\"potentialAction\":[{\"@type\":\"SearchAction\",\"target\":{\"@type\":\"EntryPoint\",\"urlTemplate\":\"https:\\\/\\\/www.jazzzeitung.de\\\/cms\\\/?s={search_term_string}\"},\"query-input\":{\"@type\":\"PropertyValueSpecification\",\"valueRequired\":true,\"valueName\":\"search_term_string\"}}],\"inLanguage\":\"de\"},{\"@type\":\"Organization\",\"@id\":\"https:\\\/\\\/www.jazzzeitung.de\\\/cms\\\/#organization\",\"name\":\"JazzZeitung online\",\"url\":\"https:\\\/\\\/www.jazzzeitung.de\\\/cms\\\/\",\"logo\":{\"@type\":\"ImageObject\",\"inLanguage\":\"de\",\"@id\":\"https:\\\/\\\/www.jazzzeitung.de\\\/cms\\\/#\\\/schema\\\/logo\\\/image\\\/\",\"url\":\"https:\\\/\\\/i0.wp.com\\\/www.jazzzeitung.de\\\/cms\\\/wp-content\\\/uploads\\\/2015\\\/08\\\/JAZZZEITUNGDE_Logo_Neu.png?fit=499%2C200&ssl=1\",\"contentUrl\":\"https:\\\/\\\/i0.wp.com\\\/www.jazzzeitung.de\\\/cms\\\/wp-content\\\/uploads\\\/2015\\\/08\\\/JAZZZEITUNGDE_Logo_Neu.png?fit=499%2C200&ssl=1\",\"width\":499,\"height\":200,\"caption\":\"JazzZeitung online\"},\"image\":{\"@id\":\"https:\\\/\\\/www.jazzzeitung.de\\\/cms\\\/#\\\/schema\\\/logo\\\/image\\\/\"},\"sameAs\":[\"https:\\\/\\\/www.facebook.com\\\/JazzZeitung\\\/\"]},{\"@type\":\"Person\",\"@id\":\"https:\\\/\\\/www.jazzzeitung.de\\\/cms\\\/#\\\/schema\\\/person\\\/2245b36b9cd1d24cea10f01c031fb92b\",\"name\":\"Redaktion JazzZeitung\",\"image\":{\"@type\":\"ImageObject\",\"inLanguage\":\"de\",\"@id\":\"https:\\\/\\\/i0.wp.com\\\/www.jazzzeitung.de\\\/cms\\\/wp-content\\\/uploads\\\/2015\\\/08\\\/JAZZZEITUNGDE_Logo_Neu.png?resize=96%2C96&ssl=159975dcacb611b5700bd619b5daf0a7a\",\"url\":\"https:\\\/\\\/i0.wp.com\\\/www.jazzzeitung.de\\\/cms\\\/wp-content\\\/uploads\\\/2015\\\/08\\\/JAZZZEITUNGDE_Logo_Neu.png?resize=96%2C96&ssl=1\",\"contentUrl\":\"https:\\\/\\\/i0.wp.com\\\/www.jazzzeitung.de\\\/cms\\\/wp-content\\\/uploads\\\/2015\\\/08\\\/JAZZZEITUNGDE_Logo_Neu.png?resize=96%2C96&ssl=1\",\"caption\":\"Redaktion JazzZeitung\"},\"description\":\"Artikel der Redaktion der JazzZeitung.\",\"sameAs\":[\"http:\\\/\\\/www.jazzzeitung.de\\\/cms\\\/\"],\"url\":\"https:\\\/\\\/www.jazzzeitung.de\\\/cms\\\/author\\\/redaktion\\\/\"}]}<\/script>\n<!-- \/ Yoast SEO plugin. -->","yoast_head_json":{"title":"CD-Rezension: Sternal Symphonic Society Vol 2 - JazzZeitung","robots":{"index":"index","follow":"follow","max-snippet":"max-snippet:-1","max-image-preview":"max-image-preview:large","max-video-preview":"max-video-preview:-1"},"canonical":"https:\/\/www.jazzzeitung.de\/cms\/2015\/02\/cd-rezension-sternal-symphonic-society-vol-2\/","og_locale":"de_DE","og_type":"article","og_title":"CD-Rezension: Sternal Symphonic Society Vol 2 - JazzZeitung","og_description":"Von Thomas J. Krebs &#8211; Viele kleine R\u00e4der, Riemen und Gelenke sind auf dem CD-Cover der neuen Sternal Symphonic Society abgebildet und diese greifen musikalisch passgenau ineinander. Aber der Reihe nach: Vor gut 2 Jahren erschien die erste, vielbeachtete CD der Sternal Symphonic Society. Das Ensemble, im Jahr 2011 in K\u00f6ln gegr\u00fcndet, legt nun mit \u201eVol. 2\u201c seine neue Aufnahme vor. In der Zwischenzeit ist die Society vor allem durch Live Auftritte weiter gereift und zu einem noch homogeneren Klangk\u00f6rper verschmolzen. Was gleich beim ersten H\u00f6ren der aktuellen CD auff\u00e4llt ist, dass die Kompositionen und Arrangements expliziter auf die Musiker und Pers\u00f6nlichkeiten zugeschnitten sind. Mit von der Partie sind neben dem \u201eDirigenten\u201c Sebastian Sternal, der bei vier St\u00fccken selbst den Klavierpart \u00fcbernimmt, wieder alte Bekannte (ein \u201ewho is who\u201c der jungen deutschen Jazzszene) angefangen von Frederik K\u00f6ster an der Trompete, dem Posaunisten Klaus Heidenreich, Christoph M\u00f6ckel und Niels Klein an den Saxophonen\/Klarinette, dazu das Pablo Held Trio (!) mit Jonas Burgwinkel und Robert Landfermann, sowie einem exzellent besetztem Streichquartett mit Erik Schumann, Zuzana Schmitz-Kulanova, Magdalena H\u00e4rtl und Thomas Schmitz. Mit vortrefflichem Gesp\u00fcr f\u00fcr den nicht &hellip;","og_url":"https:\/\/www.jazzzeitung.de\/cms\/2015\/02\/cd-rezension-sternal-symphonic-society-vol-2\/","og_site_name":"JazzZeitung","article_publisher":"https:\/\/www.facebook.com\/JazzZeitung\/","article_published_time":"2015-02-20T09:18:18+00:00","og_image":[{"url":"http:\/\/www.jazzzeitung.de\/cms\/wp-content\/uploads\/2015\/02\/cover_sternal-150x150.jpg","type":"","width":"","height":""}],"author":"Redaktion JazzZeitung","schema":{"@context":"https:\/\/schema.org","@graph":[{"@type":"Article","@id":"https:\/\/www.jazzzeitung.de\/cms\/2015\/02\/cd-rezension-sternal-symphonic-society-vol-2\/#article","isPartOf":{"@id":"https:\/\/www.jazzzeitung.de\/cms\/2015\/02\/cd-rezension-sternal-symphonic-society-vol-2\/"},"author":{"name":"Redaktion JazzZeitung","@id":"https:\/\/www.jazzzeitung.de\/cms\/#\/schema\/person\/2245b36b9cd1d24cea10f01c031fb92b"},"headline":"CD-Rezension: Sternal Symphonic Society Vol 2","datePublished":"2015-02-20T09:18:18+00:00","mainEntityOfPage":{"@id":"https:\/\/www.jazzzeitung.de\/cms\/2015\/02\/cd-rezension-sternal-symphonic-society-vol-2\/"},"wordCount":419,"commentCount":0,"publisher":{"@id":"https:\/\/www.jazzzeitung.de\/cms\/#organization"},"image":{"@id":"https:\/\/www.jazzzeitung.de\/cms\/2015\/02\/cd-rezension-sternal-symphonic-society-vol-2\/#primaryimage"},"thumbnailUrl":"http:\/\/www.jazzzeitung.de\/cms\/wp-content\/uploads\/2015\/02\/cover_sternal-150x150.jpg","keywords":["Aachen","Blue Note","CD","Frederik K\u00f6ster","K\u00f6ln","M\u00fcnchen","Sebastian Sternal \u2013 Sternal Symphonic Society Vol 2","Traumton","Traumton Records","Unterfahrt"],"articleSection":["Rezension"],"inLanguage":"de","potentialAction":[{"@type":"CommentAction","name":"Comment","target":["https:\/\/www.jazzzeitung.de\/cms\/2015\/02\/cd-rezension-sternal-symphonic-society-vol-2\/#respond"]}]},{"@type":"WebPage","@id":"https:\/\/www.jazzzeitung.de\/cms\/2015\/02\/cd-rezension-sternal-symphonic-society-vol-2\/","url":"https:\/\/www.jazzzeitung.de\/cms\/2015\/02\/cd-rezension-sternal-symphonic-society-vol-2\/","name":"CD-Rezension: Sternal Symphonic Society Vol 2 - JazzZeitung","isPartOf":{"@id":"https:\/\/www.jazzzeitung.de\/cms\/#website"},"primaryImageOfPage":{"@id":"https:\/\/www.jazzzeitung.de\/cms\/2015\/02\/cd-rezension-sternal-symphonic-society-vol-2\/#primaryimage"},"image":{"@id":"https:\/\/www.jazzzeitung.de\/cms\/2015\/02\/cd-rezension-sternal-symphonic-society-vol-2\/#primaryimage"},"thumbnailUrl":"http:\/\/www.jazzzeitung.de\/cms\/wp-content\/uploads\/2015\/02\/cover_sternal-150x150.jpg","datePublished":"2015-02-20T09:18:18+00:00","breadcrumb":{"@id":"https:\/\/www.jazzzeitung.de\/cms\/2015\/02\/cd-rezension-sternal-symphonic-society-vol-2\/#breadcrumb"},"inLanguage":"de","potentialAction":[{"@type":"ReadAction","target":["https:\/\/www.jazzzeitung.de\/cms\/2015\/02\/cd-rezension-sternal-symphonic-society-vol-2\/"]}]},{"@type":"ImageObject","inLanguage":"de","@id":"https:\/\/www.jazzzeitung.de\/cms\/2015\/02\/cd-rezension-sternal-symphonic-society-vol-2\/#primaryimage","url":"http:\/\/www.jazzzeitung.de\/cms\/wp-content\/uploads\/2015\/02\/cover_sternal-150x150.jpg","contentUrl":"http:\/\/www.jazzzeitung.de\/cms\/wp-content\/uploads\/2015\/02\/cover_sternal-150x150.jpg"},{"@type":"BreadcrumbList","@id":"https:\/\/www.jazzzeitung.de\/cms\/2015\/02\/cd-rezension-sternal-symphonic-society-vol-2\/#breadcrumb","itemListElement":[{"@type":"ListItem","position":1,"name":"Startseite","item":"https:\/\/www.jazzzeitung.de\/cms\/"},{"@type":"ListItem","position":2,"name":"CD-Rezension: Sternal Symphonic Society Vol 2"}]},{"@type":"WebSite","@id":"https:\/\/www.jazzzeitung.de\/cms\/#website","url":"https:\/\/www.jazzzeitung.de\/cms\/","name":"JazzZeitung","description":"Jazz-News und Jazz-Kontroverses","publisher":{"@id":"https:\/\/www.jazzzeitung.de\/cms\/#organization"},"potentialAction":[{"@type":"SearchAction","target":{"@type":"EntryPoint","urlTemplate":"https:\/\/www.jazzzeitung.de\/cms\/?s={search_term_string}"},"query-input":{"@type":"PropertyValueSpecification","valueRequired":true,"valueName":"search_term_string"}}],"inLanguage":"de"},{"@type":"Organization","@id":"https:\/\/www.jazzzeitung.de\/cms\/#organization","name":"JazzZeitung online","url":"https:\/\/www.jazzzeitung.de\/cms\/","logo":{"@type":"ImageObject","inLanguage":"de","@id":"https:\/\/www.jazzzeitung.de\/cms\/#\/schema\/logo\/image\/","url":"https:\/\/i0.wp.com\/www.jazzzeitung.de\/cms\/wp-content\/uploads\/2015\/08\/JAZZZEITUNGDE_Logo_Neu.png?fit=499%2C200&ssl=1","contentUrl":"https:\/\/i0.wp.com\/www.jazzzeitung.de\/cms\/wp-content\/uploads\/2015\/08\/JAZZZEITUNGDE_Logo_Neu.png?fit=499%2C200&ssl=1","width":499,"height":200,"caption":"JazzZeitung online"},"image":{"@id":"https:\/\/www.jazzzeitung.de\/cms\/#\/schema\/logo\/image\/"},"sameAs":["https:\/\/www.facebook.com\/JazzZeitung\/"]},{"@type":"Person","@id":"https:\/\/www.jazzzeitung.de\/cms\/#\/schema\/person\/2245b36b9cd1d24cea10f01c031fb92b","name":"Redaktion JazzZeitung","image":{"@type":"ImageObject","inLanguage":"de","@id":"https:\/\/i0.wp.com\/www.jazzzeitung.de\/cms\/wp-content\/uploads\/2015\/08\/JAZZZEITUNGDE_Logo_Neu.png?resize=96%2C96&ssl=159975dcacb611b5700bd619b5daf0a7a","url":"https:\/\/i0.wp.com\/www.jazzzeitung.de\/cms\/wp-content\/uploads\/2015\/08\/JAZZZEITUNGDE_Logo_Neu.png?resize=96%2C96&ssl=1","contentUrl":"https:\/\/i0.wp.com\/www.jazzzeitung.de\/cms\/wp-content\/uploads\/2015\/08\/JAZZZEITUNGDE_Logo_Neu.png?resize=96%2C96&ssl=1","caption":"Redaktion JazzZeitung"},"description":"Artikel der Redaktion der JazzZeitung.","sameAs":["http:\/\/www.jazzzeitung.de\/cms\/"],"url":"https:\/\/www.jazzzeitung.de\/cms\/author\/redaktion\/"}]}},"wp-worthy-pixel":{"ignored":false,"public":null,"server":null,"url":null},"wp-worthy-type":"normal","jetpack_publicize_connections":[],"cc_featured_image_caption":{"caption_text":false,"source_text":false,"source_url":false},"jetpack_featured_media_url":"","jetpack_shortlink":"https:\/\/wp.me\/p3KEcT-1rs","jetpack-related-posts":[{"id":5883,"url":"https:\/\/www.jazzzeitung.de\/cms\/2015\/04\/ein-funkelndes-universum-sebastian-sternals-symphonic-society\/","url_meta":{"origin":5546,"position":0},"title":"Funkelndes Universum: Sebastian Sternals \u201eSymphonic Society\u201c","author":"Redaktion JazzZeitung","date":"8. April 2015","format":false,"excerpt":"Von Dietrich Schlegel - Sebastian Sternal, viel gefragter und besch\u00e4ftigter Jazzpianist und einfallsreicher Komponist, hat sich drei Jahre nach dem Erfolg mit seiner \u201eSymphonic Society\u201c, einer aus ausgesuchten Jazzmusikern und einem klassischen Streichquartett bestehenden \u201esymphonischen Combo\u201c, erneut und noch weiter auf das Terrain des symphonischen Jazz vorgewagt. Auf die mit\u2026","rel":"","context":"In &quot;Portrait&quot;","block_context":{"text":"Portrait","link":"https:\/\/www.jazzzeitung.de\/cms\/thema\/portrait\/"},"img":{"alt_text":"","src":"https:\/\/i0.wp.com\/www.jazzzeitung.de\/cms\/wp-content\/uploads\/2015\/04\/0K3A7312-Randalu-Ko%C2%A8ster-dombr.jpg?resize=350%2C200","width":350,"height":200,"srcset":"https:\/\/i0.wp.com\/www.jazzzeitung.de\/cms\/wp-content\/uploads\/2015\/04\/0K3A7312-Randalu-Ko%C2%A8ster-dombr.jpg?resize=350%2C200 1x, https:\/\/i0.wp.com\/www.jazzzeitung.de\/cms\/wp-content\/uploads\/2015\/04\/0K3A7312-Randalu-Ko%C2%A8ster-dombr.jpg?resize=525%2C300 1.5x, https:\/\/i0.wp.com\/www.jazzzeitung.de\/cms\/wp-content\/uploads\/2015\/04\/0K3A7312-Randalu-Ko%C2%A8ster-dombr.jpg?resize=700%2C400 2x, https:\/\/i0.wp.com\/www.jazzzeitung.de\/cms\/wp-content\/uploads\/2015\/04\/0K3A7312-Randalu-Ko%C2%A8ster-dombr.jpg?resize=1050%2C600 3x"},"classes":[]},{"id":27466,"url":"https:\/\/www.jazzzeitung.de\/cms\/2022\/06\/thelonia-sebastian-sternal-zieht-auf-seinem-ersten-soloalbum-kuenstlerisch-bilanz\/","url_meta":{"origin":5546,"position":1},"title":"\u201eThelonia\u201c \u2013 Sebastian Sternal zieht auf seinem ersten Soloalbum k\u00fcnstlerisch Bilanz","author":"Redaktion JazzZeitung","date":"3. Juni 2022","format":false,"excerpt":"Von Stefan Pieper. Wenn in einer Band der Pianist besonders gut ist, stellt sich nicht selten der Wunsch ein, diesen auch mal ganz f\u00fcr sich allein in einer Soloperformance zu h\u00f6ren. Sebastian Sternal hat mit so etwas lange genug auf sich warten lassen \u2013 sein neues Soloalbum \u201eThelonia\u201c stellt klar,\u2026","rel":"","context":"In &quot;Rezension&quot;","block_context":{"text":"Rezension","link":"https:\/\/www.jazzzeitung.de\/cms\/thema\/rezension\/"},"img":{"alt_text":"","src":"https:\/\/i0.wp.com\/www.jazzzeitung.de\/cms\/wp-content\/uploads\/2022\/06\/Sebastian_Sternal_4_72.jpg?fit=700%2C467&ssl=1&resize=350%2C200","width":350,"height":200,"srcset":"https:\/\/i0.wp.com\/www.jazzzeitung.de\/cms\/wp-content\/uploads\/2022\/06\/Sebastian_Sternal_4_72.jpg?fit=700%2C467&ssl=1&resize=350%2C200 1x, https:\/\/i0.wp.com\/www.jazzzeitung.de\/cms\/wp-content\/uploads\/2022\/06\/Sebastian_Sternal_4_72.jpg?fit=700%2C467&ssl=1&resize=525%2C300 1.5x, https:\/\/i0.wp.com\/www.jazzzeitung.de\/cms\/wp-content\/uploads\/2022\/06\/Sebastian_Sternal_4_72.jpg?fit=700%2C467&ssl=1&resize=700%2C400 2x"},"classes":[]},{"id":7814,"url":"https:\/\/www.jazzzeitung.de\/cms\/2015\/11\/frederik-koester-sebastian-sternal-mit-neuer-cd-canada\/","url_meta":{"origin":5546,"position":2},"title":"Frederik K\u00f6ster &#038; Sebastian Sternal mit neuer CD: Canada","author":"Redaktion JazzZeitung","date":"28. November 2015","format":false,"excerpt":"Frederik K\u00f6ster und Sebastian Sternal geh\u00f6ren zu den gesetzten Vertretern der jungen deutschen Jazzszene, sind gemeinsame Weggef\u00e4hrten und spielen, in verschiedenen Besetzungen, mittlerweile seit gut 10 Jahren zusammen. Auf Einladung von Professor Thilo Schaller, ein Bekannter K\u00f6sters an der University of Lethbridge \/Calgary, ergab sich f\u00fcr die beiden Musiker die\u2026","rel":"","context":"In &quot;Rezension&quot;","block_context":{"text":"Rezension","link":"https:\/\/www.jazzzeitung.de\/cms\/thema\/rezension\/"},"img":{"alt_text":"Cover Sternal K\u00f6ster","src":"https:\/\/i0.wp.com\/www.jazzzeitung.de\/cms\/wp-content\/uploads\/2015\/11\/Cover-Sternal-K%C3%B6ster-150x150.jpg?resize=350%2C200","width":350,"height":200},"classes":[]},{"id":8976,"url":"https:\/\/www.jazzzeitung.de\/cms\/2016\/04\/newsdie-preistraeger-des-echo-jazz-2016-stehen-fest\/","url_meta":{"origin":5546,"position":3},"title":"Die Preistr\u00e4ger des ECHO Jazz 2016 stehen fest","author":"Redaktion JazzZeitung","date":"19. April 2016","format":false,"excerpt":"Die Preistr\u00e4ger des ECHO Jazz 2016 stehen fest. Wie die Deutsche Phono-Akademie, das Kulturinstitut des Bundesverbandes Musikindustrie (BVMI), heute .mitteilte, darf sich in der Kategorie \u201eEnsemble des Jahres national\" das Michael Wollny Trio \u00fcber eine .Auszeichnung f\u00fcr \u201eNacht-fahrten\" freuen, \u201eEnsemble des Jahres international\" ist das Jazz-Quartett James Farm um Saxophonist\u2026","rel":"","context":"In &quot;News&quot;","block_context":{"text":"News","link":"https:\/\/www.jazzzeitung.de\/cms\/thema\/nachrichten\/"},"img":{"alt_text":"ECHO Jazz 2013 am 23.04.2013 in der Fischauktionshalle Hamburg \/\/\/ Foto: Monique Wuestenhagen \/ BVMI","src":"https:\/\/i0.wp.com\/www.jazzzeitung.de\/cms\/wp-content\/uploads\/2016\/04\/wuestenhagen_echojazz2013_54901-150x150.jpg?resize=350%2C200","width":350,"height":200},"classes":[]},{"id":5615,"url":"https:\/\/www.jazzzeitung.de\/cms\/2015\/03\/nach-der-odyssee-nun-die-sieben-todsuenden-heiner-schmitz\/","url_meta":{"origin":5546,"position":4},"title":"Nach der \u201eOdyssee\u201c nun die Sieben Tods\u00fcnden: Heiner Schmitz","author":"Redaktion JazzZeitung","date":"3. M\u00e4rz 2015","format":false,"excerpt":"Von Dietrich Schlegel - Um neue Ideen f\u00fcr ungew\u00f6hnliche Projekte ist der Komponist und Saxophonist Heiner Schmitz nie verlegen. Hatte er sich vor vier Jahren mit der \u201eOdyssee\u201c das \u00e4lteste Werk der abendl\u00e4ndischen Literatur ausgesucht, um es in die Klangwelt einer modernen Jazz Big Band einzubetten, dem Cologne Contemporary Jazz\u2026","rel":"","context":"In &quot;Portrait&quot;","block_context":{"text":"Portrait","link":"https:\/\/www.jazzzeitung.de\/cms\/thema\/portrait\/"},"img":{"alt_text":"schmitz2","src":"https:\/\/i0.wp.com\/www.jazzzeitung.de\/cms\/wp-content\/uploads\/2015\/03\/schmitz2-150x150.jpg?resize=350%2C200","width":350,"height":200},"classes":[]},{"id":28613,"url":"https:\/\/www.jazzzeitung.de\/cms\/2022\/11\/keith-lorenz-und-sebastian-allein-am-klavier-jubilaeum-strukturen-loops-jazz-cds-in-der-hoerbar-okt-2022\/","url_meta":{"origin":5546,"position":5},"title":"Keith, Lorenz und Sebastian allein am Klavier; Jubil\u00e4um, Strukturen, Loops \u2013 Jazz-CDs in der H\u00f6rBar Okt. 2022","author":"Huflaikhan","date":"11. November 2022","format":false,"excerpt":"Sternal, Kellhuber und Jarrett geben ihrem Piano Raum. Christian Muthspiel wird mit zwei Doppel-CDs gefeiert. Das Hornung-Trio w\u00fchlt mit humanoiden Strukturen auf und \u201eOh No Noh\u201c loopt sich froh und gl\u00fccklich. Die Jazz-Rezensionen in der H\u00f6rBar der neuen musikzeitung. Muthspiel \u2013 Diary 1989-2022 Sebastian Sternal \u2013 Thelonia Muthspiel & Orjazztra\u2026","rel":"","context":"In &quot;Rezension&quot;","block_context":{"text":"Rezension","link":"https:\/\/www.jazzzeitung.de\/cms\/thema\/rezension\/"},"img":{"alt_text":"Keith Jarrett \u2013 Bordeaux Concert","src":"https:\/\/i0.wp.com\/www.jazzzeitung.de\/cms\/wp-content\/uploads\/2022\/11\/42_bordeaux.jpg?fit=1200%2C1200&ssl=1&resize=350%2C200","width":350,"height":200,"srcset":"https:\/\/i0.wp.com\/www.jazzzeitung.de\/cms\/wp-content\/uploads\/2022\/11\/42_bordeaux.jpg?fit=1200%2C1200&ssl=1&resize=350%2C200 1x, https:\/\/i0.wp.com\/www.jazzzeitung.de\/cms\/wp-content\/uploads\/2022\/11\/42_bordeaux.jpg?fit=1200%2C1200&ssl=1&resize=525%2C300 1.5x, https:\/\/i0.wp.com\/www.jazzzeitung.de\/cms\/wp-content\/uploads\/2022\/11\/42_bordeaux.jpg?fit=1200%2C1200&ssl=1&resize=700%2C400 2x, https:\/\/i0.wp.com\/www.jazzzeitung.de\/cms\/wp-content\/uploads\/2022\/11\/42_bordeaux.jpg?fit=1200%2C1200&ssl=1&resize=1050%2C600 3x"},"classes":[]}],"jetpack_sharing_enabled":true,"_links":{"self":[{"href":"https:\/\/www.jazzzeitung.de\/cms\/wp-json\/wp\/v2\/posts\/5546","targetHints":{"allow":["GET"]}}],"collection":[{"href":"https:\/\/www.jazzzeitung.de\/cms\/wp-json\/wp\/v2\/posts"}],"about":[{"href":"https:\/\/www.jazzzeitung.de\/cms\/wp-json\/wp\/v2\/types\/post"}],"author":[{"embeddable":true,"href":"https:\/\/www.jazzzeitung.de\/cms\/wp-json\/wp\/v2\/users\/18"}],"replies":[{"embeddable":true,"href":"https:\/\/www.jazzzeitung.de\/cms\/wp-json\/wp\/v2\/comments?post=5546"}],"version-history":[{"count":1,"href":"https:\/\/www.jazzzeitung.de\/cms\/wp-json\/wp\/v2\/posts\/5546\/revisions"}],"predecessor-version":[{"id":5548,"href":"https:\/\/www.jazzzeitung.de\/cms\/wp-json\/wp\/v2\/posts\/5546\/revisions\/5548"}],"wp:attachment":[{"href":"https:\/\/www.jazzzeitung.de\/cms\/wp-json\/wp\/v2\/media?parent=5546"}],"wp:term":[{"taxonomy":"category","embeddable":true,"href":"https:\/\/www.jazzzeitung.de\/cms\/wp-json\/wp\/v2\/categories?post=5546"},{"taxonomy":"post_tag","embeddable":true,"href":"https:\/\/www.jazzzeitung.de\/cms\/wp-json\/wp\/v2\/tags?post=5546"},{"taxonomy":"author","embeddable":true,"href":"https:\/\/www.jazzzeitung.de\/cms\/wp-json\/wp\/v2\/coauthors?post=5546"}],"curies":[{"name":"wp","href":"https:\/\/api.w.org\/{rel}","templated":true}]}}