{"id":5478,"date":"2015-02-16T13:10:46","date_gmt":"2015-02-16T12:10:46","guid":{"rendered":"http:\/\/www.jazzzeitung.de\/cms\/?p=5478"},"modified":"2015-02-17T09:33:49","modified_gmt":"2015-02-17T08:33:49","slug":"radio-jazz-research-schaute-ueber-die-grenzen-des-jazz","status":"publish","type":"post","link":"https:\/\/www.jazzzeitung.de\/cms\/2015\/02\/radio-jazz-research-schaute-ueber-die-grenzen-des-jazz\/","title":{"rendered":"Radio Jazz Research schaute \u00fcber die Grenzen des Jazz"},"content":{"rendered":"<figure id=\"attachment_5520\" aria-describedby=\"caption-attachment-5520\" style=\"width: 150px\" class=\"wp-caption alignright\"><a href=\"https:\/\/i0.wp.com\/www.jazzzeitung.de\/cms\/wp-content\/uploads\/2015\/02\/radio_m%C3%BCnster.jpg\"><img data-recalc-dims=\"1\" loading=\"lazy\" decoding=\"async\" data-attachment-id=\"5520\" data-permalink=\"https:\/\/www.jazzzeitung.de\/cms\/2015\/02\/radio-jazz-research-schaute-ueber-die-grenzen-des-jazz\/radio_muenster\/\" data-orig-file=\"https:\/\/i0.wp.com\/www.jazzzeitung.de\/cms\/wp-content\/uploads\/2015\/02\/radio_m%C3%BCnster.jpg?fit=600%2C400&amp;ssl=1\" data-orig-size=\"600,400\" data-comments-opened=\"1\" data-image-meta=\"{&quot;aperture&quot;:&quot;0&quot;,&quot;credit&quot;:&quot;&quot;,&quot;camera&quot;:&quot;&quot;,&quot;caption&quot;:&quot;&quot;,&quot;created_timestamp&quot;:&quot;0&quot;,&quot;copyright&quot;:&quot;&quot;,&quot;focal_length&quot;:&quot;0&quot;,&quot;iso&quot;:&quot;0&quot;,&quot;shutter_speed&quot;:&quot;0&quot;,&quot;title&quot;:&quot;&quot;,&quot;orientation&quot;:&quot;0&quot;}\" data-image-title=\"radio_m\u00fcnster\" data-image-description=\"\" data-image-caption=\"&lt;p&gt;Die Tagungsteilnehmerinnen und \u2013teilnehmer der Arbeitstagung in M\u00fcnster vor dem Tagungshotel. Foto: Radio Jazz Research e.V.&lt;\/p&gt;\n\" data-large-file=\"https:\/\/i0.wp.com\/www.jazzzeitung.de\/cms\/wp-content\/uploads\/2015\/02\/radio_m%C3%BCnster.jpg?fit=600%2C400&amp;ssl=1\" class=\"size-thumbnail wp-image-5520\" src=\"https:\/\/i0.wp.com\/www.jazzzeitung.de\/cms\/wp-content\/uploads\/2015\/02\/radio_m%C3%BCnster-150x150.jpg?resize=150%2C150\" alt=\"Die Tagungsteilnehmerinnen und \u2013teilnehmer der Arbeitstagung in M\u00fcnster vor dem Tagungshotel. Foto: Radio Jazz Research e.V.\" width=\"150\" height=\"150\" srcset=\"https:\/\/i0.wp.com\/www.jazzzeitung.de\/cms\/wp-content\/uploads\/2015\/02\/radio_m%C3%BCnster.jpg?resize=150%2C150&amp;ssl=1 150w, https:\/\/i0.wp.com\/www.jazzzeitung.de\/cms\/wp-content\/uploads\/2015\/02\/radio_m%C3%BCnster.jpg?resize=144%2C144&amp;ssl=1 144w, https:\/\/i0.wp.com\/www.jazzzeitung.de\/cms\/wp-content\/uploads\/2015\/02\/radio_m%C3%BCnster.jpg?resize=96%2C96&amp;ssl=1 96w, https:\/\/i0.wp.com\/www.jazzzeitung.de\/cms\/wp-content\/uploads\/2015\/02\/radio_m%C3%BCnster.jpg?resize=24%2C24&amp;ssl=1 24w, https:\/\/i0.wp.com\/www.jazzzeitung.de\/cms\/wp-content\/uploads\/2015\/02\/radio_m%C3%BCnster.jpg?resize=36%2C36&amp;ssl=1 36w, https:\/\/i0.wp.com\/www.jazzzeitung.de\/cms\/wp-content\/uploads\/2015\/02\/radio_m%C3%BCnster.jpg?resize=48%2C48&amp;ssl=1 48w, https:\/\/i0.wp.com\/www.jazzzeitung.de\/cms\/wp-content\/uploads\/2015\/02\/radio_m%C3%BCnster.jpg?resize=64%2C64&amp;ssl=1 64w, https:\/\/i0.wp.com\/www.jazzzeitung.de\/cms\/wp-content\/uploads\/2015\/02\/radio_m%C3%BCnster.jpg?resize=32%2C32&amp;ssl=1 32w, https:\/\/i0.wp.com\/www.jazzzeitung.de\/cms\/wp-content\/uploads\/2015\/02\/radio_m%C3%BCnster.jpg?resize=128%2C128&amp;ssl=1 128w, https:\/\/i0.wp.com\/www.jazzzeitung.de\/cms\/wp-content\/uploads\/2015\/02\/radio_m%C3%BCnster.jpg?zoom=2&amp;resize=150%2C150&amp;ssl=1 300w, https:\/\/i0.wp.com\/www.jazzzeitung.de\/cms\/wp-content\/uploads\/2015\/02\/radio_m%C3%BCnster.jpg?zoom=3&amp;resize=150%2C150&amp;ssl=1 450w\" sizes=\"auto, (max-width: 150px) 100vw, 150px\" \/><\/a><figcaption id=\"caption-attachment-5520\" class=\"wp-caption-text\">Die Tagungsteilnehmerinnen und \u2013teilnehmer der Arbeitstagung in M\u00fcnster vor dem Tagungshotel. Foto: Radio Jazz Research e.V.<\/figcaption><\/figure>\n<p>Radio Jazz Research tagte beim M\u00fcnsteraner Jazz Festival &#8211; Das Internationale Jazzfestival M\u00fcnster feierte vom 9. bis zum 11. Januar seine 25. Ausgabe und blickte auf 36 Jahr Geschichte zur\u00fcck, und 30 Jahre davon hat Fritz Schm\u00fccker nun schon die k\u00fcnstlerische Leitung. Der Radio Jazz Research e.V. war schon mehrmals beim M\u00fcnsteraner Festival zu Gast und lie\u00df sich auch in diesem Jahr die Gelegenheit nicht entgehen. Die Vereinigung aus Wissenschaftlern, freien Journalisten, Zeitungs- und Rundfunkredakteuren, Autoren, Historikern und Festivalkuratoren kommt mehrmals im Jahr zu Tagungen zusammen und befasst sich bei diesen Gelegenheiten mit dem ganzen Spektrum des Jazz w\u00fcrdigt damit diese aktuelle europ\u00e4ische musikalische Kunstform. (Siehe www.radiojazzresearch.de) .<\/p>\n<p>In M\u00fcnster widmeten sich die Referate und Diskussionen u.a. folgenden Themen: \u201eJazz &amp; Tanz\u201c, \u201eJazz &amp; Film\u201c, \u201eJazz &amp; H\u00f6rspiel\u201c, \u201eJazz &amp; Verantwortung\u201c, \u201eJazz &amp; Recorded Music\u201c, \u201eJazz &amp; Gesellschaft\u201c, \u201eJazz &amp; Kulturpolitik\u201c sowie \u201eJazz &amp; Neue Musik\u201c. Die 26. Arbeitstagung rekapitulierte damit die vielf\u00e4ltigen Austauschverh\u00e4ltnisse, in denen sich der Jazz der Gegenwart befindet, Austauschverh\u00e4ltnisse mit anderen Formen \u00e4sthetischer und vor\u00e4sthetischer Gegenwartsbew\u00e4ltigung, mit den verschiedenen bildenden und darstellenden Kunstformen bis hin zur empirischen Realit\u00e4t der prek\u00e4ren Existenzgrundlage vieler Jazzschaffenden.<\/p>\n<figure id=\"attachment_5520\" aria-describedby=\"caption-attachment-5520\" style=\"width: 600px\" class=\"wp-caption aligncenter\"><a href=\"https:\/\/i0.wp.com\/www.jazzzeitung.de\/cms\/wp-content\/uploads\/2015\/02\/radio_m%C3%BCnster.jpg\"><img data-recalc-dims=\"1\" loading=\"lazy\" decoding=\"async\" data-attachment-id=\"5520\" data-permalink=\"https:\/\/www.jazzzeitung.de\/cms\/2015\/02\/radio-jazz-research-schaute-ueber-die-grenzen-des-jazz\/radio_muenster\/\" data-orig-file=\"https:\/\/i0.wp.com\/www.jazzzeitung.de\/cms\/wp-content\/uploads\/2015\/02\/radio_m%C3%BCnster.jpg?fit=600%2C400&amp;ssl=1\" data-orig-size=\"600,400\" data-comments-opened=\"1\" data-image-meta=\"{&quot;aperture&quot;:&quot;0&quot;,&quot;credit&quot;:&quot;&quot;,&quot;camera&quot;:&quot;&quot;,&quot;caption&quot;:&quot;&quot;,&quot;created_timestamp&quot;:&quot;0&quot;,&quot;copyright&quot;:&quot;&quot;,&quot;focal_length&quot;:&quot;0&quot;,&quot;iso&quot;:&quot;0&quot;,&quot;shutter_speed&quot;:&quot;0&quot;,&quot;title&quot;:&quot;&quot;,&quot;orientation&quot;:&quot;0&quot;}\" data-image-title=\"radio_m\u00fcnster\" data-image-description=\"\" data-image-caption=\"&lt;p&gt;Die Tagungsteilnehmerinnen und \u2013teilnehmer der Arbeitstagung in M\u00fcnster vor dem Tagungshotel. Foto: Radio Jazz Research e.V.&lt;\/p&gt;\n\" data-large-file=\"https:\/\/i0.wp.com\/www.jazzzeitung.de\/cms\/wp-content\/uploads\/2015\/02\/radio_m%C3%BCnster.jpg?fit=600%2C400&amp;ssl=1\" class=\"size-full wp-image-5520\" src=\"https:\/\/i0.wp.com\/www.jazzzeitung.de\/cms\/wp-content\/uploads\/2015\/02\/radio_m%C3%BCnster.jpg?resize=600%2C400\" alt=\"Die Tagungsteilnehmerinnen und \u2013teilnehmer der Arbeitstagung in M\u00fcnster vor dem Tagungshotel. Foto: Radio Jazz Research e.V.\" width=\"600\" height=\"400\" srcset=\"https:\/\/i0.wp.com\/www.jazzzeitung.de\/cms\/wp-content\/uploads\/2015\/02\/radio_m%C3%BCnster.jpg?w=600&amp;ssl=1 600w, https:\/\/i0.wp.com\/www.jazzzeitung.de\/cms\/wp-content\/uploads\/2015\/02\/radio_m%C3%BCnster.jpg?resize=300%2C200&amp;ssl=1 300w\" sizes=\"auto, (max-width: 600px) 100vw, 600px\" \/><\/a><figcaption id=\"caption-attachment-5520\" class=\"wp-caption-text\">Die Tagungsteilnehmerinnen und \u2013teilnehmer der Arbeitstagung in M\u00fcnster vor dem Tagungshotel. Foto: Radio Jazz Research e.V.<\/figcaption><\/figure>\n<p>Wer Jazz nur als Jazz versteht und seine Korrespondenzen mit anderen Realit\u00e4ten \u00fcberh\u00f6rt, so k\u00f6nnte man Hanns Eislers Diktum \u00fcbersetzen, wird zum Jazz nichts Wesentliches beitragen. Die kommenden Zusammenk\u00fcnfte werden im Mai in Graz und im September in Luxemburg stattfinden. Mehr unter <a title=\"http:\/\/radiojazzresearch.de\/\" href=\"http:\/\/radiojazzresearch.de\/\">http:\/\/radiojazzresearch.de\/<\/a><\/p>\n","protected":false},"excerpt":{"rendered":"<p>Radio Jazz Research tagte beim M\u00fcnsteraner Jazz Festival &#8211; Das Internationale Jazzfestival M\u00fcnster feierte vom 9. bis zum 11. Januar seine 25. Ausgabe und blickte auf 36 Jahr Geschichte zur\u00fcck, und 30 Jahre davon hat Fritz Schm\u00fccker nun schon die k\u00fcnstlerische Leitung. Der Radio Jazz Research e.V. war schon mehrmals beim M\u00fcnsteraner Festival zu Gast und lie\u00df sich auch in diesem Jahr die Gelegenheit nicht entgehen. Die Vereinigung aus Wissenschaftlern, freien Journalisten, Zeitungs- und Rundfunkredakteuren, Autoren, Historikern und Festivalkuratoren kommt mehrmals im Jahr zu Tagungen zusammen und befasst sich bei diesen Gelegenheiten mit dem ganzen Spektrum des Jazz w\u00fcrdigt damit diese aktuelle europ\u00e4ische musikalische Kunstform. (Siehe www.radiojazzresearch.de) . In M\u00fcnster widmeten sich die Referate und Diskussionen u.a. folgenden Themen: \u201eJazz &amp; Tanz\u201c, \u201eJazz &amp; Film\u201c, \u201eJazz &amp; H\u00f6rspiel\u201c, \u201eJazz &amp; Verantwortung\u201c, \u201eJazz &amp; Recorded Music\u201c, \u201eJazz &amp; Gesellschaft\u201c, \u201eJazz &amp; Kulturpolitik\u201c sowie \u201eJazz &amp; Neue Musik\u201c. Die 26. Arbeitstagung rekapitulierte damit die vielf\u00e4ltigen Austauschverh\u00e4ltnisse, in denen sich der Jazz der Gegenwart befindet, Austauschverh\u00e4ltnisse mit anderen Formen \u00e4sthetischer und vor\u00e4sthetischer Gegenwartsbew\u00e4ltigung, mit den verschiedenen bildenden und darstellenden Kunstformen bis hin zur empirischen Realit\u00e4t der prek\u00e4ren Existenzgrundlage &hellip;<\/p>\n","protected":false},"author":10,"featured_media":0,"comment_status":"open","ping_status":"closed","sticky":false,"template":"","format":"standard","meta":{"_jetpack_memberships_contains_paid_content":false,"footnotes":"","jetpack_publicize_message":"","jetpack_publicize_feature_enabled":true,"jetpack_social_post_already_shared":false,"jetpack_social_options":{"image_generator_settings":{"template":"highway","default_image_id":0,"font":"","enabled":false},"version":2}},"categories":[82],"tags":[3,198,200,918,332,363,1193],"coauthors":[723],"class_list":["post-5478","post","type-post","status-publish","format-standard","hentry","category-blog","tag-festival","tag-geschichte","tag-gesellschaft","tag-jazzfestival","tag-kulturpolitik","tag-luxemburg","tag-radio"],"yoast_head":"<!-- This site is optimized with the Yoast SEO plugin v27.5 - https:\/\/yoast.com\/product\/yoast-seo-wordpress\/ -->\n<title>Radio Jazz Research schaute \u00fcber die Grenzen des Jazz - JazzZeitung<\/title>\n<meta name=\"robots\" content=\"index, follow, max-snippet:-1, max-image-preview:large, max-video-preview:-1\" \/>\n<link rel=\"canonical\" href=\"https:\/\/www.jazzzeitung.de\/cms\/2015\/02\/radio-jazz-research-schaute-ueber-die-grenzen-des-jazz\/\" \/>\n<meta property=\"og:locale\" content=\"de_DE\" \/>\n<meta property=\"og:type\" content=\"article\" \/>\n<meta property=\"og:title\" content=\"Radio Jazz Research schaute \u00fcber die Grenzen des Jazz - JazzZeitung\" \/>\n<meta property=\"og:description\" content=\"Radio Jazz Research tagte beim M\u00fcnsteraner Jazz Festival &#8211; Das Internationale Jazzfestival M\u00fcnster feierte vom 9. bis zum 11. Januar seine 25. Ausgabe und blickte auf 36 Jahr Geschichte zur\u00fcck, und 30 Jahre davon hat Fritz Schm\u00fccker nun schon die k\u00fcnstlerische Leitung. Der Radio Jazz Research e.V. war schon mehrmals beim M\u00fcnsteraner Festival zu Gast und lie\u00df sich auch in diesem Jahr die Gelegenheit nicht entgehen. Die Vereinigung aus Wissenschaftlern, freien Journalisten, Zeitungs- und Rundfunkredakteuren, Autoren, Historikern und Festivalkuratoren kommt mehrmals im Jahr zu Tagungen zusammen und befasst sich bei diesen Gelegenheiten mit dem ganzen Spektrum des Jazz w\u00fcrdigt damit diese aktuelle europ\u00e4ische musikalische Kunstform. (Siehe www.radiojazzresearch.de) . In M\u00fcnster widmeten sich die Referate und Diskussionen u.a. folgenden Themen: \u201eJazz &amp; Tanz\u201c, \u201eJazz &amp; Film\u201c, \u201eJazz &amp; H\u00f6rspiel\u201c, \u201eJazz &amp; Verantwortung\u201c, \u201eJazz &amp; Recorded Music\u201c, \u201eJazz &amp; Gesellschaft\u201c, \u201eJazz &amp; Kulturpolitik\u201c sowie \u201eJazz &amp; Neue Musik\u201c. Die 26. Arbeitstagung rekapitulierte damit die vielf\u00e4ltigen Austauschverh\u00e4ltnisse, in denen sich der Jazz der Gegenwart befindet, Austauschverh\u00e4ltnisse mit anderen Formen \u00e4sthetischer und vor\u00e4sthetischer Gegenwartsbew\u00e4ltigung, mit den verschiedenen bildenden und darstellenden Kunstformen bis hin zur empirischen Realit\u00e4t der prek\u00e4ren Existenzgrundlage &hellip;\" \/>\n<meta property=\"og:url\" content=\"https:\/\/www.jazzzeitung.de\/cms\/2015\/02\/radio-jazz-research-schaute-ueber-die-grenzen-des-jazz\/\" \/>\n<meta property=\"og:site_name\" content=\"JazzZeitung\" \/>\n<meta property=\"article:publisher\" content=\"https:\/\/www.facebook.com\/JazzZeitung\/\" \/>\n<meta property=\"article:published_time\" content=\"2015-02-16T12:10:46+00:00\" \/>\n<meta property=\"article:modified_time\" content=\"2015-02-17T08:33:49+00:00\" \/>\n<meta property=\"og:image\" content=\"https:\/\/i0.wp.com\/www.jazzzeitung.de\/cms\/wp-content\/uploads\/2012\/01\/ipad-logo-200.png?fit=200%2C200&ssl=1\" \/>\n\t<meta property=\"og:image:width\" content=\"200\" \/>\n\t<meta property=\"og:image:height\" content=\"200\" \/>\n\t<meta property=\"og:image:type\" content=\"image\/png\" \/>\n<meta name=\"author\" content=\"Peter Ortmann\" \/>\n<script type=\"application\/ld+json\" class=\"yoast-schema-graph\">{\"@context\":\"https:\\\/\\\/schema.org\",\"@graph\":[{\"@type\":\"Article\",\"@id\":\"https:\\\/\\\/www.jazzzeitung.de\\\/cms\\\/2015\\\/02\\\/radio-jazz-research-schaute-ueber-die-grenzen-des-jazz\\\/#article\",\"isPartOf\":{\"@id\":\"https:\\\/\\\/www.jazzzeitung.de\\\/cms\\\/2015\\\/02\\\/radio-jazz-research-schaute-ueber-die-grenzen-des-jazz\\\/\"},\"author\":{\"name\":\"Peter Ortmann\",\"@id\":\"https:\\\/\\\/www.jazzzeitung.de\\\/cms\\\/#\\\/schema\\\/person\\\/d04743af6cf7c1de5d6146c923bf9d6d\"},\"headline\":\"Radio Jazz Research schaute \u00fcber die Grenzen des Jazz\",\"datePublished\":\"2015-02-16T12:10:46+00:00\",\"dateModified\":\"2015-02-17T08:33:49+00:00\",\"mainEntityOfPage\":{\"@id\":\"https:\\\/\\\/www.jazzzeitung.de\\\/cms\\\/2015\\\/02\\\/radio-jazz-research-schaute-ueber-die-grenzen-des-jazz\\\/\"},\"wordCount\":309,\"commentCount\":0,\"publisher\":{\"@id\":\"https:\\\/\\\/www.jazzzeitung.de\\\/cms\\\/#organization\"},\"keywords\":[\"Festival\",\"Geschichte\",\"Gesellschaft\",\"Jazzfestival\",\"Kulturpolitik\",\"Luxemburg\",\"Radio\"],\"articleSection\":[\"Blog\"],\"inLanguage\":\"de\",\"potentialAction\":[{\"@type\":\"CommentAction\",\"name\":\"Comment\",\"target\":[\"https:\\\/\\\/www.jazzzeitung.de\\\/cms\\\/2015\\\/02\\\/radio-jazz-research-schaute-ueber-die-grenzen-des-jazz\\\/#respond\"]}]},{\"@type\":\"WebPage\",\"@id\":\"https:\\\/\\\/www.jazzzeitung.de\\\/cms\\\/2015\\\/02\\\/radio-jazz-research-schaute-ueber-die-grenzen-des-jazz\\\/\",\"url\":\"https:\\\/\\\/www.jazzzeitung.de\\\/cms\\\/2015\\\/02\\\/radio-jazz-research-schaute-ueber-die-grenzen-des-jazz\\\/\",\"name\":\"Radio Jazz Research schaute \u00fcber die Grenzen des Jazz - JazzZeitung\",\"isPartOf\":{\"@id\":\"https:\\\/\\\/www.jazzzeitung.de\\\/cms\\\/#website\"},\"datePublished\":\"2015-02-16T12:10:46+00:00\",\"dateModified\":\"2015-02-17T08:33:49+00:00\",\"breadcrumb\":{\"@id\":\"https:\\\/\\\/www.jazzzeitung.de\\\/cms\\\/2015\\\/02\\\/radio-jazz-research-schaute-ueber-die-grenzen-des-jazz\\\/#breadcrumb\"},\"inLanguage\":\"de\",\"potentialAction\":[{\"@type\":\"ReadAction\",\"target\":[\"https:\\\/\\\/www.jazzzeitung.de\\\/cms\\\/2015\\\/02\\\/radio-jazz-research-schaute-ueber-die-grenzen-des-jazz\\\/\"]}]},{\"@type\":\"BreadcrumbList\",\"@id\":\"https:\\\/\\\/www.jazzzeitung.de\\\/cms\\\/2015\\\/02\\\/radio-jazz-research-schaute-ueber-die-grenzen-des-jazz\\\/#breadcrumb\",\"itemListElement\":[{\"@type\":\"ListItem\",\"position\":1,\"name\":\"Startseite\",\"item\":\"https:\\\/\\\/www.jazzzeitung.de\\\/cms\\\/\"},{\"@type\":\"ListItem\",\"position\":2,\"name\":\"Radio Jazz Research schaute \u00fcber die Grenzen des Jazz\"}]},{\"@type\":\"WebSite\",\"@id\":\"https:\\\/\\\/www.jazzzeitung.de\\\/cms\\\/#website\",\"url\":\"https:\\\/\\\/www.jazzzeitung.de\\\/cms\\\/\",\"name\":\"JazzZeitung\",\"description\":\"Jazz-News und Jazz-Kontroverses\",\"publisher\":{\"@id\":\"https:\\\/\\\/www.jazzzeitung.de\\\/cms\\\/#organization\"},\"potentialAction\":[{\"@type\":\"SearchAction\",\"target\":{\"@type\":\"EntryPoint\",\"urlTemplate\":\"https:\\\/\\\/www.jazzzeitung.de\\\/cms\\\/?s={search_term_string}\"},\"query-input\":{\"@type\":\"PropertyValueSpecification\",\"valueRequired\":true,\"valueName\":\"search_term_string\"}}],\"inLanguage\":\"de\"},{\"@type\":\"Organization\",\"@id\":\"https:\\\/\\\/www.jazzzeitung.de\\\/cms\\\/#organization\",\"name\":\"JazzZeitung online\",\"url\":\"https:\\\/\\\/www.jazzzeitung.de\\\/cms\\\/\",\"logo\":{\"@type\":\"ImageObject\",\"inLanguage\":\"de\",\"@id\":\"https:\\\/\\\/www.jazzzeitung.de\\\/cms\\\/#\\\/schema\\\/logo\\\/image\\\/\",\"url\":\"https:\\\/\\\/i0.wp.com\\\/www.jazzzeitung.de\\\/cms\\\/wp-content\\\/uploads\\\/2015\\\/08\\\/JAZZZEITUNGDE_Logo_Neu.png?fit=499%2C200&ssl=1\",\"contentUrl\":\"https:\\\/\\\/i0.wp.com\\\/www.jazzzeitung.de\\\/cms\\\/wp-content\\\/uploads\\\/2015\\\/08\\\/JAZZZEITUNGDE_Logo_Neu.png?fit=499%2C200&ssl=1\",\"width\":499,\"height\":200,\"caption\":\"JazzZeitung online\"},\"image\":{\"@id\":\"https:\\\/\\\/www.jazzzeitung.de\\\/cms\\\/#\\\/schema\\\/logo\\\/image\\\/\"},\"sameAs\":[\"https:\\\/\\\/www.facebook.com\\\/JazzZeitung\\\/\"]},{\"@type\":\"Person\",\"@id\":\"https:\\\/\\\/www.jazzzeitung.de\\\/cms\\\/#\\\/schema\\\/person\\\/d04743af6cf7c1de5d6146c923bf9d6d\",\"name\":\"Peter Ortmann\",\"image\":{\"@type\":\"ImageObject\",\"inLanguage\":\"de\",\"@id\":\"https:\\\/\\\/secure.gravatar.com\\\/avatar\\\/bf70166e32fef6d48d206d038750c66c0de5a537a270aa6ce5217a2dd4718c95?s=96&d=wp_user_avatar&r=g011c04bc273d32457ea40445f4250792\",\"url\":\"https:\\\/\\\/secure.gravatar.com\\\/avatar\\\/bf70166e32fef6d48d206d038750c66c0de5a537a270aa6ce5217a2dd4718c95?s=96&d=wp_user_avatar&r=g\",\"contentUrl\":\"https:\\\/\\\/secure.gravatar.com\\\/avatar\\\/bf70166e32fef6d48d206d038750c66c0de5a537a270aa6ce5217a2dd4718c95?s=96&d=wp_user_avatar&r=g\",\"caption\":\"Peter Ortmann\"},\"url\":\"https:\\\/\\\/www.jazzzeitung.de\\\/cms\\\/author\\\/ortmann\\\/\"}]}<\/script>\n<!-- \/ Yoast SEO plugin. -->","yoast_head_json":{"title":"Radio Jazz Research schaute \u00fcber die Grenzen des Jazz - JazzZeitung","robots":{"index":"index","follow":"follow","max-snippet":"max-snippet:-1","max-image-preview":"max-image-preview:large","max-video-preview":"max-video-preview:-1"},"canonical":"https:\/\/www.jazzzeitung.de\/cms\/2015\/02\/radio-jazz-research-schaute-ueber-die-grenzen-des-jazz\/","og_locale":"de_DE","og_type":"article","og_title":"Radio Jazz Research schaute \u00fcber die Grenzen des Jazz - JazzZeitung","og_description":"Radio Jazz Research tagte beim M\u00fcnsteraner Jazz Festival &#8211; Das Internationale Jazzfestival M\u00fcnster feierte vom 9. bis zum 11. Januar seine 25. Ausgabe und blickte auf 36 Jahr Geschichte zur\u00fcck, und 30 Jahre davon hat Fritz Schm\u00fccker nun schon die k\u00fcnstlerische Leitung. Der Radio Jazz Research e.V. war schon mehrmals beim M\u00fcnsteraner Festival zu Gast und lie\u00df sich auch in diesem Jahr die Gelegenheit nicht entgehen. Die Vereinigung aus Wissenschaftlern, freien Journalisten, Zeitungs- und Rundfunkredakteuren, Autoren, Historikern und Festivalkuratoren kommt mehrmals im Jahr zu Tagungen zusammen und befasst sich bei diesen Gelegenheiten mit dem ganzen Spektrum des Jazz w\u00fcrdigt damit diese aktuelle europ\u00e4ische musikalische Kunstform. (Siehe www.radiojazzresearch.de) . In M\u00fcnster widmeten sich die Referate und Diskussionen u.a. folgenden Themen: \u201eJazz &amp; Tanz\u201c, \u201eJazz &amp; Film\u201c, \u201eJazz &amp; H\u00f6rspiel\u201c, \u201eJazz &amp; Verantwortung\u201c, \u201eJazz &amp; Recorded Music\u201c, \u201eJazz &amp; Gesellschaft\u201c, \u201eJazz &amp; Kulturpolitik\u201c sowie \u201eJazz &amp; Neue Musik\u201c. Die 26. Arbeitstagung rekapitulierte damit die vielf\u00e4ltigen Austauschverh\u00e4ltnisse, in denen sich der Jazz der Gegenwart befindet, Austauschverh\u00e4ltnisse mit anderen Formen \u00e4sthetischer und vor\u00e4sthetischer Gegenwartsbew\u00e4ltigung, mit den verschiedenen bildenden und darstellenden Kunstformen bis hin zur empirischen Realit\u00e4t der prek\u00e4ren Existenzgrundlage &hellip;","og_url":"https:\/\/www.jazzzeitung.de\/cms\/2015\/02\/radio-jazz-research-schaute-ueber-die-grenzen-des-jazz\/","og_site_name":"JazzZeitung","article_publisher":"https:\/\/www.facebook.com\/JazzZeitung\/","article_published_time":"2015-02-16T12:10:46+00:00","article_modified_time":"2015-02-17T08:33:49+00:00","og_image":[{"width":200,"height":200,"url":"https:\/\/i0.wp.com\/www.jazzzeitung.de\/cms\/wp-content\/uploads\/2012\/01\/ipad-logo-200.png?fit=200%2C200&ssl=1","type":"image\/png"}],"author":"Peter Ortmann","schema":{"@context":"https:\/\/schema.org","@graph":[{"@type":"Article","@id":"https:\/\/www.jazzzeitung.de\/cms\/2015\/02\/radio-jazz-research-schaute-ueber-die-grenzen-des-jazz\/#article","isPartOf":{"@id":"https:\/\/www.jazzzeitung.de\/cms\/2015\/02\/radio-jazz-research-schaute-ueber-die-grenzen-des-jazz\/"},"author":{"name":"Peter Ortmann","@id":"https:\/\/www.jazzzeitung.de\/cms\/#\/schema\/person\/d04743af6cf7c1de5d6146c923bf9d6d"},"headline":"Radio Jazz Research schaute \u00fcber die Grenzen des Jazz","datePublished":"2015-02-16T12:10:46+00:00","dateModified":"2015-02-17T08:33:49+00:00","mainEntityOfPage":{"@id":"https:\/\/www.jazzzeitung.de\/cms\/2015\/02\/radio-jazz-research-schaute-ueber-die-grenzen-des-jazz\/"},"wordCount":309,"commentCount":0,"publisher":{"@id":"https:\/\/www.jazzzeitung.de\/cms\/#organization"},"keywords":["Festival","Geschichte","Gesellschaft","Jazzfestival","Kulturpolitik","Luxemburg","Radio"],"articleSection":["Blog"],"inLanguage":"de","potentialAction":[{"@type":"CommentAction","name":"Comment","target":["https:\/\/www.jazzzeitung.de\/cms\/2015\/02\/radio-jazz-research-schaute-ueber-die-grenzen-des-jazz\/#respond"]}]},{"@type":"WebPage","@id":"https:\/\/www.jazzzeitung.de\/cms\/2015\/02\/radio-jazz-research-schaute-ueber-die-grenzen-des-jazz\/","url":"https:\/\/www.jazzzeitung.de\/cms\/2015\/02\/radio-jazz-research-schaute-ueber-die-grenzen-des-jazz\/","name":"Radio Jazz Research schaute \u00fcber die Grenzen des Jazz - JazzZeitung","isPartOf":{"@id":"https:\/\/www.jazzzeitung.de\/cms\/#website"},"datePublished":"2015-02-16T12:10:46+00:00","dateModified":"2015-02-17T08:33:49+00:00","breadcrumb":{"@id":"https:\/\/www.jazzzeitung.de\/cms\/2015\/02\/radio-jazz-research-schaute-ueber-die-grenzen-des-jazz\/#breadcrumb"},"inLanguage":"de","potentialAction":[{"@type":"ReadAction","target":["https:\/\/www.jazzzeitung.de\/cms\/2015\/02\/radio-jazz-research-schaute-ueber-die-grenzen-des-jazz\/"]}]},{"@type":"BreadcrumbList","@id":"https:\/\/www.jazzzeitung.de\/cms\/2015\/02\/radio-jazz-research-schaute-ueber-die-grenzen-des-jazz\/#breadcrumb","itemListElement":[{"@type":"ListItem","position":1,"name":"Startseite","item":"https:\/\/www.jazzzeitung.de\/cms\/"},{"@type":"ListItem","position":2,"name":"Radio Jazz Research schaute \u00fcber die Grenzen des Jazz"}]},{"@type":"WebSite","@id":"https:\/\/www.jazzzeitung.de\/cms\/#website","url":"https:\/\/www.jazzzeitung.de\/cms\/","name":"JazzZeitung","description":"Jazz-News und Jazz-Kontroverses","publisher":{"@id":"https:\/\/www.jazzzeitung.de\/cms\/#organization"},"potentialAction":[{"@type":"SearchAction","target":{"@type":"EntryPoint","urlTemplate":"https:\/\/www.jazzzeitung.de\/cms\/?s={search_term_string}"},"query-input":{"@type":"PropertyValueSpecification","valueRequired":true,"valueName":"search_term_string"}}],"inLanguage":"de"},{"@type":"Organization","@id":"https:\/\/www.jazzzeitung.de\/cms\/#organization","name":"JazzZeitung online","url":"https:\/\/www.jazzzeitung.de\/cms\/","logo":{"@type":"ImageObject","inLanguage":"de","@id":"https:\/\/www.jazzzeitung.de\/cms\/#\/schema\/logo\/image\/","url":"https:\/\/i0.wp.com\/www.jazzzeitung.de\/cms\/wp-content\/uploads\/2015\/08\/JAZZZEITUNGDE_Logo_Neu.png?fit=499%2C200&ssl=1","contentUrl":"https:\/\/i0.wp.com\/www.jazzzeitung.de\/cms\/wp-content\/uploads\/2015\/08\/JAZZZEITUNGDE_Logo_Neu.png?fit=499%2C200&ssl=1","width":499,"height":200,"caption":"JazzZeitung online"},"image":{"@id":"https:\/\/www.jazzzeitung.de\/cms\/#\/schema\/logo\/image\/"},"sameAs":["https:\/\/www.facebook.com\/JazzZeitung\/"]},{"@type":"Person","@id":"https:\/\/www.jazzzeitung.de\/cms\/#\/schema\/person\/d04743af6cf7c1de5d6146c923bf9d6d","name":"Peter Ortmann","image":{"@type":"ImageObject","inLanguage":"de","@id":"https:\/\/secure.gravatar.com\/avatar\/bf70166e32fef6d48d206d038750c66c0de5a537a270aa6ce5217a2dd4718c95?s=96&d=wp_user_avatar&r=g011c04bc273d32457ea40445f4250792","url":"https:\/\/secure.gravatar.com\/avatar\/bf70166e32fef6d48d206d038750c66c0de5a537a270aa6ce5217a2dd4718c95?s=96&d=wp_user_avatar&r=g","contentUrl":"https:\/\/secure.gravatar.com\/avatar\/bf70166e32fef6d48d206d038750c66c0de5a537a270aa6ce5217a2dd4718c95?s=96&d=wp_user_avatar&r=g","caption":"Peter Ortmann"},"url":"https:\/\/www.jazzzeitung.de\/cms\/author\/ortmann\/"}]}},"wp-worthy-pixel":{"ignored":false,"public":null,"server":null,"url":null},"wp-worthy-type":"normal","jetpack_publicize_connections":[],"cc_featured_image_caption":{"caption_text":false,"source_text":false,"source_url":false},"jetpack_featured_media_url":"","jetpack_shortlink":"https:\/\/wp.me\/p3KEcT-1qm","jetpack-related-posts":[{"id":11456,"url":"https:\/\/www.jazzzeitung.de\/cms\/2017\/01\/zufluchtsstaette-und-grosses-kino-das-46-internationale-jazzfestival-in-muenster\/","url_meta":{"origin":5478,"position":0},"title":"Zufluchtsst\u00e4tte und gro\u00dfes Kino: Das 26. Internationale Jazzfestival in M\u00fcnster","author":"Redaktion JazzZeitung","date":"10. Januar 2017","format":false,"excerpt":"Wie doch die Zeit vergeht! Lucas Niggli, junggebliebener Schlagzeuger aus der Schweiz musste sich selbst schon wundern, dass sein erster Auftritt beim Internationalen Jazzfestival M\u00fcnster schon 20 Jahre her ist. So \u201ealt\u201c ist schon die neue \u00c4ra des Festivals im Theater im Jahr 1997. Womit sich einmal mehr die krisensichere\u2026","rel":"","context":"In &quot;Bericht&quot;","block_context":{"text":"Bericht","link":"https:\/\/www.jazzzeitung.de\/cms\/thema\/bericht\/"},"img":{"alt_text":"","src":"https:\/\/i0.wp.com\/www.jazzzeitung.de\/cms\/wp-content\/uploads\/2017\/01\/DSC05667-1.jpg?resize=350%2C200","width":350,"height":200},"classes":[]},{"id":5186,"url":"https:\/\/www.jazzzeitung.de\/cms\/2015\/01\/breaking-news-fritz-rudolf-fries-gestorben-ausstellung-jazzfestival-muenster-party-im-bayerischen-hof-muenchen\/","url_meta":{"origin":5478,"position":1},"title":"Breaking News +++ Hayden Chisholm Improviser in Residence in Moers +++ Fritz Rudolf Fries gestorben +++ Ausstellung Jazzfestival M\u00fcnster +++ Party im Bayerischen Hof M\u00fcnchen","author":"Redaktion JazzZeitung","date":"6. Januar 2015","format":false,"excerpt":"Hayden Chisholm wird Improviser in Residence 2015 in Moers. Damit tritt der 1975 in Neuseeland geborene profilierte Saxophonist, Klarinettist und Komponist die Nachfolge von Julia H\u00fclsmann in Moers an. Das \u00dcbergabekonzert der beiden Improviser, die bereits beim moers festival 2014 gemeinsam spielten, findet am 14. Januar 2015 in der Festivalhalle\u2026","rel":"","context":"In &quot;News&quot;","block_context":{"text":"News","link":"https:\/\/www.jazzzeitung.de\/cms\/thema\/nachrichten\/"},"img":{"alt_text":"Foto: Patrick Essex","src":"https:\/\/i0.wp.com\/www.jazzzeitung.de\/cms\/wp-content\/uploads\/2015\/01\/chisholm-150x150.jpg?resize=350%2C200","width":350,"height":200},"classes":[]},{"id":8815,"url":"https:\/\/www.jazzzeitung.de\/cms\/2016\/03\/8815\/","url_meta":{"origin":5478,"position":2},"title":"+++ News +++ Louis-Armstrong-Ged\u00e4chtnis-Preis wird vergeben +++  Programm des XJAZZ Festival 2016 ist komplett +++ 10. Swiss Jazz Award: Finalisten stehen fest +++","author":"Redaktion JazzZeitung","date":"24. M\u00e4rz 2016","format":false,"excerpt":"In Hamburg wird der Louis-Armstrong-Ged\u00e4chtnis-Preis vergeben Einmal im Jahr verleiht SWINGING HAMBURG e.V. den Louis-Armstrong-Ged\u00e4chtnis-Preis. Er wird vergeben an herausragende Pers\u00f6nlichkeiten, die sich um den Jazz in Hamburg und in Deutschland verdient gemacht haben. Dieses Jahr, am 31. M\u00e4rz 2016, erhalten die Bandleader der \u201eOld Merry Tale Jazzbands\u201c Jost M\u00fcnster\u2026","rel":"","context":"In &quot;News&quot;","block_context":{"text":"News","link":"https:\/\/www.jazzzeitung.de\/cms\/thema\/nachrichten\/"},"img":{"alt_text":"Jost \"Addi\" M\u00fcnsters Old Merry Tale Jazzband","src":"https:\/\/i0.wp.com\/www.jazzzeitung.de\/cms\/wp-content\/uploads\/2016\/03\/Addi-M%C3%BCnsters-Old-Merry-Tale-Jazzband-150x150.jpg?resize=350%2C200","width":350,"height":200},"classes":[]},{"id":18436,"url":"https:\/\/www.jazzzeitung.de\/cms\/2019\/01\/news-saalfelden-leogang-feierte-3-tage-jazz-jazzfest-in-rottweil-programm-nahezu-komplett-das-suedtirol-jazzfestival-2019-bespielt-neue-locations\/","url_meta":{"origin":5478,"position":3},"title":"+++ News: +++ Saalfelden Leogang feierte \u201e3 Tage Jazz&#8220; +++ Jazzfest in Rottweil &#8211; Programm nahezu komplett! +++ Das S\u00fcdtirol Jazzfestival 2019 bespielt neue Locations +++","author":"Redaktion JazzZeitung","date":"28. Januar 2019","format":false,"excerpt":"Die ersten \"Drei Tage Jazz\" in der Saalfelden Leogang 2019 Vom 18.-20. Januar 2019 ging das vierte \u201e3 Tage Jazz\" Festival in der Region Saalfelden Leogang\u00a0 inmitten des Salzburger Innergebirgs \u00fcber die B\u00fchne. Das Appetith\u00e4ppchen aufs gro\u00dfe Saalfeldener Sommerfestival ist aber auch schonaus den Kinderschuhen raus und wurde zum neuen\u2026","rel":"","context":"In &quot;News&quot;","block_context":{"text":"News","link":"https:\/\/www.jazzzeitung.de\/cms\/thema\/nachrichten\/"},"img":{"alt_text":"","src":"https:\/\/i0.wp.com\/www.jazzzeitung.de\/cms\/wp-content\/uploads\/2019\/01\/Veranstalter-JazzfestivalcJohannesRadlwimmer.jpg?fit=1200%2C800&ssl=1&resize=350%2C200","width":350,"height":200,"srcset":"https:\/\/i0.wp.com\/www.jazzzeitung.de\/cms\/wp-content\/uploads\/2019\/01\/Veranstalter-JazzfestivalcJohannesRadlwimmer.jpg?fit=1200%2C800&ssl=1&resize=350%2C200 1x, https:\/\/i0.wp.com\/www.jazzzeitung.de\/cms\/wp-content\/uploads\/2019\/01\/Veranstalter-JazzfestivalcJohannesRadlwimmer.jpg?fit=1200%2C800&ssl=1&resize=525%2C300 1.5x, https:\/\/i0.wp.com\/www.jazzzeitung.de\/cms\/wp-content\/uploads\/2019\/01\/Veranstalter-JazzfestivalcJohannesRadlwimmer.jpg?fit=1200%2C800&ssl=1&resize=700%2C400 2x, https:\/\/i0.wp.com\/www.jazzzeitung.de\/cms\/wp-content\/uploads\/2019\/01\/Veranstalter-JazzfestivalcJohannesRadlwimmer.jpg?fit=1200%2C800&ssl=1&resize=1050%2C600 3x"},"classes":[]},{"id":30457,"url":"https:\/\/www.jazzzeitung.de\/cms\/2024\/01\/shortcut-beim-jazzfestival-muenster-fenster-zur-aktuellen-musik-europas\/","url_meta":{"origin":5478,"position":4},"title":"Shortcut beim Jazzfestival M\u00fcnster: Fenster zur aktuellen Musik Europas","author":"Redaktion JazzZeitung","date":"12. Januar 2024","format":false,"excerpt":"Von Stefan Pieper. Auch in seiner kleinen \u201eShortcut\u201c-Ausgabe bewies das Internationale Jazzfestival M\u00fcnster zum Jahresauftakt seine verl\u00e4ssliche hohe Qualit\u00e4t und Relevanz, vor allem durch Premieren, welche die Fenster f\u00fcr die reiche aktuelle Musik in Europa weit \u00f6ffnen \u2013 ebenso wie ein Konzert in der Dominikanerkirche, das einen spannenden Bezug zur\u2026","rel":"","context":"In &quot;Bericht&quot;","block_context":{"text":"Bericht","link":"https:\/\/www.jazzzeitung.de\/cms\/thema\/bericht\/"},"img":{"alt_text":"","src":"https:\/\/i0.wp.com\/www.jazzzeitung.de\/cms\/wp-content\/uploads\/2024\/01\/DSC08709-2-scaled.jpg?fit=1200%2C968&ssl=1&resize=350%2C200","width":350,"height":200,"srcset":"https:\/\/i0.wp.com\/www.jazzzeitung.de\/cms\/wp-content\/uploads\/2024\/01\/DSC08709-2-scaled.jpg?fit=1200%2C968&ssl=1&resize=350%2C200 1x, https:\/\/i0.wp.com\/www.jazzzeitung.de\/cms\/wp-content\/uploads\/2024\/01\/DSC08709-2-scaled.jpg?fit=1200%2C968&ssl=1&resize=525%2C300 1.5x, https:\/\/i0.wp.com\/www.jazzzeitung.de\/cms\/wp-content\/uploads\/2024\/01\/DSC08709-2-scaled.jpg?fit=1200%2C968&ssl=1&resize=700%2C400 2x, https:\/\/i0.wp.com\/www.jazzzeitung.de\/cms\/wp-content\/uploads\/2024\/01\/DSC08709-2-scaled.jpg?fit=1200%2C968&ssl=1&resize=1050%2C600 3x"},"classes":[]},{"id":8290,"url":"https:\/\/www.jazzzeitung.de\/cms\/2016\/02\/wdr-vergibt-preise-fuer-jazz-nicht-nur-fuers-musikmachen\/","url_meta":{"origin":5478,"position":5},"title":"WDR vergibt Preise f\u00fcr Jazz \u2013 nicht nur f\u00fcrs Musikmachen","author":"Redaktion JazzZeitung","date":"2. Februar 2016","format":false,"excerpt":"Text und Fotos von Stefan Pieper - Seit 2004 w\u00fcrdigt der WDR Jazzpreis alle Jahre wieder herausragende Leistungen rund um den Jazz in seinen vielf\u00e4ltigen Facetten. Die Preisverleihung alle Jahre wieder hat sich mittlerweile zu einem mehrt\u00e4gigen Festival ausgeweitet, welches eben bewusst nicht in K\u00f6ln, der Heimatstadt des WDR, sondern\u2026","rel":"","context":"In &quot;Bericht&quot;","block_context":{"text":"Bericht","link":"https:\/\/www.jazzzeitung.de\/cms\/thema\/bericht\/"},"img":{"alt_text":"Trompeter der WDR Bigband ","src":"https:\/\/i0.wp.com\/www.jazzzeitung.de\/cms\/wp-content\/uploads\/2016\/02\/DSC01536-300x257.jpg?resize=350%2C200","width":350,"height":200},"classes":[]}],"jetpack_sharing_enabled":true,"_links":{"self":[{"href":"https:\/\/www.jazzzeitung.de\/cms\/wp-json\/wp\/v2\/posts\/5478","targetHints":{"allow":["GET"]}}],"collection":[{"href":"https:\/\/www.jazzzeitung.de\/cms\/wp-json\/wp\/v2\/posts"}],"about":[{"href":"https:\/\/www.jazzzeitung.de\/cms\/wp-json\/wp\/v2\/types\/post"}],"author":[{"embeddable":true,"href":"https:\/\/www.jazzzeitung.de\/cms\/wp-json\/wp\/v2\/users\/10"}],"replies":[{"embeddable":true,"href":"https:\/\/www.jazzzeitung.de\/cms\/wp-json\/wp\/v2\/comments?post=5478"}],"version-history":[{"count":4,"href":"https:\/\/www.jazzzeitung.de\/cms\/wp-json\/wp\/v2\/posts\/5478\/revisions"}],"predecessor-version":[{"id":5521,"href":"https:\/\/www.jazzzeitung.de\/cms\/wp-json\/wp\/v2\/posts\/5478\/revisions\/5521"}],"wp:attachment":[{"href":"https:\/\/www.jazzzeitung.de\/cms\/wp-json\/wp\/v2\/media?parent=5478"}],"wp:term":[{"taxonomy":"category","embeddable":true,"href":"https:\/\/www.jazzzeitung.de\/cms\/wp-json\/wp\/v2\/categories?post=5478"},{"taxonomy":"post_tag","embeddable":true,"href":"https:\/\/www.jazzzeitung.de\/cms\/wp-json\/wp\/v2\/tags?post=5478"},{"taxonomy":"author","embeddable":true,"href":"https:\/\/www.jazzzeitung.de\/cms\/wp-json\/wp\/v2\/coauthors?post=5478"}],"curies":[{"name":"wp","href":"https:\/\/api.w.org\/{rel}","templated":true}]}}