{"id":5357,"date":"2015-02-02T10:00:54","date_gmt":"2015-02-02T09:00:54","guid":{"rendered":"http:\/\/www.jazzzeitung.de\/cms\/?p=5357"},"modified":"2015-02-02T10:44:20","modified_gmt":"2015-02-02T09:44:20","slug":"james-blood-ulmer-jazzt-durch-bayern","status":"publish","type":"post","link":"https:\/\/www.jazzzeitung.de\/cms\/2015\/02\/james-blood-ulmer-jazzt-durch-bayern\/","title":{"rendered":"James Blood Ulmer jazzt durch Bayern"},"content":{"rendered":"<p>James Blood Ulmer f\u00fcllte die Clubs in Bayern: am 27. Januar in der M\u00fcnchner Unterfahrt (Fotogalerie von <a href=\"http:\/\/ralfdombrowski.de\">Ralf Dombrowski<\/a>) und am 28. im Jazzclub Regensburg.<\/p>\n<div class=\"tiled-gallery type-rectangular tiled-gallery-unresized\" data-original-width=\"840\" data-carousel-extra='{&quot;blog_id&quot;:1,&quot;permalink&quot;:&quot;https:\\\/\\\/www.jazzzeitung.de\\\/cms\\\/2015\\\/02\\\/james-blood-ulmer-jazzt-durch-bayern\\\/&quot;,&quot;likes_blog_id&quot;:55446655}' itemscope itemtype=\"http:\/\/schema.org\/ImageGallery\" > <div class=\"gallery-row\" style=\"width: 840px; height: 388px;\" data-original-width=\"840\" data-original-height=\"388\" > <div class=\"gallery-group images-1\" style=\"width: 580px; height: 388px;\" data-original-width=\"580\" data-original-height=\"388\" > <div class=\"tiled-gallery-item tiled-gallery-item-large\" itemprop=\"associatedMedia\" itemscope itemtype=\"http:\/\/schema.org\/ImageObject\"> <a href=\"https:\/\/www.jazzzeitung.de\/cms\/2015\/02\/james-blood-ulmer-jazzt-durch-bayern\/0k3a3838-dayle-jones\/\" border=\"0\" itemprop=\"url\"> <meta itemprop=\"width\" content=\"576\"> <meta itemprop=\"height\" content=\"384\"> <img decoding=\"async\" class=\"\" data-attachment-id=\"5365\" data-orig-file=\"https:\/\/www.jazzzeitung.de\/cms\/wp-content\/uploads\/2015\/01\/0K3A3838-Dayle-Jones.jpg\" data-orig-size=\"1280,853\" data-comments-opened=\"1\" data-image-meta=\"{&quot;aperture&quot;:&quot;4.5&quot;,&quot;credit&quot;:&quot;&quot;,&quot;camera&quot;:&quot;Canon EOS 5D Mark III&quot;,&quot;caption&quot;:&quot;&quot;,&quot;created_timestamp&quot;:&quot;1422394208&quot;,&quot;copyright&quot;:&quot;&quot;,&quot;focal_length&quot;:&quot;176&quot;,&quot;iso&quot;:&quot;6400&quot;,&quot;shutter_speed&quot;:&quot;0.005&quot;,&quot;title&quot;:&quot;&quot;,&quot;orientation&quot;:&quot;1&quot;}\" data-image-title=\"0K3A3838, Dayle, Jones\" data-image-description=\"\" data-medium-file=\"https:\/\/i0.wp.com\/www.jazzzeitung.de\/cms\/wp-content\/uploads\/2015\/01\/0K3A3838-Dayle-Jones.jpg?fit=300%2C200&#038;ssl=1\" data-large-file=\"https:\/\/i0.wp.com\/www.jazzzeitung.de\/cms\/wp-content\/uploads\/2015\/01\/0K3A3838-Dayle-Jones.jpg?fit=840%2C560&#038;ssl=1\" src=\"https:\/\/i0.wp.com\/www.jazzzeitung.de\/cms\/wp-content\/uploads\/2015\/01\/0K3A3838-Dayle-Jones.jpg?w=576&#038;h=384&#038;ssl=1\" srcset=\"https:\/\/i0.wp.com\/www.jazzzeitung.de\/cms\/wp-content\/uploads\/2015\/01\/0K3A3838-Dayle-Jones.jpg?w=1280&amp;ssl=1 1280w, https:\/\/i0.wp.com\/www.jazzzeitung.de\/cms\/wp-content\/uploads\/2015\/01\/0K3A3838-Dayle-Jones.jpg?resize=300%2C200&amp;ssl=1 300w, https:\/\/i0.wp.com\/www.jazzzeitung.de\/cms\/wp-content\/uploads\/2015\/01\/0K3A3838-Dayle-Jones.jpg?resize=900%2C600&amp;ssl=1 900w\" width=\"576\" height=\"384\" loading=\"lazy\" data-original-width=\"576\" data-original-height=\"384\" itemprop=\"http:\/\/schema.org\/image\" title=\"0K3A3838, Dayle, Jones\" alt=\"Calvon &quot;The Truth&quot; Jones am Bass und Aubrey Dayle an den Drums begleiten den ausdrucksstarken Gitarristen\" style=\"width: 576px; height: 384px;\" \/> <\/a> <div class=\"tiled-gallery-caption\" itemprop=\"caption description\"> Calvon &#8222;The Truth&#8220; Jones am Bass und Aubrey Dayle an den Drums begleiten den ausdrucksstarken Gitarristen <\/div> <\/div> <\/div> <!-- close group --> <div class=\"gallery-group images-1\" style=\"width: 260px; height: 388px;\" data-original-width=\"260\" data-original-height=\"388\" > <div class=\"tiled-gallery-item tiled-gallery-item-large\" itemprop=\"associatedMedia\" itemscope itemtype=\"http:\/\/schema.org\/ImageObject\"> <a href=\"https:\/\/www.jazzzeitung.de\/cms\/2015\/02\/james-blood-ulmer-jazzt-durch-bayern\/0k3a3814-ulmer\/\" border=\"0\" itemprop=\"url\"> <meta itemprop=\"width\" content=\"256\"> <meta itemprop=\"height\" content=\"384\"> <img decoding=\"async\" class=\"\" data-attachment-id=\"5364\" data-orig-file=\"https:\/\/www.jazzzeitung.de\/cms\/wp-content\/uploads\/2015\/01\/0K3A3814-Ulmer.jpg\" data-orig-size=\"853,1280\" data-comments-opened=\"1\" data-image-meta=\"{&quot;aperture&quot;:&quot;4.5&quot;,&quot;credit&quot;:&quot;&quot;,&quot;camera&quot;:&quot;Canon EOS 5D Mark III&quot;,&quot;caption&quot;:&quot;&quot;,&quot;created_timestamp&quot;:&quot;1422393959&quot;,&quot;copyright&quot;:&quot;&quot;,&quot;focal_length&quot;:&quot;126&quot;,&quot;iso&quot;:&quot;6400&quot;,&quot;shutter_speed&quot;:&quot;0.005&quot;,&quot;title&quot;:&quot;&quot;,&quot;orientation&quot;:&quot;1&quot;}\" data-image-title=\"0K3A3814, Ulmer\" data-image-description=\"\" data-medium-file=\"https:\/\/i0.wp.com\/www.jazzzeitung.de\/cms\/wp-content\/uploads\/2015\/01\/0K3A3814-Ulmer.jpg?fit=200%2C300&#038;ssl=1\" data-large-file=\"https:\/\/i0.wp.com\/www.jazzzeitung.de\/cms\/wp-content\/uploads\/2015\/01\/0K3A3814-Ulmer.jpg?fit=400%2C600&#038;ssl=1\" src=\"https:\/\/i0.wp.com\/www.jazzzeitung.de\/cms\/wp-content\/uploads\/2015\/01\/0K3A3814-Ulmer.jpg?w=256&#038;h=384&#038;ssl=1\" srcset=\"https:\/\/i0.wp.com\/www.jazzzeitung.de\/cms\/wp-content\/uploads\/2015\/01\/0K3A3814-Ulmer.jpg?w=853&amp;ssl=1 853w, https:\/\/i0.wp.com\/www.jazzzeitung.de\/cms\/wp-content\/uploads\/2015\/01\/0K3A3814-Ulmer.jpg?resize=200%2C300&amp;ssl=1 200w, https:\/\/i0.wp.com\/www.jazzzeitung.de\/cms\/wp-content\/uploads\/2015\/01\/0K3A3814-Ulmer.jpg?resize=400%2C600&amp;ssl=1 400w\" width=\"256\" height=\"384\" loading=\"lazy\" data-original-width=\"256\" data-original-height=\"384\" itemprop=\"http:\/\/schema.org\/image\" title=\"0K3A3814, Ulmer\" alt=\"James Ulmer in der M\u00fcnchner Unterfahrt\" style=\"width: 256px; height: 384px;\" \/> <\/a> <div class=\"tiled-gallery-caption\" itemprop=\"caption description\"> James Ulmer in der M\u00fcnchner Unterfahrt <\/div> <\/div> <\/div> <!-- close group --> <\/div> <!-- close row --> <div class=\"gallery-row\" style=\"width: 840px; height: 389px;\" data-original-width=\"840\" data-original-height=\"389\" > <div class=\"gallery-group images-1\" style=\"width: 289px; height: 389px;\" data-original-width=\"289\" data-original-height=\"389\" > <div class=\"tiled-gallery-item tiled-gallery-item-large\" itemprop=\"associatedMedia\" itemscope itemtype=\"http:\/\/schema.org\/ImageObject\"> <a href=\"https:\/\/www.jazzzeitung.de\/cms\/2015\/02\/james-blood-ulmer-jazzt-durch-bayern\/0k3a3880-ulmer\/\" border=\"0\" itemprop=\"url\"> <meta itemprop=\"width\" content=\"285\"> <meta itemprop=\"height\" content=\"385\"> <img decoding=\"async\" class=\"\" data-attachment-id=\"5359\" data-orig-file=\"https:\/\/www.jazzzeitung.de\/cms\/wp-content\/uploads\/2015\/01\/0K3A3880-Ulmer.jpg\" data-orig-size=\"946,1280\" data-comments-opened=\"1\" data-image-meta=\"{&quot;aperture&quot;:&quot;4.5&quot;,&quot;credit&quot;:&quot;&quot;,&quot;camera&quot;:&quot;Canon EOS 5D Mark III&quot;,&quot;caption&quot;:&quot;&quot;,&quot;created_timestamp&quot;:&quot;1422394732&quot;,&quot;copyright&quot;:&quot;&quot;,&quot;focal_length&quot;:&quot;200&quot;,&quot;iso&quot;:&quot;6400&quot;,&quot;shutter_speed&quot;:&quot;0.005&quot;,&quot;title&quot;:&quot;&quot;,&quot;orientation&quot;:&quot;1&quot;}\" data-image-title=\"0K3A3880, Ulmer\" data-image-description=\"\" data-medium-file=\"https:\/\/i0.wp.com\/www.jazzzeitung.de\/cms\/wp-content\/uploads\/2015\/01\/0K3A3880-Ulmer.jpg?fit=222%2C300&#038;ssl=1\" data-large-file=\"https:\/\/i0.wp.com\/www.jazzzeitung.de\/cms\/wp-content\/uploads\/2015\/01\/0K3A3880-Ulmer.jpg?fit=443%2C600&#038;ssl=1\" src=\"https:\/\/i0.wp.com\/www.jazzzeitung.de\/cms\/wp-content\/uploads\/2015\/01\/0K3A3880-Ulmer.jpg?w=285&#038;h=385&#038;ssl=1\" srcset=\"https:\/\/i0.wp.com\/www.jazzzeitung.de\/cms\/wp-content\/uploads\/2015\/01\/0K3A3880-Ulmer.jpg?w=946&amp;ssl=1 946w, https:\/\/i0.wp.com\/www.jazzzeitung.de\/cms\/wp-content\/uploads\/2015\/01\/0K3A3880-Ulmer.jpg?resize=222%2C300&amp;ssl=1 222w, https:\/\/i0.wp.com\/www.jazzzeitung.de\/cms\/wp-content\/uploads\/2015\/01\/0K3A3880-Ulmer.jpg?resize=443%2C600&amp;ssl=1 443w, https:\/\/i0.wp.com\/www.jazzzeitung.de\/cms\/wp-content\/uploads\/2015\/01\/0K3A3880-Ulmer.jpg?resize=900%2C1218&amp;ssl=1 900w\" width=\"285\" height=\"385\" loading=\"lazy\" data-original-width=\"285\" data-original-height=\"385\" itemprop=\"http:\/\/schema.org\/image\" title=\"0K3A3880, Ulmer\" alt=\"Ulmer vertieft in sein Gitarrenspiel\" style=\"width: 285px; height: 385px;\" \/> <\/a> <div class=\"tiled-gallery-caption\" itemprop=\"caption description\"> Ulmer vertieft in sein Gitarrenspiel <\/div> <\/div> <\/div> <!-- close group --> <div class=\"gallery-group images-2\" style=\"width: 290px; height: 389px;\" data-original-width=\"290\" data-original-height=\"389\" > <div class=\"tiled-gallery-item tiled-gallery-item-large\" itemprop=\"associatedMedia\" itemscope itemtype=\"http:\/\/schema.org\/ImageObject\"> <a href=\"https:\/\/www.jazzzeitung.de\/cms\/2015\/02\/james-blood-ulmer-jazzt-durch-bayern\/0k3a3915-ulmer-jones\/\" border=\"0\" itemprop=\"url\"> <meta itemprop=\"width\" content=\"286\"> <meta itemprop=\"height\" content=\"191\"> <img decoding=\"async\" class=\"\" data-attachment-id=\"5361\" data-orig-file=\"https:\/\/www.jazzzeitung.de\/cms\/wp-content\/uploads\/2015\/01\/0K3A3915-Ulmer-Jones.jpg\" data-orig-size=\"1280,853\" data-comments-opened=\"1\" data-image-meta=\"{&quot;aperture&quot;:&quot;4.5&quot;,&quot;credit&quot;:&quot;&quot;,&quot;camera&quot;:&quot;Canon EOS 5D Mark III&quot;,&quot;caption&quot;:&quot;&quot;,&quot;created_timestamp&quot;:&quot;1422395156&quot;,&quot;copyright&quot;:&quot;&quot;,&quot;focal_length&quot;:&quot;109&quot;,&quot;iso&quot;:&quot;6400&quot;,&quot;shutter_speed&quot;:&quot;0.005&quot;,&quot;title&quot;:&quot;&quot;,&quot;orientation&quot;:&quot;1&quot;}\" data-image-title=\"0K3A3915, Ulmer, Jones\" data-image-description=\"\" data-medium-file=\"https:\/\/i0.wp.com\/www.jazzzeitung.de\/cms\/wp-content\/uploads\/2015\/01\/0K3A3915-Ulmer-Jones.jpg?fit=300%2C200&#038;ssl=1\" data-large-file=\"https:\/\/i0.wp.com\/www.jazzzeitung.de\/cms\/wp-content\/uploads\/2015\/01\/0K3A3915-Ulmer-Jones.jpg?fit=840%2C560&#038;ssl=1\" src=\"https:\/\/i0.wp.com\/www.jazzzeitung.de\/cms\/wp-content\/uploads\/2015\/01\/0K3A3915-Ulmer-Jones.jpg?w=286&#038;h=191&#038;ssl=1\" srcset=\"https:\/\/i0.wp.com\/www.jazzzeitung.de\/cms\/wp-content\/uploads\/2015\/01\/0K3A3915-Ulmer-Jones.jpg?w=1280&amp;ssl=1 1280w, https:\/\/i0.wp.com\/www.jazzzeitung.de\/cms\/wp-content\/uploads\/2015\/01\/0K3A3915-Ulmer-Jones.jpg?resize=300%2C200&amp;ssl=1 300w, https:\/\/i0.wp.com\/www.jazzzeitung.de\/cms\/wp-content\/uploads\/2015\/01\/0K3A3915-Ulmer-Jones.jpg?resize=900%2C600&amp;ssl=1 900w\" width=\"286\" height=\"191\" loading=\"lazy\" data-original-width=\"286\" data-original-height=\"191\" itemprop=\"http:\/\/schema.org\/image\" title=\"0K3A3915, Ulmer, Jones\" alt=\"Jones und Ulmer harmonieren\" style=\"width: 286px; height: 191px;\" \/> <\/a> <div class=\"tiled-gallery-caption\" itemprop=\"caption description\"> Jones und Ulmer harmonieren <\/div> <\/div> <div class=\"tiled-gallery-item tiled-gallery-item-large\" itemprop=\"associatedMedia\" itemscope itemtype=\"http:\/\/schema.org\/ImageObject\"> <a href=\"https:\/\/www.jazzzeitung.de\/cms\/2015\/02\/james-blood-ulmer-jazzt-durch-bayern\/0k3a3854-dayle-jones\/\" border=\"0\" itemprop=\"url\"> <meta itemprop=\"width\" content=\"286\"> <meta itemprop=\"height\" content=\"190\"> <img decoding=\"async\" class=\"\" data-attachment-id=\"5358\" data-orig-file=\"https:\/\/www.jazzzeitung.de\/cms\/wp-content\/uploads\/2015\/01\/0K3A3854-Dayle-Jones.jpg\" data-orig-size=\"1280,853\" data-comments-opened=\"1\" data-image-meta=\"{&quot;aperture&quot;:&quot;4.5&quot;,&quot;credit&quot;:&quot;&quot;,&quot;camera&quot;:&quot;Canon EOS 5D Mark III&quot;,&quot;caption&quot;:&quot;&quot;,&quot;created_timestamp&quot;:&quot;1422394275&quot;,&quot;copyright&quot;:&quot;&quot;,&quot;focal_length&quot;:&quot;200&quot;,&quot;iso&quot;:&quot;6400&quot;,&quot;shutter_speed&quot;:&quot;0.005&quot;,&quot;title&quot;:&quot;&quot;,&quot;orientation&quot;:&quot;1&quot;}\" data-image-title=\"0K3A3854, Dayle, Jones\" data-image-description=\"\" data-medium-file=\"https:\/\/i0.wp.com\/www.jazzzeitung.de\/cms\/wp-content\/uploads\/2015\/01\/0K3A3854-Dayle-Jones.jpg?fit=300%2C200&#038;ssl=1\" data-large-file=\"https:\/\/i0.wp.com\/www.jazzzeitung.de\/cms\/wp-content\/uploads\/2015\/01\/0K3A3854-Dayle-Jones.jpg?fit=840%2C560&#038;ssl=1\" src=\"https:\/\/i0.wp.com\/www.jazzzeitung.de\/cms\/wp-content\/uploads\/2015\/01\/0K3A3854-Dayle-Jones.jpg?w=286&#038;h=190&#038;ssl=1\" srcset=\"https:\/\/i0.wp.com\/www.jazzzeitung.de\/cms\/wp-content\/uploads\/2015\/01\/0K3A3854-Dayle-Jones.jpg?w=1280&amp;ssl=1 1280w, https:\/\/i0.wp.com\/www.jazzzeitung.de\/cms\/wp-content\/uploads\/2015\/01\/0K3A3854-Dayle-Jones.jpg?resize=300%2C200&amp;ssl=1 300w, https:\/\/i0.wp.com\/www.jazzzeitung.de\/cms\/wp-content\/uploads\/2015\/01\/0K3A3854-Dayle-Jones.jpg?resize=900%2C600&amp;ssl=1 900w\" width=\"286\" height=\"190\" loading=\"lazy\" data-original-width=\"286\" data-original-height=\"190\" itemprop=\"http:\/\/schema.org\/image\" title=\"0K3A3854, Dayle, Jones\" alt=\"Calvon &quot;The Truth&quot; Jones am Bass und Aubrey Dayle an den Drums begleiten den ausdrucksstarken Gitarristen\" style=\"width: 286px; height: 190px;\" \/> <\/a> <div class=\"tiled-gallery-caption\" itemprop=\"caption description\"> Calvon &#8222;The Truth&#8220; Jones am Bass und Aubrey Dayle an den Drums begleiten den ausdrucksstarken Gitarristen <\/div> <\/div> <\/div> <!-- close group --> <div class=\"gallery-group images-1\" style=\"width: 261px; height: 389px;\" data-original-width=\"261\" data-original-height=\"389\" > <div class=\"tiled-gallery-item tiled-gallery-item-large\" itemprop=\"associatedMedia\" itemscope itemtype=\"http:\/\/schema.org\/ImageObject\"> <a href=\"https:\/\/www.jazzzeitung.de\/cms\/2015\/02\/james-blood-ulmer-jazzt-durch-bayern\/0k3a3953-ulmer\/\" border=\"0\" itemprop=\"url\"> <meta itemprop=\"width\" content=\"257\"> <meta itemprop=\"height\" content=\"385\"> <img decoding=\"async\" class=\"\" data-attachment-id=\"5362\" data-orig-file=\"https:\/\/www.jazzzeitung.de\/cms\/wp-content\/uploads\/2015\/01\/0K3A3953-Ulmer.jpg\" data-orig-size=\"853,1280\" data-comments-opened=\"1\" data-image-meta=\"{&quot;aperture&quot;:&quot;5.6&quot;,&quot;credit&quot;:&quot;&quot;,&quot;camera&quot;:&quot;Canon EOS 5D Mark III&quot;,&quot;caption&quot;:&quot;&quot;,&quot;created_timestamp&quot;:&quot;1422396215&quot;,&quot;copyright&quot;:&quot;&quot;,&quot;focal_length&quot;:&quot;300&quot;,&quot;iso&quot;:&quot;10000&quot;,&quot;shutter_speed&quot;:&quot;0.005&quot;,&quot;title&quot;:&quot;&quot;,&quot;orientation&quot;:&quot;1&quot;}\" data-image-title=\"0K3A3953, Ulmer\" data-image-description=\"\" data-medium-file=\"https:\/\/i0.wp.com\/www.jazzzeitung.de\/cms\/wp-content\/uploads\/2015\/01\/0K3A3953-Ulmer.jpg?fit=200%2C300&#038;ssl=1\" data-large-file=\"https:\/\/i0.wp.com\/www.jazzzeitung.de\/cms\/wp-content\/uploads\/2015\/01\/0K3A3953-Ulmer.jpg?fit=400%2C600&#038;ssl=1\" src=\"https:\/\/i0.wp.com\/www.jazzzeitung.de\/cms\/wp-content\/uploads\/2015\/01\/0K3A3953-Ulmer.jpg?w=257&#038;h=385&#038;ssl=1\" srcset=\"https:\/\/i0.wp.com\/www.jazzzeitung.de\/cms\/wp-content\/uploads\/2015\/01\/0K3A3953-Ulmer.jpg?w=853&amp;ssl=1 853w, https:\/\/i0.wp.com\/www.jazzzeitung.de\/cms\/wp-content\/uploads\/2015\/01\/0K3A3953-Ulmer.jpg?resize=200%2C300&amp;ssl=1 200w, https:\/\/i0.wp.com\/www.jazzzeitung.de\/cms\/wp-content\/uploads\/2015\/01\/0K3A3953-Ulmer.jpg?resize=400%2C600&amp;ssl=1 400w\" width=\"257\" height=\"385\" loading=\"lazy\" data-original-width=\"257\" data-original-height=\"385\" itemprop=\"http:\/\/schema.org\/image\" title=\"0K3A3953, Ulmer\" alt=\"Ulmer in einer Spielpause\" style=\"width: 257px; height: 385px;\" \/> <\/a> <div class=\"tiled-gallery-caption\" itemprop=\"caption description\"> Ulmer in einer Spielpause <\/div> <\/div> <\/div> <!-- close group --> <\/div> <!-- close row --> <\/div>\n<p>&nbsp;<\/p>\n","protected":false},"excerpt":{"rendered":"<p>James Blood Ulmer f\u00fcllte die Clubs in Bayern: am 27. Januar in der M\u00fcnchner Unterfahrt (Fotogalerie von Ralf Dombrowski) und am 28. im Jazzclub Regensburg. &nbsp;<\/p>\n","protected":false},"author":18,"featured_media":0,"comment_status":"open","ping_status":"closed","sticky":false,"template":"","format":"standard","meta":{"_jetpack_memberships_contains_paid_content":false,"footnotes":"","jetpack_publicize_message":"","jetpack_publicize_feature_enabled":true,"jetpack_social_post_already_shared":false,"jetpack_social_options":{"image_generator_settings":{"template":"highway","default_image_id":0,"font":"","enabled":false},"version":2}},"categories":[652],"tags":[1192,271,737,873,146,1797,573],"coauthors":[695],"class_list":["post-5357","post","type-post","status-publish","format-standard","hentry","category-galerie","tag-clubs","tag-jazzclub","tag-jazzclub-regensburg","tag-ralf-dombrowksi","tag-dombrowski","tag-regensburg","tag-unterfahrt"],"yoast_head":"<!-- This site is optimized with the Yoast SEO plugin v27.5 - https:\/\/yoast.com\/product\/yoast-seo-wordpress\/ -->\n<title>James Blood Ulmer jazzt durch Bayern - JazzZeitung<\/title>\n<meta name=\"robots\" content=\"index, follow, max-snippet:-1, max-image-preview:large, max-video-preview:-1\" \/>\n<link rel=\"canonical\" href=\"https:\/\/www.jazzzeitung.de\/cms\/2015\/02\/james-blood-ulmer-jazzt-durch-bayern\/\" \/>\n<meta property=\"og:locale\" content=\"de_DE\" \/>\n<meta property=\"og:type\" content=\"article\" \/>\n<meta property=\"og:title\" content=\"James Blood Ulmer jazzt durch Bayern - JazzZeitung\" \/>\n<meta property=\"og:description\" content=\"James Blood Ulmer f\u00fcllte die Clubs in Bayern: am 27. Januar in der M\u00fcnchner Unterfahrt (Fotogalerie von Ralf Dombrowski) und am 28. im Jazzclub Regensburg. &nbsp;\" \/>\n<meta property=\"og:url\" content=\"https:\/\/www.jazzzeitung.de\/cms\/2015\/02\/james-blood-ulmer-jazzt-durch-bayern\/\" \/>\n<meta property=\"og:site_name\" content=\"JazzZeitung\" \/>\n<meta property=\"article:publisher\" content=\"https:\/\/www.facebook.com\/JazzZeitung\/\" \/>\n<meta property=\"article:published_time\" content=\"2015-02-02T09:00:54+00:00\" \/>\n<meta property=\"article:modified_time\" content=\"2015-02-02T09:44:20+00:00\" \/>\n<meta property=\"og:image\" content=\"https:\/\/i0.wp.com\/www.jazzzeitung.de\/cms\/wp-content\/uploads\/2015\/01\/0K3A3838-Dayle-Jones.jpg?w=576&#038;h=384&#038;ssl=1\" \/>\n<meta name=\"author\" content=\"Redaktion JazzZeitung\" \/>\n<script type=\"application\/ld+json\" class=\"yoast-schema-graph\">{\"@context\":\"https:\\\/\\\/schema.org\",\"@graph\":[{\"@type\":\"Article\",\"@id\":\"https:\\\/\\\/www.jazzzeitung.de\\\/cms\\\/2015\\\/02\\\/james-blood-ulmer-jazzt-durch-bayern\\\/#article\",\"isPartOf\":{\"@id\":\"https:\\\/\\\/www.jazzzeitung.de\\\/cms\\\/2015\\\/02\\\/james-blood-ulmer-jazzt-durch-bayern\\\/\"},\"author\":{\"name\":\"Redaktion JazzZeitung\",\"@id\":\"https:\\\/\\\/www.jazzzeitung.de\\\/cms\\\/#\\\/schema\\\/person\\\/2245b36b9cd1d24cea10f01c031fb92b\"},\"headline\":\"James Blood Ulmer jazzt durch Bayern\",\"datePublished\":\"2015-02-02T09:00:54+00:00\",\"dateModified\":\"2015-02-02T09:44:20+00:00\",\"mainEntityOfPage\":{\"@id\":\"https:\\\/\\\/www.jazzzeitung.de\\\/cms\\\/2015\\\/02\\\/james-blood-ulmer-jazzt-durch-bayern\\\/\"},\"wordCount\":38,\"commentCount\":0,\"publisher\":{\"@id\":\"https:\\\/\\\/www.jazzzeitung.de\\\/cms\\\/#organization\"},\"keywords\":[\"Clubs\",\"Jazzclub\",\"Jazzclub Regensburg\",\"Ralf Dombrowksi\",\"Ralf Dombrowski\",\"Regensburg\",\"Unterfahrt\"],\"articleSection\":[\"Galerie\"],\"inLanguage\":\"de\",\"potentialAction\":[{\"@type\":\"CommentAction\",\"name\":\"Comment\",\"target\":[\"https:\\\/\\\/www.jazzzeitung.de\\\/cms\\\/2015\\\/02\\\/james-blood-ulmer-jazzt-durch-bayern\\\/#respond\"]}]},{\"@type\":\"WebPage\",\"@id\":\"https:\\\/\\\/www.jazzzeitung.de\\\/cms\\\/2015\\\/02\\\/james-blood-ulmer-jazzt-durch-bayern\\\/\",\"url\":\"https:\\\/\\\/www.jazzzeitung.de\\\/cms\\\/2015\\\/02\\\/james-blood-ulmer-jazzt-durch-bayern\\\/\",\"name\":\"James Blood Ulmer jazzt durch Bayern - JazzZeitung\",\"isPartOf\":{\"@id\":\"https:\\\/\\\/www.jazzzeitung.de\\\/cms\\\/#website\"},\"datePublished\":\"2015-02-02T09:00:54+00:00\",\"dateModified\":\"2015-02-02T09:44:20+00:00\",\"breadcrumb\":{\"@id\":\"https:\\\/\\\/www.jazzzeitung.de\\\/cms\\\/2015\\\/02\\\/james-blood-ulmer-jazzt-durch-bayern\\\/#breadcrumb\"},\"inLanguage\":\"de\",\"potentialAction\":[{\"@type\":\"ReadAction\",\"target\":[\"https:\\\/\\\/www.jazzzeitung.de\\\/cms\\\/2015\\\/02\\\/james-blood-ulmer-jazzt-durch-bayern\\\/\"]}]},{\"@type\":\"BreadcrumbList\",\"@id\":\"https:\\\/\\\/www.jazzzeitung.de\\\/cms\\\/2015\\\/02\\\/james-blood-ulmer-jazzt-durch-bayern\\\/#breadcrumb\",\"itemListElement\":[{\"@type\":\"ListItem\",\"position\":1,\"name\":\"Startseite\",\"item\":\"https:\\\/\\\/www.jazzzeitung.de\\\/cms\\\/\"},{\"@type\":\"ListItem\",\"position\":2,\"name\":\"James Blood Ulmer jazzt durch Bayern\"}]},{\"@type\":\"WebSite\",\"@id\":\"https:\\\/\\\/www.jazzzeitung.de\\\/cms\\\/#website\",\"url\":\"https:\\\/\\\/www.jazzzeitung.de\\\/cms\\\/\",\"name\":\"JazzZeitung\",\"description\":\"Jazz-News und Jazz-Kontroverses\",\"publisher\":{\"@id\":\"https:\\\/\\\/www.jazzzeitung.de\\\/cms\\\/#organization\"},\"potentialAction\":[{\"@type\":\"SearchAction\",\"target\":{\"@type\":\"EntryPoint\",\"urlTemplate\":\"https:\\\/\\\/www.jazzzeitung.de\\\/cms\\\/?s={search_term_string}\"},\"query-input\":{\"@type\":\"PropertyValueSpecification\",\"valueRequired\":true,\"valueName\":\"search_term_string\"}}],\"inLanguage\":\"de\"},{\"@type\":\"Organization\",\"@id\":\"https:\\\/\\\/www.jazzzeitung.de\\\/cms\\\/#organization\",\"name\":\"JazzZeitung online\",\"url\":\"https:\\\/\\\/www.jazzzeitung.de\\\/cms\\\/\",\"logo\":{\"@type\":\"ImageObject\",\"inLanguage\":\"de\",\"@id\":\"https:\\\/\\\/www.jazzzeitung.de\\\/cms\\\/#\\\/schema\\\/logo\\\/image\\\/\",\"url\":\"https:\\\/\\\/i0.wp.com\\\/www.jazzzeitung.de\\\/cms\\\/wp-content\\\/uploads\\\/2015\\\/08\\\/JAZZZEITUNGDE_Logo_Neu.png?fit=499%2C200&ssl=1\",\"contentUrl\":\"https:\\\/\\\/i0.wp.com\\\/www.jazzzeitung.de\\\/cms\\\/wp-content\\\/uploads\\\/2015\\\/08\\\/JAZZZEITUNGDE_Logo_Neu.png?fit=499%2C200&ssl=1\",\"width\":499,\"height\":200,\"caption\":\"JazzZeitung online\"},\"image\":{\"@id\":\"https:\\\/\\\/www.jazzzeitung.de\\\/cms\\\/#\\\/schema\\\/logo\\\/image\\\/\"},\"sameAs\":[\"https:\\\/\\\/www.facebook.com\\\/JazzZeitung\\\/\"]},{\"@type\":\"Person\",\"@id\":\"https:\\\/\\\/www.jazzzeitung.de\\\/cms\\\/#\\\/schema\\\/person\\\/2245b36b9cd1d24cea10f01c031fb92b\",\"name\":\"Redaktion JazzZeitung\",\"image\":{\"@type\":\"ImageObject\",\"inLanguage\":\"de\",\"@id\":\"https:\\\/\\\/i0.wp.com\\\/www.jazzzeitung.de\\\/cms\\\/wp-content\\\/uploads\\\/2015\\\/08\\\/JAZZZEITUNGDE_Logo_Neu.png?resize=96%2C96&ssl=159975dcacb611b5700bd619b5daf0a7a\",\"url\":\"https:\\\/\\\/i0.wp.com\\\/www.jazzzeitung.de\\\/cms\\\/wp-content\\\/uploads\\\/2015\\\/08\\\/JAZZZEITUNGDE_Logo_Neu.png?resize=96%2C96&ssl=1\",\"contentUrl\":\"https:\\\/\\\/i0.wp.com\\\/www.jazzzeitung.de\\\/cms\\\/wp-content\\\/uploads\\\/2015\\\/08\\\/JAZZZEITUNGDE_Logo_Neu.png?resize=96%2C96&ssl=1\",\"caption\":\"Redaktion JazzZeitung\"},\"description\":\"Artikel der Redaktion der JazzZeitung.\",\"sameAs\":[\"http:\\\/\\\/www.jazzzeitung.de\\\/cms\\\/\"],\"url\":\"https:\\\/\\\/www.jazzzeitung.de\\\/cms\\\/author\\\/redaktion\\\/\"}]}<\/script>\n<!-- \/ Yoast SEO plugin. -->","yoast_head_json":{"title":"James Blood Ulmer jazzt durch Bayern - JazzZeitung","robots":{"index":"index","follow":"follow","max-snippet":"max-snippet:-1","max-image-preview":"max-image-preview:large","max-video-preview":"max-video-preview:-1"},"canonical":"https:\/\/www.jazzzeitung.de\/cms\/2015\/02\/james-blood-ulmer-jazzt-durch-bayern\/","og_locale":"de_DE","og_type":"article","og_title":"James Blood Ulmer jazzt durch Bayern - JazzZeitung","og_description":"James Blood Ulmer f\u00fcllte die Clubs in Bayern: am 27. Januar in der M\u00fcnchner Unterfahrt (Fotogalerie von Ralf Dombrowski) und am 28. im Jazzclub Regensburg. &nbsp;","og_url":"https:\/\/www.jazzzeitung.de\/cms\/2015\/02\/james-blood-ulmer-jazzt-durch-bayern\/","og_site_name":"JazzZeitung","article_publisher":"https:\/\/www.facebook.com\/JazzZeitung\/","article_published_time":"2015-02-02T09:00:54+00:00","article_modified_time":"2015-02-02T09:44:20+00:00","og_image":[{"url":"https:\/\/i0.wp.com\/www.jazzzeitung.de\/cms\/wp-content\/uploads\/2015\/01\/0K3A3838-Dayle-Jones.jpg?w=576&#038;h=384&#038;ssl=1","type":"","width":"","height":""}],"author":"Redaktion JazzZeitung","schema":{"@context":"https:\/\/schema.org","@graph":[{"@type":"Article","@id":"https:\/\/www.jazzzeitung.de\/cms\/2015\/02\/james-blood-ulmer-jazzt-durch-bayern\/#article","isPartOf":{"@id":"https:\/\/www.jazzzeitung.de\/cms\/2015\/02\/james-blood-ulmer-jazzt-durch-bayern\/"},"author":{"name":"Redaktion JazzZeitung","@id":"https:\/\/www.jazzzeitung.de\/cms\/#\/schema\/person\/2245b36b9cd1d24cea10f01c031fb92b"},"headline":"James Blood Ulmer jazzt durch Bayern","datePublished":"2015-02-02T09:00:54+00:00","dateModified":"2015-02-02T09:44:20+00:00","mainEntityOfPage":{"@id":"https:\/\/www.jazzzeitung.de\/cms\/2015\/02\/james-blood-ulmer-jazzt-durch-bayern\/"},"wordCount":38,"commentCount":0,"publisher":{"@id":"https:\/\/www.jazzzeitung.de\/cms\/#organization"},"keywords":["Clubs","Jazzclub","Jazzclub Regensburg","Ralf Dombrowksi","Ralf Dombrowski","Regensburg","Unterfahrt"],"articleSection":["Galerie"],"inLanguage":"de","potentialAction":[{"@type":"CommentAction","name":"Comment","target":["https:\/\/www.jazzzeitung.de\/cms\/2015\/02\/james-blood-ulmer-jazzt-durch-bayern\/#respond"]}]},{"@type":"WebPage","@id":"https:\/\/www.jazzzeitung.de\/cms\/2015\/02\/james-blood-ulmer-jazzt-durch-bayern\/","url":"https:\/\/www.jazzzeitung.de\/cms\/2015\/02\/james-blood-ulmer-jazzt-durch-bayern\/","name":"James Blood Ulmer jazzt durch Bayern - JazzZeitung","isPartOf":{"@id":"https:\/\/www.jazzzeitung.de\/cms\/#website"},"datePublished":"2015-02-02T09:00:54+00:00","dateModified":"2015-02-02T09:44:20+00:00","breadcrumb":{"@id":"https:\/\/www.jazzzeitung.de\/cms\/2015\/02\/james-blood-ulmer-jazzt-durch-bayern\/#breadcrumb"},"inLanguage":"de","potentialAction":[{"@type":"ReadAction","target":["https:\/\/www.jazzzeitung.de\/cms\/2015\/02\/james-blood-ulmer-jazzt-durch-bayern\/"]}]},{"@type":"BreadcrumbList","@id":"https:\/\/www.jazzzeitung.de\/cms\/2015\/02\/james-blood-ulmer-jazzt-durch-bayern\/#breadcrumb","itemListElement":[{"@type":"ListItem","position":1,"name":"Startseite","item":"https:\/\/www.jazzzeitung.de\/cms\/"},{"@type":"ListItem","position":2,"name":"James Blood Ulmer jazzt durch Bayern"}]},{"@type":"WebSite","@id":"https:\/\/www.jazzzeitung.de\/cms\/#website","url":"https:\/\/www.jazzzeitung.de\/cms\/","name":"JazzZeitung","description":"Jazz-News und Jazz-Kontroverses","publisher":{"@id":"https:\/\/www.jazzzeitung.de\/cms\/#organization"},"potentialAction":[{"@type":"SearchAction","target":{"@type":"EntryPoint","urlTemplate":"https:\/\/www.jazzzeitung.de\/cms\/?s={search_term_string}"},"query-input":{"@type":"PropertyValueSpecification","valueRequired":true,"valueName":"search_term_string"}}],"inLanguage":"de"},{"@type":"Organization","@id":"https:\/\/www.jazzzeitung.de\/cms\/#organization","name":"JazzZeitung online","url":"https:\/\/www.jazzzeitung.de\/cms\/","logo":{"@type":"ImageObject","inLanguage":"de","@id":"https:\/\/www.jazzzeitung.de\/cms\/#\/schema\/logo\/image\/","url":"https:\/\/i0.wp.com\/www.jazzzeitung.de\/cms\/wp-content\/uploads\/2015\/08\/JAZZZEITUNGDE_Logo_Neu.png?fit=499%2C200&ssl=1","contentUrl":"https:\/\/i0.wp.com\/www.jazzzeitung.de\/cms\/wp-content\/uploads\/2015\/08\/JAZZZEITUNGDE_Logo_Neu.png?fit=499%2C200&ssl=1","width":499,"height":200,"caption":"JazzZeitung online"},"image":{"@id":"https:\/\/www.jazzzeitung.de\/cms\/#\/schema\/logo\/image\/"},"sameAs":["https:\/\/www.facebook.com\/JazzZeitung\/"]},{"@type":"Person","@id":"https:\/\/www.jazzzeitung.de\/cms\/#\/schema\/person\/2245b36b9cd1d24cea10f01c031fb92b","name":"Redaktion JazzZeitung","image":{"@type":"ImageObject","inLanguage":"de","@id":"https:\/\/i0.wp.com\/www.jazzzeitung.de\/cms\/wp-content\/uploads\/2015\/08\/JAZZZEITUNGDE_Logo_Neu.png?resize=96%2C96&ssl=159975dcacb611b5700bd619b5daf0a7a","url":"https:\/\/i0.wp.com\/www.jazzzeitung.de\/cms\/wp-content\/uploads\/2015\/08\/JAZZZEITUNGDE_Logo_Neu.png?resize=96%2C96&ssl=1","contentUrl":"https:\/\/i0.wp.com\/www.jazzzeitung.de\/cms\/wp-content\/uploads\/2015\/08\/JAZZZEITUNGDE_Logo_Neu.png?resize=96%2C96&ssl=1","caption":"Redaktion JazzZeitung"},"description":"Artikel der Redaktion der JazzZeitung.","sameAs":["http:\/\/www.jazzzeitung.de\/cms\/"],"url":"https:\/\/www.jazzzeitung.de\/cms\/author\/redaktion\/"}]}},"wp-worthy-pixel":{"ignored":false,"public":null,"server":null,"url":null},"wp-worthy-type":"normal","jetpack_publicize_connections":[],"cc_featured_image_caption":{"caption_text":false,"source_text":false,"source_url":false},"jetpack_featured_media_url":"","jetpack_shortlink":"https:\/\/wp.me\/p3KEcT-1op","jetpack-related-posts":[{"id":6071,"url":"https:\/\/www.jazzzeitung.de\/cms\/2015\/05\/lag-jazzpreis-2015-das-konstantin-herleinsberger-4tet-im-herbst-auf-bayerntour\/","url_meta":{"origin":5357,"position":0},"title":"LAG-Jazzpreis 2015: Das \u201eKonstantin Herleinsberger 4tet\u201c im Herbst auf Bayerntour","author":"Redaktion JazzZeitung","date":"6. Mai 2015","format":false,"excerpt":"Mit einer Fotogalerie von Ralf Dombrowski - Im Herbst wird das Quartett des jungen N\u00fcrnberger Saxophonisten Konstantin Herleinsberger den LAG-Jazzpreis einl\u00f6sen, den es am 28.4. beim Hansj\u00fcrg Hensler Wettbewerb im Rahmen des Kemptener Jazz-Fr\u00fchlings gewonnen hat. Der Preis ist eine Tournee durch bayerische Jazzclubs, die von der Landesarbeitsgemeinschaft (LAG) Jazz\u2026","rel":"","context":"In &quot;Bericht&quot;","block_context":{"text":"Bericht","link":"https:\/\/www.jazzzeitung.de\/cms\/thema\/bericht\/"},"img":{"alt_text":"","src":"https:\/\/i0.wp.com\/www.jazzzeitung.de\/cms\/wp-content\/uploads\/2015\/05\/0K3A3551-Jury-dombr.jpg?resize=350%2C200","width":350,"height":200,"srcset":"https:\/\/i0.wp.com\/www.jazzzeitung.de\/cms\/wp-content\/uploads\/2015\/05\/0K3A3551-Jury-dombr.jpg?resize=350%2C200 1x, https:\/\/i0.wp.com\/www.jazzzeitung.de\/cms\/wp-content\/uploads\/2015\/05\/0K3A3551-Jury-dombr.jpg?resize=525%2C300 1.5x, https:\/\/i0.wp.com\/www.jazzzeitung.de\/cms\/wp-content\/uploads\/2015\/05\/0K3A3551-Jury-dombr.jpg?resize=700%2C400 2x, https:\/\/i0.wp.com\/www.jazzzeitung.de\/cms\/wp-content\/uploads\/2015\/05\/0K3A3551-Jury-dombr.jpg?resize=1050%2C600 3x"},"classes":[]},{"id":28546,"url":"https:\/\/www.jazzzeitung.de\/cms\/2022\/10\/iiro-rantalas-flock-gestern-in-der-muenchener-unterfahrt-heute-im-jazzclub-leerer-beutel-in-regensburg\/","url_meta":{"origin":5357,"position":1},"title":"Iiro Rantala\u2019s FLOCK &#8211; gestern in der M\u00fcnchener Unterfahrt, heute im Jazzclub Leerer Beutel in Regensburg","author":"Redaktion JazzZeitung","date":"27. Oktober 2022","format":false,"excerpt":"Veranstalten wird immer mehr zum Abenteuer. Der Vorverkauf zum Beispiel erweist sich inzwischen als Auslaufmodell. Zuschauer:innen entschlie\u00dfen sich immer kurzfristiger zum Kulturgenuss, mal abgesehen vom Partysegment. Die Kalkulierbarkeit von Tourneen nimmt ab, der Geldwert auch, es hagelt bereits Absagen zugunsten der Streaming-Couch. Reisen wird schwieriger, von Flugscham bis zur Versp\u00e4tungslotterie\u2026","rel":"","context":"In &quot;Bericht&quot;","block_context":{"text":"Bericht","link":"https:\/\/www.jazzzeitung.de\/cms\/thema\/bericht\/"},"img":{"alt_text":"","src":"https:\/\/i0.wp.com\/www.jazzzeitung.de\/cms\/wp-content\/uploads\/2022\/10\/DSC00944.jpg?fit=1200%2C800&ssl=1&resize=350%2C200","width":350,"height":200,"srcset":"https:\/\/i0.wp.com\/www.jazzzeitung.de\/cms\/wp-content\/uploads\/2022\/10\/DSC00944.jpg?fit=1200%2C800&ssl=1&resize=350%2C200 1x, https:\/\/i0.wp.com\/www.jazzzeitung.de\/cms\/wp-content\/uploads\/2022\/10\/DSC00944.jpg?fit=1200%2C800&ssl=1&resize=525%2C300 1.5x, https:\/\/i0.wp.com\/www.jazzzeitung.de\/cms\/wp-content\/uploads\/2022\/10\/DSC00944.jpg?fit=1200%2C800&ssl=1&resize=700%2C400 2x, https:\/\/i0.wp.com\/www.jazzzeitung.de\/cms\/wp-content\/uploads\/2022\/10\/DSC00944.jpg?fit=1200%2C800&ssl=1&resize=1050%2C600 3x"},"classes":[]},{"id":4332,"url":"https:\/\/www.jazzzeitung.de\/cms\/2014\/07\/4332\/","url_meta":{"origin":5357,"position":2},"title":"LAG-Jazzpreis: Jilman Zilman im Herbst auf Bayerntour","author":"Andreas Kolb","date":"24. Juli 2014","format":false,"excerpt":"Im Herbst kann \u201eJilman Zilman\u201c, die Band des Augsburger Schlagzeugers Tilman Herpichb\u00f6hm, den LAG-Jazzpreis einl\u00f6sen, den sie Mitte des Jahres beim Hansj\u00fcrg Hensler Wettbewerb in Kempten gewonnen hat. Der Preis ist eine Tour durch bayerische Jazzclubs, die von der Landesarbeitsgemeinschaft (LAG) Jazz in Bayern e.V. organisiert worden ist. Vom 30.\u2026","rel":"","context":"In &quot;News&quot;","block_context":{"text":"News","link":"https:\/\/www.jazzzeitung.de\/cms\/thema\/nachrichten\/"},"img":{"alt_text":"Jilman Zilman live. Foto: Ralf Dombrowksi","src":"https:\/\/i0.wp.com\/www.jazzzeitung.de\/cms\/wp-content\/uploads\/2014\/07\/Jilman-Zilman-Credit-Ralf-Dombrowski.jpg?fit=1200%2C800&ssl=1&resize=350%2C200","width":350,"height":200,"srcset":"https:\/\/i0.wp.com\/www.jazzzeitung.de\/cms\/wp-content\/uploads\/2014\/07\/Jilman-Zilman-Credit-Ralf-Dombrowski.jpg?fit=1200%2C800&ssl=1&resize=350%2C200 1x, https:\/\/i0.wp.com\/www.jazzzeitung.de\/cms\/wp-content\/uploads\/2014\/07\/Jilman-Zilman-Credit-Ralf-Dombrowski.jpg?fit=1200%2C800&ssl=1&resize=525%2C300 1.5x, https:\/\/i0.wp.com\/www.jazzzeitung.de\/cms\/wp-content\/uploads\/2014\/07\/Jilman-Zilman-Credit-Ralf-Dombrowski.jpg?fit=1200%2C800&ssl=1&resize=700%2C400 2x, https:\/\/i0.wp.com\/www.jazzzeitung.de\/cms\/wp-content\/uploads\/2014\/07\/Jilman-Zilman-Credit-Ralf-Dombrowski.jpg?fit=1200%2C800&ssl=1&resize=1050%2C600 3x"},"classes":[]},{"id":10269,"url":"https:\/\/www.jazzzeitung.de\/cms\/2016\/10\/iyer-trio\/","url_meta":{"origin":5357,"position":3},"title":"Galerie: Iyer Trio im Jazzclub Unterfahrt in M\u00fcnchen","author":"Redaktion JazzZeitung","date":"18. Oktober 2016","format":false,"excerpt":"Der vom \"Down Beat Magazine\" mehrfach zum \"Artist of the Year\" gew\u00e4hlte Pianist Vijay Iyer war am 4. Oktober mit seinem Trio (Stephan Crump am Bass und Justin Brown an den Drums) zu Gast im Jazzclub Unterfahrt in M\u00fcnchen. Zu h\u00f6ren gab es spielfreudigen Jazz bis an die Grenzen des\u2026","rel":"","context":"In &quot;Galerie&quot;","block_context":{"text":"Galerie","link":"https:\/\/www.jazzzeitung.de\/cms\/thema\/galerie\/"},"img":{"alt_text":"","src":"https:\/\/i0.wp.com\/www.jazzzeitung.de\/cms\/wp-content\/uploads\/2016\/10\/0K3A7777-Iyer-dombr.jpg?fit=900%2C1200&ssl=1&resize=350%2C200","width":350,"height":200,"srcset":"https:\/\/i0.wp.com\/www.jazzzeitung.de\/cms\/wp-content\/uploads\/2016\/10\/0K3A7777-Iyer-dombr.jpg?fit=900%2C1200&ssl=1&resize=350%2C200 1x, https:\/\/i0.wp.com\/www.jazzzeitung.de\/cms\/wp-content\/uploads\/2016\/10\/0K3A7777-Iyer-dombr.jpg?fit=900%2C1200&ssl=1&resize=525%2C300 1.5x, https:\/\/i0.wp.com\/www.jazzzeitung.de\/cms\/wp-content\/uploads\/2016\/10\/0K3A7777-Iyer-dombr.jpg?fit=900%2C1200&ssl=1&resize=700%2C400 2x"},"classes":[]},{"id":10574,"url":"https:\/\/www.jazzzeitung.de\/cms\/2016\/11\/galerie-uri-cane-trio\/","url_meta":{"origin":5357,"position":4},"title":"Galerie: das Uri Caine Trio im Jazzclub Unterfahrt M\u00fcnchen","author":"Redaktion JazzZeitung","date":"1. November 2016","format":false,"excerpt":"Ausgefeilte harmonische, melodische und rhythmische Strukturen pr\u00e4sentierte das Uri Caine Trio am 13. Oktober im Jazzclub Unterfahrt in M\u00fcnchen bei der Vorstellung des neuen Albums \"Calibrated Thickness\" (Winter&Winter). Ralf Dombrowski war mit der Kamera vor Ort. \u00a0","rel":"","context":"In &quot;Galerie&quot;","block_context":{"text":"Galerie","link":"https:\/\/www.jazzzeitung.de\/cms\/thema\/galerie\/"},"img":{"alt_text":"","src":"https:\/\/i0.wp.com\/www.jazzzeitung.de\/cms\/wp-content\/uploads\/2016\/10\/0K3A0554-Caine-Dombr.jpg?resize=350%2C200","width":350,"height":200,"srcset":"https:\/\/i0.wp.com\/www.jazzzeitung.de\/cms\/wp-content\/uploads\/2016\/10\/0K3A0554-Caine-Dombr.jpg?resize=350%2C200 1x, https:\/\/i0.wp.com\/www.jazzzeitung.de\/cms\/wp-content\/uploads\/2016\/10\/0K3A0554-Caine-Dombr.jpg?resize=525%2C300 1.5x, https:\/\/i0.wp.com\/www.jazzzeitung.de\/cms\/wp-content\/uploads\/2016\/10\/0K3A0554-Caine-Dombr.jpg?resize=700%2C400 2x, https:\/\/i0.wp.com\/www.jazzzeitung.de\/cms\/wp-content\/uploads\/2016\/10\/0K3A0554-Caine-Dombr.jpg?resize=1050%2C600 3x"},"classes":[]},{"id":10943,"url":"https:\/\/www.jazzzeitung.de\/cms\/2016\/11\/galerie-julian-lage-trio-in-der-muenchner-unterfahrt\/","url_meta":{"origin":5357,"position":5},"title":"Galerie: Julian Lage Trio in der M\u00fcnchner Unterfahrt","author":"Redaktion JazzZeitung","date":"13. November 2016","format":false,"excerpt":"Bluegrass, Country, Jazz, klassische Musik und vieles mehr findet sich in der Musik des amerikanischen Gitarristen Julian Lage aufs Friedlichste vereint. Gelernt hat er unter anderem in \u201eGary Burton's Next Generation Quintet\u201c und reiht sich damit in die Reihe der Weltklasse-Gitarristen ein, die von Burton \"entdeckt\" wurden: Pat Metheny, John\u2026","rel":"","context":"In &quot;Galerie&quot;","block_context":{"text":"Galerie","link":"https:\/\/www.jazzzeitung.de\/cms\/thema\/galerie\/"},"img":{"alt_text":"","src":"https:\/\/i0.wp.com\/www.jazzzeitung.de\/cms\/wp-content\/uploads\/2016\/11\/0K3A4453-Doob-dombr.jpg?resize=350%2C200","width":350,"height":200,"srcset":"https:\/\/i0.wp.com\/www.jazzzeitung.de\/cms\/wp-content\/uploads\/2016\/11\/0K3A4453-Doob-dombr.jpg?resize=350%2C200 1x, https:\/\/i0.wp.com\/www.jazzzeitung.de\/cms\/wp-content\/uploads\/2016\/11\/0K3A4453-Doob-dombr.jpg?resize=525%2C300 1.5x, https:\/\/i0.wp.com\/www.jazzzeitung.de\/cms\/wp-content\/uploads\/2016\/11\/0K3A4453-Doob-dombr.jpg?resize=700%2C400 2x, https:\/\/i0.wp.com\/www.jazzzeitung.de\/cms\/wp-content\/uploads\/2016\/11\/0K3A4453-Doob-dombr.jpg?resize=1050%2C600 3x"},"classes":[]}],"jetpack_sharing_enabled":true,"_links":{"self":[{"href":"https:\/\/www.jazzzeitung.de\/cms\/wp-json\/wp\/v2\/posts\/5357","targetHints":{"allow":["GET"]}}],"collection":[{"href":"https:\/\/www.jazzzeitung.de\/cms\/wp-json\/wp\/v2\/posts"}],"about":[{"href":"https:\/\/www.jazzzeitung.de\/cms\/wp-json\/wp\/v2\/types\/post"}],"author":[{"embeddable":true,"href":"https:\/\/www.jazzzeitung.de\/cms\/wp-json\/wp\/v2\/users\/18"}],"replies":[{"embeddable":true,"href":"https:\/\/www.jazzzeitung.de\/cms\/wp-json\/wp\/v2\/comments?post=5357"}],"version-history":[{"count":2,"href":"https:\/\/www.jazzzeitung.de\/cms\/wp-json\/wp\/v2\/posts\/5357\/revisions"}],"predecessor-version":[{"id":5379,"href":"https:\/\/www.jazzzeitung.de\/cms\/wp-json\/wp\/v2\/posts\/5357\/revisions\/5379"}],"wp:attachment":[{"href":"https:\/\/www.jazzzeitung.de\/cms\/wp-json\/wp\/v2\/media?parent=5357"}],"wp:term":[{"taxonomy":"category","embeddable":true,"href":"https:\/\/www.jazzzeitung.de\/cms\/wp-json\/wp\/v2\/categories?post=5357"},{"taxonomy":"post_tag","embeddable":true,"href":"https:\/\/www.jazzzeitung.de\/cms\/wp-json\/wp\/v2\/tags?post=5357"},{"taxonomy":"author","embeddable":true,"href":"https:\/\/www.jazzzeitung.de\/cms\/wp-json\/wp\/v2\/coauthors?post=5357"}],"curies":[{"name":"wp","href":"https:\/\/api.w.org\/{rel}","templated":true}]}}