{"id":5354,"date":"2015-02-01T11:00:47","date_gmt":"2015-02-01T10:00:47","guid":{"rendered":"http:\/\/www.jazzzeitung.de\/cms\/?p=5354"},"modified":"2015-02-01T11:40:44","modified_gmt":"2015-02-01T10:40:44","slug":"das-lukas-brenner-trio-ochsenhausen","status":"publish","type":"post","link":"https:\/\/www.jazzzeitung.de\/cms\/2015\/02\/das-lukas-brenner-trio-ochsenhausen\/","title":{"rendered":"Das Lukas Brenner Trio in  Ochsenhausen"},"content":{"rendered":"<figure id=\"attachment_5355\" aria-describedby=\"caption-attachment-5355\" style=\"width: 150px\" class=\"wp-caption alignright\"><a href=\"https:\/\/i0.wp.com\/www.jazzzeitung.de\/cms\/wp-content\/uploads\/2015\/01\/image3.jpeg\"><img data-recalc-dims=\"1\" loading=\"lazy\" decoding=\"async\" data-attachment-id=\"5355\" data-permalink=\"https:\/\/www.jazzzeitung.de\/cms\/2015\/02\/das-lukas-brenner-trio-ochsenhausen\/image3\/\" data-orig-file=\"https:\/\/i0.wp.com\/www.jazzzeitung.de\/cms\/wp-content\/uploads\/2015\/01\/image3.jpeg?fit=3264%2C2448&amp;ssl=1\" data-orig-size=\"3264,2448\" data-comments-opened=\"1\" data-image-meta=\"{&quot;aperture&quot;:&quot;2.2&quot;,&quot;credit&quot;:&quot;&quot;,&quot;camera&quot;:&quot;iPhone 5s&quot;,&quot;caption&quot;:&quot;&quot;,&quot;created_timestamp&quot;:&quot;1422384098&quot;,&quot;copyright&quot;:&quot;&quot;,&quot;focal_length&quot;:&quot;4.15&quot;,&quot;iso&quot;:&quot;200&quot;,&quot;shutter_speed&quot;:&quot;0.033333333333333&quot;,&quot;title&quot;:&quot;&quot;,&quot;orientation&quot;:&quot;1&quot;}\" data-image-title=\"image3\" data-image-description=\"\" data-image-caption=\"&lt;p&gt;Das Lukas Brenner Trio beim Auftritt&lt;br \/&gt;\nFoto: J\u00f6rg Lohner&lt;\/p&gt;\n\" data-large-file=\"https:\/\/i0.wp.com\/www.jazzzeitung.de\/cms\/wp-content\/uploads\/2015\/01\/image3.jpeg?fit=800%2C600&amp;ssl=1\" class=\"size-thumbnail wp-image-5355\" src=\"https:\/\/i0.wp.com\/www.jazzzeitung.de\/cms\/wp-content\/uploads\/2015\/01\/image3-150x150.jpeg?resize=150%2C150\" alt=\"Das Lukas Brenner Trio beim Auftritt Foto: J\u00f6rg Lohner\" width=\"150\" height=\"150\" srcset=\"https:\/\/i0.wp.com\/www.jazzzeitung.de\/cms\/wp-content\/uploads\/2015\/01\/image3.jpeg?resize=150%2C150&amp;ssl=1 150w, https:\/\/i0.wp.com\/www.jazzzeitung.de\/cms\/wp-content\/uploads\/2015\/01\/image3.jpeg?resize=144%2C144&amp;ssl=1 144w, https:\/\/i0.wp.com\/www.jazzzeitung.de\/cms\/wp-content\/uploads\/2015\/01\/image3.jpeg?resize=96%2C96&amp;ssl=1 96w, https:\/\/i0.wp.com\/www.jazzzeitung.de\/cms\/wp-content\/uploads\/2015\/01\/image3.jpeg?resize=24%2C24&amp;ssl=1 24w, https:\/\/i0.wp.com\/www.jazzzeitung.de\/cms\/wp-content\/uploads\/2015\/01\/image3.jpeg?resize=36%2C36&amp;ssl=1 36w, https:\/\/i0.wp.com\/www.jazzzeitung.de\/cms\/wp-content\/uploads\/2015\/01\/image3.jpeg?resize=48%2C48&amp;ssl=1 48w, https:\/\/i0.wp.com\/www.jazzzeitung.de\/cms\/wp-content\/uploads\/2015\/01\/image3.jpeg?resize=64%2C64&amp;ssl=1 64w, https:\/\/i0.wp.com\/www.jazzzeitung.de\/cms\/wp-content\/uploads\/2015\/01\/image3.jpeg?resize=32%2C32&amp;ssl=1 32w, https:\/\/i0.wp.com\/www.jazzzeitung.de\/cms\/wp-content\/uploads\/2015\/01\/image3.jpeg?resize=128%2C128&amp;ssl=1 128w, https:\/\/i0.wp.com\/www.jazzzeitung.de\/cms\/wp-content\/uploads\/2015\/01\/image3.jpeg?zoom=2&amp;resize=150%2C150&amp;ssl=1 300w, https:\/\/i0.wp.com\/www.jazzzeitung.de\/cms\/wp-content\/uploads\/2015\/01\/image3.jpeg?zoom=3&amp;resize=150%2C150&amp;ssl=1 450w\" sizes=\"auto, (max-width: 150px) 100vw, 150px\" \/><\/a><figcaption id=\"caption-attachment-5355\" class=\"wp-caption-text\">Das Lukas Brenner Trio beim Auftritt<br \/>Foto: J\u00f6rg Lohner<\/figcaption><\/figure>\n<p>Von Andreas Kolb &#8211; Zuerst waren da die Geige und das Schulmusikstudium an der Musikhochschule Stuttgart. Doch das war Lukas Brenner nicht genug: Er studierte Jazzklavier und ist seit f\u00fcnf Jahren mit seinem eigenen, dem Lukas Brenner Trio unterwegs. Gemeinsam mit Nico Amrehn (Bass) und Felix Schrack (Schlagzeug) war Brenner am 27. Januar von Stuttgart nach Oberschwaben in die Landesakademie f\u00fcr die musizierende Jugend in Baden-W\u00fcrttemberg gekommen, um im legend\u00e4ren Bibliothekssaal des ehemaligen Klosters ein Festkonzert der besonderen Art zugeben.<\/p>\n<p>Der Arbeitskreis der Musikbildungsst\u00e4tten in Deutschland feierte an diesem Tag sein 30-j\u00e4hriges Bestehen sowie die Neugr\u00fcndung eines Verbands der Bundes- und Landesakademien.<\/p>\n<p>In der Atmosph\u00e4re eines Privatkonzertes wie es die \u00c4bte in barocken fr\u00fcheren Zeiten pflegten, entf\u00fchrte das Brenner Trio die rund 20 Akademiedirektoren in eine Jazz-Klangwelt, die nicht nur von Standards wie \u201eSomeday my Prince will come\u201c oder \u201eStella by Starlight\u201c inspiriert war, sondern vor allem durch die Eigenkompositionen des jungen Pianisten gepr\u00e4gt. Das Konzert im Stil moderner Klassik pr\u00e4sentierte Melodisches, inspiriert von den Beatles, den Modi eines Olivier Messiaen und dem Spielgestus der \u201eJungen Lyrischen\u201c.<\/p>\n<p>&nbsp;<\/p>\n","protected":false},"excerpt":{"rendered":"<p>Von Andreas Kolb &#8211; Zuerst waren da die Geige und das Schulmusikstudium an der Musikhochschule Stuttgart. Doch das war Lukas Brenner nicht genug: Er studierte Jazzklavier und ist seit f\u00fcnf Jahren mit seinem eigenen, dem Lukas Brenner Trio unterwegs. Gemeinsam mit Nico Amrehn (Bass) und Felix Schrack (Schlagzeug) war Brenner am 27. Januar von Stuttgart nach Oberschwaben in die Landesakademie f\u00fcr die musizierende Jugend in Baden-W\u00fcrttemberg gekommen, um im legend\u00e4ren Bibliothekssaal des ehemaligen Klosters ein Festkonzert der besonderen Art zugeben. Der Arbeitskreis der Musikbildungsst\u00e4tten in Deutschland feierte an diesem Tag sein 30-j\u00e4hriges Bestehen sowie die Neugr\u00fcndung eines Verbands der Bundes- und Landesakademien. In der Atmosph\u00e4re eines Privatkonzertes wie es die \u00c4bte in barocken fr\u00fcheren Zeiten pflegten, entf\u00fchrte das Brenner Trio die rund 20 Akademiedirektoren in eine Jazz-Klangwelt, die nicht nur von Standards wie \u201eSomeday my Prince will come\u201c oder \u201eStella by Starlight\u201c inspiriert war, sondern vor allem durch die Eigenkompositionen des jungen Pianisten gepr\u00e4gt. Das Konzert im Stil moderner Klassik pr\u00e4sentierte Melodisches, inspiriert von den Beatles, den Modi eines Olivier Messiaen und dem Spielgestus der \u201eJungen Lyrischen\u201c. &nbsp;<\/p>\n","protected":false},"author":18,"featured_media":0,"comment_status":"open","ping_status":"closed","sticky":false,"template":"","format":"standard","meta":{"_jetpack_memberships_contains_paid_content":false,"footnotes":"","jetpack_publicize_message":"","jetpack_publicize_feature_enabled":true,"jetpack_social_post_already_shared":false,"jetpack_social_options":{"image_generator_settings":{"template":"highway","default_image_id":0,"font":"","enabled":false},"version":2}},"categories":[1053],"tags":[621,137,316,322],"coauthors":[695],"class_list":["post-5354","post","type-post","status-publish","format-standard","hentry","category-bericht","tag-andreas-kolb","tag-deutschland","tag-klassik","tag-konzert-2"],"yoast_head":"<!-- This site is optimized with the Yoast SEO plugin v27.5 - https:\/\/yoast.com\/product\/yoast-seo-wordpress\/ -->\n<title>Das Lukas Brenner Trio in Ochsenhausen - JazzZeitung<\/title>\n<meta name=\"robots\" content=\"index, follow, max-snippet:-1, max-image-preview:large, max-video-preview:-1\" \/>\n<link rel=\"canonical\" href=\"https:\/\/www.jazzzeitung.de\/cms\/2015\/02\/das-lukas-brenner-trio-ochsenhausen\/\" \/>\n<meta property=\"og:locale\" content=\"de_DE\" \/>\n<meta property=\"og:type\" content=\"article\" \/>\n<meta property=\"og:title\" content=\"Das Lukas Brenner Trio in Ochsenhausen - JazzZeitung\" \/>\n<meta property=\"og:description\" content=\"Von Andreas Kolb &#8211; Zuerst waren da die Geige und das Schulmusikstudium an der Musikhochschule Stuttgart. Doch das war Lukas Brenner nicht genug: Er studierte Jazzklavier und ist seit f\u00fcnf Jahren mit seinem eigenen, dem Lukas Brenner Trio unterwegs. Gemeinsam mit Nico Amrehn (Bass) und Felix Schrack (Schlagzeug) war Brenner am 27. Januar von Stuttgart nach Oberschwaben in die Landesakademie f\u00fcr die musizierende Jugend in Baden-W\u00fcrttemberg gekommen, um im legend\u00e4ren Bibliothekssaal des ehemaligen Klosters ein Festkonzert der besonderen Art zugeben. Der Arbeitskreis der Musikbildungsst\u00e4tten in Deutschland feierte an diesem Tag sein 30-j\u00e4hriges Bestehen sowie die Neugr\u00fcndung eines Verbands der Bundes- und Landesakademien. In der Atmosph\u00e4re eines Privatkonzertes wie es die \u00c4bte in barocken fr\u00fcheren Zeiten pflegten, entf\u00fchrte das Brenner Trio die rund 20 Akademiedirektoren in eine Jazz-Klangwelt, die nicht nur von Standards wie \u201eSomeday my Prince will come\u201c oder \u201eStella by Starlight\u201c inspiriert war, sondern vor allem durch die Eigenkompositionen des jungen Pianisten gepr\u00e4gt. Das Konzert im Stil moderner Klassik pr\u00e4sentierte Melodisches, inspiriert von den Beatles, den Modi eines Olivier Messiaen und dem Spielgestus der \u201eJungen Lyrischen\u201c. &nbsp;\" \/>\n<meta property=\"og:url\" content=\"https:\/\/www.jazzzeitung.de\/cms\/2015\/02\/das-lukas-brenner-trio-ochsenhausen\/\" \/>\n<meta property=\"og:site_name\" content=\"JazzZeitung\" \/>\n<meta property=\"article:publisher\" content=\"https:\/\/www.facebook.com\/JazzZeitung\/\" \/>\n<meta property=\"article:published_time\" content=\"2015-02-01T10:00:47+00:00\" \/>\n<meta property=\"article:modified_time\" content=\"2015-02-01T10:40:44+00:00\" \/>\n<meta property=\"og:image\" content=\"http:\/\/www.jazzzeitung.de\/cms\/wp-content\/uploads\/2015\/01\/image3-150x150.jpeg\" \/>\n<meta name=\"author\" content=\"Redaktion JazzZeitung\" \/>\n<script type=\"application\/ld+json\" class=\"yoast-schema-graph\">{\"@context\":\"https:\\\/\\\/schema.org\",\"@graph\":[{\"@type\":\"Article\",\"@id\":\"https:\\\/\\\/www.jazzzeitung.de\\\/cms\\\/2015\\\/02\\\/das-lukas-brenner-trio-ochsenhausen\\\/#article\",\"isPartOf\":{\"@id\":\"https:\\\/\\\/www.jazzzeitung.de\\\/cms\\\/2015\\\/02\\\/das-lukas-brenner-trio-ochsenhausen\\\/\"},\"author\":{\"name\":\"Redaktion JazzZeitung\",\"@id\":\"https:\\\/\\\/www.jazzzeitung.de\\\/cms\\\/#\\\/schema\\\/person\\\/2245b36b9cd1d24cea10f01c031fb92b\"},\"headline\":\"Das Lukas Brenner Trio in Ochsenhausen\",\"datePublished\":\"2015-02-01T10:00:47+00:00\",\"dateModified\":\"2015-02-01T10:40:44+00:00\",\"mainEntityOfPage\":{\"@id\":\"https:\\\/\\\/www.jazzzeitung.de\\\/cms\\\/2015\\\/02\\\/das-lukas-brenner-trio-ochsenhausen\\\/\"},\"wordCount\":210,\"commentCount\":0,\"publisher\":{\"@id\":\"https:\\\/\\\/www.jazzzeitung.de\\\/cms\\\/#organization\"},\"image\":{\"@id\":\"https:\\\/\\\/www.jazzzeitung.de\\\/cms\\\/2015\\\/02\\\/das-lukas-brenner-trio-ochsenhausen\\\/#primaryimage\"},\"thumbnailUrl\":\"http:\\\/\\\/www.jazzzeitung.de\\\/cms\\\/wp-content\\\/uploads\\\/2015\\\/01\\\/image3-150x150.jpeg\",\"keywords\":[\"Andreas Kolb\",\"Deutschland\",\"Klassik\",\"Konzert\"],\"articleSection\":[\"Bericht\"],\"inLanguage\":\"de\",\"potentialAction\":[{\"@type\":\"CommentAction\",\"name\":\"Comment\",\"target\":[\"https:\\\/\\\/www.jazzzeitung.de\\\/cms\\\/2015\\\/02\\\/das-lukas-brenner-trio-ochsenhausen\\\/#respond\"]}]},{\"@type\":\"WebPage\",\"@id\":\"https:\\\/\\\/www.jazzzeitung.de\\\/cms\\\/2015\\\/02\\\/das-lukas-brenner-trio-ochsenhausen\\\/\",\"url\":\"https:\\\/\\\/www.jazzzeitung.de\\\/cms\\\/2015\\\/02\\\/das-lukas-brenner-trio-ochsenhausen\\\/\",\"name\":\"Das Lukas Brenner Trio in Ochsenhausen - JazzZeitung\",\"isPartOf\":{\"@id\":\"https:\\\/\\\/www.jazzzeitung.de\\\/cms\\\/#website\"},\"primaryImageOfPage\":{\"@id\":\"https:\\\/\\\/www.jazzzeitung.de\\\/cms\\\/2015\\\/02\\\/das-lukas-brenner-trio-ochsenhausen\\\/#primaryimage\"},\"image\":{\"@id\":\"https:\\\/\\\/www.jazzzeitung.de\\\/cms\\\/2015\\\/02\\\/das-lukas-brenner-trio-ochsenhausen\\\/#primaryimage\"},\"thumbnailUrl\":\"http:\\\/\\\/www.jazzzeitung.de\\\/cms\\\/wp-content\\\/uploads\\\/2015\\\/01\\\/image3-150x150.jpeg\",\"datePublished\":\"2015-02-01T10:00:47+00:00\",\"dateModified\":\"2015-02-01T10:40:44+00:00\",\"breadcrumb\":{\"@id\":\"https:\\\/\\\/www.jazzzeitung.de\\\/cms\\\/2015\\\/02\\\/das-lukas-brenner-trio-ochsenhausen\\\/#breadcrumb\"},\"inLanguage\":\"de\",\"potentialAction\":[{\"@type\":\"ReadAction\",\"target\":[\"https:\\\/\\\/www.jazzzeitung.de\\\/cms\\\/2015\\\/02\\\/das-lukas-brenner-trio-ochsenhausen\\\/\"]}]},{\"@type\":\"ImageObject\",\"inLanguage\":\"de\",\"@id\":\"https:\\\/\\\/www.jazzzeitung.de\\\/cms\\\/2015\\\/02\\\/das-lukas-brenner-trio-ochsenhausen\\\/#primaryimage\",\"url\":\"http:\\\/\\\/www.jazzzeitung.de\\\/cms\\\/wp-content\\\/uploads\\\/2015\\\/01\\\/image3-150x150.jpeg\",\"contentUrl\":\"http:\\\/\\\/www.jazzzeitung.de\\\/cms\\\/wp-content\\\/uploads\\\/2015\\\/01\\\/image3-150x150.jpeg\"},{\"@type\":\"BreadcrumbList\",\"@id\":\"https:\\\/\\\/www.jazzzeitung.de\\\/cms\\\/2015\\\/02\\\/das-lukas-brenner-trio-ochsenhausen\\\/#breadcrumb\",\"itemListElement\":[{\"@type\":\"ListItem\",\"position\":1,\"name\":\"Startseite\",\"item\":\"https:\\\/\\\/www.jazzzeitung.de\\\/cms\\\/\"},{\"@type\":\"ListItem\",\"position\":2,\"name\":\"Das Lukas Brenner Trio in Ochsenhausen\"}]},{\"@type\":\"WebSite\",\"@id\":\"https:\\\/\\\/www.jazzzeitung.de\\\/cms\\\/#website\",\"url\":\"https:\\\/\\\/www.jazzzeitung.de\\\/cms\\\/\",\"name\":\"JazzZeitung\",\"description\":\"Jazz-News und Jazz-Kontroverses\",\"publisher\":{\"@id\":\"https:\\\/\\\/www.jazzzeitung.de\\\/cms\\\/#organization\"},\"potentialAction\":[{\"@type\":\"SearchAction\",\"target\":{\"@type\":\"EntryPoint\",\"urlTemplate\":\"https:\\\/\\\/www.jazzzeitung.de\\\/cms\\\/?s={search_term_string}\"},\"query-input\":{\"@type\":\"PropertyValueSpecification\",\"valueRequired\":true,\"valueName\":\"search_term_string\"}}],\"inLanguage\":\"de\"},{\"@type\":\"Organization\",\"@id\":\"https:\\\/\\\/www.jazzzeitung.de\\\/cms\\\/#organization\",\"name\":\"JazzZeitung online\",\"url\":\"https:\\\/\\\/www.jazzzeitung.de\\\/cms\\\/\",\"logo\":{\"@type\":\"ImageObject\",\"inLanguage\":\"de\",\"@id\":\"https:\\\/\\\/www.jazzzeitung.de\\\/cms\\\/#\\\/schema\\\/logo\\\/image\\\/\",\"url\":\"https:\\\/\\\/i0.wp.com\\\/www.jazzzeitung.de\\\/cms\\\/wp-content\\\/uploads\\\/2015\\\/08\\\/JAZZZEITUNGDE_Logo_Neu.png?fit=499%2C200&ssl=1\",\"contentUrl\":\"https:\\\/\\\/i0.wp.com\\\/www.jazzzeitung.de\\\/cms\\\/wp-content\\\/uploads\\\/2015\\\/08\\\/JAZZZEITUNGDE_Logo_Neu.png?fit=499%2C200&ssl=1\",\"width\":499,\"height\":200,\"caption\":\"JazzZeitung online\"},\"image\":{\"@id\":\"https:\\\/\\\/www.jazzzeitung.de\\\/cms\\\/#\\\/schema\\\/logo\\\/image\\\/\"},\"sameAs\":[\"https:\\\/\\\/www.facebook.com\\\/JazzZeitung\\\/\"]},{\"@type\":\"Person\",\"@id\":\"https:\\\/\\\/www.jazzzeitung.de\\\/cms\\\/#\\\/schema\\\/person\\\/2245b36b9cd1d24cea10f01c031fb92b\",\"name\":\"Redaktion JazzZeitung\",\"image\":{\"@type\":\"ImageObject\",\"inLanguage\":\"de\",\"@id\":\"https:\\\/\\\/i0.wp.com\\\/www.jazzzeitung.de\\\/cms\\\/wp-content\\\/uploads\\\/2015\\\/08\\\/JAZZZEITUNGDE_Logo_Neu.png?resize=96%2C96&ssl=159975dcacb611b5700bd619b5daf0a7a\",\"url\":\"https:\\\/\\\/i0.wp.com\\\/www.jazzzeitung.de\\\/cms\\\/wp-content\\\/uploads\\\/2015\\\/08\\\/JAZZZEITUNGDE_Logo_Neu.png?resize=96%2C96&ssl=1\",\"contentUrl\":\"https:\\\/\\\/i0.wp.com\\\/www.jazzzeitung.de\\\/cms\\\/wp-content\\\/uploads\\\/2015\\\/08\\\/JAZZZEITUNGDE_Logo_Neu.png?resize=96%2C96&ssl=1\",\"caption\":\"Redaktion JazzZeitung\"},\"description\":\"Artikel der Redaktion der JazzZeitung.\",\"sameAs\":[\"http:\\\/\\\/www.jazzzeitung.de\\\/cms\\\/\"],\"url\":\"https:\\\/\\\/www.jazzzeitung.de\\\/cms\\\/author\\\/redaktion\\\/\"}]}<\/script>\n<!-- \/ Yoast SEO plugin. -->","yoast_head_json":{"title":"Das Lukas Brenner Trio in Ochsenhausen - JazzZeitung","robots":{"index":"index","follow":"follow","max-snippet":"max-snippet:-1","max-image-preview":"max-image-preview:large","max-video-preview":"max-video-preview:-1"},"canonical":"https:\/\/www.jazzzeitung.de\/cms\/2015\/02\/das-lukas-brenner-trio-ochsenhausen\/","og_locale":"de_DE","og_type":"article","og_title":"Das Lukas Brenner Trio in Ochsenhausen - JazzZeitung","og_description":"Von Andreas Kolb &#8211; Zuerst waren da die Geige und das Schulmusikstudium an der Musikhochschule Stuttgart. Doch das war Lukas Brenner nicht genug: Er studierte Jazzklavier und ist seit f\u00fcnf Jahren mit seinem eigenen, dem Lukas Brenner Trio unterwegs. Gemeinsam mit Nico Amrehn (Bass) und Felix Schrack (Schlagzeug) war Brenner am 27. Januar von Stuttgart nach Oberschwaben in die Landesakademie f\u00fcr die musizierende Jugend in Baden-W\u00fcrttemberg gekommen, um im legend\u00e4ren Bibliothekssaal des ehemaligen Klosters ein Festkonzert der besonderen Art zugeben. Der Arbeitskreis der Musikbildungsst\u00e4tten in Deutschland feierte an diesem Tag sein 30-j\u00e4hriges Bestehen sowie die Neugr\u00fcndung eines Verbands der Bundes- und Landesakademien. In der Atmosph\u00e4re eines Privatkonzertes wie es die \u00c4bte in barocken fr\u00fcheren Zeiten pflegten, entf\u00fchrte das Brenner Trio die rund 20 Akademiedirektoren in eine Jazz-Klangwelt, die nicht nur von Standards wie \u201eSomeday my Prince will come\u201c oder \u201eStella by Starlight\u201c inspiriert war, sondern vor allem durch die Eigenkompositionen des jungen Pianisten gepr\u00e4gt. Das Konzert im Stil moderner Klassik pr\u00e4sentierte Melodisches, inspiriert von den Beatles, den Modi eines Olivier Messiaen und dem Spielgestus der \u201eJungen Lyrischen\u201c. &nbsp;","og_url":"https:\/\/www.jazzzeitung.de\/cms\/2015\/02\/das-lukas-brenner-trio-ochsenhausen\/","og_site_name":"JazzZeitung","article_publisher":"https:\/\/www.facebook.com\/JazzZeitung\/","article_published_time":"2015-02-01T10:00:47+00:00","article_modified_time":"2015-02-01T10:40:44+00:00","og_image":[{"url":"http:\/\/www.jazzzeitung.de\/cms\/wp-content\/uploads\/2015\/01\/image3-150x150.jpeg","type":"","width":"","height":""}],"author":"Redaktion JazzZeitung","schema":{"@context":"https:\/\/schema.org","@graph":[{"@type":"Article","@id":"https:\/\/www.jazzzeitung.de\/cms\/2015\/02\/das-lukas-brenner-trio-ochsenhausen\/#article","isPartOf":{"@id":"https:\/\/www.jazzzeitung.de\/cms\/2015\/02\/das-lukas-brenner-trio-ochsenhausen\/"},"author":{"name":"Redaktion JazzZeitung","@id":"https:\/\/www.jazzzeitung.de\/cms\/#\/schema\/person\/2245b36b9cd1d24cea10f01c031fb92b"},"headline":"Das Lukas Brenner Trio in Ochsenhausen","datePublished":"2015-02-01T10:00:47+00:00","dateModified":"2015-02-01T10:40:44+00:00","mainEntityOfPage":{"@id":"https:\/\/www.jazzzeitung.de\/cms\/2015\/02\/das-lukas-brenner-trio-ochsenhausen\/"},"wordCount":210,"commentCount":0,"publisher":{"@id":"https:\/\/www.jazzzeitung.de\/cms\/#organization"},"image":{"@id":"https:\/\/www.jazzzeitung.de\/cms\/2015\/02\/das-lukas-brenner-trio-ochsenhausen\/#primaryimage"},"thumbnailUrl":"http:\/\/www.jazzzeitung.de\/cms\/wp-content\/uploads\/2015\/01\/image3-150x150.jpeg","keywords":["Andreas Kolb","Deutschland","Klassik","Konzert"],"articleSection":["Bericht"],"inLanguage":"de","potentialAction":[{"@type":"CommentAction","name":"Comment","target":["https:\/\/www.jazzzeitung.de\/cms\/2015\/02\/das-lukas-brenner-trio-ochsenhausen\/#respond"]}]},{"@type":"WebPage","@id":"https:\/\/www.jazzzeitung.de\/cms\/2015\/02\/das-lukas-brenner-trio-ochsenhausen\/","url":"https:\/\/www.jazzzeitung.de\/cms\/2015\/02\/das-lukas-brenner-trio-ochsenhausen\/","name":"Das Lukas Brenner Trio in Ochsenhausen - JazzZeitung","isPartOf":{"@id":"https:\/\/www.jazzzeitung.de\/cms\/#website"},"primaryImageOfPage":{"@id":"https:\/\/www.jazzzeitung.de\/cms\/2015\/02\/das-lukas-brenner-trio-ochsenhausen\/#primaryimage"},"image":{"@id":"https:\/\/www.jazzzeitung.de\/cms\/2015\/02\/das-lukas-brenner-trio-ochsenhausen\/#primaryimage"},"thumbnailUrl":"http:\/\/www.jazzzeitung.de\/cms\/wp-content\/uploads\/2015\/01\/image3-150x150.jpeg","datePublished":"2015-02-01T10:00:47+00:00","dateModified":"2015-02-01T10:40:44+00:00","breadcrumb":{"@id":"https:\/\/www.jazzzeitung.de\/cms\/2015\/02\/das-lukas-brenner-trio-ochsenhausen\/#breadcrumb"},"inLanguage":"de","potentialAction":[{"@type":"ReadAction","target":["https:\/\/www.jazzzeitung.de\/cms\/2015\/02\/das-lukas-brenner-trio-ochsenhausen\/"]}]},{"@type":"ImageObject","inLanguage":"de","@id":"https:\/\/www.jazzzeitung.de\/cms\/2015\/02\/das-lukas-brenner-trio-ochsenhausen\/#primaryimage","url":"http:\/\/www.jazzzeitung.de\/cms\/wp-content\/uploads\/2015\/01\/image3-150x150.jpeg","contentUrl":"http:\/\/www.jazzzeitung.de\/cms\/wp-content\/uploads\/2015\/01\/image3-150x150.jpeg"},{"@type":"BreadcrumbList","@id":"https:\/\/www.jazzzeitung.de\/cms\/2015\/02\/das-lukas-brenner-trio-ochsenhausen\/#breadcrumb","itemListElement":[{"@type":"ListItem","position":1,"name":"Startseite","item":"https:\/\/www.jazzzeitung.de\/cms\/"},{"@type":"ListItem","position":2,"name":"Das Lukas Brenner Trio in Ochsenhausen"}]},{"@type":"WebSite","@id":"https:\/\/www.jazzzeitung.de\/cms\/#website","url":"https:\/\/www.jazzzeitung.de\/cms\/","name":"JazzZeitung","description":"Jazz-News und Jazz-Kontroverses","publisher":{"@id":"https:\/\/www.jazzzeitung.de\/cms\/#organization"},"potentialAction":[{"@type":"SearchAction","target":{"@type":"EntryPoint","urlTemplate":"https:\/\/www.jazzzeitung.de\/cms\/?s={search_term_string}"},"query-input":{"@type":"PropertyValueSpecification","valueRequired":true,"valueName":"search_term_string"}}],"inLanguage":"de"},{"@type":"Organization","@id":"https:\/\/www.jazzzeitung.de\/cms\/#organization","name":"JazzZeitung online","url":"https:\/\/www.jazzzeitung.de\/cms\/","logo":{"@type":"ImageObject","inLanguage":"de","@id":"https:\/\/www.jazzzeitung.de\/cms\/#\/schema\/logo\/image\/","url":"https:\/\/i0.wp.com\/www.jazzzeitung.de\/cms\/wp-content\/uploads\/2015\/08\/JAZZZEITUNGDE_Logo_Neu.png?fit=499%2C200&ssl=1","contentUrl":"https:\/\/i0.wp.com\/www.jazzzeitung.de\/cms\/wp-content\/uploads\/2015\/08\/JAZZZEITUNGDE_Logo_Neu.png?fit=499%2C200&ssl=1","width":499,"height":200,"caption":"JazzZeitung online"},"image":{"@id":"https:\/\/www.jazzzeitung.de\/cms\/#\/schema\/logo\/image\/"},"sameAs":["https:\/\/www.facebook.com\/JazzZeitung\/"]},{"@type":"Person","@id":"https:\/\/www.jazzzeitung.de\/cms\/#\/schema\/person\/2245b36b9cd1d24cea10f01c031fb92b","name":"Redaktion JazzZeitung","image":{"@type":"ImageObject","inLanguage":"de","@id":"https:\/\/i0.wp.com\/www.jazzzeitung.de\/cms\/wp-content\/uploads\/2015\/08\/JAZZZEITUNGDE_Logo_Neu.png?resize=96%2C96&ssl=159975dcacb611b5700bd619b5daf0a7a","url":"https:\/\/i0.wp.com\/www.jazzzeitung.de\/cms\/wp-content\/uploads\/2015\/08\/JAZZZEITUNGDE_Logo_Neu.png?resize=96%2C96&ssl=1","contentUrl":"https:\/\/i0.wp.com\/www.jazzzeitung.de\/cms\/wp-content\/uploads\/2015\/08\/JAZZZEITUNGDE_Logo_Neu.png?resize=96%2C96&ssl=1","caption":"Redaktion JazzZeitung"},"description":"Artikel der Redaktion der JazzZeitung.","sameAs":["http:\/\/www.jazzzeitung.de\/cms\/"],"url":"https:\/\/www.jazzzeitung.de\/cms\/author\/redaktion\/"}]}},"wp-worthy-pixel":{"ignored":false,"public":null,"server":null,"url":null},"wp-worthy-type":"normal","jetpack_publicize_connections":[],"cc_featured_image_caption":{"caption_text":false,"source_text":false,"source_url":false},"jetpack_featured_media_url":"","jetpack_shortlink":"https:\/\/wp.me\/p3KEcT-1om","jetpack-related-posts":[{"id":33698,"url":"https:\/\/www.jazzzeitung.de\/cms\/2026\/02\/heukens-koch-grossmann-mit-starkem-vibe-fuer-post-tiktoker\/","url_meta":{"origin":5354,"position":0},"title":"Heuken \u2013 Koch \u2013 Grossmann mit starkem Vibe f\u00fcr Post-Tiktoker","author":"Andreas Kolb","date":"28. Februar 2026","format":false,"excerpt":"Drummer Johannes Koch legt mit Trio Future Backup ein chillig-vertr\u00e4umtes Deb\u00fctalbum vor Kommt mit dem Vorsto\u00df der Sozis zu Social-Media-Beschr\u00e4nkungen jetzt die Post-Tiktok-Generation? Den Soundtrack daf\u00fcr gibt es schon. Die Band Future Backup praktiziert damit ein gelassenes Anschwimmen gegen den Zeitgeist. Auf ihrem Album \u201eGolden\u201c, das eben beim \u00f6sterreichischen Indielabel\u2026","rel":"","context":"In &quot;Rezension&quot;","block_context":{"text":"Rezension","link":"https:\/\/www.jazzzeitung.de\/cms\/thema\/rezension\/"},"img":{"alt_text":"","src":"https:\/\/i0.wp.com\/www.jazzzeitung.de\/cms\/wp-content\/uploads\/2026\/02\/Koch_Golden_Pressefoto.jpg?fit=794%2C1200&ssl=1&resize=350%2C200","width":350,"height":200,"srcset":"https:\/\/i0.wp.com\/www.jazzzeitung.de\/cms\/wp-content\/uploads\/2026\/02\/Koch_Golden_Pressefoto.jpg?fit=794%2C1200&ssl=1&resize=350%2C200 1x, https:\/\/i0.wp.com\/www.jazzzeitung.de\/cms\/wp-content\/uploads\/2026\/02\/Koch_Golden_Pressefoto.jpg?fit=794%2C1200&ssl=1&resize=525%2C300 1.5x, https:\/\/i0.wp.com\/www.jazzzeitung.de\/cms\/wp-content\/uploads\/2026\/02\/Koch_Golden_Pressefoto.jpg?fit=794%2C1200&ssl=1&resize=700%2C400 2x"},"classes":[]},{"id":3904,"url":"https:\/\/www.jazzzeitung.de\/cms\/2014\/05\/junger-muenchner-jazzpreis-2014\/","url_meta":{"origin":5354,"position":1},"title":"Junger M\u00fcnchner Jazzpreis 2014","author":"Andreas Kolb","date":"21. Mai 2014","format":false,"excerpt":"Junger M\u00fcnchner Jazzpreis Nachdem die Premiere des ersten Jungen M\u00fcnchner Jazzpreises im letzten Jahr erfolgreich \u00fcber die B\u00fchne ging, hat man Wettbewerb auch f\u00fcr 2014 wieder ausgeschrieben. Bis zum 11. Juli k\u00f6nnen junge Jazzer ihre maximal 20-min\u00fctigen H\u00f6rproben nebst Musikerinfo beim M\u00fcnchner Verein zur F\u00f6rderung von Jazz e.V. (mucjazz) einschicken.\u2026","rel":"","context":"In &quot;News&quot;","block_context":{"text":"News","link":"https:\/\/www.jazzzeitung.de\/cms\/thema\/nachrichten\/"},"img":{"alt_text":"","src":"https:\/\/i0.wp.com\/www.jazzzeitung.de\/cms\/wp-content\/uploads\/2014\/05\/Logo_Muc_Jazz-300x244.png?fit=300%2C244&ssl=1&resize=350%2C200","width":350,"height":200},"classes":[]},{"id":12198,"url":"https:\/\/www.jazzzeitung.de\/cms\/2017\/05\/12198\/","url_meta":{"origin":5354,"position":2},"title":"jazzahead in Bremen: Wenn das Showcase zum Erlebnis wird","author":"Redaktion JazzZeitung","date":"1. Mai 2017","format":false,"excerpt":"Das Abschlusswochenende der Jazzahead begann mit kulturpolitischen Diskussionen: Musiker und Musikerinnen sprachen \u00fcber das Thema Gleichberechtigung im Jazz, Vertreter von Goethe-Institut, Initiative Musik und dem neugegr\u00fcndeten Musikfond e.V. stellten ihre F\u00f6rderprogramme vor. In Conference-S\u00e4len und bei den Ausstellern herrschte reges Treiben. Sobald aber die Showcase-Konzerte begannen, gab es f\u00fcr das\u2026","rel":"","context":"In &quot;Bericht&quot;","block_context":{"text":"Bericht","link":"https:\/\/www.jazzzeitung.de\/cms\/thema\/bericht\/"},"img":{"alt_text":"","src":"https:\/\/i0.wp.com\/www.jazzzeitung.de\/cms\/wp-content\/uploads\/2017\/05\/Julia-Hlsmann_Foto-van-Loon.jpg?fit=1200%2C800&ssl=1&resize=350%2C200","width":350,"height":200,"srcset":"https:\/\/i0.wp.com\/www.jazzzeitung.de\/cms\/wp-content\/uploads\/2017\/05\/Julia-Hlsmann_Foto-van-Loon.jpg?fit=1200%2C800&ssl=1&resize=350%2C200 1x, https:\/\/i0.wp.com\/www.jazzzeitung.de\/cms\/wp-content\/uploads\/2017\/05\/Julia-Hlsmann_Foto-van-Loon.jpg?fit=1200%2C800&ssl=1&resize=525%2C300 1.5x, https:\/\/i0.wp.com\/www.jazzzeitung.de\/cms\/wp-content\/uploads\/2017\/05\/Julia-Hlsmann_Foto-van-Loon.jpg?fit=1200%2C800&ssl=1&resize=700%2C400 2x, https:\/\/i0.wp.com\/www.jazzzeitung.de\/cms\/wp-content\/uploads\/2017\/05\/Julia-Hlsmann_Foto-van-Loon.jpg?fit=1200%2C800&ssl=1&resize=1050%2C600 3x"},"classes":[]},{"id":3982,"url":"https:\/\/www.jazzzeitung.de\/cms\/2014\/05\/bundesbegegnung-jugend-jazzt-mit-dem-skoda-jazzpreis-stuttgart\/","url_meta":{"origin":5354,"position":3},"title":"Bundesbegegnung Jugend jazzt mit dem \u0160KODA Jazzpreis in Stuttgart","author":"Andreas Kolb","date":"26. Mai 2014","format":false,"excerpt":"Am Donnerstag, den 29. Mai startet die Bundesbegegnung Jugend jazzt mit dem \u0160KODA Jazzpreis in Stuttgart. Das in der Tr\u00e4gerschaft des Deutschen Musikrats befindliche Projekt gibt j\u00e4hrlich den Siegern der vorausgegangenen Landeswettbewerbe die Chance, ihr K\u00f6nnen vor einer Jury und einem gr\u00f6\u00dferen Publikum zu pr\u00e4sentieren. Dieses Jahr stellen sich junge\u2026","rel":"","context":"In &quot;Blog&quot;","block_context":{"text":"Blog","link":"https:\/\/www.jazzzeitung.de\/cms\/thema\/blog\/"},"img":{"alt_text":"Jugend jazzt mit dem \u0160KODA Jazzpreis in Stuttgart ","src":"https:\/\/i0.wp.com\/www.jazzzeitung.de\/cms\/wp-content\/uploads\/2014\/05\/140523-Bundesbegegnung-Jugend-jazzt-bringt-Stuttgart-zum-Grooven-150x150.jpg?resize=350%2C200","width":350,"height":200},"classes":[]},{"id":27931,"url":"https:\/\/www.jazzzeitung.de\/cms\/2022\/07\/covers-cinema-jazz-cds-in-der-hoerbar-juli-2022-02\/","url_meta":{"origin":5354,"position":4},"title":"Covers &#038; Cinema \u2013 Jazz-CDs in der H\u00f6rBar Juli 2022\/02","author":"Huflaikhan","date":"25. Juli 2022","format":false,"excerpt":"Es gibt hier einiges Gecovertes, obwohl? Eigentlich sind es ja Standards. Nur halt nicht die \u00dcblichen. Es gibt Depri-Musik, Luftiges und Cineastisches: The Rick Hollander Quartet: Sgt. Pepper\u2019s Lonely Hearts Club Band | Baier \/ Wehrmann: Connected | Florian Hartz\u2018 Flo & Fauna: Try Harder | Lothar Dithmar: Trains and\u2026","rel":"","context":"In &quot;Rezension&quot;","block_context":{"text":"Rezension","link":"https:\/\/www.jazzzeitung.de\/cms\/thema\/rezension\/"},"img":{"alt_text":"Lothar Dithmar: Trains and Rivers","src":"https:\/\/i0.wp.com\/www.jazzzeitung.de\/cms\/wp-content\/uploads\/2022\/07\/29_dithmar.jpg?fit=1200%2C1076&ssl=1&resize=350%2C200","width":350,"height":200,"srcset":"https:\/\/i0.wp.com\/www.jazzzeitung.de\/cms\/wp-content\/uploads\/2022\/07\/29_dithmar.jpg?fit=1200%2C1076&ssl=1&resize=350%2C200 1x, https:\/\/i0.wp.com\/www.jazzzeitung.de\/cms\/wp-content\/uploads\/2022\/07\/29_dithmar.jpg?fit=1200%2C1076&ssl=1&resize=525%2C300 1.5x, https:\/\/i0.wp.com\/www.jazzzeitung.de\/cms\/wp-content\/uploads\/2022\/07\/29_dithmar.jpg?fit=1200%2C1076&ssl=1&resize=700%2C400 2x, https:\/\/i0.wp.com\/www.jazzzeitung.de\/cms\/wp-content\/uploads\/2022\/07\/29_dithmar.jpg?fit=1200%2C1076&ssl=1&resize=1050%2C600 3x"},"classes":[]},{"id":29703,"url":"https:\/\/www.jazzzeitung.de\/cms\/2023\/07\/das-suedtirol-jazzfestival-alto-adige-hat-begonnen\/","url_meta":{"origin":5354,"position":5},"title":"Vielfalt pur \u2013 das S\u00fcdtirol Jazzfestival Alto Adige hat begonnen","author":"Andreas Kolb","date":"4. Juli 2023","format":false,"excerpt":"Seit Jahrhunderten gibt es viele Gr\u00fcnde f\u00fcr einen Deutschen, die Alpen zu \u00fcberqueren. Seit 2004 einen weiteren: Das Jazzfestival S\u00fcdtirol Alto Adige. In diesem Jahr hatte der praktische Arzt, Bergsteiger und Gitarrenmusik- und Jazz-Liebhaber Klaus Widmann das S\u00fcdtirol Jazzfestival von Gr\u00fcnder Nicola Ciardi \u00fcbernommen und machte es \u00fcber die Jahre\u2026","rel":"","context":"In &quot;Bericht&quot;","block_context":{"text":"Bericht","link":"https:\/\/www.jazzzeitung.de\/cms\/thema\/bericht\/"},"img":{"alt_text":"","src":"https:\/\/i0.wp.com\/www.jazzzeitung.de\/cms\/wp-content\/uploads\/2023\/07\/Altoadige-Jazz-2023La-Litanie-des-Cimes.jpg?fit=1200%2C800&ssl=1&resize=350%2C200","width":350,"height":200,"srcset":"https:\/\/i0.wp.com\/www.jazzzeitung.de\/cms\/wp-content\/uploads\/2023\/07\/Altoadige-Jazz-2023La-Litanie-des-Cimes.jpg?fit=1200%2C800&ssl=1&resize=350%2C200 1x, https:\/\/i0.wp.com\/www.jazzzeitung.de\/cms\/wp-content\/uploads\/2023\/07\/Altoadige-Jazz-2023La-Litanie-des-Cimes.jpg?fit=1200%2C800&ssl=1&resize=525%2C300 1.5x, https:\/\/i0.wp.com\/www.jazzzeitung.de\/cms\/wp-content\/uploads\/2023\/07\/Altoadige-Jazz-2023La-Litanie-des-Cimes.jpg?fit=1200%2C800&ssl=1&resize=700%2C400 2x, https:\/\/i0.wp.com\/www.jazzzeitung.de\/cms\/wp-content\/uploads\/2023\/07\/Altoadige-Jazz-2023La-Litanie-des-Cimes.jpg?fit=1200%2C800&ssl=1&resize=1050%2C600 3x"},"classes":[]}],"jetpack_sharing_enabled":true,"_links":{"self":[{"href":"https:\/\/www.jazzzeitung.de\/cms\/wp-json\/wp\/v2\/posts\/5354","targetHints":{"allow":["GET"]}}],"collection":[{"href":"https:\/\/www.jazzzeitung.de\/cms\/wp-json\/wp\/v2\/posts"}],"about":[{"href":"https:\/\/www.jazzzeitung.de\/cms\/wp-json\/wp\/v2\/types\/post"}],"author":[{"embeddable":true,"href":"https:\/\/www.jazzzeitung.de\/cms\/wp-json\/wp\/v2\/users\/18"}],"replies":[{"embeddable":true,"href":"https:\/\/www.jazzzeitung.de\/cms\/wp-json\/wp\/v2\/comments?post=5354"}],"version-history":[{"count":3,"href":"https:\/\/www.jazzzeitung.de\/cms\/wp-json\/wp\/v2\/posts\/5354\/revisions"}],"predecessor-version":[{"id":5372,"href":"https:\/\/www.jazzzeitung.de\/cms\/wp-json\/wp\/v2\/posts\/5354\/revisions\/5372"}],"wp:attachment":[{"href":"https:\/\/www.jazzzeitung.de\/cms\/wp-json\/wp\/v2\/media?parent=5354"}],"wp:term":[{"taxonomy":"category","embeddable":true,"href":"https:\/\/www.jazzzeitung.de\/cms\/wp-json\/wp\/v2\/categories?post=5354"},{"taxonomy":"post_tag","embeddable":true,"href":"https:\/\/www.jazzzeitung.de\/cms\/wp-json\/wp\/v2\/tags?post=5354"},{"taxonomy":"author","embeddable":true,"href":"https:\/\/www.jazzzeitung.de\/cms\/wp-json\/wp\/v2\/coauthors?post=5354"}],"curies":[{"name":"wp","href":"https:\/\/api.w.org\/{rel}","templated":true}]}}