{"id":5341,"date":"2015-01-30T14:00:57","date_gmt":"2015-01-30T13:00:57","guid":{"rendered":"http:\/\/www.jazzzeitung.de\/cms\/?p=5341"},"modified":"2015-02-02T09:11:59","modified_gmt":"2015-02-02T08:11:59","slug":"fabelhaft-oesterreichisches-bei-den-7-bmw-welt-jazz-awards","status":"publish","type":"post","link":"https:\/\/www.jazzzeitung.de\/cms\/2015\/01\/fabelhaft-oesterreichisches-bei-den-7-bmw-welt-jazz-awards\/","title":{"rendered":"Fabelhaft \u00d6sterreichisches: FAT bei den 7. BMW Welt Jazz Awards"},"content":{"rendered":"<figure id=\"attachment_5345\" aria-describedby=\"caption-attachment-5345\" style=\"width: 150px\" class=\"wp-caption alignright\"><a href=\"https:\/\/i0.wp.com\/www.jazzzeitung.de\/cms\/wp-content\/uploads\/2015\/01\/P1420821-FAT-Alex-Machacek-hands-Copyright-by-TJ-Krebs-jazzphotoagency%40web.de_.jpg\"><img data-recalc-dims=\"1\" loading=\"lazy\" decoding=\"async\" data-attachment-id=\"5345\" data-permalink=\"https:\/\/www.jazzzeitung.de\/cms\/2015\/01\/fabelhaft-oesterreichisches-bei-den-7-bmw-welt-jazz-awards\/p1420821-fat-alex-machacek-hands-copyright-by-tj-krebs-jazzphotoagencyweb-de\/\" data-orig-file=\"https:\/\/i0.wp.com\/www.jazzzeitung.de\/cms\/wp-content\/uploads\/2015\/01\/P1420821-FAT-Alex-Machacek-hands-Copyright-by-TJ-Krebs-jazzphotoagency%40web.de_.jpg?fit=3072%2C4608&amp;ssl=1\" data-orig-size=\"3072,4608\" data-comments-opened=\"1\" data-image-meta=\"{&quot;aperture&quot;:&quot;0&quot;,&quot;credit&quot;:&quot;&quot;,&quot;camera&quot;:&quot;&quot;,&quot;caption&quot;:&quot;&quot;,&quot;created_timestamp&quot;:&quot;0&quot;,&quot;copyright&quot;:&quot;&quot;,&quot;focal_length&quot;:&quot;0&quot;,&quot;iso&quot;:&quot;0&quot;,&quot;shutter_speed&quot;:&quot;0&quot;,&quot;title&quot;:&quot;&quot;,&quot;orientation&quot;:&quot;0&quot;}\" data-image-title=\"P1420821 FAT Alex Machacek hands &amp;#8211; Copyright by TJ Krebs jazzphotoagency@web.de\" data-image-description=\"\" data-image-caption=\"&lt;p&gt;Machacek &amp;#8211; ein Meister an der Gitarre&lt;\/p&gt;\n\" data-large-file=\"https:\/\/i0.wp.com\/www.jazzzeitung.de\/cms\/wp-content\/uploads\/2015\/01\/P1420821-FAT-Alex-Machacek-hands-Copyright-by-TJ-Krebs-jazzphotoagency%40web.de_.jpg?fit=400%2C600&amp;ssl=1\" class=\"size-thumbnail wp-image-5345\" src=\"https:\/\/i0.wp.com\/www.jazzzeitung.de\/cms\/wp-content\/uploads\/2015\/01\/P1420821-FAT-Alex-Machacek-hands-Copyright-by-TJ-Krebs-jazzphotoagency%40web.de_-150x150.jpg?resize=150%2C150\" alt=\"Machacek - ein Meister an der Gitarre\" width=\"150\" height=\"150\" srcset=\"https:\/\/i0.wp.com\/www.jazzzeitung.de\/cms\/wp-content\/uploads\/2015\/01\/P1420821-FAT-Alex-Machacek-hands-Copyright-by-TJ-Krebs-jazzphotoagency%40web.de_.jpg?resize=150%2C150&amp;ssl=1 150w, https:\/\/i0.wp.com\/www.jazzzeitung.de\/cms\/wp-content\/uploads\/2015\/01\/P1420821-FAT-Alex-Machacek-hands-Copyright-by-TJ-Krebs-jazzphotoagency%40web.de_.jpg?resize=144%2C144&amp;ssl=1 144w, https:\/\/i0.wp.com\/www.jazzzeitung.de\/cms\/wp-content\/uploads\/2015\/01\/P1420821-FAT-Alex-Machacek-hands-Copyright-by-TJ-Krebs-jazzphotoagency%40web.de_.jpg?resize=96%2C96&amp;ssl=1 96w, https:\/\/i0.wp.com\/www.jazzzeitung.de\/cms\/wp-content\/uploads\/2015\/01\/P1420821-FAT-Alex-Machacek-hands-Copyright-by-TJ-Krebs-jazzphotoagency%40web.de_.jpg?resize=24%2C24&amp;ssl=1 24w, https:\/\/i0.wp.com\/www.jazzzeitung.de\/cms\/wp-content\/uploads\/2015\/01\/P1420821-FAT-Alex-Machacek-hands-Copyright-by-TJ-Krebs-jazzphotoagency%40web.de_.jpg?resize=36%2C36&amp;ssl=1 36w, https:\/\/i0.wp.com\/www.jazzzeitung.de\/cms\/wp-content\/uploads\/2015\/01\/P1420821-FAT-Alex-Machacek-hands-Copyright-by-TJ-Krebs-jazzphotoagency%40web.de_.jpg?resize=48%2C48&amp;ssl=1 48w, https:\/\/i0.wp.com\/www.jazzzeitung.de\/cms\/wp-content\/uploads\/2015\/01\/P1420821-FAT-Alex-Machacek-hands-Copyright-by-TJ-Krebs-jazzphotoagency%40web.de_.jpg?resize=64%2C64&amp;ssl=1 64w, https:\/\/i0.wp.com\/www.jazzzeitung.de\/cms\/wp-content\/uploads\/2015\/01\/P1420821-FAT-Alex-Machacek-hands-Copyright-by-TJ-Krebs-jazzphotoagency%40web.de_.jpg?resize=32%2C32&amp;ssl=1 32w, https:\/\/i0.wp.com\/www.jazzzeitung.de\/cms\/wp-content\/uploads\/2015\/01\/P1420821-FAT-Alex-Machacek-hands-Copyright-by-TJ-Krebs-jazzphotoagency%40web.de_.jpg?resize=128%2C128&amp;ssl=1 128w, https:\/\/i0.wp.com\/www.jazzzeitung.de\/cms\/wp-content\/uploads\/2015\/01\/P1420821-FAT-Alex-Machacek-hands-Copyright-by-TJ-Krebs-jazzphotoagency%40web.de_.jpg?zoom=2&amp;resize=150%2C150&amp;ssl=1 300w, https:\/\/i0.wp.com\/www.jazzzeitung.de\/cms\/wp-content\/uploads\/2015\/01\/P1420821-FAT-Alex-Machacek-hands-Copyright-by-TJ-Krebs-jazzphotoagency%40web.de_.jpg?zoom=3&amp;resize=150%2C150&amp;ssl=1 450w\" sizes=\"auto, (max-width: 150px) 100vw, 150px\" \/><\/a><figcaption id=\"caption-attachment-5345\" class=\"wp-caption-text\">Machacek &#8211; ein Meister an der Gitarre<\/figcaption><\/figure>\n<p>Den Auftakt des 7. BMW Welt Jazz Awards gestaltete vor zwei Wochen das Michel Sajrawy Trio mit arabeskem Gitarrenjazz, der den Orient in die futuristische Kuppel des BMW Welt-Doppelkegels brachte. Konzert Nummer zwei bestritt das \u00f6sterreichische Trio FAT des in Los Angeles lebenden Wiener Gitarristen Alex Machacek. FAT hei\u00dft ausgeschrieben Faboulous Austrian Trio und der Name ist Programm: Gitarrist Alex Machacek, Bassist Raphael Preuschl und Schlagzeuger Herbert Pirker erzeugen zu dritt sagenhafte Klanggebilde, die in ihrer Wucht an eine gro\u00dfe Formation denken lassen und deren Komplexit\u00e4t von Altmeistern\u00a0 wie Allan Holdsworth oder Frank Zappa inspiriert wurden. Thomas J. Krebs war dabei und dokumentierte das Konzert f\u00fcr www.jazzzeitung.de.<\/p>\n<p>Bericht auf nmz.de:<\/p>\n<p><a href=\"http:\/\/www.nmz.de\/online\/hutmode-headbanging-und-neue-frisuren-alex-machaceks-fabulous-austrian-trio-gab-gas-beim-bmw-\">http:\/\/www.nmz.de\/online\/hutmode-headbanging-und-neue-frisuren-alex-machaceks-fabulous-austrian-trio-gab-gas-beim-bmw-<\/a><\/p>\n<div class=\"tiled-gallery type-rectangular tiled-gallery-unresized\" data-original-width=\"840\" data-carousel-extra='{&quot;blog_id&quot;:1,&quot;permalink&quot;:&quot;https:\\\/\\\/www.jazzzeitung.de\\\/cms\\\/2015\\\/01\\\/fabelhaft-oesterreichisches-bei-den-7-bmw-welt-jazz-awards\\\/&quot;,&quot;likes_blog_id&quot;:55446655}' itemscope itemtype=\"http:\/\/schema.org\/ImageGallery\" > <div class=\"gallery-row\" style=\"width: 840px; height: 194px;\" data-original-width=\"840\" data-original-height=\"194\" > <div class=\"gallery-group images-1\" style=\"width: 289px; height: 194px;\" data-original-width=\"289\" data-original-height=\"194\" > <div class=\"tiled-gallery-item tiled-gallery-item-large\" itemprop=\"associatedMedia\" itemscope itemtype=\"http:\/\/schema.org\/ImageObject\"> <a href=\"https:\/\/www.jazzzeitung.de\/cms\/2015\/01\/fabelhaft-oesterreichisches-bei-den-7-bmw-welt-jazz-awards\/p1420861-fat-copyright-by-tj-krebs-jazzphotoagencyweb-de\/\" border=\"0\" itemprop=\"url\"> <meta itemprop=\"width\" content=\"285\"> <meta itemprop=\"height\" content=\"190\"> <img decoding=\"async\" class=\"\" data-attachment-id=\"5346\" data-orig-file=\"https:\/\/www.jazzzeitung.de\/cms\/wp-content\/uploads\/2015\/01\/P1420861-FAT-Copyright-by-TJ-Krebs-jazzphotoagency@web.de_.jpg\" data-orig-size=\"4608,3072\" data-comments-opened=\"1\" data-image-meta=\"{&quot;aperture&quot;:&quot;0&quot;,&quot;credit&quot;:&quot;&quot;,&quot;camera&quot;:&quot;&quot;,&quot;caption&quot;:&quot;&quot;,&quot;created_timestamp&quot;:&quot;0&quot;,&quot;copyright&quot;:&quot;&quot;,&quot;focal_length&quot;:&quot;0&quot;,&quot;iso&quot;:&quot;0&quot;,&quot;shutter_speed&quot;:&quot;0&quot;,&quot;title&quot;:&quot;&quot;,&quot;orientation&quot;:&quot;0&quot;}\" data-image-title=\"P1420861 FAT &amp;#8211; Copyright by TJ Krebs jazzphotoagency@web.de\" data-image-description=\"\" data-medium-file=\"https:\/\/i0.wp.com\/www.jazzzeitung.de\/cms\/wp-content\/uploads\/2015\/01\/P1420861-FAT-Copyright-by-TJ-Krebs-jazzphotoagency%40web.de_.jpg?fit=300%2C200&#038;ssl=1\" data-large-file=\"https:\/\/i0.wp.com\/www.jazzzeitung.de\/cms\/wp-content\/uploads\/2015\/01\/P1420861-FAT-Copyright-by-TJ-Krebs-jazzphotoagency%40web.de_.jpg?fit=840%2C560&#038;ssl=1\" src=\"https:\/\/i0.wp.com\/www.jazzzeitung.de\/cms\/wp-content\/uploads\/2015\/01\/P1420861-FAT-Copyright-by-TJ-Krebs-jazzphotoagency%40web.de_.jpg?w=285&#038;h=190&#038;ssl=1\" width=\"285\" height=\"190\" loading=\"lazy\" data-original-width=\"285\" data-original-height=\"190\" itemprop=\"http:\/\/schema.org\/image\" title=\"P1420861 FAT - Copyright by TJ Krebs jazzphotoagency@web.de\" alt=\"Das Trio FAT von oben\" style=\"width: 285px; height: 190px;\" \/> <\/a> <div class=\"tiled-gallery-caption\" itemprop=\"caption description\"> Das Trio FAT von oben <\/div> <\/div> <\/div> <!-- close group --> <div class=\"gallery-group images-1\" style=\"width: 289px; height: 194px;\" data-original-width=\"289\" data-original-height=\"194\" > <div class=\"tiled-gallery-item tiled-gallery-item-large\" itemprop=\"associatedMedia\" itemscope itemtype=\"http:\/\/schema.org\/ImageObject\"> <a href=\"https:\/\/www.jazzzeitung.de\/cms\/2015\/01\/fabelhaft-oesterreichisches-bei-den-7-bmw-welt-jazz-awards\/p1420717-fat-machacek-foot-pedals-copyright-by-tj-krebs-jazzphotoagencyweb-de\/\" border=\"0\" itemprop=\"url\"> <meta itemprop=\"width\" content=\"285\"> <meta itemprop=\"height\" content=\"190\"> <img decoding=\"async\" class=\"\" data-attachment-id=\"5351\" data-orig-file=\"https:\/\/www.jazzzeitung.de\/cms\/wp-content\/uploads\/2015\/01\/P1420717-FAT-Machacek-foot-pedals-Copyright-by-TJ-Krebs-jazzphotoagency@web.de_.jpg\" data-orig-size=\"4608,3072\" data-comments-opened=\"1\" data-image-meta=\"{&quot;aperture&quot;:&quot;0&quot;,&quot;credit&quot;:&quot;&quot;,&quot;camera&quot;:&quot;&quot;,&quot;caption&quot;:&quot;&quot;,&quot;created_timestamp&quot;:&quot;0&quot;,&quot;copyright&quot;:&quot;&quot;,&quot;focal_length&quot;:&quot;0&quot;,&quot;iso&quot;:&quot;0&quot;,&quot;shutter_speed&quot;:&quot;0&quot;,&quot;title&quot;:&quot;&quot;,&quot;orientation&quot;:&quot;0&quot;}\" data-image-title=\"P1420717 FAT Machacek foot pedals &amp;#8211; Copyright by TJ Krebs jazzphotoagency@web.de\" data-image-description=\"\" data-medium-file=\"https:\/\/i0.wp.com\/www.jazzzeitung.de\/cms\/wp-content\/uploads\/2015\/01\/P1420717-FAT-Machacek-foot-pedals-Copyright-by-TJ-Krebs-jazzphotoagency%40web.de_.jpg?fit=300%2C200&#038;ssl=1\" data-large-file=\"https:\/\/i0.wp.com\/www.jazzzeitung.de\/cms\/wp-content\/uploads\/2015\/01\/P1420717-FAT-Machacek-foot-pedals-Copyright-by-TJ-Krebs-jazzphotoagency%40web.de_.jpg?fit=840%2C560&#038;ssl=1\" src=\"https:\/\/i0.wp.com\/www.jazzzeitung.de\/cms\/wp-content\/uploads\/2015\/01\/P1420717-FAT-Machacek-foot-pedals-Copyright-by-TJ-Krebs-jazzphotoagency%40web.de_.jpg?w=285&#038;h=190&#038;ssl=1\" width=\"285\" height=\"190\" loading=\"lazy\" data-original-width=\"285\" data-original-height=\"190\" itemprop=\"http:\/\/schema.org\/image\" title=\"P1420717 FAT Machacek foot pedals - Copyright by TJ Krebs jazzphotoagency@web.de\" alt=\"Auch mit den F\u00fc\u00dfen wird E-Gitarre gespielt\" style=\"width: 285px; height: 190px;\" \/> <\/a> <div class=\"tiled-gallery-caption\" itemprop=\"caption description\"> Auch mit den F\u00fc\u00dfen wird E-Gitarre gespielt <\/div> <\/div> <\/div> <!-- close group --> <div class=\"gallery-group images-1\" style=\"width: 131px; height: 194px;\" data-original-width=\"131\" data-original-height=\"194\" > <div class=\"tiled-gallery-item tiled-gallery-item-small\" itemprop=\"associatedMedia\" itemscope itemtype=\"http:\/\/schema.org\/ImageObject\"> <a href=\"https:\/\/www.jazzzeitung.de\/cms\/2015\/01\/fabelhaft-oesterreichisches-bei-den-7-bmw-welt-jazz-awards\/p1420821-fat-alex-machacek-hands-copyright-by-tj-krebs-jazzphotoagencyweb-de\/\" border=\"0\" itemprop=\"url\"> <meta itemprop=\"width\" content=\"127\"> <meta itemprop=\"height\" content=\"190\"> <img decoding=\"async\" class=\"\" data-attachment-id=\"5345\" data-orig-file=\"https:\/\/www.jazzzeitung.de\/cms\/wp-content\/uploads\/2015\/01\/P1420821-FAT-Alex-Machacek-hands-Copyright-by-TJ-Krebs-jazzphotoagency@web.de_.jpg\" data-orig-size=\"3072,4608\" data-comments-opened=\"1\" data-image-meta=\"{&quot;aperture&quot;:&quot;0&quot;,&quot;credit&quot;:&quot;&quot;,&quot;camera&quot;:&quot;&quot;,&quot;caption&quot;:&quot;&quot;,&quot;created_timestamp&quot;:&quot;0&quot;,&quot;copyright&quot;:&quot;&quot;,&quot;focal_length&quot;:&quot;0&quot;,&quot;iso&quot;:&quot;0&quot;,&quot;shutter_speed&quot;:&quot;0&quot;,&quot;title&quot;:&quot;&quot;,&quot;orientation&quot;:&quot;0&quot;}\" data-image-title=\"P1420821 FAT Alex Machacek hands &amp;#8211; Copyright by TJ Krebs jazzphotoagency@web.de\" data-image-description=\"\" data-medium-file=\"https:\/\/i0.wp.com\/www.jazzzeitung.de\/cms\/wp-content\/uploads\/2015\/01\/P1420821-FAT-Alex-Machacek-hands-Copyright-by-TJ-Krebs-jazzphotoagency%40web.de_.jpg?fit=200%2C300&#038;ssl=1\" data-large-file=\"https:\/\/i0.wp.com\/www.jazzzeitung.de\/cms\/wp-content\/uploads\/2015\/01\/P1420821-FAT-Alex-Machacek-hands-Copyright-by-TJ-Krebs-jazzphotoagency%40web.de_.jpg?fit=400%2C600&#038;ssl=1\" src=\"https:\/\/i0.wp.com\/www.jazzzeitung.de\/cms\/wp-content\/uploads\/2015\/01\/P1420821-FAT-Alex-Machacek-hands-Copyright-by-TJ-Krebs-jazzphotoagency%40web.de_.jpg?w=127&#038;h=190&#038;ssl=1\" width=\"127\" height=\"190\" loading=\"lazy\" data-original-width=\"127\" data-original-height=\"190\" itemprop=\"http:\/\/schema.org\/image\" title=\"P1420821 FAT Alex Machacek hands - Copyright by TJ Krebs jazzphotoagency@web.de\" alt=\"Machacek - ein Meister an der Gitarre\" style=\"width: 127px; height: 190px;\" \/> <\/a> <div class=\"tiled-gallery-caption\" itemprop=\"caption description\"> Machacek &#8211; ein Meister an der Gitarre <\/div> <\/div> <\/div> <!-- close group --> <div class=\"gallery-group images-1\" style=\"width: 131px; height: 194px;\" data-original-width=\"131\" data-original-height=\"194\" > <div class=\"tiled-gallery-item tiled-gallery-item-small\" itemprop=\"associatedMedia\" itemscope itemtype=\"http:\/\/schema.org\/ImageObject\"> <a href=\"https:\/\/www.jazzzeitung.de\/cms\/2015\/01\/fabelhaft-oesterreichisches-bei-den-7-bmw-welt-jazz-awards\/p1420744-fat-alex-machacek-copyright-by-tj-krebs-jazzphotoagencyweb-de\/\" border=\"0\" itemprop=\"url\"> <meta itemprop=\"width\" content=\"127\"> <meta itemprop=\"height\" content=\"190\"> <img decoding=\"async\" class=\"\" data-attachment-id=\"5343\" data-orig-file=\"https:\/\/www.jazzzeitung.de\/cms\/wp-content\/uploads\/2015\/01\/P1420744-FAT-Alex-Machacek-Copyright-by-TJ-Krebs-jazzphotoagency@web.de_.jpg\" data-orig-size=\"3072,4608\" data-comments-opened=\"1\" data-image-meta=\"{&quot;aperture&quot;:&quot;0&quot;,&quot;credit&quot;:&quot;&quot;,&quot;camera&quot;:&quot;&quot;,&quot;caption&quot;:&quot;&quot;,&quot;created_timestamp&quot;:&quot;0&quot;,&quot;copyright&quot;:&quot;&quot;,&quot;focal_length&quot;:&quot;0&quot;,&quot;iso&quot;:&quot;0&quot;,&quot;shutter_speed&quot;:&quot;0&quot;,&quot;title&quot;:&quot;&quot;,&quot;orientation&quot;:&quot;0&quot;}\" data-image-title=\"P1420744 FAT Alex Machacek &amp;#8211; Copyright by TJ Krebs jazzphotoagency@web.de\" data-image-description=\"\" data-medium-file=\"https:\/\/i0.wp.com\/www.jazzzeitung.de\/cms\/wp-content\/uploads\/2015\/01\/P1420744-FAT-Alex-Machacek-Copyright-by-TJ-Krebs-jazzphotoagency%40web.de_.jpg?fit=200%2C300&#038;ssl=1\" data-large-file=\"https:\/\/i0.wp.com\/www.jazzzeitung.de\/cms\/wp-content\/uploads\/2015\/01\/P1420744-FAT-Alex-Machacek-Copyright-by-TJ-Krebs-jazzphotoagency%40web.de_.jpg?fit=400%2C600&#038;ssl=1\" src=\"https:\/\/i0.wp.com\/www.jazzzeitung.de\/cms\/wp-content\/uploads\/2015\/01\/P1420744-FAT-Alex-Machacek-Copyright-by-TJ-Krebs-jazzphotoagency%40web.de_.jpg?w=127&#038;h=190&#038;ssl=1\" width=\"127\" height=\"190\" loading=\"lazy\" data-original-width=\"127\" data-original-height=\"190\" itemprop=\"http:\/\/schema.org\/image\" title=\"P1420744 FAT Alex Machacek - Copyright by TJ Krebs jazzphotoagency@web.de\" alt=\"Alex Machacek\" style=\"width: 127px; height: 190px;\" \/> <\/a> <div class=\"tiled-gallery-caption\" itemprop=\"caption description\"> Alex Machacek <\/div> <\/div> <\/div> <!-- close group --> <\/div> <!-- close row --> <\/div>\n<p>&nbsp;<\/p>\n<p>&nbsp;<\/p>\n<p>&nbsp;<\/p>\n","protected":false},"excerpt":{"rendered":"<p>Den Auftakt des 7. BMW Welt Jazz Awards gestaltete vor zwei Wochen das Michel Sajrawy Trio mit arabeskem Gitarrenjazz, der den Orient in die futuristische Kuppel des BMW Welt-Doppelkegels brachte. Konzert Nummer zwei bestritt das \u00f6sterreichische Trio FAT des in Los Angeles lebenden Wiener Gitarristen Alex Machacek. FAT hei\u00dft ausgeschrieben Faboulous Austrian Trio und der Name ist Programm: Gitarrist Alex Machacek, Bassist Raphael Preuschl und Schlagzeuger Herbert Pirker erzeugen zu dritt sagenhafte Klanggebilde, die in ihrer Wucht an eine gro\u00dfe Formation denken lassen und deren Komplexit\u00e4t von Altmeistern\u00a0 wie Allan Holdsworth oder Frank Zappa inspiriert wurden. Thomas J. Krebs war dabei und dokumentierte das Konzert f\u00fcr www.jazzzeitung.de. Bericht auf nmz.de: http:\/\/www.nmz.de\/online\/hutmode-headbanging-und-neue-frisuren-alex-machaceks-fabulous-austrian-trio-gab-gas-beim-bmw- &nbsp; &nbsp; &nbsp;<\/p>\n","protected":false},"author":18,"featured_media":0,"comment_status":"open","ping_status":"closed","sticky":false,"template":"","format":"standard","meta":{"_jetpack_memberships_contains_paid_content":false,"footnotes":"","jetpack_publicize_message":"","jetpack_publicize_feature_enabled":true,"jetpack_social_post_already_shared":false,"jetpack_social_options":{"image_generator_settings":{"template":"highway","default_image_id":0,"font":"","enabled":false},"version":2}},"categories":[652],"tags":[621,1197,85,699,294,322,1151,421],"coauthors":[695],"class_list":["post-5341","post","type-post","status-publish","format-standard","hentry","category-galerie","tag-andreas-kolb","tag-bericht","tag-bmw-welt","tag-frank-zappa","tag-jazzzeitung","tag-konzert-2","tag-michel-sajrawy","tag-nmz"],"yoast_head":"<!-- This site is optimized with the Yoast SEO plugin v27.5 - https:\/\/yoast.com\/product\/yoast-seo-wordpress\/ -->\n<title>Fabelhaft \u00d6sterreichisches: FAT bei den 7. BMW Welt Jazz Awards - JazzZeitung<\/title>\n<meta name=\"robots\" content=\"index, follow, max-snippet:-1, max-image-preview:large, max-video-preview:-1\" \/>\n<link rel=\"canonical\" href=\"https:\/\/www.jazzzeitung.de\/cms\/2015\/01\/fabelhaft-oesterreichisches-bei-den-7-bmw-welt-jazz-awards\/\" \/>\n<meta property=\"og:locale\" content=\"de_DE\" \/>\n<meta property=\"og:type\" content=\"article\" \/>\n<meta property=\"og:title\" content=\"Fabelhaft \u00d6sterreichisches: FAT bei den 7. BMW Welt Jazz Awards - JazzZeitung\" \/>\n<meta property=\"og:description\" content=\"Den Auftakt des 7. BMW Welt Jazz Awards gestaltete vor zwei Wochen das Michel Sajrawy Trio mit arabeskem Gitarrenjazz, der den Orient in die futuristische Kuppel des BMW Welt-Doppelkegels brachte. Konzert Nummer zwei bestritt das \u00f6sterreichische Trio FAT des in Los Angeles lebenden Wiener Gitarristen Alex Machacek. FAT hei\u00dft ausgeschrieben Faboulous Austrian Trio und der Name ist Programm: Gitarrist Alex Machacek, Bassist Raphael Preuschl und Schlagzeuger Herbert Pirker erzeugen zu dritt sagenhafte Klanggebilde, die in ihrer Wucht an eine gro\u00dfe Formation denken lassen und deren Komplexit\u00e4t von Altmeistern\u00a0 wie Allan Holdsworth oder Frank Zappa inspiriert wurden. Thomas J. Krebs war dabei und dokumentierte das Konzert f\u00fcr www.jazzzeitung.de. Bericht auf nmz.de: http:\/\/www.nmz.de\/online\/hutmode-headbanging-und-neue-frisuren-alex-machaceks-fabulous-austrian-trio-gab-gas-beim-bmw- &nbsp; &nbsp; &nbsp;\" \/>\n<meta property=\"og:url\" content=\"https:\/\/www.jazzzeitung.de\/cms\/2015\/01\/fabelhaft-oesterreichisches-bei-den-7-bmw-welt-jazz-awards\/\" \/>\n<meta property=\"og:site_name\" content=\"JazzZeitung\" \/>\n<meta property=\"article:publisher\" content=\"https:\/\/www.facebook.com\/JazzZeitung\/\" \/>\n<meta property=\"article:published_time\" content=\"2015-01-30T13:00:57+00:00\" \/>\n<meta property=\"article:modified_time\" content=\"2015-02-02T08:11:59+00:00\" \/>\n<meta property=\"og:image\" content=\"https:\/\/i0.wp.com\/www.jazzzeitung.de\/cms\/wp-content\/uploads\/2015\/01\/P1420861-FAT-Copyright-by-TJ-Krebs-jazzphotoagency@web.de_.jpg?w=285&#038;h=190&#038;ssl=1\" \/>\n<meta name=\"author\" content=\"Redaktion JazzZeitung\" \/>\n<script type=\"application\/ld+json\" class=\"yoast-schema-graph\">{\"@context\":\"https:\\\/\\\/schema.org\",\"@graph\":[{\"@type\":\"Article\",\"@id\":\"https:\\\/\\\/www.jazzzeitung.de\\\/cms\\\/2015\\\/01\\\/fabelhaft-oesterreichisches-bei-den-7-bmw-welt-jazz-awards\\\/#article\",\"isPartOf\":{\"@id\":\"https:\\\/\\\/www.jazzzeitung.de\\\/cms\\\/2015\\\/01\\\/fabelhaft-oesterreichisches-bei-den-7-bmw-welt-jazz-awards\\\/\"},\"author\":{\"name\":\"Redaktion JazzZeitung\",\"@id\":\"https:\\\/\\\/www.jazzzeitung.de\\\/cms\\\/#\\\/schema\\\/person\\\/2245b36b9cd1d24cea10f01c031fb92b\"},\"headline\":\"Fabelhaft \u00d6sterreichisches: FAT bei den 7. BMW Welt Jazz Awards\",\"datePublished\":\"2015-01-30T13:00:57+00:00\",\"dateModified\":\"2015-02-02T08:11:59+00:00\",\"mainEntityOfPage\":{\"@id\":\"https:\\\/\\\/www.jazzzeitung.de\\\/cms\\\/2015\\\/01\\\/fabelhaft-oesterreichisches-bei-den-7-bmw-welt-jazz-awards\\\/\"},\"wordCount\":154,\"commentCount\":0,\"publisher\":{\"@id\":\"https:\\\/\\\/www.jazzzeitung.de\\\/cms\\\/#organization\"},\"image\":{\"@id\":\"https:\\\/\\\/www.jazzzeitung.de\\\/cms\\\/2015\\\/01\\\/fabelhaft-oesterreichisches-bei-den-7-bmw-welt-jazz-awards\\\/#primaryimage\"},\"thumbnailUrl\":\"http:\\\/\\\/www.jazzzeitung.de\\\/cms\\\/wp-content\\\/uploads\\\/2015\\\/01\\\/P1420821-FAT-Alex-Machacek-hands-Copyright-by-TJ-Krebs-jazzphotoagency@web.de_-150x150.jpg\",\"keywords\":[\"Andreas Kolb\",\"Bericht\",\"bmw welt\",\"Frank Zappa\",\"Jazzzeitung\",\"Konzert\",\"Michel Sajrawy\",\"nmz\"],\"articleSection\":[\"Galerie\"],\"inLanguage\":\"de\",\"potentialAction\":[{\"@type\":\"CommentAction\",\"name\":\"Comment\",\"target\":[\"https:\\\/\\\/www.jazzzeitung.de\\\/cms\\\/2015\\\/01\\\/fabelhaft-oesterreichisches-bei-den-7-bmw-welt-jazz-awards\\\/#respond\"]}]},{\"@type\":\"WebPage\",\"@id\":\"https:\\\/\\\/www.jazzzeitung.de\\\/cms\\\/2015\\\/01\\\/fabelhaft-oesterreichisches-bei-den-7-bmw-welt-jazz-awards\\\/\",\"url\":\"https:\\\/\\\/www.jazzzeitung.de\\\/cms\\\/2015\\\/01\\\/fabelhaft-oesterreichisches-bei-den-7-bmw-welt-jazz-awards\\\/\",\"name\":\"Fabelhaft \u00d6sterreichisches: FAT bei den 7. BMW Welt Jazz Awards - JazzZeitung\",\"isPartOf\":{\"@id\":\"https:\\\/\\\/www.jazzzeitung.de\\\/cms\\\/#website\"},\"primaryImageOfPage\":{\"@id\":\"https:\\\/\\\/www.jazzzeitung.de\\\/cms\\\/2015\\\/01\\\/fabelhaft-oesterreichisches-bei-den-7-bmw-welt-jazz-awards\\\/#primaryimage\"},\"image\":{\"@id\":\"https:\\\/\\\/www.jazzzeitung.de\\\/cms\\\/2015\\\/01\\\/fabelhaft-oesterreichisches-bei-den-7-bmw-welt-jazz-awards\\\/#primaryimage\"},\"thumbnailUrl\":\"http:\\\/\\\/www.jazzzeitung.de\\\/cms\\\/wp-content\\\/uploads\\\/2015\\\/01\\\/P1420821-FAT-Alex-Machacek-hands-Copyright-by-TJ-Krebs-jazzphotoagency@web.de_-150x150.jpg\",\"datePublished\":\"2015-01-30T13:00:57+00:00\",\"dateModified\":\"2015-02-02T08:11:59+00:00\",\"breadcrumb\":{\"@id\":\"https:\\\/\\\/www.jazzzeitung.de\\\/cms\\\/2015\\\/01\\\/fabelhaft-oesterreichisches-bei-den-7-bmw-welt-jazz-awards\\\/#breadcrumb\"},\"inLanguage\":\"de\",\"potentialAction\":[{\"@type\":\"ReadAction\",\"target\":[\"https:\\\/\\\/www.jazzzeitung.de\\\/cms\\\/2015\\\/01\\\/fabelhaft-oesterreichisches-bei-den-7-bmw-welt-jazz-awards\\\/\"]}]},{\"@type\":\"ImageObject\",\"inLanguage\":\"de\",\"@id\":\"https:\\\/\\\/www.jazzzeitung.de\\\/cms\\\/2015\\\/01\\\/fabelhaft-oesterreichisches-bei-den-7-bmw-welt-jazz-awards\\\/#primaryimage\",\"url\":\"http:\\\/\\\/www.jazzzeitung.de\\\/cms\\\/wp-content\\\/uploads\\\/2015\\\/01\\\/P1420821-FAT-Alex-Machacek-hands-Copyright-by-TJ-Krebs-jazzphotoagency@web.de_-150x150.jpg\",\"contentUrl\":\"http:\\\/\\\/www.jazzzeitung.de\\\/cms\\\/wp-content\\\/uploads\\\/2015\\\/01\\\/P1420821-FAT-Alex-Machacek-hands-Copyright-by-TJ-Krebs-jazzphotoagency@web.de_-150x150.jpg\"},{\"@type\":\"BreadcrumbList\",\"@id\":\"https:\\\/\\\/www.jazzzeitung.de\\\/cms\\\/2015\\\/01\\\/fabelhaft-oesterreichisches-bei-den-7-bmw-welt-jazz-awards\\\/#breadcrumb\",\"itemListElement\":[{\"@type\":\"ListItem\",\"position\":1,\"name\":\"Startseite\",\"item\":\"https:\\\/\\\/www.jazzzeitung.de\\\/cms\\\/\"},{\"@type\":\"ListItem\",\"position\":2,\"name\":\"Fabelhaft \u00d6sterreichisches: FAT bei den 7. BMW Welt Jazz Awards\"}]},{\"@type\":\"WebSite\",\"@id\":\"https:\\\/\\\/www.jazzzeitung.de\\\/cms\\\/#website\",\"url\":\"https:\\\/\\\/www.jazzzeitung.de\\\/cms\\\/\",\"name\":\"JazzZeitung\",\"description\":\"Jazz-News und Jazz-Kontroverses\",\"publisher\":{\"@id\":\"https:\\\/\\\/www.jazzzeitung.de\\\/cms\\\/#organization\"},\"potentialAction\":[{\"@type\":\"SearchAction\",\"target\":{\"@type\":\"EntryPoint\",\"urlTemplate\":\"https:\\\/\\\/www.jazzzeitung.de\\\/cms\\\/?s={search_term_string}\"},\"query-input\":{\"@type\":\"PropertyValueSpecification\",\"valueRequired\":true,\"valueName\":\"search_term_string\"}}],\"inLanguage\":\"de\"},{\"@type\":\"Organization\",\"@id\":\"https:\\\/\\\/www.jazzzeitung.de\\\/cms\\\/#organization\",\"name\":\"JazzZeitung online\",\"url\":\"https:\\\/\\\/www.jazzzeitung.de\\\/cms\\\/\",\"logo\":{\"@type\":\"ImageObject\",\"inLanguage\":\"de\",\"@id\":\"https:\\\/\\\/www.jazzzeitung.de\\\/cms\\\/#\\\/schema\\\/logo\\\/image\\\/\",\"url\":\"https:\\\/\\\/i0.wp.com\\\/www.jazzzeitung.de\\\/cms\\\/wp-content\\\/uploads\\\/2015\\\/08\\\/JAZZZEITUNGDE_Logo_Neu.png?fit=499%2C200&ssl=1\",\"contentUrl\":\"https:\\\/\\\/i0.wp.com\\\/www.jazzzeitung.de\\\/cms\\\/wp-content\\\/uploads\\\/2015\\\/08\\\/JAZZZEITUNGDE_Logo_Neu.png?fit=499%2C200&ssl=1\",\"width\":499,\"height\":200,\"caption\":\"JazzZeitung online\"},\"image\":{\"@id\":\"https:\\\/\\\/www.jazzzeitung.de\\\/cms\\\/#\\\/schema\\\/logo\\\/image\\\/\"},\"sameAs\":[\"https:\\\/\\\/www.facebook.com\\\/JazzZeitung\\\/\"]},{\"@type\":\"Person\",\"@id\":\"https:\\\/\\\/www.jazzzeitung.de\\\/cms\\\/#\\\/schema\\\/person\\\/2245b36b9cd1d24cea10f01c031fb92b\",\"name\":\"Redaktion JazzZeitung\",\"image\":{\"@type\":\"ImageObject\",\"inLanguage\":\"de\",\"@id\":\"https:\\\/\\\/i0.wp.com\\\/www.jazzzeitung.de\\\/cms\\\/wp-content\\\/uploads\\\/2015\\\/08\\\/JAZZZEITUNGDE_Logo_Neu.png?resize=96%2C96&ssl=159975dcacb611b5700bd619b5daf0a7a\",\"url\":\"https:\\\/\\\/i0.wp.com\\\/www.jazzzeitung.de\\\/cms\\\/wp-content\\\/uploads\\\/2015\\\/08\\\/JAZZZEITUNGDE_Logo_Neu.png?resize=96%2C96&ssl=1\",\"contentUrl\":\"https:\\\/\\\/i0.wp.com\\\/www.jazzzeitung.de\\\/cms\\\/wp-content\\\/uploads\\\/2015\\\/08\\\/JAZZZEITUNGDE_Logo_Neu.png?resize=96%2C96&ssl=1\",\"caption\":\"Redaktion JazzZeitung\"},\"description\":\"Artikel der Redaktion der JazzZeitung.\",\"sameAs\":[\"http:\\\/\\\/www.jazzzeitung.de\\\/cms\\\/\"],\"url\":\"https:\\\/\\\/www.jazzzeitung.de\\\/cms\\\/author\\\/redaktion\\\/\"}]}<\/script>\n<!-- \/ Yoast SEO plugin. -->","yoast_head_json":{"title":"Fabelhaft \u00d6sterreichisches: FAT bei den 7. BMW Welt Jazz Awards - JazzZeitung","robots":{"index":"index","follow":"follow","max-snippet":"max-snippet:-1","max-image-preview":"max-image-preview:large","max-video-preview":"max-video-preview:-1"},"canonical":"https:\/\/www.jazzzeitung.de\/cms\/2015\/01\/fabelhaft-oesterreichisches-bei-den-7-bmw-welt-jazz-awards\/","og_locale":"de_DE","og_type":"article","og_title":"Fabelhaft \u00d6sterreichisches: FAT bei den 7. BMW Welt Jazz Awards - JazzZeitung","og_description":"Den Auftakt des 7. BMW Welt Jazz Awards gestaltete vor zwei Wochen das Michel Sajrawy Trio mit arabeskem Gitarrenjazz, der den Orient in die futuristische Kuppel des BMW Welt-Doppelkegels brachte. Konzert Nummer zwei bestritt das \u00f6sterreichische Trio FAT des in Los Angeles lebenden Wiener Gitarristen Alex Machacek. FAT hei\u00dft ausgeschrieben Faboulous Austrian Trio und der Name ist Programm: Gitarrist Alex Machacek, Bassist Raphael Preuschl und Schlagzeuger Herbert Pirker erzeugen zu dritt sagenhafte Klanggebilde, die in ihrer Wucht an eine gro\u00dfe Formation denken lassen und deren Komplexit\u00e4t von Altmeistern\u00a0 wie Allan Holdsworth oder Frank Zappa inspiriert wurden. Thomas J. Krebs war dabei und dokumentierte das Konzert f\u00fcr www.jazzzeitung.de. Bericht auf nmz.de: http:\/\/www.nmz.de\/online\/hutmode-headbanging-und-neue-frisuren-alex-machaceks-fabulous-austrian-trio-gab-gas-beim-bmw- &nbsp; &nbsp; &nbsp;","og_url":"https:\/\/www.jazzzeitung.de\/cms\/2015\/01\/fabelhaft-oesterreichisches-bei-den-7-bmw-welt-jazz-awards\/","og_site_name":"JazzZeitung","article_publisher":"https:\/\/www.facebook.com\/JazzZeitung\/","article_published_time":"2015-01-30T13:00:57+00:00","article_modified_time":"2015-02-02T08:11:59+00:00","og_image":[{"url":"https:\/\/i0.wp.com\/www.jazzzeitung.de\/cms\/wp-content\/uploads\/2015\/01\/P1420861-FAT-Copyright-by-TJ-Krebs-jazzphotoagency@web.de_.jpg?w=285&#038;h=190&#038;ssl=1","type":"","width":"","height":""}],"author":"Redaktion JazzZeitung","schema":{"@context":"https:\/\/schema.org","@graph":[{"@type":"Article","@id":"https:\/\/www.jazzzeitung.de\/cms\/2015\/01\/fabelhaft-oesterreichisches-bei-den-7-bmw-welt-jazz-awards\/#article","isPartOf":{"@id":"https:\/\/www.jazzzeitung.de\/cms\/2015\/01\/fabelhaft-oesterreichisches-bei-den-7-bmw-welt-jazz-awards\/"},"author":{"name":"Redaktion JazzZeitung","@id":"https:\/\/www.jazzzeitung.de\/cms\/#\/schema\/person\/2245b36b9cd1d24cea10f01c031fb92b"},"headline":"Fabelhaft \u00d6sterreichisches: FAT bei den 7. BMW Welt Jazz Awards","datePublished":"2015-01-30T13:00:57+00:00","dateModified":"2015-02-02T08:11:59+00:00","mainEntityOfPage":{"@id":"https:\/\/www.jazzzeitung.de\/cms\/2015\/01\/fabelhaft-oesterreichisches-bei-den-7-bmw-welt-jazz-awards\/"},"wordCount":154,"commentCount":0,"publisher":{"@id":"https:\/\/www.jazzzeitung.de\/cms\/#organization"},"image":{"@id":"https:\/\/www.jazzzeitung.de\/cms\/2015\/01\/fabelhaft-oesterreichisches-bei-den-7-bmw-welt-jazz-awards\/#primaryimage"},"thumbnailUrl":"http:\/\/www.jazzzeitung.de\/cms\/wp-content\/uploads\/2015\/01\/P1420821-FAT-Alex-Machacek-hands-Copyright-by-TJ-Krebs-jazzphotoagency@web.de_-150x150.jpg","keywords":["Andreas Kolb","Bericht","bmw welt","Frank Zappa","Jazzzeitung","Konzert","Michel Sajrawy","nmz"],"articleSection":["Galerie"],"inLanguage":"de","potentialAction":[{"@type":"CommentAction","name":"Comment","target":["https:\/\/www.jazzzeitung.de\/cms\/2015\/01\/fabelhaft-oesterreichisches-bei-den-7-bmw-welt-jazz-awards\/#respond"]}]},{"@type":"WebPage","@id":"https:\/\/www.jazzzeitung.de\/cms\/2015\/01\/fabelhaft-oesterreichisches-bei-den-7-bmw-welt-jazz-awards\/","url":"https:\/\/www.jazzzeitung.de\/cms\/2015\/01\/fabelhaft-oesterreichisches-bei-den-7-bmw-welt-jazz-awards\/","name":"Fabelhaft \u00d6sterreichisches: FAT bei den 7. BMW Welt Jazz Awards - JazzZeitung","isPartOf":{"@id":"https:\/\/www.jazzzeitung.de\/cms\/#website"},"primaryImageOfPage":{"@id":"https:\/\/www.jazzzeitung.de\/cms\/2015\/01\/fabelhaft-oesterreichisches-bei-den-7-bmw-welt-jazz-awards\/#primaryimage"},"image":{"@id":"https:\/\/www.jazzzeitung.de\/cms\/2015\/01\/fabelhaft-oesterreichisches-bei-den-7-bmw-welt-jazz-awards\/#primaryimage"},"thumbnailUrl":"http:\/\/www.jazzzeitung.de\/cms\/wp-content\/uploads\/2015\/01\/P1420821-FAT-Alex-Machacek-hands-Copyright-by-TJ-Krebs-jazzphotoagency@web.de_-150x150.jpg","datePublished":"2015-01-30T13:00:57+00:00","dateModified":"2015-02-02T08:11:59+00:00","breadcrumb":{"@id":"https:\/\/www.jazzzeitung.de\/cms\/2015\/01\/fabelhaft-oesterreichisches-bei-den-7-bmw-welt-jazz-awards\/#breadcrumb"},"inLanguage":"de","potentialAction":[{"@type":"ReadAction","target":["https:\/\/www.jazzzeitung.de\/cms\/2015\/01\/fabelhaft-oesterreichisches-bei-den-7-bmw-welt-jazz-awards\/"]}]},{"@type":"ImageObject","inLanguage":"de","@id":"https:\/\/www.jazzzeitung.de\/cms\/2015\/01\/fabelhaft-oesterreichisches-bei-den-7-bmw-welt-jazz-awards\/#primaryimage","url":"http:\/\/www.jazzzeitung.de\/cms\/wp-content\/uploads\/2015\/01\/P1420821-FAT-Alex-Machacek-hands-Copyright-by-TJ-Krebs-jazzphotoagency@web.de_-150x150.jpg","contentUrl":"http:\/\/www.jazzzeitung.de\/cms\/wp-content\/uploads\/2015\/01\/P1420821-FAT-Alex-Machacek-hands-Copyright-by-TJ-Krebs-jazzphotoagency@web.de_-150x150.jpg"},{"@type":"BreadcrumbList","@id":"https:\/\/www.jazzzeitung.de\/cms\/2015\/01\/fabelhaft-oesterreichisches-bei-den-7-bmw-welt-jazz-awards\/#breadcrumb","itemListElement":[{"@type":"ListItem","position":1,"name":"Startseite","item":"https:\/\/www.jazzzeitung.de\/cms\/"},{"@type":"ListItem","position":2,"name":"Fabelhaft \u00d6sterreichisches: FAT bei den 7. BMW Welt Jazz Awards"}]},{"@type":"WebSite","@id":"https:\/\/www.jazzzeitung.de\/cms\/#website","url":"https:\/\/www.jazzzeitung.de\/cms\/","name":"JazzZeitung","description":"Jazz-News und Jazz-Kontroverses","publisher":{"@id":"https:\/\/www.jazzzeitung.de\/cms\/#organization"},"potentialAction":[{"@type":"SearchAction","target":{"@type":"EntryPoint","urlTemplate":"https:\/\/www.jazzzeitung.de\/cms\/?s={search_term_string}"},"query-input":{"@type":"PropertyValueSpecification","valueRequired":true,"valueName":"search_term_string"}}],"inLanguage":"de"},{"@type":"Organization","@id":"https:\/\/www.jazzzeitung.de\/cms\/#organization","name":"JazzZeitung online","url":"https:\/\/www.jazzzeitung.de\/cms\/","logo":{"@type":"ImageObject","inLanguage":"de","@id":"https:\/\/www.jazzzeitung.de\/cms\/#\/schema\/logo\/image\/","url":"https:\/\/i0.wp.com\/www.jazzzeitung.de\/cms\/wp-content\/uploads\/2015\/08\/JAZZZEITUNGDE_Logo_Neu.png?fit=499%2C200&ssl=1","contentUrl":"https:\/\/i0.wp.com\/www.jazzzeitung.de\/cms\/wp-content\/uploads\/2015\/08\/JAZZZEITUNGDE_Logo_Neu.png?fit=499%2C200&ssl=1","width":499,"height":200,"caption":"JazzZeitung online"},"image":{"@id":"https:\/\/www.jazzzeitung.de\/cms\/#\/schema\/logo\/image\/"},"sameAs":["https:\/\/www.facebook.com\/JazzZeitung\/"]},{"@type":"Person","@id":"https:\/\/www.jazzzeitung.de\/cms\/#\/schema\/person\/2245b36b9cd1d24cea10f01c031fb92b","name":"Redaktion JazzZeitung","image":{"@type":"ImageObject","inLanguage":"de","@id":"https:\/\/i0.wp.com\/www.jazzzeitung.de\/cms\/wp-content\/uploads\/2015\/08\/JAZZZEITUNGDE_Logo_Neu.png?resize=96%2C96&ssl=159975dcacb611b5700bd619b5daf0a7a","url":"https:\/\/i0.wp.com\/www.jazzzeitung.de\/cms\/wp-content\/uploads\/2015\/08\/JAZZZEITUNGDE_Logo_Neu.png?resize=96%2C96&ssl=1","contentUrl":"https:\/\/i0.wp.com\/www.jazzzeitung.de\/cms\/wp-content\/uploads\/2015\/08\/JAZZZEITUNGDE_Logo_Neu.png?resize=96%2C96&ssl=1","caption":"Redaktion JazzZeitung"},"description":"Artikel der Redaktion der JazzZeitung.","sameAs":["http:\/\/www.jazzzeitung.de\/cms\/"],"url":"https:\/\/www.jazzzeitung.de\/cms\/author\/redaktion\/"}]}},"wp-worthy-pixel":{"ignored":false,"public":null,"server":null,"url":null},"wp-worthy-type":"normal","jetpack_publicize_connections":[],"cc_featured_image_caption":{"caption_text":false,"source_text":false,"source_url":false},"jetpack_featured_media_url":"","jetpack_shortlink":"https:\/\/wp.me\/p3KEcT-1o9","jetpack-related-posts":[{"id":5946,"url":"https:\/\/www.jazzzeitung.de\/cms\/2015\/04\/manu-codjia-trio-gewinnt-den-bmw-welt-jazz-award-2015\/","url_meta":{"origin":5341,"position":0},"title":"Manu Codjia Trio gewinnt den BMW Welt Jazz Award 2015","author":"Redaktion JazzZeitung","date":"20. April 2015","format":"gallery","excerpt":"Der Sieger des BMW Welt Jazz Award 2015 steht fest: Das franz\u00f6sische Ensemble Manu Codjia Trio hat sich am Samstagabend in einem hochklassigen Abschlusskonzert gegen das Ensemble FAT \u2013 Fabulous Austrian Trio aus \u00d6sterreich durchgesetzt. Den Hauptpreis \u00fcberreichte Helmut K\u00e4s, Leiter BMW Welt. Unter dem diesj\u00e4hrigen Motto \u201ePlaying my Guitar\u201c\u2026","rel":"","context":"In &quot;Bericht&quot;","block_context":{"text":"Bericht","link":"https:\/\/www.jazzzeitung.de\/cms\/thema\/bericht\/"},"img":{"alt_text":"","src":"https:\/\/i0.wp.com\/www.jazzzeitung.de\/cms\/wp-content\/uploads\/2015\/04\/10-P1500488-Manu-Codjia-Copyright-by-TJ-Krebs-jazzphotoagency%40web.de_.jpg?resize=350%2C200","width":350,"height":200},"classes":[]},{"id":5774,"url":"https:\/\/www.jazzzeitung.de\/cms\/2015\/03\/news-bmw-welt-jazz-award-kinderjazzfestival-leipzig-jazz-im-theater\/","url_meta":{"origin":5341,"position":1},"title":"News: BMW Welt Jazz Award +++ Kinderjazzfestival Leipzig +++ Jazz im Theater","author":"Redaktion JazzZeitung","date":"24. M\u00e4rz 2015","format":false,"excerpt":"Finalisten des BMW Welt Jazz Award stehen fest Das \u00f6sterreichische FAT \u2013 Fabulous Austrian Trio und das Manu Codjia Trio aus Frankreich sind die beiden Finalisten beim BMW Welt Jazz Award 2015. Die Fachjury hat die beiden Ensembles f\u00fcr das gro\u00dfe Finale am 18. April 2015 im Auditorium der BMW\u2026","rel":"","context":"In &quot;News&quot;","block_context":{"text":"News","link":"https:\/\/www.jazzzeitung.de\/cms\/thema\/nachrichten\/"},"img":{"alt_text":"Das Manu Codjia Trio bei der Matinee im Doppelkegel. Foto: Thomas J. Krebs","src":"https:\/\/i0.wp.com\/www.jazzzeitung.de\/cms\/wp-content\/uploads\/2015\/03\/11-Manu-Codjia-Trio-P1470073-Copyright-TJ-Krebs-jazzphotoagency%40web.de_-150x150.jpg?resize=350%2C200","width":350,"height":200},"classes":[]},{"id":27149,"url":"https:\/\/www.jazzzeitung.de\/cms\/2022\/04\/das-marco-mezquida-trio-beim-bmw-welt-jazz-award-2022-key-positions\/","url_meta":{"origin":5341,"position":2},"title":"Das Marco Mezquida Trio beim BMW Welt Jazz Award 2022 &#8222;Key Position&#8220;","author":"Redaktion JazzZeitung","date":"20. April 2022","format":false,"excerpt":"Das f\u00fcnfte Konzert des BMW Welt Jazz Awards spielt das Marco Mezquida Trio in der BMW Welt. Der Pianist Marco Mezquida gilt als wichtiger Vertreter der aktuellen spanischen Jazzszene. Der aus Menorca stammende K\u00fcnstler konnte mit seinem Trio mit Mart\u00edn Mel\u00e9ndez am Cello und Aleix Tobias an Schlagzeug und Percussion\u2026","rel":"","context":"In &quot;Galerie&quot;","block_context":{"text":"Galerie","link":"https:\/\/www.jazzzeitung.de\/cms\/thema\/galerie\/"},"img":{"alt_text":"","src":"https:\/\/i0.wp.com\/www.jazzzeitung.de\/cms\/wp-content\/uploads\/2022\/04\/DSC06968.jpg?fit=1200%2C800&ssl=1&resize=350%2C200","width":350,"height":200,"srcset":"https:\/\/i0.wp.com\/www.jazzzeitung.de\/cms\/wp-content\/uploads\/2022\/04\/DSC06968.jpg?fit=1200%2C800&ssl=1&resize=350%2C200 1x, https:\/\/i0.wp.com\/www.jazzzeitung.de\/cms\/wp-content\/uploads\/2022\/04\/DSC06968.jpg?fit=1200%2C800&ssl=1&resize=525%2C300 1.5x, https:\/\/i0.wp.com\/www.jazzzeitung.de\/cms\/wp-content\/uploads\/2022\/04\/DSC06968.jpg?fit=1200%2C800&ssl=1&resize=700%2C400 2x, https:\/\/i0.wp.com\/www.jazzzeitung.de\/cms\/wp-content\/uploads\/2022\/04\/DSC06968.jpg?fit=1200%2C800&ssl=1&resize=1050%2C600 3x"},"classes":[]},{"id":18780,"url":"https:\/\/www.jazzzeitung.de\/cms\/2019\/02\/der-dichter-spricht-das-matthieu-bordenave-trio-laesst-sich-beim-bmw-welt-jazz-award-von-rene-char-inspirieren\/","url_meta":{"origin":5341,"position":3},"title":"Der Dichter spricht: Das Matthieu Bordenave Trio l\u00e4sst sich beim BMW Welt Jazz Award von Ren\u00e9 Char inspirieren","author":"Redaktion JazzZeitung","date":"27. Februar 2019","format":false,"excerpt":"Das Trio des 35-j\u00e4hrigen Tenorsaxophonisten Matthieu Bordenave aus S\u00fcdfrankreich betrat als vierter der insgesamt sechs Teilnehmerbands das Podium des lichtdurchfluteten Podiums des BMW Welt Jazz Award, der dieses Jahr unter dem Motto \u201eSaxophone Worlds\u201c steht. Bordenave studierte zun\u00e4chst klassisches und Jazzsaxophon in Paris, bevor er zum Masterstudium an die M\u00fcnchner\u2026","rel":"","context":"In &quot;News&quot;","block_context":{"text":"News","link":"https:\/\/www.jazzzeitung.de\/cms\/thema\/nachrichten\/"},"img":{"alt_text":"","src":"https:\/\/i0.wp.com\/www.jazzzeitung.de\/cms\/wp-content\/uploads\/2019\/02\/BeitragsbildP1224331-Bordenave-Trio-Foto-TJ-Krebs.jpg?fit=1200%2C800&ssl=1&resize=350%2C200","width":350,"height":200,"srcset":"https:\/\/i0.wp.com\/www.jazzzeitung.de\/cms\/wp-content\/uploads\/2019\/02\/BeitragsbildP1224331-Bordenave-Trio-Foto-TJ-Krebs.jpg?fit=1200%2C800&ssl=1&resize=350%2C200 1x, https:\/\/i0.wp.com\/www.jazzzeitung.de\/cms\/wp-content\/uploads\/2019\/02\/BeitragsbildP1224331-Bordenave-Trio-Foto-TJ-Krebs.jpg?fit=1200%2C800&ssl=1&resize=525%2C300 1.5x, https:\/\/i0.wp.com\/www.jazzzeitung.de\/cms\/wp-content\/uploads\/2019\/02\/BeitragsbildP1224331-Bordenave-Trio-Foto-TJ-Krebs.jpg?fit=1200%2C800&ssl=1&resize=700%2C400 2x, https:\/\/i0.wp.com\/www.jazzzeitung.de\/cms\/wp-content\/uploads\/2019\/02\/BeitragsbildP1224331-Bordenave-Trio-Foto-TJ-Krebs.jpg?fit=1200%2C800&ssl=1&resize=1050%2C600 3x"},"classes":[]},{"id":15114,"url":"https:\/\/www.jazzzeitung.de\/cms\/2018\/02\/das-leo-betzl-trio-legt-vor-der-bmw-welt-jazz-award-hat-begonnen\/","url_meta":{"origin":5341,"position":4},"title":"Das Leo Betzl Trio legt vor: der BMW Welt Jazz Award 2018 hat begonnen","author":"Redaktion JazzZeitung","date":"19. Februar 2018","format":false,"excerpt":"Gelungener\u00a0 Auftakt der neuen Competition \u201eBMW Welt Jazz Award\u201c mit dem Leo Betzl Trio. Mit akustischen Instrumenten fr\u00f6nten die drei bayerischen Spitzenmusiker ihrer gr\u00f6\u00dften Leidenschaft neben dem Jazz: dem Techno. Im wie immer vollbesetzten Doppelkegel der BMW Welt in M\u00fcnchen \u00a0schraubten sich technoide Jazzgrooves und\u00a0 verjazzter Techno in die futuristische\u2026","rel":"","context":"In &quot;News&quot;","block_context":{"text":"News","link":"https:\/\/www.jazzzeitung.de\/cms\/thema\/nachrichten\/"},"img":{"alt_text":"","src":"https:\/\/i0.wp.com\/www.jazzzeitung.de\/cms\/wp-content\/uploads\/2018\/02\/0K3A7694-Hirning-dombr.jpg?fit=1200%2C798&ssl=1&resize=350%2C200","width":350,"height":200,"srcset":"https:\/\/i0.wp.com\/www.jazzzeitung.de\/cms\/wp-content\/uploads\/2018\/02\/0K3A7694-Hirning-dombr.jpg?fit=1200%2C798&ssl=1&resize=350%2C200 1x, https:\/\/i0.wp.com\/www.jazzzeitung.de\/cms\/wp-content\/uploads\/2018\/02\/0K3A7694-Hirning-dombr.jpg?fit=1200%2C798&ssl=1&resize=525%2C300 1.5x, https:\/\/i0.wp.com\/www.jazzzeitung.de\/cms\/wp-content\/uploads\/2018\/02\/0K3A7694-Hirning-dombr.jpg?fit=1200%2C798&ssl=1&resize=700%2C400 2x, https:\/\/i0.wp.com\/www.jazzzeitung.de\/cms\/wp-content\/uploads\/2018\/02\/0K3A7694-Hirning-dombr.jpg?fit=1200%2C798&ssl=1&resize=1050%2C600 3x"},"classes":[]},{"id":26949,"url":"https:\/\/www.jazzzeitung.de\/cms\/2022\/03\/jacob-karlzon-trio-beim-bmw-welt-jazz-award\/","url_meta":{"origin":5341,"position":5},"title":"Jacob Karlzon Trio beim BMW Welt Jazz Award","author":"Redaktion JazzZeitung","date":"29. M\u00e4rz 2022","format":false,"excerpt":"Der 2010 in seiner Heimat Schweden als Jazz-Musiker des Jahres ausgezeichnete Pianist Jacob Karlzon macht schon immer Musik f\u00fcr den inneren Film. In der BMW Welt spielte er zusamen mit\u00a0 Morten Ramsb\u00f8l am Bass und Rasmus Kihlberg am Schlagzeug am 22. M\u00e4rz das 2. Konzert des diesj\u00e4hrigen BMW Welt Jazz\u2026","rel":"","context":"In &quot;Galerie&quot;","block_context":{"text":"Galerie","link":"https:\/\/www.jazzzeitung.de\/cms\/thema\/galerie\/"},"img":{"alt_text":"","src":"https:\/\/i0.wp.com\/www.jazzzeitung.de\/cms\/wp-content\/uploads\/2022\/03\/P1710856-sw-Karlzon-Trio-Foto-TJ-Krebs.jpg?fit=1200%2C800&ssl=1&resize=350%2C200","width":350,"height":200,"srcset":"https:\/\/i0.wp.com\/www.jazzzeitung.de\/cms\/wp-content\/uploads\/2022\/03\/P1710856-sw-Karlzon-Trio-Foto-TJ-Krebs.jpg?fit=1200%2C800&ssl=1&resize=350%2C200 1x, https:\/\/i0.wp.com\/www.jazzzeitung.de\/cms\/wp-content\/uploads\/2022\/03\/P1710856-sw-Karlzon-Trio-Foto-TJ-Krebs.jpg?fit=1200%2C800&ssl=1&resize=525%2C300 1.5x, https:\/\/i0.wp.com\/www.jazzzeitung.de\/cms\/wp-content\/uploads\/2022\/03\/P1710856-sw-Karlzon-Trio-Foto-TJ-Krebs.jpg?fit=1200%2C800&ssl=1&resize=700%2C400 2x, https:\/\/i0.wp.com\/www.jazzzeitung.de\/cms\/wp-content\/uploads\/2022\/03\/P1710856-sw-Karlzon-Trio-Foto-TJ-Krebs.jpg?fit=1200%2C800&ssl=1&resize=1050%2C600 3x"},"classes":[]}],"jetpack_sharing_enabled":true,"_links":{"self":[{"href":"https:\/\/www.jazzzeitung.de\/cms\/wp-json\/wp\/v2\/posts\/5341","targetHints":{"allow":["GET"]}}],"collection":[{"href":"https:\/\/www.jazzzeitung.de\/cms\/wp-json\/wp\/v2\/posts"}],"about":[{"href":"https:\/\/www.jazzzeitung.de\/cms\/wp-json\/wp\/v2\/types\/post"}],"author":[{"embeddable":true,"href":"https:\/\/www.jazzzeitung.de\/cms\/wp-json\/wp\/v2\/users\/18"}],"replies":[{"embeddable":true,"href":"https:\/\/www.jazzzeitung.de\/cms\/wp-json\/wp\/v2\/comments?post=5341"}],"version-history":[{"count":5,"href":"https:\/\/www.jazzzeitung.de\/cms\/wp-json\/wp\/v2\/posts\/5341\/revisions"}],"predecessor-version":[{"id":5376,"href":"https:\/\/www.jazzzeitung.de\/cms\/wp-json\/wp\/v2\/posts\/5341\/revisions\/5376"}],"wp:attachment":[{"href":"https:\/\/www.jazzzeitung.de\/cms\/wp-json\/wp\/v2\/media?parent=5341"}],"wp:term":[{"taxonomy":"category","embeddable":true,"href":"https:\/\/www.jazzzeitung.de\/cms\/wp-json\/wp\/v2\/categories?post=5341"},{"taxonomy":"post_tag","embeddable":true,"href":"https:\/\/www.jazzzeitung.de\/cms\/wp-json\/wp\/v2\/tags?post=5341"},{"taxonomy":"author","embeddable":true,"href":"https:\/\/www.jazzzeitung.de\/cms\/wp-json\/wp\/v2\/coauthors?post=5341"}],"curies":[{"name":"wp","href":"https:\/\/api.w.org\/{rel}","templated":true}]}}