{"id":5336,"date":"2015-02-04T09:52:04","date_gmt":"2015-02-04T08:52:04","guid":{"rendered":"http:\/\/www.jazzzeitung.de\/cms\/?p=5336"},"modified":"2015-02-04T09:52:04","modified_gmt":"2015-02-04T08:52:04","slug":"peter-herbolzheimer-european-jazz-academy-mit-eigenem-notenarchiv-naechste-arbeitsphase-im-dezember","status":"publish","type":"post","link":"https:\/\/www.jazzzeitung.de\/cms\/2015\/02\/peter-herbolzheimer-european-jazz-academy-mit-eigenem-notenarchiv-naechste-arbeitsphase-im-dezember\/","title":{"rendered":"Peter Herbolzheimer European Jazz Academy mit eigenem Notenarchiv &#8211; n\u00e4chste Arbeitsphase im Dezember"},"content":{"rendered":"<p><a href=\"https:\/\/i0.wp.com\/www.jazzzeitung.de\/cms\/wp-content\/uploads\/2015\/01\/2010-05-herbolzheimer.jpg\"><img data-recalc-dims=\"1\" loading=\"lazy\" decoding=\"async\" data-attachment-id=\"5198\" data-permalink=\"https:\/\/www.jazzzeitung.de\/cms\/2015\/01\/lernen-vom-trend-master-herbolzheimer\/2010-05-herbolzheimer\/\" data-orig-file=\"https:\/\/i0.wp.com\/www.jazzzeitung.de\/cms\/wp-content\/uploads\/2015\/01\/2010-05-herbolzheimer.jpg?fit=900%2C600&amp;ssl=1\" data-orig-size=\"900,600\" data-comments-opened=\"1\" data-image-meta=\"{&quot;aperture&quot;:&quot;0&quot;,&quot;credit&quot;:&quot;&quot;,&quot;camera&quot;:&quot;&quot;,&quot;caption&quot;:&quot;&quot;,&quot;created_timestamp&quot;:&quot;0&quot;,&quot;copyright&quot;:&quot;&quot;,&quot;focal_length&quot;:&quot;0&quot;,&quot;iso&quot;:&quot;0&quot;,&quot;shutter_speed&quot;:&quot;0&quot;,&quot;title&quot;:&quot;&quot;,&quot;orientation&quot;:&quot;0&quot;}\" data-image-title=\"2010-05-herbolzheimer\" data-image-description=\"\" data-image-caption=\"\" data-large-file=\"https:\/\/i0.wp.com\/www.jazzzeitung.de\/cms\/wp-content\/uploads\/2015\/01\/2010-05-herbolzheimer.jpg?fit=840%2C560&amp;ssl=1\" class=\"alignright size-thumbnail wp-image-5198\" src=\"https:\/\/i0.wp.com\/www.jazzzeitung.de\/cms\/wp-content\/uploads\/2015\/01\/2010-05-herbolzheimer-150x150.jpg?resize=150%2C150\" alt=\"2010-05-herbolzheimer\" width=\"150\" height=\"150\" srcset=\"https:\/\/i0.wp.com\/www.jazzzeitung.de\/cms\/wp-content\/uploads\/2015\/01\/2010-05-herbolzheimer.jpg?resize=150%2C150&amp;ssl=1 150w, https:\/\/i0.wp.com\/www.jazzzeitung.de\/cms\/wp-content\/uploads\/2015\/01\/2010-05-herbolzheimer.jpg?resize=144%2C144&amp;ssl=1 144w, https:\/\/i0.wp.com\/www.jazzzeitung.de\/cms\/wp-content\/uploads\/2015\/01\/2010-05-herbolzheimer.jpg?resize=96%2C96&amp;ssl=1 96w, https:\/\/i0.wp.com\/www.jazzzeitung.de\/cms\/wp-content\/uploads\/2015\/01\/2010-05-herbolzheimer.jpg?resize=24%2C24&amp;ssl=1 24w, https:\/\/i0.wp.com\/www.jazzzeitung.de\/cms\/wp-content\/uploads\/2015\/01\/2010-05-herbolzheimer.jpg?resize=36%2C36&amp;ssl=1 36w, https:\/\/i0.wp.com\/www.jazzzeitung.de\/cms\/wp-content\/uploads\/2015\/01\/2010-05-herbolzheimer.jpg?resize=48%2C48&amp;ssl=1 48w, https:\/\/i0.wp.com\/www.jazzzeitung.de\/cms\/wp-content\/uploads\/2015\/01\/2010-05-herbolzheimer.jpg?resize=64%2C64&amp;ssl=1 64w, https:\/\/i0.wp.com\/www.jazzzeitung.de\/cms\/wp-content\/uploads\/2015\/01\/2010-05-herbolzheimer.jpg?resize=32%2C32&amp;ssl=1 32w, https:\/\/i0.wp.com\/www.jazzzeitung.de\/cms\/wp-content\/uploads\/2015\/01\/2010-05-herbolzheimer.jpg?resize=128%2C128&amp;ssl=1 128w, https:\/\/i0.wp.com\/www.jazzzeitung.de\/cms\/wp-content\/uploads\/2015\/01\/2010-05-herbolzheimer.jpg?zoom=2&amp;resize=150%2C150&amp;ssl=1 300w, https:\/\/i0.wp.com\/www.jazzzeitung.de\/cms\/wp-content\/uploads\/2015\/01\/2010-05-herbolzheimer.jpg?zoom=3&amp;resize=150%2C150&amp;ssl=1 450w\" sizes=\"auto, (max-width: 150px) 100vw, 150px\" \/><\/a>Peter Herbolzheimer, Europas wohl bekanntester Bigbandleiter, hatte noch zu seinen Lebzeiten \u2013 er starb im M\u00e4rz 2010 \u2013 die European Jazz Academy gegr\u00fcndet. Sie besteht aus der Grey Hair Convention, der Master Class und den Master Birds und kommt mindestens einmal im Jahr zu Arbeitsphasen zusammen \u2013 zuletzt im Dezember in der Landesmusikakademie Hessen auf Schlo\u00df Hallenburg in Schlitz bei Fulda. Geprobt und gespielt werden selbstverst\u00e4ndlich und fast ausschlie\u00dflich anspruchsvolle Kompositionen und Arrangements des gro\u00dfartigen Musikers. Die Arbeitsphasen stehen allen jungen und jung gebliebenen Musikerinnen und Musikern offen, Studierenden und jungen Profis ebenso wie fortgeschrittenen Amateuren. Zu den Dozenten geh\u00f6ren erfahrene Musiker und P\u00e4dagogen, die mit Peter Herbolzheimer zusammengearbeitet haben. (Siehe auch www.europeanjazzacademy.org ). Bisher stellte Gisela Herbolzheimer den Arbeitsphasen jeweils eine Auswahl von Herbolzheimer-Noten unentgeltlich zur Verf\u00fcgung. Nun ist es den beiden Organisatoren Detlev Oelfke und Peter Ortmann gelungen, den gesamten Fundus an Jazzkompositionen und -arrangements aus der Feder Peter Herbolzheimers zu erwerben. Dabei handelt es sich um nicht weniger als 170 Titel.<\/p>\n<p>Die n\u00e4chste Arbeitsphase der Peter Herbolzheimer European Jazz Academy findet vom 1. bis zum 6. Dezember 2015 wiederum in der Landesmusikakademie Hessen in Schlitz statt. Interessenten k\u00f6nnen sich schon jetzt bereits unter der Email-Adresse info@europeanjazzacademy.org melden und erhalten ca. 6 Wochen vor Beginn der Arbeitsphase eine Einladung mit der Aufforderung zur verbindlichen Anmeldung. Der Geburtstag von Peter Herbolzheimer wird sich am 31.12.2015 zum 80. Mal j\u00e4hren. Das wird auch der von ihm initiierten European Jazz Academy Anlass sein, wieder einmal auf das fast un\u00fcberschaubare musikalische Erbe dieses gro\u00dfartigen Musikers hinzuweisen.<\/p>\n","protected":false},"excerpt":{"rendered":"<p>Peter Herbolzheimer, Europas wohl bekanntester Bigbandleiter, hatte noch zu seinen Lebzeiten \u2013 er starb im M\u00e4rz 2010 \u2013 die European Jazz Academy gegr\u00fcndet. Sie besteht aus der Grey Hair Convention, der Master Class und den Master Birds und kommt mindestens einmal im Jahr zu Arbeitsphasen zusammen \u2013 zuletzt im Dezember in der Landesmusikakademie Hessen auf Schlo\u00df Hallenburg in Schlitz bei Fulda. Geprobt und gespielt werden selbstverst\u00e4ndlich und fast ausschlie\u00dflich anspruchsvolle Kompositionen und Arrangements des gro\u00dfartigen Musikers. Die Arbeitsphasen stehen allen jungen und jung gebliebenen Musikerinnen und Musikern offen, Studierenden und jungen Profis ebenso wie fortgeschrittenen Amateuren. Zu den Dozenten geh\u00f6ren erfahrene Musiker und P\u00e4dagogen, die mit Peter Herbolzheimer zusammengearbeitet haben. (Siehe auch www.europeanjazzacademy.org ). Bisher stellte Gisela Herbolzheimer den Arbeitsphasen jeweils eine Auswahl von Herbolzheimer-Noten unentgeltlich zur Verf\u00fcgung. Nun ist es den beiden Organisatoren Detlev Oelfke und Peter Ortmann gelungen, den gesamten Fundus an Jazzkompositionen und -arrangements aus der Feder Peter Herbolzheimers zu erwerben. Dabei handelt es sich um nicht weniger als 170 Titel. Die n\u00e4chste Arbeitsphase der Peter Herbolzheimer European Jazz Academy findet vom 1. bis zum 6. Dezember 2015 wiederum in der Landesmusikakademie &hellip;<\/p>\n","protected":false},"author":10,"featured_media":0,"comment_status":"open","ping_status":"closed","sticky":false,"template":"","format":"standard","meta":{"_jetpack_memberships_contains_paid_content":false,"footnotes":"","jetpack_publicize_message":"","jetpack_publicize_feature_enabled":true,"jetpack_social_post_already_shared":false,"jetpack_social_options":{"image_generator_settings":{"template":"highway","default_image_id":0,"font":"","enabled":false},"version":2}},"categories":[82],"tags":[790,438,440],"coauthors":[723],"class_list":["post-5336","post","type-post","status-publish","format-standard","hentry","category-blog","tag-geburtstag","tag-peter-herbolzheimer","tag-peter-ortmann"],"yoast_head":"<!-- This site is optimized with the Yoast SEO plugin v27.5 - https:\/\/yoast.com\/product\/yoast-seo-wordpress\/ -->\n<title>Peter Herbolzheimer European Jazz Academy mit eigenem Notenarchiv - n\u00e4chste Arbeitsphase im Dezember - JazzZeitung<\/title>\n<meta name=\"robots\" content=\"index, follow, max-snippet:-1, max-image-preview:large, max-video-preview:-1\" \/>\n<link rel=\"canonical\" href=\"https:\/\/www.jazzzeitung.de\/cms\/2015\/02\/peter-herbolzheimer-european-jazz-academy-mit-eigenem-notenarchiv-naechste-arbeitsphase-im-dezember\/\" \/>\n<meta property=\"og:locale\" content=\"de_DE\" \/>\n<meta property=\"og:type\" content=\"article\" \/>\n<meta property=\"og:title\" content=\"Peter Herbolzheimer European Jazz Academy mit eigenem Notenarchiv - n\u00e4chste Arbeitsphase im Dezember - JazzZeitung\" \/>\n<meta property=\"og:description\" content=\"Peter Herbolzheimer, Europas wohl bekanntester Bigbandleiter, hatte noch zu seinen Lebzeiten \u2013 er starb im M\u00e4rz 2010 \u2013 die European Jazz Academy gegr\u00fcndet. Sie besteht aus der Grey Hair Convention, der Master Class und den Master Birds und kommt mindestens einmal im Jahr zu Arbeitsphasen zusammen \u2013 zuletzt im Dezember in der Landesmusikakademie Hessen auf Schlo\u00df Hallenburg in Schlitz bei Fulda. Geprobt und gespielt werden selbstverst\u00e4ndlich und fast ausschlie\u00dflich anspruchsvolle Kompositionen und Arrangements des gro\u00dfartigen Musikers. Die Arbeitsphasen stehen allen jungen und jung gebliebenen Musikerinnen und Musikern offen, Studierenden und jungen Profis ebenso wie fortgeschrittenen Amateuren. Zu den Dozenten geh\u00f6ren erfahrene Musiker und P\u00e4dagogen, die mit Peter Herbolzheimer zusammengearbeitet haben. (Siehe auch www.europeanjazzacademy.org ). Bisher stellte Gisela Herbolzheimer den Arbeitsphasen jeweils eine Auswahl von Herbolzheimer-Noten unentgeltlich zur Verf\u00fcgung. Nun ist es den beiden Organisatoren Detlev Oelfke und Peter Ortmann gelungen, den gesamten Fundus an Jazzkompositionen und -arrangements aus der Feder Peter Herbolzheimers zu erwerben. Dabei handelt es sich um nicht weniger als 170 Titel. Die n\u00e4chste Arbeitsphase der Peter Herbolzheimer European Jazz Academy findet vom 1. bis zum 6. Dezember 2015 wiederum in der Landesmusikakademie &hellip;\" \/>\n<meta property=\"og:url\" content=\"https:\/\/www.jazzzeitung.de\/cms\/2015\/02\/peter-herbolzheimer-european-jazz-academy-mit-eigenem-notenarchiv-naechste-arbeitsphase-im-dezember\/\" \/>\n<meta property=\"og:site_name\" content=\"JazzZeitung\" \/>\n<meta property=\"article:publisher\" content=\"https:\/\/www.facebook.com\/JazzZeitung\/\" \/>\n<meta property=\"article:published_time\" content=\"2015-02-04T08:52:04+00:00\" \/>\n<meta property=\"og:image\" content=\"http:\/\/www.jazzzeitung.de\/cms\/wp-content\/uploads\/2015\/01\/2010-05-herbolzheimer-150x150.jpg\" \/>\n<meta name=\"author\" content=\"Peter Ortmann\" \/>\n<script type=\"application\/ld+json\" class=\"yoast-schema-graph\">{\"@context\":\"https:\\\/\\\/schema.org\",\"@graph\":[{\"@type\":\"Article\",\"@id\":\"https:\\\/\\\/www.jazzzeitung.de\\\/cms\\\/2015\\\/02\\\/peter-herbolzheimer-european-jazz-academy-mit-eigenem-notenarchiv-naechste-arbeitsphase-im-dezember\\\/#article\",\"isPartOf\":{\"@id\":\"https:\\\/\\\/www.jazzzeitung.de\\\/cms\\\/2015\\\/02\\\/peter-herbolzheimer-european-jazz-academy-mit-eigenem-notenarchiv-naechste-arbeitsphase-im-dezember\\\/\"},\"author\":{\"name\":\"Peter Ortmann\",\"@id\":\"https:\\\/\\\/www.jazzzeitung.de\\\/cms\\\/#\\\/schema\\\/person\\\/d04743af6cf7c1de5d6146c923bf9d6d\"},\"headline\":\"Peter Herbolzheimer European Jazz Academy mit eigenem Notenarchiv &#8211; n\u00e4chste Arbeitsphase im Dezember\",\"datePublished\":\"2015-02-04T08:52:04+00:00\",\"mainEntityOfPage\":{\"@id\":\"https:\\\/\\\/www.jazzzeitung.de\\\/cms\\\/2015\\\/02\\\/peter-herbolzheimer-european-jazz-academy-mit-eigenem-notenarchiv-naechste-arbeitsphase-im-dezember\\\/\"},\"wordCount\":273,\"commentCount\":0,\"publisher\":{\"@id\":\"https:\\\/\\\/www.jazzzeitung.de\\\/cms\\\/#organization\"},\"image\":{\"@id\":\"https:\\\/\\\/www.jazzzeitung.de\\\/cms\\\/2015\\\/02\\\/peter-herbolzheimer-european-jazz-academy-mit-eigenem-notenarchiv-naechste-arbeitsphase-im-dezember\\\/#primaryimage\"},\"thumbnailUrl\":\"http:\\\/\\\/www.jazzzeitung.de\\\/cms\\\/wp-content\\\/uploads\\\/2015\\\/01\\\/2010-05-herbolzheimer-150x150.jpg\",\"keywords\":[\"Geburtstag\",\"Peter Herbolzheimer\",\"peter ortmann\"],\"articleSection\":[\"Blog\"],\"inLanguage\":\"de\",\"potentialAction\":[{\"@type\":\"CommentAction\",\"name\":\"Comment\",\"target\":[\"https:\\\/\\\/www.jazzzeitung.de\\\/cms\\\/2015\\\/02\\\/peter-herbolzheimer-european-jazz-academy-mit-eigenem-notenarchiv-naechste-arbeitsphase-im-dezember\\\/#respond\"]}]},{\"@type\":\"WebPage\",\"@id\":\"https:\\\/\\\/www.jazzzeitung.de\\\/cms\\\/2015\\\/02\\\/peter-herbolzheimer-european-jazz-academy-mit-eigenem-notenarchiv-naechste-arbeitsphase-im-dezember\\\/\",\"url\":\"https:\\\/\\\/www.jazzzeitung.de\\\/cms\\\/2015\\\/02\\\/peter-herbolzheimer-european-jazz-academy-mit-eigenem-notenarchiv-naechste-arbeitsphase-im-dezember\\\/\",\"name\":\"Peter Herbolzheimer European Jazz Academy mit eigenem Notenarchiv - n\u00e4chste Arbeitsphase im Dezember - JazzZeitung\",\"isPartOf\":{\"@id\":\"https:\\\/\\\/www.jazzzeitung.de\\\/cms\\\/#website\"},\"primaryImageOfPage\":{\"@id\":\"https:\\\/\\\/www.jazzzeitung.de\\\/cms\\\/2015\\\/02\\\/peter-herbolzheimer-european-jazz-academy-mit-eigenem-notenarchiv-naechste-arbeitsphase-im-dezember\\\/#primaryimage\"},\"image\":{\"@id\":\"https:\\\/\\\/www.jazzzeitung.de\\\/cms\\\/2015\\\/02\\\/peter-herbolzheimer-european-jazz-academy-mit-eigenem-notenarchiv-naechste-arbeitsphase-im-dezember\\\/#primaryimage\"},\"thumbnailUrl\":\"http:\\\/\\\/www.jazzzeitung.de\\\/cms\\\/wp-content\\\/uploads\\\/2015\\\/01\\\/2010-05-herbolzheimer-150x150.jpg\",\"datePublished\":\"2015-02-04T08:52:04+00:00\",\"breadcrumb\":{\"@id\":\"https:\\\/\\\/www.jazzzeitung.de\\\/cms\\\/2015\\\/02\\\/peter-herbolzheimer-european-jazz-academy-mit-eigenem-notenarchiv-naechste-arbeitsphase-im-dezember\\\/#breadcrumb\"},\"inLanguage\":\"de\",\"potentialAction\":[{\"@type\":\"ReadAction\",\"target\":[\"https:\\\/\\\/www.jazzzeitung.de\\\/cms\\\/2015\\\/02\\\/peter-herbolzheimer-european-jazz-academy-mit-eigenem-notenarchiv-naechste-arbeitsphase-im-dezember\\\/\"]}]},{\"@type\":\"ImageObject\",\"inLanguage\":\"de\",\"@id\":\"https:\\\/\\\/www.jazzzeitung.de\\\/cms\\\/2015\\\/02\\\/peter-herbolzheimer-european-jazz-academy-mit-eigenem-notenarchiv-naechste-arbeitsphase-im-dezember\\\/#primaryimage\",\"url\":\"http:\\\/\\\/www.jazzzeitung.de\\\/cms\\\/wp-content\\\/uploads\\\/2015\\\/01\\\/2010-05-herbolzheimer-150x150.jpg\",\"contentUrl\":\"http:\\\/\\\/www.jazzzeitung.de\\\/cms\\\/wp-content\\\/uploads\\\/2015\\\/01\\\/2010-05-herbolzheimer-150x150.jpg\"},{\"@type\":\"BreadcrumbList\",\"@id\":\"https:\\\/\\\/www.jazzzeitung.de\\\/cms\\\/2015\\\/02\\\/peter-herbolzheimer-european-jazz-academy-mit-eigenem-notenarchiv-naechste-arbeitsphase-im-dezember\\\/#breadcrumb\",\"itemListElement\":[{\"@type\":\"ListItem\",\"position\":1,\"name\":\"Startseite\",\"item\":\"https:\\\/\\\/www.jazzzeitung.de\\\/cms\\\/\"},{\"@type\":\"ListItem\",\"position\":2,\"name\":\"Peter Herbolzheimer European Jazz Academy mit eigenem Notenarchiv &#8211; n\u00e4chste Arbeitsphase im Dezember\"}]},{\"@type\":\"WebSite\",\"@id\":\"https:\\\/\\\/www.jazzzeitung.de\\\/cms\\\/#website\",\"url\":\"https:\\\/\\\/www.jazzzeitung.de\\\/cms\\\/\",\"name\":\"JazzZeitung\",\"description\":\"Jazz-News und Jazz-Kontroverses\",\"publisher\":{\"@id\":\"https:\\\/\\\/www.jazzzeitung.de\\\/cms\\\/#organization\"},\"potentialAction\":[{\"@type\":\"SearchAction\",\"target\":{\"@type\":\"EntryPoint\",\"urlTemplate\":\"https:\\\/\\\/www.jazzzeitung.de\\\/cms\\\/?s={search_term_string}\"},\"query-input\":{\"@type\":\"PropertyValueSpecification\",\"valueRequired\":true,\"valueName\":\"search_term_string\"}}],\"inLanguage\":\"de\"},{\"@type\":\"Organization\",\"@id\":\"https:\\\/\\\/www.jazzzeitung.de\\\/cms\\\/#organization\",\"name\":\"JazzZeitung online\",\"url\":\"https:\\\/\\\/www.jazzzeitung.de\\\/cms\\\/\",\"logo\":{\"@type\":\"ImageObject\",\"inLanguage\":\"de\",\"@id\":\"https:\\\/\\\/www.jazzzeitung.de\\\/cms\\\/#\\\/schema\\\/logo\\\/image\\\/\",\"url\":\"https:\\\/\\\/i0.wp.com\\\/www.jazzzeitung.de\\\/cms\\\/wp-content\\\/uploads\\\/2015\\\/08\\\/JAZZZEITUNGDE_Logo_Neu.png?fit=499%2C200&ssl=1\",\"contentUrl\":\"https:\\\/\\\/i0.wp.com\\\/www.jazzzeitung.de\\\/cms\\\/wp-content\\\/uploads\\\/2015\\\/08\\\/JAZZZEITUNGDE_Logo_Neu.png?fit=499%2C200&ssl=1\",\"width\":499,\"height\":200,\"caption\":\"JazzZeitung online\"},\"image\":{\"@id\":\"https:\\\/\\\/www.jazzzeitung.de\\\/cms\\\/#\\\/schema\\\/logo\\\/image\\\/\"},\"sameAs\":[\"https:\\\/\\\/www.facebook.com\\\/JazzZeitung\\\/\"]},{\"@type\":\"Person\",\"@id\":\"https:\\\/\\\/www.jazzzeitung.de\\\/cms\\\/#\\\/schema\\\/person\\\/d04743af6cf7c1de5d6146c923bf9d6d\",\"name\":\"Peter Ortmann\",\"image\":{\"@type\":\"ImageObject\",\"inLanguage\":\"de\",\"@id\":\"https:\\\/\\\/secure.gravatar.com\\\/avatar\\\/bf70166e32fef6d48d206d038750c66c0de5a537a270aa6ce5217a2dd4718c95?s=96&d=wp_user_avatar&r=g011c04bc273d32457ea40445f4250792\",\"url\":\"https:\\\/\\\/secure.gravatar.com\\\/avatar\\\/bf70166e32fef6d48d206d038750c66c0de5a537a270aa6ce5217a2dd4718c95?s=96&d=wp_user_avatar&r=g\",\"contentUrl\":\"https:\\\/\\\/secure.gravatar.com\\\/avatar\\\/bf70166e32fef6d48d206d038750c66c0de5a537a270aa6ce5217a2dd4718c95?s=96&d=wp_user_avatar&r=g\",\"caption\":\"Peter Ortmann\"},\"url\":\"https:\\\/\\\/www.jazzzeitung.de\\\/cms\\\/author\\\/ortmann\\\/\"}]}<\/script>\n<!-- \/ Yoast SEO plugin. -->","yoast_head_json":{"title":"Peter Herbolzheimer European Jazz Academy mit eigenem Notenarchiv - n\u00e4chste Arbeitsphase im Dezember - JazzZeitung","robots":{"index":"index","follow":"follow","max-snippet":"max-snippet:-1","max-image-preview":"max-image-preview:large","max-video-preview":"max-video-preview:-1"},"canonical":"https:\/\/www.jazzzeitung.de\/cms\/2015\/02\/peter-herbolzheimer-european-jazz-academy-mit-eigenem-notenarchiv-naechste-arbeitsphase-im-dezember\/","og_locale":"de_DE","og_type":"article","og_title":"Peter Herbolzheimer European Jazz Academy mit eigenem Notenarchiv - n\u00e4chste Arbeitsphase im Dezember - JazzZeitung","og_description":"Peter Herbolzheimer, Europas wohl bekanntester Bigbandleiter, hatte noch zu seinen Lebzeiten \u2013 er starb im M\u00e4rz 2010 \u2013 die European Jazz Academy gegr\u00fcndet. Sie besteht aus der Grey Hair Convention, der Master Class und den Master Birds und kommt mindestens einmal im Jahr zu Arbeitsphasen zusammen \u2013 zuletzt im Dezember in der Landesmusikakademie Hessen auf Schlo\u00df Hallenburg in Schlitz bei Fulda. Geprobt und gespielt werden selbstverst\u00e4ndlich und fast ausschlie\u00dflich anspruchsvolle Kompositionen und Arrangements des gro\u00dfartigen Musikers. Die Arbeitsphasen stehen allen jungen und jung gebliebenen Musikerinnen und Musikern offen, Studierenden und jungen Profis ebenso wie fortgeschrittenen Amateuren. Zu den Dozenten geh\u00f6ren erfahrene Musiker und P\u00e4dagogen, die mit Peter Herbolzheimer zusammengearbeitet haben. (Siehe auch www.europeanjazzacademy.org ). Bisher stellte Gisela Herbolzheimer den Arbeitsphasen jeweils eine Auswahl von Herbolzheimer-Noten unentgeltlich zur Verf\u00fcgung. Nun ist es den beiden Organisatoren Detlev Oelfke und Peter Ortmann gelungen, den gesamten Fundus an Jazzkompositionen und -arrangements aus der Feder Peter Herbolzheimers zu erwerben. Dabei handelt es sich um nicht weniger als 170 Titel. Die n\u00e4chste Arbeitsphase der Peter Herbolzheimer European Jazz Academy findet vom 1. bis zum 6. Dezember 2015 wiederum in der Landesmusikakademie &hellip;","og_url":"https:\/\/www.jazzzeitung.de\/cms\/2015\/02\/peter-herbolzheimer-european-jazz-academy-mit-eigenem-notenarchiv-naechste-arbeitsphase-im-dezember\/","og_site_name":"JazzZeitung","article_publisher":"https:\/\/www.facebook.com\/JazzZeitung\/","article_published_time":"2015-02-04T08:52:04+00:00","og_image":[{"url":"http:\/\/www.jazzzeitung.de\/cms\/wp-content\/uploads\/2015\/01\/2010-05-herbolzheimer-150x150.jpg","type":"","width":"","height":""}],"author":"Peter Ortmann","schema":{"@context":"https:\/\/schema.org","@graph":[{"@type":"Article","@id":"https:\/\/www.jazzzeitung.de\/cms\/2015\/02\/peter-herbolzheimer-european-jazz-academy-mit-eigenem-notenarchiv-naechste-arbeitsphase-im-dezember\/#article","isPartOf":{"@id":"https:\/\/www.jazzzeitung.de\/cms\/2015\/02\/peter-herbolzheimer-european-jazz-academy-mit-eigenem-notenarchiv-naechste-arbeitsphase-im-dezember\/"},"author":{"name":"Peter Ortmann","@id":"https:\/\/www.jazzzeitung.de\/cms\/#\/schema\/person\/d04743af6cf7c1de5d6146c923bf9d6d"},"headline":"Peter Herbolzheimer European Jazz Academy mit eigenem Notenarchiv &#8211; n\u00e4chste Arbeitsphase im Dezember","datePublished":"2015-02-04T08:52:04+00:00","mainEntityOfPage":{"@id":"https:\/\/www.jazzzeitung.de\/cms\/2015\/02\/peter-herbolzheimer-european-jazz-academy-mit-eigenem-notenarchiv-naechste-arbeitsphase-im-dezember\/"},"wordCount":273,"commentCount":0,"publisher":{"@id":"https:\/\/www.jazzzeitung.de\/cms\/#organization"},"image":{"@id":"https:\/\/www.jazzzeitung.de\/cms\/2015\/02\/peter-herbolzheimer-european-jazz-academy-mit-eigenem-notenarchiv-naechste-arbeitsphase-im-dezember\/#primaryimage"},"thumbnailUrl":"http:\/\/www.jazzzeitung.de\/cms\/wp-content\/uploads\/2015\/01\/2010-05-herbolzheimer-150x150.jpg","keywords":["Geburtstag","Peter Herbolzheimer","peter ortmann"],"articleSection":["Blog"],"inLanguage":"de","potentialAction":[{"@type":"CommentAction","name":"Comment","target":["https:\/\/www.jazzzeitung.de\/cms\/2015\/02\/peter-herbolzheimer-european-jazz-academy-mit-eigenem-notenarchiv-naechste-arbeitsphase-im-dezember\/#respond"]}]},{"@type":"WebPage","@id":"https:\/\/www.jazzzeitung.de\/cms\/2015\/02\/peter-herbolzheimer-european-jazz-academy-mit-eigenem-notenarchiv-naechste-arbeitsphase-im-dezember\/","url":"https:\/\/www.jazzzeitung.de\/cms\/2015\/02\/peter-herbolzheimer-european-jazz-academy-mit-eigenem-notenarchiv-naechste-arbeitsphase-im-dezember\/","name":"Peter Herbolzheimer European Jazz Academy mit eigenem Notenarchiv - n\u00e4chste Arbeitsphase im Dezember - JazzZeitung","isPartOf":{"@id":"https:\/\/www.jazzzeitung.de\/cms\/#website"},"primaryImageOfPage":{"@id":"https:\/\/www.jazzzeitung.de\/cms\/2015\/02\/peter-herbolzheimer-european-jazz-academy-mit-eigenem-notenarchiv-naechste-arbeitsphase-im-dezember\/#primaryimage"},"image":{"@id":"https:\/\/www.jazzzeitung.de\/cms\/2015\/02\/peter-herbolzheimer-european-jazz-academy-mit-eigenem-notenarchiv-naechste-arbeitsphase-im-dezember\/#primaryimage"},"thumbnailUrl":"http:\/\/www.jazzzeitung.de\/cms\/wp-content\/uploads\/2015\/01\/2010-05-herbolzheimer-150x150.jpg","datePublished":"2015-02-04T08:52:04+00:00","breadcrumb":{"@id":"https:\/\/www.jazzzeitung.de\/cms\/2015\/02\/peter-herbolzheimer-european-jazz-academy-mit-eigenem-notenarchiv-naechste-arbeitsphase-im-dezember\/#breadcrumb"},"inLanguage":"de","potentialAction":[{"@type":"ReadAction","target":["https:\/\/www.jazzzeitung.de\/cms\/2015\/02\/peter-herbolzheimer-european-jazz-academy-mit-eigenem-notenarchiv-naechste-arbeitsphase-im-dezember\/"]}]},{"@type":"ImageObject","inLanguage":"de","@id":"https:\/\/www.jazzzeitung.de\/cms\/2015\/02\/peter-herbolzheimer-european-jazz-academy-mit-eigenem-notenarchiv-naechste-arbeitsphase-im-dezember\/#primaryimage","url":"http:\/\/www.jazzzeitung.de\/cms\/wp-content\/uploads\/2015\/01\/2010-05-herbolzheimer-150x150.jpg","contentUrl":"http:\/\/www.jazzzeitung.de\/cms\/wp-content\/uploads\/2015\/01\/2010-05-herbolzheimer-150x150.jpg"},{"@type":"BreadcrumbList","@id":"https:\/\/www.jazzzeitung.de\/cms\/2015\/02\/peter-herbolzheimer-european-jazz-academy-mit-eigenem-notenarchiv-naechste-arbeitsphase-im-dezember\/#breadcrumb","itemListElement":[{"@type":"ListItem","position":1,"name":"Startseite","item":"https:\/\/www.jazzzeitung.de\/cms\/"},{"@type":"ListItem","position":2,"name":"Peter Herbolzheimer European Jazz Academy mit eigenem Notenarchiv &#8211; n\u00e4chste Arbeitsphase im Dezember"}]},{"@type":"WebSite","@id":"https:\/\/www.jazzzeitung.de\/cms\/#website","url":"https:\/\/www.jazzzeitung.de\/cms\/","name":"JazzZeitung","description":"Jazz-News und Jazz-Kontroverses","publisher":{"@id":"https:\/\/www.jazzzeitung.de\/cms\/#organization"},"potentialAction":[{"@type":"SearchAction","target":{"@type":"EntryPoint","urlTemplate":"https:\/\/www.jazzzeitung.de\/cms\/?s={search_term_string}"},"query-input":{"@type":"PropertyValueSpecification","valueRequired":true,"valueName":"search_term_string"}}],"inLanguage":"de"},{"@type":"Organization","@id":"https:\/\/www.jazzzeitung.de\/cms\/#organization","name":"JazzZeitung online","url":"https:\/\/www.jazzzeitung.de\/cms\/","logo":{"@type":"ImageObject","inLanguage":"de","@id":"https:\/\/www.jazzzeitung.de\/cms\/#\/schema\/logo\/image\/","url":"https:\/\/i0.wp.com\/www.jazzzeitung.de\/cms\/wp-content\/uploads\/2015\/08\/JAZZZEITUNGDE_Logo_Neu.png?fit=499%2C200&ssl=1","contentUrl":"https:\/\/i0.wp.com\/www.jazzzeitung.de\/cms\/wp-content\/uploads\/2015\/08\/JAZZZEITUNGDE_Logo_Neu.png?fit=499%2C200&ssl=1","width":499,"height":200,"caption":"JazzZeitung online"},"image":{"@id":"https:\/\/www.jazzzeitung.de\/cms\/#\/schema\/logo\/image\/"},"sameAs":["https:\/\/www.facebook.com\/JazzZeitung\/"]},{"@type":"Person","@id":"https:\/\/www.jazzzeitung.de\/cms\/#\/schema\/person\/d04743af6cf7c1de5d6146c923bf9d6d","name":"Peter Ortmann","image":{"@type":"ImageObject","inLanguage":"de","@id":"https:\/\/secure.gravatar.com\/avatar\/bf70166e32fef6d48d206d038750c66c0de5a537a270aa6ce5217a2dd4718c95?s=96&d=wp_user_avatar&r=g011c04bc273d32457ea40445f4250792","url":"https:\/\/secure.gravatar.com\/avatar\/bf70166e32fef6d48d206d038750c66c0de5a537a270aa6ce5217a2dd4718c95?s=96&d=wp_user_avatar&r=g","contentUrl":"https:\/\/secure.gravatar.com\/avatar\/bf70166e32fef6d48d206d038750c66c0de5a537a270aa6ce5217a2dd4718c95?s=96&d=wp_user_avatar&r=g","caption":"Peter Ortmann"},"url":"https:\/\/www.jazzzeitung.de\/cms\/author\/ortmann\/"}]}},"wp-worthy-pixel":{"ignored":false,"public":null,"server":null,"url":null},"wp-worthy-type":"normal","jetpack_publicize_connections":[],"cc_featured_image_caption":{"caption_text":false,"source_text":false,"source_url":false},"jetpack_featured_media_url":"","jetpack_shortlink":"https:\/\/wp.me\/p3KEcT-1o4","jetpack-related-posts":[{"id":5107,"url":"https:\/\/www.jazzzeitung.de\/cms\/2014\/12\/peter-herbolzheimer-european-jazz-academy-ihrem-13-jahr-ein-rueckblick\/","url_meta":{"origin":5336,"position":0},"title":"Peter Herbolzheimer European Jazz Academy in ihrem 13. Jahr \u2013 ein R\u00fcckblick","author":"Redaktion JazzZeitung","date":"11. Dezember 2014","format":"gallery","excerpt":"In der Landesmusikakademie Hessen auf Schlo\u00df Hallenburg in Schlitz bei Fulda ging mit dem Abschlusskonzert am Abend des Nikolaustages die 13. Arbeitsphase der Peter Herbolzheimer European Jazz Academy zu Ende. F\u00fcnfundzwanzig Teilnehmerinnen und Teilnehmer aus ganz Deutschland hatten in den vorausgegangenen f\u00fcnf Tagen ein h\u00f6chst anspruchsvolles Programm erarbeitet, das sich\u2026","rel":"","context":"In &quot;Bericht&quot;","block_context":{"text":"Bericht","link":"https:\/\/www.jazzzeitung.de\/cms\/thema\/bericht\/"},"img":{"alt_text":"","src":"https:\/\/i0.wp.com\/www.jazzzeitung.de\/cms\/wp-content\/uploads\/2014\/12\/IMG-3578.jpg?resize=350%2C200","width":350,"height":200,"srcset":"https:\/\/i0.wp.com\/www.jazzzeitung.de\/cms\/wp-content\/uploads\/2014\/12\/IMG-3578.jpg?resize=350%2C200 1x, https:\/\/i0.wp.com\/www.jazzzeitung.de\/cms\/wp-content\/uploads\/2014\/12\/IMG-3578.jpg?resize=525%2C300 1.5x, https:\/\/i0.wp.com\/www.jazzzeitung.de\/cms\/wp-content\/uploads\/2014\/12\/IMG-3578.jpg?resize=700%2C400 2x, https:\/\/i0.wp.com\/www.jazzzeitung.de\/cms\/wp-content\/uploads\/2014\/12\/IMG-3578.jpg?resize=1050%2C600 3x, https:\/\/i0.wp.com\/www.jazzzeitung.de\/cms\/wp-content\/uploads\/2014\/12\/IMG-3578.jpg?resize=1400%2C800 4x"},"classes":[]},{"id":5172,"url":"https:\/\/www.jazzzeitung.de\/cms\/2015\/01\/lernen-vom-trend-master-herbolzheimer\/","url_meta":{"origin":5336,"position":1},"title":"Lernen vom Trend-Master Herbolzheimer","author":"Peter Ortmann","date":"8. Januar 2015","format":false,"excerpt":"Peter Herbolzheimer hat die Rockmusik in die Bigbandmusik geholt. Jazzrock war Anfang der 70er-Jahre des letzten Jahrhunderts der neue Trend des Jazz. Historiker sprechen sogar vom Jazzrock als neuem Jazzstil. Es war zu\u00e4chst nichts weiter als die Adaption der musikalischen Grundlagenelemente der Beatles, der Rolling Stones, der Soulmusiker und anderer\u2026","rel":"","context":"In &quot;Blog&quot;","block_context":{"text":"Blog","link":"https:\/\/www.jazzzeitung.de\/cms\/thema\/blog\/"},"img":{"alt_text":"2010-05-herbolzheimer","src":"https:\/\/i0.wp.com\/www.jazzzeitung.de\/cms\/wp-content\/uploads\/2015\/01\/2010-05-herbolzheimer-150x150.jpg?resize=350%2C200","width":350,"height":200},"classes":[]},{"id":8522,"url":"https:\/\/www.jazzzeitung.de\/cms\/2016\/02\/peter-herbolzheimer-european-jazz-academy-feierte-80-jahre-ihres-namensgebers\/","url_meta":{"origin":5336,"position":2},"title":"Peter Herbolzheimer European Jazz Academy feierte 80 Jahre ihres Namensgebers","author":"Peter Ortmann","date":"29. Februar 2016","format":false,"excerpt":"Emil Mangelsdorff (90) als Gastsolist - Zum 14. Mal kam die Peter Herbolzheimer European Jazz Academy im vergangenen Dezember zu ihrer j\u00e4hrlichen Probenphase zusammen. Seit drei Jahren ist ihr Gastgeber die Landesmusikakademie Hessen auf Schloss Hallenburg in Schlitz bei Fulda. Sie liegt relativ zentral in Deutschland - und nicht zuletzt\u2026","rel":"","context":"In &quot;Blog&quot;","block_context":{"text":"Blog","link":"https:\/\/www.jazzzeitung.de\/cms\/thema\/blog\/"},"img":{"alt_text":"Koln-2016-27","src":"https:\/\/i0.wp.com\/www.jazzzeitung.de\/cms\/wp-content\/uploads\/2016\/02\/Koln-2016-27-150x150.jpg?resize=350%2C200","width":350,"height":200},"classes":[]},{"id":7900,"url":"https:\/\/www.jazzzeitung.de\/cms\/2015\/12\/emil-mangelsdorff-wird-ehrenprofessor-und-bekommt-einen-saal-zugewidmet\/","url_meta":{"origin":5336,"position":3},"title":"Emil Mangelsdorff wird Ehrenprofessor und bekommt einen Saal in der Landesmusikakademie Hessen zugewidmet","author":"Redaktion JazzZeitung","date":"4. Dezember 2015","format":false,"excerpt":"Schlitz. Am Samstag, 5. Dezember, 11 Uhr, wird der Hessische Minister f\u00fcr Wissenschaft und Kunst, Boris Rhein, dem Klarinettisten Emil Mangelsdorff im Konzertsaal der Landesmusikakademie Hessen Schloss Hallenburg den Titel \u201eEhrenprofessor\u201c verleihen. Emil Mangelsdorff z\u00e4hlt zu den profiliertesten Solisten und Komponisten des deutschen Jazz. Seine fein ziselierten Linien, getragen von\u2026","rel":"","context":"In &quot;News&quot;","block_context":{"text":"News","link":"https:\/\/www.jazzzeitung.de\/cms\/thema\/nachrichten\/"},"img":{"alt_text":"Emil Mangelsdorff. Foto: LMA Hessen","src":"https:\/\/i0.wp.com\/www.jazzzeitung.de\/cms\/wp-content\/uploads\/2015\/12\/E.Mangelsdorff-150x150.jpg?resize=350%2C200","width":350,"height":200},"classes":[]},{"id":12272,"url":"https:\/\/www.jazzzeitung.de\/cms\/2017\/05\/news-tourneeankuendigung-mockemaloer-riesen-tour-10-jahre-peter-herbolzheimer-european-jazz-academy-2-luebecker-jazz-preis\/","url_meta":{"origin":5336,"position":4},"title":"+++ News +++ Tourneeank\u00fcndigung: Mockemal\u00f6r &#8211; &#8222;Riesen&#8220; Tour  +++ 10 Jahre Peter Herbolzheimer European Jazz Academy +++ 2. L\u00fcbecker Jazz Preis +++","author":"Redaktion JazzZeitung","date":"8. Mai 2017","format":false,"excerpt":"+++ Tourneeank\u00fcndigung: Mockemal\u00f6r - \"Riesen\" Tour\u00a0 +++ \u00a0 Die berlinerisch-alemannische Trio \"Mockemal\u00f6r\" geht wieder auf Deutschland-Tournee. Auf dem Programmzettel stehen die St\u00fccke des aktuellen Albums \"Riesen\",\u00a0produziert vom Wiener Produzenten Zebo Adam, presented by Schall Magazin. Im folgenden ein paar Informationen der Band zu ihrer Musik. \"Die geb\u00fcrtige Schwarzw\u00e4lderin Magdalena Ganter\u2026","rel":"","context":"In &quot;Bericht&quot;","block_context":{"text":"Bericht","link":"https:\/\/www.jazzzeitung.de\/cms\/thema\/bericht\/"},"img":{"alt_text":"","src":"https:\/\/i0.wp.com\/www.jazzzeitung.de\/cms\/wp-content\/uploads\/2017\/05\/Mockemaloer_by_Sandra_Ludewig_01-300x197.jpg?resize=350%2C200","width":350,"height":200},"classes":[]},{"id":2327,"url":"https:\/\/www.jazzzeitung.de\/cms\/2013\/09\/aus-den-gletschermassen-des-jazz-herausgebrochen-das-bujazzo-feierte-25jaehriges-bestehen-mit-konzert-berlin\/","url_meta":{"origin":5336,"position":5},"title":"Aus den Gletschermassen des Jazz herausgebrochen \u2013 Das BuJazzO feierte 25j\u00e4hriges Bestehen mit Konzert in Berlin","author":"Huflaikhan","date":"27. September 2013","format":false,"excerpt":"Das Orchester ist zwar erst 25 Jahre alt, aber seine Mitglieder sind nicht \u00e4lter als 24. Es handelt sich um die wahrscheinlich besten jungen Jazz-Musiker Deutschlands, die seit Jahren durch diese BigBand hindurchgeschleust worden sind. Das stellten sie auch in der aktuellen Besetzung klar. Sie spreitzten dabei das Repertoire von\u2026","rel":"","context":"In &quot;Blog&quot;","block_context":{"text":"Blog","link":"https:\/\/www.jazzzeitung.de\/cms\/thema\/blog\/"},"img":{"alt_text":"","src":"https:\/\/i0.wp.com\/www.jazzzeitung.de\/cms\/wp-content\/uploads\/2013\/09\/bujazzo_25_29.jpg?resize=350%2C200","width":350,"height":200,"srcset":"https:\/\/i0.wp.com\/www.jazzzeitung.de\/cms\/wp-content\/uploads\/2013\/09\/bujazzo_25_29.jpg?resize=350%2C200 1x, https:\/\/i0.wp.com\/www.jazzzeitung.de\/cms\/wp-content\/uploads\/2013\/09\/bujazzo_25_29.jpg?resize=525%2C300 1.5x, https:\/\/i0.wp.com\/www.jazzzeitung.de\/cms\/wp-content\/uploads\/2013\/09\/bujazzo_25_29.jpg?resize=700%2C400 2x"},"classes":[]}],"jetpack_sharing_enabled":true,"_links":{"self":[{"href":"https:\/\/www.jazzzeitung.de\/cms\/wp-json\/wp\/v2\/posts\/5336","targetHints":{"allow":["GET"]}}],"collection":[{"href":"https:\/\/www.jazzzeitung.de\/cms\/wp-json\/wp\/v2\/posts"}],"about":[{"href":"https:\/\/www.jazzzeitung.de\/cms\/wp-json\/wp\/v2\/types\/post"}],"author":[{"embeddable":true,"href":"https:\/\/www.jazzzeitung.de\/cms\/wp-json\/wp\/v2\/users\/10"}],"replies":[{"embeddable":true,"href":"https:\/\/www.jazzzeitung.de\/cms\/wp-json\/wp\/v2\/comments?post=5336"}],"version-history":[{"count":3,"href":"https:\/\/www.jazzzeitung.de\/cms\/wp-json\/wp\/v2\/posts\/5336\/revisions"}],"predecessor-version":[{"id":5411,"href":"https:\/\/www.jazzzeitung.de\/cms\/wp-json\/wp\/v2\/posts\/5336\/revisions\/5411"}],"wp:attachment":[{"href":"https:\/\/www.jazzzeitung.de\/cms\/wp-json\/wp\/v2\/media?parent=5336"}],"wp:term":[{"taxonomy":"category","embeddable":true,"href":"https:\/\/www.jazzzeitung.de\/cms\/wp-json\/wp\/v2\/categories?post=5336"},{"taxonomy":"post_tag","embeddable":true,"href":"https:\/\/www.jazzzeitung.de\/cms\/wp-json\/wp\/v2\/tags?post=5336"},{"taxonomy":"author","embeddable":true,"href":"https:\/\/www.jazzzeitung.de\/cms\/wp-json\/wp\/v2\/coauthors?post=5336"}],"curies":[{"name":"wp","href":"https:\/\/api.w.org\/{rel}","templated":true}]}}