{"id":5311,"date":"2015-01-28T10:03:11","date_gmt":"2015-01-28T09:03:11","guid":{"rendered":"http:\/\/www.jazzzeitung.de\/cms\/?p=5311"},"modified":"2015-01-28T12:13:35","modified_gmt":"2015-01-28T11:13:35","slug":"johanna-borchert-zu-ihrem-solo-debuet-fm-biography","status":"publish","type":"post","link":"https:\/\/www.jazzzeitung.de\/cms\/2015\/01\/johanna-borchert-zu-ihrem-solo-debuet-fm-biography\/","title":{"rendered":"Johanna Borchert zu ihrem Solo-Deb\u00fct &#8222;FM Biography&#8220;"},"content":{"rendered":"<p><a href=\"https:\/\/i0.wp.com\/www.jazzzeitung.de\/cms\/wp-content\/uploads\/2015\/01\/Motiv-0-kleine-Aufl%C3%B6sung.jpg\"><img data-recalc-dims=\"1\" loading=\"lazy\" decoding=\"async\" data-attachment-id=\"5312\" data-permalink=\"https:\/\/www.jazzzeitung.de\/cms\/2015\/01\/johanna-borchert-zu-ihrem-solo-debuet-fm-biography\/motiv-0-kleine-aufloesung\/\" data-orig-file=\"https:\/\/i0.wp.com\/www.jazzzeitung.de\/cms\/wp-content\/uploads\/2015\/01\/Motiv-0-kleine-Aufl%C3%B6sung.jpg?fit=574%2C598&amp;ssl=1\" data-orig-size=\"574,598\" data-comments-opened=\"1\" data-image-meta=\"{&quot;aperture&quot;:&quot;0&quot;,&quot;credit&quot;:&quot;&quot;,&quot;camera&quot;:&quot;&quot;,&quot;caption&quot;:&quot;&quot;,&quot;created_timestamp&quot;:&quot;0&quot;,&quot;copyright&quot;:&quot;&quot;,&quot;focal_length&quot;:&quot;0&quot;,&quot;iso&quot;:&quot;0&quot;,&quot;shutter_speed&quot;:&quot;0&quot;,&quot;title&quot;:&quot;&quot;,&quot;orientation&quot;:&quot;1&quot;}\" data-image-title=\"Motiv 0 kleine Aufl\u00f6sung\" data-image-description=\"\" data-image-caption=\"\" data-large-file=\"https:\/\/i0.wp.com\/www.jazzzeitung.de\/cms\/wp-content\/uploads\/2015\/01\/Motiv-0-kleine-Aufl%C3%B6sung.jpg?fit=574%2C598&amp;ssl=1\" class=\"alignright size-thumbnail wp-image-5312\" src=\"https:\/\/i0.wp.com\/www.jazzzeitung.de\/cms\/wp-content\/uploads\/2015\/01\/Motiv-0-kleine-Aufl%C3%B6sung-150x150.jpg?resize=150%2C150\" alt=\"Motiv 0 kleine Aufl\u00f6sung\" width=\"150\" height=\"150\" srcset=\"https:\/\/i0.wp.com\/www.jazzzeitung.de\/cms\/wp-content\/uploads\/2015\/01\/Motiv-0-kleine-Aufl%C3%B6sung.jpg?resize=150%2C150&amp;ssl=1 150w, https:\/\/i0.wp.com\/www.jazzzeitung.de\/cms\/wp-content\/uploads\/2015\/01\/Motiv-0-kleine-Aufl%C3%B6sung.jpg?resize=144%2C144&amp;ssl=1 144w, https:\/\/i0.wp.com\/www.jazzzeitung.de\/cms\/wp-content\/uploads\/2015\/01\/Motiv-0-kleine-Aufl%C3%B6sung.jpg?resize=96%2C96&amp;ssl=1 96w, https:\/\/i0.wp.com\/www.jazzzeitung.de\/cms\/wp-content\/uploads\/2015\/01\/Motiv-0-kleine-Aufl%C3%B6sung.jpg?resize=24%2C24&amp;ssl=1 24w, https:\/\/i0.wp.com\/www.jazzzeitung.de\/cms\/wp-content\/uploads\/2015\/01\/Motiv-0-kleine-Aufl%C3%B6sung.jpg?resize=36%2C36&amp;ssl=1 36w, https:\/\/i0.wp.com\/www.jazzzeitung.de\/cms\/wp-content\/uploads\/2015\/01\/Motiv-0-kleine-Aufl%C3%B6sung.jpg?resize=48%2C48&amp;ssl=1 48w, https:\/\/i0.wp.com\/www.jazzzeitung.de\/cms\/wp-content\/uploads\/2015\/01\/Motiv-0-kleine-Aufl%C3%B6sung.jpg?resize=64%2C64&amp;ssl=1 64w, https:\/\/i0.wp.com\/www.jazzzeitung.de\/cms\/wp-content\/uploads\/2015\/01\/Motiv-0-kleine-Aufl%C3%B6sung.jpg?resize=32%2C32&amp;ssl=1 32w, https:\/\/i0.wp.com\/www.jazzzeitung.de\/cms\/wp-content\/uploads\/2015\/01\/Motiv-0-kleine-Aufl%C3%B6sung.jpg?resize=128%2C128&amp;ssl=1 128w, https:\/\/i0.wp.com\/www.jazzzeitung.de\/cms\/wp-content\/uploads\/2015\/01\/Motiv-0-kleine-Aufl%C3%B6sung.jpg?zoom=2&amp;resize=150%2C150&amp;ssl=1 300w, https:\/\/i0.wp.com\/www.jazzzeitung.de\/cms\/wp-content\/uploads\/2015\/01\/Motiv-0-kleine-Aufl%C3%B6sung.jpg?zoom=3&amp;resize=150%2C150&amp;ssl=1 450w\" sizes=\"auto, (max-width: 150px) 100vw, 150px\" \/><\/a>Von Oliver Hochkeppel, in Ausz\u00fcgen gedruckt in <a title=\"Silberhorn, das Magazin von nmz und JazzZeitung\" href=\"www.nmz.de\/silberhorn\" target=\"_blank\">SILBERHORN<\/a> 1-15: Der Name Johanna Borchert war bislang nur Experten bekannt, die sich f\u00fcr Bandbesetzungen interessieren: Als eine H\u00e4lfte des Duos <em>Little Red Suitcase<\/em> mit der Geigerin Elena Seti\u00e9n und Teil des &#8211; 2012 mit dem Neuen Deutschen Jazzpreis ausgezeichneten &#8211; Quartetts <em>Schneewei\u00df &amp; Rosenrot<\/em>.<\/p>\n<p>Das hat sich f\u00fcr die unter anderem bei Hubert Nuss und David Friedman in Berlin und Django Bates in Kopenhagen ausgebildete Pianistin, Komponistin und S\u00e4ngerin mit ihrem fulminanten, bei Enja Yellowbird erschienenen Leader-Deb\u00fct \u201eFM Biography\u201c nun schlagartig ge\u00e4ndert. Der mit dem Gitarrenguru Fred Frith, dem Schweizer Schlagwerker Julian Sartorius und dem New Yorker Multiinstrumentalisten und Produzenten Shahzad Ismaily eingespielte, v\u00f6llig eigenst\u00e4ndige Stilmix mit Gesamtkunstwerk-Charakter \u2013 wovon nicht zuletzt zwei Videos zeugen, siehe <a href=\"http:\/\/www.johannaborchert.de\">www.johannaborchert.de<\/a> \u2013 sorgte f\u00fcr Aufsehen und brachte ihr als nahezu einzige heimische junge Jazzerin eine Einladung zum Jubil\u00e4ums-Jazzfest Berlin.<\/p>\n<p><strong><em>Ihr Album klingt alles andere als nach Radiokost. Wieso hei\u00dft es \u201eFM Biography\u201c?<\/em><\/strong><\/p>\n<p>Wie das bei K\u00fcnstlern so ist. Am Schluss kommt etwas ganz Intuitives heraus, aus Einf\u00e4llen, Gef\u00fchlen, Begebenheiten, die pl\u00f6tzlich einen Sinne ergeben. Der Titel stammt von Agnieszka Wolny-Hamkalo, einer polnischen Dichterin. Einer von nur zwei Texten, der nicht von mir ist. Ich fand ihn passend.<\/p>\n<p><strong><em>Warum?<\/em><\/strong><\/p>\n<p>Weil es eine Sammlung aus den vergangenen f\u00fcnf Jahren ist, die biographisch-k\u00fcnstlerischen Charakter hat. Das alles ist jetzt nicht in f\u00fcnf Wochen entstanden, es war ein Reifeprozess, deshalb war der Titel spannend.<\/p>\n<p><strong><em>Ein Schl\u00fcssel des Projekts ist aber doch auch Fred Frith?<\/em><\/strong><\/p>\n<p>Ja schon. Ich habe seinerzeit in Kopenhagen einen Workshop mit ihm organisiert. Da habe ich ihm meine Schneewei\u00df &amp; Rosenrot-CD zugesteckt. Daraufhin hat er mich erst nach New York eingeladen und da gemeint, Oakland, wo er lehrt, sei der richtige Ort f\u00fcr mich. Er hatte schon alles f\u00fcr mich in die Wege geleitet. Und dann kam ich dahin und war wirklich total inspiriert. Ich war sehr produktiv, der Anfang dieses Projekts liegt tats\u00e4chlich dort; es kamen Sachen zustande, die nicht mehr zu den Bands gepasst haben, mit denen ich bislang unterwegs war.<\/p>\n<p><strong><em>Bei Schneewei\u00df und Rosenrot und den anderen Bands haben sie auch schon gesungen.<\/em><\/strong><\/p>\n<p>Ja, backing. Aber ich war immer die Pianistin.<\/p>\n<figure id=\"attachment_5313\" aria-describedby=\"caption-attachment-5313\" style=\"width: 214px\" class=\"wp-caption alignright\"><img data-recalc-dims=\"1\" loading=\"lazy\" decoding=\"async\" data-attachment-id=\"5313\" data-permalink=\"https:\/\/www.jazzzeitung.de\/cms\/2015\/01\/johanna-borchert-zu-ihrem-solo-debuet-fm-biography\/motiv-4-kleine-aufloesung\/\" data-orig-file=\"https:\/\/i0.wp.com\/www.jazzzeitung.de\/cms\/wp-content\/uploads\/2015\/01\/Motiv-4-kleine-Aufl%C3%B6sung.jpg?fit=214%2C320&amp;ssl=1\" data-orig-size=\"214,320\" data-comments-opened=\"1\" data-image-meta=\"{&quot;aperture&quot;:&quot;0&quot;,&quot;credit&quot;:&quot;&quot;,&quot;camera&quot;:&quot;&quot;,&quot;caption&quot;:&quot;&quot;,&quot;created_timestamp&quot;:&quot;0&quot;,&quot;copyright&quot;:&quot;&quot;,&quot;focal_length&quot;:&quot;0&quot;,&quot;iso&quot;:&quot;0&quot;,&quot;shutter_speed&quot;:&quot;0&quot;,&quot;title&quot;:&quot;&quot;,&quot;orientation&quot;:&quot;0&quot;}\" data-image-title=\"Motiv 4 kleine Aufl\u00f6sung\" data-image-description=\"\" data-image-caption=\"&lt;p&gt;Foto: Barbara Kaniewska&lt;\/p&gt;\n\" data-large-file=\"https:\/\/i0.wp.com\/www.jazzzeitung.de\/cms\/wp-content\/uploads\/2015\/01\/Motiv-4-kleine-Aufl%C3%B6sung.jpg?fit=214%2C320&amp;ssl=1\" class=\"wp-image-5313 size-full\" src=\"https:\/\/i0.wp.com\/www.jazzzeitung.de\/cms\/wp-content\/uploads\/2015\/01\/Motiv-4-kleine-Aufl%C3%B6sung.jpg?resize=214%2C320\" alt=\"Foto: Barbara Kaniewska\" width=\"214\" height=\"320\" srcset=\"https:\/\/i0.wp.com\/www.jazzzeitung.de\/cms\/wp-content\/uploads\/2015\/01\/Motiv-4-kleine-Aufl%C3%B6sung.jpg?w=214&amp;ssl=1 214w, https:\/\/i0.wp.com\/www.jazzzeitung.de\/cms\/wp-content\/uploads\/2015\/01\/Motiv-4-kleine-Aufl%C3%B6sung.jpg?resize=201%2C300&amp;ssl=1 201w\" sizes=\"auto, (max-width: 214px) 100vw, 214px\" \/><figcaption id=\"caption-attachment-5313\" class=\"wp-caption-text\">Foto: Barbara Kaniewska<\/figcaption><\/figure>\n<p><strong><em>Jetzt ist Gesang und Klavier gleichberechtigt<\/em>.<\/strong><\/p>\n<p>Klavier ist sogar in den Hintergrund getreten bei diesem Projekt. Wobei ich, wenn ich solo auftrete, zwischendurch auch nur Klavier spiele.<\/p>\n<p><strong><em>Warum haben Sie denn f\u00fcr Ihr erstes Album unter eigenem Namen kein Soloprojekt gemacht?<\/em><\/strong><\/p>\n<p>Ich hatte das eigentlich immer geplant. Aber dann habe ich mir doch eine Band gew\u00fcnscht. Ich fand es spannender, andere Energien und mehr Klangvielfalt mit reinzukriegen. Und dann bin ich auch auf Julian gesto\u00dfen, er war der erste, der f\u00fcr das Projekt feststand.<\/p>\n<p><strong><em>War das in seiner Berliner Zeit?<\/em><\/strong><\/p>\n<p>Nein, da habe ich ihn gar nicht getroffen. Er kam mal zu einem Schneewei\u00df &amp; Rosenrot-Konzert und hat sich zum Jammen verabredet. Danach war klar, dass wir etwas zusammen machen wollen. Julian ist unglaublich kreativ und denkt sehr k\u00fcnstlerisch. Er ist ja auch Konzeptk\u00fcnstler.<\/p>\n<p><strong><em>Wie eigentlich alle drei Begleiter. Auch Shazad Ismaili, der das Album sogar mitproduziert hat.<\/em><\/strong><\/p>\n<p>Ja, sowohl Julian wie Fred hatten schon mit ihm gearbeitet. Ich habe ihn dann in Moers kennengelernt und dachte mir, dass es sich mit ihm rundet.<\/p>\n<p><strong><em>Wenn man bei diesem au\u00dfergew\u00f6hnlichen Album Vergleichbares sucht, kommt man h\u00f6chstens auf Laurie Anderson. War sie ein Einfluss?<\/em><\/strong><\/p>\n<p>Alle vergleichen mich jetzt mit ihr, aber ich muss zu meiner Schande gestehen, dass ich Laurie Anderson gar nicht kannte. Nachdem das Album fertig war, hat der Toningenieur, mit dem ich die Vocals aufgenommen hatte, mir gleich etwas von ihr vorgespielt. Da habe ich dann auch verstanden, warum.<\/p>\n<p><strong><em>Shazad Ismaili hat mit Anderson gesp\u00fcielt und auch zwei ihrer Albenproduziert. Deshalb liegt der Verdacht nahe, dass er f\u00fcr die \u00c4hnlichkeit verantwortlich sein k\u00f6nnte.<\/em><\/strong><\/p>\n<p>Nein, bei dem Album kam so viel zusammen, so viel Einfluss hat er gar nicht gehabt.<\/p>\n<p><strong><em>Wie schreit man derart anspruchsvolle und sch\u00f6ne englische Texte, wenn man kein native speaker ist?<\/em><\/strong><\/p>\n<p>Oh, danke sch\u00f6n. . .<\/p>\n<p><strong><em>. . .ist Ihnen das in Oakland so zugeflogen?<\/em><\/strong><\/p>\n<p>(Lacht) ja genau, auf einmal. Nein, schon im Studium in Kopenhagen habe ich nat\u00fcrlich Englisch gesprochen. Auch wenn ich am Schluss doch noch D\u00e4nisch gelernt habe. Abgesehen davon habe ich mich schon immer viel mit Gedichten besch\u00e4ftigt, wenn auch mehr mit deutschen. Meine Herangehensweise ist oft sehr pragmatisch: Ich habe meist schon ein Thema und eine Geschichte zu erz\u00e4hlen, aber ich suche immer nach Bildern, und daf\u00fcr nach W\u00f6rtern, die ich spannend finde. Zum Beispiel im W\u00f6rterbuch. Da sammle ich dann erst einmal, und dann schaue ich, was zusammenpasst, welches Wort welche Kraft hat, und was l\u00f6st es in mir an weiteren Fantasien und Vorstellungen aus.<\/p>\n<p><strong><em>Klingt wie ein paralleler Prozess zur Musik?<\/em><\/strong><\/p>\n<p>Ja, das ist es auch.<\/p>\n<p><em><strong>Sie gehen jetzt solo auf Tour. Es ist wohl schwierig, mit amerikanisch-schweizerischen Ausnahmek\u00fcnstlern zu planen?<\/strong> <\/em><\/p>\n<p>Was mir in dem Moment der Entstehung nat\u00fcrlich total egal war, da habe ich nur k\u00fcnstlerisch gedacht. Aber ja, jetzt zeigt sich, dass eine Tour mit dieser Band nicht praktikabel und bezahlbar ist.<\/p>\n<p><strong><em>Ist FM Biography, so wie das Album klingt, \u00fcberhaupt live spielbar?<\/em><\/strong><\/p>\n<p>Ja, bis auf die Bl\u00e4serarrangements. Die Ch\u00f6re spielen wir ein \u2013 so etwas hatte ich bisher nie gemacht, da war ich recht dogmatisch. Aber jetzt finde ich es total gut. Im Jazz ist es zwar verp\u00f6nt, aber man kann auch mit Vorproduziertem kreativ umgehen. Das kommt dann noch dazu und bereichert die Sache. Wir hatten zwei Konzerte in der Besetzung in Kopenhagen, man bekommt schon ein Gef\u00fchl von der Platte.<\/p>\n<p><strong><em>Dogmatisch sind Sie ohnehin nicht. Waren Sie nicht lange Autodidaktin? Und hatten dann einen Klavierlehrer, der es sich auch selbst beigebracht hat?<\/em><\/strong><\/p>\n<p>Naja, letztlich bringen es sich alle selber bei.<\/p>\n<p><strong><em>Aber man kann es doch heute studieren?<\/em><\/strong><\/p>\n<p>Das ist alles ein Mythos. Ich hatte klassischen Unterricht von meinem achten Lebensjahr an, das ist schon eine Schule, da lernt man viel \u00fcber Technik und Klang. Daher kommt mein Klavierspiel. Aber ein Jazzstudium, zumindest die Musiker-, nicht die P\u00e4dagogik-Schiene, ist \u00fcberhaupt nicht verschult. Zumindest bei mir an der UdK Berlin oder in Kopenhagen, wo wir nur zu sechst waren, darunter auch Marius Neset, hatten wir so viele Freiheiten, dass wir eigentlich fast keinen Unterricht hatten und uns alles selbst zusammengesucht haben. Wenn man dann bei einem Lehrer in der Stunde sitzt, versucht der letztendlich auch nur rauszufinden, was man will. Es gibt nat\u00fcrlich ein paar Regeln im Jazz, aber kein Lehrbuch, keinen Lehrplan. Letztendlich ist man Autodidakt.<\/p>\n<h4><strong>Aktuelle CD<\/strong><\/h4>\n<p>Johanna Borchert: FM Biography<br \/>\nEnja Yellowbird<\/p>\n<h4><strong>Tour<\/strong><\/h4>\n<p>03.02.2015: Frankfurt Brotfabrik<br \/>\n04.02.2015: K\u00f6ln Stadtgarten<br \/>\n05.02.2015: M\u00fcnchen Ampere<br \/>\n06.02.2015: Dortmund domicil<br \/>\n08.02.2015: Berlin Roter Salon<\/p>\n<p>Mehr unter<br \/>\n<a href=\"http:\/\/www.johannaborchert.de\" target=\"_blank\">www.johannaborchert.de<\/a><\/p>\n","protected":false},"excerpt":{"rendered":"<p>Von Oliver Hochkeppel, in Ausz\u00fcgen gedruckt in SILBERHORN 1-15: Der Name Johanna Borchert war bislang nur Experten bekannt, die sich f\u00fcr Bandbesetzungen interessieren: Als eine H\u00e4lfte des Duos Little Red Suitcase mit der Geigerin Elena Seti\u00e9n und Teil des &#8211; 2012 mit dem Neuen Deutschen Jazzpreis ausgezeichneten &#8211; Quartetts Schneewei\u00df &amp; Rosenrot. Das hat sich f\u00fcr die unter anderem bei Hubert Nuss und David Friedman in Berlin und Django Bates in Kopenhagen ausgebildete Pianistin, Komponistin und S\u00e4ngerin mit ihrem fulminanten, bei Enja Yellowbird erschienenen Leader-Deb\u00fct \u201eFM Biography\u201c nun schlagartig ge\u00e4ndert. Der mit dem Gitarrenguru Fred Frith, dem Schweizer Schlagwerker Julian Sartorius und dem New Yorker Multiinstrumentalisten und Produzenten Shahzad Ismaily eingespielte, v\u00f6llig eigenst\u00e4ndige Stilmix mit Gesamtkunstwerk-Charakter \u2013 wovon nicht zuletzt zwei Videos zeugen, siehe www.johannaborchert.de \u2013 sorgte f\u00fcr Aufsehen und brachte ihr als nahezu einzige heimische junge Jazzerin eine Einladung zum Jubil\u00e4ums-Jazzfest Berlin. Ihr Album klingt alles andere als nach Radiokost. Wieso hei\u00dft es \u201eFM Biography\u201c? Wie das bei K\u00fcnstlern so ist. Am Schluss kommt etwas ganz Intuitives heraus, aus Einf\u00e4llen, Gef\u00fchlen, Begebenheiten, die pl\u00f6tzlich einen Sinne ergeben. Der Titel stammt von Agnieszka Wolny-Hamkalo, einer &hellip;<\/p>\n","protected":false},"author":18,"featured_media":0,"comment_status":"open","ping_status":"closed","sticky":false,"template":"","format":"standard","meta":{"_jetpack_memberships_contains_paid_content":false,"footnotes":"","jetpack_publicize_message":"","jetpack_publicize_feature_enabled":true,"jetpack_social_post_already_shared":false,"jetpack_social_options":{"image_generator_settings":{"template":"highway","default_image_id":0,"font":"","enabled":false},"version":2}},"categories":[1063],"tags":[34,66,109,145,147,163,1154,184,198,751,272,1153,852,322,323,396,401,904,845,558,20],"coauthors":[695],"class_list":["post-5311","post","type-post","status-publish","format-standard","hentry","category-portrait","tag-album","tag-berlin","tag-cd","tag-django-bates","tag-domicil","tag-enja","tag-fm-biography","tag-frankfurt","tag-geschichte","tag-jazzfest","tag-jazzfest-berlin","tag-johanna-borchert","tag-koeln","tag-konzert-2","tag-konzerte","tag-moers","tag-muenchen","tag-new-york","tag-oliver-hochkeppel","tag-tour","tag-workshop"],"yoast_head":"<!-- This site is optimized with the Yoast SEO plugin v27.5 - https:\/\/yoast.com\/product\/yoast-seo-wordpress\/ -->\n<title>Johanna Borchert zu ihrem Solo-Deb\u00fct &quot;FM Biography&quot; - JazzZeitung<\/title>\n<meta name=\"robots\" content=\"index, follow, max-snippet:-1, max-image-preview:large, max-video-preview:-1\" \/>\n<link rel=\"canonical\" href=\"https:\/\/www.jazzzeitung.de\/cms\/2015\/01\/johanna-borchert-zu-ihrem-solo-debuet-fm-biography\/\" \/>\n<meta property=\"og:locale\" content=\"de_DE\" \/>\n<meta property=\"og:type\" content=\"article\" \/>\n<meta property=\"og:title\" content=\"Johanna Borchert zu ihrem Solo-Deb\u00fct &quot;FM Biography&quot; - JazzZeitung\" \/>\n<meta property=\"og:description\" content=\"Von Oliver Hochkeppel, in Ausz\u00fcgen gedruckt in SILBERHORN 1-15: Der Name Johanna Borchert war bislang nur Experten bekannt, die sich f\u00fcr Bandbesetzungen interessieren: Als eine H\u00e4lfte des Duos Little Red Suitcase mit der Geigerin Elena Seti\u00e9n und Teil des &#8211; 2012 mit dem Neuen Deutschen Jazzpreis ausgezeichneten &#8211; Quartetts Schneewei\u00df &amp; Rosenrot. Das hat sich f\u00fcr die unter anderem bei Hubert Nuss und David Friedman in Berlin und Django Bates in Kopenhagen ausgebildete Pianistin, Komponistin und S\u00e4ngerin mit ihrem fulminanten, bei Enja Yellowbird erschienenen Leader-Deb\u00fct \u201eFM Biography\u201c nun schlagartig ge\u00e4ndert. Der mit dem Gitarrenguru Fred Frith, dem Schweizer Schlagwerker Julian Sartorius und dem New Yorker Multiinstrumentalisten und Produzenten Shahzad Ismaily eingespielte, v\u00f6llig eigenst\u00e4ndige Stilmix mit Gesamtkunstwerk-Charakter \u2013 wovon nicht zuletzt zwei Videos zeugen, siehe www.johannaborchert.de \u2013 sorgte f\u00fcr Aufsehen und brachte ihr als nahezu einzige heimische junge Jazzerin eine Einladung zum Jubil\u00e4ums-Jazzfest Berlin. Ihr Album klingt alles andere als nach Radiokost. Wieso hei\u00dft es \u201eFM Biography\u201c? Wie das bei K\u00fcnstlern so ist. Am Schluss kommt etwas ganz Intuitives heraus, aus Einf\u00e4llen, Gef\u00fchlen, Begebenheiten, die pl\u00f6tzlich einen Sinne ergeben. Der Titel stammt von Agnieszka Wolny-Hamkalo, einer &hellip;\" \/>\n<meta property=\"og:url\" content=\"https:\/\/www.jazzzeitung.de\/cms\/2015\/01\/johanna-borchert-zu-ihrem-solo-debuet-fm-biography\/\" \/>\n<meta property=\"og:site_name\" content=\"JazzZeitung\" \/>\n<meta property=\"article:publisher\" content=\"https:\/\/www.facebook.com\/JazzZeitung\/\" \/>\n<meta property=\"article:published_time\" content=\"2015-01-28T09:03:11+00:00\" \/>\n<meta property=\"article:modified_time\" content=\"2015-01-28T11:13:35+00:00\" \/>\n<meta property=\"og:image\" content=\"https:\/\/i0.wp.com\/www.jazzzeitung.de\/cms\/wp-content\/uploads\/2012\/01\/ipad-logo-200.png?fit=200%2C200&ssl=1\" \/>\n\t<meta property=\"og:image:width\" content=\"200\" \/>\n\t<meta property=\"og:image:height\" content=\"200\" \/>\n\t<meta property=\"og:image:type\" content=\"image\/png\" \/>\n<meta name=\"author\" content=\"Redaktion JazzZeitung\" \/>\n<script type=\"application\/ld+json\" class=\"yoast-schema-graph\">{\"@context\":\"https:\\\/\\\/schema.org\",\"@graph\":[{\"@type\":\"Article\",\"@id\":\"https:\\\/\\\/www.jazzzeitung.de\\\/cms\\\/2015\\\/01\\\/johanna-borchert-zu-ihrem-solo-debuet-fm-biography\\\/#article\",\"isPartOf\":{\"@id\":\"https:\\\/\\\/www.jazzzeitung.de\\\/cms\\\/2015\\\/01\\\/johanna-borchert-zu-ihrem-solo-debuet-fm-biography\\\/\"},\"author\":{\"name\":\"Redaktion JazzZeitung\",\"@id\":\"https:\\\/\\\/www.jazzzeitung.de\\\/cms\\\/#\\\/schema\\\/person\\\/2245b36b9cd1d24cea10f01c031fb92b\"},\"headline\":\"Johanna Borchert zu ihrem Solo-Deb\u00fct &#8222;FM Biography&#8220;\",\"datePublished\":\"2015-01-28T09:03:11+00:00\",\"dateModified\":\"2015-01-28T11:13:35+00:00\",\"mainEntityOfPage\":{\"@id\":\"https:\\\/\\\/www.jazzzeitung.de\\\/cms\\\/2015\\\/01\\\/johanna-borchert-zu-ihrem-solo-debuet-fm-biography\\\/\"},\"wordCount\":1162,\"commentCount\":0,\"publisher\":{\"@id\":\"https:\\\/\\\/www.jazzzeitung.de\\\/cms\\\/#organization\"},\"keywords\":[\"Album\",\"Berlin\",\"CD\",\"Django Bates\",\"Domicil\",\"enja\",\"FM Biography\",\"Frankfurt\",\"Geschichte\",\"Jazzfest\",\"Jazzfest Berlin\",\"Johanna Borchert\",\"K\u00f6ln\",\"Konzert\",\"Konzerte\",\"Moers\",\"M\u00fcnchen\",\"New York\",\"Oliver Hochkeppel\",\"Tour\",\"Workshop\"],\"articleSection\":[\"Portrait\"],\"inLanguage\":\"de\",\"potentialAction\":[{\"@type\":\"CommentAction\",\"name\":\"Comment\",\"target\":[\"https:\\\/\\\/www.jazzzeitung.de\\\/cms\\\/2015\\\/01\\\/johanna-borchert-zu-ihrem-solo-debuet-fm-biography\\\/#respond\"]}]},{\"@type\":\"WebPage\",\"@id\":\"https:\\\/\\\/www.jazzzeitung.de\\\/cms\\\/2015\\\/01\\\/johanna-borchert-zu-ihrem-solo-debuet-fm-biography\\\/\",\"url\":\"https:\\\/\\\/www.jazzzeitung.de\\\/cms\\\/2015\\\/01\\\/johanna-borchert-zu-ihrem-solo-debuet-fm-biography\\\/\",\"name\":\"Johanna Borchert zu ihrem Solo-Deb\u00fct \\\"FM Biography\\\" - JazzZeitung\",\"isPartOf\":{\"@id\":\"https:\\\/\\\/www.jazzzeitung.de\\\/cms\\\/#website\"},\"datePublished\":\"2015-01-28T09:03:11+00:00\",\"dateModified\":\"2015-01-28T11:13:35+00:00\",\"breadcrumb\":{\"@id\":\"https:\\\/\\\/www.jazzzeitung.de\\\/cms\\\/2015\\\/01\\\/johanna-borchert-zu-ihrem-solo-debuet-fm-biography\\\/#breadcrumb\"},\"inLanguage\":\"de\",\"potentialAction\":[{\"@type\":\"ReadAction\",\"target\":[\"https:\\\/\\\/www.jazzzeitung.de\\\/cms\\\/2015\\\/01\\\/johanna-borchert-zu-ihrem-solo-debuet-fm-biography\\\/\"]}]},{\"@type\":\"BreadcrumbList\",\"@id\":\"https:\\\/\\\/www.jazzzeitung.de\\\/cms\\\/2015\\\/01\\\/johanna-borchert-zu-ihrem-solo-debuet-fm-biography\\\/#breadcrumb\",\"itemListElement\":[{\"@type\":\"ListItem\",\"position\":1,\"name\":\"Startseite\",\"item\":\"https:\\\/\\\/www.jazzzeitung.de\\\/cms\\\/\"},{\"@type\":\"ListItem\",\"position\":2,\"name\":\"Johanna Borchert zu ihrem Solo-Deb\u00fct &#8222;FM Biography&#8220;\"}]},{\"@type\":\"WebSite\",\"@id\":\"https:\\\/\\\/www.jazzzeitung.de\\\/cms\\\/#website\",\"url\":\"https:\\\/\\\/www.jazzzeitung.de\\\/cms\\\/\",\"name\":\"JazzZeitung\",\"description\":\"Jazz-News und Jazz-Kontroverses\",\"publisher\":{\"@id\":\"https:\\\/\\\/www.jazzzeitung.de\\\/cms\\\/#organization\"},\"potentialAction\":[{\"@type\":\"SearchAction\",\"target\":{\"@type\":\"EntryPoint\",\"urlTemplate\":\"https:\\\/\\\/www.jazzzeitung.de\\\/cms\\\/?s={search_term_string}\"},\"query-input\":{\"@type\":\"PropertyValueSpecification\",\"valueRequired\":true,\"valueName\":\"search_term_string\"}}],\"inLanguage\":\"de\"},{\"@type\":\"Organization\",\"@id\":\"https:\\\/\\\/www.jazzzeitung.de\\\/cms\\\/#organization\",\"name\":\"JazzZeitung online\",\"url\":\"https:\\\/\\\/www.jazzzeitung.de\\\/cms\\\/\",\"logo\":{\"@type\":\"ImageObject\",\"inLanguage\":\"de\",\"@id\":\"https:\\\/\\\/www.jazzzeitung.de\\\/cms\\\/#\\\/schema\\\/logo\\\/image\\\/\",\"url\":\"https:\\\/\\\/i0.wp.com\\\/www.jazzzeitung.de\\\/cms\\\/wp-content\\\/uploads\\\/2015\\\/08\\\/JAZZZEITUNGDE_Logo_Neu.png?fit=499%2C200&ssl=1\",\"contentUrl\":\"https:\\\/\\\/i0.wp.com\\\/www.jazzzeitung.de\\\/cms\\\/wp-content\\\/uploads\\\/2015\\\/08\\\/JAZZZEITUNGDE_Logo_Neu.png?fit=499%2C200&ssl=1\",\"width\":499,\"height\":200,\"caption\":\"JazzZeitung online\"},\"image\":{\"@id\":\"https:\\\/\\\/www.jazzzeitung.de\\\/cms\\\/#\\\/schema\\\/logo\\\/image\\\/\"},\"sameAs\":[\"https:\\\/\\\/www.facebook.com\\\/JazzZeitung\\\/\"]},{\"@type\":\"Person\",\"@id\":\"https:\\\/\\\/www.jazzzeitung.de\\\/cms\\\/#\\\/schema\\\/person\\\/2245b36b9cd1d24cea10f01c031fb92b\",\"name\":\"Redaktion JazzZeitung\",\"image\":{\"@type\":\"ImageObject\",\"inLanguage\":\"de\",\"@id\":\"https:\\\/\\\/i0.wp.com\\\/www.jazzzeitung.de\\\/cms\\\/wp-content\\\/uploads\\\/2015\\\/08\\\/JAZZZEITUNGDE_Logo_Neu.png?resize=96%2C96&ssl=159975dcacb611b5700bd619b5daf0a7a\",\"url\":\"https:\\\/\\\/i0.wp.com\\\/www.jazzzeitung.de\\\/cms\\\/wp-content\\\/uploads\\\/2015\\\/08\\\/JAZZZEITUNGDE_Logo_Neu.png?resize=96%2C96&ssl=1\",\"contentUrl\":\"https:\\\/\\\/i0.wp.com\\\/www.jazzzeitung.de\\\/cms\\\/wp-content\\\/uploads\\\/2015\\\/08\\\/JAZZZEITUNGDE_Logo_Neu.png?resize=96%2C96&ssl=1\",\"caption\":\"Redaktion JazzZeitung\"},\"description\":\"Artikel der Redaktion der JazzZeitung.\",\"sameAs\":[\"http:\\\/\\\/www.jazzzeitung.de\\\/cms\\\/\"],\"url\":\"https:\\\/\\\/www.jazzzeitung.de\\\/cms\\\/author\\\/redaktion\\\/\"}]}<\/script>\n<!-- \/ Yoast SEO plugin. -->","yoast_head_json":{"title":"Johanna Borchert zu ihrem Solo-Deb\u00fct \"FM Biography\" - JazzZeitung","robots":{"index":"index","follow":"follow","max-snippet":"max-snippet:-1","max-image-preview":"max-image-preview:large","max-video-preview":"max-video-preview:-1"},"canonical":"https:\/\/www.jazzzeitung.de\/cms\/2015\/01\/johanna-borchert-zu-ihrem-solo-debuet-fm-biography\/","og_locale":"de_DE","og_type":"article","og_title":"Johanna Borchert zu ihrem Solo-Deb\u00fct \"FM Biography\" - JazzZeitung","og_description":"Von Oliver Hochkeppel, in Ausz\u00fcgen gedruckt in SILBERHORN 1-15: Der Name Johanna Borchert war bislang nur Experten bekannt, die sich f\u00fcr Bandbesetzungen interessieren: Als eine H\u00e4lfte des Duos Little Red Suitcase mit der Geigerin Elena Seti\u00e9n und Teil des &#8211; 2012 mit dem Neuen Deutschen Jazzpreis ausgezeichneten &#8211; Quartetts Schneewei\u00df &amp; Rosenrot. Das hat sich f\u00fcr die unter anderem bei Hubert Nuss und David Friedman in Berlin und Django Bates in Kopenhagen ausgebildete Pianistin, Komponistin und S\u00e4ngerin mit ihrem fulminanten, bei Enja Yellowbird erschienenen Leader-Deb\u00fct \u201eFM Biography\u201c nun schlagartig ge\u00e4ndert. Der mit dem Gitarrenguru Fred Frith, dem Schweizer Schlagwerker Julian Sartorius und dem New Yorker Multiinstrumentalisten und Produzenten Shahzad Ismaily eingespielte, v\u00f6llig eigenst\u00e4ndige Stilmix mit Gesamtkunstwerk-Charakter \u2013 wovon nicht zuletzt zwei Videos zeugen, siehe www.johannaborchert.de \u2013 sorgte f\u00fcr Aufsehen und brachte ihr als nahezu einzige heimische junge Jazzerin eine Einladung zum Jubil\u00e4ums-Jazzfest Berlin. Ihr Album klingt alles andere als nach Radiokost. Wieso hei\u00dft es \u201eFM Biography\u201c? Wie das bei K\u00fcnstlern so ist. Am Schluss kommt etwas ganz Intuitives heraus, aus Einf\u00e4llen, Gef\u00fchlen, Begebenheiten, die pl\u00f6tzlich einen Sinne ergeben. Der Titel stammt von Agnieszka Wolny-Hamkalo, einer &hellip;","og_url":"https:\/\/www.jazzzeitung.de\/cms\/2015\/01\/johanna-borchert-zu-ihrem-solo-debuet-fm-biography\/","og_site_name":"JazzZeitung","article_publisher":"https:\/\/www.facebook.com\/JazzZeitung\/","article_published_time":"2015-01-28T09:03:11+00:00","article_modified_time":"2015-01-28T11:13:35+00:00","og_image":[{"width":200,"height":200,"url":"https:\/\/i0.wp.com\/www.jazzzeitung.de\/cms\/wp-content\/uploads\/2012\/01\/ipad-logo-200.png?fit=200%2C200&ssl=1","type":"image\/png"}],"author":"Redaktion JazzZeitung","schema":{"@context":"https:\/\/schema.org","@graph":[{"@type":"Article","@id":"https:\/\/www.jazzzeitung.de\/cms\/2015\/01\/johanna-borchert-zu-ihrem-solo-debuet-fm-biography\/#article","isPartOf":{"@id":"https:\/\/www.jazzzeitung.de\/cms\/2015\/01\/johanna-borchert-zu-ihrem-solo-debuet-fm-biography\/"},"author":{"name":"Redaktion JazzZeitung","@id":"https:\/\/www.jazzzeitung.de\/cms\/#\/schema\/person\/2245b36b9cd1d24cea10f01c031fb92b"},"headline":"Johanna Borchert zu ihrem Solo-Deb\u00fct &#8222;FM Biography&#8220;","datePublished":"2015-01-28T09:03:11+00:00","dateModified":"2015-01-28T11:13:35+00:00","mainEntityOfPage":{"@id":"https:\/\/www.jazzzeitung.de\/cms\/2015\/01\/johanna-borchert-zu-ihrem-solo-debuet-fm-biography\/"},"wordCount":1162,"commentCount":0,"publisher":{"@id":"https:\/\/www.jazzzeitung.de\/cms\/#organization"},"keywords":["Album","Berlin","CD","Django Bates","Domicil","enja","FM Biography","Frankfurt","Geschichte","Jazzfest","Jazzfest Berlin","Johanna Borchert","K\u00f6ln","Konzert","Konzerte","Moers","M\u00fcnchen","New York","Oliver Hochkeppel","Tour","Workshop"],"articleSection":["Portrait"],"inLanguage":"de","potentialAction":[{"@type":"CommentAction","name":"Comment","target":["https:\/\/www.jazzzeitung.de\/cms\/2015\/01\/johanna-borchert-zu-ihrem-solo-debuet-fm-biography\/#respond"]}]},{"@type":"WebPage","@id":"https:\/\/www.jazzzeitung.de\/cms\/2015\/01\/johanna-borchert-zu-ihrem-solo-debuet-fm-biography\/","url":"https:\/\/www.jazzzeitung.de\/cms\/2015\/01\/johanna-borchert-zu-ihrem-solo-debuet-fm-biography\/","name":"Johanna Borchert zu ihrem Solo-Deb\u00fct \"FM Biography\" - JazzZeitung","isPartOf":{"@id":"https:\/\/www.jazzzeitung.de\/cms\/#website"},"datePublished":"2015-01-28T09:03:11+00:00","dateModified":"2015-01-28T11:13:35+00:00","breadcrumb":{"@id":"https:\/\/www.jazzzeitung.de\/cms\/2015\/01\/johanna-borchert-zu-ihrem-solo-debuet-fm-biography\/#breadcrumb"},"inLanguage":"de","potentialAction":[{"@type":"ReadAction","target":["https:\/\/www.jazzzeitung.de\/cms\/2015\/01\/johanna-borchert-zu-ihrem-solo-debuet-fm-biography\/"]}]},{"@type":"BreadcrumbList","@id":"https:\/\/www.jazzzeitung.de\/cms\/2015\/01\/johanna-borchert-zu-ihrem-solo-debuet-fm-biography\/#breadcrumb","itemListElement":[{"@type":"ListItem","position":1,"name":"Startseite","item":"https:\/\/www.jazzzeitung.de\/cms\/"},{"@type":"ListItem","position":2,"name":"Johanna Borchert zu ihrem Solo-Deb\u00fct &#8222;FM Biography&#8220;"}]},{"@type":"WebSite","@id":"https:\/\/www.jazzzeitung.de\/cms\/#website","url":"https:\/\/www.jazzzeitung.de\/cms\/","name":"JazzZeitung","description":"Jazz-News und Jazz-Kontroverses","publisher":{"@id":"https:\/\/www.jazzzeitung.de\/cms\/#organization"},"potentialAction":[{"@type":"SearchAction","target":{"@type":"EntryPoint","urlTemplate":"https:\/\/www.jazzzeitung.de\/cms\/?s={search_term_string}"},"query-input":{"@type":"PropertyValueSpecification","valueRequired":true,"valueName":"search_term_string"}}],"inLanguage":"de"},{"@type":"Organization","@id":"https:\/\/www.jazzzeitung.de\/cms\/#organization","name":"JazzZeitung online","url":"https:\/\/www.jazzzeitung.de\/cms\/","logo":{"@type":"ImageObject","inLanguage":"de","@id":"https:\/\/www.jazzzeitung.de\/cms\/#\/schema\/logo\/image\/","url":"https:\/\/i0.wp.com\/www.jazzzeitung.de\/cms\/wp-content\/uploads\/2015\/08\/JAZZZEITUNGDE_Logo_Neu.png?fit=499%2C200&ssl=1","contentUrl":"https:\/\/i0.wp.com\/www.jazzzeitung.de\/cms\/wp-content\/uploads\/2015\/08\/JAZZZEITUNGDE_Logo_Neu.png?fit=499%2C200&ssl=1","width":499,"height":200,"caption":"JazzZeitung online"},"image":{"@id":"https:\/\/www.jazzzeitung.de\/cms\/#\/schema\/logo\/image\/"},"sameAs":["https:\/\/www.facebook.com\/JazzZeitung\/"]},{"@type":"Person","@id":"https:\/\/www.jazzzeitung.de\/cms\/#\/schema\/person\/2245b36b9cd1d24cea10f01c031fb92b","name":"Redaktion JazzZeitung","image":{"@type":"ImageObject","inLanguage":"de","@id":"https:\/\/i0.wp.com\/www.jazzzeitung.de\/cms\/wp-content\/uploads\/2015\/08\/JAZZZEITUNGDE_Logo_Neu.png?resize=96%2C96&ssl=159975dcacb611b5700bd619b5daf0a7a","url":"https:\/\/i0.wp.com\/www.jazzzeitung.de\/cms\/wp-content\/uploads\/2015\/08\/JAZZZEITUNGDE_Logo_Neu.png?resize=96%2C96&ssl=1","contentUrl":"https:\/\/i0.wp.com\/www.jazzzeitung.de\/cms\/wp-content\/uploads\/2015\/08\/JAZZZEITUNGDE_Logo_Neu.png?resize=96%2C96&ssl=1","caption":"Redaktion JazzZeitung"},"description":"Artikel der Redaktion der JazzZeitung.","sameAs":["http:\/\/www.jazzzeitung.de\/cms\/"],"url":"https:\/\/www.jazzzeitung.de\/cms\/author\/redaktion\/"}]}},"wp-worthy-pixel":{"ignored":false,"public":null,"server":null,"url":null},"wp-worthy-type":"normal","jetpack_publicize_connections":[],"cc_featured_image_caption":{"caption_text":false,"source_text":false,"source_url":false},"jetpack_featured_media_url":"","jetpack_shortlink":"https:\/\/wp.me\/p3KEcT-1nF","jetpack-related-posts":[{"id":30079,"url":"https:\/\/www.jazzzeitung.de\/cms\/2023\/09\/die-pianistin-und-saengerin-johanna-borchert-begeistert-bei-ihrem-auftritt-im-regensburger-jazzclub\/","url_meta":{"origin":5311,"position":0},"title":"Die Pianistin und S\u00e4ngerin Johanna Borchert begeistert bei ihrem Auftritt im Regensburger Jazzclub","author":"Michael Scheiner","date":"28. September 2023","format":false,"excerpt":"Existentielle Songs \u00fcbers Leben\u00a0 Regensburg. \u201eDie Erschaffung von neuem Leben\u201c ist das Thema, um welches sich die Musik von Johanna Borcherts aktuellem Album dreht. Bei ihrem ersten Auftritt in Regensburg beim Jazzclub im Leeren Beutel stellte sie daraus Songs vor, die sie mit unglaublich eindringlichen Improvisationen und St\u00fccken auf dem\u2026","rel":"","context":"In &quot;Bericht&quot;","block_context":{"text":"Bericht","link":"https:\/\/www.jazzzeitung.de\/cms\/thema\/bericht\/"},"img":{"alt_text":"","src":"https:\/\/i0.wp.com\/www.jazzzeitung.de\/cms\/wp-content\/uploads\/2023\/09\/borchert-johanna_35.jpg?fit=1200%2C826&ssl=1&resize=350%2C200","width":350,"height":200,"srcset":"https:\/\/i0.wp.com\/www.jazzzeitung.de\/cms\/wp-content\/uploads\/2023\/09\/borchert-johanna_35.jpg?fit=1200%2C826&ssl=1&resize=350%2C200 1x, https:\/\/i0.wp.com\/www.jazzzeitung.de\/cms\/wp-content\/uploads\/2023\/09\/borchert-johanna_35.jpg?fit=1200%2C826&ssl=1&resize=525%2C300 1.5x, https:\/\/i0.wp.com\/www.jazzzeitung.de\/cms\/wp-content\/uploads\/2023\/09\/borchert-johanna_35.jpg?fit=1200%2C826&ssl=1&resize=700%2C400 2x, https:\/\/i0.wp.com\/www.jazzzeitung.de\/cms\/wp-content\/uploads\/2023\/09\/borchert-johanna_35.jpg?fit=1200%2C826&ssl=1&resize=1050%2C600 3x"},"classes":[]},{"id":6763,"url":"https:\/\/www.jazzzeitung.de\/cms\/2015\/08\/jazz-und-film-jazz-im-film-film-im-jazz-die-39-leipziger-jazztage-stehen-im-zeichen-des-cinematic-jazz\/","url_meta":{"origin":5311,"position":1},"title":"Jazz und Film \u2013 Jazz im Film \u2013 Film im Jazz: die 39. Leipziger Jazztage stehen im Zeichen des &#8222;Cinematic Jazz&#8220;","author":"Redaktion JazzZeitung","date":"3. August 2015","format":false,"excerpt":"Jazz und Film \u2013 Jazz im Film \u2013 Film im Jazz: Die 39. Leipziger Jazztage stehen vom 1. bis 10. Oktober 2015 im Zeichen des \u00bbCinematic Jazz\u00ab. Mehr als 70 Musiker und Visualisierungs- k\u00fcnstlerinnen aus 9 L\u00e4ndern spielen dabei in 13 Locations, vom Schauspielhaus \u00fcber Kirchen bis zu verschiedenen Clubs\u2026","rel":"","context":"In &quot;News&quot;","block_context":{"text":"News","link":"https:\/\/www.jazzzeitung.de\/cms\/thema\/nachrichten\/"},"img":{"alt_text":"leipzig_neu","src":"https:\/\/i0.wp.com\/www.jazzzeitung.de\/cms\/wp-content\/uploads\/2015\/08\/leipzig_neu-150x150.jpg?resize=350%2C200","width":350,"height":200},"classes":[]},{"id":23396,"url":"https:\/\/www.jazzzeitung.de\/cms\/2020\/09\/newslandesjugendjazzorchester-brandenburg-und-lajjazzo-junior-live28-jazzfest-kasselneuigkeiten-zum-herbst-programm-in-bayreuth\/","url_meta":{"origin":5311,"position":2},"title":"+++News:+++Landesjugendjazzorchester Brandenburg und LaJJazzO Junior live+++28. Jazzfest Kassel+++Neuigkeiten zum Herbst-Programm in Bayreuth+++","author":"Redaktion JazzZeitung","date":"17. September 2020","format":false,"excerpt":"Landesjugendjazzorchester Brandenburg und LaJJazzO Junior live Das Landesjugendjazzorchester Brandenburg bringt die Popularmusik der vergangenen 60 Jahre im Oktober live auf die B\u00fchne. Unter dem Motto \u201eFunk It Up!\u201c wird das von Jiggs Whigham geleitete Programm durch zwei S\u00e4nger und ehemalige Mitglieder der Young Voices Brandenburg erg\u00e4nzt. Das LaJJazzO Junior bringt\u2026","rel":"","context":"In &quot;News&quot;","block_context":{"text":"News","link":"https:\/\/www.jazzzeitung.de\/cms\/thema\/nachrichten\/"},"img":{"alt_text":"","src":"https:\/\/i0.wp.com\/www.jazzzeitung.de\/cms\/wp-content\/uploads\/2020\/09\/02-Johanna_Summer_-c-ACT-Gregor-Hohenberg-scaled.jpg?fit=1200%2C800&ssl=1&resize=350%2C200","width":350,"height":200,"srcset":"https:\/\/i0.wp.com\/www.jazzzeitung.de\/cms\/wp-content\/uploads\/2020\/09\/02-Johanna_Summer_-c-ACT-Gregor-Hohenberg-scaled.jpg?fit=1200%2C800&ssl=1&resize=350%2C200 1x, https:\/\/i0.wp.com\/www.jazzzeitung.de\/cms\/wp-content\/uploads\/2020\/09\/02-Johanna_Summer_-c-ACT-Gregor-Hohenberg-scaled.jpg?fit=1200%2C800&ssl=1&resize=525%2C300 1.5x, https:\/\/i0.wp.com\/www.jazzzeitung.de\/cms\/wp-content\/uploads\/2020\/09\/02-Johanna_Summer_-c-ACT-Gregor-Hohenberg-scaled.jpg?fit=1200%2C800&ssl=1&resize=700%2C400 2x, https:\/\/i0.wp.com\/www.jazzzeitung.de\/cms\/wp-content\/uploads\/2020\/09\/02-Johanna_Summer_-c-ACT-Gregor-Hohenberg-scaled.jpg?fit=1200%2C800&ssl=1&resize=1050%2C600 3x"},"classes":[]},{"id":12756,"url":"https:\/\/www.jazzzeitung.de\/cms\/2017\/06\/news-jazzorchester-featuring-wu-wei-29-06-2017-in-weimar-jazz-live-keys-sticks-fotografien-von-thomas-j-krebs-vernissage\/","url_meta":{"origin":5311,"position":3},"title":"+++ News +++ \u201eJazzorchester featuring Wu Wei\u201c in Weimar +++ &#8222;JAZZ &#8211; live, keys &#038; sticks&#8220;: Fotografien von Thomas J. Krebs in Unterf\u00f6hring +++ 1. Jazzfest Ottobrunn im Wolf-Ferrari-Haus +++","author":"Redaktion JazzZeitung","date":"22. Juni 2017","format":false,"excerpt":"+++ \u201eJazzorchester featuring Wu Wei\u201c 29.06.2017 in Weimar +++ Am Donnerstag, 29. Juni um 19:30 Uhr im Festsaal F\u00fcrstenhaus wird ein Konzert-Projekt f\u00fcr ein Programm mit einem Gastsolisten, dem chinesischen Mundorgelspieler, Wu Wei stattfinden. Er spielt auf der \u201eCheng\u201c, einem Instrument mit 3.000 Jahre alter Tradition, das seine Kl\u00e4nge mit\u2026","rel":"","context":"In &quot;Bericht&quot;","block_context":{"text":"Bericht","link":"https:\/\/www.jazzzeitung.de\/cms\/thema\/bericht\/"},"img":{"alt_text":"","src":"https:\/\/i0.wp.com\/www.jazzzeitung.de\/cms\/wp-content\/uploads\/2017\/06\/Schultze_Stefan_Foto_Maik_Schuck-150x150.jpg?resize=350%2C200&ssl=1","width":350,"height":200},"classes":[]},{"id":10550,"url":"https:\/\/www.jazzzeitung.de\/cms\/2016\/10\/wie-offen-gleichberechtigt-und-divers-ist-der-jazz-heute-wirklich\/","url_meta":{"origin":5311,"position":4},"title":"Jazzfest Berlin 2016 fragt: \u201eWie offen, gleichberechtigt und divers ist der Jazz heute wirklich?\u201c","author":"Martin Hufner","date":"17. Oktober 2016","format":false,"excerpt":"Pr\u00e4ludium zum Jazzfest Berlin 2016: Diskussion und Programmvorstellung mit Musik am Dienstag, 18. Oktober um 19.00 Uhr im Haus der Berliner Festspiele. Live\u00fcbertragung der Diskussion zum Thema via Facebook und Periscope. Musik von und mit Eve Risser, Alexander von Schlippenbach und Axel D\u00f6rner. Eintritt frei. Ist die freieste der Musikformen\u2026","rel":"","context":"In &quot;News&quot;","block_context":{"text":"News","link":"https:\/\/www.jazzzeitung.de\/cms\/thema\/nachrichten\/"},"img":{"alt_text":"Pr\u00e4ludium hinter den Kulissen. Foto: Hufner","src":"https:\/\/i0.wp.com\/www.jazzzeitung.de\/cms\/wp-content\/uploads\/2016\/10\/jf2015-praeludium-160125.jpg?fit=1200%2C900&ssl=1&resize=350%2C200","width":350,"height":200,"srcset":"https:\/\/i0.wp.com\/www.jazzzeitung.de\/cms\/wp-content\/uploads\/2016\/10\/jf2015-praeludium-160125.jpg?fit=1200%2C900&ssl=1&resize=350%2C200 1x, https:\/\/i0.wp.com\/www.jazzzeitung.de\/cms\/wp-content\/uploads\/2016\/10\/jf2015-praeludium-160125.jpg?fit=1200%2C900&ssl=1&resize=525%2C300 1.5x, https:\/\/i0.wp.com\/www.jazzzeitung.de\/cms\/wp-content\/uploads\/2016\/10\/jf2015-praeludium-160125.jpg?fit=1200%2C900&ssl=1&resize=700%2C400 2x, https:\/\/i0.wp.com\/www.jazzzeitung.de\/cms\/wp-content\/uploads\/2016\/10\/jf2015-praeludium-160125.jpg?fit=1200%2C900&ssl=1&resize=1050%2C600 3x"},"classes":[]},{"id":10853,"url":"https:\/\/www.jazzzeitung.de\/cms\/2016\/11\/jazzfest-berlin-2016-4-fegefeuer-turbine-und-dasder-rauschende\/","url_meta":{"origin":5311,"position":5},"title":"Jazzfest Berlin 2016 (4) \u2013 Fegefeuer, Turbine und das\/der Rauschende","author":"Huflaikhan","date":"7. November 2016","format":false,"excerpt":"Bisher war das Jazzfest Berlin 2016 eher \u201enaja\u201c. Der letzte Abend brachte die Wendung, es war Stimmung im Saal, es wurde auch mal gebuht. Irgendwer im Publikum durfte lautstark behaupten: \u201eDas ist doch kein Jazz\u201c. Emotionen! Die Antwort darauf kann nur lauten: Wenn man Jazz nur an den Namen, nicht\u2026","rel":"","context":"In &quot;Bericht&quot;","block_context":{"text":"Bericht","link":"https:\/\/www.jazzzeitung.de\/cms\/thema\/bericht\/"},"img":{"alt_text":"Eve Risser\u2019s White Desert Orchestra @ Jazzfest Berlin. Foto: Petra Basche","src":"https:\/\/i0.wp.com\/www.jazzzeitung.de\/cms\/wp-content\/uploads\/2016\/11\/2016_11_06_Eve_Risser_JazzFestBerlin_2016_Petra_Basche_HuPe-Kollektiv0025.jpg?fit=1200%2C801&ssl=1&resize=350%2C200","width":350,"height":200,"srcset":"https:\/\/i0.wp.com\/www.jazzzeitung.de\/cms\/wp-content\/uploads\/2016\/11\/2016_11_06_Eve_Risser_JazzFestBerlin_2016_Petra_Basche_HuPe-Kollektiv0025.jpg?fit=1200%2C801&ssl=1&resize=350%2C200 1x, https:\/\/i0.wp.com\/www.jazzzeitung.de\/cms\/wp-content\/uploads\/2016\/11\/2016_11_06_Eve_Risser_JazzFestBerlin_2016_Petra_Basche_HuPe-Kollektiv0025.jpg?fit=1200%2C801&ssl=1&resize=525%2C300 1.5x, https:\/\/i0.wp.com\/www.jazzzeitung.de\/cms\/wp-content\/uploads\/2016\/11\/2016_11_06_Eve_Risser_JazzFestBerlin_2016_Petra_Basche_HuPe-Kollektiv0025.jpg?fit=1200%2C801&ssl=1&resize=700%2C400 2x, https:\/\/i0.wp.com\/www.jazzzeitung.de\/cms\/wp-content\/uploads\/2016\/11\/2016_11_06_Eve_Risser_JazzFestBerlin_2016_Petra_Basche_HuPe-Kollektiv0025.jpg?fit=1200%2C801&ssl=1&resize=1050%2C600 3x"},"classes":[]}],"jetpack_sharing_enabled":true,"_links":{"self":[{"href":"https:\/\/www.jazzzeitung.de\/cms\/wp-json\/wp\/v2\/posts\/5311","targetHints":{"allow":["GET"]}}],"collection":[{"href":"https:\/\/www.jazzzeitung.de\/cms\/wp-json\/wp\/v2\/posts"}],"about":[{"href":"https:\/\/www.jazzzeitung.de\/cms\/wp-json\/wp\/v2\/types\/post"}],"author":[{"embeddable":true,"href":"https:\/\/www.jazzzeitung.de\/cms\/wp-json\/wp\/v2\/users\/18"}],"replies":[{"embeddable":true,"href":"https:\/\/www.jazzzeitung.de\/cms\/wp-json\/wp\/v2\/comments?post=5311"}],"version-history":[{"count":6,"href":"https:\/\/www.jazzzeitung.de\/cms\/wp-json\/wp\/v2\/posts\/5311\/revisions"}],"predecessor-version":[{"id":5324,"href":"https:\/\/www.jazzzeitung.de\/cms\/wp-json\/wp\/v2\/posts\/5311\/revisions\/5324"}],"wp:attachment":[{"href":"https:\/\/www.jazzzeitung.de\/cms\/wp-json\/wp\/v2\/media?parent=5311"}],"wp:term":[{"taxonomy":"category","embeddable":true,"href":"https:\/\/www.jazzzeitung.de\/cms\/wp-json\/wp\/v2\/categories?post=5311"},{"taxonomy":"post_tag","embeddable":true,"href":"https:\/\/www.jazzzeitung.de\/cms\/wp-json\/wp\/v2\/tags?post=5311"},{"taxonomy":"author","embeddable":true,"href":"https:\/\/www.jazzzeitung.de\/cms\/wp-json\/wp\/v2\/coauthors?post=5311"}],"curies":[{"name":"wp","href":"https:\/\/api.w.org\/{rel}","templated":true}]}}