{"id":531,"date":"2010-10-30T00:55:08","date_gmt":"2010-10-29T22:55:08","guid":{"rendered":"http:\/\/blogs.nmz.de\/jazz\/?p=531"},"modified":"2010-10-30T00:55:08","modified_gmt":"2010-10-29T22:55:08","slug":"report-muenchen-und-die-strassen-von-san-francisco","status":"publish","type":"post","link":"https:\/\/www.jazzzeitung.de\/cms\/2010\/10\/report-muenchen-und-die-strassen-von-san-francisco\/","title":{"rendered":"Report M\u00fcnchen und die Stra\u00dfen von San Francisco"},"content":{"rendered":"<p>F\u00fcr alle, die noch nicht selbst auf den <a href=\"http:\/\/www.jazzinstitut.de\/Jazzbrief\/jazzbriefindex-us.htm\" target=\"_blank\"><em>Jazzbrief<\/em><\/a> des Jazzinstituts Darmstadt vom Oktober 2010 gesto\u00dfen sind, hier ein Link, der zu einem spannenden YouTube-Filmchen aus dem Jahr 1967 f\u00fchrt.<\/p>\n<p><a href=\"http:\/\/www.youtube.com\/watch?v=uocomom2sz8\" target=\"_blank\">http:\/\/www.youtube.com\/watch?v=uocomom2sz8<\/a><\/p>\n<h5>Lindlau, Brubeck und die Stra\u00dfen von San Francisco<\/h5>\n<p>Es geht um die Geschichte hinter der damaligen Titelmusik des ARD-Magazins Report M\u00fcnchen, die von Dave Brubeck stammte. Dagobert Lindlau, der Redaktionsleiter der Sendung in dieser Zeit, erz\u00e4hlt, wie er Brubeck dazu brachte, sein St\u00fcck <a href=\"http:\/\/mp3lemon.org\/song\/183156\/Dave_Brubeck_-_09_-_Threes_A_Crowd\" target=\"_blank\">&#8222;Three&#8217;s a Crowd&#8220;<\/a> sekundengenau auf den Sendungsvorspann anzupassen.<\/p>\n<p>Interessant ist aber vor allem der nachfolgende Filmausschnitt aus dem Report-M\u00fcnchen-Beitrag &#8222;Die Hippies von San Francisco&#8220; vom 7. August 1967. In dem Beitrag berichtet Lindlau \u00fcber die Hippie-Bewegung, deren LSD-Konsum und den Absatzmarkt der damals noch wenig bekannten Droge auf den Stra\u00dfen von San Francisco.<\/p>\n<p>Sehenswert, die L\u00e4ssigkeit, mit der Lindlau aus dem Cabrio heraus seinen Stoff kauft! Gro\u00dfer Sport, h\u00e4tte ich dem biederen Fernsehen der 60er-Jahre gar nicht zugetraut&#8230;<\/p>\n<p><a href=\"http:\/\/www.br-online.de\/das-erste\/report-muenchen\/report-jubilaeum-geschichte-ID1287041057304.xml\" target=\"_blank\">Der ganze Beitrag \u00fcber die Hippies von San Francisco ist auf der Website von Report M\u00fcnchen gestreamt.<\/a><\/p>\n<p><span style=\"text-decoration: underline\"><em><a href=\"https:\/\/i0.wp.com\/www.jazzzeitung.de\/cms\/wp-content\/uploads\/2010\/10\/report-m%C3%BCnchen.jpg\"><img data-recalc-dims=\"1\" loading=\"lazy\" decoding=\"async\" data-attachment-id=\"541\" data-permalink=\"https:\/\/www.jazzzeitung.de\/cms\/2010\/10\/report-muenchen-und-die-strassen-von-san-francisco\/report-muenchen\/\" data-orig-file=\"https:\/\/i0.wp.com\/www.jazzzeitung.de\/cms\/wp-content\/uploads\/2010\/10\/report-m%C3%BCnchen.jpg?fit=384%2C728&amp;ssl=1\" data-orig-size=\"384,728\" data-comments-opened=\"1\" data-image-meta=\"{&quot;aperture&quot;:&quot;0&quot;,&quot;credit&quot;:&quot;J?rg Lichtinger&quot;,&quot;camera&quot;:&quot;&quot;,&quot;caption&quot;:&quot;&quot;,&quot;created_timestamp&quot;:&quot;0&quot;,&quot;copyright&quot;:&quot;&quot;,&quot;focal_length&quot;:&quot;0&quot;,&quot;iso&quot;:&quot;0&quot;,&quot;shutter_speed&quot;:&quot;0&quot;,&quot;title&quot;:&quot;&quot;}\" data-image-title=\"report m\u00fcnchen\" data-image-description=\"\" data-image-caption=\"\" data-large-file=\"https:\/\/i0.wp.com\/www.jazzzeitung.de\/cms\/wp-content\/uploads\/2010\/10\/report-m%C3%BCnchen.jpg?fit=316%2C600&amp;ssl=1\" class=\"aligncenter size-full wp-image-541\" title=\"report m\u00fcnchen\" src=\"https:\/\/i0.wp.com\/www.jazzzeitung.de\/cms\/wp-content\/uploads\/2010\/10\/report-m%C3%BCnchen.jpg?resize=384%2C728\" alt=\"report m\u00fcnchen\" width=\"384\" height=\"728\" srcset=\"https:\/\/i0.wp.com\/www.jazzzeitung.de\/cms\/wp-content\/uploads\/2010\/10\/report-m%C3%BCnchen.jpg?w=384&amp;ssl=1 384w, https:\/\/i0.wp.com\/www.jazzzeitung.de\/cms\/wp-content\/uploads\/2010\/10\/report-m%C3%BCnchen.jpg?resize=158%2C300&amp;ssl=1 158w\" sizes=\"auto, (max-width: 384px) 100vw, 384px\" \/><\/a>Weitere Infos:<\/em><\/span><\/p>\n<p><a href=\"http:\/\/www.jazzinstitut.de\/de.htm\" target=\"_blank\">Jazzinstitut Darmstadt<\/a><\/p>\n<p><a href=\"http:\/\/www.br-online.de\/das-erste\/report-muenchen\/\" target=\"_blank\">Report M\u00fcnchen<\/a><\/p>\n","protected":false},"excerpt":{"rendered":"<p>F\u00fcr alle, die noch nicht selbst auf den Jazzbrief des Jazzinstituts Darmstadt vom Oktober 2010 gesto\u00dfen sind, hier ein Link, der zu einem spannenden YouTube-Filmchen aus dem Jahr 1967 f\u00fchrt. http:\/\/www.youtube.com\/watch?v=uocomom2sz8 Lindlau, Brubeck und die Stra\u00dfen von San Francisco Es geht um die Geschichte hinter der damaligen Titelmusik des ARD-Magazins Report M\u00fcnchen, die von Dave Brubeck stammte. Dagobert Lindlau, der Redaktionsleiter der Sendung in dieser Zeit, erz\u00e4hlt, wie er Brubeck dazu brachte, sein St\u00fcck &#8222;Three&#8217;s a Crowd&#8220; sekundengenau auf den Sendungsvorspann anzupassen. Interessant ist aber vor allem der nachfolgende Filmausschnitt aus dem Report-M\u00fcnchen-Beitrag &#8222;Die Hippies von San Francisco&#8220; vom 7. August 1967. In dem Beitrag berichtet Lindlau \u00fcber die Hippie-Bewegung, deren LSD-Konsum und den Absatzmarkt der damals noch wenig bekannten Droge auf den Stra\u00dfen von San Francisco. Sehenswert, die L\u00e4ssigkeit, mit der Lindlau aus dem Cabrio heraus seinen Stoff kauft! Gro\u00dfer Sport, h\u00e4tte ich dem biederen Fernsehen der 60er-Jahre gar nicht zugetraut&#8230; Der ganze Beitrag \u00fcber die Hippies von San Francisco ist auf der Website von Report M\u00fcnchen gestreamt. Weitere Infos: Jazzinstitut Darmstadt Report M\u00fcnchen<\/p>\n","protected":false},"author":4,"featured_media":0,"comment_status":"open","ping_status":"open","sticky":false,"template":"","format":"standard","meta":{"_jetpack_memberships_contains_paid_content":false,"footnotes":"","jetpack_publicize_message":"","jetpack_publicize_feature_enabled":true,"jetpack_social_post_already_shared":false,"jetpack_social_options":{"image_generator_settings":{"template":"highway","default_image_id":0,"font":"","enabled":false},"version":2}},"categories":[82],"tags":[46,93,124,126,198,278,401,465,486,496,546,551,608],"coauthors":[],"class_list":["post-531","post","type-post","status-publish","format-standard","hentry","category-blog","tag-ard","tag-br","tag-dagobert-lindlau","tag-dave-brubeck","tag-geschichte","tag-jazzinstitut-darmstadt","tag-muenchen","tag-report-muenchen","tag-san-francisco","tag-sendung","tag-threes-a-crowd","tag-titelmusik","tag-youtube"],"yoast_head":"<!-- This site is optimized with the Yoast SEO plugin v27.5 - https:\/\/yoast.com\/product\/yoast-seo-wordpress\/ -->\n<title>Report M\u00fcnchen und die Stra\u00dfen von San Francisco - JazzZeitung<\/title>\n<meta name=\"robots\" content=\"index, follow, max-snippet:-1, max-image-preview:large, max-video-preview:-1\" \/>\n<link rel=\"canonical\" href=\"https:\/\/www.jazzzeitung.de\/cms\/2010\/10\/report-muenchen-und-die-strassen-von-san-francisco\/\" \/>\n<meta property=\"og:locale\" content=\"de_DE\" \/>\n<meta property=\"og:type\" content=\"article\" \/>\n<meta property=\"og:title\" content=\"Report M\u00fcnchen und die Stra\u00dfen von San Francisco - JazzZeitung\" \/>\n<meta property=\"og:description\" content=\"F\u00fcr alle, die noch nicht selbst auf den Jazzbrief des Jazzinstituts Darmstadt vom Oktober 2010 gesto\u00dfen sind, hier ein Link, der zu einem spannenden YouTube-Filmchen aus dem Jahr 1967 f\u00fchrt. http:\/\/www.youtube.com\/watch?v=uocomom2sz8 Lindlau, Brubeck und die Stra\u00dfen von San Francisco Es geht um die Geschichte hinter der damaligen Titelmusik des ARD-Magazins Report M\u00fcnchen, die von Dave Brubeck stammte. Dagobert Lindlau, der Redaktionsleiter der Sendung in dieser Zeit, erz\u00e4hlt, wie er Brubeck dazu brachte, sein St\u00fcck &#8222;Three&#8217;s a Crowd&#8220; sekundengenau auf den Sendungsvorspann anzupassen. Interessant ist aber vor allem der nachfolgende Filmausschnitt aus dem Report-M\u00fcnchen-Beitrag &#8222;Die Hippies von San Francisco&#8220; vom 7. August 1967. In dem Beitrag berichtet Lindlau \u00fcber die Hippie-Bewegung, deren LSD-Konsum und den Absatzmarkt der damals noch wenig bekannten Droge auf den Stra\u00dfen von San Francisco. Sehenswert, die L\u00e4ssigkeit, mit der Lindlau aus dem Cabrio heraus seinen Stoff kauft! Gro\u00dfer Sport, h\u00e4tte ich dem biederen Fernsehen der 60er-Jahre gar nicht zugetraut&#8230; Der ganze Beitrag \u00fcber die Hippies von San Francisco ist auf der Website von Report M\u00fcnchen gestreamt. Weitere Infos: Jazzinstitut Darmstadt Report M\u00fcnchen\" \/>\n<meta property=\"og:url\" content=\"https:\/\/www.jazzzeitung.de\/cms\/2010\/10\/report-muenchen-und-die-strassen-von-san-francisco\/\" \/>\n<meta property=\"og:site_name\" content=\"JazzZeitung\" \/>\n<meta property=\"article:publisher\" content=\"https:\/\/www.facebook.com\/JazzZeitung\/\" \/>\n<meta property=\"article:published_time\" content=\"2010-10-29T22:55:08+00:00\" \/>\n<meta property=\"og:image\" content=\"https:\/\/i0.wp.com\/www.jazzzeitung.de\/cms\/wp-content\/uploads\/2012\/01\/ipad-logo-200.png?fit=200%2C200&ssl=1\" \/>\n\t<meta property=\"og:image:width\" content=\"200\" \/>\n\t<meta property=\"og:image:height\" content=\"200\" \/>\n\t<meta property=\"og:image:type\" content=\"image\/png\" \/>\n<meta name=\"author\" content=\"J\u00f6rg Lichtinger\" \/>\n<script type=\"application\/ld+json\" class=\"yoast-schema-graph\">{\"@context\":\"https:\\\/\\\/schema.org\",\"@graph\":[{\"@type\":\"Article\",\"@id\":\"https:\\\/\\\/www.jazzzeitung.de\\\/cms\\\/2010\\\/10\\\/report-muenchen-und-die-strassen-von-san-francisco\\\/#article\",\"isPartOf\":{\"@id\":\"https:\\\/\\\/www.jazzzeitung.de\\\/cms\\\/2010\\\/10\\\/report-muenchen-und-die-strassen-von-san-francisco\\\/\"},\"author\":{\"name\":\"J\u00f6rg Lichtinger\",\"@id\":\"https:\\\/\\\/www.jazzzeitung.de\\\/cms\\\/#\\\/schema\\\/person\\\/4c5aaf486bdcd85db94b9a8b9e026bad\"},\"headline\":\"Report M\u00fcnchen und die Stra\u00dfen von San Francisco\",\"datePublished\":\"2010-10-29T22:55:08+00:00\",\"mainEntityOfPage\":{\"@id\":\"https:\\\/\\\/www.jazzzeitung.de\\\/cms\\\/2010\\\/10\\\/report-muenchen-und-die-strassen-von-san-francisco\\\/\"},\"wordCount\":203,\"commentCount\":0,\"publisher\":{\"@id\":\"https:\\\/\\\/www.jazzzeitung.de\\\/cms\\\/#organization\"},\"keywords\":[\"ARD\",\"Bayerischer Rundfunk\",\"Dagobert Lindlau\",\"Dave Brubeck\",\"Geschichte\",\"Jazzinstitut Darmstadt\",\"M\u00fcnchen\",\"Report M\u00fcnchen\",\"San Francisco\",\"Sendung\",\"three's a crowd\",\"Titelmusik\",\"Youtube\"],\"articleSection\":[\"Blog\"],\"inLanguage\":\"de\",\"potentialAction\":[{\"@type\":\"CommentAction\",\"name\":\"Comment\",\"target\":[\"https:\\\/\\\/www.jazzzeitung.de\\\/cms\\\/2010\\\/10\\\/report-muenchen-und-die-strassen-von-san-francisco\\\/#respond\"]}]},{\"@type\":\"WebPage\",\"@id\":\"https:\\\/\\\/www.jazzzeitung.de\\\/cms\\\/2010\\\/10\\\/report-muenchen-und-die-strassen-von-san-francisco\\\/\",\"url\":\"https:\\\/\\\/www.jazzzeitung.de\\\/cms\\\/2010\\\/10\\\/report-muenchen-und-die-strassen-von-san-francisco\\\/\",\"name\":\"Report M\u00fcnchen und die Stra\u00dfen von San Francisco - JazzZeitung\",\"isPartOf\":{\"@id\":\"https:\\\/\\\/www.jazzzeitung.de\\\/cms\\\/#website\"},\"datePublished\":\"2010-10-29T22:55:08+00:00\",\"breadcrumb\":{\"@id\":\"https:\\\/\\\/www.jazzzeitung.de\\\/cms\\\/2010\\\/10\\\/report-muenchen-und-die-strassen-von-san-francisco\\\/#breadcrumb\"},\"inLanguage\":\"de\",\"potentialAction\":[{\"@type\":\"ReadAction\",\"target\":[\"https:\\\/\\\/www.jazzzeitung.de\\\/cms\\\/2010\\\/10\\\/report-muenchen-und-die-strassen-von-san-francisco\\\/\"]}]},{\"@type\":\"BreadcrumbList\",\"@id\":\"https:\\\/\\\/www.jazzzeitung.de\\\/cms\\\/2010\\\/10\\\/report-muenchen-und-die-strassen-von-san-francisco\\\/#breadcrumb\",\"itemListElement\":[{\"@type\":\"ListItem\",\"position\":1,\"name\":\"Startseite\",\"item\":\"https:\\\/\\\/www.jazzzeitung.de\\\/cms\\\/\"},{\"@type\":\"ListItem\",\"position\":2,\"name\":\"Report M\u00fcnchen und die Stra\u00dfen von San Francisco\"}]},{\"@type\":\"WebSite\",\"@id\":\"https:\\\/\\\/www.jazzzeitung.de\\\/cms\\\/#website\",\"url\":\"https:\\\/\\\/www.jazzzeitung.de\\\/cms\\\/\",\"name\":\"JazzZeitung\",\"description\":\"Jazz-News und Jazz-Kontroverses\",\"publisher\":{\"@id\":\"https:\\\/\\\/www.jazzzeitung.de\\\/cms\\\/#organization\"},\"potentialAction\":[{\"@type\":\"SearchAction\",\"target\":{\"@type\":\"EntryPoint\",\"urlTemplate\":\"https:\\\/\\\/www.jazzzeitung.de\\\/cms\\\/?s={search_term_string}\"},\"query-input\":{\"@type\":\"PropertyValueSpecification\",\"valueRequired\":true,\"valueName\":\"search_term_string\"}}],\"inLanguage\":\"de\"},{\"@type\":\"Organization\",\"@id\":\"https:\\\/\\\/www.jazzzeitung.de\\\/cms\\\/#organization\",\"name\":\"JazzZeitung online\",\"url\":\"https:\\\/\\\/www.jazzzeitung.de\\\/cms\\\/\",\"logo\":{\"@type\":\"ImageObject\",\"inLanguage\":\"de\",\"@id\":\"https:\\\/\\\/www.jazzzeitung.de\\\/cms\\\/#\\\/schema\\\/logo\\\/image\\\/\",\"url\":\"https:\\\/\\\/i0.wp.com\\\/www.jazzzeitung.de\\\/cms\\\/wp-content\\\/uploads\\\/2015\\\/08\\\/JAZZZEITUNGDE_Logo_Neu.png?fit=499%2C200&ssl=1\",\"contentUrl\":\"https:\\\/\\\/i0.wp.com\\\/www.jazzzeitung.de\\\/cms\\\/wp-content\\\/uploads\\\/2015\\\/08\\\/JAZZZEITUNGDE_Logo_Neu.png?fit=499%2C200&ssl=1\",\"width\":499,\"height\":200,\"caption\":\"JazzZeitung online\"},\"image\":{\"@id\":\"https:\\\/\\\/www.jazzzeitung.de\\\/cms\\\/#\\\/schema\\\/logo\\\/image\\\/\"},\"sameAs\":[\"https:\\\/\\\/www.facebook.com\\\/JazzZeitung\\\/\"]},{\"@type\":\"Person\",\"@id\":\"https:\\\/\\\/www.jazzzeitung.de\\\/cms\\\/#\\\/schema\\\/person\\\/4c5aaf486bdcd85db94b9a8b9e026bad\",\"name\":\"J\u00f6rg Lichtinger\",\"image\":{\"@type\":\"ImageObject\",\"inLanguage\":\"de\",\"@id\":\"https:\\\/\\\/secure.gravatar.com\\\/avatar\\\/8d1d484eb77cf370a1620f9866681cdba540c9b8439ce96ea0c830dd3b59936c?s=96&d=wp_user_avatar&r=ge66dff7680db2349fb79ae0cb2d734e3\",\"url\":\"https:\\\/\\\/secure.gravatar.com\\\/avatar\\\/8d1d484eb77cf370a1620f9866681cdba540c9b8439ce96ea0c830dd3b59936c?s=96&d=wp_user_avatar&r=g\",\"contentUrl\":\"https:\\\/\\\/secure.gravatar.com\\\/avatar\\\/8d1d484eb77cf370a1620f9866681cdba540c9b8439ce96ea0c830dd3b59936c?s=96&d=wp_user_avatar&r=g\",\"caption\":\"J\u00f6rg Lichtinger\"},\"url\":\"https:\\\/\\\/www.jazzzeitung.de\\\/cms\\\/author\\\/lichtinger\\\/\"}]}<\/script>\n<!-- \/ Yoast SEO plugin. -->","yoast_head_json":{"title":"Report M\u00fcnchen und die Stra\u00dfen von San Francisco - JazzZeitung","robots":{"index":"index","follow":"follow","max-snippet":"max-snippet:-1","max-image-preview":"max-image-preview:large","max-video-preview":"max-video-preview:-1"},"canonical":"https:\/\/www.jazzzeitung.de\/cms\/2010\/10\/report-muenchen-und-die-strassen-von-san-francisco\/","og_locale":"de_DE","og_type":"article","og_title":"Report M\u00fcnchen und die Stra\u00dfen von San Francisco - JazzZeitung","og_description":"F\u00fcr alle, die noch nicht selbst auf den Jazzbrief des Jazzinstituts Darmstadt vom Oktober 2010 gesto\u00dfen sind, hier ein Link, der zu einem spannenden YouTube-Filmchen aus dem Jahr 1967 f\u00fchrt. http:\/\/www.youtube.com\/watch?v=uocomom2sz8 Lindlau, Brubeck und die Stra\u00dfen von San Francisco Es geht um die Geschichte hinter der damaligen Titelmusik des ARD-Magazins Report M\u00fcnchen, die von Dave Brubeck stammte. Dagobert Lindlau, der Redaktionsleiter der Sendung in dieser Zeit, erz\u00e4hlt, wie er Brubeck dazu brachte, sein St\u00fcck &#8222;Three&#8217;s a Crowd&#8220; sekundengenau auf den Sendungsvorspann anzupassen. Interessant ist aber vor allem der nachfolgende Filmausschnitt aus dem Report-M\u00fcnchen-Beitrag &#8222;Die Hippies von San Francisco&#8220; vom 7. August 1967. In dem Beitrag berichtet Lindlau \u00fcber die Hippie-Bewegung, deren LSD-Konsum und den Absatzmarkt der damals noch wenig bekannten Droge auf den Stra\u00dfen von San Francisco. Sehenswert, die L\u00e4ssigkeit, mit der Lindlau aus dem Cabrio heraus seinen Stoff kauft! Gro\u00dfer Sport, h\u00e4tte ich dem biederen Fernsehen der 60er-Jahre gar nicht zugetraut&#8230; Der ganze Beitrag \u00fcber die Hippies von San Francisco ist auf der Website von Report M\u00fcnchen gestreamt. Weitere Infos: Jazzinstitut Darmstadt Report M\u00fcnchen","og_url":"https:\/\/www.jazzzeitung.de\/cms\/2010\/10\/report-muenchen-und-die-strassen-von-san-francisco\/","og_site_name":"JazzZeitung","article_publisher":"https:\/\/www.facebook.com\/JazzZeitung\/","article_published_time":"2010-10-29T22:55:08+00:00","og_image":[{"width":200,"height":200,"url":"https:\/\/i0.wp.com\/www.jazzzeitung.de\/cms\/wp-content\/uploads\/2012\/01\/ipad-logo-200.png?fit=200%2C200&ssl=1","type":"image\/png"}],"author":"J\u00f6rg Lichtinger","schema":{"@context":"https:\/\/schema.org","@graph":[{"@type":"Article","@id":"https:\/\/www.jazzzeitung.de\/cms\/2010\/10\/report-muenchen-und-die-strassen-von-san-francisco\/#article","isPartOf":{"@id":"https:\/\/www.jazzzeitung.de\/cms\/2010\/10\/report-muenchen-und-die-strassen-von-san-francisco\/"},"author":{"name":"J\u00f6rg Lichtinger","@id":"https:\/\/www.jazzzeitung.de\/cms\/#\/schema\/person\/4c5aaf486bdcd85db94b9a8b9e026bad"},"headline":"Report M\u00fcnchen und die Stra\u00dfen von San Francisco","datePublished":"2010-10-29T22:55:08+00:00","mainEntityOfPage":{"@id":"https:\/\/www.jazzzeitung.de\/cms\/2010\/10\/report-muenchen-und-die-strassen-von-san-francisco\/"},"wordCount":203,"commentCount":0,"publisher":{"@id":"https:\/\/www.jazzzeitung.de\/cms\/#organization"},"keywords":["ARD","Bayerischer Rundfunk","Dagobert Lindlau","Dave Brubeck","Geschichte","Jazzinstitut Darmstadt","M\u00fcnchen","Report M\u00fcnchen","San Francisco","Sendung","three's a crowd","Titelmusik","Youtube"],"articleSection":["Blog"],"inLanguage":"de","potentialAction":[{"@type":"CommentAction","name":"Comment","target":["https:\/\/www.jazzzeitung.de\/cms\/2010\/10\/report-muenchen-und-die-strassen-von-san-francisco\/#respond"]}]},{"@type":"WebPage","@id":"https:\/\/www.jazzzeitung.de\/cms\/2010\/10\/report-muenchen-und-die-strassen-von-san-francisco\/","url":"https:\/\/www.jazzzeitung.de\/cms\/2010\/10\/report-muenchen-und-die-strassen-von-san-francisco\/","name":"Report M\u00fcnchen und die Stra\u00dfen von San Francisco - JazzZeitung","isPartOf":{"@id":"https:\/\/www.jazzzeitung.de\/cms\/#website"},"datePublished":"2010-10-29T22:55:08+00:00","breadcrumb":{"@id":"https:\/\/www.jazzzeitung.de\/cms\/2010\/10\/report-muenchen-und-die-strassen-von-san-francisco\/#breadcrumb"},"inLanguage":"de","potentialAction":[{"@type":"ReadAction","target":["https:\/\/www.jazzzeitung.de\/cms\/2010\/10\/report-muenchen-und-die-strassen-von-san-francisco\/"]}]},{"@type":"BreadcrumbList","@id":"https:\/\/www.jazzzeitung.de\/cms\/2010\/10\/report-muenchen-und-die-strassen-von-san-francisco\/#breadcrumb","itemListElement":[{"@type":"ListItem","position":1,"name":"Startseite","item":"https:\/\/www.jazzzeitung.de\/cms\/"},{"@type":"ListItem","position":2,"name":"Report M\u00fcnchen und die Stra\u00dfen von San Francisco"}]},{"@type":"WebSite","@id":"https:\/\/www.jazzzeitung.de\/cms\/#website","url":"https:\/\/www.jazzzeitung.de\/cms\/","name":"JazzZeitung","description":"Jazz-News und Jazz-Kontroverses","publisher":{"@id":"https:\/\/www.jazzzeitung.de\/cms\/#organization"},"potentialAction":[{"@type":"SearchAction","target":{"@type":"EntryPoint","urlTemplate":"https:\/\/www.jazzzeitung.de\/cms\/?s={search_term_string}"},"query-input":{"@type":"PropertyValueSpecification","valueRequired":true,"valueName":"search_term_string"}}],"inLanguage":"de"},{"@type":"Organization","@id":"https:\/\/www.jazzzeitung.de\/cms\/#organization","name":"JazzZeitung online","url":"https:\/\/www.jazzzeitung.de\/cms\/","logo":{"@type":"ImageObject","inLanguage":"de","@id":"https:\/\/www.jazzzeitung.de\/cms\/#\/schema\/logo\/image\/","url":"https:\/\/i0.wp.com\/www.jazzzeitung.de\/cms\/wp-content\/uploads\/2015\/08\/JAZZZEITUNGDE_Logo_Neu.png?fit=499%2C200&ssl=1","contentUrl":"https:\/\/i0.wp.com\/www.jazzzeitung.de\/cms\/wp-content\/uploads\/2015\/08\/JAZZZEITUNGDE_Logo_Neu.png?fit=499%2C200&ssl=1","width":499,"height":200,"caption":"JazzZeitung online"},"image":{"@id":"https:\/\/www.jazzzeitung.de\/cms\/#\/schema\/logo\/image\/"},"sameAs":["https:\/\/www.facebook.com\/JazzZeitung\/"]},{"@type":"Person","@id":"https:\/\/www.jazzzeitung.de\/cms\/#\/schema\/person\/4c5aaf486bdcd85db94b9a8b9e026bad","name":"J\u00f6rg Lichtinger","image":{"@type":"ImageObject","inLanguage":"de","@id":"https:\/\/secure.gravatar.com\/avatar\/8d1d484eb77cf370a1620f9866681cdba540c9b8439ce96ea0c830dd3b59936c?s=96&d=wp_user_avatar&r=ge66dff7680db2349fb79ae0cb2d734e3","url":"https:\/\/secure.gravatar.com\/avatar\/8d1d484eb77cf370a1620f9866681cdba540c9b8439ce96ea0c830dd3b59936c?s=96&d=wp_user_avatar&r=g","contentUrl":"https:\/\/secure.gravatar.com\/avatar\/8d1d484eb77cf370a1620f9866681cdba540c9b8439ce96ea0c830dd3b59936c?s=96&d=wp_user_avatar&r=g","caption":"J\u00f6rg Lichtinger"},"url":"https:\/\/www.jazzzeitung.de\/cms\/author\/lichtinger\/"}]}},"wp-worthy-pixel":{"ignored":false,"public":null,"server":null,"url":null},"wp-worthy-type":"normal","jetpack_publicize_connections":[],"cc_featured_image_caption":{"caption_text":false,"source_text":false,"source_url":false},"jetpack_featured_media_url":"","jetpack_shortlink":"https:\/\/wp.me\/p3KEcT-8z","jetpack-related-posts":[{"id":29984,"url":"https:\/\/www.jazzzeitung.de\/cms\/2023\/09\/news35-jahre-landesjugendjazzorchester-hamburg-west-side-beyond-in-weimarjunger-muenchner-jazzpreis-2023-die-finalisten\/","url_meta":{"origin":531,"position":0},"title":"News:+++35 Jahre Landesjugendjazzorchester Hamburg+++ WEST SIDE &#038; beyond in Weimar+++Junger M\u00fcnchner Jazzpreis 2023 &#8211; die Finalisten+++","author":"Redaktion JazzZeitung","date":"1. September 2023","format":false,"excerpt":"+++Das Landesjugendjazzorchester Hamburg in der Elphie+++ Happy Birthday LJJO! Das Landesjugendjazzorchester Hamburg \u2013 eins der f\u00fchrendsten Nachwuchs-Jazzorchester Deutschlands \u2013 kann auf 35 Jahre Bestehen zur\u00fcckblicken und feiert diesen Geburtstag am 6. September 2023, 19:30, \u00a0im Kleinen Saal der Elbphilharmonie. Im ersten Set des Jubil\u00e4umskonzerts spielt das Landesjugendjazzorchester Hamburg unter der\u2026","rel":"","context":"In &quot;News&quot;","block_context":{"text":"News","link":"https:\/\/www.jazzzeitung.de\/cms\/thema\/nachrichten\/"},"img":{"alt_text":"","src":"https:\/\/i0.wp.com\/www.jazzzeitung.de\/cms\/wp-content\/uploads\/2023\/09\/230320-38_LJJO_HH_JannWilken-scaled.jpg?fit=1200%2C901&ssl=1&resize=350%2C200","width":350,"height":200,"srcset":"https:\/\/i0.wp.com\/www.jazzzeitung.de\/cms\/wp-content\/uploads\/2023\/09\/230320-38_LJJO_HH_JannWilken-scaled.jpg?fit=1200%2C901&ssl=1&resize=350%2C200 1x, https:\/\/i0.wp.com\/www.jazzzeitung.de\/cms\/wp-content\/uploads\/2023\/09\/230320-38_LJJO_HH_JannWilken-scaled.jpg?fit=1200%2C901&ssl=1&resize=525%2C300 1.5x, https:\/\/i0.wp.com\/www.jazzzeitung.de\/cms\/wp-content\/uploads\/2023\/09\/230320-38_LJJO_HH_JannWilken-scaled.jpg?fit=1200%2C901&ssl=1&resize=700%2C400 2x, https:\/\/i0.wp.com\/www.jazzzeitung.de\/cms\/wp-content\/uploads\/2023\/09\/230320-38_LJJO_HH_JannWilken-scaled.jpg?fit=1200%2C901&ssl=1&resize=1050%2C600 3x"},"classes":[]},{"id":23890,"url":"https:\/\/www.jazzzeitung.de\/cms\/2020\/11\/die-jazz-radiowoche-vom-30-11-20-bis-06-12-2020\/","url_meta":{"origin":531,"position":1},"title":"Die Jazz-Radiowoche vom 30.11.20 bis 06.12.2020","author":"Martin Hufner","date":"28. November 2020","format":false,"excerpt":"Ein kleiner Blick in die Jazzwoche 49 im Radio. Alle Angaben ohne Gew\u00e4hr. Unter anderem: In dieser Woche ganz viel Dave Brubeck anl\u00e4sslich seines 100. Geburtstages.","rel":"","context":"In &quot;News&quot;","block_context":{"text":"News","link":"https:\/\/www.jazzzeitung.de\/cms\/thema\/nachrichten\/"},"img":{"alt_text":"Jazz im Radio. Foto: Hufner","src":"https:\/\/i0.wp.com\/www.jazzzeitung.de\/cms\/wp-content\/uploads\/2019\/03\/jazz_im_radio.jpg?fit=1200%2C773&ssl=1&resize=350%2C200","width":350,"height":200,"srcset":"https:\/\/i0.wp.com\/www.jazzzeitung.de\/cms\/wp-content\/uploads\/2019\/03\/jazz_im_radio.jpg?fit=1200%2C773&ssl=1&resize=350%2C200 1x, https:\/\/i0.wp.com\/www.jazzzeitung.de\/cms\/wp-content\/uploads\/2019\/03\/jazz_im_radio.jpg?fit=1200%2C773&ssl=1&resize=525%2C300 1.5x, https:\/\/i0.wp.com\/www.jazzzeitung.de\/cms\/wp-content\/uploads\/2019\/03\/jazz_im_radio.jpg?fit=1200%2C773&ssl=1&resize=700%2C400 2x, https:\/\/i0.wp.com\/www.jazzzeitung.de\/cms\/wp-content\/uploads\/2019\/03\/jazz_im_radio.jpg?fit=1200%2C773&ssl=1&resize=1050%2C600 3x"},"classes":[]},{"id":11382,"url":"https:\/\/www.jazzzeitung.de\/cms\/2016\/12\/brubeck-for-two-die-cd-in-your-own-sweet-way-von-sabine-kuehlich-und-laia-genc\/","url_meta":{"origin":531,"position":2},"title":"Brubeck for Two \u2013  Die CD \u201eIN YOUR OWN SWEET WAY\u201c von Sabine K\u00fchlich und Laia Genc","author":"Redaktion JazzZeitung","date":"19. Dezember 2016","format":false,"excerpt":"Von Dietrich Schlegel \u2013 Eine der sch\u00f6nsten und originellsten CDs dieses Jahres ist zweifellos \u201eIN YOUR OWN SWEET WAY \u2013 A Tribute To The Great Dave Brubeck\u201c, ein Duo der Aachener S\u00e4ngerin\/ Saxophonistin Sabine K\u00fchlich und der K\u00f6lner Pianistin Laia Genc (Double Moon Records). Gut Ding will Weile haben \u2013\u2026","rel":"","context":"In &quot;Rezension&quot;","block_context":{"text":"Rezension","link":"https:\/\/www.jazzzeitung.de\/cms\/thema\/rezension\/"},"img":{"alt_text":"","src":"https:\/\/i0.wp.com\/www.jazzzeitung.de\/cms\/wp-content\/uploads\/2016\/12\/0608917116427-150x150.jpg?resize=350%2C200","width":350,"height":200},"classes":[]},{"id":31875,"url":"https:\/\/www.jazzzeitung.de\/cms\/2024\/11\/die-geschmolzene-jazz-radiowoche-vom-18-11-2024-bis-24-11-2024\/","url_meta":{"origin":531,"position":3},"title":"Die geschmolzene Jazz-Radiowoche vom 18.11.2024 bis 24.11.2024","author":"Martin Hufner","date":"17. November 2024","format":false,"excerpt":"Jazz im Radio \u2013 Jeden Sonntag gibt es um 12 Uhr unsere \u00dcbersicht f\u00fcr die jeweils nachfolgende Woche. Die #Jazz-Radiowoche vom 18. bis 24. November 2024. Erheblich ausged\u00fcnnt. Die ARD schafft ihr Radio gewisserma\u00dfen ab. Auch als PDF zum Download \u2013 #Jazz #JazzZeitung #Radio #Radiowoche \u2013 Ein Service unserer Online-Redaktion.","rel":"","context":"In &quot;News&quot;","block_context":{"text":"News","link":"https:\/\/www.jazzzeitung.de\/cms\/thema\/nachrichten\/"},"img":{"alt_text":"Schnitt durch Strom. MH","src":"https:\/\/i0.wp.com\/www.jazzzeitung.de\/cms\/wp-content\/uploads\/2024\/11\/Schnitt-durch-Strom.-MH.jpg?fit=1200%2C1200&ssl=1&resize=350%2C200","width":350,"height":200,"srcset":"https:\/\/i0.wp.com\/www.jazzzeitung.de\/cms\/wp-content\/uploads\/2024\/11\/Schnitt-durch-Strom.-MH.jpg?fit=1200%2C1200&ssl=1&resize=350%2C200 1x, https:\/\/i0.wp.com\/www.jazzzeitung.de\/cms\/wp-content\/uploads\/2024\/11\/Schnitt-durch-Strom.-MH.jpg?fit=1200%2C1200&ssl=1&resize=525%2C300 1.5x, https:\/\/i0.wp.com\/www.jazzzeitung.de\/cms\/wp-content\/uploads\/2024\/11\/Schnitt-durch-Strom.-MH.jpg?fit=1200%2C1200&ssl=1&resize=700%2C400 2x, https:\/\/i0.wp.com\/www.jazzzeitung.de\/cms\/wp-content\/uploads\/2024\/11\/Schnitt-durch-Strom.-MH.jpg?fit=1200%2C1200&ssl=1&resize=1050%2C600 3x"},"classes":[]},{"id":336,"url":"https:\/\/www.jazzzeitung.de\/cms\/2010\/07\/werner-goetze-der-jazzmann-mit-der-pfeife\/","url_meta":{"origin":531,"position":4},"title":"Werner G\u00f6tze \u2013 Der Jazzmann mit der Pfeife","author":"J\u00f6rg Lichtinger","date":"27. Juli 2010","format":false,"excerpt":"Bereits im Juni 2010 ist in M\u00fcnchen der ehemalige Rundfunkmoderator und -redakteur des Bayerischen Rundfunks Werner G\u00f6tze verstorben. Etwas versp\u00e4tet wollen wir an den Mann mit der Pfeife erinnern, der mit Sendungen wie \"Mitternacht in M\u00fcnchen\" und\u00a0 \"Jazz auf Reisen\" das Jazzbild der Nachkriegsgeneration mitgepr\u00e4gt hat. Ein Nachruf von Roland\u2026","rel":"","context":"In &quot;Blog&quot;","block_context":{"text":"Blog","link":"https:\/\/www.jazzzeitung.de\/cms\/thema\/blog\/"},"img":{"alt_text":"Jazzaufnahme im BR. Foto: BR, Historisches Archiv","src":"https:\/\/i0.wp.com\/www.jazzzeitung.de\/cms\/wp-content\/uploads\/2010\/07\/jazz-150x150.jpg?resize=350%2C200","width":350,"height":200},"classes":[]},{"id":454,"url":"https:\/\/www.jazzzeitung.de\/cms\/2010\/10\/jazz-im-rundfunk-episode-i-der-br\/","url_meta":{"origin":531,"position":5},"title":"Jazz im Rundfunk \u2013 Episode I: Der BR","author":"J\u00f6rg Lichtinger","date":"10. Oktober 2010","format":false,"excerpt":"Der Jazz beim Bayerischen Rundfunk hat eine lange Geschichte und reicht bis zur Zeit zur\u00fcck, als man noch als Radio M\u00fcnchen unter der \u00c4gide der Amerikaner sendete \u2013 Mitternacht in M\u00fcnchen hie\u00df die ber\u00fchmteste Sendung mit Jazz in dieser Zeit. Als Redakteure in der Abteilung \"Leichte Musik\", zu der der\u2026","rel":"","context":"In &quot;Blog&quot;","block_context":{"text":"Blog","link":"https:\/\/www.jazzzeitung.de\/cms\/thema\/blog\/"},"img":{"alt_text":"Jazztime \u2013 Die Jazzsendung beim BR.","src":"https:\/\/i0.wp.com\/www.jazzzeitung.de\/cms\/wp-content\/uploads\/2010\/10\/screenshot_jazztime-300x292.jpg?resize=350%2C200","width":350,"height":200},"classes":[]}],"jetpack_sharing_enabled":true,"_links":{"self":[{"href":"https:\/\/www.jazzzeitung.de\/cms\/wp-json\/wp\/v2\/posts\/531","targetHints":{"allow":["GET"]}}],"collection":[{"href":"https:\/\/www.jazzzeitung.de\/cms\/wp-json\/wp\/v2\/posts"}],"about":[{"href":"https:\/\/www.jazzzeitung.de\/cms\/wp-json\/wp\/v2\/types\/post"}],"author":[{"embeddable":true,"href":"https:\/\/www.jazzzeitung.de\/cms\/wp-json\/wp\/v2\/users\/4"}],"replies":[{"embeddable":true,"href":"https:\/\/www.jazzzeitung.de\/cms\/wp-json\/wp\/v2\/comments?post=531"}],"version-history":[{"count":0,"href":"https:\/\/www.jazzzeitung.de\/cms\/wp-json\/wp\/v2\/posts\/531\/revisions"}],"wp:attachment":[{"href":"https:\/\/www.jazzzeitung.de\/cms\/wp-json\/wp\/v2\/media?parent=531"}],"wp:term":[{"taxonomy":"category","embeddable":true,"href":"https:\/\/www.jazzzeitung.de\/cms\/wp-json\/wp\/v2\/categories?post=531"},{"taxonomy":"post_tag","embeddable":true,"href":"https:\/\/www.jazzzeitung.de\/cms\/wp-json\/wp\/v2\/tags?post=531"},{"taxonomy":"author","embeddable":true,"href":"https:\/\/www.jazzzeitung.de\/cms\/wp-json\/wp\/v2\/coauthors?post=531"}],"curies":[{"name":"wp","href":"https:\/\/api.w.org\/{rel}","templated":true}]}}