{"id":5214,"date":"2015-01-13T14:53:40","date_gmt":"2015-01-13T13:53:40","guid":{"rendered":"http:\/\/www.jazzzeitung.de\/cms\/?p=5214"},"modified":"2015-01-13T14:53:06","modified_gmt":"2015-01-13T13:53:06","slug":"ray-charles-tribute-im-regensburger-velodrom","status":"publish","type":"post","link":"https:\/\/www.jazzzeitung.de\/cms\/2015\/01\/ray-charles-tribute-im-regensburger-velodrom\/","title":{"rendered":"Ray Charles Tribute im Regensburger Velodrom"},"content":{"rendered":"<figure id=\"attachment_5215\" aria-describedby=\"caption-attachment-5215\" style=\"width: 150px\" class=\"wp-caption alignright\"><a href=\"https:\/\/i0.wp.com\/www.jazzzeitung.de\/cms\/wp-content\/uploads\/2015\/01\/UJO-Sheila-Ray-Charles-web-c-jm-koch.jpg\"><img data-recalc-dims=\"1\" loading=\"lazy\" decoding=\"async\" data-attachment-id=\"5215\" data-permalink=\"https:\/\/www.jazzzeitung.de\/cms\/2015\/01\/ray-charles-tribute-im-regensburger-velodrom\/olympus-digital-camera-27\/\" data-orig-file=\"https:\/\/i0.wp.com\/www.jazzzeitung.de\/cms\/wp-content\/uploads\/2015\/01\/UJO-Sheila-Ray-Charles-web-c-jm-koch.jpg?fit=850%2C638&amp;ssl=1\" data-orig-size=\"850,638\" data-comments-opened=\"1\" data-image-meta=\"{&quot;aperture&quot;:&quot;5.6&quot;,&quot;credit&quot;:&quot;&quot;,&quot;camera&quot;:&quot;E-M10&quot;,&quot;caption&quot;:&quot;&quot;,&quot;created_timestamp&quot;:&quot;1420836932&quot;,&quot;copyright&quot;:&quot;Juan Martin Koch&quot;,&quot;focal_length&quot;:&quot;150&quot;,&quot;iso&quot;:&quot;2500&quot;,&quot;shutter_speed&quot;:&quot;0.01&quot;,&quot;title&quot;:&quot;OLYMPUS DIGITAL CAMERA&quot;,&quot;orientation&quot;:&quot;1&quot;}\" data-image-title=\"OLYMPUS DIGITAL CAMERA\" data-image-description=\"\" data-image-caption=\"&lt;p&gt;Sheila Raye Charles. Foto: Juan Martin Koch&lt;\/p&gt;\n\" data-large-file=\"https:\/\/i0.wp.com\/www.jazzzeitung.de\/cms\/wp-content\/uploads\/2015\/01\/UJO-Sheila-Ray-Charles-web-c-jm-koch.jpg?fit=799%2C600&amp;ssl=1\" class=\"size-thumbnail wp-image-5215\" src=\"https:\/\/i0.wp.com\/www.jazzzeitung.de\/cms\/wp-content\/uploads\/2015\/01\/UJO-Sheila-Ray-Charles-web-c-jm-koch-150x150.jpg?resize=150%2C150\" alt=\"Sheila Raye Charles. Foto: Juan Martin Koch\" width=\"150\" height=\"150\" srcset=\"https:\/\/i0.wp.com\/www.jazzzeitung.de\/cms\/wp-content\/uploads\/2015\/01\/UJO-Sheila-Ray-Charles-web-c-jm-koch.jpg?resize=150%2C150&amp;ssl=1 150w, https:\/\/i0.wp.com\/www.jazzzeitung.de\/cms\/wp-content\/uploads\/2015\/01\/UJO-Sheila-Ray-Charles-web-c-jm-koch.jpg?resize=144%2C144&amp;ssl=1 144w, https:\/\/i0.wp.com\/www.jazzzeitung.de\/cms\/wp-content\/uploads\/2015\/01\/UJO-Sheila-Ray-Charles-web-c-jm-koch.jpg?resize=96%2C96&amp;ssl=1 96w, https:\/\/i0.wp.com\/www.jazzzeitung.de\/cms\/wp-content\/uploads\/2015\/01\/UJO-Sheila-Ray-Charles-web-c-jm-koch.jpg?resize=24%2C24&amp;ssl=1 24w, https:\/\/i0.wp.com\/www.jazzzeitung.de\/cms\/wp-content\/uploads\/2015\/01\/UJO-Sheila-Ray-Charles-web-c-jm-koch.jpg?resize=36%2C36&amp;ssl=1 36w, https:\/\/i0.wp.com\/www.jazzzeitung.de\/cms\/wp-content\/uploads\/2015\/01\/UJO-Sheila-Ray-Charles-web-c-jm-koch.jpg?resize=48%2C48&amp;ssl=1 48w, https:\/\/i0.wp.com\/www.jazzzeitung.de\/cms\/wp-content\/uploads\/2015\/01\/UJO-Sheila-Ray-Charles-web-c-jm-koch.jpg?resize=64%2C64&amp;ssl=1 64w, https:\/\/i0.wp.com\/www.jazzzeitung.de\/cms\/wp-content\/uploads\/2015\/01\/UJO-Sheila-Ray-Charles-web-c-jm-koch.jpg?resize=32%2C32&amp;ssl=1 32w, https:\/\/i0.wp.com\/www.jazzzeitung.de\/cms\/wp-content\/uploads\/2015\/01\/UJO-Sheila-Ray-Charles-web-c-jm-koch.jpg?resize=128%2C128&amp;ssl=1 128w, https:\/\/i0.wp.com\/www.jazzzeitung.de\/cms\/wp-content\/uploads\/2015\/01\/UJO-Sheila-Ray-Charles-web-c-jm-koch.jpg?zoom=2&amp;resize=150%2C150&amp;ssl=1 300w, https:\/\/i0.wp.com\/www.jazzzeitung.de\/cms\/wp-content\/uploads\/2015\/01\/UJO-Sheila-Ray-Charles-web-c-jm-koch.jpg?zoom=3&amp;resize=150%2C150&amp;ssl=1 450w\" sizes=\"auto, (max-width: 150px) 100vw, 150px\" \/><\/a><figcaption id=\"caption-attachment-5215\" class=\"wp-caption-text\">Sheila Raye Charles. Foto: Juan Martin Koch<\/figcaption><\/figure>\n<p>An zwei ausverkauften Abenden im Regensburger Velodrom pr\u00e4sentierte das Uni Jazzorchester Regensburg (UJO) sein umjubeltes und beim Festival \u201eJazzAscona\u201c preisgekr\u00f6ntes <a href=\"http:\/\/www.nmz.de\/online\/profis-abgehaengt-publikumspreis-fuer-das-uni-jazz-orchester-regensburg-beim-jazzvestival-i-0http:\/\/\">Ray Charles Tribute Programm<\/a>. Neben Energieb\u00fcndel und Ray-Charles-Soundalike Uros Peric war Sheila Raye Charles mit gro\u00dfer Stimme und B\u00fchnenpr\u00e4senz Garantin f\u00fcr ein authentisches Weitertragen der Musik ihres Vaters in die Gegenwart. Das UJO unter der Leitung von Christian Sommerer zeigte sich in bestechender Form und changierte m\u00fchelos zwischen Swing, Rhythm &amp; Blues, Soul und einer Prise Funk. jmk<\/p>\n<figure id=\"attachment_5216\" aria-describedby=\"caption-attachment-5216\" style=\"width: 150px\" class=\"wp-caption alignright\"><a href=\"https:\/\/i0.wp.com\/www.jazzzeitung.de\/cms\/wp-content\/uploads\/2015\/01\/UJO-Roman-Fritsch-web-c-jm-koch.jpg\"><img data-recalc-dims=\"1\" loading=\"lazy\" decoding=\"async\" data-attachment-id=\"5216\" data-permalink=\"https:\/\/www.jazzzeitung.de\/cms\/2015\/01\/ray-charles-tribute-im-regensburger-velodrom\/olympus-digital-camera-28\/\" data-orig-file=\"https:\/\/i0.wp.com\/www.jazzzeitung.de\/cms\/wp-content\/uploads\/2015\/01\/UJO-Roman-Fritsch-web-c-jm-koch.jpg?fit=850%2C638&amp;ssl=1\" data-orig-size=\"850,638\" data-comments-opened=\"1\" data-image-meta=\"{&quot;aperture&quot;:&quot;4.3&quot;,&quot;credit&quot;:&quot;&quot;,&quot;camera&quot;:&quot;E-M10&quot;,&quot;caption&quot;:&quot;&quot;,&quot;created_timestamp&quot;:&quot;1420839745&quot;,&quot;copyright&quot;:&quot;Juan Martin Koch&quot;,&quot;focal_length&quot;:&quot;53&quot;,&quot;iso&quot;:&quot;2500&quot;,&quot;shutter_speed&quot;:&quot;0.0125&quot;,&quot;title&quot;:&quot;OLYMPUS DIGITAL CAMERA&quot;,&quot;orientation&quot;:&quot;1&quot;}\" data-image-title=\"OLYMPUS DIGITAL CAMERA\" data-image-description=\"\" data-image-caption=\"&lt;p&gt;Roman Fritsch im Velodrom mit der Uni Jazzorchester Regensburg (UJO). Foto: Juan Martin Koch &lt;\/p&gt;\n\" data-large-file=\"https:\/\/i0.wp.com\/www.jazzzeitung.de\/cms\/wp-content\/uploads\/2015\/01\/UJO-Roman-Fritsch-web-c-jm-koch.jpg?fit=799%2C600&amp;ssl=1\" class=\"size-thumbnail wp-image-5216\" src=\"https:\/\/i0.wp.com\/www.jazzzeitung.de\/cms\/wp-content\/uploads\/2015\/01\/UJO-Roman-Fritsch-web-c-jm-koch-150x150.jpg?resize=150%2C150\" alt=\"Roman Fritsch im Velodrom mit der Uni Jazzorchester Regensburg (UJO). Foto: Juan Martin Koch\" width=\"150\" height=\"150\" srcset=\"https:\/\/i0.wp.com\/www.jazzzeitung.de\/cms\/wp-content\/uploads\/2015\/01\/UJO-Roman-Fritsch-web-c-jm-koch.jpg?resize=150%2C150&amp;ssl=1 150w, https:\/\/i0.wp.com\/www.jazzzeitung.de\/cms\/wp-content\/uploads\/2015\/01\/UJO-Roman-Fritsch-web-c-jm-koch.jpg?resize=144%2C144&amp;ssl=1 144w, https:\/\/i0.wp.com\/www.jazzzeitung.de\/cms\/wp-content\/uploads\/2015\/01\/UJO-Roman-Fritsch-web-c-jm-koch.jpg?resize=96%2C96&amp;ssl=1 96w, https:\/\/i0.wp.com\/www.jazzzeitung.de\/cms\/wp-content\/uploads\/2015\/01\/UJO-Roman-Fritsch-web-c-jm-koch.jpg?resize=24%2C24&amp;ssl=1 24w, https:\/\/i0.wp.com\/www.jazzzeitung.de\/cms\/wp-content\/uploads\/2015\/01\/UJO-Roman-Fritsch-web-c-jm-koch.jpg?resize=36%2C36&amp;ssl=1 36w, https:\/\/i0.wp.com\/www.jazzzeitung.de\/cms\/wp-content\/uploads\/2015\/01\/UJO-Roman-Fritsch-web-c-jm-koch.jpg?resize=48%2C48&amp;ssl=1 48w, https:\/\/i0.wp.com\/www.jazzzeitung.de\/cms\/wp-content\/uploads\/2015\/01\/UJO-Roman-Fritsch-web-c-jm-koch.jpg?resize=64%2C64&amp;ssl=1 64w, https:\/\/i0.wp.com\/www.jazzzeitung.de\/cms\/wp-content\/uploads\/2015\/01\/UJO-Roman-Fritsch-web-c-jm-koch.jpg?resize=32%2C32&amp;ssl=1 32w, https:\/\/i0.wp.com\/www.jazzzeitung.de\/cms\/wp-content\/uploads\/2015\/01\/UJO-Roman-Fritsch-web-c-jm-koch.jpg?resize=128%2C128&amp;ssl=1 128w, https:\/\/i0.wp.com\/www.jazzzeitung.de\/cms\/wp-content\/uploads\/2015\/01\/UJO-Roman-Fritsch-web-c-jm-koch.jpg?zoom=2&amp;resize=150%2C150&amp;ssl=1 300w, https:\/\/i0.wp.com\/www.jazzzeitung.de\/cms\/wp-content\/uploads\/2015\/01\/UJO-Roman-Fritsch-web-c-jm-koch.jpg?zoom=3&amp;resize=150%2C150&amp;ssl=1 450w\" sizes=\"auto, (max-width: 150px) 100vw, 150px\" \/><\/a><figcaption id=\"caption-attachment-5216\" class=\"wp-caption-text\">Roman Fritsch im Velodrom mit der Uni Jazzorchester Regensburg (UJO). Foto: Juan Martin Koch<\/figcaption><\/figure>\n","protected":false},"excerpt":{"rendered":"<p>An zwei ausverkauften Abenden im Regensburger Velodrom pr\u00e4sentierte das Uni Jazzorchester Regensburg (UJO) sein umjubeltes und beim Festival \u201eJazzAscona\u201c preisgekr\u00f6ntes Ray Charles Tribute Programm. Neben Energieb\u00fcndel und Ray-Charles-Soundalike Uros Peric war Sheila Raye Charles mit gro\u00dfer Stimme und B\u00fchnenpr\u00e4senz Garantin f\u00fcr ein authentisches Weitertragen der Musik ihres Vaters in die Gegenwart. Das UJO unter der Leitung von Christian Sommerer zeigte sich in bestechender Form und changierte m\u00fchelos zwischen Swing, Rhythm &amp; Blues, Soul und einer Prise Funk. jmk<\/p>\n","protected":false},"author":18,"featured_media":0,"comment_status":"open","ping_status":"closed","sticky":false,"template":"","format":"standard","meta":{"_jetpack_memberships_contains_paid_content":false,"footnotes":"","jetpack_publicize_message":"","jetpack_publicize_feature_enabled":true,"jetpack_social_post_already_shared":false,"jetpack_social_options":{"image_generator_settings":{"template":"highway","default_image_id":0,"font":"","enabled":false},"version":2}},"categories":[1053],"tags":[83,3,282,1797,535],"coauthors":[695],"class_list":["post-5214","post","type-post","status-publish","format-standard","hentry","category-bericht","tag-blues","tag-festival","tag-jazzorchester","tag-regensburg","tag-swing"],"yoast_head":"<!-- This site is optimized with the Yoast SEO plugin v27.5 - https:\/\/yoast.com\/product\/yoast-seo-wordpress\/ -->\n<title>Ray Charles Tribute im Regensburger Velodrom - JazzZeitung<\/title>\n<meta name=\"robots\" content=\"index, follow, max-snippet:-1, max-image-preview:large, max-video-preview:-1\" \/>\n<link rel=\"canonical\" href=\"https:\/\/www.jazzzeitung.de\/cms\/2015\/01\/ray-charles-tribute-im-regensburger-velodrom\/\" \/>\n<meta property=\"og:locale\" content=\"de_DE\" \/>\n<meta property=\"og:type\" content=\"article\" \/>\n<meta property=\"og:title\" content=\"Ray Charles Tribute im Regensburger Velodrom - JazzZeitung\" \/>\n<meta property=\"og:description\" content=\"An zwei ausverkauften Abenden im Regensburger Velodrom pr\u00e4sentierte das Uni Jazzorchester Regensburg (UJO) sein umjubeltes und beim Festival \u201eJazzAscona\u201c preisgekr\u00f6ntes Ray Charles Tribute Programm. Neben Energieb\u00fcndel und Ray-Charles-Soundalike Uros Peric war Sheila Raye Charles mit gro\u00dfer Stimme und B\u00fchnenpr\u00e4senz Garantin f\u00fcr ein authentisches Weitertragen der Musik ihres Vaters in die Gegenwart. Das UJO unter der Leitung von Christian Sommerer zeigte sich in bestechender Form und changierte m\u00fchelos zwischen Swing, Rhythm &amp; Blues, Soul und einer Prise Funk. jmk\" \/>\n<meta property=\"og:url\" content=\"https:\/\/www.jazzzeitung.de\/cms\/2015\/01\/ray-charles-tribute-im-regensburger-velodrom\/\" \/>\n<meta property=\"og:site_name\" content=\"JazzZeitung\" \/>\n<meta property=\"article:publisher\" content=\"https:\/\/www.facebook.com\/JazzZeitung\/\" \/>\n<meta property=\"article:published_time\" content=\"2015-01-13T13:53:40+00:00\" \/>\n<meta property=\"og:image\" content=\"http:\/\/www.jazzzeitung.de\/cms\/wp-content\/uploads\/2015\/01\/UJO-Sheila-Ray-Charles-web-c-jm-koch-150x150.jpg\" \/>\n<meta name=\"author\" content=\"Redaktion JazzZeitung\" \/>\n<script type=\"application\/ld+json\" class=\"yoast-schema-graph\">{\"@context\":\"https:\\\/\\\/schema.org\",\"@graph\":[{\"@type\":\"Article\",\"@id\":\"https:\\\/\\\/www.jazzzeitung.de\\\/cms\\\/2015\\\/01\\\/ray-charles-tribute-im-regensburger-velodrom\\\/#article\",\"isPartOf\":{\"@id\":\"https:\\\/\\\/www.jazzzeitung.de\\\/cms\\\/2015\\\/01\\\/ray-charles-tribute-im-regensburger-velodrom\\\/\"},\"author\":{\"name\":\"Redaktion JazzZeitung\",\"@id\":\"https:\\\/\\\/www.jazzzeitung.de\\\/cms\\\/#\\\/schema\\\/person\\\/2245b36b9cd1d24cea10f01c031fb92b\"},\"headline\":\"Ray Charles Tribute im Regensburger Velodrom\",\"datePublished\":\"2015-01-13T13:53:40+00:00\",\"mainEntityOfPage\":{\"@id\":\"https:\\\/\\\/www.jazzzeitung.de\\\/cms\\\/2015\\\/01\\\/ray-charles-tribute-im-regensburger-velodrom\\\/\"},\"wordCount\":127,\"commentCount\":0,\"publisher\":{\"@id\":\"https:\\\/\\\/www.jazzzeitung.de\\\/cms\\\/#organization\"},\"image\":{\"@id\":\"https:\\\/\\\/www.jazzzeitung.de\\\/cms\\\/2015\\\/01\\\/ray-charles-tribute-im-regensburger-velodrom\\\/#primaryimage\"},\"thumbnailUrl\":\"http:\\\/\\\/www.jazzzeitung.de\\\/cms\\\/wp-content\\\/uploads\\\/2015\\\/01\\\/UJO-Sheila-Ray-Charles-web-c-jm-koch-150x150.jpg\",\"keywords\":[\"Blues\",\"Festival\",\"Jazzorchester\",\"Regensburg\",\"Swing\"],\"articleSection\":[\"Bericht\"],\"inLanguage\":\"de\",\"potentialAction\":[{\"@type\":\"CommentAction\",\"name\":\"Comment\",\"target\":[\"https:\\\/\\\/www.jazzzeitung.de\\\/cms\\\/2015\\\/01\\\/ray-charles-tribute-im-regensburger-velodrom\\\/#respond\"]}]},{\"@type\":\"WebPage\",\"@id\":\"https:\\\/\\\/www.jazzzeitung.de\\\/cms\\\/2015\\\/01\\\/ray-charles-tribute-im-regensburger-velodrom\\\/\",\"url\":\"https:\\\/\\\/www.jazzzeitung.de\\\/cms\\\/2015\\\/01\\\/ray-charles-tribute-im-regensburger-velodrom\\\/\",\"name\":\"Ray Charles Tribute im Regensburger Velodrom - JazzZeitung\",\"isPartOf\":{\"@id\":\"https:\\\/\\\/www.jazzzeitung.de\\\/cms\\\/#website\"},\"primaryImageOfPage\":{\"@id\":\"https:\\\/\\\/www.jazzzeitung.de\\\/cms\\\/2015\\\/01\\\/ray-charles-tribute-im-regensburger-velodrom\\\/#primaryimage\"},\"image\":{\"@id\":\"https:\\\/\\\/www.jazzzeitung.de\\\/cms\\\/2015\\\/01\\\/ray-charles-tribute-im-regensburger-velodrom\\\/#primaryimage\"},\"thumbnailUrl\":\"http:\\\/\\\/www.jazzzeitung.de\\\/cms\\\/wp-content\\\/uploads\\\/2015\\\/01\\\/UJO-Sheila-Ray-Charles-web-c-jm-koch-150x150.jpg\",\"datePublished\":\"2015-01-13T13:53:40+00:00\",\"breadcrumb\":{\"@id\":\"https:\\\/\\\/www.jazzzeitung.de\\\/cms\\\/2015\\\/01\\\/ray-charles-tribute-im-regensburger-velodrom\\\/#breadcrumb\"},\"inLanguage\":\"de\",\"potentialAction\":[{\"@type\":\"ReadAction\",\"target\":[\"https:\\\/\\\/www.jazzzeitung.de\\\/cms\\\/2015\\\/01\\\/ray-charles-tribute-im-regensburger-velodrom\\\/\"]}]},{\"@type\":\"ImageObject\",\"inLanguage\":\"de\",\"@id\":\"https:\\\/\\\/www.jazzzeitung.de\\\/cms\\\/2015\\\/01\\\/ray-charles-tribute-im-regensburger-velodrom\\\/#primaryimage\",\"url\":\"http:\\\/\\\/www.jazzzeitung.de\\\/cms\\\/wp-content\\\/uploads\\\/2015\\\/01\\\/UJO-Sheila-Ray-Charles-web-c-jm-koch-150x150.jpg\",\"contentUrl\":\"http:\\\/\\\/www.jazzzeitung.de\\\/cms\\\/wp-content\\\/uploads\\\/2015\\\/01\\\/UJO-Sheila-Ray-Charles-web-c-jm-koch-150x150.jpg\"},{\"@type\":\"BreadcrumbList\",\"@id\":\"https:\\\/\\\/www.jazzzeitung.de\\\/cms\\\/2015\\\/01\\\/ray-charles-tribute-im-regensburger-velodrom\\\/#breadcrumb\",\"itemListElement\":[{\"@type\":\"ListItem\",\"position\":1,\"name\":\"Startseite\",\"item\":\"https:\\\/\\\/www.jazzzeitung.de\\\/cms\\\/\"},{\"@type\":\"ListItem\",\"position\":2,\"name\":\"Ray Charles Tribute im Regensburger Velodrom\"}]},{\"@type\":\"WebSite\",\"@id\":\"https:\\\/\\\/www.jazzzeitung.de\\\/cms\\\/#website\",\"url\":\"https:\\\/\\\/www.jazzzeitung.de\\\/cms\\\/\",\"name\":\"JazzZeitung\",\"description\":\"Jazz-News und Jazz-Kontroverses\",\"publisher\":{\"@id\":\"https:\\\/\\\/www.jazzzeitung.de\\\/cms\\\/#organization\"},\"potentialAction\":[{\"@type\":\"SearchAction\",\"target\":{\"@type\":\"EntryPoint\",\"urlTemplate\":\"https:\\\/\\\/www.jazzzeitung.de\\\/cms\\\/?s={search_term_string}\"},\"query-input\":{\"@type\":\"PropertyValueSpecification\",\"valueRequired\":true,\"valueName\":\"search_term_string\"}}],\"inLanguage\":\"de\"},{\"@type\":\"Organization\",\"@id\":\"https:\\\/\\\/www.jazzzeitung.de\\\/cms\\\/#organization\",\"name\":\"JazzZeitung online\",\"url\":\"https:\\\/\\\/www.jazzzeitung.de\\\/cms\\\/\",\"logo\":{\"@type\":\"ImageObject\",\"inLanguage\":\"de\",\"@id\":\"https:\\\/\\\/www.jazzzeitung.de\\\/cms\\\/#\\\/schema\\\/logo\\\/image\\\/\",\"url\":\"https:\\\/\\\/i0.wp.com\\\/www.jazzzeitung.de\\\/cms\\\/wp-content\\\/uploads\\\/2015\\\/08\\\/JAZZZEITUNGDE_Logo_Neu.png?fit=499%2C200&ssl=1\",\"contentUrl\":\"https:\\\/\\\/i0.wp.com\\\/www.jazzzeitung.de\\\/cms\\\/wp-content\\\/uploads\\\/2015\\\/08\\\/JAZZZEITUNGDE_Logo_Neu.png?fit=499%2C200&ssl=1\",\"width\":499,\"height\":200,\"caption\":\"JazzZeitung online\"},\"image\":{\"@id\":\"https:\\\/\\\/www.jazzzeitung.de\\\/cms\\\/#\\\/schema\\\/logo\\\/image\\\/\"},\"sameAs\":[\"https:\\\/\\\/www.facebook.com\\\/JazzZeitung\\\/\"]},{\"@type\":\"Person\",\"@id\":\"https:\\\/\\\/www.jazzzeitung.de\\\/cms\\\/#\\\/schema\\\/person\\\/2245b36b9cd1d24cea10f01c031fb92b\",\"name\":\"Redaktion JazzZeitung\",\"image\":{\"@type\":\"ImageObject\",\"inLanguage\":\"de\",\"@id\":\"https:\\\/\\\/i0.wp.com\\\/www.jazzzeitung.de\\\/cms\\\/wp-content\\\/uploads\\\/2015\\\/08\\\/JAZZZEITUNGDE_Logo_Neu.png?resize=96%2C96&ssl=159975dcacb611b5700bd619b5daf0a7a\",\"url\":\"https:\\\/\\\/i0.wp.com\\\/www.jazzzeitung.de\\\/cms\\\/wp-content\\\/uploads\\\/2015\\\/08\\\/JAZZZEITUNGDE_Logo_Neu.png?resize=96%2C96&ssl=1\",\"contentUrl\":\"https:\\\/\\\/i0.wp.com\\\/www.jazzzeitung.de\\\/cms\\\/wp-content\\\/uploads\\\/2015\\\/08\\\/JAZZZEITUNGDE_Logo_Neu.png?resize=96%2C96&ssl=1\",\"caption\":\"Redaktion JazzZeitung\"},\"description\":\"Artikel der Redaktion der JazzZeitung.\",\"sameAs\":[\"http:\\\/\\\/www.jazzzeitung.de\\\/cms\\\/\"],\"url\":\"https:\\\/\\\/www.jazzzeitung.de\\\/cms\\\/author\\\/redaktion\\\/\"}]}<\/script>\n<!-- \/ Yoast SEO plugin. -->","yoast_head_json":{"title":"Ray Charles Tribute im Regensburger Velodrom - JazzZeitung","robots":{"index":"index","follow":"follow","max-snippet":"max-snippet:-1","max-image-preview":"max-image-preview:large","max-video-preview":"max-video-preview:-1"},"canonical":"https:\/\/www.jazzzeitung.de\/cms\/2015\/01\/ray-charles-tribute-im-regensburger-velodrom\/","og_locale":"de_DE","og_type":"article","og_title":"Ray Charles Tribute im Regensburger Velodrom - JazzZeitung","og_description":"An zwei ausverkauften Abenden im Regensburger Velodrom pr\u00e4sentierte das Uni Jazzorchester Regensburg (UJO) sein umjubeltes und beim Festival \u201eJazzAscona\u201c preisgekr\u00f6ntes Ray Charles Tribute Programm. Neben Energieb\u00fcndel und Ray-Charles-Soundalike Uros Peric war Sheila Raye Charles mit gro\u00dfer Stimme und B\u00fchnenpr\u00e4senz Garantin f\u00fcr ein authentisches Weitertragen der Musik ihres Vaters in die Gegenwart. Das UJO unter der Leitung von Christian Sommerer zeigte sich in bestechender Form und changierte m\u00fchelos zwischen Swing, Rhythm &amp; Blues, Soul und einer Prise Funk. jmk","og_url":"https:\/\/www.jazzzeitung.de\/cms\/2015\/01\/ray-charles-tribute-im-regensburger-velodrom\/","og_site_name":"JazzZeitung","article_publisher":"https:\/\/www.facebook.com\/JazzZeitung\/","article_published_time":"2015-01-13T13:53:40+00:00","og_image":[{"url":"http:\/\/www.jazzzeitung.de\/cms\/wp-content\/uploads\/2015\/01\/UJO-Sheila-Ray-Charles-web-c-jm-koch-150x150.jpg","type":"","width":"","height":""}],"author":"Redaktion JazzZeitung","schema":{"@context":"https:\/\/schema.org","@graph":[{"@type":"Article","@id":"https:\/\/www.jazzzeitung.de\/cms\/2015\/01\/ray-charles-tribute-im-regensburger-velodrom\/#article","isPartOf":{"@id":"https:\/\/www.jazzzeitung.de\/cms\/2015\/01\/ray-charles-tribute-im-regensburger-velodrom\/"},"author":{"name":"Redaktion JazzZeitung","@id":"https:\/\/www.jazzzeitung.de\/cms\/#\/schema\/person\/2245b36b9cd1d24cea10f01c031fb92b"},"headline":"Ray Charles Tribute im Regensburger Velodrom","datePublished":"2015-01-13T13:53:40+00:00","mainEntityOfPage":{"@id":"https:\/\/www.jazzzeitung.de\/cms\/2015\/01\/ray-charles-tribute-im-regensburger-velodrom\/"},"wordCount":127,"commentCount":0,"publisher":{"@id":"https:\/\/www.jazzzeitung.de\/cms\/#organization"},"image":{"@id":"https:\/\/www.jazzzeitung.de\/cms\/2015\/01\/ray-charles-tribute-im-regensburger-velodrom\/#primaryimage"},"thumbnailUrl":"http:\/\/www.jazzzeitung.de\/cms\/wp-content\/uploads\/2015\/01\/UJO-Sheila-Ray-Charles-web-c-jm-koch-150x150.jpg","keywords":["Blues","Festival","Jazzorchester","Regensburg","Swing"],"articleSection":["Bericht"],"inLanguage":"de","potentialAction":[{"@type":"CommentAction","name":"Comment","target":["https:\/\/www.jazzzeitung.de\/cms\/2015\/01\/ray-charles-tribute-im-regensburger-velodrom\/#respond"]}]},{"@type":"WebPage","@id":"https:\/\/www.jazzzeitung.de\/cms\/2015\/01\/ray-charles-tribute-im-regensburger-velodrom\/","url":"https:\/\/www.jazzzeitung.de\/cms\/2015\/01\/ray-charles-tribute-im-regensburger-velodrom\/","name":"Ray Charles Tribute im Regensburger Velodrom - JazzZeitung","isPartOf":{"@id":"https:\/\/www.jazzzeitung.de\/cms\/#website"},"primaryImageOfPage":{"@id":"https:\/\/www.jazzzeitung.de\/cms\/2015\/01\/ray-charles-tribute-im-regensburger-velodrom\/#primaryimage"},"image":{"@id":"https:\/\/www.jazzzeitung.de\/cms\/2015\/01\/ray-charles-tribute-im-regensburger-velodrom\/#primaryimage"},"thumbnailUrl":"http:\/\/www.jazzzeitung.de\/cms\/wp-content\/uploads\/2015\/01\/UJO-Sheila-Ray-Charles-web-c-jm-koch-150x150.jpg","datePublished":"2015-01-13T13:53:40+00:00","breadcrumb":{"@id":"https:\/\/www.jazzzeitung.de\/cms\/2015\/01\/ray-charles-tribute-im-regensburger-velodrom\/#breadcrumb"},"inLanguage":"de","potentialAction":[{"@type":"ReadAction","target":["https:\/\/www.jazzzeitung.de\/cms\/2015\/01\/ray-charles-tribute-im-regensburger-velodrom\/"]}]},{"@type":"ImageObject","inLanguage":"de","@id":"https:\/\/www.jazzzeitung.de\/cms\/2015\/01\/ray-charles-tribute-im-regensburger-velodrom\/#primaryimage","url":"http:\/\/www.jazzzeitung.de\/cms\/wp-content\/uploads\/2015\/01\/UJO-Sheila-Ray-Charles-web-c-jm-koch-150x150.jpg","contentUrl":"http:\/\/www.jazzzeitung.de\/cms\/wp-content\/uploads\/2015\/01\/UJO-Sheila-Ray-Charles-web-c-jm-koch-150x150.jpg"},{"@type":"BreadcrumbList","@id":"https:\/\/www.jazzzeitung.de\/cms\/2015\/01\/ray-charles-tribute-im-regensburger-velodrom\/#breadcrumb","itemListElement":[{"@type":"ListItem","position":1,"name":"Startseite","item":"https:\/\/www.jazzzeitung.de\/cms\/"},{"@type":"ListItem","position":2,"name":"Ray Charles Tribute im Regensburger Velodrom"}]},{"@type":"WebSite","@id":"https:\/\/www.jazzzeitung.de\/cms\/#website","url":"https:\/\/www.jazzzeitung.de\/cms\/","name":"JazzZeitung","description":"Jazz-News und Jazz-Kontroverses","publisher":{"@id":"https:\/\/www.jazzzeitung.de\/cms\/#organization"},"potentialAction":[{"@type":"SearchAction","target":{"@type":"EntryPoint","urlTemplate":"https:\/\/www.jazzzeitung.de\/cms\/?s={search_term_string}"},"query-input":{"@type":"PropertyValueSpecification","valueRequired":true,"valueName":"search_term_string"}}],"inLanguage":"de"},{"@type":"Organization","@id":"https:\/\/www.jazzzeitung.de\/cms\/#organization","name":"JazzZeitung online","url":"https:\/\/www.jazzzeitung.de\/cms\/","logo":{"@type":"ImageObject","inLanguage":"de","@id":"https:\/\/www.jazzzeitung.de\/cms\/#\/schema\/logo\/image\/","url":"https:\/\/i0.wp.com\/www.jazzzeitung.de\/cms\/wp-content\/uploads\/2015\/08\/JAZZZEITUNGDE_Logo_Neu.png?fit=499%2C200&ssl=1","contentUrl":"https:\/\/i0.wp.com\/www.jazzzeitung.de\/cms\/wp-content\/uploads\/2015\/08\/JAZZZEITUNGDE_Logo_Neu.png?fit=499%2C200&ssl=1","width":499,"height":200,"caption":"JazzZeitung online"},"image":{"@id":"https:\/\/www.jazzzeitung.de\/cms\/#\/schema\/logo\/image\/"},"sameAs":["https:\/\/www.facebook.com\/JazzZeitung\/"]},{"@type":"Person","@id":"https:\/\/www.jazzzeitung.de\/cms\/#\/schema\/person\/2245b36b9cd1d24cea10f01c031fb92b","name":"Redaktion JazzZeitung","image":{"@type":"ImageObject","inLanguage":"de","@id":"https:\/\/i0.wp.com\/www.jazzzeitung.de\/cms\/wp-content\/uploads\/2015\/08\/JAZZZEITUNGDE_Logo_Neu.png?resize=96%2C96&ssl=159975dcacb611b5700bd619b5daf0a7a","url":"https:\/\/i0.wp.com\/www.jazzzeitung.de\/cms\/wp-content\/uploads\/2015\/08\/JAZZZEITUNGDE_Logo_Neu.png?resize=96%2C96&ssl=1","contentUrl":"https:\/\/i0.wp.com\/www.jazzzeitung.de\/cms\/wp-content\/uploads\/2015\/08\/JAZZZEITUNGDE_Logo_Neu.png?resize=96%2C96&ssl=1","caption":"Redaktion JazzZeitung"},"description":"Artikel der Redaktion der JazzZeitung.","sameAs":["http:\/\/www.jazzzeitung.de\/cms\/"],"url":"https:\/\/www.jazzzeitung.de\/cms\/author\/redaktion\/"}]}},"wp-worthy-pixel":{"ignored":false,"public":null,"server":null,"url":null},"wp-worthy-type":"normal","jetpack_publicize_connections":[],"cc_featured_image_caption":{"caption_text":false,"source_text":false,"source_url":false},"jetpack_featured_media_url":"","jetpack_shortlink":"https:\/\/wp.me\/p3KEcT-1m6","jetpack-related-posts":[{"id":13176,"url":"https:\/\/www.jazzzeitung.de\/cms\/2017\/07\/auf-musikalischen-zehenspitzen-uni-jazzorchester-regensburg-mit-ack-van-rooyen\/","url_meta":{"origin":5214,"position":0},"title":"Auf musikalischen Zehenspitzen: Uni-Jazzorchester Regensburg mit Ack van Rooyen","author":"Redaktion JazzZeitung","date":"31. Juli 2017","format":false,"excerpt":"Wann wird ein K\u00fcnstler, ein Musiker zur \u201eLegende\u201c? Um die 80 Jahre herum ist ein Alter, wo diese einfallslose Floskel scheinbar ein Eigenleben zu entwickeln beginnt und auf jeden draufgepappt wird, der sich nicht dagegen wehrt. Demnach ist der niederl\u00e4ndische Trompeter Ack van Rooyen vermutlich eine \u201eSuperlegende\u201c, hat er doch\u2026","rel":"","context":"In &quot;Bericht&quot;","block_context":{"text":"Bericht","link":"https:\/\/www.jazzzeitung.de\/cms\/thema\/bericht\/"},"img":{"alt_text":"","src":"https:\/\/i0.wp.com\/www.jazzzeitung.de\/cms\/wp-content\/uploads\/2017\/07\/1.jpg?resize=350%2C200","width":350,"height":200},"classes":[]},{"id":3721,"url":"https:\/\/www.jazzzeitung.de\/cms\/2014\/04\/vierte-regensburger-sonnennacht\/","url_meta":{"origin":5214,"position":1},"title":"Vierte Regensburger Sonnennacht","author":"Redaktion JazzZeitung","date":"7. April 2014","format":false,"excerpt":"Am 9. April 2014 findet zum vierten Mal die Regensburger Benefizgala SonnenNacht statt. Nach drei Jahren ehrenamtlicher Organisationsarbeit k\u00f6nnen Anastasia Wolkenstein und Uli Zrenner-Wolkenstein auf \u00a0knapp 100.000 Euro Gesamterl\u00f6s verweisen. Der VKKK Ostbayern e.V. tritt wieder als Veranstalter auf und garantiert so, dass s\u00e4mtliche Gewinne aus dem Kartenverkauf und alle\u2026","rel":"","context":"In &quot;Blog&quot;","block_context":{"text":"Blog","link":"https:\/\/www.jazzzeitung.de\/cms\/thema\/blog\/"},"img":{"alt_text":"Blue Eye Big Band mit Sinatra-Programm","src":"https:\/\/i0.wp.com\/www.jazzzeitung.de\/cms\/wp-content\/uploads\/2014\/04\/BEBlind1.jpg?fit=800%2C553&ssl=1&resize=350%2C200","width":350,"height":200,"srcset":"https:\/\/i0.wp.com\/www.jazzzeitung.de\/cms\/wp-content\/uploads\/2014\/04\/BEBlind1.jpg?fit=800%2C553&ssl=1&resize=350%2C200 1x, https:\/\/i0.wp.com\/www.jazzzeitung.de\/cms\/wp-content\/uploads\/2014\/04\/BEBlind1.jpg?fit=800%2C553&ssl=1&resize=525%2C300 1.5x, https:\/\/i0.wp.com\/www.jazzzeitung.de\/cms\/wp-content\/uploads\/2014\/04\/BEBlind1.jpg?fit=800%2C553&ssl=1&resize=700%2C400 2x"},"classes":[]},{"id":27829,"url":"https:\/\/www.jazzzeitung.de\/cms\/2022\/07\/impressionen-vom-bayerischen-jazzweekend-regensburg-2022\/","url_meta":{"origin":5214,"position":2},"title":"Impressionen vom Bayerischen Jazzweekend Regensburg 2022","author":"Juan Martin Koch","date":"18. Juli 2022","format":false,"excerpt":"Alles neu beim Bayerischen Jazzweekend? Beim offenohrigen Schlendern durch die Regensburger Altstadt deutete der erste Eindruck eher nicht darauf hin. Da f\u00fchlte sich an den zu vorr\u00fcckender Stunde immer st\u00e4rker sich f\u00fcllenden Open-Air-Locations eigentlich alles so an wie immer: Entspannte, gute Stimmung bei Jazz und Jazzverwandtem jeglicher Couleur von semiprofessionell\u2026","rel":"","context":"In &quot;Galerie&quot;","block_context":{"text":"Galerie","link":"https:\/\/www.jazzzeitung.de\/cms\/thema\/galerie\/"},"img":{"alt_text":"","src":"https:\/\/i0.wp.com\/www.jazzzeitung.de\/cms\/wp-content\/uploads\/2022\/07\/JW-2022-Banner-c-JM-Koch.jpg?fit=960%2C720&ssl=1&resize=350%2C200","width":350,"height":200,"srcset":"https:\/\/i0.wp.com\/www.jazzzeitung.de\/cms\/wp-content\/uploads\/2022\/07\/JW-2022-Banner-c-JM-Koch.jpg?fit=960%2C720&ssl=1&resize=350%2C200 1x, https:\/\/i0.wp.com\/www.jazzzeitung.de\/cms\/wp-content\/uploads\/2022\/07\/JW-2022-Banner-c-JM-Koch.jpg?fit=960%2C720&ssl=1&resize=525%2C300 1.5x, https:\/\/i0.wp.com\/www.jazzzeitung.de\/cms\/wp-content\/uploads\/2022\/07\/JW-2022-Banner-c-JM-Koch.jpg?fit=960%2C720&ssl=1&resize=700%2C400 2x"},"classes":[]},{"id":1115,"url":"https:\/\/www.jazzzeitung.de\/cms\/2011\/07\/auf-den-spuren-von-richard-jazzweekend-regensburg-2011\/","url_meta":{"origin":5214,"position":3},"title":"Auf den Spuren von Richard: Jazzweekend Regensburg 2011","author":"J\u00f6rg Lichtinger","date":"7. Juli 2011","format":false,"excerpt":"Das heute gestartete 30. Bayerische Jazzweekend Regensburg ist die erste Ausgabe des Stadtfestivals ohne seinen Initiator Richard Wiedamann. Der am 06. Januar 2011 verstorbene Wiedamann war eine Pers\u00f6nlichkeit, der seine Region pr\u00e4gte, indem er \u00fcber Jahrzehnte hinweg Strukturen aufbaute (Bayerisches Jazzweekend, Bayerisches Jazzinstitut, Landesjugend Jazzorchester), von denen der Jazz in\u2026","rel":"","context":"In &quot;Blog&quot;","block_context":{"text":"Blog","link":"https:\/\/www.jazzzeitung.de\/cms\/thema\/blog\/"},"img":{"alt_text":"jw_logo","src":"https:\/\/i0.wp.com\/www.jazzzeitung.de\/cms\/wp-content\/uploads\/2011\/07\/jw_logo.jpg?resize=350%2C200","width":350,"height":200},"classes":[]},{"id":10017,"url":"https:\/\/www.jazzzeitung.de\/cms\/2016\/09\/news20-festival-frei-improvisierter-musik-horst-seehofer-wird-schirmherr-des-1-bayerische-landesjazzfestivalsjazz-session-im-rahmen-des-kulturherbst-oberstaufen\/","url_meta":{"origin":5214,"position":4},"title":"News+++Horst Seehofer wird Schirmherr des 1. Bayerischen Landesjazzfestivals+++20. Festival Frei Improvisierter Musik+++Jazz-Session im Rahmen des Kulturherbst Oberstaufen+++","author":"Redaktion JazzZeitung","date":"14. September 2016","format":false,"excerpt":"Ministerpr\u00e4sident Horst Seehofer \u00fcbernimmt die Schirmherrschaft f\u00fcr das 1. Bayerische Landesjazzfestival in Regensburg Mit der \u00dcbernahme der Schirmherrschaft f\u00fcr das 1. Bayerische Landesjazzfestival vom 21.10 \u2013 23.10.16 in Regensburg unterstreicht der bayerische Ministerpr\u00e4sident, wie hoch der Stellenwert des Jazz auch f\u00fcr die bayerische Staatsregierung ist. Denn neben dem Kulturfond Bayern\u2026","rel":"","context":"In &quot;News&quot;","block_context":{"text":"News","link":"https:\/\/www.jazzzeitung.de\/cms\/thema\/nachrichten\/"},"img":{"alt_text":"Ron Carter ist am 22.10.16 im Rahmen des 1. Landesjazzfestivals in Regensburg im Konzert zu erleben","src":"https:\/\/i0.wp.com\/www.jazzzeitung.de\/cms\/wp-content\/uploads\/2016\/09\/RonCarter1_300rgb-150x150.jpg?resize=350%2C200","width":350,"height":200},"classes":[]},{"id":29554,"url":"https:\/\/www.jazzzeitung.de\/cms\/2023\/06\/regensburg-praesentiert-das-programm-fuer-das-42-bayerische-jazzweekend\/","url_meta":{"origin":5214,"position":5},"title":"Regensburg pr\u00e4sentiert das Programm f\u00fcr das 42. Bayerische Jazzweekend","author":"Redaktion JazzZeitung","date":"9. Juni 2023","format":false,"excerpt":"Das Programm des Jazzweekends 2023 steht fest. Vom 13. bis 16. Juli werden 105 kostenfreie Konzerte von 101 Bands, Combos und Einzelk\u00fcnstlerinnen und -k\u00fcnstlern \u00fcber die B\u00fchnen der Stadt gehen. Das Konzept gibt es seit 42 Jahren, dem seit 2022 wirkenden neuen k\u00fcnstlerischen Leiter, Christian Sommerer, gelingt es wie versprochen,\u2026","rel":"","context":"In &quot;Bericht&quot;","block_context":{"text":"Bericht","link":"https:\/\/www.jazzzeitung.de\/cms\/thema\/bericht\/"},"img":{"alt_text":"","src":"https:\/\/i0.wp.com\/www.jazzzeitung.de\/cms\/wp-content\/uploads\/2023\/06\/Monika-Roscher-Big-Band_Lukas-Diller-scaled.jpg?fit=1200%2C794&ssl=1&resize=350%2C200","width":350,"height":200,"srcset":"https:\/\/i0.wp.com\/www.jazzzeitung.de\/cms\/wp-content\/uploads\/2023\/06\/Monika-Roscher-Big-Band_Lukas-Diller-scaled.jpg?fit=1200%2C794&ssl=1&resize=350%2C200 1x, https:\/\/i0.wp.com\/www.jazzzeitung.de\/cms\/wp-content\/uploads\/2023\/06\/Monika-Roscher-Big-Band_Lukas-Diller-scaled.jpg?fit=1200%2C794&ssl=1&resize=525%2C300 1.5x, https:\/\/i0.wp.com\/www.jazzzeitung.de\/cms\/wp-content\/uploads\/2023\/06\/Monika-Roscher-Big-Band_Lukas-Diller-scaled.jpg?fit=1200%2C794&ssl=1&resize=700%2C400 2x, https:\/\/i0.wp.com\/www.jazzzeitung.de\/cms\/wp-content\/uploads\/2023\/06\/Monika-Roscher-Big-Band_Lukas-Diller-scaled.jpg?fit=1200%2C794&ssl=1&resize=1050%2C600 3x"},"classes":[]}],"jetpack_sharing_enabled":true,"_links":{"self":[{"href":"https:\/\/www.jazzzeitung.de\/cms\/wp-json\/wp\/v2\/posts\/5214","targetHints":{"allow":["GET"]}}],"collection":[{"href":"https:\/\/www.jazzzeitung.de\/cms\/wp-json\/wp\/v2\/posts"}],"about":[{"href":"https:\/\/www.jazzzeitung.de\/cms\/wp-json\/wp\/v2\/types\/post"}],"author":[{"embeddable":true,"href":"https:\/\/www.jazzzeitung.de\/cms\/wp-json\/wp\/v2\/users\/18"}],"replies":[{"embeddable":true,"href":"https:\/\/www.jazzzeitung.de\/cms\/wp-json\/wp\/v2\/comments?post=5214"}],"version-history":[{"count":3,"href":"https:\/\/www.jazzzeitung.de\/cms\/wp-json\/wp\/v2\/posts\/5214\/revisions"}],"predecessor-version":[{"id":5225,"href":"https:\/\/www.jazzzeitung.de\/cms\/wp-json\/wp\/v2\/posts\/5214\/revisions\/5225"}],"wp:attachment":[{"href":"https:\/\/www.jazzzeitung.de\/cms\/wp-json\/wp\/v2\/media?parent=5214"}],"wp:term":[{"taxonomy":"category","embeddable":true,"href":"https:\/\/www.jazzzeitung.de\/cms\/wp-json\/wp\/v2\/categories?post=5214"},{"taxonomy":"post_tag","embeddable":true,"href":"https:\/\/www.jazzzeitung.de\/cms\/wp-json\/wp\/v2\/tags?post=5214"},{"taxonomy":"author","embeddable":true,"href":"https:\/\/www.jazzzeitung.de\/cms\/wp-json\/wp\/v2\/coauthors?post=5214"}],"curies":[{"name":"wp","href":"https:\/\/api.w.org\/{rel}","templated":true}]}}