{"id":519,"date":"2010-10-28T19:19:54","date_gmt":"2010-10-28T17:19:54","guid":{"rendered":"http:\/\/blogs.nmz.de\/jazz\/?p=519"},"modified":"2010-10-28T19:19:54","modified_gmt":"2010-10-28T17:19:54","slug":"jazzfestivals-bei-wdr-und-hr","status":"publish","type":"post","link":"https:\/\/www.jazzzeitung.de\/cms\/2010\/10\/jazzfestivals-bei-wdr-und-hr\/","title":{"rendered":"Jazzfestivals bei WDR und hr \u2013 live on air und im Netz!"},"content":{"rendered":"<p>Zeitgleich starten heute in Frankfurt und K\u00f6ln die Jazz-Festivals der Sender HR (<a href=\"http:\/\/www.hr-online.de\/website\/specials\/extended\/index.jsp?startrubrik=57993\" target=\"_blank\">Deutsches Jazzfestival Frankfurt<\/a>) und WDR (<a href=\"http:\/\/www.wdr3.de\/schwerpunkte-und-reihen\/wdr-3-jazzcologne-2010.html\" target=\"_blank\">WDR3 jazz.cologne<\/a>). Wer es nicht in die Funkh\u00e4user oder die entsprechenden Locations schafft, dem kann geholfen werden:<\/p>\n<h4>41. Deutsches Jazzfestival Frankfurt live im Netz und im H\u00f6rfunk<\/h4>\n<p>In Frankfurt mit dabei: <em>Tony Lakatos, Courtney Pine, Bill Evans, hr-Bigband feat. Rudi Mahall und Aki Takase, u.v.a<\/em><\/p>\n<p>Das Festival wird im Video-Livestream \u00fcbertragen auf<a href=\"http:\/\/www.hr-online.de\/website\/specials\/extended\/index.jsp?startrubrik=57993\" target=\"_blank\"> www.hr-online.de<\/a> oder<a href=\"http:\/\/www.arte.tv\/de\/70.html\" target=\"_blank\"> liveweb.arte.tv<\/a> (28.\u201331.10.10; t\u00e4glich ab 19.05 Uhr)<\/p>\n<p>Au\u00dferdem sendet hr 2 alle Konzerte auch live im Rundfunk. Das Programm des 41. Deutschen Jazzfestivals gibt es auf der Website von <a href=\"http:\/\/www.hr-online.de\/website\/radio\/hr2\/index.jsp?rubrik=5978\" target=\"_blank\">hr 2<\/a>.<\/p>\n<figure id=\"attachment_525\" aria-describedby=\"caption-attachment-525\" style=\"width: 300px\" class=\"wp-caption aligncenter\"><a href=\"https:\/\/i0.wp.com\/www.jazzzeitung.de\/cms\/wp-content\/uploads\/2010\/10\/hr-Bigband_by_Dirk_Ostermeier_quer_mit_Diri.jpg\"><img data-recalc-dims=\"1\" loading=\"lazy\" decoding=\"async\" data-attachment-id=\"525\" data-permalink=\"https:\/\/www.jazzzeitung.de\/cms\/2010\/10\/jazzfestivals-bei-wdr-und-hr\/hr-bigband_by_dirk_ostermeier_quer_mit_diri\/\" data-orig-file=\"https:\/\/i0.wp.com\/www.jazzzeitung.de\/cms\/wp-content\/uploads\/2010\/10\/hr-Bigband_by_Dirk_Ostermeier_quer_mit_Diri.jpg?fit=4288%2C2848&amp;ssl=1\" data-orig-size=\"4288,2848\" data-comments-opened=\"1\" data-image-meta=\"{&quot;aperture&quot;:&quot;6.3&quot;,&quot;credit&quot;:&quot;Dirk Ostermeier&quot;,&quot;camera&quot;:&quot;NIKON D300&quot;,&quot;caption&quot;:&quot;&quot;,&quot;created_timestamp&quot;:&quot;1238499707&quot;,&quot;copyright&quot;:&quot;(C)2008 Dirk Ostermeier, all rights reserved&quot;,&quot;focal_length&quot;:&quot;32&quot;,&quot;iso&quot;:&quot;250&quot;,&quot;shutter_speed&quot;:&quot;0.02&quot;,&quot;title&quot;:&quot;&quot;}\" data-image-title=\"hr-Bigband_by_Dirk_Ostermeier_quer_mit_Diri\" data-image-description=\"\" data-image-caption=\"&lt;p&gt;Darf noch transatlantisch schwingen: HR-Bigband. Foto: Dirk Ostermeier&lt;\/p&gt;\n\" data-large-file=\"https:\/\/i0.wp.com\/www.jazzzeitung.de\/cms\/wp-content\/uploads\/2010\/10\/hr-Bigband_by_Dirk_Ostermeier_quer_mit_Diri.jpg?fit=840%2C558&amp;ssl=1\" class=\"size-medium wp-image-525\" title=\"hr-Bigband_by_Dirk_Ostermeier_quer_mit_Diri\" src=\"https:\/\/i0.wp.com\/www.jazzzeitung.de\/cms\/wp-content\/uploads\/2010\/10\/hr-Bigband_by_Dirk_Ostermeier_quer_mit_Diri-300x199.jpg?resize=300%2C199\" alt=\"hr-Bigband_by_Dirk_Ostermeier_quer_mit_Diri\" width=\"300\" height=\"199\" srcset=\"https:\/\/i0.wp.com\/www.jazzzeitung.de\/cms\/wp-content\/uploads\/2010\/10\/hr-Bigband_by_Dirk_Ostermeier_quer_mit_Diri.jpg?resize=300%2C199&amp;ssl=1 300w, https:\/\/i0.wp.com\/www.jazzzeitung.de\/cms\/wp-content\/uploads\/2010\/10\/hr-Bigband_by_Dirk_Ostermeier_quer_mit_Diri.jpg?resize=1024%2C680&amp;ssl=1 1024w, https:\/\/i0.wp.com\/www.jazzzeitung.de\/cms\/wp-content\/uploads\/2010\/10\/hr-Bigband_by_Dirk_Ostermeier_quer_mit_Diri.jpg?w=1680&amp;ssl=1 1680w, https:\/\/i0.wp.com\/www.jazzzeitung.de\/cms\/wp-content\/uploads\/2010\/10\/hr-Bigband_by_Dirk_Ostermeier_quer_mit_Diri.jpg?w=2520&amp;ssl=1 2520w\" sizes=\"auto, (max-width: 300px) 100vw, 300px\" \/><\/a><figcaption id=\"caption-attachment-525\" class=\"wp-caption-text\">Die hr-Bigband ist in Frankfurt mit Special Guests Rudi Mahall und Aki Takase am Start. Foto hr\/Dirk Ostermeier<\/figcaption><\/figure>\n<p style=\"text-align: center\">\n<h4>WDR 3 jazz.cologne im H\u00f6rfunk<\/h4>\n<p>In K\u00f6ln dabei: <em>Gwilym Simcock, Fred Wesley, Diana Torto &amp; Dave Holland, u.v.a.<\/em><\/p>\n<p>Auch WDR 3 bringt Ausschnitte der Konzerte in seinem <a href=\"http:\/\/www.wdr3.de\/schwerpunkte-und-reihen\/wdr-3-jazzcologne-2010.html\" target=\"_blank\">Programm<\/a>.<\/p>\n<p>Ein H\u00f6hepunkt ist am Freitag abend die Verleihung des WDR-Jazzpreises an Frederik K\u00f6ster (Jazz Improvisation) und Stefan Schultze (Jazz Komposition). Mit der WDR Big Band K\u00f6ln und dem BuJazzO. Am Sonntag abend dann das Dave Holland Quintet im Funkhaus (20 Uhr).<\/p>\n<p>Eine Zusammenfassung gibt es am<strong> 30.\/31. Oktober 2010, 20:05 Uhr<\/strong><br \/>\nin der <a href=\"http:\/\/www.wdr3.de\/jazznacht\/details\/artikel\/wdr-3-jazzcologne-jazzherbst-salzburg.html\">WDR 3 Jazznacht<\/a><strong>.<\/strong><\/p>\n<p><strong> <\/strong><\/p>\n<figure id=\"attachment_427\" aria-describedby=\"caption-attachment-427\" style=\"width: 214px\" class=\"wp-caption aligncenter\"><strong> <\/strong><strong><a href=\"https:\/\/i0.wp.com\/www.jazzzeitung.de\/cms\/wp-content\/uploads\/2010\/09\/frederik_koester_425.jpg\"><img data-recalc-dims=\"1\" loading=\"lazy\" decoding=\"async\" data-attachment-id=\"427\" data-permalink=\"https:\/\/www.jazzzeitung.de\/cms\/2010\/09\/gewinner-des-wdr-jazzpreises-2010-stehen-fest\/frederik_koester_425\/\" data-orig-file=\"https:\/\/i0.wp.com\/www.jazzzeitung.de\/cms\/wp-content\/uploads\/2010\/09\/frederik_koester_425.jpg?fit=300%2C420&amp;ssl=1\" data-orig-size=\"300,420\" data-comments-opened=\"1\" data-image-meta=\"{&quot;aperture&quot;:&quot;0&quot;,&quot;credit&quot;:&quot;&quot;,&quot;camera&quot;:&quot;&quot;,&quot;caption&quot;:&quot;&quot;,&quot;created_timestamp&quot;:&quot;0&quot;,&quot;copyright&quot;:&quot;&quot;,&quot;focal_length&quot;:&quot;0&quot;,&quot;iso&quot;:&quot;0&quot;,&quot;shutter_speed&quot;:&quot;0&quot;,&quot;title&quot;:&quot;&quot;}\" data-image-title=\"frederik_koester\" data-image-description=\"\" data-image-caption=\"&lt;p&gt;Bekommt den WDR-Jazzpreis 2010: Frederik K\u00f6ster. Foto: WDR\/K\u00f6ster&lt;\/p&gt;\n\" data-large-file=\"https:\/\/i0.wp.com\/www.jazzzeitung.de\/cms\/wp-content\/uploads\/2010\/09\/frederik_koester_425.jpg?fit=300%2C420&amp;ssl=1\" class=\"size-medium wp-image-427\" title=\"frederik_koester\" src=\"https:\/\/i0.wp.com\/www.jazzzeitung.de\/cms\/wp-content\/uploads\/2010\/09\/frederik_koester_425-214x300.jpg?resize=214%2C300\" alt=\"Bekommt den WDR-Jazzpreis 2010: Frederik K\u00f6ster. Foto: WDR\/K\u00f6ster\" width=\"214\" height=\"300\" srcset=\"https:\/\/i0.wp.com\/www.jazzzeitung.de\/cms\/wp-content\/uploads\/2010\/09\/frederik_koester_425.jpg?resize=214%2C300&amp;ssl=1 214w, https:\/\/i0.wp.com\/www.jazzzeitung.de\/cms\/wp-content\/uploads\/2010\/09\/frederik_koester_425.jpg?w=300&amp;ssl=1 300w\" sizes=\"auto, (max-width: 214px) 100vw, 214px\" \/><\/a><\/strong><figcaption id=\"caption-attachment-427\" class=\"wp-caption-text\">Bekommt den WDR-Jazzpreis 2010: Frederik K\u00f6ster. Foto: WDR\/K\u00f6ster<\/figcaption><\/figure>\n","protected":false},"excerpt":{"rendered":"<p>Zeitgleich starten heute in Frankfurt und K\u00f6ln die Jazz-Festivals der Sender HR (Deutsches Jazzfestival Frankfurt) und WDR (WDR3 jazz.cologne). Wer es nicht in die Funkh\u00e4user oder die entsprechenden Locations schafft, dem kann geholfen werden: 41. Deutsches Jazzfestival Frankfurt live im Netz und im H\u00f6rfunk In Frankfurt mit dabei: Tony Lakatos, Courtney Pine, Bill Evans, hr-Bigband feat. Rudi Mahall und Aki Takase, u.v.a Das Festival wird im Video-Livestream \u00fcbertragen auf www.hr-online.de oder liveweb.arte.tv (28.\u201331.10.10; t\u00e4glich ab 19.05 Uhr) Au\u00dferdem sendet hr 2 alle Konzerte auch live im Rundfunk. Das Programm des 41. Deutschen Jazzfestivals gibt es auf der Website von hr 2. WDR 3 jazz.cologne im H\u00f6rfunk In K\u00f6ln dabei: Gwilym Simcock, Fred Wesley, Diana Torto &amp; Dave Holland, u.v.a. Auch WDR 3 bringt Ausschnitte der Konzerte in seinem Programm. Ein H\u00f6hepunkt ist am Freitag abend die Verleihung des WDR-Jazzpreises an Frederik K\u00f6ster (Jazz Improvisation) und Stefan Schultze (Jazz Komposition). Mit der WDR Big Band K\u00f6ln und dem BuJazzO. Am Sonntag abend dann das Dave Holland Quintet im Funkhaus (20 Uhr). Eine Zusammenfassung gibt es am 30.\/31. Oktober 2010, 20:05 Uhr in der WDR 3 Jazznacht.<\/p>\n","protected":false},"author":4,"featured_media":0,"comment_status":"open","ping_status":"open","sticky":false,"template":"","format":"standard","meta":{"_jetpack_memberships_contains_paid_content":false,"footnotes":"","jetpack_publicize_message":"","jetpack_publicize_feature_enabled":true,"jetpack_social_post_already_shared":false,"jetpack_social_options":{"image_generator_settings":{"template":"highway","default_image_id":0,"font":"","enabled":false},"version":2}},"categories":[82],"tags":[32,71,75,99,123,127,3,184,187,189,211,230,231,266,323,480,519,557,589,590,592],"coauthors":[],"class_list":["post-519","post","type-post","status-publish","format-standard","hentry","category-blog","tag-aki-takase","tag-big-band","tag-bill-evans","tag-bujazzo","tag-courtney-pine","tag-dave-holland","tag-festival","tag-frankfurt","tag-fred-wesley","tag-frederik-koester","tag-gwilym-simcock","tag-hr","tag-hr-2","tag-jazz-cologne","tag-konzerte","tag-rudi-mahall","tag-stefan-schultze","tag-tony-lakatos","tag-wdr","tag-wdr-3","tag-wdr-big-band"],"yoast_head":"<!-- This site is optimized with the Yoast SEO plugin v27.5 - https:\/\/yoast.com\/product\/yoast-seo-wordpress\/ -->\n<title>Jazzfestivals bei WDR und hr \u2013 live on air und im Netz! - JazzZeitung<\/title>\n<meta name=\"robots\" content=\"index, follow, max-snippet:-1, max-image-preview:large, max-video-preview:-1\" \/>\n<link rel=\"canonical\" href=\"https:\/\/www.jazzzeitung.de\/cms\/2010\/10\/jazzfestivals-bei-wdr-und-hr\/\" \/>\n<meta property=\"og:locale\" content=\"de_DE\" \/>\n<meta property=\"og:type\" content=\"article\" \/>\n<meta property=\"og:title\" content=\"Jazzfestivals bei WDR und hr \u2013 live on air und im Netz! - JazzZeitung\" \/>\n<meta property=\"og:description\" content=\"Zeitgleich starten heute in Frankfurt und K\u00f6ln die Jazz-Festivals der Sender HR (Deutsches Jazzfestival Frankfurt) und WDR (WDR3 jazz.cologne). Wer es nicht in die Funkh\u00e4user oder die entsprechenden Locations schafft, dem kann geholfen werden: 41. Deutsches Jazzfestival Frankfurt live im Netz und im H\u00f6rfunk In Frankfurt mit dabei: Tony Lakatos, Courtney Pine, Bill Evans, hr-Bigband feat. Rudi Mahall und Aki Takase, u.v.a Das Festival wird im Video-Livestream \u00fcbertragen auf www.hr-online.de oder liveweb.arte.tv (28.\u201331.10.10; t\u00e4glich ab 19.05 Uhr) Au\u00dferdem sendet hr 2 alle Konzerte auch live im Rundfunk. Das Programm des 41. Deutschen Jazzfestivals gibt es auf der Website von hr 2. WDR 3 jazz.cologne im H\u00f6rfunk In K\u00f6ln dabei: Gwilym Simcock, Fred Wesley, Diana Torto &amp; Dave Holland, u.v.a. Auch WDR 3 bringt Ausschnitte der Konzerte in seinem Programm. Ein H\u00f6hepunkt ist am Freitag abend die Verleihung des WDR-Jazzpreises an Frederik K\u00f6ster (Jazz Improvisation) und Stefan Schultze (Jazz Komposition). Mit der WDR Big Band K\u00f6ln und dem BuJazzO. Am Sonntag abend dann das Dave Holland Quintet im Funkhaus (20 Uhr). Eine Zusammenfassung gibt es am 30.\/31. Oktober 2010, 20:05 Uhr in der WDR 3 Jazznacht.\" \/>\n<meta property=\"og:url\" content=\"https:\/\/www.jazzzeitung.de\/cms\/2010\/10\/jazzfestivals-bei-wdr-und-hr\/\" \/>\n<meta property=\"og:site_name\" content=\"JazzZeitung\" \/>\n<meta property=\"article:publisher\" content=\"https:\/\/www.facebook.com\/JazzZeitung\/\" \/>\n<meta property=\"article:published_time\" content=\"2010-10-28T17:19:54+00:00\" \/>\n<meta property=\"og:image\" content=\"http:\/\/www.jazzzeitung.de\/cms\/wp-content\/uploads\/2010\/10\/hr-Bigband_by_Dirk_Ostermeier_quer_mit_Diri-300x199.jpg\" \/>\n<meta name=\"author\" content=\"J\u00f6rg Lichtinger\" \/>\n<script type=\"application\/ld+json\" class=\"yoast-schema-graph\">{\"@context\":\"https:\\\/\\\/schema.org\",\"@graph\":[{\"@type\":\"Article\",\"@id\":\"https:\\\/\\\/www.jazzzeitung.de\\\/cms\\\/2010\\\/10\\\/jazzfestivals-bei-wdr-und-hr\\\/#article\",\"isPartOf\":{\"@id\":\"https:\\\/\\\/www.jazzzeitung.de\\\/cms\\\/2010\\\/10\\\/jazzfestivals-bei-wdr-und-hr\\\/\"},\"author\":{\"name\":\"J\u00f6rg Lichtinger\",\"@id\":\"https:\\\/\\\/www.jazzzeitung.de\\\/cms\\\/#\\\/schema\\\/person\\\/4c5aaf486bdcd85db94b9a8b9e026bad\"},\"headline\":\"Jazzfestivals bei WDR und hr \u2013 live on air und im Netz!\",\"datePublished\":\"2010-10-28T17:19:54+00:00\",\"mainEntityOfPage\":{\"@id\":\"https:\\\/\\\/www.jazzzeitung.de\\\/cms\\\/2010\\\/10\\\/jazzfestivals-bei-wdr-und-hr\\\/\"},\"wordCount\":248,\"commentCount\":0,\"publisher\":{\"@id\":\"https:\\\/\\\/www.jazzzeitung.de\\\/cms\\\/#organization\"},\"image\":{\"@id\":\"https:\\\/\\\/www.jazzzeitung.de\\\/cms\\\/2010\\\/10\\\/jazzfestivals-bei-wdr-und-hr\\\/#primaryimage\"},\"thumbnailUrl\":\"http:\\\/\\\/www.jazzzeitung.de\\\/cms\\\/wp-content\\\/uploads\\\/2010\\\/10\\\/hr-Bigband_by_Dirk_Ostermeier_quer_mit_Diri-300x199.jpg\",\"keywords\":[\"Aki Takase\",\"Big Band\",\"Bill Evans\",\"Bujazzo\",\"Courtney Pine\",\"dave holland\",\"Festival\",\"Frankfurt\",\"Fred Wesley\",\"Frederik K\u00f6ster\",\"Gwilym Simcock\",\"Hessischer Rundfunk\",\"hr 2\",\"jazz.cologne\",\"Konzerte\",\"Rudi Mahall\",\"Stefan Schultze\",\"Tony Lakatos\",\"WDR\",\"WDR 3\",\"WDR BigBand\"],\"articleSection\":[\"Blog\"],\"inLanguage\":\"de\",\"potentialAction\":[{\"@type\":\"CommentAction\",\"name\":\"Comment\",\"target\":[\"https:\\\/\\\/www.jazzzeitung.de\\\/cms\\\/2010\\\/10\\\/jazzfestivals-bei-wdr-und-hr\\\/#respond\"]}]},{\"@type\":\"WebPage\",\"@id\":\"https:\\\/\\\/www.jazzzeitung.de\\\/cms\\\/2010\\\/10\\\/jazzfestivals-bei-wdr-und-hr\\\/\",\"url\":\"https:\\\/\\\/www.jazzzeitung.de\\\/cms\\\/2010\\\/10\\\/jazzfestivals-bei-wdr-und-hr\\\/\",\"name\":\"Jazzfestivals bei WDR und hr \u2013 live on air und im Netz! - JazzZeitung\",\"isPartOf\":{\"@id\":\"https:\\\/\\\/www.jazzzeitung.de\\\/cms\\\/#website\"},\"primaryImageOfPage\":{\"@id\":\"https:\\\/\\\/www.jazzzeitung.de\\\/cms\\\/2010\\\/10\\\/jazzfestivals-bei-wdr-und-hr\\\/#primaryimage\"},\"image\":{\"@id\":\"https:\\\/\\\/www.jazzzeitung.de\\\/cms\\\/2010\\\/10\\\/jazzfestivals-bei-wdr-und-hr\\\/#primaryimage\"},\"thumbnailUrl\":\"http:\\\/\\\/www.jazzzeitung.de\\\/cms\\\/wp-content\\\/uploads\\\/2010\\\/10\\\/hr-Bigband_by_Dirk_Ostermeier_quer_mit_Diri-300x199.jpg\",\"datePublished\":\"2010-10-28T17:19:54+00:00\",\"breadcrumb\":{\"@id\":\"https:\\\/\\\/www.jazzzeitung.de\\\/cms\\\/2010\\\/10\\\/jazzfestivals-bei-wdr-und-hr\\\/#breadcrumb\"},\"inLanguage\":\"de\",\"potentialAction\":[{\"@type\":\"ReadAction\",\"target\":[\"https:\\\/\\\/www.jazzzeitung.de\\\/cms\\\/2010\\\/10\\\/jazzfestivals-bei-wdr-und-hr\\\/\"]}]},{\"@type\":\"ImageObject\",\"inLanguage\":\"de\",\"@id\":\"https:\\\/\\\/www.jazzzeitung.de\\\/cms\\\/2010\\\/10\\\/jazzfestivals-bei-wdr-und-hr\\\/#primaryimage\",\"url\":\"http:\\\/\\\/www.jazzzeitung.de\\\/cms\\\/wp-content\\\/uploads\\\/2010\\\/10\\\/hr-Bigband_by_Dirk_Ostermeier_quer_mit_Diri-300x199.jpg\",\"contentUrl\":\"http:\\\/\\\/www.jazzzeitung.de\\\/cms\\\/wp-content\\\/uploads\\\/2010\\\/10\\\/hr-Bigband_by_Dirk_Ostermeier_quer_mit_Diri-300x199.jpg\"},{\"@type\":\"BreadcrumbList\",\"@id\":\"https:\\\/\\\/www.jazzzeitung.de\\\/cms\\\/2010\\\/10\\\/jazzfestivals-bei-wdr-und-hr\\\/#breadcrumb\",\"itemListElement\":[{\"@type\":\"ListItem\",\"position\":1,\"name\":\"Startseite\",\"item\":\"https:\\\/\\\/www.jazzzeitung.de\\\/cms\\\/\"},{\"@type\":\"ListItem\",\"position\":2,\"name\":\"Jazzfestivals bei WDR und hr \u2013 live on air und im Netz!\"}]},{\"@type\":\"WebSite\",\"@id\":\"https:\\\/\\\/www.jazzzeitung.de\\\/cms\\\/#website\",\"url\":\"https:\\\/\\\/www.jazzzeitung.de\\\/cms\\\/\",\"name\":\"JazzZeitung\",\"description\":\"Jazz-News und Jazz-Kontroverses\",\"publisher\":{\"@id\":\"https:\\\/\\\/www.jazzzeitung.de\\\/cms\\\/#organization\"},\"potentialAction\":[{\"@type\":\"SearchAction\",\"target\":{\"@type\":\"EntryPoint\",\"urlTemplate\":\"https:\\\/\\\/www.jazzzeitung.de\\\/cms\\\/?s={search_term_string}\"},\"query-input\":{\"@type\":\"PropertyValueSpecification\",\"valueRequired\":true,\"valueName\":\"search_term_string\"}}],\"inLanguage\":\"de\"},{\"@type\":\"Organization\",\"@id\":\"https:\\\/\\\/www.jazzzeitung.de\\\/cms\\\/#organization\",\"name\":\"JazzZeitung online\",\"url\":\"https:\\\/\\\/www.jazzzeitung.de\\\/cms\\\/\",\"logo\":{\"@type\":\"ImageObject\",\"inLanguage\":\"de\",\"@id\":\"https:\\\/\\\/www.jazzzeitung.de\\\/cms\\\/#\\\/schema\\\/logo\\\/image\\\/\",\"url\":\"https:\\\/\\\/i0.wp.com\\\/www.jazzzeitung.de\\\/cms\\\/wp-content\\\/uploads\\\/2015\\\/08\\\/JAZZZEITUNGDE_Logo_Neu.png?fit=499%2C200&ssl=1\",\"contentUrl\":\"https:\\\/\\\/i0.wp.com\\\/www.jazzzeitung.de\\\/cms\\\/wp-content\\\/uploads\\\/2015\\\/08\\\/JAZZZEITUNGDE_Logo_Neu.png?fit=499%2C200&ssl=1\",\"width\":499,\"height\":200,\"caption\":\"JazzZeitung online\"},\"image\":{\"@id\":\"https:\\\/\\\/www.jazzzeitung.de\\\/cms\\\/#\\\/schema\\\/logo\\\/image\\\/\"},\"sameAs\":[\"https:\\\/\\\/www.facebook.com\\\/JazzZeitung\\\/\"]},{\"@type\":\"Person\",\"@id\":\"https:\\\/\\\/www.jazzzeitung.de\\\/cms\\\/#\\\/schema\\\/person\\\/4c5aaf486bdcd85db94b9a8b9e026bad\",\"name\":\"J\u00f6rg Lichtinger\",\"image\":{\"@type\":\"ImageObject\",\"inLanguage\":\"de\",\"@id\":\"https:\\\/\\\/secure.gravatar.com\\\/avatar\\\/8d1d484eb77cf370a1620f9866681cdba540c9b8439ce96ea0c830dd3b59936c?s=96&d=wp_user_avatar&r=ge66dff7680db2349fb79ae0cb2d734e3\",\"url\":\"https:\\\/\\\/secure.gravatar.com\\\/avatar\\\/8d1d484eb77cf370a1620f9866681cdba540c9b8439ce96ea0c830dd3b59936c?s=96&d=wp_user_avatar&r=g\",\"contentUrl\":\"https:\\\/\\\/secure.gravatar.com\\\/avatar\\\/8d1d484eb77cf370a1620f9866681cdba540c9b8439ce96ea0c830dd3b59936c?s=96&d=wp_user_avatar&r=g\",\"caption\":\"J\u00f6rg Lichtinger\"},\"url\":\"https:\\\/\\\/www.jazzzeitung.de\\\/cms\\\/author\\\/lichtinger\\\/\"}]}<\/script>\n<!-- \/ Yoast SEO plugin. -->","yoast_head_json":{"title":"Jazzfestivals bei WDR und hr \u2013 live on air und im Netz! - JazzZeitung","robots":{"index":"index","follow":"follow","max-snippet":"max-snippet:-1","max-image-preview":"max-image-preview:large","max-video-preview":"max-video-preview:-1"},"canonical":"https:\/\/www.jazzzeitung.de\/cms\/2010\/10\/jazzfestivals-bei-wdr-und-hr\/","og_locale":"de_DE","og_type":"article","og_title":"Jazzfestivals bei WDR und hr \u2013 live on air und im Netz! - JazzZeitung","og_description":"Zeitgleich starten heute in Frankfurt und K\u00f6ln die Jazz-Festivals der Sender HR (Deutsches Jazzfestival Frankfurt) und WDR (WDR3 jazz.cologne). Wer es nicht in die Funkh\u00e4user oder die entsprechenden Locations schafft, dem kann geholfen werden: 41. Deutsches Jazzfestival Frankfurt live im Netz und im H\u00f6rfunk In Frankfurt mit dabei: Tony Lakatos, Courtney Pine, Bill Evans, hr-Bigband feat. Rudi Mahall und Aki Takase, u.v.a Das Festival wird im Video-Livestream \u00fcbertragen auf www.hr-online.de oder liveweb.arte.tv (28.\u201331.10.10; t\u00e4glich ab 19.05 Uhr) Au\u00dferdem sendet hr 2 alle Konzerte auch live im Rundfunk. Das Programm des 41. Deutschen Jazzfestivals gibt es auf der Website von hr 2. WDR 3 jazz.cologne im H\u00f6rfunk In K\u00f6ln dabei: Gwilym Simcock, Fred Wesley, Diana Torto &amp; Dave Holland, u.v.a. Auch WDR 3 bringt Ausschnitte der Konzerte in seinem Programm. Ein H\u00f6hepunkt ist am Freitag abend die Verleihung des WDR-Jazzpreises an Frederik K\u00f6ster (Jazz Improvisation) und Stefan Schultze (Jazz Komposition). Mit der WDR Big Band K\u00f6ln und dem BuJazzO. Am Sonntag abend dann das Dave Holland Quintet im Funkhaus (20 Uhr). Eine Zusammenfassung gibt es am 30.\/31. Oktober 2010, 20:05 Uhr in der WDR 3 Jazznacht.","og_url":"https:\/\/www.jazzzeitung.de\/cms\/2010\/10\/jazzfestivals-bei-wdr-und-hr\/","og_site_name":"JazzZeitung","article_publisher":"https:\/\/www.facebook.com\/JazzZeitung\/","article_published_time":"2010-10-28T17:19:54+00:00","og_image":[{"url":"http:\/\/www.jazzzeitung.de\/cms\/wp-content\/uploads\/2010\/10\/hr-Bigband_by_Dirk_Ostermeier_quer_mit_Diri-300x199.jpg","type":"","width":"","height":""}],"author":"J\u00f6rg Lichtinger","schema":{"@context":"https:\/\/schema.org","@graph":[{"@type":"Article","@id":"https:\/\/www.jazzzeitung.de\/cms\/2010\/10\/jazzfestivals-bei-wdr-und-hr\/#article","isPartOf":{"@id":"https:\/\/www.jazzzeitung.de\/cms\/2010\/10\/jazzfestivals-bei-wdr-und-hr\/"},"author":{"name":"J\u00f6rg Lichtinger","@id":"https:\/\/www.jazzzeitung.de\/cms\/#\/schema\/person\/4c5aaf486bdcd85db94b9a8b9e026bad"},"headline":"Jazzfestivals bei WDR und hr \u2013 live on air und im Netz!","datePublished":"2010-10-28T17:19:54+00:00","mainEntityOfPage":{"@id":"https:\/\/www.jazzzeitung.de\/cms\/2010\/10\/jazzfestivals-bei-wdr-und-hr\/"},"wordCount":248,"commentCount":0,"publisher":{"@id":"https:\/\/www.jazzzeitung.de\/cms\/#organization"},"image":{"@id":"https:\/\/www.jazzzeitung.de\/cms\/2010\/10\/jazzfestivals-bei-wdr-und-hr\/#primaryimage"},"thumbnailUrl":"http:\/\/www.jazzzeitung.de\/cms\/wp-content\/uploads\/2010\/10\/hr-Bigband_by_Dirk_Ostermeier_quer_mit_Diri-300x199.jpg","keywords":["Aki Takase","Big Band","Bill Evans","Bujazzo","Courtney Pine","dave holland","Festival","Frankfurt","Fred Wesley","Frederik K\u00f6ster","Gwilym Simcock","Hessischer Rundfunk","hr 2","jazz.cologne","Konzerte","Rudi Mahall","Stefan Schultze","Tony Lakatos","WDR","WDR 3","WDR BigBand"],"articleSection":["Blog"],"inLanguage":"de","potentialAction":[{"@type":"CommentAction","name":"Comment","target":["https:\/\/www.jazzzeitung.de\/cms\/2010\/10\/jazzfestivals-bei-wdr-und-hr\/#respond"]}]},{"@type":"WebPage","@id":"https:\/\/www.jazzzeitung.de\/cms\/2010\/10\/jazzfestivals-bei-wdr-und-hr\/","url":"https:\/\/www.jazzzeitung.de\/cms\/2010\/10\/jazzfestivals-bei-wdr-und-hr\/","name":"Jazzfestivals bei WDR und hr \u2013 live on air und im Netz! - JazzZeitung","isPartOf":{"@id":"https:\/\/www.jazzzeitung.de\/cms\/#website"},"primaryImageOfPage":{"@id":"https:\/\/www.jazzzeitung.de\/cms\/2010\/10\/jazzfestivals-bei-wdr-und-hr\/#primaryimage"},"image":{"@id":"https:\/\/www.jazzzeitung.de\/cms\/2010\/10\/jazzfestivals-bei-wdr-und-hr\/#primaryimage"},"thumbnailUrl":"http:\/\/www.jazzzeitung.de\/cms\/wp-content\/uploads\/2010\/10\/hr-Bigband_by_Dirk_Ostermeier_quer_mit_Diri-300x199.jpg","datePublished":"2010-10-28T17:19:54+00:00","breadcrumb":{"@id":"https:\/\/www.jazzzeitung.de\/cms\/2010\/10\/jazzfestivals-bei-wdr-und-hr\/#breadcrumb"},"inLanguage":"de","potentialAction":[{"@type":"ReadAction","target":["https:\/\/www.jazzzeitung.de\/cms\/2010\/10\/jazzfestivals-bei-wdr-und-hr\/"]}]},{"@type":"ImageObject","inLanguage":"de","@id":"https:\/\/www.jazzzeitung.de\/cms\/2010\/10\/jazzfestivals-bei-wdr-und-hr\/#primaryimage","url":"http:\/\/www.jazzzeitung.de\/cms\/wp-content\/uploads\/2010\/10\/hr-Bigband_by_Dirk_Ostermeier_quer_mit_Diri-300x199.jpg","contentUrl":"http:\/\/www.jazzzeitung.de\/cms\/wp-content\/uploads\/2010\/10\/hr-Bigband_by_Dirk_Ostermeier_quer_mit_Diri-300x199.jpg"},{"@type":"BreadcrumbList","@id":"https:\/\/www.jazzzeitung.de\/cms\/2010\/10\/jazzfestivals-bei-wdr-und-hr\/#breadcrumb","itemListElement":[{"@type":"ListItem","position":1,"name":"Startseite","item":"https:\/\/www.jazzzeitung.de\/cms\/"},{"@type":"ListItem","position":2,"name":"Jazzfestivals bei WDR und hr \u2013 live on air und im Netz!"}]},{"@type":"WebSite","@id":"https:\/\/www.jazzzeitung.de\/cms\/#website","url":"https:\/\/www.jazzzeitung.de\/cms\/","name":"JazzZeitung","description":"Jazz-News und Jazz-Kontroverses","publisher":{"@id":"https:\/\/www.jazzzeitung.de\/cms\/#organization"},"potentialAction":[{"@type":"SearchAction","target":{"@type":"EntryPoint","urlTemplate":"https:\/\/www.jazzzeitung.de\/cms\/?s={search_term_string}"},"query-input":{"@type":"PropertyValueSpecification","valueRequired":true,"valueName":"search_term_string"}}],"inLanguage":"de"},{"@type":"Organization","@id":"https:\/\/www.jazzzeitung.de\/cms\/#organization","name":"JazzZeitung online","url":"https:\/\/www.jazzzeitung.de\/cms\/","logo":{"@type":"ImageObject","inLanguage":"de","@id":"https:\/\/www.jazzzeitung.de\/cms\/#\/schema\/logo\/image\/","url":"https:\/\/i0.wp.com\/www.jazzzeitung.de\/cms\/wp-content\/uploads\/2015\/08\/JAZZZEITUNGDE_Logo_Neu.png?fit=499%2C200&ssl=1","contentUrl":"https:\/\/i0.wp.com\/www.jazzzeitung.de\/cms\/wp-content\/uploads\/2015\/08\/JAZZZEITUNGDE_Logo_Neu.png?fit=499%2C200&ssl=1","width":499,"height":200,"caption":"JazzZeitung online"},"image":{"@id":"https:\/\/www.jazzzeitung.de\/cms\/#\/schema\/logo\/image\/"},"sameAs":["https:\/\/www.facebook.com\/JazzZeitung\/"]},{"@type":"Person","@id":"https:\/\/www.jazzzeitung.de\/cms\/#\/schema\/person\/4c5aaf486bdcd85db94b9a8b9e026bad","name":"J\u00f6rg Lichtinger","image":{"@type":"ImageObject","inLanguage":"de","@id":"https:\/\/secure.gravatar.com\/avatar\/8d1d484eb77cf370a1620f9866681cdba540c9b8439ce96ea0c830dd3b59936c?s=96&d=wp_user_avatar&r=ge66dff7680db2349fb79ae0cb2d734e3","url":"https:\/\/secure.gravatar.com\/avatar\/8d1d484eb77cf370a1620f9866681cdba540c9b8439ce96ea0c830dd3b59936c?s=96&d=wp_user_avatar&r=g","contentUrl":"https:\/\/secure.gravatar.com\/avatar\/8d1d484eb77cf370a1620f9866681cdba540c9b8439ce96ea0c830dd3b59936c?s=96&d=wp_user_avatar&r=g","caption":"J\u00f6rg Lichtinger"},"url":"https:\/\/www.jazzzeitung.de\/cms\/author\/lichtinger\/"}]}},"wp-worthy-pixel":{"ignored":false,"public":null,"server":null,"url":null},"wp-worthy-type":"normal","jetpack_publicize_connections":[],"cc_featured_image_caption":{"caption_text":false,"source_text":false,"source_url":false},"jetpack_featured_media_url":"","jetpack_shortlink":"https:\/\/wp.me\/p3KEcT-8n","jetpack-related-posts":[{"id":7450,"url":"https:\/\/www.jazzzeitung.de\/cms\/2015\/10\/hoellen-jazz-und-michael-mantler-frankfurt\/","url_meta":{"origin":519,"position":0},"title":"H\u00f6llen-Jazz und Michael Mantler in Frankfurt","author":"Redaktion JazzZeitung","date":"23. Oktober 2015","format":false,"excerpt":"Der Auftritt der hr-Bigband am ersten Konzertabend des 46. Deutschen Jazzfestivals Frankfurt wird eine spannende Begegnung mit dem Free-Jazz-Trompeter und Bigband-Komponisten Michael Mantler. Unter der Leitung von Christoph Cech wird er das dreit\u00e4gige Festival am Donnerstag, 29. Oktober, im hr-Sendesaal er\u00f6ffnen. Der Festivalsamstag, 31. Oktober, steht ganz im Zeichen von\u2026","rel":"","context":"In &quot;Redaktionelle Nachrichten&quot;","block_context":{"text":"Redaktionelle Nachrichten","link":"https:\/\/www.jazzzeitung.de\/cms\/thema\/redaktion\/"},"img":{"alt_text":"\u00a9 HR\/Sascha Rheker\/attenzione","src":"https:\/\/i0.wp.com\/www.jazzzeitung.de\/cms\/wp-content\/uploads\/2015\/10\/michael-mantler-150x150.jpg?resize=350%2C200","width":350,"height":200},"classes":[]},{"id":23673,"url":"https:\/\/www.jazzzeitung.de\/cms\/2020\/10\/die-jazz-radiowoche-vom-26-10-20-bis-01-11-2020\/","url_meta":{"origin":519,"position":1},"title":"Die Jazz-Radiowoche vom 26.10.20 bis 01.11.2020","author":"Martin Hufner","date":"25. Oktober 2020","format":false,"excerpt":"Ein kleiner Blick in die Jazzwoche 44 im Radio. Alle Angaben ohne Gew\u00e4hr. Unter anderem: Deutsches Jazzfestival Frankfurt 2020.","rel":"","context":"In &quot;News&quot;","block_context":{"text":"News","link":"https:\/\/www.jazzzeitung.de\/cms\/thema\/nachrichten\/"},"img":{"alt_text":"Jazz im Radio. Foto: Hufner","src":"https:\/\/i0.wp.com\/www.jazzzeitung.de\/cms\/wp-content\/uploads\/2019\/03\/jazz_im_radio.jpg?fit=1200%2C773&ssl=1&resize=350%2C200","width":350,"height":200,"srcset":"https:\/\/i0.wp.com\/www.jazzzeitung.de\/cms\/wp-content\/uploads\/2019\/03\/jazz_im_radio.jpg?fit=1200%2C773&ssl=1&resize=350%2C200 1x, https:\/\/i0.wp.com\/www.jazzzeitung.de\/cms\/wp-content\/uploads\/2019\/03\/jazz_im_radio.jpg?fit=1200%2C773&ssl=1&resize=525%2C300 1.5x, https:\/\/i0.wp.com\/www.jazzzeitung.de\/cms\/wp-content\/uploads\/2019\/03\/jazz_im_radio.jpg?fit=1200%2C773&ssl=1&resize=700%2C400 2x, https:\/\/i0.wp.com\/www.jazzzeitung.de\/cms\/wp-content\/uploads\/2019\/03\/jazz_im_radio.jpg?fit=1200%2C773&ssl=1&resize=1050%2C600 3x"},"classes":[]},{"id":2207,"url":"https:\/\/www.jazzzeitung.de\/cms\/2013\/08\/44-deutsches-jazzfestival-frankfurt-im-oktober\/","url_meta":{"origin":519,"position":2},"title":"44. Deutsches Jazzfestival Frankfurt im Oktober","author":"Ursula Gaisa","date":"21. August 2013","format":false,"excerpt":"Unter dem Titel \u201eBits\u2019n\u2019Bytes\u201c beleuchtet das 44. Deutsche Jazzfestival Frankfurt 2013 das Spannungsfeld zwischen traditionellem, eher akustisch gepr\u00e4gtem Jazz und digitalen Technologien. Vom 24. bis 26. Oktober suchen im hr-Sendesaal der franz\u00f6sische Saxofonist Guillaume Perret & The Electric Epic, die britische Band Troyka und die deutsch-norwegische Formation des Frankfurter Klangt\u00fcftlers\u2026","rel":"","context":"In &quot;News&quot;","block_context":{"text":"News","link":"https:\/\/www.jazzzeitung.de\/cms\/thema\/nachrichten\/"},"img":{"alt_text":"Foto: hr\/Laurence Labat","src":"https:\/\/i0.wp.com\/www.jazzzeitung.de\/cms\/wp-content\/uploads\/2013\/08\/holland.jpg?resize=350%2C200","width":350,"height":200},"classes":[]},{"id":9876,"url":"https:\/\/www.jazzzeitung.de\/cms\/2016\/08\/news30-jahre-stadtgartenjazzthe-citydas-47-deutsche-jazzfestival-frankfurt-2016\/","url_meta":{"origin":519,"position":3},"title":"+++ News +++ Das 47. Deutsche Jazzfestival Frankfurt 2016 +++ 30 Jahre Stadtgarten +++ Jazz&#038;The City +++","author":"Redaktion JazzZeitung","date":"16. August 2016","format":false,"excerpt":"+++ F\u00fcnf Tage, drei B\u00fchnen, ein Festival - Das 47. Deutsche Jazzfestival Frankfurt 2016 +++ Vom 26. bis 30. Oktober laden 12 Musikformationen zu verschiedenen Konzerten in Frankfurt. In der 47. Ausgabe wagt das Deutsche Jazzfestival den Sprung in die City. Das Auftaktkonzert in der Alten Oper, Elektro-Sounds und Clubmusik\u2026","rel":"","context":"In &quot;News&quot;","block_context":{"text":"News","link":"https:\/\/www.jazzzeitung.de\/cms\/thema\/nachrichten\/"},"img":{"alt_text":"frankfurt","src":"https:\/\/i0.wp.com\/www.jazzzeitung.de\/cms\/wp-content\/uploads\/2016\/08\/frankfurt-150x150.jpg?resize=350%2C200","width":350,"height":200},"classes":[]},{"id":13901,"url":"https:\/\/www.jazzzeitung.de\/cms\/2017\/10\/die-jazz-radio-woche-vom-23-10-bis-29-10-2017\/","url_meta":{"origin":519,"position":4},"title":"Die Jazz-Radio-Woche vom 23.10. bis 29.10.2017","author":"Martin Hufner","date":"22. Oktober 2017","format":false,"excerpt":"Ein subjektiver Blick in die Jazzwoche im Radio (KW 43). 48. Deutsches Jazzfestival Frankfurt 2017 - Live-\u00dcbertragung aus der Alten Oper Frankfurt. Dazu: Dizzy Gillespie zum 100. Geburtstag, Angelika Niescier \/ Florian Weber Quintet, Viktoria Tolstoy & Band, Bud Powell, Julian und Roman Wasserfuhr, Ketil Bj\u00f8rnstadt, Stephan Micus, Jean-Philippe Viret,\u2026","rel":"","context":"In &quot;Radio&quot;","block_context":{"text":"Radio","link":"https:\/\/www.jazzzeitung.de\/cms\/thema\/radio\/"},"img":{"alt_text":"Jazz im Radio","src":"https:\/\/i0.wp.com\/www.jazzzeitung.de\/cms\/wp-content\/uploads\/2017\/10\/radio-jazz-neu.jpg?fit=1200%2C900&ssl=1&resize=350%2C200","width":350,"height":200,"srcset":"https:\/\/i0.wp.com\/www.jazzzeitung.de\/cms\/wp-content\/uploads\/2017\/10\/radio-jazz-neu.jpg?fit=1200%2C900&ssl=1&resize=350%2C200 1x, https:\/\/i0.wp.com\/www.jazzzeitung.de\/cms\/wp-content\/uploads\/2017\/10\/radio-jazz-neu.jpg?fit=1200%2C900&ssl=1&resize=525%2C300 1.5x, https:\/\/i0.wp.com\/www.jazzzeitung.de\/cms\/wp-content\/uploads\/2017\/10\/radio-jazz-neu.jpg?fit=1200%2C900&ssl=1&resize=700%2C400 2x, https:\/\/i0.wp.com\/www.jazzzeitung.de\/cms\/wp-content\/uploads\/2017\/10\/radio-jazz-neu.jpg?fit=1200%2C900&ssl=1&resize=1050%2C600 3x"},"classes":[]},{"id":13658,"url":"https:\/\/www.jazzzeitung.de\/cms\/2017\/10\/die-jazz-radio-woche-vom-10-10-bis-15-10-2017\/","url_meta":{"origin":519,"position":5},"title":"Die Jazz-Radio-Woche vom 10.10. bis 15.10.2017","author":"Huflaikhan","date":"8. Oktober 2017","format":false,"excerpt":"Ein subjektiver Blick in die Jazzwoche im Radio. Schwerpunkt ist selbstverst\u00e4ndlich Thelonious Monks 100. Geburtstag. Weiters gibt es zum Beispiel: Michel Camilo & Tomatito, Babette Michel, Portr\u00e4t der Saxofonistin und Komponistin Angelika Niescier, Emile Parisien Quartet und das Trio Idioma, John Patitucci, Pianoduo Iana mit Christine Wodrascka und Betty Hovette,\u2026","rel":"","context":"In &quot;Radio&quot;","block_context":{"text":"Radio","link":"https:\/\/www.jazzzeitung.de\/cms\/thema\/radio\/"},"img":{"alt_text":"Jazz im Radio","src":"https:\/\/i0.wp.com\/www.jazzzeitung.de\/cms\/wp-content\/uploads\/2017\/10\/radio-jazz-neu.jpg?fit=1200%2C900&ssl=1&resize=350%2C200","width":350,"height":200,"srcset":"https:\/\/i0.wp.com\/www.jazzzeitung.de\/cms\/wp-content\/uploads\/2017\/10\/radio-jazz-neu.jpg?fit=1200%2C900&ssl=1&resize=350%2C200 1x, https:\/\/i0.wp.com\/www.jazzzeitung.de\/cms\/wp-content\/uploads\/2017\/10\/radio-jazz-neu.jpg?fit=1200%2C900&ssl=1&resize=525%2C300 1.5x, https:\/\/i0.wp.com\/www.jazzzeitung.de\/cms\/wp-content\/uploads\/2017\/10\/radio-jazz-neu.jpg?fit=1200%2C900&ssl=1&resize=700%2C400 2x, https:\/\/i0.wp.com\/www.jazzzeitung.de\/cms\/wp-content\/uploads\/2017\/10\/radio-jazz-neu.jpg?fit=1200%2C900&ssl=1&resize=1050%2C600 3x"},"classes":[]}],"jetpack_sharing_enabled":true,"_links":{"self":[{"href":"https:\/\/www.jazzzeitung.de\/cms\/wp-json\/wp\/v2\/posts\/519","targetHints":{"allow":["GET"]}}],"collection":[{"href":"https:\/\/www.jazzzeitung.de\/cms\/wp-json\/wp\/v2\/posts"}],"about":[{"href":"https:\/\/www.jazzzeitung.de\/cms\/wp-json\/wp\/v2\/types\/post"}],"author":[{"embeddable":true,"href":"https:\/\/www.jazzzeitung.de\/cms\/wp-json\/wp\/v2\/users\/4"}],"replies":[{"embeddable":true,"href":"https:\/\/www.jazzzeitung.de\/cms\/wp-json\/wp\/v2\/comments?post=519"}],"version-history":[{"count":0,"href":"https:\/\/www.jazzzeitung.de\/cms\/wp-json\/wp\/v2\/posts\/519\/revisions"}],"wp:attachment":[{"href":"https:\/\/www.jazzzeitung.de\/cms\/wp-json\/wp\/v2\/media?parent=519"}],"wp:term":[{"taxonomy":"category","embeddable":true,"href":"https:\/\/www.jazzzeitung.de\/cms\/wp-json\/wp\/v2\/categories?post=519"},{"taxonomy":"post_tag","embeddable":true,"href":"https:\/\/www.jazzzeitung.de\/cms\/wp-json\/wp\/v2\/tags?post=519"},{"taxonomy":"author","embeddable":true,"href":"https:\/\/www.jazzzeitung.de\/cms\/wp-json\/wp\/v2\/coauthors?post=519"}],"curies":[{"name":"wp","href":"https:\/\/api.w.org\/{rel}","templated":true}]}}