{"id":5168,"date":"2014-12-19T11:03:34","date_gmt":"2014-12-19T10:03:34","guid":{"rendered":"http:\/\/www.jazzzeitung.de\/cms\/?p=5168"},"modified":"2015-01-23T13:23:09","modified_gmt":"2015-01-23T12:23:09","slug":"das-portal-zum-jazz-wuenscht-frohe-weihnachten","status":"publish","type":"post","link":"https:\/\/www.jazzzeitung.de\/cms\/2014\/12\/das-portal-zum-jazz-wuenscht-frohe-weihnachten\/","title":{"rendered":"Das Portal zum Jazz w\u00fcnscht frohe Weihnachten"},"content":{"rendered":"<p><a href=\"https:\/\/i0.wp.com\/www.jazzzeitung.de\/cms\/wp-content\/uploads\/2014\/12\/Home-Cover-Thumb.jpg\"><img data-recalc-dims=\"1\" loading=\"lazy\" decoding=\"async\" data-attachment-id=\"5169\" data-permalink=\"https:\/\/www.jazzzeitung.de\/cms\/2014\/12\/das-portal-zum-jazz-wuenscht-frohe-weihnachten\/home-cover-thumb\/\" data-orig-file=\"https:\/\/i0.wp.com\/www.jazzzeitung.de\/cms\/wp-content\/uploads\/2014\/12\/Home-Cover-Thumb.jpg?fit=300%2C270&amp;ssl=1\" data-orig-size=\"300,270\" data-comments-opened=\"1\" data-image-meta=\"{&quot;aperture&quot;:&quot;0&quot;,&quot;credit&quot;:&quot;&quot;,&quot;camera&quot;:&quot;&quot;,&quot;caption&quot;:&quot;&quot;,&quot;created_timestamp&quot;:&quot;0&quot;,&quot;copyright&quot;:&quot;&quot;,&quot;focal_length&quot;:&quot;0&quot;,&quot;iso&quot;:&quot;0&quot;,&quot;shutter_speed&quot;:&quot;0&quot;,&quot;title&quot;:&quot;&quot;,&quot;orientation&quot;:&quot;0&quot;}\" data-image-title=\"Home-Cover-Thumb\" data-image-description=\"\" data-image-caption=\"\" data-large-file=\"https:\/\/i0.wp.com\/www.jazzzeitung.de\/cms\/wp-content\/uploads\/2014\/12\/Home-Cover-Thumb.jpg?fit=300%2C270&amp;ssl=1\" class=\"alignright size-thumbnail wp-image-5169\" src=\"https:\/\/i0.wp.com\/www.jazzzeitung.de\/cms\/wp-content\/uploads\/2014\/12\/Home-Cover-Thumb-150x150.jpg?resize=150%2C150\" alt=\"Home-Cover-Thumb\" width=\"150\" height=\"150\" srcset=\"https:\/\/i0.wp.com\/www.jazzzeitung.de\/cms\/wp-content\/uploads\/2014\/12\/Home-Cover-Thumb.jpg?resize=150%2C150&amp;ssl=1 150w, https:\/\/i0.wp.com\/www.jazzzeitung.de\/cms\/wp-content\/uploads\/2014\/12\/Home-Cover-Thumb.jpg?resize=144%2C144&amp;ssl=1 144w, https:\/\/i0.wp.com\/www.jazzzeitung.de\/cms\/wp-content\/uploads\/2014\/12\/Home-Cover-Thumb.jpg?resize=96%2C96&amp;ssl=1 96w, https:\/\/i0.wp.com\/www.jazzzeitung.de\/cms\/wp-content\/uploads\/2014\/12\/Home-Cover-Thumb.jpg?resize=24%2C24&amp;ssl=1 24w, https:\/\/i0.wp.com\/www.jazzzeitung.de\/cms\/wp-content\/uploads\/2014\/12\/Home-Cover-Thumb.jpg?resize=36%2C36&amp;ssl=1 36w, https:\/\/i0.wp.com\/www.jazzzeitung.de\/cms\/wp-content\/uploads\/2014\/12\/Home-Cover-Thumb.jpg?resize=48%2C48&amp;ssl=1 48w, https:\/\/i0.wp.com\/www.jazzzeitung.de\/cms\/wp-content\/uploads\/2014\/12\/Home-Cover-Thumb.jpg?resize=64%2C64&amp;ssl=1 64w, https:\/\/i0.wp.com\/www.jazzzeitung.de\/cms\/wp-content\/uploads\/2014\/12\/Home-Cover-Thumb.jpg?resize=32%2C32&amp;ssl=1 32w, https:\/\/i0.wp.com\/www.jazzzeitung.de\/cms\/wp-content\/uploads\/2014\/12\/Home-Cover-Thumb.jpg?resize=128%2C128&amp;ssl=1 128w, https:\/\/i0.wp.com\/www.jazzzeitung.de\/cms\/wp-content\/uploads\/2014\/12\/Home-Cover-Thumb.jpg?zoom=2&amp;resize=150%2C150&amp;ssl=1 300w\" sizes=\"auto, (max-width: 150px) 100vw, 150px\" \/><\/a>Mit ein paar Last-Minute-Geschenk-Tipps m\u00f6chten wir uns f\u00fcr 2014 von unseren Leserinnen und Lesern verabschieden. Wir machen &#8211; wie alle &#8211; ein bisschen Urlaub und werden ab 5. Januar wieder zur\u00fcck sein mit einem News-\u00dcberblick und t\u00e4glich neuen Beitr\u00e4gen. Danke f\u00fcr alle Kommentare, Besuche und Ihre Treue.<\/p>\n<p>Und los geht&#8217;s mit einem Buch-Tipp: Startrompeter Till Br\u00f6nner ist n\u00e4mlich auch eine guter Fotograf, wie vielleicht noch nicht alle wissen. Sein Fotoband ist im Verlag TeNeues erschienen und hei\u00dft &#8222;Till Br\u00f6nner: Faces of Talent&#8220; (Kempen 2014, 208 Seiten, 98 Euro (ISBN 978-3-8327-9865-9)) &#8211; und hier die Rezension von Reiner Kobe:\u00a0 Ein Talent Till Br\u00f6nners blieb bislang verborgen, das als Fotograf. Jetzt legt der Trompeter gleich einen ganzen Band seiner eindr\u00fccklichen Schwarz\/Wei\u00df-Fotos vor. Die meisten Aufnahmen sind spontan entstanden, wie es sich f\u00fcr einen Jazzmusiker geh\u00f6rt, also ohne Set und k\u00fcnstliches Licht. Br\u00f6nner trifft dabei nicht nur den richtigen Ton, sondern auch den richtigen Punkt, um auf den Abzug seiner Leica zu dr\u00fccken. In seinem reduzierten Stil f\u00f6rdert Br\u00f6nner auch unbekannte Seiten bekannter Pers\u00f6nlichkeiten zu Tage.<\/p>\n<p><a href=\"https:\/\/i0.wp.com\/www.jazzzeitung.de\/cms\/wp-content\/uploads\/2014\/12\/79865_C.jpg\"><img data-recalc-dims=\"1\" loading=\"lazy\" decoding=\"async\" data-attachment-id=\"5170\" data-permalink=\"https:\/\/www.jazzzeitung.de\/cms\/2014\/12\/das-portal-zum-jazz-wuenscht-frohe-weihnachten\/79865_c\/\" data-orig-file=\"https:\/\/i0.wp.com\/www.jazzzeitung.de\/cms\/wp-content\/uploads\/2014\/12\/79865_C.jpg?fit=1442%2C1772&amp;ssl=1\" data-orig-size=\"1442,1772\" data-comments-opened=\"1\" data-image-meta=\"{&quot;aperture&quot;:&quot;0&quot;,&quot;credit&quot;:&quot;&quot;,&quot;camera&quot;:&quot;&quot;,&quot;caption&quot;:&quot;&quot;,&quot;created_timestamp&quot;:&quot;0&quot;,&quot;copyright&quot;:&quot;&quot;,&quot;focal_length&quot;:&quot;0&quot;,&quot;iso&quot;:&quot;0&quot;,&quot;shutter_speed&quot;:&quot;0&quot;,&quot;title&quot;:&quot;&quot;,&quot;orientation&quot;:&quot;1&quot;}\" data-image-title=\"79865_C\" data-image-description=\"\" data-image-caption=\"\" data-large-file=\"https:\/\/i0.wp.com\/www.jazzzeitung.de\/cms\/wp-content\/uploads\/2014\/12\/79865_C.jpg?fit=488%2C600&amp;ssl=1\" class=\"aligncenter size-large wp-image-5170\" src=\"https:\/\/i0.wp.com\/www.jazzzeitung.de\/cms\/wp-content\/uploads\/2014\/12\/79865_C-488x600.jpg?resize=488%2C600\" alt=\"79865_C\" width=\"488\" height=\"600\" srcset=\"https:\/\/i0.wp.com\/www.jazzzeitung.de\/cms\/wp-content\/uploads\/2014\/12\/79865_C.jpg?resize=488%2C600&amp;ssl=1 488w, https:\/\/i0.wp.com\/www.jazzzeitung.de\/cms\/wp-content\/uploads\/2014\/12\/79865_C.jpg?resize=244%2C300&amp;ssl=1 244w, https:\/\/i0.wp.com\/www.jazzzeitung.de\/cms\/wp-content\/uploads\/2014\/12\/79865_C.jpg?resize=900%2C1105&amp;ssl=1 900w, https:\/\/i0.wp.com\/www.jazzzeitung.de\/cms\/wp-content\/uploads\/2014\/12\/79865_C.jpg?w=1442&amp;ssl=1 1442w\" sizes=\"auto, (max-width: 488px) 100vw, 488px\" \/><\/a><\/p>\n<p>Offen blicken deren Gesichter in die Kamera, meist freundlich, selten skeptisch. Dass diese Gesichter vielfach \u201eLandschaften aus Linien und Furchen sind\u201c, wie es im Vorwort hei\u00dft, hat mit Br\u00f6nners besonderer Technik der Nahaufnahme, aber auch mit dem Wesen der Abgelichteten zu tun. Nicht nur Musikerkollegen wie Hugh Masekela, Baby Sommer, Charlie Haden, Rolf K\u00fchn oder Gregory Porter sind es, die sich stellten, sondern auch Schauspieler wie Armin M\u00fcller-Stahl oder Tom Schilling. Portr\u00e4ts insgesamt, die vom Gewohnten abweichen und unbekannte Facetten von Menschen zeigen. \u201eDass auch in Bildern, in bewegten wie eingefrorenen, Musik stecken kann\u201c, davon ist Till Br\u00f6nner, bilanzierend, \u00fcberzeugt. Im Index des Prachtbandes, der nochmals alle Fotos im Kleinformat zeigt, erl\u00e4utert er jede seiner pers\u00f6nlichen Begegnungen mit den Protagonisten. (Mehr dazu in der ersten Ausgabe von SILBERHORN, dem Magazin von nmz und JazzZeitung, siehe <a href=\"http:\/\/www.nmz.de\/silberhorn\" target=\"_blank\">www.nmz.de\/silberhorn<\/a>)<\/p>\n<p>+++<\/p>\n<p>Weihnachts-CDs flattern seit Oktober schon ins Haus, wir greifen drei heraus, die wir besonders gut finden:<\/p>\n<p>1) Lisa Wahlandt \/ Sven Faller: Home for Christmas (Enja enj-9728)<\/p>\n<p>Mal zur Abwechslung eine richtig sch\u00f6ne Auswahl, und die Neuarrangements von Klassikern wie &#8222;Santa Claus Is Coming To Town&#8220;, &#8222;Little Drummer Boy&#8220; oder &#8222;O Come, All Ye Faithfull&#8220; swingen, grooven und sind so angenehm wie ein kuschliger Abend vorm Kamin. &#8222;River&#8220; von Joni Mitchell, &#8222;Es wird scho glei dumpa&#8220; oder &#8222;Still, still, still&#8220; hat man selten vorher so geh\u00f6rt&#8230; Wunderbar. Eine CD, die man sicher nicht nur zur Weihnachtszeit immer wieder auflegen wird. Mit dabei: Azhar Kamal (git), Andreas Dombert (git), Jan Eschke (p) und Walter Lang (p).<\/p>\n<p>2) Steffi Denk &amp; Flexible Friends: It&#8217;s Beginning To Look A Lot Like Christmas (Lodo Music 1401, <a href=\"http:\/\/www.flexiblefriends.de\" target=\"_blank\">www.flexiblefriends.de<\/a>)<\/p>\n<p>Als die &#8222;sch\u00e4rfste Stimme Bayerns&#8220; hat sie Max Greger einmal bezeichnet: Steffi Denk, niederbayerische R\u00f6hre&#8230; Seit Jahren auf Weihnachts-Galas unterwegs, ist sie Spezialistin f\u00fcr Weihnachtslieder. Jetzt hat sie mit ihren &#8222;Flexible Friends&#8220; (Norbert Ziegler, p, tr, fh; Martin &#8222;M\u00f6ppl&#8220; Jungmayer, sax, Markus Fritsch, b, und Michael &#8222;Scotty&#8220; Gottwald, dr) eine lang erwartete CD aufgenommen. Hier wird voll aus dem Great American Christmas Songbook gesch\u00f6pft. Die Interpetationen sind elegant, ausgewogen, manchmal frech und machen einfach Spa\u00df. Und wenn die Herren stimmlich mit einfallen, bleibt kein Auge trocken. Perfekt f\u00fcr das Weihnachts-Dinner und die Party danach&#8230;<\/p>\n<p>3) Vibraxophonie Vokal: Da haben die Dornen Rosen getragen (Direktvertrieb <a href=\"http:\/\/www.vibraxophonie.de\" target=\"_blank\">www.vibraxophonie.de<\/a>)<\/p>\n<p>Wer&#8217;s etwas besinnlicher und traditioneller mag: die Jugend macht&#8217;s vor. Dieser Live-Mitschnitt von 2013 mit Julian Schunter, sax, und Felix Prihoda, vibr, gesanglich unterst\u00fctzt von Margot Melissen und Bekki Deckart bezaubert mit Klassikern wie dem Titelst\u00fcck, &#8222;Es kommt ein Schiff, geladen&#8220; oder &#8222;Nun freut euch, Ihr Christen&#8220;. Das Ganze ist modern arrangiert und vermittelt doch reine ruhige Weihnachtsstimmung.<\/p>\n<p>So, f\u00fcr die Musik ist gesorgt, wir w\u00fcnschen allen ein wunderbares Fest!<\/p>\n<p>Ihre Ursula Gaisa<\/p>\n","protected":false},"excerpt":{"rendered":"<p>Mit ein paar Last-Minute-Geschenk-Tipps m\u00f6chten wir uns f\u00fcr 2014 von unseren Leserinnen und Lesern verabschieden. Wir machen &#8211; wie alle &#8211; ein bisschen Urlaub und werden ab 5. Januar wieder zur\u00fcck sein mit einem News-\u00dcberblick und t\u00e4glich neuen Beitr\u00e4gen. Danke f\u00fcr alle Kommentare, Besuche und Ihre Treue. Und los geht&#8217;s mit einem Buch-Tipp: Startrompeter Till Br\u00f6nner ist n\u00e4mlich auch eine guter Fotograf, wie vielleicht noch nicht alle wissen. Sein Fotoband ist im Verlag TeNeues erschienen und hei\u00dft &#8222;Till Br\u00f6nner: Faces of Talent&#8220; (Kempen 2014, 208 Seiten, 98 Euro (ISBN 978-3-8327-9865-9)) &#8211; und hier die Rezension von Reiner Kobe:\u00a0 Ein Talent Till Br\u00f6nners blieb bislang verborgen, das als Fotograf. Jetzt legt der Trompeter gleich einen ganzen Band seiner eindr\u00fccklichen Schwarz\/Wei\u00df-Fotos vor. Die meisten Aufnahmen sind spontan entstanden, wie es sich f\u00fcr einen Jazzmusiker geh\u00f6rt, also ohne Set und k\u00fcnstliches Licht. Br\u00f6nner trifft dabei nicht nur den richtigen Ton, sondern auch den richtigen Punkt, um auf den Abzug seiner Leica zu dr\u00fccken. In seinem reduzierten Stil f\u00f6rdert Br\u00f6nner auch unbekannte Seiten bekannter Pers\u00f6nlichkeiten zu Tage. Offen blicken deren Gesichter in die Kamera, meist freundlich, selten skeptisch. Dass &hellip;<\/p>\n","protected":false},"author":18,"featured_media":0,"comment_status":"open","ping_status":"closed","sticky":false,"template":"","format":"standard","meta":{"_jetpack_memberships_contains_paid_content":false,"footnotes":"","jetpack_publicize_message":"","jetpack_publicize_feature_enabled":true,"jetpack_social_post_already_shared":false,"jetpack_social_options":{"image_generator_settings":{"template":"highway","default_image_id":0,"font":"","enabled":false},"version":2}},"categories":[633],"tags":[941,97,109,163,1146,1148,1149,1142,281,294,855,356,421,474,1147,549,982,586,595,832],"coauthors":[695],"class_list":["post-5168","post","type-post","status-publish","format-standard","hentry","category-nachrichten","tag-andreas-dombert","tag-buch","tag-cd","tag-enja","tag-faces-of-talentsven-faller","tag-flexible-friends","tag-geschenk-tipps","tag-gregory-porter","tag-jazzmusiker","tag-jazzzeitung","tag-julian-schunter","tag-lisa-wahlandt","tag-nmz","tag-rolf-kuehn","tag-steffi-denk","tag-till-broenner","tag-ursula-gaisa","tag-walter-lang","tag-weihnachten","tag-weihnachts-cds"],"yoast_head":"<!-- This site is optimized with the Yoast SEO plugin v27.5 - https:\/\/yoast.com\/product\/yoast-seo-wordpress\/ -->\n<title>Das Portal zum Jazz w\u00fcnscht frohe Weihnachten - JazzZeitung<\/title>\n<meta name=\"robots\" content=\"index, follow, max-snippet:-1, max-image-preview:large, max-video-preview:-1\" \/>\n<link rel=\"canonical\" href=\"https:\/\/www.jazzzeitung.de\/cms\/2014\/12\/das-portal-zum-jazz-wuenscht-frohe-weihnachten\/\" \/>\n<meta property=\"og:locale\" content=\"de_DE\" \/>\n<meta property=\"og:type\" content=\"article\" \/>\n<meta property=\"og:title\" content=\"Das Portal zum Jazz w\u00fcnscht frohe Weihnachten - JazzZeitung\" \/>\n<meta property=\"og:description\" content=\"Mit ein paar Last-Minute-Geschenk-Tipps m\u00f6chten wir uns f\u00fcr 2014 von unseren Leserinnen und Lesern verabschieden. Wir machen &#8211; wie alle &#8211; ein bisschen Urlaub und werden ab 5. Januar wieder zur\u00fcck sein mit einem News-\u00dcberblick und t\u00e4glich neuen Beitr\u00e4gen. Danke f\u00fcr alle Kommentare, Besuche und Ihre Treue. Und los geht&#8217;s mit einem Buch-Tipp: Startrompeter Till Br\u00f6nner ist n\u00e4mlich auch eine guter Fotograf, wie vielleicht noch nicht alle wissen. Sein Fotoband ist im Verlag TeNeues erschienen und hei\u00dft &#8222;Till Br\u00f6nner: Faces of Talent&#8220; (Kempen 2014, 208 Seiten, 98 Euro (ISBN 978-3-8327-9865-9)) &#8211; und hier die Rezension von Reiner Kobe:\u00a0 Ein Talent Till Br\u00f6nners blieb bislang verborgen, das als Fotograf. Jetzt legt der Trompeter gleich einen ganzen Band seiner eindr\u00fccklichen Schwarz\/Wei\u00df-Fotos vor. Die meisten Aufnahmen sind spontan entstanden, wie es sich f\u00fcr einen Jazzmusiker geh\u00f6rt, also ohne Set und k\u00fcnstliches Licht. Br\u00f6nner trifft dabei nicht nur den richtigen Ton, sondern auch den richtigen Punkt, um auf den Abzug seiner Leica zu dr\u00fccken. In seinem reduzierten Stil f\u00f6rdert Br\u00f6nner auch unbekannte Seiten bekannter Pers\u00f6nlichkeiten zu Tage. Offen blicken deren Gesichter in die Kamera, meist freundlich, selten skeptisch. Dass &hellip;\" \/>\n<meta property=\"og:url\" content=\"https:\/\/www.jazzzeitung.de\/cms\/2014\/12\/das-portal-zum-jazz-wuenscht-frohe-weihnachten\/\" \/>\n<meta property=\"og:site_name\" content=\"JazzZeitung\" \/>\n<meta property=\"article:publisher\" content=\"https:\/\/www.facebook.com\/JazzZeitung\/\" \/>\n<meta property=\"article:published_time\" content=\"2014-12-19T10:03:34+00:00\" \/>\n<meta property=\"article:modified_time\" content=\"2015-01-23T12:23:09+00:00\" \/>\n<meta property=\"og:image\" content=\"http:\/\/www.jazzzeitung.de\/cms\/wp-content\/uploads\/2014\/12\/Home-Cover-Thumb-150x150.jpg\" \/>\n<meta name=\"author\" content=\"Redaktion JazzZeitung\" \/>\n<script type=\"application\/ld+json\" class=\"yoast-schema-graph\">{\"@context\":\"https:\\\/\\\/schema.org\",\"@graph\":[{\"@type\":\"Article\",\"@id\":\"https:\\\/\\\/www.jazzzeitung.de\\\/cms\\\/2014\\\/12\\\/das-portal-zum-jazz-wuenscht-frohe-weihnachten\\\/#article\",\"isPartOf\":{\"@id\":\"https:\\\/\\\/www.jazzzeitung.de\\\/cms\\\/2014\\\/12\\\/das-portal-zum-jazz-wuenscht-frohe-weihnachten\\\/\"},\"author\":{\"name\":\"Redaktion JazzZeitung\",\"@id\":\"https:\\\/\\\/www.jazzzeitung.de\\\/cms\\\/#\\\/schema\\\/person\\\/2245b36b9cd1d24cea10f01c031fb92b\"},\"headline\":\"Das Portal zum Jazz w\u00fcnscht frohe Weihnachten\",\"datePublished\":\"2014-12-19T10:03:34+00:00\",\"dateModified\":\"2015-01-23T12:23:09+00:00\",\"mainEntityOfPage\":{\"@id\":\"https:\\\/\\\/www.jazzzeitung.de\\\/cms\\\/2014\\\/12\\\/das-portal-zum-jazz-wuenscht-frohe-weihnachten\\\/\"},\"wordCount\":674,\"commentCount\":0,\"publisher\":{\"@id\":\"https:\\\/\\\/www.jazzzeitung.de\\\/cms\\\/#organization\"},\"image\":{\"@id\":\"https:\\\/\\\/www.jazzzeitung.de\\\/cms\\\/2014\\\/12\\\/das-portal-zum-jazz-wuenscht-frohe-weihnachten\\\/#primaryimage\"},\"thumbnailUrl\":\"http:\\\/\\\/www.jazzzeitung.de\\\/cms\\\/wp-content\\\/uploads\\\/2014\\\/12\\\/Home-Cover-Thumb-150x150.jpg\",\"keywords\":[\"Andreas Dombert\",\"Buch\",\"CD\",\"enja\",\"Faces Of TalentSven Faller\",\"Flexible Friends\",\"Geschenk-Tipps\",\"Gregory Porter\",\"Jazzmusiker\",\"Jazzzeitung\",\"Julian Schunter\",\"Lisa Wahlandt\",\"nmz\",\"Rolf K\u00fchn\",\"Steffi Denk\",\"Till Br\u00f6nner\",\"Ursula Gaisa\",\"Walter Lang\",\"Weihnachten\",\"Weihnachts-CDs\"],\"articleSection\":[\"News\"],\"inLanguage\":\"de\",\"potentialAction\":[{\"@type\":\"CommentAction\",\"name\":\"Comment\",\"target\":[\"https:\\\/\\\/www.jazzzeitung.de\\\/cms\\\/2014\\\/12\\\/das-portal-zum-jazz-wuenscht-frohe-weihnachten\\\/#respond\"]}]},{\"@type\":\"WebPage\",\"@id\":\"https:\\\/\\\/www.jazzzeitung.de\\\/cms\\\/2014\\\/12\\\/das-portal-zum-jazz-wuenscht-frohe-weihnachten\\\/\",\"url\":\"https:\\\/\\\/www.jazzzeitung.de\\\/cms\\\/2014\\\/12\\\/das-portal-zum-jazz-wuenscht-frohe-weihnachten\\\/\",\"name\":\"Das Portal zum Jazz w\u00fcnscht frohe Weihnachten - JazzZeitung\",\"isPartOf\":{\"@id\":\"https:\\\/\\\/www.jazzzeitung.de\\\/cms\\\/#website\"},\"primaryImageOfPage\":{\"@id\":\"https:\\\/\\\/www.jazzzeitung.de\\\/cms\\\/2014\\\/12\\\/das-portal-zum-jazz-wuenscht-frohe-weihnachten\\\/#primaryimage\"},\"image\":{\"@id\":\"https:\\\/\\\/www.jazzzeitung.de\\\/cms\\\/2014\\\/12\\\/das-portal-zum-jazz-wuenscht-frohe-weihnachten\\\/#primaryimage\"},\"thumbnailUrl\":\"http:\\\/\\\/www.jazzzeitung.de\\\/cms\\\/wp-content\\\/uploads\\\/2014\\\/12\\\/Home-Cover-Thumb-150x150.jpg\",\"datePublished\":\"2014-12-19T10:03:34+00:00\",\"dateModified\":\"2015-01-23T12:23:09+00:00\",\"breadcrumb\":{\"@id\":\"https:\\\/\\\/www.jazzzeitung.de\\\/cms\\\/2014\\\/12\\\/das-portal-zum-jazz-wuenscht-frohe-weihnachten\\\/#breadcrumb\"},\"inLanguage\":\"de\",\"potentialAction\":[{\"@type\":\"ReadAction\",\"target\":[\"https:\\\/\\\/www.jazzzeitung.de\\\/cms\\\/2014\\\/12\\\/das-portal-zum-jazz-wuenscht-frohe-weihnachten\\\/\"]}]},{\"@type\":\"ImageObject\",\"inLanguage\":\"de\",\"@id\":\"https:\\\/\\\/www.jazzzeitung.de\\\/cms\\\/2014\\\/12\\\/das-portal-zum-jazz-wuenscht-frohe-weihnachten\\\/#primaryimage\",\"url\":\"http:\\\/\\\/www.jazzzeitung.de\\\/cms\\\/wp-content\\\/uploads\\\/2014\\\/12\\\/Home-Cover-Thumb-150x150.jpg\",\"contentUrl\":\"http:\\\/\\\/www.jazzzeitung.de\\\/cms\\\/wp-content\\\/uploads\\\/2014\\\/12\\\/Home-Cover-Thumb-150x150.jpg\"},{\"@type\":\"BreadcrumbList\",\"@id\":\"https:\\\/\\\/www.jazzzeitung.de\\\/cms\\\/2014\\\/12\\\/das-portal-zum-jazz-wuenscht-frohe-weihnachten\\\/#breadcrumb\",\"itemListElement\":[{\"@type\":\"ListItem\",\"position\":1,\"name\":\"Startseite\",\"item\":\"https:\\\/\\\/www.jazzzeitung.de\\\/cms\\\/\"},{\"@type\":\"ListItem\",\"position\":2,\"name\":\"Das Portal zum Jazz w\u00fcnscht frohe Weihnachten\"}]},{\"@type\":\"WebSite\",\"@id\":\"https:\\\/\\\/www.jazzzeitung.de\\\/cms\\\/#website\",\"url\":\"https:\\\/\\\/www.jazzzeitung.de\\\/cms\\\/\",\"name\":\"JazzZeitung\",\"description\":\"Jazz-News und Jazz-Kontroverses\",\"publisher\":{\"@id\":\"https:\\\/\\\/www.jazzzeitung.de\\\/cms\\\/#organization\"},\"potentialAction\":[{\"@type\":\"SearchAction\",\"target\":{\"@type\":\"EntryPoint\",\"urlTemplate\":\"https:\\\/\\\/www.jazzzeitung.de\\\/cms\\\/?s={search_term_string}\"},\"query-input\":{\"@type\":\"PropertyValueSpecification\",\"valueRequired\":true,\"valueName\":\"search_term_string\"}}],\"inLanguage\":\"de\"},{\"@type\":\"Organization\",\"@id\":\"https:\\\/\\\/www.jazzzeitung.de\\\/cms\\\/#organization\",\"name\":\"JazzZeitung online\",\"url\":\"https:\\\/\\\/www.jazzzeitung.de\\\/cms\\\/\",\"logo\":{\"@type\":\"ImageObject\",\"inLanguage\":\"de\",\"@id\":\"https:\\\/\\\/www.jazzzeitung.de\\\/cms\\\/#\\\/schema\\\/logo\\\/image\\\/\",\"url\":\"https:\\\/\\\/i0.wp.com\\\/www.jazzzeitung.de\\\/cms\\\/wp-content\\\/uploads\\\/2015\\\/08\\\/JAZZZEITUNGDE_Logo_Neu.png?fit=499%2C200&ssl=1\",\"contentUrl\":\"https:\\\/\\\/i0.wp.com\\\/www.jazzzeitung.de\\\/cms\\\/wp-content\\\/uploads\\\/2015\\\/08\\\/JAZZZEITUNGDE_Logo_Neu.png?fit=499%2C200&ssl=1\",\"width\":499,\"height\":200,\"caption\":\"JazzZeitung online\"},\"image\":{\"@id\":\"https:\\\/\\\/www.jazzzeitung.de\\\/cms\\\/#\\\/schema\\\/logo\\\/image\\\/\"},\"sameAs\":[\"https:\\\/\\\/www.facebook.com\\\/JazzZeitung\\\/\"]},{\"@type\":\"Person\",\"@id\":\"https:\\\/\\\/www.jazzzeitung.de\\\/cms\\\/#\\\/schema\\\/person\\\/2245b36b9cd1d24cea10f01c031fb92b\",\"name\":\"Redaktion JazzZeitung\",\"image\":{\"@type\":\"ImageObject\",\"inLanguage\":\"de\",\"@id\":\"https:\\\/\\\/i0.wp.com\\\/www.jazzzeitung.de\\\/cms\\\/wp-content\\\/uploads\\\/2015\\\/08\\\/JAZZZEITUNGDE_Logo_Neu.png?resize=96%2C96&ssl=159975dcacb611b5700bd619b5daf0a7a\",\"url\":\"https:\\\/\\\/i0.wp.com\\\/www.jazzzeitung.de\\\/cms\\\/wp-content\\\/uploads\\\/2015\\\/08\\\/JAZZZEITUNGDE_Logo_Neu.png?resize=96%2C96&ssl=1\",\"contentUrl\":\"https:\\\/\\\/i0.wp.com\\\/www.jazzzeitung.de\\\/cms\\\/wp-content\\\/uploads\\\/2015\\\/08\\\/JAZZZEITUNGDE_Logo_Neu.png?resize=96%2C96&ssl=1\",\"caption\":\"Redaktion JazzZeitung\"},\"description\":\"Artikel der Redaktion der JazzZeitung.\",\"sameAs\":[\"http:\\\/\\\/www.jazzzeitung.de\\\/cms\\\/\"],\"url\":\"https:\\\/\\\/www.jazzzeitung.de\\\/cms\\\/author\\\/redaktion\\\/\"}]}<\/script>\n<!-- \/ Yoast SEO plugin. -->","yoast_head_json":{"title":"Das Portal zum Jazz w\u00fcnscht frohe Weihnachten - JazzZeitung","robots":{"index":"index","follow":"follow","max-snippet":"max-snippet:-1","max-image-preview":"max-image-preview:large","max-video-preview":"max-video-preview:-1"},"canonical":"https:\/\/www.jazzzeitung.de\/cms\/2014\/12\/das-portal-zum-jazz-wuenscht-frohe-weihnachten\/","og_locale":"de_DE","og_type":"article","og_title":"Das Portal zum Jazz w\u00fcnscht frohe Weihnachten - JazzZeitung","og_description":"Mit ein paar Last-Minute-Geschenk-Tipps m\u00f6chten wir uns f\u00fcr 2014 von unseren Leserinnen und Lesern verabschieden. Wir machen &#8211; wie alle &#8211; ein bisschen Urlaub und werden ab 5. Januar wieder zur\u00fcck sein mit einem News-\u00dcberblick und t\u00e4glich neuen Beitr\u00e4gen. Danke f\u00fcr alle Kommentare, Besuche und Ihre Treue. Und los geht&#8217;s mit einem Buch-Tipp: Startrompeter Till Br\u00f6nner ist n\u00e4mlich auch eine guter Fotograf, wie vielleicht noch nicht alle wissen. Sein Fotoband ist im Verlag TeNeues erschienen und hei\u00dft &#8222;Till Br\u00f6nner: Faces of Talent&#8220; (Kempen 2014, 208 Seiten, 98 Euro (ISBN 978-3-8327-9865-9)) &#8211; und hier die Rezension von Reiner Kobe:\u00a0 Ein Talent Till Br\u00f6nners blieb bislang verborgen, das als Fotograf. Jetzt legt der Trompeter gleich einen ganzen Band seiner eindr\u00fccklichen Schwarz\/Wei\u00df-Fotos vor. Die meisten Aufnahmen sind spontan entstanden, wie es sich f\u00fcr einen Jazzmusiker geh\u00f6rt, also ohne Set und k\u00fcnstliches Licht. Br\u00f6nner trifft dabei nicht nur den richtigen Ton, sondern auch den richtigen Punkt, um auf den Abzug seiner Leica zu dr\u00fccken. In seinem reduzierten Stil f\u00f6rdert Br\u00f6nner auch unbekannte Seiten bekannter Pers\u00f6nlichkeiten zu Tage. Offen blicken deren Gesichter in die Kamera, meist freundlich, selten skeptisch. Dass &hellip;","og_url":"https:\/\/www.jazzzeitung.de\/cms\/2014\/12\/das-portal-zum-jazz-wuenscht-frohe-weihnachten\/","og_site_name":"JazzZeitung","article_publisher":"https:\/\/www.facebook.com\/JazzZeitung\/","article_published_time":"2014-12-19T10:03:34+00:00","article_modified_time":"2015-01-23T12:23:09+00:00","og_image":[{"url":"http:\/\/www.jazzzeitung.de\/cms\/wp-content\/uploads\/2014\/12\/Home-Cover-Thumb-150x150.jpg","type":"","width":"","height":""}],"author":"Redaktion JazzZeitung","schema":{"@context":"https:\/\/schema.org","@graph":[{"@type":"Article","@id":"https:\/\/www.jazzzeitung.de\/cms\/2014\/12\/das-portal-zum-jazz-wuenscht-frohe-weihnachten\/#article","isPartOf":{"@id":"https:\/\/www.jazzzeitung.de\/cms\/2014\/12\/das-portal-zum-jazz-wuenscht-frohe-weihnachten\/"},"author":{"name":"Redaktion JazzZeitung","@id":"https:\/\/www.jazzzeitung.de\/cms\/#\/schema\/person\/2245b36b9cd1d24cea10f01c031fb92b"},"headline":"Das Portal zum Jazz w\u00fcnscht frohe Weihnachten","datePublished":"2014-12-19T10:03:34+00:00","dateModified":"2015-01-23T12:23:09+00:00","mainEntityOfPage":{"@id":"https:\/\/www.jazzzeitung.de\/cms\/2014\/12\/das-portal-zum-jazz-wuenscht-frohe-weihnachten\/"},"wordCount":674,"commentCount":0,"publisher":{"@id":"https:\/\/www.jazzzeitung.de\/cms\/#organization"},"image":{"@id":"https:\/\/www.jazzzeitung.de\/cms\/2014\/12\/das-portal-zum-jazz-wuenscht-frohe-weihnachten\/#primaryimage"},"thumbnailUrl":"http:\/\/www.jazzzeitung.de\/cms\/wp-content\/uploads\/2014\/12\/Home-Cover-Thumb-150x150.jpg","keywords":["Andreas Dombert","Buch","CD","enja","Faces Of TalentSven Faller","Flexible Friends","Geschenk-Tipps","Gregory Porter","Jazzmusiker","Jazzzeitung","Julian Schunter","Lisa Wahlandt","nmz","Rolf K\u00fchn","Steffi Denk","Till Br\u00f6nner","Ursula Gaisa","Walter Lang","Weihnachten","Weihnachts-CDs"],"articleSection":["News"],"inLanguage":"de","potentialAction":[{"@type":"CommentAction","name":"Comment","target":["https:\/\/www.jazzzeitung.de\/cms\/2014\/12\/das-portal-zum-jazz-wuenscht-frohe-weihnachten\/#respond"]}]},{"@type":"WebPage","@id":"https:\/\/www.jazzzeitung.de\/cms\/2014\/12\/das-portal-zum-jazz-wuenscht-frohe-weihnachten\/","url":"https:\/\/www.jazzzeitung.de\/cms\/2014\/12\/das-portal-zum-jazz-wuenscht-frohe-weihnachten\/","name":"Das Portal zum Jazz w\u00fcnscht frohe Weihnachten - JazzZeitung","isPartOf":{"@id":"https:\/\/www.jazzzeitung.de\/cms\/#website"},"primaryImageOfPage":{"@id":"https:\/\/www.jazzzeitung.de\/cms\/2014\/12\/das-portal-zum-jazz-wuenscht-frohe-weihnachten\/#primaryimage"},"image":{"@id":"https:\/\/www.jazzzeitung.de\/cms\/2014\/12\/das-portal-zum-jazz-wuenscht-frohe-weihnachten\/#primaryimage"},"thumbnailUrl":"http:\/\/www.jazzzeitung.de\/cms\/wp-content\/uploads\/2014\/12\/Home-Cover-Thumb-150x150.jpg","datePublished":"2014-12-19T10:03:34+00:00","dateModified":"2015-01-23T12:23:09+00:00","breadcrumb":{"@id":"https:\/\/www.jazzzeitung.de\/cms\/2014\/12\/das-portal-zum-jazz-wuenscht-frohe-weihnachten\/#breadcrumb"},"inLanguage":"de","potentialAction":[{"@type":"ReadAction","target":["https:\/\/www.jazzzeitung.de\/cms\/2014\/12\/das-portal-zum-jazz-wuenscht-frohe-weihnachten\/"]}]},{"@type":"ImageObject","inLanguage":"de","@id":"https:\/\/www.jazzzeitung.de\/cms\/2014\/12\/das-portal-zum-jazz-wuenscht-frohe-weihnachten\/#primaryimage","url":"http:\/\/www.jazzzeitung.de\/cms\/wp-content\/uploads\/2014\/12\/Home-Cover-Thumb-150x150.jpg","contentUrl":"http:\/\/www.jazzzeitung.de\/cms\/wp-content\/uploads\/2014\/12\/Home-Cover-Thumb-150x150.jpg"},{"@type":"BreadcrumbList","@id":"https:\/\/www.jazzzeitung.de\/cms\/2014\/12\/das-portal-zum-jazz-wuenscht-frohe-weihnachten\/#breadcrumb","itemListElement":[{"@type":"ListItem","position":1,"name":"Startseite","item":"https:\/\/www.jazzzeitung.de\/cms\/"},{"@type":"ListItem","position":2,"name":"Das Portal zum Jazz w\u00fcnscht frohe Weihnachten"}]},{"@type":"WebSite","@id":"https:\/\/www.jazzzeitung.de\/cms\/#website","url":"https:\/\/www.jazzzeitung.de\/cms\/","name":"JazzZeitung","description":"Jazz-News und Jazz-Kontroverses","publisher":{"@id":"https:\/\/www.jazzzeitung.de\/cms\/#organization"},"potentialAction":[{"@type":"SearchAction","target":{"@type":"EntryPoint","urlTemplate":"https:\/\/www.jazzzeitung.de\/cms\/?s={search_term_string}"},"query-input":{"@type":"PropertyValueSpecification","valueRequired":true,"valueName":"search_term_string"}}],"inLanguage":"de"},{"@type":"Organization","@id":"https:\/\/www.jazzzeitung.de\/cms\/#organization","name":"JazzZeitung online","url":"https:\/\/www.jazzzeitung.de\/cms\/","logo":{"@type":"ImageObject","inLanguage":"de","@id":"https:\/\/www.jazzzeitung.de\/cms\/#\/schema\/logo\/image\/","url":"https:\/\/i0.wp.com\/www.jazzzeitung.de\/cms\/wp-content\/uploads\/2015\/08\/JAZZZEITUNGDE_Logo_Neu.png?fit=499%2C200&ssl=1","contentUrl":"https:\/\/i0.wp.com\/www.jazzzeitung.de\/cms\/wp-content\/uploads\/2015\/08\/JAZZZEITUNGDE_Logo_Neu.png?fit=499%2C200&ssl=1","width":499,"height":200,"caption":"JazzZeitung online"},"image":{"@id":"https:\/\/www.jazzzeitung.de\/cms\/#\/schema\/logo\/image\/"},"sameAs":["https:\/\/www.facebook.com\/JazzZeitung\/"]},{"@type":"Person","@id":"https:\/\/www.jazzzeitung.de\/cms\/#\/schema\/person\/2245b36b9cd1d24cea10f01c031fb92b","name":"Redaktion JazzZeitung","image":{"@type":"ImageObject","inLanguage":"de","@id":"https:\/\/i0.wp.com\/www.jazzzeitung.de\/cms\/wp-content\/uploads\/2015\/08\/JAZZZEITUNGDE_Logo_Neu.png?resize=96%2C96&ssl=159975dcacb611b5700bd619b5daf0a7a","url":"https:\/\/i0.wp.com\/www.jazzzeitung.de\/cms\/wp-content\/uploads\/2015\/08\/JAZZZEITUNGDE_Logo_Neu.png?resize=96%2C96&ssl=1","contentUrl":"https:\/\/i0.wp.com\/www.jazzzeitung.de\/cms\/wp-content\/uploads\/2015\/08\/JAZZZEITUNGDE_Logo_Neu.png?resize=96%2C96&ssl=1","caption":"Redaktion JazzZeitung"},"description":"Artikel der Redaktion der JazzZeitung.","sameAs":["http:\/\/www.jazzzeitung.de\/cms\/"],"url":"https:\/\/www.jazzzeitung.de\/cms\/author\/redaktion\/"}]}},"wp-worthy-pixel":{"ignored":false,"public":null,"server":null,"url":null},"wp-worthy-type":"normal","jetpack_publicize_connections":[],"cc_featured_image_caption":{"caption_text":false,"source_text":false,"source_url":false},"jetpack_featured_media_url":"","jetpack_shortlink":"https:\/\/wp.me\/p3KEcT-1lm","jetpack-related-posts":[{"id":26233,"url":"https:\/\/www.jazzzeitung.de\/cms\/2021\/11\/soundtrack-zum-gebaeck-plaetzchenbaecker-till-b\/","url_meta":{"origin":5168,"position":0},"title":"Soundtrack zum Geb\u00e4ck: Pl\u00e4tzchenb\u00e4cker Till B.","author":"Huflaikhan","date":"29. November 2021","format":false,"excerpt":"Er hat dieses Mal keine flammende Wutrede in Sachen Corona gehalten, was ihn bekanntlich bis zu Anne Will ins Studio gebracht hat oder zu Olaf Zimmermann ins YouTube-Wohnzimmer, nein, dieses Mal ist er definitiv zu weit gegangen. Er zwinkert auf seinem Insta-Account und setzt immer wieder fast dazu an, sein\u2026","rel":"","context":"In &quot;Blog&quot;","block_context":{"text":"Blog","link":"https:\/\/www.jazzzeitung.de\/cms\/thema\/blog\/"},"img":{"alt_text":"Unzer die Kr\u00fcmelmonster gegangen: Till Br\u00f6nner. Foto: Hufner","src":"https:\/\/i0.wp.com\/www.jazzzeitung.de\/cms\/wp-content\/uploads\/2021\/11\/till_broenner_c_hufner.jpg?fit=1200%2C795&ssl=1&resize=350%2C200","width":350,"height":200,"srcset":"https:\/\/i0.wp.com\/www.jazzzeitung.de\/cms\/wp-content\/uploads\/2021\/11\/till_broenner_c_hufner.jpg?fit=1200%2C795&ssl=1&resize=350%2C200 1x, https:\/\/i0.wp.com\/www.jazzzeitung.de\/cms\/wp-content\/uploads\/2021\/11\/till_broenner_c_hufner.jpg?fit=1200%2C795&ssl=1&resize=525%2C300 1.5x, https:\/\/i0.wp.com\/www.jazzzeitung.de\/cms\/wp-content\/uploads\/2021\/11\/till_broenner_c_hufner.jpg?fit=1200%2C795&ssl=1&resize=700%2C400 2x, https:\/\/i0.wp.com\/www.jazzzeitung.de\/cms\/wp-content\/uploads\/2021\/11\/till_broenner_c_hufner.jpg?fit=1200%2C795&ssl=1&resize=1050%2C600 3x"},"classes":[]},{"id":514,"url":"https:\/\/www.jazzzeitung.de\/cms\/2010\/10\/till-broenner-zwischen-jazz-pop-x-factor\/","url_meta":{"origin":5168,"position":1},"title":"Till Br\u00f6nner: zwischen Jazz, Pop &#038; X-Factor","author":"Ursula Gaisa","date":"14. Oktober 2010","format":false,"excerpt":"Also, eigentlich hatte ich mir ja vorgenommen, das Thema Till Br\u00f6nner nicht mehr so schnell an-, bzw. aufzugreifen, aber es scheint doch die Gem\u00fcter zu bewegen. Nach Erscheinen des Artikels von Michael Scheiner zum Leipziger-Jazztage-Konzert Br\u00f6nner-Sommer auf nmz-online kam gleich ein b\u00f6ser Kommentar... Heute erreichte mich unten stehende Pressemeldung zu\u2026","rel":"","context":"In &quot;Blog&quot;","block_context":{"text":"Blog","link":"https:\/\/www.jazzzeitung.de\/cms\/thema\/blog\/"},"img":{"alt_text":"Toll Br\u00f6nner. Foto: Andreas Bitesnich","src":"https:\/\/i0.wp.com\/www.jazzzeitung.de\/cms\/wp-content\/uploads\/2015\/10\/Till-Broenner_Foto-Andreas-Bitesnich-3.jpg?fit=1200%2C801&ssl=1&resize=350%2C200","width":350,"height":200,"srcset":"https:\/\/i0.wp.com\/www.jazzzeitung.de\/cms\/wp-content\/uploads\/2015\/10\/Till-Broenner_Foto-Andreas-Bitesnich-3.jpg?fit=1200%2C801&ssl=1&resize=350%2C200 1x, https:\/\/i0.wp.com\/www.jazzzeitung.de\/cms\/wp-content\/uploads\/2015\/10\/Till-Broenner_Foto-Andreas-Bitesnich-3.jpg?fit=1200%2C801&ssl=1&resize=525%2C300 1.5x, https:\/\/i0.wp.com\/www.jazzzeitung.de\/cms\/wp-content\/uploads\/2015\/10\/Till-Broenner_Foto-Andreas-Bitesnich-3.jpg?fit=1200%2C801&ssl=1&resize=700%2C400 2x, https:\/\/i0.wp.com\/www.jazzzeitung.de\/cms\/wp-content\/uploads\/2015\/10\/Till-Broenner_Foto-Andreas-Bitesnich-3.jpg?fit=1200%2C801&ssl=1&resize=1050%2C600 3x"},"classes":[]},{"id":23743,"url":"https:\/\/www.jazzzeitung.de\/cms\/2020\/10\/ein-offener-brief-von-olaf-z-an-till-b-mit-beipackzettel\/","url_meta":{"origin":5168,"position":2},"title":"Die Zufalle: Ein offener Brief von Olaf Z. an Till B. \u2013 mit Beipackzettel","author":"Huflaikhan","date":"29. Oktober 2020","format":false,"excerpt":"Der Beginn einer wunderbaren Brieffreundschaft? Der Gesch\u00e4ftsf\u00fchrer des Deutschen Kulturrates, Olaf Zimmermann, hat heute dem Jazz-Musiker Till Br\u00f6nner in einem offenen Brief auf sein Videostatement geantwortet: Offener Brief Lieber Till Br\u00f6nner, herzlichen Dank f\u00fcr Ihr deutliches Statement zu den bedr\u00fcckenden Auswirkungen der Corona-Pandemie auf den Kulturbereich. Es ist sehr wichtig,\u2026","rel":"","context":"In &quot;Blog&quot;","block_context":{"text":"Blog","link":"https:\/\/www.jazzzeitung.de\/cms\/thema\/blog\/"},"img":{"alt_text":"Alles in die Tonne. Foto: Hufner","src":"https:\/\/i0.wp.com\/www.jazzzeitung.de\/cms\/wp-content\/uploads\/2015\/07\/fuer_die_tonne_c_hufner.jpg?fit=1200%2C900&ssl=1&resize=350%2C200","width":350,"height":200,"srcset":"https:\/\/i0.wp.com\/www.jazzzeitung.de\/cms\/wp-content\/uploads\/2015\/07\/fuer_die_tonne_c_hufner.jpg?fit=1200%2C900&ssl=1&resize=350%2C200 1x, https:\/\/i0.wp.com\/www.jazzzeitung.de\/cms\/wp-content\/uploads\/2015\/07\/fuer_die_tonne_c_hufner.jpg?fit=1200%2C900&ssl=1&resize=525%2C300 1.5x, https:\/\/i0.wp.com\/www.jazzzeitung.de\/cms\/wp-content\/uploads\/2015\/07\/fuer_die_tonne_c_hufner.jpg?fit=1200%2C900&ssl=1&resize=700%2C400 2x, https:\/\/i0.wp.com\/www.jazzzeitung.de\/cms\/wp-content\/uploads\/2015\/07\/fuer_die_tonne_c_hufner.jpg?fit=1200%2C900&ssl=1&resize=1050%2C600 3x"},"classes":[]},{"id":12420,"url":"https:\/\/www.jazzzeitung.de\/cms\/2017\/05\/news-maxwell-oliveira-trio-im-jazzkeller-huerth-gleuel-am-19-05-17\/","url_meta":{"origin":5168,"position":3},"title":"+++ News +++ &#8222;Maxwell Oliveira Trio&#8220; im Jazzkeller H\u00fcrth-Gleuel am 19.05.17 +++ Star-Trompeter Till Br\u00f6nner sorgt in Kampen erneut f\u00fcr den guten Ton +++","author":"Redaktion JazzZeitung","date":"17. Mai 2017","format":false,"excerpt":"+++ \"Maxwell Oliveira Trio\" im Jazzkeller H\u00fcrth-Gleuel am 19.05.17 +++ Der brasilianische Gitarrist und S\u00e4nger aus Minas Gerais zeigt wof\u00fcr sein Herz schl\u00e4gt: f\u00fcr gute brasilianische Musik wie Samba, Bossa Nova, Bai\u00e3o, Choro, MPB und Folklore. Seine zwei Bachelor in Klassischer Gitarre hat Maxwell Oliveira in seiner Heimat Brasilien und\u2026","rel":"","context":"In &quot;News&quot;","block_context":{"text":"News","link":"https:\/\/www.jazzzeitung.de\/cms\/thema\/nachrichten\/"},"img":{"alt_text":"","src":"https:\/\/i0.wp.com\/www.jazzzeitung.de\/cms\/wp-content\/uploads\/2017\/05\/Max-Olveira-150x150.jpg?resize=350%2C200&ssl=1","width":350,"height":200},"classes":[]},{"id":21761,"url":"https:\/\/www.jazzzeitung.de\/cms\/2020\/01\/mit-alter-muenz-bin-ich-dein-prinz-oder-da-house-of-stress-in-berlin\/","url_meta":{"origin":5168,"position":4},"title":"Mit alter M\u00fcnz\u2018 bin ich Dein Prinz, oder: Da House of Stress in Berlin","author":"Huflaikhan","date":"24. Januar 2020","format":false,"excerpt":"Ein Zentrum f\u00fcr die freie Musikszene, ein Haus f\u00fcr die Musik des 21. Jahrhunderts sollte diese Immobilie in Berlin werden. Im Moment produziert sie, die \u201eAlte M\u00fcnze\u201c, allerdings Unbehagen, Ungl\u00fcck bei Vielen und d\u00fcrfte sich nur scheinbar f\u00fcr Wenige jetzt als Gl\u00fccksfall f\u00fcr den Jazz in Berlin, Deutschland und der\u2026","rel":"","context":"In &quot;Blog&quot;","block_context":{"text":"Blog","link":"https:\/\/www.jazzzeitung.de\/cms\/thema\/blog\/"},"img":{"alt_text":"Tag der Musik. Till Br\u00f6nner spielt f\u00fcr Wolfgang Sch\u00e4uble. Foto: Hufner","src":"https:\/\/i0.wp.com\/www.jazzzeitung.de\/cms\/wp-content\/uploads\/2020\/01\/huf-np-broenner_schaeuble_2012_c_hufnerjpg.jpg?fit=1200%2C795&ssl=1&resize=350%2C200","width":350,"height":200,"srcset":"https:\/\/i0.wp.com\/www.jazzzeitung.de\/cms\/wp-content\/uploads\/2020\/01\/huf-np-broenner_schaeuble_2012_c_hufnerjpg.jpg?fit=1200%2C795&ssl=1&resize=350%2C200 1x, https:\/\/i0.wp.com\/www.jazzzeitung.de\/cms\/wp-content\/uploads\/2020\/01\/huf-np-broenner_schaeuble_2012_c_hufnerjpg.jpg?fit=1200%2C795&ssl=1&resize=525%2C300 1.5x, https:\/\/i0.wp.com\/www.jazzzeitung.de\/cms\/wp-content\/uploads\/2020\/01\/huf-np-broenner_schaeuble_2012_c_hufnerjpg.jpg?fit=1200%2C795&ssl=1&resize=700%2C400 2x, https:\/\/i0.wp.com\/www.jazzzeitung.de\/cms\/wp-content\/uploads\/2020\/01\/huf-np-broenner_schaeuble_2012_c_hufnerjpg.jpg?fit=1200%2C795&ssl=1&resize=1050%2C600 3x"},"classes":[]},{"id":11061,"url":"https:\/\/www.jazzzeitung.de\/cms\/2016\/11\/timm-renner-verwirklicht-till-broenners-traum-vom-house-of-jazz\/","url_meta":{"origin":5168,"position":5},"title":"At the End of the Day: Tim Renner verwirklicht Till Br\u00f6nners Traum vom &#8222;House of Jazz&#8220;","author":"Redaktion JazzZeitung","date":"17. November 2016","format":false,"excerpt":"Schon 2010 tr\u00e4umte der Trompeter Till Br\u00f6nner von einem Zentrum f\u00fcr Jazz an einem \u201eprominenten Ort\u201c, mit eigenem Orchester. Sein Traum scheint nun wahr zu werden. Vergangene Woche stellte der Haushaltsausschuss des Bundestages 12,5 Millionen Euro zur Sanierung der \u201eAlten M\u00fcnze\u201c in der N\u00e4he des Berliner Roten Rathauses bereit. Ausschlaggebend\u2026","rel":"","context":"In &quot;Blog&quot;","block_context":{"text":"Blog","link":"https:\/\/www.jazzzeitung.de\/cms\/thema\/blog\/"},"img":{"alt_text":"Till Br\u00f6nner: At The End Of The Day Island 0602527513683\/Universal","src":"https:\/\/i0.wp.com\/www.jazzzeitung.de\/cms\/wp-content\/uploads\/2016\/11\/broenner_0-150x150.jpg?resize=350%2C200","width":350,"height":200},"classes":[]}],"jetpack_sharing_enabled":true,"_links":{"self":[{"href":"https:\/\/www.jazzzeitung.de\/cms\/wp-json\/wp\/v2\/posts\/5168","targetHints":{"allow":["GET"]}}],"collection":[{"href":"https:\/\/www.jazzzeitung.de\/cms\/wp-json\/wp\/v2\/posts"}],"about":[{"href":"https:\/\/www.jazzzeitung.de\/cms\/wp-json\/wp\/v2\/types\/post"}],"author":[{"embeddable":true,"href":"https:\/\/www.jazzzeitung.de\/cms\/wp-json\/wp\/v2\/users\/18"}],"replies":[{"embeddable":true,"href":"https:\/\/www.jazzzeitung.de\/cms\/wp-json\/wp\/v2\/comments?post=5168"}],"version-history":[{"count":5,"href":"https:\/\/www.jazzzeitung.de\/cms\/wp-json\/wp\/v2\/posts\/5168\/revisions"}],"predecessor-version":[{"id":5184,"href":"https:\/\/www.jazzzeitung.de\/cms\/wp-json\/wp\/v2\/posts\/5168\/revisions\/5184"}],"wp:attachment":[{"href":"https:\/\/www.jazzzeitung.de\/cms\/wp-json\/wp\/v2\/media?parent=5168"}],"wp:term":[{"taxonomy":"category","embeddable":true,"href":"https:\/\/www.jazzzeitung.de\/cms\/wp-json\/wp\/v2\/categories?post=5168"},{"taxonomy":"post_tag","embeddable":true,"href":"https:\/\/www.jazzzeitung.de\/cms\/wp-json\/wp\/v2\/tags?post=5168"},{"taxonomy":"author","embeddable":true,"href":"https:\/\/www.jazzzeitung.de\/cms\/wp-json\/wp\/v2\/coauthors?post=5168"}],"curies":[{"name":"wp","href":"https:\/\/api.w.org\/{rel}","templated":true}]}}