{"id":5052,"date":"2014-12-05T10:29:22","date_gmt":"2014-12-05T09:29:22","guid":{"rendered":"http:\/\/www.jazzzeitung.de\/cms\/?p=5052"},"modified":"2014-12-05T16:25:25","modified_gmt":"2014-12-05T15:25:25","slug":"purer-soul-gregory-porter-der-muffathalle","status":"publish","type":"post","link":"https:\/\/www.jazzzeitung.de\/cms\/2014\/12\/purer-soul-gregory-porter-der-muffathalle\/","title":{"rendered":"Jazz-Soul-Katharsis: Gregory Porter l\u00e4sst in der Muffathalle den Spirit flie\u00dfen"},"content":{"rendered":"<p><a href=\"https:\/\/i0.wp.com\/www.jazzzeitung.de\/cms\/wp-content\/uploads\/2014\/12\/0K3A2842_Porter_dombr.jpg\"><img data-recalc-dims=\"1\" loading=\"lazy\" decoding=\"async\" data-attachment-id=\"5062\" data-permalink=\"https:\/\/www.jazzzeitung.de\/cms\/2014\/12\/purer-soul-gregory-porter-der-muffathalle\/0k3a2842_porter_dombr\/\" data-orig-file=\"https:\/\/i0.wp.com\/www.jazzzeitung.de\/cms\/wp-content\/uploads\/2014\/12\/0K3A2842_Porter_dombr.jpg?fit=1280%2C850&amp;ssl=1\" data-orig-size=\"1280,850\" data-comments-opened=\"1\" data-image-meta=\"{&quot;aperture&quot;:&quot;4&quot;,&quot;credit&quot;:&quot;&quot;,&quot;camera&quot;:&quot;Canon EOS 5D Mark III&quot;,&quot;caption&quot;:&quot;&quot;,&quot;created_timestamp&quot;:&quot;1417641552&quot;,&quot;copyright&quot;:&quot;&quot;,&quot;focal_length&quot;:&quot;80&quot;,&quot;iso&quot;:&quot;4000&quot;,&quot;shutter_speed&quot;:&quot;0.00625&quot;,&quot;title&quot;:&quot;&quot;,&quot;orientation&quot;:&quot;1&quot;}\" data-image-title=\"0K3A2842,_Porter_(dombr)\" data-image-description=\"\" data-image-caption=\"\" data-large-file=\"https:\/\/i0.wp.com\/www.jazzzeitung.de\/cms\/wp-content\/uploads\/2014\/12\/0K3A2842_Porter_dombr.jpg?fit=840%2C557&amp;ssl=1\" class=\"alignright size-thumbnail wp-image-5062\" src=\"https:\/\/i0.wp.com\/www.jazzzeitung.de\/cms\/wp-content\/uploads\/2014\/12\/0K3A2842_Porter_dombr-150x150.jpg?resize=150%2C150\" alt=\"0K3A2842,_Porter_(dombr)\" width=\"150\" height=\"150\" srcset=\"https:\/\/i0.wp.com\/www.jazzzeitung.de\/cms\/wp-content\/uploads\/2014\/12\/0K3A2842_Porter_dombr.jpg?resize=150%2C150&amp;ssl=1 150w, https:\/\/i0.wp.com\/www.jazzzeitung.de\/cms\/wp-content\/uploads\/2014\/12\/0K3A2842_Porter_dombr.jpg?resize=144%2C144&amp;ssl=1 144w, https:\/\/i0.wp.com\/www.jazzzeitung.de\/cms\/wp-content\/uploads\/2014\/12\/0K3A2842_Porter_dombr.jpg?resize=96%2C96&amp;ssl=1 96w, https:\/\/i0.wp.com\/www.jazzzeitung.de\/cms\/wp-content\/uploads\/2014\/12\/0K3A2842_Porter_dombr.jpg?resize=24%2C24&amp;ssl=1 24w, https:\/\/i0.wp.com\/www.jazzzeitung.de\/cms\/wp-content\/uploads\/2014\/12\/0K3A2842_Porter_dombr.jpg?resize=36%2C36&amp;ssl=1 36w, https:\/\/i0.wp.com\/www.jazzzeitung.de\/cms\/wp-content\/uploads\/2014\/12\/0K3A2842_Porter_dombr.jpg?resize=48%2C48&amp;ssl=1 48w, https:\/\/i0.wp.com\/www.jazzzeitung.de\/cms\/wp-content\/uploads\/2014\/12\/0K3A2842_Porter_dombr.jpg?resize=64%2C64&amp;ssl=1 64w, https:\/\/i0.wp.com\/www.jazzzeitung.de\/cms\/wp-content\/uploads\/2014\/12\/0K3A2842_Porter_dombr.jpg?resize=32%2C32&amp;ssl=1 32w, https:\/\/i0.wp.com\/www.jazzzeitung.de\/cms\/wp-content\/uploads\/2014\/12\/0K3A2842_Porter_dombr.jpg?resize=128%2C128&amp;ssl=1 128w, https:\/\/i0.wp.com\/www.jazzzeitung.de\/cms\/wp-content\/uploads\/2014\/12\/0K3A2842_Porter_dombr.jpg?zoom=2&amp;resize=150%2C150&amp;ssl=1 300w, https:\/\/i0.wp.com\/www.jazzzeitung.de\/cms\/wp-content\/uploads\/2014\/12\/0K3A2842_Porter_dombr.jpg?zoom=3&amp;resize=150%2C150&amp;ssl=1 450w\" sizes=\"auto, (max-width: 150px) 100vw, 150px\" \/><\/a>Von Claus Lochbihler, Fotos von Ralf Dombrowski &#8211;\u00a0 Soulful und jazzig, das w\u00e4ren gern viele S\u00e4nger. Schon deshalb, weil man dann nicht nur das \u00fcberschaubare Jazzpublikum, sondern auch die vielen Soulfans, vielleicht sogar den einen oder anderen Hip-Hop-sozialisierten Jungen erreicht. Und so nicht nur kleine Clubs oder philharmonisch-steife Konzerts\u00e4le wie den Gasteig f\u00fcllt, sondern auch l\u00e4ssigere Orte wie die Muffathalle. Und das im wortw\u00f6rtlichen Sinne: Die Halle war beim Konzert vorgestern Abend so ausverkauft und voll, dass sich Gregory Porter nach zwei Nummern bei seinen Fans f\u00fcr die \u201efast schon illegal\u201c volle Venue bedankte. Soulful und zugleich jazzig w\u00e4ren gerne viele. Gregory Porter ist es. In Balladen wie \u201eWolfcry\u201c oder \u201eHey Laura\u201c klingt er so sahnig und klar wie Nat King Cole, den er als kleiner Junge einst als seinen Ersatzvater adoptierte, weil sich der leibliche Vater davon gestohlen hatte.<\/p>\n<p>Dabei kommt Porter nie kitschig r\u00fcber &#8211; selbst wenn er von V\u00f6geln mit gebrochenen Fl\u00fcgeln singt, wie in \u201eNo Love Dying\u201c, seinem Pl\u00e4doyer daf\u00fcr, den Glauben an die ver\u00e4ndernde Kraft von (N\u00e4chsten-) Liebe, F\u00fcrsorge und Engagement niemals aufzugeben. Gregory Porter singt solche Songs mit einem Charisma, das sich aus einer m\u00e4chtigen Stimme und einem breiten, wohlwollenden L\u00e4cheln n\u00e4hrt.<\/p>\n<p>&nbsp;<\/p>\n<div class=\"tiled-gallery type-rectangular tiled-gallery-unresized\" data-original-width=\"840\" data-carousel-extra='{&quot;blog_id&quot;:1,&quot;permalink&quot;:&quot;https:\\\/\\\/www.jazzzeitung.de\\\/cms\\\/2014\\\/12\\\/purer-soul-gregory-porter-der-muffathalle\\\/&quot;,&quot;likes_blog_id&quot;:55446655}' itemscope itemtype=\"http:\/\/schema.org\/ImageGallery\" > <div class=\"gallery-row\" style=\"width: 840px; height: 719px;\" data-original-width=\"840\" data-original-height=\"719\" > <div class=\"gallery-group images-1\" style=\"width: 481px; height: 719px;\" data-original-width=\"481\" data-original-height=\"719\" > <div class=\"tiled-gallery-item tiled-gallery-item-large\" itemprop=\"associatedMedia\" itemscope itemtype=\"http:\/\/schema.org\/ImageObject\"> <a href=\"https:\/\/www.jazzzeitung.de\/cms\/2014\/12\/purer-soul-gregory-porter-der-muffathalle\/0k3a2969-porter-herre-dombr\/\" border=\"0\" itemprop=\"url\"> <meta itemprop=\"width\" content=\"477\"> <meta itemprop=\"height\" content=\"715\"> <img decoding=\"async\" class=\"\" data-attachment-id=\"5066\" data-orig-file=\"https:\/\/www.jazzzeitung.de\/cms\/wp-content\/uploads\/2014\/12\/0K3A2969-Porter-Herre-dombr.jpg\" data-orig-size=\"853,1280\" data-comments-opened=\"1\" data-image-meta=\"{&quot;aperture&quot;:&quot;4&quot;,&quot;credit&quot;:&quot;&quot;,&quot;camera&quot;:&quot;Canon EOS 5D Mark III&quot;,&quot;caption&quot;:&quot;&quot;,&quot;created_timestamp&quot;:&quot;1417643351&quot;,&quot;copyright&quot;:&quot;&quot;,&quot;focal_length&quot;:&quot;32&quot;,&quot;iso&quot;:&quot;4000&quot;,&quot;shutter_speed&quot;:&quot;0.00625&quot;,&quot;title&quot;:&quot;&quot;,&quot;orientation&quot;:&quot;1&quot;}\" data-image-title=\"0K3A2969, Porter &amp;#038; Herre (dombr)\" data-image-description=\"\" data-medium-file=\"https:\/\/i0.wp.com\/www.jazzzeitung.de\/cms\/wp-content\/uploads\/2014\/12\/0K3A2969-Porter-Herre-dombr.jpg?fit=199%2C300&#038;ssl=1\" data-large-file=\"https:\/\/i0.wp.com\/www.jazzzeitung.de\/cms\/wp-content\/uploads\/2014\/12\/0K3A2969-Porter-Herre-dombr.jpg?fit=399%2C600&#038;ssl=1\" src=\"https:\/\/i0.wp.com\/www.jazzzeitung.de\/cms\/wp-content\/uploads\/2014\/12\/0K3A2969-Porter-Herre-dombr.jpg?w=477&#038;h=715&#038;ssl=1\" width=\"477\" height=\"715\" loading=\"lazy\" data-original-width=\"477\" data-original-height=\"715\" itemprop=\"http:\/\/schema.org\/image\" title=\"0K3A2969, Porter &amp; Herre (dombr)\" alt=\"0K3A2969, Porter &amp; Herre (dombr)\" style=\"width: 477px; height: 715px;\" \/> <\/a> <\/div> <\/div> <!-- close group --> <div class=\"gallery-group images-3\" style=\"width: 359px; height: 719px;\" data-original-width=\"359\" data-original-height=\"719\" > <div class=\"tiled-gallery-item tiled-gallery-item-large\" itemprop=\"associatedMedia\" itemscope itemtype=\"http:\/\/schema.org\/ImageObject\"> <a href=\"https:\/\/www.jazzzeitung.de\/cms\/2014\/12\/purer-soul-gregory-porter-der-muffathalle\/0k3a2951-porter-herre-band-dombr\/\" border=\"0\" itemprop=\"url\"> <meta itemprop=\"width\" content=\"355\"> <meta itemprop=\"height\" content=\"237\"> <img decoding=\"async\" class=\"\" data-attachment-id=\"5065\" data-orig-file=\"https:\/\/www.jazzzeitung.de\/cms\/wp-content\/uploads\/2014\/12\/0K3A2951-Porter-Herre-Band-dombr.jpg\" data-orig-size=\"1280,853\" data-comments-opened=\"1\" data-image-meta=\"{&quot;aperture&quot;:&quot;4&quot;,&quot;credit&quot;:&quot;&quot;,&quot;camera&quot;:&quot;Canon EOS 5D Mark III&quot;,&quot;caption&quot;:&quot;&quot;,&quot;created_timestamp&quot;:&quot;1417643312&quot;,&quot;copyright&quot;:&quot;&quot;,&quot;focal_length&quot;:&quot;28&quot;,&quot;iso&quot;:&quot;4000&quot;,&quot;shutter_speed&quot;:&quot;0.004&quot;,&quot;title&quot;:&quot;&quot;,&quot;orientation&quot;:&quot;1&quot;}\" data-image-title=\"0K3A2951, Porter, Herre, Band (dombr)\" data-image-description=\"\" data-medium-file=\"https:\/\/i0.wp.com\/www.jazzzeitung.de\/cms\/wp-content\/uploads\/2014\/12\/0K3A2951-Porter-Herre-Band-dombr.jpg?fit=300%2C199&#038;ssl=1\" data-large-file=\"https:\/\/i0.wp.com\/www.jazzzeitung.de\/cms\/wp-content\/uploads\/2014\/12\/0K3A2951-Porter-Herre-Band-dombr.jpg?fit=840%2C560&#038;ssl=1\" src=\"https:\/\/i0.wp.com\/www.jazzzeitung.de\/cms\/wp-content\/uploads\/2014\/12\/0K3A2951-Porter-Herre-Band-dombr.jpg?w=355&#038;h=237&#038;ssl=1\" srcset=\"https:\/\/i0.wp.com\/www.jazzzeitung.de\/cms\/wp-content\/uploads\/2014\/12\/0K3A2951-Porter-Herre-Band-dombr.jpg?w=1280&amp;ssl=1 1280w, https:\/\/i0.wp.com\/www.jazzzeitung.de\/cms\/wp-content\/uploads\/2014\/12\/0K3A2951-Porter-Herre-Band-dombr.jpg?resize=300%2C200&amp;ssl=1 300w, https:\/\/i0.wp.com\/www.jazzzeitung.de\/cms\/wp-content\/uploads\/2014\/12\/0K3A2951-Porter-Herre-Band-dombr.jpg?resize=900%2C599&amp;ssl=1 900w\" width=\"355\" height=\"237\" loading=\"lazy\" data-original-width=\"355\" data-original-height=\"237\" itemprop=\"http:\/\/schema.org\/image\" title=\"0K3A2951, Porter, Herre, Band (dombr)\" alt=\"0K3A2951, Porter, Herre, Band (dombr)\" style=\"width: 355px; height: 237px;\" \/> <\/a> <\/div> <div class=\"tiled-gallery-item tiled-gallery-item-large\" itemprop=\"associatedMedia\" itemscope itemtype=\"http:\/\/schema.org\/ImageObject\"> <a href=\"https:\/\/www.jazzzeitung.de\/cms\/2014\/12\/purer-soul-gregory-porter-der-muffathalle\/0k3a2911_porter__herre_dombr\/\" border=\"0\" itemprop=\"url\"> <meta itemprop=\"width\" content=\"355\"> <meta itemprop=\"height\" content=\"237\"> <img decoding=\"async\" class=\"\" data-attachment-id=\"5064\" data-orig-file=\"https:\/\/www.jazzzeitung.de\/cms\/wp-content\/uploads\/2014\/12\/0K3A2911_Porter__Herre_dombr.jpg\" data-orig-size=\"1280,853\" data-comments-opened=\"1\" data-image-meta=\"{&quot;aperture&quot;:&quot;4&quot;,&quot;credit&quot;:&quot;&quot;,&quot;camera&quot;:&quot;Canon EOS 5D Mark III&quot;,&quot;caption&quot;:&quot;&quot;,&quot;created_timestamp&quot;:&quot;1417643206&quot;,&quot;copyright&quot;:&quot;&quot;,&quot;focal_length&quot;:&quot;32&quot;,&quot;iso&quot;:&quot;4000&quot;,&quot;shutter_speed&quot;:&quot;0.005&quot;,&quot;title&quot;:&quot;&quot;,&quot;orientation&quot;:&quot;1&quot;}\" data-image-title=\"0K3A2911,_Porter_&amp;#038;_Herre_(dombr)\" data-image-description=\"\" data-medium-file=\"https:\/\/i0.wp.com\/www.jazzzeitung.de\/cms\/wp-content\/uploads\/2014\/12\/0K3A2911_Porter__Herre_dombr.jpg?fit=300%2C199&#038;ssl=1\" data-large-file=\"https:\/\/i0.wp.com\/www.jazzzeitung.de\/cms\/wp-content\/uploads\/2014\/12\/0K3A2911_Porter__Herre_dombr.jpg?fit=840%2C560&#038;ssl=1\" src=\"https:\/\/i0.wp.com\/www.jazzzeitung.de\/cms\/wp-content\/uploads\/2014\/12\/0K3A2911_Porter__Herre_dombr.jpg?w=355&#038;h=237&#038;ssl=1\" srcset=\"https:\/\/i0.wp.com\/www.jazzzeitung.de\/cms\/wp-content\/uploads\/2014\/12\/0K3A2911_Porter__Herre_dombr.jpg?w=1280&amp;ssl=1 1280w, https:\/\/i0.wp.com\/www.jazzzeitung.de\/cms\/wp-content\/uploads\/2014\/12\/0K3A2911_Porter__Herre_dombr.jpg?resize=300%2C200&amp;ssl=1 300w, https:\/\/i0.wp.com\/www.jazzzeitung.de\/cms\/wp-content\/uploads\/2014\/12\/0K3A2911_Porter__Herre_dombr.jpg?resize=900%2C599&amp;ssl=1 900w\" width=\"355\" height=\"237\" loading=\"lazy\" data-original-width=\"355\" data-original-height=\"237\" itemprop=\"http:\/\/schema.org\/image\" title=\"0K3A2911,_Porter_&amp;_Herre_(dombr)\" alt=\"0K3A2911,_Porter_&amp;_Herre_(dombr)\" style=\"width: 355px; height: 237px;\" \/> <\/a> <\/div> <div class=\"tiled-gallery-item tiled-gallery-item-large\" itemprop=\"associatedMedia\" itemscope itemtype=\"http:\/\/schema.org\/ImageObject\"> <a href=\"https:\/\/www.jazzzeitung.de\/cms\/2014\/12\/purer-soul-gregory-porter-der-muffathalle\/0k3a2889_di_gioia_dombr\/\" border=\"0\" itemprop=\"url\"> <meta itemprop=\"width\" content=\"355\"> <meta itemprop=\"height\" content=\"233\"> <img decoding=\"async\" class=\"\" data-attachment-id=\"5063\" data-orig-file=\"https:\/\/www.jazzzeitung.de\/cms\/wp-content\/uploads\/2014\/12\/0K3A2889_Di_Gioia_dombr.jpg\" data-orig-size=\"1280,841\" data-comments-opened=\"1\" data-image-meta=\"{&quot;aperture&quot;:&quot;4&quot;,&quot;credit&quot;:&quot;&quot;,&quot;camera&quot;:&quot;Canon EOS 5D Mark III&quot;,&quot;caption&quot;:&quot;&quot;,&quot;created_timestamp&quot;:&quot;1417643102&quot;,&quot;copyright&quot;:&quot;&quot;,&quot;focal_length&quot;:&quot;168&quot;,&quot;iso&quot;:&quot;4000&quot;,&quot;shutter_speed&quot;:&quot;0.005&quot;,&quot;title&quot;:&quot;&quot;,&quot;orientation&quot;:&quot;1&quot;}\" data-image-title=\"0K3A2889,_Di_Gioia_(dombr)\" data-image-description=\"\" data-medium-file=\"https:\/\/i0.wp.com\/www.jazzzeitung.de\/cms\/wp-content\/uploads\/2014\/12\/0K3A2889_Di_Gioia_dombr.jpg?fit=300%2C197&#038;ssl=1\" data-large-file=\"https:\/\/i0.wp.com\/www.jazzzeitung.de\/cms\/wp-content\/uploads\/2014\/12\/0K3A2889_Di_Gioia_dombr.jpg?fit=840%2C552&#038;ssl=1\" src=\"https:\/\/i0.wp.com\/www.jazzzeitung.de\/cms\/wp-content\/uploads\/2014\/12\/0K3A2889_Di_Gioia_dombr.jpg?w=355&#038;h=233&#038;ssl=1\" srcset=\"https:\/\/i0.wp.com\/www.jazzzeitung.de\/cms\/wp-content\/uploads\/2014\/12\/0K3A2889_Di_Gioia_dombr.jpg?w=1280&amp;ssl=1 1280w, https:\/\/i0.wp.com\/www.jazzzeitung.de\/cms\/wp-content\/uploads\/2014\/12\/0K3A2889_Di_Gioia_dombr.jpg?resize=300%2C197&amp;ssl=1 300w, https:\/\/i0.wp.com\/www.jazzzeitung.de\/cms\/wp-content\/uploads\/2014\/12\/0K3A2889_Di_Gioia_dombr.jpg?resize=900%2C591&amp;ssl=1 900w\" width=\"355\" height=\"233\" loading=\"lazy\" data-original-width=\"355\" data-original-height=\"233\" itemprop=\"http:\/\/schema.org\/image\" title=\"0K3A2889,_Di_Gioia_(dombr)\" alt=\"0K3A2889,_Di_Gioia_(dombr)\" style=\"width: 355px; height: 233px;\" \/> <\/a> <\/div> <\/div> <!-- close group --> <\/div> <!-- close row --> <div class=\"gallery-row\" style=\"width: 840px; height: 600px;\" data-original-width=\"840\" data-original-height=\"600\" > <div class=\"gallery-group images-2\" style=\"width: 439px; height: 600px;\" data-original-width=\"439\" data-original-height=\"600\" > <div class=\"tiled-gallery-item tiled-gallery-item-large\" itemprop=\"associatedMedia\" itemscope itemtype=\"http:\/\/schema.org\/ImageObject\"> <a href=\"https:\/\/www.jazzzeitung.de\/cms\/2014\/12\/purer-soul-gregory-porter-der-muffathalle\/0k3a2842_porter_dombr\/\" border=\"0\" itemprop=\"url\"> <meta itemprop=\"width\" content=\"435\"> <meta itemprop=\"height\" content=\"289\"> <img decoding=\"async\" class=\"\" data-attachment-id=\"5062\" data-orig-file=\"https:\/\/www.jazzzeitung.de\/cms\/wp-content\/uploads\/2014\/12\/0K3A2842_Porter_dombr.jpg\" data-orig-size=\"1280,850\" data-comments-opened=\"1\" data-image-meta=\"{&quot;aperture&quot;:&quot;4&quot;,&quot;credit&quot;:&quot;&quot;,&quot;camera&quot;:&quot;Canon EOS 5D Mark III&quot;,&quot;caption&quot;:&quot;&quot;,&quot;created_timestamp&quot;:&quot;1417641552&quot;,&quot;copyright&quot;:&quot;&quot;,&quot;focal_length&quot;:&quot;80&quot;,&quot;iso&quot;:&quot;4000&quot;,&quot;shutter_speed&quot;:&quot;0.00625&quot;,&quot;title&quot;:&quot;&quot;,&quot;orientation&quot;:&quot;1&quot;}\" data-image-title=\"0K3A2842,_Porter_(dombr)\" data-image-description=\"\" data-medium-file=\"https:\/\/i0.wp.com\/www.jazzzeitung.de\/cms\/wp-content\/uploads\/2014\/12\/0K3A2842_Porter_dombr.jpg?fit=300%2C199&#038;ssl=1\" data-large-file=\"https:\/\/i0.wp.com\/www.jazzzeitung.de\/cms\/wp-content\/uploads\/2014\/12\/0K3A2842_Porter_dombr.jpg?fit=840%2C557&#038;ssl=1\" src=\"https:\/\/i0.wp.com\/www.jazzzeitung.de\/cms\/wp-content\/uploads\/2014\/12\/0K3A2842_Porter_dombr.jpg?w=435&#038;h=289&#038;ssl=1\" srcset=\"https:\/\/i0.wp.com\/www.jazzzeitung.de\/cms\/wp-content\/uploads\/2014\/12\/0K3A2842_Porter_dombr.jpg?w=1280&amp;ssl=1 1280w, https:\/\/i0.wp.com\/www.jazzzeitung.de\/cms\/wp-content\/uploads\/2014\/12\/0K3A2842_Porter_dombr.jpg?resize=300%2C200&amp;ssl=1 300w, https:\/\/i0.wp.com\/www.jazzzeitung.de\/cms\/wp-content\/uploads\/2014\/12\/0K3A2842_Porter_dombr.jpg?resize=900%2C597&amp;ssl=1 900w\" width=\"435\" height=\"289\" loading=\"lazy\" data-original-width=\"435\" data-original-height=\"289\" itemprop=\"http:\/\/schema.org\/image\" title=\"0K3A2842,_Porter_(dombr)\" alt=\"0K3A2842,_Porter_(dombr)\" style=\"width: 435px; height: 289px;\" \/> <\/a> <\/div> <div class=\"tiled-gallery-item tiled-gallery-item-large\" itemprop=\"associatedMedia\" itemscope itemtype=\"http:\/\/schema.org\/ImageObject\"> <a href=\"https:\/\/www.jazzzeitung.de\/cms\/2014\/12\/purer-soul-gregory-porter-der-muffathalle\/0k3a2821_porter__band_dombr\/\" border=\"0\" itemprop=\"url\"> <meta itemprop=\"width\" content=\"435\"> <meta itemprop=\"height\" content=\"303\"> <img decoding=\"async\" class=\"\" data-attachment-id=\"5061\" data-orig-file=\"https:\/\/www.jazzzeitung.de\/cms\/wp-content\/uploads\/2014\/12\/0K3A2821_Porter__Band_dombr.jpg\" data-orig-size=\"1280,890\" data-comments-opened=\"1\" data-image-meta=\"{&quot;aperture&quot;:&quot;4&quot;,&quot;credit&quot;:&quot;&quot;,&quot;camera&quot;:&quot;Canon EOS 5D Mark III&quot;,&quot;caption&quot;:&quot;&quot;,&quot;created_timestamp&quot;:&quot;1417641506&quot;,&quot;copyright&quot;:&quot;&quot;,&quot;focal_length&quot;:&quot;24&quot;,&quot;iso&quot;:&quot;4000&quot;,&quot;shutter_speed&quot;:&quot;0.00625&quot;,&quot;title&quot;:&quot;&quot;,&quot;orientation&quot;:&quot;1&quot;}\" data-image-title=\"0K3A2821,_Porter_&amp;#038;_Band_(dombr)\" data-image-description=\"\" data-medium-file=\"https:\/\/i0.wp.com\/www.jazzzeitung.de\/cms\/wp-content\/uploads\/2014\/12\/0K3A2821_Porter__Band_dombr.jpg?fit=300%2C208&#038;ssl=1\" data-large-file=\"https:\/\/i0.wp.com\/www.jazzzeitung.de\/cms\/wp-content\/uploads\/2014\/12\/0K3A2821_Porter__Band_dombr.jpg?fit=840%2C585&#038;ssl=1\" src=\"https:\/\/i0.wp.com\/www.jazzzeitung.de\/cms\/wp-content\/uploads\/2014\/12\/0K3A2821_Porter__Band_dombr.jpg?w=435&#038;h=303&#038;ssl=1\" srcset=\"https:\/\/i0.wp.com\/www.jazzzeitung.de\/cms\/wp-content\/uploads\/2014\/12\/0K3A2821_Porter__Band_dombr.jpg?w=1280&amp;ssl=1 1280w, https:\/\/i0.wp.com\/www.jazzzeitung.de\/cms\/wp-content\/uploads\/2014\/12\/0K3A2821_Porter__Band_dombr.jpg?resize=300%2C208&amp;ssl=1 300w, https:\/\/i0.wp.com\/www.jazzzeitung.de\/cms\/wp-content\/uploads\/2014\/12\/0K3A2821_Porter__Band_dombr.jpg?resize=862%2C600&amp;ssl=1 862w, https:\/\/i0.wp.com\/www.jazzzeitung.de\/cms\/wp-content\/uploads\/2014\/12\/0K3A2821_Porter__Band_dombr.jpg?resize=900%2C625&amp;ssl=1 900w\" width=\"435\" height=\"303\" loading=\"lazy\" data-original-width=\"435\" data-original-height=\"303\" itemprop=\"http:\/\/schema.org\/image\" title=\"0K3A2821,_Porter_&amp;_Band_(dombr)\" alt=\"0K3A2821,_Porter_&amp;_Band_(dombr)\" style=\"width: 435px; height: 303px;\" \/> <\/a> <\/div> <\/div> <!-- close group --> <div class=\"gallery-group images-1\" style=\"width: 401px; height: 600px;\" data-original-width=\"401\" data-original-height=\"600\" > <div class=\"tiled-gallery-item tiled-gallery-item-large\" itemprop=\"associatedMedia\" itemscope itemtype=\"http:\/\/schema.org\/ImageObject\"> <a href=\"https:\/\/www.jazzzeitung.de\/cms\/2014\/12\/purer-soul-gregory-porter-der-muffathalle\/0k3a2813_yasuke_satoh_dombr\/\" border=\"0\" itemprop=\"url\"> <meta itemprop=\"width\" content=\"397\"> <meta itemprop=\"height\" content=\"596\"> <img decoding=\"async\" class=\"\" data-attachment-id=\"5060\" data-orig-file=\"https:\/\/www.jazzzeitung.de\/cms\/wp-content\/uploads\/2014\/12\/0K3A2813_Yasuke_Satoh_dombr.jpg\" data-orig-size=\"853,1280\" data-comments-opened=\"1\" data-image-meta=\"{&quot;aperture&quot;:&quot;4&quot;,&quot;credit&quot;:&quot;&quot;,&quot;camera&quot;:&quot;Canon EOS 5D Mark III&quot;,&quot;caption&quot;:&quot;&quot;,&quot;created_timestamp&quot;:&quot;1417641393&quot;,&quot;copyright&quot;:&quot;&quot;,&quot;focal_length&quot;:&quot;70&quot;,&quot;iso&quot;:&quot;4000&quot;,&quot;shutter_speed&quot;:&quot;0.005&quot;,&quot;title&quot;:&quot;&quot;,&quot;orientation&quot;:&quot;1&quot;}\" data-image-title=\"0K3A2813,_Yasuke_Satoh_(dombr)\" data-image-description=\"\" data-medium-file=\"https:\/\/i0.wp.com\/www.jazzzeitung.de\/cms\/wp-content\/uploads\/2014\/12\/0K3A2813_Yasuke_Satoh_dombr.jpg?fit=199%2C300&#038;ssl=1\" data-large-file=\"https:\/\/i0.wp.com\/www.jazzzeitung.de\/cms\/wp-content\/uploads\/2014\/12\/0K3A2813_Yasuke_Satoh_dombr.jpg?fit=399%2C600&#038;ssl=1\" src=\"https:\/\/i0.wp.com\/www.jazzzeitung.de\/cms\/wp-content\/uploads\/2014\/12\/0K3A2813_Yasuke_Satoh_dombr.jpg?w=397&#038;h=596&#038;ssl=1\" srcset=\"https:\/\/i0.wp.com\/www.jazzzeitung.de\/cms\/wp-content\/uploads\/2014\/12\/0K3A2813_Yasuke_Satoh_dombr.jpg?w=853&amp;ssl=1 853w, https:\/\/i0.wp.com\/www.jazzzeitung.de\/cms\/wp-content\/uploads\/2014\/12\/0K3A2813_Yasuke_Satoh_dombr.jpg?resize=199%2C300&amp;ssl=1 199w, https:\/\/i0.wp.com\/www.jazzzeitung.de\/cms\/wp-content\/uploads\/2014\/12\/0K3A2813_Yasuke_Satoh_dombr.jpg?resize=399%2C600&amp;ssl=1 399w\" width=\"397\" height=\"596\" loading=\"lazy\" data-original-width=\"397\" data-original-height=\"596\" itemprop=\"http:\/\/schema.org\/image\" title=\"0K3A2813,_Yasuke_Satoh_(dombr)\" alt=\"0K3A2813,_Yasuke_Satoh_(dombr)\" style=\"width: 397px; height: 596px;\" \/> <\/a> <\/div> <\/div> <!-- close group --> <\/div> <!-- close row --> <div class=\"gallery-row\" style=\"width: 840px; height: 375px;\" data-original-width=\"840\" data-original-height=\"375\" > <div class=\"gallery-group images-1\" style=\"width: 561px; height: 375px;\" data-original-width=\"561\" data-original-height=\"375\" > <div class=\"tiled-gallery-item tiled-gallery-item-large\" itemprop=\"associatedMedia\" itemscope itemtype=\"http:\/\/schema.org\/ImageObject\"> <a href=\"https:\/\/www.jazzzeitung.de\/cms\/2014\/12\/purer-soul-gregory-porter-der-muffathalle\/0k3a2792_porter_dombr\/\" border=\"0\" itemprop=\"url\"> <meta itemprop=\"width\" content=\"557\"> <meta itemprop=\"height\" content=\"371\"> <img decoding=\"async\" class=\"\" data-attachment-id=\"5059\" data-orig-file=\"https:\/\/www.jazzzeitung.de\/cms\/wp-content\/uploads\/2014\/12\/0K3A2792_Porter_dombr.jpg\" data-orig-size=\"1280,853\" data-comments-opened=\"1\" data-image-meta=\"{&quot;aperture&quot;:&quot;4&quot;,&quot;credit&quot;:&quot;&quot;,&quot;camera&quot;:&quot;Canon EOS 5D Mark III&quot;,&quot;caption&quot;:&quot;&quot;,&quot;created_timestamp&quot;:&quot;1417641303&quot;,&quot;copyright&quot;:&quot;&quot;,&quot;focal_length&quot;:&quot;126&quot;,&quot;iso&quot;:&quot;4000&quot;,&quot;shutter_speed&quot;:&quot;0.005&quot;,&quot;title&quot;:&quot;&quot;,&quot;orientation&quot;:&quot;1&quot;}\" data-image-title=\"0K3A2792,_Porter_(dombr)\" data-image-description=\"\" data-medium-file=\"https:\/\/i0.wp.com\/www.jazzzeitung.de\/cms\/wp-content\/uploads\/2014\/12\/0K3A2792_Porter_dombr.jpg?fit=300%2C199&#038;ssl=1\" data-large-file=\"https:\/\/i0.wp.com\/www.jazzzeitung.de\/cms\/wp-content\/uploads\/2014\/12\/0K3A2792_Porter_dombr.jpg?fit=840%2C560&#038;ssl=1\" src=\"https:\/\/i0.wp.com\/www.jazzzeitung.de\/cms\/wp-content\/uploads\/2014\/12\/0K3A2792_Porter_dombr.jpg?w=557&#038;h=371&#038;ssl=1\" srcset=\"https:\/\/i0.wp.com\/www.jazzzeitung.de\/cms\/wp-content\/uploads\/2014\/12\/0K3A2792_Porter_dombr.jpg?w=1280&amp;ssl=1 1280w, https:\/\/i0.wp.com\/www.jazzzeitung.de\/cms\/wp-content\/uploads\/2014\/12\/0K3A2792_Porter_dombr.jpg?resize=300%2C200&amp;ssl=1 300w, https:\/\/i0.wp.com\/www.jazzzeitung.de\/cms\/wp-content\/uploads\/2014\/12\/0K3A2792_Porter_dombr.jpg?resize=900%2C599&amp;ssl=1 900w\" width=\"557\" height=\"371\" loading=\"lazy\" data-original-width=\"557\" data-original-height=\"371\" itemprop=\"http:\/\/schema.org\/image\" title=\"0K3A2792,_Porter_(dombr)\" alt=\"0K3A2792,_Porter_(dombr)\" style=\"width: 557px; height: 371px;\" \/> <\/a> <\/div> <\/div> <!-- close group --> <div class=\"gallery-group images-2\" style=\"width: 279px; height: 375px;\" data-original-width=\"279\" data-original-height=\"375\" > <div class=\"tiled-gallery-item tiled-gallery-item-large\" itemprop=\"associatedMedia\" itemscope itemtype=\"http:\/\/schema.org\/ImageObject\"> <a href=\"https:\/\/www.jazzzeitung.de\/cms\/2014\/12\/purer-soul-gregory-porter-der-muffathalle\/0k3a2786_porter_dombr\/\" border=\"0\" itemprop=\"url\"> <meta itemprop=\"width\" content=\"275\"> <meta itemprop=\"height\" content=\"184\"> <img decoding=\"async\" class=\"\" data-attachment-id=\"5058\" data-orig-file=\"https:\/\/www.jazzzeitung.de\/cms\/wp-content\/uploads\/2014\/12\/0K3A2786_Porter_dombr.jpg\" data-orig-size=\"1280,853\" data-comments-opened=\"1\" data-image-meta=\"{&quot;aperture&quot;:&quot;4&quot;,&quot;credit&quot;:&quot;&quot;,&quot;camera&quot;:&quot;Canon EOS 5D Mark III&quot;,&quot;caption&quot;:&quot;&quot;,&quot;created_timestamp&quot;:&quot;1417641293&quot;,&quot;copyright&quot;:&quot;&quot;,&quot;focal_length&quot;:&quot;91&quot;,&quot;iso&quot;:&quot;4000&quot;,&quot;shutter_speed&quot;:&quot;0.005&quot;,&quot;title&quot;:&quot;&quot;,&quot;orientation&quot;:&quot;1&quot;}\" data-image-title=\"0K3A2786,_Porter_(dombr)\" data-image-description=\"\" data-medium-file=\"https:\/\/i0.wp.com\/www.jazzzeitung.de\/cms\/wp-content\/uploads\/2014\/12\/0K3A2786_Porter_dombr.jpg?fit=300%2C199&#038;ssl=1\" data-large-file=\"https:\/\/i0.wp.com\/www.jazzzeitung.de\/cms\/wp-content\/uploads\/2014\/12\/0K3A2786_Porter_dombr.jpg?fit=840%2C560&#038;ssl=1\" src=\"https:\/\/i0.wp.com\/www.jazzzeitung.de\/cms\/wp-content\/uploads\/2014\/12\/0K3A2786_Porter_dombr.jpg?w=275&#038;h=184&#038;ssl=1\" srcset=\"https:\/\/i0.wp.com\/www.jazzzeitung.de\/cms\/wp-content\/uploads\/2014\/12\/0K3A2786_Porter_dombr.jpg?w=1280&amp;ssl=1 1280w, https:\/\/i0.wp.com\/www.jazzzeitung.de\/cms\/wp-content\/uploads\/2014\/12\/0K3A2786_Porter_dombr.jpg?resize=900%2C599&amp;ssl=1 900w, https:\/\/i0.wp.com\/www.jazzzeitung.de\/cms\/wp-content\/uploads\/2014\/12\/0K3A2786_Porter_dombr.jpg?resize=300%2C200&amp;ssl=1 300w\" width=\"275\" height=\"184\" loading=\"lazy\" data-original-width=\"275\" data-original-height=\"184\" itemprop=\"http:\/\/schema.org\/image\" title=\"0K3A2786,_Porter_(dombr)\" alt=\"0K3A2786,_Porter_(dombr)\" style=\"width: 275px; height: 184px;\" \/> <\/a> <\/div> <div class=\"tiled-gallery-item tiled-gallery-item-large\" itemprop=\"associatedMedia\" itemscope itemtype=\"http:\/\/schema.org\/ImageObject\"> <a href=\"https:\/\/www.jazzzeitung.de\/cms\/2014\/12\/purer-soul-gregory-porter-der-muffathalle\/0k3a2760_emmanuel_harrold_dombr\/\" border=\"0\" itemprop=\"url\"> <meta itemprop=\"width\" content=\"275\"> <meta itemprop=\"height\" content=\"183\"> <img decoding=\"async\" class=\"\" data-attachment-id=\"5057\" data-orig-file=\"https:\/\/www.jazzzeitung.de\/cms\/wp-content\/uploads\/2014\/12\/0K3A2760_Emmanuel_Harrold_dombr.jpg\" data-orig-size=\"1280,853\" data-comments-opened=\"1\" data-image-meta=\"{&quot;aperture&quot;:&quot;4&quot;,&quot;credit&quot;:&quot;&quot;,&quot;camera&quot;:&quot;Canon EOS 5D Mark III&quot;,&quot;caption&quot;:&quot;&quot;,&quot;created_timestamp&quot;:&quot;1417641213&quot;,&quot;copyright&quot;:&quot;&quot;,&quot;focal_length&quot;:&quot;109&quot;,&quot;iso&quot;:&quot;4000&quot;,&quot;shutter_speed&quot;:&quot;0.005&quot;,&quot;title&quot;:&quot;&quot;,&quot;orientation&quot;:&quot;1&quot;}\" data-image-title=\"0K3A2760,_Emmanuel_Harrold_(dombr)\" data-image-description=\"\" data-medium-file=\"https:\/\/i0.wp.com\/www.jazzzeitung.de\/cms\/wp-content\/uploads\/2014\/12\/0K3A2760_Emmanuel_Harrold_dombr.jpg?fit=300%2C199&#038;ssl=1\" data-large-file=\"https:\/\/i0.wp.com\/www.jazzzeitung.de\/cms\/wp-content\/uploads\/2014\/12\/0K3A2760_Emmanuel_Harrold_dombr.jpg?fit=840%2C560&#038;ssl=1\" src=\"https:\/\/i0.wp.com\/www.jazzzeitung.de\/cms\/wp-content\/uploads\/2014\/12\/0K3A2760_Emmanuel_Harrold_dombr.jpg?w=275&#038;h=183&#038;ssl=1\" srcset=\"https:\/\/i0.wp.com\/www.jazzzeitung.de\/cms\/wp-content\/uploads\/2014\/12\/0K3A2760_Emmanuel_Harrold_dombr.jpg?w=1280&amp;ssl=1 1280w, https:\/\/i0.wp.com\/www.jazzzeitung.de\/cms\/wp-content\/uploads\/2014\/12\/0K3A2760_Emmanuel_Harrold_dombr.jpg?resize=300%2C200&amp;ssl=1 300w, https:\/\/i0.wp.com\/www.jazzzeitung.de\/cms\/wp-content\/uploads\/2014\/12\/0K3A2760_Emmanuel_Harrold_dombr.jpg?resize=900%2C599&amp;ssl=1 900w\" width=\"275\" height=\"183\" loading=\"lazy\" data-original-width=\"275\" data-original-height=\"183\" itemprop=\"http:\/\/schema.org\/image\" title=\"0K3A2760,_Emmanuel_Harrold_(dombr)\" alt=\"0K3A2760,_Emmanuel_Harrold_(dombr)\" style=\"width: 275px; height: 183px;\" \/> <\/a> <\/div> <\/div> <!-- close group --> <\/div> <!-- close row --> <div class=\"gallery-row\" style=\"width: 840px; height: 164px;\" data-original-width=\"840\" data-original-height=\"164\" > <div class=\"gallery-group images-1\" style=\"width: 241px; height: 164px;\" data-original-width=\"241\" data-original-height=\"164\" > <div class=\"tiled-gallery-item tiled-gallery-item-small\" itemprop=\"associatedMedia\" itemscope itemtype=\"http:\/\/schema.org\/ImageObject\"> <a href=\"https:\/\/www.jazzzeitung.de\/cms\/2014\/12\/purer-soul-gregory-porter-der-muffathalle\/0k3a2756_aaron_james_dombr\/\" border=\"0\" itemprop=\"url\"> <meta itemprop=\"width\" content=\"237\"> <meta itemprop=\"height\" content=\"160\"> <img decoding=\"async\" class=\"\" data-attachment-id=\"5056\" data-orig-file=\"https:\/\/www.jazzzeitung.de\/cms\/wp-content\/uploads\/2014\/12\/0K3A2756_Aaron_James_dombr.jpg\" data-orig-size=\"1280,862\" data-comments-opened=\"1\" data-image-meta=\"{&quot;aperture&quot;:&quot;4&quot;,&quot;credit&quot;:&quot;&quot;,&quot;camera&quot;:&quot;Canon EOS 5D Mark III&quot;,&quot;caption&quot;:&quot;&quot;,&quot;created_timestamp&quot;:&quot;1417641190&quot;,&quot;copyright&quot;:&quot;&quot;,&quot;focal_length&quot;:&quot;104&quot;,&quot;iso&quot;:&quot;4000&quot;,&quot;shutter_speed&quot;:&quot;0.005&quot;,&quot;title&quot;:&quot;&quot;,&quot;orientation&quot;:&quot;1&quot;}\" data-image-title=\"0K3A2756,_Aaron_James_(dombr)\" data-image-description=\"\" data-medium-file=\"https:\/\/i0.wp.com\/www.jazzzeitung.de\/cms\/wp-content\/uploads\/2014\/12\/0K3A2756_Aaron_James_dombr.jpg?fit=300%2C202&#038;ssl=1\" data-large-file=\"https:\/\/i0.wp.com\/www.jazzzeitung.de\/cms\/wp-content\/uploads\/2014\/12\/0K3A2756_Aaron_James_dombr.jpg?fit=840%2C566&#038;ssl=1\" src=\"https:\/\/i0.wp.com\/www.jazzzeitung.de\/cms\/wp-content\/uploads\/2014\/12\/0K3A2756_Aaron_James_dombr.jpg?w=237&#038;h=160&#038;ssl=1\" srcset=\"https:\/\/i0.wp.com\/www.jazzzeitung.de\/cms\/wp-content\/uploads\/2014\/12\/0K3A2756_Aaron_James_dombr.jpg?w=1280&amp;ssl=1 1280w, https:\/\/i0.wp.com\/www.jazzzeitung.de\/cms\/wp-content\/uploads\/2014\/12\/0K3A2756_Aaron_James_dombr.jpg?resize=300%2C202&amp;ssl=1 300w, https:\/\/i0.wp.com\/www.jazzzeitung.de\/cms\/wp-content\/uploads\/2014\/12\/0K3A2756_Aaron_James_dombr.jpg?resize=890%2C600&amp;ssl=1 890w, https:\/\/i0.wp.com\/www.jazzzeitung.de\/cms\/wp-content\/uploads\/2014\/12\/0K3A2756_Aaron_James_dombr.jpg?resize=900%2C606&amp;ssl=1 900w\" width=\"237\" height=\"160\" loading=\"lazy\" data-original-width=\"237\" data-original-height=\"160\" itemprop=\"http:\/\/schema.org\/image\" title=\"0K3A2756,_Aaron_James_(dombr)\" alt=\"0K3A2756,_Aaron_James_(dombr)\" style=\"width: 237px; height: 160px;\" \/> <\/a> <\/div> <\/div> <!-- close group --> <div class=\"gallery-group images-1\" style=\"width: 244px; height: 164px;\" data-original-width=\"244\" data-original-height=\"164\" > <div class=\"tiled-gallery-item tiled-gallery-item-small\" itemprop=\"associatedMedia\" itemscope itemtype=\"http:\/\/schema.org\/ImageObject\"> <a href=\"https:\/\/www.jazzzeitung.de\/cms\/2014\/12\/purer-soul-gregory-porter-der-muffathalle\/0k3a2753_sanko_dombr\/\" border=\"0\" itemprop=\"url\"> <meta itemprop=\"width\" content=\"240\"> <meta itemprop=\"height\" content=\"160\"> <img decoding=\"async\" class=\"\" data-attachment-id=\"5055\" data-orig-file=\"https:\/\/www.jazzzeitung.de\/cms\/wp-content\/uploads\/2014\/12\/0K3A2753_Sanko_dombr.jpg\" data-orig-size=\"1280,853\" data-comments-opened=\"1\" data-image-meta=\"{&quot;aperture&quot;:&quot;5&quot;,&quot;credit&quot;:&quot;&quot;,&quot;camera&quot;:&quot;Canon EOS 5D Mark III&quot;,&quot;caption&quot;:&quot;&quot;,&quot;created_timestamp&quot;:&quot;1417639850&quot;,&quot;copyright&quot;:&quot;&quot;,&quot;focal_length&quot;:&quot;170&quot;,&quot;iso&quot;:&quot;3200&quot;,&quot;shutter_speed&quot;:&quot;0.00625&quot;,&quot;title&quot;:&quot;&quot;,&quot;orientation&quot;:&quot;1&quot;}\" data-image-title=\"0K3A2753,_Sanko_(dombr)\" data-image-description=\"\" data-medium-file=\"https:\/\/i0.wp.com\/www.jazzzeitung.de\/cms\/wp-content\/uploads\/2014\/12\/0K3A2753_Sanko_dombr.jpg?fit=300%2C199&#038;ssl=1\" data-large-file=\"https:\/\/i0.wp.com\/www.jazzzeitung.de\/cms\/wp-content\/uploads\/2014\/12\/0K3A2753_Sanko_dombr.jpg?fit=840%2C560&#038;ssl=1\" src=\"https:\/\/i0.wp.com\/www.jazzzeitung.de\/cms\/wp-content\/uploads\/2014\/12\/0K3A2753_Sanko_dombr.jpg?w=240&#038;h=160&#038;ssl=1\" srcset=\"https:\/\/i0.wp.com\/www.jazzzeitung.de\/cms\/wp-content\/uploads\/2014\/12\/0K3A2753_Sanko_dombr.jpg?w=1280&amp;ssl=1 1280w, https:\/\/i0.wp.com\/www.jazzzeitung.de\/cms\/wp-content\/uploads\/2014\/12\/0K3A2753_Sanko_dombr.jpg?resize=300%2C200&amp;ssl=1 300w, https:\/\/i0.wp.com\/www.jazzzeitung.de\/cms\/wp-content\/uploads\/2014\/12\/0K3A2753_Sanko_dombr.jpg?resize=900%2C599&amp;ssl=1 900w\" width=\"240\" height=\"160\" loading=\"lazy\" data-original-width=\"240\" data-original-height=\"160\" itemprop=\"http:\/\/schema.org\/image\" title=\"0K3A2753,_Sanko_(dombr)\" alt=\"0K3A2753,_Sanko_(dombr)\" style=\"width: 240px; height: 160px;\" \/> <\/a> <\/div> <\/div> <!-- close group --> <div class=\"gallery-group images-1\" style=\"width: 111px; height: 164px;\" data-original-width=\"111\" data-original-height=\"164\" > <div class=\"tiled-gallery-item tiled-gallery-item-small\" itemprop=\"associatedMedia\" itemscope itemtype=\"http:\/\/schema.org\/ImageObject\"> <a href=\"https:\/\/www.jazzzeitung.de\/cms\/2014\/12\/purer-soul-gregory-porter-der-muffathalle\/0k3a2736_sanko_dombr\/\" border=\"0\" itemprop=\"url\"> <meta itemprop=\"width\" content=\"107\"> <meta itemprop=\"height\" content=\"160\"> <img decoding=\"async\" class=\"\" data-attachment-id=\"5054\" data-orig-file=\"https:\/\/www.jazzzeitung.de\/cms\/wp-content\/uploads\/2014\/12\/0K3A2736_Sanko_dombr.jpg\" data-orig-size=\"853,1280\" data-comments-opened=\"1\" data-image-meta=\"{&quot;aperture&quot;:&quot;4&quot;,&quot;credit&quot;:&quot;&quot;,&quot;camera&quot;:&quot;Canon EOS 5D Mark III&quot;,&quot;caption&quot;:&quot;&quot;,&quot;created_timestamp&quot;:&quot;1417639553&quot;,&quot;copyright&quot;:&quot;&quot;,&quot;focal_length&quot;:&quot;40&quot;,&quot;iso&quot;:&quot;3200&quot;,&quot;shutter_speed&quot;:&quot;0.00625&quot;,&quot;title&quot;:&quot;&quot;,&quot;orientation&quot;:&quot;1&quot;}\" data-image-title=\"0K3A2736,_Sanko_(dombr)\" data-image-description=\"\" data-medium-file=\"https:\/\/i0.wp.com\/www.jazzzeitung.de\/cms\/wp-content\/uploads\/2014\/12\/0K3A2736_Sanko_dombr.jpg?fit=199%2C300&#038;ssl=1\" data-large-file=\"https:\/\/i0.wp.com\/www.jazzzeitung.de\/cms\/wp-content\/uploads\/2014\/12\/0K3A2736_Sanko_dombr.jpg?fit=399%2C600&#038;ssl=1\" src=\"https:\/\/i0.wp.com\/www.jazzzeitung.de\/cms\/wp-content\/uploads\/2014\/12\/0K3A2736_Sanko_dombr.jpg?w=107&#038;h=160&#038;ssl=1\" srcset=\"https:\/\/i0.wp.com\/www.jazzzeitung.de\/cms\/wp-content\/uploads\/2014\/12\/0K3A2736_Sanko_dombr.jpg?w=853&amp;ssl=1 853w, https:\/\/i0.wp.com\/www.jazzzeitung.de\/cms\/wp-content\/uploads\/2014\/12\/0K3A2736_Sanko_dombr.jpg?resize=199%2C300&amp;ssl=1 199w, https:\/\/i0.wp.com\/www.jazzzeitung.de\/cms\/wp-content\/uploads\/2014\/12\/0K3A2736_Sanko_dombr.jpg?resize=399%2C600&amp;ssl=1 399w\" width=\"107\" height=\"160\" loading=\"lazy\" data-original-width=\"107\" data-original-height=\"160\" itemprop=\"http:\/\/schema.org\/image\" title=\"0K3A2736,_Sanko_(dombr)\" alt=\"0K3A2736,_Sanko_(dombr)\" style=\"width: 107px; height: 160px;\" \/> <\/a> <\/div> <\/div> <!-- close group --> <div class=\"gallery-group images-1\" style=\"width: 244px; height: 164px;\" data-original-width=\"244\" data-original-height=\"164\" > <div class=\"tiled-gallery-item tiled-gallery-item-small\" itemprop=\"associatedMedia\" itemscope itemtype=\"http:\/\/schema.org\/ImageObject\"> <a href=\"https:\/\/www.jazzzeitung.de\/cms\/2014\/12\/purer-soul-gregory-porter-der-muffathalle\/0k3a2713_sanko_dombr\/\" border=\"0\" itemprop=\"url\"> <meta itemprop=\"width\" content=\"240\"> <meta itemprop=\"height\" content=\"160\"> <img decoding=\"async\" class=\"\" data-attachment-id=\"5053\" data-orig-file=\"https:\/\/www.jazzzeitung.de\/cms\/wp-content\/uploads\/2014\/12\/0K3A2713_Sanko_dombr.jpg\" data-orig-size=\"1280,853\" data-comments-opened=\"1\" data-image-meta=\"{&quot;aperture&quot;:&quot;4&quot;,&quot;credit&quot;:&quot;&quot;,&quot;camera&quot;:&quot;Canon EOS 5D Mark III&quot;,&quot;caption&quot;:&quot;&quot;,&quot;created_timestamp&quot;:&quot;1417639491&quot;,&quot;copyright&quot;:&quot;&quot;,&quot;focal_length&quot;:&quot;92&quot;,&quot;iso&quot;:&quot;3200&quot;,&quot;shutter_speed&quot;:&quot;0.00625&quot;,&quot;title&quot;:&quot;&quot;,&quot;orientation&quot;:&quot;1&quot;}\" data-image-title=\"0K3A2713,_Sanko_(dombr)\" data-image-description=\"\" data-medium-file=\"https:\/\/i0.wp.com\/www.jazzzeitung.de\/cms\/wp-content\/uploads\/2014\/12\/0K3A2713_Sanko_dombr.jpg?fit=300%2C199&#038;ssl=1\" data-large-file=\"https:\/\/i0.wp.com\/www.jazzzeitung.de\/cms\/wp-content\/uploads\/2014\/12\/0K3A2713_Sanko_dombr.jpg?fit=840%2C560&#038;ssl=1\" src=\"https:\/\/i0.wp.com\/www.jazzzeitung.de\/cms\/wp-content\/uploads\/2014\/12\/0K3A2713_Sanko_dombr.jpg?w=240&#038;h=160&#038;ssl=1\" srcset=\"https:\/\/i0.wp.com\/www.jazzzeitung.de\/cms\/wp-content\/uploads\/2014\/12\/0K3A2713_Sanko_dombr.jpg?w=1280&amp;ssl=1 1280w, https:\/\/i0.wp.com\/www.jazzzeitung.de\/cms\/wp-content\/uploads\/2014\/12\/0K3A2713_Sanko_dombr.jpg?resize=300%2C200&amp;ssl=1 300w, https:\/\/i0.wp.com\/www.jazzzeitung.de\/cms\/wp-content\/uploads\/2014\/12\/0K3A2713_Sanko_dombr.jpg?resize=900%2C599&amp;ssl=1 900w\" width=\"240\" height=\"160\" loading=\"lazy\" data-original-width=\"240\" data-original-height=\"160\" itemprop=\"http:\/\/schema.org\/image\" title=\"0K3A2713,_Sanko_(dombr)\" alt=\"0K3A2713,_Sanko_(dombr)\" style=\"width: 240px; height: 160px;\" \/> <\/a> <\/div> <\/div> <!-- close group --> <\/div> <!-- close row --> <\/div>\n<p>Auch als Typ hebt sich Gregory Porter von so vielen anderen Jazzs\u00e4ngern und \u2013s\u00e4ngerinnen angenehm ab: Da steht keiner auf der B\u00fchne, der f\u00fcr seinen Live-Act auf Crooner, Diva oder irgendeinen anderen Archetypus des Image-Marketing macht. Kein Sinatra- oder Sonstwas-Darsteller, wo das Posen so wichtig oder gar wichtiger ist als der Gesang. Auch niemand, wo sich das Great American Songbook retrom\u00e4\u00dfig noch einmal \u2013 zum wievielten Male? \u2013 selbst verdaut. Sondern einer, der so ungew\u00f6hnlich gut singt wie er mit seiner seltsamen Kopf- und Halsbedeckungs-Kombi aus M\u00fctze und Schal aussieht. Und der den Gro\u00dfteil seiner Lieder wie ein Singer-Songwriter selbst schreibt.<\/p>\n<p>Porters Jazz spielt sich ganz nah an den afro-amerikanischen Wurzeln ab: Die Gospel-Kirche ist ihm n\u00e4her ist als der Big-Band-Swing von Sinatra &amp; Co., was man jedes Mal von Neuem merkt, wenn Porter seinen Gospel-Handclapping-Hit \u201eLiquid Spirit\u201c anstimmt. Wenn jemals die Muffathalle zu einer Art Gospel-Kirche wurde, dann mit Gregory Porter an diesem Abend. Ein Song \u00fcber den fl\u00fcssigen Spirit, den jeder aus sich heraus freien Lauf lassen solle. So wie man einen eingedeichten Flu\u00df wieder frei flie\u00dfen l\u00e4sst, damit die Durstigen\u00a0flussabw\u00e4rts \u2013 und das ist bei diesem Song jeder im Publikum \u2013 ihren Durst stillen k\u00f6nnen. \u201eLiquid Spirit\u201c verwandelte die Halle in eine ekstatische Musiktaufe aus geklatschten Rhythmen und einer Metaphorik, in der Message und Musikerleben auf einmal eins werden. Wenn auf einmal alle \u2013 oder doch zumindest sehr viele &#8211; glauben, dass sich ihr Leben gerade durch einen Song zum Besseren wendet, dann passiert das, was man Soul nennt. Mag sein, dass der gute Vorsatz zum \u201eLiquid Spirit\u201c bald versiegt \u2013 aber diese kathartischen f\u00fcnf Minuten kann einem keiner nehmen. Nicht einmal man selbst.<\/p>\n<p>Porters Stimme hat aber auch ein reiches Bouquet an Soul-Einfl\u00fcssen: Von Bill Withers \u00fcber Donny Hathaway, den Soul-Jazz eines Oscar Brown Jr. bis hin zu den poetisch-politischen Messages von Terry Callier bis Gil Scott-Heron reicht das Spektrum seiner Stimme, mit der er Vorbilder und Vorfahren wie Marvin Gaye oder Ellington auch immer wieder name-checkt\u2013 wie in \u201eOn My Way to Harlem\u201c. Wenn es aktuell jemanden gibt, der als S\u00e4nger das stilistische Kontinuum afro-amerikanischer Musik verk\u00f6rpert \u2013 von Jazz bis Soul -, dann Gregory Porter.<\/p>\n<p>Die Band um den Pianisten Chip Crawford am Fl\u00fcgel ging kaum weniger ab als der S\u00e4nger. Allerdings hatte Yosuke Sato am Altsaxofon neben starken auch schw\u00e4chere Momente. Zu oft verlegt er sich darauf, Porters Stimme mit Saxofon-Girlanden zu umspielen. Und bei manchen Soli klingt er wie ein praller Sack voller Noten, in den jemand aus Versehen ein Loch gebohrt hat.<\/p>\n<p>Was es definitiv nicht gebraucht h\u00e4tte, war Max Herre, der den Konzertflow mit kurzen Auftritten (\u201eVida\u201c, \u201eSo wundervoll\u201c) unangenehm unterbrach. Zum einen weil weniger Max Herre mehr Gregory Porter bedeutet h\u00e4tte. Zum anderen, weil es schade ist, einen S\u00e4nger wie Gregory Porter zum Refrain-Lieferanten zu degradieren. Au\u00dferdem klingt Max Herres Deutschrap leider tats\u00e4chlich nach gereimter, \u201ekalenderblattartiger Hoffnungshymnik\u201c (E. Pfeil\/FAZ). Eine bessere Idee w\u00e4re es gewesen, Myles Sanko, den S\u00e4nger aus dem Vorprogramm auf die B\u00fchne zu holen: Dann w\u00fcsste man besser, wie sich der m\u00f6glicherweise neue Gregory Porter neben dem alten so macht. Schade auch, dass von Roberto Di Gioia am Wurlitzer, der mit Herre auf die B\u00fchne kam, kaum was zu h\u00f6ren war. Niemand n\u00e4mlich wurlitzert so sch\u00f6n wie Di Gioia.<\/p>\n","protected":false},"excerpt":{"rendered":"<p>Von Claus Lochbihler, Fotos von Ralf Dombrowski &#8211;\u00a0 Soulful und jazzig, das w\u00e4ren gern viele S\u00e4nger. Schon deshalb, weil man dann nicht nur das \u00fcberschaubare Jazzpublikum, sondern auch die vielen Soulfans, vielleicht sogar den einen oder anderen Hip-Hop-sozialisierten Jungen erreicht. Und so nicht nur kleine Clubs oder philharmonisch-steife Konzerts\u00e4le wie den Gasteig f\u00fcllt, sondern auch l\u00e4ssigere Orte wie die Muffathalle. Und das im wortw\u00f6rtlichen Sinne: Die Halle war beim Konzert vorgestern Abend so ausverkauft und voll, dass sich Gregory Porter nach zwei Nummern bei seinen Fans f\u00fcr die \u201efast schon illegal\u201c volle Venue bedankte. Soulful und zugleich jazzig w\u00e4ren gerne viele. Gregory Porter ist es. In Balladen wie \u201eWolfcry\u201c oder \u201eHey Laura\u201c klingt er so sahnig und klar wie Nat King Cole, den er als kleiner Junge einst als seinen Ersatzvater adoptierte, weil sich der leibliche Vater davon gestohlen hatte. Dabei kommt Porter nie kitschig r\u00fcber &#8211; selbst wenn er von V\u00f6geln mit gebrochenen Fl\u00fcgeln singt, wie in \u201eNo Love Dying\u201c, seinem Pl\u00e4doyer daf\u00fcr, den Glauben an die ver\u00e4ndernde Kraft von (N\u00e4chsten-) Liebe, F\u00fcrsorge und Engagement niemals aufzugeben. Gregory Porter singt solche Songs mit einem &hellip;<\/p>\n","protected":false},"author":18,"featured_media":0,"comment_status":"open","ping_status":"closed","sticky":false,"template":"","format":"standard","meta":{"_jetpack_memberships_contains_paid_content":false,"footnotes":"","jetpack_publicize_message":"","jetpack_publicize_feature_enabled":true,"jetpack_social_post_already_shared":false,"jetpack_social_options":{"image_generator_settings":{"template":"highway","default_image_id":0,"font":"","enabled":false},"version":2}},"categories":[1053],"tags":[29,358,1192,172,193,1142,214,218,322,357,1032,1143,146,1144,535],"coauthors":[695],"class_list":["post-5052","post","type-post","status-publish","format-standard","hentry","category-bericht","tag-act","tag-lochbihler","tag-clubs","tag-faz","tag-gasteig","tag-gregory-porter","tag-halle","tag-harlem","tag-konzert-2","tag-live-act","tag-max-herre","tag-muffathalle","tag-dombrowski","tag-roberto-du-gioiaralf-dombrowksi","tag-swing"],"yoast_head":"<!-- This site is optimized with the Yoast SEO plugin v27.5 - https:\/\/yoast.com\/product\/yoast-seo-wordpress\/ -->\n<title>Jazz-Soul-Katharsis: Gregory Porter l\u00e4sst in der Muffathalle den Spirit flie\u00dfen - JazzZeitung<\/title>\n<meta name=\"robots\" content=\"index, follow, max-snippet:-1, max-image-preview:large, max-video-preview:-1\" \/>\n<link rel=\"canonical\" href=\"https:\/\/www.jazzzeitung.de\/cms\/2014\/12\/purer-soul-gregory-porter-der-muffathalle\/\" \/>\n<meta property=\"og:locale\" content=\"de_DE\" \/>\n<meta property=\"og:type\" content=\"article\" \/>\n<meta property=\"og:title\" content=\"Jazz-Soul-Katharsis: Gregory Porter l\u00e4sst in der Muffathalle den Spirit flie\u00dfen - JazzZeitung\" \/>\n<meta property=\"og:description\" content=\"Von Claus Lochbihler, Fotos von Ralf Dombrowski &#8211;\u00a0 Soulful und jazzig, das w\u00e4ren gern viele S\u00e4nger. Schon deshalb, weil man dann nicht nur das \u00fcberschaubare Jazzpublikum, sondern auch die vielen Soulfans, vielleicht sogar den einen oder anderen Hip-Hop-sozialisierten Jungen erreicht. Und so nicht nur kleine Clubs oder philharmonisch-steife Konzerts\u00e4le wie den Gasteig f\u00fcllt, sondern auch l\u00e4ssigere Orte wie die Muffathalle. Und das im wortw\u00f6rtlichen Sinne: Die Halle war beim Konzert vorgestern Abend so ausverkauft und voll, dass sich Gregory Porter nach zwei Nummern bei seinen Fans f\u00fcr die \u201efast schon illegal\u201c volle Venue bedankte. Soulful und zugleich jazzig w\u00e4ren gerne viele. Gregory Porter ist es. In Balladen wie \u201eWolfcry\u201c oder \u201eHey Laura\u201c klingt er so sahnig und klar wie Nat King Cole, den er als kleiner Junge einst als seinen Ersatzvater adoptierte, weil sich der leibliche Vater davon gestohlen hatte. Dabei kommt Porter nie kitschig r\u00fcber &#8211; selbst wenn er von V\u00f6geln mit gebrochenen Fl\u00fcgeln singt, wie in \u201eNo Love Dying\u201c, seinem Pl\u00e4doyer daf\u00fcr, den Glauben an die ver\u00e4ndernde Kraft von (N\u00e4chsten-) Liebe, F\u00fcrsorge und Engagement niemals aufzugeben. Gregory Porter singt solche Songs mit einem &hellip;\" \/>\n<meta property=\"og:url\" content=\"https:\/\/www.jazzzeitung.de\/cms\/2014\/12\/purer-soul-gregory-porter-der-muffathalle\/\" \/>\n<meta property=\"og:site_name\" content=\"JazzZeitung\" \/>\n<meta property=\"article:publisher\" content=\"https:\/\/www.facebook.com\/JazzZeitung\/\" \/>\n<meta property=\"article:published_time\" content=\"2014-12-05T09:29:22+00:00\" \/>\n<meta property=\"article:modified_time\" content=\"2014-12-05T15:25:25+00:00\" \/>\n<meta property=\"og:image\" content=\"https:\/\/i0.wp.com\/www.jazzzeitung.de\/cms\/wp-content\/uploads\/2014\/12\/0K3A2969-Porter-Herre-dombr.jpg?w=477&#038;h=715&#038;ssl=1\" \/>\n<meta name=\"author\" content=\"Redaktion JazzZeitung\" \/>\n<script type=\"application\/ld+json\" class=\"yoast-schema-graph\">{\"@context\":\"https:\\\/\\\/schema.org\",\"@graph\":[{\"@type\":\"Article\",\"@id\":\"https:\\\/\\\/www.jazzzeitung.de\\\/cms\\\/2014\\\/12\\\/purer-soul-gregory-porter-der-muffathalle\\\/#article\",\"isPartOf\":{\"@id\":\"https:\\\/\\\/www.jazzzeitung.de\\\/cms\\\/2014\\\/12\\\/purer-soul-gregory-porter-der-muffathalle\\\/\"},\"author\":{\"name\":\"Redaktion JazzZeitung\",\"@id\":\"https:\\\/\\\/www.jazzzeitung.de\\\/cms\\\/#\\\/schema\\\/person\\\/2245b36b9cd1d24cea10f01c031fb92b\"},\"headline\":\"Jazz-Soul-Katharsis: Gregory Porter l\u00e4sst in der Muffathalle den Spirit flie\u00dfen\",\"datePublished\":\"2014-12-05T09:29:22+00:00\",\"dateModified\":\"2014-12-05T15:25:25+00:00\",\"mainEntityOfPage\":{\"@id\":\"https:\\\/\\\/www.jazzzeitung.de\\\/cms\\\/2014\\\/12\\\/purer-soul-gregory-porter-der-muffathalle\\\/\"},\"wordCount\":807,\"commentCount\":0,\"publisher\":{\"@id\":\"https:\\\/\\\/www.jazzzeitung.de\\\/cms\\\/#organization\"},\"image\":{\"@id\":\"https:\\\/\\\/www.jazzzeitung.de\\\/cms\\\/2014\\\/12\\\/purer-soul-gregory-porter-der-muffathalle\\\/#primaryimage\"},\"thumbnailUrl\":\"http:\\\/\\\/www.jazzzeitung.de\\\/cms\\\/wp-content\\\/uploads\\\/2014\\\/12\\\/0K3A2842_Porter_dombr-150x150.jpg\",\"keywords\":[\"act\",\"Claus Lochbihler\",\"Clubs\",\"faz\",\"Gasteig\",\"Gregory Porter\",\"Halle\",\"Harlem\",\"Konzert\",\"live-act\",\"Max Herre\",\"Muffathalle\",\"Ralf Dombrowski\",\"Roberto Du GioiaRalf Dombrowksi\",\"Swing\"],\"articleSection\":[\"Bericht\"],\"inLanguage\":\"de\",\"potentialAction\":[{\"@type\":\"CommentAction\",\"name\":\"Comment\",\"target\":[\"https:\\\/\\\/www.jazzzeitung.de\\\/cms\\\/2014\\\/12\\\/purer-soul-gregory-porter-der-muffathalle\\\/#respond\"]}]},{\"@type\":\"WebPage\",\"@id\":\"https:\\\/\\\/www.jazzzeitung.de\\\/cms\\\/2014\\\/12\\\/purer-soul-gregory-porter-der-muffathalle\\\/\",\"url\":\"https:\\\/\\\/www.jazzzeitung.de\\\/cms\\\/2014\\\/12\\\/purer-soul-gregory-porter-der-muffathalle\\\/\",\"name\":\"Jazz-Soul-Katharsis: Gregory Porter l\u00e4sst in der Muffathalle den Spirit flie\u00dfen - JazzZeitung\",\"isPartOf\":{\"@id\":\"https:\\\/\\\/www.jazzzeitung.de\\\/cms\\\/#website\"},\"primaryImageOfPage\":{\"@id\":\"https:\\\/\\\/www.jazzzeitung.de\\\/cms\\\/2014\\\/12\\\/purer-soul-gregory-porter-der-muffathalle\\\/#primaryimage\"},\"image\":{\"@id\":\"https:\\\/\\\/www.jazzzeitung.de\\\/cms\\\/2014\\\/12\\\/purer-soul-gregory-porter-der-muffathalle\\\/#primaryimage\"},\"thumbnailUrl\":\"http:\\\/\\\/www.jazzzeitung.de\\\/cms\\\/wp-content\\\/uploads\\\/2014\\\/12\\\/0K3A2842_Porter_dombr-150x150.jpg\",\"datePublished\":\"2014-12-05T09:29:22+00:00\",\"dateModified\":\"2014-12-05T15:25:25+00:00\",\"breadcrumb\":{\"@id\":\"https:\\\/\\\/www.jazzzeitung.de\\\/cms\\\/2014\\\/12\\\/purer-soul-gregory-porter-der-muffathalle\\\/#breadcrumb\"},\"inLanguage\":\"de\",\"potentialAction\":[{\"@type\":\"ReadAction\",\"target\":[\"https:\\\/\\\/www.jazzzeitung.de\\\/cms\\\/2014\\\/12\\\/purer-soul-gregory-porter-der-muffathalle\\\/\"]}]},{\"@type\":\"ImageObject\",\"inLanguage\":\"de\",\"@id\":\"https:\\\/\\\/www.jazzzeitung.de\\\/cms\\\/2014\\\/12\\\/purer-soul-gregory-porter-der-muffathalle\\\/#primaryimage\",\"url\":\"http:\\\/\\\/www.jazzzeitung.de\\\/cms\\\/wp-content\\\/uploads\\\/2014\\\/12\\\/0K3A2842_Porter_dombr-150x150.jpg\",\"contentUrl\":\"http:\\\/\\\/www.jazzzeitung.de\\\/cms\\\/wp-content\\\/uploads\\\/2014\\\/12\\\/0K3A2842_Porter_dombr-150x150.jpg\"},{\"@type\":\"BreadcrumbList\",\"@id\":\"https:\\\/\\\/www.jazzzeitung.de\\\/cms\\\/2014\\\/12\\\/purer-soul-gregory-porter-der-muffathalle\\\/#breadcrumb\",\"itemListElement\":[{\"@type\":\"ListItem\",\"position\":1,\"name\":\"Startseite\",\"item\":\"https:\\\/\\\/www.jazzzeitung.de\\\/cms\\\/\"},{\"@type\":\"ListItem\",\"position\":2,\"name\":\"Jazz-Soul-Katharsis: Gregory Porter l\u00e4sst in der Muffathalle den Spirit flie\u00dfen\"}]},{\"@type\":\"WebSite\",\"@id\":\"https:\\\/\\\/www.jazzzeitung.de\\\/cms\\\/#website\",\"url\":\"https:\\\/\\\/www.jazzzeitung.de\\\/cms\\\/\",\"name\":\"JazzZeitung\",\"description\":\"Jazz-News und Jazz-Kontroverses\",\"publisher\":{\"@id\":\"https:\\\/\\\/www.jazzzeitung.de\\\/cms\\\/#organization\"},\"potentialAction\":[{\"@type\":\"SearchAction\",\"target\":{\"@type\":\"EntryPoint\",\"urlTemplate\":\"https:\\\/\\\/www.jazzzeitung.de\\\/cms\\\/?s={search_term_string}\"},\"query-input\":{\"@type\":\"PropertyValueSpecification\",\"valueRequired\":true,\"valueName\":\"search_term_string\"}}],\"inLanguage\":\"de\"},{\"@type\":\"Organization\",\"@id\":\"https:\\\/\\\/www.jazzzeitung.de\\\/cms\\\/#organization\",\"name\":\"JazzZeitung online\",\"url\":\"https:\\\/\\\/www.jazzzeitung.de\\\/cms\\\/\",\"logo\":{\"@type\":\"ImageObject\",\"inLanguage\":\"de\",\"@id\":\"https:\\\/\\\/www.jazzzeitung.de\\\/cms\\\/#\\\/schema\\\/logo\\\/image\\\/\",\"url\":\"https:\\\/\\\/i0.wp.com\\\/www.jazzzeitung.de\\\/cms\\\/wp-content\\\/uploads\\\/2015\\\/08\\\/JAZZZEITUNGDE_Logo_Neu.png?fit=499%2C200&ssl=1\",\"contentUrl\":\"https:\\\/\\\/i0.wp.com\\\/www.jazzzeitung.de\\\/cms\\\/wp-content\\\/uploads\\\/2015\\\/08\\\/JAZZZEITUNGDE_Logo_Neu.png?fit=499%2C200&ssl=1\",\"width\":499,\"height\":200,\"caption\":\"JazzZeitung online\"},\"image\":{\"@id\":\"https:\\\/\\\/www.jazzzeitung.de\\\/cms\\\/#\\\/schema\\\/logo\\\/image\\\/\"},\"sameAs\":[\"https:\\\/\\\/www.facebook.com\\\/JazzZeitung\\\/\"]},{\"@type\":\"Person\",\"@id\":\"https:\\\/\\\/www.jazzzeitung.de\\\/cms\\\/#\\\/schema\\\/person\\\/2245b36b9cd1d24cea10f01c031fb92b\",\"name\":\"Redaktion JazzZeitung\",\"image\":{\"@type\":\"ImageObject\",\"inLanguage\":\"de\",\"@id\":\"https:\\\/\\\/i0.wp.com\\\/www.jazzzeitung.de\\\/cms\\\/wp-content\\\/uploads\\\/2015\\\/08\\\/JAZZZEITUNGDE_Logo_Neu.png?resize=96%2C96&ssl=159975dcacb611b5700bd619b5daf0a7a\",\"url\":\"https:\\\/\\\/i0.wp.com\\\/www.jazzzeitung.de\\\/cms\\\/wp-content\\\/uploads\\\/2015\\\/08\\\/JAZZZEITUNGDE_Logo_Neu.png?resize=96%2C96&ssl=1\",\"contentUrl\":\"https:\\\/\\\/i0.wp.com\\\/www.jazzzeitung.de\\\/cms\\\/wp-content\\\/uploads\\\/2015\\\/08\\\/JAZZZEITUNGDE_Logo_Neu.png?resize=96%2C96&ssl=1\",\"caption\":\"Redaktion JazzZeitung\"},\"description\":\"Artikel der Redaktion der JazzZeitung.\",\"sameAs\":[\"http:\\\/\\\/www.jazzzeitung.de\\\/cms\\\/\"],\"url\":\"https:\\\/\\\/www.jazzzeitung.de\\\/cms\\\/author\\\/redaktion\\\/\"}]}<\/script>\n<!-- \/ Yoast SEO plugin. -->","yoast_head_json":{"title":"Jazz-Soul-Katharsis: Gregory Porter l\u00e4sst in der Muffathalle den Spirit flie\u00dfen - JazzZeitung","robots":{"index":"index","follow":"follow","max-snippet":"max-snippet:-1","max-image-preview":"max-image-preview:large","max-video-preview":"max-video-preview:-1"},"canonical":"https:\/\/www.jazzzeitung.de\/cms\/2014\/12\/purer-soul-gregory-porter-der-muffathalle\/","og_locale":"de_DE","og_type":"article","og_title":"Jazz-Soul-Katharsis: Gregory Porter l\u00e4sst in der Muffathalle den Spirit flie\u00dfen - JazzZeitung","og_description":"Von Claus Lochbihler, Fotos von Ralf Dombrowski &#8211;\u00a0 Soulful und jazzig, das w\u00e4ren gern viele S\u00e4nger. Schon deshalb, weil man dann nicht nur das \u00fcberschaubare Jazzpublikum, sondern auch die vielen Soulfans, vielleicht sogar den einen oder anderen Hip-Hop-sozialisierten Jungen erreicht. Und so nicht nur kleine Clubs oder philharmonisch-steife Konzerts\u00e4le wie den Gasteig f\u00fcllt, sondern auch l\u00e4ssigere Orte wie die Muffathalle. Und das im wortw\u00f6rtlichen Sinne: Die Halle war beim Konzert vorgestern Abend so ausverkauft und voll, dass sich Gregory Porter nach zwei Nummern bei seinen Fans f\u00fcr die \u201efast schon illegal\u201c volle Venue bedankte. Soulful und zugleich jazzig w\u00e4ren gerne viele. Gregory Porter ist es. In Balladen wie \u201eWolfcry\u201c oder \u201eHey Laura\u201c klingt er so sahnig und klar wie Nat King Cole, den er als kleiner Junge einst als seinen Ersatzvater adoptierte, weil sich der leibliche Vater davon gestohlen hatte. Dabei kommt Porter nie kitschig r\u00fcber &#8211; selbst wenn er von V\u00f6geln mit gebrochenen Fl\u00fcgeln singt, wie in \u201eNo Love Dying\u201c, seinem Pl\u00e4doyer daf\u00fcr, den Glauben an die ver\u00e4ndernde Kraft von (N\u00e4chsten-) Liebe, F\u00fcrsorge und Engagement niemals aufzugeben. Gregory Porter singt solche Songs mit einem &hellip;","og_url":"https:\/\/www.jazzzeitung.de\/cms\/2014\/12\/purer-soul-gregory-porter-der-muffathalle\/","og_site_name":"JazzZeitung","article_publisher":"https:\/\/www.facebook.com\/JazzZeitung\/","article_published_time":"2014-12-05T09:29:22+00:00","article_modified_time":"2014-12-05T15:25:25+00:00","og_image":[{"url":"https:\/\/i0.wp.com\/www.jazzzeitung.de\/cms\/wp-content\/uploads\/2014\/12\/0K3A2969-Porter-Herre-dombr.jpg?w=477&#038;h=715&#038;ssl=1","type":"","width":"","height":""}],"author":"Redaktion JazzZeitung","schema":{"@context":"https:\/\/schema.org","@graph":[{"@type":"Article","@id":"https:\/\/www.jazzzeitung.de\/cms\/2014\/12\/purer-soul-gregory-porter-der-muffathalle\/#article","isPartOf":{"@id":"https:\/\/www.jazzzeitung.de\/cms\/2014\/12\/purer-soul-gregory-porter-der-muffathalle\/"},"author":{"name":"Redaktion JazzZeitung","@id":"https:\/\/www.jazzzeitung.de\/cms\/#\/schema\/person\/2245b36b9cd1d24cea10f01c031fb92b"},"headline":"Jazz-Soul-Katharsis: Gregory Porter l\u00e4sst in der Muffathalle den Spirit flie\u00dfen","datePublished":"2014-12-05T09:29:22+00:00","dateModified":"2014-12-05T15:25:25+00:00","mainEntityOfPage":{"@id":"https:\/\/www.jazzzeitung.de\/cms\/2014\/12\/purer-soul-gregory-porter-der-muffathalle\/"},"wordCount":807,"commentCount":0,"publisher":{"@id":"https:\/\/www.jazzzeitung.de\/cms\/#organization"},"image":{"@id":"https:\/\/www.jazzzeitung.de\/cms\/2014\/12\/purer-soul-gregory-porter-der-muffathalle\/#primaryimage"},"thumbnailUrl":"http:\/\/www.jazzzeitung.de\/cms\/wp-content\/uploads\/2014\/12\/0K3A2842_Porter_dombr-150x150.jpg","keywords":["act","Claus Lochbihler","Clubs","faz","Gasteig","Gregory Porter","Halle","Harlem","Konzert","live-act","Max Herre","Muffathalle","Ralf Dombrowski","Roberto Du GioiaRalf Dombrowksi","Swing"],"articleSection":["Bericht"],"inLanguage":"de","potentialAction":[{"@type":"CommentAction","name":"Comment","target":["https:\/\/www.jazzzeitung.de\/cms\/2014\/12\/purer-soul-gregory-porter-der-muffathalle\/#respond"]}]},{"@type":"WebPage","@id":"https:\/\/www.jazzzeitung.de\/cms\/2014\/12\/purer-soul-gregory-porter-der-muffathalle\/","url":"https:\/\/www.jazzzeitung.de\/cms\/2014\/12\/purer-soul-gregory-porter-der-muffathalle\/","name":"Jazz-Soul-Katharsis: Gregory Porter l\u00e4sst in der Muffathalle den Spirit flie\u00dfen - JazzZeitung","isPartOf":{"@id":"https:\/\/www.jazzzeitung.de\/cms\/#website"},"primaryImageOfPage":{"@id":"https:\/\/www.jazzzeitung.de\/cms\/2014\/12\/purer-soul-gregory-porter-der-muffathalle\/#primaryimage"},"image":{"@id":"https:\/\/www.jazzzeitung.de\/cms\/2014\/12\/purer-soul-gregory-porter-der-muffathalle\/#primaryimage"},"thumbnailUrl":"http:\/\/www.jazzzeitung.de\/cms\/wp-content\/uploads\/2014\/12\/0K3A2842_Porter_dombr-150x150.jpg","datePublished":"2014-12-05T09:29:22+00:00","dateModified":"2014-12-05T15:25:25+00:00","breadcrumb":{"@id":"https:\/\/www.jazzzeitung.de\/cms\/2014\/12\/purer-soul-gregory-porter-der-muffathalle\/#breadcrumb"},"inLanguage":"de","potentialAction":[{"@type":"ReadAction","target":["https:\/\/www.jazzzeitung.de\/cms\/2014\/12\/purer-soul-gregory-porter-der-muffathalle\/"]}]},{"@type":"ImageObject","inLanguage":"de","@id":"https:\/\/www.jazzzeitung.de\/cms\/2014\/12\/purer-soul-gregory-porter-der-muffathalle\/#primaryimage","url":"http:\/\/www.jazzzeitung.de\/cms\/wp-content\/uploads\/2014\/12\/0K3A2842_Porter_dombr-150x150.jpg","contentUrl":"http:\/\/www.jazzzeitung.de\/cms\/wp-content\/uploads\/2014\/12\/0K3A2842_Porter_dombr-150x150.jpg"},{"@type":"BreadcrumbList","@id":"https:\/\/www.jazzzeitung.de\/cms\/2014\/12\/purer-soul-gregory-porter-der-muffathalle\/#breadcrumb","itemListElement":[{"@type":"ListItem","position":1,"name":"Startseite","item":"https:\/\/www.jazzzeitung.de\/cms\/"},{"@type":"ListItem","position":2,"name":"Jazz-Soul-Katharsis: Gregory Porter l\u00e4sst in der Muffathalle den Spirit flie\u00dfen"}]},{"@type":"WebSite","@id":"https:\/\/www.jazzzeitung.de\/cms\/#website","url":"https:\/\/www.jazzzeitung.de\/cms\/","name":"JazzZeitung","description":"Jazz-News und Jazz-Kontroverses","publisher":{"@id":"https:\/\/www.jazzzeitung.de\/cms\/#organization"},"potentialAction":[{"@type":"SearchAction","target":{"@type":"EntryPoint","urlTemplate":"https:\/\/www.jazzzeitung.de\/cms\/?s={search_term_string}"},"query-input":{"@type":"PropertyValueSpecification","valueRequired":true,"valueName":"search_term_string"}}],"inLanguage":"de"},{"@type":"Organization","@id":"https:\/\/www.jazzzeitung.de\/cms\/#organization","name":"JazzZeitung online","url":"https:\/\/www.jazzzeitung.de\/cms\/","logo":{"@type":"ImageObject","inLanguage":"de","@id":"https:\/\/www.jazzzeitung.de\/cms\/#\/schema\/logo\/image\/","url":"https:\/\/i0.wp.com\/www.jazzzeitung.de\/cms\/wp-content\/uploads\/2015\/08\/JAZZZEITUNGDE_Logo_Neu.png?fit=499%2C200&ssl=1","contentUrl":"https:\/\/i0.wp.com\/www.jazzzeitung.de\/cms\/wp-content\/uploads\/2015\/08\/JAZZZEITUNGDE_Logo_Neu.png?fit=499%2C200&ssl=1","width":499,"height":200,"caption":"JazzZeitung online"},"image":{"@id":"https:\/\/www.jazzzeitung.de\/cms\/#\/schema\/logo\/image\/"},"sameAs":["https:\/\/www.facebook.com\/JazzZeitung\/"]},{"@type":"Person","@id":"https:\/\/www.jazzzeitung.de\/cms\/#\/schema\/person\/2245b36b9cd1d24cea10f01c031fb92b","name":"Redaktion JazzZeitung","image":{"@type":"ImageObject","inLanguage":"de","@id":"https:\/\/i0.wp.com\/www.jazzzeitung.de\/cms\/wp-content\/uploads\/2015\/08\/JAZZZEITUNGDE_Logo_Neu.png?resize=96%2C96&ssl=159975dcacb611b5700bd619b5daf0a7a","url":"https:\/\/i0.wp.com\/www.jazzzeitung.de\/cms\/wp-content\/uploads\/2015\/08\/JAZZZEITUNGDE_Logo_Neu.png?resize=96%2C96&ssl=1","contentUrl":"https:\/\/i0.wp.com\/www.jazzzeitung.de\/cms\/wp-content\/uploads\/2015\/08\/JAZZZEITUNGDE_Logo_Neu.png?resize=96%2C96&ssl=1","caption":"Redaktion JazzZeitung"},"description":"Artikel der Redaktion der JazzZeitung.","sameAs":["http:\/\/www.jazzzeitung.de\/cms\/"],"url":"https:\/\/www.jazzzeitung.de\/cms\/author\/redaktion\/"}]}},"wp-worthy-pixel":{"ignored":false,"public":null,"server":null,"url":null},"wp-worthy-type":"normal","jetpack_publicize_connections":[],"cc_featured_image_caption":{"caption_text":false,"source_text":false,"source_url":false},"jetpack_featured_media_url":"","jetpack_shortlink":"https:\/\/wp.me\/p3KEcT-1ju","jetpack-related-posts":[{"id":12534,"url":"https:\/\/www.jazzzeitung.de\/cms\/2017\/05\/bildergalerie-salif-keita-in-der-muffathalle\/","url_meta":{"origin":5052,"position":0},"title":"Bildergalerie: Salif Keita in der Muffathalle","author":"Redaktion JazzZeitung","date":"30. Mai 2017","format":"gallery","excerpt":"War am 24. Mai 2017 in der M\u00fcnchner Muffathalle zu erleben: Salif Keita. Fotos von Ralf Dombrowski","rel":"","context":"In &quot;Galerie&quot;","block_context":{"text":"Galerie","link":"https:\/\/www.jazzzeitung.de\/cms\/thema\/galerie\/"},"img":{"alt_text":"","src":"https:\/\/i0.wp.com\/www.jazzzeitung.de\/cms\/wp-content\/uploads\/2017\/05\/0K3A2688.jpg?resize=350%2C200","width":350,"height":200,"srcset":"https:\/\/i0.wp.com\/www.jazzzeitung.de\/cms\/wp-content\/uploads\/2017\/05\/0K3A2688.jpg?resize=350%2C200 1x, https:\/\/i0.wp.com\/www.jazzzeitung.de\/cms\/wp-content\/uploads\/2017\/05\/0K3A2688.jpg?resize=525%2C300 1.5x, https:\/\/i0.wp.com\/www.jazzzeitung.de\/cms\/wp-content\/uploads\/2017\/05\/0K3A2688.jpg?resize=700%2C400 2x, https:\/\/i0.wp.com\/www.jazzzeitung.de\/cms\/wp-content\/uploads\/2017\/05\/0K3A2688.jpg?resize=1050%2C600 3x"},"classes":[]},{"id":26294,"url":"https:\/\/www.jazzzeitung.de\/cms\/2021\/12\/fotograf-des-mittendrin-nachruf-auf-sepp-werkmeister\/","url_meta":{"origin":5052,"position":1},"title":"Fotograf des Mittendrin: Nachruf auf Sepp Werkmeister","author":"Redaktion JazzZeitung","date":"2. Dezember 2021","format":false,"excerpt":"Die Clubs hie\u00dfen anders, \u201eOrlando\u201c zum Beispiel, oder \u201eBongo Bar\u201c, \u201eReitschule\u201c oder \u201eDomicile\u201c. Die Welt war auch noch eine andere. Musiker spielten oft wochenweise auf einer B\u00fchne, in den Clubs wurde gequalmt, was das Zeug hielt, auch ordentlich gesoffen. Es geh\u00f6rte zum Lebensstil des kultiviert Subversiven, sich ein wenig gegen\u2026","rel":"","context":"In &quot;Portrait&quot;","block_context":{"text":"Portrait","link":"https:\/\/www.jazzzeitung.de\/cms\/thema\/portrait\/"},"img":{"alt_text":"","src":"https:\/\/i0.wp.com\/www.jazzzeitung.de\/cms\/wp-content\/uploads\/2021\/12\/IMG_44011-e1638354556180.jpg?fit=600%2C822&ssl=1&resize=350%2C200","width":350,"height":200,"srcset":"https:\/\/i0.wp.com\/www.jazzzeitung.de\/cms\/wp-content\/uploads\/2021\/12\/IMG_44011-e1638354556180.jpg?fit=600%2C822&ssl=1&resize=350%2C200 1x, https:\/\/i0.wp.com\/www.jazzzeitung.de\/cms\/wp-content\/uploads\/2021\/12\/IMG_44011-e1638354556180.jpg?fit=600%2C822&ssl=1&resize=525%2C300 1.5x"},"classes":[]},{"id":18459,"url":"https:\/\/www.jazzzeitung.de\/cms\/2019\/01\/news-jacob-collier-mit-djesse-zu-gast-in-muenchen\/","url_meta":{"origin":5052,"position":2},"title":"+++ News: +++ Kurt Maas Jazz Award 2019 an der M\u00fcnchener Hochschule f\u00fcr Musik und Theater +++ Aufftakt in M\u00fcnchen: Jacob Collier auf Tour +++","author":"Redaktion JazzZeitung","date":"29. Januar 2019","format":false,"excerpt":"Ein Jazz-Wettbewerb an der HMTM und Patti Austin als Ehrengast In Erinnerung an den Jazz-Musiker und P\u00e4dagogen Kurt Maas wird am Mittwoch, den 6. Februar 2019 (Finale) zum vierten Mal der Wettbewerb um den \u00bbKurt Maas Jazz Award\u00ab an der Hochschule f\u00fcr Musik und Theater M\u00fcnchen (HMTM) ausgetragen. In der\u2026","rel":"","context":"In &quot;News&quot;","block_context":{"text":"News","link":"https:\/\/www.jazzzeitung.de\/cms\/thema\/nachrichten\/"},"img":{"alt_text":"","src":"https:\/\/i0.wp.com\/www.jazzzeitung.de\/cms\/wp-content\/uploads\/2019\/01\/Kurt-Maas-Jazz-Award.jpg?fit=640%2C417&ssl=1&resize=350%2C200","width":350,"height":200,"srcset":"https:\/\/i0.wp.com\/www.jazzzeitung.de\/cms\/wp-content\/uploads\/2019\/01\/Kurt-Maas-Jazz-Award.jpg?fit=640%2C417&ssl=1&resize=350%2C200 1x, https:\/\/i0.wp.com\/www.jazzzeitung.de\/cms\/wp-content\/uploads\/2019\/01\/Kurt-Maas-Jazz-Award.jpg?fit=640%2C417&ssl=1&resize=525%2C300 1.5x"},"classes":[]},{"id":7344,"url":"https:\/\/www.jazzzeitung.de\/cms\/2015\/10\/vom-applaus-allein-lebt-es-sich-schlecht\/","url_meta":{"origin":5052,"position":3},"title":"Dieser Applaus ist Geld wert","author":"Redaktion JazzZeitung","date":"13. Oktober 2015","format":false,"excerpt":"Am gestrigen Abend zeichnete Kulturstaatsministerin Monika Gr\u00fctters zum dritten Mal herausragende Livemusikprogramme mit dem sogenannten Spielst\u00e4ttenprogrammpreis der Initiative Musik aus. Dieser firmiert erstmals unter dem neuen Namen APPLAUS \u2013 ein K\u00fcrzel f\u00fcr \u201aAuszeichnung der Programmplanung unabh\u00e4ngiger Spielst\u00e4tten\u2018. Mit der Verleihung des bundesweiten Preises sind F\u00f6rderungen in H\u00f6he von 905.000 Euro\u2026","rel":"","context":"In &quot;Bericht&quot;","block_context":{"text":"Bericht","link":"https:\/\/www.jazzzeitung.de\/cms\/thema\/bericht\/"},"img":{"alt_text":"Moderatorin Nina Sonnenberg uznd Staatsministerin Monika Gr\u00fctters gratulierten 64 APPLAUS-Preistr\u00e4gern. Foto: Ralf Dombrowski\/Initiative Musik ","src":"https:\/\/i0.wp.com\/www.jazzzeitung.de\/cms\/wp-content\/uploads\/2015\/10\/Gr%C3%BCtterSonnenberg-150x150.jpg?resize=350%2C200","width":350,"height":200},"classes":[]},{"id":26210,"url":"https:\/\/www.jazzzeitung.de\/cms\/2021\/11\/32-muenchener-jazzfest-vom-11-13-november-in-der-black-box-gasteig\/","url_meta":{"origin":5052,"position":4},"title":"32. M\u00fcnchener Jazzfest vom 11.-13. November in der Black Box Gasteig","author":"Redaktion JazzZeitung","date":"23. November 2021","format":false,"excerpt":"Einige von denen, die in den Pausen zwanglos beieinander stehen, sind sich sicher, dass es erst einmal weitergehen werde mit der Black Box, zu sch\u00f6n und zu praktisch sei dieser laborhaft intime, konzentrierte Konzertraum, Renovierung hin oder her. Ein bisschen seltsam ist es trotzdem, den Blick durch die leeren Flure\u2026","rel":"","context":"In &quot;Bericht&quot;","block_context":{"text":"Bericht","link":"https:\/\/www.jazzzeitung.de\/cms\/thema\/bericht\/"},"img":{"alt_text":"","src":"https:\/\/i0.wp.com\/www.jazzzeitung.de\/cms\/wp-content\/uploads\/2021\/11\/DSC08137.jpg?fit=1200%2C800&ssl=1&resize=350%2C200","width":350,"height":200,"srcset":"https:\/\/i0.wp.com\/www.jazzzeitung.de\/cms\/wp-content\/uploads\/2021\/11\/DSC08137.jpg?fit=1200%2C800&ssl=1&resize=350%2C200 1x, https:\/\/i0.wp.com\/www.jazzzeitung.de\/cms\/wp-content\/uploads\/2021\/11\/DSC08137.jpg?fit=1200%2C800&ssl=1&resize=525%2C300 1.5x, https:\/\/i0.wp.com\/www.jazzzeitung.de\/cms\/wp-content\/uploads\/2021\/11\/DSC08137.jpg?fit=1200%2C800&ssl=1&resize=700%2C400 2x, https:\/\/i0.wp.com\/www.jazzzeitung.de\/cms\/wp-content\/uploads\/2021\/11\/DSC08137.jpg?fit=1200%2C800&ssl=1&resize=1050%2C600 3x"},"classes":[]},{"id":16090,"url":"https:\/\/www.jazzzeitung.de\/cms\/2018\/05\/eindruecke-vom-pfingstwochenende-beim-inntoene-jazzfestival-in-diersbach-at\/","url_meta":{"origin":5052,"position":5},"title":"Junger Sound am Pfingstwochenende auf dem Innt\u00f6ne Jazzfestival in Diersbach","author":"Redaktion JazzZeitung","date":"22. Mai 2018","format":false,"excerpt":"Es war eine Ratlosigkeit auf Gegenseitigkeit. Denn so wie auf der einen Seite Teile des Publikums mit der Welle der geballten, ein wenig exaltierten Urbanit\u00e4t \u00fcberfordert waren, die ihm von den B\u00fchne aus entgegen brandete, so fragte sich auch Kamari Washington und sein siebenk\u00f6pfiges Tourneeteam, wie um alles in der\u2026","rel":"","context":"In &quot;Bericht&quot;","block_context":{"text":"Bericht","link":"https:\/\/www.jazzzeitung.de\/cms\/thema\/bericht\/"},"img":{"alt_text":"","src":"https:\/\/i0.wp.com\/www.jazzzeitung.de\/cms\/wp-content\/uploads\/2018\/05\/0K3A0300-Sax-dombr.jpg?fit=1200%2C800&ssl=1&resize=350%2C200","width":350,"height":200,"srcset":"https:\/\/i0.wp.com\/www.jazzzeitung.de\/cms\/wp-content\/uploads\/2018\/05\/0K3A0300-Sax-dombr.jpg?fit=1200%2C800&ssl=1&resize=350%2C200 1x, https:\/\/i0.wp.com\/www.jazzzeitung.de\/cms\/wp-content\/uploads\/2018\/05\/0K3A0300-Sax-dombr.jpg?fit=1200%2C800&ssl=1&resize=525%2C300 1.5x, https:\/\/i0.wp.com\/www.jazzzeitung.de\/cms\/wp-content\/uploads\/2018\/05\/0K3A0300-Sax-dombr.jpg?fit=1200%2C800&ssl=1&resize=700%2C400 2x, https:\/\/i0.wp.com\/www.jazzzeitung.de\/cms\/wp-content\/uploads\/2018\/05\/0K3A0300-Sax-dombr.jpg?fit=1200%2C800&ssl=1&resize=1050%2C600 3x"},"classes":[]}],"jetpack_sharing_enabled":true,"_links":{"self":[{"href":"https:\/\/www.jazzzeitung.de\/cms\/wp-json\/wp\/v2\/posts\/5052","targetHints":{"allow":["GET"]}}],"collection":[{"href":"https:\/\/www.jazzzeitung.de\/cms\/wp-json\/wp\/v2\/posts"}],"about":[{"href":"https:\/\/www.jazzzeitung.de\/cms\/wp-json\/wp\/v2\/types\/post"}],"author":[{"embeddable":true,"href":"https:\/\/www.jazzzeitung.de\/cms\/wp-json\/wp\/v2\/users\/18"}],"replies":[{"embeddable":true,"href":"https:\/\/www.jazzzeitung.de\/cms\/wp-json\/wp\/v2\/comments?post=5052"}],"version-history":[{"count":4,"href":"https:\/\/www.jazzzeitung.de\/cms\/wp-json\/wp\/v2\/posts\/5052\/revisions"}],"predecessor-version":[{"id":5074,"href":"https:\/\/www.jazzzeitung.de\/cms\/wp-json\/wp\/v2\/posts\/5052\/revisions\/5074"}],"wp:attachment":[{"href":"https:\/\/www.jazzzeitung.de\/cms\/wp-json\/wp\/v2\/media?parent=5052"}],"wp:term":[{"taxonomy":"category","embeddable":true,"href":"https:\/\/www.jazzzeitung.de\/cms\/wp-json\/wp\/v2\/categories?post=5052"},{"taxonomy":"post_tag","embeddable":true,"href":"https:\/\/www.jazzzeitung.de\/cms\/wp-json\/wp\/v2\/tags?post=5052"},{"taxonomy":"author","embeddable":true,"href":"https:\/\/www.jazzzeitung.de\/cms\/wp-json\/wp\/v2\/coauthors?post=5052"}],"curies":[{"name":"wp","href":"https:\/\/api.w.org\/{rel}","templated":true}]}}