{"id":5045,"date":"2014-12-03T09:50:27","date_gmt":"2014-12-03T08:50:27","guid":{"rendered":"http:\/\/www.jazzzeitung.de\/cms\/?p=5045"},"modified":"2014-12-03T09:50:27","modified_gmt":"2014-12-03T08:50:27","slug":"neues-aus-burghausen-nachwuchspreis-und-sonder-vorverkauf","status":"publish","type":"post","link":"https:\/\/www.jazzzeitung.de\/cms\/2014\/12\/neues-aus-burghausen-nachwuchspreis-und-sonder-vorverkauf\/","title":{"rendered":"Neues aus Burghausen: Nachwuchspreis und Sonder-Vorverkauf"},"content":{"rendered":"<p><a href=\"https:\/\/i0.wp.com\/www.jazzzeitung.de\/cms\/wp-content\/uploads\/2014\/12\/mario_biondi_011.jpg\"><img data-recalc-dims=\"1\" loading=\"lazy\" decoding=\"async\" data-attachment-id=\"5046\" data-permalink=\"https:\/\/www.jazzzeitung.de\/cms\/2014\/12\/neues-aus-burghausen-nachwuchspreis-und-sonder-vorverkauf\/attachment\/5046\/\" data-orig-file=\"https:\/\/i0.wp.com\/www.jazzzeitung.de\/cms\/wp-content\/uploads\/2014\/12\/mario_biondi_011.jpg?fit=1340%2C900&amp;ssl=1\" data-orig-size=\"1340,900\" data-comments-opened=\"1\" data-image-meta=\"{&quot;aperture&quot;:&quot;3.5&quot;,&quot;credit&quot;:&quot;-&quot;,&quot;camera&quot;:&quot;NIKON D2X&quot;,&quot;caption&quot;:&quot;(KIKA) - MILANO - Mario Biondi \\u008f stato ospite del programma in onda su Rai 2 London 2.0. Il Barry White italiano, reduce da ben 6 sold out a Londra, \\u008f in tour nelle principali citt\\u0088 italiane. Gli appassionati milanesi potranno vedere la performance del cantante catanese al Teatro gli Arcimboldi il 4 aprile. Biondi presenter\\u0088 il nuovo album Due, uscito nel novembre scorso. In scaletta non mancheranno successi come If e This is what you are.&quot;,&quot;created_timestamp&quot;:&quot;1301770876&quot;,&quot;copyright&quot;:&quot;\\u00a9kikapress.com&quot;,&quot;focal_length&quot;:&quot;34&quot;,&quot;iso&quot;:&quot;500&quot;,&quot;shutter_speed&quot;:&quot;0.008&quot;,&quot;title&quot;:&quot;-&quot;,&quot;orientation&quot;:&quot;1&quot;}\" data-image-title=\"&amp;#8211;\" data-image-description=\"&lt;p&gt;(KIKA) &amp;#8211; MILANO &amp;#8211; Mario Biondi \u008f stato ospite del programma in onda su Rai 2 London 2.0. Il Barry White italiano, reduce da ben 6 sold out a Londra, \u008f in tour nelle principali citt\u0088 italiane. Gli appassionati milanesi potranno vedere la performance del cantante catanese al Teatro gli Arcimboldi il 4 aprile. Biondi presenter\u0088 il nuovo album Due, uscito nel novembre scorso. In scaletta non mancheranno successi come If e This is what you are.&lt;\/p&gt;\n\" data-image-caption=\"\" data-large-file=\"https:\/\/i0.wp.com\/www.jazzzeitung.de\/cms\/wp-content\/uploads\/2014\/12\/mario_biondi_011.jpg?fit=840%2C564&amp;ssl=1\" class=\"alignright size-thumbnail wp-image-5046\" src=\"https:\/\/i0.wp.com\/www.jazzzeitung.de\/cms\/wp-content\/uploads\/2014\/12\/mario_biondi_011-150x150.jpg?resize=150%2C150\" alt=\"-\" width=\"150\" height=\"150\" srcset=\"https:\/\/i0.wp.com\/www.jazzzeitung.de\/cms\/wp-content\/uploads\/2014\/12\/mario_biondi_011.jpg?resize=150%2C150&amp;ssl=1 150w, https:\/\/i0.wp.com\/www.jazzzeitung.de\/cms\/wp-content\/uploads\/2014\/12\/mario_biondi_011.jpg?resize=144%2C144&amp;ssl=1 144w, https:\/\/i0.wp.com\/www.jazzzeitung.de\/cms\/wp-content\/uploads\/2014\/12\/mario_biondi_011.jpg?resize=96%2C96&amp;ssl=1 96w, https:\/\/i0.wp.com\/www.jazzzeitung.de\/cms\/wp-content\/uploads\/2014\/12\/mario_biondi_011.jpg?resize=24%2C24&amp;ssl=1 24w, https:\/\/i0.wp.com\/www.jazzzeitung.de\/cms\/wp-content\/uploads\/2014\/12\/mario_biondi_011.jpg?resize=36%2C36&amp;ssl=1 36w, https:\/\/i0.wp.com\/www.jazzzeitung.de\/cms\/wp-content\/uploads\/2014\/12\/mario_biondi_011.jpg?resize=48%2C48&amp;ssl=1 48w, https:\/\/i0.wp.com\/www.jazzzeitung.de\/cms\/wp-content\/uploads\/2014\/12\/mario_biondi_011.jpg?resize=64%2C64&amp;ssl=1 64w, https:\/\/i0.wp.com\/www.jazzzeitung.de\/cms\/wp-content\/uploads\/2014\/12\/mario_biondi_011.jpg?resize=32%2C32&amp;ssl=1 32w, https:\/\/i0.wp.com\/www.jazzzeitung.de\/cms\/wp-content\/uploads\/2014\/12\/mario_biondi_011.jpg?resize=128%2C128&amp;ssl=1 128w, https:\/\/i0.wp.com\/www.jazzzeitung.de\/cms\/wp-content\/uploads\/2014\/12\/mario_biondi_011.jpg?zoom=2&amp;resize=150%2C150&amp;ssl=1 300w, https:\/\/i0.wp.com\/www.jazzzeitung.de\/cms\/wp-content\/uploads\/2014\/12\/mario_biondi_011.jpg?zoom=3&amp;resize=150%2C150&amp;ssl=1 450w\" sizes=\"auto, (max-width: 150px) 100vw, 150px\" \/><\/a>Mit knapp 70 Einsendungen aus 30 L\u00e4ndern hat der 7. Europ\u00e4ische Burghauser Nachwuchs-Jazzpreis weitere L\u00e4nder erreicht. Die europaweit offene Ausschreibung (geographisch gesehen) f\u00fcr die Preisverleihung im n\u00e4chsten Jahr fand begeisterten Anklang. Dieses Mal standen vor allem L\u00e4nder aus dem Osten, wie Kroatien, Rum\u00e4nien, Litauen, Ungarn und Polen auf der Bewerberliste. Auch Staaten, die hierzulande eher seltener mit Jazz in Zusammenhang gebracht werden, wie Montenegro und Kasachstan sind mit von der Partie. Auff\u00e4llig auch: nahezu ein Drittel der Bands ist multinational, zum Teil auch au\u00dfereurop\u00e4isch besetzt &#8211; ein Ph\u00e4nomen, das sicherlich auch den \u201eZeitgeist\u201c in Sachen Jazz mitbestimmt. Nun stehen die vier Juroren der hochkar\u00e4tig besetzten Jury vor einer spannenden Herausforderung, denn bis Mitte Dezember sollen die f\u00fcnf Finalisten bekannt gegeben werden. Alle f\u00fcnf werden als Auftakt zur 46. Internationalen Jazzwoche Burghausen am 17. M\u00e4rz 2015 im Stadtsaal Burghausen um den mit 10.000 Euro dotierten Preis spielen. Wir k\u00f6nnen gespannt sein!<\/p>\n<p><strong>Ein Blick hinter die Kulissen: Roland Spiegel und Reinhard K\u00f6chl, zwei Jury-Mitglieder zum Jazzpreis Burghausen 2015:<\/strong><\/p>\n<p>\u201eWieder einmal zeigt sich, wie hoch das Niveau junger Jazzmusiker aus Europa ist. Erfreulich ist auch, dass es eine hohe Zahl an Einsendungen gab. Ein Wettbewerb, der viel f\u00fcr die n\u00e4here Zukunft des Jazz verspricht.\u201c<\/p>\n<p><em>Roland Spiegel, Bayerischer Rundfunk<\/em><\/p>\n<p>&#8222;Die Einsendungen stellen die Jury in jedem Jahr mehr vor neue Herausforderungen. Mal glaubt man einen kleinen Trend herausfinden zu k\u00f6nnen beispielsweise in Richtung Piano-Trio, weil ein solches in diesem Jahr den Preis gewann, dann wiederum \u00fcberraschen v\u00f6llig unerwartete musikalische Kreationen. Die Endausscheidung wird auf jeden Fall wieder farbenreich und spannend werden.&#8220;<\/p>\n<p><em>Reinhard K\u00f6chl, Musikjournalist, Kultur-PR und Buchautor<\/em><\/p>\n<p>&nbsp;<\/p>\n<p>Vom 17. bis 22. M\u00e4rz 2015 geht die Internationale Jazzwoche Burghausein in die nunmehr 46. Runde. Mit einem stilistisch vielf\u00e4ltigen Programm und einer attraktiven Mischung aus Jazz-Legenden, Stars des zeitgen\u00f6ssischen Jazz sowie Newcomern sollte eigentlich kein Wunsch der Fans offen bleiben.<\/p>\n<p>Mit <strong>Mario Biondi<\/strong>, einem wunderbaren Crooner aus Italien, startet das Festival ganz im Zeichen des Vocal Jazz, Soul und R&amp;B. <strong>Charles Tollivers Strata-East All-Stars<\/strong> und der mit vielen Awards ausgezeichnete <strong>Kenny Garrett<\/strong> lassen sicher die Herzen der Genie\u00dfer h\u00f6herschlagen. Ebenfalls ein Leckerbissen und sehr groovend: Der Freitag mit den Fusion-Legenden <strong>Spyro Gyra<\/strong> und \u2013 Reggae meets Jazz \u2013 <strong>Monty Alexander &amp; The Harlem Kingston Express<\/strong>. <strong>Rebekka Bakken<\/strong> pr\u00e4sentiert mit der <strong>hr-Bigband<\/strong> ihr Tom-Waits-Programm, <strong>Incognito <\/strong>werden die Tanzfl\u00e4che der Dancenight f\u00fcllen und im Stadtsaal brilliert das beeindruckende Duo <strong>Heinz Sauer &amp; Michael Wollny<\/strong>, gefolgt von BritJazz mit Punk-Attit\u00fcde von <strong>Get The Blessing<\/strong>.<\/p>\n<p><strong>Sonder-Vorverkauf von limitierten Tickets ab 4.12.14 <\/strong><\/p>\n<p><strong><br \/>\n<\/strong>F\u00fcr alle, die f\u00fcr Weihnachten noch ein tolles Geschenk suchen, aber auch f\u00fcr alle Kurzentschlossenen gibt es einen Sonder-Vorverkauf ab 4.12.2014. Bis 19. Dezember k\u00f6nnen f\u00fcr alle Hauptkonzerte in Wackerhalle und Stadtsaal sowie f\u00fcr die Dancenight limitierte Ticket- Gutscheine erworben werden. Damit kann man sich ein garantiertes Ticket sichern, das ab VVK-Start im Januar 2015 eingel\u00f6st werden kann. Ebenfalls erh\u00e4ltlich sind Gutscheine f\u00fcr <strong>Festival- und Weekendp\u00e4sse<\/strong> oder g\u00fcnstige &#8222;Groove- &amp; Dance-Tickets&#8220; f\u00fcr den Festival-Freitag. F\u00fcr Sch\u00fcler und Studenten gibt es wieder 50% Erm\u00e4\u00dfigung. Die Ticket-Gutscheine sind nur \u00fcber die Gesch\u00e4ftsstelle der IG Jazz Burghausen e.V. (Kanzelm\u00fcllerstr. 94, Tel. 0 86 77 \/ 91 64 63-33) oder noch einfacher online auf <a href=\"http:\/\/www.jazzwoche.com\">www.jazzwoche.com<\/a> erh\u00e4ltlich.<\/p>\n","protected":false},"excerpt":{"rendered":"<p>Mit knapp 70 Einsendungen aus 30 L\u00e4ndern hat der 7. Europ\u00e4ische Burghauser Nachwuchs-Jazzpreis weitere L\u00e4nder erreicht. Die europaweit offene Ausschreibung (geographisch gesehen) f\u00fcr die Preisverleihung im n\u00e4chsten Jahr fand begeisterten Anklang. Dieses Mal standen vor allem L\u00e4nder aus dem Osten, wie Kroatien, Rum\u00e4nien, Litauen, Ungarn und Polen auf der Bewerberliste. Auch Staaten, die hierzulande eher seltener mit Jazz in Zusammenhang gebracht werden, wie Montenegro und Kasachstan sind mit von der Partie. Auff\u00e4llig auch: nahezu ein Drittel der Bands ist multinational, zum Teil auch au\u00dfereurop\u00e4isch besetzt &#8211; ein Ph\u00e4nomen, das sicherlich auch den \u201eZeitgeist\u201c in Sachen Jazz mitbestimmt. Nun stehen die vier Juroren der hochkar\u00e4tig besetzten Jury vor einer spannenden Herausforderung, denn bis Mitte Dezember sollen die f\u00fcnf Finalisten bekannt gegeben werden. Alle f\u00fcnf werden als Auftakt zur 46. Internationalen Jazzwoche Burghausen am 17. M\u00e4rz 2015 im Stadtsaal Burghausen um den mit 10.000 Euro dotierten Preis spielen. Wir k\u00f6nnen gespannt sein! Ein Blick hinter die Kulissen: Roland Spiegel und Reinhard K\u00f6chl, zwei Jury-Mitglieder zum Jazzpreis Burghausen 2015: \u201eWieder einmal zeigt sich, wie hoch das Niveau junger Jazzmusiker aus Europa ist. Erfreulich ist auch, dass es eine &hellip;<\/p>\n","protected":false},"author":18,"featured_media":0,"comment_status":"open","ping_status":"closed","sticky":false,"template":"","format":"standard","meta":{"_jetpack_memberships_contains_paid_content":false,"footnotes":"","jetpack_publicize_message":"","jetpack_publicize_feature_enabled":true,"jetpack_social_post_already_shared":false,"jetpack_social_options":{"image_generator_settings":{"template":"highway","default_image_id":0,"font":"","enabled":false},"version":2}},"categories":[633],"tags":[56,73,722,945,3,1122,218,1025,232,866,281,947,1141,327,846,388,870,442,450,52,473,15,510,548,595,19],"coauthors":[695],"class_list":["post-5045","post","type-post","status-publish","format-standard","hentry","category-nachrichten","tag-bayerischer-rundfunk","tag-bigband","tag-burghausen","tag-burghauser-nachwuchs-jazzpreis","tag-festival","tag-get-the-blessing","tag-harlem","tag-hr-bigband","tag-ig-jazz","tag-ig-jazz-burghausen","tag-jazzmusiker","tag-jazzwoche-burghausen","tag-jazzwoche-burghausen-2015","tag-kultur","tag-mario-biondi","tag-michael-wollny","tag-nachwuchspreis","tag-piano","tag-preisverleihung","tag-bakken","tag-roland-spiegel","tag-rundfunk","tag-spiegel","tag-tickets","tag-weihnachten","tag-wettbewerb"],"yoast_head":"<!-- This site is optimized with the Yoast SEO plugin v27.5 - https:\/\/yoast.com\/product\/yoast-seo-wordpress\/ -->\n<title>Neues aus Burghausen: Nachwuchspreis und Sonder-Vorverkauf - JazzZeitung<\/title>\n<meta name=\"robots\" content=\"index, follow, max-snippet:-1, max-image-preview:large, max-video-preview:-1\" \/>\n<link rel=\"canonical\" href=\"https:\/\/www.jazzzeitung.de\/cms\/2014\/12\/neues-aus-burghausen-nachwuchspreis-und-sonder-vorverkauf\/\" \/>\n<meta property=\"og:locale\" content=\"de_DE\" \/>\n<meta property=\"og:type\" content=\"article\" \/>\n<meta property=\"og:title\" content=\"Neues aus Burghausen: Nachwuchspreis und Sonder-Vorverkauf - JazzZeitung\" \/>\n<meta property=\"og:description\" content=\"Mit knapp 70 Einsendungen aus 30 L\u00e4ndern hat der 7. Europ\u00e4ische Burghauser Nachwuchs-Jazzpreis weitere L\u00e4nder erreicht. Die europaweit offene Ausschreibung (geographisch gesehen) f\u00fcr die Preisverleihung im n\u00e4chsten Jahr fand begeisterten Anklang. Dieses Mal standen vor allem L\u00e4nder aus dem Osten, wie Kroatien, Rum\u00e4nien, Litauen, Ungarn und Polen auf der Bewerberliste. Auch Staaten, die hierzulande eher seltener mit Jazz in Zusammenhang gebracht werden, wie Montenegro und Kasachstan sind mit von der Partie. Auff\u00e4llig auch: nahezu ein Drittel der Bands ist multinational, zum Teil auch au\u00dfereurop\u00e4isch besetzt &#8211; ein Ph\u00e4nomen, das sicherlich auch den \u201eZeitgeist\u201c in Sachen Jazz mitbestimmt. Nun stehen die vier Juroren der hochkar\u00e4tig besetzten Jury vor einer spannenden Herausforderung, denn bis Mitte Dezember sollen die f\u00fcnf Finalisten bekannt gegeben werden. Alle f\u00fcnf werden als Auftakt zur 46. Internationalen Jazzwoche Burghausen am 17. M\u00e4rz 2015 im Stadtsaal Burghausen um den mit 10.000 Euro dotierten Preis spielen. Wir k\u00f6nnen gespannt sein! Ein Blick hinter die Kulissen: Roland Spiegel und Reinhard K\u00f6chl, zwei Jury-Mitglieder zum Jazzpreis Burghausen 2015: \u201eWieder einmal zeigt sich, wie hoch das Niveau junger Jazzmusiker aus Europa ist. Erfreulich ist auch, dass es eine &hellip;\" \/>\n<meta property=\"og:url\" content=\"https:\/\/www.jazzzeitung.de\/cms\/2014\/12\/neues-aus-burghausen-nachwuchspreis-und-sonder-vorverkauf\/\" \/>\n<meta property=\"og:site_name\" content=\"JazzZeitung\" \/>\n<meta property=\"article:publisher\" content=\"https:\/\/www.facebook.com\/JazzZeitung\/\" \/>\n<meta property=\"article:published_time\" content=\"2014-12-03T08:50:27+00:00\" \/>\n<meta property=\"og:image\" content=\"http:\/\/www.jazzzeitung.de\/cms\/wp-content\/uploads\/2014\/12\/mario_biondi_011-150x150.jpg\" \/>\n<meta name=\"author\" content=\"Redaktion JazzZeitung\" \/>\n<script type=\"application\/ld+json\" class=\"yoast-schema-graph\">{\"@context\":\"https:\\\/\\\/schema.org\",\"@graph\":[{\"@type\":\"Article\",\"@id\":\"https:\\\/\\\/www.jazzzeitung.de\\\/cms\\\/2014\\\/12\\\/neues-aus-burghausen-nachwuchspreis-und-sonder-vorverkauf\\\/#article\",\"isPartOf\":{\"@id\":\"https:\\\/\\\/www.jazzzeitung.de\\\/cms\\\/2014\\\/12\\\/neues-aus-burghausen-nachwuchspreis-und-sonder-vorverkauf\\\/\"},\"author\":{\"name\":\"Redaktion JazzZeitung\",\"@id\":\"https:\\\/\\\/www.jazzzeitung.de\\\/cms\\\/#\\\/schema\\\/person\\\/2245b36b9cd1d24cea10f01c031fb92b\"},\"headline\":\"Neues aus Burghausen: Nachwuchspreis und Sonder-Vorverkauf\",\"datePublished\":\"2014-12-03T08:50:27+00:00\",\"mainEntityOfPage\":{\"@id\":\"https:\\\/\\\/www.jazzzeitung.de\\\/cms\\\/2014\\\/12\\\/neues-aus-burghausen-nachwuchspreis-und-sonder-vorverkauf\\\/\"},\"wordCount\":558,\"commentCount\":0,\"publisher\":{\"@id\":\"https:\\\/\\\/www.jazzzeitung.de\\\/cms\\\/#organization\"},\"image\":{\"@id\":\"https:\\\/\\\/www.jazzzeitung.de\\\/cms\\\/2014\\\/12\\\/neues-aus-burghausen-nachwuchspreis-und-sonder-vorverkauf\\\/#primaryimage\"},\"thumbnailUrl\":\"http:\\\/\\\/www.jazzzeitung.de\\\/cms\\\/wp-content\\\/uploads\\\/2014\\\/12\\\/mario_biondi_011-150x150.jpg\",\"keywords\":[\"Bayerischer Rundfunk\",\"Bigband\",\"Burghausen\",\"Burghauser Nachwuchs-Jazzpreis\",\"Festival\",\"Get The Blessing\",\"Harlem\",\"hr-Bigband\",\"IG Jazz\",\"IG Jazz Burghausen\",\"Jazzmusiker\",\"Jazzwoche Burghausen\",\"Jazzwoche Burghausen 2015\",\"Kultur\",\"Mario Biondi\",\"Michael Wollny\",\"Nachwuchspreis\",\"Piano\",\"Preisverleihung\",\"Rebekka Bakken\",\"Roland Spiegel\",\"Rundfunk\",\"Spiegel\",\"Tickets\",\"Weihnachten\",\"Wettbewerb\"],\"articleSection\":[\"News\"],\"inLanguage\":\"de\",\"potentialAction\":[{\"@type\":\"CommentAction\",\"name\":\"Comment\",\"target\":[\"https:\\\/\\\/www.jazzzeitung.de\\\/cms\\\/2014\\\/12\\\/neues-aus-burghausen-nachwuchspreis-und-sonder-vorverkauf\\\/#respond\"]}]},{\"@type\":\"WebPage\",\"@id\":\"https:\\\/\\\/www.jazzzeitung.de\\\/cms\\\/2014\\\/12\\\/neues-aus-burghausen-nachwuchspreis-und-sonder-vorverkauf\\\/\",\"url\":\"https:\\\/\\\/www.jazzzeitung.de\\\/cms\\\/2014\\\/12\\\/neues-aus-burghausen-nachwuchspreis-und-sonder-vorverkauf\\\/\",\"name\":\"Neues aus Burghausen: Nachwuchspreis und Sonder-Vorverkauf - JazzZeitung\",\"isPartOf\":{\"@id\":\"https:\\\/\\\/www.jazzzeitung.de\\\/cms\\\/#website\"},\"primaryImageOfPage\":{\"@id\":\"https:\\\/\\\/www.jazzzeitung.de\\\/cms\\\/2014\\\/12\\\/neues-aus-burghausen-nachwuchspreis-und-sonder-vorverkauf\\\/#primaryimage\"},\"image\":{\"@id\":\"https:\\\/\\\/www.jazzzeitung.de\\\/cms\\\/2014\\\/12\\\/neues-aus-burghausen-nachwuchspreis-und-sonder-vorverkauf\\\/#primaryimage\"},\"thumbnailUrl\":\"http:\\\/\\\/www.jazzzeitung.de\\\/cms\\\/wp-content\\\/uploads\\\/2014\\\/12\\\/mario_biondi_011-150x150.jpg\",\"datePublished\":\"2014-12-03T08:50:27+00:00\",\"breadcrumb\":{\"@id\":\"https:\\\/\\\/www.jazzzeitung.de\\\/cms\\\/2014\\\/12\\\/neues-aus-burghausen-nachwuchspreis-und-sonder-vorverkauf\\\/#breadcrumb\"},\"inLanguage\":\"de\",\"potentialAction\":[{\"@type\":\"ReadAction\",\"target\":[\"https:\\\/\\\/www.jazzzeitung.de\\\/cms\\\/2014\\\/12\\\/neues-aus-burghausen-nachwuchspreis-und-sonder-vorverkauf\\\/\"]}]},{\"@type\":\"ImageObject\",\"inLanguage\":\"de\",\"@id\":\"https:\\\/\\\/www.jazzzeitung.de\\\/cms\\\/2014\\\/12\\\/neues-aus-burghausen-nachwuchspreis-und-sonder-vorverkauf\\\/#primaryimage\",\"url\":\"http:\\\/\\\/www.jazzzeitung.de\\\/cms\\\/wp-content\\\/uploads\\\/2014\\\/12\\\/mario_biondi_011-150x150.jpg\",\"contentUrl\":\"http:\\\/\\\/www.jazzzeitung.de\\\/cms\\\/wp-content\\\/uploads\\\/2014\\\/12\\\/mario_biondi_011-150x150.jpg\"},{\"@type\":\"BreadcrumbList\",\"@id\":\"https:\\\/\\\/www.jazzzeitung.de\\\/cms\\\/2014\\\/12\\\/neues-aus-burghausen-nachwuchspreis-und-sonder-vorverkauf\\\/#breadcrumb\",\"itemListElement\":[{\"@type\":\"ListItem\",\"position\":1,\"name\":\"Startseite\",\"item\":\"https:\\\/\\\/www.jazzzeitung.de\\\/cms\\\/\"},{\"@type\":\"ListItem\",\"position\":2,\"name\":\"Neues aus Burghausen: Nachwuchspreis und Sonder-Vorverkauf\"}]},{\"@type\":\"WebSite\",\"@id\":\"https:\\\/\\\/www.jazzzeitung.de\\\/cms\\\/#website\",\"url\":\"https:\\\/\\\/www.jazzzeitung.de\\\/cms\\\/\",\"name\":\"JazzZeitung\",\"description\":\"Jazz-News und Jazz-Kontroverses\",\"publisher\":{\"@id\":\"https:\\\/\\\/www.jazzzeitung.de\\\/cms\\\/#organization\"},\"potentialAction\":[{\"@type\":\"SearchAction\",\"target\":{\"@type\":\"EntryPoint\",\"urlTemplate\":\"https:\\\/\\\/www.jazzzeitung.de\\\/cms\\\/?s={search_term_string}\"},\"query-input\":{\"@type\":\"PropertyValueSpecification\",\"valueRequired\":true,\"valueName\":\"search_term_string\"}}],\"inLanguage\":\"de\"},{\"@type\":\"Organization\",\"@id\":\"https:\\\/\\\/www.jazzzeitung.de\\\/cms\\\/#organization\",\"name\":\"JazzZeitung online\",\"url\":\"https:\\\/\\\/www.jazzzeitung.de\\\/cms\\\/\",\"logo\":{\"@type\":\"ImageObject\",\"inLanguage\":\"de\",\"@id\":\"https:\\\/\\\/www.jazzzeitung.de\\\/cms\\\/#\\\/schema\\\/logo\\\/image\\\/\",\"url\":\"https:\\\/\\\/i0.wp.com\\\/www.jazzzeitung.de\\\/cms\\\/wp-content\\\/uploads\\\/2015\\\/08\\\/JAZZZEITUNGDE_Logo_Neu.png?fit=499%2C200&ssl=1\",\"contentUrl\":\"https:\\\/\\\/i0.wp.com\\\/www.jazzzeitung.de\\\/cms\\\/wp-content\\\/uploads\\\/2015\\\/08\\\/JAZZZEITUNGDE_Logo_Neu.png?fit=499%2C200&ssl=1\",\"width\":499,\"height\":200,\"caption\":\"JazzZeitung online\"},\"image\":{\"@id\":\"https:\\\/\\\/www.jazzzeitung.de\\\/cms\\\/#\\\/schema\\\/logo\\\/image\\\/\"},\"sameAs\":[\"https:\\\/\\\/www.facebook.com\\\/JazzZeitung\\\/\"]},{\"@type\":\"Person\",\"@id\":\"https:\\\/\\\/www.jazzzeitung.de\\\/cms\\\/#\\\/schema\\\/person\\\/2245b36b9cd1d24cea10f01c031fb92b\",\"name\":\"Redaktion JazzZeitung\",\"image\":{\"@type\":\"ImageObject\",\"inLanguage\":\"de\",\"@id\":\"https:\\\/\\\/i0.wp.com\\\/www.jazzzeitung.de\\\/cms\\\/wp-content\\\/uploads\\\/2015\\\/08\\\/JAZZZEITUNGDE_Logo_Neu.png?resize=96%2C96&ssl=159975dcacb611b5700bd619b5daf0a7a\",\"url\":\"https:\\\/\\\/i0.wp.com\\\/www.jazzzeitung.de\\\/cms\\\/wp-content\\\/uploads\\\/2015\\\/08\\\/JAZZZEITUNGDE_Logo_Neu.png?resize=96%2C96&ssl=1\",\"contentUrl\":\"https:\\\/\\\/i0.wp.com\\\/www.jazzzeitung.de\\\/cms\\\/wp-content\\\/uploads\\\/2015\\\/08\\\/JAZZZEITUNGDE_Logo_Neu.png?resize=96%2C96&ssl=1\",\"caption\":\"Redaktion JazzZeitung\"},\"description\":\"Artikel der Redaktion der JazzZeitung.\",\"sameAs\":[\"http:\\\/\\\/www.jazzzeitung.de\\\/cms\\\/\"],\"url\":\"https:\\\/\\\/www.jazzzeitung.de\\\/cms\\\/author\\\/redaktion\\\/\"}]}<\/script>\n<!-- \/ Yoast SEO plugin. -->","yoast_head_json":{"title":"Neues aus Burghausen: Nachwuchspreis und Sonder-Vorverkauf - JazzZeitung","robots":{"index":"index","follow":"follow","max-snippet":"max-snippet:-1","max-image-preview":"max-image-preview:large","max-video-preview":"max-video-preview:-1"},"canonical":"https:\/\/www.jazzzeitung.de\/cms\/2014\/12\/neues-aus-burghausen-nachwuchspreis-und-sonder-vorverkauf\/","og_locale":"de_DE","og_type":"article","og_title":"Neues aus Burghausen: Nachwuchspreis und Sonder-Vorverkauf - JazzZeitung","og_description":"Mit knapp 70 Einsendungen aus 30 L\u00e4ndern hat der 7. Europ\u00e4ische Burghauser Nachwuchs-Jazzpreis weitere L\u00e4nder erreicht. Die europaweit offene Ausschreibung (geographisch gesehen) f\u00fcr die Preisverleihung im n\u00e4chsten Jahr fand begeisterten Anklang. Dieses Mal standen vor allem L\u00e4nder aus dem Osten, wie Kroatien, Rum\u00e4nien, Litauen, Ungarn und Polen auf der Bewerberliste. Auch Staaten, die hierzulande eher seltener mit Jazz in Zusammenhang gebracht werden, wie Montenegro und Kasachstan sind mit von der Partie. Auff\u00e4llig auch: nahezu ein Drittel der Bands ist multinational, zum Teil auch au\u00dfereurop\u00e4isch besetzt &#8211; ein Ph\u00e4nomen, das sicherlich auch den \u201eZeitgeist\u201c in Sachen Jazz mitbestimmt. Nun stehen die vier Juroren der hochkar\u00e4tig besetzten Jury vor einer spannenden Herausforderung, denn bis Mitte Dezember sollen die f\u00fcnf Finalisten bekannt gegeben werden. Alle f\u00fcnf werden als Auftakt zur 46. Internationalen Jazzwoche Burghausen am 17. M\u00e4rz 2015 im Stadtsaal Burghausen um den mit 10.000 Euro dotierten Preis spielen. Wir k\u00f6nnen gespannt sein! Ein Blick hinter die Kulissen: Roland Spiegel und Reinhard K\u00f6chl, zwei Jury-Mitglieder zum Jazzpreis Burghausen 2015: \u201eWieder einmal zeigt sich, wie hoch das Niveau junger Jazzmusiker aus Europa ist. Erfreulich ist auch, dass es eine &hellip;","og_url":"https:\/\/www.jazzzeitung.de\/cms\/2014\/12\/neues-aus-burghausen-nachwuchspreis-und-sonder-vorverkauf\/","og_site_name":"JazzZeitung","article_publisher":"https:\/\/www.facebook.com\/JazzZeitung\/","article_published_time":"2014-12-03T08:50:27+00:00","og_image":[{"url":"http:\/\/www.jazzzeitung.de\/cms\/wp-content\/uploads\/2014\/12\/mario_biondi_011-150x150.jpg","type":"","width":"","height":""}],"author":"Redaktion JazzZeitung","schema":{"@context":"https:\/\/schema.org","@graph":[{"@type":"Article","@id":"https:\/\/www.jazzzeitung.de\/cms\/2014\/12\/neues-aus-burghausen-nachwuchspreis-und-sonder-vorverkauf\/#article","isPartOf":{"@id":"https:\/\/www.jazzzeitung.de\/cms\/2014\/12\/neues-aus-burghausen-nachwuchspreis-und-sonder-vorverkauf\/"},"author":{"name":"Redaktion JazzZeitung","@id":"https:\/\/www.jazzzeitung.de\/cms\/#\/schema\/person\/2245b36b9cd1d24cea10f01c031fb92b"},"headline":"Neues aus Burghausen: Nachwuchspreis und Sonder-Vorverkauf","datePublished":"2014-12-03T08:50:27+00:00","mainEntityOfPage":{"@id":"https:\/\/www.jazzzeitung.de\/cms\/2014\/12\/neues-aus-burghausen-nachwuchspreis-und-sonder-vorverkauf\/"},"wordCount":558,"commentCount":0,"publisher":{"@id":"https:\/\/www.jazzzeitung.de\/cms\/#organization"},"image":{"@id":"https:\/\/www.jazzzeitung.de\/cms\/2014\/12\/neues-aus-burghausen-nachwuchspreis-und-sonder-vorverkauf\/#primaryimage"},"thumbnailUrl":"http:\/\/www.jazzzeitung.de\/cms\/wp-content\/uploads\/2014\/12\/mario_biondi_011-150x150.jpg","keywords":["Bayerischer Rundfunk","Bigband","Burghausen","Burghauser Nachwuchs-Jazzpreis","Festival","Get The Blessing","Harlem","hr-Bigband","IG Jazz","IG Jazz Burghausen","Jazzmusiker","Jazzwoche Burghausen","Jazzwoche Burghausen 2015","Kultur","Mario Biondi","Michael Wollny","Nachwuchspreis","Piano","Preisverleihung","Rebekka Bakken","Roland Spiegel","Rundfunk","Spiegel","Tickets","Weihnachten","Wettbewerb"],"articleSection":["News"],"inLanguage":"de","potentialAction":[{"@type":"CommentAction","name":"Comment","target":["https:\/\/www.jazzzeitung.de\/cms\/2014\/12\/neues-aus-burghausen-nachwuchspreis-und-sonder-vorverkauf\/#respond"]}]},{"@type":"WebPage","@id":"https:\/\/www.jazzzeitung.de\/cms\/2014\/12\/neues-aus-burghausen-nachwuchspreis-und-sonder-vorverkauf\/","url":"https:\/\/www.jazzzeitung.de\/cms\/2014\/12\/neues-aus-burghausen-nachwuchspreis-und-sonder-vorverkauf\/","name":"Neues aus Burghausen: Nachwuchspreis und Sonder-Vorverkauf - JazzZeitung","isPartOf":{"@id":"https:\/\/www.jazzzeitung.de\/cms\/#website"},"primaryImageOfPage":{"@id":"https:\/\/www.jazzzeitung.de\/cms\/2014\/12\/neues-aus-burghausen-nachwuchspreis-und-sonder-vorverkauf\/#primaryimage"},"image":{"@id":"https:\/\/www.jazzzeitung.de\/cms\/2014\/12\/neues-aus-burghausen-nachwuchspreis-und-sonder-vorverkauf\/#primaryimage"},"thumbnailUrl":"http:\/\/www.jazzzeitung.de\/cms\/wp-content\/uploads\/2014\/12\/mario_biondi_011-150x150.jpg","datePublished":"2014-12-03T08:50:27+00:00","breadcrumb":{"@id":"https:\/\/www.jazzzeitung.de\/cms\/2014\/12\/neues-aus-burghausen-nachwuchspreis-und-sonder-vorverkauf\/#breadcrumb"},"inLanguage":"de","potentialAction":[{"@type":"ReadAction","target":["https:\/\/www.jazzzeitung.de\/cms\/2014\/12\/neues-aus-burghausen-nachwuchspreis-und-sonder-vorverkauf\/"]}]},{"@type":"ImageObject","inLanguage":"de","@id":"https:\/\/www.jazzzeitung.de\/cms\/2014\/12\/neues-aus-burghausen-nachwuchspreis-und-sonder-vorverkauf\/#primaryimage","url":"http:\/\/www.jazzzeitung.de\/cms\/wp-content\/uploads\/2014\/12\/mario_biondi_011-150x150.jpg","contentUrl":"http:\/\/www.jazzzeitung.de\/cms\/wp-content\/uploads\/2014\/12\/mario_biondi_011-150x150.jpg"},{"@type":"BreadcrumbList","@id":"https:\/\/www.jazzzeitung.de\/cms\/2014\/12\/neues-aus-burghausen-nachwuchspreis-und-sonder-vorverkauf\/#breadcrumb","itemListElement":[{"@type":"ListItem","position":1,"name":"Startseite","item":"https:\/\/www.jazzzeitung.de\/cms\/"},{"@type":"ListItem","position":2,"name":"Neues aus Burghausen: Nachwuchspreis und Sonder-Vorverkauf"}]},{"@type":"WebSite","@id":"https:\/\/www.jazzzeitung.de\/cms\/#website","url":"https:\/\/www.jazzzeitung.de\/cms\/","name":"JazzZeitung","description":"Jazz-News und Jazz-Kontroverses","publisher":{"@id":"https:\/\/www.jazzzeitung.de\/cms\/#organization"},"potentialAction":[{"@type":"SearchAction","target":{"@type":"EntryPoint","urlTemplate":"https:\/\/www.jazzzeitung.de\/cms\/?s={search_term_string}"},"query-input":{"@type":"PropertyValueSpecification","valueRequired":true,"valueName":"search_term_string"}}],"inLanguage":"de"},{"@type":"Organization","@id":"https:\/\/www.jazzzeitung.de\/cms\/#organization","name":"JazzZeitung online","url":"https:\/\/www.jazzzeitung.de\/cms\/","logo":{"@type":"ImageObject","inLanguage":"de","@id":"https:\/\/www.jazzzeitung.de\/cms\/#\/schema\/logo\/image\/","url":"https:\/\/i0.wp.com\/www.jazzzeitung.de\/cms\/wp-content\/uploads\/2015\/08\/JAZZZEITUNGDE_Logo_Neu.png?fit=499%2C200&ssl=1","contentUrl":"https:\/\/i0.wp.com\/www.jazzzeitung.de\/cms\/wp-content\/uploads\/2015\/08\/JAZZZEITUNGDE_Logo_Neu.png?fit=499%2C200&ssl=1","width":499,"height":200,"caption":"JazzZeitung online"},"image":{"@id":"https:\/\/www.jazzzeitung.de\/cms\/#\/schema\/logo\/image\/"},"sameAs":["https:\/\/www.facebook.com\/JazzZeitung\/"]},{"@type":"Person","@id":"https:\/\/www.jazzzeitung.de\/cms\/#\/schema\/person\/2245b36b9cd1d24cea10f01c031fb92b","name":"Redaktion JazzZeitung","image":{"@type":"ImageObject","inLanguage":"de","@id":"https:\/\/i0.wp.com\/www.jazzzeitung.de\/cms\/wp-content\/uploads\/2015\/08\/JAZZZEITUNGDE_Logo_Neu.png?resize=96%2C96&ssl=159975dcacb611b5700bd619b5daf0a7a","url":"https:\/\/i0.wp.com\/www.jazzzeitung.de\/cms\/wp-content\/uploads\/2015\/08\/JAZZZEITUNGDE_Logo_Neu.png?resize=96%2C96&ssl=1","contentUrl":"https:\/\/i0.wp.com\/www.jazzzeitung.de\/cms\/wp-content\/uploads\/2015\/08\/JAZZZEITUNGDE_Logo_Neu.png?resize=96%2C96&ssl=1","caption":"Redaktion JazzZeitung"},"description":"Artikel der Redaktion der JazzZeitung.","sameAs":["http:\/\/www.jazzzeitung.de\/cms\/"],"url":"https:\/\/www.jazzzeitung.de\/cms\/author\/redaktion\/"}]}},"wp-worthy-pixel":{"ignored":false,"public":null,"server":null,"url":null},"wp-worthy-type":"normal","jetpack_publicize_connections":[],"cc_featured_image_caption":{"caption_text":false,"source_text":false,"source_url":false},"jetpack_featured_media_url":"","jetpack_shortlink":"https:\/\/wp.me\/p3KEcT-1jn","jetpack-related-posts":[{"id":2414,"url":"https:\/\/www.jazzzeitung.de\/cms\/2013\/10\/der-countdown-laeuft-noch-knapp-3-wochen-bis-bewerbungsschluss-zum-6-europaeischen-burghauser-nachwuchs-jazzpreis-2014\/","url_meta":{"origin":5045,"position":0},"title":"Der Countdown l\u00e4uft! Noch knapp 3 Wochen bis Bewerbungsschluss zum 6. Europ\u00e4ischen Burghauser Nachwuchs-Jazzpreis 2014","author":"Redaktion JazzZeitung","date":"11. Oktober 2013","format":false,"excerpt":"Anl\u00e4sslich der 45. Internationalen Jazzwoche vom 25. bis 30. M\u00e4rz 2014 schreibt die Interessengemeinschaft Jazz Burghausen e.V. in Zusammenarbeit mit der Stadt Burghausen den 6. Europ\u00e4ischen Burghauser Nachwuchs-Jazzpreis 2014 aus. Der Preis dient der aktiven Nachwuchsf\u00f6rderung im Jazz. Der Preis wird j\u00e4hrlich vergeben. Zielgruppe Combos (ab drei Musiker) und Big\u2026","rel":"","context":"In &quot;News&quot;","block_context":{"text":"News","link":"https:\/\/www.jazzzeitung.de\/cms\/thema\/nachrichten\/"},"img":{"alt_text":"","src":"","width":0,"height":0},"classes":[]},{"id":13079,"url":"https:\/\/www.jazzzeitung.de\/cms\/2017\/07\/burghauser-nachwuchs-jazzpreis-ab-sofort-bewerben\/","url_meta":{"origin":5045,"position":1},"title":"Burghauser Nachwuchs-Jazzpreis: ab sofort bewerben!","author":"Redaktion JazzZeitung","date":"20. Juli 2017","format":false,"excerpt":"Bereits zum 10. Mal vergibt die Interessensgemeinschaft Jazz Burghausen e.V. in Zusammenarbeit mit der Stadt Burghausen den Nachwuchs-Jazzpreis. Die 49. Internationale Jazzwoche Burghausen (6. \u2013 11. M\u00e4rz 2018) startet dann wieder wie gewohnt mit dem Finale des Nachwuchswettbewerbs. Bewerbungen werden ab sofort angenommen. Bewerbungsschluss ist der 31. Oktober 2017. Der\u2026","rel":"","context":"In &quot;News&quot;","block_context":{"text":"News","link":"https:\/\/www.jazzzeitung.de\/cms\/thema\/nachrichten\/"},"img":{"alt_text":"","src":"https:\/\/i0.wp.com\/www.jazzzeitung.de\/cms\/wp-content\/uploads\/2017\/07\/Nachwuchsjazzpreis-Filippo-Vignato-Trio_kl-150x150.jpg?resize=350%2C200&ssl=1","width":350,"height":200},"classes":[]},{"id":6618,"url":"https:\/\/www.jazzzeitung.de\/cms\/2015\/07\/news-gender-workshop-burghauser-nachwuchs-jazzpreis-travejazz-festival-luebeck\/","url_meta":{"origin":5045,"position":2},"title":"+++News +++ Gender-Workshop +++ Burghauser Nachwuchs-Jazzpreis +++ Travejazz Festival L\u00fcbeck +++","author":"Redaktion JazzZeitung","date":"15. Juli 2015","format":false,"excerpt":"+++ Jetzt anmelden! - Jazz-Ensemble-Workshops in Frankfurt vom 2. bis 4. Oktober 2015 +++ mit Gina Schwarz (A), bass \/ Stephanie Wagner (D), flute \/ Esther B\u00e4chlin (CH) piano, Konzert PLAYGROUND 5. Oktober 2015 -Im Rahmen des 14. Darmst\u00e4dter Jazzforums (01. - 04.10.2015) zum Thema \u201eGender und\u00a0Identit\u00e4t im Jazz\u201c bieten\u2026","rel":"","context":"In &quot;News&quot;","block_context":{"text":"News","link":"https:\/\/www.jazzzeitung.de\/cms\/thema\/nachrichten\/"},"img":{"alt_text":"","src":"","width":0,"height":0},"classes":[]},{"id":20180,"url":"https:\/\/www.jazzzeitung.de\/cms\/2019\/07\/jetzt-bewerben-12-europaeischer-nachwuchs-jazzpreis-burghausen-2020\/","url_meta":{"origin":5045,"position":3},"title":"Jetzt bewerben: 12. Europ\u00e4ischer Nachwuchs-Jazzpreis Burghausen 2020","author":"Redaktion JazzZeitung","date":"24. Juli 2019","format":false,"excerpt":"Jazz ist Eure Passion? Ihr seid eine junge, aufstrebende Band (Jahrgang 1990 und j\u00fcnger) und ihr habt garantiert am 17. und 18. M\u00e4rz 2020 noch nichts vor? Dann solltet ihr Euch unbedingt beim 12. Europ\u00e4ischen Nachwuchs-Jazzpreis Burghausen bewerben. Im Rahmen der 51. Internationalen Jazzwoche schreibt die Interessengemeinschaft Jazz Burghausen e.V.\u2026","rel":"","context":"In &quot;News&quot;","block_context":{"text":"News","link":"https:\/\/www.jazzzeitung.de\/cms\/thema\/nachrichten\/"},"img":{"alt_text":"","src":"https:\/\/i0.wp.com\/www.jazzzeitung.de\/cms\/wp-content\/uploads\/2019\/07\/Image-12.jpg?fit=1200%2C801&ssl=1&resize=350%2C200","width":350,"height":200,"srcset":"https:\/\/i0.wp.com\/www.jazzzeitung.de\/cms\/wp-content\/uploads\/2019\/07\/Image-12.jpg?fit=1200%2C801&ssl=1&resize=350%2C200 1x, https:\/\/i0.wp.com\/www.jazzzeitung.de\/cms\/wp-content\/uploads\/2019\/07\/Image-12.jpg?fit=1200%2C801&ssl=1&resize=525%2C300 1.5x, https:\/\/i0.wp.com\/www.jazzzeitung.de\/cms\/wp-content\/uploads\/2019\/07\/Image-12.jpg?fit=1200%2C801&ssl=1&resize=700%2C400 2x, https:\/\/i0.wp.com\/www.jazzzeitung.de\/cms\/wp-content\/uploads\/2019\/07\/Image-12.jpg?fit=1200%2C801&ssl=1&resize=1050%2C600 3x"},"classes":[]},{"id":18153,"url":"https:\/\/www.jazzzeitung.de\/cms\/2019\/01\/news-die-finalisten-des-nachwuchs-jazzpreises-der-jazzwoche-burghausen-2019jetzt-antraege-zur-naechste-applaus-foerderrunde-stellen\/","url_meta":{"origin":5045,"position":4},"title":"+++News: +++Die Finalisten  des Nachwuchs-Jazzpreises der Jazzwoche Burghausen 2019+++Jetzt Antr\u00e4ge zur n\u00e4chste APPLAUS-F\u00f6rderrunde stellen+++","author":"Redaktion JazzZeitung","date":"2. Januar 2019","format":false,"excerpt":"Nachwuchspreis Burghausen Es \u00a0ist ein wichtiges Signal, das die Macher der 50. Internationalen Jazzwoche Burghausen \u00a0(26. bis 31. M\u00e4rz 2019) mit Ihrer diesj\u00e4hrigen Programmgestaltung aussenden: Erstmals \u00a0wird die Jazzwoche von der Jugend er\u00f6ffnet und auch das letzte Konzert des Musikfestivals werden in Burghausen \u00a0ausgezeichnete \u00a0Nachwuchs- k\u00fcnstler bestreiten. \u201eWir gehen mit\u2026","rel":"","context":"In &quot;News&quot;","block_context":{"text":"News","link":"https:\/\/www.jazzzeitung.de\/cms\/thema\/nachrichten\/"},"img":{"alt_text":"Jazz News. Foto: Hufner","src":"https:\/\/i0.wp.com\/www.jazzzeitung.de\/cms\/wp-content\/uploads\/2017\/11\/jazznews.jpg?fit=1200%2C900&ssl=1&resize=350%2C200","width":350,"height":200,"srcset":"https:\/\/i0.wp.com\/www.jazzzeitung.de\/cms\/wp-content\/uploads\/2017\/11\/jazznews.jpg?fit=1200%2C900&ssl=1&resize=350%2C200 1x, https:\/\/i0.wp.com\/www.jazzzeitung.de\/cms\/wp-content\/uploads\/2017\/11\/jazznews.jpg?fit=1200%2C900&ssl=1&resize=525%2C300 1.5x, https:\/\/i0.wp.com\/www.jazzzeitung.de\/cms\/wp-content\/uploads\/2017\/11\/jazznews.jpg?fit=1200%2C900&ssl=1&resize=700%2C400 2x, https:\/\/i0.wp.com\/www.jazzzeitung.de\/cms\/wp-content\/uploads\/2017\/11\/jazznews.jpg?fit=1200%2C900&ssl=1&resize=1050%2C600 3x"},"classes":[]},{"id":15263,"url":"https:\/\/www.jazzzeitung.de\/cms\/2018\/03\/ethno-jazz-band-leleka-aus-berlin-gewinnt-10-europaeischen-nachwuchsjazzpreis\/","url_meta":{"origin":5045,"position":5},"title":"Ethno-Jazz-Band Lel\u00e9ka aus Berlin gewinnt 10. Europ\u00e4ischen Nachwuchsjazzpreis","author":"Redaktion JazzZeitung","date":"7. M\u00e4rz 2018","format":false,"excerpt":"\u201eWie tief kann Musik gehen?\u201c, fragte sich die sehr erfahrene und hochkar\u00e4tige Jury des 10. Europ\u00e4ischen Nachwuchsjazzpreises der Stadt Burghausen zum Auftritt der Berliner Jazzformationen Lel\u00e9ka, die den Jazzpreis 2018 der Stadt Burghausen unter tosendem Applaus im ausverkauften Stadtsaal abger\u00e4umt hat. Mit dem Gewinn verbunden ist ein Preisgeld von 5.000\u2026","rel":"","context":"In &quot;News&quot;","block_context":{"text":"News","link":"https:\/\/www.jazzzeitung.de\/cms\/thema\/nachrichten\/"},"img":{"alt_text":"","src":"https:\/\/i0.wp.com\/www.jazzzeitung.de\/cms\/wp-content\/uploads\/2018\/03\/Leleka%C2%A9Rasimowitz_Frank_RAS_2931.jpg?fit=1200%2C801&ssl=1&resize=350%2C200","width":350,"height":200,"srcset":"https:\/\/i0.wp.com\/www.jazzzeitung.de\/cms\/wp-content\/uploads\/2018\/03\/Leleka%C2%A9Rasimowitz_Frank_RAS_2931.jpg?fit=1200%2C801&ssl=1&resize=350%2C200 1x, https:\/\/i0.wp.com\/www.jazzzeitung.de\/cms\/wp-content\/uploads\/2018\/03\/Leleka%C2%A9Rasimowitz_Frank_RAS_2931.jpg?fit=1200%2C801&ssl=1&resize=525%2C300 1.5x, https:\/\/i0.wp.com\/www.jazzzeitung.de\/cms\/wp-content\/uploads\/2018\/03\/Leleka%C2%A9Rasimowitz_Frank_RAS_2931.jpg?fit=1200%2C801&ssl=1&resize=700%2C400 2x, https:\/\/i0.wp.com\/www.jazzzeitung.de\/cms\/wp-content\/uploads\/2018\/03\/Leleka%C2%A9Rasimowitz_Frank_RAS_2931.jpg?fit=1200%2C801&ssl=1&resize=1050%2C600 3x"},"classes":[]}],"jetpack_sharing_enabled":true,"_links":{"self":[{"href":"https:\/\/www.jazzzeitung.de\/cms\/wp-json\/wp\/v2\/posts\/5045","targetHints":{"allow":["GET"]}}],"collection":[{"href":"https:\/\/www.jazzzeitung.de\/cms\/wp-json\/wp\/v2\/posts"}],"about":[{"href":"https:\/\/www.jazzzeitung.de\/cms\/wp-json\/wp\/v2\/types\/post"}],"author":[{"embeddable":true,"href":"https:\/\/www.jazzzeitung.de\/cms\/wp-json\/wp\/v2\/users\/18"}],"replies":[{"embeddable":true,"href":"https:\/\/www.jazzzeitung.de\/cms\/wp-json\/wp\/v2\/comments?post=5045"}],"version-history":[{"count":1,"href":"https:\/\/www.jazzzeitung.de\/cms\/wp-json\/wp\/v2\/posts\/5045\/revisions"}],"predecessor-version":[{"id":5047,"href":"https:\/\/www.jazzzeitung.de\/cms\/wp-json\/wp\/v2\/posts\/5045\/revisions\/5047"}],"wp:attachment":[{"href":"https:\/\/www.jazzzeitung.de\/cms\/wp-json\/wp\/v2\/media?parent=5045"}],"wp:term":[{"taxonomy":"category","embeddable":true,"href":"https:\/\/www.jazzzeitung.de\/cms\/wp-json\/wp\/v2\/categories?post=5045"},{"taxonomy":"post_tag","embeddable":true,"href":"https:\/\/www.jazzzeitung.de\/cms\/wp-json\/wp\/v2\/tags?post=5045"},{"taxonomy":"author","embeddable":true,"href":"https:\/\/www.jazzzeitung.de\/cms\/wp-json\/wp\/v2\/coauthors?post=5045"}],"curies":[{"name":"wp","href":"https:\/\/api.w.org\/{rel}","templated":true}]}}