{"id":5041,"date":"2014-12-02T11:01:04","date_gmt":"2014-12-02T10:01:04","guid":{"rendered":"http:\/\/www.jazzzeitung.de\/cms\/?p=5041"},"modified":"2014-12-02T11:02:14","modified_gmt":"2014-12-02T10:02:14","slug":"bundeskonferenz-jazz-betont-spielstaettenprogrammpreis-erfuellt-wichtige-kulturpolitische-aufgabe","status":"publish","type":"post","link":"https:\/\/www.jazzzeitung.de\/cms\/2014\/12\/bundeskonferenz-jazz-betont-spielstaettenprogrammpreis-erfuellt-wichtige-kulturpolitische-aufgabe\/","title":{"rendered":"Bundeskonferenz Jazz betont: Spielst\u00e4ttenprogrammpreis erf\u00fcllt wichtige kulturpolitische Aufgabe"},"content":{"rendered":"<p><a href=\"https:\/\/i0.wp.com\/www.jazzzeitung.de\/cms\/wp-content\/uploads\/2014\/09\/logo_IM_viereck.jpg\"><img data-recalc-dims=\"1\" loading=\"lazy\" decoding=\"async\" data-attachment-id=\"4578\" data-permalink=\"https:\/\/www.jazzzeitung.de\/cms\/2014\/09\/spielstaettenprogrammpreis-2014-vergeben\/logo_im_viereck\/\" data-orig-file=\"https:\/\/i0.wp.com\/www.jazzzeitung.de\/cms\/wp-content\/uploads\/2014\/09\/logo_IM_viereck.jpg?fit=591%2C591&amp;ssl=1\" data-orig-size=\"591,591\" data-comments-opened=\"1\" data-image-meta=\"{&quot;aperture&quot;:&quot;0&quot;,&quot;credit&quot;:&quot;&quot;,&quot;camera&quot;:&quot;&quot;,&quot;caption&quot;:&quot;&quot;,&quot;created_timestamp&quot;:&quot;0&quot;,&quot;copyright&quot;:&quot;&quot;,&quot;focal_length&quot;:&quot;0&quot;,&quot;iso&quot;:&quot;0&quot;,&quot;shutter_speed&quot;:&quot;0&quot;,&quot;title&quot;:&quot;&quot;,&quot;orientation&quot;:&quot;1&quot;}\" data-image-title=\"logo_IM_viereck\" data-image-description=\"\" data-image-caption=\"\" data-large-file=\"https:\/\/i0.wp.com\/www.jazzzeitung.de\/cms\/wp-content\/uploads\/2014\/09\/logo_IM_viereck.jpg?fit=591%2C591&amp;ssl=1\" class=\"alignright size-thumbnail wp-image-4578\" src=\"https:\/\/i0.wp.com\/www.jazzzeitung.de\/cms\/wp-content\/uploads\/2014\/09\/logo_IM_viereck-150x150.jpg?resize=150%2C150\" alt=\"logo_IM_viereck\" width=\"150\" height=\"150\" srcset=\"https:\/\/i0.wp.com\/www.jazzzeitung.de\/cms\/wp-content\/uploads\/2014\/09\/logo_IM_viereck.jpg?resize=150%2C150&amp;ssl=1 150w, https:\/\/i0.wp.com\/www.jazzzeitung.de\/cms\/wp-content\/uploads\/2014\/09\/logo_IM_viereck.jpg?resize=300%2C300&amp;ssl=1 300w, https:\/\/i0.wp.com\/www.jazzzeitung.de\/cms\/wp-content\/uploads\/2014\/09\/logo_IM_viereck.jpg?resize=144%2C144&amp;ssl=1 144w, https:\/\/i0.wp.com\/www.jazzzeitung.de\/cms\/wp-content\/uploads\/2014\/09\/logo_IM_viereck.jpg?resize=96%2C96&amp;ssl=1 96w, https:\/\/i0.wp.com\/www.jazzzeitung.de\/cms\/wp-content\/uploads\/2014\/09\/logo_IM_viereck.jpg?resize=24%2C24&amp;ssl=1 24w, https:\/\/i0.wp.com\/www.jazzzeitung.de\/cms\/wp-content\/uploads\/2014\/09\/logo_IM_viereck.jpg?resize=36%2C36&amp;ssl=1 36w, https:\/\/i0.wp.com\/www.jazzzeitung.de\/cms\/wp-content\/uploads\/2014\/09\/logo_IM_viereck.jpg?resize=48%2C48&amp;ssl=1 48w, https:\/\/i0.wp.com\/www.jazzzeitung.de\/cms\/wp-content\/uploads\/2014\/09\/logo_IM_viereck.jpg?resize=64%2C64&amp;ssl=1 64w, https:\/\/i0.wp.com\/www.jazzzeitung.de\/cms\/wp-content\/uploads\/2014\/09\/logo_IM_viereck.jpg?resize=32%2C32&amp;ssl=1 32w, https:\/\/i0.wp.com\/www.jazzzeitung.de\/cms\/wp-content\/uploads\/2014\/09\/logo_IM_viereck.jpg?resize=128%2C128&amp;ssl=1 128w, https:\/\/i0.wp.com\/www.jazzzeitung.de\/cms\/wp-content\/uploads\/2014\/09\/logo_IM_viereck.jpg?w=591&amp;ssl=1 591w\" sizes=\"auto, (max-width: 150px) 100vw, 150px\" \/><\/a>In seinem aktuellen Schwarzbuch kritisiert der Bund der Steuerzahler die Verleihung des Spielst\u00e4ttenprogrammpreises des Bundes. Die Bundeskonferenz Jazz nimmt dazu in einem offenen Brief an den Pr\u00e4sidenten des Bundes der Steuerzahler Stellung:<\/p>\n<p>Sehr geehrter Herr Holznagel, in Ihrem aktuellen Schwarzbuch listen Sie den Spielst\u00e4ttenprogrammpreis des Bundes als \u201eteure Annehmlichkeit\u201c. Sie bem\u00e4ngeln, dass bereits subventionierte H\u00e4user durch den Preis doppelt subventioniert werden. Bei den ganz wenigen Spielst\u00e4tten des Jazz\/Rock\/Pop, die \u00fcberhaupt \u00f6ffentlich unterst\u00fctzt werden, sind diese Zuwendungen so marginal, dass hier nicht einmal ansatzweise von einer Doppelf\u00f6rderung ausgegangen werden kann. Hinzu kommt, dass es sich bei dem SSPP nicht um eine F\u00f6rderung im klassischen Sinne, sondern um einen Preis f\u00fcr eine bereits erbrachte k\u00fcnstlerische Leistung handelt.<\/p>\n<p>Mit dem Spielst\u00e4ttenprogrammpreis, f\u00fcr den wir uns seit \u00fcber zehn Jahren einsetzen, r\u00fcckt vielmehr eine besorgniserregende Ungleichbehandlung in das kulturpolitische Blickfeld: Wie Sie wissen, tragen die Kommunen in Deutschland mit ca 80% die Hauptlast aller kulturellen Ausgaben. Die Kommunen sind jedoch so \u00fcberschuldet, dass sie zus\u00e4tzlich zu den 87 Opernh\u00e4usern mit eigenem Spielbetrieb, die es insgesamt in der Republik gibt und die zusammen ca. 3,5 Milliarden an \u00f6ffentlichen Mitteln erhalten, nicht in der Lage sind, auch Spielst\u00e4tten f\u00fcr Gegenwartsmusik zu unterst\u00fctzen.<\/p>\n<p>So haben wir bundesweit nur wenige Spielst\u00e4tten, die regelm\u00e4\u00dfig Jazz\/Pop\/Rock pr\u00e4sentieren und daf\u00fcr eine regelm\u00e4\u00dfige \u00f6ffentliche Unterst\u00fctzung erhalten. Nicht, dass wir die Subventionen f\u00fcr die Oper kritisieren. Im Gegenteil: Dies ist ein herausragendes Merkmal der Kulturnation Deutschland. Doch wenn diese Kulturnation auch morgen noch internationale Beachtung finden will, muss sie heute in die Kunst von Morgen investieren und sich nicht auf die F\u00f6rderung unseres kulturellen Erbes (Oper, symphonische Musik etc.) beschr\u00e4nken.<\/p>\n<p>Der Spielst\u00e4ttenprogrammpreis des Bundes soll auf dieses kulturpolitische Defizit aufmerksam machen, die (h\u00e4ufig ehrenamtlichen) Macher_innen ermutigen, trotz fehlender kommunaler Mittel durchzuhalten, und letztlich die Kommunen motivieren, ihre k\u00fcnstlerisch herausragenden Spielst\u00e4tten f\u00fcr Jazz\/Rock\/Pop angemessen zu unterst\u00fctzen. Diesen Zielen dient auch eine angemessene Preisverleihung, die eine entsprechende politische wie mediale Aufmerksamkeit nach sich zieht.<\/p>\n<p>Die Spielst\u00e4tten f\u00fcr aktuelle Musik leisten mit ihrer Arbeit einen unverzichtbaren Beitrag zur kulturellen Vielfalt und zur kulturellen Bildung, sie sind Katalysator und Keimzelle f\u00fcr aktuelle musikalische Entwicklungen und wichtiger Arbeitgeber f\u00fcr K\u00fcnstler_innen. Die finanzielle Situation der Spielst\u00e4tten f\u00fcr aktuelle Musik ist zunehmend besorgniserregend: steigenden Personal- und Betriebskosten, Steuern und Abgaben stehen sinkende Einnahmen und eine unzureichende \u00f6ffentliche F\u00f6rderung gegen\u00fcber. Die meisten H\u00e4user k\u00f6nnen nur noch durch Selbstausbeutung der Betreibenden und der K\u00fcnstler_innen \u00fcberleben \u2013 oder m\u00fcssen schlie\u00dfen. Der Spielst\u00e4ttenprogrammpreis ist ein wichtiges Signal gegen diesen Trend. Anstatt diesen grunds\u00e4tzlich zu kritisieren, laden wir Sie ein, sich wie wir f\u00fcr dessen stetige Verbesserung und St\u00e4rkung einzusetzen.<\/p>\n<p>Mit freundlichen Gr\u00fc\u00dfen,<\/p>\n<p>Franziska Buhre, Felix Falk, Wolfram Knauer,\u00a0 <a href=\"https:\/\/i0.wp.com\/www.jazzzeitung.de\/cms\/wp-content\/uploads\/2014\/09\/logo_IM_viereck.jpg\"><img data-recalc-dims=\"1\" loading=\"lazy\" decoding=\"async\" data-attachment-id=\"4578\" data-permalink=\"https:\/\/www.jazzzeitung.de\/cms\/2014\/09\/spielstaettenprogrammpreis-2014-vergeben\/logo_im_viereck\/\" data-orig-file=\"https:\/\/i0.wp.com\/www.jazzzeitung.de\/cms\/wp-content\/uploads\/2014\/09\/logo_IM_viereck.jpg?fit=591%2C591&amp;ssl=1\" data-orig-size=\"591,591\" data-comments-opened=\"1\" data-image-meta=\"{&quot;aperture&quot;:&quot;0&quot;,&quot;credit&quot;:&quot;&quot;,&quot;camera&quot;:&quot;&quot;,&quot;caption&quot;:&quot;&quot;,&quot;created_timestamp&quot;:&quot;0&quot;,&quot;copyright&quot;:&quot;&quot;,&quot;focal_length&quot;:&quot;0&quot;,&quot;iso&quot;:&quot;0&quot;,&quot;shutter_speed&quot;:&quot;0&quot;,&quot;title&quot;:&quot;&quot;,&quot;orientation&quot;:&quot;1&quot;}\" data-image-title=\"logo_IM_viereck\" data-image-description=\"\" data-image-caption=\"\" data-large-file=\"https:\/\/i0.wp.com\/www.jazzzeitung.de\/cms\/wp-content\/uploads\/2014\/09\/logo_IM_viereck.jpg?fit=591%2C591&amp;ssl=1\" class=\"alignright size-thumbnail wp-image-4578\" src=\"https:\/\/i0.wp.com\/www.jazzzeitung.de\/cms\/wp-content\/uploads\/2014\/09\/logo_IM_viereck-150x150.jpg?resize=150%2C150\" alt=\"logo_IM_viereck\" width=\"150\" height=\"150\" srcset=\"https:\/\/i0.wp.com\/www.jazzzeitung.de\/cms\/wp-content\/uploads\/2014\/09\/logo_IM_viereck.jpg?resize=150%2C150&amp;ssl=1 150w, https:\/\/i0.wp.com\/www.jazzzeitung.de\/cms\/wp-content\/uploads\/2014\/09\/logo_IM_viereck.jpg?resize=300%2C300&amp;ssl=1 300w, https:\/\/i0.wp.com\/www.jazzzeitung.de\/cms\/wp-content\/uploads\/2014\/09\/logo_IM_viereck.jpg?resize=144%2C144&amp;ssl=1 144w, https:\/\/i0.wp.com\/www.jazzzeitung.de\/cms\/wp-content\/uploads\/2014\/09\/logo_IM_viereck.jpg?resize=96%2C96&amp;ssl=1 96w, https:\/\/i0.wp.com\/www.jazzzeitung.de\/cms\/wp-content\/uploads\/2014\/09\/logo_IM_viereck.jpg?resize=24%2C24&amp;ssl=1 24w, https:\/\/i0.wp.com\/www.jazzzeitung.de\/cms\/wp-content\/uploads\/2014\/09\/logo_IM_viereck.jpg?resize=36%2C36&amp;ssl=1 36w, https:\/\/i0.wp.com\/www.jazzzeitung.de\/cms\/wp-content\/uploads\/2014\/09\/logo_IM_viereck.jpg?resize=48%2C48&amp;ssl=1 48w, https:\/\/i0.wp.com\/www.jazzzeitung.de\/cms\/wp-content\/uploads\/2014\/09\/logo_IM_viereck.jpg?resize=64%2C64&amp;ssl=1 64w, https:\/\/i0.wp.com\/www.jazzzeitung.de\/cms\/wp-content\/uploads\/2014\/09\/logo_IM_viereck.jpg?resize=32%2C32&amp;ssl=1 32w, https:\/\/i0.wp.com\/www.jazzzeitung.de\/cms\/wp-content\/uploads\/2014\/09\/logo_IM_viereck.jpg?resize=128%2C128&amp;ssl=1 128w, https:\/\/i0.wp.com\/www.jazzzeitung.de\/cms\/wp-content\/uploads\/2014\/09\/logo_IM_viereck.jpg?w=591&amp;ssl=1 591w\" sizes=\"auto, (max-width: 150px) 100vw, 150px\" \/><\/a>Sprecher der Bundeskonferenz Jazz<\/p>\n","protected":false},"excerpt":{"rendered":"<p>In seinem aktuellen Schwarzbuch kritisiert der Bund der Steuerzahler die Verleihung des Spielst\u00e4ttenprogrammpreises des Bundes. Die Bundeskonferenz Jazz nimmt dazu in einem offenen Brief an den Pr\u00e4sidenten des Bundes der Steuerzahler Stellung: Sehr geehrter Herr Holznagel, in Ihrem aktuellen Schwarzbuch listen Sie den Spielst\u00e4ttenprogrammpreis des Bundes als \u201eteure Annehmlichkeit\u201c. Sie bem\u00e4ngeln, dass bereits subventionierte H\u00e4user durch den Preis doppelt subventioniert werden. Bei den ganz wenigen Spielst\u00e4tten des Jazz\/Rock\/Pop, die \u00fcberhaupt \u00f6ffentlich unterst\u00fctzt werden, sind diese Zuwendungen so marginal, dass hier nicht einmal ansatzweise von einer Doppelf\u00f6rderung ausgegangen werden kann. Hinzu kommt, dass es sich bei dem SSPP nicht um eine F\u00f6rderung im klassischen Sinne, sondern um einen Preis f\u00fcr eine bereits erbrachte k\u00fcnstlerische Leistung handelt. Mit dem Spielst\u00e4ttenprogrammpreis, f\u00fcr den wir uns seit \u00fcber zehn Jahren einsetzen, r\u00fcckt vielmehr eine besorgniserregende Ungleichbehandlung in das kulturpolitische Blickfeld: Wie Sie wissen, tragen die Kommunen in Deutschland mit ca 80% die Hauptlast aller kulturellen Ausgaben. Die Kommunen sind jedoch so \u00fcberschuldet, dass sie zus\u00e4tzlich zu den 87 Opernh\u00e4usern mit eigenem Spielbetrieb, die es insgesamt in der Republik gibt und die zusammen ca. 3,5 Milliarden an \u00f6ffentlichen Mitteln erhalten, &hellip;<\/p>\n","protected":false},"author":18,"featured_media":0,"comment_status":"open","ping_status":"closed","sticky":false,"template":"","format":"standard","meta":{"_jetpack_memberships_contains_paid_content":false,"footnotes":"","jetpack_publicize_message":"","jetpack_publicize_feature_enabled":true,"jetpack_social_post_already_shared":false,"jetpack_social_options":{"image_generator_settings":{"template":"highway","default_image_id":0,"font":"","enabled":false},"version":2}},"categories":[633],"tags":[1140,102,137,173,1029,232,447,450,708,601],"coauthors":[695],"class_list":["post-5041","post","type-post","status-publish","format-standard","hentry","category-nachrichten","tag-bund-der-steuerzahler","tag-bundeskonferenz-jazz","tag-deutschland","tag-felix-falk","tag-franziska-buhre","tag-ig-jazz","tag-pop","tag-preisverleihung","tag-spielstaettenprogrammpreis","tag-wolfram-knauer"],"yoast_head":"<!-- This site is optimized with the Yoast SEO plugin v27.5 - https:\/\/yoast.com\/product\/yoast-seo-wordpress\/ -->\n<title>Bundeskonferenz Jazz betont: Spielst\u00e4ttenprogrammpreis erf\u00fcllt wichtige kulturpolitische Aufgabe - JazzZeitung<\/title>\n<meta name=\"robots\" content=\"index, follow, max-snippet:-1, max-image-preview:large, max-video-preview:-1\" \/>\n<link rel=\"canonical\" href=\"https:\/\/www.jazzzeitung.de\/cms\/2014\/12\/bundeskonferenz-jazz-betont-spielstaettenprogrammpreis-erfuellt-wichtige-kulturpolitische-aufgabe\/\" \/>\n<meta property=\"og:locale\" content=\"de_DE\" \/>\n<meta property=\"og:type\" content=\"article\" \/>\n<meta property=\"og:title\" content=\"Bundeskonferenz Jazz betont: Spielst\u00e4ttenprogrammpreis erf\u00fcllt wichtige kulturpolitische Aufgabe - JazzZeitung\" \/>\n<meta property=\"og:description\" content=\"In seinem aktuellen Schwarzbuch kritisiert der Bund der Steuerzahler die Verleihung des Spielst\u00e4ttenprogrammpreises des Bundes. Die Bundeskonferenz Jazz nimmt dazu in einem offenen Brief an den Pr\u00e4sidenten des Bundes der Steuerzahler Stellung: Sehr geehrter Herr Holznagel, in Ihrem aktuellen Schwarzbuch listen Sie den Spielst\u00e4ttenprogrammpreis des Bundes als \u201eteure Annehmlichkeit\u201c. Sie bem\u00e4ngeln, dass bereits subventionierte H\u00e4user durch den Preis doppelt subventioniert werden. Bei den ganz wenigen Spielst\u00e4tten des Jazz\/Rock\/Pop, die \u00fcberhaupt \u00f6ffentlich unterst\u00fctzt werden, sind diese Zuwendungen so marginal, dass hier nicht einmal ansatzweise von einer Doppelf\u00f6rderung ausgegangen werden kann. Hinzu kommt, dass es sich bei dem SSPP nicht um eine F\u00f6rderung im klassischen Sinne, sondern um einen Preis f\u00fcr eine bereits erbrachte k\u00fcnstlerische Leistung handelt. Mit dem Spielst\u00e4ttenprogrammpreis, f\u00fcr den wir uns seit \u00fcber zehn Jahren einsetzen, r\u00fcckt vielmehr eine besorgniserregende Ungleichbehandlung in das kulturpolitische Blickfeld: Wie Sie wissen, tragen die Kommunen in Deutschland mit ca 80% die Hauptlast aller kulturellen Ausgaben. Die Kommunen sind jedoch so \u00fcberschuldet, dass sie zus\u00e4tzlich zu den 87 Opernh\u00e4usern mit eigenem Spielbetrieb, die es insgesamt in der Republik gibt und die zusammen ca. 3,5 Milliarden an \u00f6ffentlichen Mitteln erhalten, &hellip;\" \/>\n<meta property=\"og:url\" content=\"https:\/\/www.jazzzeitung.de\/cms\/2014\/12\/bundeskonferenz-jazz-betont-spielstaettenprogrammpreis-erfuellt-wichtige-kulturpolitische-aufgabe\/\" \/>\n<meta property=\"og:site_name\" content=\"JazzZeitung\" \/>\n<meta property=\"article:publisher\" content=\"https:\/\/www.facebook.com\/JazzZeitung\/\" \/>\n<meta property=\"article:published_time\" content=\"2014-12-02T10:01:04+00:00\" \/>\n<meta property=\"article:modified_time\" content=\"2014-12-02T10:02:14+00:00\" \/>\n<meta property=\"og:image\" content=\"http:\/\/www.jazzzeitung.de\/cms\/wp-content\/uploads\/2014\/09\/logo_IM_viereck-150x150.jpg\" \/>\n<meta name=\"author\" content=\"Redaktion JazzZeitung\" \/>\n<script type=\"application\/ld+json\" class=\"yoast-schema-graph\">{\"@context\":\"https:\\\/\\\/schema.org\",\"@graph\":[{\"@type\":\"Article\",\"@id\":\"https:\\\/\\\/www.jazzzeitung.de\\\/cms\\\/2014\\\/12\\\/bundeskonferenz-jazz-betont-spielstaettenprogrammpreis-erfuellt-wichtige-kulturpolitische-aufgabe\\\/#article\",\"isPartOf\":{\"@id\":\"https:\\\/\\\/www.jazzzeitung.de\\\/cms\\\/2014\\\/12\\\/bundeskonferenz-jazz-betont-spielstaettenprogrammpreis-erfuellt-wichtige-kulturpolitische-aufgabe\\\/\"},\"author\":{\"name\":\"Redaktion JazzZeitung\",\"@id\":\"https:\\\/\\\/www.jazzzeitung.de\\\/cms\\\/#\\\/schema\\\/person\\\/2245b36b9cd1d24cea10f01c031fb92b\"},\"headline\":\"Bundeskonferenz Jazz betont: Spielst\u00e4ttenprogrammpreis erf\u00fcllt wichtige kulturpolitische Aufgabe\",\"datePublished\":\"2014-12-02T10:01:04+00:00\",\"dateModified\":\"2014-12-02T10:02:14+00:00\",\"mainEntityOfPage\":{\"@id\":\"https:\\\/\\\/www.jazzzeitung.de\\\/cms\\\/2014\\\/12\\\/bundeskonferenz-jazz-betont-spielstaettenprogrammpreis-erfuellt-wichtige-kulturpolitische-aufgabe\\\/\"},\"wordCount\":506,\"commentCount\":0,\"publisher\":{\"@id\":\"https:\\\/\\\/www.jazzzeitung.de\\\/cms\\\/#organization\"},\"image\":{\"@id\":\"https:\\\/\\\/www.jazzzeitung.de\\\/cms\\\/2014\\\/12\\\/bundeskonferenz-jazz-betont-spielstaettenprogrammpreis-erfuellt-wichtige-kulturpolitische-aufgabe\\\/#primaryimage\"},\"thumbnailUrl\":\"http:\\\/\\\/www.jazzzeitung.de\\\/cms\\\/wp-content\\\/uploads\\\/2014\\\/09\\\/logo_IM_viereck-150x150.jpg\",\"keywords\":[\"Bund der Steuerzahler\",\"Bundeskonferenz Jazz\",\"Deutschland\",\"Felix Falk\",\"Franziska Buhre\",\"IG Jazz\",\"Pop\",\"Preisverleihung\",\"Spielst\u00e4ttenprogrammpreis\",\"Wolfram Knauer\"],\"articleSection\":[\"News\"],\"inLanguage\":\"de\",\"potentialAction\":[{\"@type\":\"CommentAction\",\"name\":\"Comment\",\"target\":[\"https:\\\/\\\/www.jazzzeitung.de\\\/cms\\\/2014\\\/12\\\/bundeskonferenz-jazz-betont-spielstaettenprogrammpreis-erfuellt-wichtige-kulturpolitische-aufgabe\\\/#respond\"]}]},{\"@type\":\"WebPage\",\"@id\":\"https:\\\/\\\/www.jazzzeitung.de\\\/cms\\\/2014\\\/12\\\/bundeskonferenz-jazz-betont-spielstaettenprogrammpreis-erfuellt-wichtige-kulturpolitische-aufgabe\\\/\",\"url\":\"https:\\\/\\\/www.jazzzeitung.de\\\/cms\\\/2014\\\/12\\\/bundeskonferenz-jazz-betont-spielstaettenprogrammpreis-erfuellt-wichtige-kulturpolitische-aufgabe\\\/\",\"name\":\"Bundeskonferenz Jazz betont: Spielst\u00e4ttenprogrammpreis erf\u00fcllt wichtige kulturpolitische Aufgabe - JazzZeitung\",\"isPartOf\":{\"@id\":\"https:\\\/\\\/www.jazzzeitung.de\\\/cms\\\/#website\"},\"primaryImageOfPage\":{\"@id\":\"https:\\\/\\\/www.jazzzeitung.de\\\/cms\\\/2014\\\/12\\\/bundeskonferenz-jazz-betont-spielstaettenprogrammpreis-erfuellt-wichtige-kulturpolitische-aufgabe\\\/#primaryimage\"},\"image\":{\"@id\":\"https:\\\/\\\/www.jazzzeitung.de\\\/cms\\\/2014\\\/12\\\/bundeskonferenz-jazz-betont-spielstaettenprogrammpreis-erfuellt-wichtige-kulturpolitische-aufgabe\\\/#primaryimage\"},\"thumbnailUrl\":\"http:\\\/\\\/www.jazzzeitung.de\\\/cms\\\/wp-content\\\/uploads\\\/2014\\\/09\\\/logo_IM_viereck-150x150.jpg\",\"datePublished\":\"2014-12-02T10:01:04+00:00\",\"dateModified\":\"2014-12-02T10:02:14+00:00\",\"breadcrumb\":{\"@id\":\"https:\\\/\\\/www.jazzzeitung.de\\\/cms\\\/2014\\\/12\\\/bundeskonferenz-jazz-betont-spielstaettenprogrammpreis-erfuellt-wichtige-kulturpolitische-aufgabe\\\/#breadcrumb\"},\"inLanguage\":\"de\",\"potentialAction\":[{\"@type\":\"ReadAction\",\"target\":[\"https:\\\/\\\/www.jazzzeitung.de\\\/cms\\\/2014\\\/12\\\/bundeskonferenz-jazz-betont-spielstaettenprogrammpreis-erfuellt-wichtige-kulturpolitische-aufgabe\\\/\"]}]},{\"@type\":\"ImageObject\",\"inLanguage\":\"de\",\"@id\":\"https:\\\/\\\/www.jazzzeitung.de\\\/cms\\\/2014\\\/12\\\/bundeskonferenz-jazz-betont-spielstaettenprogrammpreis-erfuellt-wichtige-kulturpolitische-aufgabe\\\/#primaryimage\",\"url\":\"http:\\\/\\\/www.jazzzeitung.de\\\/cms\\\/wp-content\\\/uploads\\\/2014\\\/09\\\/logo_IM_viereck-150x150.jpg\",\"contentUrl\":\"http:\\\/\\\/www.jazzzeitung.de\\\/cms\\\/wp-content\\\/uploads\\\/2014\\\/09\\\/logo_IM_viereck-150x150.jpg\"},{\"@type\":\"BreadcrumbList\",\"@id\":\"https:\\\/\\\/www.jazzzeitung.de\\\/cms\\\/2014\\\/12\\\/bundeskonferenz-jazz-betont-spielstaettenprogrammpreis-erfuellt-wichtige-kulturpolitische-aufgabe\\\/#breadcrumb\",\"itemListElement\":[{\"@type\":\"ListItem\",\"position\":1,\"name\":\"Startseite\",\"item\":\"https:\\\/\\\/www.jazzzeitung.de\\\/cms\\\/\"},{\"@type\":\"ListItem\",\"position\":2,\"name\":\"Bundeskonferenz Jazz betont: Spielst\u00e4ttenprogrammpreis erf\u00fcllt wichtige kulturpolitische Aufgabe\"}]},{\"@type\":\"WebSite\",\"@id\":\"https:\\\/\\\/www.jazzzeitung.de\\\/cms\\\/#website\",\"url\":\"https:\\\/\\\/www.jazzzeitung.de\\\/cms\\\/\",\"name\":\"JazzZeitung\",\"description\":\"Jazz-News und Jazz-Kontroverses\",\"publisher\":{\"@id\":\"https:\\\/\\\/www.jazzzeitung.de\\\/cms\\\/#organization\"},\"potentialAction\":[{\"@type\":\"SearchAction\",\"target\":{\"@type\":\"EntryPoint\",\"urlTemplate\":\"https:\\\/\\\/www.jazzzeitung.de\\\/cms\\\/?s={search_term_string}\"},\"query-input\":{\"@type\":\"PropertyValueSpecification\",\"valueRequired\":true,\"valueName\":\"search_term_string\"}}],\"inLanguage\":\"de\"},{\"@type\":\"Organization\",\"@id\":\"https:\\\/\\\/www.jazzzeitung.de\\\/cms\\\/#organization\",\"name\":\"JazzZeitung online\",\"url\":\"https:\\\/\\\/www.jazzzeitung.de\\\/cms\\\/\",\"logo\":{\"@type\":\"ImageObject\",\"inLanguage\":\"de\",\"@id\":\"https:\\\/\\\/www.jazzzeitung.de\\\/cms\\\/#\\\/schema\\\/logo\\\/image\\\/\",\"url\":\"https:\\\/\\\/i0.wp.com\\\/www.jazzzeitung.de\\\/cms\\\/wp-content\\\/uploads\\\/2015\\\/08\\\/JAZZZEITUNGDE_Logo_Neu.png?fit=499%2C200&ssl=1\",\"contentUrl\":\"https:\\\/\\\/i0.wp.com\\\/www.jazzzeitung.de\\\/cms\\\/wp-content\\\/uploads\\\/2015\\\/08\\\/JAZZZEITUNGDE_Logo_Neu.png?fit=499%2C200&ssl=1\",\"width\":499,\"height\":200,\"caption\":\"JazzZeitung online\"},\"image\":{\"@id\":\"https:\\\/\\\/www.jazzzeitung.de\\\/cms\\\/#\\\/schema\\\/logo\\\/image\\\/\"},\"sameAs\":[\"https:\\\/\\\/www.facebook.com\\\/JazzZeitung\\\/\"]},{\"@type\":\"Person\",\"@id\":\"https:\\\/\\\/www.jazzzeitung.de\\\/cms\\\/#\\\/schema\\\/person\\\/2245b36b9cd1d24cea10f01c031fb92b\",\"name\":\"Redaktion JazzZeitung\",\"image\":{\"@type\":\"ImageObject\",\"inLanguage\":\"de\",\"@id\":\"https:\\\/\\\/i0.wp.com\\\/www.jazzzeitung.de\\\/cms\\\/wp-content\\\/uploads\\\/2015\\\/08\\\/JAZZZEITUNGDE_Logo_Neu.png?resize=96%2C96&ssl=159975dcacb611b5700bd619b5daf0a7a\",\"url\":\"https:\\\/\\\/i0.wp.com\\\/www.jazzzeitung.de\\\/cms\\\/wp-content\\\/uploads\\\/2015\\\/08\\\/JAZZZEITUNGDE_Logo_Neu.png?resize=96%2C96&ssl=1\",\"contentUrl\":\"https:\\\/\\\/i0.wp.com\\\/www.jazzzeitung.de\\\/cms\\\/wp-content\\\/uploads\\\/2015\\\/08\\\/JAZZZEITUNGDE_Logo_Neu.png?resize=96%2C96&ssl=1\",\"caption\":\"Redaktion JazzZeitung\"},\"description\":\"Artikel der Redaktion der JazzZeitung.\",\"sameAs\":[\"http:\\\/\\\/www.jazzzeitung.de\\\/cms\\\/\"],\"url\":\"https:\\\/\\\/www.jazzzeitung.de\\\/cms\\\/author\\\/redaktion\\\/\"}]}<\/script>\n<!-- \/ Yoast SEO plugin. -->","yoast_head_json":{"title":"Bundeskonferenz Jazz betont: Spielst\u00e4ttenprogrammpreis erf\u00fcllt wichtige kulturpolitische Aufgabe - JazzZeitung","robots":{"index":"index","follow":"follow","max-snippet":"max-snippet:-1","max-image-preview":"max-image-preview:large","max-video-preview":"max-video-preview:-1"},"canonical":"https:\/\/www.jazzzeitung.de\/cms\/2014\/12\/bundeskonferenz-jazz-betont-spielstaettenprogrammpreis-erfuellt-wichtige-kulturpolitische-aufgabe\/","og_locale":"de_DE","og_type":"article","og_title":"Bundeskonferenz Jazz betont: Spielst\u00e4ttenprogrammpreis erf\u00fcllt wichtige kulturpolitische Aufgabe - JazzZeitung","og_description":"In seinem aktuellen Schwarzbuch kritisiert der Bund der Steuerzahler die Verleihung des Spielst\u00e4ttenprogrammpreises des Bundes. Die Bundeskonferenz Jazz nimmt dazu in einem offenen Brief an den Pr\u00e4sidenten des Bundes der Steuerzahler Stellung: Sehr geehrter Herr Holznagel, in Ihrem aktuellen Schwarzbuch listen Sie den Spielst\u00e4ttenprogrammpreis des Bundes als \u201eteure Annehmlichkeit\u201c. Sie bem\u00e4ngeln, dass bereits subventionierte H\u00e4user durch den Preis doppelt subventioniert werden. Bei den ganz wenigen Spielst\u00e4tten des Jazz\/Rock\/Pop, die \u00fcberhaupt \u00f6ffentlich unterst\u00fctzt werden, sind diese Zuwendungen so marginal, dass hier nicht einmal ansatzweise von einer Doppelf\u00f6rderung ausgegangen werden kann. Hinzu kommt, dass es sich bei dem SSPP nicht um eine F\u00f6rderung im klassischen Sinne, sondern um einen Preis f\u00fcr eine bereits erbrachte k\u00fcnstlerische Leistung handelt. Mit dem Spielst\u00e4ttenprogrammpreis, f\u00fcr den wir uns seit \u00fcber zehn Jahren einsetzen, r\u00fcckt vielmehr eine besorgniserregende Ungleichbehandlung in das kulturpolitische Blickfeld: Wie Sie wissen, tragen die Kommunen in Deutschland mit ca 80% die Hauptlast aller kulturellen Ausgaben. Die Kommunen sind jedoch so \u00fcberschuldet, dass sie zus\u00e4tzlich zu den 87 Opernh\u00e4usern mit eigenem Spielbetrieb, die es insgesamt in der Republik gibt und die zusammen ca. 3,5 Milliarden an \u00f6ffentlichen Mitteln erhalten, &hellip;","og_url":"https:\/\/www.jazzzeitung.de\/cms\/2014\/12\/bundeskonferenz-jazz-betont-spielstaettenprogrammpreis-erfuellt-wichtige-kulturpolitische-aufgabe\/","og_site_name":"JazzZeitung","article_publisher":"https:\/\/www.facebook.com\/JazzZeitung\/","article_published_time":"2014-12-02T10:01:04+00:00","article_modified_time":"2014-12-02T10:02:14+00:00","og_image":[{"url":"http:\/\/www.jazzzeitung.de\/cms\/wp-content\/uploads\/2014\/09\/logo_IM_viereck-150x150.jpg","type":"","width":"","height":""}],"author":"Redaktion JazzZeitung","schema":{"@context":"https:\/\/schema.org","@graph":[{"@type":"Article","@id":"https:\/\/www.jazzzeitung.de\/cms\/2014\/12\/bundeskonferenz-jazz-betont-spielstaettenprogrammpreis-erfuellt-wichtige-kulturpolitische-aufgabe\/#article","isPartOf":{"@id":"https:\/\/www.jazzzeitung.de\/cms\/2014\/12\/bundeskonferenz-jazz-betont-spielstaettenprogrammpreis-erfuellt-wichtige-kulturpolitische-aufgabe\/"},"author":{"name":"Redaktion JazzZeitung","@id":"https:\/\/www.jazzzeitung.de\/cms\/#\/schema\/person\/2245b36b9cd1d24cea10f01c031fb92b"},"headline":"Bundeskonferenz Jazz betont: Spielst\u00e4ttenprogrammpreis erf\u00fcllt wichtige kulturpolitische Aufgabe","datePublished":"2014-12-02T10:01:04+00:00","dateModified":"2014-12-02T10:02:14+00:00","mainEntityOfPage":{"@id":"https:\/\/www.jazzzeitung.de\/cms\/2014\/12\/bundeskonferenz-jazz-betont-spielstaettenprogrammpreis-erfuellt-wichtige-kulturpolitische-aufgabe\/"},"wordCount":506,"commentCount":0,"publisher":{"@id":"https:\/\/www.jazzzeitung.de\/cms\/#organization"},"image":{"@id":"https:\/\/www.jazzzeitung.de\/cms\/2014\/12\/bundeskonferenz-jazz-betont-spielstaettenprogrammpreis-erfuellt-wichtige-kulturpolitische-aufgabe\/#primaryimage"},"thumbnailUrl":"http:\/\/www.jazzzeitung.de\/cms\/wp-content\/uploads\/2014\/09\/logo_IM_viereck-150x150.jpg","keywords":["Bund der Steuerzahler","Bundeskonferenz Jazz","Deutschland","Felix Falk","Franziska Buhre","IG Jazz","Pop","Preisverleihung","Spielst\u00e4ttenprogrammpreis","Wolfram Knauer"],"articleSection":["News"],"inLanguage":"de","potentialAction":[{"@type":"CommentAction","name":"Comment","target":["https:\/\/www.jazzzeitung.de\/cms\/2014\/12\/bundeskonferenz-jazz-betont-spielstaettenprogrammpreis-erfuellt-wichtige-kulturpolitische-aufgabe\/#respond"]}]},{"@type":"WebPage","@id":"https:\/\/www.jazzzeitung.de\/cms\/2014\/12\/bundeskonferenz-jazz-betont-spielstaettenprogrammpreis-erfuellt-wichtige-kulturpolitische-aufgabe\/","url":"https:\/\/www.jazzzeitung.de\/cms\/2014\/12\/bundeskonferenz-jazz-betont-spielstaettenprogrammpreis-erfuellt-wichtige-kulturpolitische-aufgabe\/","name":"Bundeskonferenz Jazz betont: Spielst\u00e4ttenprogrammpreis erf\u00fcllt wichtige kulturpolitische Aufgabe - JazzZeitung","isPartOf":{"@id":"https:\/\/www.jazzzeitung.de\/cms\/#website"},"primaryImageOfPage":{"@id":"https:\/\/www.jazzzeitung.de\/cms\/2014\/12\/bundeskonferenz-jazz-betont-spielstaettenprogrammpreis-erfuellt-wichtige-kulturpolitische-aufgabe\/#primaryimage"},"image":{"@id":"https:\/\/www.jazzzeitung.de\/cms\/2014\/12\/bundeskonferenz-jazz-betont-spielstaettenprogrammpreis-erfuellt-wichtige-kulturpolitische-aufgabe\/#primaryimage"},"thumbnailUrl":"http:\/\/www.jazzzeitung.de\/cms\/wp-content\/uploads\/2014\/09\/logo_IM_viereck-150x150.jpg","datePublished":"2014-12-02T10:01:04+00:00","dateModified":"2014-12-02T10:02:14+00:00","breadcrumb":{"@id":"https:\/\/www.jazzzeitung.de\/cms\/2014\/12\/bundeskonferenz-jazz-betont-spielstaettenprogrammpreis-erfuellt-wichtige-kulturpolitische-aufgabe\/#breadcrumb"},"inLanguage":"de","potentialAction":[{"@type":"ReadAction","target":["https:\/\/www.jazzzeitung.de\/cms\/2014\/12\/bundeskonferenz-jazz-betont-spielstaettenprogrammpreis-erfuellt-wichtige-kulturpolitische-aufgabe\/"]}]},{"@type":"ImageObject","inLanguage":"de","@id":"https:\/\/www.jazzzeitung.de\/cms\/2014\/12\/bundeskonferenz-jazz-betont-spielstaettenprogrammpreis-erfuellt-wichtige-kulturpolitische-aufgabe\/#primaryimage","url":"http:\/\/www.jazzzeitung.de\/cms\/wp-content\/uploads\/2014\/09\/logo_IM_viereck-150x150.jpg","contentUrl":"http:\/\/www.jazzzeitung.de\/cms\/wp-content\/uploads\/2014\/09\/logo_IM_viereck-150x150.jpg"},{"@type":"BreadcrumbList","@id":"https:\/\/www.jazzzeitung.de\/cms\/2014\/12\/bundeskonferenz-jazz-betont-spielstaettenprogrammpreis-erfuellt-wichtige-kulturpolitische-aufgabe\/#breadcrumb","itemListElement":[{"@type":"ListItem","position":1,"name":"Startseite","item":"https:\/\/www.jazzzeitung.de\/cms\/"},{"@type":"ListItem","position":2,"name":"Bundeskonferenz Jazz betont: Spielst\u00e4ttenprogrammpreis erf\u00fcllt wichtige kulturpolitische Aufgabe"}]},{"@type":"WebSite","@id":"https:\/\/www.jazzzeitung.de\/cms\/#website","url":"https:\/\/www.jazzzeitung.de\/cms\/","name":"JazzZeitung","description":"Jazz-News und Jazz-Kontroverses","publisher":{"@id":"https:\/\/www.jazzzeitung.de\/cms\/#organization"},"potentialAction":[{"@type":"SearchAction","target":{"@type":"EntryPoint","urlTemplate":"https:\/\/www.jazzzeitung.de\/cms\/?s={search_term_string}"},"query-input":{"@type":"PropertyValueSpecification","valueRequired":true,"valueName":"search_term_string"}}],"inLanguage":"de"},{"@type":"Organization","@id":"https:\/\/www.jazzzeitung.de\/cms\/#organization","name":"JazzZeitung online","url":"https:\/\/www.jazzzeitung.de\/cms\/","logo":{"@type":"ImageObject","inLanguage":"de","@id":"https:\/\/www.jazzzeitung.de\/cms\/#\/schema\/logo\/image\/","url":"https:\/\/i0.wp.com\/www.jazzzeitung.de\/cms\/wp-content\/uploads\/2015\/08\/JAZZZEITUNGDE_Logo_Neu.png?fit=499%2C200&ssl=1","contentUrl":"https:\/\/i0.wp.com\/www.jazzzeitung.de\/cms\/wp-content\/uploads\/2015\/08\/JAZZZEITUNGDE_Logo_Neu.png?fit=499%2C200&ssl=1","width":499,"height":200,"caption":"JazzZeitung online"},"image":{"@id":"https:\/\/www.jazzzeitung.de\/cms\/#\/schema\/logo\/image\/"},"sameAs":["https:\/\/www.facebook.com\/JazzZeitung\/"]},{"@type":"Person","@id":"https:\/\/www.jazzzeitung.de\/cms\/#\/schema\/person\/2245b36b9cd1d24cea10f01c031fb92b","name":"Redaktion JazzZeitung","image":{"@type":"ImageObject","inLanguage":"de","@id":"https:\/\/i0.wp.com\/www.jazzzeitung.de\/cms\/wp-content\/uploads\/2015\/08\/JAZZZEITUNGDE_Logo_Neu.png?resize=96%2C96&ssl=159975dcacb611b5700bd619b5daf0a7a","url":"https:\/\/i0.wp.com\/www.jazzzeitung.de\/cms\/wp-content\/uploads\/2015\/08\/JAZZZEITUNGDE_Logo_Neu.png?resize=96%2C96&ssl=1","contentUrl":"https:\/\/i0.wp.com\/www.jazzzeitung.de\/cms\/wp-content\/uploads\/2015\/08\/JAZZZEITUNGDE_Logo_Neu.png?resize=96%2C96&ssl=1","caption":"Redaktion JazzZeitung"},"description":"Artikel der Redaktion der JazzZeitung.","sameAs":["http:\/\/www.jazzzeitung.de\/cms\/"],"url":"https:\/\/www.jazzzeitung.de\/cms\/author\/redaktion\/"}]}},"wp-worthy-pixel":{"ignored":false,"public":null,"server":null,"url":null},"wp-worthy-type":"normal","jetpack_publicize_connections":[],"cc_featured_image_caption":{"caption_text":false,"source_text":false,"source_url":false},"jetpack_featured_media_url":"","jetpack_shortlink":"https:\/\/wp.me\/p3KEcT-1jj","jetpack-related-posts":[{"id":5084,"url":"https:\/\/www.jazzzeitung.de\/cms\/2014\/12\/bund-der-kurzsichtigen\/","url_meta":{"origin":5041,"position":0},"title":"Bund der Kurzsichtigen","author":"Huflaikhan","date":"8. Dezember 2014","format":false,"excerpt":"Wer Steuern zahlt, will, dass sein Geld nicht irgendwie zum Fenster hinausgeschmissen wird. Ein sogenannter Bund der Steuerzahler listet daher in seinem j\u00e4hrlichen Schwarzbuch auf, wo er zu glauben meint, dass das Geld wie ein Heizpilz auf den Malediven keinen Sinn ergibt: eben unsinnig ist. In diesem Jahr haben diese\u2026","rel":"","context":"In &quot;Blog&quot;","block_context":{"text":"Blog","link":"https:\/\/www.jazzzeitung.de\/cms\/thema\/blog\/"},"img":{"alt_text":"Der Apfel f\u00e4llt nicht weit vom Sponsor. Foto: Hufner","src":"https:\/\/i0.wp.com\/www.jazzzeitung.de\/cms\/wp-content\/uploads\/2014\/12\/apfel_c_hufner-150x150.jpg?resize=350%2C200","width":350,"height":200},"classes":[]},{"id":11186,"url":"https:\/\/www.jazzzeitung.de\/cms\/2016\/11\/bundestag-verdoppelt-preisgelder-fuer-den-spielstaettenprogrammpreis-applaus\/","url_meta":{"origin":5041,"position":1},"title":"Bundestag verdoppelt Preisgelder f\u00fcr den Spielst\u00e4ttenprogrammpreis APPLAUS","author":"Redaktion JazzZeitung","date":"23. November 2016","format":false,"excerpt":"Pressemeldung der BK Jazz: In einem Ma\u00dfnahmenpaket hat der Deutsche Bundestag in seiner heutigen Sitzung 8,2 Millionen Euro zus\u00e4tzliche F\u00f6rderung f\u00fcr Jazz, Rock und Pop beschlossen. Dabei werden auch die Preisgelder beim Spielst\u00e4ttenprogrammpreis APPLAUS im f\u00fcnften Jahr seines Bestehens auf 2 Mio. Euro verdoppelt. \u201eMit der Verdopplung der Preisgelder wird\u2026","rel":"","context":"In &quot;News&quot;","block_context":{"text":"News","link":"https:\/\/www.jazzzeitung.de\/cms\/thema\/nachrichten\/"},"img":{"alt_text":"Kulturlobbyisten und -macher. Foto: Hufner","src":"https:\/\/i0.wp.com\/www.jazzzeitung.de\/cms\/wp-content\/uploads\/2016\/11\/initiative_musik_team_c_hufner.jpg?fit=1200%2C815&ssl=1&resize=350%2C200","width":350,"height":200,"srcset":"https:\/\/i0.wp.com\/www.jazzzeitung.de\/cms\/wp-content\/uploads\/2016\/11\/initiative_musik_team_c_hufner.jpg?fit=1200%2C815&ssl=1&resize=350%2C200 1x, https:\/\/i0.wp.com\/www.jazzzeitung.de\/cms\/wp-content\/uploads\/2016\/11\/initiative_musik_team_c_hufner.jpg?fit=1200%2C815&ssl=1&resize=525%2C300 1.5x, https:\/\/i0.wp.com\/www.jazzzeitung.de\/cms\/wp-content\/uploads\/2016\/11\/initiative_musik_team_c_hufner.jpg?fit=1200%2C815&ssl=1&resize=700%2C400 2x, https:\/\/i0.wp.com\/www.jazzzeitung.de\/cms\/wp-content\/uploads\/2016\/11\/initiative_musik_team_c_hufner.jpg?fit=1200%2C815&ssl=1&resize=1050%2C600 3x"},"classes":[]},{"id":4192,"url":"https:\/\/www.jazzzeitung.de\/cms\/2014\/07\/bundeskonferenz-jazz-legt-bericht-zu-jazz-deutschland-vor\/","url_meta":{"origin":5041,"position":2},"title":"Bundeskonferenz Jazz legt Bericht zu Jazz in Deutschland vor","author":"Redaktion JazzZeitung","date":"4. Juli 2014","format":false,"excerpt":"In einem Treffen mit dem Vorsitzenden des Ausschusses f\u00fcr Kultur und Medien im Deutschen Bundestag, Siegmund Ehrmann, hat die Bundeskonferenz Jazz ihren \u201eBericht zur Situation des Jazz in Deutschland\u201c vorgelegt. Erstmalig war die Analyse 2004 auf Wunsch des Ausschusses erstellt worden. Die umfassend aktualisierte Ausgabe geht nun auf die Entwicklungen\u2026","rel":"","context":"In &quot;Redaktionelle Nachrichten&quot;","block_context":{"text":"Redaktionelle Nachrichten","link":"https:\/\/www.jazzzeitung.de\/cms\/thema\/redaktion\/"},"img":{"alt_text":"Microsoft Word - BK Jazz - Konzept Spielst\u00e4tten- und Programmpr","src":"https:\/\/i0.wp.com\/www.jazzzeitung.de\/cms\/wp-content\/uploads\/2014\/07\/logo_bkjazz_viereck-150x150.jpg?resize=350%2C200","width":350,"height":200},"classes":[]},{"id":16574,"url":"https:\/\/www.jazzzeitung.de\/cms\/2018\/07\/bundestag-beschliesst-zusaetzliche-gelder-zur-foerderung-von-pop-rock-und-jazz\/","url_meta":{"origin":5041,"position":3},"title":"Bundestag beschlie\u00dft zus\u00e4tzliche Gelder zur F\u00f6rderung von Pop, Rock und Jazz","author":"Redaktion JazzZeitung","date":"7. Juli 2018","format":false,"excerpt":"Der Haushaltsausschuss des Deutschen Bundestags hat in seiner\u00a0Bereinigungssitzung eine Aufstockung der Musikf\u00f6rderung beschlossen. Darin\u00a0enthalten sind zus\u00e4tzliche 4,15 Millionen Euro, die der Bund der Initiative Musik\u00a0f\u00fcr die Jahre 2018 und 2019 bereitstellt.\u00a0Kulturstaatsministerin Prof. Monika Gr\u00fctters: \u201eMit den zus\u00e4tzlichen Geldern\u00a0f\u00fcr die Initiative Musik wollen wir vor allem die vielen kleineren Clubs im\u00a0ganzen\u2026","rel":"","context":"In &quot;News&quot;","block_context":{"text":"News","link":"https:\/\/www.jazzzeitung.de\/cms\/thema\/nachrichten\/"},"img":{"alt_text":"","src":"https:\/\/i0.wp.com\/www.jazzzeitung.de\/cms\/wp-content\/uploads\/2018\/07\/MonikaGr%C3%BCtters_Christof-Rieken.jpg?fit=1200%2C799&ssl=1&resize=350%2C200","width":350,"height":200,"srcset":"https:\/\/i0.wp.com\/www.jazzzeitung.de\/cms\/wp-content\/uploads\/2018\/07\/MonikaGr%C3%BCtters_Christof-Rieken.jpg?fit=1200%2C799&ssl=1&resize=350%2C200 1x, https:\/\/i0.wp.com\/www.jazzzeitung.de\/cms\/wp-content\/uploads\/2018\/07\/MonikaGr%C3%BCtters_Christof-Rieken.jpg?fit=1200%2C799&ssl=1&resize=525%2C300 1.5x, https:\/\/i0.wp.com\/www.jazzzeitung.de\/cms\/wp-content\/uploads\/2018\/07\/MonikaGr%C3%BCtters_Christof-Rieken.jpg?fit=1200%2C799&ssl=1&resize=700%2C400 2x, https:\/\/i0.wp.com\/www.jazzzeitung.de\/cms\/wp-content\/uploads\/2018\/07\/MonikaGr%C3%BCtters_Christof-Rieken.jpg?fit=1200%2C799&ssl=1&resize=1050%2C600 3x"},"classes":[]},{"id":16031,"url":"https:\/\/www.jazzzeitung.de\/cms\/2018\/05\/news-musik-verbaende-kritisieren-reduzierung-des-etats-fuer-den-applaus-udj-sieht-echo-jazz-neuauflage-als-chance\/","url_meta":{"origin":5041,"position":4},"title":"+++News+++ Musik-Verb\u00e4nde kritisieren Reduzierung des Etats f\u00fcr den APPLAUS+++ UDJ sieht ECHO JAZZ-Neuauflage als Chance+++","author":"Redaktion JazzZeitung","date":"15. Mai 2018","format":false,"excerpt":"Musik-Verb\u00e4nde warnen vor Reduzierung des Etats f\u00fcr den Spielst\u00e4ttenprogrammpreis APPLAUS Anl\u00e4sslich des Starts der Antragsphase beim APPLAUS kritisieren die Bundeskonferenz Jazz und LiveKomm gemeinsam mit weiteren Partnern die drohende Halbierung des Budgets des Spielst\u00e4ttenprogrammpreises. Konnten im vergangenen Jahr noch 86 Clubs und Veranstaltungsreihen mit insgesamt 1,8 Millionen Euro werden, ist\u2026","rel":"","context":"In &quot;News&quot;","block_context":{"text":"News","link":"https:\/\/www.jazzzeitung.de\/cms\/thema\/nachrichten\/"},"img":{"alt_text":"","src":"https:\/\/i0.wp.com\/www.jazzzeitung.de\/cms\/wp-content\/uploads\/2018\/05\/Wuestenhagen_echojazz2013_56201_12718_5a09ab00b0.jpg?fit=1200%2C779&ssl=1&resize=350%2C200","width":350,"height":200,"srcset":"https:\/\/i0.wp.com\/www.jazzzeitung.de\/cms\/wp-content\/uploads\/2018\/05\/Wuestenhagen_echojazz2013_56201_12718_5a09ab00b0.jpg?fit=1200%2C779&ssl=1&resize=350%2C200 1x, https:\/\/i0.wp.com\/www.jazzzeitung.de\/cms\/wp-content\/uploads\/2018\/05\/Wuestenhagen_echojazz2013_56201_12718_5a09ab00b0.jpg?fit=1200%2C779&ssl=1&resize=525%2C300 1.5x, https:\/\/i0.wp.com\/www.jazzzeitung.de\/cms\/wp-content\/uploads\/2018\/05\/Wuestenhagen_echojazz2013_56201_12718_5a09ab00b0.jpg?fit=1200%2C779&ssl=1&resize=700%2C400 2x, https:\/\/i0.wp.com\/www.jazzzeitung.de\/cms\/wp-content\/uploads\/2018\/05\/Wuestenhagen_echojazz2013_56201_12718_5a09ab00b0.jpg?fit=1200%2C779&ssl=1&resize=1050%2C600 3x"},"classes":[]},{"id":9153,"url":"https:\/\/www.jazzzeitung.de\/cms\/2016\/05\/bundeskonferenz-jazz-waehlt-neue-sprecher-und-sieht-bedarf-bei-laendern-und-kommunen\/","url_meta":{"origin":5041,"position":5},"title":"Bundeskonferenz Jazz w\u00e4hlt neue Sprecher und diskutiert \u00fcber die Konsequenzen der UDJ-Jazzstudie 2016","author":"Redaktion JazzZeitung","date":"3. Mai 2016","format":false,"excerpt":"Bei ihrer Fr\u00fchjahrssitzung haben die Mitglieder der Bundeskonferenz Jazz (BK Jazz) Felix Falk, Wolfram Knauer und Melanie Rossmann zu ihren neuen Sprechern gew\u00e4hlt. Melanie Rossmann \u00fcbernimmt als Vertreterin der Bereiche Agenturen und K\u00fcnstlerf\u00f6rderung das Amt von Franziska Buhre, die nicht erneut angetreten war. Felix Falk, Saxophonist und stellvertretender Vorsitzender der\u2026","rel":"","context":"In &quot;News&quot;","block_context":{"text":"News","link":"https:\/\/www.jazzzeitung.de\/cms\/thema\/nachrichten\/"},"img":{"alt_text":"logo_bkjazz_w200","src":"https:\/\/i0.wp.com\/www.jazzzeitung.de\/cms\/wp-content\/uploads\/2016\/05\/logo_bkjazz_w200.jpg?resize=350%2C200","width":350,"height":200},"classes":[]}],"jetpack_sharing_enabled":true,"_links":{"self":[{"href":"https:\/\/www.jazzzeitung.de\/cms\/wp-json\/wp\/v2\/posts\/5041","targetHints":{"allow":["GET"]}}],"collection":[{"href":"https:\/\/www.jazzzeitung.de\/cms\/wp-json\/wp\/v2\/posts"}],"about":[{"href":"https:\/\/www.jazzzeitung.de\/cms\/wp-json\/wp\/v2\/types\/post"}],"author":[{"embeddable":true,"href":"https:\/\/www.jazzzeitung.de\/cms\/wp-json\/wp\/v2\/users\/18"}],"replies":[{"embeddable":true,"href":"https:\/\/www.jazzzeitung.de\/cms\/wp-json\/wp\/v2\/comments?post=5041"}],"version-history":[{"count":2,"href":"https:\/\/www.jazzzeitung.de\/cms\/wp-json\/wp\/v2\/posts\/5041\/revisions"}],"predecessor-version":[{"id":5043,"href":"https:\/\/www.jazzzeitung.de\/cms\/wp-json\/wp\/v2\/posts\/5041\/revisions\/5043"}],"wp:attachment":[{"href":"https:\/\/www.jazzzeitung.de\/cms\/wp-json\/wp\/v2\/media?parent=5041"}],"wp:term":[{"taxonomy":"category","embeddable":true,"href":"https:\/\/www.jazzzeitung.de\/cms\/wp-json\/wp\/v2\/categories?post=5041"},{"taxonomy":"post_tag","embeddable":true,"href":"https:\/\/www.jazzzeitung.de\/cms\/wp-json\/wp\/v2\/tags?post=5041"},{"taxonomy":"author","embeddable":true,"href":"https:\/\/www.jazzzeitung.de\/cms\/wp-json\/wp\/v2\/coauthors?post=5041"}],"curies":[{"name":"wp","href":"https:\/\/api.w.org\/{rel}","templated":true}]}}