{"id":4969,"date":"2014-11-24T10:25:19","date_gmt":"2014-11-24T09:25:19","guid":{"rendered":"http:\/\/www.jazzzeitung.de\/cms\/?p=4969"},"modified":"2014-11-24T10:25:19","modified_gmt":"2014-11-24T09:25:19","slug":"kurzbericht-medeski-scofield-martin-wood-14-11-2104-im-audi-forum-ingolstadt","status":"publish","type":"post","link":"https:\/\/www.jazzzeitung.de\/cms\/2014\/11\/kurzbericht-medeski-scofield-martin-wood-14-11-2104-im-audi-forum-ingolstadt\/","title":{"rendered":"Kurzbericht: Medeski, Scofield, Martin &#038; Wood am 14.11.2104 im Audi Forum Ingolstadt"},"content":{"rendered":"<p><a href=\"https:\/\/i0.wp.com\/www.jazzzeitung.de\/cms\/wp-content\/uploads\/2014\/11\/medeski.jpg\"><img data-recalc-dims=\"1\" loading=\"lazy\" decoding=\"async\" data-attachment-id=\"4970\" data-permalink=\"https:\/\/www.jazzzeitung.de\/cms\/2014\/11\/kurzbericht-medeski-scofield-martin-wood-14-11-2104-im-audi-forum-ingolstadt\/medeski\/\" data-orig-file=\"https:\/\/i0.wp.com\/www.jazzzeitung.de\/cms\/wp-content\/uploads\/2014\/11\/medeski.jpg?fit=230%2C225&amp;ssl=1\" data-orig-size=\"230,225\" data-comments-opened=\"1\" data-image-meta=\"{&quot;aperture&quot;:&quot;0&quot;,&quot;credit&quot;:&quot;&quot;,&quot;camera&quot;:&quot;&quot;,&quot;caption&quot;:&quot;&quot;,&quot;created_timestamp&quot;:&quot;0&quot;,&quot;copyright&quot;:&quot;&quot;,&quot;focal_length&quot;:&quot;0&quot;,&quot;iso&quot;:&quot;0&quot;,&quot;shutter_speed&quot;:&quot;0&quot;,&quot;title&quot;:&quot;&quot;,&quot;orientation&quot;:&quot;1&quot;}\" data-image-title=\"medeski\" data-image-description=\"\" data-image-caption=\"\" data-large-file=\"https:\/\/i0.wp.com\/www.jazzzeitung.de\/cms\/wp-content\/uploads\/2014\/11\/medeski.jpg?fit=230%2C225&amp;ssl=1\" class=\"alignright size-thumbnail wp-image-4970\" src=\"https:\/\/i0.wp.com\/www.jazzzeitung.de\/cms\/wp-content\/uploads\/2014\/11\/medeski-150x150.jpg?resize=150%2C150\" alt=\"medeski\" width=\"150\" height=\"150\" srcset=\"https:\/\/i0.wp.com\/www.jazzzeitung.de\/cms\/wp-content\/uploads\/2014\/11\/medeski.jpg?resize=150%2C150&amp;ssl=1 150w, https:\/\/i0.wp.com\/www.jazzzeitung.de\/cms\/wp-content\/uploads\/2014\/11\/medeski.jpg?resize=144%2C144&amp;ssl=1 144w, https:\/\/i0.wp.com\/www.jazzzeitung.de\/cms\/wp-content\/uploads\/2014\/11\/medeski.jpg?resize=96%2C96&amp;ssl=1 96w, https:\/\/i0.wp.com\/www.jazzzeitung.de\/cms\/wp-content\/uploads\/2014\/11\/medeski.jpg?resize=24%2C24&amp;ssl=1 24w, https:\/\/i0.wp.com\/www.jazzzeitung.de\/cms\/wp-content\/uploads\/2014\/11\/medeski.jpg?resize=36%2C36&amp;ssl=1 36w, https:\/\/i0.wp.com\/www.jazzzeitung.de\/cms\/wp-content\/uploads\/2014\/11\/medeski.jpg?resize=48%2C48&amp;ssl=1 48w, https:\/\/i0.wp.com\/www.jazzzeitung.de\/cms\/wp-content\/uploads\/2014\/11\/medeski.jpg?resize=64%2C64&amp;ssl=1 64w, https:\/\/i0.wp.com\/www.jazzzeitung.de\/cms\/wp-content\/uploads\/2014\/11\/medeski.jpg?resize=32%2C32&amp;ssl=1 32w, https:\/\/i0.wp.com\/www.jazzzeitung.de\/cms\/wp-content\/uploads\/2014\/11\/medeski.jpg?resize=128%2C128&amp;ssl=1 128w\" sizes=\"auto, (max-width: 150px) 100vw, 150px\" \/><\/a>Von Tobias B\u00f6cker &#8211;\u00a0 Jetzt aber! Erst mal ein bisschen Dampf ablassen, den Reisestaub aus den Kleidern sch\u00fctteln, Noises \u2013 mal sehen! Kryptisch in den ersten 20, 30 Takten, so solche denn \u00fcberhaupt zu erkennen sind. Dann aber pl\u00f6tzlich dieser Country-m\u00e4\u00dfige Groove, Amerika pur. Musik, in der sich Swing, Rock, Blues, Soul, auch mal Reggae und vor allem Jazz aufs trefflichste begegnen, unwiderstehlich, treibend, brodelnd, in permanenter action, \u201eSham Time\u201c!\u00a0\u00a0 Medeski, Martin &amp; Wood waren zu Gast im Audi Forum Ingolstadt, das innovativste Trio der 90er, Kreativwerkstatt zwischen Jazz, Pop, Funk und Fusion mit John Scofield, dem eigenwilligen Gitarristen auf \u00e4hnlichem Grat, Mitspieler noch bei Miles Davis, Querdenker auf sechs Saiten mit unverwechselbar individuellem Sound.\u00a0\u00a0 Seit 1998 und dem gemeinsamen Album \u201eA Go Go\u201c w\u00e4hrt die Freundschaft der Vier. Der packende, spannende, gut zug\u00e4ngliche, groovige Jazzfunk auch ihres aktuellen, Afrika inspirierten Albums \u201eJuice\u201c ist zugleich vielschichtig und nachvollziehbar. Der Drive der Musik spricht f\u00fcr sich, tight und kompakt mit faszinierendem Spielraum f\u00fcr alle Beteiligten und deren Soli, optimale Balance aus Konzept und Spontaneit\u00e4t, Freiheit und Bindung, fluidem Spirit der Band und rockigem Cry der Gitarre.\u00a0\u00a0\u00a0 Locker wie in \u201eJuicy Lucy\u201c, kantig wie in \u201eStovetop\u201c, energiegeladen wie in einer grandiosen Version des Doors-Hits \u201eLight My Fire\u201c oder poetisch wie in Bob Dylans \u201eThe Times They Are A-Changing\u201c vermengen sich ganz unterschiedliche stilistische Elemente, wenn Chris Woods E-Bass loslegt, untermalt von Billy Martins locker groovendem Schlagzeug und angereichert von John Medeskis phantasievollem Piano. Dazu John Scofields unwiderstehliche, v\u00f6llig unberechenbare Gitarre, die sich nicht nur in dem entspannt zur\u00fcckgelehnten Cream Klassiker \u201eSunshine of Your Love\u201c so herrlich an Medeskis Orgel reiben kann.<\/p>\n","protected":false},"excerpt":{"rendered":"<p>Von Tobias B\u00f6cker &#8211;\u00a0 Jetzt aber! Erst mal ein bisschen Dampf ablassen, den Reisestaub aus den Kleidern sch\u00fctteln, Noises \u2013 mal sehen! Kryptisch in den ersten 20, 30 Takten, so solche denn \u00fcberhaupt zu erkennen sind. Dann aber pl\u00f6tzlich dieser Country-m\u00e4\u00dfige Groove, Amerika pur. Musik, in der sich Swing, Rock, Blues, Soul, auch mal Reggae und vor allem Jazz aufs trefflichste begegnen, unwiderstehlich, treibend, brodelnd, in permanenter action, \u201eSham Time\u201c!\u00a0\u00a0 Medeski, Martin &amp; Wood waren zu Gast im Audi Forum Ingolstadt, das innovativste Trio der 90er, Kreativwerkstatt zwischen Jazz, Pop, Funk und Fusion mit John Scofield, dem eigenwilligen Gitarristen auf \u00e4hnlichem Grat, Mitspieler noch bei Miles Davis, Querdenker auf sechs Saiten mit unverwechselbar individuellem Sound.\u00a0\u00a0 Seit 1998 und dem gemeinsamen Album \u201eA Go Go\u201c w\u00e4hrt die Freundschaft der Vier. Der packende, spannende, gut zug\u00e4ngliche, groovige Jazzfunk auch ihres aktuellen, Afrika inspirierten Albums \u201eJuice\u201c ist zugleich vielschichtig und nachvollziehbar. Der Drive der Musik spricht f\u00fcr sich, tight und kompakt mit faszinierendem Spielraum f\u00fcr alle Beteiligten und deren Soli, optimale Balance aus Konzept und Spontaneit\u00e4t, Freiheit und Bindung, fluidem Spirit der Band und rockigem Cry der Gitarre.\u00a0\u00a0\u00a0 &hellip;<\/p>\n","protected":false},"author":18,"featured_media":0,"comment_status":"open","ping_status":"closed","sticky":false,"template":"","format":"standard","meta":{"_jetpack_memberships_contains_paid_content":false,"footnotes":"","jetpack_publicize_message":"","jetpack_publicize_feature_enabled":true,"jetpack_social_post_already_shared":false,"jetpack_social_options":{"image_generator_settings":{"template":"highway","default_image_id":0,"font":"","enabled":false},"version":2}},"categories":[1053],"tags":[34,1056,1132,1134,1133,1135],"coauthors":[695],"class_list":["post-4969","post","type-post","status-publish","format-standard","hentry","category-bericht","tag-album","tag-audi-forum-ingolstadt","tag-medeski","tag-mertin-wood","tag-scofield","tag-tobias-boecker"],"yoast_head":"<!-- This site is optimized with the Yoast SEO plugin v27.5 - https:\/\/yoast.com\/product\/yoast-seo-wordpress\/ -->\n<title>Kurzbericht: Medeski, Scofield, Martin &amp; Wood am 14.11.2104 im Audi Forum Ingolstadt  - JazzZeitung<\/title>\n<meta name=\"robots\" content=\"index, follow, max-snippet:-1, max-image-preview:large, max-video-preview:-1\" \/>\n<link rel=\"canonical\" href=\"https:\/\/www.jazzzeitung.de\/cms\/2014\/11\/kurzbericht-medeski-scofield-martin-wood-14-11-2104-im-audi-forum-ingolstadt\/\" \/>\n<meta property=\"og:locale\" content=\"de_DE\" \/>\n<meta property=\"og:type\" content=\"article\" \/>\n<meta property=\"og:title\" content=\"Kurzbericht: Medeski, Scofield, Martin &amp; Wood am 14.11.2104 im Audi Forum Ingolstadt  - JazzZeitung\" \/>\n<meta property=\"og:description\" content=\"Von Tobias B\u00f6cker &#8211;\u00a0 Jetzt aber! Erst mal ein bisschen Dampf ablassen, den Reisestaub aus den Kleidern sch\u00fctteln, Noises \u2013 mal sehen! Kryptisch in den ersten 20, 30 Takten, so solche denn \u00fcberhaupt zu erkennen sind. Dann aber pl\u00f6tzlich dieser Country-m\u00e4\u00dfige Groove, Amerika pur. Musik, in der sich Swing, Rock, Blues, Soul, auch mal Reggae und vor allem Jazz aufs trefflichste begegnen, unwiderstehlich, treibend, brodelnd, in permanenter action, \u201eSham Time\u201c!\u00a0\u00a0 Medeski, Martin &amp; Wood waren zu Gast im Audi Forum Ingolstadt, das innovativste Trio der 90er, Kreativwerkstatt zwischen Jazz, Pop, Funk und Fusion mit John Scofield, dem eigenwilligen Gitarristen auf \u00e4hnlichem Grat, Mitspieler noch bei Miles Davis, Querdenker auf sechs Saiten mit unverwechselbar individuellem Sound.\u00a0\u00a0 Seit 1998 und dem gemeinsamen Album \u201eA Go Go\u201c w\u00e4hrt die Freundschaft der Vier. Der packende, spannende, gut zug\u00e4ngliche, groovige Jazzfunk auch ihres aktuellen, Afrika inspirierten Albums \u201eJuice\u201c ist zugleich vielschichtig und nachvollziehbar. Der Drive der Musik spricht f\u00fcr sich, tight und kompakt mit faszinierendem Spielraum f\u00fcr alle Beteiligten und deren Soli, optimale Balance aus Konzept und Spontaneit\u00e4t, Freiheit und Bindung, fluidem Spirit der Band und rockigem Cry der Gitarre.\u00a0\u00a0\u00a0 &hellip;\" \/>\n<meta property=\"og:url\" content=\"https:\/\/www.jazzzeitung.de\/cms\/2014\/11\/kurzbericht-medeski-scofield-martin-wood-14-11-2104-im-audi-forum-ingolstadt\/\" \/>\n<meta property=\"og:site_name\" content=\"JazzZeitung\" \/>\n<meta property=\"article:publisher\" content=\"https:\/\/www.facebook.com\/JazzZeitung\/\" \/>\n<meta property=\"article:published_time\" content=\"2014-11-24T09:25:19+00:00\" \/>\n<meta property=\"og:image\" content=\"http:\/\/www.jazzzeitung.de\/cms\/wp-content\/uploads\/2014\/11\/medeski-150x150.jpg\" \/>\n<meta name=\"author\" content=\"Redaktion JazzZeitung\" \/>\n<script type=\"application\/ld+json\" class=\"yoast-schema-graph\">{\"@context\":\"https:\\\/\\\/schema.org\",\"@graph\":[{\"@type\":\"Article\",\"@id\":\"https:\\\/\\\/www.jazzzeitung.de\\\/cms\\\/2014\\\/11\\\/kurzbericht-medeski-scofield-martin-wood-14-11-2104-im-audi-forum-ingolstadt\\\/#article\",\"isPartOf\":{\"@id\":\"https:\\\/\\\/www.jazzzeitung.de\\\/cms\\\/2014\\\/11\\\/kurzbericht-medeski-scofield-martin-wood-14-11-2104-im-audi-forum-ingolstadt\\\/\"},\"author\":{\"name\":\"Redaktion JazzZeitung\",\"@id\":\"https:\\\/\\\/www.jazzzeitung.de\\\/cms\\\/#\\\/schema\\\/person\\\/2245b36b9cd1d24cea10f01c031fb92b\"},\"headline\":\"Kurzbericht: Medeski, Scofield, Martin &#038; Wood am 14.11.2104 im Audi Forum Ingolstadt\",\"datePublished\":\"2014-11-24T09:25:19+00:00\",\"mainEntityOfPage\":{\"@id\":\"https:\\\/\\\/www.jazzzeitung.de\\\/cms\\\/2014\\\/11\\\/kurzbericht-medeski-scofield-martin-wood-14-11-2104-im-audi-forum-ingolstadt\\\/\"},\"wordCount\":286,\"commentCount\":0,\"publisher\":{\"@id\":\"https:\\\/\\\/www.jazzzeitung.de\\\/cms\\\/#organization\"},\"image\":{\"@id\":\"https:\\\/\\\/www.jazzzeitung.de\\\/cms\\\/2014\\\/11\\\/kurzbericht-medeski-scofield-martin-wood-14-11-2104-im-audi-forum-ingolstadt\\\/#primaryimage\"},\"thumbnailUrl\":\"http:\\\/\\\/www.jazzzeitung.de\\\/cms\\\/wp-content\\\/uploads\\\/2014\\\/11\\\/medeski-150x150.jpg\",\"keywords\":[\"Album\",\"Audi Forum Ingolstadt\",\"Medeski\",\"Mertin &amp; Wood\",\"Scofield\",\"Tobias B\u00f6cker\"],\"articleSection\":[\"Bericht\"],\"inLanguage\":\"de\",\"potentialAction\":[{\"@type\":\"CommentAction\",\"name\":\"Comment\",\"target\":[\"https:\\\/\\\/www.jazzzeitung.de\\\/cms\\\/2014\\\/11\\\/kurzbericht-medeski-scofield-martin-wood-14-11-2104-im-audi-forum-ingolstadt\\\/#respond\"]}]},{\"@type\":\"WebPage\",\"@id\":\"https:\\\/\\\/www.jazzzeitung.de\\\/cms\\\/2014\\\/11\\\/kurzbericht-medeski-scofield-martin-wood-14-11-2104-im-audi-forum-ingolstadt\\\/\",\"url\":\"https:\\\/\\\/www.jazzzeitung.de\\\/cms\\\/2014\\\/11\\\/kurzbericht-medeski-scofield-martin-wood-14-11-2104-im-audi-forum-ingolstadt\\\/\",\"name\":\"Kurzbericht: Medeski, Scofield, Martin & Wood am 14.11.2104 im Audi Forum Ingolstadt - JazzZeitung\",\"isPartOf\":{\"@id\":\"https:\\\/\\\/www.jazzzeitung.de\\\/cms\\\/#website\"},\"primaryImageOfPage\":{\"@id\":\"https:\\\/\\\/www.jazzzeitung.de\\\/cms\\\/2014\\\/11\\\/kurzbericht-medeski-scofield-martin-wood-14-11-2104-im-audi-forum-ingolstadt\\\/#primaryimage\"},\"image\":{\"@id\":\"https:\\\/\\\/www.jazzzeitung.de\\\/cms\\\/2014\\\/11\\\/kurzbericht-medeski-scofield-martin-wood-14-11-2104-im-audi-forum-ingolstadt\\\/#primaryimage\"},\"thumbnailUrl\":\"http:\\\/\\\/www.jazzzeitung.de\\\/cms\\\/wp-content\\\/uploads\\\/2014\\\/11\\\/medeski-150x150.jpg\",\"datePublished\":\"2014-11-24T09:25:19+00:00\",\"breadcrumb\":{\"@id\":\"https:\\\/\\\/www.jazzzeitung.de\\\/cms\\\/2014\\\/11\\\/kurzbericht-medeski-scofield-martin-wood-14-11-2104-im-audi-forum-ingolstadt\\\/#breadcrumb\"},\"inLanguage\":\"de\",\"potentialAction\":[{\"@type\":\"ReadAction\",\"target\":[\"https:\\\/\\\/www.jazzzeitung.de\\\/cms\\\/2014\\\/11\\\/kurzbericht-medeski-scofield-martin-wood-14-11-2104-im-audi-forum-ingolstadt\\\/\"]}]},{\"@type\":\"ImageObject\",\"inLanguage\":\"de\",\"@id\":\"https:\\\/\\\/www.jazzzeitung.de\\\/cms\\\/2014\\\/11\\\/kurzbericht-medeski-scofield-martin-wood-14-11-2104-im-audi-forum-ingolstadt\\\/#primaryimage\",\"url\":\"http:\\\/\\\/www.jazzzeitung.de\\\/cms\\\/wp-content\\\/uploads\\\/2014\\\/11\\\/medeski-150x150.jpg\",\"contentUrl\":\"http:\\\/\\\/www.jazzzeitung.de\\\/cms\\\/wp-content\\\/uploads\\\/2014\\\/11\\\/medeski-150x150.jpg\"},{\"@type\":\"BreadcrumbList\",\"@id\":\"https:\\\/\\\/www.jazzzeitung.de\\\/cms\\\/2014\\\/11\\\/kurzbericht-medeski-scofield-martin-wood-14-11-2104-im-audi-forum-ingolstadt\\\/#breadcrumb\",\"itemListElement\":[{\"@type\":\"ListItem\",\"position\":1,\"name\":\"Startseite\",\"item\":\"https:\\\/\\\/www.jazzzeitung.de\\\/cms\\\/\"},{\"@type\":\"ListItem\",\"position\":2,\"name\":\"Kurzbericht: Medeski, Scofield, Martin &#038; Wood am 14.11.2104 im Audi Forum Ingolstadt\"}]},{\"@type\":\"WebSite\",\"@id\":\"https:\\\/\\\/www.jazzzeitung.de\\\/cms\\\/#website\",\"url\":\"https:\\\/\\\/www.jazzzeitung.de\\\/cms\\\/\",\"name\":\"JazzZeitung\",\"description\":\"Jazz-News und Jazz-Kontroverses\",\"publisher\":{\"@id\":\"https:\\\/\\\/www.jazzzeitung.de\\\/cms\\\/#organization\"},\"potentialAction\":[{\"@type\":\"SearchAction\",\"target\":{\"@type\":\"EntryPoint\",\"urlTemplate\":\"https:\\\/\\\/www.jazzzeitung.de\\\/cms\\\/?s={search_term_string}\"},\"query-input\":{\"@type\":\"PropertyValueSpecification\",\"valueRequired\":true,\"valueName\":\"search_term_string\"}}],\"inLanguage\":\"de\"},{\"@type\":\"Organization\",\"@id\":\"https:\\\/\\\/www.jazzzeitung.de\\\/cms\\\/#organization\",\"name\":\"JazzZeitung online\",\"url\":\"https:\\\/\\\/www.jazzzeitung.de\\\/cms\\\/\",\"logo\":{\"@type\":\"ImageObject\",\"inLanguage\":\"de\",\"@id\":\"https:\\\/\\\/www.jazzzeitung.de\\\/cms\\\/#\\\/schema\\\/logo\\\/image\\\/\",\"url\":\"https:\\\/\\\/i0.wp.com\\\/www.jazzzeitung.de\\\/cms\\\/wp-content\\\/uploads\\\/2015\\\/08\\\/JAZZZEITUNGDE_Logo_Neu.png?fit=499%2C200&ssl=1\",\"contentUrl\":\"https:\\\/\\\/i0.wp.com\\\/www.jazzzeitung.de\\\/cms\\\/wp-content\\\/uploads\\\/2015\\\/08\\\/JAZZZEITUNGDE_Logo_Neu.png?fit=499%2C200&ssl=1\",\"width\":499,\"height\":200,\"caption\":\"JazzZeitung online\"},\"image\":{\"@id\":\"https:\\\/\\\/www.jazzzeitung.de\\\/cms\\\/#\\\/schema\\\/logo\\\/image\\\/\"},\"sameAs\":[\"https:\\\/\\\/www.facebook.com\\\/JazzZeitung\\\/\"]},{\"@type\":\"Person\",\"@id\":\"https:\\\/\\\/www.jazzzeitung.de\\\/cms\\\/#\\\/schema\\\/person\\\/2245b36b9cd1d24cea10f01c031fb92b\",\"name\":\"Redaktion JazzZeitung\",\"image\":{\"@type\":\"ImageObject\",\"inLanguage\":\"de\",\"@id\":\"https:\\\/\\\/i0.wp.com\\\/www.jazzzeitung.de\\\/cms\\\/wp-content\\\/uploads\\\/2015\\\/08\\\/JAZZZEITUNGDE_Logo_Neu.png?resize=96%2C96&ssl=159975dcacb611b5700bd619b5daf0a7a\",\"url\":\"https:\\\/\\\/i0.wp.com\\\/www.jazzzeitung.de\\\/cms\\\/wp-content\\\/uploads\\\/2015\\\/08\\\/JAZZZEITUNGDE_Logo_Neu.png?resize=96%2C96&ssl=1\",\"contentUrl\":\"https:\\\/\\\/i0.wp.com\\\/www.jazzzeitung.de\\\/cms\\\/wp-content\\\/uploads\\\/2015\\\/08\\\/JAZZZEITUNGDE_Logo_Neu.png?resize=96%2C96&ssl=1\",\"caption\":\"Redaktion JazzZeitung\"},\"description\":\"Artikel der Redaktion der JazzZeitung.\",\"sameAs\":[\"http:\\\/\\\/www.jazzzeitung.de\\\/cms\\\/\"],\"url\":\"https:\\\/\\\/www.jazzzeitung.de\\\/cms\\\/author\\\/redaktion\\\/\"}]}<\/script>\n<!-- \/ Yoast SEO plugin. -->","yoast_head_json":{"title":"Kurzbericht: Medeski, Scofield, Martin & Wood am 14.11.2104 im Audi Forum Ingolstadt  - JazzZeitung","robots":{"index":"index","follow":"follow","max-snippet":"max-snippet:-1","max-image-preview":"max-image-preview:large","max-video-preview":"max-video-preview:-1"},"canonical":"https:\/\/www.jazzzeitung.de\/cms\/2014\/11\/kurzbericht-medeski-scofield-martin-wood-14-11-2104-im-audi-forum-ingolstadt\/","og_locale":"de_DE","og_type":"article","og_title":"Kurzbericht: Medeski, Scofield, Martin & Wood am 14.11.2104 im Audi Forum Ingolstadt  - JazzZeitung","og_description":"Von Tobias B\u00f6cker &#8211;\u00a0 Jetzt aber! Erst mal ein bisschen Dampf ablassen, den Reisestaub aus den Kleidern sch\u00fctteln, Noises \u2013 mal sehen! Kryptisch in den ersten 20, 30 Takten, so solche denn \u00fcberhaupt zu erkennen sind. Dann aber pl\u00f6tzlich dieser Country-m\u00e4\u00dfige Groove, Amerika pur. Musik, in der sich Swing, Rock, Blues, Soul, auch mal Reggae und vor allem Jazz aufs trefflichste begegnen, unwiderstehlich, treibend, brodelnd, in permanenter action, \u201eSham Time\u201c!\u00a0\u00a0 Medeski, Martin &amp; Wood waren zu Gast im Audi Forum Ingolstadt, das innovativste Trio der 90er, Kreativwerkstatt zwischen Jazz, Pop, Funk und Fusion mit John Scofield, dem eigenwilligen Gitarristen auf \u00e4hnlichem Grat, Mitspieler noch bei Miles Davis, Querdenker auf sechs Saiten mit unverwechselbar individuellem Sound.\u00a0\u00a0 Seit 1998 und dem gemeinsamen Album \u201eA Go Go\u201c w\u00e4hrt die Freundschaft der Vier. Der packende, spannende, gut zug\u00e4ngliche, groovige Jazzfunk auch ihres aktuellen, Afrika inspirierten Albums \u201eJuice\u201c ist zugleich vielschichtig und nachvollziehbar. Der Drive der Musik spricht f\u00fcr sich, tight und kompakt mit faszinierendem Spielraum f\u00fcr alle Beteiligten und deren Soli, optimale Balance aus Konzept und Spontaneit\u00e4t, Freiheit und Bindung, fluidem Spirit der Band und rockigem Cry der Gitarre.\u00a0\u00a0\u00a0 &hellip;","og_url":"https:\/\/www.jazzzeitung.de\/cms\/2014\/11\/kurzbericht-medeski-scofield-martin-wood-14-11-2104-im-audi-forum-ingolstadt\/","og_site_name":"JazzZeitung","article_publisher":"https:\/\/www.facebook.com\/JazzZeitung\/","article_published_time":"2014-11-24T09:25:19+00:00","og_image":[{"url":"http:\/\/www.jazzzeitung.de\/cms\/wp-content\/uploads\/2014\/11\/medeski-150x150.jpg","type":"","width":"","height":""}],"author":"Redaktion JazzZeitung","schema":{"@context":"https:\/\/schema.org","@graph":[{"@type":"Article","@id":"https:\/\/www.jazzzeitung.de\/cms\/2014\/11\/kurzbericht-medeski-scofield-martin-wood-14-11-2104-im-audi-forum-ingolstadt\/#article","isPartOf":{"@id":"https:\/\/www.jazzzeitung.de\/cms\/2014\/11\/kurzbericht-medeski-scofield-martin-wood-14-11-2104-im-audi-forum-ingolstadt\/"},"author":{"name":"Redaktion JazzZeitung","@id":"https:\/\/www.jazzzeitung.de\/cms\/#\/schema\/person\/2245b36b9cd1d24cea10f01c031fb92b"},"headline":"Kurzbericht: Medeski, Scofield, Martin &#038; Wood am 14.11.2104 im Audi Forum Ingolstadt","datePublished":"2014-11-24T09:25:19+00:00","mainEntityOfPage":{"@id":"https:\/\/www.jazzzeitung.de\/cms\/2014\/11\/kurzbericht-medeski-scofield-martin-wood-14-11-2104-im-audi-forum-ingolstadt\/"},"wordCount":286,"commentCount":0,"publisher":{"@id":"https:\/\/www.jazzzeitung.de\/cms\/#organization"},"image":{"@id":"https:\/\/www.jazzzeitung.de\/cms\/2014\/11\/kurzbericht-medeski-scofield-martin-wood-14-11-2104-im-audi-forum-ingolstadt\/#primaryimage"},"thumbnailUrl":"http:\/\/www.jazzzeitung.de\/cms\/wp-content\/uploads\/2014\/11\/medeski-150x150.jpg","keywords":["Album","Audi Forum Ingolstadt","Medeski","Mertin &amp; Wood","Scofield","Tobias B\u00f6cker"],"articleSection":["Bericht"],"inLanguage":"de","potentialAction":[{"@type":"CommentAction","name":"Comment","target":["https:\/\/www.jazzzeitung.de\/cms\/2014\/11\/kurzbericht-medeski-scofield-martin-wood-14-11-2104-im-audi-forum-ingolstadt\/#respond"]}]},{"@type":"WebPage","@id":"https:\/\/www.jazzzeitung.de\/cms\/2014\/11\/kurzbericht-medeski-scofield-martin-wood-14-11-2104-im-audi-forum-ingolstadt\/","url":"https:\/\/www.jazzzeitung.de\/cms\/2014\/11\/kurzbericht-medeski-scofield-martin-wood-14-11-2104-im-audi-forum-ingolstadt\/","name":"Kurzbericht: Medeski, Scofield, Martin & Wood am 14.11.2104 im Audi Forum Ingolstadt - JazzZeitung","isPartOf":{"@id":"https:\/\/www.jazzzeitung.de\/cms\/#website"},"primaryImageOfPage":{"@id":"https:\/\/www.jazzzeitung.de\/cms\/2014\/11\/kurzbericht-medeski-scofield-martin-wood-14-11-2104-im-audi-forum-ingolstadt\/#primaryimage"},"image":{"@id":"https:\/\/www.jazzzeitung.de\/cms\/2014\/11\/kurzbericht-medeski-scofield-martin-wood-14-11-2104-im-audi-forum-ingolstadt\/#primaryimage"},"thumbnailUrl":"http:\/\/www.jazzzeitung.de\/cms\/wp-content\/uploads\/2014\/11\/medeski-150x150.jpg","datePublished":"2014-11-24T09:25:19+00:00","breadcrumb":{"@id":"https:\/\/www.jazzzeitung.de\/cms\/2014\/11\/kurzbericht-medeski-scofield-martin-wood-14-11-2104-im-audi-forum-ingolstadt\/#breadcrumb"},"inLanguage":"de","potentialAction":[{"@type":"ReadAction","target":["https:\/\/www.jazzzeitung.de\/cms\/2014\/11\/kurzbericht-medeski-scofield-martin-wood-14-11-2104-im-audi-forum-ingolstadt\/"]}]},{"@type":"ImageObject","inLanguage":"de","@id":"https:\/\/www.jazzzeitung.de\/cms\/2014\/11\/kurzbericht-medeski-scofield-martin-wood-14-11-2104-im-audi-forum-ingolstadt\/#primaryimage","url":"http:\/\/www.jazzzeitung.de\/cms\/wp-content\/uploads\/2014\/11\/medeski-150x150.jpg","contentUrl":"http:\/\/www.jazzzeitung.de\/cms\/wp-content\/uploads\/2014\/11\/medeski-150x150.jpg"},{"@type":"BreadcrumbList","@id":"https:\/\/www.jazzzeitung.de\/cms\/2014\/11\/kurzbericht-medeski-scofield-martin-wood-14-11-2104-im-audi-forum-ingolstadt\/#breadcrumb","itemListElement":[{"@type":"ListItem","position":1,"name":"Startseite","item":"https:\/\/www.jazzzeitung.de\/cms\/"},{"@type":"ListItem","position":2,"name":"Kurzbericht: Medeski, Scofield, Martin &#038; Wood am 14.11.2104 im Audi Forum Ingolstadt"}]},{"@type":"WebSite","@id":"https:\/\/www.jazzzeitung.de\/cms\/#website","url":"https:\/\/www.jazzzeitung.de\/cms\/","name":"JazzZeitung","description":"Jazz-News und Jazz-Kontroverses","publisher":{"@id":"https:\/\/www.jazzzeitung.de\/cms\/#organization"},"potentialAction":[{"@type":"SearchAction","target":{"@type":"EntryPoint","urlTemplate":"https:\/\/www.jazzzeitung.de\/cms\/?s={search_term_string}"},"query-input":{"@type":"PropertyValueSpecification","valueRequired":true,"valueName":"search_term_string"}}],"inLanguage":"de"},{"@type":"Organization","@id":"https:\/\/www.jazzzeitung.de\/cms\/#organization","name":"JazzZeitung online","url":"https:\/\/www.jazzzeitung.de\/cms\/","logo":{"@type":"ImageObject","inLanguage":"de","@id":"https:\/\/www.jazzzeitung.de\/cms\/#\/schema\/logo\/image\/","url":"https:\/\/i0.wp.com\/www.jazzzeitung.de\/cms\/wp-content\/uploads\/2015\/08\/JAZZZEITUNGDE_Logo_Neu.png?fit=499%2C200&ssl=1","contentUrl":"https:\/\/i0.wp.com\/www.jazzzeitung.de\/cms\/wp-content\/uploads\/2015\/08\/JAZZZEITUNGDE_Logo_Neu.png?fit=499%2C200&ssl=1","width":499,"height":200,"caption":"JazzZeitung online"},"image":{"@id":"https:\/\/www.jazzzeitung.de\/cms\/#\/schema\/logo\/image\/"},"sameAs":["https:\/\/www.facebook.com\/JazzZeitung\/"]},{"@type":"Person","@id":"https:\/\/www.jazzzeitung.de\/cms\/#\/schema\/person\/2245b36b9cd1d24cea10f01c031fb92b","name":"Redaktion JazzZeitung","image":{"@type":"ImageObject","inLanguage":"de","@id":"https:\/\/i0.wp.com\/www.jazzzeitung.de\/cms\/wp-content\/uploads\/2015\/08\/JAZZZEITUNGDE_Logo_Neu.png?resize=96%2C96&ssl=159975dcacb611b5700bd619b5daf0a7a","url":"https:\/\/i0.wp.com\/www.jazzzeitung.de\/cms\/wp-content\/uploads\/2015\/08\/JAZZZEITUNGDE_Logo_Neu.png?resize=96%2C96&ssl=1","contentUrl":"https:\/\/i0.wp.com\/www.jazzzeitung.de\/cms\/wp-content\/uploads\/2015\/08\/JAZZZEITUNGDE_Logo_Neu.png?resize=96%2C96&ssl=1","caption":"Redaktion JazzZeitung"},"description":"Artikel der Redaktion der JazzZeitung.","sameAs":["http:\/\/www.jazzzeitung.de\/cms\/"],"url":"https:\/\/www.jazzzeitung.de\/cms\/author\/redaktion\/"}]}},"wp-worthy-pixel":{"ignored":false,"public":null,"server":null,"url":null},"wp-worthy-type":"normal","jetpack_publicize_connections":[],"cc_featured_image_caption":{"caption_text":false,"source_text":false,"source_url":false},"jetpack_featured_media_url":"","jetpack_shortlink":"https:\/\/wp.me\/p3KEcT-1i9","jetpack-related-posts":[{"id":15036,"url":"https:\/\/www.jazzzeitung.de\/cms\/2018\/02\/newsinternationales-jazzfestival-bingenswingt-22-24-06-2018jazz-im-audi-forum-ingolstadt-the-uptown-jazz-orchestra-feat-sandro-roy\/","url_meta":{"origin":4969,"position":0},"title":"+++ News +++ Jazz im Audi Forum Ingolstadt: The Uptown Jazz Orchestra feat. Sandro Roy +++ Internationales Jazzfestival BINGEN\u00b7SWINGT vom 22.-24. Juni 2018+++","author":"Redaktion JazzZeitung","date":"12. Februar 2018","format":false,"excerpt":"+++Jazz im Audi Forum Ingolstadt: The Uptown Jazz Orchestra feat. Sandro Roy+++ Farbenreiche Arrangements und virtuose Soli: Mit The Uptown Jazz Orchestra gastiert am Donnerstag, 22. Februar, eine der renommiertesten s\u00fcddeutschen Big Bands im Audi Forum Ingolstadt. Die Formation um Leader Franz Weyerer kommt gemeinsam mit dem jungen Geiger Sandro\u2026","rel":"","context":"In &quot;News&quot;","block_context":{"text":"News","link":"https:\/\/www.jazzzeitung.de\/cms\/thema\/nachrichten\/"},"img":{"alt_text":"","src":"https:\/\/i0.wp.com\/www.jazzzeitung.de\/cms\/wp-content\/uploads\/2018\/02\/A180879_full.jpg?fit=717%2C479&ssl=1&resize=350%2C200","width":350,"height":200,"srcset":"https:\/\/i0.wp.com\/www.jazzzeitung.de\/cms\/wp-content\/uploads\/2018\/02\/A180879_full.jpg?fit=717%2C479&ssl=1&resize=350%2C200 1x, https:\/\/i0.wp.com\/www.jazzzeitung.de\/cms\/wp-content\/uploads\/2018\/02\/A180879_full.jpg?fit=717%2C479&ssl=1&resize=525%2C300 1.5x, https:\/\/i0.wp.com\/www.jazzzeitung.de\/cms\/wp-content\/uploads\/2018\/02\/A180879_full.jpg?fit=717%2C479&ssl=1&resize=700%2C400 2x"},"classes":[]},{"id":4423,"url":"https:\/\/www.jazzzeitung.de\/cms\/2014\/09\/das-gibts-nur-einmal-das-birdland-neuburg\/","url_meta":{"origin":4969,"position":1},"title":"Das gibt&#8217;s nur einmal: das Birdland Neuburg","author":"Redaktion JazzZeitung","date":"2. September 2014","format":false,"excerpt":"Jazzclubs gibt es einige in Deutschland, vor allem nat\u00fcrlich in den mittleren und den Gro\u00dfst\u00e4dten. Warum ist einer der ber\u00fchmtesten und angesehensten dann mitten in der bayerischen Provinz, im kleinen Barockst\u00e4dtchen Neuburg an der Donau angesiedelt? - Alles begann bereits im Jahr 1958, als der sp\u00e4tere Gr\u00fcnder der Jazzwoche Burghausen,\u2026","rel":"","context":"In &quot;Jazzclub des Monats&quot;","block_context":{"text":"Jazzclub des Monats","link":"https:\/\/www.jazzzeitung.de\/cms\/thema\/clubs\/jazzclub-des-monats\/"},"img":{"alt_text":"","src":"https:\/\/i0.wp.com\/www.jazzzeitung.de\/cms\/wp-content\/uploads\/2014\/08\/IMG_3901.jpg?resize=350%2C200","width":350,"height":200,"srcset":"https:\/\/i0.wp.com\/www.jazzzeitung.de\/cms\/wp-content\/uploads\/2014\/08\/IMG_3901.jpg?resize=350%2C200 1x, https:\/\/i0.wp.com\/www.jazzzeitung.de\/cms\/wp-content\/uploads\/2014\/08\/IMG_3901.jpg?resize=525%2C300 1.5x, https:\/\/i0.wp.com\/www.jazzzeitung.de\/cms\/wp-content\/uploads\/2014\/08\/IMG_3901.jpg?resize=700%2C400 2x, https:\/\/i0.wp.com\/www.jazzzeitung.de\/cms\/wp-content\/uploads\/2014\/08\/IMG_3901.jpg?resize=1050%2C600 3x, https:\/\/i0.wp.com\/www.jazzzeitung.de\/cms\/wp-content\/uploads\/2014\/08\/IMG_3901.jpg?resize=1400%2C800 4x"},"classes":[]},{"id":13353,"url":"https:\/\/www.jazzzeitung.de\/cms\/2017\/08\/dejohnettegrenadiermedeskiscofield-hudson\/","url_meta":{"origin":4969,"position":2},"title":"CD-Rezension: Hudson","author":"Redaktion JazzZeitung","date":"16. August 2017","format":false,"excerpt":"\u201eHudson\u201c - so der Titel des neuen, auf dem Label Mot\u00e9ma erschienen Albums, das auf den ersten Blick profan und unscheinbar wirkt, bis man auf die Besetzungsliste der Formation schaut: Eine Erntedankfestbesetzung mit Jack DeJohnette, John Scofield, John Medeski und Larry Grenadier. Was die vier dann auf dem Album soundtechnisch\u2026","rel":"","context":"In &quot;Rezension&quot;","block_context":{"text":"Rezension","link":"https:\/\/www.jazzzeitung.de\/cms\/thema\/rezension\/"},"img":{"alt_text":"","src":"https:\/\/i0.wp.com\/www.jazzzeitung.de\/cms\/wp-content\/uploads\/2017\/08\/Hudson-Cover-1.jpg?fit=1200%2C1200&ssl=1&resize=350%2C200","width":350,"height":200,"srcset":"https:\/\/i0.wp.com\/www.jazzzeitung.de\/cms\/wp-content\/uploads\/2017\/08\/Hudson-Cover-1.jpg?fit=1200%2C1200&ssl=1&resize=350%2C200 1x, https:\/\/i0.wp.com\/www.jazzzeitung.de\/cms\/wp-content\/uploads\/2017\/08\/Hudson-Cover-1.jpg?fit=1200%2C1200&ssl=1&resize=525%2C300 1.5x, https:\/\/i0.wp.com\/www.jazzzeitung.de\/cms\/wp-content\/uploads\/2017\/08\/Hudson-Cover-1.jpg?fit=1200%2C1200&ssl=1&resize=700%2C400 2x, https:\/\/i0.wp.com\/www.jazzzeitung.de\/cms\/wp-content\/uploads\/2017\/08\/Hudson-Cover-1.jpg?fit=1200%2C1200&ssl=1&resize=1050%2C600 3x"},"classes":[]},{"id":20648,"url":"https:\/\/www.jazzzeitung.de\/cms\/2019\/09\/news-jazz-im-audi-forum-ingolstadt-jazzahead-festival-2020\/","url_meta":{"origin":4969,"position":3},"title":"+++ News +++ Jazz im Audi Forum Ingolstadt +++ jazzahead!-Festival 2020 +++","author":"Redaktion JazzZeitung","date":"10. September 2019","format":false,"excerpt":"+++ Jazz im Audi Forum Ingolstadt +++ F\u00fcr Jazz-Fans hat das Warten ein Ende: Nach der Sommerpause pr\u00e4sentiert das Audi Forum Ingolstadt gemeinsam mit dem Birdland Jazz Club Neuburg als Veranstalter wieder Konzerte mit regionalen und internationalen Musikern. Die vier Konzertabende von September bis Dezember sind Teil der Reihe \"Jazz\u2026","rel":"","context":"In &quot;News&quot;","block_context":{"text":"News","link":"https:\/\/www.jazzzeitung.de\/cms\/thema\/nachrichten\/"},"img":{"alt_text":"","src":"https:\/\/i0.wp.com\/www.jazzzeitung.de\/cms\/wp-content\/uploads\/2019\/09\/Clubnight_TheaterBremen-c-Nikolai-Wolff.jpg?fit=1200%2C800&ssl=1&resize=350%2C200","width":350,"height":200,"srcset":"https:\/\/i0.wp.com\/www.jazzzeitung.de\/cms\/wp-content\/uploads\/2019\/09\/Clubnight_TheaterBremen-c-Nikolai-Wolff.jpg?fit=1200%2C800&ssl=1&resize=350%2C200 1x, https:\/\/i0.wp.com\/www.jazzzeitung.de\/cms\/wp-content\/uploads\/2019\/09\/Clubnight_TheaterBremen-c-Nikolai-Wolff.jpg?fit=1200%2C800&ssl=1&resize=525%2C300 1.5x, https:\/\/i0.wp.com\/www.jazzzeitung.de\/cms\/wp-content\/uploads\/2019\/09\/Clubnight_TheaterBremen-c-Nikolai-Wolff.jpg?fit=1200%2C800&ssl=1&resize=700%2C400 2x, https:\/\/i0.wp.com\/www.jazzzeitung.de\/cms\/wp-content\/uploads\/2019\/09\/Clubnight_TheaterBremen-c-Nikolai-Wolff.jpg?fit=1200%2C800&ssl=1&resize=1050%2C600 3x"},"classes":[]},{"id":6399,"url":"https:\/\/www.jazzzeitung.de\/cms\/2015\/06\/news-travejazz-festival-luebeck-34-jazz-summer-night-im-weingarten-minden-summer-jazz-im-audi-forum-ingolstadt\/","url_meta":{"origin":4969,"position":4},"title":"News: +++ Travejazz Festival in L\u00fcbeck +++ 34. Jazz Summer Night im Weingarten Minden +++ \u201eSummer Jazz\u201c im Audi Forum Ingolstadt +++","author":"Redaktion JazzZeitung","date":"14. Juni 2015","format":false,"excerpt":"Travejazz Festival findet erneut in L\u00fcbeck statt Nach dem erfolgreichen Auftakt des Travejazz Festivals im vergangenen Jahr wird es vom 03. bis 06. September 2015 die zweite Auflage des L\u00fcbecker Jazzfestivals geben. Das Travejazz ist ein viert\u00e4giges Livemusik-Event im Herzen von L\u00fcbeck, das auf ein ganz eigenes Konzept und einzigartige\u2026","rel":"","context":"In &quot;News&quot;","block_context":{"text":"News","link":"https:\/\/www.jazzzeitung.de\/cms\/thema\/nachrichten\/"},"img":{"alt_text":"Jeff CascaroFoto: Thomas Schloemann","src":"https:\/\/i0.wp.com\/www.jazzzeitung.de\/cms\/wp-content\/uploads\/2015\/06\/Jeff_Cascaro_Copyright-Thomas_Schloemann-150x150.jpg?resize=350%2C200","width":350,"height":200},"classes":[]},{"id":18257,"url":"https:\/\/www.jazzzeitung.de\/cms\/2019\/01\/news-landesjugendjazzorchester-brandenburg-casting-2019-startschuss-fuer-audi-konzertreihe-2019-in-ingolstadt\/","url_meta":{"origin":4969,"position":5},"title":"+++ News: +++ Landesjugendjazzorchester Brandenburg Casting 2019 +++ Startschuss f\u00fcr Audi-Konzertreihe 2019 in Ingolstadt +++","author":"Redaktion JazzZeitung","date":"11. Januar 2019","format":false,"excerpt":"Brandenburgs Nachwuchsk\u00fcnstler stellen sich vor Das Landesjugendjazzorchester Brandenburg \u2013 kurz: LaJJazzO \u2013 r\u00fcstet auf, und l\u00e4dt den jungen Jazz-Nachwuchs im Land Brandenburg ein, sich am 10.03.2019 in der \u201eRegenbogen Musik- und Kunstschule\u201c in Blankenfelde zu bewerben. Gesucht werden Instrumentalisten f\u00fcr Saxophon, Posaune, Trompete, Klavier, Bass, Gitarre und Schlagzeug. Das LaJJazzO\u2026","rel":"","context":"In &quot;News&quot;","block_context":{"text":"News","link":"https:\/\/www.jazzzeitung.de\/cms\/thema\/nachrichten\/"},"img":{"alt_text":"","src":"https:\/\/i0.wp.com\/www.jazzzeitung.de\/cms\/wp-content\/uploads\/2019\/01\/Lajazzo_Potsdam1.jpg?fit=576%2C384&ssl=1&resize=350%2C200","width":350,"height":200,"srcset":"https:\/\/i0.wp.com\/www.jazzzeitung.de\/cms\/wp-content\/uploads\/2019\/01\/Lajazzo_Potsdam1.jpg?fit=576%2C384&ssl=1&resize=350%2C200 1x, https:\/\/i0.wp.com\/www.jazzzeitung.de\/cms\/wp-content\/uploads\/2019\/01\/Lajazzo_Potsdam1.jpg?fit=576%2C384&ssl=1&resize=525%2C300 1.5x"},"classes":[]}],"jetpack_sharing_enabled":true,"_links":{"self":[{"href":"https:\/\/www.jazzzeitung.de\/cms\/wp-json\/wp\/v2\/posts\/4969","targetHints":{"allow":["GET"]}}],"collection":[{"href":"https:\/\/www.jazzzeitung.de\/cms\/wp-json\/wp\/v2\/posts"}],"about":[{"href":"https:\/\/www.jazzzeitung.de\/cms\/wp-json\/wp\/v2\/types\/post"}],"author":[{"embeddable":true,"href":"https:\/\/www.jazzzeitung.de\/cms\/wp-json\/wp\/v2\/users\/18"}],"replies":[{"embeddable":true,"href":"https:\/\/www.jazzzeitung.de\/cms\/wp-json\/wp\/v2\/comments?post=4969"}],"version-history":[{"count":1,"href":"https:\/\/www.jazzzeitung.de\/cms\/wp-json\/wp\/v2\/posts\/4969\/revisions"}],"predecessor-version":[{"id":4971,"href":"https:\/\/www.jazzzeitung.de\/cms\/wp-json\/wp\/v2\/posts\/4969\/revisions\/4971"}],"wp:attachment":[{"href":"https:\/\/www.jazzzeitung.de\/cms\/wp-json\/wp\/v2\/media?parent=4969"}],"wp:term":[{"taxonomy":"category","embeddable":true,"href":"https:\/\/www.jazzzeitung.de\/cms\/wp-json\/wp\/v2\/categories?post=4969"},{"taxonomy":"post_tag","embeddable":true,"href":"https:\/\/www.jazzzeitung.de\/cms\/wp-json\/wp\/v2\/tags?post=4969"},{"taxonomy":"author","embeddable":true,"href":"https:\/\/www.jazzzeitung.de\/cms\/wp-json\/wp\/v2\/coauthors?post=4969"}],"curies":[{"name":"wp","href":"https:\/\/api.w.org\/{rel}","templated":true}]}}