{"id":4907,"date":"2014-11-11T09:01:11","date_gmt":"2014-11-11T08:01:11","guid":{"rendered":"http:\/\/www.jazzzeitung.de\/cms\/?p=4907"},"modified":"2014-11-12T10:40:38","modified_gmt":"2014-11-12T09:40:38","slug":"showcase-bewerbungsphase-fuer-jazzahead-endet-heute","status":"publish","type":"post","link":"https:\/\/www.jazzzeitung.de\/cms\/2014\/11\/showcase-bewerbungsphase-fuer-jazzahead-endet-heute\/","title":{"rendered":"Showcase-Bewerbungsphase f\u00fcr jazzahead endet heute"},"content":{"rendered":"<p><strong>Showcase-Bewerbungsphase endet am 11. November 2014<\/strong><\/p>\n<p>Bewerbungen f\u00fcr die 40 Showcases auf der zehnten jazzahead! k\u00f6nnen f\u00fcr die Module German Jazz Expo (K\u00fcnstler aus Deutschland), French Night (Jazz aus dem Partnerland 2015: Frankreich), European Jazz Meeting (europ\u00e4ische Jazzformationen) und Overseas Night (Jazz aus \u00dcbersee) eingereicht werden. Konditionen f\u00fcr eine Bewerbung k\u00f6nnen auf der Webseite nachgelesen werden. Die Bewerbungsfrist endet am 11. November 2014.<\/p>\n<p>Seit zehn Jahren ist die jazzahead! der Branchentreff f\u00fcr die internationale Jazzszene. An vier Messetagen und bei 40 Showcase- Konzerten kommen die Protagonisten der Szene zusammen. Zus\u00e4tzlich zieht die jazzahead! clubnight am Samstag, 25. April 2015, das Publikum in 30 Clubs und Spielst\u00e4tten der Stadt, um bei rund 60 Konzerten die Nacht zum Tage zu machen.<\/p>\n<p>Um ein j\u00e4hrlich wechselndes Partnerland, dessen Jazzszene auf der Messe vorgestellt wird, hat sich ein Kulturfestival entwickelt. Dieses zeigt \u00fcber einen Zeitraum von zweieinhalb Wochen die zeitgen\u00f6ssische Kunst- und Kulturszene des jeweiligen Partnerlandes in Bremen. Zu Messe und Kulturfestival werden rund 25.000 Besucher erwartet. Die Musikmesse findet statt vom 23. bis 26. April 2015, das Kulturfestival der jazzahead! vom 9. bis 26. April 2015.<\/p>\n<p><strong>Highlights zum Jubil\u00e4um<\/strong><\/p>\n<p>In ihrem zehnten Jahr pr\u00e4sentiert sich die internationale Jazz- Musikfachmesse &amp; Showcase-Festival (23.-26. April 2015) und ihrem Kulturfestival (9.-26.April 2015) in Bremen mit besonderen Jubil\u00e4umshighlights: Partnerland der jazzahead! 2015 ist Frankreich. In einem zweieinhalbw\u00f6chigen Kulturfestival wird die lebendige Kulturszene Frankreichs in Musik, Literatur, Filmen, Theater und vielem mehr in Bremen pr\u00e4sentiert. Los geht\u2019s am 9. April 2015 mit einer Er\u00f6ffnungsgala im Theater Bremen. Das Jubil\u00e4umsgalakonzert am 24. April 2015 im Bremer Konzerthaus Die Glocke erweist ebenfalls dem Partnerland Frankreich die Ehre: Mit Vincent Peirani und Richard Galliano stehen zwei Ausnahme-K\u00fcnstler in einem Doppelkonzert auf der B\u00fchne, zwei gro\u00dfartige und hochvirtuose Jazzmusiker auf dem Akkordeon, dem wohl typischsten aller Instrumente der franz\u00f6sischen Musik.<\/p>\n<p><strong>\u00a0Staatsministerin f\u00fcr Kultur und Medien \u00fcbernimmt Schirmherrschaft<\/strong><\/p>\n<p>Die Staatsministerin f\u00fcr Kultur und Medien, Monika Gr\u00fctters, \u00fcbernimmt 2015 die Schirmherrschaft zur Jubil\u00e4umsausgabe. \u201eDie jazzahead! hat sich in den letzten zehn Jahren zur weltweit renommierten und erfolgreichen Messe etabliert, die sowohl f\u00fcr die deutsche als auch die internationale Jazzszene wichtige Impulse setzt und unverzichtbarer Multiplikator f\u00fcr \u2018Jazz made in Germany\u2018 geworden ist\u201c, so Gr\u00fctters. Die \u00dcbernahme der Schirmherrschaft sei eine au\u00dferordentliche Wertsch\u00e4tzung der jazzahead! und insbesondere der Arbeit f\u00fcr den deutschen Jazz, bedankt sich Messe-Chef Hans-Peter Schneider.<\/p>\n<p><strong>Preis f\u00fcr deutschen Jazzjournalismus geht in die dritte Runde<\/strong><\/p>\n<p>Dank der erneuten Unterst\u00fctzung der Dr. E.A. Langner-Stiftung geht der Preis f\u00fcr deutschen Jazzjournalismus in seine dritte Runde. Die jazzahead! lobt diesen Preis seit 2012 aus, mit dem Ziel die Berichterstattung \u00fcber Jazz in Deutschland zu f\u00f6rdern. Damit ist er eine der drei S\u00e4ulen der German Jazz Expo, die die MESSE BREMEN unter dem Dach der jazzahead! ausrichtet. Die bisherigen Preistr\u00e4ger sind Hans-J\u00fcrgen Linke und Ralf Dombrowski.<\/p>\n<p><strong>Umzug in gr\u00f6\u00dfere Hallen l\u00e4uft gut an<\/strong><\/p>\n<p>Der angek\u00fcndigte Hallenumzug in gr\u00f6\u00dfere Messehallen wurde international sehr gut aufgenommen, so die Veranstalter. Eine besondere Neuerung im Rahmen der Messe ist der zentrale Stand \u201eShowcasing Artists and international Promoters\u201c, der insbesondere den Kontakt zwischen auftretenden Musikern und internationalen Programmverantwortlichen herstellen und die M\u00f6glichkeit zum Austausch bieten soll.<\/p>\n<p>&nbsp;<\/p>\n<p>&nbsp;<\/p>\n<p>&nbsp;<\/p>\n","protected":false},"excerpt":{"rendered":"<p>Showcase-Bewerbungsphase endet am 11. November 2014 Bewerbungen f\u00fcr die 40 Showcases auf der zehnten jazzahead! k\u00f6nnen f\u00fcr die Module German Jazz Expo (K\u00fcnstler aus Deutschland), French Night (Jazz aus dem Partnerland 2015: Frankreich), European Jazz Meeting (europ\u00e4ische Jazzformationen) und Overseas Night (Jazz aus \u00dcbersee) eingereicht werden. Konditionen f\u00fcr eine Bewerbung k\u00f6nnen auf der Webseite nachgelesen werden. Die Bewerbungsfrist endet am 11. November 2014. Seit zehn Jahren ist die jazzahead! der Branchentreff f\u00fcr die internationale Jazzszene. An vier Messetagen und bei 40 Showcase- Konzerten kommen die Protagonisten der Szene zusammen. Zus\u00e4tzlich zieht die jazzahead! clubnight am Samstag, 25. April 2015, das Publikum in 30 Clubs und Spielst\u00e4tten der Stadt, um bei rund 60 Konzerten die Nacht zum Tage zu machen. Um ein j\u00e4hrlich wechselndes Partnerland, dessen Jazzszene auf der Messe vorgestellt wird, hat sich ein Kulturfestival entwickelt. Dieses zeigt \u00fcber einen Zeitraum von zweieinhalb Wochen die zeitgen\u00f6ssische Kunst- und Kulturszene des jeweiligen Partnerlandes in Bremen. Zu Messe und Kulturfestival werden rund 25.000 Besucher erwartet. Die Musikmesse findet statt vom 23. bis 26. April 2015, das Kulturfestival der jazzahead! vom 9. bis 26. April 2015. Highlights zum &hellip;<\/p>\n","protected":false},"author":18,"featured_media":4908,"comment_status":"open","ping_status":"closed","sticky":false,"template":"","format":"standard","meta":{"_jetpack_memberships_contains_paid_content":false,"footnotes":"","jetpack_publicize_message":"","jetpack_publicize_feature_enabled":true,"jetpack_social_post_already_shared":false,"jetpack_social_options":{"image_generator_settings":{"template":"highway","default_image_id":0,"font":"","enabled":false},"version":2}},"categories":[633],"tags":[95,1192,137,693,692,268,281,327,1010],"coauthors":[695],"class_list":["post-4907","post","type-post","status-publish","format-standard","has-post-thumbnail","hentry","category-nachrichten","tag-bremen","tag-clubs","tag-deutschland","tag-european-jazz-meeting","tag-german-jazz-expo","tag-jazzahead","tag-jazzmusiker","tag-kultur","tag-vincent-peirani"],"yoast_head":"<!-- This site is optimized with the Yoast SEO plugin v27.5 - https:\/\/yoast.com\/product\/yoast-seo-wordpress\/ -->\n<title>Showcase-Bewerbungsphase f\u00fcr jazzahead endet heute - JazzZeitung<\/title>\n<meta name=\"robots\" content=\"index, follow, max-snippet:-1, max-image-preview:large, max-video-preview:-1\" \/>\n<link rel=\"canonical\" href=\"https:\/\/www.jazzzeitung.de\/cms\/2014\/11\/showcase-bewerbungsphase-fuer-jazzahead-endet-heute\/\" \/>\n<meta property=\"og:locale\" content=\"de_DE\" \/>\n<meta property=\"og:type\" content=\"article\" \/>\n<meta property=\"og:title\" content=\"Showcase-Bewerbungsphase f\u00fcr jazzahead endet heute - JazzZeitung\" \/>\n<meta property=\"og:description\" content=\"Showcase-Bewerbungsphase endet am 11. November 2014 Bewerbungen f\u00fcr die 40 Showcases auf der zehnten jazzahead! k\u00f6nnen f\u00fcr die Module German Jazz Expo (K\u00fcnstler aus Deutschland), French Night (Jazz aus dem Partnerland 2015: Frankreich), European Jazz Meeting (europ\u00e4ische Jazzformationen) und Overseas Night (Jazz aus \u00dcbersee) eingereicht werden. Konditionen f\u00fcr eine Bewerbung k\u00f6nnen auf der Webseite nachgelesen werden. Die Bewerbungsfrist endet am 11. November 2014. Seit zehn Jahren ist die jazzahead! der Branchentreff f\u00fcr die internationale Jazzszene. An vier Messetagen und bei 40 Showcase- Konzerten kommen die Protagonisten der Szene zusammen. Zus\u00e4tzlich zieht die jazzahead! clubnight am Samstag, 25. April 2015, das Publikum in 30 Clubs und Spielst\u00e4tten der Stadt, um bei rund 60 Konzerten die Nacht zum Tage zu machen. Um ein j\u00e4hrlich wechselndes Partnerland, dessen Jazzszene auf der Messe vorgestellt wird, hat sich ein Kulturfestival entwickelt. Dieses zeigt \u00fcber einen Zeitraum von zweieinhalb Wochen die zeitgen\u00f6ssische Kunst- und Kulturszene des jeweiligen Partnerlandes in Bremen. Zu Messe und Kulturfestival werden rund 25.000 Besucher erwartet. Die Musikmesse findet statt vom 23. bis 26. April 2015, das Kulturfestival der jazzahead! vom 9. bis 26. April 2015. Highlights zum &hellip;\" \/>\n<meta property=\"og:url\" content=\"https:\/\/www.jazzzeitung.de\/cms\/2014\/11\/showcase-bewerbungsphase-fuer-jazzahead-endet-heute\/\" \/>\n<meta property=\"og:site_name\" content=\"JazzZeitung\" \/>\n<meta property=\"article:publisher\" content=\"https:\/\/www.facebook.com\/JazzZeitung\/\" \/>\n<meta property=\"article:published_time\" content=\"2014-11-11T08:01:11+00:00\" \/>\n<meta property=\"article:modified_time\" content=\"2014-11-12T09:40:38+00:00\" \/>\n<meta property=\"og:image\" content=\"https:\/\/i0.wp.com\/www.jazzzeitung.de\/cms\/wp-content\/uploads\/2014\/11\/Photo1-MonikaGr\u00fctters-c_Quelle-Christof-Rieken_800KB.jpg?fit=1000%2C1501&ssl=1\" \/>\n\t<meta property=\"og:image:width\" content=\"1000\" \/>\n\t<meta property=\"og:image:height\" content=\"1501\" \/>\n\t<meta property=\"og:image:type\" content=\"image\/jpeg\" \/>\n<meta name=\"author\" content=\"Redaktion JazzZeitung\" \/>\n<script type=\"application\/ld+json\" class=\"yoast-schema-graph\">{\"@context\":\"https:\\\/\\\/schema.org\",\"@graph\":[{\"@type\":\"Article\",\"@id\":\"https:\\\/\\\/www.jazzzeitung.de\\\/cms\\\/2014\\\/11\\\/showcase-bewerbungsphase-fuer-jazzahead-endet-heute\\\/#article\",\"isPartOf\":{\"@id\":\"https:\\\/\\\/www.jazzzeitung.de\\\/cms\\\/2014\\\/11\\\/showcase-bewerbungsphase-fuer-jazzahead-endet-heute\\\/\"},\"author\":{\"name\":\"Redaktion JazzZeitung\",\"@id\":\"https:\\\/\\\/www.jazzzeitung.de\\\/cms\\\/#\\\/schema\\\/person\\\/2245b36b9cd1d24cea10f01c031fb92b\"},\"headline\":\"Showcase-Bewerbungsphase f\u00fcr jazzahead endet heute\",\"datePublished\":\"2014-11-11T08:01:11+00:00\",\"dateModified\":\"2014-11-12T09:40:38+00:00\",\"mainEntityOfPage\":{\"@id\":\"https:\\\/\\\/www.jazzzeitung.de\\\/cms\\\/2014\\\/11\\\/showcase-bewerbungsphase-fuer-jazzahead-endet-heute\\\/\"},\"wordCount\":544,\"commentCount\":0,\"publisher\":{\"@id\":\"https:\\\/\\\/www.jazzzeitung.de\\\/cms\\\/#organization\"},\"image\":{\"@id\":\"https:\\\/\\\/www.jazzzeitung.de\\\/cms\\\/2014\\\/11\\\/showcase-bewerbungsphase-fuer-jazzahead-endet-heute\\\/#primaryimage\"},\"thumbnailUrl\":\"https:\\\/\\\/i0.wp.com\\\/www.jazzzeitung.de\\\/cms\\\/wp-content\\\/uploads\\\/2014\\\/11\\\/Photo1-MonikaGr%C3%BCtters-c_Quelle-Christof-Rieken_800KB.jpg?fit=1000%2C1501&ssl=1\",\"keywords\":[\"Bremen\",\"Clubs\",\"Deutschland\",\"European Jazz Meeting\",\"German Jazz Expo\",\"Jazzahead\",\"Jazzmusiker\",\"Kultur\",\"Vincent Peirani\"],\"articleSection\":[\"News\"],\"inLanguage\":\"de\",\"potentialAction\":[{\"@type\":\"CommentAction\",\"name\":\"Comment\",\"target\":[\"https:\\\/\\\/www.jazzzeitung.de\\\/cms\\\/2014\\\/11\\\/showcase-bewerbungsphase-fuer-jazzahead-endet-heute\\\/#respond\"]}]},{\"@type\":\"WebPage\",\"@id\":\"https:\\\/\\\/www.jazzzeitung.de\\\/cms\\\/2014\\\/11\\\/showcase-bewerbungsphase-fuer-jazzahead-endet-heute\\\/\",\"url\":\"https:\\\/\\\/www.jazzzeitung.de\\\/cms\\\/2014\\\/11\\\/showcase-bewerbungsphase-fuer-jazzahead-endet-heute\\\/\",\"name\":\"Showcase-Bewerbungsphase f\u00fcr jazzahead endet heute - JazzZeitung\",\"isPartOf\":{\"@id\":\"https:\\\/\\\/www.jazzzeitung.de\\\/cms\\\/#website\"},\"primaryImageOfPage\":{\"@id\":\"https:\\\/\\\/www.jazzzeitung.de\\\/cms\\\/2014\\\/11\\\/showcase-bewerbungsphase-fuer-jazzahead-endet-heute\\\/#primaryimage\"},\"image\":{\"@id\":\"https:\\\/\\\/www.jazzzeitung.de\\\/cms\\\/2014\\\/11\\\/showcase-bewerbungsphase-fuer-jazzahead-endet-heute\\\/#primaryimage\"},\"thumbnailUrl\":\"https:\\\/\\\/i0.wp.com\\\/www.jazzzeitung.de\\\/cms\\\/wp-content\\\/uploads\\\/2014\\\/11\\\/Photo1-MonikaGr%C3%BCtters-c_Quelle-Christof-Rieken_800KB.jpg?fit=1000%2C1501&ssl=1\",\"datePublished\":\"2014-11-11T08:01:11+00:00\",\"dateModified\":\"2014-11-12T09:40:38+00:00\",\"breadcrumb\":{\"@id\":\"https:\\\/\\\/www.jazzzeitung.de\\\/cms\\\/2014\\\/11\\\/showcase-bewerbungsphase-fuer-jazzahead-endet-heute\\\/#breadcrumb\"},\"inLanguage\":\"de\",\"potentialAction\":[{\"@type\":\"ReadAction\",\"target\":[\"https:\\\/\\\/www.jazzzeitung.de\\\/cms\\\/2014\\\/11\\\/showcase-bewerbungsphase-fuer-jazzahead-endet-heute\\\/\"]}]},{\"@type\":\"ImageObject\",\"inLanguage\":\"de\",\"@id\":\"https:\\\/\\\/www.jazzzeitung.de\\\/cms\\\/2014\\\/11\\\/showcase-bewerbungsphase-fuer-jazzahead-endet-heute\\\/#primaryimage\",\"url\":\"https:\\\/\\\/i0.wp.com\\\/www.jazzzeitung.de\\\/cms\\\/wp-content\\\/uploads\\\/2014\\\/11\\\/Photo1-MonikaGr%C3%BCtters-c_Quelle-Christof-Rieken_800KB.jpg?fit=1000%2C1501&ssl=1\",\"contentUrl\":\"https:\\\/\\\/i0.wp.com\\\/www.jazzzeitung.de\\\/cms\\\/wp-content\\\/uploads\\\/2014\\\/11\\\/Photo1-MonikaGr%C3%BCtters-c_Quelle-Christof-Rieken_800KB.jpg?fit=1000%2C1501&ssl=1\",\"width\":1000,\"height\":1501,\"caption\":\"Staatsministerin f\u00fcr Kultur und Medien, Monika Gr\u00fctters, \u00fcbernimmt 2015 die Schirmherrschaft zur Jubil\u00e4umsausgabe der jazzahead! Foto: Christof Rieken\"},{\"@type\":\"BreadcrumbList\",\"@id\":\"https:\\\/\\\/www.jazzzeitung.de\\\/cms\\\/2014\\\/11\\\/showcase-bewerbungsphase-fuer-jazzahead-endet-heute\\\/#breadcrumb\",\"itemListElement\":[{\"@type\":\"ListItem\",\"position\":1,\"name\":\"Startseite\",\"item\":\"https:\\\/\\\/www.jazzzeitung.de\\\/cms\\\/\"},{\"@type\":\"ListItem\",\"position\":2,\"name\":\"Showcase-Bewerbungsphase f\u00fcr jazzahead endet heute\"}]},{\"@type\":\"WebSite\",\"@id\":\"https:\\\/\\\/www.jazzzeitung.de\\\/cms\\\/#website\",\"url\":\"https:\\\/\\\/www.jazzzeitung.de\\\/cms\\\/\",\"name\":\"JazzZeitung\",\"description\":\"Jazz-News und Jazz-Kontroverses\",\"publisher\":{\"@id\":\"https:\\\/\\\/www.jazzzeitung.de\\\/cms\\\/#organization\"},\"potentialAction\":[{\"@type\":\"SearchAction\",\"target\":{\"@type\":\"EntryPoint\",\"urlTemplate\":\"https:\\\/\\\/www.jazzzeitung.de\\\/cms\\\/?s={search_term_string}\"},\"query-input\":{\"@type\":\"PropertyValueSpecification\",\"valueRequired\":true,\"valueName\":\"search_term_string\"}}],\"inLanguage\":\"de\"},{\"@type\":\"Organization\",\"@id\":\"https:\\\/\\\/www.jazzzeitung.de\\\/cms\\\/#organization\",\"name\":\"JazzZeitung online\",\"url\":\"https:\\\/\\\/www.jazzzeitung.de\\\/cms\\\/\",\"logo\":{\"@type\":\"ImageObject\",\"inLanguage\":\"de\",\"@id\":\"https:\\\/\\\/www.jazzzeitung.de\\\/cms\\\/#\\\/schema\\\/logo\\\/image\\\/\",\"url\":\"https:\\\/\\\/i0.wp.com\\\/www.jazzzeitung.de\\\/cms\\\/wp-content\\\/uploads\\\/2015\\\/08\\\/JAZZZEITUNGDE_Logo_Neu.png?fit=499%2C200&ssl=1\",\"contentUrl\":\"https:\\\/\\\/i0.wp.com\\\/www.jazzzeitung.de\\\/cms\\\/wp-content\\\/uploads\\\/2015\\\/08\\\/JAZZZEITUNGDE_Logo_Neu.png?fit=499%2C200&ssl=1\",\"width\":499,\"height\":200,\"caption\":\"JazzZeitung online\"},\"image\":{\"@id\":\"https:\\\/\\\/www.jazzzeitung.de\\\/cms\\\/#\\\/schema\\\/logo\\\/image\\\/\"},\"sameAs\":[\"https:\\\/\\\/www.facebook.com\\\/JazzZeitung\\\/\"]},{\"@type\":\"Person\",\"@id\":\"https:\\\/\\\/www.jazzzeitung.de\\\/cms\\\/#\\\/schema\\\/person\\\/2245b36b9cd1d24cea10f01c031fb92b\",\"name\":\"Redaktion JazzZeitung\",\"image\":{\"@type\":\"ImageObject\",\"inLanguage\":\"de\",\"@id\":\"https:\\\/\\\/i0.wp.com\\\/www.jazzzeitung.de\\\/cms\\\/wp-content\\\/uploads\\\/2015\\\/08\\\/JAZZZEITUNGDE_Logo_Neu.png?resize=96%2C96&ssl=159975dcacb611b5700bd619b5daf0a7a\",\"url\":\"https:\\\/\\\/i0.wp.com\\\/www.jazzzeitung.de\\\/cms\\\/wp-content\\\/uploads\\\/2015\\\/08\\\/JAZZZEITUNGDE_Logo_Neu.png?resize=96%2C96&ssl=1\",\"contentUrl\":\"https:\\\/\\\/i0.wp.com\\\/www.jazzzeitung.de\\\/cms\\\/wp-content\\\/uploads\\\/2015\\\/08\\\/JAZZZEITUNGDE_Logo_Neu.png?resize=96%2C96&ssl=1\",\"caption\":\"Redaktion JazzZeitung\"},\"description\":\"Artikel der Redaktion der JazzZeitung.\",\"sameAs\":[\"http:\\\/\\\/www.jazzzeitung.de\\\/cms\\\/\"],\"url\":\"https:\\\/\\\/www.jazzzeitung.de\\\/cms\\\/author\\\/redaktion\\\/\"}]}<\/script>\n<!-- \/ Yoast SEO plugin. -->","yoast_head_json":{"title":"Showcase-Bewerbungsphase f\u00fcr jazzahead endet heute - JazzZeitung","robots":{"index":"index","follow":"follow","max-snippet":"max-snippet:-1","max-image-preview":"max-image-preview:large","max-video-preview":"max-video-preview:-1"},"canonical":"https:\/\/www.jazzzeitung.de\/cms\/2014\/11\/showcase-bewerbungsphase-fuer-jazzahead-endet-heute\/","og_locale":"de_DE","og_type":"article","og_title":"Showcase-Bewerbungsphase f\u00fcr jazzahead endet heute - JazzZeitung","og_description":"Showcase-Bewerbungsphase endet am 11. November 2014 Bewerbungen f\u00fcr die 40 Showcases auf der zehnten jazzahead! k\u00f6nnen f\u00fcr die Module German Jazz Expo (K\u00fcnstler aus Deutschland), French Night (Jazz aus dem Partnerland 2015: Frankreich), European Jazz Meeting (europ\u00e4ische Jazzformationen) und Overseas Night (Jazz aus \u00dcbersee) eingereicht werden. Konditionen f\u00fcr eine Bewerbung k\u00f6nnen auf der Webseite nachgelesen werden. Die Bewerbungsfrist endet am 11. November 2014. Seit zehn Jahren ist die jazzahead! der Branchentreff f\u00fcr die internationale Jazzszene. An vier Messetagen und bei 40 Showcase- Konzerten kommen die Protagonisten der Szene zusammen. Zus\u00e4tzlich zieht die jazzahead! clubnight am Samstag, 25. April 2015, das Publikum in 30 Clubs und Spielst\u00e4tten der Stadt, um bei rund 60 Konzerten die Nacht zum Tage zu machen. Um ein j\u00e4hrlich wechselndes Partnerland, dessen Jazzszene auf der Messe vorgestellt wird, hat sich ein Kulturfestival entwickelt. Dieses zeigt \u00fcber einen Zeitraum von zweieinhalb Wochen die zeitgen\u00f6ssische Kunst- und Kulturszene des jeweiligen Partnerlandes in Bremen. Zu Messe und Kulturfestival werden rund 25.000 Besucher erwartet. Die Musikmesse findet statt vom 23. bis 26. April 2015, das Kulturfestival der jazzahead! vom 9. bis 26. April 2015. Highlights zum &hellip;","og_url":"https:\/\/www.jazzzeitung.de\/cms\/2014\/11\/showcase-bewerbungsphase-fuer-jazzahead-endet-heute\/","og_site_name":"JazzZeitung","article_publisher":"https:\/\/www.facebook.com\/JazzZeitung\/","article_published_time":"2014-11-11T08:01:11+00:00","article_modified_time":"2014-11-12T09:40:38+00:00","og_image":[{"width":1000,"height":1501,"url":"https:\/\/i0.wp.com\/www.jazzzeitung.de\/cms\/wp-content\/uploads\/2014\/11\/Photo1-MonikaGr\u00fctters-c_Quelle-Christof-Rieken_800KB.jpg?fit=1000%2C1501&ssl=1","type":"image\/jpeg"}],"author":"Redaktion JazzZeitung","schema":{"@context":"https:\/\/schema.org","@graph":[{"@type":"Article","@id":"https:\/\/www.jazzzeitung.de\/cms\/2014\/11\/showcase-bewerbungsphase-fuer-jazzahead-endet-heute\/#article","isPartOf":{"@id":"https:\/\/www.jazzzeitung.de\/cms\/2014\/11\/showcase-bewerbungsphase-fuer-jazzahead-endet-heute\/"},"author":{"name":"Redaktion JazzZeitung","@id":"https:\/\/www.jazzzeitung.de\/cms\/#\/schema\/person\/2245b36b9cd1d24cea10f01c031fb92b"},"headline":"Showcase-Bewerbungsphase f\u00fcr jazzahead endet heute","datePublished":"2014-11-11T08:01:11+00:00","dateModified":"2014-11-12T09:40:38+00:00","mainEntityOfPage":{"@id":"https:\/\/www.jazzzeitung.de\/cms\/2014\/11\/showcase-bewerbungsphase-fuer-jazzahead-endet-heute\/"},"wordCount":544,"commentCount":0,"publisher":{"@id":"https:\/\/www.jazzzeitung.de\/cms\/#organization"},"image":{"@id":"https:\/\/www.jazzzeitung.de\/cms\/2014\/11\/showcase-bewerbungsphase-fuer-jazzahead-endet-heute\/#primaryimage"},"thumbnailUrl":"https:\/\/i0.wp.com\/www.jazzzeitung.de\/cms\/wp-content\/uploads\/2014\/11\/Photo1-MonikaGr%C3%BCtters-c_Quelle-Christof-Rieken_800KB.jpg?fit=1000%2C1501&ssl=1","keywords":["Bremen","Clubs","Deutschland","European Jazz Meeting","German Jazz Expo","Jazzahead","Jazzmusiker","Kultur","Vincent Peirani"],"articleSection":["News"],"inLanguage":"de","potentialAction":[{"@type":"CommentAction","name":"Comment","target":["https:\/\/www.jazzzeitung.de\/cms\/2014\/11\/showcase-bewerbungsphase-fuer-jazzahead-endet-heute\/#respond"]}]},{"@type":"WebPage","@id":"https:\/\/www.jazzzeitung.de\/cms\/2014\/11\/showcase-bewerbungsphase-fuer-jazzahead-endet-heute\/","url":"https:\/\/www.jazzzeitung.de\/cms\/2014\/11\/showcase-bewerbungsphase-fuer-jazzahead-endet-heute\/","name":"Showcase-Bewerbungsphase f\u00fcr jazzahead endet heute - JazzZeitung","isPartOf":{"@id":"https:\/\/www.jazzzeitung.de\/cms\/#website"},"primaryImageOfPage":{"@id":"https:\/\/www.jazzzeitung.de\/cms\/2014\/11\/showcase-bewerbungsphase-fuer-jazzahead-endet-heute\/#primaryimage"},"image":{"@id":"https:\/\/www.jazzzeitung.de\/cms\/2014\/11\/showcase-bewerbungsphase-fuer-jazzahead-endet-heute\/#primaryimage"},"thumbnailUrl":"https:\/\/i0.wp.com\/www.jazzzeitung.de\/cms\/wp-content\/uploads\/2014\/11\/Photo1-MonikaGr%C3%BCtters-c_Quelle-Christof-Rieken_800KB.jpg?fit=1000%2C1501&ssl=1","datePublished":"2014-11-11T08:01:11+00:00","dateModified":"2014-11-12T09:40:38+00:00","breadcrumb":{"@id":"https:\/\/www.jazzzeitung.de\/cms\/2014\/11\/showcase-bewerbungsphase-fuer-jazzahead-endet-heute\/#breadcrumb"},"inLanguage":"de","potentialAction":[{"@type":"ReadAction","target":["https:\/\/www.jazzzeitung.de\/cms\/2014\/11\/showcase-bewerbungsphase-fuer-jazzahead-endet-heute\/"]}]},{"@type":"ImageObject","inLanguage":"de","@id":"https:\/\/www.jazzzeitung.de\/cms\/2014\/11\/showcase-bewerbungsphase-fuer-jazzahead-endet-heute\/#primaryimage","url":"https:\/\/i0.wp.com\/www.jazzzeitung.de\/cms\/wp-content\/uploads\/2014\/11\/Photo1-MonikaGr%C3%BCtters-c_Quelle-Christof-Rieken_800KB.jpg?fit=1000%2C1501&ssl=1","contentUrl":"https:\/\/i0.wp.com\/www.jazzzeitung.de\/cms\/wp-content\/uploads\/2014\/11\/Photo1-MonikaGr%C3%BCtters-c_Quelle-Christof-Rieken_800KB.jpg?fit=1000%2C1501&ssl=1","width":1000,"height":1501,"caption":"Staatsministerin f\u00fcr Kultur und Medien, Monika Gr\u00fctters, \u00fcbernimmt 2015 die Schirmherrschaft zur Jubil\u00e4umsausgabe der jazzahead! Foto: Christof Rieken"},{"@type":"BreadcrumbList","@id":"https:\/\/www.jazzzeitung.de\/cms\/2014\/11\/showcase-bewerbungsphase-fuer-jazzahead-endet-heute\/#breadcrumb","itemListElement":[{"@type":"ListItem","position":1,"name":"Startseite","item":"https:\/\/www.jazzzeitung.de\/cms\/"},{"@type":"ListItem","position":2,"name":"Showcase-Bewerbungsphase f\u00fcr jazzahead endet heute"}]},{"@type":"WebSite","@id":"https:\/\/www.jazzzeitung.de\/cms\/#website","url":"https:\/\/www.jazzzeitung.de\/cms\/","name":"JazzZeitung","description":"Jazz-News und Jazz-Kontroverses","publisher":{"@id":"https:\/\/www.jazzzeitung.de\/cms\/#organization"},"potentialAction":[{"@type":"SearchAction","target":{"@type":"EntryPoint","urlTemplate":"https:\/\/www.jazzzeitung.de\/cms\/?s={search_term_string}"},"query-input":{"@type":"PropertyValueSpecification","valueRequired":true,"valueName":"search_term_string"}}],"inLanguage":"de"},{"@type":"Organization","@id":"https:\/\/www.jazzzeitung.de\/cms\/#organization","name":"JazzZeitung online","url":"https:\/\/www.jazzzeitung.de\/cms\/","logo":{"@type":"ImageObject","inLanguage":"de","@id":"https:\/\/www.jazzzeitung.de\/cms\/#\/schema\/logo\/image\/","url":"https:\/\/i0.wp.com\/www.jazzzeitung.de\/cms\/wp-content\/uploads\/2015\/08\/JAZZZEITUNGDE_Logo_Neu.png?fit=499%2C200&ssl=1","contentUrl":"https:\/\/i0.wp.com\/www.jazzzeitung.de\/cms\/wp-content\/uploads\/2015\/08\/JAZZZEITUNGDE_Logo_Neu.png?fit=499%2C200&ssl=1","width":499,"height":200,"caption":"JazzZeitung online"},"image":{"@id":"https:\/\/www.jazzzeitung.de\/cms\/#\/schema\/logo\/image\/"},"sameAs":["https:\/\/www.facebook.com\/JazzZeitung\/"]},{"@type":"Person","@id":"https:\/\/www.jazzzeitung.de\/cms\/#\/schema\/person\/2245b36b9cd1d24cea10f01c031fb92b","name":"Redaktion JazzZeitung","image":{"@type":"ImageObject","inLanguage":"de","@id":"https:\/\/i0.wp.com\/www.jazzzeitung.de\/cms\/wp-content\/uploads\/2015\/08\/JAZZZEITUNGDE_Logo_Neu.png?resize=96%2C96&ssl=159975dcacb611b5700bd619b5daf0a7a","url":"https:\/\/i0.wp.com\/www.jazzzeitung.de\/cms\/wp-content\/uploads\/2015\/08\/JAZZZEITUNGDE_Logo_Neu.png?resize=96%2C96&ssl=1","contentUrl":"https:\/\/i0.wp.com\/www.jazzzeitung.de\/cms\/wp-content\/uploads\/2015\/08\/JAZZZEITUNGDE_Logo_Neu.png?resize=96%2C96&ssl=1","caption":"Redaktion JazzZeitung"},"description":"Artikel der Redaktion der JazzZeitung.","sameAs":["http:\/\/www.jazzzeitung.de\/cms\/"],"url":"https:\/\/www.jazzzeitung.de\/cms\/author\/redaktion\/"}]}},"wp-worthy-pixel":{"ignored":false,"public":null,"server":null,"url":null},"wp-worthy-type":"normal","jetpack_publicize_connections":[],"cc_featured_image_caption":{"caption_text":false,"source_text":false,"source_url":false},"jetpack_featured_media_url":"https:\/\/i0.wp.com\/www.jazzzeitung.de\/cms\/wp-content\/uploads\/2014\/11\/Photo1-MonikaGr%C3%BCtters-c_Quelle-Christof-Rieken_800KB.jpg?fit=1000%2C1501&ssl=1","jetpack_shortlink":"https:\/\/wp.me\/p3KEcT-1h9","jetpack-related-posts":[{"id":2260,"url":"https:\/\/www.jazzzeitung.de\/cms\/2013\/09\/los-gehts-jazzahead-gibt-startschuss-fuer-bewerbungsverfahren-zum-showcase-festival-2014\/","url_meta":{"origin":4907,"position":0},"title":"Los geht\u2019s: jazzahead! gibt Startschuss f\u00fcr Bewerbungsverfahren zum Showcase-Festival 2014","author":"Redaktion JazzZeitung","date":"20. September 2013","format":false,"excerpt":"Das Bewerbungsverfahren f\u00fcr die jazzahead! 2014 (24.-27. April 2014) ist ab sofort er\u00f6ffnet. Bewerbungen sind f\u00fcr die German Jazz Expo (K\u00fcnstler aus Deutschland), Danish Night (Jazz aus dem Partnerland 2014: D\u00e4nemark), European Jazz Meeting (europ\u00e4ische Jazzformationen), Overseas Night (Jazz aus \u00dcbersee) m\u00f6glich. Die Bewerbungsfrist endet am 31.10.2013. Wie bereits in\u2026","rel":"","context":"In &quot;News&quot;","block_context":{"text":"News","link":"https:\/\/www.jazzzeitung.de\/cms\/thema\/nachrichten\/"},"img":{"alt_text":"","src":"","width":0,"height":0},"classes":[]},{"id":14622,"url":"https:\/\/www.jazzzeitung.de\/cms\/2017\/12\/das-jazzahead-2018-showcase-programm-steht-fest\/","url_meta":{"origin":4907,"position":1},"title":"Das jazzahead! 2018 Showcase Programm steht fest","author":"Redaktion JazzZeitung","date":"27. Dezember 2017","format":false,"excerpt":"Aus insgesamt 609 Bewerbungen aus 49 L\u00e4ndern w\u00e4hlten die Jurys die 40 Acts, die vom 19.-22. April im Rahmen der internationalen Jazz-Fachmesse auf der B\u00fchne stehen werden. In den Modulen Polish Night, European Jazz Meeting, German Jazz Expo und Overseas Night pr\u00e4sentieren sich die Bands auf drei B\u00fchnen, zwei in\u2026","rel":"","context":"In &quot;News&quot;","block_context":{"text":"News","link":"https:\/\/www.jazzzeitung.de\/cms\/thema\/nachrichten\/"},"img":{"alt_text":"German Jazz Expo: Anna-Lena Schnabel Quartett. Foto: Sven Haberland","src":"https:\/\/i0.wp.com\/www.jazzzeitung.de\/cms\/wp-content\/uploads\/2017\/12\/jazz18_GJE_Anna-Lena_Schnabel_Quartett_c_Sven_Haberland.jpg?fit=1200%2C800&ssl=1&resize=350%2C200","width":350,"height":200,"srcset":"https:\/\/i0.wp.com\/www.jazzzeitung.de\/cms\/wp-content\/uploads\/2017\/12\/jazz18_GJE_Anna-Lena_Schnabel_Quartett_c_Sven_Haberland.jpg?fit=1200%2C800&ssl=1&resize=350%2C200 1x, https:\/\/i0.wp.com\/www.jazzzeitung.de\/cms\/wp-content\/uploads\/2017\/12\/jazz18_GJE_Anna-Lena_Schnabel_Quartett_c_Sven_Haberland.jpg?fit=1200%2C800&ssl=1&resize=525%2C300 1.5x, https:\/\/i0.wp.com\/www.jazzzeitung.de\/cms\/wp-content\/uploads\/2017\/12\/jazz18_GJE_Anna-Lena_Schnabel_Quartett_c_Sven_Haberland.jpg?fit=1200%2C800&ssl=1&resize=700%2C400 2x, https:\/\/i0.wp.com\/www.jazzzeitung.de\/cms\/wp-content\/uploads\/2017\/12\/jazz18_GJE_Anna-Lena_Schnabel_Quartett_c_Sven_Haberland.jpg?fit=1200%2C800&ssl=1&resize=1050%2C600 3x"},"classes":[]},{"id":3780,"url":"https:\/\/www.jazzzeitung.de\/cms\/2014\/04\/udj-fordert-bessere-bedingungen-fuer-kuenstler-auf-der-jazzahead\/","url_meta":{"origin":4907,"position":2},"title":"UDJ fordert bessere Bedingungen f\u00fcr K\u00fcnstler auf der jazzahead!","author":"Redaktion JazzZeitung","date":"24. April 2014","format":false,"excerpt":"Anl\u00e4sslich der Musikmesse jazzahead! in Bremen fordert die Union Deutscher Jazzmusiker bessere Bedingungen bei den Showcases im Rahmen der German Jazz Expo. \u201eEs ist nicht vertretbar, dass Musikerinnen und Musikern weder Hotel- und Reisekosten erstattet werden, noch eine Verg\u00fctung f\u00fcr den Rundfunkmitschnitt der \u00f6ffentlich-rechtlichen Sendeanstalten gezahlt wird; von einer Gage\u2026","rel":"","context":"In &quot;News&quot;","block_context":{"text":"News","link":"https:\/\/www.jazzzeitung.de\/cms\/thema\/nachrichten\/"},"img":{"alt_text":"UDJ_Logo_Final","src":"https:\/\/i0.wp.com\/www.jazzzeitung.de\/cms\/wp-content\/uploads\/2014\/04\/UDJ_Logo_CMYK-nur_kugel-150x150.jpg?resize=350%2C200","width":350,"height":200},"classes":[]},{"id":33044,"url":"https:\/\/www.jazzzeitung.de\/cms\/2025\/09\/news-jazzahead-april-2026-ab-sofort-startet-die-registrierung-und-die-bewerbungsphase-fuer-die-38-showcase-konzerte-albert-mangelsdorff-preis-2025-geht-an-lauren-newton-jazzclub-reg\/","url_meta":{"origin":4907,"position":3},"title":"+++ News: +++ jazzahead! April 2026: Ab sofort startet die Registrierung und die Bewerbungsphase f\u00fcr die 38 Showcase-Konzerte +++ Albert-Mangelsdorff-Preis 2025 geht an Lauren Newton +++ Jazzclub Regensburg \u00fcbernimmt den Saal in des st\u00e4dtischen Kulturhauses Leerer Beutels in Eigenregie+++","author":"Andreas Kolb","date":"2. September 2025","format":false,"excerpt":"+++ Albert-Mangelsdorff-Preis 2025 geht an Lauren Newton +++ Zum 17. Mal wird der Albert-Mangelsdorff-Preis in Anerkennung f\u00fcr Jazz- und Improvisationsmusiker:innen vergeben Die US-amerikanische und in Deutschland aktive Vokalistin Lauren Newton wird in diesem Jahr mit dem Albert-Mangelsdorff-Preis geehrt. Er gilt als bedeutende Auszeichnung f\u00fcr Jazzmusiker*innen in Deutschland und wird seit\u2026","rel":"","context":"In &quot;News&quot;","block_context":{"text":"News","link":"https:\/\/www.jazzzeitung.de\/cms\/thema\/nachrichten\/"},"img":{"alt_text":"","src":"https:\/\/i0.wp.com\/www.jazzzeitung.de\/cms\/wp-content\/uploads\/2021\/11\/lauren-newton3.jpg?fit=1200%2C675&ssl=1&resize=350%2C200","width":350,"height":200,"srcset":"https:\/\/i0.wp.com\/www.jazzzeitung.de\/cms\/wp-content\/uploads\/2021\/11\/lauren-newton3.jpg?fit=1200%2C675&ssl=1&resize=350%2C200 1x, https:\/\/i0.wp.com\/www.jazzzeitung.de\/cms\/wp-content\/uploads\/2021\/11\/lauren-newton3.jpg?fit=1200%2C675&ssl=1&resize=525%2C300 1.5x, https:\/\/i0.wp.com\/www.jazzzeitung.de\/cms\/wp-content\/uploads\/2021\/11\/lauren-newton3.jpg?fit=1200%2C675&ssl=1&resize=700%2C400 2x, https:\/\/i0.wp.com\/www.jazzzeitung.de\/cms\/wp-content\/uploads\/2021\/11\/lauren-newton3.jpg?fit=1200%2C675&ssl=1&resize=1050%2C600 3x"},"classes":[]},{"id":7999,"url":"https:\/\/www.jazzzeitung.de\/cms\/2015\/12\/das-jazzahead-showcase-programm-2016-ist-vollstaendig\/","url_meta":{"origin":4907,"position":4},"title":"Das jazzahead!-Showcase-Programm 2016 ist vollst\u00e4ndig","author":"Redaktion JazzZeitung","date":"21. Dezember 2015","format":false,"excerpt":"40 Bands aus 16 L\u00e4ndern wurden f\u00fcr das Showcase-Festival der jazzahead! ausgew\u00e4hlt \u2013 Messe verzeichnet 587 Bewerbungen aus 43 L\u00e4ndern - Die vier Juryteams, die das Showcase-Programm der jazzahead! ausw\u00e4hlen, hatten auch in diesem Jahr allerhand zu tun: F\u00fcr das Showcase-Festival reichten insgesamt 587 Bands aus 43 L\u00e4ndern ihre Bewerbung\u2026","rel":"","context":"In &quot;Redaktionelle Nachrichten&quot;","block_context":{"text":"Redaktionelle Nachrichten","link":"https:\/\/www.jazzzeitung.de\/cms\/thema\/redaktion\/"},"img":{"alt_text":"NicoleJo_c_Hannes_Kirchhof","src":"https:\/\/i0.wp.com\/www.jazzzeitung.de\/cms\/wp-content\/uploads\/2015\/12\/NicoleJo_c_Hannes_Kirchhof-150x150.jpg?resize=350%2C200","width":350,"height":200},"classes":[]},{"id":15100,"url":"https:\/\/www.jazzzeitung.de\/cms\/2018\/02\/wo-die-jazzwelt-zusammenkommt-fachmesse-jazzahead-vom-19-22-april-in-bremen\/","url_meta":{"origin":4907,"position":5},"title":"Wo die Jazzwelt zusammenkommt: Fachmesse jazzahead! Vom 19.-22. April in Bremen","author":"Redaktion JazzZeitung","date":"23. Februar 2018","format":false,"excerpt":"Vom 19.-22. April findet die jazzahead! zum 13. Mal in der Messe Bremen statt. Wie die Veranstalter mitteilen, zeichne sich eine st\u00e4rkere Teilnahme aus den L\u00e4ndern ab, die als Zielm\u00e4rkte definiert worden sind. Zu den bisher schon sehr gut vertretenen europ\u00e4ischen L\u00e4ndern, wie beispielsweise Deutschland, Frankreich, Niederlande, Gro\u00dfbritannien, Schweiz oder\u2026","rel":"","context":"In &quot;News&quot;","block_context":{"text":"News","link":"https:\/\/www.jazzzeitung.de\/cms\/thema\/nachrichten\/"},"img":{"alt_text":"","src":"https:\/\/i0.wp.com\/www.jazzzeitung.de\/cms\/wp-content\/uploads\/2018\/02\/jazzahead2of3YXzJanRathke_MesseBremen.jpg?fit=1200%2C604&ssl=1&resize=350%2C200","width":350,"height":200,"srcset":"https:\/\/i0.wp.com\/www.jazzzeitung.de\/cms\/wp-content\/uploads\/2018\/02\/jazzahead2of3YXzJanRathke_MesseBremen.jpg?fit=1200%2C604&ssl=1&resize=350%2C200 1x, https:\/\/i0.wp.com\/www.jazzzeitung.de\/cms\/wp-content\/uploads\/2018\/02\/jazzahead2of3YXzJanRathke_MesseBremen.jpg?fit=1200%2C604&ssl=1&resize=525%2C300 1.5x, https:\/\/i0.wp.com\/www.jazzzeitung.de\/cms\/wp-content\/uploads\/2018\/02\/jazzahead2of3YXzJanRathke_MesseBremen.jpg?fit=1200%2C604&ssl=1&resize=700%2C400 2x, https:\/\/i0.wp.com\/www.jazzzeitung.de\/cms\/wp-content\/uploads\/2018\/02\/jazzahead2of3YXzJanRathke_MesseBremen.jpg?fit=1200%2C604&ssl=1&resize=1050%2C600 3x"},"classes":[]}],"jetpack_sharing_enabled":true,"_links":{"self":[{"href":"https:\/\/www.jazzzeitung.de\/cms\/wp-json\/wp\/v2\/posts\/4907","targetHints":{"allow":["GET"]}}],"collection":[{"href":"https:\/\/www.jazzzeitung.de\/cms\/wp-json\/wp\/v2\/posts"}],"about":[{"href":"https:\/\/www.jazzzeitung.de\/cms\/wp-json\/wp\/v2\/types\/post"}],"author":[{"embeddable":true,"href":"https:\/\/www.jazzzeitung.de\/cms\/wp-json\/wp\/v2\/users\/18"}],"replies":[{"embeddable":true,"href":"https:\/\/www.jazzzeitung.de\/cms\/wp-json\/wp\/v2\/comments?post=4907"}],"version-history":[{"count":1,"href":"https:\/\/www.jazzzeitung.de\/cms\/wp-json\/wp\/v2\/posts\/4907\/revisions"}],"predecessor-version":[{"id":4909,"href":"https:\/\/www.jazzzeitung.de\/cms\/wp-json\/wp\/v2\/posts\/4907\/revisions\/4909"}],"wp:featuredmedia":[{"embeddable":true,"href":"https:\/\/www.jazzzeitung.de\/cms\/wp-json\/wp\/v2\/media\/4908"}],"wp:attachment":[{"href":"https:\/\/www.jazzzeitung.de\/cms\/wp-json\/wp\/v2\/media?parent=4907"}],"wp:term":[{"taxonomy":"category","embeddable":true,"href":"https:\/\/www.jazzzeitung.de\/cms\/wp-json\/wp\/v2\/categories?post=4907"},{"taxonomy":"post_tag","embeddable":true,"href":"https:\/\/www.jazzzeitung.de\/cms\/wp-json\/wp\/v2\/tags?post=4907"},{"taxonomy":"author","embeddable":true,"href":"https:\/\/www.jazzzeitung.de\/cms\/wp-json\/wp\/v2\/coauthors?post=4907"}],"curies":[{"name":"wp","href":"https:\/\/api.w.org\/{rel}","templated":true}]}}