{"id":4676,"date":"2014-10-10T12:00:28","date_gmt":"2014-10-10T10:00:28","guid":{"rendered":"http:\/\/www.jazzzeitung.de\/cms\/?p=4676"},"modified":"2014-10-10T12:00:28","modified_gmt":"2014-10-10T10:00:28","slug":"75-jahre-blue-note-das-buch","status":"publish","type":"post","link":"https:\/\/www.jazzzeitung.de\/cms\/2014\/10\/75-jahre-blue-note-das-buch\/","title":{"rendered":"75 Jahre Blue Note &#8211; das Buch"},"content":{"rendered":"<p><a href=\"https:\/\/i0.wp.com\/www.jazzzeitung.de\/cms\/wp-content\/uploads\/2014\/10\/Buchtitel_Talkin_about_Painted_Jazz.jpg\"><img data-recalc-dims=\"1\" loading=\"lazy\" decoding=\"async\" data-attachment-id=\"4677\" data-permalink=\"https:\/\/www.jazzzeitung.de\/cms\/2014\/10\/75-jahre-blue-note-das-buch\/buch_bluenote_d_runger_93-indd\/\" data-orig-file=\"https:\/\/i0.wp.com\/www.jazzzeitung.de\/cms\/wp-content\/uploads\/2014\/10\/Buchtitel_Talkin_about_Painted_Jazz.jpg?fit=3307%2C3779&amp;ssl=1\" data-orig-size=\"3307,3779\" data-comments-opened=\"1\" data-image-meta=\"{&quot;aperture&quot;:&quot;0&quot;,&quot;credit&quot;:&quot;&quot;,&quot;camera&quot;:&quot;&quot;,&quot;caption&quot;:&quot;&quot;,&quot;created_timestamp&quot;:&quot;0&quot;,&quot;copyright&quot;:&quot;&quot;,&quot;focal_length&quot;:&quot;0&quot;,&quot;iso&quot;:&quot;0&quot;,&quot;shutter_speed&quot;:&quot;0&quot;,&quot;title&quot;:&quot;Buch_BlueNote_D_Ru\\u0308nger_93.indd&quot;,&quot;orientation&quot;:&quot;1&quot;}\" data-image-title=\"Buch_BlueNote_D_Ru\u0308nger_93.indd\" data-image-description=\"\" data-image-caption=\"\" data-large-file=\"https:\/\/i0.wp.com\/www.jazzzeitung.de\/cms\/wp-content\/uploads\/2014\/10\/Buchtitel_Talkin_about_Painted_Jazz.jpg?fit=525%2C600&amp;ssl=1\" class=\"alignright size-thumbnail wp-image-4677\" src=\"https:\/\/i0.wp.com\/www.jazzzeitung.de\/cms\/wp-content\/uploads\/2014\/10\/Buchtitel_Talkin_about_Painted_Jazz-150x150.jpg?resize=150%2C150\" alt=\"Buch_BlueNote_D_Ru\u0308nger_93.indd\" width=\"150\" height=\"150\" srcset=\"https:\/\/i0.wp.com\/www.jazzzeitung.de\/cms\/wp-content\/uploads\/2014\/10\/Buchtitel_Talkin_about_Painted_Jazz.jpg?resize=150%2C150&amp;ssl=1 150w, https:\/\/i0.wp.com\/www.jazzzeitung.de\/cms\/wp-content\/uploads\/2014\/10\/Buchtitel_Talkin_about_Painted_Jazz.jpg?resize=144%2C144&amp;ssl=1 144w, https:\/\/i0.wp.com\/www.jazzzeitung.de\/cms\/wp-content\/uploads\/2014\/10\/Buchtitel_Talkin_about_Painted_Jazz.jpg?resize=96%2C96&amp;ssl=1 96w, https:\/\/i0.wp.com\/www.jazzzeitung.de\/cms\/wp-content\/uploads\/2014\/10\/Buchtitel_Talkin_about_Painted_Jazz.jpg?resize=24%2C24&amp;ssl=1 24w, https:\/\/i0.wp.com\/www.jazzzeitung.de\/cms\/wp-content\/uploads\/2014\/10\/Buchtitel_Talkin_about_Painted_Jazz.jpg?resize=36%2C36&amp;ssl=1 36w, https:\/\/i0.wp.com\/www.jazzzeitung.de\/cms\/wp-content\/uploads\/2014\/10\/Buchtitel_Talkin_about_Painted_Jazz.jpg?resize=48%2C48&amp;ssl=1 48w, https:\/\/i0.wp.com\/www.jazzzeitung.de\/cms\/wp-content\/uploads\/2014\/10\/Buchtitel_Talkin_about_Painted_Jazz.jpg?resize=64%2C64&amp;ssl=1 64w, https:\/\/i0.wp.com\/www.jazzzeitung.de\/cms\/wp-content\/uploads\/2014\/10\/Buchtitel_Talkin_about_Painted_Jazz.jpg?resize=32%2C32&amp;ssl=1 32w, https:\/\/i0.wp.com\/www.jazzzeitung.de\/cms\/wp-content\/uploads\/2014\/10\/Buchtitel_Talkin_about_Painted_Jazz.jpg?resize=128%2C128&amp;ssl=1 128w, https:\/\/i0.wp.com\/www.jazzzeitung.de\/cms\/wp-content\/uploads\/2014\/10\/Buchtitel_Talkin_about_Painted_Jazz.jpg?zoom=2&amp;resize=150%2C150&amp;ssl=1 300w, https:\/\/i0.wp.com\/www.jazzzeitung.de\/cms\/wp-content\/uploads\/2014\/10\/Buchtitel_Talkin_about_Painted_Jazz.jpg?zoom=3&amp;resize=150%2C150&amp;ssl=1 450w\" sizes=\"auto, (max-width: 150px) 100vw, 150px\" \/><\/a>Das ist wirklich beeindruckend, was Herausgeber Rainer Placke vom Jazzprezzo Verlag anl\u00e4sslich 75 Jahre Blue Note herausbringt: \u201ePainted Jazz &#8211; Das Buch zum Jubil\u00e4um\u201c hei\u00dft es und ist versehen mit einem Vorwort von Joe Lovano. Weiterhin gibt es gro\u00dfe Kapitel von Michael Cuscuna (Blue Note), Ira Gitler (\u00fcber die Geschichte), Theresia Ziehe (\u00fcber Alfred Lion und Francis Wolff), Barbara Steingiesser (\u00fcber die Verbindung von Kunst und Musik), Bert Noglik (\u00fcber das legend\u00e4re Cover-Design von Reid Miles), Don Was (\u00fcber die Blue Note-Zukunft) und Ben R\u00fcnger (\u00fcber den K\u00fcnstler Dietrich R\u00fcnger). Dar\u00fcberhinaus erz\u00e4hlen viele Prominente ihre ganz pers\u00f6nliche Blue Note-Geschichte: G\u00f6tz Alsmann, Nils Landgren, Gregory Porter, Joachim Krol, Esperanza Spalding, Udo Lindenberg, Nils W\u00fclker, Till Br\u00f6nner, Klaus Doldinger, Siggi Loch, Karsten Jahnke, Wayne Shorter, Sheila Jordan und viele mehr. Zehn seiner Lieblingstitel des Labels bespricht Roger Willemsen, immer korrespondierend mit den Bild-Kompositionen des D\u00fcsseldorfer K\u00fcnstlers Dietrich R\u00fcnger. Dem Buch liegen zwei CDs bei. Dabei handelt es sich um zwei Radio-Sendungen aus dem Jahre 1964, in denen Alfred Lion und Francis Wolff in ihrer deutschen Muttersprache \u00fcber ihre fanatische Liebe zum Jazz erz\u00e4hlen und die gr\u00f6\u00dften Hits der ersten 25 Jahre des Labels ansagen.<\/p>\n<p><a href=\"https:\/\/i0.wp.com\/www.jazzzeitung.de\/cms\/wp-content\/uploads\/2014\/10\/US-Three.jpg\"><img data-recalc-dims=\"1\" loading=\"lazy\" decoding=\"async\" data-attachment-id=\"4679\" data-permalink=\"https:\/\/www.jazzzeitung.de\/cms\/2014\/10\/75-jahre-blue-note-das-buch\/us-three\/\" data-orig-file=\"https:\/\/i0.wp.com\/www.jazzzeitung.de\/cms\/wp-content\/uploads\/2014\/10\/US-Three.jpg?fit=3416%2C3416&amp;ssl=1\" data-orig-size=\"3416,3416\" data-comments-opened=\"1\" data-image-meta=\"{&quot;aperture&quot;:&quot;0&quot;,&quot;credit&quot;:&quot;&quot;,&quot;camera&quot;:&quot;&quot;,&quot;caption&quot;:&quot;&quot;,&quot;created_timestamp&quot;:&quot;0&quot;,&quot;copyright&quot;:&quot;&quot;,&quot;focal_length&quot;:&quot;0&quot;,&quot;iso&quot;:&quot;0&quot;,&quot;shutter_speed&quot;:&quot;0&quot;,&quot;title&quot;:&quot;&quot;,&quot;orientation&quot;:&quot;1&quot;}\" data-image-title=\"US-Three\" data-image-description=\"\" data-image-caption=\"\" data-large-file=\"https:\/\/i0.wp.com\/www.jazzzeitung.de\/cms\/wp-content\/uploads\/2014\/10\/US-Three.jpg?fit=600%2C600&amp;ssl=1\" class=\"aligncenter size-full wp-image-4679\" src=\"https:\/\/i0.wp.com\/www.jazzzeitung.de\/cms\/wp-content\/uploads\/2014\/10\/US-Three.jpg?resize=840%2C840\" alt=\"US-Three\" width=\"840\" height=\"840\" srcset=\"https:\/\/i0.wp.com\/www.jazzzeitung.de\/cms\/wp-content\/uploads\/2014\/10\/US-Three.jpg?w=3416&amp;ssl=1 3416w, https:\/\/i0.wp.com\/www.jazzzeitung.de\/cms\/wp-content\/uploads\/2014\/10\/US-Three.jpg?resize=150%2C150&amp;ssl=1 150w, https:\/\/i0.wp.com\/www.jazzzeitung.de\/cms\/wp-content\/uploads\/2014\/10\/US-Three.jpg?resize=300%2C300&amp;ssl=1 300w, https:\/\/i0.wp.com\/www.jazzzeitung.de\/cms\/wp-content\/uploads\/2014\/10\/US-Three.jpg?resize=600%2C600&amp;ssl=1 600w, https:\/\/i0.wp.com\/www.jazzzeitung.de\/cms\/wp-content\/uploads\/2014\/10\/US-Three.jpg?resize=144%2C144&amp;ssl=1 144w, https:\/\/i0.wp.com\/www.jazzzeitung.de\/cms\/wp-content\/uploads\/2014\/10\/US-Three.jpg?resize=96%2C96&amp;ssl=1 96w, https:\/\/i0.wp.com\/www.jazzzeitung.de\/cms\/wp-content\/uploads\/2014\/10\/US-Three.jpg?resize=24%2C24&amp;ssl=1 24w, https:\/\/i0.wp.com\/www.jazzzeitung.de\/cms\/wp-content\/uploads\/2014\/10\/US-Three.jpg?resize=36%2C36&amp;ssl=1 36w, https:\/\/i0.wp.com\/www.jazzzeitung.de\/cms\/wp-content\/uploads\/2014\/10\/US-Three.jpg?resize=48%2C48&amp;ssl=1 48w, https:\/\/i0.wp.com\/www.jazzzeitung.de\/cms\/wp-content\/uploads\/2014\/10\/US-Three.jpg?resize=64%2C64&amp;ssl=1 64w, https:\/\/i0.wp.com\/www.jazzzeitung.de\/cms\/wp-content\/uploads\/2014\/10\/US-Three.jpg?resize=32%2C32&amp;ssl=1 32w, https:\/\/i0.wp.com\/www.jazzzeitung.de\/cms\/wp-content\/uploads\/2014\/10\/US-Three.jpg?resize=128%2C128&amp;ssl=1 128w, https:\/\/i0.wp.com\/www.jazzzeitung.de\/cms\/wp-content\/uploads\/2014\/10\/US-Three.jpg?resize=900%2C900&amp;ssl=1 900w, https:\/\/i0.wp.com\/www.jazzzeitung.de\/cms\/wp-content\/uploads\/2014\/10\/US-Three.jpg?w=1680&amp;ssl=1 1680w, https:\/\/i0.wp.com\/www.jazzzeitung.de\/cms\/wp-content\/uploads\/2014\/10\/US-Three.jpg?w=2520&amp;ssl=1 2520w\" sizes=\"auto, (max-width: 840px) 100vw, 840px\" \/><\/a><\/p>\n<p>Rainer Placke im Editorial: \u201e\u00dcberzeugung, Entschlossenheit, Freundschaft und Leidenschaft \u2013 daraus wurde 1939 das bis zum heutigen Tag noch faszinierende Jazzlabel Blue Note \u2013 gegr\u00fcndet in New York von zwei aus Berlin stammenden j\u00fcdischen Emigranten. Alfred Lion und Francis Wolff ist dieses Buch gewidmet. \/ Seit nunmehr 75 Jahren steht der Name Blue Note f\u00fcr die Qualit\u00e4t der Musik, das kunstvolle Cover-Design in Verbindung mit den Fotos von Francis Wolff sowie die durch Rudy Van Gelder verb\u00fcrgte Aufnahmequalit\u00e4t. Das Projekt \u201ePainted Jazz\u201c f\u00fcgt diesen Erfolgsgaranten eine weitere Komponente hinzu: Musik wird sichtbar. Und zwar durch den ebenfalls vor 75 Jahren geborenen K\u00fcnstler Dietrich R\u00fcnger, der einzigartige Bild-Kompositionen nach Blue Note-Titeln entstehen l\u00e4sst \u2013 im Jahr des Jubil\u00e4ums exakt 75 abstrakte Gem\u00e4lde \u2013, erg\u00e4nzt durch Geschichten und Erinnerungen bekannter Pers\u00f6nlichkeiten rund um das zentrale Thema Blue Note. \/ <strong>JOE LOVANO<\/strong>, einer der stilpr\u00e4genden, bei Blue Note unter Vertrag stehenden Tenorsaxophonisten, hat das Vorwort geschrieben. \/ <strong>MICHAEL CUSCUNA<\/strong>, der wohl profundeste Blue Note-Kenner, schildert seine pers\u00f6nliche Entdeckungsreise durch das Blue Note-Archiv. \/ <strong>THERESIA ZIEHE<\/strong>, Kuratorin am J\u00fcdischen Museum Berlin, wandelt auf den Spuren von Alfred Lion und Francis Wolff in Berlin und sp\u00e4ter New York. \/ <strong>IRA GITLER<\/strong>, legend\u00e4rer Jazz-Publizist, erz\u00e4hlt als lebender Zeitzeuge von der pers\u00f6nlichen Zusammenarbeit mit Alfred Lion und Francis Wolff. \/ <strong>JULIAN BENEDIKT<\/strong>, Regisseur des Films \u201eBlue Note \u2013 A Story of Modern Jazz\u201c, l\u00e4sst im Kapitel \u201eThe Lucky Label\u201c die emotionalen Momente bei den Dreharbeiten auferstehen. \/ <strong>BERT NOGLIK<\/strong>, einer der renommiertesten deutschen Jazz-Publizisten, hat das legend\u00e4re Cover-Design des Labels unter die Lupe genommen. <strong>BARBARA STEINGIESSER<\/strong>, Kunsthistorikerin, Literaturwissenschaftlerin und Jazzkritikerin, stellt den historischen Zusammenhang zwischen Musik und bildender Kunst her. \/ <strong>DON WAS<\/strong>, seit 2012 Blue Note-Chef, wagt den Blick in eine m\u00f6gliche Zukunft des Labels. \/ <strong>BEN R\u00dcNGER<\/strong>, Chef von XEO Enterprise Engineering, versorgt die Leser mit Informationen \u00fcber den K\u00fcnstler, seinen Vater Dietrich R\u00fcnger. \/ In dem drei Jahre w\u00e4hrenden Entstehungsprozess dieses Buches gab es einige Schl\u00fcsselmomente. Zun\u00e4chst einmal, als Stefan Gerdes, Leiter der NDR-Jazzredaktion, vom Fund zweier Radiosendungen mit Alfred Lion und Francis Wolff sowie herrlicher Musik aus dem Jahre 1964 berichtete \u2013 diese historischen Dokumente sind dem Buch auf zwei CDs beigef\u00fcgt. Best\u00e4tigung f\u00fcr das Konzept gab es beim ersten Treffen mit Roger Willemsen. Nachdem der wortgewaltige Jazz-Enthusiast spontan mit dem Satz \u201eSo sieht Jazz aus\u201c seine Begeisterung f\u00fcr die Werke Dietrich R\u00fcngers bekundet hatte, erkl\u00e4rte er sich dazu bereit, zehn seiner Blue Note-Lieblingstitel zu besprechen \u2013 diese Seiten ziehen sich wie ein \u201eblauer Faden\u201c durch die Kapitel. \/ Spannend wurde es dann ein Jahr sp\u00e4ter beim Recherche-Aufenthalt in New York. Die intensiven Gespr\u00e4che mit dem Zeitzeugen Ira Gitler sowie Michael Cuscuna werden unvergessen bleiben. In diesem Zusammenhang haben sich zwei weitere Momente ganz fest eingebrannt: zum einen der Augenblick, als ich die von Alfred Lion penibel gef\u00fchrten Session-Hefte in den H\u00e4nden hielt. Zum anderen der Besuch des Friedhofs Beth-El in Paramus, auf dem die beiden Freunde f\u00fcrs Leben, Alfred Lion und Francis Wolff, nur wenige Meter voneinander entfernt begraben liegen. \u201eThrough jazz he lived a life he loved\u201c \u2013 diese Worte auf Alfred Lions Grabstein gelten auch f\u00fcr das Projekt \u201ePainted Jazz\u201c.\u201c<\/p>\n<p>Die offizielle Pr\u00e4sentation des Buches wird am Dienstag, den 28. Oktober, ab 19 Uhr im J\u00fcdischen Museum in Berlin stattfinden. Den ersten Teil (ab 19.30 Uhr) gestaltet Roger Willemsen, den zweiten (musikalischen Teil) \u00fcbernimmt ab 20.30 Uhr der New Yorker Vibraphonist Joe Locke mit seiner Band. Kartenbestellungne auf der homepage des J\u00fcdischen Museums Berlin, Eintritt 15 Euro .<\/p>\n<p>Au\u00dferdem veranstaltet die Evangelische Akademie Tutzig vom 21. bis 23. November ein dreit\u00e4giges Seminar 75 Jahre Blue Note. Auch dort wird das Buch ein Teil dieser Veranstaltung sein. Unter anderem tritt dort das Jukia Kadel Trio, die j\u00fcngste deutsche Blue Note-K\u00fcnstlerin auf. (eine Rezension der CD finden Sie in der Printausgabe der n\u00e4chsten JazzZeitung 5-14, die am 23.10. gedruckt wird.<\/p>\n<p>Preis: 75 Euro, 236 Seiten, Fadenheftung 28,5 mal 32,5 cm, ISBN-Nummer: 978-3-9816642-0-1<\/p>\n","protected":false},"excerpt":{"rendered":"<p>Das ist wirklich beeindruckend, was Herausgeber Rainer Placke vom Jazzprezzo Verlag anl\u00e4sslich 75 Jahre Blue Note herausbringt: \u201ePainted Jazz &#8211; Das Buch zum Jubil\u00e4um\u201c hei\u00dft es und ist versehen mit einem Vorwort von Joe Lovano. Weiterhin gibt es gro\u00dfe Kapitel von Michael Cuscuna (Blue Note), Ira Gitler (\u00fcber die Geschichte), Theresia Ziehe (\u00fcber Alfred Lion und Francis Wolff), Barbara Steingiesser (\u00fcber die Verbindung von Kunst und Musik), Bert Noglik (\u00fcber das legend\u00e4re Cover-Design von Reid Miles), Don Was (\u00fcber die Blue Note-Zukunft) und Ben R\u00fcnger (\u00fcber den K\u00fcnstler Dietrich R\u00fcnger). Dar\u00fcberhinaus erz\u00e4hlen viele Prominente ihre ganz pers\u00f6nliche Blue Note-Geschichte: G\u00f6tz Alsmann, Nils Landgren, Gregory Porter, Joachim Krol, Esperanza Spalding, Udo Lindenberg, Nils W\u00fclker, Till Br\u00f6nner, Klaus Doldinger, Siggi Loch, Karsten Jahnke, Wayne Shorter, Sheila Jordan und viele mehr. Zehn seiner Lieblingstitel des Labels bespricht Roger Willemsen, immer korrespondierend mit den Bild-Kompositionen des D\u00fcsseldorfer K\u00fcnstlers Dietrich R\u00fcnger. Dem Buch liegen zwei CDs bei. Dabei handelt es sich um zwei Radio-Sendungen aus dem Jahre 1964, in denen Alfred Lion und Francis Wolff in ihrer deutschen Muttersprache \u00fcber ihre fanatische Liebe zum Jazz erz\u00e4hlen und die gr\u00f6\u00dften Hits &hellip;<\/p>\n","protected":false},"author":18,"featured_media":0,"comment_status":"open","ping_status":"closed","sticky":false,"template":"","format":"standard","meta":{"_jetpack_memberships_contains_paid_content":false,"footnotes":"","jetpack_publicize_message":"","jetpack_publicize_feature_enabled":true,"jetpack_social_post_already_shared":false,"jetpack_social_options":{"image_generator_settings":{"template":"highway","default_image_id":0,"font":"","enabled":false},"version":2}},"categories":[633],"tags":[66,1108,1104,97,109,1105,294,1107,904,1103,1106],"coauthors":[695],"class_list":["post-4676","post","type-post","status-publish","format-standard","hentry","category-nachrichten","tag-berlin","tag-bert-noglik","tag-blue-note","tag-buch","tag-cd","tag-jazzprezzo","tag-jazzzeitung","tag-julian-benedikt","tag-new-york","tag-rainer-placke","tag-roger-willemsen"],"yoast_head":"<!-- This site is optimized with the Yoast SEO plugin v27.5 - https:\/\/yoast.com\/product\/yoast-seo-wordpress\/ -->\n<title>75 Jahre Blue Note - das Buch - JazzZeitung<\/title>\n<meta name=\"robots\" content=\"index, follow, max-snippet:-1, max-image-preview:large, max-video-preview:-1\" \/>\n<link rel=\"canonical\" href=\"https:\/\/www.jazzzeitung.de\/cms\/2014\/10\/75-jahre-blue-note-das-buch\/\" \/>\n<meta property=\"og:locale\" content=\"de_DE\" \/>\n<meta property=\"og:type\" content=\"article\" \/>\n<meta property=\"og:title\" content=\"75 Jahre Blue Note - das Buch - JazzZeitung\" \/>\n<meta property=\"og:description\" content=\"Das ist wirklich beeindruckend, was Herausgeber Rainer Placke vom Jazzprezzo Verlag anl\u00e4sslich 75 Jahre Blue Note herausbringt: \u201ePainted Jazz &#8211; Das Buch zum Jubil\u00e4um\u201c hei\u00dft es und ist versehen mit einem Vorwort von Joe Lovano. Weiterhin gibt es gro\u00dfe Kapitel von Michael Cuscuna (Blue Note), Ira Gitler (\u00fcber die Geschichte), Theresia Ziehe (\u00fcber Alfred Lion und Francis Wolff), Barbara Steingiesser (\u00fcber die Verbindung von Kunst und Musik), Bert Noglik (\u00fcber das legend\u00e4re Cover-Design von Reid Miles), Don Was (\u00fcber die Blue Note-Zukunft) und Ben R\u00fcnger (\u00fcber den K\u00fcnstler Dietrich R\u00fcnger). Dar\u00fcberhinaus erz\u00e4hlen viele Prominente ihre ganz pers\u00f6nliche Blue Note-Geschichte: G\u00f6tz Alsmann, Nils Landgren, Gregory Porter, Joachim Krol, Esperanza Spalding, Udo Lindenberg, Nils W\u00fclker, Till Br\u00f6nner, Klaus Doldinger, Siggi Loch, Karsten Jahnke, Wayne Shorter, Sheila Jordan und viele mehr. Zehn seiner Lieblingstitel des Labels bespricht Roger Willemsen, immer korrespondierend mit den Bild-Kompositionen des D\u00fcsseldorfer K\u00fcnstlers Dietrich R\u00fcnger. Dem Buch liegen zwei CDs bei. Dabei handelt es sich um zwei Radio-Sendungen aus dem Jahre 1964, in denen Alfred Lion und Francis Wolff in ihrer deutschen Muttersprache \u00fcber ihre fanatische Liebe zum Jazz erz\u00e4hlen und die gr\u00f6\u00dften Hits &hellip;\" \/>\n<meta property=\"og:url\" content=\"https:\/\/www.jazzzeitung.de\/cms\/2014\/10\/75-jahre-blue-note-das-buch\/\" \/>\n<meta property=\"og:site_name\" content=\"JazzZeitung\" \/>\n<meta property=\"article:publisher\" content=\"https:\/\/www.facebook.com\/JazzZeitung\/\" \/>\n<meta property=\"article:published_time\" content=\"2014-10-10T10:00:28+00:00\" \/>\n<meta property=\"og:image\" content=\"http:\/\/www.jazzzeitung.de\/cms\/wp-content\/uploads\/2014\/10\/Buchtitel_Talkin_about_Painted_Jazz-150x150.jpg\" \/>\n<meta name=\"author\" content=\"Redaktion JazzZeitung\" \/>\n<script type=\"application\/ld+json\" class=\"yoast-schema-graph\">{\"@context\":\"https:\\\/\\\/schema.org\",\"@graph\":[{\"@type\":\"Article\",\"@id\":\"https:\\\/\\\/www.jazzzeitung.de\\\/cms\\\/2014\\\/10\\\/75-jahre-blue-note-das-buch\\\/#article\",\"isPartOf\":{\"@id\":\"https:\\\/\\\/www.jazzzeitung.de\\\/cms\\\/2014\\\/10\\\/75-jahre-blue-note-das-buch\\\/\"},\"author\":{\"name\":\"Redaktion JazzZeitung\",\"@id\":\"https:\\\/\\\/www.jazzzeitung.de\\\/cms\\\/#\\\/schema\\\/person\\\/2245b36b9cd1d24cea10f01c031fb92b\"},\"headline\":\"75 Jahre Blue Note &#8211; das Buch\",\"datePublished\":\"2014-10-10T10:00:28+00:00\",\"mainEntityOfPage\":{\"@id\":\"https:\\\/\\\/www.jazzzeitung.de\\\/cms\\\/2014\\\/10\\\/75-jahre-blue-note-das-buch\\\/\"},\"wordCount\":878,\"commentCount\":0,\"publisher\":{\"@id\":\"https:\\\/\\\/www.jazzzeitung.de\\\/cms\\\/#organization\"},\"image\":{\"@id\":\"https:\\\/\\\/www.jazzzeitung.de\\\/cms\\\/2014\\\/10\\\/75-jahre-blue-note-das-buch\\\/#primaryimage\"},\"thumbnailUrl\":\"http:\\\/\\\/www.jazzzeitung.de\\\/cms\\\/wp-content\\\/uploads\\\/2014\\\/10\\\/Buchtitel_Talkin_about_Painted_Jazz-150x150.jpg\",\"keywords\":[\"Berlin\",\"Bert Noglik\",\"Blue Note\",\"Buch\",\"CD\",\"Jazzprezzo\",\"Jazzzeitung\",\"Julian Benedikt\",\"New York\",\"Rainer Placke\",\"Roger Willemsen\"],\"articleSection\":[\"News\"],\"inLanguage\":\"de\",\"potentialAction\":[{\"@type\":\"CommentAction\",\"name\":\"Comment\",\"target\":[\"https:\\\/\\\/www.jazzzeitung.de\\\/cms\\\/2014\\\/10\\\/75-jahre-blue-note-das-buch\\\/#respond\"]}]},{\"@type\":\"WebPage\",\"@id\":\"https:\\\/\\\/www.jazzzeitung.de\\\/cms\\\/2014\\\/10\\\/75-jahre-blue-note-das-buch\\\/\",\"url\":\"https:\\\/\\\/www.jazzzeitung.de\\\/cms\\\/2014\\\/10\\\/75-jahre-blue-note-das-buch\\\/\",\"name\":\"75 Jahre Blue Note - das Buch - JazzZeitung\",\"isPartOf\":{\"@id\":\"https:\\\/\\\/www.jazzzeitung.de\\\/cms\\\/#website\"},\"primaryImageOfPage\":{\"@id\":\"https:\\\/\\\/www.jazzzeitung.de\\\/cms\\\/2014\\\/10\\\/75-jahre-blue-note-das-buch\\\/#primaryimage\"},\"image\":{\"@id\":\"https:\\\/\\\/www.jazzzeitung.de\\\/cms\\\/2014\\\/10\\\/75-jahre-blue-note-das-buch\\\/#primaryimage\"},\"thumbnailUrl\":\"http:\\\/\\\/www.jazzzeitung.de\\\/cms\\\/wp-content\\\/uploads\\\/2014\\\/10\\\/Buchtitel_Talkin_about_Painted_Jazz-150x150.jpg\",\"datePublished\":\"2014-10-10T10:00:28+00:00\",\"breadcrumb\":{\"@id\":\"https:\\\/\\\/www.jazzzeitung.de\\\/cms\\\/2014\\\/10\\\/75-jahre-blue-note-das-buch\\\/#breadcrumb\"},\"inLanguage\":\"de\",\"potentialAction\":[{\"@type\":\"ReadAction\",\"target\":[\"https:\\\/\\\/www.jazzzeitung.de\\\/cms\\\/2014\\\/10\\\/75-jahre-blue-note-das-buch\\\/\"]}]},{\"@type\":\"ImageObject\",\"inLanguage\":\"de\",\"@id\":\"https:\\\/\\\/www.jazzzeitung.de\\\/cms\\\/2014\\\/10\\\/75-jahre-blue-note-das-buch\\\/#primaryimage\",\"url\":\"http:\\\/\\\/www.jazzzeitung.de\\\/cms\\\/wp-content\\\/uploads\\\/2014\\\/10\\\/Buchtitel_Talkin_about_Painted_Jazz-150x150.jpg\",\"contentUrl\":\"http:\\\/\\\/www.jazzzeitung.de\\\/cms\\\/wp-content\\\/uploads\\\/2014\\\/10\\\/Buchtitel_Talkin_about_Painted_Jazz-150x150.jpg\"},{\"@type\":\"BreadcrumbList\",\"@id\":\"https:\\\/\\\/www.jazzzeitung.de\\\/cms\\\/2014\\\/10\\\/75-jahre-blue-note-das-buch\\\/#breadcrumb\",\"itemListElement\":[{\"@type\":\"ListItem\",\"position\":1,\"name\":\"Startseite\",\"item\":\"https:\\\/\\\/www.jazzzeitung.de\\\/cms\\\/\"},{\"@type\":\"ListItem\",\"position\":2,\"name\":\"75 Jahre Blue Note &#8211; das Buch\"}]},{\"@type\":\"WebSite\",\"@id\":\"https:\\\/\\\/www.jazzzeitung.de\\\/cms\\\/#website\",\"url\":\"https:\\\/\\\/www.jazzzeitung.de\\\/cms\\\/\",\"name\":\"JazzZeitung\",\"description\":\"Jazz-News und Jazz-Kontroverses\",\"publisher\":{\"@id\":\"https:\\\/\\\/www.jazzzeitung.de\\\/cms\\\/#organization\"},\"potentialAction\":[{\"@type\":\"SearchAction\",\"target\":{\"@type\":\"EntryPoint\",\"urlTemplate\":\"https:\\\/\\\/www.jazzzeitung.de\\\/cms\\\/?s={search_term_string}\"},\"query-input\":{\"@type\":\"PropertyValueSpecification\",\"valueRequired\":true,\"valueName\":\"search_term_string\"}}],\"inLanguage\":\"de\"},{\"@type\":\"Organization\",\"@id\":\"https:\\\/\\\/www.jazzzeitung.de\\\/cms\\\/#organization\",\"name\":\"JazzZeitung online\",\"url\":\"https:\\\/\\\/www.jazzzeitung.de\\\/cms\\\/\",\"logo\":{\"@type\":\"ImageObject\",\"inLanguage\":\"de\",\"@id\":\"https:\\\/\\\/www.jazzzeitung.de\\\/cms\\\/#\\\/schema\\\/logo\\\/image\\\/\",\"url\":\"https:\\\/\\\/i0.wp.com\\\/www.jazzzeitung.de\\\/cms\\\/wp-content\\\/uploads\\\/2015\\\/08\\\/JAZZZEITUNGDE_Logo_Neu.png?fit=499%2C200&ssl=1\",\"contentUrl\":\"https:\\\/\\\/i0.wp.com\\\/www.jazzzeitung.de\\\/cms\\\/wp-content\\\/uploads\\\/2015\\\/08\\\/JAZZZEITUNGDE_Logo_Neu.png?fit=499%2C200&ssl=1\",\"width\":499,\"height\":200,\"caption\":\"JazzZeitung online\"},\"image\":{\"@id\":\"https:\\\/\\\/www.jazzzeitung.de\\\/cms\\\/#\\\/schema\\\/logo\\\/image\\\/\"},\"sameAs\":[\"https:\\\/\\\/www.facebook.com\\\/JazzZeitung\\\/\"]},{\"@type\":\"Person\",\"@id\":\"https:\\\/\\\/www.jazzzeitung.de\\\/cms\\\/#\\\/schema\\\/person\\\/2245b36b9cd1d24cea10f01c031fb92b\",\"name\":\"Redaktion JazzZeitung\",\"image\":{\"@type\":\"ImageObject\",\"inLanguage\":\"de\",\"@id\":\"https:\\\/\\\/i0.wp.com\\\/www.jazzzeitung.de\\\/cms\\\/wp-content\\\/uploads\\\/2015\\\/08\\\/JAZZZEITUNGDE_Logo_Neu.png?resize=96%2C96&ssl=159975dcacb611b5700bd619b5daf0a7a\",\"url\":\"https:\\\/\\\/i0.wp.com\\\/www.jazzzeitung.de\\\/cms\\\/wp-content\\\/uploads\\\/2015\\\/08\\\/JAZZZEITUNGDE_Logo_Neu.png?resize=96%2C96&ssl=1\",\"contentUrl\":\"https:\\\/\\\/i0.wp.com\\\/www.jazzzeitung.de\\\/cms\\\/wp-content\\\/uploads\\\/2015\\\/08\\\/JAZZZEITUNGDE_Logo_Neu.png?resize=96%2C96&ssl=1\",\"caption\":\"Redaktion JazzZeitung\"},\"description\":\"Artikel der Redaktion der JazzZeitung.\",\"sameAs\":[\"http:\\\/\\\/www.jazzzeitung.de\\\/cms\\\/\"],\"url\":\"https:\\\/\\\/www.jazzzeitung.de\\\/cms\\\/author\\\/redaktion\\\/\"}]}<\/script>\n<!-- \/ Yoast SEO plugin. -->","yoast_head_json":{"title":"75 Jahre Blue Note - das Buch - JazzZeitung","robots":{"index":"index","follow":"follow","max-snippet":"max-snippet:-1","max-image-preview":"max-image-preview:large","max-video-preview":"max-video-preview:-1"},"canonical":"https:\/\/www.jazzzeitung.de\/cms\/2014\/10\/75-jahre-blue-note-das-buch\/","og_locale":"de_DE","og_type":"article","og_title":"75 Jahre Blue Note - das Buch - JazzZeitung","og_description":"Das ist wirklich beeindruckend, was Herausgeber Rainer Placke vom Jazzprezzo Verlag anl\u00e4sslich 75 Jahre Blue Note herausbringt: \u201ePainted Jazz &#8211; Das Buch zum Jubil\u00e4um\u201c hei\u00dft es und ist versehen mit einem Vorwort von Joe Lovano. Weiterhin gibt es gro\u00dfe Kapitel von Michael Cuscuna (Blue Note), Ira Gitler (\u00fcber die Geschichte), Theresia Ziehe (\u00fcber Alfred Lion und Francis Wolff), Barbara Steingiesser (\u00fcber die Verbindung von Kunst und Musik), Bert Noglik (\u00fcber das legend\u00e4re Cover-Design von Reid Miles), Don Was (\u00fcber die Blue Note-Zukunft) und Ben R\u00fcnger (\u00fcber den K\u00fcnstler Dietrich R\u00fcnger). Dar\u00fcberhinaus erz\u00e4hlen viele Prominente ihre ganz pers\u00f6nliche Blue Note-Geschichte: G\u00f6tz Alsmann, Nils Landgren, Gregory Porter, Joachim Krol, Esperanza Spalding, Udo Lindenberg, Nils W\u00fclker, Till Br\u00f6nner, Klaus Doldinger, Siggi Loch, Karsten Jahnke, Wayne Shorter, Sheila Jordan und viele mehr. Zehn seiner Lieblingstitel des Labels bespricht Roger Willemsen, immer korrespondierend mit den Bild-Kompositionen des D\u00fcsseldorfer K\u00fcnstlers Dietrich R\u00fcnger. Dem Buch liegen zwei CDs bei. Dabei handelt es sich um zwei Radio-Sendungen aus dem Jahre 1964, in denen Alfred Lion und Francis Wolff in ihrer deutschen Muttersprache \u00fcber ihre fanatische Liebe zum Jazz erz\u00e4hlen und die gr\u00f6\u00dften Hits &hellip;","og_url":"https:\/\/www.jazzzeitung.de\/cms\/2014\/10\/75-jahre-blue-note-das-buch\/","og_site_name":"JazzZeitung","article_publisher":"https:\/\/www.facebook.com\/JazzZeitung\/","article_published_time":"2014-10-10T10:00:28+00:00","og_image":[{"url":"http:\/\/www.jazzzeitung.de\/cms\/wp-content\/uploads\/2014\/10\/Buchtitel_Talkin_about_Painted_Jazz-150x150.jpg","type":"","width":"","height":""}],"author":"Redaktion JazzZeitung","schema":{"@context":"https:\/\/schema.org","@graph":[{"@type":"Article","@id":"https:\/\/www.jazzzeitung.de\/cms\/2014\/10\/75-jahre-blue-note-das-buch\/#article","isPartOf":{"@id":"https:\/\/www.jazzzeitung.de\/cms\/2014\/10\/75-jahre-blue-note-das-buch\/"},"author":{"name":"Redaktion JazzZeitung","@id":"https:\/\/www.jazzzeitung.de\/cms\/#\/schema\/person\/2245b36b9cd1d24cea10f01c031fb92b"},"headline":"75 Jahre Blue Note &#8211; das Buch","datePublished":"2014-10-10T10:00:28+00:00","mainEntityOfPage":{"@id":"https:\/\/www.jazzzeitung.de\/cms\/2014\/10\/75-jahre-blue-note-das-buch\/"},"wordCount":878,"commentCount":0,"publisher":{"@id":"https:\/\/www.jazzzeitung.de\/cms\/#organization"},"image":{"@id":"https:\/\/www.jazzzeitung.de\/cms\/2014\/10\/75-jahre-blue-note-das-buch\/#primaryimage"},"thumbnailUrl":"http:\/\/www.jazzzeitung.de\/cms\/wp-content\/uploads\/2014\/10\/Buchtitel_Talkin_about_Painted_Jazz-150x150.jpg","keywords":["Berlin","Bert Noglik","Blue Note","Buch","CD","Jazzprezzo","Jazzzeitung","Julian Benedikt","New York","Rainer Placke","Roger Willemsen"],"articleSection":["News"],"inLanguage":"de","potentialAction":[{"@type":"CommentAction","name":"Comment","target":["https:\/\/www.jazzzeitung.de\/cms\/2014\/10\/75-jahre-blue-note-das-buch\/#respond"]}]},{"@type":"WebPage","@id":"https:\/\/www.jazzzeitung.de\/cms\/2014\/10\/75-jahre-blue-note-das-buch\/","url":"https:\/\/www.jazzzeitung.de\/cms\/2014\/10\/75-jahre-blue-note-das-buch\/","name":"75 Jahre Blue Note - das Buch - JazzZeitung","isPartOf":{"@id":"https:\/\/www.jazzzeitung.de\/cms\/#website"},"primaryImageOfPage":{"@id":"https:\/\/www.jazzzeitung.de\/cms\/2014\/10\/75-jahre-blue-note-das-buch\/#primaryimage"},"image":{"@id":"https:\/\/www.jazzzeitung.de\/cms\/2014\/10\/75-jahre-blue-note-das-buch\/#primaryimage"},"thumbnailUrl":"http:\/\/www.jazzzeitung.de\/cms\/wp-content\/uploads\/2014\/10\/Buchtitel_Talkin_about_Painted_Jazz-150x150.jpg","datePublished":"2014-10-10T10:00:28+00:00","breadcrumb":{"@id":"https:\/\/www.jazzzeitung.de\/cms\/2014\/10\/75-jahre-blue-note-das-buch\/#breadcrumb"},"inLanguage":"de","potentialAction":[{"@type":"ReadAction","target":["https:\/\/www.jazzzeitung.de\/cms\/2014\/10\/75-jahre-blue-note-das-buch\/"]}]},{"@type":"ImageObject","inLanguage":"de","@id":"https:\/\/www.jazzzeitung.de\/cms\/2014\/10\/75-jahre-blue-note-das-buch\/#primaryimage","url":"http:\/\/www.jazzzeitung.de\/cms\/wp-content\/uploads\/2014\/10\/Buchtitel_Talkin_about_Painted_Jazz-150x150.jpg","contentUrl":"http:\/\/www.jazzzeitung.de\/cms\/wp-content\/uploads\/2014\/10\/Buchtitel_Talkin_about_Painted_Jazz-150x150.jpg"},{"@type":"BreadcrumbList","@id":"https:\/\/www.jazzzeitung.de\/cms\/2014\/10\/75-jahre-blue-note-das-buch\/#breadcrumb","itemListElement":[{"@type":"ListItem","position":1,"name":"Startseite","item":"https:\/\/www.jazzzeitung.de\/cms\/"},{"@type":"ListItem","position":2,"name":"75 Jahre Blue Note &#8211; das Buch"}]},{"@type":"WebSite","@id":"https:\/\/www.jazzzeitung.de\/cms\/#website","url":"https:\/\/www.jazzzeitung.de\/cms\/","name":"JazzZeitung","description":"Jazz-News und Jazz-Kontroverses","publisher":{"@id":"https:\/\/www.jazzzeitung.de\/cms\/#organization"},"potentialAction":[{"@type":"SearchAction","target":{"@type":"EntryPoint","urlTemplate":"https:\/\/www.jazzzeitung.de\/cms\/?s={search_term_string}"},"query-input":{"@type":"PropertyValueSpecification","valueRequired":true,"valueName":"search_term_string"}}],"inLanguage":"de"},{"@type":"Organization","@id":"https:\/\/www.jazzzeitung.de\/cms\/#organization","name":"JazzZeitung online","url":"https:\/\/www.jazzzeitung.de\/cms\/","logo":{"@type":"ImageObject","inLanguage":"de","@id":"https:\/\/www.jazzzeitung.de\/cms\/#\/schema\/logo\/image\/","url":"https:\/\/i0.wp.com\/www.jazzzeitung.de\/cms\/wp-content\/uploads\/2015\/08\/JAZZZEITUNGDE_Logo_Neu.png?fit=499%2C200&ssl=1","contentUrl":"https:\/\/i0.wp.com\/www.jazzzeitung.de\/cms\/wp-content\/uploads\/2015\/08\/JAZZZEITUNGDE_Logo_Neu.png?fit=499%2C200&ssl=1","width":499,"height":200,"caption":"JazzZeitung online"},"image":{"@id":"https:\/\/www.jazzzeitung.de\/cms\/#\/schema\/logo\/image\/"},"sameAs":["https:\/\/www.facebook.com\/JazzZeitung\/"]},{"@type":"Person","@id":"https:\/\/www.jazzzeitung.de\/cms\/#\/schema\/person\/2245b36b9cd1d24cea10f01c031fb92b","name":"Redaktion JazzZeitung","image":{"@type":"ImageObject","inLanguage":"de","@id":"https:\/\/i0.wp.com\/www.jazzzeitung.de\/cms\/wp-content\/uploads\/2015\/08\/JAZZZEITUNGDE_Logo_Neu.png?resize=96%2C96&ssl=159975dcacb611b5700bd619b5daf0a7a","url":"https:\/\/i0.wp.com\/www.jazzzeitung.de\/cms\/wp-content\/uploads\/2015\/08\/JAZZZEITUNGDE_Logo_Neu.png?resize=96%2C96&ssl=1","contentUrl":"https:\/\/i0.wp.com\/www.jazzzeitung.de\/cms\/wp-content\/uploads\/2015\/08\/JAZZZEITUNGDE_Logo_Neu.png?resize=96%2C96&ssl=1","caption":"Redaktion JazzZeitung"},"description":"Artikel der Redaktion der JazzZeitung.","sameAs":["http:\/\/www.jazzzeitung.de\/cms\/"],"url":"https:\/\/www.jazzzeitung.de\/cms\/author\/redaktion\/"}]}},"wp-worthy-pixel":{"ignored":false,"public":null,"server":null,"url":null},"wp-worthy-type":"normal","jetpack_publicize_connections":[],"cc_featured_image_caption":{"caption_text":false,"source_text":false,"source_url":false},"jetpack_featured_media_url":"","jetpack_shortlink":"https:\/\/wp.me\/p3KEcT-1dq","jetpack-related-posts":[{"id":6950,"url":"https:\/\/www.jazzzeitung.de\/cms\/2015\/09\/die-schoensten-jazz-funk-soul-covers-aller-zeiten\/","url_meta":{"origin":4676,"position":0},"title":"Die sch\u00f6nsten Jazz, Funk &#038; Soul-Plattenh\u00fcllen aller Zeiten","author":"Redaktion JazzZeitung","date":"6. September 2015","format":false,"excerpt":"H\u00f6rt man CDs, oder streamt man Musik, dann vermisst man meistens weniger den Vinylklang \u2013 der H\u00f6rsinn scheint sich auch an digitale Qualit\u00e4t anpassen zu k\u00f6nnen. Doch diejenigen, die noch wissen, dass es so etwas einmal gab, vermissen es immens: das Cover. 31 Zentimeter auf 31 Zentimeter gro\u00df erlaubt es\u2026","rel":"","context":"In &quot;Rezension&quot;","block_context":{"text":"Rezension","link":"https:\/\/www.jazzzeitung.de\/cms\/thema\/rezension\/"},"img":{"alt_text":"Jazz Covers Herausgegeben von Joaquim Paulo und Ed Julius Wiedemann Bibliotheca Universalis TASCHEN Verlag","src":"https:\/\/i0.wp.com\/www.jazzzeitung.de\/cms\/wp-content\/uploads\/2015\/09\/Jazz-Covers.jpg?resize=350%2C200","width":350,"height":200},"classes":[]},{"id":6238,"url":"https:\/\/www.jazzzeitung.de\/cms\/2015\/05\/news-einhaldenfestival-2015-jahrespreis-der-deutschen-schallplattenkritik-summer-jazznight-burghausen-2015-vorstudium-jazz-koeln\/","url_meta":{"origin":4676,"position":1},"title":"News: +++ Einhaldenfestival 2015 +++ Jahrespreis der deutschen Schallplattenkritik +++ Summer-Jazznight Burghausen 2015 +++ Vorstudium Jazz in K\u00f6ln","author":"Redaktion JazzZeitung","date":"27. Mai 2015","format":false,"excerpt":"\u00a0 SWR Big Band er\u00f6ffnet Einhaldenfestival 2015 Vom 30. Juli bis 2. August 2015 wird der \u00fcber 850 Jahre alte Bauernhof Einhalden bei Ravensburg erneut zum Festivalgel\u00e4nde. F\u00fcr das B\u00fchnenprogramm konnten die Veranstalter rund um Bauer Bernhard Rauch wieder erstklassige Musiker und Kabarettisten gewinnen. Mit dabei sind diesmal u.a. Weltklasse-Trompeter\u2026","rel":"","context":"In &quot;News&quot;","block_context":{"text":"News","link":"https:\/\/www.jazzzeitung.de\/cms\/thema\/nachrichten\/"},"img":{"alt_text":"","src":"https:\/\/i0.wp.com\/www.jazzzeitung.de\/cms\/wp-content\/uploads\/2015\/05\/festivalgelaende2.jpg?resize=350%2C200","width":350,"height":200,"srcset":"https:\/\/i0.wp.com\/www.jazzzeitung.de\/cms\/wp-content\/uploads\/2015\/05\/festivalgelaende2.jpg?resize=350%2C200 1x, https:\/\/i0.wp.com\/www.jazzzeitung.de\/cms\/wp-content\/uploads\/2015\/05\/festivalgelaende2.jpg?resize=525%2C300 1.5x, https:\/\/i0.wp.com\/www.jazzzeitung.de\/cms\/wp-content\/uploads\/2015\/05\/festivalgelaende2.jpg?resize=700%2C400 2x, https:\/\/i0.wp.com\/www.jazzzeitung.de\/cms\/wp-content\/uploads\/2015\/05\/festivalgelaende2.jpg?resize=1050%2C600 3x, https:\/\/i0.wp.com\/www.jazzzeitung.de\/cms\/wp-content\/uploads\/2015\/05\/festivalgelaende2.jpg?resize=1400%2C800 4x"},"classes":[]},{"id":8396,"url":"https:\/\/www.jazzzeitung.de\/cms\/2016\/02\/jazz-war-seine-zweite-leidenschaft-zum-tode-von-roger-willemsen\/","url_meta":{"origin":4676,"position":2},"title":"Jazz war seine zweite Leidenschaft \u2013 Zum Tode von Roger Willemsen","author":"Redaktion JazzZeitung","date":"12. Februar 2016","format":false,"excerpt":"Von Dietrich Schlegel. Die Literatur war die eine Leidenschaft des am vergangenen Sonntag am Krebs gestorbenen Autors, Fernseh-\/Radio-Moderators und Filmemachers Roger Willemsen. Seine zweite war der Jazz. Sie kam aber in den vielen Nachrufen in den Medien eher zu kurz, wurde oft gar nicht einmal erw\u00e4hnt. Zu vielf\u00e4ltig, fast un\u00fcbersehbar\u2026","rel":"","context":"In &quot;Portrait&quot;","block_context":{"text":"Portrait","link":"https:\/\/www.jazzzeitung.de\/cms\/thema\/portrait\/"},"img":{"alt_text":"Roger Willemsen \u00a9 S. Fischer Verlage","src":"https:\/\/i0.wp.com\/www.jazzzeitung.de\/cms\/wp-content\/uploads\/2016\/02\/Roger_Willemsen_2-150x150.jpg?resize=350%2C200","width":350,"height":200},"classes":[]},{"id":6536,"url":"https:\/\/www.jazzzeitung.de\/cms\/2015\/07\/jazzfest-berlin-2015-neue-leitung-sportliches-programm\/","url_meta":{"origin":4676,"position":3},"title":"Jazzfest Berlin 2015: Neue Leitung, sportliches Programm","author":"Martin Hufner","date":"9. Juli 2015","format":false,"excerpt":"Seit letztem Jahr war bekannt, dass das JazzFest Berlin unter einer neuen Leitung steht und eine unbestimmte Ungewissheit ging damit einher. Was wird passieren? Der englische Journalist Richard Williams folgt auf Bert Noglik, der in den letzten Jahren f\u00fcr das Programm die Verantwortung trug und es gut gemacht hat. Mit\u2026","rel":"","context":"In &quot;Redaktionelle Nachrichten&quot;","block_context":{"text":"Redaktionelle Nachrichten","link":"https:\/\/www.jazzzeitung.de\/cms\/thema\/redaktion\/"},"img":{"alt_text":"Richard Williams beantwortet Fragen. Foto: Petra Basche (HuPe-kollektiv)","src":"https:\/\/i0.wp.com\/www.jazzzeitung.de\/cms\/wp-content\/uploads\/2015\/07\/Pressekonferenz_Jazzfest_Berlin_2015williams_c_basche-800x600.jpg?resize=350%2C200","width":350,"height":200,"srcset":"https:\/\/i0.wp.com\/www.jazzzeitung.de\/cms\/wp-content\/uploads\/2015\/07\/Pressekonferenz_Jazzfest_Berlin_2015williams_c_basche-800x600.jpg?resize=350%2C200 1x, https:\/\/i0.wp.com\/www.jazzzeitung.de\/cms\/wp-content\/uploads\/2015\/07\/Pressekonferenz_Jazzfest_Berlin_2015williams_c_basche-800x600.jpg?resize=525%2C300 1.5x"},"classes":[]},{"id":22410,"url":"https:\/\/www.jazzzeitung.de\/cms\/2020\/04\/22410\/","url_meta":{"origin":4676,"position":4},"title":"Die Geschichte des Jazz in Deutschland: Wolfram Knauers Buch\u00a0\u201ePlay yourself, man!\u201c","author":"Thomas J. Krebs","date":"21. April 2020","format":false,"excerpt":"Leute lest - wenn nicht jetzt, wann dann!? Und da darf es in Zeiten von Corona, Ausgangsbeschr\u00e4nkungen und Kulturstillstand auch gern mal etwas Anspruchsvolles sein! Was f\u00fcr die Bildung tun, f\u00fcr den Background. Da kommt Wolfram Knauers \u201ePlay yourself, man!\u201c - Die Geschichte des Jazz in Deutschland genau richtig. Viel\u2026","rel":"","context":"In &quot;Rezension&quot;","block_context":{"text":"Rezension","link":"https:\/\/www.jazzzeitung.de\/cms\/thema\/rezension\/"},"img":{"alt_text":"","src":"https:\/\/i0.wp.com\/www.jazzzeitung.de\/cms\/wp-content\/uploads\/2020\/04\/Knauer-Play-yourself-man-e1587469526439.jpg?fit=862%2C576&ssl=1&resize=350%2C200","width":350,"height":200,"srcset":"https:\/\/i0.wp.com\/www.jazzzeitung.de\/cms\/wp-content\/uploads\/2020\/04\/Knauer-Play-yourself-man-e1587469526439.jpg?fit=862%2C576&ssl=1&resize=350%2C200 1x, https:\/\/i0.wp.com\/www.jazzzeitung.de\/cms\/wp-content\/uploads\/2020\/04\/Knauer-Play-yourself-man-e1587469526439.jpg?fit=862%2C576&ssl=1&resize=525%2C300 1.5x, https:\/\/i0.wp.com\/www.jazzzeitung.de\/cms\/wp-content\/uploads\/2020\/04\/Knauer-Play-yourself-man-e1587469526439.jpg?fit=862%2C576&ssl=1&resize=700%2C400 2x"},"classes":[]},{"id":20365,"url":"https:\/\/www.jazzzeitung.de\/cms\/2019\/08\/25-jahre-blue-note-jazz-initiative-bad-kreuznach-e-v\/","url_meta":{"origin":4676,"position":5},"title":"25 Jahre Blue Note Jazz-Initiative Bad Kreuznach e.V","author":"Redaktion JazzZeitung","date":"13. August 2019","format":false,"excerpt":"Die Jazz-Initiative z\u00e4hlt seit Jahrzehnten mit ihren Open-Air-Konzerten und Konzertreihen \u00a0zu den \u00a0Aktivposten der Bad Kreuznacher Kulturszene. Unter dem Projekt -Titel\u00a0 \u201eJazz in der Stadt\u201c steht die Initiative f\u00fcr\u00a0\u00a0 hochkar\u00e4tige\u00a0 und vielf\u00e4ltige Live-Jazz-Konzerte, die regelm\u00e4\u00dfig in Bad Kreuznach stattfinden.\u00a0 Sie bietet seit dem prim\u00e4r eine Plattform f\u00fcr die aktuelle\u00a0 Jazzszene\u2026","rel":"","context":"In &quot;News&quot;","block_context":{"text":"News","link":"https:\/\/www.jazzzeitung.de\/cms\/thema\/nachrichten\/"},"img":{"alt_text":"","src":"https:\/\/i0.wp.com\/www.jazzzeitung.de\/cms\/wp-content\/uploads\/2019\/08\/KUU2-e1565604043270.jpg?fit=1200%2C813&ssl=1&resize=350%2C200","width":350,"height":200,"srcset":"https:\/\/i0.wp.com\/www.jazzzeitung.de\/cms\/wp-content\/uploads\/2019\/08\/KUU2-e1565604043270.jpg?fit=1200%2C813&ssl=1&resize=350%2C200 1x, https:\/\/i0.wp.com\/www.jazzzeitung.de\/cms\/wp-content\/uploads\/2019\/08\/KUU2-e1565604043270.jpg?fit=1200%2C813&ssl=1&resize=525%2C300 1.5x, https:\/\/i0.wp.com\/www.jazzzeitung.de\/cms\/wp-content\/uploads\/2019\/08\/KUU2-e1565604043270.jpg?fit=1200%2C813&ssl=1&resize=700%2C400 2x, https:\/\/i0.wp.com\/www.jazzzeitung.de\/cms\/wp-content\/uploads\/2019\/08\/KUU2-e1565604043270.jpg?fit=1200%2C813&ssl=1&resize=1050%2C600 3x"},"classes":[]}],"jetpack_sharing_enabled":true,"_links":{"self":[{"href":"https:\/\/www.jazzzeitung.de\/cms\/wp-json\/wp\/v2\/posts\/4676","targetHints":{"allow":["GET"]}}],"collection":[{"href":"https:\/\/www.jazzzeitung.de\/cms\/wp-json\/wp\/v2\/posts"}],"about":[{"href":"https:\/\/www.jazzzeitung.de\/cms\/wp-json\/wp\/v2\/types\/post"}],"author":[{"embeddable":true,"href":"https:\/\/www.jazzzeitung.de\/cms\/wp-json\/wp\/v2\/users\/18"}],"replies":[{"embeddable":true,"href":"https:\/\/www.jazzzeitung.de\/cms\/wp-json\/wp\/v2\/comments?post=4676"}],"version-history":[{"count":1,"href":"https:\/\/www.jazzzeitung.de\/cms\/wp-json\/wp\/v2\/posts\/4676\/revisions"}],"predecessor-version":[{"id":4680,"href":"https:\/\/www.jazzzeitung.de\/cms\/wp-json\/wp\/v2\/posts\/4676\/revisions\/4680"}],"wp:attachment":[{"href":"https:\/\/www.jazzzeitung.de\/cms\/wp-json\/wp\/v2\/media?parent=4676"}],"wp:term":[{"taxonomy":"category","embeddable":true,"href":"https:\/\/www.jazzzeitung.de\/cms\/wp-json\/wp\/v2\/categories?post=4676"},{"taxonomy":"post_tag","embeddable":true,"href":"https:\/\/www.jazzzeitung.de\/cms\/wp-json\/wp\/v2\/tags?post=4676"},{"taxonomy":"author","embeddable":true,"href":"https:\/\/www.jazzzeitung.de\/cms\/wp-json\/wp\/v2\/coauthors?post=4676"}],"curies":[{"name":"wp","href":"https:\/\/api.w.org\/{rel}","templated":true}]}}