{"id":463,"date":"2010-10-04T09:27:46","date_gmt":"2010-10-04T07:27:46","guid":{"rendered":"http:\/\/blogs.nmz.de\/jazz\/2010\/10\/04\/zwei-tipps-eines-lesers-und-autors\/"},"modified":"2010-10-04T09:27:46","modified_gmt":"2010-10-04T07:27:46","slug":"zwei-tipps-eines-lesers-und-autors","status":"publish","type":"post","link":"https:\/\/www.jazzzeitung.de\/cms\/2010\/10\/zwei-tipps-eines-lesers-und-autors\/","title":{"rendered":"Zwei Tipps eines Lesers und Autors"},"content":{"rendered":"<p>Anbei zwei Anregungen\/Tipps unseres Autors und Lesers Dieter Schlegel:<\/p>\n<p>\u201eDer Verfolger\u201c &#8211; wieder mal lesen<br \/>\nDass Argentinien in diesem Jahr Partnerland der Frankfurter Buchmesse ist, sollte Anlass sein, die gro\u00dfartige Erz\u00e4hlung \u201eDer Verfolger\u201c von Julio Cort\u00e1zar (1914 \u2013 1984), eines der bedeutendsten argentinischen Schriftsteller, wieder zu lesen. Es ist \u2013 leicht verschl\u00fcsselt und fiktiv geschildert \u2013 die Geschichte zuerst der letzten Jahre Charlie Parkers aus der Sicht des Ich-Erz\u00e4hlers, eines in Paris lebenden Jazzkritikers, zugleich einer der wenigen echten Freunde des genialen Saxophonisten \u201eJohnny Carter\u201c. Der schmale Band, 1978 erstmals bei Suhrkamp erschienen, ist als Nr. 21 der Bibliothek der S\u00fcddeutschen Zeitung wieder ver\u00f6ffentlicht worden. Den Einband schm\u00fcckt das Foto eines nachdenklich schauenden, fast abwesenden Charlie Parker gemeinsam mit Billy Bauer, Eddie Safranski und Lennie Tristano.<\/p>\n<p>Jazz in Neuseeland?<br \/>\nIm Apfelangebot der Superm\u00e4rkte fand ich vor Tagen eine Sorte mit dem verhei\u00dfungsvollen Namen \u201eJazz\u201c. Ein Produkt aus Neuseeland. Warum von dort ausgerechnet \u00c4pfel bis zu uns transportiert werden m\u00fcssen, erschlie\u00dft sich mir nicht. F\u00fcr meinen Geschmack ist die Sorte eh zu sauer. Aber mir dr\u00e4ngte sich die Frage auf: Gibt es au\u00dfer \u00c4pfeln auch Jazz in Neuseeland? Wer wei\u00df etwas dar\u00fcber? Eine Frage an die Redaktion, die Mitarbeiter und die Leser\u2026<\/p>\n","protected":false},"excerpt":{"rendered":"<p>Anbei zwei Anregungen\/Tipps unseres Autors und Lesers Dieter Schlegel: \u201eDer Verfolger\u201c &#8211; wieder mal lesen Dass Argentinien in diesem Jahr Partnerland der Frankfurter Buchmesse ist, sollte Anlass sein, die gro\u00dfartige Erz\u00e4hlung \u201eDer Verfolger\u201c von Julio Cort\u00e1zar (1914 \u2013 1984), eines der bedeutendsten argentinischen Schriftsteller, wieder zu lesen. Es ist \u2013 leicht verschl\u00fcsselt und fiktiv geschildert \u2013 die Geschichte zuerst der letzten Jahre Charlie Parkers aus der Sicht des Ich-Erz\u00e4hlers, eines in Paris lebenden Jazzkritikers, zugleich einer der wenigen echten Freunde des genialen Saxophonisten \u201eJohnny Carter\u201c. Der schmale Band, 1978 erstmals bei Suhrkamp erschienen, ist als Nr. 21 der Bibliothek der S\u00fcddeutschen Zeitung wieder ver\u00f6ffentlicht worden. Den Einband schm\u00fcckt das Foto eines nachdenklich schauenden, fast abwesenden Charlie Parker gemeinsam mit Billy Bauer, Eddie Safranski und Lennie Tristano. Jazz in Neuseeland? Im Apfelangebot der Superm\u00e4rkte fand ich vor Tagen eine Sorte mit dem verhei\u00dfungsvollen Namen \u201eJazz\u201c. Ein Produkt aus Neuseeland. Warum von dort ausgerechnet \u00c4pfel bis zu uns transportiert werden m\u00fcssen, erschlie\u00dft sich mir nicht. F\u00fcr meinen Geschmack ist die Sorte eh zu sauer. Aber mir dr\u00e4ngte sich die Frage auf: Gibt es au\u00dfer \u00c4pfeln auch Jazz &hellip;<\/p>\n","protected":false},"author":6,"featured_media":0,"comment_status":"open","ping_status":"open","sticky":false,"template":"","format":"standard","meta":{"_jetpack_memberships_contains_paid_content":false,"footnotes":"","jetpack_publicize_message":"","jetpack_publicize_feature_enabled":true,"jetpack_social_post_already_shared":false,"jetpack_social_options":{"image_generator_settings":{"template":"highway","default_image_id":0,"font":"","enabled":false},"version":2}},"categories":[82],"tags":[47,111,198,307,415,431],"coauthors":[],"class_list":["post-463","post","type-post","status-publish","format-standard","hentry","category-blog","tag-argentinien","tag-charlie-parker","tag-geschichte","tag-julio-cortazar","tag-neuseeland","tag-paris"],"yoast_head":"<!-- This site is optimized with the Yoast SEO plugin v27.5 - https:\/\/yoast.com\/product\/yoast-seo-wordpress\/ -->\n<title>Zwei Tipps eines Lesers und Autors - JazzZeitung<\/title>\n<meta name=\"robots\" content=\"index, follow, max-snippet:-1, max-image-preview:large, max-video-preview:-1\" \/>\n<link rel=\"canonical\" href=\"https:\/\/www.jazzzeitung.de\/cms\/2010\/10\/zwei-tipps-eines-lesers-und-autors\/\" \/>\n<meta property=\"og:locale\" content=\"de_DE\" \/>\n<meta property=\"og:type\" content=\"article\" \/>\n<meta property=\"og:title\" content=\"Zwei Tipps eines Lesers und Autors - JazzZeitung\" \/>\n<meta property=\"og:description\" content=\"Anbei zwei Anregungen\/Tipps unseres Autors und Lesers Dieter Schlegel: \u201eDer Verfolger\u201c &#8211; wieder mal lesen Dass Argentinien in diesem Jahr Partnerland der Frankfurter Buchmesse ist, sollte Anlass sein, die gro\u00dfartige Erz\u00e4hlung \u201eDer Verfolger\u201c von Julio Cort\u00e1zar (1914 \u2013 1984), eines der bedeutendsten argentinischen Schriftsteller, wieder zu lesen. Es ist \u2013 leicht verschl\u00fcsselt und fiktiv geschildert \u2013 die Geschichte zuerst der letzten Jahre Charlie Parkers aus der Sicht des Ich-Erz\u00e4hlers, eines in Paris lebenden Jazzkritikers, zugleich einer der wenigen echten Freunde des genialen Saxophonisten \u201eJohnny Carter\u201c. Der schmale Band, 1978 erstmals bei Suhrkamp erschienen, ist als Nr. 21 der Bibliothek der S\u00fcddeutschen Zeitung wieder ver\u00f6ffentlicht worden. Den Einband schm\u00fcckt das Foto eines nachdenklich schauenden, fast abwesenden Charlie Parker gemeinsam mit Billy Bauer, Eddie Safranski und Lennie Tristano. Jazz in Neuseeland? Im Apfelangebot der Superm\u00e4rkte fand ich vor Tagen eine Sorte mit dem verhei\u00dfungsvollen Namen \u201eJazz\u201c. Ein Produkt aus Neuseeland. Warum von dort ausgerechnet \u00c4pfel bis zu uns transportiert werden m\u00fcssen, erschlie\u00dft sich mir nicht. F\u00fcr meinen Geschmack ist die Sorte eh zu sauer. Aber mir dr\u00e4ngte sich die Frage auf: Gibt es au\u00dfer \u00c4pfeln auch Jazz &hellip;\" \/>\n<meta property=\"og:url\" content=\"https:\/\/www.jazzzeitung.de\/cms\/2010\/10\/zwei-tipps-eines-lesers-und-autors\/\" \/>\n<meta property=\"og:site_name\" content=\"JazzZeitung\" \/>\n<meta property=\"article:publisher\" content=\"https:\/\/www.facebook.com\/JazzZeitung\/\" \/>\n<meta property=\"article:published_time\" content=\"2010-10-04T07:27:46+00:00\" \/>\n<meta property=\"og:image\" content=\"https:\/\/i0.wp.com\/www.jazzzeitung.de\/cms\/wp-content\/uploads\/2012\/01\/ipad-logo-200.png?fit=200%2C200&ssl=1\" \/>\n\t<meta property=\"og:image:width\" content=\"200\" \/>\n\t<meta property=\"og:image:height\" content=\"200\" \/>\n\t<meta property=\"og:image:type\" content=\"image\/png\" \/>\n<meta name=\"author\" content=\"Ursula Gaisa\" \/>\n<script type=\"application\/ld+json\" class=\"yoast-schema-graph\">{\"@context\":\"https:\\\/\\\/schema.org\",\"@graph\":[{\"@type\":\"Article\",\"@id\":\"https:\\\/\\\/www.jazzzeitung.de\\\/cms\\\/2010\\\/10\\\/zwei-tipps-eines-lesers-und-autors\\\/#article\",\"isPartOf\":{\"@id\":\"https:\\\/\\\/www.jazzzeitung.de\\\/cms\\\/2010\\\/10\\\/zwei-tipps-eines-lesers-und-autors\\\/\"},\"author\":{\"name\":\"Ursula Gaisa\",\"@id\":\"https:\\\/\\\/www.jazzzeitung.de\\\/cms\\\/#\\\/schema\\\/person\\\/1d7707f8668f083601157be48b16fe1b\"},\"headline\":\"Zwei Tipps eines Lesers und Autors\",\"datePublished\":\"2010-10-04T07:27:46+00:00\",\"mainEntityOfPage\":{\"@id\":\"https:\\\/\\\/www.jazzzeitung.de\\\/cms\\\/2010\\\/10\\\/zwei-tipps-eines-lesers-und-autors\\\/\"},\"wordCount\":217,\"commentCount\":3,\"publisher\":{\"@id\":\"https:\\\/\\\/www.jazzzeitung.de\\\/cms\\\/#organization\"},\"keywords\":[\"Argentinien\",\"Charlie Parker\",\"Geschichte\",\"Julio Cort\u00e1zar\",\"Neuseeland\",\"Paris\"],\"articleSection\":[\"Blog\"],\"inLanguage\":\"de\",\"potentialAction\":[{\"@type\":\"CommentAction\",\"name\":\"Comment\",\"target\":[\"https:\\\/\\\/www.jazzzeitung.de\\\/cms\\\/2010\\\/10\\\/zwei-tipps-eines-lesers-und-autors\\\/#respond\"]}]},{\"@type\":\"WebPage\",\"@id\":\"https:\\\/\\\/www.jazzzeitung.de\\\/cms\\\/2010\\\/10\\\/zwei-tipps-eines-lesers-und-autors\\\/\",\"url\":\"https:\\\/\\\/www.jazzzeitung.de\\\/cms\\\/2010\\\/10\\\/zwei-tipps-eines-lesers-und-autors\\\/\",\"name\":\"Zwei Tipps eines Lesers und Autors - JazzZeitung\",\"isPartOf\":{\"@id\":\"https:\\\/\\\/www.jazzzeitung.de\\\/cms\\\/#website\"},\"datePublished\":\"2010-10-04T07:27:46+00:00\",\"breadcrumb\":{\"@id\":\"https:\\\/\\\/www.jazzzeitung.de\\\/cms\\\/2010\\\/10\\\/zwei-tipps-eines-lesers-und-autors\\\/#breadcrumb\"},\"inLanguage\":\"de\",\"potentialAction\":[{\"@type\":\"ReadAction\",\"target\":[\"https:\\\/\\\/www.jazzzeitung.de\\\/cms\\\/2010\\\/10\\\/zwei-tipps-eines-lesers-und-autors\\\/\"]}]},{\"@type\":\"BreadcrumbList\",\"@id\":\"https:\\\/\\\/www.jazzzeitung.de\\\/cms\\\/2010\\\/10\\\/zwei-tipps-eines-lesers-und-autors\\\/#breadcrumb\",\"itemListElement\":[{\"@type\":\"ListItem\",\"position\":1,\"name\":\"Startseite\",\"item\":\"https:\\\/\\\/www.jazzzeitung.de\\\/cms\\\/\"},{\"@type\":\"ListItem\",\"position\":2,\"name\":\"Zwei Tipps eines Lesers und Autors\"}]},{\"@type\":\"WebSite\",\"@id\":\"https:\\\/\\\/www.jazzzeitung.de\\\/cms\\\/#website\",\"url\":\"https:\\\/\\\/www.jazzzeitung.de\\\/cms\\\/\",\"name\":\"JazzZeitung\",\"description\":\"Jazz-News und Jazz-Kontroverses\",\"publisher\":{\"@id\":\"https:\\\/\\\/www.jazzzeitung.de\\\/cms\\\/#organization\"},\"potentialAction\":[{\"@type\":\"SearchAction\",\"target\":{\"@type\":\"EntryPoint\",\"urlTemplate\":\"https:\\\/\\\/www.jazzzeitung.de\\\/cms\\\/?s={search_term_string}\"},\"query-input\":{\"@type\":\"PropertyValueSpecification\",\"valueRequired\":true,\"valueName\":\"search_term_string\"}}],\"inLanguage\":\"de\"},{\"@type\":\"Organization\",\"@id\":\"https:\\\/\\\/www.jazzzeitung.de\\\/cms\\\/#organization\",\"name\":\"JazzZeitung online\",\"url\":\"https:\\\/\\\/www.jazzzeitung.de\\\/cms\\\/\",\"logo\":{\"@type\":\"ImageObject\",\"inLanguage\":\"de\",\"@id\":\"https:\\\/\\\/www.jazzzeitung.de\\\/cms\\\/#\\\/schema\\\/logo\\\/image\\\/\",\"url\":\"https:\\\/\\\/i0.wp.com\\\/www.jazzzeitung.de\\\/cms\\\/wp-content\\\/uploads\\\/2015\\\/08\\\/JAZZZEITUNGDE_Logo_Neu.png?fit=499%2C200&ssl=1\",\"contentUrl\":\"https:\\\/\\\/i0.wp.com\\\/www.jazzzeitung.de\\\/cms\\\/wp-content\\\/uploads\\\/2015\\\/08\\\/JAZZZEITUNGDE_Logo_Neu.png?fit=499%2C200&ssl=1\",\"width\":499,\"height\":200,\"caption\":\"JazzZeitung online\"},\"image\":{\"@id\":\"https:\\\/\\\/www.jazzzeitung.de\\\/cms\\\/#\\\/schema\\\/logo\\\/image\\\/\"},\"sameAs\":[\"https:\\\/\\\/www.facebook.com\\\/JazzZeitung\\\/\"]},{\"@type\":\"Person\",\"@id\":\"https:\\\/\\\/www.jazzzeitung.de\\\/cms\\\/#\\\/schema\\\/person\\\/1d7707f8668f083601157be48b16fe1b\",\"name\":\"Ursula Gaisa\",\"image\":{\"@type\":\"ImageObject\",\"inLanguage\":\"de\",\"@id\":\"https:\\\/\\\/secure.gravatar.com\\\/avatar\\\/b9c23f3e1855277dfcc4682042bfb89dce806656872e44d5f2f2670a602ecfde?s=96&d=wp_user_avatar&r=g2a222bd83deef568a70b811610d29664\",\"url\":\"https:\\\/\\\/secure.gravatar.com\\\/avatar\\\/b9c23f3e1855277dfcc4682042bfb89dce806656872e44d5f2f2670a602ecfde?s=96&d=wp_user_avatar&r=g\",\"contentUrl\":\"https:\\\/\\\/secure.gravatar.com\\\/avatar\\\/b9c23f3e1855277dfcc4682042bfb89dce806656872e44d5f2f2670a602ecfde?s=96&d=wp_user_avatar&r=g\",\"caption\":\"Ursula Gaisa\"},\"url\":\"https:\\\/\\\/www.jazzzeitung.de\\\/cms\\\/author\\\/gaisa\\\/\"}]}<\/script>\n<!-- \/ Yoast SEO plugin. -->","yoast_head_json":{"title":"Zwei Tipps eines Lesers und Autors - JazzZeitung","robots":{"index":"index","follow":"follow","max-snippet":"max-snippet:-1","max-image-preview":"max-image-preview:large","max-video-preview":"max-video-preview:-1"},"canonical":"https:\/\/www.jazzzeitung.de\/cms\/2010\/10\/zwei-tipps-eines-lesers-und-autors\/","og_locale":"de_DE","og_type":"article","og_title":"Zwei Tipps eines Lesers und Autors - JazzZeitung","og_description":"Anbei zwei Anregungen\/Tipps unseres Autors und Lesers Dieter Schlegel: \u201eDer Verfolger\u201c &#8211; wieder mal lesen Dass Argentinien in diesem Jahr Partnerland der Frankfurter Buchmesse ist, sollte Anlass sein, die gro\u00dfartige Erz\u00e4hlung \u201eDer Verfolger\u201c von Julio Cort\u00e1zar (1914 \u2013 1984), eines der bedeutendsten argentinischen Schriftsteller, wieder zu lesen. Es ist \u2013 leicht verschl\u00fcsselt und fiktiv geschildert \u2013 die Geschichte zuerst der letzten Jahre Charlie Parkers aus der Sicht des Ich-Erz\u00e4hlers, eines in Paris lebenden Jazzkritikers, zugleich einer der wenigen echten Freunde des genialen Saxophonisten \u201eJohnny Carter\u201c. Der schmale Band, 1978 erstmals bei Suhrkamp erschienen, ist als Nr. 21 der Bibliothek der S\u00fcddeutschen Zeitung wieder ver\u00f6ffentlicht worden. Den Einband schm\u00fcckt das Foto eines nachdenklich schauenden, fast abwesenden Charlie Parker gemeinsam mit Billy Bauer, Eddie Safranski und Lennie Tristano. Jazz in Neuseeland? Im Apfelangebot der Superm\u00e4rkte fand ich vor Tagen eine Sorte mit dem verhei\u00dfungsvollen Namen \u201eJazz\u201c. Ein Produkt aus Neuseeland. Warum von dort ausgerechnet \u00c4pfel bis zu uns transportiert werden m\u00fcssen, erschlie\u00dft sich mir nicht. F\u00fcr meinen Geschmack ist die Sorte eh zu sauer. Aber mir dr\u00e4ngte sich die Frage auf: Gibt es au\u00dfer \u00c4pfeln auch Jazz &hellip;","og_url":"https:\/\/www.jazzzeitung.de\/cms\/2010\/10\/zwei-tipps-eines-lesers-und-autors\/","og_site_name":"JazzZeitung","article_publisher":"https:\/\/www.facebook.com\/JazzZeitung\/","article_published_time":"2010-10-04T07:27:46+00:00","og_image":[{"width":200,"height":200,"url":"https:\/\/i0.wp.com\/www.jazzzeitung.de\/cms\/wp-content\/uploads\/2012\/01\/ipad-logo-200.png?fit=200%2C200&ssl=1","type":"image\/png"}],"author":"Ursula Gaisa","schema":{"@context":"https:\/\/schema.org","@graph":[{"@type":"Article","@id":"https:\/\/www.jazzzeitung.de\/cms\/2010\/10\/zwei-tipps-eines-lesers-und-autors\/#article","isPartOf":{"@id":"https:\/\/www.jazzzeitung.de\/cms\/2010\/10\/zwei-tipps-eines-lesers-und-autors\/"},"author":{"name":"Ursula Gaisa","@id":"https:\/\/www.jazzzeitung.de\/cms\/#\/schema\/person\/1d7707f8668f083601157be48b16fe1b"},"headline":"Zwei Tipps eines Lesers und Autors","datePublished":"2010-10-04T07:27:46+00:00","mainEntityOfPage":{"@id":"https:\/\/www.jazzzeitung.de\/cms\/2010\/10\/zwei-tipps-eines-lesers-und-autors\/"},"wordCount":217,"commentCount":3,"publisher":{"@id":"https:\/\/www.jazzzeitung.de\/cms\/#organization"},"keywords":["Argentinien","Charlie Parker","Geschichte","Julio Cort\u00e1zar","Neuseeland","Paris"],"articleSection":["Blog"],"inLanguage":"de","potentialAction":[{"@type":"CommentAction","name":"Comment","target":["https:\/\/www.jazzzeitung.de\/cms\/2010\/10\/zwei-tipps-eines-lesers-und-autors\/#respond"]}]},{"@type":"WebPage","@id":"https:\/\/www.jazzzeitung.de\/cms\/2010\/10\/zwei-tipps-eines-lesers-und-autors\/","url":"https:\/\/www.jazzzeitung.de\/cms\/2010\/10\/zwei-tipps-eines-lesers-und-autors\/","name":"Zwei Tipps eines Lesers und Autors - JazzZeitung","isPartOf":{"@id":"https:\/\/www.jazzzeitung.de\/cms\/#website"},"datePublished":"2010-10-04T07:27:46+00:00","breadcrumb":{"@id":"https:\/\/www.jazzzeitung.de\/cms\/2010\/10\/zwei-tipps-eines-lesers-und-autors\/#breadcrumb"},"inLanguage":"de","potentialAction":[{"@type":"ReadAction","target":["https:\/\/www.jazzzeitung.de\/cms\/2010\/10\/zwei-tipps-eines-lesers-und-autors\/"]}]},{"@type":"BreadcrumbList","@id":"https:\/\/www.jazzzeitung.de\/cms\/2010\/10\/zwei-tipps-eines-lesers-und-autors\/#breadcrumb","itemListElement":[{"@type":"ListItem","position":1,"name":"Startseite","item":"https:\/\/www.jazzzeitung.de\/cms\/"},{"@type":"ListItem","position":2,"name":"Zwei Tipps eines Lesers und Autors"}]},{"@type":"WebSite","@id":"https:\/\/www.jazzzeitung.de\/cms\/#website","url":"https:\/\/www.jazzzeitung.de\/cms\/","name":"JazzZeitung","description":"Jazz-News und Jazz-Kontroverses","publisher":{"@id":"https:\/\/www.jazzzeitung.de\/cms\/#organization"},"potentialAction":[{"@type":"SearchAction","target":{"@type":"EntryPoint","urlTemplate":"https:\/\/www.jazzzeitung.de\/cms\/?s={search_term_string}"},"query-input":{"@type":"PropertyValueSpecification","valueRequired":true,"valueName":"search_term_string"}}],"inLanguage":"de"},{"@type":"Organization","@id":"https:\/\/www.jazzzeitung.de\/cms\/#organization","name":"JazzZeitung online","url":"https:\/\/www.jazzzeitung.de\/cms\/","logo":{"@type":"ImageObject","inLanguage":"de","@id":"https:\/\/www.jazzzeitung.de\/cms\/#\/schema\/logo\/image\/","url":"https:\/\/i0.wp.com\/www.jazzzeitung.de\/cms\/wp-content\/uploads\/2015\/08\/JAZZZEITUNGDE_Logo_Neu.png?fit=499%2C200&ssl=1","contentUrl":"https:\/\/i0.wp.com\/www.jazzzeitung.de\/cms\/wp-content\/uploads\/2015\/08\/JAZZZEITUNGDE_Logo_Neu.png?fit=499%2C200&ssl=1","width":499,"height":200,"caption":"JazzZeitung online"},"image":{"@id":"https:\/\/www.jazzzeitung.de\/cms\/#\/schema\/logo\/image\/"},"sameAs":["https:\/\/www.facebook.com\/JazzZeitung\/"]},{"@type":"Person","@id":"https:\/\/www.jazzzeitung.de\/cms\/#\/schema\/person\/1d7707f8668f083601157be48b16fe1b","name":"Ursula Gaisa","image":{"@type":"ImageObject","inLanguage":"de","@id":"https:\/\/secure.gravatar.com\/avatar\/b9c23f3e1855277dfcc4682042bfb89dce806656872e44d5f2f2670a602ecfde?s=96&d=wp_user_avatar&r=g2a222bd83deef568a70b811610d29664","url":"https:\/\/secure.gravatar.com\/avatar\/b9c23f3e1855277dfcc4682042bfb89dce806656872e44d5f2f2670a602ecfde?s=96&d=wp_user_avatar&r=g","contentUrl":"https:\/\/secure.gravatar.com\/avatar\/b9c23f3e1855277dfcc4682042bfb89dce806656872e44d5f2f2670a602ecfde?s=96&d=wp_user_avatar&r=g","caption":"Ursula Gaisa"},"url":"https:\/\/www.jazzzeitung.de\/cms\/author\/gaisa\/"}]}},"wp-worthy-pixel":{"ignored":false,"public":null,"server":null,"url":null},"wp-worthy-type":"normal","jetpack_publicize_connections":[],"cc_featured_image_caption":{"caption_text":false,"source_text":false,"source_url":false},"jetpack_featured_media_url":"","jetpack_shortlink":"https:\/\/wp.me\/p3KEcT-7t","jetpack-related-posts":[{"id":22410,"url":"https:\/\/www.jazzzeitung.de\/cms\/2020\/04\/22410\/","url_meta":{"origin":463,"position":0},"title":"Die Geschichte des Jazz in Deutschland: Wolfram Knauers Buch\u00a0\u201ePlay yourself, man!\u201c","author":"Thomas J. Krebs","date":"21. April 2020","format":false,"excerpt":"Leute lest - wenn nicht jetzt, wann dann!? Und da darf es in Zeiten von Corona, Ausgangsbeschr\u00e4nkungen und Kulturstillstand auch gern mal etwas Anspruchsvolles sein! Was f\u00fcr die Bildung tun, f\u00fcr den Background. Da kommt Wolfram Knauers \u201ePlay yourself, man!\u201c - Die Geschichte des Jazz in Deutschland genau richtig. Viel\u2026","rel":"","context":"In &quot;Rezension&quot;","block_context":{"text":"Rezension","link":"https:\/\/www.jazzzeitung.de\/cms\/thema\/rezension\/"},"img":{"alt_text":"","src":"https:\/\/i0.wp.com\/www.jazzzeitung.de\/cms\/wp-content\/uploads\/2020\/04\/Knauer-Play-yourself-man-e1587469526439.jpg?fit=862%2C576&ssl=1&resize=350%2C200","width":350,"height":200,"srcset":"https:\/\/i0.wp.com\/www.jazzzeitung.de\/cms\/wp-content\/uploads\/2020\/04\/Knauer-Play-yourself-man-e1587469526439.jpg?fit=862%2C576&ssl=1&resize=350%2C200 1x, https:\/\/i0.wp.com\/www.jazzzeitung.de\/cms\/wp-content\/uploads\/2020\/04\/Knauer-Play-yourself-man-e1587469526439.jpg?fit=862%2C576&ssl=1&resize=525%2C300 1.5x, https:\/\/i0.wp.com\/www.jazzzeitung.de\/cms\/wp-content\/uploads\/2020\/04\/Knauer-Play-yourself-man-e1587469526439.jpg?fit=862%2C576&ssl=1&resize=700%2C400 2x"},"classes":[]},{"id":21836,"url":"https:\/\/www.jazzzeitung.de\/cms\/2020\/02\/musik-eines-genies-neu-interpretiert\/","url_meta":{"origin":463,"position":1},"title":"Musik eines Genies \u2013 neu interpretiert\u00a0","author":"Redaktion JazzZeitung","date":"6. Februar 2020","format":false,"excerpt":"Ein Quintett aus M\u00fcnchen l\u00e4sst die Musik des Bebop-Saxofonisten Charlie Parker beim Jazzclub Regensburg wieder aufleben.\u00a0\u00a0 Regensburg. Er war ein Genie. Ein tragisches sagen viele, ein \u201enat\u00fcrliches Genie\u201c, wie es einmal Gigi Gryce, Mitglied der Jazz Messengers und Altsaxofonist wie sein Freund Charlie Parker, \u00fcber diesen ausdr\u00fcckte. Der Einfluss, den\u2026","rel":"","context":"In &quot;News&quot;","block_context":{"text":"News","link":"https:\/\/www.jazzzeitung.de\/cms\/thema\/nachrichten\/"},"img":{"alt_text":"","src":"https:\/\/i0.wp.com\/www.jazzzeitung.de\/cms\/wp-content\/uploads\/2020\/02\/Widmoser-Holstein_08.jpg?fit=1200%2C786&ssl=1&resize=350%2C200","width":350,"height":200,"srcset":"https:\/\/i0.wp.com\/www.jazzzeitung.de\/cms\/wp-content\/uploads\/2020\/02\/Widmoser-Holstein_08.jpg?fit=1200%2C786&ssl=1&resize=350%2C200 1x, https:\/\/i0.wp.com\/www.jazzzeitung.de\/cms\/wp-content\/uploads\/2020\/02\/Widmoser-Holstein_08.jpg?fit=1200%2C786&ssl=1&resize=525%2C300 1.5x, https:\/\/i0.wp.com\/www.jazzzeitung.de\/cms\/wp-content\/uploads\/2020\/02\/Widmoser-Holstein_08.jpg?fit=1200%2C786&ssl=1&resize=700%2C400 2x, https:\/\/i0.wp.com\/www.jazzzeitung.de\/cms\/wp-content\/uploads\/2020\/02\/Widmoser-Holstein_08.jpg?fit=1200%2C786&ssl=1&resize=1050%2C600 3x"},"classes":[]},{"id":14324,"url":"https:\/\/www.jazzzeitung.de\/cms\/2017\/11\/lorenz-kellhuber-solo-im-berliner-zigzag-club\/","url_meta":{"origin":463,"position":2},"title":"Lorenz Kellhuber solo im Berliner Zig Zag Jazz Club","author":"Huflaikhan","date":"20. November 2017","format":false,"excerpt":"In Berliner Bezirk Friedenau steht ein kleiner Jazzclub. Man kann durch die gro\u00dfen Fenster zur Stra\u00dfenseite hinein- und hinausschauen. Er gilt als \u201eangesagt\u201c \u2013 er ist gleichwohl klein und bietet gesch\u00e4tzt vielleicht maximal 100 Personen Platz. Demn\u00e4chst tauchen im Zig Zag Jazz Club auch \u201eThe Bad Plus\u201c (2.12.) hier auf\u2026","rel":"","context":"In &quot;Bericht&quot;","block_context":{"text":"Bericht","link":"https:\/\/www.jazzzeitung.de\/cms\/thema\/bericht\/"},"img":{"alt_text":"Zigzag-Club in Friedenau. Foto: Hufner","src":"https:\/\/i0.wp.com\/www.jazzzeitung.de\/cms\/wp-content\/uploads\/2017\/11\/zigzagclub_c_huf.jpg?fit=1200%2C900&ssl=1&resize=350%2C200","width":350,"height":200,"srcset":"https:\/\/i0.wp.com\/www.jazzzeitung.de\/cms\/wp-content\/uploads\/2017\/11\/zigzagclub_c_huf.jpg?fit=1200%2C900&ssl=1&resize=350%2C200 1x, https:\/\/i0.wp.com\/www.jazzzeitung.de\/cms\/wp-content\/uploads\/2017\/11\/zigzagclub_c_huf.jpg?fit=1200%2C900&ssl=1&resize=525%2C300 1.5x, https:\/\/i0.wp.com\/www.jazzzeitung.de\/cms\/wp-content\/uploads\/2017\/11\/zigzagclub_c_huf.jpg?fit=1200%2C900&ssl=1&resize=700%2C400 2x, https:\/\/i0.wp.com\/www.jazzzeitung.de\/cms\/wp-content\/uploads\/2017\/11\/zigzagclub_c_huf.jpg?fit=1200%2C900&ssl=1&resize=1050%2C600 3x"},"classes":[]},{"id":7101,"url":"https:\/\/www.jazzzeitung.de\/cms\/2015\/09\/helmut-eisel-und-das-sebastian-voltz-trio-spielen-talking-sinatra-huerth\/","url_meta":{"origin":463,"position":3},"title":"Helmut Eisel und das Sebastian Voltz Trio spielen \u201eTalking Sinatra\u201c in H\u00fcrth","author":"Redaktion JazzZeitung","date":"17. September 2015","format":false,"excerpt":"Schon im M\u00e4rz hatte Klarinettist Helmut Eisel im H\u00fcrther B\u00fcrgerhaus zusammen mit Joscho Stephan durch eine fulminante Mischung aus Klezmer und Gypsy-Swing begeistert. Dass Klezmer auch hervorragend zum Repertoire eines der gr\u00f6\u00dften S\u00e4nger der gesamten Musikgeschichte passt, das bewies Eisel zusammen mit dem Sebastian Voltz Trio und seinem Programm \u201eTalking\u2026","rel":"","context":"In &quot;Bericht&quot;","block_context":{"text":"Bericht","link":"https:\/\/www.jazzzeitung.de\/cms\/thema\/bericht\/"},"img":{"alt_text":"IMG_3027","src":"https:\/\/i0.wp.com\/www.jazzzeitung.de\/cms\/wp-content\/uploads\/2015\/09\/IMG_3027-150x150.jpg?resize=350%2C200","width":350,"height":200},"classes":[]},{"id":13624,"url":"https:\/\/www.jazzzeitung.de\/cms\/2017\/10\/jazzfest-berlin\/","url_meta":{"origin":463,"position":4},"title":"Jazzfest Berlin 2017 blickt nach London und New York","author":"Redaktion JazzZeitung","date":"2. Oktober 2017","format":false,"excerpt":"Festivaler\u00f6ffnung mit Bands aus den USA und London im Lido in Kreuzberg. Erster Artist-in-Residence: Amerikanischer Musiker Tyshawn Sorey\u00a0 Die Verbindung der Berliner Musikszene mit den USA und London\u00a0ist eines der Themen\u00a0der dritten und letzten Festivalausgabe des k\u00fcnstlerischen Leiters, des britischen\u00a0Autors\u00a0Richard Williams.\u00a0Der US-amerikanische\u00a0Schlagzeuger und Komponist\u00a0Tyshawn Sorey ist der erste Artist-in-Residence des\u2026","rel":"","context":"In &quot;News&quot;","block_context":{"text":"News","link":"https:\/\/www.jazzzeitung.de\/cms\/thema\/nachrichten\/"},"img":{"alt_text":"Tyshawn Sorey. Copyright: Tyshawn Sorey","src":"https:\/\/i0.wp.com\/www.jazzzeitung.de\/cms\/wp-content\/uploads\/2017\/10\/jfb17_p_tyshawn_sorey_by_john_rogers_c_tyshawn_sorey_06.jpeg?fit=1200%2C800&ssl=1&resize=350%2C200","width":350,"height":200,"srcset":"https:\/\/i0.wp.com\/www.jazzzeitung.de\/cms\/wp-content\/uploads\/2017\/10\/jfb17_p_tyshawn_sorey_by_john_rogers_c_tyshawn_sorey_06.jpeg?fit=1200%2C800&ssl=1&resize=350%2C200 1x, https:\/\/i0.wp.com\/www.jazzzeitung.de\/cms\/wp-content\/uploads\/2017\/10\/jfb17_p_tyshawn_sorey_by_john_rogers_c_tyshawn_sorey_06.jpeg?fit=1200%2C800&ssl=1&resize=525%2C300 1.5x, https:\/\/i0.wp.com\/www.jazzzeitung.de\/cms\/wp-content\/uploads\/2017\/10\/jfb17_p_tyshawn_sorey_by_john_rogers_c_tyshawn_sorey_06.jpeg?fit=1200%2C800&ssl=1&resize=700%2C400 2x, https:\/\/i0.wp.com\/www.jazzzeitung.de\/cms\/wp-content\/uploads\/2017\/10\/jfb17_p_tyshawn_sorey_by_john_rogers_c_tyshawn_sorey_06.jpeg?fit=1200%2C800&ssl=1&resize=1050%2C600 3x"},"classes":[]},{"id":4140,"url":"https:\/\/www.jazzzeitung.de\/cms\/2014\/07\/liberte-egalite-virtuosite-das-32-jazzfestival-suedtirol-mit-frankreich-schwerpunkt\/","url_meta":{"origin":463,"position":5},"title":"Libert\u00e9, Egalit\u00e9, Virtuosit\u00e9: das 32. Jazzfestival S\u00fcdtirol mit Frankreich-Schwerpunkt","author":"Redaktion JazzZeitung","date":"2. Juli 2014","format":false,"excerpt":"Ein Bericht aus S\u00fcdtirol - von Oliver Hochkeppel, Fotos von Ralf Dombrowski: Dass es im Laufe der vergangenen Jahre nicht nur wegen seiner besonderen Spielorte, sondern auch programmatisch eines der au\u00dfergew\u00f6hnlichsten und spannendsten Festivals geworden ist, belegte die 32. Ausgabe des S\u00fcdtirol Jazzfestivals gleich mit den beiden Auftaktveranstaltungen am vergangenen\u2026","rel":"","context":"In &quot;Galerie&quot;","block_context":{"text":"Galerie","link":"https:\/\/www.jazzzeitung.de\/cms\/thema\/galerie\/"},"img":{"alt_text":"","src":"https:\/\/i0.wp.com\/www.jazzzeitung.de\/cms\/wp-content\/uploads\/2014\/07\/Kuljic_3_dombr.jpg?resize=350%2C200","width":350,"height":200,"srcset":"https:\/\/i0.wp.com\/www.jazzzeitung.de\/cms\/wp-content\/uploads\/2014\/07\/Kuljic_3_dombr.jpg?resize=350%2C200 1x, https:\/\/i0.wp.com\/www.jazzzeitung.de\/cms\/wp-content\/uploads\/2014\/07\/Kuljic_3_dombr.jpg?resize=525%2C300 1.5x, https:\/\/i0.wp.com\/www.jazzzeitung.de\/cms\/wp-content\/uploads\/2014\/07\/Kuljic_3_dombr.jpg?resize=700%2C400 2x"},"classes":[]}],"jetpack_sharing_enabled":true,"_links":{"self":[{"href":"https:\/\/www.jazzzeitung.de\/cms\/wp-json\/wp\/v2\/posts\/463","targetHints":{"allow":["GET"]}}],"collection":[{"href":"https:\/\/www.jazzzeitung.de\/cms\/wp-json\/wp\/v2\/posts"}],"about":[{"href":"https:\/\/www.jazzzeitung.de\/cms\/wp-json\/wp\/v2\/types\/post"}],"author":[{"embeddable":true,"href":"https:\/\/www.jazzzeitung.de\/cms\/wp-json\/wp\/v2\/users\/6"}],"replies":[{"embeddable":true,"href":"https:\/\/www.jazzzeitung.de\/cms\/wp-json\/wp\/v2\/comments?post=463"}],"version-history":[{"count":0,"href":"https:\/\/www.jazzzeitung.de\/cms\/wp-json\/wp\/v2\/posts\/463\/revisions"}],"wp:attachment":[{"href":"https:\/\/www.jazzzeitung.de\/cms\/wp-json\/wp\/v2\/media?parent=463"}],"wp:term":[{"taxonomy":"category","embeddable":true,"href":"https:\/\/www.jazzzeitung.de\/cms\/wp-json\/wp\/v2\/categories?post=463"},{"taxonomy":"post_tag","embeddable":true,"href":"https:\/\/www.jazzzeitung.de\/cms\/wp-json\/wp\/v2\/tags?post=463"},{"taxonomy":"author","embeddable":true,"href":"https:\/\/www.jazzzeitung.de\/cms\/wp-json\/wp\/v2\/coauthors?post=463"}],"curies":[{"name":"wp","href":"https:\/\/api.w.org\/{rel}","templated":true}]}}