{"id":457,"date":"2010-10-10T23:46:04","date_gmt":"2010-10-10T21:46:04","guid":{"rendered":"http:\/\/blogs.nmz.de\/jazz\/?p=457"},"modified":"2010-10-10T23:46:04","modified_gmt":"2010-10-10T21:46:04","slug":"jazz-ist-nicht-tot-er-wird-nur-spaet-gesendet","status":"publish","type":"post","link":"https:\/\/www.jazzzeitung.de\/cms\/2010\/10\/jazz-ist-nicht-tot-er-wird-nur-spaet-gesendet\/","title":{"rendered":"Jazz ist nicht tot, er wird nur sp\u00e4t gesendet!"},"content":{"rendered":"<p>Nachdem in unserem Blog k\u00fcrzlich die Beschaffenheit und Qualit\u00e4t der  Hamburger Jazzszene zur Diskussion stand und in einem dabei geposteten <a href=\"http:\/\/www.youtube.com\/watch?v=0QPwfUeA2i8\" target=\"_blank\">Video-Link <\/a>behauptet  wurde, es f\u00e4nde so gut wie kein Jazz mehr im Radio statt, soll hier  eine kleine \u00dcberpr\u00fcfung dieser Aussage folgen und das vorgestellt  werden, was der \u00f6ffentlich-rechtliche Rundfunk noch an Lebenszeichen  aussendet.<\/p>\n<figure id=\"attachment_486\" aria-describedby=\"caption-attachment-486\" style=\"width: 300px\" class=\"wp-caption aligncenter\"><a href=\"https:\/\/i0.wp.com\/www.jazzzeitung.de\/cms\/wp-content\/uploads\/2010\/10\/screenshot_ard.de_.jpg\"><img data-recalc-dims=\"1\" loading=\"lazy\" decoding=\"async\" data-attachment-id=\"486\" data-permalink=\"https:\/\/www.jazzzeitung.de\/cms\/2010\/10\/jazz-ist-nicht-tot-er-wird-nur-spaet-gesendet\/screenshot_ard-de\/\" data-orig-file=\"https:\/\/i0.wp.com\/www.jazzzeitung.de\/cms\/wp-content\/uploads\/2010\/10\/screenshot_ard.de_.jpg?fit=1023%2C740&amp;ssl=1\" data-orig-size=\"1023,740\" data-comments-opened=\"1\" data-image-meta=\"{&quot;aperture&quot;:&quot;0&quot;,&quot;credit&quot;:&quot;&quot;,&quot;camera&quot;:&quot;&quot;,&quot;caption&quot;:&quot;&quot;,&quot;created_timestamp&quot;:&quot;0&quot;,&quot;copyright&quot;:&quot;&quot;,&quot;focal_length&quot;:&quot;0&quot;,&quot;iso&quot;:&quot;0&quot;,&quot;shutter_speed&quot;:&quot;0&quot;,&quot;title&quot;:&quot;&quot;}\" data-image-title=\"screenshot_ard.de\" data-image-description=\"\" data-image-caption=\"&lt;p&gt;Kein Jazz bei der ARD? Mal sehen&amp;#8230;&lt;\/p&gt;\n\" data-large-file=\"https:\/\/i0.wp.com\/www.jazzzeitung.de\/cms\/wp-content\/uploads\/2010\/10\/screenshot_ard.de_.jpg?fit=829%2C600&amp;ssl=1\" class=\"size-medium wp-image-486\" title=\"screenshot_ard.de\" src=\"https:\/\/i0.wp.com\/www.jazzzeitung.de\/cms\/wp-content\/uploads\/2010\/10\/screenshot_ard.de_-300x217.jpg?resize=300%2C217\" alt=\"Kein Jazz bei der ARD? Mal sehen...\" width=\"300\" height=\"217\" srcset=\"https:\/\/i0.wp.com\/www.jazzzeitung.de\/cms\/wp-content\/uploads\/2010\/10\/screenshot_ard.de_.jpg?resize=300%2C217&amp;ssl=1 300w, https:\/\/i0.wp.com\/www.jazzzeitung.de\/cms\/wp-content\/uploads\/2010\/10\/screenshot_ard.de_.jpg?w=1023&amp;ssl=1 1023w\" sizes=\"auto, (max-width: 300px) 100vw, 300px\" \/><\/a><figcaption id=\"caption-attachment-486\" class=\"wp-caption-text\">Kein Jazz bei der ARD? Mal sehen...<\/figcaption><\/figure>\n<p>Zu Anfang will ich die Anstalt etwas ausf\u00fchrlicher vorstellen, die ich am besten kenne \u2013 den Bayerischen Rundfunk. Hier findet man einige renommierte deutschsprachige Jazzjournalisten und eine lange Tradition in Sachen Jazz- und Unterhaltungsmusik, die bis in die ersten Nachkriegstage zur\u00fcckreicht.<\/p>\n<p>Weitere Posts zu anderen Sendeanstalten sollen von Zeit zu Zeit folgen und unten verlinkt werden. Details zu den Jazz-Programmen der Sender k\u00f6nnen \u00fcber die Links zu den Sendungen abgerufen werden.<\/p>\n<p>Wir wollen an dieser Stelle auch weiterhin aktuelle TV- und H\u00f6rfunk-Tipps zu Sendungen abgeben, die wir besonders interessant finden. Stay tuned!<\/p>\n<figure id=\"attachment_490\" aria-describedby=\"caption-attachment-490\" style=\"width: 300px\" class=\"wp-caption aligncenter\"><a href=\"https:\/\/i0.wp.com\/www.jazzzeitung.de\/cms\/wp-content\/uploads\/2010\/10\/screenshot_jazztime.jpg\"><img data-recalc-dims=\"1\" loading=\"lazy\" decoding=\"async\" data-attachment-id=\"490\" data-permalink=\"https:\/\/www.jazzzeitung.de\/cms\/2010\/10\/jazz-ist-nicht-tot-er-wird-nur-spaet-gesendet\/screenshot_jazztime\/\" data-orig-file=\"https:\/\/i0.wp.com\/www.jazzzeitung.de\/cms\/wp-content\/uploads\/2010\/10\/screenshot_jazztime.jpg?fit=785%2C766&amp;ssl=1\" data-orig-size=\"785,766\" data-comments-opened=\"1\" data-image-meta=\"{&quot;aperture&quot;:&quot;0&quot;,&quot;credit&quot;:&quot;&quot;,&quot;camera&quot;:&quot;&quot;,&quot;caption&quot;:&quot;&quot;,&quot;created_timestamp&quot;:&quot;0&quot;,&quot;copyright&quot;:&quot;&quot;,&quot;focal_length&quot;:&quot;0&quot;,&quot;iso&quot;:&quot;0&quot;,&quot;shutter_speed&quot;:&quot;0&quot;,&quot;title&quot;:&quot;&quot;}\" data-image-title=\"screenshot_jazztime\" data-image-description=\"\" data-image-caption=\"&lt;p&gt;Jazztime \u2013 Die Jazzsendung beim BR.&lt;\/p&gt;\n\" data-large-file=\"https:\/\/i0.wp.com\/www.jazzzeitung.de\/cms\/wp-content\/uploads\/2010\/10\/screenshot_jazztime.jpg?fit=615%2C600&amp;ssl=1\" class=\"size-medium wp-image-490\" title=\"screenshot_jazztime\" src=\"https:\/\/i0.wp.com\/www.jazzzeitung.de\/cms\/wp-content\/uploads\/2010\/10\/screenshot_jazztime-300x292.jpg?resize=300%2C292\" alt=\"Jazztime \u2013 Die Jazzsendung beim BR.\" width=\"300\" height=\"292\" srcset=\"https:\/\/i0.wp.com\/www.jazzzeitung.de\/cms\/wp-content\/uploads\/2010\/10\/screenshot_jazztime.jpg?resize=300%2C292&amp;ssl=1 300w, https:\/\/i0.wp.com\/www.jazzzeitung.de\/cms\/wp-content\/uploads\/2010\/10\/screenshot_jazztime.jpg?w=785&amp;ssl=1 785w\" sizes=\"auto, (max-width: 300px) 100vw, 300px\" \/><\/a><figcaption id=\"caption-attachment-490\" class=\"wp-caption-text\">Jazztime \u2013 Die Jazzsendung beim BR.<\/figcaption><\/figure>\n<p>Soweit der Plan, los geht&#8217;s&#8230;<\/p>\n","protected":false},"excerpt":{"rendered":"<p>Nachdem in unserem Blog k\u00fcrzlich die Beschaffenheit und Qualit\u00e4t der Hamburger Jazzszene zur Diskussion stand und in einem dabei geposteten Video-Link behauptet wurde, es f\u00e4nde so gut wie kein Jazz mehr im Radio statt, soll hier eine kleine \u00dcberpr\u00fcfung dieser Aussage folgen und das vorgestellt werden, was der \u00f6ffentlich-rechtliche Rundfunk noch an Lebenszeichen aussendet. Zu Anfang will ich die Anstalt etwas ausf\u00fchrlicher vorstellen, die ich am besten kenne \u2013 den Bayerischen Rundfunk. Hier findet man einige renommierte deutschsprachige Jazzjournalisten und eine lange Tradition in Sachen Jazz- und Unterhaltungsmusik, die bis in die ersten Nachkriegstage zur\u00fcckreicht. Weitere Posts zu anderen Sendeanstalten sollen von Zeit zu Zeit folgen und unten verlinkt werden. Details zu den Jazz-Programmen der Sender k\u00f6nnen \u00fcber die Links zu den Sendungen abgerufen werden. Wir wollen an dieser Stelle auch weiterhin aktuelle TV- und H\u00f6rfunk-Tipps zu Sendungen abgeben, die wir besonders interessant finden. Stay tuned! Soweit der Plan, los geht&#8217;s&#8230;<\/p>\n","protected":false},"author":4,"featured_media":0,"comment_status":"open","ping_status":"open","sticky":false,"template":"","format":"standard","meta":{"_jetpack_memberships_contains_paid_content":false,"footnotes":"","jetpack_publicize_message":"","jetpack_publicize_feature_enabled":true,"jetpack_social_post_already_shared":false,"jetpack_social_options":{"image_generator_settings":{"template":"highway","default_image_id":0,"font":"","enabled":false},"version":2}},"categories":[82],"tags":[46,1191,215,424,1193,15],"coauthors":[],"class_list":["post-457","post","type-post","status-publish","format-standard","hentry","category-blog","tag-ard","tag-blog","tag-hamburg","tag-oeffentlich-rechtlich","tag-radio","tag-rundfunk"],"yoast_head":"<!-- This site is optimized with the Yoast SEO plugin v27.5 - https:\/\/yoast.com\/product\/yoast-seo-wordpress\/ -->\n<title>Jazz ist nicht tot, er wird nur sp\u00e4t gesendet! - JazzZeitung<\/title>\n<meta name=\"robots\" content=\"index, follow, max-snippet:-1, max-image-preview:large, max-video-preview:-1\" \/>\n<link rel=\"canonical\" href=\"https:\/\/www.jazzzeitung.de\/cms\/2010\/10\/jazz-ist-nicht-tot-er-wird-nur-spaet-gesendet\/\" \/>\n<meta property=\"og:locale\" content=\"de_DE\" \/>\n<meta property=\"og:type\" content=\"article\" \/>\n<meta property=\"og:title\" content=\"Jazz ist nicht tot, er wird nur sp\u00e4t gesendet! - JazzZeitung\" \/>\n<meta property=\"og:description\" content=\"Nachdem in unserem Blog k\u00fcrzlich die Beschaffenheit und Qualit\u00e4t der Hamburger Jazzszene zur Diskussion stand und in einem dabei geposteten Video-Link behauptet wurde, es f\u00e4nde so gut wie kein Jazz mehr im Radio statt, soll hier eine kleine \u00dcberpr\u00fcfung dieser Aussage folgen und das vorgestellt werden, was der \u00f6ffentlich-rechtliche Rundfunk noch an Lebenszeichen aussendet. Zu Anfang will ich die Anstalt etwas ausf\u00fchrlicher vorstellen, die ich am besten kenne \u2013 den Bayerischen Rundfunk. Hier findet man einige renommierte deutschsprachige Jazzjournalisten und eine lange Tradition in Sachen Jazz- und Unterhaltungsmusik, die bis in die ersten Nachkriegstage zur\u00fcckreicht. Weitere Posts zu anderen Sendeanstalten sollen von Zeit zu Zeit folgen und unten verlinkt werden. Details zu den Jazz-Programmen der Sender k\u00f6nnen \u00fcber die Links zu den Sendungen abgerufen werden. Wir wollen an dieser Stelle auch weiterhin aktuelle TV- und H\u00f6rfunk-Tipps zu Sendungen abgeben, die wir besonders interessant finden. Stay tuned! Soweit der Plan, los geht&#8217;s&#8230;\" \/>\n<meta property=\"og:url\" content=\"https:\/\/www.jazzzeitung.de\/cms\/2010\/10\/jazz-ist-nicht-tot-er-wird-nur-spaet-gesendet\/\" \/>\n<meta property=\"og:site_name\" content=\"JazzZeitung\" \/>\n<meta property=\"article:publisher\" content=\"https:\/\/www.facebook.com\/JazzZeitung\/\" \/>\n<meta property=\"article:published_time\" content=\"2010-10-10T21:46:04+00:00\" \/>\n<meta property=\"og:image\" content=\"http:\/\/www.jazzzeitung.de\/cms\/wp-content\/uploads\/2010\/10\/screenshot_ard.de_-300x217.jpg\" \/>\n<meta name=\"author\" content=\"J\u00f6rg Lichtinger\" \/>\n<script type=\"application\/ld+json\" class=\"yoast-schema-graph\">{\"@context\":\"https:\\\/\\\/schema.org\",\"@graph\":[{\"@type\":\"Article\",\"@id\":\"https:\\\/\\\/www.jazzzeitung.de\\\/cms\\\/2010\\\/10\\\/jazz-ist-nicht-tot-er-wird-nur-spaet-gesendet\\\/#article\",\"isPartOf\":{\"@id\":\"https:\\\/\\\/www.jazzzeitung.de\\\/cms\\\/2010\\\/10\\\/jazz-ist-nicht-tot-er-wird-nur-spaet-gesendet\\\/\"},\"author\":{\"name\":\"J\u00f6rg Lichtinger\",\"@id\":\"https:\\\/\\\/www.jazzzeitung.de\\\/cms\\\/#\\\/schema\\\/person\\\/4c5aaf486bdcd85db94b9a8b9e026bad\"},\"headline\":\"Jazz ist nicht tot, er wird nur sp\u00e4t gesendet!\",\"datePublished\":\"2010-10-10T21:46:04+00:00\",\"mainEntityOfPage\":{\"@id\":\"https:\\\/\\\/www.jazzzeitung.de\\\/cms\\\/2010\\\/10\\\/jazz-ist-nicht-tot-er-wird-nur-spaet-gesendet\\\/\"},\"wordCount\":197,\"commentCount\":2,\"publisher\":{\"@id\":\"https:\\\/\\\/www.jazzzeitung.de\\\/cms\\\/#organization\"},\"image\":{\"@id\":\"https:\\\/\\\/www.jazzzeitung.de\\\/cms\\\/2010\\\/10\\\/jazz-ist-nicht-tot-er-wird-nur-spaet-gesendet\\\/#primaryimage\"},\"thumbnailUrl\":\"http:\\\/\\\/www.jazzzeitung.de\\\/cms\\\/wp-content\\\/uploads\\\/2010\\\/10\\\/screenshot_ard.de_-300x217.jpg\",\"keywords\":[\"ARD\",\"Blog\",\"Hamburg\",\"\u00f6ffentlich-rechtlicher Rundfunk\",\"Radio\",\"Rundfunk\"],\"articleSection\":[\"Blog\"],\"inLanguage\":\"de\",\"potentialAction\":[{\"@type\":\"CommentAction\",\"name\":\"Comment\",\"target\":[\"https:\\\/\\\/www.jazzzeitung.de\\\/cms\\\/2010\\\/10\\\/jazz-ist-nicht-tot-er-wird-nur-spaet-gesendet\\\/#respond\"]}]},{\"@type\":\"WebPage\",\"@id\":\"https:\\\/\\\/www.jazzzeitung.de\\\/cms\\\/2010\\\/10\\\/jazz-ist-nicht-tot-er-wird-nur-spaet-gesendet\\\/\",\"url\":\"https:\\\/\\\/www.jazzzeitung.de\\\/cms\\\/2010\\\/10\\\/jazz-ist-nicht-tot-er-wird-nur-spaet-gesendet\\\/\",\"name\":\"Jazz ist nicht tot, er wird nur sp\u00e4t gesendet! - JazzZeitung\",\"isPartOf\":{\"@id\":\"https:\\\/\\\/www.jazzzeitung.de\\\/cms\\\/#website\"},\"primaryImageOfPage\":{\"@id\":\"https:\\\/\\\/www.jazzzeitung.de\\\/cms\\\/2010\\\/10\\\/jazz-ist-nicht-tot-er-wird-nur-spaet-gesendet\\\/#primaryimage\"},\"image\":{\"@id\":\"https:\\\/\\\/www.jazzzeitung.de\\\/cms\\\/2010\\\/10\\\/jazz-ist-nicht-tot-er-wird-nur-spaet-gesendet\\\/#primaryimage\"},\"thumbnailUrl\":\"http:\\\/\\\/www.jazzzeitung.de\\\/cms\\\/wp-content\\\/uploads\\\/2010\\\/10\\\/screenshot_ard.de_-300x217.jpg\",\"datePublished\":\"2010-10-10T21:46:04+00:00\",\"breadcrumb\":{\"@id\":\"https:\\\/\\\/www.jazzzeitung.de\\\/cms\\\/2010\\\/10\\\/jazz-ist-nicht-tot-er-wird-nur-spaet-gesendet\\\/#breadcrumb\"},\"inLanguage\":\"de\",\"potentialAction\":[{\"@type\":\"ReadAction\",\"target\":[\"https:\\\/\\\/www.jazzzeitung.de\\\/cms\\\/2010\\\/10\\\/jazz-ist-nicht-tot-er-wird-nur-spaet-gesendet\\\/\"]}]},{\"@type\":\"ImageObject\",\"inLanguage\":\"de\",\"@id\":\"https:\\\/\\\/www.jazzzeitung.de\\\/cms\\\/2010\\\/10\\\/jazz-ist-nicht-tot-er-wird-nur-spaet-gesendet\\\/#primaryimage\",\"url\":\"http:\\\/\\\/www.jazzzeitung.de\\\/cms\\\/wp-content\\\/uploads\\\/2010\\\/10\\\/screenshot_ard.de_-300x217.jpg\",\"contentUrl\":\"http:\\\/\\\/www.jazzzeitung.de\\\/cms\\\/wp-content\\\/uploads\\\/2010\\\/10\\\/screenshot_ard.de_-300x217.jpg\"},{\"@type\":\"BreadcrumbList\",\"@id\":\"https:\\\/\\\/www.jazzzeitung.de\\\/cms\\\/2010\\\/10\\\/jazz-ist-nicht-tot-er-wird-nur-spaet-gesendet\\\/#breadcrumb\",\"itemListElement\":[{\"@type\":\"ListItem\",\"position\":1,\"name\":\"Startseite\",\"item\":\"https:\\\/\\\/www.jazzzeitung.de\\\/cms\\\/\"},{\"@type\":\"ListItem\",\"position\":2,\"name\":\"Jazz ist nicht tot, er wird nur sp\u00e4t gesendet!\"}]},{\"@type\":\"WebSite\",\"@id\":\"https:\\\/\\\/www.jazzzeitung.de\\\/cms\\\/#website\",\"url\":\"https:\\\/\\\/www.jazzzeitung.de\\\/cms\\\/\",\"name\":\"JazzZeitung\",\"description\":\"Jazz-News und Jazz-Kontroverses\",\"publisher\":{\"@id\":\"https:\\\/\\\/www.jazzzeitung.de\\\/cms\\\/#organization\"},\"potentialAction\":[{\"@type\":\"SearchAction\",\"target\":{\"@type\":\"EntryPoint\",\"urlTemplate\":\"https:\\\/\\\/www.jazzzeitung.de\\\/cms\\\/?s={search_term_string}\"},\"query-input\":{\"@type\":\"PropertyValueSpecification\",\"valueRequired\":true,\"valueName\":\"search_term_string\"}}],\"inLanguage\":\"de\"},{\"@type\":\"Organization\",\"@id\":\"https:\\\/\\\/www.jazzzeitung.de\\\/cms\\\/#organization\",\"name\":\"JazzZeitung online\",\"url\":\"https:\\\/\\\/www.jazzzeitung.de\\\/cms\\\/\",\"logo\":{\"@type\":\"ImageObject\",\"inLanguage\":\"de\",\"@id\":\"https:\\\/\\\/www.jazzzeitung.de\\\/cms\\\/#\\\/schema\\\/logo\\\/image\\\/\",\"url\":\"https:\\\/\\\/i0.wp.com\\\/www.jazzzeitung.de\\\/cms\\\/wp-content\\\/uploads\\\/2015\\\/08\\\/JAZZZEITUNGDE_Logo_Neu.png?fit=499%2C200&ssl=1\",\"contentUrl\":\"https:\\\/\\\/i0.wp.com\\\/www.jazzzeitung.de\\\/cms\\\/wp-content\\\/uploads\\\/2015\\\/08\\\/JAZZZEITUNGDE_Logo_Neu.png?fit=499%2C200&ssl=1\",\"width\":499,\"height\":200,\"caption\":\"JazzZeitung online\"},\"image\":{\"@id\":\"https:\\\/\\\/www.jazzzeitung.de\\\/cms\\\/#\\\/schema\\\/logo\\\/image\\\/\"},\"sameAs\":[\"https:\\\/\\\/www.facebook.com\\\/JazzZeitung\\\/\"]},{\"@type\":\"Person\",\"@id\":\"https:\\\/\\\/www.jazzzeitung.de\\\/cms\\\/#\\\/schema\\\/person\\\/4c5aaf486bdcd85db94b9a8b9e026bad\",\"name\":\"J\u00f6rg Lichtinger\",\"image\":{\"@type\":\"ImageObject\",\"inLanguage\":\"de\",\"@id\":\"https:\\\/\\\/secure.gravatar.com\\\/avatar\\\/8d1d484eb77cf370a1620f9866681cdba540c9b8439ce96ea0c830dd3b59936c?s=96&d=wp_user_avatar&r=ge66dff7680db2349fb79ae0cb2d734e3\",\"url\":\"https:\\\/\\\/secure.gravatar.com\\\/avatar\\\/8d1d484eb77cf370a1620f9866681cdba540c9b8439ce96ea0c830dd3b59936c?s=96&d=wp_user_avatar&r=g\",\"contentUrl\":\"https:\\\/\\\/secure.gravatar.com\\\/avatar\\\/8d1d484eb77cf370a1620f9866681cdba540c9b8439ce96ea0c830dd3b59936c?s=96&d=wp_user_avatar&r=g\",\"caption\":\"J\u00f6rg Lichtinger\"},\"url\":\"https:\\\/\\\/www.jazzzeitung.de\\\/cms\\\/author\\\/lichtinger\\\/\"}]}<\/script>\n<!-- \/ Yoast SEO plugin. -->","yoast_head_json":{"title":"Jazz ist nicht tot, er wird nur sp\u00e4t gesendet! - JazzZeitung","robots":{"index":"index","follow":"follow","max-snippet":"max-snippet:-1","max-image-preview":"max-image-preview:large","max-video-preview":"max-video-preview:-1"},"canonical":"https:\/\/www.jazzzeitung.de\/cms\/2010\/10\/jazz-ist-nicht-tot-er-wird-nur-spaet-gesendet\/","og_locale":"de_DE","og_type":"article","og_title":"Jazz ist nicht tot, er wird nur sp\u00e4t gesendet! - JazzZeitung","og_description":"Nachdem in unserem Blog k\u00fcrzlich die Beschaffenheit und Qualit\u00e4t der Hamburger Jazzszene zur Diskussion stand und in einem dabei geposteten Video-Link behauptet wurde, es f\u00e4nde so gut wie kein Jazz mehr im Radio statt, soll hier eine kleine \u00dcberpr\u00fcfung dieser Aussage folgen und das vorgestellt werden, was der \u00f6ffentlich-rechtliche Rundfunk noch an Lebenszeichen aussendet. Zu Anfang will ich die Anstalt etwas ausf\u00fchrlicher vorstellen, die ich am besten kenne \u2013 den Bayerischen Rundfunk. Hier findet man einige renommierte deutschsprachige Jazzjournalisten und eine lange Tradition in Sachen Jazz- und Unterhaltungsmusik, die bis in die ersten Nachkriegstage zur\u00fcckreicht. Weitere Posts zu anderen Sendeanstalten sollen von Zeit zu Zeit folgen und unten verlinkt werden. Details zu den Jazz-Programmen der Sender k\u00f6nnen \u00fcber die Links zu den Sendungen abgerufen werden. Wir wollen an dieser Stelle auch weiterhin aktuelle TV- und H\u00f6rfunk-Tipps zu Sendungen abgeben, die wir besonders interessant finden. Stay tuned! Soweit der Plan, los geht&#8217;s&#8230;","og_url":"https:\/\/www.jazzzeitung.de\/cms\/2010\/10\/jazz-ist-nicht-tot-er-wird-nur-spaet-gesendet\/","og_site_name":"JazzZeitung","article_publisher":"https:\/\/www.facebook.com\/JazzZeitung\/","article_published_time":"2010-10-10T21:46:04+00:00","og_image":[{"url":"http:\/\/www.jazzzeitung.de\/cms\/wp-content\/uploads\/2010\/10\/screenshot_ard.de_-300x217.jpg","type":"","width":"","height":""}],"author":"J\u00f6rg Lichtinger","schema":{"@context":"https:\/\/schema.org","@graph":[{"@type":"Article","@id":"https:\/\/www.jazzzeitung.de\/cms\/2010\/10\/jazz-ist-nicht-tot-er-wird-nur-spaet-gesendet\/#article","isPartOf":{"@id":"https:\/\/www.jazzzeitung.de\/cms\/2010\/10\/jazz-ist-nicht-tot-er-wird-nur-spaet-gesendet\/"},"author":{"name":"J\u00f6rg Lichtinger","@id":"https:\/\/www.jazzzeitung.de\/cms\/#\/schema\/person\/4c5aaf486bdcd85db94b9a8b9e026bad"},"headline":"Jazz ist nicht tot, er wird nur sp\u00e4t gesendet!","datePublished":"2010-10-10T21:46:04+00:00","mainEntityOfPage":{"@id":"https:\/\/www.jazzzeitung.de\/cms\/2010\/10\/jazz-ist-nicht-tot-er-wird-nur-spaet-gesendet\/"},"wordCount":197,"commentCount":2,"publisher":{"@id":"https:\/\/www.jazzzeitung.de\/cms\/#organization"},"image":{"@id":"https:\/\/www.jazzzeitung.de\/cms\/2010\/10\/jazz-ist-nicht-tot-er-wird-nur-spaet-gesendet\/#primaryimage"},"thumbnailUrl":"http:\/\/www.jazzzeitung.de\/cms\/wp-content\/uploads\/2010\/10\/screenshot_ard.de_-300x217.jpg","keywords":["ARD","Blog","Hamburg","\u00f6ffentlich-rechtlicher Rundfunk","Radio","Rundfunk"],"articleSection":["Blog"],"inLanguage":"de","potentialAction":[{"@type":"CommentAction","name":"Comment","target":["https:\/\/www.jazzzeitung.de\/cms\/2010\/10\/jazz-ist-nicht-tot-er-wird-nur-spaet-gesendet\/#respond"]}]},{"@type":"WebPage","@id":"https:\/\/www.jazzzeitung.de\/cms\/2010\/10\/jazz-ist-nicht-tot-er-wird-nur-spaet-gesendet\/","url":"https:\/\/www.jazzzeitung.de\/cms\/2010\/10\/jazz-ist-nicht-tot-er-wird-nur-spaet-gesendet\/","name":"Jazz ist nicht tot, er wird nur sp\u00e4t gesendet! - JazzZeitung","isPartOf":{"@id":"https:\/\/www.jazzzeitung.de\/cms\/#website"},"primaryImageOfPage":{"@id":"https:\/\/www.jazzzeitung.de\/cms\/2010\/10\/jazz-ist-nicht-tot-er-wird-nur-spaet-gesendet\/#primaryimage"},"image":{"@id":"https:\/\/www.jazzzeitung.de\/cms\/2010\/10\/jazz-ist-nicht-tot-er-wird-nur-spaet-gesendet\/#primaryimage"},"thumbnailUrl":"http:\/\/www.jazzzeitung.de\/cms\/wp-content\/uploads\/2010\/10\/screenshot_ard.de_-300x217.jpg","datePublished":"2010-10-10T21:46:04+00:00","breadcrumb":{"@id":"https:\/\/www.jazzzeitung.de\/cms\/2010\/10\/jazz-ist-nicht-tot-er-wird-nur-spaet-gesendet\/#breadcrumb"},"inLanguage":"de","potentialAction":[{"@type":"ReadAction","target":["https:\/\/www.jazzzeitung.de\/cms\/2010\/10\/jazz-ist-nicht-tot-er-wird-nur-spaet-gesendet\/"]}]},{"@type":"ImageObject","inLanguage":"de","@id":"https:\/\/www.jazzzeitung.de\/cms\/2010\/10\/jazz-ist-nicht-tot-er-wird-nur-spaet-gesendet\/#primaryimage","url":"http:\/\/www.jazzzeitung.de\/cms\/wp-content\/uploads\/2010\/10\/screenshot_ard.de_-300x217.jpg","contentUrl":"http:\/\/www.jazzzeitung.de\/cms\/wp-content\/uploads\/2010\/10\/screenshot_ard.de_-300x217.jpg"},{"@type":"BreadcrumbList","@id":"https:\/\/www.jazzzeitung.de\/cms\/2010\/10\/jazz-ist-nicht-tot-er-wird-nur-spaet-gesendet\/#breadcrumb","itemListElement":[{"@type":"ListItem","position":1,"name":"Startseite","item":"https:\/\/www.jazzzeitung.de\/cms\/"},{"@type":"ListItem","position":2,"name":"Jazz ist nicht tot, er wird nur sp\u00e4t gesendet!"}]},{"@type":"WebSite","@id":"https:\/\/www.jazzzeitung.de\/cms\/#website","url":"https:\/\/www.jazzzeitung.de\/cms\/","name":"JazzZeitung","description":"Jazz-News und Jazz-Kontroverses","publisher":{"@id":"https:\/\/www.jazzzeitung.de\/cms\/#organization"},"potentialAction":[{"@type":"SearchAction","target":{"@type":"EntryPoint","urlTemplate":"https:\/\/www.jazzzeitung.de\/cms\/?s={search_term_string}"},"query-input":{"@type":"PropertyValueSpecification","valueRequired":true,"valueName":"search_term_string"}}],"inLanguage":"de"},{"@type":"Organization","@id":"https:\/\/www.jazzzeitung.de\/cms\/#organization","name":"JazzZeitung online","url":"https:\/\/www.jazzzeitung.de\/cms\/","logo":{"@type":"ImageObject","inLanguage":"de","@id":"https:\/\/www.jazzzeitung.de\/cms\/#\/schema\/logo\/image\/","url":"https:\/\/i0.wp.com\/www.jazzzeitung.de\/cms\/wp-content\/uploads\/2015\/08\/JAZZZEITUNGDE_Logo_Neu.png?fit=499%2C200&ssl=1","contentUrl":"https:\/\/i0.wp.com\/www.jazzzeitung.de\/cms\/wp-content\/uploads\/2015\/08\/JAZZZEITUNGDE_Logo_Neu.png?fit=499%2C200&ssl=1","width":499,"height":200,"caption":"JazzZeitung online"},"image":{"@id":"https:\/\/www.jazzzeitung.de\/cms\/#\/schema\/logo\/image\/"},"sameAs":["https:\/\/www.facebook.com\/JazzZeitung\/"]},{"@type":"Person","@id":"https:\/\/www.jazzzeitung.de\/cms\/#\/schema\/person\/4c5aaf486bdcd85db94b9a8b9e026bad","name":"J\u00f6rg Lichtinger","image":{"@type":"ImageObject","inLanguage":"de","@id":"https:\/\/secure.gravatar.com\/avatar\/8d1d484eb77cf370a1620f9866681cdba540c9b8439ce96ea0c830dd3b59936c?s=96&d=wp_user_avatar&r=ge66dff7680db2349fb79ae0cb2d734e3","url":"https:\/\/secure.gravatar.com\/avatar\/8d1d484eb77cf370a1620f9866681cdba540c9b8439ce96ea0c830dd3b59936c?s=96&d=wp_user_avatar&r=g","contentUrl":"https:\/\/secure.gravatar.com\/avatar\/8d1d484eb77cf370a1620f9866681cdba540c9b8439ce96ea0c830dd3b59936c?s=96&d=wp_user_avatar&r=g","caption":"J\u00f6rg Lichtinger"},"url":"https:\/\/www.jazzzeitung.de\/cms\/author\/lichtinger\/"}]}},"wp-worthy-pixel":{"ignored":false,"public":null,"server":null,"url":null},"wp-worthy-type":"normal","jetpack_publicize_connections":[],"cc_featured_image_caption":{"caption_text":false,"source_text":false,"source_url":false},"jetpack_featured_media_url":"","jetpack_shortlink":"https:\/\/wp.me\/p3KEcT-7n","jetpack-related-posts":[{"id":18993,"url":"https:\/\/www.jazzzeitung.de\/cms\/2019\/03\/jazzprogramme-im-hessischen-und-westdeutschen-rundfunk-im-umbruch\/","url_meta":{"origin":457,"position":0},"title":"Jazzprogramme im Hessischen und Westdeutschen Rundfunk im Umbruch","author":"Huflaikhan","date":"20. M\u00e4rz 2019","format":false,"excerpt":"Jazz ist nicht tot, er riecht nur komisch \u2013 dieses Diktum von Frank Zappa ist schon tausendfach bem\u00fcht und \u2013 was die Geruchsbel\u00e4stigung angeht \u2013 schon oft widerlegt worden. Zum Beispiel jede Woche aufs Neue von Martin Hufner, dem Online-Redakteur der neuen musikzeitung. Woche f\u00fcr Woche publiziert er f\u00fcr Jazzzeitung.de\u2026","rel":"","context":"In &quot;Blog&quot;","block_context":{"text":"Blog","link":"https:\/\/www.jazzzeitung.de\/cms\/thema\/blog\/"},"img":{"alt_text":"Jazz im Radio. Foto\/Montage: Hufner","src":"https:\/\/i0.wp.com\/www.jazzzeitung.de\/cms\/wp-content\/uploads\/2018\/05\/radio-jazz_journalisten.jpg?fit=1200%2C900&ssl=1&resize=350%2C200","width":350,"height":200,"srcset":"https:\/\/i0.wp.com\/www.jazzzeitung.de\/cms\/wp-content\/uploads\/2018\/05\/radio-jazz_journalisten.jpg?fit=1200%2C900&ssl=1&resize=350%2C200 1x, https:\/\/i0.wp.com\/www.jazzzeitung.de\/cms\/wp-content\/uploads\/2018\/05\/radio-jazz_journalisten.jpg?fit=1200%2C900&ssl=1&resize=525%2C300 1.5x, https:\/\/i0.wp.com\/www.jazzzeitung.de\/cms\/wp-content\/uploads\/2018\/05\/radio-jazz_journalisten.jpg?fit=1200%2C900&ssl=1&resize=700%2C400 2x, https:\/\/i0.wp.com\/www.jazzzeitung.de\/cms\/wp-content\/uploads\/2018\/05\/radio-jazz_journalisten.jpg?fit=1200%2C900&ssl=1&resize=1050%2C600 3x"},"classes":[]},{"id":30141,"url":"https:\/\/www.jazzzeitung.de\/cms\/2023\/10\/deutsche-jazzunion-kein-oeffentlich-rechtlicher-rundfunk-ohne-jazz\/","url_meta":{"origin":457,"position":1},"title":"Deutsche Jazzunion: Kein \u00f6ffentlich-rechtlicher Rundfunk ohne Jazz!","author":"Martin Hufner","date":"17. Oktober 2023","format":false,"excerpt":"Die Deutsche Jazzunion ver\u00f6ffentlicht einen Offenen Brief an die Rundfunkr\u00e4te und Intendanzen der \u00f6ffentlich-rechtlichen Rundfunkanstalten, den wir hier im Wortlaut ver\u00f6ffentlichen: Trotz der immensen Bedeutung von Jazz in Deutschland und dem klaren Kulturauftrag des \u00f6ffentlich-rechtlichen Rundfunks plant die ARD, den Jazz von einem ohnehin schon ungen\u00fcgenden und reduzierten Niveau weiter\u2026","rel":"","context":"In &quot;News&quot;","block_context":{"text":"News","link":"https:\/\/www.jazzzeitung.de\/cms\/thema\/nachrichten\/"},"img":{"alt_text":"Absturzgefahr f\u00fcr den Jazz im Radio. Foto: Hufner","src":"https:\/\/i0.wp.com\/www.jazzzeitung.de\/cms\/wp-content\/uploads\/2023\/10\/absturzgefahr_c_hufner.jpg?fit=1200%2C1198&ssl=1&resize=350%2C200","width":350,"height":200,"srcset":"https:\/\/i0.wp.com\/www.jazzzeitung.de\/cms\/wp-content\/uploads\/2023\/10\/absturzgefahr_c_hufner.jpg?fit=1200%2C1198&ssl=1&resize=350%2C200 1x, https:\/\/i0.wp.com\/www.jazzzeitung.de\/cms\/wp-content\/uploads\/2023\/10\/absturzgefahr_c_hufner.jpg?fit=1200%2C1198&ssl=1&resize=525%2C300 1.5x, https:\/\/i0.wp.com\/www.jazzzeitung.de\/cms\/wp-content\/uploads\/2023\/10\/absturzgefahr_c_hufner.jpg?fit=1200%2C1198&ssl=1&resize=700%2C400 2x, https:\/\/i0.wp.com\/www.jazzzeitung.de\/cms\/wp-content\/uploads\/2023\/10\/absturzgefahr_c_hufner.jpg?fit=1200%2C1198&ssl=1&resize=1050%2C600 3x"},"classes":[]},{"id":30244,"url":"https:\/\/www.jazzzeitung.de\/cms\/2023\/11\/deutsche-jazzunion-fordert-keine-reduzierung-des-jazz-angebots-in-der-ard\/","url_meta":{"origin":457,"position":2},"title":"Deutsche Jazzunion fordert: Keine Reduzierung des Jazz-Angebots in der ARD!","author":"Martin Hufner","date":"6. November 2023","format":false,"excerpt":"Die Deutsche Jazzunion fordert die Intendanzen der \u00f6ffentlich-rechtlichen Rundfunkanstalten zu mehr Transparenz auf. Die geplanten Umstrukturierungen im Kulturangebot der ARD-Radiosender erfordern die Einbeziehung der Fachexpertise von Berufsverb\u00e4nden und Szeneakteur*innen. Die Deutsche Jazzunion hatte im September einen offenen Brief an die Verantwortlichen der ARD gerichtet, der bereits von \u00fcber 2.300 Institutionen\u2026","rel":"","context":"In &quot;News&quot;","block_context":{"text":"News","link":"https:\/\/www.jazzzeitung.de\/cms\/thema\/nachrichten\/"},"img":{"alt_text":"Radioschmelze. Foto: Hufner","src":"https:\/\/i0.wp.com\/www.jazzzeitung.de\/cms\/wp-content\/uploads\/2023\/11\/radio.jpg?fit=768%2C576&ssl=1&resize=350%2C200","width":350,"height":200,"srcset":"https:\/\/i0.wp.com\/www.jazzzeitung.de\/cms\/wp-content\/uploads\/2023\/11\/radio.jpg?fit=768%2C576&ssl=1&resize=350%2C200 1x, https:\/\/i0.wp.com\/www.jazzzeitung.de\/cms\/wp-content\/uploads\/2023\/11\/radio.jpg?fit=768%2C576&ssl=1&resize=525%2C300 1.5x, https:\/\/i0.wp.com\/www.jazzzeitung.de\/cms\/wp-content\/uploads\/2023\/11\/radio.jpg?fit=768%2C576&ssl=1&resize=700%2C400 2x"},"classes":[]},{"id":31679,"url":"https:\/\/www.jazzzeitung.de\/cms\/2024\/09\/nach-dem-radiofestival-der-ard-listen-adapt-improve\/","url_meta":{"origin":457,"position":3},"title":"Nach dem Radiofestival der ARD: \u201elisten, adapt &#038; improve\u201c","author":"Huflaikhan","date":"21. September 2024","format":false,"excerpt":"Nach dem Radiofestival der ARD: \u201elisten, adapt & improve\u201c \u2013 Bitte improven ARD, wenn ihr schon sonst euch eurer langerworbenen St\u00e4rken und eurer Jazzexpertise entledigt.","rel":"","context":"In &quot;Blog&quot;","block_context":{"text":"Blog","link":"https:\/\/www.jazzzeitung.de\/cms\/thema\/blog\/"},"img":{"alt_text":"Das ist eine Bratwurst. Foto: Hufner","src":"https:\/\/i0.wp.com\/www.jazzzeitung.de\/cms\/wp-content\/uploads\/2024\/04\/bananen-bratwurst.webp?fit=1200%2C750&ssl=1&resize=350%2C200","width":350,"height":200,"srcset":"https:\/\/i0.wp.com\/www.jazzzeitung.de\/cms\/wp-content\/uploads\/2024\/04\/bananen-bratwurst.webp?fit=1200%2C750&ssl=1&resize=350%2C200 1x, https:\/\/i0.wp.com\/www.jazzzeitung.de\/cms\/wp-content\/uploads\/2024\/04\/bananen-bratwurst.webp?fit=1200%2C750&ssl=1&resize=525%2C300 1.5x, https:\/\/i0.wp.com\/www.jazzzeitung.de\/cms\/wp-content\/uploads\/2024\/04\/bananen-bratwurst.webp?fit=1200%2C750&ssl=1&resize=700%2C400 2x, https:\/\/i0.wp.com\/www.jazzzeitung.de\/cms\/wp-content\/uploads\/2024\/04\/bananen-bratwurst.webp?fit=1200%2C750&ssl=1&resize=1050%2C600 3x"},"classes":[]},{"id":19770,"url":"https:\/\/www.jazzzeitung.de\/cms\/2019\/06\/19770\/","url_meta":{"origin":457,"position":4},"title":"Zukunft des Jazz beim Westdeutschen Rundfunk \u2013 Ein Interview mit Tinka Koch und Karl Karst in der nmz","author":"Redaktion JazzZeitung","date":"12. Juni 2019","format":false,"excerpt":"Wie sieht die Zukunft des Jazz im WDR aus? Diese Frage stellte der Chefredakteur der neuen musikzeitung (nmz), Andreas Kolb, dem Programmchef von WDR 3 und frisch gebackenen Sprecher des Deutschen Medienrates im Deutschen Kulturrat, Karl Karst, und der zust\u00e4ndigen Redakteurin Tinka Koch. Sie ist die Nachfolgerin des langj\u00e4hrigen WDR\u2026","rel":"","context":"In &quot;Bericht&quot;","block_context":{"text":"Bericht","link":"https:\/\/www.jazzzeitung.de\/cms\/thema\/bericht\/"},"img":{"alt_text":"radio-jazz. Montage: Hufner","src":"https:\/\/i0.wp.com\/www.jazzzeitung.de\/cms\/wp-content\/uploads\/2017\/10\/radio-jazz.jpg?fit=1200%2C900&ssl=1&resize=350%2C200","width":350,"height":200,"srcset":"https:\/\/i0.wp.com\/www.jazzzeitung.de\/cms\/wp-content\/uploads\/2017\/10\/radio-jazz.jpg?fit=1200%2C900&ssl=1&resize=350%2C200 1x, https:\/\/i0.wp.com\/www.jazzzeitung.de\/cms\/wp-content\/uploads\/2017\/10\/radio-jazz.jpg?fit=1200%2C900&ssl=1&resize=525%2C300 1.5x, https:\/\/i0.wp.com\/www.jazzzeitung.de\/cms\/wp-content\/uploads\/2017\/10\/radio-jazz.jpg?fit=1200%2C900&ssl=1&resize=700%2C400 2x, https:\/\/i0.wp.com\/www.jazzzeitung.de\/cms\/wp-content\/uploads\/2017\/10\/radio-jazz.jpg?fit=1200%2C900&ssl=1&resize=1050%2C600 3x"},"classes":[]},{"id":454,"url":"https:\/\/www.jazzzeitung.de\/cms\/2010\/10\/jazz-im-rundfunk-episode-i-der-br\/","url_meta":{"origin":457,"position":5},"title":"Jazz im Rundfunk \u2013 Episode I: Der BR","author":"J\u00f6rg Lichtinger","date":"10. Oktober 2010","format":false,"excerpt":"Der Jazz beim Bayerischen Rundfunk hat eine lange Geschichte und reicht bis zur Zeit zur\u00fcck, als man noch als Radio M\u00fcnchen unter der \u00c4gide der Amerikaner sendete \u2013 Mitternacht in M\u00fcnchen hie\u00df die ber\u00fchmteste Sendung mit Jazz in dieser Zeit. Als Redakteure in der Abteilung \"Leichte Musik\", zu der der\u2026","rel":"","context":"In &quot;Blog&quot;","block_context":{"text":"Blog","link":"https:\/\/www.jazzzeitung.de\/cms\/thema\/blog\/"},"img":{"alt_text":"Jazztime \u2013 Die Jazzsendung beim BR.","src":"https:\/\/i0.wp.com\/www.jazzzeitung.de\/cms\/wp-content\/uploads\/2010\/10\/screenshot_jazztime-300x292.jpg?resize=350%2C200","width":350,"height":200},"classes":[]}],"jetpack_sharing_enabled":true,"_links":{"self":[{"href":"https:\/\/www.jazzzeitung.de\/cms\/wp-json\/wp\/v2\/posts\/457","targetHints":{"allow":["GET"]}}],"collection":[{"href":"https:\/\/www.jazzzeitung.de\/cms\/wp-json\/wp\/v2\/posts"}],"about":[{"href":"https:\/\/www.jazzzeitung.de\/cms\/wp-json\/wp\/v2\/types\/post"}],"author":[{"embeddable":true,"href":"https:\/\/www.jazzzeitung.de\/cms\/wp-json\/wp\/v2\/users\/4"}],"replies":[{"embeddable":true,"href":"https:\/\/www.jazzzeitung.de\/cms\/wp-json\/wp\/v2\/comments?post=457"}],"version-history":[{"count":0,"href":"https:\/\/www.jazzzeitung.de\/cms\/wp-json\/wp\/v2\/posts\/457\/revisions"}],"wp:attachment":[{"href":"https:\/\/www.jazzzeitung.de\/cms\/wp-json\/wp\/v2\/media?parent=457"}],"wp:term":[{"taxonomy":"category","embeddable":true,"href":"https:\/\/www.jazzzeitung.de\/cms\/wp-json\/wp\/v2\/categories?post=457"},{"taxonomy":"post_tag","embeddable":true,"href":"https:\/\/www.jazzzeitung.de\/cms\/wp-json\/wp\/v2\/tags?post=457"},{"taxonomy":"author","embeddable":true,"href":"https:\/\/www.jazzzeitung.de\/cms\/wp-json\/wp\/v2\/coauthors?post=457"}],"curies":[{"name":"wp","href":"https:\/\/api.w.org\/{rel}","templated":true}]}}