{"id":4548,"date":"2014-09-17T10:09:45","date_gmt":"2014-09-17T08:09:45","guid":{"rendered":"http:\/\/www.jazzzeitung.de\/cms\/?p=4548"},"modified":"2014-09-17T10:09:45","modified_gmt":"2014-09-17T08:09:45","slug":"bildergalerie-luxembourg-jazz-meeting-von-ralf-dombrowski","status":"publish","type":"post","link":"https:\/\/www.jazzzeitung.de\/cms\/2014\/09\/bildergalerie-luxembourg-jazz-meeting-von-ralf-dombrowski\/","title":{"rendered":"Bildergalerie: Luxembourg Jazz Meeting &#8211; von Ralf Dombrowski"},"content":{"rendered":"<p>Fotos vom Luxembourg Jazz Meeting Anfang September. Bemerkenswert war vor allem Pascal Schumacher, derzeit europaweit ma\u00dfgeblicher Vibraphonist, mit zwei intensiven Projekten &#8211; Quartett und im Trio mit Francesco Tristano und Bachar Khalife. Einige Musiker tauchen ebenfalls mehrmals auf, etwa der Saxophonist Maxime Bender, Schlagzeuger Paul Fox, Pianist und Drummer J\u00e9rome Klein. Herausragend subtil das Quartett von Pianist Michel Reis (Mit Niels Klein, Robert Landfermann, Jonas Burgwinkel), das Trio von Pit Dahm, \u00a0ebenfalls ein Highlight der zickig-witzige polnische Vokalakrobat Grzegorz Karnas im Trio mit Klein und der Cellistin Annemie Osborne &#8230;\u00a0 Wir danken dem Fotografen<a href=\"http:\/\/ralfdombrowski.de\/\"> Ralf Dombrowski<\/a>!<\/p>\n<div class=\"tiled-gallery type-rectangular tiled-gallery-unresized\" data-original-width=\"840\" data-carousel-extra='{&quot;blog_id&quot;:1,&quot;permalink&quot;:&quot;https:\\\/\\\/www.jazzzeitung.de\\\/cms\\\/2014\\\/09\\\/bildergalerie-luxembourg-jazz-meeting-von-ralf-dombrowski\\\/&quot;,&quot;likes_blog_id&quot;:55446655}' itemscope itemtype=\"http:\/\/schema.org\/ImageGallery\" > <div class=\"gallery-row\" style=\"width: 840px; height: 375px;\" data-original-width=\"840\" data-original-height=\"375\" > <div class=\"gallery-group images-1\" style=\"width: 561px; height: 375px;\" data-original-width=\"561\" data-original-height=\"375\" > <div class=\"tiled-gallery-item tiled-gallery-item-large\" itemprop=\"associatedMedia\" itemscope itemtype=\"http:\/\/schema.org\/ImageObject\"> <a href=\"https:\/\/www.jazzzeitung.de\/cms\/2014\/09\/bildergalerie-luxembourg-jazz-meeting-von-ralf-dombrowski\/0k3a1472_pit_dahm_dombr\/\" border=\"0\" itemprop=\"url\"> <meta itemprop=\"width\" content=\"557\"> <meta itemprop=\"height\" content=\"371\"> <img decoding=\"async\" class=\"\" data-attachment-id=\"4549\" data-orig-file=\"https:\/\/www.jazzzeitung.de\/cms\/wp-content\/uploads\/2014\/09\/0K3A1472_Pit_Dahm_dombr.jpg\" data-orig-size=\"1280,853\" data-comments-opened=\"1\" data-image-meta=\"{&quot;aperture&quot;:&quot;6.3&quot;,&quot;credit&quot;:&quot;&quot;,&quot;camera&quot;:&quot;Canon EOS 5D Mark III&quot;,&quot;caption&quot;:&quot;&quot;,&quot;created_timestamp&quot;:&quot;1410553483&quot;,&quot;copyright&quot;:&quot;&quot;,&quot;focal_length&quot;:&quot;150&quot;,&quot;iso&quot;:&quot;12800&quot;,&quot;shutter_speed&quot;:&quot;0.005&quot;,&quot;title&quot;:&quot;&quot;,&quot;orientation&quot;:&quot;1&quot;}\" data-image-title=\"0K3A1472,_Pit_Dahm_(dombr)\" data-image-description=\"\" data-medium-file=\"https:\/\/i0.wp.com\/www.jazzzeitung.de\/cms\/wp-content\/uploads\/2014\/09\/0K3A1472_Pit_Dahm_dombr.jpg?fit=300%2C199&#038;ssl=1\" data-large-file=\"https:\/\/i0.wp.com\/www.jazzzeitung.de\/cms\/wp-content\/uploads\/2014\/09\/0K3A1472_Pit_Dahm_dombr.jpg?fit=840%2C560&#038;ssl=1\" src=\"https:\/\/i0.wp.com\/www.jazzzeitung.de\/cms\/wp-content\/uploads\/2014\/09\/0K3A1472_Pit_Dahm_dombr.jpg?w=557&#038;h=371&#038;ssl=1\" srcset=\"https:\/\/i0.wp.com\/www.jazzzeitung.de\/cms\/wp-content\/uploads\/2014\/09\/0K3A1472_Pit_Dahm_dombr.jpg?w=1280&amp;ssl=1 1280w, https:\/\/i0.wp.com\/www.jazzzeitung.de\/cms\/wp-content\/uploads\/2014\/09\/0K3A1472_Pit_Dahm_dombr.jpg?resize=300%2C200&amp;ssl=1 300w, https:\/\/i0.wp.com\/www.jazzzeitung.de\/cms\/wp-content\/uploads\/2014\/09\/0K3A1472_Pit_Dahm_dombr.jpg?resize=900%2C599&amp;ssl=1 900w\" width=\"557\" height=\"371\" loading=\"lazy\" data-original-width=\"557\" data-original-height=\"371\" itemprop=\"http:\/\/schema.org\/image\" title=\"0K3A1472,_Pit_Dahm_(dombr)\" alt=\"0K3A1472,_Pit_Dahm_(dombr)\" style=\"width: 557px; height: 371px;\" \/> <\/a> <\/div> <\/div> <!-- close group --> <div class=\"gallery-group images-2\" style=\"width: 279px; height: 375px;\" data-original-width=\"279\" data-original-height=\"375\" > <div class=\"tiled-gallery-item tiled-gallery-item-large\" itemprop=\"associatedMedia\" itemscope itemtype=\"http:\/\/schema.org\/ImageObject\"> <a href=\"https:\/\/www.jazzzeitung.de\/cms\/2014\/09\/bildergalerie-luxembourg-jazz-meeting-von-ralf-dombrowski\/0k3a1616-maxime-bender-maurice-kuehn-dombr\/\" border=\"0\" itemprop=\"url\"> <meta itemprop=\"width\" content=\"275\"> <meta itemprop=\"height\" content=\"184\"> <img decoding=\"async\" class=\"\" data-attachment-id=\"4550\" data-orig-file=\"https:\/\/www.jazzzeitung.de\/cms\/wp-content\/uploads\/2014\/09\/0K3A1616-Maxime-Bender-Maurice-Kuehn-dombr.jpg\" data-orig-size=\"1280,853\" data-comments-opened=\"1\" data-image-meta=\"{&quot;aperture&quot;:&quot;5.6&quot;,&quot;credit&quot;:&quot;&quot;,&quot;camera&quot;:&quot;Canon EOS 5D Mark III&quot;,&quot;caption&quot;:&quot;&quot;,&quot;created_timestamp&quot;:&quot;1410556264&quot;,&quot;copyright&quot;:&quot;&quot;,&quot;focal_length&quot;:&quot;80&quot;,&quot;iso&quot;:&quot;12800&quot;,&quot;shutter_speed&quot;:&quot;0.005&quot;,&quot;title&quot;:&quot;&quot;,&quot;orientation&quot;:&quot;1&quot;}\" data-image-title=\"0K3A1616, Maxime Bender, Maurice Kuehn (dombr)\" data-image-description=\"\" data-medium-file=\"https:\/\/i0.wp.com\/www.jazzzeitung.de\/cms\/wp-content\/uploads\/2014\/09\/0K3A1616-Maxime-Bender-Maurice-Kuehn-dombr.jpg?fit=300%2C199&#038;ssl=1\" data-large-file=\"https:\/\/i0.wp.com\/www.jazzzeitung.de\/cms\/wp-content\/uploads\/2014\/09\/0K3A1616-Maxime-Bender-Maurice-Kuehn-dombr.jpg?fit=840%2C560&#038;ssl=1\" src=\"https:\/\/i0.wp.com\/www.jazzzeitung.de\/cms\/wp-content\/uploads\/2014\/09\/0K3A1616-Maxime-Bender-Maurice-Kuehn-dombr.jpg?w=275&#038;h=184&#038;ssl=1\" srcset=\"https:\/\/i0.wp.com\/www.jazzzeitung.de\/cms\/wp-content\/uploads\/2014\/09\/0K3A1616-Maxime-Bender-Maurice-Kuehn-dombr.jpg?w=1280&amp;ssl=1 1280w, https:\/\/i0.wp.com\/www.jazzzeitung.de\/cms\/wp-content\/uploads\/2014\/09\/0K3A1616-Maxime-Bender-Maurice-Kuehn-dombr.jpg?resize=900%2C599&amp;ssl=1 900w, https:\/\/i0.wp.com\/www.jazzzeitung.de\/cms\/wp-content\/uploads\/2014\/09\/0K3A1616-Maxime-Bender-Maurice-Kuehn-dombr.jpg?resize=300%2C200&amp;ssl=1 300w\" width=\"275\" height=\"184\" loading=\"lazy\" data-original-width=\"275\" data-original-height=\"184\" itemprop=\"http:\/\/schema.org\/image\" title=\"0K3A1616, Maxime Bender, Maurice Kuehn (dombr)\" alt=\"0K3A1616, Maxime Bender, Maurice Kuehn (dombr)\" style=\"width: 275px; height: 184px;\" \/> <\/a> <\/div> <div class=\"tiled-gallery-item tiled-gallery-item-large\" itemprop=\"associatedMedia\" itemscope itemtype=\"http:\/\/schema.org\/ImageObject\"> <a href=\"https:\/\/www.jazzzeitung.de\/cms\/2014\/09\/bildergalerie-luxembourg-jazz-meeting-von-ralf-dombrowski\/0k3a1645-pascal-schumacher-1-dombr\/\" border=\"0\" itemprop=\"url\"> <meta itemprop=\"width\" content=\"275\"> <meta itemprop=\"height\" content=\"183\"> <img decoding=\"async\" class=\"\" data-attachment-id=\"4551\" data-orig-file=\"https:\/\/www.jazzzeitung.de\/cms\/wp-content\/uploads\/2014\/09\/0K3A1645-Pascal-Schumacher-1-dombr.jpg\" data-orig-size=\"1280,853\" data-comments-opened=\"1\" data-image-meta=\"{&quot;aperture&quot;:&quot;5.6&quot;,&quot;credit&quot;:&quot;&quot;,&quot;camera&quot;:&quot;Canon EOS 5D Mark III&quot;,&quot;caption&quot;:&quot;&quot;,&quot;created_timestamp&quot;:&quot;1410558201&quot;,&quot;copyright&quot;:&quot;&quot;,&quot;focal_length&quot;:&quot;90&quot;,&quot;iso&quot;:&quot;12800&quot;,&quot;shutter_speed&quot;:&quot;0.01&quot;,&quot;title&quot;:&quot;&quot;,&quot;orientation&quot;:&quot;1&quot;}\" data-image-title=\"0K3A1645, Pascal Schumacher 1 (dombr)\" data-image-description=\"\" data-medium-file=\"https:\/\/i0.wp.com\/www.jazzzeitung.de\/cms\/wp-content\/uploads\/2014\/09\/0K3A1645-Pascal-Schumacher-1-dombr.jpg?fit=300%2C199&#038;ssl=1\" data-large-file=\"https:\/\/i0.wp.com\/www.jazzzeitung.de\/cms\/wp-content\/uploads\/2014\/09\/0K3A1645-Pascal-Schumacher-1-dombr.jpg?fit=840%2C560&#038;ssl=1\" src=\"https:\/\/i0.wp.com\/www.jazzzeitung.de\/cms\/wp-content\/uploads\/2014\/09\/0K3A1645-Pascal-Schumacher-1-dombr.jpg?w=275&#038;h=183&#038;ssl=1\" srcset=\"https:\/\/i0.wp.com\/www.jazzzeitung.de\/cms\/wp-content\/uploads\/2014\/09\/0K3A1645-Pascal-Schumacher-1-dombr.jpg?w=1280&amp;ssl=1 1280w, https:\/\/i0.wp.com\/www.jazzzeitung.de\/cms\/wp-content\/uploads\/2014\/09\/0K3A1645-Pascal-Schumacher-1-dombr.jpg?resize=300%2C200&amp;ssl=1 300w, https:\/\/i0.wp.com\/www.jazzzeitung.de\/cms\/wp-content\/uploads\/2014\/09\/0K3A1645-Pascal-Schumacher-1-dombr.jpg?resize=900%2C599&amp;ssl=1 900w\" width=\"275\" height=\"183\" loading=\"lazy\" data-original-width=\"275\" data-original-height=\"183\" itemprop=\"http:\/\/schema.org\/image\" title=\"0K3A1645, Pascal Schumacher 1 (dombr)\" alt=\"0K3A1645, Pascal Schumacher 1 (dombr)\" style=\"width: 275px; height: 183px;\" \/> <\/a> <\/div> <\/div> <!-- close group --> <\/div> <!-- close row --> <div class=\"gallery-row\" style=\"width: 840px; height: 230px;\" data-original-width=\"840\" data-original-height=\"230\" > <div class=\"gallery-group images-1\" style=\"width: 343px; height: 230px;\" data-original-width=\"343\" data-original-height=\"230\" > <div class=\"tiled-gallery-item tiled-gallery-item-large\" itemprop=\"associatedMedia\" itemscope itemtype=\"http:\/\/schema.org\/ImageObject\"> <a href=\"https:\/\/www.jazzzeitung.de\/cms\/2014\/09\/bildergalerie-luxembourg-jazz-meeting-von-ralf-dombrowski\/0k3a1695-pascal-schumacher-2-dombr\/\" border=\"0\" itemprop=\"url\"> <meta itemprop=\"width\" content=\"339\"> <meta itemprop=\"height\" content=\"226\"> <img decoding=\"async\" class=\"\" data-attachment-id=\"4552\" data-orig-file=\"https:\/\/www.jazzzeitung.de\/cms\/wp-content\/uploads\/2014\/09\/0K3A1695-Pascal-Schumacher-2-dombr.jpg\" data-orig-size=\"1280,853\" data-comments-opened=\"1\" data-image-meta=\"{&quot;aperture&quot;:&quot;5.6&quot;,&quot;credit&quot;:&quot;&quot;,&quot;camera&quot;:&quot;Canon EOS 5D Mark III&quot;,&quot;caption&quot;:&quot;&quot;,&quot;created_timestamp&quot;:&quot;1410559169&quot;,&quot;copyright&quot;:&quot;&quot;,&quot;focal_length&quot;:&quot;84&quot;,&quot;iso&quot;:&quot;12800&quot;,&quot;shutter_speed&quot;:&quot;0.008&quot;,&quot;title&quot;:&quot;&quot;,&quot;orientation&quot;:&quot;1&quot;}\" data-image-title=\"0K3A1695, Pascal Schumacher 2 (dombr)\" data-image-description=\"\" data-medium-file=\"https:\/\/i0.wp.com\/www.jazzzeitung.de\/cms\/wp-content\/uploads\/2014\/09\/0K3A1695-Pascal-Schumacher-2-dombr.jpg?fit=300%2C199&#038;ssl=1\" data-large-file=\"https:\/\/i0.wp.com\/www.jazzzeitung.de\/cms\/wp-content\/uploads\/2014\/09\/0K3A1695-Pascal-Schumacher-2-dombr.jpg?fit=840%2C560&#038;ssl=1\" src=\"https:\/\/i0.wp.com\/www.jazzzeitung.de\/cms\/wp-content\/uploads\/2014\/09\/0K3A1695-Pascal-Schumacher-2-dombr.jpg?w=339&#038;h=226&#038;ssl=1\" srcset=\"https:\/\/i0.wp.com\/www.jazzzeitung.de\/cms\/wp-content\/uploads\/2014\/09\/0K3A1695-Pascal-Schumacher-2-dombr.jpg?w=1280&amp;ssl=1 1280w, https:\/\/i0.wp.com\/www.jazzzeitung.de\/cms\/wp-content\/uploads\/2014\/09\/0K3A1695-Pascal-Schumacher-2-dombr.jpg?resize=300%2C200&amp;ssl=1 300w, https:\/\/i0.wp.com\/www.jazzzeitung.de\/cms\/wp-content\/uploads\/2014\/09\/0K3A1695-Pascal-Schumacher-2-dombr.jpg?resize=900%2C599&amp;ssl=1 900w\" width=\"339\" height=\"226\" loading=\"lazy\" data-original-width=\"339\" data-original-height=\"226\" itemprop=\"http:\/\/schema.org\/image\" title=\"0K3A1695, Pascal Schumacher 2 (dombr)\" alt=\"0K3A1695, Pascal Schumacher 2 (dombr)\" style=\"width: 339px; height: 226px;\" \/> <\/a> <\/div> <\/div> <!-- close group --> <div class=\"gallery-group images-1\" style=\"width: 154px; height: 230px;\" data-original-width=\"154\" data-original-height=\"230\" > <div class=\"tiled-gallery-item tiled-gallery-item-small\" itemprop=\"associatedMedia\" itemscope itemtype=\"http:\/\/schema.org\/ImageObject\"> <a href=\"https:\/\/www.jazzzeitung.de\/cms\/2014\/09\/bildergalerie-luxembourg-jazz-meeting-von-ralf-dombrowski\/0k3a1712-jens-dueppe-pascal-schumacher-1-dombr\/\" border=\"0\" itemprop=\"url\"> <meta itemprop=\"width\" content=\"150\"> <meta itemprop=\"height\" content=\"226\"> <img decoding=\"async\" class=\"\" data-attachment-id=\"4553\" data-orig-file=\"https:\/\/www.jazzzeitung.de\/cms\/wp-content\/uploads\/2014\/09\/0K3A1712-Jens-D\u00fcppe-Pascal-Schumacher-1-dombr.jpg\" data-orig-size=\"853,1280\" data-comments-opened=\"1\" data-image-meta=\"{&quot;aperture&quot;:&quot;5.6&quot;,&quot;credit&quot;:&quot;&quot;,&quot;camera&quot;:&quot;Canon EOS 5D Mark III&quot;,&quot;caption&quot;:&quot;&quot;,&quot;created_timestamp&quot;:&quot;1410559280&quot;,&quot;copyright&quot;:&quot;&quot;,&quot;focal_length&quot;:&quot;90&quot;,&quot;iso&quot;:&quot;12800&quot;,&quot;shutter_speed&quot;:&quot;0.008&quot;,&quot;title&quot;:&quot;&quot;,&quot;orientation&quot;:&quot;1&quot;}\" data-image-title=\"0K3A1712, Jens D\u00fcppe, Pascal Schumacher 1 (dombr)\" data-image-description=\"\" data-medium-file=\"https:\/\/i0.wp.com\/www.jazzzeitung.de\/cms\/wp-content\/uploads\/2014\/09\/0K3A1712-Jens-D%C3%BCppe-Pascal-Schumacher-1-dombr.jpg?fit=199%2C300&#038;ssl=1\" data-large-file=\"https:\/\/i0.wp.com\/www.jazzzeitung.de\/cms\/wp-content\/uploads\/2014\/09\/0K3A1712-Jens-D%C3%BCppe-Pascal-Schumacher-1-dombr.jpg?fit=399%2C600&#038;ssl=1\" src=\"https:\/\/i0.wp.com\/www.jazzzeitung.de\/cms\/wp-content\/uploads\/2014\/09\/0K3A1712-Jens-D%C3%BCppe-Pascal-Schumacher-1-dombr.jpg?w=150&#038;h=226&#038;ssl=1\" width=\"150\" height=\"226\" loading=\"lazy\" data-original-width=\"150\" data-original-height=\"226\" itemprop=\"http:\/\/schema.org\/image\" title=\"0K3A1712, Jens D\u00fcppe, Pascal Schumacher 1 (dombr)\" alt=\"0K3A1712, Jens D\u00fcppe, Pascal Schumacher 1 (dombr)\" style=\"width: 150px; height: 226px;\" \/> <\/a> <\/div> <\/div> <!-- close group --> <div class=\"gallery-group images-1\" style=\"width: 343px; height: 230px;\" data-original-width=\"343\" data-original-height=\"230\" > <div class=\"tiled-gallery-item tiled-gallery-item-large\" itemprop=\"associatedMedia\" itemscope itemtype=\"http:\/\/schema.org\/ImageObject\"> <a href=\"https:\/\/www.jazzzeitung.de\/cms\/2014\/09\/bildergalerie-luxembourg-jazz-meeting-von-ralf-dombrowski\/0k3a1779-mark-sanders-dombr\/\" border=\"0\" itemprop=\"url\"> <meta itemprop=\"width\" content=\"339\"> <meta itemprop=\"height\" content=\"226\"> <img decoding=\"async\" class=\"\" data-attachment-id=\"4554\" data-orig-file=\"https:\/\/www.jazzzeitung.de\/cms\/wp-content\/uploads\/2014\/09\/0K3A1779-Mark-Sanders-dombr.jpg\" data-orig-size=\"1280,853\" data-comments-opened=\"1\" data-image-meta=\"{&quot;aperture&quot;:&quot;5.6&quot;,&quot;credit&quot;:&quot;&quot;,&quot;camera&quot;:&quot;Canon EOS 5D Mark III&quot;,&quot;caption&quot;:&quot;&quot;,&quot;created_timestamp&quot;:&quot;1410561115&quot;,&quot;copyright&quot;:&quot;&quot;,&quot;focal_length&quot;:&quot;190&quot;,&quot;iso&quot;:&quot;12800&quot;,&quot;shutter_speed&quot;:&quot;0.00625&quot;,&quot;title&quot;:&quot;&quot;,&quot;orientation&quot;:&quot;1&quot;}\" data-image-title=\"0K3A1779, Mark Sanders (dombr)\" data-image-description=\"\" data-medium-file=\"https:\/\/i0.wp.com\/www.jazzzeitung.de\/cms\/wp-content\/uploads\/2014\/09\/0K3A1779-Mark-Sanders-dombr.jpg?fit=300%2C199&#038;ssl=1\" data-large-file=\"https:\/\/i0.wp.com\/www.jazzzeitung.de\/cms\/wp-content\/uploads\/2014\/09\/0K3A1779-Mark-Sanders-dombr.jpg?fit=840%2C560&#038;ssl=1\" src=\"https:\/\/i0.wp.com\/www.jazzzeitung.de\/cms\/wp-content\/uploads\/2014\/09\/0K3A1779-Mark-Sanders-dombr.jpg?w=339&#038;h=226&#038;ssl=1\" srcset=\"https:\/\/i0.wp.com\/www.jazzzeitung.de\/cms\/wp-content\/uploads\/2014\/09\/0K3A1779-Mark-Sanders-dombr.jpg?w=1280&amp;ssl=1 1280w, https:\/\/i0.wp.com\/www.jazzzeitung.de\/cms\/wp-content\/uploads\/2014\/09\/0K3A1779-Mark-Sanders-dombr.jpg?resize=300%2C200&amp;ssl=1 300w, https:\/\/i0.wp.com\/www.jazzzeitung.de\/cms\/wp-content\/uploads\/2014\/09\/0K3A1779-Mark-Sanders-dombr.jpg?resize=900%2C599&amp;ssl=1 900w\" width=\"339\" height=\"226\" loading=\"lazy\" data-original-width=\"339\" data-original-height=\"226\" itemprop=\"http:\/\/schema.org\/image\" title=\"0K3A1779, Mark Sanders (dombr)\" alt=\"0K3A1779, Mark Sanders (dombr)\" style=\"width: 339px; height: 226px;\" \/> <\/a> <\/div> <\/div> <!-- close group --> <\/div> <!-- close row --> <div class=\"gallery-row\" style=\"width: 840px; height: 375px;\" data-original-width=\"840\" data-original-height=\"375\" > <div class=\"gallery-group images-2\" style=\"width: 279px; height: 375px;\" data-original-width=\"279\" data-original-height=\"375\" > <div class=\"tiled-gallery-item tiled-gallery-item-large\" itemprop=\"associatedMedia\" itemscope itemtype=\"http:\/\/schema.org\/ImageObject\"> <a href=\"https:\/\/www.jazzzeitung.de\/cms\/2014\/09\/bildergalerie-luxembourg-jazz-meeting-von-ralf-dombrowski\/0k3a1898-nino-sopranino-1-dombr\/\" border=\"0\" itemprop=\"url\"> <meta itemprop=\"width\" content=\"275\"> <meta itemprop=\"height\" content=\"184\"> <img decoding=\"async\" class=\"\" data-attachment-id=\"4555\" data-orig-file=\"https:\/\/www.jazzzeitung.de\/cms\/wp-content\/uploads\/2014\/09\/0K3A1898-Nino-Sopranino-1-dombr.jpg\" data-orig-size=\"1280,853\" data-comments-opened=\"1\" data-image-meta=\"{&quot;aperture&quot;:&quot;4&quot;,&quot;credit&quot;:&quot;&quot;,&quot;camera&quot;:&quot;Canon EOS 5D Mark III&quot;,&quot;caption&quot;:&quot;&quot;,&quot;created_timestamp&quot;:&quot;1410608825&quot;,&quot;copyright&quot;:&quot;&quot;,&quot;focal_length&quot;:&quot;67&quot;,&quot;iso&quot;:&quot;125&quot;,&quot;shutter_speed&quot;:&quot;0.005&quot;,&quot;title&quot;:&quot;&quot;,&quot;orientation&quot;:&quot;1&quot;}\" data-image-title=\"0K3A1898, Nino Sopranino 1 (dombr)\" data-image-description=\"\" data-medium-file=\"https:\/\/i0.wp.com\/www.jazzzeitung.de\/cms\/wp-content\/uploads\/2014\/09\/0K3A1898-Nino-Sopranino-1-dombr.jpg?fit=300%2C199&#038;ssl=1\" data-large-file=\"https:\/\/i0.wp.com\/www.jazzzeitung.de\/cms\/wp-content\/uploads\/2014\/09\/0K3A1898-Nino-Sopranino-1-dombr.jpg?fit=840%2C560&#038;ssl=1\" src=\"https:\/\/i0.wp.com\/www.jazzzeitung.de\/cms\/wp-content\/uploads\/2014\/09\/0K3A1898-Nino-Sopranino-1-dombr.jpg?w=275&#038;h=184&#038;ssl=1\" srcset=\"https:\/\/i0.wp.com\/www.jazzzeitung.de\/cms\/wp-content\/uploads\/2014\/09\/0K3A1898-Nino-Sopranino-1-dombr.jpg?w=1280&amp;ssl=1 1280w, https:\/\/i0.wp.com\/www.jazzzeitung.de\/cms\/wp-content\/uploads\/2014\/09\/0K3A1898-Nino-Sopranino-1-dombr.jpg?resize=900%2C599&amp;ssl=1 900w, https:\/\/i0.wp.com\/www.jazzzeitung.de\/cms\/wp-content\/uploads\/2014\/09\/0K3A1898-Nino-Sopranino-1-dombr.jpg?resize=300%2C200&amp;ssl=1 300w\" width=\"275\" height=\"184\" loading=\"lazy\" data-original-width=\"275\" data-original-height=\"184\" itemprop=\"http:\/\/schema.org\/image\" title=\"0K3A1898, Nino Sopranino 1 (dombr)\" alt=\"0K3A1898, Nino Sopranino 1 (dombr)\" style=\"width: 275px; height: 184px;\" \/> <\/a> <\/div> <div class=\"tiled-gallery-item tiled-gallery-item-large\" itemprop=\"associatedMedia\" itemscope itemtype=\"http:\/\/schema.org\/ImageObject\"> <a href=\"https:\/\/www.jazzzeitung.de\/cms\/2014\/09\/bildergalerie-luxembourg-jazz-meeting-von-ralf-dombrowski\/0k3a1981-bachar-khalife-dombr\/\" border=\"0\" itemprop=\"url\"> <meta itemprop=\"width\" content=\"275\"> <meta itemprop=\"height\" content=\"183\"> <img decoding=\"async\" class=\"\" data-attachment-id=\"4556\" data-orig-file=\"https:\/\/www.jazzzeitung.de\/cms\/wp-content\/uploads\/2014\/09\/0K3A1981-Bachar-Khalife-dombr.jpg\" data-orig-size=\"1280,853\" data-comments-opened=\"1\" data-image-meta=\"{&quot;aperture&quot;:&quot;4&quot;,&quot;credit&quot;:&quot;&quot;,&quot;camera&quot;:&quot;Canon EOS 5D Mark III&quot;,&quot;caption&quot;:&quot;&quot;,&quot;created_timestamp&quot;:&quot;1410639788&quot;,&quot;copyright&quot;:&quot;&quot;,&quot;focal_length&quot;:&quot;58&quot;,&quot;iso&quot;:&quot;10000&quot;,&quot;shutter_speed&quot;:&quot;0.004&quot;,&quot;title&quot;:&quot;&quot;,&quot;orientation&quot;:&quot;1&quot;}\" data-image-title=\"0K3A1981, Bachar Khalife (dombr)\" data-image-description=\"\" data-medium-file=\"https:\/\/i0.wp.com\/www.jazzzeitung.de\/cms\/wp-content\/uploads\/2014\/09\/0K3A1981-Bachar-Khalife-dombr.jpg?fit=300%2C199&#038;ssl=1\" data-large-file=\"https:\/\/i0.wp.com\/www.jazzzeitung.de\/cms\/wp-content\/uploads\/2014\/09\/0K3A1981-Bachar-Khalife-dombr.jpg?fit=840%2C560&#038;ssl=1\" src=\"https:\/\/i0.wp.com\/www.jazzzeitung.de\/cms\/wp-content\/uploads\/2014\/09\/0K3A1981-Bachar-Khalife-dombr.jpg?w=275&#038;h=183&#038;ssl=1\" srcset=\"https:\/\/i0.wp.com\/www.jazzzeitung.de\/cms\/wp-content\/uploads\/2014\/09\/0K3A1981-Bachar-Khalife-dombr.jpg?w=1280&amp;ssl=1 1280w, https:\/\/i0.wp.com\/www.jazzzeitung.de\/cms\/wp-content\/uploads\/2014\/09\/0K3A1981-Bachar-Khalife-dombr.jpg?resize=300%2C200&amp;ssl=1 300w, https:\/\/i0.wp.com\/www.jazzzeitung.de\/cms\/wp-content\/uploads\/2014\/09\/0K3A1981-Bachar-Khalife-dombr.jpg?resize=900%2C599&amp;ssl=1 900w\" width=\"275\" height=\"183\" loading=\"lazy\" data-original-width=\"275\" data-original-height=\"183\" itemprop=\"http:\/\/schema.org\/image\" title=\"0K3A1981, Bachar Khalife (dombr)\" alt=\"0K3A1981, Bachar Khalife (dombr)\" style=\"width: 275px; height: 183px;\" \/> <\/a> <\/div> <\/div> <!-- close group --> <div class=\"gallery-group images-1\" style=\"width: 561px; height: 375px;\" data-original-width=\"561\" data-original-height=\"375\" > <div class=\"tiled-gallery-item tiled-gallery-item-large\" itemprop=\"associatedMedia\" itemscope itemtype=\"http:\/\/schema.org\/ImageObject\"> <a href=\"https:\/\/www.jazzzeitung.de\/cms\/2014\/09\/bildergalerie-luxembourg-jazz-meeting-von-ralf-dombrowski\/0k3a1994-kloeppel-dombr\/\" border=\"0\" itemprop=\"url\"> <meta itemprop=\"width\" content=\"557\"> <meta itemprop=\"height\" content=\"371\"> <img decoding=\"async\" class=\"\" data-attachment-id=\"4557\" data-orig-file=\"https:\/\/www.jazzzeitung.de\/cms\/wp-content\/uploads\/2014\/09\/0K3A1994-Kl\u00f6ppel-dombr.jpg\" data-orig-size=\"1280,853\" data-comments-opened=\"1\" data-image-meta=\"{&quot;aperture&quot;:&quot;5&quot;,&quot;credit&quot;:&quot;&quot;,&quot;camera&quot;:&quot;Canon EOS 5D Mark III&quot;,&quot;caption&quot;:&quot;&quot;,&quot;created_timestamp&quot;:&quot;1410640041&quot;,&quot;copyright&quot;:&quot;&quot;,&quot;focal_length&quot;:&quot;210&quot;,&quot;iso&quot;:&quot;12800&quot;,&quot;shutter_speed&quot;:&quot;0.0125&quot;,&quot;title&quot;:&quot;&quot;,&quot;orientation&quot;:&quot;1&quot;}\" data-image-title=\"0K3A1994, Kl\u00f6ppel (dombr)\" data-image-description=\"\" data-medium-file=\"https:\/\/i0.wp.com\/www.jazzzeitung.de\/cms\/wp-content\/uploads\/2014\/09\/0K3A1994-Kl%C3%B6ppel-dombr.jpg?fit=300%2C199&#038;ssl=1\" data-large-file=\"https:\/\/i0.wp.com\/www.jazzzeitung.de\/cms\/wp-content\/uploads\/2014\/09\/0K3A1994-Kl%C3%B6ppel-dombr.jpg?fit=840%2C560&#038;ssl=1\" src=\"https:\/\/i0.wp.com\/www.jazzzeitung.de\/cms\/wp-content\/uploads\/2014\/09\/0K3A1994-Kl%C3%B6ppel-dombr.jpg?w=557&#038;h=371&#038;ssl=1\" width=\"557\" height=\"371\" loading=\"lazy\" data-original-width=\"557\" data-original-height=\"371\" itemprop=\"http:\/\/schema.org\/image\" title=\"0K3A1994, Kl\u00f6ppel (dombr)\" alt=\"0K3A1994, Kl\u00f6ppel (dombr)\" style=\"width: 557px; height: 371px;\" \/> <\/a> <\/div> <\/div> <!-- close group --> <\/div> <!-- close row --> <div class=\"gallery-row\" style=\"width: 840px; height: 281px;\" data-original-width=\"840\" data-original-height=\"281\" > <div class=\"gallery-group images-1\" style=\"width: 420px; height: 281px;\" data-original-width=\"420\" data-original-height=\"281\" > <div class=\"tiled-gallery-item tiled-gallery-item-large\" itemprop=\"associatedMedia\" itemscope itemtype=\"http:\/\/schema.org\/ImageObject\"> <a href=\"https:\/\/www.jazzzeitung.de\/cms\/2014\/09\/bildergalerie-luxembourg-jazz-meeting-von-ralf-dombrowski\/0k3a2010-francesco-tristano-1-dombr\/\" border=\"0\" itemprop=\"url\"> <meta itemprop=\"width\" content=\"416\"> <meta itemprop=\"height\" content=\"277\"> <img decoding=\"async\" class=\"\" data-attachment-id=\"4558\" data-orig-file=\"https:\/\/www.jazzzeitung.de\/cms\/wp-content\/uploads\/2014\/09\/0K3A2010-Francesco-Tristano-1-dombr.jpg\" data-orig-size=\"1280,853\" data-comments-opened=\"1\" data-image-meta=\"{&quot;aperture&quot;:&quot;5&quot;,&quot;credit&quot;:&quot;&quot;,&quot;camera&quot;:&quot;Canon EOS 5D Mark III&quot;,&quot;caption&quot;:&quot;&quot;,&quot;created_timestamp&quot;:&quot;1410640703&quot;,&quot;copyright&quot;:&quot;&quot;,&quot;focal_length&quot;:&quot;155&quot;,&quot;iso&quot;:&quot;12800&quot;,&quot;shutter_speed&quot;:&quot;0.008&quot;,&quot;title&quot;:&quot;&quot;,&quot;orientation&quot;:&quot;1&quot;}\" data-image-title=\"0K3A2010, Francesco Tristano 1 (dombr)\" data-image-description=\"\" data-medium-file=\"https:\/\/i0.wp.com\/www.jazzzeitung.de\/cms\/wp-content\/uploads\/2014\/09\/0K3A2010-Francesco-Tristano-1-dombr.jpg?fit=300%2C199&#038;ssl=1\" data-large-file=\"https:\/\/i0.wp.com\/www.jazzzeitung.de\/cms\/wp-content\/uploads\/2014\/09\/0K3A2010-Francesco-Tristano-1-dombr.jpg?fit=840%2C560&#038;ssl=1\" src=\"https:\/\/i0.wp.com\/www.jazzzeitung.de\/cms\/wp-content\/uploads\/2014\/09\/0K3A2010-Francesco-Tristano-1-dombr.jpg?w=416&#038;h=277&#038;ssl=1\" srcset=\"https:\/\/i0.wp.com\/www.jazzzeitung.de\/cms\/wp-content\/uploads\/2014\/09\/0K3A2010-Francesco-Tristano-1-dombr.jpg?w=1280&amp;ssl=1 1280w, https:\/\/i0.wp.com\/www.jazzzeitung.de\/cms\/wp-content\/uploads\/2014\/09\/0K3A2010-Francesco-Tristano-1-dombr.jpg?resize=300%2C200&amp;ssl=1 300w, https:\/\/i0.wp.com\/www.jazzzeitung.de\/cms\/wp-content\/uploads\/2014\/09\/0K3A2010-Francesco-Tristano-1-dombr.jpg?resize=900%2C599&amp;ssl=1 900w\" width=\"416\" height=\"277\" loading=\"lazy\" data-original-width=\"416\" data-original-height=\"277\" itemprop=\"http:\/\/schema.org\/image\" title=\"0K3A2010, Francesco Tristano 1 (dombr)\" alt=\"0K3A2010, Francesco Tristano 1 (dombr)\" style=\"width: 416px; height: 277px;\" \/> <\/a> <\/div> <\/div> <!-- close group --> <div class=\"gallery-group images-1\" style=\"width: 420px; height: 281px;\" data-original-width=\"420\" data-original-height=\"281\" > <div class=\"tiled-gallery-item tiled-gallery-item-large\" itemprop=\"associatedMedia\" itemscope itemtype=\"http:\/\/schema.org\/ImageObject\"> <a href=\"https:\/\/www.jazzzeitung.de\/cms\/2014\/09\/bildergalerie-luxembourg-jazz-meeting-von-ralf-dombrowski\/0k3a2063-niels-klein-robert-landfermann-dombr\/\" border=\"0\" itemprop=\"url\"> <meta itemprop=\"width\" content=\"416\"> <meta itemprop=\"height\" content=\"277\"> <img decoding=\"async\" class=\"\" data-attachment-id=\"4559\" data-orig-file=\"https:\/\/www.jazzzeitung.de\/cms\/wp-content\/uploads\/2014\/09\/0K3A2063-Niels-Klein-Robert-Landfermann-dombr.jpg\" data-orig-size=\"1280,853\" data-comments-opened=\"1\" data-image-meta=\"{&quot;aperture&quot;:&quot;4&quot;,&quot;credit&quot;:&quot;&quot;,&quot;camera&quot;:&quot;Canon EOS 5D Mark III&quot;,&quot;caption&quot;:&quot;&quot;,&quot;created_timestamp&quot;:&quot;1410642306&quot;,&quot;copyright&quot;:&quot;&quot;,&quot;focal_length&quot;:&quot;105&quot;,&quot;iso&quot;:&quot;12800&quot;,&quot;shutter_speed&quot;:&quot;0.004&quot;,&quot;title&quot;:&quot;&quot;,&quot;orientation&quot;:&quot;1&quot;}\" data-image-title=\"0K3A2063, Niels Klein, Robert Landfermann (dombr)\" data-image-description=\"\" data-medium-file=\"https:\/\/i0.wp.com\/www.jazzzeitung.de\/cms\/wp-content\/uploads\/2014\/09\/0K3A2063-Niels-Klein-Robert-Landfermann-dombr.jpg?fit=300%2C199&#038;ssl=1\" data-large-file=\"https:\/\/i0.wp.com\/www.jazzzeitung.de\/cms\/wp-content\/uploads\/2014\/09\/0K3A2063-Niels-Klein-Robert-Landfermann-dombr.jpg?fit=840%2C560&#038;ssl=1\" src=\"https:\/\/i0.wp.com\/www.jazzzeitung.de\/cms\/wp-content\/uploads\/2014\/09\/0K3A2063-Niels-Klein-Robert-Landfermann-dombr.jpg?w=416&#038;h=277&#038;ssl=1\" srcset=\"https:\/\/i0.wp.com\/www.jazzzeitung.de\/cms\/wp-content\/uploads\/2014\/09\/0K3A2063-Niels-Klein-Robert-Landfermann-dombr.jpg?w=1280&amp;ssl=1 1280w, https:\/\/i0.wp.com\/www.jazzzeitung.de\/cms\/wp-content\/uploads\/2014\/09\/0K3A2063-Niels-Klein-Robert-Landfermann-dombr.jpg?resize=300%2C200&amp;ssl=1 300w, https:\/\/i0.wp.com\/www.jazzzeitung.de\/cms\/wp-content\/uploads\/2014\/09\/0K3A2063-Niels-Klein-Robert-Landfermann-dombr.jpg?resize=900%2C599&amp;ssl=1 900w\" width=\"416\" height=\"277\" loading=\"lazy\" data-original-width=\"416\" data-original-height=\"277\" itemprop=\"http:\/\/schema.org\/image\" title=\"0K3A2063, Niels Klein, Robert Landfermann (dombr)\" alt=\"0K3A2063, Niels Klein, Robert Landfermann (dombr)\" style=\"width: 416px; height: 277px;\" \/> <\/a> <\/div> <\/div> <!-- close group --> <\/div> <!-- close row --> <div class=\"gallery-row\" style=\"width: 840px; height: 367px;\" data-original-width=\"840\" data-original-height=\"367\" > <div class=\"gallery-group images-1\" style=\"width: 567px; height: 367px;\" data-original-width=\"567\" data-original-height=\"367\" > <div class=\"tiled-gallery-item tiled-gallery-item-large\" itemprop=\"associatedMedia\" itemscope itemtype=\"http:\/\/schema.org\/ImageObject\"> <a href=\"https:\/\/www.jazzzeitung.de\/cms\/2014\/09\/bildergalerie-luxembourg-jazz-meeting-von-ralf-dombrowski\/0k3a2070-jonas-burgwinkel-dombr\/\" border=\"0\" itemprop=\"url\"> <meta itemprop=\"width\" content=\"563\"> <meta itemprop=\"height\" content=\"363\"> <img decoding=\"async\" class=\"\" data-attachment-id=\"4560\" data-orig-file=\"https:\/\/www.jazzzeitung.de\/cms\/wp-content\/uploads\/2014\/09\/0K3A2070-Jonas-Burgwinkel-dombr.jpg\" data-orig-size=\"1280,825\" data-comments-opened=\"1\" data-image-meta=\"{&quot;aperture&quot;:&quot;4&quot;,&quot;credit&quot;:&quot;&quot;,&quot;camera&quot;:&quot;Canon EOS 5D Mark III&quot;,&quot;caption&quot;:&quot;&quot;,&quot;created_timestamp&quot;:&quot;1410642365&quot;,&quot;copyright&quot;:&quot;&quot;,&quot;focal_length&quot;:&quot;105&quot;,&quot;iso&quot;:&quot;12800&quot;,&quot;shutter_speed&quot;:&quot;0.004&quot;,&quot;title&quot;:&quot;&quot;,&quot;orientation&quot;:&quot;1&quot;}\" data-image-title=\"0K3A2070, Jonas Burgwinkel (dombr)\" data-image-description=\"\" data-medium-file=\"https:\/\/i0.wp.com\/www.jazzzeitung.de\/cms\/wp-content\/uploads\/2014\/09\/0K3A2070-Jonas-Burgwinkel-dombr.jpg?fit=300%2C193&#038;ssl=1\" data-large-file=\"https:\/\/i0.wp.com\/www.jazzzeitung.de\/cms\/wp-content\/uploads\/2014\/09\/0K3A2070-Jonas-Burgwinkel-dombr.jpg?fit=840%2C541&#038;ssl=1\" src=\"https:\/\/i0.wp.com\/www.jazzzeitung.de\/cms\/wp-content\/uploads\/2014\/09\/0K3A2070-Jonas-Burgwinkel-dombr.jpg?w=563&#038;h=363&#038;ssl=1\" srcset=\"https:\/\/i0.wp.com\/www.jazzzeitung.de\/cms\/wp-content\/uploads\/2014\/09\/0K3A2070-Jonas-Burgwinkel-dombr.jpg?w=1280&amp;ssl=1 1280w, https:\/\/i0.wp.com\/www.jazzzeitung.de\/cms\/wp-content\/uploads\/2014\/09\/0K3A2070-Jonas-Burgwinkel-dombr.jpg?resize=300%2C193&amp;ssl=1 300w, https:\/\/i0.wp.com\/www.jazzzeitung.de\/cms\/wp-content\/uploads\/2014\/09\/0K3A2070-Jonas-Burgwinkel-dombr.jpg?resize=900%2C580&amp;ssl=1 900w\" width=\"563\" height=\"363\" loading=\"lazy\" data-original-width=\"563\" data-original-height=\"363\" itemprop=\"http:\/\/schema.org\/image\" title=\"0K3A2070, Jonas Burgwinkel (dombr)\" alt=\"0K3A2070, Jonas Burgwinkel (dombr)\" style=\"width: 563px; height: 363px;\" \/> <\/a> <\/div> <\/div> <!-- close group --> <div class=\"gallery-group images-2\" style=\"width: 273px; height: 367px;\" data-original-width=\"273\" data-original-height=\"367\" > <div class=\"tiled-gallery-item tiled-gallery-item-large\" itemprop=\"associatedMedia\" itemscope itemtype=\"http:\/\/schema.org\/ImageObject\"> <a href=\"https:\/\/www.jazzzeitung.de\/cms\/2014\/09\/bildergalerie-luxembourg-jazz-meeting-von-ralf-dombrowski\/0k3a2093-robert-landfermann-dombr\/\" border=\"0\" itemprop=\"url\"> <meta itemprop=\"width\" content=\"269\"> <meta itemprop=\"height\" content=\"180\"> <img decoding=\"async\" class=\"\" data-attachment-id=\"4561\" data-orig-file=\"https:\/\/www.jazzzeitung.de\/cms\/wp-content\/uploads\/2014\/09\/0K3A2093-Robert-Landfermann-dombr.jpg\" data-orig-size=\"1280,853\" data-comments-opened=\"1\" data-image-meta=\"{&quot;aperture&quot;:&quot;5&quot;,&quot;credit&quot;:&quot;&quot;,&quot;camera&quot;:&quot;Canon EOS 5D Mark III&quot;,&quot;caption&quot;:&quot;&quot;,&quot;created_timestamp&quot;:&quot;1410642767&quot;,&quot;copyright&quot;:&quot;&quot;,&quot;focal_length&quot;:&quot;205&quot;,&quot;iso&quot;:&quot;12800&quot;,&quot;shutter_speed&quot;:&quot;0.005&quot;,&quot;title&quot;:&quot;&quot;,&quot;orientation&quot;:&quot;1&quot;}\" data-image-title=\"0K3A2093, Robert Landfermann (dombr)\" data-image-description=\"\" data-medium-file=\"https:\/\/i0.wp.com\/www.jazzzeitung.de\/cms\/wp-content\/uploads\/2014\/09\/0K3A2093-Robert-Landfermann-dombr.jpg?fit=300%2C199&#038;ssl=1\" data-large-file=\"https:\/\/i0.wp.com\/www.jazzzeitung.de\/cms\/wp-content\/uploads\/2014\/09\/0K3A2093-Robert-Landfermann-dombr.jpg?fit=840%2C560&#038;ssl=1\" src=\"https:\/\/i0.wp.com\/www.jazzzeitung.de\/cms\/wp-content\/uploads\/2014\/09\/0K3A2093-Robert-Landfermann-dombr.jpg?w=269&#038;h=180&#038;ssl=1\" srcset=\"https:\/\/i0.wp.com\/www.jazzzeitung.de\/cms\/wp-content\/uploads\/2014\/09\/0K3A2093-Robert-Landfermann-dombr.jpg?w=1280&amp;ssl=1 1280w, https:\/\/i0.wp.com\/www.jazzzeitung.de\/cms\/wp-content\/uploads\/2014\/09\/0K3A2093-Robert-Landfermann-dombr.jpg?resize=900%2C599&amp;ssl=1 900w, https:\/\/i0.wp.com\/www.jazzzeitung.de\/cms\/wp-content\/uploads\/2014\/09\/0K3A2093-Robert-Landfermann-dombr.jpg?resize=300%2C200&amp;ssl=1 300w\" width=\"269\" height=\"180\" loading=\"lazy\" data-original-width=\"269\" data-original-height=\"180\" itemprop=\"http:\/\/schema.org\/image\" title=\"0K3A2093, Robert Landfermann (dombr)\" alt=\"0K3A2093, Robert Landfermann (dombr)\" style=\"width: 269px; height: 180px;\" \/> <\/a> <\/div> <div class=\"tiled-gallery-item tiled-gallery-item-large\" itemprop=\"associatedMedia\" itemscope itemtype=\"http:\/\/schema.org\/ImageObject\"> <a href=\"https:\/\/www.jazzzeitung.de\/cms\/2014\/09\/bildergalerie-luxembourg-jazz-meeting-von-ralf-dombrowski\/0k3a2095-michel-reis-dombr\/\" border=\"0\" itemprop=\"url\"> <meta itemprop=\"width\" content=\"269\"> <meta itemprop=\"height\" content=\"179\"> <img decoding=\"async\" class=\"\" data-attachment-id=\"4562\" data-orig-file=\"https:\/\/www.jazzzeitung.de\/cms\/wp-content\/uploads\/2014\/09\/0K3A2095-Michel-Reis-dombr.jpg\" data-orig-size=\"1280,853\" data-comments-opened=\"1\" data-image-meta=\"{&quot;aperture&quot;:&quot;5&quot;,&quot;credit&quot;:&quot;&quot;,&quot;camera&quot;:&quot;Canon EOS 5D Mark III&quot;,&quot;caption&quot;:&quot;&quot;,&quot;created_timestamp&quot;:&quot;1410642799&quot;,&quot;copyright&quot;:&quot;&quot;,&quot;focal_length&quot;:&quot;160&quot;,&quot;iso&quot;:&quot;12800&quot;,&quot;shutter_speed&quot;:&quot;0.005&quot;,&quot;title&quot;:&quot;&quot;,&quot;orientation&quot;:&quot;1&quot;}\" data-image-title=\"0K3A2095, Michel Reis (dombr)\" data-image-description=\"\" data-medium-file=\"https:\/\/i0.wp.com\/www.jazzzeitung.de\/cms\/wp-content\/uploads\/2014\/09\/0K3A2095-Michel-Reis-dombr.jpg?fit=300%2C199&#038;ssl=1\" data-large-file=\"https:\/\/i0.wp.com\/www.jazzzeitung.de\/cms\/wp-content\/uploads\/2014\/09\/0K3A2095-Michel-Reis-dombr.jpg?fit=840%2C560&#038;ssl=1\" src=\"https:\/\/i0.wp.com\/www.jazzzeitung.de\/cms\/wp-content\/uploads\/2014\/09\/0K3A2095-Michel-Reis-dombr.jpg?w=269&#038;h=179&#038;ssl=1\" srcset=\"https:\/\/i0.wp.com\/www.jazzzeitung.de\/cms\/wp-content\/uploads\/2014\/09\/0K3A2095-Michel-Reis-dombr.jpg?w=1280&amp;ssl=1 1280w, https:\/\/i0.wp.com\/www.jazzzeitung.de\/cms\/wp-content\/uploads\/2014\/09\/0K3A2095-Michel-Reis-dombr.jpg?resize=300%2C200&amp;ssl=1 300w, https:\/\/i0.wp.com\/www.jazzzeitung.de\/cms\/wp-content\/uploads\/2014\/09\/0K3A2095-Michel-Reis-dombr.jpg?resize=900%2C599&amp;ssl=1 900w\" width=\"269\" height=\"179\" loading=\"lazy\" data-original-width=\"269\" data-original-height=\"179\" itemprop=\"http:\/\/schema.org\/image\" title=\"0K3A2095, Michel Reis (dombr)\" alt=\"0K3A2095, Michel Reis (dombr)\" style=\"width: 269px; height: 179px;\" \/> <\/a> <\/div> <\/div> <!-- close group --> <\/div> <!-- close row --> <div class=\"gallery-row\" style=\"width: 840px; height: 188px;\" data-original-width=\"840\" data-original-height=\"188\" > <div class=\"gallery-group images-1\" style=\"width: 280px; height: 188px;\" data-original-width=\"280\" data-original-height=\"188\" > <div class=\"tiled-gallery-item tiled-gallery-item-large\" itemprop=\"associatedMedia\" itemscope itemtype=\"http:\/\/schema.org\/ImageObject\"> <a href=\"https:\/\/www.jazzzeitung.de\/cms\/2014\/09\/bildergalerie-luxembourg-jazz-meeting-von-ralf-dombrowski\/0k3a2138-maxime-bender-quartet-dombr\/\" border=\"0\" itemprop=\"url\"> <meta itemprop=\"width\" content=\"276\"> <meta itemprop=\"height\" content=\"184\"> <img decoding=\"async\" class=\"\" data-attachment-id=\"4563\" data-orig-file=\"https:\/\/www.jazzzeitung.de\/cms\/wp-content\/uploads\/2014\/09\/0K3A2138-Maxime-Bender-Quartet-dombr.jpg\" data-orig-size=\"1280,853\" data-comments-opened=\"1\" data-image-meta=\"{&quot;aperture&quot;:&quot;4&quot;,&quot;credit&quot;:&quot;&quot;,&quot;camera&quot;:&quot;Canon EOS 5D Mark III&quot;,&quot;caption&quot;:&quot;&quot;,&quot;created_timestamp&quot;:&quot;1410647962&quot;,&quot;copyright&quot;:&quot;&quot;,&quot;focal_length&quot;:&quot;35&quot;,&quot;iso&quot;:&quot;12800&quot;,&quot;shutter_speed&quot;:&quot;0.00625&quot;,&quot;title&quot;:&quot;&quot;,&quot;orientation&quot;:&quot;1&quot;}\" data-image-title=\"0K3A2138, Maxime Bender Quartet (dombr)\" data-image-description=\"\" data-medium-file=\"https:\/\/i0.wp.com\/www.jazzzeitung.de\/cms\/wp-content\/uploads\/2014\/09\/0K3A2138-Maxime-Bender-Quartet-dombr.jpg?fit=300%2C199&#038;ssl=1\" data-large-file=\"https:\/\/i0.wp.com\/www.jazzzeitung.de\/cms\/wp-content\/uploads\/2014\/09\/0K3A2138-Maxime-Bender-Quartet-dombr.jpg?fit=840%2C560&#038;ssl=1\" src=\"https:\/\/i0.wp.com\/www.jazzzeitung.de\/cms\/wp-content\/uploads\/2014\/09\/0K3A2138-Maxime-Bender-Quartet-dombr.jpg?w=276&#038;h=184&#038;ssl=1\" srcset=\"https:\/\/i0.wp.com\/www.jazzzeitung.de\/cms\/wp-content\/uploads\/2014\/09\/0K3A2138-Maxime-Bender-Quartet-dombr.jpg?w=1280&amp;ssl=1 1280w, https:\/\/i0.wp.com\/www.jazzzeitung.de\/cms\/wp-content\/uploads\/2014\/09\/0K3A2138-Maxime-Bender-Quartet-dombr.jpg?resize=300%2C200&amp;ssl=1 300w, https:\/\/i0.wp.com\/www.jazzzeitung.de\/cms\/wp-content\/uploads\/2014\/09\/0K3A2138-Maxime-Bender-Quartet-dombr.jpg?resize=900%2C599&amp;ssl=1 900w\" width=\"276\" height=\"184\" loading=\"lazy\" data-original-width=\"276\" data-original-height=\"184\" itemprop=\"http:\/\/schema.org\/image\" title=\"0K3A2138, Maxime Bender Quartet (dombr)\" alt=\"0K3A2138, Maxime Bender Quartet (dombr)\" style=\"width: 276px; height: 184px;\" \/> <\/a> <\/div> <\/div> <!-- close group --> <div class=\"gallery-group images-1\" style=\"width: 280px; height: 188px;\" data-original-width=\"280\" data-original-height=\"188\" > <div class=\"tiled-gallery-item tiled-gallery-item-large\" itemprop=\"associatedMedia\" itemscope itemtype=\"http:\/\/schema.org\/ImageObject\"> <a href=\"https:\/\/www.jazzzeitung.de\/cms\/2014\/09\/bildergalerie-luxembourg-jazz-meeting-von-ralf-dombrowski\/0k3a2153-maxime-bender-oliver-lutz-dombr\/\" border=\"0\" itemprop=\"url\"> <meta itemprop=\"width\" content=\"276\"> <meta itemprop=\"height\" content=\"184\"> <img decoding=\"async\" class=\"\" data-attachment-id=\"4564\" data-orig-file=\"https:\/\/www.jazzzeitung.de\/cms\/wp-content\/uploads\/2014\/09\/0K3A2153-Maxime-Bender-Oliver-Lutz-dombr.jpg\" data-orig-size=\"1280,853\" data-comments-opened=\"1\" data-image-meta=\"{&quot;aperture&quot;:&quot;4&quot;,&quot;credit&quot;:&quot;&quot;,&quot;camera&quot;:&quot;Canon EOS 5D Mark III&quot;,&quot;caption&quot;:&quot;&quot;,&quot;created_timestamp&quot;:&quot;1410648514&quot;,&quot;copyright&quot;:&quot;&quot;,&quot;focal_length&quot;:&quot;85&quot;,&quot;iso&quot;:&quot;12800&quot;,&quot;shutter_speed&quot;:&quot;0.008&quot;,&quot;title&quot;:&quot;&quot;,&quot;orientation&quot;:&quot;1&quot;}\" data-image-title=\"0K3A2153, Maxime Bender, Oliver Lutz (dombr)\" data-image-description=\"\" data-medium-file=\"https:\/\/i0.wp.com\/www.jazzzeitung.de\/cms\/wp-content\/uploads\/2014\/09\/0K3A2153-Maxime-Bender-Oliver-Lutz-dombr.jpg?fit=300%2C199&#038;ssl=1\" data-large-file=\"https:\/\/i0.wp.com\/www.jazzzeitung.de\/cms\/wp-content\/uploads\/2014\/09\/0K3A2153-Maxime-Bender-Oliver-Lutz-dombr.jpg?fit=840%2C560&#038;ssl=1\" src=\"https:\/\/i0.wp.com\/www.jazzzeitung.de\/cms\/wp-content\/uploads\/2014\/09\/0K3A2153-Maxime-Bender-Oliver-Lutz-dombr.jpg?w=276&#038;h=184&#038;ssl=1\" srcset=\"https:\/\/i0.wp.com\/www.jazzzeitung.de\/cms\/wp-content\/uploads\/2014\/09\/0K3A2153-Maxime-Bender-Oliver-Lutz-dombr.jpg?w=1280&amp;ssl=1 1280w, https:\/\/i0.wp.com\/www.jazzzeitung.de\/cms\/wp-content\/uploads\/2014\/09\/0K3A2153-Maxime-Bender-Oliver-Lutz-dombr.jpg?resize=300%2C200&amp;ssl=1 300w, https:\/\/i0.wp.com\/www.jazzzeitung.de\/cms\/wp-content\/uploads\/2014\/09\/0K3A2153-Maxime-Bender-Oliver-Lutz-dombr.jpg?resize=900%2C599&amp;ssl=1 900w\" width=\"276\" height=\"184\" loading=\"lazy\" data-original-width=\"276\" data-original-height=\"184\" itemprop=\"http:\/\/schema.org\/image\" title=\"0K3A2153, Maxime Bender, Oliver Lutz (dombr)\" alt=\"0K3A2153, Maxime Bender, Oliver Lutz (dombr)\" style=\"width: 276px; height: 184px;\" \/> <\/a> <\/div> <\/div> <!-- close group --> <div class=\"gallery-group images-1\" style=\"width: 280px; height: 188px;\" data-original-width=\"280\" data-original-height=\"188\" > <div class=\"tiled-gallery-item tiled-gallery-item-large\" itemprop=\"associatedMedia\" itemscope itemtype=\"http:\/\/schema.org\/ImageObject\"> <a href=\"https:\/\/www.jazzzeitung.de\/cms\/2014\/09\/bildergalerie-luxembourg-jazz-meeting-von-ralf-dombrowski\/0k3a2189-gast-waltzing-largo-1-dombr\/\" border=\"0\" itemprop=\"url\"> <meta itemprop=\"width\" content=\"276\"> <meta itemprop=\"height\" content=\"184\"> <img decoding=\"async\" class=\"\" data-attachment-id=\"4565\" data-orig-file=\"https:\/\/www.jazzzeitung.de\/cms\/wp-content\/uploads\/2014\/09\/0K3A2189-Gast-Waltzing-Largo-1-dombr.jpg\" data-orig-size=\"1280,853\" data-comments-opened=\"1\" data-image-meta=\"{&quot;aperture&quot;:&quot;4&quot;,&quot;credit&quot;:&quot;&quot;,&quot;camera&quot;:&quot;Canon EOS 5D Mark III&quot;,&quot;caption&quot;:&quot;&quot;,&quot;created_timestamp&quot;:&quot;1410649840&quot;,&quot;copyright&quot;:&quot;&quot;,&quot;focal_length&quot;:&quot;105&quot;,&quot;iso&quot;:&quot;10000&quot;,&quot;shutter_speed&quot;:&quot;0.008&quot;,&quot;title&quot;:&quot;&quot;,&quot;orientation&quot;:&quot;1&quot;}\" data-image-title=\"0K3A2189, Gast Waltzing &amp;#038; Largo 1 (dombr)\" data-image-description=\"\" data-medium-file=\"https:\/\/i0.wp.com\/www.jazzzeitung.de\/cms\/wp-content\/uploads\/2014\/09\/0K3A2189-Gast-Waltzing-Largo-1-dombr.jpg?fit=300%2C199&#038;ssl=1\" data-large-file=\"https:\/\/i0.wp.com\/www.jazzzeitung.de\/cms\/wp-content\/uploads\/2014\/09\/0K3A2189-Gast-Waltzing-Largo-1-dombr.jpg?fit=840%2C560&#038;ssl=1\" src=\"https:\/\/i0.wp.com\/www.jazzzeitung.de\/cms\/wp-content\/uploads\/2014\/09\/0K3A2189-Gast-Waltzing-Largo-1-dombr.jpg?w=276&#038;h=184&#038;ssl=1\" srcset=\"https:\/\/i0.wp.com\/www.jazzzeitung.de\/cms\/wp-content\/uploads\/2014\/09\/0K3A2189-Gast-Waltzing-Largo-1-dombr.jpg?w=1280&amp;ssl=1 1280w, https:\/\/i0.wp.com\/www.jazzzeitung.de\/cms\/wp-content\/uploads\/2014\/09\/0K3A2189-Gast-Waltzing-Largo-1-dombr.jpg?resize=300%2C200&amp;ssl=1 300w, https:\/\/i0.wp.com\/www.jazzzeitung.de\/cms\/wp-content\/uploads\/2014\/09\/0K3A2189-Gast-Waltzing-Largo-1-dombr.jpg?resize=900%2C599&amp;ssl=1 900w\" width=\"276\" height=\"184\" loading=\"lazy\" data-original-width=\"276\" data-original-height=\"184\" itemprop=\"http:\/\/schema.org\/image\" title=\"0K3A2189, Gast Waltzing &amp; Largo 1 (dombr)\" alt=\"0K3A2189, Gast Waltzing &amp; Largo 1 (dombr)\" style=\"width: 276px; height: 184px;\" \/> <\/a> <\/div> <\/div> <!-- close group --> <\/div> <!-- close row --> <div class=\"gallery-row\" style=\"width: 840px; height: 721px;\" data-original-width=\"840\" data-original-height=\"721\" > <div class=\"gallery-group images-3\" style=\"width: 358px; height: 721px;\" data-original-width=\"358\" data-original-height=\"721\" > <div class=\"tiled-gallery-item tiled-gallery-item-large\" itemprop=\"associatedMedia\" itemscope itemtype=\"http:\/\/schema.org\/ImageObject\"> <a href=\"https:\/\/www.jazzzeitung.de\/cms\/2014\/09\/bildergalerie-luxembourg-jazz-meeting-von-ralf-dombrowski\/0k3a2253-jeff-herr-dombr\/\" border=\"0\" itemprop=\"url\"> <meta itemprop=\"width\" content=\"354\"> <meta itemprop=\"height\" content=\"237\"> <img decoding=\"async\" class=\"\" data-attachment-id=\"4566\" data-orig-file=\"https:\/\/www.jazzzeitung.de\/cms\/wp-content\/uploads\/2014\/09\/0K3A2253-Jeff-Herr-dombr.jpg\" data-orig-size=\"1280,853\" data-comments-opened=\"1\" data-image-meta=\"{&quot;aperture&quot;:&quot;4&quot;,&quot;credit&quot;:&quot;&quot;,&quot;camera&quot;:&quot;Canon EOS 5D Mark III&quot;,&quot;caption&quot;:&quot;&quot;,&quot;created_timestamp&quot;:&quot;1410695100&quot;,&quot;copyright&quot;:&quot;&quot;,&quot;focal_length&quot;:&quot;105&quot;,&quot;iso&quot;:&quot;12800&quot;,&quot;shutter_speed&quot;:&quot;0.005&quot;,&quot;title&quot;:&quot;&quot;,&quot;orientation&quot;:&quot;1&quot;}\" data-image-title=\"0K3A2253, Jeff Herr (dombr)\" data-image-description=\"\" data-medium-file=\"https:\/\/i0.wp.com\/www.jazzzeitung.de\/cms\/wp-content\/uploads\/2014\/09\/0K3A2253-Jeff-Herr-dombr.jpg?fit=300%2C199&#038;ssl=1\" data-large-file=\"https:\/\/i0.wp.com\/www.jazzzeitung.de\/cms\/wp-content\/uploads\/2014\/09\/0K3A2253-Jeff-Herr-dombr.jpg?fit=840%2C560&#038;ssl=1\" src=\"https:\/\/i0.wp.com\/www.jazzzeitung.de\/cms\/wp-content\/uploads\/2014\/09\/0K3A2253-Jeff-Herr-dombr.jpg?w=354&#038;h=237&#038;ssl=1\" srcset=\"https:\/\/i0.wp.com\/www.jazzzeitung.de\/cms\/wp-content\/uploads\/2014\/09\/0K3A2253-Jeff-Herr-dombr.jpg?w=1280&amp;ssl=1 1280w, https:\/\/i0.wp.com\/www.jazzzeitung.de\/cms\/wp-content\/uploads\/2014\/09\/0K3A2253-Jeff-Herr-dombr.jpg?resize=900%2C599&amp;ssl=1 900w, https:\/\/i0.wp.com\/www.jazzzeitung.de\/cms\/wp-content\/uploads\/2014\/09\/0K3A2253-Jeff-Herr-dombr.jpg?resize=300%2C200&amp;ssl=1 300w\" width=\"354\" height=\"237\" loading=\"lazy\" data-original-width=\"354\" data-original-height=\"237\" itemprop=\"http:\/\/schema.org\/image\" title=\"0K3A2253, Jeff Herr (dombr)\" alt=\"0K3A2253, Jeff Herr (dombr)\" style=\"width: 354px; height: 237px;\" \/> <\/a> <\/div> <div class=\"tiled-gallery-item tiled-gallery-item-large\" itemprop=\"associatedMedia\" itemscope itemtype=\"http:\/\/schema.org\/ImageObject\"> <a href=\"https:\/\/www.jazzzeitung.de\/cms\/2014\/09\/bildergalerie-luxembourg-jazz-meeting-von-ralf-dombrowski\/0k3a2325-laurent-peckels-marly-marques-dombr\/\" border=\"0\" itemprop=\"url\"> <meta itemprop=\"width\" content=\"354\"> <meta itemprop=\"height\" content=\"236\"> <img decoding=\"async\" class=\"\" data-attachment-id=\"4567\" data-orig-file=\"https:\/\/www.jazzzeitung.de\/cms\/wp-content\/uploads\/2014\/09\/0K3A2325-Laurent-Peckels-Marly-Marques-dombr.jpg\" data-orig-size=\"1280,853\" data-comments-opened=\"1\" data-image-meta=\"{&quot;aperture&quot;:&quot;4&quot;,&quot;credit&quot;:&quot;&quot;,&quot;camera&quot;:&quot;Canon EOS 5D Mark III&quot;,&quot;caption&quot;:&quot;&quot;,&quot;created_timestamp&quot;:&quot;1410697091&quot;,&quot;copyright&quot;:&quot;&quot;,&quot;focal_length&quot;:&quot;85&quot;,&quot;iso&quot;:&quot;12800&quot;,&quot;shutter_speed&quot;:&quot;0.008&quot;,&quot;title&quot;:&quot;&quot;,&quot;orientation&quot;:&quot;1&quot;}\" data-image-title=\"0K3A2325, Laurent Peckels, Marly Marques (dombr)\" data-image-description=\"\" data-medium-file=\"https:\/\/i0.wp.com\/www.jazzzeitung.de\/cms\/wp-content\/uploads\/2014\/09\/0K3A2325-Laurent-Peckels-Marly-Marques-dombr.jpg?fit=300%2C199&#038;ssl=1\" data-large-file=\"https:\/\/i0.wp.com\/www.jazzzeitung.de\/cms\/wp-content\/uploads\/2014\/09\/0K3A2325-Laurent-Peckels-Marly-Marques-dombr.jpg?fit=840%2C560&#038;ssl=1\" src=\"https:\/\/i0.wp.com\/www.jazzzeitung.de\/cms\/wp-content\/uploads\/2014\/09\/0K3A2325-Laurent-Peckels-Marly-Marques-dombr.jpg?w=354&#038;h=236&#038;ssl=1\" srcset=\"https:\/\/i0.wp.com\/www.jazzzeitung.de\/cms\/wp-content\/uploads\/2014\/09\/0K3A2325-Laurent-Peckels-Marly-Marques-dombr.jpg?w=1280&amp;ssl=1 1280w, https:\/\/i0.wp.com\/www.jazzzeitung.de\/cms\/wp-content\/uploads\/2014\/09\/0K3A2325-Laurent-Peckels-Marly-Marques-dombr.jpg?resize=300%2C200&amp;ssl=1 300w, https:\/\/i0.wp.com\/www.jazzzeitung.de\/cms\/wp-content\/uploads\/2014\/09\/0K3A2325-Laurent-Peckels-Marly-Marques-dombr.jpg?resize=900%2C599&amp;ssl=1 900w\" width=\"354\" height=\"236\" loading=\"lazy\" data-original-width=\"354\" data-original-height=\"236\" itemprop=\"http:\/\/schema.org\/image\" title=\"0K3A2325, Laurent Peckels, Marly Marques (dombr)\" alt=\"0K3A2325, Laurent Peckels, Marly Marques (dombr)\" style=\"width: 354px; height: 236px;\" \/> <\/a> <\/div> <div class=\"tiled-gallery-item tiled-gallery-item-large\" itemprop=\"associatedMedia\" itemscope itemtype=\"http:\/\/schema.org\/ImageObject\"> <a href=\"https:\/\/www.jazzzeitung.de\/cms\/2014\/09\/bildergalerie-luxembourg-jazz-meeting-von-ralf-dombrowski\/0k3a2348-marly-marques-paul-fox-dombr\/\" border=\"0\" itemprop=\"url\"> <meta itemprop=\"width\" content=\"354\"> <meta itemprop=\"height\" content=\"236\"> <img decoding=\"async\" class=\"\" data-attachment-id=\"4568\" data-orig-file=\"https:\/\/www.jazzzeitung.de\/cms\/wp-content\/uploads\/2014\/09\/0K3A2348-Marly-Marques-Paul-Fox-dombr.jpg\" data-orig-size=\"1280,853\" data-comments-opened=\"1\" data-image-meta=\"{&quot;aperture&quot;:&quot;4&quot;,&quot;credit&quot;:&quot;&quot;,&quot;camera&quot;:&quot;Canon EOS 5D Mark III&quot;,&quot;caption&quot;:&quot;&quot;,&quot;created_timestamp&quot;:&quot;1410697429&quot;,&quot;copyright&quot;:&quot;&quot;,&quot;focal_length&quot;:&quot;95&quot;,&quot;iso&quot;:&quot;12800&quot;,&quot;shutter_speed&quot;:&quot;0.00625&quot;,&quot;title&quot;:&quot;&quot;,&quot;orientation&quot;:&quot;1&quot;}\" data-image-title=\"0K3A2348, Marly Marques, Paul Fox (dombr)\" data-image-description=\"\" data-medium-file=\"https:\/\/i0.wp.com\/www.jazzzeitung.de\/cms\/wp-content\/uploads\/2014\/09\/0K3A2348-Marly-Marques-Paul-Fox-dombr.jpg?fit=300%2C199&#038;ssl=1\" data-large-file=\"https:\/\/i0.wp.com\/www.jazzzeitung.de\/cms\/wp-content\/uploads\/2014\/09\/0K3A2348-Marly-Marques-Paul-Fox-dombr.jpg?fit=840%2C560&#038;ssl=1\" src=\"https:\/\/i0.wp.com\/www.jazzzeitung.de\/cms\/wp-content\/uploads\/2014\/09\/0K3A2348-Marly-Marques-Paul-Fox-dombr.jpg?w=354&#038;h=236&#038;ssl=1\" srcset=\"https:\/\/i0.wp.com\/www.jazzzeitung.de\/cms\/wp-content\/uploads\/2014\/09\/0K3A2348-Marly-Marques-Paul-Fox-dombr.jpg?w=1280&amp;ssl=1 1280w, https:\/\/i0.wp.com\/www.jazzzeitung.de\/cms\/wp-content\/uploads\/2014\/09\/0K3A2348-Marly-Marques-Paul-Fox-dombr.jpg?resize=300%2C200&amp;ssl=1 300w, https:\/\/i0.wp.com\/www.jazzzeitung.de\/cms\/wp-content\/uploads\/2014\/09\/0K3A2348-Marly-Marques-Paul-Fox-dombr.jpg?resize=900%2C599&amp;ssl=1 900w\" width=\"354\" height=\"236\" loading=\"lazy\" data-original-width=\"354\" data-original-height=\"236\" itemprop=\"http:\/\/schema.org\/image\" title=\"0K3A2348, Marly Marques, Paul Fox (dombr)\" alt=\"0K3A2348, Marly Marques, Paul Fox (dombr)\" style=\"width: 354px; height: 236px;\" \/> <\/a> <\/div> <\/div> <!-- close group --> <div class=\"gallery-group images-1\" style=\"width: 482px; height: 721px;\" data-original-width=\"482\" data-original-height=\"721\" > <div class=\"tiled-gallery-item tiled-gallery-item-large\" itemprop=\"associatedMedia\" itemscope itemtype=\"http:\/\/schema.org\/ImageObject\"> <a href=\"https:\/\/www.jazzzeitung.de\/cms\/2014\/09\/bildergalerie-luxembourg-jazz-meeting-von-ralf-dombrowski\/0k3a2366-annemie-osborne-dombr\/\" border=\"0\" itemprop=\"url\"> <meta itemprop=\"width\" content=\"478\"> <meta itemprop=\"height\" content=\"717\"> <img decoding=\"async\" class=\"\" data-attachment-id=\"4569\" data-orig-file=\"https:\/\/www.jazzzeitung.de\/cms\/wp-content\/uploads\/2014\/09\/0K3A2366-Annemie-Osborne-dombr.jpg\" data-orig-size=\"853,1280\" data-comments-opened=\"1\" data-image-meta=\"{&quot;aperture&quot;:&quot;4&quot;,&quot;credit&quot;:&quot;&quot;,&quot;camera&quot;:&quot;Canon EOS 5D Mark III&quot;,&quot;caption&quot;:&quot;&quot;,&quot;created_timestamp&quot;:&quot;1410698277&quot;,&quot;copyright&quot;:&quot;&quot;,&quot;focal_length&quot;:&quot;65&quot;,&quot;iso&quot;:&quot;8000&quot;,&quot;shutter_speed&quot;:&quot;0.00625&quot;,&quot;title&quot;:&quot;&quot;,&quot;orientation&quot;:&quot;1&quot;}\" data-image-title=\"0K3A2366, Annemie Osborne (dombr)\" data-image-description=\"\" data-medium-file=\"https:\/\/i0.wp.com\/www.jazzzeitung.de\/cms\/wp-content\/uploads\/2014\/09\/0K3A2366-Annemie-Osborne-dombr.jpg?fit=199%2C300&#038;ssl=1\" data-large-file=\"https:\/\/i0.wp.com\/www.jazzzeitung.de\/cms\/wp-content\/uploads\/2014\/09\/0K3A2366-Annemie-Osborne-dombr.jpg?fit=399%2C600&#038;ssl=1\" src=\"https:\/\/i0.wp.com\/www.jazzzeitung.de\/cms\/wp-content\/uploads\/2014\/09\/0K3A2366-Annemie-Osborne-dombr.jpg?w=478&#038;h=717&#038;ssl=1\" srcset=\"https:\/\/i0.wp.com\/www.jazzzeitung.de\/cms\/wp-content\/uploads\/2014\/09\/0K3A2366-Annemie-Osborne-dombr.jpg?w=853&amp;ssl=1 853w, https:\/\/i0.wp.com\/www.jazzzeitung.de\/cms\/wp-content\/uploads\/2014\/09\/0K3A2366-Annemie-Osborne-dombr.jpg?resize=199%2C300&amp;ssl=1 199w, https:\/\/i0.wp.com\/www.jazzzeitung.de\/cms\/wp-content\/uploads\/2014\/09\/0K3A2366-Annemie-Osborne-dombr.jpg?resize=399%2C600&amp;ssl=1 399w\" width=\"478\" height=\"717\" loading=\"lazy\" data-original-width=\"478\" data-original-height=\"717\" itemprop=\"http:\/\/schema.org\/image\" title=\"0K3A2366, Annemie Osborne (dombr)\" alt=\"0K3A2366, Annemie Osborne (dombr)\" style=\"width: 478px; height: 717px;\" \/> <\/a> <\/div> <\/div> <!-- close group --> <\/div> <!-- close row --> <div class=\"gallery-row\" style=\"width: 840px; height: 141px;\" data-original-width=\"840\" data-original-height=\"141\" > <div class=\"gallery-group images-1\" style=\"width: 210px; height: 141px;\" data-original-width=\"210\" data-original-height=\"141\" > <div class=\"tiled-gallery-item tiled-gallery-item-small\" itemprop=\"associatedMedia\" itemscope itemtype=\"http:\/\/schema.org\/ImageObject\"> <a href=\"https:\/\/www.jazzzeitung.de\/cms\/2014\/09\/bildergalerie-luxembourg-jazz-meeting-von-ralf-dombrowski\/0k3a2381-grzegorz-karnas-annemie-osborne-dombr\/\" border=\"0\" itemprop=\"url\"> <meta itemprop=\"width\" content=\"206\"> <meta itemprop=\"height\" content=\"137\"> <img decoding=\"async\" class=\"\" data-attachment-id=\"4570\" data-orig-file=\"https:\/\/www.jazzzeitung.de\/cms\/wp-content\/uploads\/2014\/09\/0K3A2381-Grzegorz-Karnas-Annemie-Osborne-dombr.jpg\" data-orig-size=\"1280,853\" data-comments-opened=\"1\" data-image-meta=\"{&quot;aperture&quot;:&quot;4&quot;,&quot;credit&quot;:&quot;&quot;,&quot;camera&quot;:&quot;Canon EOS 5D Mark III&quot;,&quot;caption&quot;:&quot;&quot;,&quot;created_timestamp&quot;:&quot;1410698455&quot;,&quot;copyright&quot;:&quot;&quot;,&quot;focal_length&quot;:&quot;47&quot;,&quot;iso&quot;:&quot;12800&quot;,&quot;shutter_speed&quot;:&quot;0.00625&quot;,&quot;title&quot;:&quot;&quot;,&quot;orientation&quot;:&quot;1&quot;}\" data-image-title=\"0K3A2381, Grzegorz Karnas, Annemie Osborne (dombr)\" data-image-description=\"\" data-medium-file=\"https:\/\/i0.wp.com\/www.jazzzeitung.de\/cms\/wp-content\/uploads\/2014\/09\/0K3A2381-Grzegorz-Karnas-Annemie-Osborne-dombr.jpg?fit=300%2C199&#038;ssl=1\" data-large-file=\"https:\/\/i0.wp.com\/www.jazzzeitung.de\/cms\/wp-content\/uploads\/2014\/09\/0K3A2381-Grzegorz-Karnas-Annemie-Osborne-dombr.jpg?fit=840%2C560&#038;ssl=1\" src=\"https:\/\/i0.wp.com\/www.jazzzeitung.de\/cms\/wp-content\/uploads\/2014\/09\/0K3A2381-Grzegorz-Karnas-Annemie-Osborne-dombr.jpg?w=206&#038;h=137&#038;ssl=1\" srcset=\"https:\/\/i0.wp.com\/www.jazzzeitung.de\/cms\/wp-content\/uploads\/2014\/09\/0K3A2381-Grzegorz-Karnas-Annemie-Osborne-dombr.jpg?w=1280&amp;ssl=1 1280w, https:\/\/i0.wp.com\/www.jazzzeitung.de\/cms\/wp-content\/uploads\/2014\/09\/0K3A2381-Grzegorz-Karnas-Annemie-Osborne-dombr.jpg?resize=300%2C200&amp;ssl=1 300w, https:\/\/i0.wp.com\/www.jazzzeitung.de\/cms\/wp-content\/uploads\/2014\/09\/0K3A2381-Grzegorz-Karnas-Annemie-Osborne-dombr.jpg?resize=900%2C599&amp;ssl=1 900w\" width=\"206\" height=\"137\" loading=\"lazy\" data-original-width=\"206\" data-original-height=\"137\" itemprop=\"http:\/\/schema.org\/image\" title=\"0K3A2381, Grzegorz Karnas, Annemie Osborne (dombr)\" alt=\"0K3A2381, Grzegorz Karnas, Annemie Osborne (dombr)\" style=\"width: 206px; height: 137px;\" \/> <\/a> <\/div> <\/div> <!-- close group --> <div class=\"gallery-group images-1\" style=\"width: 210px; height: 141px;\" data-original-width=\"210\" data-original-height=\"141\" > <div class=\"tiled-gallery-item tiled-gallery-item-small\" itemprop=\"associatedMedia\" itemscope itemtype=\"http:\/\/schema.org\/ImageObject\"> <a href=\"https:\/\/www.jazzzeitung.de\/cms\/2014\/09\/bildergalerie-luxembourg-jazz-meeting-von-ralf-dombrowski\/0k3a2407-jerome-klein-dombr\/\" border=\"0\" itemprop=\"url\"> <meta itemprop=\"width\" content=\"206\"> <meta itemprop=\"height\" content=\"137\"> <img decoding=\"async\" class=\"\" data-attachment-id=\"4571\" data-orig-file=\"https:\/\/www.jazzzeitung.de\/cms\/wp-content\/uploads\/2014\/09\/0K3A2407-Jerome-Klein-dombr.jpg\" data-orig-size=\"1280,853\" data-comments-opened=\"1\" data-image-meta=\"{&quot;aperture&quot;:&quot;4&quot;,&quot;credit&quot;:&quot;&quot;,&quot;camera&quot;:&quot;Canon EOS 5D Mark III&quot;,&quot;caption&quot;:&quot;&quot;,&quot;created_timestamp&quot;:&quot;1410698851&quot;,&quot;copyright&quot;:&quot;&quot;,&quot;focal_length&quot;:&quot;75&quot;,&quot;iso&quot;:&quot;12800&quot;,&quot;shutter_speed&quot;:&quot;0.008&quot;,&quot;title&quot;:&quot;&quot;,&quot;orientation&quot;:&quot;1&quot;}\" data-image-title=\"0K3A2407, Jerome Klein (dombr)\" data-image-description=\"\" data-medium-file=\"https:\/\/i0.wp.com\/www.jazzzeitung.de\/cms\/wp-content\/uploads\/2014\/09\/0K3A2407-Jerome-Klein-dombr.jpg?fit=300%2C199&#038;ssl=1\" data-large-file=\"https:\/\/i0.wp.com\/www.jazzzeitung.de\/cms\/wp-content\/uploads\/2014\/09\/0K3A2407-Jerome-Klein-dombr.jpg?fit=840%2C560&#038;ssl=1\" src=\"https:\/\/i0.wp.com\/www.jazzzeitung.de\/cms\/wp-content\/uploads\/2014\/09\/0K3A2407-Jerome-Klein-dombr.jpg?w=206&#038;h=137&#038;ssl=1\" srcset=\"https:\/\/i0.wp.com\/www.jazzzeitung.de\/cms\/wp-content\/uploads\/2014\/09\/0K3A2407-Jerome-Klein-dombr.jpg?w=1280&amp;ssl=1 1280w, https:\/\/i0.wp.com\/www.jazzzeitung.de\/cms\/wp-content\/uploads\/2014\/09\/0K3A2407-Jerome-Klein-dombr.jpg?resize=300%2C200&amp;ssl=1 300w, https:\/\/i0.wp.com\/www.jazzzeitung.de\/cms\/wp-content\/uploads\/2014\/09\/0K3A2407-Jerome-Klein-dombr.jpg?resize=900%2C599&amp;ssl=1 900w\" width=\"206\" height=\"137\" loading=\"lazy\" data-original-width=\"206\" data-original-height=\"137\" itemprop=\"http:\/\/schema.org\/image\" title=\"0K3A2407, Jerome Klein (dombr)\" alt=\"0K3A2407, Jerome Klein (dombr)\" style=\"width: 206px; height: 137px;\" \/> <\/a> <\/div> <\/div> <!-- close group --> <div class=\"gallery-group images-1\" style=\"width: 210px; height: 141px;\" data-original-width=\"210\" data-original-height=\"141\" > <div class=\"tiled-gallery-item tiled-gallery-item-small\" itemprop=\"associatedMedia\" itemscope itemtype=\"http:\/\/schema.org\/ImageObject\"> <a href=\"https:\/\/www.jazzzeitung.de\/cms\/2014\/09\/bildergalerie-luxembourg-jazz-meeting-von-ralf-dombrowski\/0k3a2414-grzegorz-karnaz-dombr\/\" border=\"0\" itemprop=\"url\"> <meta itemprop=\"width\" content=\"206\"> <meta itemprop=\"height\" content=\"137\"> <img decoding=\"async\" class=\"\" data-attachment-id=\"4572\" data-orig-file=\"https:\/\/www.jazzzeitung.de\/cms\/wp-content\/uploads\/2014\/09\/0K3A2414-Grzegorz-Karnaz-dombr.jpg\" data-orig-size=\"1280,853\" data-comments-opened=\"1\" data-image-meta=\"{&quot;aperture&quot;:&quot;4&quot;,&quot;credit&quot;:&quot;&quot;,&quot;camera&quot;:&quot;Canon EOS 5D Mark III&quot;,&quot;caption&quot;:&quot;&quot;,&quot;created_timestamp&quot;:&quot;1410698918&quot;,&quot;copyright&quot;:&quot;&quot;,&quot;focal_length&quot;:&quot;93&quot;,&quot;iso&quot;:&quot;12800&quot;,&quot;shutter_speed&quot;:&quot;0.008&quot;,&quot;title&quot;:&quot;&quot;,&quot;orientation&quot;:&quot;1&quot;}\" data-image-title=\"0K3A2414, Grzegorz Karnaz (dombr)\" data-image-description=\"\" data-medium-file=\"https:\/\/i0.wp.com\/www.jazzzeitung.de\/cms\/wp-content\/uploads\/2014\/09\/0K3A2414-Grzegorz-Karnaz-dombr.jpg?fit=300%2C199&#038;ssl=1\" data-large-file=\"https:\/\/i0.wp.com\/www.jazzzeitung.de\/cms\/wp-content\/uploads\/2014\/09\/0K3A2414-Grzegorz-Karnaz-dombr.jpg?fit=840%2C560&#038;ssl=1\" src=\"https:\/\/i0.wp.com\/www.jazzzeitung.de\/cms\/wp-content\/uploads\/2014\/09\/0K3A2414-Grzegorz-Karnaz-dombr.jpg?w=206&#038;h=137&#038;ssl=1\" srcset=\"https:\/\/i0.wp.com\/www.jazzzeitung.de\/cms\/wp-content\/uploads\/2014\/09\/0K3A2414-Grzegorz-Karnaz-dombr.jpg?w=1280&amp;ssl=1 1280w, https:\/\/i0.wp.com\/www.jazzzeitung.de\/cms\/wp-content\/uploads\/2014\/09\/0K3A2414-Grzegorz-Karnaz-dombr.jpg?resize=300%2C200&amp;ssl=1 300w, https:\/\/i0.wp.com\/www.jazzzeitung.de\/cms\/wp-content\/uploads\/2014\/09\/0K3A2414-Grzegorz-Karnaz-dombr.jpg?resize=900%2C599&amp;ssl=1 900w\" width=\"206\" height=\"137\" loading=\"lazy\" data-original-width=\"206\" data-original-height=\"137\" itemprop=\"http:\/\/schema.org\/image\" title=\"0K3A2414, Grzegorz Karnaz (dombr)\" alt=\"0K3A2414, Grzegorz Karnaz (dombr)\" style=\"width: 206px; height: 137px;\" \/> <\/a> <\/div> <\/div> <!-- close group --> <div class=\"gallery-group images-1\" style=\"width: 210px; height: 141px;\" data-original-width=\"210\" data-original-height=\"141\" > <div class=\"tiled-gallery-item tiled-gallery-item-small\" itemprop=\"associatedMedia\" itemscope itemtype=\"http:\/\/schema.org\/ImageObject\"> <a href=\"https:\/\/www.jazzzeitung.de\/cms\/2014\/09\/bildergalerie-luxembourg-jazz-meeting-von-ralf-dombrowski\/0k3a2417-grzegorz-karnas-2-dombr\/\" border=\"0\" itemprop=\"url\"> <meta itemprop=\"width\" content=\"206\"> <meta itemprop=\"height\" content=\"137\"> <img decoding=\"async\" class=\"\" data-attachment-id=\"4573\" data-orig-file=\"https:\/\/www.jazzzeitung.de\/cms\/wp-content\/uploads\/2014\/09\/0K3A2417-Grzegorz-Karnas-2-dombr.jpg\" data-orig-size=\"1280,853\" data-comments-opened=\"1\" data-image-meta=\"{&quot;aperture&quot;:&quot;4&quot;,&quot;credit&quot;:&quot;&quot;,&quot;camera&quot;:&quot;Canon EOS 5D Mark III&quot;,&quot;caption&quot;:&quot;&quot;,&quot;created_timestamp&quot;:&quot;1410698934&quot;,&quot;copyright&quot;:&quot;&quot;,&quot;focal_length&quot;:&quot;105&quot;,&quot;iso&quot;:&quot;12800&quot;,&quot;shutter_speed&quot;:&quot;0.008&quot;,&quot;title&quot;:&quot;&quot;,&quot;orientation&quot;:&quot;1&quot;}\" data-image-title=\"0K3A2417, Grzegorz Karnas 2 (dombr)\" data-image-description=\"\" data-medium-file=\"https:\/\/i0.wp.com\/www.jazzzeitung.de\/cms\/wp-content\/uploads\/2014\/09\/0K3A2417-Grzegorz-Karnas-2-dombr.jpg?fit=300%2C199&#038;ssl=1\" data-large-file=\"https:\/\/i0.wp.com\/www.jazzzeitung.de\/cms\/wp-content\/uploads\/2014\/09\/0K3A2417-Grzegorz-Karnas-2-dombr.jpg?fit=840%2C560&#038;ssl=1\" src=\"https:\/\/i0.wp.com\/www.jazzzeitung.de\/cms\/wp-content\/uploads\/2014\/09\/0K3A2417-Grzegorz-Karnas-2-dombr.jpg?w=206&#038;h=137&#038;ssl=1\" srcset=\"https:\/\/i0.wp.com\/www.jazzzeitung.de\/cms\/wp-content\/uploads\/2014\/09\/0K3A2417-Grzegorz-Karnas-2-dombr.jpg?w=1280&amp;ssl=1 1280w, https:\/\/i0.wp.com\/www.jazzzeitung.de\/cms\/wp-content\/uploads\/2014\/09\/0K3A2417-Grzegorz-Karnas-2-dombr.jpg?resize=300%2C200&amp;ssl=1 300w, https:\/\/i0.wp.com\/www.jazzzeitung.de\/cms\/wp-content\/uploads\/2014\/09\/0K3A2417-Grzegorz-Karnas-2-dombr.jpg?resize=900%2C599&amp;ssl=1 900w\" width=\"206\" height=\"137\" loading=\"lazy\" data-original-width=\"206\" data-original-height=\"137\" itemprop=\"http:\/\/schema.org\/image\" title=\"0K3A2417, Grzegorz Karnas 2 (dombr)\" alt=\"0K3A2417, Grzegorz Karnas 2 (dombr)\" style=\"width: 206px; height: 137px;\" \/> <\/a> <\/div> <\/div> <!-- close group --> <\/div> <!-- close row --> <\/div>\n","protected":false},"excerpt":{"rendered":"<p>Fotos vom Luxembourg Jazz Meeting Anfang September. Bemerkenswert war vor allem Pascal Schumacher, derzeit europaweit ma\u00dfgeblicher Vibraphonist, mit zwei intensiven Projekten &#8211; Quartett und im Trio mit Francesco Tristano und Bachar Khalife. Einige Musiker tauchen ebenfalls mehrmals auf, etwa der Saxophonist Maxime Bender, Schlagzeuger Paul Fox, Pianist und Drummer J\u00e9rome Klein. Herausragend subtil das Quartett von Pianist Michel Reis (Mit Niels Klein, Robert Landfermann, Jonas Burgwinkel), das Trio von Pit Dahm, \u00a0ebenfalls ein Highlight der zickig-witzige polnische Vokalakrobat Grzegorz Karnas im Trio mit Klein und der Cellistin Annemie Osborne &#8230;\u00a0 Wir danken dem Fotografen Ralf Dombrowski!<\/p>\n","protected":false},"author":18,"featured_media":0,"comment_status":"open","ping_status":"closed","sticky":false,"template":"","format":"standard","meta":{"_jetpack_memberships_contains_paid_content":false,"footnotes":"","jetpack_publicize_message":"","jetpack_publicize_feature_enabled":true,"jetpack_social_post_already_shared":false,"jetpack_social_options":{"image_generator_settings":{"template":"highway","default_image_id":0,"font":"","enabled":false},"version":2}},"categories":[652],"tags":[1086,1085,1087,435,146],"coauthors":[695],"class_list":["post-4548","post","type-post","status-publish","format-standard","hentry","category-galerie","tag-francesco-tristano","tag-luxembourg-jazz-meeting","tag-maxime-bender","tag-pascal-schumacher","tag-dombrowski"],"yoast_head":"<!-- This site is optimized with the Yoast SEO plugin v27.5 - https:\/\/yoast.com\/product\/yoast-seo-wordpress\/ -->\n<title>Bildergalerie: Luxembourg Jazz Meeting - von Ralf Dombrowski - JazzZeitung<\/title>\n<meta name=\"robots\" content=\"index, follow, max-snippet:-1, max-image-preview:large, max-video-preview:-1\" \/>\n<link rel=\"canonical\" href=\"https:\/\/www.jazzzeitung.de\/cms\/2014\/09\/bildergalerie-luxembourg-jazz-meeting-von-ralf-dombrowski\/\" \/>\n<meta property=\"og:locale\" content=\"de_DE\" \/>\n<meta property=\"og:type\" content=\"article\" \/>\n<meta property=\"og:title\" content=\"Bildergalerie: Luxembourg Jazz Meeting - von Ralf Dombrowski - JazzZeitung\" \/>\n<meta property=\"og:description\" content=\"Fotos vom Luxembourg Jazz Meeting Anfang September. Bemerkenswert war vor allem Pascal Schumacher, derzeit europaweit ma\u00dfgeblicher Vibraphonist, mit zwei intensiven Projekten &#8211; Quartett und im Trio mit Francesco Tristano und Bachar Khalife. Einige Musiker tauchen ebenfalls mehrmals auf, etwa der Saxophonist Maxime Bender, Schlagzeuger Paul Fox, Pianist und Drummer J\u00e9rome Klein. Herausragend subtil das Quartett von Pianist Michel Reis (Mit Niels Klein, Robert Landfermann, Jonas Burgwinkel), das Trio von Pit Dahm, \u00a0ebenfalls ein Highlight der zickig-witzige polnische Vokalakrobat Grzegorz Karnas im Trio mit Klein und der Cellistin Annemie Osborne &#8230;\u00a0 Wir danken dem Fotografen Ralf Dombrowski!\" \/>\n<meta property=\"og:url\" content=\"https:\/\/www.jazzzeitung.de\/cms\/2014\/09\/bildergalerie-luxembourg-jazz-meeting-von-ralf-dombrowski\/\" \/>\n<meta property=\"og:site_name\" content=\"JazzZeitung\" \/>\n<meta property=\"article:publisher\" content=\"https:\/\/www.facebook.com\/JazzZeitung\/\" \/>\n<meta property=\"article:published_time\" content=\"2014-09-17T08:09:45+00:00\" \/>\n<meta property=\"og:image\" content=\"https:\/\/i0.wp.com\/www.jazzzeitung.de\/cms\/wp-content\/uploads\/2014\/09\/0K3A1472_Pit_Dahm_dombr.jpg?w=557&#038;h=371&#038;ssl=1\" \/>\n<meta name=\"author\" content=\"Redaktion JazzZeitung\" \/>\n<script type=\"application\/ld+json\" class=\"yoast-schema-graph\">{\"@context\":\"https:\\\/\\\/schema.org\",\"@graph\":[{\"@type\":\"Article\",\"@id\":\"https:\\\/\\\/www.jazzzeitung.de\\\/cms\\\/2014\\\/09\\\/bildergalerie-luxembourg-jazz-meeting-von-ralf-dombrowski\\\/#article\",\"isPartOf\":{\"@id\":\"https:\\\/\\\/www.jazzzeitung.de\\\/cms\\\/2014\\\/09\\\/bildergalerie-luxembourg-jazz-meeting-von-ralf-dombrowski\\\/\"},\"author\":{\"name\":\"Redaktion JazzZeitung\",\"@id\":\"https:\\\/\\\/www.jazzzeitung.de\\\/cms\\\/#\\\/schema\\\/person\\\/2245b36b9cd1d24cea10f01c031fb92b\"},\"headline\":\"Bildergalerie: Luxembourg Jazz Meeting &#8211; von Ralf Dombrowski\",\"datePublished\":\"2014-09-17T08:09:45+00:00\",\"mainEntityOfPage\":{\"@id\":\"https:\\\/\\\/www.jazzzeitung.de\\\/cms\\\/2014\\\/09\\\/bildergalerie-luxembourg-jazz-meeting-von-ralf-dombrowski\\\/\"},\"wordCount\":109,\"commentCount\":1,\"publisher\":{\"@id\":\"https:\\\/\\\/www.jazzzeitung.de\\\/cms\\\/#organization\"},\"keywords\":[\"Francesco Tristano\",\"Luxembourg Jazz Meeting\",\"Maxime Bender\",\"Pascal Schumacher\",\"Ralf Dombrowski\"],\"articleSection\":[\"Galerie\"],\"inLanguage\":\"de\",\"potentialAction\":[{\"@type\":\"CommentAction\",\"name\":\"Comment\",\"target\":[\"https:\\\/\\\/www.jazzzeitung.de\\\/cms\\\/2014\\\/09\\\/bildergalerie-luxembourg-jazz-meeting-von-ralf-dombrowski\\\/#respond\"]}]},{\"@type\":\"WebPage\",\"@id\":\"https:\\\/\\\/www.jazzzeitung.de\\\/cms\\\/2014\\\/09\\\/bildergalerie-luxembourg-jazz-meeting-von-ralf-dombrowski\\\/\",\"url\":\"https:\\\/\\\/www.jazzzeitung.de\\\/cms\\\/2014\\\/09\\\/bildergalerie-luxembourg-jazz-meeting-von-ralf-dombrowski\\\/\",\"name\":\"Bildergalerie: Luxembourg Jazz Meeting - von Ralf Dombrowski - JazzZeitung\",\"isPartOf\":{\"@id\":\"https:\\\/\\\/www.jazzzeitung.de\\\/cms\\\/#website\"},\"datePublished\":\"2014-09-17T08:09:45+00:00\",\"breadcrumb\":{\"@id\":\"https:\\\/\\\/www.jazzzeitung.de\\\/cms\\\/2014\\\/09\\\/bildergalerie-luxembourg-jazz-meeting-von-ralf-dombrowski\\\/#breadcrumb\"},\"inLanguage\":\"de\",\"potentialAction\":[{\"@type\":\"ReadAction\",\"target\":[\"https:\\\/\\\/www.jazzzeitung.de\\\/cms\\\/2014\\\/09\\\/bildergalerie-luxembourg-jazz-meeting-von-ralf-dombrowski\\\/\"]}]},{\"@type\":\"BreadcrumbList\",\"@id\":\"https:\\\/\\\/www.jazzzeitung.de\\\/cms\\\/2014\\\/09\\\/bildergalerie-luxembourg-jazz-meeting-von-ralf-dombrowski\\\/#breadcrumb\",\"itemListElement\":[{\"@type\":\"ListItem\",\"position\":1,\"name\":\"Startseite\",\"item\":\"https:\\\/\\\/www.jazzzeitung.de\\\/cms\\\/\"},{\"@type\":\"ListItem\",\"position\":2,\"name\":\"Bildergalerie: Luxembourg Jazz Meeting &#8211; von Ralf Dombrowski\"}]},{\"@type\":\"WebSite\",\"@id\":\"https:\\\/\\\/www.jazzzeitung.de\\\/cms\\\/#website\",\"url\":\"https:\\\/\\\/www.jazzzeitung.de\\\/cms\\\/\",\"name\":\"JazzZeitung\",\"description\":\"Jazz-News und Jazz-Kontroverses\",\"publisher\":{\"@id\":\"https:\\\/\\\/www.jazzzeitung.de\\\/cms\\\/#organization\"},\"potentialAction\":[{\"@type\":\"SearchAction\",\"target\":{\"@type\":\"EntryPoint\",\"urlTemplate\":\"https:\\\/\\\/www.jazzzeitung.de\\\/cms\\\/?s={search_term_string}\"},\"query-input\":{\"@type\":\"PropertyValueSpecification\",\"valueRequired\":true,\"valueName\":\"search_term_string\"}}],\"inLanguage\":\"de\"},{\"@type\":\"Organization\",\"@id\":\"https:\\\/\\\/www.jazzzeitung.de\\\/cms\\\/#organization\",\"name\":\"JazzZeitung online\",\"url\":\"https:\\\/\\\/www.jazzzeitung.de\\\/cms\\\/\",\"logo\":{\"@type\":\"ImageObject\",\"inLanguage\":\"de\",\"@id\":\"https:\\\/\\\/www.jazzzeitung.de\\\/cms\\\/#\\\/schema\\\/logo\\\/image\\\/\",\"url\":\"https:\\\/\\\/i0.wp.com\\\/www.jazzzeitung.de\\\/cms\\\/wp-content\\\/uploads\\\/2015\\\/08\\\/JAZZZEITUNGDE_Logo_Neu.png?fit=499%2C200&ssl=1\",\"contentUrl\":\"https:\\\/\\\/i0.wp.com\\\/www.jazzzeitung.de\\\/cms\\\/wp-content\\\/uploads\\\/2015\\\/08\\\/JAZZZEITUNGDE_Logo_Neu.png?fit=499%2C200&ssl=1\",\"width\":499,\"height\":200,\"caption\":\"JazzZeitung online\"},\"image\":{\"@id\":\"https:\\\/\\\/www.jazzzeitung.de\\\/cms\\\/#\\\/schema\\\/logo\\\/image\\\/\"},\"sameAs\":[\"https:\\\/\\\/www.facebook.com\\\/JazzZeitung\\\/\"]},{\"@type\":\"Person\",\"@id\":\"https:\\\/\\\/www.jazzzeitung.de\\\/cms\\\/#\\\/schema\\\/person\\\/2245b36b9cd1d24cea10f01c031fb92b\",\"name\":\"Redaktion JazzZeitung\",\"image\":{\"@type\":\"ImageObject\",\"inLanguage\":\"de\",\"@id\":\"https:\\\/\\\/i0.wp.com\\\/www.jazzzeitung.de\\\/cms\\\/wp-content\\\/uploads\\\/2015\\\/08\\\/JAZZZEITUNGDE_Logo_Neu.png?resize=96%2C96&ssl=159975dcacb611b5700bd619b5daf0a7a\",\"url\":\"https:\\\/\\\/i0.wp.com\\\/www.jazzzeitung.de\\\/cms\\\/wp-content\\\/uploads\\\/2015\\\/08\\\/JAZZZEITUNGDE_Logo_Neu.png?resize=96%2C96&ssl=1\",\"contentUrl\":\"https:\\\/\\\/i0.wp.com\\\/www.jazzzeitung.de\\\/cms\\\/wp-content\\\/uploads\\\/2015\\\/08\\\/JAZZZEITUNGDE_Logo_Neu.png?resize=96%2C96&ssl=1\",\"caption\":\"Redaktion JazzZeitung\"},\"description\":\"Artikel der Redaktion der JazzZeitung.\",\"sameAs\":[\"http:\\\/\\\/www.jazzzeitung.de\\\/cms\\\/\"],\"url\":\"https:\\\/\\\/www.jazzzeitung.de\\\/cms\\\/author\\\/redaktion\\\/\"}]}<\/script>\n<!-- \/ Yoast SEO plugin. -->","yoast_head_json":{"title":"Bildergalerie: Luxembourg Jazz Meeting - von Ralf Dombrowski - JazzZeitung","robots":{"index":"index","follow":"follow","max-snippet":"max-snippet:-1","max-image-preview":"max-image-preview:large","max-video-preview":"max-video-preview:-1"},"canonical":"https:\/\/www.jazzzeitung.de\/cms\/2014\/09\/bildergalerie-luxembourg-jazz-meeting-von-ralf-dombrowski\/","og_locale":"de_DE","og_type":"article","og_title":"Bildergalerie: Luxembourg Jazz Meeting - von Ralf Dombrowski - JazzZeitung","og_description":"Fotos vom Luxembourg Jazz Meeting Anfang September. Bemerkenswert war vor allem Pascal Schumacher, derzeit europaweit ma\u00dfgeblicher Vibraphonist, mit zwei intensiven Projekten &#8211; Quartett und im Trio mit Francesco Tristano und Bachar Khalife. Einige Musiker tauchen ebenfalls mehrmals auf, etwa der Saxophonist Maxime Bender, Schlagzeuger Paul Fox, Pianist und Drummer J\u00e9rome Klein. Herausragend subtil das Quartett von Pianist Michel Reis (Mit Niels Klein, Robert Landfermann, Jonas Burgwinkel), das Trio von Pit Dahm, \u00a0ebenfalls ein Highlight der zickig-witzige polnische Vokalakrobat Grzegorz Karnas im Trio mit Klein und der Cellistin Annemie Osborne &#8230;\u00a0 Wir danken dem Fotografen Ralf Dombrowski!","og_url":"https:\/\/www.jazzzeitung.de\/cms\/2014\/09\/bildergalerie-luxembourg-jazz-meeting-von-ralf-dombrowski\/","og_site_name":"JazzZeitung","article_publisher":"https:\/\/www.facebook.com\/JazzZeitung\/","article_published_time":"2014-09-17T08:09:45+00:00","og_image":[{"url":"https:\/\/i0.wp.com\/www.jazzzeitung.de\/cms\/wp-content\/uploads\/2014\/09\/0K3A1472_Pit_Dahm_dombr.jpg?w=557&#038;h=371&#038;ssl=1","type":"","width":"","height":""}],"author":"Redaktion JazzZeitung","schema":{"@context":"https:\/\/schema.org","@graph":[{"@type":"Article","@id":"https:\/\/www.jazzzeitung.de\/cms\/2014\/09\/bildergalerie-luxembourg-jazz-meeting-von-ralf-dombrowski\/#article","isPartOf":{"@id":"https:\/\/www.jazzzeitung.de\/cms\/2014\/09\/bildergalerie-luxembourg-jazz-meeting-von-ralf-dombrowski\/"},"author":{"name":"Redaktion JazzZeitung","@id":"https:\/\/www.jazzzeitung.de\/cms\/#\/schema\/person\/2245b36b9cd1d24cea10f01c031fb92b"},"headline":"Bildergalerie: Luxembourg Jazz Meeting &#8211; von Ralf Dombrowski","datePublished":"2014-09-17T08:09:45+00:00","mainEntityOfPage":{"@id":"https:\/\/www.jazzzeitung.de\/cms\/2014\/09\/bildergalerie-luxembourg-jazz-meeting-von-ralf-dombrowski\/"},"wordCount":109,"commentCount":1,"publisher":{"@id":"https:\/\/www.jazzzeitung.de\/cms\/#organization"},"keywords":["Francesco Tristano","Luxembourg Jazz Meeting","Maxime Bender","Pascal Schumacher","Ralf Dombrowski"],"articleSection":["Galerie"],"inLanguage":"de","potentialAction":[{"@type":"CommentAction","name":"Comment","target":["https:\/\/www.jazzzeitung.de\/cms\/2014\/09\/bildergalerie-luxembourg-jazz-meeting-von-ralf-dombrowski\/#respond"]}]},{"@type":"WebPage","@id":"https:\/\/www.jazzzeitung.de\/cms\/2014\/09\/bildergalerie-luxembourg-jazz-meeting-von-ralf-dombrowski\/","url":"https:\/\/www.jazzzeitung.de\/cms\/2014\/09\/bildergalerie-luxembourg-jazz-meeting-von-ralf-dombrowski\/","name":"Bildergalerie: Luxembourg Jazz Meeting - von Ralf Dombrowski - JazzZeitung","isPartOf":{"@id":"https:\/\/www.jazzzeitung.de\/cms\/#website"},"datePublished":"2014-09-17T08:09:45+00:00","breadcrumb":{"@id":"https:\/\/www.jazzzeitung.de\/cms\/2014\/09\/bildergalerie-luxembourg-jazz-meeting-von-ralf-dombrowski\/#breadcrumb"},"inLanguage":"de","potentialAction":[{"@type":"ReadAction","target":["https:\/\/www.jazzzeitung.de\/cms\/2014\/09\/bildergalerie-luxembourg-jazz-meeting-von-ralf-dombrowski\/"]}]},{"@type":"BreadcrumbList","@id":"https:\/\/www.jazzzeitung.de\/cms\/2014\/09\/bildergalerie-luxembourg-jazz-meeting-von-ralf-dombrowski\/#breadcrumb","itemListElement":[{"@type":"ListItem","position":1,"name":"Startseite","item":"https:\/\/www.jazzzeitung.de\/cms\/"},{"@type":"ListItem","position":2,"name":"Bildergalerie: Luxembourg Jazz Meeting &#8211; von Ralf Dombrowski"}]},{"@type":"WebSite","@id":"https:\/\/www.jazzzeitung.de\/cms\/#website","url":"https:\/\/www.jazzzeitung.de\/cms\/","name":"JazzZeitung","description":"Jazz-News und Jazz-Kontroverses","publisher":{"@id":"https:\/\/www.jazzzeitung.de\/cms\/#organization"},"potentialAction":[{"@type":"SearchAction","target":{"@type":"EntryPoint","urlTemplate":"https:\/\/www.jazzzeitung.de\/cms\/?s={search_term_string}"},"query-input":{"@type":"PropertyValueSpecification","valueRequired":true,"valueName":"search_term_string"}}],"inLanguage":"de"},{"@type":"Organization","@id":"https:\/\/www.jazzzeitung.de\/cms\/#organization","name":"JazzZeitung online","url":"https:\/\/www.jazzzeitung.de\/cms\/","logo":{"@type":"ImageObject","inLanguage":"de","@id":"https:\/\/www.jazzzeitung.de\/cms\/#\/schema\/logo\/image\/","url":"https:\/\/i0.wp.com\/www.jazzzeitung.de\/cms\/wp-content\/uploads\/2015\/08\/JAZZZEITUNGDE_Logo_Neu.png?fit=499%2C200&ssl=1","contentUrl":"https:\/\/i0.wp.com\/www.jazzzeitung.de\/cms\/wp-content\/uploads\/2015\/08\/JAZZZEITUNGDE_Logo_Neu.png?fit=499%2C200&ssl=1","width":499,"height":200,"caption":"JazzZeitung online"},"image":{"@id":"https:\/\/www.jazzzeitung.de\/cms\/#\/schema\/logo\/image\/"},"sameAs":["https:\/\/www.facebook.com\/JazzZeitung\/"]},{"@type":"Person","@id":"https:\/\/www.jazzzeitung.de\/cms\/#\/schema\/person\/2245b36b9cd1d24cea10f01c031fb92b","name":"Redaktion JazzZeitung","image":{"@type":"ImageObject","inLanguage":"de","@id":"https:\/\/i0.wp.com\/www.jazzzeitung.de\/cms\/wp-content\/uploads\/2015\/08\/JAZZZEITUNGDE_Logo_Neu.png?resize=96%2C96&ssl=159975dcacb611b5700bd619b5daf0a7a","url":"https:\/\/i0.wp.com\/www.jazzzeitung.de\/cms\/wp-content\/uploads\/2015\/08\/JAZZZEITUNGDE_Logo_Neu.png?resize=96%2C96&ssl=1","contentUrl":"https:\/\/i0.wp.com\/www.jazzzeitung.de\/cms\/wp-content\/uploads\/2015\/08\/JAZZZEITUNGDE_Logo_Neu.png?resize=96%2C96&ssl=1","caption":"Redaktion JazzZeitung"},"description":"Artikel der Redaktion der JazzZeitung.","sameAs":["http:\/\/www.jazzzeitung.de\/cms\/"],"url":"https:\/\/www.jazzzeitung.de\/cms\/author\/redaktion\/"}]}},"wp-worthy-pixel":{"ignored":false,"public":null,"server":null,"url":null},"wp-worthy-type":"normal","jetpack_publicize_connections":[],"cc_featured_image_caption":{"caption_text":false,"source_text":false,"source_url":false},"jetpack_featured_media_url":"","jetpack_shortlink":"https:\/\/wp.me\/p3KEcT-1bm","jetpack-related-posts":[{"id":15868,"url":"https:\/\/www.jazzzeitung.de\/cms\/2018\/05\/15868\/","url_meta":{"origin":4548,"position":0},"title":"Zeitgen\u00f6ssischer Jazz beim 32. April Jazz Festival im finnischen Espoo","author":"Redaktion JazzZeitung","date":"5. Mai 2018","format":false,"excerpt":"Von Helsinki ist es nicht weit nach Espoo. Man kann sogar mit der neu gebauten S-Bahn fahren, es m\u00fcssten also von allein gen\u00fcgend Zuh\u00f6rer kommen, wenn in der Nachbarschaft der Hauptstadt Musiker wie Ambrose Akinmusire oder Bobo Stenson zu Gast sind. \u201eEs ist trotz allem eine Herausforderung\u201c, meint Matti Lappalainen,\u2026","rel":"","context":"In &quot;Bericht&quot;","block_context":{"text":"Bericht","link":"https:\/\/www.jazzzeitung.de\/cms\/thema\/bericht\/"},"img":{"alt_text":"","src":"https:\/\/i0.wp.com\/www.jazzzeitung.de\/cms\/wp-content\/uploads\/2018\/05\/0K3A7160-Bobo-Stenson-Trio-dombr.jpg?fit=1200%2C800&ssl=1&resize=350%2C200","width":350,"height":200,"srcset":"https:\/\/i0.wp.com\/www.jazzzeitung.de\/cms\/wp-content\/uploads\/2018\/05\/0K3A7160-Bobo-Stenson-Trio-dombr.jpg?fit=1200%2C800&ssl=1&resize=350%2C200 1x, https:\/\/i0.wp.com\/www.jazzzeitung.de\/cms\/wp-content\/uploads\/2018\/05\/0K3A7160-Bobo-Stenson-Trio-dombr.jpg?fit=1200%2C800&ssl=1&resize=525%2C300 1.5x, https:\/\/i0.wp.com\/www.jazzzeitung.de\/cms\/wp-content\/uploads\/2018\/05\/0K3A7160-Bobo-Stenson-Trio-dombr.jpg?fit=1200%2C800&ssl=1&resize=700%2C400 2x, https:\/\/i0.wp.com\/www.jazzzeitung.de\/cms\/wp-content\/uploads\/2018\/05\/0K3A7160-Bobo-Stenson-Trio-dombr.jpg?fit=1200%2C800&ssl=1&resize=1050%2C600 3x"},"classes":[]},{"id":26161,"url":"https:\/\/www.jazzzeitung.de\/cms\/2021\/11\/preistraegerkonzert-des-9-jungen-muenchner-jazzpreises-im-club-unterfahrt\/","url_meta":{"origin":4548,"position":1},"title":"Preistr\u00e4gerkonzert des 9. Jungen M\u00fcnchner Jazzpreises im Club Unterfahrt","author":"Redaktion JazzZeitung","date":"17. November 2021","format":false,"excerpt":"Der Junge M\u00fcnchner Jazzpreis hat auch ein bisschen Gl\u00fcck gehabt. Als im vergangenen Jahr zum Beispiel viele Veranstaltungen abgesagt werden mussten, lag er so g\u00fcnstig zwischen den pandemischen Verschlussphasen, dass er sogar live vor Publikum durchgef\u00fchrt werden konnte. Die Kontinuit\u00e4t blieb gewahrt. \u201eIch kann es kaum glauben,\u201c meint Andreas Heuck,\u2026","rel":"","context":"In &quot;Bericht&quot;","block_context":{"text":"Bericht","link":"https:\/\/www.jazzzeitung.de\/cms\/thema\/bericht\/"},"img":{"alt_text":"","src":"https:\/\/i0.wp.com\/www.jazzzeitung.de\/cms\/wp-content\/uploads\/2021\/11\/DSC07326.jpg?fit=1200%2C800&ssl=1&resize=350%2C200","width":350,"height":200,"srcset":"https:\/\/i0.wp.com\/www.jazzzeitung.de\/cms\/wp-content\/uploads\/2021\/11\/DSC07326.jpg?fit=1200%2C800&ssl=1&resize=350%2C200 1x, https:\/\/i0.wp.com\/www.jazzzeitung.de\/cms\/wp-content\/uploads\/2021\/11\/DSC07326.jpg?fit=1200%2C800&ssl=1&resize=525%2C300 1.5x, https:\/\/i0.wp.com\/www.jazzzeitung.de\/cms\/wp-content\/uploads\/2021\/11\/DSC07326.jpg?fit=1200%2C800&ssl=1&resize=700%2C400 2x, https:\/\/i0.wp.com\/www.jazzzeitung.de\/cms\/wp-content\/uploads\/2021\/11\/DSC07326.jpg?fit=1200%2C800&ssl=1&resize=1050%2C600 3x"},"classes":[]},{"id":14613,"url":"https:\/\/www.jazzzeitung.de\/cms\/2017\/12\/finalisten-des-10-europaeischen-nachwuchsjazzpreis-burghausen-stehen-fest\/","url_meta":{"origin":4548,"position":2},"title":"Finalisten des 10. Europ\u00e4ischen Nachwuchsjazzpreis Burghausen stehen fest","author":"Redaktion JazzZeitung","date":"26. Dezember 2017","format":false,"excerpt":"F\u00fcnf Bands hat die Jury aus 56 Bewerbungen f\u00fcr den 10. Europ\u00e4ischen Nachwuchsjazzpreis ausgew\u00e4hlt. Am Dienstag, 6. M\u00e4rz 2018 werden die jungen Talente im Rahmen der 49. Internationalen Jazzwoche Burghausen (6. \u2013 11. M\u00e4rz 2018) im Stadtsaal ihr K\u00f6nnen beweisen. Jede Band hat 20 Minuten Zeit, danach ber\u00e4t sich die\u2026","rel":"","context":"In &quot;News&quot;","block_context":{"text":"News","link":"https:\/\/www.jazzzeitung.de\/cms\/thema\/nachrichten\/"},"img":{"alt_text":"","src":"https:\/\/i0.wp.com\/www.jazzzeitung.de\/cms\/wp-content\/uploads\/2017\/12\/Burghausen-Panorama-gebogen.jpg?fit=1200%2C637&ssl=1&resize=350%2C200","width":350,"height":200,"srcset":"https:\/\/i0.wp.com\/www.jazzzeitung.de\/cms\/wp-content\/uploads\/2017\/12\/Burghausen-Panorama-gebogen.jpg?fit=1200%2C637&ssl=1&resize=350%2C200 1x, https:\/\/i0.wp.com\/www.jazzzeitung.de\/cms\/wp-content\/uploads\/2017\/12\/Burghausen-Panorama-gebogen.jpg?fit=1200%2C637&ssl=1&resize=525%2C300 1.5x, https:\/\/i0.wp.com\/www.jazzzeitung.de\/cms\/wp-content\/uploads\/2017\/12\/Burghausen-Panorama-gebogen.jpg?fit=1200%2C637&ssl=1&resize=700%2C400 2x, https:\/\/i0.wp.com\/www.jazzzeitung.de\/cms\/wp-content\/uploads\/2017\/12\/Burghausen-Panorama-gebogen.jpg?fit=1200%2C637&ssl=1&resize=1050%2C600 3x"},"classes":[]},{"id":10269,"url":"https:\/\/www.jazzzeitung.de\/cms\/2016\/10\/iyer-trio\/","url_meta":{"origin":4548,"position":3},"title":"Galerie: Iyer Trio im Jazzclub Unterfahrt in M\u00fcnchen","author":"Redaktion JazzZeitung","date":"18. Oktober 2016","format":false,"excerpt":"Der vom \"Down Beat Magazine\" mehrfach zum \"Artist of the Year\" gew\u00e4hlte Pianist Vijay Iyer war am 4. Oktober mit seinem Trio (Stephan Crump am Bass und Justin Brown an den Drums) zu Gast im Jazzclub Unterfahrt in M\u00fcnchen. Zu h\u00f6ren gab es spielfreudigen Jazz bis an die Grenzen des\u2026","rel":"","context":"In &quot;Galerie&quot;","block_context":{"text":"Galerie","link":"https:\/\/www.jazzzeitung.de\/cms\/thema\/galerie\/"},"img":{"alt_text":"","src":"https:\/\/i0.wp.com\/www.jazzzeitung.de\/cms\/wp-content\/uploads\/2016\/10\/0K3A7777-Iyer-dombr.jpg?fit=900%2C1200&ssl=1&resize=350%2C200","width":350,"height":200,"srcset":"https:\/\/i0.wp.com\/www.jazzzeitung.de\/cms\/wp-content\/uploads\/2016\/10\/0K3A7777-Iyer-dombr.jpg?fit=900%2C1200&ssl=1&resize=350%2C200 1x, https:\/\/i0.wp.com\/www.jazzzeitung.de\/cms\/wp-content\/uploads\/2016\/10\/0K3A7777-Iyer-dombr.jpg?fit=900%2C1200&ssl=1&resize=525%2C300 1.5x, https:\/\/i0.wp.com\/www.jazzzeitung.de\/cms\/wp-content\/uploads\/2016\/10\/0K3A7777-Iyer-dombr.jpg?fit=900%2C1200&ssl=1&resize=700%2C400 2x"},"classes":[]},{"id":29691,"url":"https:\/\/www.jazzzeitung.de\/cms\/2023\/07\/metax-modern-riedenburger-tag-der-gegenwartsmusik\/","url_meta":{"origin":4548,"position":4},"title":"Metax Modern \u2013 Riedenburger Tag der Gegenwartsmusik","author":"Redaktion JazzZeitung","date":"3. Juli 2023","format":false,"excerpt":"Die Wege der Musik sind manchmal unergr\u00fcndlich. Im Jahr 1988 bekam Heinz Winbeck eine Professur in W\u00fcrzburg angeboten. Das war gut f\u00fcr den Lebensunterhalt, aber schlecht f\u00fcr die Inspiration. Also suchte der Komponist eine Bleibe, die ihm seine kreative Grundentspanntheit erm\u00f6glichte und fand sie im Alten Pfarrhof in Schambach bei\u2026","rel":"","context":"In &quot;Bericht&quot;","block_context":{"text":"Bericht","link":"https:\/\/www.jazzzeitung.de\/cms\/thema\/bericht\/"},"img":{"alt_text":"","src":"https:\/\/i0.wp.com\/www.jazzzeitung.de\/cms\/wp-content\/uploads\/2023\/07\/DSC09375-Ensemble-Tengerton-c-Ralf-Dombrowski-scaled.jpg?fit=1200%2C800&ssl=1&resize=350%2C200","width":350,"height":200,"srcset":"https:\/\/i0.wp.com\/www.jazzzeitung.de\/cms\/wp-content\/uploads\/2023\/07\/DSC09375-Ensemble-Tengerton-c-Ralf-Dombrowski-scaled.jpg?fit=1200%2C800&ssl=1&resize=350%2C200 1x, https:\/\/i0.wp.com\/www.jazzzeitung.de\/cms\/wp-content\/uploads\/2023\/07\/DSC09375-Ensemble-Tengerton-c-Ralf-Dombrowski-scaled.jpg?fit=1200%2C800&ssl=1&resize=525%2C300 1.5x, https:\/\/i0.wp.com\/www.jazzzeitung.de\/cms\/wp-content\/uploads\/2023\/07\/DSC09375-Ensemble-Tengerton-c-Ralf-Dombrowski-scaled.jpg?fit=1200%2C800&ssl=1&resize=700%2C400 2x, https:\/\/i0.wp.com\/www.jazzzeitung.de\/cms\/wp-content\/uploads\/2023\/07\/DSC09375-Ensemble-Tengerton-c-Ralf-Dombrowski-scaled.jpg?fit=1200%2C800&ssl=1&resize=1050%2C600 3x"},"classes":[]},{"id":30170,"url":"https:\/\/www.jazzzeitung.de\/cms\/2023\/10\/die-krakow-jazz-week\/","url_meta":{"origin":4548,"position":5},"title":"Die Krakow Jazz Week ist zuende gegangen","author":"Redaktion JazzZeitung","date":"26. Oktober 2023","format":false,"excerpt":"Das Festival soll gr\u00f6\u00dfer werden. \u201eIn diesem Jahr haben wir zum ersten Mal die Seifert Jazz Days und die Jazz Juniors unter einem Namen zusammengefasst\u201c, erz\u00e4hlt Tomasz Handzlik, der General Director der Krakow Jazz Week, die vom 9. bis 15. Oktober \u00fcber die B\u00fchne gegangen ist. \u201eIm n\u00e4chsten Jahr wird\u2026","rel":"","context":"In &quot;Bericht&quot;","block_context":{"text":"Bericht","link":"https:\/\/www.jazzzeitung.de\/cms\/thema\/bericht\/"},"img":{"alt_text":"","src":"https:\/\/i0.wp.com\/www.jazzzeitung.de\/cms\/wp-content\/uploads\/2023\/10\/DSC09599-Mateusz-Smoczynski-Markus-Stockhausen-Quintett-c-Ralf-Dombrowski-scaled.jpg?fit=1200%2C800&ssl=1&resize=350%2C200","width":350,"height":200,"srcset":"https:\/\/i0.wp.com\/www.jazzzeitung.de\/cms\/wp-content\/uploads\/2023\/10\/DSC09599-Mateusz-Smoczynski-Markus-Stockhausen-Quintett-c-Ralf-Dombrowski-scaled.jpg?fit=1200%2C800&ssl=1&resize=350%2C200 1x, https:\/\/i0.wp.com\/www.jazzzeitung.de\/cms\/wp-content\/uploads\/2023\/10\/DSC09599-Mateusz-Smoczynski-Markus-Stockhausen-Quintett-c-Ralf-Dombrowski-scaled.jpg?fit=1200%2C800&ssl=1&resize=525%2C300 1.5x, https:\/\/i0.wp.com\/www.jazzzeitung.de\/cms\/wp-content\/uploads\/2023\/10\/DSC09599-Mateusz-Smoczynski-Markus-Stockhausen-Quintett-c-Ralf-Dombrowski-scaled.jpg?fit=1200%2C800&ssl=1&resize=700%2C400 2x, https:\/\/i0.wp.com\/www.jazzzeitung.de\/cms\/wp-content\/uploads\/2023\/10\/DSC09599-Mateusz-Smoczynski-Markus-Stockhausen-Quintett-c-Ralf-Dombrowski-scaled.jpg?fit=1200%2C800&ssl=1&resize=1050%2C600 3x"},"classes":[]}],"jetpack_sharing_enabled":true,"_links":{"self":[{"href":"https:\/\/www.jazzzeitung.de\/cms\/wp-json\/wp\/v2\/posts\/4548","targetHints":{"allow":["GET"]}}],"collection":[{"href":"https:\/\/www.jazzzeitung.de\/cms\/wp-json\/wp\/v2\/posts"}],"about":[{"href":"https:\/\/www.jazzzeitung.de\/cms\/wp-json\/wp\/v2\/types\/post"}],"author":[{"embeddable":true,"href":"https:\/\/www.jazzzeitung.de\/cms\/wp-json\/wp\/v2\/users\/18"}],"replies":[{"embeddable":true,"href":"https:\/\/www.jazzzeitung.de\/cms\/wp-json\/wp\/v2\/comments?post=4548"}],"version-history":[{"count":1,"href":"https:\/\/www.jazzzeitung.de\/cms\/wp-json\/wp\/v2\/posts\/4548\/revisions"}],"predecessor-version":[{"id":4574,"href":"https:\/\/www.jazzzeitung.de\/cms\/wp-json\/wp\/v2\/posts\/4548\/revisions\/4574"}],"wp:attachment":[{"href":"https:\/\/www.jazzzeitung.de\/cms\/wp-json\/wp\/v2\/media?parent=4548"}],"wp:term":[{"taxonomy":"category","embeddable":true,"href":"https:\/\/www.jazzzeitung.de\/cms\/wp-json\/wp\/v2\/categories?post=4548"},{"taxonomy":"post_tag","embeddable":true,"href":"https:\/\/www.jazzzeitung.de\/cms\/wp-json\/wp\/v2\/tags?post=4548"},{"taxonomy":"author","embeddable":true,"href":"https:\/\/www.jazzzeitung.de\/cms\/wp-json\/wp\/v2\/coauthors?post=4548"}],"curies":[{"name":"wp","href":"https:\/\/api.w.org\/{rel}","templated":true}]}}