{"id":4520,"date":"2014-09-04T09:23:39","date_gmt":"2014-09-04T07:23:39","guid":{"rendered":"http:\/\/www.jazzzeitung.de\/cms\/?p=4520"},"modified":"2014-09-04T09:47:55","modified_gmt":"2014-09-04T07:47:55","slug":"der-jazz-pott-2014-geht-georg-graewe","status":"publish","type":"post","link":"https:\/\/www.jazzzeitung.de\/cms\/2014\/09\/der-jazz-pott-2014-geht-georg-graewe\/","title":{"rendered":"Der \u201eJazz Pott\u201c 2014 geht an Georg Graewe"},"content":{"rendered":"<p>Essen. Zum Auftakt jeder neuen \u201eJazz in Essen\u201c-Saison wird traditionell der \u201eJazz Pott\u201c verliehen. In diesem Jahr geht der Preis, der von Viktor Seroneit (\u2020) und Niklaus Troxler initiiert wurde und mit dem seit 1998 unter dem Motto \u201ebest progressive artist\u201c innovative Jazzmusiker ausgezeichnet werden, an Georg Graewe. Womit sich nun auch ein Kreis schlie\u00dft, denn Graewe geh\u00f6rte zu den Geburtshelfern von \u201eJazz in Essen\u201c: Im Duo mit Theo J\u00f6rgensmann er\u00f6ffnete er 1984 die Konzertreihe, als Support von Steps Ahead. Da hatte der Pianist\/Kompo\u00adnist aus Bochum sich l\u00e4ngst mit einem Quintett sowie mit seinem GrubenKlangOrchester einen Namen gemacht. <\/p>\n<figure id=\"attachment_4521\" aria-describedby=\"caption-attachment-4521\" style=\"width: 300px\" class=\"wp-caption alignright\"><a href=\"https:\/\/i0.wp.com\/www.jazzzeitung.de\/cms\/wp-content\/uploads\/2014\/09\/GRH-2011-Foto_Helmut-Rizy_2.jpg\"><img data-recalc-dims=\"1\" loading=\"lazy\" decoding=\"async\" data-attachment-id=\"4521\" data-permalink=\"https:\/\/www.jazzzeitung.de\/cms\/2014\/09\/der-jazz-pott-2014-geht-georg-graewe\/grh-2011-foto_helmut-rizy_2\/\" data-orig-file=\"https:\/\/i0.wp.com\/www.jazzzeitung.de\/cms\/wp-content\/uploads\/2014\/09\/GRH-2011-Foto_Helmut-Rizy_2.jpg?fit=3515%2C2342&amp;ssl=1\" data-orig-size=\"3515,2342\" data-comments-opened=\"1\" data-image-meta=\"{&quot;aperture&quot;:&quot;5&quot;,&quot;credit&quot;:&quot;&quot;,&quot;camera&quot;:&quot;Canon EOS 400D DIGITAL&quot;,&quot;caption&quot;:&quot;&quot;,&quot;created_timestamp&quot;:&quot;1323209962&quot;,&quot;copyright&quot;:&quot;&quot;,&quot;focal_length&quot;:&quot;44&quot;,&quot;iso&quot;:&quot;800&quot;,&quot;shutter_speed&quot;:&quot;0.025&quot;,&quot;title&quot;:&quot;&quot;}\" data-image-title=\"Georg Gr\u00e4we. Foto: Helmut Rizy\" data-image-description=\"\" data-image-caption=\"&lt;p&gt;Georg Gr\u00e4we mit Ernst Reijseger und Gerry Hemingway.  Foto: Helmut Rizy&lt;\/p&gt;\n\" data-large-file=\"https:\/\/i0.wp.com\/www.jazzzeitung.de\/cms\/wp-content\/uploads\/2014\/09\/GRH-2011-Foto_Helmut-Rizy_2.jpg?fit=840%2C560&amp;ssl=1\" class=\"size-medium wp-image-4521\" src=\"https:\/\/i0.wp.com\/www.jazzzeitung.de\/cms\/wp-content\/uploads\/2014\/09\/GRH-2011-Foto_Helmut-Rizy_2-300x199.jpg?resize=300%2C199\" alt=\"Georg Gr\u00e4we mit Ernst Reijseger und Gerry Hemingway.  Foto: Helmut Rizy\" width=\"300\" height=\"199\" srcset=\"https:\/\/i0.wp.com\/www.jazzzeitung.de\/cms\/wp-content\/uploads\/2014\/09\/GRH-2011-Foto_Helmut-Rizy_2.jpg?resize=300%2C200&amp;ssl=1 300w, https:\/\/i0.wp.com\/www.jazzzeitung.de\/cms\/wp-content\/uploads\/2014\/09\/GRH-2011-Foto_Helmut-Rizy_2.jpg?resize=900%2C599&amp;ssl=1 900w, https:\/\/i0.wp.com\/www.jazzzeitung.de\/cms\/wp-content\/uploads\/2014\/09\/GRH-2011-Foto_Helmut-Rizy_2.jpg?w=1680&amp;ssl=1 1680w, https:\/\/i0.wp.com\/www.jazzzeitung.de\/cms\/wp-content\/uploads\/2014\/09\/GRH-2011-Foto_Helmut-Rizy_2.jpg?w=2520&amp;ssl=1 2520w\" sizes=\"auto, (max-width: 300px) 100vw, 300px\" \/><\/a><figcaption id=\"caption-attachment-4521\" class=\"wp-caption-text\">Georg Gr\u00e4we mit Ernst Reijseger und Gerry Hemingway. Foto: Helmut Rizy<\/figcaption><\/figure>\n<p>Heute ist Graewe eine feste Gr\u00f6\u00dfe in der internationalen Improvisations\u00adszene, au\u00dferdem komponiert er Kammer-\/Orchestermusik und Opern. F\u00fcr die Kulturhauptstadt RUHR.2010 entwarf er das ambitionierte Projekt \u201egrubenklang.reloaded\u201c, das mehrere Konzertreihen und Einzelkonzerte an wechselnden Spielorten umfasste.<\/p>\n<p>Mit dem Cellisten Ernst Reijseger und dem Schlagzeuger Gerry Hemingway bildet Graewe seit 25 Jahren ein unorthodox besetztes Trio, das zu den aufregendsten der Jazzlandschaft geh\u00f6rt. Derzeit ist es auf Jubil\u00e4umstour und erntete beim Auftakt im Rahmen der Nickelsdorfer \u201eKonfrontationen\u201c bereits enthusiastische Kritiken: \u201eDen musikalischen H\u00f6hepunkt der 20 Konzerte lieferte das Trio Georg Graewe, Ernst Reijseger und Gerry Hemingway \u2026 So individuell jeder Einzelne, so homogen das Ganze. Ein Kuss auf die Ohren.&#8220; (Kleine Zeitung) Die Preisverleihung findet im Rahmen eines Konzertes des Trios am Sonntag, dem 12. Oktober ab 20 Uhr im Essener Grillo-Theater statt.<\/p>\n<p>Unter den bisherigen \u201eJazz Pott\u201c-Preistr\u00e4gern sind Musiker\/-innen wie Uri Caine, Dieter Ilg, Julia H\u00fclsmann, Christof Lauer, Nils Wogram, Elina Duni oder Angelika Niescier \u2013 lauter Namen, die f\u00fcr den hohen Standard dieses au\u00dfergew\u00f6hnlichen Jazzpreises sprechen. Georg Graewe wird der 17. Preistr\u00e4ger sein.<\/p>\n<p><a href=\"http:\/\/www.schauspiel-essen.de\/\">www.schauspiel-essen.de<\/a><\/p>\n","protected":false},"excerpt":{"rendered":"<p>Essen. Zum Auftakt jeder neuen \u201eJazz in Essen\u201c-Saison wird traditionell der \u201eJazz Pott\u201c verliehen. In diesem Jahr geht der Preis, der von Viktor Seroneit (\u2020) und Niklaus Troxler initiiert wurde und mit dem seit 1998 unter dem Motto \u201ebest progressive artist\u201c innovative Jazzmusiker ausgezeichnet werden, an Georg Graewe. Womit sich nun auch ein Kreis schlie\u00dft, denn Graewe geh\u00f6rte zu den Geburtshelfern von \u201eJazz in Essen\u201c: Im Duo mit Theo J\u00f6rgensmann er\u00f6ffnete er 1984 die Konzertreihe, als Support von Steps Ahead. Da hatte der Pianist\/Kompo\u00adnist aus Bochum sich l\u00e4ngst mit einem Quintett sowie mit seinem GrubenKlangOrchester einen Namen gemacht. Heute ist Graewe eine feste Gr\u00f6\u00dfe in der internationalen Improvisations\u00adszene, au\u00dferdem komponiert er Kammer-\/Orchestermusik und Opern. F\u00fcr die Kulturhauptstadt RUHR.2010 entwarf er das ambitionierte Projekt \u201egrubenklang.reloaded\u201c, das mehrere Konzertreihen und Einzelkonzerte an wechselnden Spielorten umfasste. Mit dem Cellisten Ernst Reijseger und dem Schlagzeuger Gerry Hemingway bildet Graewe seit 25 Jahren ein unorthodox besetztes Trio, das zu den aufregendsten der Jazzlandschaft geh\u00f6rt. Derzeit ist es auf Jubil\u00e4umstour und erntete beim Auftakt im Rahmen der Nickelsdorfer \u201eKonfrontationen\u201c bereits enthusiastische Kritiken: \u201eDen musikalischen H\u00f6hepunkt der 20 Konzerte lieferte das Trio &hellip;<\/p>\n","protected":false},"author":7,"featured_media":0,"comment_status":"open","ping_status":"open","sticky":false,"template":"","format":"image","meta":{"_jetpack_memberships_contains_paid_content":false,"footnotes":"","jetpack_publicize_message":"","jetpack_publicize_feature_enabled":true,"jetpack_social_post_already_shared":false,"jetpack_social_options":{"image_generator_settings":{"template":"highway","default_image_id":0,"font":"","enabled":false},"version":2}},"categories":[633],"tags":[42,88,281,323,450],"coauthors":[662],"class_list":["post-4520","post","type-post","status-publish","format-image","hentry","category-nachrichten","tag-angelika-niescier","tag-bochum","tag-jazzmusiker","tag-konzerte","tag-preisverleihung","post_format-post-format-image"],"yoast_head":"<!-- This site is optimized with the Yoast SEO plugin v27.5 - https:\/\/yoast.com\/product\/yoast-seo-wordpress\/ -->\n<title>Der \u201eJazz Pott\u201c 2014 geht an Georg Graewe - JazzZeitung<\/title>\n<meta name=\"robots\" content=\"index, follow, max-snippet:-1, max-image-preview:large, max-video-preview:-1\" \/>\n<link rel=\"canonical\" href=\"https:\/\/www.jazzzeitung.de\/cms\/2014\/09\/der-jazz-pott-2014-geht-georg-graewe\/\" \/>\n<meta property=\"og:locale\" content=\"de_DE\" \/>\n<meta property=\"og:type\" content=\"article\" \/>\n<meta property=\"og:title\" content=\"Der \u201eJazz Pott\u201c 2014 geht an Georg Graewe - JazzZeitung\" \/>\n<meta property=\"og:description\" content=\"Essen. Zum Auftakt jeder neuen \u201eJazz in Essen\u201c-Saison wird traditionell der \u201eJazz Pott\u201c verliehen. In diesem Jahr geht der Preis, der von Viktor Seroneit (\u2020) und Niklaus Troxler initiiert wurde und mit dem seit 1998 unter dem Motto \u201ebest progressive artist\u201c innovative Jazzmusiker ausgezeichnet werden, an Georg Graewe. Womit sich nun auch ein Kreis schlie\u00dft, denn Graewe geh\u00f6rte zu den Geburtshelfern von \u201eJazz in Essen\u201c: Im Duo mit Theo J\u00f6rgensmann er\u00f6ffnete er 1984 die Konzertreihe, als Support von Steps Ahead. Da hatte der Pianist\/Kompo\u00adnist aus Bochum sich l\u00e4ngst mit einem Quintett sowie mit seinem GrubenKlangOrchester einen Namen gemacht. Heute ist Graewe eine feste Gr\u00f6\u00dfe in der internationalen Improvisations\u00adszene, au\u00dferdem komponiert er Kammer-\/Orchestermusik und Opern. F\u00fcr die Kulturhauptstadt RUHR.2010 entwarf er das ambitionierte Projekt \u201egrubenklang.reloaded\u201c, das mehrere Konzertreihen und Einzelkonzerte an wechselnden Spielorten umfasste. Mit dem Cellisten Ernst Reijseger und dem Schlagzeuger Gerry Hemingway bildet Graewe seit 25 Jahren ein unorthodox besetztes Trio, das zu den aufregendsten der Jazzlandschaft geh\u00f6rt. Derzeit ist es auf Jubil\u00e4umstour und erntete beim Auftakt im Rahmen der Nickelsdorfer \u201eKonfrontationen\u201c bereits enthusiastische Kritiken: \u201eDen musikalischen H\u00f6hepunkt der 20 Konzerte lieferte das Trio &hellip;\" \/>\n<meta property=\"og:url\" content=\"https:\/\/www.jazzzeitung.de\/cms\/2014\/09\/der-jazz-pott-2014-geht-georg-graewe\/\" \/>\n<meta property=\"og:site_name\" content=\"JazzZeitung\" \/>\n<meta property=\"article:publisher\" content=\"https:\/\/www.facebook.com\/JazzZeitung\/\" \/>\n<meta property=\"article:published_time\" content=\"2014-09-04T07:23:39+00:00\" \/>\n<meta property=\"article:modified_time\" content=\"2014-09-04T07:47:55+00:00\" \/>\n<meta property=\"og:image\" content=\"http:\/\/www.jazzzeitung.de\/cms\/wp-content\/uploads\/2014\/09\/GRH-2011-Foto_Helmut-Rizy_2-300x199.jpg\" \/>\n<meta name=\"author\" content=\"Andreas Kolb\" \/>\n<script type=\"application\/ld+json\" class=\"yoast-schema-graph\">{\"@context\":\"https:\\\/\\\/schema.org\",\"@graph\":[{\"@type\":\"Article\",\"@id\":\"https:\\\/\\\/www.jazzzeitung.de\\\/cms\\\/2014\\\/09\\\/der-jazz-pott-2014-geht-georg-graewe\\\/#article\",\"isPartOf\":{\"@id\":\"https:\\\/\\\/www.jazzzeitung.de\\\/cms\\\/2014\\\/09\\\/der-jazz-pott-2014-geht-georg-graewe\\\/\"},\"author\":{\"name\":\"Andreas Kolb\",\"@id\":\"https:\\\/\\\/www.jazzzeitung.de\\\/cms\\\/#\\\/schema\\\/person\\\/23954215d035da9ee48d2a2c09a4a62c\"},\"headline\":\"Der \u201eJazz Pott\u201c 2014 geht an Georg Graewe\",\"datePublished\":\"2014-09-04T07:23:39+00:00\",\"dateModified\":\"2014-09-04T07:47:55+00:00\",\"mainEntityOfPage\":{\"@id\":\"https:\\\/\\\/www.jazzzeitung.de\\\/cms\\\/2014\\\/09\\\/der-jazz-pott-2014-geht-georg-graewe\\\/\"},\"wordCount\":315,\"commentCount\":0,\"publisher\":{\"@id\":\"https:\\\/\\\/www.jazzzeitung.de\\\/cms\\\/#organization\"},\"image\":{\"@id\":\"https:\\\/\\\/www.jazzzeitung.de\\\/cms\\\/2014\\\/09\\\/der-jazz-pott-2014-geht-georg-graewe\\\/#primaryimage\"},\"thumbnailUrl\":\"http:\\\/\\\/www.jazzzeitung.de\\\/cms\\\/wp-content\\\/uploads\\\/2014\\\/09\\\/GRH-2011-Foto_Helmut-Rizy_2-300x199.jpg\",\"keywords\":[\"Angelika Niescier\",\"Bochum\",\"Jazzmusiker\",\"Konzerte\",\"Preisverleihung\"],\"articleSection\":[\"News\"],\"inLanguage\":\"de\",\"potentialAction\":[{\"@type\":\"CommentAction\",\"name\":\"Comment\",\"target\":[\"https:\\\/\\\/www.jazzzeitung.de\\\/cms\\\/2014\\\/09\\\/der-jazz-pott-2014-geht-georg-graewe\\\/#respond\"]}]},{\"@type\":\"WebPage\",\"@id\":\"https:\\\/\\\/www.jazzzeitung.de\\\/cms\\\/2014\\\/09\\\/der-jazz-pott-2014-geht-georg-graewe\\\/\",\"url\":\"https:\\\/\\\/www.jazzzeitung.de\\\/cms\\\/2014\\\/09\\\/der-jazz-pott-2014-geht-georg-graewe\\\/\",\"name\":\"Der \u201eJazz Pott\u201c 2014 geht an Georg Graewe - JazzZeitung\",\"isPartOf\":{\"@id\":\"https:\\\/\\\/www.jazzzeitung.de\\\/cms\\\/#website\"},\"primaryImageOfPage\":{\"@id\":\"https:\\\/\\\/www.jazzzeitung.de\\\/cms\\\/2014\\\/09\\\/der-jazz-pott-2014-geht-georg-graewe\\\/#primaryimage\"},\"image\":{\"@id\":\"https:\\\/\\\/www.jazzzeitung.de\\\/cms\\\/2014\\\/09\\\/der-jazz-pott-2014-geht-georg-graewe\\\/#primaryimage\"},\"thumbnailUrl\":\"http:\\\/\\\/www.jazzzeitung.de\\\/cms\\\/wp-content\\\/uploads\\\/2014\\\/09\\\/GRH-2011-Foto_Helmut-Rizy_2-300x199.jpg\",\"datePublished\":\"2014-09-04T07:23:39+00:00\",\"dateModified\":\"2014-09-04T07:47:55+00:00\",\"breadcrumb\":{\"@id\":\"https:\\\/\\\/www.jazzzeitung.de\\\/cms\\\/2014\\\/09\\\/der-jazz-pott-2014-geht-georg-graewe\\\/#breadcrumb\"},\"inLanguage\":\"de\",\"potentialAction\":[{\"@type\":\"ReadAction\",\"target\":[\"https:\\\/\\\/www.jazzzeitung.de\\\/cms\\\/2014\\\/09\\\/der-jazz-pott-2014-geht-georg-graewe\\\/\"]}]},{\"@type\":\"ImageObject\",\"inLanguage\":\"de\",\"@id\":\"https:\\\/\\\/www.jazzzeitung.de\\\/cms\\\/2014\\\/09\\\/der-jazz-pott-2014-geht-georg-graewe\\\/#primaryimage\",\"url\":\"http:\\\/\\\/www.jazzzeitung.de\\\/cms\\\/wp-content\\\/uploads\\\/2014\\\/09\\\/GRH-2011-Foto_Helmut-Rizy_2-300x199.jpg\",\"contentUrl\":\"http:\\\/\\\/www.jazzzeitung.de\\\/cms\\\/wp-content\\\/uploads\\\/2014\\\/09\\\/GRH-2011-Foto_Helmut-Rizy_2-300x199.jpg\"},{\"@type\":\"BreadcrumbList\",\"@id\":\"https:\\\/\\\/www.jazzzeitung.de\\\/cms\\\/2014\\\/09\\\/der-jazz-pott-2014-geht-georg-graewe\\\/#breadcrumb\",\"itemListElement\":[{\"@type\":\"ListItem\",\"position\":1,\"name\":\"Startseite\",\"item\":\"https:\\\/\\\/www.jazzzeitung.de\\\/cms\\\/\"},{\"@type\":\"ListItem\",\"position\":2,\"name\":\"Der \u201eJazz Pott\u201c 2014 geht an Georg Graewe\"}]},{\"@type\":\"WebSite\",\"@id\":\"https:\\\/\\\/www.jazzzeitung.de\\\/cms\\\/#website\",\"url\":\"https:\\\/\\\/www.jazzzeitung.de\\\/cms\\\/\",\"name\":\"JazzZeitung\",\"description\":\"Jazz-News und Jazz-Kontroverses\",\"publisher\":{\"@id\":\"https:\\\/\\\/www.jazzzeitung.de\\\/cms\\\/#organization\"},\"potentialAction\":[{\"@type\":\"SearchAction\",\"target\":{\"@type\":\"EntryPoint\",\"urlTemplate\":\"https:\\\/\\\/www.jazzzeitung.de\\\/cms\\\/?s={search_term_string}\"},\"query-input\":{\"@type\":\"PropertyValueSpecification\",\"valueRequired\":true,\"valueName\":\"search_term_string\"}}],\"inLanguage\":\"de\"},{\"@type\":\"Organization\",\"@id\":\"https:\\\/\\\/www.jazzzeitung.de\\\/cms\\\/#organization\",\"name\":\"JazzZeitung online\",\"url\":\"https:\\\/\\\/www.jazzzeitung.de\\\/cms\\\/\",\"logo\":{\"@type\":\"ImageObject\",\"inLanguage\":\"de\",\"@id\":\"https:\\\/\\\/www.jazzzeitung.de\\\/cms\\\/#\\\/schema\\\/logo\\\/image\\\/\",\"url\":\"https:\\\/\\\/i0.wp.com\\\/www.jazzzeitung.de\\\/cms\\\/wp-content\\\/uploads\\\/2015\\\/08\\\/JAZZZEITUNGDE_Logo_Neu.png?fit=499%2C200&ssl=1\",\"contentUrl\":\"https:\\\/\\\/i0.wp.com\\\/www.jazzzeitung.de\\\/cms\\\/wp-content\\\/uploads\\\/2015\\\/08\\\/JAZZZEITUNGDE_Logo_Neu.png?fit=499%2C200&ssl=1\",\"width\":499,\"height\":200,\"caption\":\"JazzZeitung online\"},\"image\":{\"@id\":\"https:\\\/\\\/www.jazzzeitung.de\\\/cms\\\/#\\\/schema\\\/logo\\\/image\\\/\"},\"sameAs\":[\"https:\\\/\\\/www.facebook.com\\\/JazzZeitung\\\/\"]},{\"@type\":\"Person\",\"@id\":\"https:\\\/\\\/www.jazzzeitung.de\\\/cms\\\/#\\\/schema\\\/person\\\/23954215d035da9ee48d2a2c09a4a62c\",\"name\":\"Andreas Kolb\",\"image\":{\"@type\":\"ImageObject\",\"inLanguage\":\"de\",\"@id\":\"https:\\\/\\\/i0.wp.com\\\/www.jazzzeitung.de\\\/cms\\\/wp-content\\\/uploads\\\/2013\\\/05\\\/kolb-small.jpg?resize=96%2C96&ssl=1d81fdf4aa1b2f31d206a8dd371420dd4\",\"url\":\"https:\\\/\\\/i0.wp.com\\\/www.jazzzeitung.de\\\/cms\\\/wp-content\\\/uploads\\\/2013\\\/05\\\/kolb-small.jpg?resize=96%2C96&ssl=1\",\"contentUrl\":\"https:\\\/\\\/i0.wp.com\\\/www.jazzzeitung.de\\\/cms\\\/wp-content\\\/uploads\\\/2013\\\/05\\\/kolb-small.jpg?resize=96%2C96&ssl=1\",\"caption\":\"Andreas Kolb\"},\"description\":\"Andreas Kolb ist Chefredakteur der Jazzzeitung.\",\"sameAs\":[\"https:\\\/\\\/www.jazzzeitung.de\"],\"url\":\"https:\\\/\\\/www.jazzzeitung.de\\\/cms\\\/author\\\/kolb\\\/\"}]}<\/script>\n<!-- \/ Yoast SEO plugin. -->","yoast_head_json":{"title":"Der \u201eJazz Pott\u201c 2014 geht an Georg Graewe - JazzZeitung","robots":{"index":"index","follow":"follow","max-snippet":"max-snippet:-1","max-image-preview":"max-image-preview:large","max-video-preview":"max-video-preview:-1"},"canonical":"https:\/\/www.jazzzeitung.de\/cms\/2014\/09\/der-jazz-pott-2014-geht-georg-graewe\/","og_locale":"de_DE","og_type":"article","og_title":"Der \u201eJazz Pott\u201c 2014 geht an Georg Graewe - JazzZeitung","og_description":"Essen. Zum Auftakt jeder neuen \u201eJazz in Essen\u201c-Saison wird traditionell der \u201eJazz Pott\u201c verliehen. In diesem Jahr geht der Preis, der von Viktor Seroneit (\u2020) und Niklaus Troxler initiiert wurde und mit dem seit 1998 unter dem Motto \u201ebest progressive artist\u201c innovative Jazzmusiker ausgezeichnet werden, an Georg Graewe. Womit sich nun auch ein Kreis schlie\u00dft, denn Graewe geh\u00f6rte zu den Geburtshelfern von \u201eJazz in Essen\u201c: Im Duo mit Theo J\u00f6rgensmann er\u00f6ffnete er 1984 die Konzertreihe, als Support von Steps Ahead. Da hatte der Pianist\/Kompo\u00adnist aus Bochum sich l\u00e4ngst mit einem Quintett sowie mit seinem GrubenKlangOrchester einen Namen gemacht. Heute ist Graewe eine feste Gr\u00f6\u00dfe in der internationalen Improvisations\u00adszene, au\u00dferdem komponiert er Kammer-\/Orchestermusik und Opern. F\u00fcr die Kulturhauptstadt RUHR.2010 entwarf er das ambitionierte Projekt \u201egrubenklang.reloaded\u201c, das mehrere Konzertreihen und Einzelkonzerte an wechselnden Spielorten umfasste. Mit dem Cellisten Ernst Reijseger und dem Schlagzeuger Gerry Hemingway bildet Graewe seit 25 Jahren ein unorthodox besetztes Trio, das zu den aufregendsten der Jazzlandschaft geh\u00f6rt. Derzeit ist es auf Jubil\u00e4umstour und erntete beim Auftakt im Rahmen der Nickelsdorfer \u201eKonfrontationen\u201c bereits enthusiastische Kritiken: \u201eDen musikalischen H\u00f6hepunkt der 20 Konzerte lieferte das Trio &hellip;","og_url":"https:\/\/www.jazzzeitung.de\/cms\/2014\/09\/der-jazz-pott-2014-geht-georg-graewe\/","og_site_name":"JazzZeitung","article_publisher":"https:\/\/www.facebook.com\/JazzZeitung\/","article_published_time":"2014-09-04T07:23:39+00:00","article_modified_time":"2014-09-04T07:47:55+00:00","og_image":[{"url":"http:\/\/www.jazzzeitung.de\/cms\/wp-content\/uploads\/2014\/09\/GRH-2011-Foto_Helmut-Rizy_2-300x199.jpg","type":"","width":"","height":""}],"author":"Andreas Kolb","schema":{"@context":"https:\/\/schema.org","@graph":[{"@type":"Article","@id":"https:\/\/www.jazzzeitung.de\/cms\/2014\/09\/der-jazz-pott-2014-geht-georg-graewe\/#article","isPartOf":{"@id":"https:\/\/www.jazzzeitung.de\/cms\/2014\/09\/der-jazz-pott-2014-geht-georg-graewe\/"},"author":{"name":"Andreas Kolb","@id":"https:\/\/www.jazzzeitung.de\/cms\/#\/schema\/person\/23954215d035da9ee48d2a2c09a4a62c"},"headline":"Der \u201eJazz Pott\u201c 2014 geht an Georg Graewe","datePublished":"2014-09-04T07:23:39+00:00","dateModified":"2014-09-04T07:47:55+00:00","mainEntityOfPage":{"@id":"https:\/\/www.jazzzeitung.de\/cms\/2014\/09\/der-jazz-pott-2014-geht-georg-graewe\/"},"wordCount":315,"commentCount":0,"publisher":{"@id":"https:\/\/www.jazzzeitung.de\/cms\/#organization"},"image":{"@id":"https:\/\/www.jazzzeitung.de\/cms\/2014\/09\/der-jazz-pott-2014-geht-georg-graewe\/#primaryimage"},"thumbnailUrl":"http:\/\/www.jazzzeitung.de\/cms\/wp-content\/uploads\/2014\/09\/GRH-2011-Foto_Helmut-Rizy_2-300x199.jpg","keywords":["Angelika Niescier","Bochum","Jazzmusiker","Konzerte","Preisverleihung"],"articleSection":["News"],"inLanguage":"de","potentialAction":[{"@type":"CommentAction","name":"Comment","target":["https:\/\/www.jazzzeitung.de\/cms\/2014\/09\/der-jazz-pott-2014-geht-georg-graewe\/#respond"]}]},{"@type":"WebPage","@id":"https:\/\/www.jazzzeitung.de\/cms\/2014\/09\/der-jazz-pott-2014-geht-georg-graewe\/","url":"https:\/\/www.jazzzeitung.de\/cms\/2014\/09\/der-jazz-pott-2014-geht-georg-graewe\/","name":"Der \u201eJazz Pott\u201c 2014 geht an Georg Graewe - JazzZeitung","isPartOf":{"@id":"https:\/\/www.jazzzeitung.de\/cms\/#website"},"primaryImageOfPage":{"@id":"https:\/\/www.jazzzeitung.de\/cms\/2014\/09\/der-jazz-pott-2014-geht-georg-graewe\/#primaryimage"},"image":{"@id":"https:\/\/www.jazzzeitung.de\/cms\/2014\/09\/der-jazz-pott-2014-geht-georg-graewe\/#primaryimage"},"thumbnailUrl":"http:\/\/www.jazzzeitung.de\/cms\/wp-content\/uploads\/2014\/09\/GRH-2011-Foto_Helmut-Rizy_2-300x199.jpg","datePublished":"2014-09-04T07:23:39+00:00","dateModified":"2014-09-04T07:47:55+00:00","breadcrumb":{"@id":"https:\/\/www.jazzzeitung.de\/cms\/2014\/09\/der-jazz-pott-2014-geht-georg-graewe\/#breadcrumb"},"inLanguage":"de","potentialAction":[{"@type":"ReadAction","target":["https:\/\/www.jazzzeitung.de\/cms\/2014\/09\/der-jazz-pott-2014-geht-georg-graewe\/"]}]},{"@type":"ImageObject","inLanguage":"de","@id":"https:\/\/www.jazzzeitung.de\/cms\/2014\/09\/der-jazz-pott-2014-geht-georg-graewe\/#primaryimage","url":"http:\/\/www.jazzzeitung.de\/cms\/wp-content\/uploads\/2014\/09\/GRH-2011-Foto_Helmut-Rizy_2-300x199.jpg","contentUrl":"http:\/\/www.jazzzeitung.de\/cms\/wp-content\/uploads\/2014\/09\/GRH-2011-Foto_Helmut-Rizy_2-300x199.jpg"},{"@type":"BreadcrumbList","@id":"https:\/\/www.jazzzeitung.de\/cms\/2014\/09\/der-jazz-pott-2014-geht-georg-graewe\/#breadcrumb","itemListElement":[{"@type":"ListItem","position":1,"name":"Startseite","item":"https:\/\/www.jazzzeitung.de\/cms\/"},{"@type":"ListItem","position":2,"name":"Der \u201eJazz Pott\u201c 2014 geht an Georg Graewe"}]},{"@type":"WebSite","@id":"https:\/\/www.jazzzeitung.de\/cms\/#website","url":"https:\/\/www.jazzzeitung.de\/cms\/","name":"JazzZeitung","description":"Jazz-News und Jazz-Kontroverses","publisher":{"@id":"https:\/\/www.jazzzeitung.de\/cms\/#organization"},"potentialAction":[{"@type":"SearchAction","target":{"@type":"EntryPoint","urlTemplate":"https:\/\/www.jazzzeitung.de\/cms\/?s={search_term_string}"},"query-input":{"@type":"PropertyValueSpecification","valueRequired":true,"valueName":"search_term_string"}}],"inLanguage":"de"},{"@type":"Organization","@id":"https:\/\/www.jazzzeitung.de\/cms\/#organization","name":"JazzZeitung online","url":"https:\/\/www.jazzzeitung.de\/cms\/","logo":{"@type":"ImageObject","inLanguage":"de","@id":"https:\/\/www.jazzzeitung.de\/cms\/#\/schema\/logo\/image\/","url":"https:\/\/i0.wp.com\/www.jazzzeitung.de\/cms\/wp-content\/uploads\/2015\/08\/JAZZZEITUNGDE_Logo_Neu.png?fit=499%2C200&ssl=1","contentUrl":"https:\/\/i0.wp.com\/www.jazzzeitung.de\/cms\/wp-content\/uploads\/2015\/08\/JAZZZEITUNGDE_Logo_Neu.png?fit=499%2C200&ssl=1","width":499,"height":200,"caption":"JazzZeitung online"},"image":{"@id":"https:\/\/www.jazzzeitung.de\/cms\/#\/schema\/logo\/image\/"},"sameAs":["https:\/\/www.facebook.com\/JazzZeitung\/"]},{"@type":"Person","@id":"https:\/\/www.jazzzeitung.de\/cms\/#\/schema\/person\/23954215d035da9ee48d2a2c09a4a62c","name":"Andreas Kolb","image":{"@type":"ImageObject","inLanguage":"de","@id":"https:\/\/i0.wp.com\/www.jazzzeitung.de\/cms\/wp-content\/uploads\/2013\/05\/kolb-small.jpg?resize=96%2C96&ssl=1d81fdf4aa1b2f31d206a8dd371420dd4","url":"https:\/\/i0.wp.com\/www.jazzzeitung.de\/cms\/wp-content\/uploads\/2013\/05\/kolb-small.jpg?resize=96%2C96&ssl=1","contentUrl":"https:\/\/i0.wp.com\/www.jazzzeitung.de\/cms\/wp-content\/uploads\/2013\/05\/kolb-small.jpg?resize=96%2C96&ssl=1","caption":"Andreas Kolb"},"description":"Andreas Kolb ist Chefredakteur der Jazzzeitung.","sameAs":["https:\/\/www.jazzzeitung.de"],"url":"https:\/\/www.jazzzeitung.de\/cms\/author\/kolb\/"}]}},"wp-worthy-pixel":{"ignored":false,"public":null,"server":null,"url":null},"wp-worthy-type":"normal","jetpack_publicize_connections":[],"cc_featured_image_caption":{"caption_text":false,"source_text":false,"source_url":false},"jetpack_featured_media_url":"","jetpack_shortlink":"https:\/\/wp.me\/p3KEcT-1aU","jetpack-related-posts":[{"id":7307,"url":"https:\/\/www.jazzzeitung.de\/cms\/2015\/10\/jazzpreis-des-landes-rheinland-pfalz-und-des-swr-geht-georg-graewe\/","url_meta":{"origin":4520,"position":0},"title":"Jazzpreis des Landes Rheinland-Pfalz und des SWR geht an Georg Graewe","author":"Redaktion JazzZeitung","date":"7. Oktober 2015","format":false,"excerpt":"Fotos von Ralf Dombrowski - Am Montagabend bekam der Pianist und Komponist Georg Graewe in Ludwigshafen im Rahmen des Enjoy Jazz Festivals den Jazzpreis des Landes Rheinland-Pfalz und des SWR \u00fcberreicht. Er wurde dabei f\u00fcr sein umfassendes musikalisches Schaffen im Allgemeinen und die Entwicklung eines markanten Personalstiles im Speziellen ausgezeichnet,\u2026","rel":"","context":"In &quot;Redaktionelle Nachrichten&quot;","block_context":{"text":"Redaktionelle Nachrichten","link":"https:\/\/www.jazzzeitung.de\/cms\/thema\/redaktion\/"},"img":{"alt_text":"","src":"https:\/\/i0.wp.com\/www.jazzzeitung.de\/cms\/wp-content\/uploads\/2015\/10\/0K3A8035-Weis-Graewe-dombr.jpg?resize=350%2C200","width":350,"height":200,"srcset":"https:\/\/i0.wp.com\/www.jazzzeitung.de\/cms\/wp-content\/uploads\/2015\/10\/0K3A8035-Weis-Graewe-dombr.jpg?resize=350%2C200 1x, https:\/\/i0.wp.com\/www.jazzzeitung.de\/cms\/wp-content\/uploads\/2015\/10\/0K3A8035-Weis-Graewe-dombr.jpg?resize=525%2C300 1.5x, https:\/\/i0.wp.com\/www.jazzzeitung.de\/cms\/wp-content\/uploads\/2015\/10\/0K3A8035-Weis-Graewe-dombr.jpg?resize=700%2C400 2x, https:\/\/i0.wp.com\/www.jazzzeitung.de\/cms\/wp-content\/uploads\/2015\/10\/0K3A8035-Weis-Graewe-dombr.jpg?resize=1050%2C600 3x"},"classes":[]},{"id":9638,"url":"https:\/\/www.jazzzeitung.de\/cms\/2016\/07\/der-jazz-pott-2016-geht-jochen-rueckert\/","url_meta":{"origin":4520,"position":1},"title":"Der \u201eJazz Pott\u201c 2016 geht an Jochen R\u00fcckert","author":"Redaktion JazzZeitung","date":"11. Juli 2016","format":false,"excerpt":"Auch in diesem Herbst beginnt die \u201eJazz in Essen\u201c-Saison mit der traditionellen \u201eJazz Pott\u201c-Verleihung. Der diesj\u00e4hrige Preistr\u00e4ger ist einer der wenigen deutschen Musiker, die auch in der Jazzmetropole New York Fu\u00df fassen konnten: der Schlagzeuger Jochen R\u00fcckert. 1975 in D\u00fcren bei K\u00f6ln geboren, begann R\u00fcckert im Alter von sechs Jahren\u2026","rel":"","context":"In &quot;News&quot;","block_context":{"text":"News","link":"https:\/\/www.jazzzeitung.de\/cms\/thema\/nachrichten\/"},"img":{"alt_text":"Jochen Rueckert","src":"https:\/\/i0.wp.com\/www.jazzzeitung.de\/cms\/wp-content\/uploads\/2016\/07\/Jochen_Rueckert_by_Konstantin_Kern_klein-150x150.jpg?resize=350%2C200","width":350,"height":200},"classes":[]},{"id":7117,"url":"https:\/\/www.jazzzeitung.de\/cms\/2015\/09\/peter-herborn-erhaelt-jazz-pott-2015\/","url_meta":{"origin":4520,"position":2},"title":"Peter Herborn erh\u00e4lt \u201eJazz Pott\u201c 2015","author":"Redaktion JazzZeitung","date":"20. September 2015","format":false,"excerpt":"Wenn der Komponist Peter Herborn am Samstag, dem 26. September, um 20 Uhr im Essener Grillo-Theater die B\u00fchne betritt, dann aus doppeltem Anlass: Zum einen erh\u00e4lt er eine der renommiertesten Jazz-Auszeichnungen des Ruhrgebiets, den \u201eJazz Pott\u201c 2015. Zum anderen gestaltet er einmal mehr ein Konzert der Reihe \u201eJazz in Essen\u201c,\u2026","rel":"","context":"In &quot;News&quot;","block_context":{"text":"News","link":"https:\/\/www.jazzzeitung.de\/cms\/thema\/nachrichten\/"},"img":{"alt_text":"Peter Herborn. Foto: Volker Beushausen","src":"https:\/\/i0.wp.com\/www.jazzzeitung.de\/cms\/wp-content\/uploads\/2015\/09\/Peter-Herborn_Foto_Volker-Beushausen-400x600.jpg?resize=350%2C200","width":350,"height":200},"classes":[]},{"id":23209,"url":"https:\/\/www.jazzzeitung.de\/cms\/2020\/08\/julia-kadel-erhaelt-den-essener-jazz-pott-2020\/","url_meta":{"origin":4520,"position":3},"title":"Julia Kadel erh\u00e4lt den Essener \u201eJazz Pott\u201c 2020","author":"Redaktion JazzZeitung","date":"19. August 2020","format":false,"excerpt":"Die Auswahljury der Reihe \u201eJazz in Essen\u201c unter der Leitung von Dr. Berthold Klostermann verleiht in diesem Jahr den Preis f\u00fcr innovative Jazzmusiker \u2013 den \u201eJazz Pott\u201c \u2013 \u00a0an Julia Kadel. Das Preisgeld in H\u00f6he von 2.000 Euro wird von dem Essener Kabarettisten Hagen Rether gestiftet. Die 23. Preistr\u00e4gerin und\u2026","rel":"","context":"In &quot;News&quot;","block_context":{"text":"News","link":"https:\/\/www.jazzzeitung.de\/cms\/thema\/nachrichten\/"},"img":{"alt_text":"","src":"https:\/\/i0.wp.com\/www.jazzzeitung.de\/cms\/wp-content\/uploads\/2020\/08\/Julia-Kadel-c-Lisa-Wassmann_01_klein-scaled-e1597750365495.jpg?fit=1200%2C939&ssl=1&resize=350%2C200","width":350,"height":200,"srcset":"https:\/\/i0.wp.com\/www.jazzzeitung.de\/cms\/wp-content\/uploads\/2020\/08\/Julia-Kadel-c-Lisa-Wassmann_01_klein-scaled-e1597750365495.jpg?fit=1200%2C939&ssl=1&resize=350%2C200 1x, https:\/\/i0.wp.com\/www.jazzzeitung.de\/cms\/wp-content\/uploads\/2020\/08\/Julia-Kadel-c-Lisa-Wassmann_01_klein-scaled-e1597750365495.jpg?fit=1200%2C939&ssl=1&resize=525%2C300 1.5x, https:\/\/i0.wp.com\/www.jazzzeitung.de\/cms\/wp-content\/uploads\/2020\/08\/Julia-Kadel-c-Lisa-Wassmann_01_klein-scaled-e1597750365495.jpg?fit=1200%2C939&ssl=1&resize=700%2C400 2x, https:\/\/i0.wp.com\/www.jazzzeitung.de\/cms\/wp-content\/uploads\/2020\/08\/Julia-Kadel-c-Lisa-Wassmann_01_klein-scaled-e1597750365495.jpg?fit=1200%2C939&ssl=1&resize=1050%2C600 3x"},"classes":[]},{"id":20685,"url":"https:\/\/www.jazzzeitung.de\/cms\/2019\/09\/news-13-bayreuther-jazz-november-2019-das-essen-jazz-orchestra-erhaelt-den-jazz-pott-2019\/","url_meta":{"origin":4520,"position":4},"title":"+++ News +++ 13. Bayreuther Jazz-November 2019 +++ Das Essen Jazz Orchestra erh\u00e4lt den \u201eJazz Pott\u201c 2019 +++","author":"Redaktion JazzZeitung","date":"16. September 2019","format":false,"excerpt":"+++ 13. Bayreuther Jazz-November 2019 +++ Der 13. Bayreuther Jazznovember zeigt vom 7. bis zum 10. November viele Facetten: Die Spannweite reicht vom Pianoabend im gro\u00dfen Konzertsaal \u00fcber die Tanzparty im Frisco bis zum experimentellen Crossover auf der Kellerb\u00fchne. Die auftretenden K\u00fcnstler sehen aus ganz unterschiedlichen Blickwinkeln aufs Leben, und\u2026","rel":"","context":"In &quot;News&quot;","block_context":{"text":"News","link":"https:\/\/www.jazzzeitung.de\/cms\/thema\/nachrichten\/"},"img":{"alt_text":"","src":"https:\/\/i0.wp.com\/www.jazzzeitung.de\/cms\/wp-content\/uploads\/2019\/09\/Wallace-Roney-by-H-J-Maquet.jpg?fit=1200%2C866&ssl=1&resize=350%2C200","width":350,"height":200,"srcset":"https:\/\/i0.wp.com\/www.jazzzeitung.de\/cms\/wp-content\/uploads\/2019\/09\/Wallace-Roney-by-H-J-Maquet.jpg?fit=1200%2C866&ssl=1&resize=350%2C200 1x, https:\/\/i0.wp.com\/www.jazzzeitung.de\/cms\/wp-content\/uploads\/2019\/09\/Wallace-Roney-by-H-J-Maquet.jpg?fit=1200%2C866&ssl=1&resize=525%2C300 1.5x, https:\/\/i0.wp.com\/www.jazzzeitung.de\/cms\/wp-content\/uploads\/2019\/09\/Wallace-Roney-by-H-J-Maquet.jpg?fit=1200%2C866&ssl=1&resize=700%2C400 2x, https:\/\/i0.wp.com\/www.jazzzeitung.de\/cms\/wp-content\/uploads\/2019\/09\/Wallace-Roney-by-H-J-Maquet.jpg?fit=1200%2C866&ssl=1&resize=1050%2C600 3x"},"classes":[]},{"id":2239,"url":"https:\/\/www.jazzzeitung.de\/cms\/2013\/09\/angelika-niescier-erhaelt-den-16-essener-jazz-pott\/","url_meta":{"origin":4520,"position":5},"title":"Angelika Niescier erh\u00e4lt den 16. Essener \u201eJazz Pott\u201c","author":"Ursula Gaisa","date":"17. September 2013","format":false,"excerpt":"Preisverleihung und Konzert am 1. Oktober im Grillo-Theater Essen. Der 16. Essener \u201eJazz Pott\u201c geht an die Saxophonistin Angelika Niescier. Die Folkwang-Absolventin z\u00e4hlt zu den r\u00fchrigsten Musikerinnen der Szene. 2000 gr\u00fcndete die in Polen (Stettin) geborenen Ausnahme-Jazzerin ihr famoses Quartett \u201eSublim\u201c, mit dem sie beim Preisverleihungskonzert am Dienstag, dem 1.\u2026","rel":"","context":"In &quot;News&quot;","block_context":{"text":"News","link":"https:\/\/www.jazzzeitung.de\/cms\/thema\/nachrichten\/"},"img":{"alt_text":"Foto: Helmut Berns","src":"https:\/\/i0.wp.com\/www.jazzzeitung.de\/cms\/wp-content\/uploads\/2013\/09\/Niescier-Angelika_Foto_Helmut-Berns-300x183.jpg?resize=350%2C200","width":350,"height":200},"classes":[]}],"jetpack_sharing_enabled":true,"_links":{"self":[{"href":"https:\/\/www.jazzzeitung.de\/cms\/wp-json\/wp\/v2\/posts\/4520","targetHints":{"allow":["GET"]}}],"collection":[{"href":"https:\/\/www.jazzzeitung.de\/cms\/wp-json\/wp\/v2\/posts"}],"about":[{"href":"https:\/\/www.jazzzeitung.de\/cms\/wp-json\/wp\/v2\/types\/post"}],"author":[{"embeddable":true,"href":"https:\/\/www.jazzzeitung.de\/cms\/wp-json\/wp\/v2\/users\/7"}],"replies":[{"embeddable":true,"href":"https:\/\/www.jazzzeitung.de\/cms\/wp-json\/wp\/v2\/comments?post=4520"}],"version-history":[{"count":2,"href":"https:\/\/www.jazzzeitung.de\/cms\/wp-json\/wp\/v2\/posts\/4520\/revisions"}],"predecessor-version":[{"id":4524,"href":"https:\/\/www.jazzzeitung.de\/cms\/wp-json\/wp\/v2\/posts\/4520\/revisions\/4524"}],"wp:attachment":[{"href":"https:\/\/www.jazzzeitung.de\/cms\/wp-json\/wp\/v2\/media?parent=4520"}],"wp:term":[{"taxonomy":"category","embeddable":true,"href":"https:\/\/www.jazzzeitung.de\/cms\/wp-json\/wp\/v2\/categories?post=4520"},{"taxonomy":"post_tag","embeddable":true,"href":"https:\/\/www.jazzzeitung.de\/cms\/wp-json\/wp\/v2\/tags?post=4520"},{"taxonomy":"author","embeddable":true,"href":"https:\/\/www.jazzzeitung.de\/cms\/wp-json\/wp\/v2\/coauthors?post=4520"}],"curies":[{"name":"wp","href":"https:\/\/api.w.org\/{rel}","templated":true}]}}