{"id":4406,"date":"2014-08-18T10:49:19","date_gmt":"2014-08-18T08:49:19","guid":{"rendered":"http:\/\/www.jazzzeitung.de\/cms\/?p=4406"},"modified":"2014-08-18T14:38:18","modified_gmt":"2014-08-18T12:38:18","slug":"michael-naura-wird-80-oscar-peterson-lp-kassette-rezensiert","status":"publish","type":"post","link":"https:\/\/www.jazzzeitung.de\/cms\/2014\/08\/michael-naura-wird-80-oscar-peterson-lp-kassette-rezensiert\/","title":{"rendered":"Michael Naura wird 80 \u2013 Oscar Peterson LP-Kassette rezensiert"},"content":{"rendered":"<figure id=\"attachment_4407\" aria-describedby=\"caption-attachment-4407\" style=\"width: 150px\" class=\"wp-caption alignright\"><a href=\"https:\/\/i0.wp.com\/www.jazzzeitung.de\/cms\/wp-content\/uploads\/2014\/08\/2014-07-magazin-mps.jpg\"><img data-recalc-dims=\"1\" loading=\"lazy\" decoding=\"async\" data-attachment-id=\"4407\" data-permalink=\"https:\/\/www.jazzzeitung.de\/cms\/2014\/08\/michael-naura-wird-80-oscar-peterson-lp-kassette-rezensiert\/2014-07-magazin-mps\/\" data-orig-file=\"https:\/\/i0.wp.com\/www.jazzzeitung.de\/cms\/wp-content\/uploads\/2014\/08\/2014-07-magazin-mps.jpg?fit=661%2C600&amp;ssl=1\" data-orig-size=\"661,600\" data-comments-opened=\"1\" data-image-meta=\"{&quot;aperture&quot;:&quot;0&quot;,&quot;credit&quot;:&quot;&quot;,&quot;camera&quot;:&quot;&quot;,&quot;caption&quot;:&quot;&quot;,&quot;created_timestamp&quot;:&quot;0&quot;,&quot;copyright&quot;:&quot;&quot;,&quot;focal_length&quot;:&quot;0&quot;,&quot;iso&quot;:&quot;0&quot;,&quot;shutter_speed&quot;:&quot;0&quot;,&quot;title&quot;:&quot;&quot;}\" data-image-title=\"Exquisit mikrophonierte Schwarzwaldidylle: Ed Thigpen, Ray Brown und Oscar Peterson in Hans Georg Brunner-Schwers Wohnzimmer. Anschlie\u00dfend ging\u2018s zum Abh\u00f6ren der Ergebnisse unter\u2018s Dach. Foto: Sepp Werkmeister\" data-image-description=\"&lt;p&gt;Exquisit mikrophonierte Schwarzwaldidylle: Ed Thigpen, Ray Brown und Oscar Peterson in Hans Georg Brunner-Schwers Wohnzimmer. Anschlie\u00dfend ging\u2018s zum Abh\u00f6ren der Ergebnisse unter\u2018s Dach. Foto: Sepp Werkmeister&lt;\/p&gt;\n\" data-image-caption=\"&lt;p&gt;Exquisit mikrophonierte Schwarzwaldidylle: Ed Thigpen, Ray Brown und Oscar Peterson in Hans Georg Brunner-Schwers Wohnzimmer. Anschlie\u00dfend ging\u2018s zum Abh\u00f6ren der Ergebnisse unter\u2018s Dach. Foto: Sepp Werkmeister&lt;\/p&gt;\n\" data-large-file=\"https:\/\/i0.wp.com\/www.jazzzeitung.de\/cms\/wp-content\/uploads\/2014\/08\/2014-07-magazin-mps.jpg?fit=661%2C600&amp;ssl=1\" class=\"size-thumbnail wp-image-4407\" src=\"https:\/\/i0.wp.com\/www.jazzzeitung.de\/cms\/wp-content\/uploads\/2014\/08\/2014-07-magazin-mps-150x150.jpg?resize=150%2C150\" alt=\"Exquisit mikrophonierte Schwarzwaldidylle: Ed Thigpen, Ray Brown und Oscar Peterson in Hans Georg Brunner-Schwers Wohnzimmer. Anschlie\u00dfend ging\u2018s zum Abh\u00f6ren der Ergebnisse unter\u2018s Dach. Foto: Sepp Werkmeister\" width=\"150\" height=\"150\" srcset=\"https:\/\/i0.wp.com\/www.jazzzeitung.de\/cms\/wp-content\/uploads\/2014\/08\/2014-07-magazin-mps.jpg?resize=150%2C150&amp;ssl=1 150w, https:\/\/i0.wp.com\/www.jazzzeitung.de\/cms\/wp-content\/uploads\/2014\/08\/2014-07-magazin-mps.jpg?resize=144%2C144&amp;ssl=1 144w, https:\/\/i0.wp.com\/www.jazzzeitung.de\/cms\/wp-content\/uploads\/2014\/08\/2014-07-magazin-mps.jpg?resize=96%2C96&amp;ssl=1 96w, https:\/\/i0.wp.com\/www.jazzzeitung.de\/cms\/wp-content\/uploads\/2014\/08\/2014-07-magazin-mps.jpg?resize=24%2C24&amp;ssl=1 24w, https:\/\/i0.wp.com\/www.jazzzeitung.de\/cms\/wp-content\/uploads\/2014\/08\/2014-07-magazin-mps.jpg?resize=36%2C36&amp;ssl=1 36w, https:\/\/i0.wp.com\/www.jazzzeitung.de\/cms\/wp-content\/uploads\/2014\/08\/2014-07-magazin-mps.jpg?resize=48%2C48&amp;ssl=1 48w, https:\/\/i0.wp.com\/www.jazzzeitung.de\/cms\/wp-content\/uploads\/2014\/08\/2014-07-magazin-mps.jpg?resize=64%2C64&amp;ssl=1 64w, https:\/\/i0.wp.com\/www.jazzzeitung.de\/cms\/wp-content\/uploads\/2014\/08\/2014-07-magazin-mps.jpg?resize=32%2C32&amp;ssl=1 32w, https:\/\/i0.wp.com\/www.jazzzeitung.de\/cms\/wp-content\/uploads\/2014\/08\/2014-07-magazin-mps.jpg?resize=128%2C128&amp;ssl=1 128w, https:\/\/i0.wp.com\/www.jazzzeitung.de\/cms\/wp-content\/uploads\/2014\/08\/2014-07-magazin-mps.jpg?zoom=2&amp;resize=150%2C150&amp;ssl=1 300w, https:\/\/i0.wp.com\/www.jazzzeitung.de\/cms\/wp-content\/uploads\/2014\/08\/2014-07-magazin-mps.jpg?zoom=3&amp;resize=150%2C150&amp;ssl=1 450w\" sizes=\"auto, (max-width: 150px) 100vw, 150px\" \/><\/a><figcaption id=\"caption-attachment-4407\" class=\"wp-caption-text\">Exquisit mikrophonierte Schwarzwaldidylle: Ed Thigpen, Ray Brown und Oscar Peterson in Hans Georg Brunner-Schwers Wohnzimmer. Anschlie\u00dfend ging\u2018s zum Abh\u00f6ren der Ergebnisse unter\u2018s Dach. Foto: Sepp Werkmeister<\/figcaption><\/figure>\n<p>In der neuen musikzeitung haben wir als \u201eAbleger der JazzZeitung\u201c gelegentlich auch Beitr\u00e4ge zum Jazz. Aktuell weisen wir auf den <a href=\"http:\/\/www.nmz.de\/online\/eine-institution-des-deutschen-jazz-michael-naura-wird-80\">80. Geburtstag von Michael Naura<\/a> hin, den er morgen feiern wird. Ferner\u00a0 gibt es eine Rezension von Juan Martin Koch: \u201e<a href=\"http:\/\/www.nmz.de\/artikel\/swingfutter-fuer-anhaenger-der-reinen-analoglehre\">Swingfutter f\u00fcr Anh\u00e4nger der reinen Analoglehre<\/a> .Edel presst die Sch\u00e4tze aus dem MPS-Jazzkatalog auf Vinyl \u2013 den Anfang machen die legend\u00e4ren Peterson-Aufnahmen\u201c.<\/p>\n<blockquote><p>\u201eVillingen, im Herbst 1963. Es ist schon nach Mitternacht, als sich der massige K\u00f6rper eines Pianisten durch die Haust\u00fcr der Schwarzwald-Villa schiebt. Vor wenigen Stunden stand er mit seinem Trio noch auf einer Z\u00fcricher B\u00fchne, nun soll er in diesem Wohnzimmer ein Privatkonzert geben. Der Hausherr schneidet von seinem Regieraum unterm Dach aus mit. Es ist der SABA-Technik-Gesch\u00e4ftsf\u00fchrer Hans Georg Brunner-Schwer, der Pianist ist Oscar Peterson.\u201c<\/p><\/blockquote>\n<p>Ank\u00fcndigen darf nmz-online einen Beitrag zur 15. Auflage des <a href=\"http:\/\/www.nmz.de\/online\/nichts-ist-erfolgreicher-als-der-erfolg-das-15-internationale-gitarrenfestival-in-hersbruck\" target=\"_blank\">Hersbrucker Gitarrenfestivals<\/a> von Oliver Hochkeppel und Ralf Dombrowski wird vom <a href=\"http:\/\/www.nmz.de\/online\/so-matsch-music-der-chiemsee-summer-2014-verbruederungen-inklusive\">Chiemsee Summer<\/a> (jetzt online) berichten. Bleiben Sie dran.<\/p>\n","protected":false},"excerpt":{"rendered":"<p>In der neuen musikzeitung haben wir als \u201eAbleger der JazzZeitung\u201c gelegentlich auch Beitr\u00e4ge zum Jazz. Aktuell weisen wir auf den 80. Geburtstag von Michael Naura hin, den er morgen feiern wird. Ferner\u00a0 gibt es eine Rezension von Juan Martin Koch: \u201eSwingfutter f\u00fcr Anh\u00e4nger der reinen Analoglehre .Edel presst die Sch\u00e4tze aus dem MPS-Jazzkatalog auf Vinyl \u2013 den Anfang machen die legend\u00e4ren Peterson-Aufnahmen\u201c. \u201eVillingen, im Herbst 1963. Es ist schon nach Mitternacht, als sich der massige K\u00f6rper eines Pianisten durch die Haust\u00fcr der Schwarzwald-Villa schiebt. Vor wenigen Stunden stand er mit seinem Trio noch auf einer Z\u00fcricher B\u00fchne, nun soll er in diesem Wohnzimmer ein Privatkonzert geben. Der Hausherr schneidet von seinem Regieraum unterm Dach aus mit. Es ist der SABA-Technik-Gesch\u00e4ftsf\u00fchrer Hans Georg Brunner-Schwer, der Pianist ist Oscar Peterson.\u201c Ank\u00fcndigen darf nmz-online einen Beitrag zur 15. Auflage des Hersbrucker Gitarrenfestivals von Oliver Hochkeppel und Ralf Dombrowski wird vom Chiemsee Summer (jetzt online) berichten. Bleiben Sie dran.<\/p>\n","protected":false},"author":18,"featured_media":0,"comment_status":"open","ping_status":"closed","sticky":false,"template":"","format":"standard","meta":{"_jetpack_memberships_contains_paid_content":false,"footnotes":"","jetpack_publicize_message":"","jetpack_publicize_feature_enabled":true,"jetpack_social_post_already_shared":false,"jetpack_social_options":{"image_generator_settings":{"template":"highway","default_image_id":0,"font":"","enabled":false},"version":2}},"categories":[634],"tags":[790,845,146,1015],"coauthors":[695],"class_list":["post-4406","post","type-post","status-publish","format-standard","hentry","category-redaktion","tag-geburtstag","tag-oliver-hochkeppel","tag-dombrowski","tag-vinyl"],"yoast_head":"<!-- This site is optimized with the Yoast SEO plugin v27.5 - https:\/\/yoast.com\/product\/yoast-seo-wordpress\/ -->\n<title>Michael Naura wird 80 \u2013 Oscar Peterson LP-Kassette rezensiert - JazzZeitung<\/title>\n<meta name=\"robots\" content=\"index, follow, max-snippet:-1, max-image-preview:large, max-video-preview:-1\" \/>\n<link rel=\"canonical\" href=\"https:\/\/www.jazzzeitung.de\/cms\/2014\/08\/michael-naura-wird-80-oscar-peterson-lp-kassette-rezensiert\/\" \/>\n<meta property=\"og:locale\" content=\"de_DE\" \/>\n<meta property=\"og:type\" content=\"article\" \/>\n<meta property=\"og:title\" content=\"Michael Naura wird 80 \u2013 Oscar Peterson LP-Kassette rezensiert - JazzZeitung\" \/>\n<meta property=\"og:description\" content=\"In der neuen musikzeitung haben wir als \u201eAbleger der JazzZeitung\u201c gelegentlich auch Beitr\u00e4ge zum Jazz. Aktuell weisen wir auf den 80. Geburtstag von Michael Naura hin, den er morgen feiern wird. Ferner\u00a0 gibt es eine Rezension von Juan Martin Koch: \u201eSwingfutter f\u00fcr Anh\u00e4nger der reinen Analoglehre .Edel presst die Sch\u00e4tze aus dem MPS-Jazzkatalog auf Vinyl \u2013 den Anfang machen die legend\u00e4ren Peterson-Aufnahmen\u201c. \u201eVillingen, im Herbst 1963. Es ist schon nach Mitternacht, als sich der massige K\u00f6rper eines Pianisten durch die Haust\u00fcr der Schwarzwald-Villa schiebt. Vor wenigen Stunden stand er mit seinem Trio noch auf einer Z\u00fcricher B\u00fchne, nun soll er in diesem Wohnzimmer ein Privatkonzert geben. Der Hausherr schneidet von seinem Regieraum unterm Dach aus mit. Es ist der SABA-Technik-Gesch\u00e4ftsf\u00fchrer Hans Georg Brunner-Schwer, der Pianist ist Oscar Peterson.\u201c Ank\u00fcndigen darf nmz-online einen Beitrag zur 15. Auflage des Hersbrucker Gitarrenfestivals von Oliver Hochkeppel und Ralf Dombrowski wird vom Chiemsee Summer (jetzt online) berichten. Bleiben Sie dran.\" \/>\n<meta property=\"og:url\" content=\"https:\/\/www.jazzzeitung.de\/cms\/2014\/08\/michael-naura-wird-80-oscar-peterson-lp-kassette-rezensiert\/\" \/>\n<meta property=\"og:site_name\" content=\"JazzZeitung\" \/>\n<meta property=\"article:publisher\" content=\"https:\/\/www.facebook.com\/JazzZeitung\/\" \/>\n<meta property=\"article:published_time\" content=\"2014-08-18T08:49:19+00:00\" \/>\n<meta property=\"article:modified_time\" content=\"2014-08-18T12:38:18+00:00\" \/>\n<meta property=\"og:image\" content=\"http:\/\/www.jazzzeitung.de\/cms\/wp-content\/uploads\/2014\/08\/2014-07-magazin-mps-150x150.jpg\" \/>\n<meta name=\"author\" content=\"Redaktion JazzZeitung\" \/>\n<script type=\"application\/ld+json\" class=\"yoast-schema-graph\">{\"@context\":\"https:\\\/\\\/schema.org\",\"@graph\":[{\"@type\":\"Article\",\"@id\":\"https:\\\/\\\/www.jazzzeitung.de\\\/cms\\\/2014\\\/08\\\/michael-naura-wird-80-oscar-peterson-lp-kassette-rezensiert\\\/#article\",\"isPartOf\":{\"@id\":\"https:\\\/\\\/www.jazzzeitung.de\\\/cms\\\/2014\\\/08\\\/michael-naura-wird-80-oscar-peterson-lp-kassette-rezensiert\\\/\"},\"author\":{\"name\":\"Redaktion JazzZeitung\",\"@id\":\"https:\\\/\\\/www.jazzzeitung.de\\\/cms\\\/#\\\/schema\\\/person\\\/2245b36b9cd1d24cea10f01c031fb92b\"},\"headline\":\"Michael Naura wird 80 \u2013 Oscar Peterson LP-Kassette rezensiert\",\"datePublished\":\"2014-08-18T08:49:19+00:00\",\"dateModified\":\"2014-08-18T12:38:18+00:00\",\"mainEntityOfPage\":{\"@id\":\"https:\\\/\\\/www.jazzzeitung.de\\\/cms\\\/2014\\\/08\\\/michael-naura-wird-80-oscar-peterson-lp-kassette-rezensiert\\\/\"},\"wordCount\":207,\"commentCount\":0,\"publisher\":{\"@id\":\"https:\\\/\\\/www.jazzzeitung.de\\\/cms\\\/#organization\"},\"image\":{\"@id\":\"https:\\\/\\\/www.jazzzeitung.de\\\/cms\\\/2014\\\/08\\\/michael-naura-wird-80-oscar-peterson-lp-kassette-rezensiert\\\/#primaryimage\"},\"thumbnailUrl\":\"http:\\\/\\\/www.jazzzeitung.de\\\/cms\\\/wp-content\\\/uploads\\\/2014\\\/08\\\/2014-07-magazin-mps-150x150.jpg\",\"keywords\":[\"Geburtstag\",\"Oliver Hochkeppel\",\"Ralf Dombrowski\",\"Vinyl\"],\"articleSection\":[\"Redaktionelle Nachrichten\"],\"inLanguage\":\"de\",\"potentialAction\":[{\"@type\":\"CommentAction\",\"name\":\"Comment\",\"target\":[\"https:\\\/\\\/www.jazzzeitung.de\\\/cms\\\/2014\\\/08\\\/michael-naura-wird-80-oscar-peterson-lp-kassette-rezensiert\\\/#respond\"]}]},{\"@type\":\"WebPage\",\"@id\":\"https:\\\/\\\/www.jazzzeitung.de\\\/cms\\\/2014\\\/08\\\/michael-naura-wird-80-oscar-peterson-lp-kassette-rezensiert\\\/\",\"url\":\"https:\\\/\\\/www.jazzzeitung.de\\\/cms\\\/2014\\\/08\\\/michael-naura-wird-80-oscar-peterson-lp-kassette-rezensiert\\\/\",\"name\":\"Michael Naura wird 80 \u2013 Oscar Peterson LP-Kassette rezensiert - JazzZeitung\",\"isPartOf\":{\"@id\":\"https:\\\/\\\/www.jazzzeitung.de\\\/cms\\\/#website\"},\"primaryImageOfPage\":{\"@id\":\"https:\\\/\\\/www.jazzzeitung.de\\\/cms\\\/2014\\\/08\\\/michael-naura-wird-80-oscar-peterson-lp-kassette-rezensiert\\\/#primaryimage\"},\"image\":{\"@id\":\"https:\\\/\\\/www.jazzzeitung.de\\\/cms\\\/2014\\\/08\\\/michael-naura-wird-80-oscar-peterson-lp-kassette-rezensiert\\\/#primaryimage\"},\"thumbnailUrl\":\"http:\\\/\\\/www.jazzzeitung.de\\\/cms\\\/wp-content\\\/uploads\\\/2014\\\/08\\\/2014-07-magazin-mps-150x150.jpg\",\"datePublished\":\"2014-08-18T08:49:19+00:00\",\"dateModified\":\"2014-08-18T12:38:18+00:00\",\"breadcrumb\":{\"@id\":\"https:\\\/\\\/www.jazzzeitung.de\\\/cms\\\/2014\\\/08\\\/michael-naura-wird-80-oscar-peterson-lp-kassette-rezensiert\\\/#breadcrumb\"},\"inLanguage\":\"de\",\"potentialAction\":[{\"@type\":\"ReadAction\",\"target\":[\"https:\\\/\\\/www.jazzzeitung.de\\\/cms\\\/2014\\\/08\\\/michael-naura-wird-80-oscar-peterson-lp-kassette-rezensiert\\\/\"]}]},{\"@type\":\"ImageObject\",\"inLanguage\":\"de\",\"@id\":\"https:\\\/\\\/www.jazzzeitung.de\\\/cms\\\/2014\\\/08\\\/michael-naura-wird-80-oscar-peterson-lp-kassette-rezensiert\\\/#primaryimage\",\"url\":\"http:\\\/\\\/www.jazzzeitung.de\\\/cms\\\/wp-content\\\/uploads\\\/2014\\\/08\\\/2014-07-magazin-mps-150x150.jpg\",\"contentUrl\":\"http:\\\/\\\/www.jazzzeitung.de\\\/cms\\\/wp-content\\\/uploads\\\/2014\\\/08\\\/2014-07-magazin-mps-150x150.jpg\"},{\"@type\":\"BreadcrumbList\",\"@id\":\"https:\\\/\\\/www.jazzzeitung.de\\\/cms\\\/2014\\\/08\\\/michael-naura-wird-80-oscar-peterson-lp-kassette-rezensiert\\\/#breadcrumb\",\"itemListElement\":[{\"@type\":\"ListItem\",\"position\":1,\"name\":\"Startseite\",\"item\":\"https:\\\/\\\/www.jazzzeitung.de\\\/cms\\\/\"},{\"@type\":\"ListItem\",\"position\":2,\"name\":\"Michael Naura wird 80 \u2013 Oscar Peterson LP-Kassette rezensiert\"}]},{\"@type\":\"WebSite\",\"@id\":\"https:\\\/\\\/www.jazzzeitung.de\\\/cms\\\/#website\",\"url\":\"https:\\\/\\\/www.jazzzeitung.de\\\/cms\\\/\",\"name\":\"JazzZeitung\",\"description\":\"Jazz-News und Jazz-Kontroverses\",\"publisher\":{\"@id\":\"https:\\\/\\\/www.jazzzeitung.de\\\/cms\\\/#organization\"},\"potentialAction\":[{\"@type\":\"SearchAction\",\"target\":{\"@type\":\"EntryPoint\",\"urlTemplate\":\"https:\\\/\\\/www.jazzzeitung.de\\\/cms\\\/?s={search_term_string}\"},\"query-input\":{\"@type\":\"PropertyValueSpecification\",\"valueRequired\":true,\"valueName\":\"search_term_string\"}}],\"inLanguage\":\"de\"},{\"@type\":\"Organization\",\"@id\":\"https:\\\/\\\/www.jazzzeitung.de\\\/cms\\\/#organization\",\"name\":\"JazzZeitung online\",\"url\":\"https:\\\/\\\/www.jazzzeitung.de\\\/cms\\\/\",\"logo\":{\"@type\":\"ImageObject\",\"inLanguage\":\"de\",\"@id\":\"https:\\\/\\\/www.jazzzeitung.de\\\/cms\\\/#\\\/schema\\\/logo\\\/image\\\/\",\"url\":\"https:\\\/\\\/i0.wp.com\\\/www.jazzzeitung.de\\\/cms\\\/wp-content\\\/uploads\\\/2015\\\/08\\\/JAZZZEITUNGDE_Logo_Neu.png?fit=499%2C200&ssl=1\",\"contentUrl\":\"https:\\\/\\\/i0.wp.com\\\/www.jazzzeitung.de\\\/cms\\\/wp-content\\\/uploads\\\/2015\\\/08\\\/JAZZZEITUNGDE_Logo_Neu.png?fit=499%2C200&ssl=1\",\"width\":499,\"height\":200,\"caption\":\"JazzZeitung online\"},\"image\":{\"@id\":\"https:\\\/\\\/www.jazzzeitung.de\\\/cms\\\/#\\\/schema\\\/logo\\\/image\\\/\"},\"sameAs\":[\"https:\\\/\\\/www.facebook.com\\\/JazzZeitung\\\/\"]},{\"@type\":\"Person\",\"@id\":\"https:\\\/\\\/www.jazzzeitung.de\\\/cms\\\/#\\\/schema\\\/person\\\/2245b36b9cd1d24cea10f01c031fb92b\",\"name\":\"Redaktion JazzZeitung\",\"image\":{\"@type\":\"ImageObject\",\"inLanguage\":\"de\",\"@id\":\"https:\\\/\\\/i0.wp.com\\\/www.jazzzeitung.de\\\/cms\\\/wp-content\\\/uploads\\\/2015\\\/08\\\/JAZZZEITUNGDE_Logo_Neu.png?resize=96%2C96&ssl=159975dcacb611b5700bd619b5daf0a7a\",\"url\":\"https:\\\/\\\/i0.wp.com\\\/www.jazzzeitung.de\\\/cms\\\/wp-content\\\/uploads\\\/2015\\\/08\\\/JAZZZEITUNGDE_Logo_Neu.png?resize=96%2C96&ssl=1\",\"contentUrl\":\"https:\\\/\\\/i0.wp.com\\\/www.jazzzeitung.de\\\/cms\\\/wp-content\\\/uploads\\\/2015\\\/08\\\/JAZZZEITUNGDE_Logo_Neu.png?resize=96%2C96&ssl=1\",\"caption\":\"Redaktion JazzZeitung\"},\"description\":\"Artikel der Redaktion der JazzZeitung.\",\"sameAs\":[\"http:\\\/\\\/www.jazzzeitung.de\\\/cms\\\/\"],\"url\":\"https:\\\/\\\/www.jazzzeitung.de\\\/cms\\\/author\\\/redaktion\\\/\"}]}<\/script>\n<!-- \/ Yoast SEO plugin. -->","yoast_head_json":{"title":"Michael Naura wird 80 \u2013 Oscar Peterson LP-Kassette rezensiert - JazzZeitung","robots":{"index":"index","follow":"follow","max-snippet":"max-snippet:-1","max-image-preview":"max-image-preview:large","max-video-preview":"max-video-preview:-1"},"canonical":"https:\/\/www.jazzzeitung.de\/cms\/2014\/08\/michael-naura-wird-80-oscar-peterson-lp-kassette-rezensiert\/","og_locale":"de_DE","og_type":"article","og_title":"Michael Naura wird 80 \u2013 Oscar Peterson LP-Kassette rezensiert - JazzZeitung","og_description":"In der neuen musikzeitung haben wir als \u201eAbleger der JazzZeitung\u201c gelegentlich auch Beitr\u00e4ge zum Jazz. Aktuell weisen wir auf den 80. Geburtstag von Michael Naura hin, den er morgen feiern wird. Ferner\u00a0 gibt es eine Rezension von Juan Martin Koch: \u201eSwingfutter f\u00fcr Anh\u00e4nger der reinen Analoglehre .Edel presst die Sch\u00e4tze aus dem MPS-Jazzkatalog auf Vinyl \u2013 den Anfang machen die legend\u00e4ren Peterson-Aufnahmen\u201c. \u201eVillingen, im Herbst 1963. Es ist schon nach Mitternacht, als sich der massige K\u00f6rper eines Pianisten durch die Haust\u00fcr der Schwarzwald-Villa schiebt. Vor wenigen Stunden stand er mit seinem Trio noch auf einer Z\u00fcricher B\u00fchne, nun soll er in diesem Wohnzimmer ein Privatkonzert geben. Der Hausherr schneidet von seinem Regieraum unterm Dach aus mit. Es ist der SABA-Technik-Gesch\u00e4ftsf\u00fchrer Hans Georg Brunner-Schwer, der Pianist ist Oscar Peterson.\u201c Ank\u00fcndigen darf nmz-online einen Beitrag zur 15. Auflage des Hersbrucker Gitarrenfestivals von Oliver Hochkeppel und Ralf Dombrowski wird vom Chiemsee Summer (jetzt online) berichten. Bleiben Sie dran.","og_url":"https:\/\/www.jazzzeitung.de\/cms\/2014\/08\/michael-naura-wird-80-oscar-peterson-lp-kassette-rezensiert\/","og_site_name":"JazzZeitung","article_publisher":"https:\/\/www.facebook.com\/JazzZeitung\/","article_published_time":"2014-08-18T08:49:19+00:00","article_modified_time":"2014-08-18T12:38:18+00:00","og_image":[{"url":"http:\/\/www.jazzzeitung.de\/cms\/wp-content\/uploads\/2014\/08\/2014-07-magazin-mps-150x150.jpg","type":"","width":"","height":""}],"author":"Redaktion JazzZeitung","schema":{"@context":"https:\/\/schema.org","@graph":[{"@type":"Article","@id":"https:\/\/www.jazzzeitung.de\/cms\/2014\/08\/michael-naura-wird-80-oscar-peterson-lp-kassette-rezensiert\/#article","isPartOf":{"@id":"https:\/\/www.jazzzeitung.de\/cms\/2014\/08\/michael-naura-wird-80-oscar-peterson-lp-kassette-rezensiert\/"},"author":{"name":"Redaktion JazzZeitung","@id":"https:\/\/www.jazzzeitung.de\/cms\/#\/schema\/person\/2245b36b9cd1d24cea10f01c031fb92b"},"headline":"Michael Naura wird 80 \u2013 Oscar Peterson LP-Kassette rezensiert","datePublished":"2014-08-18T08:49:19+00:00","dateModified":"2014-08-18T12:38:18+00:00","mainEntityOfPage":{"@id":"https:\/\/www.jazzzeitung.de\/cms\/2014\/08\/michael-naura-wird-80-oscar-peterson-lp-kassette-rezensiert\/"},"wordCount":207,"commentCount":0,"publisher":{"@id":"https:\/\/www.jazzzeitung.de\/cms\/#organization"},"image":{"@id":"https:\/\/www.jazzzeitung.de\/cms\/2014\/08\/michael-naura-wird-80-oscar-peterson-lp-kassette-rezensiert\/#primaryimage"},"thumbnailUrl":"http:\/\/www.jazzzeitung.de\/cms\/wp-content\/uploads\/2014\/08\/2014-07-magazin-mps-150x150.jpg","keywords":["Geburtstag","Oliver Hochkeppel","Ralf Dombrowski","Vinyl"],"articleSection":["Redaktionelle Nachrichten"],"inLanguage":"de","potentialAction":[{"@type":"CommentAction","name":"Comment","target":["https:\/\/www.jazzzeitung.de\/cms\/2014\/08\/michael-naura-wird-80-oscar-peterson-lp-kassette-rezensiert\/#respond"]}]},{"@type":"WebPage","@id":"https:\/\/www.jazzzeitung.de\/cms\/2014\/08\/michael-naura-wird-80-oscar-peterson-lp-kassette-rezensiert\/","url":"https:\/\/www.jazzzeitung.de\/cms\/2014\/08\/michael-naura-wird-80-oscar-peterson-lp-kassette-rezensiert\/","name":"Michael Naura wird 80 \u2013 Oscar Peterson LP-Kassette rezensiert - JazzZeitung","isPartOf":{"@id":"https:\/\/www.jazzzeitung.de\/cms\/#website"},"primaryImageOfPage":{"@id":"https:\/\/www.jazzzeitung.de\/cms\/2014\/08\/michael-naura-wird-80-oscar-peterson-lp-kassette-rezensiert\/#primaryimage"},"image":{"@id":"https:\/\/www.jazzzeitung.de\/cms\/2014\/08\/michael-naura-wird-80-oscar-peterson-lp-kassette-rezensiert\/#primaryimage"},"thumbnailUrl":"http:\/\/www.jazzzeitung.de\/cms\/wp-content\/uploads\/2014\/08\/2014-07-magazin-mps-150x150.jpg","datePublished":"2014-08-18T08:49:19+00:00","dateModified":"2014-08-18T12:38:18+00:00","breadcrumb":{"@id":"https:\/\/www.jazzzeitung.de\/cms\/2014\/08\/michael-naura-wird-80-oscar-peterson-lp-kassette-rezensiert\/#breadcrumb"},"inLanguage":"de","potentialAction":[{"@type":"ReadAction","target":["https:\/\/www.jazzzeitung.de\/cms\/2014\/08\/michael-naura-wird-80-oscar-peterson-lp-kassette-rezensiert\/"]}]},{"@type":"ImageObject","inLanguage":"de","@id":"https:\/\/www.jazzzeitung.de\/cms\/2014\/08\/michael-naura-wird-80-oscar-peterson-lp-kassette-rezensiert\/#primaryimage","url":"http:\/\/www.jazzzeitung.de\/cms\/wp-content\/uploads\/2014\/08\/2014-07-magazin-mps-150x150.jpg","contentUrl":"http:\/\/www.jazzzeitung.de\/cms\/wp-content\/uploads\/2014\/08\/2014-07-magazin-mps-150x150.jpg"},{"@type":"BreadcrumbList","@id":"https:\/\/www.jazzzeitung.de\/cms\/2014\/08\/michael-naura-wird-80-oscar-peterson-lp-kassette-rezensiert\/#breadcrumb","itemListElement":[{"@type":"ListItem","position":1,"name":"Startseite","item":"https:\/\/www.jazzzeitung.de\/cms\/"},{"@type":"ListItem","position":2,"name":"Michael Naura wird 80 \u2013 Oscar Peterson LP-Kassette rezensiert"}]},{"@type":"WebSite","@id":"https:\/\/www.jazzzeitung.de\/cms\/#website","url":"https:\/\/www.jazzzeitung.de\/cms\/","name":"JazzZeitung","description":"Jazz-News und Jazz-Kontroverses","publisher":{"@id":"https:\/\/www.jazzzeitung.de\/cms\/#organization"},"potentialAction":[{"@type":"SearchAction","target":{"@type":"EntryPoint","urlTemplate":"https:\/\/www.jazzzeitung.de\/cms\/?s={search_term_string}"},"query-input":{"@type":"PropertyValueSpecification","valueRequired":true,"valueName":"search_term_string"}}],"inLanguage":"de"},{"@type":"Organization","@id":"https:\/\/www.jazzzeitung.de\/cms\/#organization","name":"JazzZeitung online","url":"https:\/\/www.jazzzeitung.de\/cms\/","logo":{"@type":"ImageObject","inLanguage":"de","@id":"https:\/\/www.jazzzeitung.de\/cms\/#\/schema\/logo\/image\/","url":"https:\/\/i0.wp.com\/www.jazzzeitung.de\/cms\/wp-content\/uploads\/2015\/08\/JAZZZEITUNGDE_Logo_Neu.png?fit=499%2C200&ssl=1","contentUrl":"https:\/\/i0.wp.com\/www.jazzzeitung.de\/cms\/wp-content\/uploads\/2015\/08\/JAZZZEITUNGDE_Logo_Neu.png?fit=499%2C200&ssl=1","width":499,"height":200,"caption":"JazzZeitung online"},"image":{"@id":"https:\/\/www.jazzzeitung.de\/cms\/#\/schema\/logo\/image\/"},"sameAs":["https:\/\/www.facebook.com\/JazzZeitung\/"]},{"@type":"Person","@id":"https:\/\/www.jazzzeitung.de\/cms\/#\/schema\/person\/2245b36b9cd1d24cea10f01c031fb92b","name":"Redaktion JazzZeitung","image":{"@type":"ImageObject","inLanguage":"de","@id":"https:\/\/i0.wp.com\/www.jazzzeitung.de\/cms\/wp-content\/uploads\/2015\/08\/JAZZZEITUNGDE_Logo_Neu.png?resize=96%2C96&ssl=159975dcacb611b5700bd619b5daf0a7a","url":"https:\/\/i0.wp.com\/www.jazzzeitung.de\/cms\/wp-content\/uploads\/2015\/08\/JAZZZEITUNGDE_Logo_Neu.png?resize=96%2C96&ssl=1","contentUrl":"https:\/\/i0.wp.com\/www.jazzzeitung.de\/cms\/wp-content\/uploads\/2015\/08\/JAZZZEITUNGDE_Logo_Neu.png?resize=96%2C96&ssl=1","caption":"Redaktion JazzZeitung"},"description":"Artikel der Redaktion der JazzZeitung.","sameAs":["http:\/\/www.jazzzeitung.de\/cms\/"],"url":"https:\/\/www.jazzzeitung.de\/cms\/author\/redaktion\/"}]}},"wp-worthy-pixel":{"ignored":false,"public":null,"server":null,"url":null},"wp-worthy-type":"normal","jetpack_publicize_connections":[],"cc_featured_image_caption":{"caption_text":false,"source_text":false,"source_url":false},"jetpack_featured_media_url":"","jetpack_shortlink":"https:\/\/wp.me\/p3KEcT-194","jetpack-related-posts":[{"id":13189,"url":"https:\/\/www.jazzzeitung.de\/cms\/2017\/08\/cd-rezension-michael-naura-quintett-european-jazz-sounds\/","url_meta":{"origin":4406,"position":0},"title":"CD-Rezension &#8211; Michael Naura Quintett:  European Jazz Sounds","author":"Redaktion JazzZeitung","date":"1. August 2017","format":false,"excerpt":"Manchmal gibt es noch echte musikalische \u00dcberraschungen, die man partout nicht erwartet h\u00e4tte! So die bei dem engagierten, umtriebigen be-bop Label gerade erschienene DoCD des Michael Naura Quintetts \u201eEuropean Jazz Sounds\u201c (nicht identisch mit der gleichnamigen, 1963 auf Brunswick erschienenen LP!) mit seltenen, sowie bis dato unver\u00f6ffentlichten Live-Aufnahmen. Das Michael\u2026","rel":"","context":"In &quot;Rezension&quot;","block_context":{"text":"Rezension","link":"https:\/\/www.jazzzeitung.de\/cms\/thema\/rezension\/"},"img":{"alt_text":"","src":"https:\/\/i0.wp.com\/www.jazzzeitung.de\/cms\/wp-content\/uploads\/2017\/08\/Cover-Michael-Naura-Quintett.jpg?fit=1200%2C1200&ssl=1&resize=350%2C200","width":350,"height":200,"srcset":"https:\/\/i0.wp.com\/www.jazzzeitung.de\/cms\/wp-content\/uploads\/2017\/08\/Cover-Michael-Naura-Quintett.jpg?fit=1200%2C1200&ssl=1&resize=350%2C200 1x, https:\/\/i0.wp.com\/www.jazzzeitung.de\/cms\/wp-content\/uploads\/2017\/08\/Cover-Michael-Naura-Quintett.jpg?fit=1200%2C1200&ssl=1&resize=525%2C300 1.5x, https:\/\/i0.wp.com\/www.jazzzeitung.de\/cms\/wp-content\/uploads\/2017\/08\/Cover-Michael-Naura-Quintett.jpg?fit=1200%2C1200&ssl=1&resize=700%2C400 2x, https:\/\/i0.wp.com\/www.jazzzeitung.de\/cms\/wp-content\/uploads\/2017\/08\/Cover-Michael-Naura-Quintett.jpg?fit=1200%2C1200&ssl=1&resize=1050%2C600 3x"},"classes":[]},{"id":33022,"url":"https:\/\/www.jazzzeitung.de\/cms\/2025\/08\/oscar-peterson-100\/","url_meta":{"origin":4406,"position":1},"title":"Oscar Peterson 100","author":"Redaktion JazzZeitung","date":"15. August 2025","format":false,"excerpt":"Heute w\u00fcrde Oscar Peterson seinen 100. Geburtstag feiern. Einige Radiosendungen erinnern an ihn. Sie finden diese in unserer Rest-Radiowoche. 2008 ist Oscar Peterson gestorben. Anlass f\u00fcr einen Nachruf unter dem Titel \u201eGiganten\u201c, den Marcus A. Woelfle f\u00fcr die Jazzzeitung verfasst hat.","rel":"","context":"In &quot;Archiv&quot;","block_context":{"text":"Archiv","link":"https:\/\/www.jazzzeitung.de\/cms\/thema\/archiv\/"},"img":{"alt_text":"Exquisit mikrophonierte Schwarzwaldidylle: Ed Thigpen, Ray Brown und Oscar Peterson in Hans Georg Brunner-Schwers Wohnzimmer. Anschlie\u00dfend ging\u2018s zum Abh\u00f6ren der Ergebnisse unter\u2018s Dach. Foto: Sepp Werkmeister","src":"https:\/\/i0.wp.com\/www.jazzzeitung.de\/cms\/wp-content\/uploads\/2014\/08\/2014-07-magazin-mps.jpg?fit=661%2C600&ssl=1&resize=350%2C200","width":350,"height":200,"srcset":"https:\/\/i0.wp.com\/www.jazzzeitung.de\/cms\/wp-content\/uploads\/2014\/08\/2014-07-magazin-mps.jpg?fit=661%2C600&ssl=1&resize=350%2C200 1x, https:\/\/i0.wp.com\/www.jazzzeitung.de\/cms\/wp-content\/uploads\/2014\/08\/2014-07-magazin-mps.jpg?fit=661%2C600&ssl=1&resize=525%2C300 1.5x"},"classes":[]},{"id":32947,"url":"https:\/\/www.jazzzeitung.de\/cms\/2025\/08\/die-notduerftige-jazz-radiowoche-vom-11-08-2025-bis-17-08-2025\/","url_meta":{"origin":4406,"position":2},"title":"Die notd\u00fcrftige Jazz-Radiowoche vom 11.08.2025 bis 17.08.2025","author":"Martin Hufner","date":"10. August 2025","format":false,"excerpt":"Jazz im Radio \u2013 Jeden Sonntag gibt es um 12 Uhr unsere \u00dcbersicht f\u00fcr die jeweils nachfolgende Woche. Die #Jazz-Radiowoche vom 11.08. bis zum 17.08.2025. Erheblich d\u00fcnn! Auch als PDF zum Download \u2013 #Jazz #JazzZeitung #Radio #Radiowoche \u2013 Ein Service unserer Online-Redaktion.","rel":"","context":"In &quot;News&quot;","block_context":{"text":"News","link":"https:\/\/www.jazzzeitung.de\/cms\/thema\/nachrichten\/"},"img":{"alt_text":"Kunstinstallation im Bu\u0308rgeramt Hohenzollerndamm Berlin. Design & Bewusstsein. Foto: Hufner","src":"https:\/\/i0.wp.com\/www.jazzzeitung.de\/cms\/wp-content\/uploads\/2025\/08\/Kunstinstallation-im-Buergeramt-Hohenzollerndamm-Berlin.-Design-Bewusstsein.jpg?fit=960%2C666&ssl=1&resize=350%2C200","width":350,"height":200,"srcset":"https:\/\/i0.wp.com\/www.jazzzeitung.de\/cms\/wp-content\/uploads\/2025\/08\/Kunstinstallation-im-Buergeramt-Hohenzollerndamm-Berlin.-Design-Bewusstsein.jpg?fit=960%2C666&ssl=1&resize=350%2C200 1x, https:\/\/i0.wp.com\/www.jazzzeitung.de\/cms\/wp-content\/uploads\/2025\/08\/Kunstinstallation-im-Buergeramt-Hohenzollerndamm-Berlin.-Design-Bewusstsein.jpg?fit=960%2C666&ssl=1&resize=525%2C300 1.5x, https:\/\/i0.wp.com\/www.jazzzeitung.de\/cms\/wp-content\/uploads\/2025\/08\/Kunstinstallation-im-Buergeramt-Hohenzollerndamm-Berlin.-Design-Bewusstsein.jpg?fit=960%2C666&ssl=1&resize=700%2C400 2x"},"classes":[]},{"id":5916,"url":"https:\/\/www.jazzzeitung.de\/cms\/2015\/04\/11-facebook-freunde-sollt-ihr-sein-2\/","url_meta":{"origin":4406,"position":3},"title":"11 Millionen Facebook-Freunde sollt ihr sein","author":"Martin Hufner","date":"10. April 2015","format":false,"excerpt":"Eher durch einen Zufall und durch Langeweile durchforstete ich das Facebook-Universum, um ein Fan von Keith Jarrett zu werden. Der hat ja bald einen runden Geburtstag. Ich erinnerte mich an eine Sendereihe von Peter R\u00fcedi aus den fr\u00fchen 80er Jahren beim NDR, als der noch so etwas wie einen Kulturkanal\u2026","rel":"","context":"In &quot;Blog&quot;","block_context":{"text":"Blog","link":"https:\/\/www.jazzzeitung.de\/cms\/thema\/blog\/"},"img":{"alt_text":"54.000 Freunde sollt ihr sein.","src":"https:\/\/i0.wp.com\/www.jazzzeitung.de\/cms\/wp-content\/uploads\/2015\/04\/screenshot-www-facebook-com-2015-04-09-18-27-28.png?fit=418%2C434&ssl=1&resize=350%2C200","width":350,"height":200},"classes":[]},{"id":27174,"url":"https:\/\/www.jazzzeitung.de\/cms\/2022\/04\/start-einer-grandiosen-cd-serie-live-at-fabrik\/","url_meta":{"origin":4406,"position":4},"title":"Start einer grandiosen CD Serie: Live at Fabrik","author":"Thomas J. Krebs","date":"23. April 2022","format":false,"excerpt":"(Fotos, auch Beitragsbild: Thomas J. Krebs) Vor ein paar Jahren startete das Jazzline Label bereits eine CD Reihe \u201eAt Onkel P\u00f6's Carnegie Hall \/ Hamburg\u201c mit Livemitschnitten von Chet Baker, Dizzy Gillespie, Dave Liebman oder den Brecker Brothers, die der NDR seinerzeit aufgenommen hat. Nun ist der Startschuss f\u00fcr \u201eLive\u2026","rel":"","context":"In &quot;Rezension&quot;","block_context":{"text":"Rezension","link":"https:\/\/www.jazzzeitung.de\/cms\/thema\/rezension\/"},"img":{"alt_text":"","src":"https:\/\/i0.wp.com\/www.jazzzeitung.de\/cms\/wp-content\/uploads\/2022\/04\/Hubbard-Tyner-sw-Fabrik-HH-1986-Foto-TJ-Krebs.jpg?fit=1200%2C800&ssl=1&resize=350%2C200","width":350,"height":200,"srcset":"https:\/\/i0.wp.com\/www.jazzzeitung.de\/cms\/wp-content\/uploads\/2022\/04\/Hubbard-Tyner-sw-Fabrik-HH-1986-Foto-TJ-Krebs.jpg?fit=1200%2C800&ssl=1&resize=350%2C200 1x, https:\/\/i0.wp.com\/www.jazzzeitung.de\/cms\/wp-content\/uploads\/2022\/04\/Hubbard-Tyner-sw-Fabrik-HH-1986-Foto-TJ-Krebs.jpg?fit=1200%2C800&ssl=1&resize=525%2C300 1.5x, https:\/\/i0.wp.com\/www.jazzzeitung.de\/cms\/wp-content\/uploads\/2022\/04\/Hubbard-Tyner-sw-Fabrik-HH-1986-Foto-TJ-Krebs.jpg?fit=1200%2C800&ssl=1&resize=700%2C400 2x, https:\/\/i0.wp.com\/www.jazzzeitung.de\/cms\/wp-content\/uploads\/2022\/04\/Hubbard-Tyner-sw-Fabrik-HH-1986-Foto-TJ-Krebs.jpg?fit=1200%2C800&ssl=1&resize=1050%2C600 3x"},"classes":[]},{"id":5875,"url":"https:\/\/www.jazzzeitung.de\/cms\/2015\/04\/billie-holiday-zum-hundertsten-geburtstag\/","url_meta":{"origin":4406,"position":5},"title":"Billie Holiday zum hundertsten Geburtstag","author":"Redaktion JazzZeitung","date":"7. April 2015","format":false,"excerpt":"Mit ihrer rauen Stimme und den emotionalen Texten erlangte sie Weltruhm. Heute w\u00e4re Billie Holiday 100 Jahre alt geworden. Am 7. April 1915 in Baltimore geboren, hat es die S\u00e4ngerin schon in ihren ersten Lebensjahren schwer. Ihre Eltern sind jung, sodass sie zumeist bei Verwandten in \u00e4rmlichen Verh\u00e4ltnissen aufw\u00e4chst. Mit\u2026","rel":"","context":"In &quot;News&quot;","block_context":{"text":"News","link":"https:\/\/www.jazzzeitung.de\/cms\/thema\/nachrichten\/"},"img":{"alt_text":"Billie Holiday","src":"https:\/\/i0.wp.com\/www.jazzzeitung.de\/cms\/wp-content\/uploads\/2015\/04\/Billie-150x150.jpg?resize=350%2C200","width":350,"height":200},"classes":[]}],"jetpack_sharing_enabled":true,"_links":{"self":[{"href":"https:\/\/www.jazzzeitung.de\/cms\/wp-json\/wp\/v2\/posts\/4406","targetHints":{"allow":["GET"]}}],"collection":[{"href":"https:\/\/www.jazzzeitung.de\/cms\/wp-json\/wp\/v2\/posts"}],"about":[{"href":"https:\/\/www.jazzzeitung.de\/cms\/wp-json\/wp\/v2\/types\/post"}],"author":[{"embeddable":true,"href":"https:\/\/www.jazzzeitung.de\/cms\/wp-json\/wp\/v2\/users\/18"}],"replies":[{"embeddable":true,"href":"https:\/\/www.jazzzeitung.de\/cms\/wp-json\/wp\/v2\/comments?post=4406"}],"version-history":[{"count":5,"href":"https:\/\/www.jazzzeitung.de\/cms\/wp-json\/wp\/v2\/posts\/4406\/revisions"}],"predecessor-version":[{"id":4412,"href":"https:\/\/www.jazzzeitung.de\/cms\/wp-json\/wp\/v2\/posts\/4406\/revisions\/4412"}],"wp:attachment":[{"href":"https:\/\/www.jazzzeitung.de\/cms\/wp-json\/wp\/v2\/media?parent=4406"}],"wp:term":[{"taxonomy":"category","embeddable":true,"href":"https:\/\/www.jazzzeitung.de\/cms\/wp-json\/wp\/v2\/categories?post=4406"},{"taxonomy":"post_tag","embeddable":true,"href":"https:\/\/www.jazzzeitung.de\/cms\/wp-json\/wp\/v2\/tags?post=4406"},{"taxonomy":"author","embeddable":true,"href":"https:\/\/www.jazzzeitung.de\/cms\/wp-json\/wp\/v2\/coauthors?post=4406"}],"curies":[{"name":"wp","href":"https:\/\/api.w.org\/{rel}","templated":true}]}}