{"id":4332,"date":"2014-07-24T13:00:16","date_gmt":"2014-07-24T11:00:16","guid":{"rendered":"http:\/\/www.jazzzeitung.de\/cms\/?p=4332"},"modified":"2014-07-22T12:57:44","modified_gmt":"2014-07-22T10:57:44","slug":"4332","status":"publish","type":"post","link":"https:\/\/www.jazzzeitung.de\/cms\/2014\/07\/4332\/","title":{"rendered":"LAG-Jazzpreis: Jilman Zilman im Herbst auf Bayerntour"},"content":{"rendered":"<p lang=\"de-DE\" style=\"margin-right: 4.49cm; text-indent: 0.5cm; margin-bottom: 0cm; line-height: 150%; text-align: left;\"><span style=\"font-family: Arial,sans-serif;\"><span style=\"font-size: small;\"><span style=\"font-family: Helvetica Neue,sans-serif;\"><span style=\"font-size: small;\"><span style=\"font-weight: normal;\">Im Herbst<\/span><\/span><\/span><span style=\"font-family: Helvetica Neue,sans-serif;\"><span style=\"font-size: small;\"><span style=\"font-weight: normal;\"> kann \u201eJilman Zilman\u201c, die Band des Augsburger Schlagzeugers Tilman Herpichb\u00f6hm, den LAG-Jazzpreis einl\u00f6sen, den sie Mitte des Jahres beim Hansj\u00fcrg Hensler Wettbewerb in Kempten gewonnen hat. Der Preis ist eine Tour durch bayerische Jazzclubs, die von der Landesarbeitsgemeinschaft (LAG) Jazz in Bayern e.V. organisiert worden ist. Vom 30. September bis 5. Oktober spielt das Quartett sechs Konzerte von Garmisch-Partenkirchen bis N\u00fcrnberg, von Regensburg bis ins Allg\u00e4u. Im kommenden Fr\u00fchjahr schlie\u00dfen sich noch einmal etwa gleich viele an. \u201eEs ist waaahnsinnig toll\u201c, begeistert sich Herpichb\u00f6hm f\u00fcr den Preis, \u201eweil einem unendlich viel Arbeit erspart wird.\u201c Damit sei f\u00fcr eine Band, die sonst immer alles organisieren m\u00fcsse, \u201eviel mehr gewonnen, als wenn du zehntausend Euro kriegst \u2013 und darfst dann doch wieder alles selbst machen\u201c. <\/span><\/span><\/span><\/span><\/span><\/p>\n<p style=\"margin-right: 4.49cm; text-indent: 0.5cm; margin-bottom: 0cm; line-height: 150%; text-align: left;\"><span style=\"font-family: Arial,sans-serif;\"><span style=\"font-size: small;\"><span style=\"font-family: Helvetica Neue,sans-serif;\"><span style=\"font-weight: normal;\">Die <\/span><\/span><span style=\"font-family: Helvetica Neue,sans-serif;\"><span style=\"font-weight: normal;\">Formation um Schlagzeuger <\/span><\/span><span style=\"font-family: Helvetica Neue,sans-serif;\"><span style=\"font-size: small;\"><span style=\"font-weight: normal;\">und Komponist Tilman Herpichb\u00f6hm <\/span><\/span><\/span><span style=\"font-family: Helvetica Neue,sans-serif;\"><span style=\"font-weight: normal;\">fand sich 2010 <\/span><\/span><span style=\"font-family: Helvetica Neue,sans-serif;\"><span style=\"font-size: small;\"><span style=\"font-weight: normal;\">in N\u00fcrnberg<\/span><\/span><\/span><span style=\"font-family: Helvetica Neue,sans-serif;\"><span style=\"font-weight: normal;\"> zusammen. Sie begann<\/span><\/span><span style=\"font-family: Helvetica Neue,sans-serif;\"><span style=\"font-weight: normal;\">zun\u00e4chst <\/span><\/span><span style=\"font-family: Helvetica Neue,sans-serif;\"><span style=\"font-size: small;\"><span style=\"font-weight: normal;\">als Spezialist f\u00fcr John Zorns Quartett Masada, feiert<\/span><\/span><\/span><span style=\"font-family: Helvetica Neue,sans-serif;\"><span style=\"font-weight: normal;\">e<\/span><\/span><span style=\"font-family: Helvetica Neue,sans-serif;\"><span style=\"font-weight: normal;\">ihr Cd<\/span><\/span><span style=\"font-family: Helvetica Neue,sans-serif;\"><span style=\"font-size: small;\"><span style=\"font-weight: normal;\">-Debut im Fr\u00fchjahr 2012 und <\/span><\/span><\/span><span style=\"font-family: Helvetica Neue,sans-serif;\"><span style=\"font-weight: normal;\">wurde<\/span><\/span><span style=\"font-family: Helvetica Neue,sans-serif;\"><span style=\"font-size: small;\"><span style=\"font-weight: normal;\"> 2013 f\u00fcr den neuen deutschen Jazzpreis<\/span><\/span><\/span><span style=\"font-family: Helvetica Neue,sans-serif;\"><span style=\"font-size: small;\"><span style=\"font-weight: normal;\">nominiert.<\/span><\/span><\/span><\/span><\/span><\/p>\n<p style=\"margin-right: 4.49cm; text-indent: 0.5cm; margin-bottom: 0cm; line-height: 150%; text-align: left;\"><span style=\"font-family: Helvetica Neue,sans-serif;\"><span style=\"font-size: small;\"><span style=\"font-weight: normal;\">\u00dcber die Jahre entwickelt <\/span><\/span><\/span><span style=\"font-family: Helvetica Neue,sans-serif;\"><span style=\"font-size: small;\"><span style=\"font-weight: normal;\">Jilman Zilman <\/span><\/span><\/span><span style=\"font-family: Helvetica Neue,sans-serif;\"><span style=\"font-size: small;\"><span style=\"font-weight: normal;\">eine energetische Mischung aus orientalisch-klezmeresken Melodien, virtuos vorgetragener kompositorischer Einfachheit und treibend-t\u00e4nzelnden Rhythmen, welche die uners\u00e4ttliche Spielfreude der Musiker transportiert. <\/span><\/span><\/span><span style=\"font-family: Helvetica Neue,sans-serif;\"><span style=\"font-size: small;\"><span style=\"font-weight: normal;\">Naiv und bedacht zugleich h\u00f6ren Jilman Zilman zu, wenn Ornette Coleman spricht, lassen ihn mit John Zorn streiten und stellen die nervigen Fragen der Neugierigen. Interplay ist Bedingung, keine Option.<\/span><\/span><\/span><\/p>\n<p style=\"margin-right: 4.49cm; text-indent: 0.5cm; margin-bottom: 0cm; line-height: 150%; text-align: left;\"><span style=\"font-family: Helvetica Neue,sans-serif;\"><span style=\"font-size: small;\"><span style=\"font-weight: normal;\">So ungew\u00f6hnlich die Besetzung mit zwei Altsaxophonen, Ko<\/span><\/span><\/span><span style=\"font-family: Helvetica Neue,sans-serif;\"><span style=\"font-size: small;\"><span style=\"font-weight: normal;\">ntrabass und Schlagzeug ist, so wertvoll und vielf\u00e4ltig zeigen sich die dadurch entstehenden kompositorischen und improvisatorischen M\u00f6glichkeiten. Der LAG-Jazzpreis-Gewinner 2014 (Hansj\u00fcrg-Hensler-Jazzpreis beim Kemptener Jazzfr\u00fchling) stellt auf der LAG-Jazzpreis-Tour im Herbst sein neues Album vor. <\/span><\/span><\/span><\/p>\n<p lang=\"de-DE\" style=\"margin-right: 4.49cm; text-indent: 0.5cm; margin-bottom: 0cm; line-height: 150%; text-align: left;\"><span style=\"font-family: Arial,sans-serif;\"><span style=\"font-size: small;\"><span style=\"font-family: Helvetica Neue,sans-serif;\"><span style=\"font-weight: normal;\">Die<\/span><\/span><span style=\"font-family: Helvetica Neue,sans-serif;\"><span style=\"font-size: small;\"><span style=\"font-weight: normal;\"> LAG Jazz in Bayern <\/span><\/span><\/span><span style=\"font-family: Helvetica Neue,sans-serif;\"><span style=\"font-weight: normal;\">ist Vertreter der bayerischen Jazzszene. In ihm sind zahlreiche Veranstalter, Clubs und Initiativen, gro\u00dfe Musikervereine, der Tonk\u00fcnstlerverband, die drei bayersichen Musikhochschulen und Berufsfachschulen f\u00fcr Musik zusammengeschlossen. Darunter gro\u00dfe Vereine, wie die M\u00fcnchner Unterfahrt und das Jazzstudio N\u00fcrnberg, Schloss Elmau, aber auch kleinere Vereine, wie der Musikverein Neuhausen und der sehr aktive Jazzclub Abensberg. Zu seinen Mitgliedern z\u00e4hlen auch die \u201eLehrer Big Band Bayern\u201c, das Uni Jazz Orchester Regensburg und der in Sachen Musik bestens aufgestellte ConBrio Verlag. <\/span><\/span><span style=\"font-family: Helvetica Neue,sans-serif;\"><span style=\"font-size: small;\"><span lang=\"de-DE\"><span style=\"font-weight: normal;\">In der LAG Jazz in Bayern haben sich leidenschaftliche Promoter des Jazz zusammengefunden und schaffen Zukunft f\u00fcr eine Musik, die aus Freiheit und Kreativit\u00e4t geboren, immer neue Bl\u00fcten treibt und Welten und Menschen verbindet.<\/span><\/span><\/span><\/span><\/span><\/span><\/p>\n<p style=\"margin-bottom: 0cm; text-align: left;\"><span style=\"font-family: Helvetica Neue,sans-serif;\"><span style=\"font-size: small;\"><span lang=\"de-DE\"><span style=\"font-weight: normal;\">Infos <\/span><\/span><\/span><\/span><span style=\"font-family: Helvetica Neue,sans-serif;\"><span style=\"font-size: small;\"><span lang=\"de-DE\"><span style=\"font-weight: normal;\">zu Jilman Zilman unter\u00a0<\/span><\/span><\/span><\/span><a href=\"http:\/\/tilmantilman.de\/\"><span style=\"color: #0950b0;\"><span style=\"font-family: Helvetica Neue,sans-serif;\"><span style=\"font-size: small;\"><span lang=\"de-DE\"><span style=\"text-decoration: underline;\"><span style=\"font-weight: normal;\">http:\/\/tilmantilman.de<\/span><\/span><\/span><\/span><\/span><\/span><\/a><\/p>\n<p style=\"margin-bottom: 0cm; text-align: left;\"><span style=\"font-family: Helvetica Neue,sans-serif;\"><span style=\"font-size: small;\"><span lang=\"de-DE\"><span style=\"font-weight: normal;\">Terminplan f\u00fcr die <\/span><\/span><\/span><\/span><span style=\"font-family: Helvetica Neue,sans-serif;\"><span style=\"font-size: small;\"><span lang=\"de-DE\"><span style=\"font-weight: normal;\">LAG-Jazzpreis-Tour:<\/span><\/span><\/span><\/span><\/p>\n<p style=\"margin-bottom: 0cm; font-weight: normal; text-align: left;\"><span style=\"font-family: Helvetica Neue,sans-serif;\"><span style=\"font-size: small;\">29.9.\u00a0 Jazzclub\u00a0Abensberg<\/span><\/span><\/p>\n<p style=\"margin-bottom: 0cm; font-weight: normal; text-align: left;\"><span style=\"font-family: Helvetica Neue,sans-serif;\"><span style=\"font-size: small;\">1.10.\u00a0 Jazzclub\u00a0Regensburg<\/span><\/span><\/p>\n<p style=\"margin-bottom: 0cm; font-weight: normal; text-align: left;\"><span style=\"font-family: Helvetica Neue,sans-serif;\"><span style=\"font-size: small;\">2.10.\u00a0 JazzGAP\u00a0Garmisch<\/span><\/span><\/p>\n<p style=\"margin-bottom: 0cm; font-weight: normal; text-align: left;\"><span style=\"font-family: Helvetica Neue,sans-serif;\"><span style=\"font-size: small;\">3.10.\u00a0 Jazzstudio\u00a0N\u00fcrnberg<\/span><\/span><\/p>\n<p style=\"margin-bottom: 0cm;\"><span style=\"font-family: Helvetica Neue,sans-serif;\"><span style=\"font-size: small;\"><span style=\"font-weight: normal;\">4.10.\u00a0 Birdland\u00a0Jazzclub\u00a0<\/span><\/span><\/span><span style=\"font-family: Helvetica Neue,sans-serif;\"><span style=\"font-size: small;\"><span style=\"font-weight: normal;\">Neuburg\u00a0(LAG\u00a0Treffen)<\/span><\/span><\/span><\/p>\n<p style=\"margin-bottom: 0cm;\"><span style=\"font-family: Helvetica Neue,sans-serif;\"><span style=\"font-size: small;\"><span style=\"font-weight: normal;\">5.10. Brauereigastst\u00e4tte\u00a0Stift\u00a0<\/span><\/span><\/span><span style=\"font-family: Helvetica Neue,sans-serif;\"><span style=\"font-size: small;\"><span style=\"font-weight: normal;\">Kempten\u00a0(Klecks\u00a0e.V.)\u00a0<\/span><\/span><\/span><\/p>\n<p class=\"sdendnote-western\" lang=\"de-DE\" style=\"line-height: 150%; text-align: left;\"><span style=\"font-family: Arial,sans-serif;\">\u00a0<\/span><\/p>\n","protected":false},"excerpt":{"rendered":"<p>Im Herbst kann \u201eJilman Zilman\u201c, die Band des Augsburger Schlagzeugers Tilman Herpichb\u00f6hm, den LAG-Jazzpreis einl\u00f6sen, den sie Mitte des Jahres beim Hansj\u00fcrg Hensler Wettbewerb in Kempten gewonnen hat. Der Preis ist eine Tour durch bayerische Jazzclubs, die von der Landesarbeitsgemeinschaft (LAG) Jazz in Bayern e.V. organisiert worden ist. Vom 30. September bis 5. Oktober spielt das Quartett sechs Konzerte von Garmisch-Partenkirchen bis N\u00fcrnberg, von Regensburg bis ins Allg\u00e4u. Im kommenden Fr\u00fchjahr schlie\u00dfen sich noch einmal etwa gleich viele an. \u201eEs ist waaahnsinnig toll\u201c, begeistert sich Herpichb\u00f6hm f\u00fcr den Preis, \u201eweil einem unendlich viel Arbeit erspart wird.\u201c Damit sei f\u00fcr eine Band, die sonst immer alles organisieren m\u00fcsse, \u201eviel mehr gewonnen, als wenn du zehntausend Euro kriegst \u2013 und darfst dann doch wieder alles selbst machen\u201c. Die Formation um Schlagzeuger und Komponist Tilman Herpichb\u00f6hm fand sich 2010 in N\u00fcrnberg zusammen. Sie begannzun\u00e4chst als Spezialist f\u00fcr John Zorns Quartett Masada, feierteihr Cd-Debut im Fr\u00fchjahr 2012 und wurde 2013 f\u00fcr den neuen deutschen Jazzpreisnominiert. \u00dcber die Jahre entwickelt Jilman Zilman eine energetische Mischung aus orientalisch-klezmeresken Melodien, virtuos vorgetragener kompositorischer Einfachheit und treibend-t\u00e4nzelnden Rhythmen, welche die uners\u00e4ttliche Spielfreude der &hellip;<\/p>\n","protected":false},"author":7,"featured_media":4336,"comment_status":"open","ping_status":"closed","sticky":false,"template":"","format":"standard","meta":{"_jetpack_memberships_contains_paid_content":false,"footnotes":"","jetpack_publicize_message":"","jetpack_publicize_feature_enabled":true,"jetpack_social_post_already_shared":false,"jetpack_social_options":{"image_generator_settings":{"template":"highway","default_image_id":0,"font":"","enabled":false},"version":2}},"categories":[633],"tags":[34,71,1192,976,258,271,974,729,323,340,423,146,1797,558,863,573,19,975],"coauthors":[662,695],"class_list":["post-4332","post","type-post","status-publish","format-standard","has-post-thumbnail","hentry","category-nachrichten","tag-album","tag-big-band","tag-clubs","tag-hansjuerg-hensler-wettbewerb","tag-jazz-in-bayern","tag-jazzclub","tag-jilman","tag-kempten","tag-konzerte","tag-lag-jazz-in-bayern","tag-nuernberg","tag-dombrowski","tag-regensburg","tag-tour","tag-uni-jazz-orchester","tag-unterfahrt","tag-wettbewerb","tag-zilman"],"yoast_head":"<!-- This site is optimized with the Yoast SEO plugin v27.5 - https:\/\/yoast.com\/product\/yoast-seo-wordpress\/ -->\n<title>LAG-Jazzpreis: Jilman Zilman im Herbst auf Bayerntour - JazzZeitung<\/title>\n<meta name=\"robots\" content=\"index, follow, max-snippet:-1, max-image-preview:large, max-video-preview:-1\" \/>\n<link rel=\"canonical\" href=\"https:\/\/www.jazzzeitung.de\/cms\/2014\/07\/4332\/\" \/>\n<meta property=\"og:locale\" content=\"de_DE\" \/>\n<meta property=\"og:type\" content=\"article\" \/>\n<meta property=\"og:title\" content=\"LAG-Jazzpreis: Jilman Zilman im Herbst auf Bayerntour - JazzZeitung\" \/>\n<meta property=\"og:description\" content=\"Im Herbst kann \u201eJilman Zilman\u201c, die Band des Augsburger Schlagzeugers Tilman Herpichb\u00f6hm, den LAG-Jazzpreis einl\u00f6sen, den sie Mitte des Jahres beim Hansj\u00fcrg Hensler Wettbewerb in Kempten gewonnen hat. Der Preis ist eine Tour durch bayerische Jazzclubs, die von der Landesarbeitsgemeinschaft (LAG) Jazz in Bayern e.V. organisiert worden ist. Vom 30. September bis 5. Oktober spielt das Quartett sechs Konzerte von Garmisch-Partenkirchen bis N\u00fcrnberg, von Regensburg bis ins Allg\u00e4u. Im kommenden Fr\u00fchjahr schlie\u00dfen sich noch einmal etwa gleich viele an. \u201eEs ist waaahnsinnig toll\u201c, begeistert sich Herpichb\u00f6hm f\u00fcr den Preis, \u201eweil einem unendlich viel Arbeit erspart wird.\u201c Damit sei f\u00fcr eine Band, die sonst immer alles organisieren m\u00fcsse, \u201eviel mehr gewonnen, als wenn du zehntausend Euro kriegst \u2013 und darfst dann doch wieder alles selbst machen\u201c. Die Formation um Schlagzeuger und Komponist Tilman Herpichb\u00f6hm fand sich 2010 in N\u00fcrnberg zusammen. Sie begannzun\u00e4chst als Spezialist f\u00fcr John Zorns Quartett Masada, feierteihr Cd-Debut im Fr\u00fchjahr 2012 und wurde 2013 f\u00fcr den neuen deutschen Jazzpreisnominiert. \u00dcber die Jahre entwickelt Jilman Zilman eine energetische Mischung aus orientalisch-klezmeresken Melodien, virtuos vorgetragener kompositorischer Einfachheit und treibend-t\u00e4nzelnden Rhythmen, welche die uners\u00e4ttliche Spielfreude der &hellip;\" \/>\n<meta property=\"og:url\" content=\"https:\/\/www.jazzzeitung.de\/cms\/2014\/07\/4332\/\" \/>\n<meta property=\"og:site_name\" content=\"JazzZeitung\" \/>\n<meta property=\"article:publisher\" content=\"https:\/\/www.facebook.com\/JazzZeitung\/\" \/>\n<meta property=\"article:published_time\" content=\"2014-07-24T11:00:16+00:00\" \/>\n<meta property=\"og:image\" content=\"https:\/\/www.jazzzeitung.de\/cms\/wp-content\/uploads\/2014\/07\/Jilman-Zilman-Credit-Ralf-Dombrowski-900x600.jpg\" \/>\n\t<meta property=\"og:image:width\" content=\"900\" \/>\n\t<meta property=\"og:image:height\" content=\"600\" \/>\n\t<meta property=\"og:image:type\" content=\"image\/jpeg\" \/>\n<meta name=\"author\" content=\"Andreas Kolb, Redaktion JazzZeitung\" \/>\n<script type=\"application\/ld+json\" class=\"yoast-schema-graph\">{\"@context\":\"https:\\\/\\\/schema.org\",\"@graph\":[{\"@type\":\"Article\",\"@id\":\"https:\\\/\\\/www.jazzzeitung.de\\\/cms\\\/2014\\\/07\\\/4332\\\/#article\",\"isPartOf\":{\"@id\":\"https:\\\/\\\/www.jazzzeitung.de\\\/cms\\\/2014\\\/07\\\/4332\\\/\"},\"author\":{\"name\":\"Andreas Kolb\",\"@id\":\"https:\\\/\\\/www.jazzzeitung.de\\\/cms\\\/#\\\/schema\\\/person\\\/23954215d035da9ee48d2a2c09a4a62c\"},\"headline\":\"LAG-Jazzpreis: Jilman Zilman im Herbst auf Bayerntour\",\"datePublished\":\"2014-07-24T11:00:16+00:00\",\"mainEntityOfPage\":{\"@id\":\"https:\\\/\\\/www.jazzzeitung.de\\\/cms\\\/2014\\\/07\\\/4332\\\/\"},\"wordCount\":450,\"commentCount\":0,\"publisher\":{\"@id\":\"https:\\\/\\\/www.jazzzeitung.de\\\/cms\\\/#organization\"},\"image\":{\"@id\":\"https:\\\/\\\/www.jazzzeitung.de\\\/cms\\\/2014\\\/07\\\/4332\\\/#primaryimage\"},\"thumbnailUrl\":\"https:\\\/\\\/i0.wp.com\\\/www.jazzzeitung.de\\\/cms\\\/wp-content\\\/uploads\\\/2014\\\/07\\\/Jilman-Zilman-Credit-Ralf-Dombrowski.jpg?fit=5760%2C3840&ssl=1\",\"keywords\":[\"Album\",\"Big Band\",\"Clubs\",\"Hansj\u00fcrg Hensler Wettbewerb\",\"Jazz in Bayern\",\"Jazzclub\",\"Jilman\",\"Kempten\",\"Konzerte\",\"LAG Jazz in Bayern\",\"N\u00fcrnberg\",\"Ralf Dombrowski\",\"Regensburg\",\"Tour\",\"Uni Jazz Orchester\",\"Unterfahrt\",\"Wettbewerb\",\"Zilman\"],\"articleSection\":[\"News\"],\"inLanguage\":\"de\",\"potentialAction\":[{\"@type\":\"CommentAction\",\"name\":\"Comment\",\"target\":[\"https:\\\/\\\/www.jazzzeitung.de\\\/cms\\\/2014\\\/07\\\/4332\\\/#respond\"]}]},{\"@type\":\"WebPage\",\"@id\":\"https:\\\/\\\/www.jazzzeitung.de\\\/cms\\\/2014\\\/07\\\/4332\\\/\",\"url\":\"https:\\\/\\\/www.jazzzeitung.de\\\/cms\\\/2014\\\/07\\\/4332\\\/\",\"name\":\"LAG-Jazzpreis: Jilman Zilman im Herbst auf Bayerntour - JazzZeitung\",\"isPartOf\":{\"@id\":\"https:\\\/\\\/www.jazzzeitung.de\\\/cms\\\/#website\"},\"primaryImageOfPage\":{\"@id\":\"https:\\\/\\\/www.jazzzeitung.de\\\/cms\\\/2014\\\/07\\\/4332\\\/#primaryimage\"},\"image\":{\"@id\":\"https:\\\/\\\/www.jazzzeitung.de\\\/cms\\\/2014\\\/07\\\/4332\\\/#primaryimage\"},\"thumbnailUrl\":\"https:\\\/\\\/i0.wp.com\\\/www.jazzzeitung.de\\\/cms\\\/wp-content\\\/uploads\\\/2014\\\/07\\\/Jilman-Zilman-Credit-Ralf-Dombrowski.jpg?fit=5760%2C3840&ssl=1\",\"datePublished\":\"2014-07-24T11:00:16+00:00\",\"breadcrumb\":{\"@id\":\"https:\\\/\\\/www.jazzzeitung.de\\\/cms\\\/2014\\\/07\\\/4332\\\/#breadcrumb\"},\"inLanguage\":\"de\",\"potentialAction\":[{\"@type\":\"ReadAction\",\"target\":[\"https:\\\/\\\/www.jazzzeitung.de\\\/cms\\\/2014\\\/07\\\/4332\\\/\"]}]},{\"@type\":\"ImageObject\",\"inLanguage\":\"de\",\"@id\":\"https:\\\/\\\/www.jazzzeitung.de\\\/cms\\\/2014\\\/07\\\/4332\\\/#primaryimage\",\"url\":\"https:\\\/\\\/i0.wp.com\\\/www.jazzzeitung.de\\\/cms\\\/wp-content\\\/uploads\\\/2014\\\/07\\\/Jilman-Zilman-Credit-Ralf-Dombrowski.jpg?fit=5760%2C3840&ssl=1\",\"contentUrl\":\"https:\\\/\\\/i0.wp.com\\\/www.jazzzeitung.de\\\/cms\\\/wp-content\\\/uploads\\\/2014\\\/07\\\/Jilman-Zilman-Credit-Ralf-Dombrowski.jpg?fit=5760%2C3840&ssl=1\",\"width\":5760,\"height\":3840,\"caption\":\"Jilman Zilman live. Foto: Ralf Dombrowksi\"},{\"@type\":\"BreadcrumbList\",\"@id\":\"https:\\\/\\\/www.jazzzeitung.de\\\/cms\\\/2014\\\/07\\\/4332\\\/#breadcrumb\",\"itemListElement\":[{\"@type\":\"ListItem\",\"position\":1,\"name\":\"Startseite\",\"item\":\"https:\\\/\\\/www.jazzzeitung.de\\\/cms\\\/\"},{\"@type\":\"ListItem\",\"position\":2,\"name\":\"LAG-Jazzpreis: Jilman Zilman im Herbst auf Bayerntour\"}]},{\"@type\":\"WebSite\",\"@id\":\"https:\\\/\\\/www.jazzzeitung.de\\\/cms\\\/#website\",\"url\":\"https:\\\/\\\/www.jazzzeitung.de\\\/cms\\\/\",\"name\":\"JazzZeitung\",\"description\":\"Jazz-News und Jazz-Kontroverses\",\"publisher\":{\"@id\":\"https:\\\/\\\/www.jazzzeitung.de\\\/cms\\\/#organization\"},\"potentialAction\":[{\"@type\":\"SearchAction\",\"target\":{\"@type\":\"EntryPoint\",\"urlTemplate\":\"https:\\\/\\\/www.jazzzeitung.de\\\/cms\\\/?s={search_term_string}\"},\"query-input\":{\"@type\":\"PropertyValueSpecification\",\"valueRequired\":true,\"valueName\":\"search_term_string\"}}],\"inLanguage\":\"de\"},{\"@type\":\"Organization\",\"@id\":\"https:\\\/\\\/www.jazzzeitung.de\\\/cms\\\/#organization\",\"name\":\"JazzZeitung online\",\"url\":\"https:\\\/\\\/www.jazzzeitung.de\\\/cms\\\/\",\"logo\":{\"@type\":\"ImageObject\",\"inLanguage\":\"de\",\"@id\":\"https:\\\/\\\/www.jazzzeitung.de\\\/cms\\\/#\\\/schema\\\/logo\\\/image\\\/\",\"url\":\"https:\\\/\\\/i0.wp.com\\\/www.jazzzeitung.de\\\/cms\\\/wp-content\\\/uploads\\\/2015\\\/08\\\/JAZZZEITUNGDE_Logo_Neu.png?fit=499%2C200&ssl=1\",\"contentUrl\":\"https:\\\/\\\/i0.wp.com\\\/www.jazzzeitung.de\\\/cms\\\/wp-content\\\/uploads\\\/2015\\\/08\\\/JAZZZEITUNGDE_Logo_Neu.png?fit=499%2C200&ssl=1\",\"width\":499,\"height\":200,\"caption\":\"JazzZeitung online\"},\"image\":{\"@id\":\"https:\\\/\\\/www.jazzzeitung.de\\\/cms\\\/#\\\/schema\\\/logo\\\/image\\\/\"},\"sameAs\":[\"https:\\\/\\\/www.facebook.com\\\/JazzZeitung\\\/\"]},{\"@type\":\"Person\",\"@id\":\"https:\\\/\\\/www.jazzzeitung.de\\\/cms\\\/#\\\/schema\\\/person\\\/23954215d035da9ee48d2a2c09a4a62c\",\"name\":\"Andreas Kolb\",\"image\":{\"@type\":\"ImageObject\",\"inLanguage\":\"de\",\"@id\":\"https:\\\/\\\/i0.wp.com\\\/www.jazzzeitung.de\\\/cms\\\/wp-content\\\/uploads\\\/2013\\\/05\\\/kolb-small.jpg?resize=96%2C96&ssl=1d81fdf4aa1b2f31d206a8dd371420dd4\",\"url\":\"https:\\\/\\\/i0.wp.com\\\/www.jazzzeitung.de\\\/cms\\\/wp-content\\\/uploads\\\/2013\\\/05\\\/kolb-small.jpg?resize=96%2C96&ssl=1\",\"contentUrl\":\"https:\\\/\\\/i0.wp.com\\\/www.jazzzeitung.de\\\/cms\\\/wp-content\\\/uploads\\\/2013\\\/05\\\/kolb-small.jpg?resize=96%2C96&ssl=1\",\"caption\":\"Andreas Kolb\"},\"description\":\"Andreas Kolb ist Chefredakteur der Jazzzeitung.\",\"sameAs\":[\"https:\\\/\\\/www.jazzzeitung.de\"],\"url\":\"https:\\\/\\\/www.jazzzeitung.de\\\/cms\\\/author\\\/kolb\\\/\"}]}<\/script>\n<!-- \/ Yoast SEO plugin. -->","yoast_head_json":{"title":"LAG-Jazzpreis: Jilman Zilman im Herbst auf Bayerntour - JazzZeitung","robots":{"index":"index","follow":"follow","max-snippet":"max-snippet:-1","max-image-preview":"max-image-preview:large","max-video-preview":"max-video-preview:-1"},"canonical":"https:\/\/www.jazzzeitung.de\/cms\/2014\/07\/4332\/","og_locale":"de_DE","og_type":"article","og_title":"LAG-Jazzpreis: Jilman Zilman im Herbst auf Bayerntour - JazzZeitung","og_description":"Im Herbst kann \u201eJilman Zilman\u201c, die Band des Augsburger Schlagzeugers Tilman Herpichb\u00f6hm, den LAG-Jazzpreis einl\u00f6sen, den sie Mitte des Jahres beim Hansj\u00fcrg Hensler Wettbewerb in Kempten gewonnen hat. Der Preis ist eine Tour durch bayerische Jazzclubs, die von der Landesarbeitsgemeinschaft (LAG) Jazz in Bayern e.V. organisiert worden ist. Vom 30. September bis 5. Oktober spielt das Quartett sechs Konzerte von Garmisch-Partenkirchen bis N\u00fcrnberg, von Regensburg bis ins Allg\u00e4u. Im kommenden Fr\u00fchjahr schlie\u00dfen sich noch einmal etwa gleich viele an. \u201eEs ist waaahnsinnig toll\u201c, begeistert sich Herpichb\u00f6hm f\u00fcr den Preis, \u201eweil einem unendlich viel Arbeit erspart wird.\u201c Damit sei f\u00fcr eine Band, die sonst immer alles organisieren m\u00fcsse, \u201eviel mehr gewonnen, als wenn du zehntausend Euro kriegst \u2013 und darfst dann doch wieder alles selbst machen\u201c. Die Formation um Schlagzeuger und Komponist Tilman Herpichb\u00f6hm fand sich 2010 in N\u00fcrnberg zusammen. Sie begannzun\u00e4chst als Spezialist f\u00fcr John Zorns Quartett Masada, feierteihr Cd-Debut im Fr\u00fchjahr 2012 und wurde 2013 f\u00fcr den neuen deutschen Jazzpreisnominiert. \u00dcber die Jahre entwickelt Jilman Zilman eine energetische Mischung aus orientalisch-klezmeresken Melodien, virtuos vorgetragener kompositorischer Einfachheit und treibend-t\u00e4nzelnden Rhythmen, welche die uners\u00e4ttliche Spielfreude der &hellip;","og_url":"https:\/\/www.jazzzeitung.de\/cms\/2014\/07\/4332\/","og_site_name":"JazzZeitung","article_publisher":"https:\/\/www.facebook.com\/JazzZeitung\/","article_published_time":"2014-07-24T11:00:16+00:00","og_image":[{"width":900,"height":600,"url":"https:\/\/www.jazzzeitung.de\/cms\/wp-content\/uploads\/2014\/07\/Jilman-Zilman-Credit-Ralf-Dombrowski-900x600.jpg","type":"image\/jpeg"}],"author":"Andreas Kolb, Redaktion JazzZeitung","schema":{"@context":"https:\/\/schema.org","@graph":[{"@type":"Article","@id":"https:\/\/www.jazzzeitung.de\/cms\/2014\/07\/4332\/#article","isPartOf":{"@id":"https:\/\/www.jazzzeitung.de\/cms\/2014\/07\/4332\/"},"author":{"name":"Andreas Kolb","@id":"https:\/\/www.jazzzeitung.de\/cms\/#\/schema\/person\/23954215d035da9ee48d2a2c09a4a62c"},"headline":"LAG-Jazzpreis: Jilman Zilman im Herbst auf Bayerntour","datePublished":"2014-07-24T11:00:16+00:00","mainEntityOfPage":{"@id":"https:\/\/www.jazzzeitung.de\/cms\/2014\/07\/4332\/"},"wordCount":450,"commentCount":0,"publisher":{"@id":"https:\/\/www.jazzzeitung.de\/cms\/#organization"},"image":{"@id":"https:\/\/www.jazzzeitung.de\/cms\/2014\/07\/4332\/#primaryimage"},"thumbnailUrl":"https:\/\/i0.wp.com\/www.jazzzeitung.de\/cms\/wp-content\/uploads\/2014\/07\/Jilman-Zilman-Credit-Ralf-Dombrowski.jpg?fit=5760%2C3840&ssl=1","keywords":["Album","Big Band","Clubs","Hansj\u00fcrg Hensler Wettbewerb","Jazz in Bayern","Jazzclub","Jilman","Kempten","Konzerte","LAG Jazz in Bayern","N\u00fcrnberg","Ralf Dombrowski","Regensburg","Tour","Uni Jazz Orchester","Unterfahrt","Wettbewerb","Zilman"],"articleSection":["News"],"inLanguage":"de","potentialAction":[{"@type":"CommentAction","name":"Comment","target":["https:\/\/www.jazzzeitung.de\/cms\/2014\/07\/4332\/#respond"]}]},{"@type":"WebPage","@id":"https:\/\/www.jazzzeitung.de\/cms\/2014\/07\/4332\/","url":"https:\/\/www.jazzzeitung.de\/cms\/2014\/07\/4332\/","name":"LAG-Jazzpreis: Jilman Zilman im Herbst auf Bayerntour - JazzZeitung","isPartOf":{"@id":"https:\/\/www.jazzzeitung.de\/cms\/#website"},"primaryImageOfPage":{"@id":"https:\/\/www.jazzzeitung.de\/cms\/2014\/07\/4332\/#primaryimage"},"image":{"@id":"https:\/\/www.jazzzeitung.de\/cms\/2014\/07\/4332\/#primaryimage"},"thumbnailUrl":"https:\/\/i0.wp.com\/www.jazzzeitung.de\/cms\/wp-content\/uploads\/2014\/07\/Jilman-Zilman-Credit-Ralf-Dombrowski.jpg?fit=5760%2C3840&ssl=1","datePublished":"2014-07-24T11:00:16+00:00","breadcrumb":{"@id":"https:\/\/www.jazzzeitung.de\/cms\/2014\/07\/4332\/#breadcrumb"},"inLanguage":"de","potentialAction":[{"@type":"ReadAction","target":["https:\/\/www.jazzzeitung.de\/cms\/2014\/07\/4332\/"]}]},{"@type":"ImageObject","inLanguage":"de","@id":"https:\/\/www.jazzzeitung.de\/cms\/2014\/07\/4332\/#primaryimage","url":"https:\/\/i0.wp.com\/www.jazzzeitung.de\/cms\/wp-content\/uploads\/2014\/07\/Jilman-Zilman-Credit-Ralf-Dombrowski.jpg?fit=5760%2C3840&ssl=1","contentUrl":"https:\/\/i0.wp.com\/www.jazzzeitung.de\/cms\/wp-content\/uploads\/2014\/07\/Jilman-Zilman-Credit-Ralf-Dombrowski.jpg?fit=5760%2C3840&ssl=1","width":5760,"height":3840,"caption":"Jilman Zilman live. Foto: Ralf Dombrowksi"},{"@type":"BreadcrumbList","@id":"https:\/\/www.jazzzeitung.de\/cms\/2014\/07\/4332\/#breadcrumb","itemListElement":[{"@type":"ListItem","position":1,"name":"Startseite","item":"https:\/\/www.jazzzeitung.de\/cms\/"},{"@type":"ListItem","position":2,"name":"LAG-Jazzpreis: Jilman Zilman im Herbst auf Bayerntour"}]},{"@type":"WebSite","@id":"https:\/\/www.jazzzeitung.de\/cms\/#website","url":"https:\/\/www.jazzzeitung.de\/cms\/","name":"JazzZeitung","description":"Jazz-News und Jazz-Kontroverses","publisher":{"@id":"https:\/\/www.jazzzeitung.de\/cms\/#organization"},"potentialAction":[{"@type":"SearchAction","target":{"@type":"EntryPoint","urlTemplate":"https:\/\/www.jazzzeitung.de\/cms\/?s={search_term_string}"},"query-input":{"@type":"PropertyValueSpecification","valueRequired":true,"valueName":"search_term_string"}}],"inLanguage":"de"},{"@type":"Organization","@id":"https:\/\/www.jazzzeitung.de\/cms\/#organization","name":"JazzZeitung online","url":"https:\/\/www.jazzzeitung.de\/cms\/","logo":{"@type":"ImageObject","inLanguage":"de","@id":"https:\/\/www.jazzzeitung.de\/cms\/#\/schema\/logo\/image\/","url":"https:\/\/i0.wp.com\/www.jazzzeitung.de\/cms\/wp-content\/uploads\/2015\/08\/JAZZZEITUNGDE_Logo_Neu.png?fit=499%2C200&ssl=1","contentUrl":"https:\/\/i0.wp.com\/www.jazzzeitung.de\/cms\/wp-content\/uploads\/2015\/08\/JAZZZEITUNGDE_Logo_Neu.png?fit=499%2C200&ssl=1","width":499,"height":200,"caption":"JazzZeitung online"},"image":{"@id":"https:\/\/www.jazzzeitung.de\/cms\/#\/schema\/logo\/image\/"},"sameAs":["https:\/\/www.facebook.com\/JazzZeitung\/"]},{"@type":"Person","@id":"https:\/\/www.jazzzeitung.de\/cms\/#\/schema\/person\/23954215d035da9ee48d2a2c09a4a62c","name":"Andreas Kolb","image":{"@type":"ImageObject","inLanguage":"de","@id":"https:\/\/i0.wp.com\/www.jazzzeitung.de\/cms\/wp-content\/uploads\/2013\/05\/kolb-small.jpg?resize=96%2C96&ssl=1d81fdf4aa1b2f31d206a8dd371420dd4","url":"https:\/\/i0.wp.com\/www.jazzzeitung.de\/cms\/wp-content\/uploads\/2013\/05\/kolb-small.jpg?resize=96%2C96&ssl=1","contentUrl":"https:\/\/i0.wp.com\/www.jazzzeitung.de\/cms\/wp-content\/uploads\/2013\/05\/kolb-small.jpg?resize=96%2C96&ssl=1","caption":"Andreas Kolb"},"description":"Andreas Kolb ist Chefredakteur der Jazzzeitung.","sameAs":["https:\/\/www.jazzzeitung.de"],"url":"https:\/\/www.jazzzeitung.de\/cms\/author\/kolb\/"}]}},"wp-worthy-pixel":{"ignored":false,"public":null,"server":null,"url":null},"wp-worthy-type":"normal","jetpack_publicize_connections":[],"cc_featured_image_caption":{"caption_text":false,"source_text":false,"source_url":false},"jetpack_featured_media_url":"https:\/\/i0.wp.com\/www.jazzzeitung.de\/cms\/wp-content\/uploads\/2014\/07\/Jilman-Zilman-Credit-Ralf-Dombrowski.jpg?fit=5760%2C3840&ssl=1","jetpack_shortlink":"https:\/\/wp.me\/s3KEcT-4332","jetpack-related-posts":[{"id":3862,"url":"https:\/\/www.jazzzeitung.de\/cms\/2014\/05\/quartett-aus-augsburg-gewinnt-ersten-lag-jazzpreis\/","url_meta":{"origin":4332,"position":0},"title":"Quartett aus Augsburg gewinnt ersten LAG-Jazzpreis","author":"Redaktion JazzZeitung","date":"6. Mai 2014","format":false,"excerpt":"Erstmals ist im Rahmen des Kemptener Jazzfr\u00fchlings \u2013 der heuer zum 30. Mal stattgefunden hat \u2013 der Hansj\u00fcrg Hensler Wettbewerb durchgef\u00fchrt worden. F\u00fcr das Finale im Stadttheater vom Kempten waren vier Bands aus einem Bewerberkreis von 20 Jazzensembles ausgew\u00e4hlt worden. Nach einer spannenden Konzertsession, an der sich jede Finalisten-Band 30\u2026","rel":"","context":"In &quot;News&quot;","block_context":{"text":"News","link":"https:\/\/www.jazzzeitung.de\/cms\/thema\/nachrichten\/"},"img":{"alt_text":"Jesse van Ruller \/ Three For Jazz - Live At The Jazzclub","src":"https:\/\/i0.wp.com\/www.jazzzeitung.de\/cms\/wp-content\/uploads\/2014\/05\/JilmanZilman-Jesse-van-Ruller-150x150.jpg?resize=350%2C200","width":350,"height":200},"classes":[]},{"id":6071,"url":"https:\/\/www.jazzzeitung.de\/cms\/2015\/05\/lag-jazzpreis-2015-das-konstantin-herleinsberger-4tet-im-herbst-auf-bayerntour\/","url_meta":{"origin":4332,"position":1},"title":"LAG-Jazzpreis 2015: Das \u201eKonstantin Herleinsberger 4tet\u201c im Herbst auf Bayerntour","author":"Redaktion JazzZeitung","date":"6. Mai 2015","format":false,"excerpt":"Mit einer Fotogalerie von Ralf Dombrowski - Im Herbst wird das Quartett des jungen N\u00fcrnberger Saxophonisten Konstantin Herleinsberger den LAG-Jazzpreis einl\u00f6sen, den es am 28.4. beim Hansj\u00fcrg Hensler Wettbewerb im Rahmen des Kemptener Jazz-Fr\u00fchlings gewonnen hat. Der Preis ist eine Tournee durch bayerische Jazzclubs, die von der Landesarbeitsgemeinschaft (LAG) Jazz\u2026","rel":"","context":"In &quot;Bericht&quot;","block_context":{"text":"Bericht","link":"https:\/\/www.jazzzeitung.de\/cms\/thema\/bericht\/"},"img":{"alt_text":"","src":"https:\/\/i0.wp.com\/www.jazzzeitung.de\/cms\/wp-content\/uploads\/2015\/05\/0K3A3551-Jury-dombr.jpg?resize=350%2C200","width":350,"height":200,"srcset":"https:\/\/i0.wp.com\/www.jazzzeitung.de\/cms\/wp-content\/uploads\/2015\/05\/0K3A3551-Jury-dombr.jpg?resize=350%2C200 1x, https:\/\/i0.wp.com\/www.jazzzeitung.de\/cms\/wp-content\/uploads\/2015\/05\/0K3A3551-Jury-dombr.jpg?resize=525%2C300 1.5x, https:\/\/i0.wp.com\/www.jazzzeitung.de\/cms\/wp-content\/uploads\/2015\/05\/0K3A3551-Jury-dombr.jpg?resize=700%2C400 2x, https:\/\/i0.wp.com\/www.jazzzeitung.de\/cms\/wp-content\/uploads\/2015\/05\/0K3A3551-Jury-dombr.jpg?resize=1050%2C600 3x"},"classes":[]},{"id":2465,"url":"https:\/\/www.jazzzeitung.de\/cms\/2013\/10\/neuer-wettbewerb-der-lag-jazz-bayern-hansjuerg-hensler-jazz-wettbewerb\/","url_meta":{"origin":4332,"position":2},"title":"Neuer Wettbewerb der LAG Jazz in Bayern: Hansj\u00fcrg Hensler Jazz-Wettbewerb","author":"Redaktion JazzZeitung","date":"16. Oktober 2013","format":false,"excerpt":"Im Rahmen des 30. Kemptener Jazzfr\u00fchling\u00a0 wird am 30. April 2014 zum ersten Mal der LAG-Jazz-Preis vergeben. Zum Gedenken an den langj\u00e4hrigen Vorsitzenden Hansj\u00fcrg Hensler schreibt der Kleinkunstverein Klecks e.V. den \u201eHansj\u00fcrg Hensler Jazz Wettbewerb\u201c aus. Die Siegerband erh\u00e4lt den erstmals durch die LAG Jazz Bayern vergebenen \u201eLAG Jazz Preis\u201c\u2026","rel":"","context":"In &quot;News&quot;","block_context":{"text":"News","link":"https:\/\/www.jazzzeitung.de\/cms\/thema\/nachrichten\/"},"img":{"alt_text":"","src":"","width":0,"height":0},"classes":[]},{"id":11206,"url":"https:\/\/www.jazzzeitung.de\/cms\/2016\/12\/lag-jazz-preis-2017-fuer-junge-bayerische-jazzer-ausgeschrieben\/","url_meta":{"origin":4332,"position":3},"title":"LAG-Jazz-Preis 2017 f\u00fcr junge bayerische Jazzer ausgeschrieben","author":"Redaktion JazzZeitung","date":"7. Dezember 2016","format":false,"excerpt":"Junge talentierte Jazzk\u00fcnstler aus Bayern m\u00fcssen gef\u00f6rdert werden. Deshalb schreibt der Kemptener Kleinkunstverein Klecks e.V. auch f\u00fcr 2017 den Hansj\u00fcrg Hensler Jazz-Wettbewerb in Kooperation mit der \u201eLAG Jazz in Bayern\u201c aus. Es geht um den LAG-Jazz-Preis, eine organisierte und begleitete Tournee durch namhafte Clubs und Spielst\u00e4tten in Bayern. Bis zum\u2026","rel":"","context":"In &quot;News&quot;","block_context":{"text":"News","link":"https:\/\/www.jazzzeitung.de\/cms\/thema\/nachrichten\/"},"img":{"alt_text":"","src":"","width":0,"height":0},"classes":[]},{"id":12119,"url":"https:\/\/www.jazzzeitung.de\/cms\/2017\/04\/on-tour\/","url_meta":{"origin":4332,"position":4},"title":"Live Acts: +++ Kemptener Jazzfr\u00fchlung +++ BamesreiterSchwartzOrchestra +++","author":"Redaktion JazzZeitung","date":"17. April 2017","format":false,"excerpt":"+++ Kempten mit Jazz-Fr\u00fchlingsgef\u00fchlen +++ Vom 29.4. bis 7.5. findet der 33. Kemptener Jazzfr\u00fchling statt. Gut 60 Konzerte in neun Tagen von nationalen\u00a0wie internationalen K\u00fcnstlern auf ca. 40 B\u00fchnen dargeboten \u2013 verschiedenste Stilrichtungen von traditionellem Jazz \u00fcber Blues, Swing,\u00a0Gypsy, Bigband-Jazz und Gospel bis hin zu\u00a0moderneren Spielarten werden zu h\u00f6ren sein.\u2026","rel":"","context":"In &quot;News&quot;","block_context":{"text":"News","link":"https:\/\/www.jazzzeitung.de\/cms\/thema\/nachrichten\/"},"img":{"alt_text":"","src":"https:\/\/i0.wp.com\/www.jazzzeitung.de\/cms\/wp-content\/uploads\/2017\/04\/Norisha_Foto-Norisha-150x150.png?resize=350%2C200","width":350,"height":200},"classes":[]},{"id":2452,"url":"https:\/\/www.jazzzeitung.de\/cms\/2013\/10\/neues-festival-nuernberg-festival-paesse-zu-verlosen\/","url_meta":{"origin":4332,"position":5},"title":"Neues Festival in N\u00fcrnberg: Festival-P\u00e4sse zu verlosen","author":"Redaktion JazzZeitung","date":"15. Oktober 2013","format":false,"excerpt":"Vom \u00a023. bis 27. Oktober findet auf dem AEG Gel\u00e4nde ein neues Jazzfestival in N\u00fcrnberg statt. Unter dem Titel \"NueJazz\" veranstaltet der N\u00fcrnberger Jazzmusiker e.V. an \u00a0f\u00fcnf Tagen Konzerte unterschiedlichster Couleur. Dabei wird\u00a0der Fokus\u00a0vor allem \u00a0auf die j\u00fcngere N\u00fcrnberger Jazzszene gelegt, aus der mittlerweile Musiker und Projekte entstanden sind, die\u2026","rel":"","context":"In &quot;News&quot;","block_context":{"text":"News","link":"https:\/\/www.jazzzeitung.de\/cms\/thema\/nachrichten\/"},"img":{"alt_text":"Frank Wuppinger & l'Orchestre Europa featuring Frances Pappas (Donnerstag)","src":"https:\/\/i0.wp.com\/www.jazzzeitung.de\/cms\/wp-content\/uploads\/2013\/10\/nuejazz-150x150.jpg?resize=350%2C200","width":350,"height":200},"classes":[]}],"jetpack_sharing_enabled":true,"_links":{"self":[{"href":"https:\/\/www.jazzzeitung.de\/cms\/wp-json\/wp\/v2\/posts\/4332","targetHints":{"allow":["GET"]}}],"collection":[{"href":"https:\/\/www.jazzzeitung.de\/cms\/wp-json\/wp\/v2\/posts"}],"about":[{"href":"https:\/\/www.jazzzeitung.de\/cms\/wp-json\/wp\/v2\/types\/post"}],"author":[{"embeddable":true,"href":"https:\/\/www.jazzzeitung.de\/cms\/wp-json\/wp\/v2\/users\/7"}],"replies":[{"embeddable":true,"href":"https:\/\/www.jazzzeitung.de\/cms\/wp-json\/wp\/v2\/comments?post=4332"}],"version-history":[{"count":6,"href":"https:\/\/www.jazzzeitung.de\/cms\/wp-json\/wp\/v2\/posts\/4332\/revisions"}],"predecessor-version":[{"id":4339,"href":"https:\/\/www.jazzzeitung.de\/cms\/wp-json\/wp\/v2\/posts\/4332\/revisions\/4339"}],"wp:featuredmedia":[{"embeddable":true,"href":"https:\/\/www.jazzzeitung.de\/cms\/wp-json\/wp\/v2\/media\/4336"}],"wp:attachment":[{"href":"https:\/\/www.jazzzeitung.de\/cms\/wp-json\/wp\/v2\/media?parent=4332"}],"wp:term":[{"taxonomy":"category","embeddable":true,"href":"https:\/\/www.jazzzeitung.de\/cms\/wp-json\/wp\/v2\/categories?post=4332"},{"taxonomy":"post_tag","embeddable":true,"href":"https:\/\/www.jazzzeitung.de\/cms\/wp-json\/wp\/v2\/tags?post=4332"},{"taxonomy":"author","embeddable":true,"href":"https:\/\/www.jazzzeitung.de\/cms\/wp-json\/wp\/v2\/coauthors?post=4332"}],"curies":[{"name":"wp","href":"https:\/\/api.w.org\/{rel}","templated":true}]}}