{"id":4298,"date":"2014-08-19T10:30:29","date_gmt":"2014-08-19T08:30:29","guid":{"rendered":"http:\/\/www.jazzzeitung.de\/cms\/?p=4298"},"modified":"2014-08-19T12:15:29","modified_gmt":"2014-08-19T10:15:29","slug":"das-recht-auf-improvisation","status":"publish","type":"post","link":"https:\/\/www.jazzzeitung.de\/cms\/2014\/08\/das-recht-auf-improvisation\/","title":{"rendered":"Das Recht auf Improvisation \u2013 \u201cI have no more music in me!\u201c"},"content":{"rendered":"<p><figure id=\"attachment_4416\" aria-describedby=\"caption-attachment-4416\" style=\"width: 150px\" class=\"wp-caption alignright\"><a href=\"https:\/\/i0.wp.com\/www.jazzzeitung.de\/cms\/wp-content\/uploads\/2014\/08\/hufi-jarrett%2B.jpg\"><img data-recalc-dims=\"1\" loading=\"lazy\" decoding=\"async\" data-attachment-id=\"4416\" data-permalink=\"https:\/\/www.jazzzeitung.de\/cms\/2014\/08\/das-recht-auf-improvisation\/hufi-jarrett\/\" data-orig-file=\"https:\/\/i0.wp.com\/www.jazzzeitung.de\/cms\/wp-content\/uploads\/2014\/08\/hufi-jarrett%2B.jpg?fit=1200%2C900&amp;ssl=1\" data-orig-size=\"1200,900\" data-comments-opened=\"1\" data-image-meta=\"{&quot;aperture&quot;:&quot;2&quot;,&quot;credit&quot;:&quot;&quot;,&quot;camera&quot;:&quot;QV-3000EX&quot;,&quot;caption&quot;:&quot;&quot;,&quot;created_timestamp&quot;:&quot;1025894569&quot;,&quot;copyright&quot;:&quot;&quot;,&quot;focal_length&quot;:&quot;7.13&quot;,&quot;iso&quot;:&quot;0&quot;,&quot;shutter_speed&quot;:&quot;0.016666666666667&quot;,&quot;title&quot;:&quot;&quot;}\" data-image-title=\"The Jarrett-Look-alike. Foto: Wolf Loeckle\" data-image-description=\"&lt;p&gt;The Jarrett-Look-alike. Foto: Wolf Loeckle&lt;\/p&gt;\n\" data-image-caption=\"&lt;p&gt;The Jarrett-Look-alike. Foto: Wolf Loeckle&lt;\/p&gt;\n\" data-large-file=\"https:\/\/i0.wp.com\/www.jazzzeitung.de\/cms\/wp-content\/uploads\/2014\/08\/hufi-jarrett%2B.jpg?fit=800%2C600&amp;ssl=1\" src=\"https:\/\/i0.wp.com\/www.jazzzeitung.de\/cms\/wp-content\/uploads\/2014\/08\/hufi-jarrett%2B-150x150.jpg?resize=150%2C150\" alt=\"The Jarrett-Look-alike. Foto: Wolf Loeckle\" width=\"150\" height=\"150\" class=\"size-thumbnail wp-image-4416\" srcset=\"https:\/\/i0.wp.com\/www.jazzzeitung.de\/cms\/wp-content\/uploads\/2014\/08\/hufi-jarrett%2B.jpg?resize=150%2C150&amp;ssl=1 150w, https:\/\/i0.wp.com\/www.jazzzeitung.de\/cms\/wp-content\/uploads\/2014\/08\/hufi-jarrett%2B.jpg?resize=144%2C144&amp;ssl=1 144w, https:\/\/i0.wp.com\/www.jazzzeitung.de\/cms\/wp-content\/uploads\/2014\/08\/hufi-jarrett%2B.jpg?resize=96%2C96&amp;ssl=1 96w, https:\/\/i0.wp.com\/www.jazzzeitung.de\/cms\/wp-content\/uploads\/2014\/08\/hufi-jarrett%2B.jpg?resize=24%2C24&amp;ssl=1 24w, https:\/\/i0.wp.com\/www.jazzzeitung.de\/cms\/wp-content\/uploads\/2014\/08\/hufi-jarrett%2B.jpg?resize=36%2C36&amp;ssl=1 36w, https:\/\/i0.wp.com\/www.jazzzeitung.de\/cms\/wp-content\/uploads\/2014\/08\/hufi-jarrett%2B.jpg?resize=48%2C48&amp;ssl=1 48w, https:\/\/i0.wp.com\/www.jazzzeitung.de\/cms\/wp-content\/uploads\/2014\/08\/hufi-jarrett%2B.jpg?resize=64%2C64&amp;ssl=1 64w, https:\/\/i0.wp.com\/www.jazzzeitung.de\/cms\/wp-content\/uploads\/2014\/08\/hufi-jarrett%2B.jpg?resize=32%2C32&amp;ssl=1 32w, https:\/\/i0.wp.com\/www.jazzzeitung.de\/cms\/wp-content\/uploads\/2014\/08\/hufi-jarrett%2B.jpg?resize=128%2C128&amp;ssl=1 128w, https:\/\/i0.wp.com\/www.jazzzeitung.de\/cms\/wp-content\/uploads\/2014\/08\/hufi-jarrett%2B.jpg?zoom=2&amp;resize=150%2C150&amp;ssl=1 300w, https:\/\/i0.wp.com\/www.jazzzeitung.de\/cms\/wp-content\/uploads\/2014\/08\/hufi-jarrett%2B.jpg?zoom=3&amp;resize=150%2C150&amp;ssl=1 450w\" sizes=\"auto, (max-width: 150px) 100vw, 150px\" \/><\/a><figcaption id=\"caption-attachment-4416\" class=\"wp-caption-text\">The Jarrett-Look-alike. Foto: Wolf Loeckle<\/figcaption><\/figure>Man m\u00fcsste es schon genauer beschreiben. Hat man als H\u00f6rer eigentlich ein Anrecht darauf, dass Jazzmusiker etwas zu imporovisieren wissen? Bei einem klassischen Konzert bekommt man ja ein Programm, wo drauf steht, was gespielt werden wird. Das ist bei Jazzkonzerten eher selten der Fall. <\/p>\n<p>Ich frage nach: Vor geraumer Zeit hat Felix Janosa auf Facebook von einem Konzerterlebnis mit Keith Jarrett berichtet. Der habe in Paris ein Konzert gegeben und dieses nach einer gewissen Zeit abgebrochen. &#8222;I have no more music in me!&#8220;, soll er gesagt haben.<\/p>\n<div id=\"fb-root\"><\/div>\n<p> <script>(function(d, s, id) { var js, fjs = d.getElementsByTagName(s)[0]; if (d.getElementById(id)) return; js = d.createElement(s); js.id = id; js.src = \"\/\/connect.facebook.net\/de_DE\/all.js#xfbml=1\"; fjs.parentNode.insertBefore(js, fjs); }(document, 'script', 'facebook-jssdk'));<\/script><\/p>\n<div class=\"fb-post\" data-href=\"https:\/\/www.facebook.com\/felixjanosa\/photos\/a.195023670624823.40381.109325822527942\/522263227900864\/?type=1\" data-width=\"466\">\n<div class=\"fb-xfbml-parse-ignore\"><a href=\"https:\/\/www.facebook.com\/felixjanosa\/photos\/a.195023670624823.40381.109325822527942\/522263227900864\/?type=1\">Beitrag<\/a> von <a href=\"https:\/\/www.facebook.com\/felixjanosa\">Felix Janosa<\/a>.<\/div>\n<\/div>\n<p>Ich bin nicht sicher. Aber was soll man da machen? Muss ein Musiker dann wie in einem Werksvertrag irgendwie doch weitermachen. Vielleicht h\u00e4tte Jarrett ja auch einfach ein paar Bach-Pr\u00e4ludien hinten an setzen k\u00f6nnen. Wenn er nicht genug Musik in sich hat, dann gibts ja auch noch genug andere Musik au\u00dfer ihm. Profi genug ist er ja. <\/p>\n<p><!--more--><\/p>\n<p>Siggi Becker hat Verst\u00e4ndnis f\u00fcr den Musiker. <\/p>\n<blockquote><p>Kann ich nachvollziehen. Wenn man das Video Art of Improvisation kennt, weiss man das er nichts mehr hasst als handwerkliche Repetition. Und wenn man raus ist, ist man raus. Da bleibt dem guten Keith nix anders \u00fcbrig als noch a bisserl an sich zu arbeiten&#8230; (Quelle: <a href=\"https:\/\/www.facebook.com\/siggi.becker\/posts\/10152610049388324\" target=\"_blank\">Facebook-Eintrag von Siggi Becker<\/a>)<\/p><\/blockquote>\n<p>Gibt es hier Erfahrungen von Musikern und Musikerinnen, die sich schon mal in einer \u00e4hnlichen Situation befunden haben. Oder wie sieht das? Spult man dann routiniert die Zeit runter. So wie beim Fu\u00dfball, wo man versucht den Ball in den eigenen Reihen zu halten, um es \u00fcber die Zeit zu bringen. Oder anders gefragt, was kauft man denn mit dem Eintrittsgeld bei einem Jazzkonzert? Ein bestimmte Zeitl\u00e4nge Unterhaltung? Oder ist das eben nur so Marotte, sich wichtig nehmen? Oder was ganz anderes?<\/p>\n","protected":false},"excerpt":{"rendered":"<p>Man m\u00fcsste es schon genauer beschreiben. Hat man als H\u00f6rer eigentlich ein Anrecht darauf, dass Jazzmusiker etwas zu imporovisieren wissen? Bei einem klassischen Konzert bekommt man ja ein Programm, wo drauf steht, was gespielt werden wird. Das ist bei Jazzkonzerten eher selten der Fall. Ich frage nach: Vor geraumer Zeit hat Felix Janosa auf Facebook von einem Konzerterlebnis mit Keith Jarrett berichtet. Der habe in Paris ein Konzert gegeben und dieses nach einer gewissen Zeit abgebrochen. &#8222;I have no more music in me!&#8220;, soll er gesagt haben. Beitrag von Felix Janosa. Ich bin nicht sicher. Aber was soll man da machen? Muss ein Musiker dann wie in einem Werksvertrag irgendwie doch weitermachen. Vielleicht h\u00e4tte Jarrett ja auch einfach ein paar Bach-Pr\u00e4ludien hinten an setzen k\u00f6nnen. Wenn er nicht genug Musik in sich hat, dann gibts ja auch noch genug andere Musik au\u00dfer ihm. Profi genug ist er ja.<\/p>\n","protected":false},"author":2,"featured_media":0,"comment_status":"open","ping_status":"open","sticky":false,"template":"","format":"standard","meta":{"_jetpack_memberships_contains_paid_content":false,"footnotes":"","jetpack_publicize_message":"","jetpack_publicize_feature_enabled":true,"jetpack_social_post_already_shared":false,"jetpack_social_options":{"image_generator_settings":{"template":"highway","default_image_id":0,"font":"","enabled":false},"version":2}},"categories":[82],"tags":[140,171,1007,281,311,322,431,579],"coauthors":[680],"class_list":["post-4298","post","type-post","status-publish","format-standard","hentry","category-blog","tag-die-zeit","tag-facebook","tag-improvisation","tag-jazzmusiker","tag-keith-jarrett","tag-konzert-2","tag-paris","tag-video"],"yoast_head":"<!-- This site is optimized with the Yoast SEO plugin v27.5 - https:\/\/yoast.com\/product\/yoast-seo-wordpress\/ -->\n<title>Das Recht auf Improvisation \u2013 \u201cI have no more music in me!\u201c - JazzZeitung<\/title>\n<meta name=\"robots\" content=\"index, follow, max-snippet:-1, max-image-preview:large, max-video-preview:-1\" \/>\n<link rel=\"canonical\" href=\"https:\/\/www.jazzzeitung.de\/cms\/2014\/08\/das-recht-auf-improvisation\/\" \/>\n<meta property=\"og:locale\" content=\"de_DE\" \/>\n<meta property=\"og:type\" content=\"article\" \/>\n<meta property=\"og:title\" content=\"Das Recht auf Improvisation \u2013 \u201cI have no more music in me!\u201c - JazzZeitung\" \/>\n<meta property=\"og:description\" content=\"Man m\u00fcsste es schon genauer beschreiben. Hat man als H\u00f6rer eigentlich ein Anrecht darauf, dass Jazzmusiker etwas zu imporovisieren wissen? Bei einem klassischen Konzert bekommt man ja ein Programm, wo drauf steht, was gespielt werden wird. Das ist bei Jazzkonzerten eher selten der Fall. Ich frage nach: Vor geraumer Zeit hat Felix Janosa auf Facebook von einem Konzerterlebnis mit Keith Jarrett berichtet. Der habe in Paris ein Konzert gegeben und dieses nach einer gewissen Zeit abgebrochen. &#8222;I have no more music in me!&#8220;, soll er gesagt haben. Beitrag von Felix Janosa. Ich bin nicht sicher. Aber was soll man da machen? Muss ein Musiker dann wie in einem Werksvertrag irgendwie doch weitermachen. Vielleicht h\u00e4tte Jarrett ja auch einfach ein paar Bach-Pr\u00e4ludien hinten an setzen k\u00f6nnen. Wenn er nicht genug Musik in sich hat, dann gibts ja auch noch genug andere Musik au\u00dfer ihm. Profi genug ist er ja.\" \/>\n<meta property=\"og:url\" content=\"https:\/\/www.jazzzeitung.de\/cms\/2014\/08\/das-recht-auf-improvisation\/\" \/>\n<meta property=\"og:site_name\" content=\"JazzZeitung\" \/>\n<meta property=\"article:publisher\" content=\"https:\/\/www.facebook.com\/JazzZeitung\/\" \/>\n<meta property=\"article:author\" content=\"https:\/\/www.facebook.com\/hufner\" \/>\n<meta property=\"article:published_time\" content=\"2014-08-19T08:30:29+00:00\" \/>\n<meta property=\"article:modified_time\" content=\"2014-08-19T10:15:29+00:00\" \/>\n<meta property=\"og:image\" content=\"http:\/\/www.jazzzeitung.de\/cms\/wp-content\/uploads\/2014\/08\/hufi-jarrett+-150x150.jpg\" \/>\n<meta name=\"author\" content=\"Huflaikhan\" \/>\n<script type=\"application\/ld+json\" class=\"yoast-schema-graph\">{\"@context\":\"https:\\\/\\\/schema.org\",\"@graph\":[{\"@type\":\"Article\",\"@id\":\"https:\\\/\\\/www.jazzzeitung.de\\\/cms\\\/2014\\\/08\\\/das-recht-auf-improvisation\\\/#article\",\"isPartOf\":{\"@id\":\"https:\\\/\\\/www.jazzzeitung.de\\\/cms\\\/2014\\\/08\\\/das-recht-auf-improvisation\\\/\"},\"author\":{\"name\":\"Huflaikhan\",\"@id\":\"https:\\\/\\\/www.jazzzeitung.de\\\/cms\\\/#\\\/schema\\\/person\\\/1ba404714b9455401502bc409a7df45e\"},\"headline\":\"Das Recht auf Improvisation \u2013 \u201cI have no more music in me!\u201c\",\"datePublished\":\"2014-08-19T08:30:29+00:00\",\"dateModified\":\"2014-08-19T10:15:29+00:00\",\"mainEntityOfPage\":{\"@id\":\"https:\\\/\\\/www.jazzzeitung.de\\\/cms\\\/2014\\\/08\\\/das-recht-auf-improvisation\\\/\"},\"wordCount\":320,\"commentCount\":6,\"publisher\":{\"@id\":\"https:\\\/\\\/www.jazzzeitung.de\\\/cms\\\/#organization\"},\"image\":{\"@id\":\"https:\\\/\\\/www.jazzzeitung.de\\\/cms\\\/2014\\\/08\\\/das-recht-auf-improvisation\\\/#primaryimage\"},\"thumbnailUrl\":\"http:\\\/\\\/www.jazzzeitung.de\\\/cms\\\/wp-content\\\/uploads\\\/2014\\\/08\\\/hufi-jarrett+-150x150.jpg\",\"keywords\":[\"die ZEIT\",\"facebook\",\"Improvisation\",\"Jazzmusiker\",\"Keith Jarrett\",\"Konzert\",\"Paris\",\"Video\"],\"articleSection\":[\"Blog\"],\"inLanguage\":\"de\",\"potentialAction\":[{\"@type\":\"CommentAction\",\"name\":\"Comment\",\"target\":[\"https:\\\/\\\/www.jazzzeitung.de\\\/cms\\\/2014\\\/08\\\/das-recht-auf-improvisation\\\/#respond\"]}]},{\"@type\":\"WebPage\",\"@id\":\"https:\\\/\\\/www.jazzzeitung.de\\\/cms\\\/2014\\\/08\\\/das-recht-auf-improvisation\\\/\",\"url\":\"https:\\\/\\\/www.jazzzeitung.de\\\/cms\\\/2014\\\/08\\\/das-recht-auf-improvisation\\\/\",\"name\":\"Das Recht auf Improvisation \u2013 \u201cI have no more music in me!\u201c - JazzZeitung\",\"isPartOf\":{\"@id\":\"https:\\\/\\\/www.jazzzeitung.de\\\/cms\\\/#website\"},\"primaryImageOfPage\":{\"@id\":\"https:\\\/\\\/www.jazzzeitung.de\\\/cms\\\/2014\\\/08\\\/das-recht-auf-improvisation\\\/#primaryimage\"},\"image\":{\"@id\":\"https:\\\/\\\/www.jazzzeitung.de\\\/cms\\\/2014\\\/08\\\/das-recht-auf-improvisation\\\/#primaryimage\"},\"thumbnailUrl\":\"http:\\\/\\\/www.jazzzeitung.de\\\/cms\\\/wp-content\\\/uploads\\\/2014\\\/08\\\/hufi-jarrett+-150x150.jpg\",\"datePublished\":\"2014-08-19T08:30:29+00:00\",\"dateModified\":\"2014-08-19T10:15:29+00:00\",\"breadcrumb\":{\"@id\":\"https:\\\/\\\/www.jazzzeitung.de\\\/cms\\\/2014\\\/08\\\/das-recht-auf-improvisation\\\/#breadcrumb\"},\"inLanguage\":\"de\",\"potentialAction\":[{\"@type\":\"ReadAction\",\"target\":[\"https:\\\/\\\/www.jazzzeitung.de\\\/cms\\\/2014\\\/08\\\/das-recht-auf-improvisation\\\/\"]}]},{\"@type\":\"ImageObject\",\"inLanguage\":\"de\",\"@id\":\"https:\\\/\\\/www.jazzzeitung.de\\\/cms\\\/2014\\\/08\\\/das-recht-auf-improvisation\\\/#primaryimage\",\"url\":\"http:\\\/\\\/www.jazzzeitung.de\\\/cms\\\/wp-content\\\/uploads\\\/2014\\\/08\\\/hufi-jarrett+-150x150.jpg\",\"contentUrl\":\"http:\\\/\\\/www.jazzzeitung.de\\\/cms\\\/wp-content\\\/uploads\\\/2014\\\/08\\\/hufi-jarrett+-150x150.jpg\"},{\"@type\":\"BreadcrumbList\",\"@id\":\"https:\\\/\\\/www.jazzzeitung.de\\\/cms\\\/2014\\\/08\\\/das-recht-auf-improvisation\\\/#breadcrumb\",\"itemListElement\":[{\"@type\":\"ListItem\",\"position\":1,\"name\":\"Startseite\",\"item\":\"https:\\\/\\\/www.jazzzeitung.de\\\/cms\\\/\"},{\"@type\":\"ListItem\",\"position\":2,\"name\":\"Das Recht auf Improvisation \u2013 \u201cI have no more music in me!\u201c\"}]},{\"@type\":\"WebSite\",\"@id\":\"https:\\\/\\\/www.jazzzeitung.de\\\/cms\\\/#website\",\"url\":\"https:\\\/\\\/www.jazzzeitung.de\\\/cms\\\/\",\"name\":\"JazzZeitung\",\"description\":\"Jazz-News und Jazz-Kontroverses\",\"publisher\":{\"@id\":\"https:\\\/\\\/www.jazzzeitung.de\\\/cms\\\/#organization\"},\"potentialAction\":[{\"@type\":\"SearchAction\",\"target\":{\"@type\":\"EntryPoint\",\"urlTemplate\":\"https:\\\/\\\/www.jazzzeitung.de\\\/cms\\\/?s={search_term_string}\"},\"query-input\":{\"@type\":\"PropertyValueSpecification\",\"valueRequired\":true,\"valueName\":\"search_term_string\"}}],\"inLanguage\":\"de\"},{\"@type\":\"Organization\",\"@id\":\"https:\\\/\\\/www.jazzzeitung.de\\\/cms\\\/#organization\",\"name\":\"JazzZeitung online\",\"url\":\"https:\\\/\\\/www.jazzzeitung.de\\\/cms\\\/\",\"logo\":{\"@type\":\"ImageObject\",\"inLanguage\":\"de\",\"@id\":\"https:\\\/\\\/www.jazzzeitung.de\\\/cms\\\/#\\\/schema\\\/logo\\\/image\\\/\",\"url\":\"https:\\\/\\\/i0.wp.com\\\/www.jazzzeitung.de\\\/cms\\\/wp-content\\\/uploads\\\/2015\\\/08\\\/JAZZZEITUNGDE_Logo_Neu.png?fit=499%2C200&ssl=1\",\"contentUrl\":\"https:\\\/\\\/i0.wp.com\\\/www.jazzzeitung.de\\\/cms\\\/wp-content\\\/uploads\\\/2015\\\/08\\\/JAZZZEITUNGDE_Logo_Neu.png?fit=499%2C200&ssl=1\",\"width\":499,\"height\":200,\"caption\":\"JazzZeitung online\"},\"image\":{\"@id\":\"https:\\\/\\\/www.jazzzeitung.de\\\/cms\\\/#\\\/schema\\\/logo\\\/image\\\/\"},\"sameAs\":[\"https:\\\/\\\/www.facebook.com\\\/JazzZeitung\\\/\"]},{\"@type\":\"Person\",\"@id\":\"https:\\\/\\\/www.jazzzeitung.de\\\/cms\\\/#\\\/schema\\\/person\\\/1ba404714b9455401502bc409a7df45e\",\"name\":\"Huflaikhan\",\"image\":{\"@type\":\"ImageObject\",\"inLanguage\":\"de\",\"@id\":\"https:\\\/\\\/i0.wp.com\\\/www.jazzzeitung.de\\\/cms\\\/wp-content\\\/uploads\\\/2013\\\/11\\\/huf-06.jpg?resize=96%2C96&ssl=18afacd5aa7627f2840c013425f5a4164\",\"url\":\"https:\\\/\\\/i0.wp.com\\\/www.jazzzeitung.de\\\/cms\\\/wp-content\\\/uploads\\\/2013\\\/11\\\/huf-06.jpg?resize=96%2C96&ssl=1\",\"contentUrl\":\"https:\\\/\\\/i0.wp.com\\\/www.jazzzeitung.de\\\/cms\\\/wp-content\\\/uploads\\\/2013\\\/11\\\/huf-06.jpg?resize=96%2C96&ssl=1\",\"caption\":\"Huflaikhan\"},\"description\":\"Huflaikhan (aka Martin Hufner) hat Musikwissenschaft, Philosophie und Psychologie in Gie\u00dfen studiert und mit einer Arbeit \u00fcber Adorno und die Zw\u00f6lftontechnik promoviert. Seit 1995 ist er freiberuflich als Autor, Fotograf und Netzmacher unterwegs.\",\"sameAs\":[\"https:\\\/\\\/www.kritische-masse.de\\\/logbuch\",\"https:\\\/\\\/www.facebook.com\\\/hufner\"],\"url\":\"https:\\\/\\\/www.jazzzeitung.de\\\/cms\\\/author\\\/hufi\\\/\"}]}<\/script>\n<!-- \/ Yoast SEO plugin. -->","yoast_head_json":{"title":"Das Recht auf Improvisation \u2013 \u201cI have no more music in me!\u201c - JazzZeitung","robots":{"index":"index","follow":"follow","max-snippet":"max-snippet:-1","max-image-preview":"max-image-preview:large","max-video-preview":"max-video-preview:-1"},"canonical":"https:\/\/www.jazzzeitung.de\/cms\/2014\/08\/das-recht-auf-improvisation\/","og_locale":"de_DE","og_type":"article","og_title":"Das Recht auf Improvisation \u2013 \u201cI have no more music in me!\u201c - JazzZeitung","og_description":"Man m\u00fcsste es schon genauer beschreiben. Hat man als H\u00f6rer eigentlich ein Anrecht darauf, dass Jazzmusiker etwas zu imporovisieren wissen? Bei einem klassischen Konzert bekommt man ja ein Programm, wo drauf steht, was gespielt werden wird. Das ist bei Jazzkonzerten eher selten der Fall. Ich frage nach: Vor geraumer Zeit hat Felix Janosa auf Facebook von einem Konzerterlebnis mit Keith Jarrett berichtet. Der habe in Paris ein Konzert gegeben und dieses nach einer gewissen Zeit abgebrochen. &#8222;I have no more music in me!&#8220;, soll er gesagt haben. Beitrag von Felix Janosa. Ich bin nicht sicher. Aber was soll man da machen? Muss ein Musiker dann wie in einem Werksvertrag irgendwie doch weitermachen. Vielleicht h\u00e4tte Jarrett ja auch einfach ein paar Bach-Pr\u00e4ludien hinten an setzen k\u00f6nnen. Wenn er nicht genug Musik in sich hat, dann gibts ja auch noch genug andere Musik au\u00dfer ihm. Profi genug ist er ja.","og_url":"https:\/\/www.jazzzeitung.de\/cms\/2014\/08\/das-recht-auf-improvisation\/","og_site_name":"JazzZeitung","article_publisher":"https:\/\/www.facebook.com\/JazzZeitung\/","article_author":"https:\/\/www.facebook.com\/hufner","article_published_time":"2014-08-19T08:30:29+00:00","article_modified_time":"2014-08-19T10:15:29+00:00","og_image":[{"url":"http:\/\/www.jazzzeitung.de\/cms\/wp-content\/uploads\/2014\/08\/hufi-jarrett+-150x150.jpg","type":"","width":"","height":""}],"author":"Huflaikhan","schema":{"@context":"https:\/\/schema.org","@graph":[{"@type":"Article","@id":"https:\/\/www.jazzzeitung.de\/cms\/2014\/08\/das-recht-auf-improvisation\/#article","isPartOf":{"@id":"https:\/\/www.jazzzeitung.de\/cms\/2014\/08\/das-recht-auf-improvisation\/"},"author":{"name":"Huflaikhan","@id":"https:\/\/www.jazzzeitung.de\/cms\/#\/schema\/person\/1ba404714b9455401502bc409a7df45e"},"headline":"Das Recht auf Improvisation \u2013 \u201cI have no more music in me!\u201c","datePublished":"2014-08-19T08:30:29+00:00","dateModified":"2014-08-19T10:15:29+00:00","mainEntityOfPage":{"@id":"https:\/\/www.jazzzeitung.de\/cms\/2014\/08\/das-recht-auf-improvisation\/"},"wordCount":320,"commentCount":6,"publisher":{"@id":"https:\/\/www.jazzzeitung.de\/cms\/#organization"},"image":{"@id":"https:\/\/www.jazzzeitung.de\/cms\/2014\/08\/das-recht-auf-improvisation\/#primaryimage"},"thumbnailUrl":"http:\/\/www.jazzzeitung.de\/cms\/wp-content\/uploads\/2014\/08\/hufi-jarrett+-150x150.jpg","keywords":["die ZEIT","facebook","Improvisation","Jazzmusiker","Keith Jarrett","Konzert","Paris","Video"],"articleSection":["Blog"],"inLanguage":"de","potentialAction":[{"@type":"CommentAction","name":"Comment","target":["https:\/\/www.jazzzeitung.de\/cms\/2014\/08\/das-recht-auf-improvisation\/#respond"]}]},{"@type":"WebPage","@id":"https:\/\/www.jazzzeitung.de\/cms\/2014\/08\/das-recht-auf-improvisation\/","url":"https:\/\/www.jazzzeitung.de\/cms\/2014\/08\/das-recht-auf-improvisation\/","name":"Das Recht auf Improvisation \u2013 \u201cI have no more music in me!\u201c - JazzZeitung","isPartOf":{"@id":"https:\/\/www.jazzzeitung.de\/cms\/#website"},"primaryImageOfPage":{"@id":"https:\/\/www.jazzzeitung.de\/cms\/2014\/08\/das-recht-auf-improvisation\/#primaryimage"},"image":{"@id":"https:\/\/www.jazzzeitung.de\/cms\/2014\/08\/das-recht-auf-improvisation\/#primaryimage"},"thumbnailUrl":"http:\/\/www.jazzzeitung.de\/cms\/wp-content\/uploads\/2014\/08\/hufi-jarrett+-150x150.jpg","datePublished":"2014-08-19T08:30:29+00:00","dateModified":"2014-08-19T10:15:29+00:00","breadcrumb":{"@id":"https:\/\/www.jazzzeitung.de\/cms\/2014\/08\/das-recht-auf-improvisation\/#breadcrumb"},"inLanguage":"de","potentialAction":[{"@type":"ReadAction","target":["https:\/\/www.jazzzeitung.de\/cms\/2014\/08\/das-recht-auf-improvisation\/"]}]},{"@type":"ImageObject","inLanguage":"de","@id":"https:\/\/www.jazzzeitung.de\/cms\/2014\/08\/das-recht-auf-improvisation\/#primaryimage","url":"http:\/\/www.jazzzeitung.de\/cms\/wp-content\/uploads\/2014\/08\/hufi-jarrett+-150x150.jpg","contentUrl":"http:\/\/www.jazzzeitung.de\/cms\/wp-content\/uploads\/2014\/08\/hufi-jarrett+-150x150.jpg"},{"@type":"BreadcrumbList","@id":"https:\/\/www.jazzzeitung.de\/cms\/2014\/08\/das-recht-auf-improvisation\/#breadcrumb","itemListElement":[{"@type":"ListItem","position":1,"name":"Startseite","item":"https:\/\/www.jazzzeitung.de\/cms\/"},{"@type":"ListItem","position":2,"name":"Das Recht auf Improvisation \u2013 \u201cI have no more music in me!\u201c"}]},{"@type":"WebSite","@id":"https:\/\/www.jazzzeitung.de\/cms\/#website","url":"https:\/\/www.jazzzeitung.de\/cms\/","name":"JazzZeitung","description":"Jazz-News und Jazz-Kontroverses","publisher":{"@id":"https:\/\/www.jazzzeitung.de\/cms\/#organization"},"potentialAction":[{"@type":"SearchAction","target":{"@type":"EntryPoint","urlTemplate":"https:\/\/www.jazzzeitung.de\/cms\/?s={search_term_string}"},"query-input":{"@type":"PropertyValueSpecification","valueRequired":true,"valueName":"search_term_string"}}],"inLanguage":"de"},{"@type":"Organization","@id":"https:\/\/www.jazzzeitung.de\/cms\/#organization","name":"JazzZeitung online","url":"https:\/\/www.jazzzeitung.de\/cms\/","logo":{"@type":"ImageObject","inLanguage":"de","@id":"https:\/\/www.jazzzeitung.de\/cms\/#\/schema\/logo\/image\/","url":"https:\/\/i0.wp.com\/www.jazzzeitung.de\/cms\/wp-content\/uploads\/2015\/08\/JAZZZEITUNGDE_Logo_Neu.png?fit=499%2C200&ssl=1","contentUrl":"https:\/\/i0.wp.com\/www.jazzzeitung.de\/cms\/wp-content\/uploads\/2015\/08\/JAZZZEITUNGDE_Logo_Neu.png?fit=499%2C200&ssl=1","width":499,"height":200,"caption":"JazzZeitung online"},"image":{"@id":"https:\/\/www.jazzzeitung.de\/cms\/#\/schema\/logo\/image\/"},"sameAs":["https:\/\/www.facebook.com\/JazzZeitung\/"]},{"@type":"Person","@id":"https:\/\/www.jazzzeitung.de\/cms\/#\/schema\/person\/1ba404714b9455401502bc409a7df45e","name":"Huflaikhan","image":{"@type":"ImageObject","inLanguage":"de","@id":"https:\/\/i0.wp.com\/www.jazzzeitung.de\/cms\/wp-content\/uploads\/2013\/11\/huf-06.jpg?resize=96%2C96&ssl=18afacd5aa7627f2840c013425f5a4164","url":"https:\/\/i0.wp.com\/www.jazzzeitung.de\/cms\/wp-content\/uploads\/2013\/11\/huf-06.jpg?resize=96%2C96&ssl=1","contentUrl":"https:\/\/i0.wp.com\/www.jazzzeitung.de\/cms\/wp-content\/uploads\/2013\/11\/huf-06.jpg?resize=96%2C96&ssl=1","caption":"Huflaikhan"},"description":"Huflaikhan (aka Martin Hufner) hat Musikwissenschaft, Philosophie und Psychologie in Gie\u00dfen studiert und mit einer Arbeit \u00fcber Adorno und die Zw\u00f6lftontechnik promoviert. Seit 1995 ist er freiberuflich als Autor, Fotograf und Netzmacher unterwegs.","sameAs":["https:\/\/www.kritische-masse.de\/logbuch","https:\/\/www.facebook.com\/hufner"],"url":"https:\/\/www.jazzzeitung.de\/cms\/author\/hufi\/"}]}},"wp-worthy-pixel":{"ignored":false,"public":"031d6821719f463ead969f41db1e1023","server":"vg09.met.vgwort.de","url":"https:\/\/vg09.met.vgwort.de\/na\/031d6821719f463ead969f41db1e1023"},"wp-worthy-type":"normal","jetpack_publicize_connections":[],"cc_featured_image_caption":{"caption_text":false,"source_text":false,"source_url":false},"jetpack_featured_media_url":"","jetpack_shortlink":"https:\/\/wp.me\/p3KEcT-17k","jetpack-related-posts":[{"id":17510,"url":"https:\/\/www.jazzzeitung.de\/cms\/2018\/10\/17510\/","url_meta":{"origin":4298,"position":0},"title":"Rezension: Keith Jarrett: La Fenice","author":"Huflaikhan","date":"20. Oktober 2018","format":false,"excerpt":"Man wei\u00df nicht so genau, was noch in den Archiven von ECM schlummern mag, aber da scheint es ja in Sachen Jarrett kaum ein Ende zu geben. Nun also eine Aufnahme aus dem \u201eGran Teatro La Fenice\u201c in Venedig. Man schreibt das Jahr 2006. Und Keith Jarrett schreibt eine weitere\u2026","rel":"","context":"In &quot;Rezension&quot;","block_context":{"text":"Rezension","link":"https:\/\/www.jazzzeitung.de\/cms\/thema\/rezension\/"},"img":{"alt_text":"Keith Jarrett: La Fenice","src":"https:\/\/i0.wp.com\/www.jazzzeitung.de\/cms\/wp-content\/uploads\/2018\/10\/cd_jarrett_fenice.jpg?fit=800%2C800&ssl=1&resize=350%2C200","width":350,"height":200,"srcset":"https:\/\/i0.wp.com\/www.jazzzeitung.de\/cms\/wp-content\/uploads\/2018\/10\/cd_jarrett_fenice.jpg?fit=800%2C800&ssl=1&resize=350%2C200 1x, https:\/\/i0.wp.com\/www.jazzzeitung.de\/cms\/wp-content\/uploads\/2018\/10\/cd_jarrett_fenice.jpg?fit=800%2C800&ssl=1&resize=525%2C300 1.5x, https:\/\/i0.wp.com\/www.jazzzeitung.de\/cms\/wp-content\/uploads\/2018\/10\/cd_jarrett_fenice.jpg?fit=800%2C800&ssl=1&resize=700%2C400 2x"},"classes":[]},{"id":4514,"url":"https:\/\/www.jazzzeitung.de\/cms\/2014\/09\/improvisation-ueber-improvisation-8\/","url_meta":{"origin":4298,"position":1},"title":"Improvisation \u00fcber Improvisation #8","author":"Benjamin Schaefer","date":"1. September 2014","format":false,"excerpt":"Jerome Kerns \u201eAll the things you are\u201c ist ein Musikst\u00fcck, das einem im Jazzkontext h\u00e4ufig begegnet \u2013 ein sogenannter Standard. Wie so viele St\u00fccke aus dem Great American Songbook wurde es urspr\u00fcnglich f\u00fcr ein Broadway-Musical (\u201eVery warm for May\u201c, 1939) geschrieben. Das Musical war schnell vergessen, der Song aber erwies\u2026","rel":"","context":"In &quot;Blog&quot;","block_context":{"text":"Blog","link":"https:\/\/www.jazzzeitung.de\/cms\/thema\/blog\/"},"img":{"alt_text":"","src":"","width":0,"height":0},"classes":[]},{"id":5831,"url":"https:\/\/www.jazzzeitung.de\/cms\/2015\/03\/wolfgang-sander-keith-jarrett-eine-biographie\/","url_meta":{"origin":4298,"position":2},"title":"Wolfgang Sandner: Keith Jarrett. Eine Biographie.","author":"Redaktion JazzZeitung","date":"30. M\u00e4rz 2015","format":false,"excerpt":"Keith Jarrett feiert am 8. Mai diesen Jahres seinen 70. Geburtstag. Das wird nat\u00fcrlich geb\u00fchrend gefeiert. Im Hause ECM werden zu diesem Anlass gleich zwei Aufnahmen erscheinen. Eine klassische Einspielung mit Werken von Samuel Barber & Bela Bartok, sowie eine Solo CD mit Live-Improvisationen aus dem Jahr 2014. Soviel zu\u2026","rel":"","context":"In &quot;Rezension&quot;","block_context":{"text":"Rezension","link":"https:\/\/www.jazzzeitung.de\/cms\/thema\/rezension\/"},"img":{"alt_text":"Wolfgang Sander: Keith Jarrett. Eine Biographie. Rowohlt Berlin Verlag, Berlin 2015 364 Seiten, 22,95\u20ac \/ E-Book 19,99\u20ac","src":"https:\/\/i0.wp.com\/www.jazzzeitung.de\/cms\/wp-content\/uploads\/2015\/03\/Cover_Sandner-Keith-Jarrett.jpg?fit=735%2C1200&ssl=1&resize=350%2C200","width":350,"height":200,"srcset":"https:\/\/i0.wp.com\/www.jazzzeitung.de\/cms\/wp-content\/uploads\/2015\/03\/Cover_Sandner-Keith-Jarrett.jpg?fit=735%2C1200&ssl=1&resize=350%2C200 1x, https:\/\/i0.wp.com\/www.jazzzeitung.de\/cms\/wp-content\/uploads\/2015\/03\/Cover_Sandner-Keith-Jarrett.jpg?fit=735%2C1200&ssl=1&resize=525%2C300 1.5x, https:\/\/i0.wp.com\/www.jazzzeitung.de\/cms\/wp-content\/uploads\/2015\/03\/Cover_Sandner-Keith-Jarrett.jpg?fit=735%2C1200&ssl=1&resize=700%2C400 2x"},"classes":[]},{"id":3758,"url":"https:\/\/www.jazzzeitung.de\/cms\/2014\/04\/joachim-kuehn-portraet-und-auftritt-im-leeren-beutel\/","url_meta":{"origin":4298,"position":3},"title":"Joachim K\u00fchn: Portr\u00e4t und Auftritt im Leeren Beutel","author":"Redaktion JazzZeitung","date":"17. April 2014","format":false,"excerpt":"Unten stehendes Portrait von Ssirus W. Pakazd erschien zuerst in der Printausgabe 2-14. Am 15. April gastierte Joachim K\u00fchn im Leeren Beutel in Regensburg. Juan Martin Koch fotografierte. In Trance: Joachim K\u00fchn feierte seinen 70. Geburtstag - von Ssirus W. Pakzad: Seinen 70. Geburtstag hat Joachim K\u00fchn in einem Berliner\u2026","rel":"","context":"In &quot;JazzZeitung (print)&quot;","block_context":{"text":"JazzZeitung (print)","link":"https:\/\/www.jazzzeitung.de\/cms\/thema\/archiv\/jazzzeitung-print\/"},"img":{"alt_text":"Joachim K\u00fchn 2014 web (c) Juan Martin Koch","src":"https:\/\/i0.wp.com\/www.jazzzeitung.de\/cms\/wp-content\/uploads\/2014\/04\/Joachim-K%C3%BChn-2014-web-c-Juan-Martin-Koch.jpg?fit=929%2C622&ssl=1&resize=350%2C200","width":350,"height":200,"srcset":"https:\/\/i0.wp.com\/www.jazzzeitung.de\/cms\/wp-content\/uploads\/2014\/04\/Joachim-K%C3%BChn-2014-web-c-Juan-Martin-Koch.jpg?fit=929%2C622&ssl=1&resize=350%2C200 1x, https:\/\/i0.wp.com\/www.jazzzeitung.de\/cms\/wp-content\/uploads\/2014\/04\/Joachim-K%C3%BChn-2014-web-c-Juan-Martin-Koch.jpg?fit=929%2C622&ssl=1&resize=525%2C300 1.5x, https:\/\/i0.wp.com\/www.jazzzeitung.de\/cms\/wp-content\/uploads\/2014\/04\/Joachim-K%C3%BChn-2014-web-c-Juan-Martin-Koch.jpg?fit=929%2C622&ssl=1&resize=700%2C400 2x"},"classes":[]},{"id":5916,"url":"https:\/\/www.jazzzeitung.de\/cms\/2015\/04\/11-facebook-freunde-sollt-ihr-sein-2\/","url_meta":{"origin":4298,"position":4},"title":"11 Millionen Facebook-Freunde sollt ihr sein","author":"Martin Hufner","date":"10. April 2015","format":false,"excerpt":"Eher durch einen Zufall und durch Langeweile durchforstete ich das Facebook-Universum, um ein Fan von Keith Jarrett zu werden. Der hat ja bald einen runden Geburtstag. Ich erinnerte mich an eine Sendereihe von Peter R\u00fcedi aus den fr\u00fchen 80er Jahren beim NDR, als der noch so etwas wie einen Kulturkanal\u2026","rel":"","context":"In &quot;Blog&quot;","block_context":{"text":"Blog","link":"https:\/\/www.jazzzeitung.de\/cms\/thema\/blog\/"},"img":{"alt_text":"54.000 Freunde sollt ihr sein.","src":"https:\/\/i0.wp.com\/www.jazzzeitung.de\/cms\/wp-content\/uploads\/2015\/04\/screenshot-www-facebook-com-2015-04-09-18-27-28.png?fit=418%2C434&ssl=1&resize=350%2C200","width":350,"height":200},"classes":[]},{"id":4498,"url":"https:\/\/www.jazzzeitung.de\/cms\/2014\/08\/harmonie-zwischen-einem-russen-und-einem-ukrainer\/","url_meta":{"origin":4298,"position":5},"title":"Harmonie zwischen einem Russen und einem Ukrainer","author":"Hans Kumpf","date":"27. August 2014","format":false,"excerpt":"Ende Juni nahm der Hornist Arkady Shilkloper (geboren 1956 in Moskau) mit dem Pianisten Vadim Neselovskyi (geboren 1977 in Odessa) in Ludwigsburg die erste gemeinsame CD auf. Das Eigenlabel der dortigen Bauer Studios wird die mit \u201eKrai\u201c (Land) betitelte Scheibe Anfang Oktober auf den Markt bringen. Hans Kumpf sprach am\u2026","rel":"","context":"In &quot;Portrait&quot;","block_context":{"text":"Portrait","link":"https:\/\/www.jazzzeitung.de\/cms\/thema\/portrait\/"},"img":{"alt_text":"Vadim Neselovsky (p) und Arkady Shilkloper (Horn). Foto: Hans Kumpf","src":"https:\/\/i0.wp.com\/www.jazzzeitung.de\/cms\/wp-content\/uploads\/2014\/08\/NeselovskyiVadim-p-ShilkloperArkady-LB14f-Kumpf.jpg?fit=900%2C594&ssl=1&resize=350%2C200","width":350,"height":200,"srcset":"https:\/\/i0.wp.com\/www.jazzzeitung.de\/cms\/wp-content\/uploads\/2014\/08\/NeselovskyiVadim-p-ShilkloperArkady-LB14f-Kumpf.jpg?fit=900%2C594&ssl=1&resize=350%2C200 1x, https:\/\/i0.wp.com\/www.jazzzeitung.de\/cms\/wp-content\/uploads\/2014\/08\/NeselovskyiVadim-p-ShilkloperArkady-LB14f-Kumpf.jpg?fit=900%2C594&ssl=1&resize=525%2C300 1.5x, https:\/\/i0.wp.com\/www.jazzzeitung.de\/cms\/wp-content\/uploads\/2014\/08\/NeselovskyiVadim-p-ShilkloperArkady-LB14f-Kumpf.jpg?fit=900%2C594&ssl=1&resize=700%2C400 2x"},"classes":[]}],"jetpack_sharing_enabled":true,"_links":{"self":[{"href":"https:\/\/www.jazzzeitung.de\/cms\/wp-json\/wp\/v2\/posts\/4298","targetHints":{"allow":["GET"]}}],"collection":[{"href":"https:\/\/www.jazzzeitung.de\/cms\/wp-json\/wp\/v2\/posts"}],"about":[{"href":"https:\/\/www.jazzzeitung.de\/cms\/wp-json\/wp\/v2\/types\/post"}],"author":[{"embeddable":true,"href":"https:\/\/www.jazzzeitung.de\/cms\/wp-json\/wp\/v2\/users\/2"}],"replies":[{"embeddable":true,"href":"https:\/\/www.jazzzeitung.de\/cms\/wp-json\/wp\/v2\/comments?post=4298"}],"version-history":[{"count":9,"href":"https:\/\/www.jazzzeitung.de\/cms\/wp-json\/wp\/v2\/posts\/4298\/revisions"}],"predecessor-version":[{"id":4421,"href":"https:\/\/www.jazzzeitung.de\/cms\/wp-json\/wp\/v2\/posts\/4298\/revisions\/4421"}],"wp:attachment":[{"href":"https:\/\/www.jazzzeitung.de\/cms\/wp-json\/wp\/v2\/media?parent=4298"}],"wp:term":[{"taxonomy":"category","embeddable":true,"href":"https:\/\/www.jazzzeitung.de\/cms\/wp-json\/wp\/v2\/categories?post=4298"},{"taxonomy":"post_tag","embeddable":true,"href":"https:\/\/www.jazzzeitung.de\/cms\/wp-json\/wp\/v2\/tags?post=4298"},{"taxonomy":"author","embeddable":true,"href":"https:\/\/www.jazzzeitung.de\/cms\/wp-json\/wp\/v2\/coauthors?post=4298"}],"curies":[{"name":"wp","href":"https:\/\/api.w.org\/{rel}","templated":true}]}}