{"id":4198,"date":"2014-07-07T13:27:39","date_gmt":"2014-07-07T11:27:39","guid":{"rendered":"http:\/\/www.jazzzeitung.de\/cms\/?p=4198"},"modified":"2014-07-09T20:04:52","modified_gmt":"2014-07-09T18:04:52","slug":"jazz-ist-begegnung-das-32-suedtirol-jazzfestival-zwischen-coax-kollektiv-und-chick-corea","status":"publish","type":"post","link":"https:\/\/www.jazzzeitung.de\/cms\/2014\/07\/jazz-ist-begegnung-das-32-suedtirol-jazzfestival-zwischen-coax-kollektiv-und-chick-corea\/","title":{"rendered":"Jazz ist Begegnung &#8211; das 32. S\u00fcdtirol Jazzfestival zwischen Coax-Kollektiv und Chick Corea"},"content":{"rendered":"<p>&nbsp;<\/p>\n<div class=\"tiled-gallery type-rectangular tiled-gallery-unresized\" data-original-width=\"840\" data-carousel-extra='{&quot;blog_id&quot;:1,&quot;permalink&quot;:&quot;https:\\\/\\\/www.jazzzeitung.de\\\/cms\\\/2014\\\/07\\\/jazz-ist-begegnung-das-32-suedtirol-jazzfestival-zwischen-coax-kollektiv-und-chick-corea\\\/&quot;,&quot;likes_blog_id&quot;:55446655}' itemscope itemtype=\"http:\/\/schema.org\/ImageGallery\" > <div class=\"gallery-row\" style=\"width: 840px; height: 721px;\" data-original-width=\"840\" data-original-height=\"721\" > <div class=\"gallery-group images-1\" style=\"width: 481px; height: 721px;\" data-original-width=\"481\" data-original-height=\"721\" > <div class=\"tiled-gallery-item tiled-gallery-item-large\" itemprop=\"associatedMedia\" itemscope itemtype=\"http:\/\/schema.org\/ImageObject\"> <a href=\"https:\/\/www.jazzzeitung.de\/cms\/2014\/07\/jazz-ist-begegnung-das-32-suedtirol-jazzfestival-zwischen-coax-kollektiv-und-chick-corea\/attachment\/003\/\" border=\"0\" itemprop=\"url\"> <meta itemprop=\"width\" content=\"477\"> <meta itemprop=\"height\" content=\"717\"> <img decoding=\"async\" class=\"\" data-attachment-id=\"4199\" data-orig-file=\"https:\/\/www.jazzzeitung.de\/cms\/wp-content\/uploads\/2014\/07\/003.jpg\" data-orig-size=\"2832,4256\" data-comments-opened=\"1\" data-image-meta=\"{&quot;aperture&quot;:&quot;2.8&quot;,&quot;credit&quot;:&quot;&quot;,&quot;camera&quot;:&quot;NIKON D700&quot;,&quot;caption&quot;:&quot;&quot;,&quot;created_timestamp&quot;:&quot;1404163979&quot;,&quot;copyright&quot;:&quot;&quot;,&quot;focal_length&quot;:&quot;70&quot;,&quot;iso&quot;:&quot;2000&quot;,&quot;shutter_speed&quot;:&quot;0.00625&quot;,&quot;title&quot;:&quot;&quot;}\" data-image-title=\"003\" data-image-description=\"&lt;p&gt;Pipeline im Parco Semirurali: Jazz zwischen Punk und Pop mit Antoine Viard (sax), Fanny Lafargues (e-bass), Yann Joussein (dr) und Ronan Courtry (b). Foto: Susanne van Loon&lt;\/p&gt; \" data-medium-file=\"https:\/\/i0.wp.com\/www.jazzzeitung.de\/cms\/wp-content\/uploads\/2014\/07\/003.jpg?fit=199%2C300&#038;ssl=1\" data-large-file=\"https:\/\/i0.wp.com\/www.jazzzeitung.de\/cms\/wp-content\/uploads\/2014\/07\/003.jpg?fit=399%2C600&#038;ssl=1\" src=\"https:\/\/i0.wp.com\/www.jazzzeitung.de\/cms\/wp-content\/uploads\/2014\/07\/003.jpg?w=477&#038;h=717&#038;ssl=1\" srcset=\"https:\/\/i0.wp.com\/www.jazzzeitung.de\/cms\/wp-content\/uploads\/2014\/07\/003.jpg?w=2832&amp;ssl=1 2832w, https:\/\/i0.wp.com\/www.jazzzeitung.de\/cms\/wp-content\/uploads\/2014\/07\/003.jpg?resize=199%2C300&amp;ssl=1 199w, https:\/\/i0.wp.com\/www.jazzzeitung.de\/cms\/wp-content\/uploads\/2014\/07\/003.jpg?resize=399%2C600&amp;ssl=1 399w, https:\/\/i0.wp.com\/www.jazzzeitung.de\/cms\/wp-content\/uploads\/2014\/07\/003.jpg?resize=900%2C1352&amp;ssl=1 900w, https:\/\/i0.wp.com\/www.jazzzeitung.de\/cms\/wp-content\/uploads\/2014\/07\/003.jpg?w=1680&amp;ssl=1 1680w, https:\/\/i0.wp.com\/www.jazzzeitung.de\/cms\/wp-content\/uploads\/2014\/07\/003.jpg?w=2520&amp;ssl=1 2520w\" width=\"477\" height=\"717\" loading=\"lazy\" data-original-width=\"477\" data-original-height=\"717\" itemprop=\"http:\/\/schema.org\/image\" title=\"003\" alt=\"Pipeline im Parco Semirurali: Jazz zwischen Punk und Pop mit Antoine Viard (sax), Fanny Lafargues (e-bass), Yann Joussein (dr) und Ronan Courtry (b). Foto: Susanne van Loon\" style=\"width: 477px; height: 717px;\" \/> <\/a> <div class=\"tiled-gallery-caption\" itemprop=\"caption description\"> Pipeline im Parco Semirurali: Jazz zwischen Punk und Pop mit Antoine Viard (sax), Fanny Lafargues (e-bass), Yann Joussein (dr) und Ronan Courtry (b). Foto: Susanne van Loon <\/div> <\/div> <\/div> <!-- close group --> <div class=\"gallery-group images-3\" style=\"width: 359px; height: 721px;\" data-original-width=\"359\" data-original-height=\"721\" > <div class=\"tiled-gallery-item tiled-gallery-item-large\" itemprop=\"associatedMedia\" itemscope itemtype=\"http:\/\/schema.org\/ImageObject\"> <a href=\"https:\/\/www.jazzzeitung.de\/cms\/2014\/07\/jazz-ist-begegnung-das-32-suedtirol-jazzfestival-zwischen-coax-kollektiv-und-chick-corea\/_igp8185\/\" border=\"0\" itemprop=\"url\"> <meta itemprop=\"width\" content=\"355\"> <meta itemprop=\"height\" content=\"236\"> <img decoding=\"async\" class=\"\" data-attachment-id=\"4204\" data-orig-file=\"https:\/\/www.jazzzeitung.de\/cms\/wp-content\/uploads\/2014\/07\/IGP8185.jpg\" data-orig-size=\"3008,2000\" data-comments-opened=\"1\" data-image-meta=\"{&quot;aperture&quot;:&quot;7.1&quot;,&quot;credit&quot;:&quot;&quot;,&quot;camera&quot;:&quot;PENTAX *ist DL&quot;,&quot;caption&quot;:&quot;&quot;,&quot;created_timestamp&quot;:&quot;1104537611&quot;,&quot;copyright&quot;:&quot;&quot;,&quot;focal_length&quot;:&quot;18&quot;,&quot;iso&quot;:&quot;800&quot;,&quot;shutter_speed&quot;:&quot;0.003125&quot;,&quot;title&quot;:&quot;&quot;}\" data-image-title=\"_IGP8185\" data-image-description=\"&lt;p&gt;&amp;#8222;Les Faux Fr\u00e8res&amp;#8220;: Eine Marching Band um den Saxophonisten Fr\u00e9d\u00e9ric Gastard, die nicht nur marschiert und auf gute Laune macht, sondern ihre Virtuosit\u00e4t auch im Wandelkonzert durch die Erdpyramiden zeigte. Foto: Susanne van Loon&lt;\/p&gt; \" data-medium-file=\"https:\/\/i0.wp.com\/www.jazzzeitung.de\/cms\/wp-content\/uploads\/2014\/07\/IGP8185.jpg?fit=300%2C199&#038;ssl=1\" data-large-file=\"https:\/\/i0.wp.com\/www.jazzzeitung.de\/cms\/wp-content\/uploads\/2014\/07\/IGP8185.jpg?fit=840%2C558&#038;ssl=1\" src=\"https:\/\/i0.wp.com\/www.jazzzeitung.de\/cms\/wp-content\/uploads\/2014\/07\/IGP8185.jpg?w=355&#038;h=236&#038;ssl=1\" srcset=\"https:\/\/i0.wp.com\/www.jazzzeitung.de\/cms\/wp-content\/uploads\/2014\/07\/IGP8185.jpg?w=3008&amp;ssl=1 3008w, https:\/\/i0.wp.com\/www.jazzzeitung.de\/cms\/wp-content\/uploads\/2014\/07\/IGP8185.jpg?resize=300%2C200&amp;ssl=1 300w, https:\/\/i0.wp.com\/www.jazzzeitung.de\/cms\/wp-content\/uploads\/2014\/07\/IGP8185.jpg?resize=900%2C598&amp;ssl=1 900w, https:\/\/i0.wp.com\/www.jazzzeitung.de\/cms\/wp-content\/uploads\/2014\/07\/IGP8185.jpg?w=1680&amp;ssl=1 1680w, https:\/\/i0.wp.com\/www.jazzzeitung.de\/cms\/wp-content\/uploads\/2014\/07\/IGP8185.jpg?w=2520&amp;ssl=1 2520w\" width=\"355\" height=\"236\" loading=\"lazy\" data-original-width=\"355\" data-original-height=\"236\" itemprop=\"http:\/\/schema.org\/image\" title=\"_IGP8185\" alt=\"&quot;Les Faux Fr\u00e8res&quot;: Eine Marching Band um den Saxophonisten Fr\u00e9d\u00e9ric Gastard, die nicht nur marschiert und auf gute Laune macht, sondern ihre Virtuosit\u00e4t auch im Wandelkonzert durch die Erdpyramiden zeigte. Foto: Susanne van Loon\" style=\"width: 355px; height: 236px;\" \/> <\/a> <div class=\"tiled-gallery-caption\" itemprop=\"caption description\"> &#8222;Les Faux Fr\u00e8res&#8220;: Eine Marching Band um den Saxophonisten Fr\u00e9d\u00e9ric Gastard, die nicht nur marschiert und auf gute Laune macht, sondern ihre Virtuosit\u00e4t auch im Wandelkonzert durch die Erdpyramiden zeigte. Foto: Susanne van Loon <\/div> <\/div> <div class=\"tiled-gallery-item tiled-gallery-item-large\" itemprop=\"associatedMedia\" itemscope itemtype=\"http:\/\/schema.org\/ImageObject\"> <a href=\"https:\/\/www.jazzzeitung.de\/cms\/2014\/07\/jazz-ist-begegnung-das-32-suedtirol-jazzfestival-zwischen-coax-kollektiv-und-chick-corea\/attachment\/011\/\" border=\"0\" itemprop=\"url\"> <meta itemprop=\"width\" content=\"355\"> <meta itemprop=\"height\" content=\"237\"> <img decoding=\"async\" class=\"\" data-attachment-id=\"4208\" data-orig-file=\"https:\/\/www.jazzzeitung.de\/cms\/wp-content\/uploads\/2014\/07\/011.jpg\" data-orig-size=\"4256,2832\" data-comments-opened=\"1\" data-image-meta=\"{&quot;aperture&quot;:&quot;2.8&quot;,&quot;credit&quot;:&quot;&quot;,&quot;camera&quot;:&quot;NIKON D700&quot;,&quot;caption&quot;:&quot;&quot;,&quot;created_timestamp&quot;:&quot;1404249774&quot;,&quot;copyright&quot;:&quot;&quot;,&quot;focal_length&quot;:&quot;70&quot;,&quot;iso&quot;:&quot;4000&quot;,&quot;shutter_speed&quot;:&quot;0.00625&quot;,&quot;title&quot;:&quot;&quot;}\" data-image-title=\"011\" data-image-description=\"&lt;p&gt;Das Duo Five 38: einer der Festivalh\u00f6hepunkte. E-Basstin Fanny Lafargues im Duo mit der Harfenistin und Coax-Mitglied der ersten Stunde, Rafaelle Rinaudo, unter den Mammutb\u00e4umen im Park des Stadthotels Laurin. Die beiden Virtuosinnen nahmen ihr Publikum mit auf eine Reise durch farbige, immer wieder \u00fcberraschende Klangwelten. So stellt man sich zeitgen\u00f6ssische Kammermusik vor. Foto: Susanne van Loon&lt;\/p&gt; \" data-medium-file=\"https:\/\/i0.wp.com\/www.jazzzeitung.de\/cms\/wp-content\/uploads\/2014\/07\/011.jpg?fit=300%2C199&#038;ssl=1\" data-large-file=\"https:\/\/i0.wp.com\/www.jazzzeitung.de\/cms\/wp-content\/uploads\/2014\/07\/011.jpg?fit=840%2C558&#038;ssl=1\" src=\"https:\/\/i0.wp.com\/www.jazzzeitung.de\/cms\/wp-content\/uploads\/2014\/07\/011.jpg?w=355&#038;h=237&#038;ssl=1\" srcset=\"https:\/\/i0.wp.com\/www.jazzzeitung.de\/cms\/wp-content\/uploads\/2014\/07\/011.jpg?w=4256&amp;ssl=1 4256w, https:\/\/i0.wp.com\/www.jazzzeitung.de\/cms\/wp-content\/uploads\/2014\/07\/011.jpg?resize=300%2C200&amp;ssl=1 300w, https:\/\/i0.wp.com\/www.jazzzeitung.de\/cms\/wp-content\/uploads\/2014\/07\/011.jpg?resize=900%2C598&amp;ssl=1 900w, https:\/\/i0.wp.com\/www.jazzzeitung.de\/cms\/wp-content\/uploads\/2014\/07\/011.jpg?w=1680&amp;ssl=1 1680w, https:\/\/i0.wp.com\/www.jazzzeitung.de\/cms\/wp-content\/uploads\/2014\/07\/011.jpg?w=2520&amp;ssl=1 2520w\" width=\"355\" height=\"237\" loading=\"lazy\" data-original-width=\"355\" data-original-height=\"237\" itemprop=\"http:\/\/schema.org\/image\" title=\"011\" alt=\"Das Duo Five 38: einer der Festivalh\u00f6hepunkte. E-Basstin Fanny Lafargues im Duo mit der Harfenistin und Coax-Mitglied der ersten Stunde, Rafaelle Rinaudo, unter den Mammutb\u00e4umen im Park des Stadthotels Laurin. Die beiden Virtuosinnen nahmen ihr Publikum mit auf eine Reise durch farbige, immer wieder \u00fcberraschende Klangwelten. So stellt man sich zeitgen\u00f6ssische Kammermusik vor. Foto: Susanne van Loon\" style=\"width: 355px; height: 237px;\" \/> <\/a> <div class=\"tiled-gallery-caption\" itemprop=\"caption description\"> Das Duo Five 38: einer der Festivalh\u00f6hepunkte. E-Basstin Fanny Lafargues im Duo mit der Harfenistin und Coax-Mitglied der ersten Stunde, Rafaelle Rinaudo, unter den Mammutb\u00e4umen im Park des Stadthotels Laurin. Die beiden Virtuosinnen nahmen ihr Publikum mit auf eine Reise durch farbige, immer wieder \u00fcberraschende Klangwelten. So stellt man sich zeitgen\u00f6ssische Kammermusik vor. Foto: Susanne van Loon <\/div> <\/div> <div class=\"tiled-gallery-item tiled-gallery-item-large\" itemprop=\"associatedMedia\" itemscope itemtype=\"http:\/\/schema.org\/ImageObject\"> <a href=\"https:\/\/www.jazzzeitung.de\/cms\/2014\/07\/jazz-ist-begegnung-das-32-suedtirol-jazzfestival-zwischen-coax-kollektiv-und-chick-corea\/attachment\/009\/\" border=\"0\" itemprop=\"url\"> <meta itemprop=\"width\" content=\"355\"> <meta itemprop=\"height\" content=\"236\"> <img decoding=\"async\" class=\"\" data-attachment-id=\"4207\" data-orig-file=\"https:\/\/www.jazzzeitung.de\/cms\/wp-content\/uploads\/2014\/07\/009.jpg\" data-orig-size=\"4256,2832\" data-comments-opened=\"1\" data-image-meta=\"{&quot;aperture&quot;:&quot;2.8&quot;,&quot;credit&quot;:&quot;&quot;,&quot;camera&quot;:&quot;NIKON D700&quot;,&quot;caption&quot;:&quot;&quot;,&quot;created_timestamp&quot;:&quot;1404248443&quot;,&quot;copyright&quot;:&quot;&quot;,&quot;focal_length&quot;:&quot;70&quot;,&quot;iso&quot;:&quot;4000&quot;,&quot;shutter_speed&quot;:&quot;0.00625&quot;,&quot;title&quot;:&quot;&quot;}\" data-image-title=\"009\" data-image-description=\"&lt;p&gt;Das Duo Five 38: einer der Festivalh\u00f6hepunkte. E-Basstin Fanny Lafargues im Duo mit der Harfenistin und Coax-Mitglied der ersten Stunde, Rafaelle Rinaudo, unter den Mammutb\u00e4umen im Park des Stadthotels Laurin. Die beiden Virtuosinnen nahmen ihr Publikum mit auf eine Reise durch farbige, immer wieder \u00fcberraschende Klangwelten. So stellt man sich zeitgen\u00f6ssische Kammermusik vor. Foto: Susanne van Loon&lt;\/p&gt; \" data-medium-file=\"https:\/\/i0.wp.com\/www.jazzzeitung.de\/cms\/wp-content\/uploads\/2014\/07\/009.jpg?fit=300%2C199&#038;ssl=1\" data-large-file=\"https:\/\/i0.wp.com\/www.jazzzeitung.de\/cms\/wp-content\/uploads\/2014\/07\/009.jpg?fit=840%2C558&#038;ssl=1\" src=\"https:\/\/i0.wp.com\/www.jazzzeitung.de\/cms\/wp-content\/uploads\/2014\/07\/009.jpg?w=355&#038;h=236&#038;ssl=1\" srcset=\"https:\/\/i0.wp.com\/www.jazzzeitung.de\/cms\/wp-content\/uploads\/2014\/07\/009.jpg?w=4256&amp;ssl=1 4256w, https:\/\/i0.wp.com\/www.jazzzeitung.de\/cms\/wp-content\/uploads\/2014\/07\/009.jpg?resize=300%2C200&amp;ssl=1 300w, https:\/\/i0.wp.com\/www.jazzzeitung.de\/cms\/wp-content\/uploads\/2014\/07\/009.jpg?resize=900%2C598&amp;ssl=1 900w, https:\/\/i0.wp.com\/www.jazzzeitung.de\/cms\/wp-content\/uploads\/2014\/07\/009.jpg?w=1680&amp;ssl=1 1680w, https:\/\/i0.wp.com\/www.jazzzeitung.de\/cms\/wp-content\/uploads\/2014\/07\/009.jpg?w=2520&amp;ssl=1 2520w\" width=\"355\" height=\"236\" loading=\"lazy\" data-original-width=\"355\" data-original-height=\"236\" itemprop=\"http:\/\/schema.org\/image\" title=\"009\" alt=\"Das Duo Five 38: einer der Festivalh\u00f6hepunkte. E-Basstin Fanny Lafargues im Duo mit der Harfenistin und Coax-Mitglied der ersten Stunde, Rafaelle Rinaudo, unter den Mammutb\u00e4umen im Park des Stadthotels Laurin. Die beiden Virtuosinnen nahmen ihr Publikum mit auf eine Reise durch farbige, immer wieder \u00fcberraschende Klangwelten. So stellt man sich zeitgen\u00f6ssische Kammermusik vor. Foto: Susanne van Loon\" style=\"width: 355px; height: 236px;\" \/> <\/a> <div class=\"tiled-gallery-caption\" itemprop=\"caption description\"> Das Duo Five 38: einer der Festivalh\u00f6hepunkte. E-Basstin Fanny Lafargues im Duo mit der Harfenistin und Coax-Mitglied der ersten Stunde, Rafaelle Rinaudo, unter den Mammutb\u00e4umen im Park des Stadthotels Laurin. Die beiden Virtuosinnen nahmen ihr Publikum mit auf eine Reise durch farbige, immer wieder \u00fcberraschende Klangwelten. So stellt man sich zeitgen\u00f6ssische Kammermusik vor. Foto: Susanne van Loon <\/div> <\/div> <\/div> <!-- close group --> <\/div> <!-- close row --> <div class=\"gallery-row\" style=\"width: 840px; height: 374px;\" data-original-width=\"840\" data-original-height=\"374\" > <div class=\"gallery-group images-1\" style=\"width: 561px; height: 374px;\" data-original-width=\"561\" data-original-height=\"374\" > <div class=\"tiled-gallery-item tiled-gallery-item-large\" itemprop=\"associatedMedia\" itemscope itemtype=\"http:\/\/schema.org\/ImageObject\"> <a href=\"https:\/\/www.jazzzeitung.de\/cms\/2014\/07\/jazz-ist-begegnung-das-32-suedtirol-jazzfestival-zwischen-coax-kollektiv-und-chick-corea\/attachment\/014\/\" border=\"0\" itemprop=\"url\"> <meta itemprop=\"width\" content=\"557\"> <meta itemprop=\"height\" content=\"370\"> <img decoding=\"async\" class=\"\" data-attachment-id=\"4210\" data-orig-file=\"https:\/\/www.jazzzeitung.de\/cms\/wp-content\/uploads\/2014\/07\/014.jpg\" data-orig-size=\"4256,2832\" data-comments-opened=\"1\" data-image-meta=\"{&quot;aperture&quot;:&quot;2.8&quot;,&quot;credit&quot;:&quot;&quot;,&quot;camera&quot;:&quot;NIKON D700&quot;,&quot;caption&quot;:&quot;&quot;,&quot;created_timestamp&quot;:&quot;1404411990&quot;,&quot;copyright&quot;:&quot;&quot;,&quot;focal_length&quot;:&quot;70&quot;,&quot;iso&quot;:&quot;4000&quot;,&quot;shutter_speed&quot;:&quot;0.00625&quot;,&quot;title&quot;:&quot;&quot;}\" data-image-title=\"014\" data-image-description=\"&lt;p&gt;Big Four im Garten des Bozener Filmclubs: Gro\u00dfes kann sich auch auf kleinen B\u00fchnen abspielen: Julien Soro (sac), Stephan Caracci (vibes), Fabienne Debhellefontain (sous) und Rafale Koerner (dr) z\u00fcndeten ein virtuoses Feuerwerk. Im Anschluss wurde ein Lieblingsfilm vo Soro, Land and Freedom von Ken Loach gezeigt. Auch hier war Coax im Spiel. Foto: Susanne van Loon&lt;\/p&gt; \" data-medium-file=\"https:\/\/i0.wp.com\/www.jazzzeitung.de\/cms\/wp-content\/uploads\/2014\/07\/014.jpg?fit=300%2C199&#038;ssl=1\" data-large-file=\"https:\/\/i0.wp.com\/www.jazzzeitung.de\/cms\/wp-content\/uploads\/2014\/07\/014.jpg?fit=840%2C558&#038;ssl=1\" src=\"https:\/\/i0.wp.com\/www.jazzzeitung.de\/cms\/wp-content\/uploads\/2014\/07\/014.jpg?w=557&#038;h=370&#038;ssl=1\" srcset=\"https:\/\/i0.wp.com\/www.jazzzeitung.de\/cms\/wp-content\/uploads\/2014\/07\/014.jpg?w=4256&amp;ssl=1 4256w, https:\/\/i0.wp.com\/www.jazzzeitung.de\/cms\/wp-content\/uploads\/2014\/07\/014.jpg?resize=300%2C200&amp;ssl=1 300w, https:\/\/i0.wp.com\/www.jazzzeitung.de\/cms\/wp-content\/uploads\/2014\/07\/014.jpg?resize=900%2C598&amp;ssl=1 900w, https:\/\/i0.wp.com\/www.jazzzeitung.de\/cms\/wp-content\/uploads\/2014\/07\/014.jpg?w=1680&amp;ssl=1 1680w, https:\/\/i0.wp.com\/www.jazzzeitung.de\/cms\/wp-content\/uploads\/2014\/07\/014.jpg?w=2520&amp;ssl=1 2520w\" width=\"557\" height=\"370\" loading=\"lazy\" data-original-width=\"557\" data-original-height=\"370\" itemprop=\"http:\/\/schema.org\/image\" title=\"014\" alt=\"Big Four im Garten des Bozener Filmclubs: Gro\u00dfes kann sich auch auf kleinen B\u00fchnen abspielen: Julien Soro (sac), Stephan Caracci (vibes), Fabienne Debhellefontain (sous) und Rafale Koerner (dr) z\u00fcndeten ein virtuoses Feuerwerk. Im Anschluss wurde ein Lieblingsfilm vo Soro, Land and Freedom von Ken Loach gezeigt. Auch hier war Coax im Spiel. Foto: Susanne van Loon\" style=\"width: 557px; height: 370px;\" \/> <\/a> <div class=\"tiled-gallery-caption\" itemprop=\"caption description\"> Big Four im Garten des Bozener Filmclubs: Gro\u00dfes kann sich auch auf kleinen B\u00fchnen abspielen: Julien Soro (sac), Stephan Caracci (vibes), Fabienne Debhellefontain (sous) und Rafale Koerner (dr) z\u00fcndeten ein virtuoses Feuerwerk. Im Anschluss wurde ein Lieblingsfilm vo Soro, Land and Freedom von Ken Loach gezeigt. Auch hier war Coax im Spiel. Foto: Susanne van Loon <\/div> <\/div> <\/div> <!-- close group --> <div class=\"gallery-group images-2\" style=\"width: 279px; height: 374px;\" data-original-width=\"279\" data-original-height=\"374\" > <div class=\"tiled-gallery-item tiled-gallery-item-large\" itemprop=\"associatedMedia\" itemscope itemtype=\"http:\/\/schema.org\/ImageObject\"> <a href=\"https:\/\/www.jazzzeitung.de\/cms\/2014\/07\/jazz-ist-begegnung-das-32-suedtirol-jazzfestival-zwischen-coax-kollektiv-und-chick-corea\/attachment\/018\/\" border=\"0\" itemprop=\"url\"> <meta itemprop=\"width\" content=\"275\"> <meta itemprop=\"height\" content=\"183\"> <img decoding=\"async\" class=\"\" data-attachment-id=\"4211\" data-orig-file=\"https:\/\/www.jazzzeitung.de\/cms\/wp-content\/uploads\/2014\/07\/018.jpg\" data-orig-size=\"4256,2832\" data-comments-opened=\"1\" data-image-meta=\"{&quot;aperture&quot;:&quot;2.8&quot;,&quot;credit&quot;:&quot;&quot;,&quot;camera&quot;:&quot;NIKON D700&quot;,&quot;caption&quot;:&quot;&quot;,&quot;created_timestamp&quot;:&quot;1404422833&quot;,&quot;copyright&quot;:&quot;&quot;,&quot;focal_length&quot;:&quot;48&quot;,&quot;iso&quot;:&quot;2000&quot;,&quot;shutter_speed&quot;:&quot;0.01&quot;,&quot;title&quot;:&quot;&quot;}\" data-image-title=\"018\" data-image-description=\"\" data-medium-file=\"https:\/\/i0.wp.com\/www.jazzzeitung.de\/cms\/wp-content\/uploads\/2014\/07\/018.jpg?fit=300%2C199&#038;ssl=1\" data-large-file=\"https:\/\/i0.wp.com\/www.jazzzeitung.de\/cms\/wp-content\/uploads\/2014\/07\/018.jpg?fit=840%2C558&#038;ssl=1\" src=\"https:\/\/i0.wp.com\/www.jazzzeitung.de\/cms\/wp-content\/uploads\/2014\/07\/018.jpg?w=275&#038;h=183&#038;ssl=1\" srcset=\"https:\/\/i0.wp.com\/www.jazzzeitung.de\/cms\/wp-content\/uploads\/2014\/07\/018.jpg?w=4256&amp;ssl=1 4256w, https:\/\/i0.wp.com\/www.jazzzeitung.de\/cms\/wp-content\/uploads\/2014\/07\/018.jpg?resize=300%2C200&amp;ssl=1 300w, https:\/\/i0.wp.com\/www.jazzzeitung.de\/cms\/wp-content\/uploads\/2014\/07\/018.jpg?resize=900%2C598&amp;ssl=1 900w, https:\/\/i0.wp.com\/www.jazzzeitung.de\/cms\/wp-content\/uploads\/2014\/07\/018.jpg?w=1680&amp;ssl=1 1680w, https:\/\/i0.wp.com\/www.jazzzeitung.de\/cms\/wp-content\/uploads\/2014\/07\/018.jpg?w=2520&amp;ssl=1 2520w\" width=\"275\" height=\"183\" loading=\"lazy\" data-original-width=\"275\" data-original-height=\"183\" itemprop=\"http:\/\/schema.org\/image\" title=\"018\" alt=\"Impression vor dem Bozener Museion: 1. &quot;Radiation 10 Museion: Eine der faszinierenden Gro\u00dfformationen des Coax-Kollektives. Die sich kreisf\u00f6rmig gegenseitig anspielenden Musiker verweigerten sich dadurch zwar etwas dem Publikum, machten dieses autistische Element aber wieder wett durch originelle Gruppenimprovisationen, die vor allem klangbetont waren. Bestechend. 2. &quot;Ping Machine&quot;: Wieder ein Coax-Gro\u00dfensemble, etwas eing\u00e4ngiger als Radiation vom Vortag, aber nichtsdestoweniger eine Kollektiv aus Solisten. Foto: Susanne van Loon\" style=\"width: 275px; height: 183px;\" \/> <\/a> <div class=\"tiled-gallery-caption\" itemprop=\"caption description\"> Impression vor dem Bozener Museion: 1. &#8222;Radiation 10 Museion: Eine der faszinierenden Gro\u00dfformationen des Coax-Kollektives. Die sich kreisf\u00f6rmig gegenseitig anspielenden Musiker verweigerten sich dadurch zwar etwas dem Publikum, machten dieses autistische Element aber wieder wett durch originelle Gruppenimprovisationen, die vor allem klangbetont waren. Bestechend. 2. &#8222;Ping Machine&#8220;: Wieder ein Coax-Gro\u00dfensemble, etwas eing\u00e4ngiger als Radiation vom Vortag, aber nichtsdestoweniger eine Kollektiv aus Solisten. Foto: Susanne van Loon <\/div> <\/div> <div class=\"tiled-gallery-item tiled-gallery-item-large\" itemprop=\"associatedMedia\" itemscope itemtype=\"http:\/\/schema.org\/ImageObject\"> <a href=\"https:\/\/www.jazzzeitung.de\/cms\/2014\/07\/jazz-ist-begegnung-das-32-suedtirol-jazzfestival-zwischen-coax-kollektiv-und-chick-corea\/attachment\/013\/\" border=\"0\" itemprop=\"url\"> <meta itemprop=\"width\" content=\"275\"> <meta itemprop=\"height\" content=\"183\"> <img decoding=\"async\" class=\"\" data-attachment-id=\"4209\" data-orig-file=\"https:\/\/www.jazzzeitung.de\/cms\/wp-content\/uploads\/2014\/07\/013.jpg\" data-orig-size=\"4256,2832\" data-comments-opened=\"1\" data-image-meta=\"{&quot;aperture&quot;:&quot;5.6&quot;,&quot;credit&quot;:&quot;&quot;,&quot;camera&quot;:&quot;NIKON D700&quot;,&quot;caption&quot;:&quot;&quot;,&quot;created_timestamp&quot;:&quot;1404339149&quot;,&quot;copyright&quot;:&quot;&quot;,&quot;focal_length&quot;:&quot;35&quot;,&quot;iso&quot;:&quot;3200&quot;,&quot;shutter_speed&quot;:&quot;0.01&quot;,&quot;title&quot;:&quot;&quot;}\" data-image-title=\"013\" data-image-description=\"&lt;p&gt;\u201eVoix Crois\u00e9e\u201c &amp;#8211; Didier Lavallet Quintet: Jazz einmal anders &amp;#8211; feine Linien auf einen dezenten Groove gewebt. Mit den jungen Musikerinnen C\u00e9line Bonacina, Airelle Besson (tp) und Sylvaine Helary (fl) gelang es dem Bassisten Didier Levallet den Walther-Platz durchaus im poetischen Sinne eines Walther von der Vogelweide zu bespielen. Foto: Susanne van Loon&lt;\/p&gt; \" data-medium-file=\"https:\/\/i0.wp.com\/www.jazzzeitung.de\/cms\/wp-content\/uploads\/2014\/07\/013.jpg?fit=300%2C199&#038;ssl=1\" data-large-file=\"https:\/\/i0.wp.com\/www.jazzzeitung.de\/cms\/wp-content\/uploads\/2014\/07\/013.jpg?fit=840%2C558&#038;ssl=1\" src=\"https:\/\/i0.wp.com\/www.jazzzeitung.de\/cms\/wp-content\/uploads\/2014\/07\/013.jpg?w=275&#038;h=183&#038;ssl=1\" srcset=\"https:\/\/i0.wp.com\/www.jazzzeitung.de\/cms\/wp-content\/uploads\/2014\/07\/013.jpg?w=4256&amp;ssl=1 4256w, https:\/\/i0.wp.com\/www.jazzzeitung.de\/cms\/wp-content\/uploads\/2014\/07\/013.jpg?resize=300%2C200&amp;ssl=1 300w, https:\/\/i0.wp.com\/www.jazzzeitung.de\/cms\/wp-content\/uploads\/2014\/07\/013.jpg?resize=900%2C598&amp;ssl=1 900w, https:\/\/i0.wp.com\/www.jazzzeitung.de\/cms\/wp-content\/uploads\/2014\/07\/013.jpg?w=1680&amp;ssl=1 1680w, https:\/\/i0.wp.com\/www.jazzzeitung.de\/cms\/wp-content\/uploads\/2014\/07\/013.jpg?w=2520&amp;ssl=1 2520w\" width=\"275\" height=\"183\" loading=\"lazy\" data-original-width=\"275\" data-original-height=\"183\" itemprop=\"http:\/\/schema.org\/image\" title=\"013\" alt=\"\u201eVoix Crois\u00e9e\u201c - Didier Lavallet Quintet: Jazz einmal anders - feine Linien auf einen dezenten Groove gewebt. Mit den jungen Musikerinnen C\u00e9line Bonacina, Airelle Besson (tp) und Sylvaine Helary (fl) gelang es dem Bassisten Didier Levallet den Walther-Platz durchaus im poetischen Sinne eines Walther von der Vogelweide zu bespielen. Foto: Susanne van Loon\" style=\"width: 275px; height: 183px;\" \/> <\/a> <div class=\"tiled-gallery-caption\" itemprop=\"caption description\"> \u201eVoix Crois\u00e9e\u201c &#8211; Didier Lavallet Quintet: Jazz einmal anders &#8211; feine Linien auf einen dezenten Groove gewebt. Mit den jungen Musikerinnen C\u00e9line Bonacina, Airelle Besson (tp) und Sylvaine Helary (fl) gelang es dem Bassisten Didier Levallet den Walther-Platz durchaus im poetischen Sinne eines Walther von der Vogelweide zu bespielen. Foto: Susanne van Loon <\/div> <\/div> <\/div> <!-- close group --> <\/div> <!-- close row --> <div class=\"gallery-row\" style=\"width: 840px; height: 188px;\" data-original-width=\"840\" data-original-height=\"188\" > <div class=\"gallery-group images-1\" style=\"width: 280px; height: 188px;\" data-original-width=\"280\" data-original-height=\"188\" > <div class=\"tiled-gallery-item tiled-gallery-item-large\" itemprop=\"associatedMedia\" itemscope itemtype=\"http:\/\/schema.org\/ImageObject\"> <a href=\"https:\/\/www.jazzzeitung.de\/cms\/2014\/07\/jazz-ist-begegnung-das-32-suedtirol-jazzfestival-zwischen-coax-kollektiv-und-chick-corea\/attachment\/020\/\" border=\"0\" itemprop=\"url\"> <meta itemprop=\"width\" content=\"276\"> <meta itemprop=\"height\" content=\"184\"> <img decoding=\"async\" class=\"\" data-attachment-id=\"4213\" data-orig-file=\"https:\/\/www.jazzzeitung.de\/cms\/wp-content\/uploads\/2014\/07\/020.jpg\" data-orig-size=\"4256,2832\" data-comments-opened=\"1\" data-image-meta=\"{&quot;aperture&quot;:&quot;2.8&quot;,&quot;credit&quot;:&quot;&quot;,&quot;camera&quot;:&quot;NIKON D700&quot;,&quot;caption&quot;:&quot;&quot;,&quot;created_timestamp&quot;:&quot;1404602604&quot;,&quot;copyright&quot;:&quot;&quot;,&quot;focal_length&quot;:&quot;70&quot;,&quot;iso&quot;:&quot;4000&quot;,&quot;shutter_speed&quot;:&quot;0.01&quot;,&quot;title&quot;:&quot;&quot;}\" data-image-title=\"020\" data-image-description=\"&lt;p&gt;Der Chef tanzt: Klaus Widmann umringt von den Sch\u00f6nen der Nacht bei Baba Israel und Jason Lindner. Foto: Susanne van Loon&lt;\/p&gt; \" data-medium-file=\"https:\/\/i0.wp.com\/www.jazzzeitung.de\/cms\/wp-content\/uploads\/2014\/07\/020.jpg?fit=300%2C199&#038;ssl=1\" data-large-file=\"https:\/\/i0.wp.com\/www.jazzzeitung.de\/cms\/wp-content\/uploads\/2014\/07\/020.jpg?fit=840%2C558&#038;ssl=1\" src=\"https:\/\/i0.wp.com\/www.jazzzeitung.de\/cms\/wp-content\/uploads\/2014\/07\/020.jpg?w=276&#038;h=184&#038;ssl=1\" srcset=\"https:\/\/i0.wp.com\/www.jazzzeitung.de\/cms\/wp-content\/uploads\/2014\/07\/020.jpg?w=4256&amp;ssl=1 4256w, https:\/\/i0.wp.com\/www.jazzzeitung.de\/cms\/wp-content\/uploads\/2014\/07\/020.jpg?resize=300%2C200&amp;ssl=1 300w, https:\/\/i0.wp.com\/www.jazzzeitung.de\/cms\/wp-content\/uploads\/2014\/07\/020.jpg?resize=900%2C598&amp;ssl=1 900w, https:\/\/i0.wp.com\/www.jazzzeitung.de\/cms\/wp-content\/uploads\/2014\/07\/020.jpg?w=1680&amp;ssl=1 1680w, https:\/\/i0.wp.com\/www.jazzzeitung.de\/cms\/wp-content\/uploads\/2014\/07\/020.jpg?w=2520&amp;ssl=1 2520w\" width=\"276\" height=\"184\" loading=\"lazy\" data-original-width=\"276\" data-original-height=\"184\" itemprop=\"http:\/\/schema.org\/image\" title=\"020\" alt=\"Der Chef tanzt: Klaus Widmann umringt von den Sch\u00f6nen der Nacht bei Baba Israel und Jason Lindner. Foto: Susanne van Loon\" style=\"width: 276px; height: 184px;\" \/> <\/a> <div class=\"tiled-gallery-caption\" itemprop=\"caption description\"> Der Chef tanzt: Klaus Widmann umringt von den Sch\u00f6nen der Nacht bei Baba Israel und Jason Lindner. Foto: Susanne van Loon <\/div> <\/div> <\/div> <!-- close group --> <div class=\"gallery-group images-1\" style=\"width: 280px; height: 188px;\" data-original-width=\"280\" data-original-height=\"188\" > <div class=\"tiled-gallery-item tiled-gallery-item-large\" itemprop=\"associatedMedia\" itemscope itemtype=\"http:\/\/schema.org\/ImageObject\"> <a href=\"https:\/\/www.jazzzeitung.de\/cms\/2014\/07\/jazz-ist-begegnung-das-32-suedtirol-jazzfestival-zwischen-coax-kollektiv-und-chick-corea\/attachment\/006\/\" border=\"0\" itemprop=\"url\"> <meta itemprop=\"width\" content=\"276\"> <meta itemprop=\"height\" content=\"184\"> <img decoding=\"async\" class=\"\" data-attachment-id=\"4206\" data-orig-file=\"https:\/\/www.jazzzeitung.de\/cms\/wp-content\/uploads\/2014\/07\/006.jpg\" data-orig-size=\"4256,2832\" data-comments-opened=\"1\" data-image-meta=\"{&quot;aperture&quot;:&quot;3.2&quot;,&quot;credit&quot;:&quot;&quot;,&quot;camera&quot;:&quot;NIKON D700&quot;,&quot;caption&quot;:&quot;&quot;,&quot;created_timestamp&quot;:&quot;1404339365&quot;,&quot;copyright&quot;:&quot;&quot;,&quot;focal_length&quot;:&quot;48&quot;,&quot;iso&quot;:&quot;3200&quot;,&quot;shutter_speed&quot;:&quot;0.01&quot;,&quot;title&quot;:&quot;&quot;}\" data-image-title=\"006\" data-image-description=\"&lt;p&gt;Foto: Susanne van Loon&lt;\/p&gt; \" data-medium-file=\"https:\/\/i0.wp.com\/www.jazzzeitung.de\/cms\/wp-content\/uploads\/2014\/07\/006.jpg?fit=300%2C199&#038;ssl=1\" data-large-file=\"https:\/\/i0.wp.com\/www.jazzzeitung.de\/cms\/wp-content\/uploads\/2014\/07\/006.jpg?fit=840%2C558&#038;ssl=1\" src=\"https:\/\/i0.wp.com\/www.jazzzeitung.de\/cms\/wp-content\/uploads\/2014\/07\/006.jpg?w=276&#038;h=184&#038;ssl=1\" srcset=\"https:\/\/i0.wp.com\/www.jazzzeitung.de\/cms\/wp-content\/uploads\/2014\/07\/006.jpg?w=4256&amp;ssl=1 4256w, https:\/\/i0.wp.com\/www.jazzzeitung.de\/cms\/wp-content\/uploads\/2014\/07\/006.jpg?resize=300%2C200&amp;ssl=1 300w, https:\/\/i0.wp.com\/www.jazzzeitung.de\/cms\/wp-content\/uploads\/2014\/07\/006.jpg?resize=900%2C598&amp;ssl=1 900w, https:\/\/i0.wp.com\/www.jazzzeitung.de\/cms\/wp-content\/uploads\/2014\/07\/006.jpg?w=1680&amp;ssl=1 1680w, https:\/\/i0.wp.com\/www.jazzzeitung.de\/cms\/wp-content\/uploads\/2014\/07\/006.jpg?w=2520&amp;ssl=1 2520w\" width=\"276\" height=\"184\" loading=\"lazy\" data-original-width=\"276\" data-original-height=\"184\" itemprop=\"http:\/\/schema.org\/image\" title=\"006\" alt=\"Foto: Susanne van Loon\" style=\"width: 276px; height: 184px;\" \/> <\/a> <div class=\"tiled-gallery-caption\" itemprop=\"caption description\"> Foto: Susanne van Loon <\/div> <\/div> <\/div> <!-- close group --> <div class=\"gallery-group images-1\" style=\"width: 280px; height: 188px;\" data-original-width=\"280\" data-original-height=\"188\" > <div class=\"tiled-gallery-item tiled-gallery-item-large\" itemprop=\"associatedMedia\" itemscope itemtype=\"http:\/\/schema.org\/ImageObject\"> <a href=\"https:\/\/www.jazzzeitung.de\/cms\/2014\/07\/jazz-ist-begegnung-das-32-suedtirol-jazzfestival-zwischen-coax-kollektiv-und-chick-corea\/attachment\/028\/\" border=\"0\" itemprop=\"url\"> <meta itemprop=\"width\" content=\"276\"> <meta itemprop=\"height\" content=\"184\"> <img decoding=\"async\" class=\"\" data-attachment-id=\"4203\" data-orig-file=\"https:\/\/www.jazzzeitung.de\/cms\/wp-content\/uploads\/2014\/07\/028.jpg\" data-orig-size=\"4256,2832\" data-comments-opened=\"1\" data-image-meta=\"{&quot;aperture&quot;:&quot;9&quot;,&quot;credit&quot;:&quot;&quot;,&quot;camera&quot;:&quot;NIKON D700&quot;,&quot;caption&quot;:&quot;&quot;,&quot;created_timestamp&quot;:&quot;1404574220&quot;,&quot;copyright&quot;:&quot;&quot;,&quot;focal_length&quot;:&quot;62&quot;,&quot;iso&quot;:&quot;200&quot;,&quot;shutter_speed&quot;:&quot;0.003125&quot;,&quot;title&quot;:&quot;&quot;}\" data-image-title=\"028\" data-image-description=\"&lt;p&gt;\u201eBaaBox\u201c: S\u00e4ngerin Leila Martial, Keyboarderin und Geigerin Alice Perret sowie Pierre Teyregeol (g) und Eric Perez (dr) trotzten Regen und Wind vor der Feltuner H\u00fctte am Hausberg Ritten. Moderne Songs aus dem urbanen Frankreich in malerischer Bergkulisse und darum umso so frappierender. Coax sei Dank. Foto: Susanne van Loon&lt;\/p&gt; \" data-medium-file=\"https:\/\/i0.wp.com\/www.jazzzeitung.de\/cms\/wp-content\/uploads\/2014\/07\/028.jpg?fit=300%2C199&#038;ssl=1\" data-large-file=\"https:\/\/i0.wp.com\/www.jazzzeitung.de\/cms\/wp-content\/uploads\/2014\/07\/028.jpg?fit=840%2C558&#038;ssl=1\" src=\"https:\/\/i0.wp.com\/www.jazzzeitung.de\/cms\/wp-content\/uploads\/2014\/07\/028.jpg?w=276&#038;h=184&#038;ssl=1\" srcset=\"https:\/\/i0.wp.com\/www.jazzzeitung.de\/cms\/wp-content\/uploads\/2014\/07\/028.jpg?w=4256&amp;ssl=1 4256w, https:\/\/i0.wp.com\/www.jazzzeitung.de\/cms\/wp-content\/uploads\/2014\/07\/028.jpg?resize=300%2C200&amp;ssl=1 300w, https:\/\/i0.wp.com\/www.jazzzeitung.de\/cms\/wp-content\/uploads\/2014\/07\/028.jpg?resize=900%2C598&amp;ssl=1 900w, https:\/\/i0.wp.com\/www.jazzzeitung.de\/cms\/wp-content\/uploads\/2014\/07\/028.jpg?w=1680&amp;ssl=1 1680w, https:\/\/i0.wp.com\/www.jazzzeitung.de\/cms\/wp-content\/uploads\/2014\/07\/028.jpg?w=2520&amp;ssl=1 2520w\" width=\"276\" height=\"184\" loading=\"lazy\" data-original-width=\"276\" data-original-height=\"184\" itemprop=\"http:\/\/schema.org\/image\" title=\"028\" alt=\"\u201eBaaBox\u201c: S\u00e4ngerin Leila Martial, Keyboarderin und Geigerin Alice Perret sowie Pierre Teyregeol (g) und Eric Perez (dr) trotzten Regen und Wind vor der Feltuner H\u00fctte am Hausberg Ritten. Moderne Songs aus dem urbanen Frankreich in malerischer Bergkulisse und darum umso so frappierender. Coax sei Dank. Foto: Susanne van Loon\" style=\"width: 276px; height: 184px;\" \/> <\/a> <div class=\"tiled-gallery-caption\" itemprop=\"caption description\"> \u201eBaaBox\u201c: S\u00e4ngerin Leila Martial, Keyboarderin und Geigerin Alice Perret sowie Pierre Teyregeol (g) und Eric Perez (dr) trotzten Regen und Wind vor der Feltuner H\u00fctte am Hausberg Ritten. Moderne Songs aus dem urbanen Frankreich in malerischer Bergkulisse und darum umso so frappierender. Coax sei Dank. Foto: Susanne van Loon <\/div> <\/div> <\/div> <!-- close group --> <\/div> <!-- close row --> <div class=\"gallery-row\" style=\"width: 840px; height: 163px;\" data-original-width=\"840\" data-original-height=\"163\" > <div class=\"gallery-group images-1\" style=\"width: 244px; height: 163px;\" data-original-width=\"244\" data-original-height=\"163\" > <div class=\"tiled-gallery-item tiled-gallery-item-small\" itemprop=\"associatedMedia\" itemscope itemtype=\"http:\/\/schema.org\/ImageObject\"> <a href=\"https:\/\/www.jazzzeitung.de\/cms\/2014\/07\/jazz-ist-begegnung-das-32-suedtirol-jazzfestival-zwischen-coax-kollektiv-und-chick-corea\/attachment\/027\/\" border=\"0\" itemprop=\"url\"> <meta itemprop=\"width\" content=\"240\"> <meta itemprop=\"height\" content=\"159\"> <img decoding=\"async\" class=\"\" data-attachment-id=\"4202\" data-orig-file=\"https:\/\/www.jazzzeitung.de\/cms\/wp-content\/uploads\/2014\/07\/027.jpg\" data-orig-size=\"4256,2832\" data-comments-opened=\"1\" data-image-meta=\"{&quot;aperture&quot;:&quot;10&quot;,&quot;credit&quot;:&quot;&quot;,&quot;camera&quot;:&quot;NIKON D700&quot;,&quot;caption&quot;:&quot;&quot;,&quot;created_timestamp&quot;:&quot;1404574189&quot;,&quot;copyright&quot;:&quot;&quot;,&quot;focal_length&quot;:&quot;70&quot;,&quot;iso&quot;:&quot;200&quot;,&quot;shutter_speed&quot;:&quot;0.0025&quot;,&quot;title&quot;:&quot;&quot;}\" data-image-title=\"027\" data-image-description=\"&lt;p&gt;Das &amp;#8222;Alpinpublikum&amp;#8220; bei \u201eBaaBox\u201c mit S\u00e4ngerin Leila Martial, Keyboarderin und Geigerin Alice Perret sowie Pierre Teyregeol (g) und Eric Perez (dr) vor der Feltuner H\u00fctte am Hausberg Ritten. Foto: Susanne van Loon&lt;\/p&gt; \" data-medium-file=\"https:\/\/i0.wp.com\/www.jazzzeitung.de\/cms\/wp-content\/uploads\/2014\/07\/027.jpg?fit=300%2C199&#038;ssl=1\" data-large-file=\"https:\/\/i0.wp.com\/www.jazzzeitung.de\/cms\/wp-content\/uploads\/2014\/07\/027.jpg?fit=840%2C558&#038;ssl=1\" src=\"https:\/\/i0.wp.com\/www.jazzzeitung.de\/cms\/wp-content\/uploads\/2014\/07\/027.jpg?w=240&#038;h=159&#038;ssl=1\" srcset=\"https:\/\/i0.wp.com\/www.jazzzeitung.de\/cms\/wp-content\/uploads\/2014\/07\/027.jpg?w=4256&amp;ssl=1 4256w, https:\/\/i0.wp.com\/www.jazzzeitung.de\/cms\/wp-content\/uploads\/2014\/07\/027.jpg?resize=300%2C200&amp;ssl=1 300w, https:\/\/i0.wp.com\/www.jazzzeitung.de\/cms\/wp-content\/uploads\/2014\/07\/027.jpg?resize=900%2C598&amp;ssl=1 900w, https:\/\/i0.wp.com\/www.jazzzeitung.de\/cms\/wp-content\/uploads\/2014\/07\/027.jpg?w=1680&amp;ssl=1 1680w, https:\/\/i0.wp.com\/www.jazzzeitung.de\/cms\/wp-content\/uploads\/2014\/07\/027.jpg?w=2520&amp;ssl=1 2520w\" width=\"240\" height=\"159\" loading=\"lazy\" data-original-width=\"240\" data-original-height=\"159\" itemprop=\"http:\/\/schema.org\/image\" title=\"027\" alt=\"Das &quot;Alpinpublikum&quot; bei \u201eBaaBox\u201c mit S\u00e4ngerin Leila Martial, Keyboarderin und Geigerin Alice Perret sowie Pierre Teyregeol (g) und Eric Perez (dr) vor der Feltuner H\u00fctte am Hausberg Ritten. Foto: Susanne van Loon\" style=\"width: 240px; height: 159px;\" \/> <\/a> <div class=\"tiled-gallery-caption\" itemprop=\"caption description\"> Das &#8222;Alpinpublikum&#8220; bei \u201eBaaBox\u201c mit S\u00e4ngerin Leila Martial, Keyboarderin und Geigerin Alice Perret sowie Pierre Teyregeol (g) und Eric Perez (dr) vor der Feltuner H\u00fctte am Hausberg Ritten. Foto: Susanne van Loon <\/div> <\/div> <\/div> <!-- close group --> <div class=\"gallery-group images-1\" style=\"width: 110px; height: 163px;\" data-original-width=\"110\" data-original-height=\"163\" > <div class=\"tiled-gallery-item tiled-gallery-item-small\" itemprop=\"associatedMedia\" itemscope itemtype=\"http:\/\/schema.org\/ImageObject\"> <a href=\"https:\/\/www.jazzzeitung.de\/cms\/2014\/07\/jazz-ist-begegnung-das-32-suedtirol-jazzfestival-zwischen-coax-kollektiv-und-chick-corea\/attachment\/022\/\" border=\"0\" itemprop=\"url\"> <meta itemprop=\"width\" content=\"106\"> <meta itemprop=\"height\" content=\"159\"> <img decoding=\"async\" class=\"\" data-attachment-id=\"4201\" data-orig-file=\"https:\/\/www.jazzzeitung.de\/cms\/wp-content\/uploads\/2014\/07\/022.jpg\" data-orig-size=\"2832,4256\" data-comments-opened=\"1\" data-image-meta=\"{&quot;aperture&quot;:&quot;3.5&quot;,&quot;credit&quot;:&quot;&quot;,&quot;camera&quot;:&quot;NIKON D700&quot;,&quot;caption&quot;:&quot;&quot;,&quot;created_timestamp&quot;:&quot;1404599076&quot;,&quot;copyright&quot;:&quot;&quot;,&quot;focal_length&quot;:&quot;70&quot;,&quot;iso&quot;:&quot;2000&quot;,&quot;shutter_speed&quot;:&quot;0.01&quot;,&quot;title&quot;:&quot;&quot;}\" data-image-title=\"022\" data-image-description=\"&lt;p&gt;&amp;#8222;Now vs. Now feat. Baba Israel&amp;#8220;: Jason Lindner und Band mit Baba Israel boten urbanen New York Sound in mediterraner Sommernacht. Schlagzeuger Justin Tyson und Bassist Andreou Panagiotis lie\u00dfen sich auch durch invasive M\u00fcckenschw\u00e4rme niemals aus dem Groove bringen. Foto: Susanne van Loon&lt;\/p&gt; \" data-medium-file=\"https:\/\/i0.wp.com\/www.jazzzeitung.de\/cms\/wp-content\/uploads\/2014\/07\/022.jpg?fit=199%2C300&#038;ssl=1\" data-large-file=\"https:\/\/i0.wp.com\/www.jazzzeitung.de\/cms\/wp-content\/uploads\/2014\/07\/022.jpg?fit=399%2C600&#038;ssl=1\" src=\"https:\/\/i0.wp.com\/www.jazzzeitung.de\/cms\/wp-content\/uploads\/2014\/07\/022.jpg?w=106&#038;h=159&#038;ssl=1\" srcset=\"https:\/\/i0.wp.com\/www.jazzzeitung.de\/cms\/wp-content\/uploads\/2014\/07\/022.jpg?w=2832&amp;ssl=1 2832w, https:\/\/i0.wp.com\/www.jazzzeitung.de\/cms\/wp-content\/uploads\/2014\/07\/022.jpg?resize=199%2C300&amp;ssl=1 199w, https:\/\/i0.wp.com\/www.jazzzeitung.de\/cms\/wp-content\/uploads\/2014\/07\/022.jpg?resize=399%2C600&amp;ssl=1 399w, https:\/\/i0.wp.com\/www.jazzzeitung.de\/cms\/wp-content\/uploads\/2014\/07\/022.jpg?resize=900%2C1352&amp;ssl=1 900w, https:\/\/i0.wp.com\/www.jazzzeitung.de\/cms\/wp-content\/uploads\/2014\/07\/022.jpg?w=1680&amp;ssl=1 1680w, https:\/\/i0.wp.com\/www.jazzzeitung.de\/cms\/wp-content\/uploads\/2014\/07\/022.jpg?w=2520&amp;ssl=1 2520w\" width=\"106\" height=\"159\" loading=\"lazy\" data-original-width=\"106\" data-original-height=\"159\" itemprop=\"http:\/\/schema.org\/image\" title=\"022\" alt=\"&quot;Now vs. Now feat. Baba Israel&quot;: Jason Lindner und Band mit Baba Israel boten urbanen New York Sound in mediterraner Sommernacht. Schlagzeuger Justin Tyson und Bassist Andreou Panagiotis lie\u00dfen sich auch durch invasive M\u00fcckenschw\u00e4rme niemals aus dem Groove bringen. Foto: Susanne van Loon\" style=\"width: 106px; height: 159px;\" \/> <\/a> <div class=\"tiled-gallery-caption\" itemprop=\"caption description\"> &#8222;Now vs. Now feat. Baba Israel&#8220;: Jason Lindner und Band mit Baba Israel boten urbanen New York Sound in mediterraner Sommernacht. Schlagzeuger Justin Tyson und Bassist Andreou Panagiotis lie\u00dfen sich auch durch invasive M\u00fcckenschw\u00e4rme niemals aus dem Groove bringen. Foto: Susanne van Loon <\/div> <\/div> <\/div> <!-- close group --> <div class=\"gallery-group images-1\" style=\"width: 243px; height: 163px;\" data-original-width=\"243\" data-original-height=\"163\" > <div class=\"tiled-gallery-item tiled-gallery-item-small\" itemprop=\"associatedMedia\" itemscope itemtype=\"http:\/\/schema.org\/ImageObject\"> <a href=\"https:\/\/www.jazzzeitung.de\/cms\/2014\/07\/jazz-ist-begegnung-das-32-suedtirol-jazzfestival-zwischen-coax-kollektiv-und-chick-corea\/attachment\/021\/\" border=\"0\" itemprop=\"url\"> <meta itemprop=\"width\" content=\"239\"> <meta itemprop=\"height\" content=\"159\"> <img decoding=\"async\" class=\"\" data-attachment-id=\"4200\" data-orig-file=\"https:\/\/www.jazzzeitung.de\/cms\/wp-content\/uploads\/2014\/07\/021.jpg\" data-orig-size=\"4256,2832\" data-comments-opened=\"1\" data-image-meta=\"{&quot;aperture&quot;:&quot;2.8&quot;,&quot;credit&quot;:&quot;&quot;,&quot;camera&quot;:&quot;NIKON D700&quot;,&quot;caption&quot;:&quot;&quot;,&quot;created_timestamp&quot;:&quot;1404596812&quot;,&quot;copyright&quot;:&quot;&quot;,&quot;focal_length&quot;:&quot;70&quot;,&quot;iso&quot;:&quot;2000&quot;,&quot;shutter_speed&quot;:&quot;0.01&quot;,&quot;title&quot;:&quot;&quot;}\" data-image-title=\"021\" data-image-description=\"&lt;p&gt;&amp;#8222;Now vs. Now feat. Baba Israel&amp;#8220;: Jason Lindner und Band mit Baba Israel boten urbanen New York Sound in mediterraner Sommernacht. Schlagzeuger Justin Tyson und Bassist Andreou Panagiotis lie\u00dfen sich auch durch invasive M\u00fcckenschw\u00e4rme niemals aus dem Groove bringen. Foto: Susanne van Loon&lt;\/p&gt; \" data-medium-file=\"https:\/\/i0.wp.com\/www.jazzzeitung.de\/cms\/wp-content\/uploads\/2014\/07\/021.jpg?fit=300%2C199&#038;ssl=1\" data-large-file=\"https:\/\/i0.wp.com\/www.jazzzeitung.de\/cms\/wp-content\/uploads\/2014\/07\/021.jpg?fit=840%2C558&#038;ssl=1\" src=\"https:\/\/i0.wp.com\/www.jazzzeitung.de\/cms\/wp-content\/uploads\/2014\/07\/021.jpg?w=239&#038;h=159&#038;ssl=1\" srcset=\"https:\/\/i0.wp.com\/www.jazzzeitung.de\/cms\/wp-content\/uploads\/2014\/07\/021.jpg?w=4256&amp;ssl=1 4256w, https:\/\/i0.wp.com\/www.jazzzeitung.de\/cms\/wp-content\/uploads\/2014\/07\/021.jpg?resize=300%2C200&amp;ssl=1 300w, https:\/\/i0.wp.com\/www.jazzzeitung.de\/cms\/wp-content\/uploads\/2014\/07\/021.jpg?resize=900%2C598&amp;ssl=1 900w, https:\/\/i0.wp.com\/www.jazzzeitung.de\/cms\/wp-content\/uploads\/2014\/07\/021.jpg?w=1680&amp;ssl=1 1680w, https:\/\/i0.wp.com\/www.jazzzeitung.de\/cms\/wp-content\/uploads\/2014\/07\/021.jpg?w=2520&amp;ssl=1 2520w\" width=\"239\" height=\"159\" loading=\"lazy\" data-original-width=\"239\" data-original-height=\"159\" itemprop=\"http:\/\/schema.org\/image\" title=\"021\" alt=\"&quot;Now vs. Now feat. Baba Israel&quot;: Jason Lindner und Band mit Baba Israel boten urbanen New York Sound in mediterraner Sommernacht. Schlagzeuger Justin Tyson und Bassist Andreou Panagiotis lie\u00dfen sich auch durch invasive M\u00fcckenschw\u00e4rme niemals aus dem Groove bringen. Foto: Susanne van Loon\" style=\"width: 239px; height: 159px;\" \/> <\/a> <div class=\"tiled-gallery-caption\" itemprop=\"caption description\"> &#8222;Now vs. Now feat. Baba Israel&#8220;: Jason Lindner und Band mit Baba Israel boten urbanen New York Sound in mediterraner Sommernacht. Schlagzeuger Justin Tyson und Bassist Andreou Panagiotis lie\u00dfen sich auch durch invasive M\u00fcckenschw\u00e4rme niemals aus dem Groove bringen. Foto: Susanne van Loon <\/div> <\/div> <\/div> <!-- close group --> <div class=\"gallery-group images-1\" style=\"width: 243px; height: 163px;\" data-original-width=\"243\" data-original-height=\"163\" > <div class=\"tiled-gallery-item tiled-gallery-item-small\" itemprop=\"associatedMedia\" itemscope itemtype=\"http:\/\/schema.org\/ImageObject\"> <a href=\"https:\/\/www.jazzzeitung.de\/cms\/2014\/07\/jazz-ist-begegnung-das-32-suedtirol-jazzfestival-zwischen-coax-kollektiv-und-chick-corea\/attachment\/004\/\" border=\"0\" itemprop=\"url\"> <meta itemprop=\"width\" content=\"239\"> <meta itemprop=\"height\" content=\"159\"> <img decoding=\"async\" class=\"\" data-attachment-id=\"4205\" data-orig-file=\"https:\/\/www.jazzzeitung.de\/cms\/wp-content\/uploads\/2014\/07\/004.jpg\" data-orig-size=\"4256,2832\" data-comments-opened=\"1\" data-image-meta=\"{&quot;aperture&quot;:&quot;5.6&quot;,&quot;credit&quot;:&quot;&quot;,&quot;camera&quot;:&quot;NIKON D700&quot;,&quot;caption&quot;:&quot;&quot;,&quot;created_timestamp&quot;:&quot;1404162848&quot;,&quot;copyright&quot;:&quot;&quot;,&quot;focal_length&quot;:&quot;48&quot;,&quot;iso&quot;:&quot;2000&quot;,&quot;shutter_speed&quot;:&quot;0.00625&quot;,&quot;title&quot;:&quot;&quot;}\" data-image-title=\"004\" data-image-description=\"&lt;p&gt;Pipeline im Parco Semirurali: Jazz zwischen Punk und Pop mit Antoine Viard (sax), Fanny Lafargues (e-bass), Yann Joussein (dr) und Ronan Courtry (b). Foto: Susanne van Loon&lt;\/p&gt; \" data-medium-file=\"https:\/\/i0.wp.com\/www.jazzzeitung.de\/cms\/wp-content\/uploads\/2014\/07\/004.jpg?fit=300%2C199&#038;ssl=1\" data-large-file=\"https:\/\/i0.wp.com\/www.jazzzeitung.de\/cms\/wp-content\/uploads\/2014\/07\/004.jpg?fit=840%2C558&#038;ssl=1\" src=\"https:\/\/i0.wp.com\/www.jazzzeitung.de\/cms\/wp-content\/uploads\/2014\/07\/004.jpg?w=239&#038;h=159&#038;ssl=1\" srcset=\"https:\/\/i0.wp.com\/www.jazzzeitung.de\/cms\/wp-content\/uploads\/2014\/07\/004.jpg?w=4256&amp;ssl=1 4256w, https:\/\/i0.wp.com\/www.jazzzeitung.de\/cms\/wp-content\/uploads\/2014\/07\/004.jpg?resize=300%2C200&amp;ssl=1 300w, https:\/\/i0.wp.com\/www.jazzzeitung.de\/cms\/wp-content\/uploads\/2014\/07\/004.jpg?resize=900%2C598&amp;ssl=1 900w, https:\/\/i0.wp.com\/www.jazzzeitung.de\/cms\/wp-content\/uploads\/2014\/07\/004.jpg?w=1680&amp;ssl=1 1680w, https:\/\/i0.wp.com\/www.jazzzeitung.de\/cms\/wp-content\/uploads\/2014\/07\/004.jpg?w=2520&amp;ssl=1 2520w\" width=\"239\" height=\"159\" loading=\"lazy\" data-original-width=\"239\" data-original-height=\"159\" itemprop=\"http:\/\/schema.org\/image\" title=\"004\" alt=\"&quot;Pipeline&quot; im Parco Semirurali: Jazz zwischen Punk und Pop mit Antoine Viard (sax), Fanny Lafargues (e-bass), Yann Joussein (dr) und Ronan Courtry (b). Foto: Susanne van Loon\" style=\"width: 239px; height: 159px;\" \/> <\/a> <div class=\"tiled-gallery-caption\" itemprop=\"caption description\"> &#8222;Pipeline&#8220; im Parco Semirurali: Jazz zwischen Punk und Pop mit Antoine Viard (sax), Fanny Lafargues (e-bass), Yann Joussein (dr) und Ronan Courtry (b). Foto: Susanne van Loon <\/div> <\/div> <\/div> <!-- close group --> <\/div> <!-- close row --> <\/div>\n<p><span style=\"font-family: Times New Roman,serif;\">Thank you Klaus \u2013 wenn Rapper Baba Israel sich w\u00e4hrend eines Open Air-Konzerts am Ufer des Talfer beim Festivalchef Klaus Widmann bedankt, dann hat das nichts Artiges an sich, sondern ist authentisch. Und wenn sich sp\u00e4ter Israel, Keyboarder Jason Lindner, Drummer Justin Tyson und Bassist Andreou Panagiotis beim Publikum mit einer 20-min\u00fctigen feurigen Tanzsession bedanken, dann ist auch das alles andere als Dienst nach Vorschrift. Nicht nur bei diesem exzellenten Auftritt der New Yorker Electro Groover wurde deutlich: Die kompromisslose Leidenschaft des Festivalmachers Klaus Widmann spiegelte sich stets auch in den Beitr\u00e4gen und in der Verve der eingeladenen K\u00fcnstler zum 32. Jazzfestival S\u00fcdtirol Alto Adige.<\/span><\/p>\n<p>Wie schon in fr\u00fcheren Jahren galt es, Gef\u00e4\u00dfe zu bef\u00fcllen wie Jazz and the Mountains, Jazz and Arts, Jazz and Culture meets Economy, Jazz and Education, Jazz and Wine, Jazz meets Busoni oder Jazz Euregio mit Konzerten in Innsbruck und dem Trentino sowie Jazz meets Film.<\/p>\n<p style=\"margin-bottom: 0cm;\">Hinter diesen \u00dcberschriften verbirgt sich nicht nur ein abwechslungsreiches und mit wenigen Ausnahmen fast immer qualit\u00e4tsvolles Programm, sondern auch ein ausgekl\u00fcgeltes Finanzierungs-, Sponsoring- und Organisationskonzept f\u00fcr ein Festival, dass sich eine Woche lang Bozen, Meran, Bruneck, Brixen, Sterzing und vielen anderen Orten \u00fcber ganz S\u00fcdtirol erstreckt. Neu dazugekommen war dieses Jahr ein Ausflug ins Trentino, genauer ins kymbrische J&#8217;atz Lus\u00e9rn, einer zimbrischen Sprachinsel, wo heute noch eine vor etwa 1.000 entstandene s\u00fcdwestbayerische Mundart gesprochen wird. Das S\u00fcdtirol Festival erinnerte mit diesem Konzert mit drei Auftragskompositionen auch an den Ausbruch des Ersten Weltkriegs vor 100 Jahren, das die Hochebene von Lusern nach dem Kriegseintritt Italiens zu einem umk\u00e4mpften und verw\u00fcsteten Gebiet machte.<\/p>\n<p style=\"margin-bottom: 0cm;\">Neu war auch die Saslonch Suite, ein hochalpin-musikalisches Herzensprojekt von Widmann, dass zwar die meisten Ressourcen verschlang, immer von schlechtem Wetter bedroht war, aber bei Zuschauern und Akteuren Hochgef\u00fchle wie bei einer Erstbesteigung hinterlie\u00df. Mehr dazu im Artikel Egalit\u00e9 \u2013 Libert\u00e9 -Virtuosit\u00e9 unter www.jazzzeitung.de. In diesem Text stellte Oliver Hochkeppel bereits den Frankreichschwerpunkt des diesj\u00e4hrigen S\u00fcdtirol Jazzfestivals vor. Dass neben neben prominenten Namen wie Papanosh oder Vincent Peirani zwei Drittel aller Musiker aus Frankreich kamen, war nur m\u00f6glich mit Hilfe des Musikerkollektivs Coax. Der Gitarrist Julien Desprez, der Schlagzeuger Yann Joussein, die E-Harfenistin Rafaelle Rinaudo und andere gr\u00fcndeten dieses Musikerpool erst vor vor wenigen Jahren. Inzwischen gingen daraus zahlreiche Besetzungen vom Solokonzert bis zum Orchester hervor. Coax steht nicht nur f\u00fcr jungen, innovativen Jazz, sondern auch f\u00fcr eine neue Art, das sperrige Produkt Jazz zu vermarkten. Denkbar ist der Erfolg dieser Initiative nur durch die im Vergleich zu Deutschland vorbildliche staatliche Exportf\u00f6rderung der jungen Musiker. Den einen oder anderen Namen wird man auch in Zukunft h\u00f6ren werden &#8211; und zwar nicht nur in Frankreich.<\/p>\n<p style=\"margin-bottom: 0cm;\">Postscriptum: Altmeister Chick Corea und (Mit-)Gr\u00fcndervater des Jazzrock beschloss das S\u00fcdtirol Jazzfestival Alto Adige mit einem Duokonzert mit dem Bassisten Stanley Clarke in Sterzing. Das Duo spielte vor erstaunlich kenntnisreichen Fans zun\u00e4chst Songs der ersten beiden Return to Forever-Alben, wenig straight, die Themen eher eingestreut in sessionhafte Passagen, kein Rhodes, nur Fl\u00fcgel, Stanley teils mit m\u00e4chtigem Hall-Sound. Dann \u201eWaltz For Debbie\u201c, \u201eRomantic Warrior\u201c (f\u00fcrs Duo weniger geeignet, vielleicht deshalb &#8222;Song For My Father&#8220; mit eingebaut) und schlie\u00dflich\u00a0 \u201eArmando&#8217;s Rhumba\u201c. Chick Corea spielt solo Scriabin Prelude No.4 (1888), verlie\u00df dabei den Notentext und improvisiert respektvoll. Es folgten noch \u201eNo Mystery\u201c (auch das nicht ideal f\u00fcrs Duo). Zugabe: \u201eSpain\u201c mit Passagen zum Mitsingen\/klatschen.<br \/>\nDie St\u00e4rke des Konzertes waren nicht zuletzt die unverw\u00fcstlichen Kompositionen. Auch wenn sich \u201eProduktionshalle Pistenfahrzeuge der Leitner Group\u201c als Konzertort zun\u00e4chst n\u00fcchtern anh\u00f6rt, die Akustik und die Atmosph\u00e4re waren gut. (kvs)<\/p>\n<p style=\"margin-bottom: 0cm;\">Alle Fotos von Susanne van Loon (ausgenommen J&#8217;atz Lus\u00e9rn (S\u00fcdtirol Jazzfestival Alto Adige)<\/p>\n<p>&nbsp;<\/p>\n","protected":false},"excerpt":{"rendered":"<p>&nbsp; Thank you Klaus \u2013 wenn Rapper Baba Israel sich w\u00e4hrend eines Open Air-Konzerts am Ufer des Talfer beim Festivalchef Klaus Widmann bedankt, dann hat das nichts Artiges an sich, sondern ist authentisch. Und wenn sich sp\u00e4ter Israel, Keyboarder Jason Lindner, Drummer Justin Tyson und Bassist Andreou Panagiotis beim Publikum mit einer 20-min\u00fctigen feurigen Tanzsession bedanken, dann ist auch das alles andere als Dienst nach Vorschrift. Nicht nur bei diesem exzellenten Auftritt der New Yorker Electro Groover wurde deutlich: Die kompromisslose Leidenschaft des Festivalmachers Klaus Widmann spiegelte sich stets auch in den Beitr\u00e4gen und in der Verve der eingeladenen K\u00fcnstler zum 32. Jazzfestival S\u00fcdtirol Alto Adige. Wie schon in fr\u00fcheren Jahren galt es, Gef\u00e4\u00dfe zu bef\u00fcllen wie Jazz and the Mountains, Jazz and Arts, Jazz and Culture meets Economy, Jazz and Education, Jazz and Wine, Jazz meets Busoni oder Jazz Euregio mit Konzerten in Innsbruck und dem Trentino sowie Jazz meets Film. Hinter diesen \u00dcberschriften verbirgt sich nicht nur ein abwechslungsreiches und mit wenigen Ausnahmen fast immer qualit\u00e4tsvolles Programm, sondern auch ein ausgekl\u00fcgeltes Finanzierungs-, Sponsoring- und Organisationskonzept f\u00fcr ein Festival, dass sich eine Woche lang &hellip;<\/p>\n","protected":false},"author":7,"featured_media":0,"comment_status":"open","ping_status":"closed","sticky":false,"template":"","format":"gallery","meta":{"_jetpack_memberships_contains_paid_content":false,"footnotes":"","jetpack_publicize_message":"","jetpack_publicize_feature_enabled":true,"jetpack_social_post_already_shared":false,"jetpack_social_options":{"image_generator_settings":{"template":"highway","default_image_id":0,"font":"","enabled":false},"version":2}},"categories":[652,633],"tags":[917,137,3,918,322,845,775,146,920,1009,1010],"coauthors":[662],"class_list":["post-4198","post","type-post","status-publish","format-gallery","hentry","category-galerie","category-nachrichten","tag-alto-adige","tag-deutschland","tag-festival","tag-jazzfestival","tag-konzert-2","tag-oliver-hochkeppel","tag-open","tag-dombrowski","tag-stanley-clarke","tag-suedtirol-jazzfestival","tag-vincent-peirani","post_format-post-format-gallery"],"yoast_head":"<!-- This site is optimized with the Yoast SEO plugin v27.5 - https:\/\/yoast.com\/product\/yoast-seo-wordpress\/ -->\n<title>Jazz ist Begegnung - das 32. S\u00fcdtirol Jazzfestival zwischen Coax-Kollektiv und Chick Corea - JazzZeitung<\/title>\n<meta name=\"robots\" content=\"index, follow, max-snippet:-1, max-image-preview:large, max-video-preview:-1\" \/>\n<link rel=\"canonical\" href=\"https:\/\/www.jazzzeitung.de\/cms\/2014\/07\/jazz-ist-begegnung-das-32-suedtirol-jazzfestival-zwischen-coax-kollektiv-und-chick-corea\/\" \/>\n<meta property=\"og:locale\" content=\"de_DE\" \/>\n<meta property=\"og:type\" content=\"article\" \/>\n<meta property=\"og:title\" content=\"Jazz ist Begegnung - das 32. S\u00fcdtirol Jazzfestival zwischen Coax-Kollektiv und Chick Corea - JazzZeitung\" \/>\n<meta property=\"og:description\" content=\"&nbsp; Thank you Klaus \u2013 wenn Rapper Baba Israel sich w\u00e4hrend eines Open Air-Konzerts am Ufer des Talfer beim Festivalchef Klaus Widmann bedankt, dann hat das nichts Artiges an sich, sondern ist authentisch. Und wenn sich sp\u00e4ter Israel, Keyboarder Jason Lindner, Drummer Justin Tyson und Bassist Andreou Panagiotis beim Publikum mit einer 20-min\u00fctigen feurigen Tanzsession bedanken, dann ist auch das alles andere als Dienst nach Vorschrift. Nicht nur bei diesem exzellenten Auftritt der New Yorker Electro Groover wurde deutlich: Die kompromisslose Leidenschaft des Festivalmachers Klaus Widmann spiegelte sich stets auch in den Beitr\u00e4gen und in der Verve der eingeladenen K\u00fcnstler zum 32. Jazzfestival S\u00fcdtirol Alto Adige. Wie schon in fr\u00fcheren Jahren galt es, Gef\u00e4\u00dfe zu bef\u00fcllen wie Jazz and the Mountains, Jazz and Arts, Jazz and Culture meets Economy, Jazz and Education, Jazz and Wine, Jazz meets Busoni oder Jazz Euregio mit Konzerten in Innsbruck und dem Trentino sowie Jazz meets Film. Hinter diesen \u00dcberschriften verbirgt sich nicht nur ein abwechslungsreiches und mit wenigen Ausnahmen fast immer qualit\u00e4tsvolles Programm, sondern auch ein ausgekl\u00fcgeltes Finanzierungs-, Sponsoring- und Organisationskonzept f\u00fcr ein Festival, dass sich eine Woche lang &hellip;\" \/>\n<meta property=\"og:url\" content=\"https:\/\/www.jazzzeitung.de\/cms\/2014\/07\/jazz-ist-begegnung-das-32-suedtirol-jazzfestival-zwischen-coax-kollektiv-und-chick-corea\/\" \/>\n<meta property=\"og:site_name\" content=\"JazzZeitung\" \/>\n<meta property=\"article:publisher\" content=\"https:\/\/www.facebook.com\/JazzZeitung\/\" \/>\n<meta property=\"article:published_time\" content=\"2014-07-07T11:27:39+00:00\" \/>\n<meta property=\"article:modified_time\" content=\"2014-07-09T18:04:52+00:00\" \/>\n<meta property=\"og:image\" content=\"https:\/\/i0.wp.com\/www.jazzzeitung.de\/cms\/wp-content\/uploads\/2014\/07\/003.jpg?w=477&#038;h=717&#038;ssl=1\" \/>\n<meta name=\"author\" content=\"Andreas Kolb\" \/>\n<script type=\"application\/ld+json\" class=\"yoast-schema-graph\">{\"@context\":\"https:\\\/\\\/schema.org\",\"@graph\":[{\"@type\":\"Article\",\"@id\":\"https:\\\/\\\/www.jazzzeitung.de\\\/cms\\\/2014\\\/07\\\/jazz-ist-begegnung-das-32-suedtirol-jazzfestival-zwischen-coax-kollektiv-und-chick-corea\\\/#article\",\"isPartOf\":{\"@id\":\"https:\\\/\\\/www.jazzzeitung.de\\\/cms\\\/2014\\\/07\\\/jazz-ist-begegnung-das-32-suedtirol-jazzfestival-zwischen-coax-kollektiv-und-chick-corea\\\/\"},\"author\":{\"name\":\"Andreas Kolb\",\"@id\":\"https:\\\/\\\/www.jazzzeitung.de\\\/cms\\\/#\\\/schema\\\/person\\\/23954215d035da9ee48d2a2c09a4a62c\"},\"headline\":\"Jazz ist Begegnung &#8211; das 32. S\u00fcdtirol Jazzfestival zwischen Coax-Kollektiv und Chick Corea\",\"datePublished\":\"2014-07-07T11:27:39+00:00\",\"dateModified\":\"2014-07-09T18:04:52+00:00\",\"mainEntityOfPage\":{\"@id\":\"https:\\\/\\\/www.jazzzeitung.de\\\/cms\\\/2014\\\/07\\\/jazz-ist-begegnung-das-32-suedtirol-jazzfestival-zwischen-coax-kollektiv-und-chick-corea\\\/\"},\"wordCount\":654,\"commentCount\":0,\"publisher\":{\"@id\":\"https:\\\/\\\/www.jazzzeitung.de\\\/cms\\\/#organization\"},\"keywords\":[\"Alto Adige\",\"Deutschland\",\"Festival\",\"Jazzfestival\",\"Konzert\",\"Oliver Hochkeppel\",\"open\",\"Ralf Dombrowski\",\"Stanley Clarke\",\"S\u00fcdtirol Jazzfestival\",\"Vincent Peirani\"],\"articleSection\":[\"Galerie\",\"News\"],\"inLanguage\":\"de\",\"potentialAction\":[{\"@type\":\"CommentAction\",\"name\":\"Comment\",\"target\":[\"https:\\\/\\\/www.jazzzeitung.de\\\/cms\\\/2014\\\/07\\\/jazz-ist-begegnung-das-32-suedtirol-jazzfestival-zwischen-coax-kollektiv-und-chick-corea\\\/#respond\"]}]},{\"@type\":\"WebPage\",\"@id\":\"https:\\\/\\\/www.jazzzeitung.de\\\/cms\\\/2014\\\/07\\\/jazz-ist-begegnung-das-32-suedtirol-jazzfestival-zwischen-coax-kollektiv-und-chick-corea\\\/\",\"url\":\"https:\\\/\\\/www.jazzzeitung.de\\\/cms\\\/2014\\\/07\\\/jazz-ist-begegnung-das-32-suedtirol-jazzfestival-zwischen-coax-kollektiv-und-chick-corea\\\/\",\"name\":\"Jazz ist Begegnung - das 32. S\u00fcdtirol Jazzfestival zwischen Coax-Kollektiv und Chick Corea - JazzZeitung\",\"isPartOf\":{\"@id\":\"https:\\\/\\\/www.jazzzeitung.de\\\/cms\\\/#website\"},\"datePublished\":\"2014-07-07T11:27:39+00:00\",\"dateModified\":\"2014-07-09T18:04:52+00:00\",\"breadcrumb\":{\"@id\":\"https:\\\/\\\/www.jazzzeitung.de\\\/cms\\\/2014\\\/07\\\/jazz-ist-begegnung-das-32-suedtirol-jazzfestival-zwischen-coax-kollektiv-und-chick-corea\\\/#breadcrumb\"},\"inLanguage\":\"de\",\"potentialAction\":[{\"@type\":\"ReadAction\",\"target\":[\"https:\\\/\\\/www.jazzzeitung.de\\\/cms\\\/2014\\\/07\\\/jazz-ist-begegnung-das-32-suedtirol-jazzfestival-zwischen-coax-kollektiv-und-chick-corea\\\/\"]}]},{\"@type\":\"BreadcrumbList\",\"@id\":\"https:\\\/\\\/www.jazzzeitung.de\\\/cms\\\/2014\\\/07\\\/jazz-ist-begegnung-das-32-suedtirol-jazzfestival-zwischen-coax-kollektiv-und-chick-corea\\\/#breadcrumb\",\"itemListElement\":[{\"@type\":\"ListItem\",\"position\":1,\"name\":\"Startseite\",\"item\":\"https:\\\/\\\/www.jazzzeitung.de\\\/cms\\\/\"},{\"@type\":\"ListItem\",\"position\":2,\"name\":\"Jazz ist Begegnung &#8211; das 32. S\u00fcdtirol Jazzfestival zwischen Coax-Kollektiv und Chick Corea\"}]},{\"@type\":\"WebSite\",\"@id\":\"https:\\\/\\\/www.jazzzeitung.de\\\/cms\\\/#website\",\"url\":\"https:\\\/\\\/www.jazzzeitung.de\\\/cms\\\/\",\"name\":\"JazzZeitung\",\"description\":\"Jazz-News und Jazz-Kontroverses\",\"publisher\":{\"@id\":\"https:\\\/\\\/www.jazzzeitung.de\\\/cms\\\/#organization\"},\"potentialAction\":[{\"@type\":\"SearchAction\",\"target\":{\"@type\":\"EntryPoint\",\"urlTemplate\":\"https:\\\/\\\/www.jazzzeitung.de\\\/cms\\\/?s={search_term_string}\"},\"query-input\":{\"@type\":\"PropertyValueSpecification\",\"valueRequired\":true,\"valueName\":\"search_term_string\"}}],\"inLanguage\":\"de\"},{\"@type\":\"Organization\",\"@id\":\"https:\\\/\\\/www.jazzzeitung.de\\\/cms\\\/#organization\",\"name\":\"JazzZeitung online\",\"url\":\"https:\\\/\\\/www.jazzzeitung.de\\\/cms\\\/\",\"logo\":{\"@type\":\"ImageObject\",\"inLanguage\":\"de\",\"@id\":\"https:\\\/\\\/www.jazzzeitung.de\\\/cms\\\/#\\\/schema\\\/logo\\\/image\\\/\",\"url\":\"https:\\\/\\\/i0.wp.com\\\/www.jazzzeitung.de\\\/cms\\\/wp-content\\\/uploads\\\/2015\\\/08\\\/JAZZZEITUNGDE_Logo_Neu.png?fit=499%2C200&ssl=1\",\"contentUrl\":\"https:\\\/\\\/i0.wp.com\\\/www.jazzzeitung.de\\\/cms\\\/wp-content\\\/uploads\\\/2015\\\/08\\\/JAZZZEITUNGDE_Logo_Neu.png?fit=499%2C200&ssl=1\",\"width\":499,\"height\":200,\"caption\":\"JazzZeitung online\"},\"image\":{\"@id\":\"https:\\\/\\\/www.jazzzeitung.de\\\/cms\\\/#\\\/schema\\\/logo\\\/image\\\/\"},\"sameAs\":[\"https:\\\/\\\/www.facebook.com\\\/JazzZeitung\\\/\"]},{\"@type\":\"Person\",\"@id\":\"https:\\\/\\\/www.jazzzeitung.de\\\/cms\\\/#\\\/schema\\\/person\\\/23954215d035da9ee48d2a2c09a4a62c\",\"name\":\"Andreas Kolb\",\"image\":{\"@type\":\"ImageObject\",\"inLanguage\":\"de\",\"@id\":\"https:\\\/\\\/i0.wp.com\\\/www.jazzzeitung.de\\\/cms\\\/wp-content\\\/uploads\\\/2013\\\/05\\\/kolb-small.jpg?resize=96%2C96&ssl=1d81fdf4aa1b2f31d206a8dd371420dd4\",\"url\":\"https:\\\/\\\/i0.wp.com\\\/www.jazzzeitung.de\\\/cms\\\/wp-content\\\/uploads\\\/2013\\\/05\\\/kolb-small.jpg?resize=96%2C96&ssl=1\",\"contentUrl\":\"https:\\\/\\\/i0.wp.com\\\/www.jazzzeitung.de\\\/cms\\\/wp-content\\\/uploads\\\/2013\\\/05\\\/kolb-small.jpg?resize=96%2C96&ssl=1\",\"caption\":\"Andreas Kolb\"},\"description\":\"Andreas Kolb ist Chefredakteur der Jazzzeitung.\",\"sameAs\":[\"https:\\\/\\\/www.jazzzeitung.de\"],\"url\":\"https:\\\/\\\/www.jazzzeitung.de\\\/cms\\\/author\\\/kolb\\\/\"}]}<\/script>\n<!-- \/ Yoast SEO plugin. -->","yoast_head_json":{"title":"Jazz ist Begegnung - das 32. S\u00fcdtirol Jazzfestival zwischen Coax-Kollektiv und Chick Corea - JazzZeitung","robots":{"index":"index","follow":"follow","max-snippet":"max-snippet:-1","max-image-preview":"max-image-preview:large","max-video-preview":"max-video-preview:-1"},"canonical":"https:\/\/www.jazzzeitung.de\/cms\/2014\/07\/jazz-ist-begegnung-das-32-suedtirol-jazzfestival-zwischen-coax-kollektiv-und-chick-corea\/","og_locale":"de_DE","og_type":"article","og_title":"Jazz ist Begegnung - das 32. S\u00fcdtirol Jazzfestival zwischen Coax-Kollektiv und Chick Corea - JazzZeitung","og_description":"&nbsp; Thank you Klaus \u2013 wenn Rapper Baba Israel sich w\u00e4hrend eines Open Air-Konzerts am Ufer des Talfer beim Festivalchef Klaus Widmann bedankt, dann hat das nichts Artiges an sich, sondern ist authentisch. Und wenn sich sp\u00e4ter Israel, Keyboarder Jason Lindner, Drummer Justin Tyson und Bassist Andreou Panagiotis beim Publikum mit einer 20-min\u00fctigen feurigen Tanzsession bedanken, dann ist auch das alles andere als Dienst nach Vorschrift. Nicht nur bei diesem exzellenten Auftritt der New Yorker Electro Groover wurde deutlich: Die kompromisslose Leidenschaft des Festivalmachers Klaus Widmann spiegelte sich stets auch in den Beitr\u00e4gen und in der Verve der eingeladenen K\u00fcnstler zum 32. Jazzfestival S\u00fcdtirol Alto Adige. Wie schon in fr\u00fcheren Jahren galt es, Gef\u00e4\u00dfe zu bef\u00fcllen wie Jazz and the Mountains, Jazz and Arts, Jazz and Culture meets Economy, Jazz and Education, Jazz and Wine, Jazz meets Busoni oder Jazz Euregio mit Konzerten in Innsbruck und dem Trentino sowie Jazz meets Film. Hinter diesen \u00dcberschriften verbirgt sich nicht nur ein abwechslungsreiches und mit wenigen Ausnahmen fast immer qualit\u00e4tsvolles Programm, sondern auch ein ausgekl\u00fcgeltes Finanzierungs-, Sponsoring- und Organisationskonzept f\u00fcr ein Festival, dass sich eine Woche lang &hellip;","og_url":"https:\/\/www.jazzzeitung.de\/cms\/2014\/07\/jazz-ist-begegnung-das-32-suedtirol-jazzfestival-zwischen-coax-kollektiv-und-chick-corea\/","og_site_name":"JazzZeitung","article_publisher":"https:\/\/www.facebook.com\/JazzZeitung\/","article_published_time":"2014-07-07T11:27:39+00:00","article_modified_time":"2014-07-09T18:04:52+00:00","og_image":[{"url":"https:\/\/i0.wp.com\/www.jazzzeitung.de\/cms\/wp-content\/uploads\/2014\/07\/003.jpg?w=477&#038;h=717&#038;ssl=1","type":"","width":"","height":""}],"author":"Andreas Kolb","schema":{"@context":"https:\/\/schema.org","@graph":[{"@type":"Article","@id":"https:\/\/www.jazzzeitung.de\/cms\/2014\/07\/jazz-ist-begegnung-das-32-suedtirol-jazzfestival-zwischen-coax-kollektiv-und-chick-corea\/#article","isPartOf":{"@id":"https:\/\/www.jazzzeitung.de\/cms\/2014\/07\/jazz-ist-begegnung-das-32-suedtirol-jazzfestival-zwischen-coax-kollektiv-und-chick-corea\/"},"author":{"name":"Andreas Kolb","@id":"https:\/\/www.jazzzeitung.de\/cms\/#\/schema\/person\/23954215d035da9ee48d2a2c09a4a62c"},"headline":"Jazz ist Begegnung &#8211; das 32. S\u00fcdtirol Jazzfestival zwischen Coax-Kollektiv und Chick Corea","datePublished":"2014-07-07T11:27:39+00:00","dateModified":"2014-07-09T18:04:52+00:00","mainEntityOfPage":{"@id":"https:\/\/www.jazzzeitung.de\/cms\/2014\/07\/jazz-ist-begegnung-das-32-suedtirol-jazzfestival-zwischen-coax-kollektiv-und-chick-corea\/"},"wordCount":654,"commentCount":0,"publisher":{"@id":"https:\/\/www.jazzzeitung.de\/cms\/#organization"},"keywords":["Alto Adige","Deutschland","Festival","Jazzfestival","Konzert","Oliver Hochkeppel","open","Ralf Dombrowski","Stanley Clarke","S\u00fcdtirol Jazzfestival","Vincent Peirani"],"articleSection":["Galerie","News"],"inLanguage":"de","potentialAction":[{"@type":"CommentAction","name":"Comment","target":["https:\/\/www.jazzzeitung.de\/cms\/2014\/07\/jazz-ist-begegnung-das-32-suedtirol-jazzfestival-zwischen-coax-kollektiv-und-chick-corea\/#respond"]}]},{"@type":"WebPage","@id":"https:\/\/www.jazzzeitung.de\/cms\/2014\/07\/jazz-ist-begegnung-das-32-suedtirol-jazzfestival-zwischen-coax-kollektiv-und-chick-corea\/","url":"https:\/\/www.jazzzeitung.de\/cms\/2014\/07\/jazz-ist-begegnung-das-32-suedtirol-jazzfestival-zwischen-coax-kollektiv-und-chick-corea\/","name":"Jazz ist Begegnung - das 32. S\u00fcdtirol Jazzfestival zwischen Coax-Kollektiv und Chick Corea - JazzZeitung","isPartOf":{"@id":"https:\/\/www.jazzzeitung.de\/cms\/#website"},"datePublished":"2014-07-07T11:27:39+00:00","dateModified":"2014-07-09T18:04:52+00:00","breadcrumb":{"@id":"https:\/\/www.jazzzeitung.de\/cms\/2014\/07\/jazz-ist-begegnung-das-32-suedtirol-jazzfestival-zwischen-coax-kollektiv-und-chick-corea\/#breadcrumb"},"inLanguage":"de","potentialAction":[{"@type":"ReadAction","target":["https:\/\/www.jazzzeitung.de\/cms\/2014\/07\/jazz-ist-begegnung-das-32-suedtirol-jazzfestival-zwischen-coax-kollektiv-und-chick-corea\/"]}]},{"@type":"BreadcrumbList","@id":"https:\/\/www.jazzzeitung.de\/cms\/2014\/07\/jazz-ist-begegnung-das-32-suedtirol-jazzfestival-zwischen-coax-kollektiv-und-chick-corea\/#breadcrumb","itemListElement":[{"@type":"ListItem","position":1,"name":"Startseite","item":"https:\/\/www.jazzzeitung.de\/cms\/"},{"@type":"ListItem","position":2,"name":"Jazz ist Begegnung &#8211; das 32. S\u00fcdtirol Jazzfestival zwischen Coax-Kollektiv und Chick Corea"}]},{"@type":"WebSite","@id":"https:\/\/www.jazzzeitung.de\/cms\/#website","url":"https:\/\/www.jazzzeitung.de\/cms\/","name":"JazzZeitung","description":"Jazz-News und Jazz-Kontroverses","publisher":{"@id":"https:\/\/www.jazzzeitung.de\/cms\/#organization"},"potentialAction":[{"@type":"SearchAction","target":{"@type":"EntryPoint","urlTemplate":"https:\/\/www.jazzzeitung.de\/cms\/?s={search_term_string}"},"query-input":{"@type":"PropertyValueSpecification","valueRequired":true,"valueName":"search_term_string"}}],"inLanguage":"de"},{"@type":"Organization","@id":"https:\/\/www.jazzzeitung.de\/cms\/#organization","name":"JazzZeitung online","url":"https:\/\/www.jazzzeitung.de\/cms\/","logo":{"@type":"ImageObject","inLanguage":"de","@id":"https:\/\/www.jazzzeitung.de\/cms\/#\/schema\/logo\/image\/","url":"https:\/\/i0.wp.com\/www.jazzzeitung.de\/cms\/wp-content\/uploads\/2015\/08\/JAZZZEITUNGDE_Logo_Neu.png?fit=499%2C200&ssl=1","contentUrl":"https:\/\/i0.wp.com\/www.jazzzeitung.de\/cms\/wp-content\/uploads\/2015\/08\/JAZZZEITUNGDE_Logo_Neu.png?fit=499%2C200&ssl=1","width":499,"height":200,"caption":"JazzZeitung online"},"image":{"@id":"https:\/\/www.jazzzeitung.de\/cms\/#\/schema\/logo\/image\/"},"sameAs":["https:\/\/www.facebook.com\/JazzZeitung\/"]},{"@type":"Person","@id":"https:\/\/www.jazzzeitung.de\/cms\/#\/schema\/person\/23954215d035da9ee48d2a2c09a4a62c","name":"Andreas Kolb","image":{"@type":"ImageObject","inLanguage":"de","@id":"https:\/\/i0.wp.com\/www.jazzzeitung.de\/cms\/wp-content\/uploads\/2013\/05\/kolb-small.jpg?resize=96%2C96&ssl=1d81fdf4aa1b2f31d206a8dd371420dd4","url":"https:\/\/i0.wp.com\/www.jazzzeitung.de\/cms\/wp-content\/uploads\/2013\/05\/kolb-small.jpg?resize=96%2C96&ssl=1","contentUrl":"https:\/\/i0.wp.com\/www.jazzzeitung.de\/cms\/wp-content\/uploads\/2013\/05\/kolb-small.jpg?resize=96%2C96&ssl=1","caption":"Andreas Kolb"},"description":"Andreas Kolb ist Chefredakteur der Jazzzeitung.","sameAs":["https:\/\/www.jazzzeitung.de"],"url":"https:\/\/www.jazzzeitung.de\/cms\/author\/kolb\/"}]}},"wp-worthy-pixel":{"ignored":false,"public":null,"server":null,"url":null},"wp-worthy-type":"normal","jetpack_publicize_connections":[],"cc_featured_image_caption":{"caption_text":false,"source_text":false,"source_url":false},"jetpack_featured_media_url":"","jetpack_shortlink":"https:\/\/wp.me\/p3KEcT-15I","jetpack-related-posts":[{"id":8122,"url":"https:\/\/www.jazzzeitung.de\/cms\/2016\/01\/suedtirol-jazzfestival-alto-adige-2016-startet-die-naechste-runde\/","url_meta":{"origin":4198,"position":0},"title":"Save the Date: S\u00fcdtirol Jazzfestival Alto Adige 2016 startet in die n\u00e4chste Runde","author":"Redaktion JazzZeitung","date":"16. Januar 2016","format":false,"excerpt":"Nach dem Festival ist vor dem Festival: Die Vorbereitungen auf das S\u00fcdtirol Jazzfestival Alto Adige 2016 laufen bereits auf Hochtouren, die Er\u00f6ffnung ist am 24. Juni 2016. Dieses Jahr findet das S\u00fcdtirol Jazzfestival Alto Adige bereits in seiner 34. Auflage statt. Wie jedes Jahr sind auch f\u00fcr das bevorstehende Event\u2026","rel":"","context":"In &quot;News&quot;","block_context":{"text":"News","link":"https:\/\/www.jazzzeitung.de\/cms\/thema\/nachrichten\/"},"img":{"alt_text":"Das 34. S\u00fcdtirol Jazzfestival Alto Adige - dieses Jahr mit dem Schwerpunkt auf \u00d6sterreich und Italien. Foto: G. Pichler","src":"https:\/\/i0.wp.com\/www.jazzzeitung.de\/cms\/wp-content\/uploads\/2016\/01\/SJF15-0701-Waltherplatz-Three-Trapped-Tigers-c-GPichler-14-150x150.jpg?resize=350%2C200","width":350,"height":200},"classes":[]},{"id":27857,"url":"https:\/\/www.jazzzeitung.de\/cms\/2022\/07\/die-energie-der-berge-eine-nachlese-zum-40-suedtirol-jazzfestival-alto-adige\/","url_meta":{"origin":4198,"position":1},"title":"Die Energie der Berge \u2013 eine Nachlese zum 40. S\u00fcdtirol Jazzfestival Alto Adige","author":"Redaktion JazzZeitung","date":"21. Juli 2022","format":false,"excerpt":"\u201eDer Berg verlangt einen gro\u00dfen Energieeinsatz, aber er gibt umso mehr Energie zur\u00fcck\u201c - der Allg\u00e4uer Multiinstrumentalist Matthias Schriefl wei\u00df, wovon er redet. Beim S\u00fcdtirol Jazzfestival Alto Adige zirkulieren vergleichbare Energien, wenn es um aktuelle musikalische Gegenwart in den L\u00e4ndern Europas geht. Klaus Widmann, der langj\u00e4hrige k\u00fcnstlerische Leiter des Festivals\u2026","rel":"","context":"In &quot;Bericht&quot;","block_context":{"text":"Bericht","link":"https:\/\/www.jazzzeitung.de\/cms\/thema\/bericht\/"},"img":{"alt_text":"","src":"https:\/\/i0.wp.com\/www.jazzzeitung.de\/cms\/wp-content\/uploads\/2022\/07\/Panorama_GPichler-scaled.jpg?fit=1200%2C801&ssl=1&resize=350%2C200","width":350,"height":200,"srcset":"https:\/\/i0.wp.com\/www.jazzzeitung.de\/cms\/wp-content\/uploads\/2022\/07\/Panorama_GPichler-scaled.jpg?fit=1200%2C801&ssl=1&resize=350%2C200 1x, https:\/\/i0.wp.com\/www.jazzzeitung.de\/cms\/wp-content\/uploads\/2022\/07\/Panorama_GPichler-scaled.jpg?fit=1200%2C801&ssl=1&resize=525%2C300 1.5x, https:\/\/i0.wp.com\/www.jazzzeitung.de\/cms\/wp-content\/uploads\/2022\/07\/Panorama_GPichler-scaled.jpg?fit=1200%2C801&ssl=1&resize=700%2C400 2x, https:\/\/i0.wp.com\/www.jazzzeitung.de\/cms\/wp-content\/uploads\/2022\/07\/Panorama_GPichler-scaled.jpg?fit=1200%2C801&ssl=1&resize=1050%2C600 3x"},"classes":[]},{"id":11947,"url":"https:\/\/www.jazzzeitung.de\/cms\/2017\/03\/11947\/","url_meta":{"origin":4198,"position":2},"title":"35 Jahre S\u00fcdtirol Jazzfestival Alto Adige: Start in vier Monaten","author":"Redaktion JazzZeitung","date":"19. M\u00e4rz 2017","format":false,"excerpt":"Musik zu Berge und im Tal, auf sch\u00f6nen Pl\u00e4tzen und an besonderen Orten in ganz S\u00fcdtirol, und das ganze 10 Tage lang: In knapp vier Monaten, am 30. Juni, f\u00e4llt der Startschuss f\u00fcr das S\u00fcdtirol Jazzfestival Alto Adige 2017. Zum diesj\u00e4hrigen 35-j\u00e4hrigen Jubil\u00e4um f\u00fchrt der L\u00e4nderschwerpunkt in die Benelux-Staaten \u2013\u2026","rel":"","context":"In &quot;News&quot;","block_context":{"text":"News","link":"https:\/\/www.jazzzeitung.de\/cms\/thema\/nachrichten\/"},"img":{"alt_text":"","src":"https:\/\/i0.wp.com\/www.jazzzeitung.de\/cms\/wp-content\/uploads\/2017\/03\/IMG_7299-150x150.jpg?resize=350%2C200","width":350,"height":200},"classes":[]},{"id":29703,"url":"https:\/\/www.jazzzeitung.de\/cms\/2023\/07\/das-suedtirol-jazzfestival-alto-adige-hat-begonnen\/","url_meta":{"origin":4198,"position":3},"title":"Vielfalt pur \u2013 das S\u00fcdtirol Jazzfestival Alto Adige hat begonnen","author":"Andreas Kolb","date":"4. Juli 2023","format":false,"excerpt":"Seit Jahrhunderten gibt es viele Gr\u00fcnde f\u00fcr einen Deutschen, die Alpen zu \u00fcberqueren. Seit 2004 einen weiteren: Das Jazzfestival S\u00fcdtirol Alto Adige. In diesem Jahr hatte der praktische Arzt, Bergsteiger und Gitarrenmusik- und Jazz-Liebhaber Klaus Widmann das S\u00fcdtirol Jazzfestival von Gr\u00fcnder Nicola Ciardi \u00fcbernommen und machte es \u00fcber die Jahre\u2026","rel":"","context":"In &quot;Bericht&quot;","block_context":{"text":"Bericht","link":"https:\/\/www.jazzzeitung.de\/cms\/thema\/bericht\/"},"img":{"alt_text":"","src":"https:\/\/i0.wp.com\/www.jazzzeitung.de\/cms\/wp-content\/uploads\/2023\/07\/Altoadige-Jazz-2023La-Litanie-des-Cimes.jpg?fit=1200%2C800&ssl=1&resize=350%2C200","width":350,"height":200,"srcset":"https:\/\/i0.wp.com\/www.jazzzeitung.de\/cms\/wp-content\/uploads\/2023\/07\/Altoadige-Jazz-2023La-Litanie-des-Cimes.jpg?fit=1200%2C800&ssl=1&resize=350%2C200 1x, https:\/\/i0.wp.com\/www.jazzzeitung.de\/cms\/wp-content\/uploads\/2023\/07\/Altoadige-Jazz-2023La-Litanie-des-Cimes.jpg?fit=1200%2C800&ssl=1&resize=525%2C300 1.5x, https:\/\/i0.wp.com\/www.jazzzeitung.de\/cms\/wp-content\/uploads\/2023\/07\/Altoadige-Jazz-2023La-Litanie-des-Cimes.jpg?fit=1200%2C800&ssl=1&resize=700%2C400 2x, https:\/\/i0.wp.com\/www.jazzzeitung.de\/cms\/wp-content\/uploads\/2023\/07\/Altoadige-Jazz-2023La-Litanie-des-Cimes.jpg?fit=1200%2C800&ssl=1&resize=1050%2C600 3x"},"classes":[]},{"id":29201,"url":"https:\/\/www.jazzzeitung.de\/cms\/2023\/03\/news-jazzfest-rottweil-neue-leitung-beim-jazzfestival-alto-adige-jona-in-abensberg\/","url_meta":{"origin":4198,"position":4},"title":"News: Jazzfest Rottweil +++ Neue Leitung beim Jazzfestival Alto Adige +++ JONA in Abensberg","author":"Redaktion JazzZeitung","date":"8. M\u00e4rz 2023","format":false,"excerpt":"+++ Internationale Musik beim 35. Jazzfest Rottweil +++ Der Mai steht in Rottweil wieder im Zeichen des Jazz. Auch bei der 35. Ausgabe des Festivals strebt das Festival nach einem hochkar\u00e4tigen Programm mit hoher Bandbreite aus. Den Auftakt bildet der 30. April mit mannigfaltiger Livemusik ab 16.00 Uhr in der\u2026","rel":"","context":"In &quot;News&quot;","block_context":{"text":"News","link":"https:\/\/www.jazzzeitung.de\/cms\/thema\/nachrichten\/"},"img":{"alt_text":"","src":"https:\/\/i0.wp.com\/www.jazzzeitung.de\/cms\/wp-content\/uploads\/2023\/03\/2017Klaus-Doldinger31.jpg?fit=1024%2C682&ssl=1&resize=350%2C200","width":350,"height":200,"srcset":"https:\/\/i0.wp.com\/www.jazzzeitung.de\/cms\/wp-content\/uploads\/2023\/03\/2017Klaus-Doldinger31.jpg?fit=1024%2C682&ssl=1&resize=350%2C200 1x, https:\/\/i0.wp.com\/www.jazzzeitung.de\/cms\/wp-content\/uploads\/2023\/03\/2017Klaus-Doldinger31.jpg?fit=1024%2C682&ssl=1&resize=525%2C300 1.5x, https:\/\/i0.wp.com\/www.jazzzeitung.de\/cms\/wp-content\/uploads\/2023\/03\/2017Klaus-Doldinger31.jpg?fit=1024%2C682&ssl=1&resize=700%2C400 2x"},"classes":[]},{"id":9659,"url":"https:\/\/www.jazzzeitung.de\/cms\/2016\/07\/suedtirol-jazzfestival-alto-adige-2016-impulse-fuer-die-internationale-szene\/","url_meta":{"origin":4198,"position":5},"title":"S\u00fcdtirol Jazzfestival Alto Adige 2016 &#8211; \u201eImpulse f\u00fcr die internationale Szene\u201c","author":"Redaktion JazzZeitung","date":"15. Juli 2016","format":false,"excerpt":"Das S\u00fcdtirol Jazzfestival Alto Adige wird immer mehr zu einer Werkstatt, von der neue Impulse f\u00fcr die internationale Musikszene ausgehen. Dies hat die 34. Ausgabe des Festivals erneut best\u00e4tigt, die am Wochenende zu Ende ging. Jazz-Pr\u00e4sident Klaus Widmann ist \u00fcberaus zufrieden mit den vergangenen 10 Tagen Jazzfestival mit L\u00e4nderschwerpunkt \u00d6sterreich\/Italien.\u2026","rel":"","context":"In &quot;News&quot;","block_context":{"text":"News","link":"https:\/\/www.jazzzeitung.de\/cms\/thema\/nachrichten\/"},"img":{"alt_text":"IMG_6938","src":"https:\/\/i0.wp.com\/www.jazzzeitung.de\/cms\/wp-content\/uploads\/2016\/07\/IMG_6938-150x150.jpg?resize=350%2C200","width":350,"height":200},"classes":[]}],"jetpack_sharing_enabled":true,"_links":{"self":[{"href":"https:\/\/www.jazzzeitung.de\/cms\/wp-json\/wp\/v2\/posts\/4198","targetHints":{"allow":["GET"]}}],"collection":[{"href":"https:\/\/www.jazzzeitung.de\/cms\/wp-json\/wp\/v2\/posts"}],"about":[{"href":"https:\/\/www.jazzzeitung.de\/cms\/wp-json\/wp\/v2\/types\/post"}],"author":[{"embeddable":true,"href":"https:\/\/www.jazzzeitung.de\/cms\/wp-json\/wp\/v2\/users\/7"}],"replies":[{"embeddable":true,"href":"https:\/\/www.jazzzeitung.de\/cms\/wp-json\/wp\/v2\/comments?post=4198"}],"version-history":[{"count":16,"href":"https:\/\/www.jazzzeitung.de\/cms\/wp-json\/wp\/v2\/posts\/4198\/revisions"}],"predecessor-version":[{"id":4248,"href":"https:\/\/www.jazzzeitung.de\/cms\/wp-json\/wp\/v2\/posts\/4198\/revisions\/4248"}],"wp:attachment":[{"href":"https:\/\/www.jazzzeitung.de\/cms\/wp-json\/wp\/v2\/media?parent=4198"}],"wp:term":[{"taxonomy":"category","embeddable":true,"href":"https:\/\/www.jazzzeitung.de\/cms\/wp-json\/wp\/v2\/categories?post=4198"},{"taxonomy":"post_tag","embeddable":true,"href":"https:\/\/www.jazzzeitung.de\/cms\/wp-json\/wp\/v2\/tags?post=4198"},{"taxonomy":"author","embeddable":true,"href":"https:\/\/www.jazzzeitung.de\/cms\/wp-json\/wp\/v2\/coauthors?post=4198"}],"curies":[{"name":"wp","href":"https:\/\/api.w.org\/{rel}","templated":true}]}}