{"id":419,"date":"2010-09-08T00:39:39","date_gmt":"2010-09-07T22:39:39","guid":{"rendered":"http:\/\/blogs.nmz.de\/jazz\/?p=419"},"modified":"2015-09-14T16:51:40","modified_gmt":"2015-09-14T14:51:40","slug":"gewinner-des-wdr-jazzpreises-2010-stehen-fest","status":"publish","type":"post","link":"https:\/\/www.jazzzeitung.de\/cms\/2010\/09\/gewinner-des-wdr-jazzpreises-2010-stehen-fest\/","title":{"rendered":"Gewinner des WDR-Jazzpreises 2010 stehen fest"},"content":{"rendered":"<p>Ein paar Tage kursierten sie schon, jetzt hat der WDR die Preistr\u00e4ger des WDR-Jazzpreises 2010 auch offiziell verk\u00fcndet.<\/p>\n<p>\u00dcber jeweils 10.000 \u20ac freuen sich Pianist Stefan Schultze (Kategorie &#8222;Jazz Komposition&#8220;) und Trompeter Frederik K\u00f6ster (Kategorie &#8222;Jazz Improvisation&#8220;), der gerade erst einen Echo Jazz eingehimst hat.<\/p>\n<p>Den &#8222;Ehrenpreis&#8220; und den Preis in der Kategorie &#8222;Jazz Nachwuchs&#8220; hat man in diesem Jahr ausnahmsweise zusammengelegt und daf\u00fcr mit dem im M\u00e4rz 2010 verstorbenen Peter Herbolzheimer den bereits erwarteten Preistr\u00e4ger gefunden.<\/p>\n<p>Dar\u00fcber hinaus hat die WDR Big Band K\u00f6ln auch eine einj\u00e4hrige Patenschaft f\u00fcr das ehemals von Herbolzheimer geleitete BuJazzO \u00fcbernommen.<\/p>\n<p>Der Preis wird am 29. Oktober 2010 im WDR Funkhaus K\u00f6ln verliehen im Rahmen des Festivals <a href=\"http:\/\/www.jazzcologne.com\/\" target=\"_blank\">WDR 3 jazz.cologne<\/a>, das vom 28.\u201331. Oktober 2010 im WDR Funkhaus und im Stadtgarten in K\u00f6ln stattfinden wird.<\/p>\n<h5>\n<p><figure id=\"attachment_427\" aria-describedby=\"caption-attachment-427\" style=\"width: 214px\" class=\"wp-caption aligncenter\"><a href=\"https:\/\/i0.wp.com\/www.jazzzeitung.de\/cms\/wp-content\/uploads\/2010\/09\/frederik_koester_425.jpg\"><img data-recalc-dims=\"1\" loading=\"lazy\" decoding=\"async\" data-attachment-id=\"427\" data-permalink=\"https:\/\/www.jazzzeitung.de\/cms\/2010\/09\/gewinner-des-wdr-jazzpreises-2010-stehen-fest\/frederik_koester_425\/\" data-orig-file=\"https:\/\/i0.wp.com\/www.jazzzeitung.de\/cms\/wp-content\/uploads\/2010\/09\/frederik_koester_425.jpg?fit=300%2C420&amp;ssl=1\" data-orig-size=\"300,420\" data-comments-opened=\"1\" data-image-meta=\"{&quot;aperture&quot;:&quot;0&quot;,&quot;credit&quot;:&quot;&quot;,&quot;camera&quot;:&quot;&quot;,&quot;caption&quot;:&quot;&quot;,&quot;created_timestamp&quot;:&quot;0&quot;,&quot;copyright&quot;:&quot;&quot;,&quot;focal_length&quot;:&quot;0&quot;,&quot;iso&quot;:&quot;0&quot;,&quot;shutter_speed&quot;:&quot;0&quot;,&quot;title&quot;:&quot;&quot;}\" data-image-title=\"frederik_koester\" data-image-description=\"\" data-image-caption=\"&lt;p&gt;Bekommt den WDR-Jazzpreis 2010: Frederik K\u00f6ster. Foto: WDR\/K\u00f6ster&lt;\/p&gt;\n\" data-large-file=\"https:\/\/i0.wp.com\/www.jazzzeitung.de\/cms\/wp-content\/uploads\/2010\/09\/frederik_koester_425.jpg?fit=300%2C420&amp;ssl=1\" class=\"size-medium wp-image-427\" title=\"frederik_koester\" src=\"https:\/\/i0.wp.com\/www.jazzzeitung.de\/cms\/wp-content\/uploads\/2010\/09\/frederik_koester_425-214x300.jpg?resize=214%2C300\" alt=\"Gewinner in der Kategorie Jazz Improvisation: Frederik K\u00f6ster. Foto: WDR\/K\u00f6ster\" width=\"214\" height=\"300\" srcset=\"https:\/\/i0.wp.com\/www.jazzzeitung.de\/cms\/wp-content\/uploads\/2010\/09\/frederik_koester_425.jpg?resize=214%2C300&amp;ssl=1 214w, https:\/\/i0.wp.com\/www.jazzzeitung.de\/cms\/wp-content\/uploads\/2010\/09\/frederik_koester_425.jpg?w=300&amp;ssl=1 300w\" sizes=\"auto, (max-width: 214px) 100vw, 214px\" \/><\/a><figcaption id=\"caption-attachment-427\" class=\"wp-caption-text\">Gewinner in der Kategorie Jazz Improvisation: Frederik K\u00f6ster. Foto: WDR\/K\u00f6ster<\/figcaption><\/figure><\/h5>\n<h5>Die Sendetermine in WDR3 und das Programm:<\/h5>\n<p><a href=\"http:\/\/www.wdr3.de\/musik-genres-in-wdr-3\/jazz\/wdr-jazzpreis_3000.html\" target=\"_blank\">WDR-Jazzpreis<\/a><\/p>\n<h5>Die Webseiten Preistr\u00e4ger:<\/h5>\n<p><a href=\"http:\/\/www.frederikkoester.de\/\" target=\"_blank\">http:\/\/www.frederikkoester.de\/<\/a><\/p>\n<p><a href=\"http:\/\/www.stefanschultze.com\/\" target=\"_blank\">http:\/\/www.stefanschultze.com\/<\/a><\/p>\n","protected":false},"excerpt":{"rendered":"<p>Ein paar Tage kursierten sie schon, jetzt hat der WDR die Preistr\u00e4ger des WDR-Jazzpreises 2010 auch offiziell verk\u00fcndet. \u00dcber jeweils 10.000 \u20ac freuen sich Pianist Stefan Schultze (Kategorie &#8222;Jazz Komposition&#8220;) und Trompeter Frederik K\u00f6ster (Kategorie &#8222;Jazz Improvisation&#8220;), der gerade erst einen Echo Jazz eingehimst hat. Den &#8222;Ehrenpreis&#8220; und den Preis in der Kategorie &#8222;Jazz Nachwuchs&#8220; hat man in diesem Jahr ausnahmsweise zusammengelegt und daf\u00fcr mit dem im M\u00e4rz 2010 verstorbenen Peter Herbolzheimer den bereits erwarteten Preistr\u00e4ger gefunden. Dar\u00fcber hinaus hat die WDR Big Band K\u00f6ln auch eine einj\u00e4hrige Patenschaft f\u00fcr das ehemals von Herbolzheimer geleitete BuJazzO \u00fcbernommen. Der Preis wird am 29. Oktober 2010 im WDR Funkhaus K\u00f6ln verliehen im Rahmen des Festivals WDR 3 jazz.cologne, das vom 28.\u201331. Oktober 2010 im WDR Funkhaus und im Stadtgarten in K\u00f6ln stattfinden wird. Die Sendetermine in WDR3 und das Programm: WDR-Jazzpreis Die Webseiten Preistr\u00e4ger: http:\/\/www.frederikkoester.de\/ http:\/\/www.stefanschultze.com\/<\/p>\n","protected":false},"author":4,"featured_media":0,"comment_status":"open","ping_status":"open","sticky":false,"template":"","format":"standard","meta":{"_jetpack_memberships_contains_paid_content":false,"footnotes":"","jetpack_publicize_message":"","jetpack_publicize_feature_enabled":true,"jetpack_social_post_already_shared":false,"jetpack_social_options":{"image_generator_settings":{"template":"highway","default_image_id":0,"font":"","enabled":false},"version":2}},"categories":[82],"tags":[71,99,980,157,3,682,189,1007,266,852,438,1170,15,519,589,590,592,19],"coauthors":[689],"class_list":["post-419","post","type-post","status-publish","format-standard","hentry","category-blog","tag-big-band","tag-bujazzo","tag-echo","tag-echo-jazz","tag-festival","tag-festivals","tag-frederik-koester","tag-improvisation","tag-jazz-cologne","tag-koeln","tag-peter-herbolzheimer","tag-preistraeger","tag-rundfunk","tag-stefan-schultze","tag-wdr","tag-wdr-3","tag-wdr-big-band","tag-wettbewerb"],"yoast_head":"<!-- This site is optimized with the Yoast SEO plugin v27.5 - https:\/\/yoast.com\/product\/yoast-seo-wordpress\/ -->\n<title>Gewinner des WDR-Jazzpreises 2010 stehen fest - JazzZeitung<\/title>\n<meta name=\"robots\" content=\"index, follow, max-snippet:-1, max-image-preview:large, max-video-preview:-1\" \/>\n<link rel=\"canonical\" href=\"https:\/\/www.jazzzeitung.de\/cms\/2010\/09\/gewinner-des-wdr-jazzpreises-2010-stehen-fest\/\" \/>\n<meta property=\"og:locale\" content=\"de_DE\" \/>\n<meta property=\"og:type\" content=\"article\" \/>\n<meta property=\"og:title\" content=\"Gewinner des WDR-Jazzpreises 2010 stehen fest - JazzZeitung\" \/>\n<meta property=\"og:description\" content=\"Ein paar Tage kursierten sie schon, jetzt hat der WDR die Preistr\u00e4ger des WDR-Jazzpreises 2010 auch offiziell verk\u00fcndet. \u00dcber jeweils 10.000 \u20ac freuen sich Pianist Stefan Schultze (Kategorie &#8222;Jazz Komposition&#8220;) und Trompeter Frederik K\u00f6ster (Kategorie &#8222;Jazz Improvisation&#8220;), der gerade erst einen Echo Jazz eingehimst hat. Den &#8222;Ehrenpreis&#8220; und den Preis in der Kategorie &#8222;Jazz Nachwuchs&#8220; hat man in diesem Jahr ausnahmsweise zusammengelegt und daf\u00fcr mit dem im M\u00e4rz 2010 verstorbenen Peter Herbolzheimer den bereits erwarteten Preistr\u00e4ger gefunden. Dar\u00fcber hinaus hat die WDR Big Band K\u00f6ln auch eine einj\u00e4hrige Patenschaft f\u00fcr das ehemals von Herbolzheimer geleitete BuJazzO \u00fcbernommen. Der Preis wird am 29. Oktober 2010 im WDR Funkhaus K\u00f6ln verliehen im Rahmen des Festivals WDR 3 jazz.cologne, das vom 28.\u201331. Oktober 2010 im WDR Funkhaus und im Stadtgarten in K\u00f6ln stattfinden wird. Die Sendetermine in WDR3 und das Programm: WDR-Jazzpreis Die Webseiten Preistr\u00e4ger: http:\/\/www.frederikkoester.de\/ http:\/\/www.stefanschultze.com\/\" \/>\n<meta property=\"og:url\" content=\"https:\/\/www.jazzzeitung.de\/cms\/2010\/09\/gewinner-des-wdr-jazzpreises-2010-stehen-fest\/\" \/>\n<meta property=\"og:site_name\" content=\"JazzZeitung\" \/>\n<meta property=\"article:publisher\" content=\"https:\/\/www.facebook.com\/JazzZeitung\/\" \/>\n<meta property=\"article:published_time\" content=\"2010-09-07T22:39:39+00:00\" \/>\n<meta property=\"article:modified_time\" content=\"2015-09-14T14:51:40+00:00\" \/>\n<meta property=\"og:image\" content=\"http:\/\/www.jazzzeitung.de\/cms\/wp-content\/uploads\/2010\/09\/frederik_koester_425-214x300.jpg\" \/>\n<meta name=\"author\" content=\"J\u00f6rg Lichtinger\" \/>\n<script type=\"application\/ld+json\" class=\"yoast-schema-graph\">{\"@context\":\"https:\\\/\\\/schema.org\",\"@graph\":[{\"@type\":\"Article\",\"@id\":\"https:\\\/\\\/www.jazzzeitung.de\\\/cms\\\/2010\\\/09\\\/gewinner-des-wdr-jazzpreises-2010-stehen-fest\\\/#article\",\"isPartOf\":{\"@id\":\"https:\\\/\\\/www.jazzzeitung.de\\\/cms\\\/2010\\\/09\\\/gewinner-des-wdr-jazzpreises-2010-stehen-fest\\\/\"},\"author\":{\"name\":\"J\u00f6rg Lichtinger\",\"@id\":\"https:\\\/\\\/www.jazzzeitung.de\\\/cms\\\/#\\\/schema\\\/person\\\/4c5aaf486bdcd85db94b9a8b9e026bad\"},\"headline\":\"Gewinner des WDR-Jazzpreises 2010 stehen fest\",\"datePublished\":\"2010-09-07T22:39:39+00:00\",\"dateModified\":\"2015-09-14T14:51:40+00:00\",\"mainEntityOfPage\":{\"@id\":\"https:\\\/\\\/www.jazzzeitung.de\\\/cms\\\/2010\\\/09\\\/gewinner-des-wdr-jazzpreises-2010-stehen-fest\\\/\"},\"wordCount\":181,\"commentCount\":0,\"publisher\":{\"@id\":\"https:\\\/\\\/www.jazzzeitung.de\\\/cms\\\/#organization\"},\"image\":{\"@id\":\"https:\\\/\\\/www.jazzzeitung.de\\\/cms\\\/2010\\\/09\\\/gewinner-des-wdr-jazzpreises-2010-stehen-fest\\\/#primaryimage\"},\"thumbnailUrl\":\"http:\\\/\\\/www.jazzzeitung.de\\\/cms\\\/wp-content\\\/uploads\\\/2010\\\/09\\\/frederik_koester_425-214x300.jpg\",\"keywords\":[\"Big Band\",\"Bujazzo\",\"ECHO\",\"Echo Jazz\",\"Festival\",\"Festivals\",\"Frederik K\u00f6ster\",\"Improvisation\",\"jazz.cologne\",\"K\u00f6ln\",\"Peter Herbolzheimer\",\"Preistr\u00e4ger\",\"Rundfunk\",\"Stefan Schultze\",\"WDR\",\"WDR 3\",\"WDR BigBand\",\"Wettbewerb\"],\"articleSection\":[\"Blog\"],\"inLanguage\":\"de\",\"potentialAction\":[{\"@type\":\"CommentAction\",\"name\":\"Comment\",\"target\":[\"https:\\\/\\\/www.jazzzeitung.de\\\/cms\\\/2010\\\/09\\\/gewinner-des-wdr-jazzpreises-2010-stehen-fest\\\/#respond\"]}]},{\"@type\":\"WebPage\",\"@id\":\"https:\\\/\\\/www.jazzzeitung.de\\\/cms\\\/2010\\\/09\\\/gewinner-des-wdr-jazzpreises-2010-stehen-fest\\\/\",\"url\":\"https:\\\/\\\/www.jazzzeitung.de\\\/cms\\\/2010\\\/09\\\/gewinner-des-wdr-jazzpreises-2010-stehen-fest\\\/\",\"name\":\"Gewinner des WDR-Jazzpreises 2010 stehen fest - JazzZeitung\",\"isPartOf\":{\"@id\":\"https:\\\/\\\/www.jazzzeitung.de\\\/cms\\\/#website\"},\"primaryImageOfPage\":{\"@id\":\"https:\\\/\\\/www.jazzzeitung.de\\\/cms\\\/2010\\\/09\\\/gewinner-des-wdr-jazzpreises-2010-stehen-fest\\\/#primaryimage\"},\"image\":{\"@id\":\"https:\\\/\\\/www.jazzzeitung.de\\\/cms\\\/2010\\\/09\\\/gewinner-des-wdr-jazzpreises-2010-stehen-fest\\\/#primaryimage\"},\"thumbnailUrl\":\"http:\\\/\\\/www.jazzzeitung.de\\\/cms\\\/wp-content\\\/uploads\\\/2010\\\/09\\\/frederik_koester_425-214x300.jpg\",\"datePublished\":\"2010-09-07T22:39:39+00:00\",\"dateModified\":\"2015-09-14T14:51:40+00:00\",\"breadcrumb\":{\"@id\":\"https:\\\/\\\/www.jazzzeitung.de\\\/cms\\\/2010\\\/09\\\/gewinner-des-wdr-jazzpreises-2010-stehen-fest\\\/#breadcrumb\"},\"inLanguage\":\"de\",\"potentialAction\":[{\"@type\":\"ReadAction\",\"target\":[\"https:\\\/\\\/www.jazzzeitung.de\\\/cms\\\/2010\\\/09\\\/gewinner-des-wdr-jazzpreises-2010-stehen-fest\\\/\"]}]},{\"@type\":\"ImageObject\",\"inLanguage\":\"de\",\"@id\":\"https:\\\/\\\/www.jazzzeitung.de\\\/cms\\\/2010\\\/09\\\/gewinner-des-wdr-jazzpreises-2010-stehen-fest\\\/#primaryimage\",\"url\":\"http:\\\/\\\/www.jazzzeitung.de\\\/cms\\\/wp-content\\\/uploads\\\/2010\\\/09\\\/frederik_koester_425-214x300.jpg\",\"contentUrl\":\"http:\\\/\\\/www.jazzzeitung.de\\\/cms\\\/wp-content\\\/uploads\\\/2010\\\/09\\\/frederik_koester_425-214x300.jpg\"},{\"@type\":\"BreadcrumbList\",\"@id\":\"https:\\\/\\\/www.jazzzeitung.de\\\/cms\\\/2010\\\/09\\\/gewinner-des-wdr-jazzpreises-2010-stehen-fest\\\/#breadcrumb\",\"itemListElement\":[{\"@type\":\"ListItem\",\"position\":1,\"name\":\"Startseite\",\"item\":\"https:\\\/\\\/www.jazzzeitung.de\\\/cms\\\/\"},{\"@type\":\"ListItem\",\"position\":2,\"name\":\"Gewinner des WDR-Jazzpreises 2010 stehen fest\"}]},{\"@type\":\"WebSite\",\"@id\":\"https:\\\/\\\/www.jazzzeitung.de\\\/cms\\\/#website\",\"url\":\"https:\\\/\\\/www.jazzzeitung.de\\\/cms\\\/\",\"name\":\"JazzZeitung\",\"description\":\"Jazz-News und Jazz-Kontroverses\",\"publisher\":{\"@id\":\"https:\\\/\\\/www.jazzzeitung.de\\\/cms\\\/#organization\"},\"potentialAction\":[{\"@type\":\"SearchAction\",\"target\":{\"@type\":\"EntryPoint\",\"urlTemplate\":\"https:\\\/\\\/www.jazzzeitung.de\\\/cms\\\/?s={search_term_string}\"},\"query-input\":{\"@type\":\"PropertyValueSpecification\",\"valueRequired\":true,\"valueName\":\"search_term_string\"}}],\"inLanguage\":\"de\"},{\"@type\":\"Organization\",\"@id\":\"https:\\\/\\\/www.jazzzeitung.de\\\/cms\\\/#organization\",\"name\":\"JazzZeitung online\",\"url\":\"https:\\\/\\\/www.jazzzeitung.de\\\/cms\\\/\",\"logo\":{\"@type\":\"ImageObject\",\"inLanguage\":\"de\",\"@id\":\"https:\\\/\\\/www.jazzzeitung.de\\\/cms\\\/#\\\/schema\\\/logo\\\/image\\\/\",\"url\":\"https:\\\/\\\/i0.wp.com\\\/www.jazzzeitung.de\\\/cms\\\/wp-content\\\/uploads\\\/2015\\\/08\\\/JAZZZEITUNGDE_Logo_Neu.png?fit=499%2C200&ssl=1\",\"contentUrl\":\"https:\\\/\\\/i0.wp.com\\\/www.jazzzeitung.de\\\/cms\\\/wp-content\\\/uploads\\\/2015\\\/08\\\/JAZZZEITUNGDE_Logo_Neu.png?fit=499%2C200&ssl=1\",\"width\":499,\"height\":200,\"caption\":\"JazzZeitung online\"},\"image\":{\"@id\":\"https:\\\/\\\/www.jazzzeitung.de\\\/cms\\\/#\\\/schema\\\/logo\\\/image\\\/\"},\"sameAs\":[\"https:\\\/\\\/www.facebook.com\\\/JazzZeitung\\\/\"]},{\"@type\":\"Person\",\"@id\":\"https:\\\/\\\/www.jazzzeitung.de\\\/cms\\\/#\\\/schema\\\/person\\\/4c5aaf486bdcd85db94b9a8b9e026bad\",\"name\":\"J\u00f6rg Lichtinger\",\"image\":{\"@type\":\"ImageObject\",\"inLanguage\":\"de\",\"@id\":\"https:\\\/\\\/secure.gravatar.com\\\/avatar\\\/8d1d484eb77cf370a1620f9866681cdba540c9b8439ce96ea0c830dd3b59936c?s=96&d=wp_user_avatar&r=ge66dff7680db2349fb79ae0cb2d734e3\",\"url\":\"https:\\\/\\\/secure.gravatar.com\\\/avatar\\\/8d1d484eb77cf370a1620f9866681cdba540c9b8439ce96ea0c830dd3b59936c?s=96&d=wp_user_avatar&r=g\",\"contentUrl\":\"https:\\\/\\\/secure.gravatar.com\\\/avatar\\\/8d1d484eb77cf370a1620f9866681cdba540c9b8439ce96ea0c830dd3b59936c?s=96&d=wp_user_avatar&r=g\",\"caption\":\"J\u00f6rg Lichtinger\"},\"url\":\"https:\\\/\\\/www.jazzzeitung.de\\\/cms\\\/author\\\/lichtinger\\\/\"}]}<\/script>\n<!-- \/ Yoast SEO plugin. -->","yoast_head_json":{"title":"Gewinner des WDR-Jazzpreises 2010 stehen fest - JazzZeitung","robots":{"index":"index","follow":"follow","max-snippet":"max-snippet:-1","max-image-preview":"max-image-preview:large","max-video-preview":"max-video-preview:-1"},"canonical":"https:\/\/www.jazzzeitung.de\/cms\/2010\/09\/gewinner-des-wdr-jazzpreises-2010-stehen-fest\/","og_locale":"de_DE","og_type":"article","og_title":"Gewinner des WDR-Jazzpreises 2010 stehen fest - JazzZeitung","og_description":"Ein paar Tage kursierten sie schon, jetzt hat der WDR die Preistr\u00e4ger des WDR-Jazzpreises 2010 auch offiziell verk\u00fcndet. \u00dcber jeweils 10.000 \u20ac freuen sich Pianist Stefan Schultze (Kategorie &#8222;Jazz Komposition&#8220;) und Trompeter Frederik K\u00f6ster (Kategorie &#8222;Jazz Improvisation&#8220;), der gerade erst einen Echo Jazz eingehimst hat. Den &#8222;Ehrenpreis&#8220; und den Preis in der Kategorie &#8222;Jazz Nachwuchs&#8220; hat man in diesem Jahr ausnahmsweise zusammengelegt und daf\u00fcr mit dem im M\u00e4rz 2010 verstorbenen Peter Herbolzheimer den bereits erwarteten Preistr\u00e4ger gefunden. Dar\u00fcber hinaus hat die WDR Big Band K\u00f6ln auch eine einj\u00e4hrige Patenschaft f\u00fcr das ehemals von Herbolzheimer geleitete BuJazzO \u00fcbernommen. Der Preis wird am 29. Oktober 2010 im WDR Funkhaus K\u00f6ln verliehen im Rahmen des Festivals WDR 3 jazz.cologne, das vom 28.\u201331. Oktober 2010 im WDR Funkhaus und im Stadtgarten in K\u00f6ln stattfinden wird. Die Sendetermine in WDR3 und das Programm: WDR-Jazzpreis Die Webseiten Preistr\u00e4ger: http:\/\/www.frederikkoester.de\/ http:\/\/www.stefanschultze.com\/","og_url":"https:\/\/www.jazzzeitung.de\/cms\/2010\/09\/gewinner-des-wdr-jazzpreises-2010-stehen-fest\/","og_site_name":"JazzZeitung","article_publisher":"https:\/\/www.facebook.com\/JazzZeitung\/","article_published_time":"2010-09-07T22:39:39+00:00","article_modified_time":"2015-09-14T14:51:40+00:00","og_image":[{"url":"http:\/\/www.jazzzeitung.de\/cms\/wp-content\/uploads\/2010\/09\/frederik_koester_425-214x300.jpg","type":"","width":"","height":""}],"author":"J\u00f6rg Lichtinger","schema":{"@context":"https:\/\/schema.org","@graph":[{"@type":"Article","@id":"https:\/\/www.jazzzeitung.de\/cms\/2010\/09\/gewinner-des-wdr-jazzpreises-2010-stehen-fest\/#article","isPartOf":{"@id":"https:\/\/www.jazzzeitung.de\/cms\/2010\/09\/gewinner-des-wdr-jazzpreises-2010-stehen-fest\/"},"author":{"name":"J\u00f6rg Lichtinger","@id":"https:\/\/www.jazzzeitung.de\/cms\/#\/schema\/person\/4c5aaf486bdcd85db94b9a8b9e026bad"},"headline":"Gewinner des WDR-Jazzpreises 2010 stehen fest","datePublished":"2010-09-07T22:39:39+00:00","dateModified":"2015-09-14T14:51:40+00:00","mainEntityOfPage":{"@id":"https:\/\/www.jazzzeitung.de\/cms\/2010\/09\/gewinner-des-wdr-jazzpreises-2010-stehen-fest\/"},"wordCount":181,"commentCount":0,"publisher":{"@id":"https:\/\/www.jazzzeitung.de\/cms\/#organization"},"image":{"@id":"https:\/\/www.jazzzeitung.de\/cms\/2010\/09\/gewinner-des-wdr-jazzpreises-2010-stehen-fest\/#primaryimage"},"thumbnailUrl":"http:\/\/www.jazzzeitung.de\/cms\/wp-content\/uploads\/2010\/09\/frederik_koester_425-214x300.jpg","keywords":["Big Band","Bujazzo","ECHO","Echo Jazz","Festival","Festivals","Frederik K\u00f6ster","Improvisation","jazz.cologne","K\u00f6ln","Peter Herbolzheimer","Preistr\u00e4ger","Rundfunk","Stefan Schultze","WDR","WDR 3","WDR BigBand","Wettbewerb"],"articleSection":["Blog"],"inLanguage":"de","potentialAction":[{"@type":"CommentAction","name":"Comment","target":["https:\/\/www.jazzzeitung.de\/cms\/2010\/09\/gewinner-des-wdr-jazzpreises-2010-stehen-fest\/#respond"]}]},{"@type":"WebPage","@id":"https:\/\/www.jazzzeitung.de\/cms\/2010\/09\/gewinner-des-wdr-jazzpreises-2010-stehen-fest\/","url":"https:\/\/www.jazzzeitung.de\/cms\/2010\/09\/gewinner-des-wdr-jazzpreises-2010-stehen-fest\/","name":"Gewinner des WDR-Jazzpreises 2010 stehen fest - JazzZeitung","isPartOf":{"@id":"https:\/\/www.jazzzeitung.de\/cms\/#website"},"primaryImageOfPage":{"@id":"https:\/\/www.jazzzeitung.de\/cms\/2010\/09\/gewinner-des-wdr-jazzpreises-2010-stehen-fest\/#primaryimage"},"image":{"@id":"https:\/\/www.jazzzeitung.de\/cms\/2010\/09\/gewinner-des-wdr-jazzpreises-2010-stehen-fest\/#primaryimage"},"thumbnailUrl":"http:\/\/www.jazzzeitung.de\/cms\/wp-content\/uploads\/2010\/09\/frederik_koester_425-214x300.jpg","datePublished":"2010-09-07T22:39:39+00:00","dateModified":"2015-09-14T14:51:40+00:00","breadcrumb":{"@id":"https:\/\/www.jazzzeitung.de\/cms\/2010\/09\/gewinner-des-wdr-jazzpreises-2010-stehen-fest\/#breadcrumb"},"inLanguage":"de","potentialAction":[{"@type":"ReadAction","target":["https:\/\/www.jazzzeitung.de\/cms\/2010\/09\/gewinner-des-wdr-jazzpreises-2010-stehen-fest\/"]}]},{"@type":"ImageObject","inLanguage":"de","@id":"https:\/\/www.jazzzeitung.de\/cms\/2010\/09\/gewinner-des-wdr-jazzpreises-2010-stehen-fest\/#primaryimage","url":"http:\/\/www.jazzzeitung.de\/cms\/wp-content\/uploads\/2010\/09\/frederik_koester_425-214x300.jpg","contentUrl":"http:\/\/www.jazzzeitung.de\/cms\/wp-content\/uploads\/2010\/09\/frederik_koester_425-214x300.jpg"},{"@type":"BreadcrumbList","@id":"https:\/\/www.jazzzeitung.de\/cms\/2010\/09\/gewinner-des-wdr-jazzpreises-2010-stehen-fest\/#breadcrumb","itemListElement":[{"@type":"ListItem","position":1,"name":"Startseite","item":"https:\/\/www.jazzzeitung.de\/cms\/"},{"@type":"ListItem","position":2,"name":"Gewinner des WDR-Jazzpreises 2010 stehen fest"}]},{"@type":"WebSite","@id":"https:\/\/www.jazzzeitung.de\/cms\/#website","url":"https:\/\/www.jazzzeitung.de\/cms\/","name":"JazzZeitung","description":"Jazz-News und Jazz-Kontroverses","publisher":{"@id":"https:\/\/www.jazzzeitung.de\/cms\/#organization"},"potentialAction":[{"@type":"SearchAction","target":{"@type":"EntryPoint","urlTemplate":"https:\/\/www.jazzzeitung.de\/cms\/?s={search_term_string}"},"query-input":{"@type":"PropertyValueSpecification","valueRequired":true,"valueName":"search_term_string"}}],"inLanguage":"de"},{"@type":"Organization","@id":"https:\/\/www.jazzzeitung.de\/cms\/#organization","name":"JazzZeitung online","url":"https:\/\/www.jazzzeitung.de\/cms\/","logo":{"@type":"ImageObject","inLanguage":"de","@id":"https:\/\/www.jazzzeitung.de\/cms\/#\/schema\/logo\/image\/","url":"https:\/\/i0.wp.com\/www.jazzzeitung.de\/cms\/wp-content\/uploads\/2015\/08\/JAZZZEITUNGDE_Logo_Neu.png?fit=499%2C200&ssl=1","contentUrl":"https:\/\/i0.wp.com\/www.jazzzeitung.de\/cms\/wp-content\/uploads\/2015\/08\/JAZZZEITUNGDE_Logo_Neu.png?fit=499%2C200&ssl=1","width":499,"height":200,"caption":"JazzZeitung online"},"image":{"@id":"https:\/\/www.jazzzeitung.de\/cms\/#\/schema\/logo\/image\/"},"sameAs":["https:\/\/www.facebook.com\/JazzZeitung\/"]},{"@type":"Person","@id":"https:\/\/www.jazzzeitung.de\/cms\/#\/schema\/person\/4c5aaf486bdcd85db94b9a8b9e026bad","name":"J\u00f6rg Lichtinger","image":{"@type":"ImageObject","inLanguage":"de","@id":"https:\/\/secure.gravatar.com\/avatar\/8d1d484eb77cf370a1620f9866681cdba540c9b8439ce96ea0c830dd3b59936c?s=96&d=wp_user_avatar&r=ge66dff7680db2349fb79ae0cb2d734e3","url":"https:\/\/secure.gravatar.com\/avatar\/8d1d484eb77cf370a1620f9866681cdba540c9b8439ce96ea0c830dd3b59936c?s=96&d=wp_user_avatar&r=g","contentUrl":"https:\/\/secure.gravatar.com\/avatar\/8d1d484eb77cf370a1620f9866681cdba540c9b8439ce96ea0c830dd3b59936c?s=96&d=wp_user_avatar&r=g","caption":"J\u00f6rg Lichtinger"},"url":"https:\/\/www.jazzzeitung.de\/cms\/author\/lichtinger\/"}]}},"wp-worthy-pixel":{"ignored":false,"public":null,"server":null,"url":null},"wp-worthy-type":"normal","jetpack_publicize_connections":[],"cc_featured_image_caption":{"caption_text":false,"source_text":false,"source_url":false},"jetpack_featured_media_url":"","jetpack_shortlink":"https:\/\/wp.me\/p3KEcT-6L","jetpack-related-posts":[{"id":519,"url":"https:\/\/www.jazzzeitung.de\/cms\/2010\/10\/jazzfestivals-bei-wdr-und-hr\/","url_meta":{"origin":419,"position":0},"title":"Jazzfestivals bei WDR und hr \u2013 live on air und im Netz!","author":"J\u00f6rg Lichtinger","date":"28. Oktober 2010","format":false,"excerpt":"Zeitgleich starten heute in Frankfurt und K\u00f6ln die Jazz-Festivals der Sender HR (Deutsches Jazzfestival Frankfurt) und WDR (WDR3 jazz.cologne). Wer es nicht in die Funkh\u00e4user oder die entsprechenden Locations schafft, dem kann geholfen werden: 41. Deutsches Jazzfestival Frankfurt live im Netz und im H\u00f6rfunk In Frankfurt mit dabei: Tony Lakatos,\u2026","rel":"","context":"In &quot;Blog&quot;","block_context":{"text":"Blog","link":"https:\/\/www.jazzzeitung.de\/cms\/thema\/blog\/"},"img":{"alt_text":"hr-Bigband_by_Dirk_Ostermeier_quer_mit_Diri","src":"https:\/\/i0.wp.com\/www.jazzzeitung.de\/cms\/wp-content\/uploads\/2010\/10\/hr-Bigband_by_Dirk_Ostermeier_quer_mit_Diri-300x199.jpg?resize=350%2C200","width":350,"height":200},"classes":[]},{"id":4927,"url":"https:\/\/www.jazzzeitung.de\/cms\/2014\/11\/wdr-jazzpreis-2015-fuer-tobias-wember-nicolas-simion-michael-ruesenberg-und-das-curuba-jazzorchester\/","url_meta":{"origin":419,"position":1},"title":"WDR Jazzpreis 2015 f\u00fcr Tobias Wember, Nicolas Simion, Michael R\u00fcsenberg und das Curuba Jazzorchester","author":"Redaktion JazzZeitung","date":"15. November 2014","format":false,"excerpt":"K\u00f6ln. Die Preistr\u00e4ger des WDR Jazzpreises 2015 stehen fest: In der Kategorie \"Jazz Komposition\" wird der Posaunist und Komponist Tobias Wember ausgezeichnet. Gewinner in der Kategorie \"Jazz Improvisation\" ist der aus Rum\u00e4nien stammende Saxophonist und Klarinettist Nicolas Simion. \u00dcber den \"Jazz Nachwuchs\"-Preis freut sich die Bigband \"Curuba Jazzorchester\" unter der\u2026","rel":"","context":"In &quot;News&quot;","block_context":{"text":"News","link":"https:\/\/www.jazzzeitung.de\/cms\/thema\/nachrichten\/"},"img":{"alt_text":"Tobias Wember. Foto: http:\/\/www.tobiaswember.de\/","src":"https:\/\/i0.wp.com\/www.jazzzeitung.de\/cms\/wp-content\/uploads\/2014\/11\/Tobias-Wember-Foto-Homepage.jpg?resize=350%2C200","width":350,"height":200},"classes":[]},{"id":8290,"url":"https:\/\/www.jazzzeitung.de\/cms\/2016\/02\/wdr-vergibt-preise-fuer-jazz-nicht-nur-fuers-musikmachen\/","url_meta":{"origin":419,"position":2},"title":"WDR vergibt Preise f\u00fcr Jazz \u2013 nicht nur f\u00fcrs Musikmachen","author":"Redaktion JazzZeitung","date":"2. Februar 2016","format":false,"excerpt":"Text und Fotos von Stefan Pieper - Seit 2004 w\u00fcrdigt der WDR Jazzpreis alle Jahre wieder herausragende Leistungen rund um den Jazz in seinen vielf\u00e4ltigen Facetten. Die Preisverleihung alle Jahre wieder hat sich mittlerweile zu einem mehrt\u00e4gigen Festival ausgeweitet, welches eben bewusst nicht in K\u00f6ln, der Heimatstadt des WDR, sondern\u2026","rel":"","context":"In &quot;Bericht&quot;","block_context":{"text":"Bericht","link":"https:\/\/www.jazzzeitung.de\/cms\/thema\/bericht\/"},"img":{"alt_text":"Trompeter der WDR Bigband ","src":"https:\/\/i0.wp.com\/www.jazzzeitung.de\/cms\/wp-content\/uploads\/2016\/02\/DSC01536-300x257.jpg?resize=350%2C200","width":350,"height":200},"classes":[]},{"id":33608,"url":"https:\/\/www.jazzzeitung.de\/cms\/2026\/01\/news-wdr-jazzpreis-fuer-hanno-busch-burghauser-nachwuchs-jazzpreis-finalistinnen\/","url_meta":{"origin":419,"position":3},"title":"+++ news +++ WDR Jazzpreis f\u00fcr Hanno Busch ++++ Burghauser Nachwuchs-Jazzpreis: Finalist:innen +++","author":"Redaktion JazzZeitung","date":"20. Januar 2026","format":false,"excerpt":"+++ WDR Jazzpreis f\u00fcr Hanno Busch +++ Hanno Busch\u00a0erh\u00e4lt den diesj\u00e4hrigen WDR Jazzpreis. Der in Wuppertal geborene Gitarrist, Komponist und Produzent \u00fcberzeugte die Jury mit seiner \u201eherausragend gef\u00fchlvollen, frischen und kreativen Spielweise\u201c, mit der er sich \u201em\u00fchelos zwischen Jazz, Rock, Blues, Pop und anderen Genres\u201c bewegt. Busch spielt in eigenen\u2026","rel":"","context":"In &quot;News&quot;","block_context":{"text":"News","link":"https:\/\/www.jazzzeitung.de\/cms\/thema\/nachrichten\/"},"img":{"alt_text":"","src":"https:\/\/i0.wp.com\/www.jazzzeitung.de\/cms\/wp-content\/uploads\/2026\/01\/WDR_Jazzpreis_2026_.jpg?fit=960%2C540&ssl=1&resize=350%2C200","width":350,"height":200,"srcset":"https:\/\/i0.wp.com\/www.jazzzeitung.de\/cms\/wp-content\/uploads\/2026\/01\/WDR_Jazzpreis_2026_.jpg?fit=960%2C540&ssl=1&resize=350%2C200 1x, https:\/\/i0.wp.com\/www.jazzzeitung.de\/cms\/wp-content\/uploads\/2026\/01\/WDR_Jazzpreis_2026_.jpg?fit=960%2C540&ssl=1&resize=525%2C300 1.5x, https:\/\/i0.wp.com\/www.jazzzeitung.de\/cms\/wp-content\/uploads\/2026\/01\/WDR_Jazzpreis_2026_.jpg?fit=960%2C540&ssl=1&resize=700%2C400 2x"},"classes":[]},{"id":7117,"url":"https:\/\/www.jazzzeitung.de\/cms\/2015\/09\/peter-herborn-erhaelt-jazz-pott-2015\/","url_meta":{"origin":419,"position":4},"title":"Peter Herborn erh\u00e4lt \u201eJazz Pott\u201c 2015","author":"Redaktion JazzZeitung","date":"20. September 2015","format":false,"excerpt":"Wenn der Komponist Peter Herborn am Samstag, dem 26. September, um 20 Uhr im Essener Grillo-Theater die B\u00fchne betritt, dann aus doppeltem Anlass: Zum einen erh\u00e4lt er eine der renommiertesten Jazz-Auszeichnungen des Ruhrgebiets, den \u201eJazz Pott\u201c 2015. Zum anderen gestaltet er einmal mehr ein Konzert der Reihe \u201eJazz in Essen\u201c,\u2026","rel":"","context":"In &quot;News&quot;","block_context":{"text":"News","link":"https:\/\/www.jazzzeitung.de\/cms\/thema\/nachrichten\/"},"img":{"alt_text":"Peter Herborn. Foto: Volker Beushausen","src":"https:\/\/i0.wp.com\/www.jazzzeitung.de\/cms\/wp-content\/uploads\/2015\/09\/Peter-Herborn_Foto_Volker-Beushausen-400x600.jpg?resize=350%2C200","width":350,"height":200},"classes":[]},{"id":14429,"url":"https:\/\/www.jazzzeitung.de\/cms\/2017\/11\/wdr-big-band-zwei-grammy-nominierungen-fuer-cd-homecoming\/","url_meta":{"origin":419,"position":5},"title":"WDR Big Band: Zwei Grammy-Nominierungen f\u00fcr CD \u201eHomecoming\u201c","author":"Redaktion JazzZeitung","date":"28. November 2017","format":false,"excerpt":"Pressemeldung des WDR:\u00a0 Die WDR Big Band K\u00f6ln hat erneut Chancen auf den GRAMMY. In der Kategorie \u201eBest Large Jazz Ensemble Album\u201c ist die WDR Big Band f\u00fcr die CD \u201eHomecoming\u201c nominiert. Zudem erhielt Vince Mendoza, \u201eComposer in Residence\u201c der WDR Big Band, f\u00fcr die Komposition \u201eChoros # 3\u201c aus\u2026","rel":"","context":"In &quot;News&quot;","block_context":{"text":"News","link":"https:\/\/www.jazzzeitung.de\/cms\/thema\/nachrichten\/"},"img":{"alt_text":"Jazz News. Foto: Hufner","src":"https:\/\/i0.wp.com\/www.jazzzeitung.de\/cms\/wp-content\/uploads\/2017\/11\/jazznews.jpg?fit=1200%2C900&ssl=1&resize=350%2C200","width":350,"height":200,"srcset":"https:\/\/i0.wp.com\/www.jazzzeitung.de\/cms\/wp-content\/uploads\/2017\/11\/jazznews.jpg?fit=1200%2C900&ssl=1&resize=350%2C200 1x, https:\/\/i0.wp.com\/www.jazzzeitung.de\/cms\/wp-content\/uploads\/2017\/11\/jazznews.jpg?fit=1200%2C900&ssl=1&resize=525%2C300 1.5x, https:\/\/i0.wp.com\/www.jazzzeitung.de\/cms\/wp-content\/uploads\/2017\/11\/jazznews.jpg?fit=1200%2C900&ssl=1&resize=700%2C400 2x, https:\/\/i0.wp.com\/www.jazzzeitung.de\/cms\/wp-content\/uploads\/2017\/11\/jazznews.jpg?fit=1200%2C900&ssl=1&resize=1050%2C600 3x"},"classes":[]}],"jetpack_sharing_enabled":true,"_links":{"self":[{"href":"https:\/\/www.jazzzeitung.de\/cms\/wp-json\/wp\/v2\/posts\/419","targetHints":{"allow":["GET"]}}],"collection":[{"href":"https:\/\/www.jazzzeitung.de\/cms\/wp-json\/wp\/v2\/posts"}],"about":[{"href":"https:\/\/www.jazzzeitung.de\/cms\/wp-json\/wp\/v2\/types\/post"}],"author":[{"embeddable":true,"href":"https:\/\/www.jazzzeitung.de\/cms\/wp-json\/wp\/v2\/users\/4"}],"replies":[{"embeddable":true,"href":"https:\/\/www.jazzzeitung.de\/cms\/wp-json\/wp\/v2\/comments?post=419"}],"version-history":[{"count":1,"href":"https:\/\/www.jazzzeitung.de\/cms\/wp-json\/wp\/v2\/posts\/419\/revisions"}],"predecessor-version":[{"id":7062,"href":"https:\/\/www.jazzzeitung.de\/cms\/wp-json\/wp\/v2\/posts\/419\/revisions\/7062"}],"wp:attachment":[{"href":"https:\/\/www.jazzzeitung.de\/cms\/wp-json\/wp\/v2\/media?parent=419"}],"wp:term":[{"taxonomy":"category","embeddable":true,"href":"https:\/\/www.jazzzeitung.de\/cms\/wp-json\/wp\/v2\/categories?post=419"},{"taxonomy":"post_tag","embeddable":true,"href":"https:\/\/www.jazzzeitung.de\/cms\/wp-json\/wp\/v2\/tags?post=419"},{"taxonomy":"author","embeddable":true,"href":"https:\/\/www.jazzzeitung.de\/cms\/wp-json\/wp\/v2\/coauthors?post=419"}],"curies":[{"name":"wp","href":"https:\/\/api.w.org\/{rel}","templated":true}]}}