{"id":4172,"date":"2014-07-03T10:34:36","date_gmt":"2014-07-03T08:34:36","guid":{"rendered":"http:\/\/www.jazzzeitung.de\/cms\/?p=4172"},"modified":"2014-07-03T13:59:18","modified_gmt":"2014-07-03T11:59:18","slug":"bakken-und-waits-geht-das","status":"publish","type":"post","link":"https:\/\/www.jazzzeitung.de\/cms\/2014\/07\/bakken-und-waits-geht-das\/","title":{"rendered":"Bakken und Waits &#8211; geht das?"},"content":{"rendered":"<p><a href=\"https:\/\/i0.wp.com\/www.jazzzeitung.de\/cms\/wp-content\/uploads\/2014\/07\/Rebekka-Bakken-Little-Drop-Of-Poison-CDCover.jpg\"><img data-recalc-dims=\"1\" loading=\"lazy\" decoding=\"async\" data-attachment-id=\"4173\" data-permalink=\"https:\/\/www.jazzzeitung.de\/cms\/2014\/07\/bakken-und-waits-geht-das\/rebekka-bakken-little-drop-of-poison-cdcover\/\" data-orig-file=\"https:\/\/i0.wp.com\/www.jazzzeitung.de\/cms\/wp-content\/uploads\/2014\/07\/Rebekka-Bakken-Little-Drop-Of-Poison-CDCover.jpg?fit=1200%2C1200&amp;ssl=1\" data-orig-size=\"1200,1200\" data-comments-opened=\"1\" data-image-meta=\"{&quot;aperture&quot;:&quot;0&quot;,&quot;credit&quot;:&quot;&quot;,&quot;camera&quot;:&quot;&quot;,&quot;caption&quot;:&quot;&quot;,&quot;created_timestamp&quot;:&quot;0&quot;,&quot;copyright&quot;:&quot;&quot;,&quot;focal_length&quot;:&quot;0&quot;,&quot;iso&quot;:&quot;0&quot;,&quot;shutter_speed&quot;:&quot;0&quot;,&quot;title&quot;:&quot;&quot;}\" data-image-title=\"Rebekka-Bakken-Little-Drop- Of-Poison-CDCover\" data-image-description=\"\" data-image-caption=\"\" data-large-file=\"https:\/\/i0.wp.com\/www.jazzzeitung.de\/cms\/wp-content\/uploads\/2014\/07\/Rebekka-Bakken-Little-Drop-Of-Poison-CDCover.jpg?fit=600%2C600&amp;ssl=1\" class=\"alignright size-thumbnail wp-image-4173\" src=\"https:\/\/i0.wp.com\/www.jazzzeitung.de\/cms\/wp-content\/uploads\/2014\/07\/Rebekka-Bakken-Little-Drop-Of-Poison-CDCover-150x150.jpg?resize=150%2C150\" alt=\"Rebekka-Bakken-Little-Drop- Of-Poison-CDCover\" width=\"150\" height=\"150\" srcset=\"https:\/\/i0.wp.com\/www.jazzzeitung.de\/cms\/wp-content\/uploads\/2014\/07\/Rebekka-Bakken-Little-Drop-Of-Poison-CDCover.jpg?resize=150%2C150&amp;ssl=1 150w, https:\/\/i0.wp.com\/www.jazzzeitung.de\/cms\/wp-content\/uploads\/2014\/07\/Rebekka-Bakken-Little-Drop-Of-Poison-CDCover.jpg?resize=300%2C300&amp;ssl=1 300w, https:\/\/i0.wp.com\/www.jazzzeitung.de\/cms\/wp-content\/uploads\/2014\/07\/Rebekka-Bakken-Little-Drop-Of-Poison-CDCover.jpg?resize=600%2C600&amp;ssl=1 600w, https:\/\/i0.wp.com\/www.jazzzeitung.de\/cms\/wp-content\/uploads\/2014\/07\/Rebekka-Bakken-Little-Drop-Of-Poison-CDCover.jpg?resize=144%2C144&amp;ssl=1 144w, https:\/\/i0.wp.com\/www.jazzzeitung.de\/cms\/wp-content\/uploads\/2014\/07\/Rebekka-Bakken-Little-Drop-Of-Poison-CDCover.jpg?resize=96%2C96&amp;ssl=1 96w, https:\/\/i0.wp.com\/www.jazzzeitung.de\/cms\/wp-content\/uploads\/2014\/07\/Rebekka-Bakken-Little-Drop-Of-Poison-CDCover.jpg?resize=24%2C24&amp;ssl=1 24w, https:\/\/i0.wp.com\/www.jazzzeitung.de\/cms\/wp-content\/uploads\/2014\/07\/Rebekka-Bakken-Little-Drop-Of-Poison-CDCover.jpg?resize=36%2C36&amp;ssl=1 36w, https:\/\/i0.wp.com\/www.jazzzeitung.de\/cms\/wp-content\/uploads\/2014\/07\/Rebekka-Bakken-Little-Drop-Of-Poison-CDCover.jpg?resize=48%2C48&amp;ssl=1 48w, https:\/\/i0.wp.com\/www.jazzzeitung.de\/cms\/wp-content\/uploads\/2014\/07\/Rebekka-Bakken-Little-Drop-Of-Poison-CDCover.jpg?resize=64%2C64&amp;ssl=1 64w, https:\/\/i0.wp.com\/www.jazzzeitung.de\/cms\/wp-content\/uploads\/2014\/07\/Rebekka-Bakken-Little-Drop-Of-Poison-CDCover.jpg?resize=32%2C32&amp;ssl=1 32w, https:\/\/i0.wp.com\/www.jazzzeitung.de\/cms\/wp-content\/uploads\/2014\/07\/Rebekka-Bakken-Little-Drop-Of-Poison-CDCover.jpg?resize=128%2C128&amp;ssl=1 128w, https:\/\/i0.wp.com\/www.jazzzeitung.de\/cms\/wp-content\/uploads\/2014\/07\/Rebekka-Bakken-Little-Drop-Of-Poison-CDCover.jpg?resize=900%2C900&amp;ssl=1 900w, https:\/\/i0.wp.com\/www.jazzzeitung.de\/cms\/wp-content\/uploads\/2014\/07\/Rebekka-Bakken-Little-Drop-Of-Poison-CDCover.jpg?w=1200&amp;ssl=1 1200w\" sizes=\"auto, (max-width: 150px) 100vw, 150px\" \/><\/a>Die Mischung ist erst einmal gew\u00f6hnungsbed\u00fcrftig: die melancholisch-schmutzigen Songs des gro\u00dfen Tom Waits, begleitet vom cleanen Sound der hr-Bigband und gesungen von Norwegens Glamour-Star Rebekka Bakken. Doch es funktioniert (meistens), so viel sei an dieser Stelle schon einmal verraten. Die Idee zu dieser Produktion, die Ende Mai auf CD bei Universal erschienen ist, hatte der Bigband-Arrangeur und \u2013Dirigent J\u00f6rg Achim Keller. \u201eLa Bakken\u201c w\u00e4re selber nie darauf gekommen: \u201eTom Waits ist so einzigartig\u201c, sagt die S\u00e4ngerin, \u201eich w\u00e4re nie auf die Idee gekommen, seine St\u00fccke zu interpretieren. \u201e Trotzdem willigte sie ein und suchte zusammen mit Sch\u00e4fer 16 geeignete Songs aus, die anschlie\u00dfend passend arrangiert wurden. Der Vokalistin lie\u00df er dabei viel Raum: \u201eIch war v\u00f6llig frei\u201c, stellt Rebekka Bakken weiterhin fest, \u201eauf die Musik und meine eigenen Assoziationen und Gef\u00fchle zu reagieren.\u201c<\/p>\n<p><a href=\"https:\/\/i0.wp.com\/www.jazzzeitung.de\/cms\/wp-content\/uploads\/2014\/07\/Rebekka-Bakken-Presse1-2014-photocredit-UMG.jpg\"><img data-recalc-dims=\"1\" loading=\"lazy\" decoding=\"async\" data-attachment-id=\"4174\" data-permalink=\"https:\/\/www.jazzzeitung.de\/cms\/2014\/07\/bakken-und-waits-geht-das\/rebekka-bakken-presse1-2014-photocredit-umg\/\" data-orig-file=\"https:\/\/i0.wp.com\/www.jazzzeitung.de\/cms\/wp-content\/uploads\/2014\/07\/Rebekka-Bakken-Presse1-2014-photocredit-UMG.jpg?fit=4000%2C2658&amp;ssl=1\" data-orig-size=\"4000,2658\" data-comments-opened=\"1\" data-image-meta=\"{&quot;aperture&quot;:&quot;2.5&quot;,&quot;credit&quot;:&quot;&quot;,&quot;camera&quot;:&quot;LEICA S (Typ 006)&quot;,&quot;caption&quot;:&quot;&quot;,&quot;created_timestamp&quot;:&quot;1386503814&quot;,&quot;copyright&quot;:&quot;&quot;,&quot;focal_length&quot;:&quot;70&quot;,&quot;iso&quot;:&quot;400&quot;,&quot;shutter_speed&quot;:&quot;0.022222222222222&quot;,&quot;title&quot;:&quot;&quot;}\" data-image-title=\"Rebekka-Bakken-Presse1-2014-photocredit-UMG\" data-image-description=\"\" data-image-caption=\"\" data-large-file=\"https:\/\/i0.wp.com\/www.jazzzeitung.de\/cms\/wp-content\/uploads\/2014\/07\/Rebekka-Bakken-Presse1-2014-photocredit-UMG.jpg?fit=840%2C558&amp;ssl=1\" class=\"aligncenter size-large wp-image-4174\" src=\"https:\/\/i0.wp.com\/www.jazzzeitung.de\/cms\/wp-content\/uploads\/2014\/07\/Rebekka-Bakken-Presse1-2014-photocredit-UMG-900x598.jpg?resize=695%2C461\" alt=\"Rebekka-Bakken-Presse1-2014-photocredit-UMG\" width=\"695\" height=\"461\" srcset=\"https:\/\/i0.wp.com\/www.jazzzeitung.de\/cms\/wp-content\/uploads\/2014\/07\/Rebekka-Bakken-Presse1-2014-photocredit-UMG.jpg?resize=900%2C598&amp;ssl=1 900w, https:\/\/i0.wp.com\/www.jazzzeitung.de\/cms\/wp-content\/uploads\/2014\/07\/Rebekka-Bakken-Presse1-2014-photocredit-UMG.jpg?resize=300%2C200&amp;ssl=1 300w, https:\/\/i0.wp.com\/www.jazzzeitung.de\/cms\/wp-content\/uploads\/2014\/07\/Rebekka-Bakken-Presse1-2014-photocredit-UMG.jpg?w=1680&amp;ssl=1 1680w, https:\/\/i0.wp.com\/www.jazzzeitung.de\/cms\/wp-content\/uploads\/2014\/07\/Rebekka-Bakken-Presse1-2014-photocredit-UMG.jpg?w=2520&amp;ssl=1 2520w\" sizes=\"auto, (max-width: 695px) 100vw, 695px\" \/><\/a><\/p>\n<p>Live zu erleben war dieses Projekt bereits 2013, jetzt liegt die Aufnahme auf CD vor. Nat\u00fcrlich muss man sich erst einmal an die klare Stimmer der Norwegerin, die so fast gar nichts mit den rauen T\u00f6nen des Waits-Interpretationen zu tun hat, gew\u00f6hnen. Fans beider K\u00fcnstler werden trotzdem oft ihre Freude an \u201eLittle Drop Of Poison\u201c, so der Titel, haben. Los geht\u2019s mit dem super melancholischen \u201eBroken Bicycles\u201c, das hier elegant und sophisticated daher kommt. Sehr entspannt und passend danach \u201ePlease Call Me, Baby\u201c im l\u00e4ssigen S\u00fcdstaaten-Blues-Sound. Sehr sch\u00f6n das an die 20er-Jahre-Arrangements eines Kurt Weill erinnernde Titelst\u00fcck \u201eLittle Drop Of Poison\u201c. Richtig in Fahrt kommen Band und S\u00e4ngerin dann mit \u201eHang On St. Christopher\u201c. G\u00e4nsehautmomente erzeugt Bakkens Interpretation der \u201eSan Diego Serenade\u201c. Klar, manchmal vermisst man das Dreckige, Underdogm\u00e4\u00dfige, Raue und nimmt der norwegischen Sch\u00f6nheit nicht so recht ab, dass solche Worte aus ihrem Mund kommen k\u00f6nnen. Trotzdem regt das Ganze auch mal wieder dazu an, seine alten Tom-Waits-Scheiben herauszusuchen und anzuh\u00f6ren. Und au\u00dferdem beweist die CD eindrucksvoll, was f\u00fcr ein gro\u00dfartiger Songkomponist Waits ist, sein Repertoire ist wandlungsf\u00e4hig und wird sicher &#8211; wie das seines Vorbilds Bob Dylan &#8211; in den Olymp der Evergreens eingehen.<\/p>\n<p>Die JazzZeitung verlost drei Exemplare der CD. Mailen Sie bis 20. Juli mit dem Betreff \u201eBakken-Waits\u201c und unter Angabe Ihrer Postadresse an gaisa@jazzzeitung.de<\/p>\n","protected":false},"excerpt":{"rendered":"<p>Die Mischung ist erst einmal gew\u00f6hnungsbed\u00fcrftig: die melancholisch-schmutzigen Songs des gro\u00dfen Tom Waits, begleitet vom cleanen Sound der hr-Bigband und gesungen von Norwegens Glamour-Star Rebekka Bakken. Doch es funktioniert (meistens), so viel sei an dieser Stelle schon einmal verraten. Die Idee zu dieser Produktion, die Ende Mai auf CD bei Universal erschienen ist, hatte der Bigband-Arrangeur und \u2013Dirigent J\u00f6rg Achim Keller. \u201eLa Bakken\u201c w\u00e4re selber nie darauf gekommen: \u201eTom Waits ist so einzigartig\u201c, sagt die S\u00e4ngerin, \u201eich w\u00e4re nie auf die Idee gekommen, seine St\u00fccke zu interpretieren. \u201e Trotzdem willigte sie ein und suchte zusammen mit Sch\u00e4fer 16 geeignete Songs aus, die anschlie\u00dfend passend arrangiert wurden. Der Vokalistin lie\u00df er dabei viel Raum: \u201eIch war v\u00f6llig frei\u201c, stellt Rebekka Bakken weiterhin fest, \u201eauf die Musik und meine eigenen Assoziationen und Gef\u00fchle zu reagieren.\u201c Live zu erleben war dieses Projekt bereits 2013, jetzt liegt die Aufnahme auf CD vor. Nat\u00fcrlich muss man sich erst einmal an die klare Stimmer der Norwegerin, die so fast gar nichts mit den rauen T\u00f6nen des Waits-Interpretationen zu tun hat, gew\u00f6hnen. Fans beider K\u00fcnstler werden trotzdem oft ihre Freude an \u201eLittle &hellip;<\/p>\n","protected":false},"author":18,"featured_media":0,"comment_status":"open","ping_status":"closed","sticky":false,"template":"","format":"standard","meta":{"_jetpack_memberships_contains_paid_content":false,"footnotes":"","jetpack_publicize_message":"","jetpack_publicize_feature_enabled":true,"jetpack_social_post_already_shared":false,"jetpack_social_options":{"image_generator_settings":{"template":"highway","default_image_id":0,"font":"","enabled":false},"version":2}},"categories":[82],"tags":[1023,109,1027,1025,294,1026,52,1024,572],"coauthors":[695],"class_list":["post-4172","post","type-post","status-publish","format-standard","hentry","category-blog","tag-bob-dylan","tag-cd","tag-cd-besprechung","tag-hr-bigband","tag-jazzzeitung","tag-litte-drop-of-poison","tag-bakken","tag-tom-waits","tag-universal"],"yoast_head":"<!-- This site is optimized with the Yoast SEO plugin v27.5 - https:\/\/yoast.com\/product\/yoast-seo-wordpress\/ -->\n<title>Bakken und Waits - geht das? - JazzZeitung<\/title>\n<meta name=\"robots\" content=\"index, follow, max-snippet:-1, max-image-preview:large, max-video-preview:-1\" \/>\n<link rel=\"canonical\" href=\"https:\/\/www.jazzzeitung.de\/cms\/2014\/07\/bakken-und-waits-geht-das\/\" \/>\n<meta property=\"og:locale\" content=\"de_DE\" \/>\n<meta property=\"og:type\" content=\"article\" \/>\n<meta property=\"og:title\" content=\"Bakken und Waits - geht das? - JazzZeitung\" \/>\n<meta property=\"og:description\" content=\"Die Mischung ist erst einmal gew\u00f6hnungsbed\u00fcrftig: die melancholisch-schmutzigen Songs des gro\u00dfen Tom Waits, begleitet vom cleanen Sound der hr-Bigband und gesungen von Norwegens Glamour-Star Rebekka Bakken. Doch es funktioniert (meistens), so viel sei an dieser Stelle schon einmal verraten. Die Idee zu dieser Produktion, die Ende Mai auf CD bei Universal erschienen ist, hatte der Bigband-Arrangeur und \u2013Dirigent J\u00f6rg Achim Keller. \u201eLa Bakken\u201c w\u00e4re selber nie darauf gekommen: \u201eTom Waits ist so einzigartig\u201c, sagt die S\u00e4ngerin, \u201eich w\u00e4re nie auf die Idee gekommen, seine St\u00fccke zu interpretieren. \u201e Trotzdem willigte sie ein und suchte zusammen mit Sch\u00e4fer 16 geeignete Songs aus, die anschlie\u00dfend passend arrangiert wurden. Der Vokalistin lie\u00df er dabei viel Raum: \u201eIch war v\u00f6llig frei\u201c, stellt Rebekka Bakken weiterhin fest, \u201eauf die Musik und meine eigenen Assoziationen und Gef\u00fchle zu reagieren.\u201c Live zu erleben war dieses Projekt bereits 2013, jetzt liegt die Aufnahme auf CD vor. Nat\u00fcrlich muss man sich erst einmal an die klare Stimmer der Norwegerin, die so fast gar nichts mit den rauen T\u00f6nen des Waits-Interpretationen zu tun hat, gew\u00f6hnen. Fans beider K\u00fcnstler werden trotzdem oft ihre Freude an \u201eLittle &hellip;\" \/>\n<meta property=\"og:url\" content=\"https:\/\/www.jazzzeitung.de\/cms\/2014\/07\/bakken-und-waits-geht-das\/\" \/>\n<meta property=\"og:site_name\" content=\"JazzZeitung\" \/>\n<meta property=\"article:publisher\" content=\"https:\/\/www.facebook.com\/JazzZeitung\/\" \/>\n<meta property=\"article:published_time\" content=\"2014-07-03T08:34:36+00:00\" \/>\n<meta property=\"article:modified_time\" content=\"2014-07-03T11:59:18+00:00\" \/>\n<meta property=\"og:image\" content=\"http:\/\/www.jazzzeitung.de\/cms\/wp-content\/uploads\/2014\/07\/Rebekka-Bakken-Little-Drop-Of-Poison-CDCover-150x150.jpg\" \/>\n<meta name=\"author\" content=\"Redaktion JazzZeitung\" \/>\n<script type=\"application\/ld+json\" class=\"yoast-schema-graph\">{\"@context\":\"https:\\\/\\\/schema.org\",\"@graph\":[{\"@type\":\"Article\",\"@id\":\"https:\\\/\\\/www.jazzzeitung.de\\\/cms\\\/2014\\\/07\\\/bakken-und-waits-geht-das\\\/#article\",\"isPartOf\":{\"@id\":\"https:\\\/\\\/www.jazzzeitung.de\\\/cms\\\/2014\\\/07\\\/bakken-und-waits-geht-das\\\/\"},\"author\":{\"name\":\"Redaktion JazzZeitung\",\"@id\":\"https:\\\/\\\/www.jazzzeitung.de\\\/cms\\\/#\\\/schema\\\/person\\\/2245b36b9cd1d24cea10f01c031fb92b\"},\"headline\":\"Bakken und Waits &#8211; geht das?\",\"datePublished\":\"2014-07-03T08:34:36+00:00\",\"dateModified\":\"2014-07-03T11:59:18+00:00\",\"mainEntityOfPage\":{\"@id\":\"https:\\\/\\\/www.jazzzeitung.de\\\/cms\\\/2014\\\/07\\\/bakken-und-waits-geht-das\\\/\"},\"wordCount\":387,\"commentCount\":0,\"publisher\":{\"@id\":\"https:\\\/\\\/www.jazzzeitung.de\\\/cms\\\/#organization\"},\"image\":{\"@id\":\"https:\\\/\\\/www.jazzzeitung.de\\\/cms\\\/2014\\\/07\\\/bakken-und-waits-geht-das\\\/#primaryimage\"},\"thumbnailUrl\":\"http:\\\/\\\/www.jazzzeitung.de\\\/cms\\\/wp-content\\\/uploads\\\/2014\\\/07\\\/Rebekka-Bakken-Little-Drop-Of-Poison-CDCover-150x150.jpg\",\"keywords\":[\"Bob Dylan\",\"CD\",\"CD-Besprechung\",\"hr-Bigband\",\"Jazzzeitung\",\"Litte Drop of Poison\",\"Rebekka Bakken\",\"Tom Waits\",\"Universal\"],\"articleSection\":[\"Blog\"],\"inLanguage\":\"de\",\"potentialAction\":[{\"@type\":\"CommentAction\",\"name\":\"Comment\",\"target\":[\"https:\\\/\\\/www.jazzzeitung.de\\\/cms\\\/2014\\\/07\\\/bakken-und-waits-geht-das\\\/#respond\"]}]},{\"@type\":\"WebPage\",\"@id\":\"https:\\\/\\\/www.jazzzeitung.de\\\/cms\\\/2014\\\/07\\\/bakken-und-waits-geht-das\\\/\",\"url\":\"https:\\\/\\\/www.jazzzeitung.de\\\/cms\\\/2014\\\/07\\\/bakken-und-waits-geht-das\\\/\",\"name\":\"Bakken und Waits - geht das? - JazzZeitung\",\"isPartOf\":{\"@id\":\"https:\\\/\\\/www.jazzzeitung.de\\\/cms\\\/#website\"},\"primaryImageOfPage\":{\"@id\":\"https:\\\/\\\/www.jazzzeitung.de\\\/cms\\\/2014\\\/07\\\/bakken-und-waits-geht-das\\\/#primaryimage\"},\"image\":{\"@id\":\"https:\\\/\\\/www.jazzzeitung.de\\\/cms\\\/2014\\\/07\\\/bakken-und-waits-geht-das\\\/#primaryimage\"},\"thumbnailUrl\":\"http:\\\/\\\/www.jazzzeitung.de\\\/cms\\\/wp-content\\\/uploads\\\/2014\\\/07\\\/Rebekka-Bakken-Little-Drop-Of-Poison-CDCover-150x150.jpg\",\"datePublished\":\"2014-07-03T08:34:36+00:00\",\"dateModified\":\"2014-07-03T11:59:18+00:00\",\"breadcrumb\":{\"@id\":\"https:\\\/\\\/www.jazzzeitung.de\\\/cms\\\/2014\\\/07\\\/bakken-und-waits-geht-das\\\/#breadcrumb\"},\"inLanguage\":\"de\",\"potentialAction\":[{\"@type\":\"ReadAction\",\"target\":[\"https:\\\/\\\/www.jazzzeitung.de\\\/cms\\\/2014\\\/07\\\/bakken-und-waits-geht-das\\\/\"]}]},{\"@type\":\"ImageObject\",\"inLanguage\":\"de\",\"@id\":\"https:\\\/\\\/www.jazzzeitung.de\\\/cms\\\/2014\\\/07\\\/bakken-und-waits-geht-das\\\/#primaryimage\",\"url\":\"http:\\\/\\\/www.jazzzeitung.de\\\/cms\\\/wp-content\\\/uploads\\\/2014\\\/07\\\/Rebekka-Bakken-Little-Drop-Of-Poison-CDCover-150x150.jpg\",\"contentUrl\":\"http:\\\/\\\/www.jazzzeitung.de\\\/cms\\\/wp-content\\\/uploads\\\/2014\\\/07\\\/Rebekka-Bakken-Little-Drop-Of-Poison-CDCover-150x150.jpg\"},{\"@type\":\"BreadcrumbList\",\"@id\":\"https:\\\/\\\/www.jazzzeitung.de\\\/cms\\\/2014\\\/07\\\/bakken-und-waits-geht-das\\\/#breadcrumb\",\"itemListElement\":[{\"@type\":\"ListItem\",\"position\":1,\"name\":\"Startseite\",\"item\":\"https:\\\/\\\/www.jazzzeitung.de\\\/cms\\\/\"},{\"@type\":\"ListItem\",\"position\":2,\"name\":\"Bakken und Waits &#8211; geht das?\"}]},{\"@type\":\"WebSite\",\"@id\":\"https:\\\/\\\/www.jazzzeitung.de\\\/cms\\\/#website\",\"url\":\"https:\\\/\\\/www.jazzzeitung.de\\\/cms\\\/\",\"name\":\"JazzZeitung\",\"description\":\"Jazz-News und Jazz-Kontroverses\",\"publisher\":{\"@id\":\"https:\\\/\\\/www.jazzzeitung.de\\\/cms\\\/#organization\"},\"potentialAction\":[{\"@type\":\"SearchAction\",\"target\":{\"@type\":\"EntryPoint\",\"urlTemplate\":\"https:\\\/\\\/www.jazzzeitung.de\\\/cms\\\/?s={search_term_string}\"},\"query-input\":{\"@type\":\"PropertyValueSpecification\",\"valueRequired\":true,\"valueName\":\"search_term_string\"}}],\"inLanguage\":\"de\"},{\"@type\":\"Organization\",\"@id\":\"https:\\\/\\\/www.jazzzeitung.de\\\/cms\\\/#organization\",\"name\":\"JazzZeitung online\",\"url\":\"https:\\\/\\\/www.jazzzeitung.de\\\/cms\\\/\",\"logo\":{\"@type\":\"ImageObject\",\"inLanguage\":\"de\",\"@id\":\"https:\\\/\\\/www.jazzzeitung.de\\\/cms\\\/#\\\/schema\\\/logo\\\/image\\\/\",\"url\":\"https:\\\/\\\/i0.wp.com\\\/www.jazzzeitung.de\\\/cms\\\/wp-content\\\/uploads\\\/2015\\\/08\\\/JAZZZEITUNGDE_Logo_Neu.png?fit=499%2C200&ssl=1\",\"contentUrl\":\"https:\\\/\\\/i0.wp.com\\\/www.jazzzeitung.de\\\/cms\\\/wp-content\\\/uploads\\\/2015\\\/08\\\/JAZZZEITUNGDE_Logo_Neu.png?fit=499%2C200&ssl=1\",\"width\":499,\"height\":200,\"caption\":\"JazzZeitung online\"},\"image\":{\"@id\":\"https:\\\/\\\/www.jazzzeitung.de\\\/cms\\\/#\\\/schema\\\/logo\\\/image\\\/\"},\"sameAs\":[\"https:\\\/\\\/www.facebook.com\\\/JazzZeitung\\\/\"]},{\"@type\":\"Person\",\"@id\":\"https:\\\/\\\/www.jazzzeitung.de\\\/cms\\\/#\\\/schema\\\/person\\\/2245b36b9cd1d24cea10f01c031fb92b\",\"name\":\"Redaktion JazzZeitung\",\"image\":{\"@type\":\"ImageObject\",\"inLanguage\":\"de\",\"@id\":\"https:\\\/\\\/i0.wp.com\\\/www.jazzzeitung.de\\\/cms\\\/wp-content\\\/uploads\\\/2015\\\/08\\\/JAZZZEITUNGDE_Logo_Neu.png?resize=96%2C96&ssl=159975dcacb611b5700bd619b5daf0a7a\",\"url\":\"https:\\\/\\\/i0.wp.com\\\/www.jazzzeitung.de\\\/cms\\\/wp-content\\\/uploads\\\/2015\\\/08\\\/JAZZZEITUNGDE_Logo_Neu.png?resize=96%2C96&ssl=1\",\"contentUrl\":\"https:\\\/\\\/i0.wp.com\\\/www.jazzzeitung.de\\\/cms\\\/wp-content\\\/uploads\\\/2015\\\/08\\\/JAZZZEITUNGDE_Logo_Neu.png?resize=96%2C96&ssl=1\",\"caption\":\"Redaktion JazzZeitung\"},\"description\":\"Artikel der Redaktion der JazzZeitung.\",\"sameAs\":[\"http:\\\/\\\/www.jazzzeitung.de\\\/cms\\\/\"],\"url\":\"https:\\\/\\\/www.jazzzeitung.de\\\/cms\\\/author\\\/redaktion\\\/\"}]}<\/script>\n<!-- \/ Yoast SEO plugin. -->","yoast_head_json":{"title":"Bakken und Waits - geht das? - JazzZeitung","robots":{"index":"index","follow":"follow","max-snippet":"max-snippet:-1","max-image-preview":"max-image-preview:large","max-video-preview":"max-video-preview:-1"},"canonical":"https:\/\/www.jazzzeitung.de\/cms\/2014\/07\/bakken-und-waits-geht-das\/","og_locale":"de_DE","og_type":"article","og_title":"Bakken und Waits - geht das? - JazzZeitung","og_description":"Die Mischung ist erst einmal gew\u00f6hnungsbed\u00fcrftig: die melancholisch-schmutzigen Songs des gro\u00dfen Tom Waits, begleitet vom cleanen Sound der hr-Bigband und gesungen von Norwegens Glamour-Star Rebekka Bakken. Doch es funktioniert (meistens), so viel sei an dieser Stelle schon einmal verraten. Die Idee zu dieser Produktion, die Ende Mai auf CD bei Universal erschienen ist, hatte der Bigband-Arrangeur und \u2013Dirigent J\u00f6rg Achim Keller. \u201eLa Bakken\u201c w\u00e4re selber nie darauf gekommen: \u201eTom Waits ist so einzigartig\u201c, sagt die S\u00e4ngerin, \u201eich w\u00e4re nie auf die Idee gekommen, seine St\u00fccke zu interpretieren. \u201e Trotzdem willigte sie ein und suchte zusammen mit Sch\u00e4fer 16 geeignete Songs aus, die anschlie\u00dfend passend arrangiert wurden. Der Vokalistin lie\u00df er dabei viel Raum: \u201eIch war v\u00f6llig frei\u201c, stellt Rebekka Bakken weiterhin fest, \u201eauf die Musik und meine eigenen Assoziationen und Gef\u00fchle zu reagieren.\u201c Live zu erleben war dieses Projekt bereits 2013, jetzt liegt die Aufnahme auf CD vor. Nat\u00fcrlich muss man sich erst einmal an die klare Stimmer der Norwegerin, die so fast gar nichts mit den rauen T\u00f6nen des Waits-Interpretationen zu tun hat, gew\u00f6hnen. Fans beider K\u00fcnstler werden trotzdem oft ihre Freude an \u201eLittle &hellip;","og_url":"https:\/\/www.jazzzeitung.de\/cms\/2014\/07\/bakken-und-waits-geht-das\/","og_site_name":"JazzZeitung","article_publisher":"https:\/\/www.facebook.com\/JazzZeitung\/","article_published_time":"2014-07-03T08:34:36+00:00","article_modified_time":"2014-07-03T11:59:18+00:00","og_image":[{"url":"http:\/\/www.jazzzeitung.de\/cms\/wp-content\/uploads\/2014\/07\/Rebekka-Bakken-Little-Drop-Of-Poison-CDCover-150x150.jpg","type":"","width":"","height":""}],"author":"Redaktion JazzZeitung","schema":{"@context":"https:\/\/schema.org","@graph":[{"@type":"Article","@id":"https:\/\/www.jazzzeitung.de\/cms\/2014\/07\/bakken-und-waits-geht-das\/#article","isPartOf":{"@id":"https:\/\/www.jazzzeitung.de\/cms\/2014\/07\/bakken-und-waits-geht-das\/"},"author":{"name":"Redaktion JazzZeitung","@id":"https:\/\/www.jazzzeitung.de\/cms\/#\/schema\/person\/2245b36b9cd1d24cea10f01c031fb92b"},"headline":"Bakken und Waits &#8211; geht das?","datePublished":"2014-07-03T08:34:36+00:00","dateModified":"2014-07-03T11:59:18+00:00","mainEntityOfPage":{"@id":"https:\/\/www.jazzzeitung.de\/cms\/2014\/07\/bakken-und-waits-geht-das\/"},"wordCount":387,"commentCount":0,"publisher":{"@id":"https:\/\/www.jazzzeitung.de\/cms\/#organization"},"image":{"@id":"https:\/\/www.jazzzeitung.de\/cms\/2014\/07\/bakken-und-waits-geht-das\/#primaryimage"},"thumbnailUrl":"http:\/\/www.jazzzeitung.de\/cms\/wp-content\/uploads\/2014\/07\/Rebekka-Bakken-Little-Drop-Of-Poison-CDCover-150x150.jpg","keywords":["Bob Dylan","CD","CD-Besprechung","hr-Bigband","Jazzzeitung","Litte Drop of Poison","Rebekka Bakken","Tom Waits","Universal"],"articleSection":["Blog"],"inLanguage":"de","potentialAction":[{"@type":"CommentAction","name":"Comment","target":["https:\/\/www.jazzzeitung.de\/cms\/2014\/07\/bakken-und-waits-geht-das\/#respond"]}]},{"@type":"WebPage","@id":"https:\/\/www.jazzzeitung.de\/cms\/2014\/07\/bakken-und-waits-geht-das\/","url":"https:\/\/www.jazzzeitung.de\/cms\/2014\/07\/bakken-und-waits-geht-das\/","name":"Bakken und Waits - geht das? - JazzZeitung","isPartOf":{"@id":"https:\/\/www.jazzzeitung.de\/cms\/#website"},"primaryImageOfPage":{"@id":"https:\/\/www.jazzzeitung.de\/cms\/2014\/07\/bakken-und-waits-geht-das\/#primaryimage"},"image":{"@id":"https:\/\/www.jazzzeitung.de\/cms\/2014\/07\/bakken-und-waits-geht-das\/#primaryimage"},"thumbnailUrl":"http:\/\/www.jazzzeitung.de\/cms\/wp-content\/uploads\/2014\/07\/Rebekka-Bakken-Little-Drop-Of-Poison-CDCover-150x150.jpg","datePublished":"2014-07-03T08:34:36+00:00","dateModified":"2014-07-03T11:59:18+00:00","breadcrumb":{"@id":"https:\/\/www.jazzzeitung.de\/cms\/2014\/07\/bakken-und-waits-geht-das\/#breadcrumb"},"inLanguage":"de","potentialAction":[{"@type":"ReadAction","target":["https:\/\/www.jazzzeitung.de\/cms\/2014\/07\/bakken-und-waits-geht-das\/"]}]},{"@type":"ImageObject","inLanguage":"de","@id":"https:\/\/www.jazzzeitung.de\/cms\/2014\/07\/bakken-und-waits-geht-das\/#primaryimage","url":"http:\/\/www.jazzzeitung.de\/cms\/wp-content\/uploads\/2014\/07\/Rebekka-Bakken-Little-Drop-Of-Poison-CDCover-150x150.jpg","contentUrl":"http:\/\/www.jazzzeitung.de\/cms\/wp-content\/uploads\/2014\/07\/Rebekka-Bakken-Little-Drop-Of-Poison-CDCover-150x150.jpg"},{"@type":"BreadcrumbList","@id":"https:\/\/www.jazzzeitung.de\/cms\/2014\/07\/bakken-und-waits-geht-das\/#breadcrumb","itemListElement":[{"@type":"ListItem","position":1,"name":"Startseite","item":"https:\/\/www.jazzzeitung.de\/cms\/"},{"@type":"ListItem","position":2,"name":"Bakken und Waits &#8211; geht das?"}]},{"@type":"WebSite","@id":"https:\/\/www.jazzzeitung.de\/cms\/#website","url":"https:\/\/www.jazzzeitung.de\/cms\/","name":"JazzZeitung","description":"Jazz-News und Jazz-Kontroverses","publisher":{"@id":"https:\/\/www.jazzzeitung.de\/cms\/#organization"},"potentialAction":[{"@type":"SearchAction","target":{"@type":"EntryPoint","urlTemplate":"https:\/\/www.jazzzeitung.de\/cms\/?s={search_term_string}"},"query-input":{"@type":"PropertyValueSpecification","valueRequired":true,"valueName":"search_term_string"}}],"inLanguage":"de"},{"@type":"Organization","@id":"https:\/\/www.jazzzeitung.de\/cms\/#organization","name":"JazzZeitung online","url":"https:\/\/www.jazzzeitung.de\/cms\/","logo":{"@type":"ImageObject","inLanguage":"de","@id":"https:\/\/www.jazzzeitung.de\/cms\/#\/schema\/logo\/image\/","url":"https:\/\/i0.wp.com\/www.jazzzeitung.de\/cms\/wp-content\/uploads\/2015\/08\/JAZZZEITUNGDE_Logo_Neu.png?fit=499%2C200&ssl=1","contentUrl":"https:\/\/i0.wp.com\/www.jazzzeitung.de\/cms\/wp-content\/uploads\/2015\/08\/JAZZZEITUNGDE_Logo_Neu.png?fit=499%2C200&ssl=1","width":499,"height":200,"caption":"JazzZeitung online"},"image":{"@id":"https:\/\/www.jazzzeitung.de\/cms\/#\/schema\/logo\/image\/"},"sameAs":["https:\/\/www.facebook.com\/JazzZeitung\/"]},{"@type":"Person","@id":"https:\/\/www.jazzzeitung.de\/cms\/#\/schema\/person\/2245b36b9cd1d24cea10f01c031fb92b","name":"Redaktion JazzZeitung","image":{"@type":"ImageObject","inLanguage":"de","@id":"https:\/\/i0.wp.com\/www.jazzzeitung.de\/cms\/wp-content\/uploads\/2015\/08\/JAZZZEITUNGDE_Logo_Neu.png?resize=96%2C96&ssl=159975dcacb611b5700bd619b5daf0a7a","url":"https:\/\/i0.wp.com\/www.jazzzeitung.de\/cms\/wp-content\/uploads\/2015\/08\/JAZZZEITUNGDE_Logo_Neu.png?resize=96%2C96&ssl=1","contentUrl":"https:\/\/i0.wp.com\/www.jazzzeitung.de\/cms\/wp-content\/uploads\/2015\/08\/JAZZZEITUNGDE_Logo_Neu.png?resize=96%2C96&ssl=1","caption":"Redaktion JazzZeitung"},"description":"Artikel der Redaktion der JazzZeitung.","sameAs":["http:\/\/www.jazzzeitung.de\/cms\/"],"url":"https:\/\/www.jazzzeitung.de\/cms\/author\/redaktion\/"}]}},"wp-worthy-pixel":{"ignored":false,"public":null,"server":null,"url":null},"wp-worthy-type":"normal","jetpack_publicize_connections":[],"cc_featured_image_caption":{"caption_text":false,"source_text":false,"source_url":false},"jetpack_featured_media_url":"","jetpack_shortlink":"https:\/\/wp.me\/p3KEcT-15i","jetpack-related-posts":[{"id":26198,"url":"https:\/\/www.jazzzeitung.de\/cms\/2021\/11\/abschlusskonzert-der-ingolstaedter-jazztage\/","url_meta":{"origin":4172,"position":0},"title":"Rebekka Bakken trifft auf Wolfgang Muthspiel beim Abschlusskonzert der Ingolst\u00e4dter Jazztage","author":"Redaktion JazzZeitung","date":"20. November 2021","format":false,"excerpt":"Es h\u00e4tte kaum sch\u00f6ner sein k\u00f6nnen: Nach einem Jahr Pause wieder Jazztage in Ingolstadt und dann werden sie beim Abschlusskonzert mit der norwegischen S\u00e4ngerin Rebekka Bakken auch noch von einer solchen Geschichte gekr\u00f6nt. Sie geht so: Vor \u00fcber 20 Jahren lebten die S\u00e4ngerin und der \u00f6sterreichische Jazz-Gitarrist Wolfgang Muthspiel zusammen\u2026","rel":"","context":"In &quot;Bericht&quot;","block_context":{"text":"Bericht","link":"https:\/\/www.jazzzeitung.de\/cms\/thema\/bericht\/"},"img":{"alt_text":"","src":"https:\/\/i0.wp.com\/www.jazzzeitung.de\/cms\/wp-content\/uploads\/2021\/11\/Bakken-Muthspiel-2-%C2%A9ReinhardDorn-scaled.jpg?fit=1200%2C801&ssl=1&resize=350%2C200","width":350,"height":200,"srcset":"https:\/\/i0.wp.com\/www.jazzzeitung.de\/cms\/wp-content\/uploads\/2021\/11\/Bakken-Muthspiel-2-%C2%A9ReinhardDorn-scaled.jpg?fit=1200%2C801&ssl=1&resize=350%2C200 1x, https:\/\/i0.wp.com\/www.jazzzeitung.de\/cms\/wp-content\/uploads\/2021\/11\/Bakken-Muthspiel-2-%C2%A9ReinhardDorn-scaled.jpg?fit=1200%2C801&ssl=1&resize=525%2C300 1.5x, https:\/\/i0.wp.com\/www.jazzzeitung.de\/cms\/wp-content\/uploads\/2021\/11\/Bakken-Muthspiel-2-%C2%A9ReinhardDorn-scaled.jpg?fit=1200%2C801&ssl=1&resize=700%2C400 2x, https:\/\/i0.wp.com\/www.jazzzeitung.de\/cms\/wp-content\/uploads\/2021\/11\/Bakken-Muthspiel-2-%C2%A9ReinhardDorn-scaled.jpg?fit=1200%2C801&ssl=1&resize=1050%2C600 3x"},"classes":[]},{"id":5045,"url":"https:\/\/www.jazzzeitung.de\/cms\/2014\/12\/neues-aus-burghausen-nachwuchspreis-und-sonder-vorverkauf\/","url_meta":{"origin":4172,"position":1},"title":"Neues aus Burghausen: Nachwuchspreis und Sonder-Vorverkauf","author":"Redaktion JazzZeitung","date":"3. Dezember 2014","format":false,"excerpt":"Mit knapp 70 Einsendungen aus 30 L\u00e4ndern hat der 7. Europ\u00e4ische Burghauser Nachwuchs-Jazzpreis weitere L\u00e4nder erreicht. Die europaweit offene Ausschreibung (geographisch gesehen) f\u00fcr die Preisverleihung im n\u00e4chsten Jahr fand begeisterten Anklang. Dieses Mal standen vor allem L\u00e4nder aus dem Osten, wie Kroatien, Rum\u00e4nien, Litauen, Ungarn und Polen auf der Bewerberliste.\u2026","rel":"","context":"In &quot;News&quot;","block_context":{"text":"News","link":"https:\/\/www.jazzzeitung.de\/cms\/thema\/nachrichten\/"},"img":{"alt_text":"-","src":"https:\/\/i0.wp.com\/www.jazzzeitung.de\/cms\/wp-content\/uploads\/2014\/12\/mario_biondi_011-150x150.jpg?resize=350%2C200","width":350,"height":200},"classes":[]},{"id":33393,"url":"https:\/\/www.jazzzeitung.de\/cms\/2025\/11\/ingolstaedter-jazztage-mit-fotos-von-thomas-j-krebs\/","url_meta":{"origin":4172,"position":2},"title":"Ingolst\u00e4dter Jazztage \u2013 mit Fotos von Thomas J. Krebs","author":"Thomas J. Krebs","date":"20. November 2025","format":false,"excerpt":"Elvis Costello & die WDR Big Band Absolutes Festivalhighlight im Rahmen des \u201eGrand Concert\u201c war der mit Spannung erwartete Auftritt von Pop-\/Punk & Rocklegende Elvis Costello mit der WDR Big Band. Unter der Leitung von Michael Leonhardt wurde ein abwechslungsreiches, vielschichtiges Programm pr\u00e4sentiert, angefangen von Klassikern wie \u201eWatching The Detectives\u201c,\u2026","rel":"","context":"In &quot;Bericht&quot;","block_context":{"text":"Bericht","link":"https:\/\/www.jazzzeitung.de\/cms\/thema\/bericht\/"},"img":{"alt_text":"","src":"https:\/\/i0.wp.com\/www.jazzzeitung.de\/cms\/wp-content\/uploads\/2025\/11\/P1870272-Bakken-Foto-TJ-Krebs.jpg?fit=1200%2C799&ssl=1&resize=350%2C200","width":350,"height":200,"srcset":"https:\/\/i0.wp.com\/www.jazzzeitung.de\/cms\/wp-content\/uploads\/2025\/11\/P1870272-Bakken-Foto-TJ-Krebs.jpg?fit=1200%2C799&ssl=1&resize=350%2C200 1x, https:\/\/i0.wp.com\/www.jazzzeitung.de\/cms\/wp-content\/uploads\/2025\/11\/P1870272-Bakken-Foto-TJ-Krebs.jpg?fit=1200%2C799&ssl=1&resize=525%2C300 1.5x, https:\/\/i0.wp.com\/www.jazzzeitung.de\/cms\/wp-content\/uploads\/2025\/11\/P1870272-Bakken-Foto-TJ-Krebs.jpg?fit=1200%2C799&ssl=1&resize=700%2C400 2x, https:\/\/i0.wp.com\/www.jazzzeitung.de\/cms\/wp-content\/uploads\/2025\/11\/P1870272-Bakken-Foto-TJ-Krebs.jpg?fit=1200%2C799&ssl=1&resize=1050%2C600 3x"},"classes":[]},{"id":451,"url":"https:\/\/www.jazzzeitung.de\/cms\/2010\/09\/singendes-sahnehaeubchen\/","url_meta":{"origin":4172,"position":3},"title":"Singendes Sahneh\u00e4ubchen","author":"Rainer Wein","date":"26. September 2010","format":false,"excerpt":"In der Kulturarena Jena trat im August mal wieder Rebekka Bakken auf, von den Veranstaltern angek\u00fcndigt als \u201eSahneh\u00e4ubchen\u201c. W\u00f6rtlich hie\u00df es da au\u00dferdem: \u201eStarke Frauenstimmen geh\u00f6ren zur Kulturarena wie Sahne auf den Eisbecher.\u201c Nun ist Sahne auf dem Eisbecher im Grunde reine Verzierung: Vanille- oder Schokoladeneis enthalten in der Regel\u2026","rel":"","context":"In &quot;Blog&quot;","block_context":{"text":"Blog","link":"https:\/\/www.jazzzeitung.de\/cms\/thema\/blog\/"},"img":{"alt_text":"","src":"","width":0,"height":0},"classes":[]},{"id":8684,"url":"https:\/\/www.jazzzeitung.de\/cms\/2016\/03\/cd-rezension-logan-richardson-mit-pat-metheny-jason-moran-nasheet-waits-harish-raghavan-shift\/","url_meta":{"origin":4172,"position":4},"title":"Shift &#8211; die neue CD von Logan Richardson","author":"Redaktion JazzZeitung","date":"13. M\u00e4rz 2016","format":false,"excerpt":"Von Thomas J. Krebs - Den umtriebigen Altsaxophonisten Logan Richardson werden viele Fans nicht unbedingt als Leader, sondern eher als Sideman von Ambrose Akinmusire oder z.B. Gerald Clayton kennen. Mit seiner neuen CD \u201cShift\u201d, erschienen auf dem renommierten Blue Note Label, legt Richardson nach \"Cerebral Flow\" und \"Ethos\" nun sein\u2026","rel":"","context":"In &quot;Rezension&quot;","block_context":{"text":"Rezension","link":"https:\/\/www.jazzzeitung.de\/cms\/thema\/rezension\/"},"img":{"alt_text":"Cover Logan Richardson - Shift","src":"https:\/\/i0.wp.com\/www.jazzzeitung.de\/cms\/wp-content\/uploads\/2016\/03\/Cover-Logan-Richardson-Shift-1-150x150.jpg?resize=350%2C200","width":350,"height":200},"classes":[]},{"id":12974,"url":"https:\/\/www.jazzzeitung.de\/cms\/2017\/07\/neue-cd-von-django-bates-und-hr-bigband-saluting-sgt-pepper\/","url_meta":{"origin":4172,"position":5},"title":"Neue CD von Django Bates und hr-Bigband: &#8222;Saluting Sgt. Pepper&#8220;","author":"Redaktion JazzZeitung","date":"11. Juli 2017","format":false,"excerpt":"Im Juni 1967 erschien das wohl einflussreichste Rockalbum aller Zeiten: \u201eSgt. Pepper\u2019s Lonely Hearts Club Band\u201c von den Beatles. Django Bates schenkte es damals seiner Schwester: \u201eDurch die geschlossene T\u00fcr ihres Zimmers h\u00f6rte ich diese unglaubliche Vielfalt der Kl\u00e4nge, Genres, Effekte und \u00dcberraschungen.\" Zum 50. Geburtstag dieses Meilensteins der Popgeschichte\u2026","rel":"","context":"In &quot;Rezension&quot;","block_context":{"text":"Rezension","link":"https:\/\/www.jazzzeitung.de\/cms\/thema\/rezension\/"},"img":{"alt_text":"","src":"https:\/\/i0.wp.com\/www.jazzzeitung.de\/cms\/wp-content\/uploads\/2017\/07\/salutingsgtpepper_cdcover-100_story-salutingsgtpepper__cd-100-150x150.jpg?resize=350%2C200&ssl=1","width":350,"height":200},"classes":[]}],"jetpack_sharing_enabled":true,"_links":{"self":[{"href":"https:\/\/www.jazzzeitung.de\/cms\/wp-json\/wp\/v2\/posts\/4172","targetHints":{"allow":["GET"]}}],"collection":[{"href":"https:\/\/www.jazzzeitung.de\/cms\/wp-json\/wp\/v2\/posts"}],"about":[{"href":"https:\/\/www.jazzzeitung.de\/cms\/wp-json\/wp\/v2\/types\/post"}],"author":[{"embeddable":true,"href":"https:\/\/www.jazzzeitung.de\/cms\/wp-json\/wp\/v2\/users\/18"}],"replies":[{"embeddable":true,"href":"https:\/\/www.jazzzeitung.de\/cms\/wp-json\/wp\/v2\/comments?post=4172"}],"version-history":[{"count":5,"href":"https:\/\/www.jazzzeitung.de\/cms\/wp-json\/wp\/v2\/posts\/4172\/revisions"}],"predecessor-version":[{"id":4191,"href":"https:\/\/www.jazzzeitung.de\/cms\/wp-json\/wp\/v2\/posts\/4172\/revisions\/4191"}],"wp:attachment":[{"href":"https:\/\/www.jazzzeitung.de\/cms\/wp-json\/wp\/v2\/media?parent=4172"}],"wp:term":[{"taxonomy":"category","embeddable":true,"href":"https:\/\/www.jazzzeitung.de\/cms\/wp-json\/wp\/v2\/categories?post=4172"},{"taxonomy":"post_tag","embeddable":true,"href":"https:\/\/www.jazzzeitung.de\/cms\/wp-json\/wp\/v2\/tags?post=4172"},{"taxonomy":"author","embeddable":true,"href":"https:\/\/www.jazzzeitung.de\/cms\/wp-json\/wp\/v2\/coauthors?post=4172"}],"curies":[{"name":"wp","href":"https:\/\/api.w.org\/{rel}","templated":true}]}}