{"id":4064,"date":"2014-06-16T16:00:59","date_gmt":"2014-06-16T14:00:59","guid":{"rendered":"http:\/\/www.jazzzeitung.de\/cms\/?p=4064"},"modified":"2014-06-16T14:46:05","modified_gmt":"2014-06-16T12:46:05","slug":"der-jazz-saenger-jimmy-scott-ist-tot","status":"publish","type":"post","link":"https:\/\/www.jazzzeitung.de\/cms\/2014\/06\/der-jazz-saenger-jimmy-scott-ist-tot\/","title":{"rendered":"Der Jazz-S\u00e4nger Jimmy Scott ist tot"},"content":{"rendered":"<p>Bereits am Donnerstag vergangene Woche sei der S\u00e4nger Jimmy Scott im Alter von 88 Jahren in seinem Haus in Las Vegas an einem Herzstillstand gestorben, berichteten US-Medien unter Berufung auf seine Frau.\u00a0 Scott, der aufgrund des Kallmann-Syndroms, einer seltenen genetischen Krankheit nie in den Stimmwechsel gekommen war, hatte sein ganzes Leben lang eine ungew\u00f6hnlich hohe Stimme.<\/p>\n<figure id=\"attachment_4065\" aria-describedby=\"caption-attachment-4065\" style=\"width: 150px\" class=\"wp-caption alignright\"><a href=\"https:\/\/i0.wp.com\/www.jazzzeitung.de\/cms\/wp-content\/uploads\/2014\/06\/portrait-scott.jpg\"><img data-recalc-dims=\"1\" loading=\"lazy\" decoding=\"async\" data-attachment-id=\"4065\" data-permalink=\"https:\/\/www.jazzzeitung.de\/cms\/2014\/06\/der-jazz-saenger-jimmy-scott-ist-tot\/portrait-scott\/\" data-orig-file=\"https:\/\/i0.wp.com\/www.jazzzeitung.de\/cms\/wp-content\/uploads\/2014\/06\/portrait-scott.jpg?fit=180%2C116&amp;ssl=1\" data-orig-size=\"180,116\" data-comments-opened=\"1\" data-image-meta=\"{&quot;aperture&quot;:&quot;0&quot;,&quot;credit&quot;:&quot;&quot;,&quot;camera&quot;:&quot;&quot;,&quot;caption&quot;:&quot;&quot;,&quot;created_timestamp&quot;:&quot;0&quot;,&quot;copyright&quot;:&quot;&quot;,&quot;focal_length&quot;:&quot;0&quot;,&quot;iso&quot;:&quot;0&quot;,&quot;shutter_speed&quot;:&quot;0&quot;,&quot;title&quot;:&quot;&quot;}\" data-image-title=\"Portr\u00e4t Jimmy Scott\" data-image-description=\"\" data-image-caption=\"&lt;p&gt;Portr\u00e4t Jimmy Scott&lt;\/p&gt;\n\" data-large-file=\"https:\/\/i0.wp.com\/www.jazzzeitung.de\/cms\/wp-content\/uploads\/2014\/06\/portrait-scott.jpg?fit=180%2C116&amp;ssl=1\" class=\"size-thumbnail wp-image-4065\" src=\"https:\/\/i0.wp.com\/www.jazzzeitung.de\/cms\/wp-content\/uploads\/2014\/06\/portrait-scott-150x116.jpg?resize=150%2C116\" alt=\"Portr\u00e4t Jimmy Scott\" width=\"150\" height=\"116\" \/><\/a><figcaption id=\"caption-attachment-4065\" class=\"wp-caption-text\">Portr\u00e4t Jimmy Scott<\/figcaption><\/figure>\n<p>In den 50er und 60er Jahren feierte der 1925 in Cleveland im US-Bundesstaat Ohio geborene Scott damit erste Erfolge, bevor er sich f\u00fcr mehrere Jahrzehnte von der B\u00fchne zur\u00fcckzog. In den 80er-Jahren kehrte Scott, der f\u00fcnfmal verheiratet war, schlie\u00dflich zur\u00fcck, nahm mehrere Alben auf, feierte umjubelte Auftritte auf der ganzen Welt und bekam eine Grammy-Nominierung.<\/p>\n<p>Mehr \u00fcber Scott im Archiv der Jazzzeitung unter:<\/p>\n<p><a href=\"http:\/\/www.jazzzeitung.de\/jazz\/2002\/06\/portrait-scott.shtml\">http:\/\/www.jazzzeitung.de\/jazz\/2002\/06\/portrait-scott.shtml<\/a><\/p>\n","protected":false},"excerpt":{"rendered":"<p>Bereits am Donnerstag vergangene Woche sei der S\u00e4nger Jimmy Scott im Alter von 88 Jahren in seinem Haus in Las Vegas an einem Herzstillstand gestorben, berichteten US-Medien unter Berufung auf seine Frau.\u00a0 Scott, der aufgrund des Kallmann-Syndroms, einer seltenen genetischen Krankheit nie in den Stimmwechsel gekommen war, hatte sein ganzes Leben lang eine ungew\u00f6hnlich hohe Stimme. In den 50er und 60er Jahren feierte der 1925 in Cleveland im US-Bundesstaat Ohio geborene Scott damit erste Erfolge, bevor er sich f\u00fcr mehrere Jahrzehnte von der B\u00fchne zur\u00fcckzog. In den 80er-Jahren kehrte Scott, der f\u00fcnfmal verheiratet war, schlie\u00dflich zur\u00fcck, nahm mehrere Alben auf, feierte umjubelte Auftritte auf der ganzen Welt und bekam eine Grammy-Nominierung. Mehr \u00fcber Scott im Archiv der Jazzzeitung unter: http:\/\/www.jazzzeitung.de\/jazz\/2002\/06\/portrait-scott.shtml<\/p>\n","protected":false},"author":7,"featured_media":0,"comment_status":"open","ping_status":"closed","sticky":false,"template":"","format":"standard","meta":{"_jetpack_memberships_contains_paid_content":false,"footnotes":"","jetpack_publicize_message":"","jetpack_publicize_feature_enabled":true,"jetpack_social_post_already_shared":false,"jetpack_social_options":{"image_generator_settings":{"template":"highway","default_image_id":0,"font":"","enabled":false},"version":2}},"categories":[633],"tags":[294,1008,408],"coauthors":[662],"class_list":["post-4064","post","type-post","status-publish","format-standard","hentry","category-nachrichten","tag-jazzzeitung","tag-jimmy-scott","tag-nachruf"],"yoast_head":"<!-- This site is optimized with the Yoast SEO plugin v27.5 - https:\/\/yoast.com\/product\/yoast-seo-wordpress\/ -->\n<title>Der Jazz-S\u00e4nger Jimmy Scott ist tot - JazzZeitung<\/title>\n<meta name=\"robots\" content=\"index, follow, max-snippet:-1, max-image-preview:large, max-video-preview:-1\" \/>\n<link rel=\"canonical\" href=\"https:\/\/www.jazzzeitung.de\/cms\/2014\/06\/der-jazz-saenger-jimmy-scott-ist-tot\/\" \/>\n<meta property=\"og:locale\" content=\"de_DE\" \/>\n<meta property=\"og:type\" content=\"article\" \/>\n<meta property=\"og:title\" content=\"Der Jazz-S\u00e4nger Jimmy Scott ist tot - JazzZeitung\" \/>\n<meta property=\"og:description\" content=\"Bereits am Donnerstag vergangene Woche sei der S\u00e4nger Jimmy Scott im Alter von 88 Jahren in seinem Haus in Las Vegas an einem Herzstillstand gestorben, berichteten US-Medien unter Berufung auf seine Frau.\u00a0 Scott, der aufgrund des Kallmann-Syndroms, einer seltenen genetischen Krankheit nie in den Stimmwechsel gekommen war, hatte sein ganzes Leben lang eine ungew\u00f6hnlich hohe Stimme. In den 50er und 60er Jahren feierte der 1925 in Cleveland im US-Bundesstaat Ohio geborene Scott damit erste Erfolge, bevor er sich f\u00fcr mehrere Jahrzehnte von der B\u00fchne zur\u00fcckzog. In den 80er-Jahren kehrte Scott, der f\u00fcnfmal verheiratet war, schlie\u00dflich zur\u00fcck, nahm mehrere Alben auf, feierte umjubelte Auftritte auf der ganzen Welt und bekam eine Grammy-Nominierung. Mehr \u00fcber Scott im Archiv der Jazzzeitung unter: http:\/\/www.jazzzeitung.de\/jazz\/2002\/06\/portrait-scott.shtml\" \/>\n<meta property=\"og:url\" content=\"https:\/\/www.jazzzeitung.de\/cms\/2014\/06\/der-jazz-saenger-jimmy-scott-ist-tot\/\" \/>\n<meta property=\"og:site_name\" content=\"JazzZeitung\" \/>\n<meta property=\"article:publisher\" content=\"https:\/\/www.facebook.com\/JazzZeitung\/\" \/>\n<meta property=\"article:published_time\" content=\"2014-06-16T14:00:59+00:00\" \/>\n<meta property=\"og:image\" content=\"http:\/\/www.jazzzeitung.de\/cms\/wp-content\/uploads\/2014\/06\/portrait-scott-150x116.jpg\" \/>\n<meta name=\"author\" content=\"Andreas Kolb\" \/>\n<script type=\"application\/ld+json\" class=\"yoast-schema-graph\">{\"@context\":\"https:\\\/\\\/schema.org\",\"@graph\":[{\"@type\":\"Article\",\"@id\":\"https:\\\/\\\/www.jazzzeitung.de\\\/cms\\\/2014\\\/06\\\/der-jazz-saenger-jimmy-scott-ist-tot\\\/#article\",\"isPartOf\":{\"@id\":\"https:\\\/\\\/www.jazzzeitung.de\\\/cms\\\/2014\\\/06\\\/der-jazz-saenger-jimmy-scott-ist-tot\\\/\"},\"author\":{\"name\":\"Andreas Kolb\",\"@id\":\"https:\\\/\\\/www.jazzzeitung.de\\\/cms\\\/#\\\/schema\\\/person\\\/23954215d035da9ee48d2a2c09a4a62c\"},\"headline\":\"Der Jazz-S\u00e4nger Jimmy Scott ist tot\",\"datePublished\":\"2014-06-16T14:00:59+00:00\",\"mainEntityOfPage\":{\"@id\":\"https:\\\/\\\/www.jazzzeitung.de\\\/cms\\\/2014\\\/06\\\/der-jazz-saenger-jimmy-scott-ist-tot\\\/\"},\"wordCount\":150,\"commentCount\":0,\"publisher\":{\"@id\":\"https:\\\/\\\/www.jazzzeitung.de\\\/cms\\\/#organization\"},\"image\":{\"@id\":\"https:\\\/\\\/www.jazzzeitung.de\\\/cms\\\/2014\\\/06\\\/der-jazz-saenger-jimmy-scott-ist-tot\\\/#primaryimage\"},\"thumbnailUrl\":\"http:\\\/\\\/www.jazzzeitung.de\\\/cms\\\/wp-content\\\/uploads\\\/2014\\\/06\\\/portrait-scott-150x116.jpg\",\"keywords\":[\"Jazzzeitung\",\"Jimmy Scott\",\"Nachruf\"],\"articleSection\":[\"News\"],\"inLanguage\":\"de\",\"potentialAction\":[{\"@type\":\"CommentAction\",\"name\":\"Comment\",\"target\":[\"https:\\\/\\\/www.jazzzeitung.de\\\/cms\\\/2014\\\/06\\\/der-jazz-saenger-jimmy-scott-ist-tot\\\/#respond\"]}]},{\"@type\":\"WebPage\",\"@id\":\"https:\\\/\\\/www.jazzzeitung.de\\\/cms\\\/2014\\\/06\\\/der-jazz-saenger-jimmy-scott-ist-tot\\\/\",\"url\":\"https:\\\/\\\/www.jazzzeitung.de\\\/cms\\\/2014\\\/06\\\/der-jazz-saenger-jimmy-scott-ist-tot\\\/\",\"name\":\"Der Jazz-S\u00e4nger Jimmy Scott ist tot - JazzZeitung\",\"isPartOf\":{\"@id\":\"https:\\\/\\\/www.jazzzeitung.de\\\/cms\\\/#website\"},\"primaryImageOfPage\":{\"@id\":\"https:\\\/\\\/www.jazzzeitung.de\\\/cms\\\/2014\\\/06\\\/der-jazz-saenger-jimmy-scott-ist-tot\\\/#primaryimage\"},\"image\":{\"@id\":\"https:\\\/\\\/www.jazzzeitung.de\\\/cms\\\/2014\\\/06\\\/der-jazz-saenger-jimmy-scott-ist-tot\\\/#primaryimage\"},\"thumbnailUrl\":\"http:\\\/\\\/www.jazzzeitung.de\\\/cms\\\/wp-content\\\/uploads\\\/2014\\\/06\\\/portrait-scott-150x116.jpg\",\"datePublished\":\"2014-06-16T14:00:59+00:00\",\"breadcrumb\":{\"@id\":\"https:\\\/\\\/www.jazzzeitung.de\\\/cms\\\/2014\\\/06\\\/der-jazz-saenger-jimmy-scott-ist-tot\\\/#breadcrumb\"},\"inLanguage\":\"de\",\"potentialAction\":[{\"@type\":\"ReadAction\",\"target\":[\"https:\\\/\\\/www.jazzzeitung.de\\\/cms\\\/2014\\\/06\\\/der-jazz-saenger-jimmy-scott-ist-tot\\\/\"]}]},{\"@type\":\"ImageObject\",\"inLanguage\":\"de\",\"@id\":\"https:\\\/\\\/www.jazzzeitung.de\\\/cms\\\/2014\\\/06\\\/der-jazz-saenger-jimmy-scott-ist-tot\\\/#primaryimage\",\"url\":\"http:\\\/\\\/www.jazzzeitung.de\\\/cms\\\/wp-content\\\/uploads\\\/2014\\\/06\\\/portrait-scott-150x116.jpg\",\"contentUrl\":\"http:\\\/\\\/www.jazzzeitung.de\\\/cms\\\/wp-content\\\/uploads\\\/2014\\\/06\\\/portrait-scott-150x116.jpg\"},{\"@type\":\"BreadcrumbList\",\"@id\":\"https:\\\/\\\/www.jazzzeitung.de\\\/cms\\\/2014\\\/06\\\/der-jazz-saenger-jimmy-scott-ist-tot\\\/#breadcrumb\",\"itemListElement\":[{\"@type\":\"ListItem\",\"position\":1,\"name\":\"Startseite\",\"item\":\"https:\\\/\\\/www.jazzzeitung.de\\\/cms\\\/\"},{\"@type\":\"ListItem\",\"position\":2,\"name\":\"Der Jazz-S\u00e4nger Jimmy Scott ist tot\"}]},{\"@type\":\"WebSite\",\"@id\":\"https:\\\/\\\/www.jazzzeitung.de\\\/cms\\\/#website\",\"url\":\"https:\\\/\\\/www.jazzzeitung.de\\\/cms\\\/\",\"name\":\"JazzZeitung\",\"description\":\"Jazz-News und Jazz-Kontroverses\",\"publisher\":{\"@id\":\"https:\\\/\\\/www.jazzzeitung.de\\\/cms\\\/#organization\"},\"potentialAction\":[{\"@type\":\"SearchAction\",\"target\":{\"@type\":\"EntryPoint\",\"urlTemplate\":\"https:\\\/\\\/www.jazzzeitung.de\\\/cms\\\/?s={search_term_string}\"},\"query-input\":{\"@type\":\"PropertyValueSpecification\",\"valueRequired\":true,\"valueName\":\"search_term_string\"}}],\"inLanguage\":\"de\"},{\"@type\":\"Organization\",\"@id\":\"https:\\\/\\\/www.jazzzeitung.de\\\/cms\\\/#organization\",\"name\":\"JazzZeitung online\",\"url\":\"https:\\\/\\\/www.jazzzeitung.de\\\/cms\\\/\",\"logo\":{\"@type\":\"ImageObject\",\"inLanguage\":\"de\",\"@id\":\"https:\\\/\\\/www.jazzzeitung.de\\\/cms\\\/#\\\/schema\\\/logo\\\/image\\\/\",\"url\":\"https:\\\/\\\/i0.wp.com\\\/www.jazzzeitung.de\\\/cms\\\/wp-content\\\/uploads\\\/2015\\\/08\\\/JAZZZEITUNGDE_Logo_Neu.png?fit=499%2C200&ssl=1\",\"contentUrl\":\"https:\\\/\\\/i0.wp.com\\\/www.jazzzeitung.de\\\/cms\\\/wp-content\\\/uploads\\\/2015\\\/08\\\/JAZZZEITUNGDE_Logo_Neu.png?fit=499%2C200&ssl=1\",\"width\":499,\"height\":200,\"caption\":\"JazzZeitung online\"},\"image\":{\"@id\":\"https:\\\/\\\/www.jazzzeitung.de\\\/cms\\\/#\\\/schema\\\/logo\\\/image\\\/\"},\"sameAs\":[\"https:\\\/\\\/www.facebook.com\\\/JazzZeitung\\\/\"]},{\"@type\":\"Person\",\"@id\":\"https:\\\/\\\/www.jazzzeitung.de\\\/cms\\\/#\\\/schema\\\/person\\\/23954215d035da9ee48d2a2c09a4a62c\",\"name\":\"Andreas Kolb\",\"image\":{\"@type\":\"ImageObject\",\"inLanguage\":\"de\",\"@id\":\"https:\\\/\\\/i0.wp.com\\\/www.jazzzeitung.de\\\/cms\\\/wp-content\\\/uploads\\\/2013\\\/05\\\/kolb-small.jpg?resize=96%2C96&ssl=1d81fdf4aa1b2f31d206a8dd371420dd4\",\"url\":\"https:\\\/\\\/i0.wp.com\\\/www.jazzzeitung.de\\\/cms\\\/wp-content\\\/uploads\\\/2013\\\/05\\\/kolb-small.jpg?resize=96%2C96&ssl=1\",\"contentUrl\":\"https:\\\/\\\/i0.wp.com\\\/www.jazzzeitung.de\\\/cms\\\/wp-content\\\/uploads\\\/2013\\\/05\\\/kolb-small.jpg?resize=96%2C96&ssl=1\",\"caption\":\"Andreas Kolb\"},\"description\":\"Andreas Kolb ist Chefredakteur der Jazzzeitung.\",\"sameAs\":[\"https:\\\/\\\/www.jazzzeitung.de\"],\"url\":\"https:\\\/\\\/www.jazzzeitung.de\\\/cms\\\/author\\\/kolb\\\/\"}]}<\/script>\n<!-- \/ Yoast SEO plugin. -->","yoast_head_json":{"title":"Der Jazz-S\u00e4nger Jimmy Scott ist tot - JazzZeitung","robots":{"index":"index","follow":"follow","max-snippet":"max-snippet:-1","max-image-preview":"max-image-preview:large","max-video-preview":"max-video-preview:-1"},"canonical":"https:\/\/www.jazzzeitung.de\/cms\/2014\/06\/der-jazz-saenger-jimmy-scott-ist-tot\/","og_locale":"de_DE","og_type":"article","og_title":"Der Jazz-S\u00e4nger Jimmy Scott ist tot - JazzZeitung","og_description":"Bereits am Donnerstag vergangene Woche sei der S\u00e4nger Jimmy Scott im Alter von 88 Jahren in seinem Haus in Las Vegas an einem Herzstillstand gestorben, berichteten US-Medien unter Berufung auf seine Frau.\u00a0 Scott, der aufgrund des Kallmann-Syndroms, einer seltenen genetischen Krankheit nie in den Stimmwechsel gekommen war, hatte sein ganzes Leben lang eine ungew\u00f6hnlich hohe Stimme. In den 50er und 60er Jahren feierte der 1925 in Cleveland im US-Bundesstaat Ohio geborene Scott damit erste Erfolge, bevor er sich f\u00fcr mehrere Jahrzehnte von der B\u00fchne zur\u00fcckzog. In den 80er-Jahren kehrte Scott, der f\u00fcnfmal verheiratet war, schlie\u00dflich zur\u00fcck, nahm mehrere Alben auf, feierte umjubelte Auftritte auf der ganzen Welt und bekam eine Grammy-Nominierung. Mehr \u00fcber Scott im Archiv der Jazzzeitung unter: http:\/\/www.jazzzeitung.de\/jazz\/2002\/06\/portrait-scott.shtml","og_url":"https:\/\/www.jazzzeitung.de\/cms\/2014\/06\/der-jazz-saenger-jimmy-scott-ist-tot\/","og_site_name":"JazzZeitung","article_publisher":"https:\/\/www.facebook.com\/JazzZeitung\/","article_published_time":"2014-06-16T14:00:59+00:00","og_image":[{"url":"http:\/\/www.jazzzeitung.de\/cms\/wp-content\/uploads\/2014\/06\/portrait-scott-150x116.jpg","type":"","width":"","height":""}],"author":"Andreas Kolb","schema":{"@context":"https:\/\/schema.org","@graph":[{"@type":"Article","@id":"https:\/\/www.jazzzeitung.de\/cms\/2014\/06\/der-jazz-saenger-jimmy-scott-ist-tot\/#article","isPartOf":{"@id":"https:\/\/www.jazzzeitung.de\/cms\/2014\/06\/der-jazz-saenger-jimmy-scott-ist-tot\/"},"author":{"name":"Andreas Kolb","@id":"https:\/\/www.jazzzeitung.de\/cms\/#\/schema\/person\/23954215d035da9ee48d2a2c09a4a62c"},"headline":"Der Jazz-S\u00e4nger Jimmy Scott ist tot","datePublished":"2014-06-16T14:00:59+00:00","mainEntityOfPage":{"@id":"https:\/\/www.jazzzeitung.de\/cms\/2014\/06\/der-jazz-saenger-jimmy-scott-ist-tot\/"},"wordCount":150,"commentCount":0,"publisher":{"@id":"https:\/\/www.jazzzeitung.de\/cms\/#organization"},"image":{"@id":"https:\/\/www.jazzzeitung.de\/cms\/2014\/06\/der-jazz-saenger-jimmy-scott-ist-tot\/#primaryimage"},"thumbnailUrl":"http:\/\/www.jazzzeitung.de\/cms\/wp-content\/uploads\/2014\/06\/portrait-scott-150x116.jpg","keywords":["Jazzzeitung","Jimmy Scott","Nachruf"],"articleSection":["News"],"inLanguage":"de","potentialAction":[{"@type":"CommentAction","name":"Comment","target":["https:\/\/www.jazzzeitung.de\/cms\/2014\/06\/der-jazz-saenger-jimmy-scott-ist-tot\/#respond"]}]},{"@type":"WebPage","@id":"https:\/\/www.jazzzeitung.de\/cms\/2014\/06\/der-jazz-saenger-jimmy-scott-ist-tot\/","url":"https:\/\/www.jazzzeitung.de\/cms\/2014\/06\/der-jazz-saenger-jimmy-scott-ist-tot\/","name":"Der Jazz-S\u00e4nger Jimmy Scott ist tot - JazzZeitung","isPartOf":{"@id":"https:\/\/www.jazzzeitung.de\/cms\/#website"},"primaryImageOfPage":{"@id":"https:\/\/www.jazzzeitung.de\/cms\/2014\/06\/der-jazz-saenger-jimmy-scott-ist-tot\/#primaryimage"},"image":{"@id":"https:\/\/www.jazzzeitung.de\/cms\/2014\/06\/der-jazz-saenger-jimmy-scott-ist-tot\/#primaryimage"},"thumbnailUrl":"http:\/\/www.jazzzeitung.de\/cms\/wp-content\/uploads\/2014\/06\/portrait-scott-150x116.jpg","datePublished":"2014-06-16T14:00:59+00:00","breadcrumb":{"@id":"https:\/\/www.jazzzeitung.de\/cms\/2014\/06\/der-jazz-saenger-jimmy-scott-ist-tot\/#breadcrumb"},"inLanguage":"de","potentialAction":[{"@type":"ReadAction","target":["https:\/\/www.jazzzeitung.de\/cms\/2014\/06\/der-jazz-saenger-jimmy-scott-ist-tot\/"]}]},{"@type":"ImageObject","inLanguage":"de","@id":"https:\/\/www.jazzzeitung.de\/cms\/2014\/06\/der-jazz-saenger-jimmy-scott-ist-tot\/#primaryimage","url":"http:\/\/www.jazzzeitung.de\/cms\/wp-content\/uploads\/2014\/06\/portrait-scott-150x116.jpg","contentUrl":"http:\/\/www.jazzzeitung.de\/cms\/wp-content\/uploads\/2014\/06\/portrait-scott-150x116.jpg"},{"@type":"BreadcrumbList","@id":"https:\/\/www.jazzzeitung.de\/cms\/2014\/06\/der-jazz-saenger-jimmy-scott-ist-tot\/#breadcrumb","itemListElement":[{"@type":"ListItem","position":1,"name":"Startseite","item":"https:\/\/www.jazzzeitung.de\/cms\/"},{"@type":"ListItem","position":2,"name":"Der Jazz-S\u00e4nger Jimmy Scott ist tot"}]},{"@type":"WebSite","@id":"https:\/\/www.jazzzeitung.de\/cms\/#website","url":"https:\/\/www.jazzzeitung.de\/cms\/","name":"JazzZeitung","description":"Jazz-News und Jazz-Kontroverses","publisher":{"@id":"https:\/\/www.jazzzeitung.de\/cms\/#organization"},"potentialAction":[{"@type":"SearchAction","target":{"@type":"EntryPoint","urlTemplate":"https:\/\/www.jazzzeitung.de\/cms\/?s={search_term_string}"},"query-input":{"@type":"PropertyValueSpecification","valueRequired":true,"valueName":"search_term_string"}}],"inLanguage":"de"},{"@type":"Organization","@id":"https:\/\/www.jazzzeitung.de\/cms\/#organization","name":"JazzZeitung online","url":"https:\/\/www.jazzzeitung.de\/cms\/","logo":{"@type":"ImageObject","inLanguage":"de","@id":"https:\/\/www.jazzzeitung.de\/cms\/#\/schema\/logo\/image\/","url":"https:\/\/i0.wp.com\/www.jazzzeitung.de\/cms\/wp-content\/uploads\/2015\/08\/JAZZZEITUNGDE_Logo_Neu.png?fit=499%2C200&ssl=1","contentUrl":"https:\/\/i0.wp.com\/www.jazzzeitung.de\/cms\/wp-content\/uploads\/2015\/08\/JAZZZEITUNGDE_Logo_Neu.png?fit=499%2C200&ssl=1","width":499,"height":200,"caption":"JazzZeitung online"},"image":{"@id":"https:\/\/www.jazzzeitung.de\/cms\/#\/schema\/logo\/image\/"},"sameAs":["https:\/\/www.facebook.com\/JazzZeitung\/"]},{"@type":"Person","@id":"https:\/\/www.jazzzeitung.de\/cms\/#\/schema\/person\/23954215d035da9ee48d2a2c09a4a62c","name":"Andreas Kolb","image":{"@type":"ImageObject","inLanguage":"de","@id":"https:\/\/i0.wp.com\/www.jazzzeitung.de\/cms\/wp-content\/uploads\/2013\/05\/kolb-small.jpg?resize=96%2C96&ssl=1d81fdf4aa1b2f31d206a8dd371420dd4","url":"https:\/\/i0.wp.com\/www.jazzzeitung.de\/cms\/wp-content\/uploads\/2013\/05\/kolb-small.jpg?resize=96%2C96&ssl=1","contentUrl":"https:\/\/i0.wp.com\/www.jazzzeitung.de\/cms\/wp-content\/uploads\/2013\/05\/kolb-small.jpg?resize=96%2C96&ssl=1","caption":"Andreas Kolb"},"description":"Andreas Kolb ist Chefredakteur der Jazzzeitung.","sameAs":["https:\/\/www.jazzzeitung.de"],"url":"https:\/\/www.jazzzeitung.de\/cms\/author\/kolb\/"}]}},"wp-worthy-pixel":{"ignored":false,"public":null,"server":null,"url":null},"wp-worthy-type":"normal","jetpack_publicize_connections":[],"cc_featured_image_caption":{"caption_text":false,"source_text":false,"source_url":false},"jetpack_featured_media_url":"","jetpack_shortlink":"https:\/\/wp.me\/p3KEcT-13y","jetpack-related-posts":[{"id":30301,"url":"https:\/\/www.jazzzeitung.de\/cms\/2023\/11\/den-bass-an-die-rampe-geholt\/","url_meta":{"origin":4064,"position":0},"title":"Den Bass an die Rampe geholt","author":"Redaktion JazzZeitung","date":"17. November 2023","format":false,"excerpt":"E-Bassist, Bandleader und Professor Wolfgang Schmid feierte seinen 75. Geburtstag mit Freunden in der M\u00fcnchener Unterfahrt Michael St\u00fcckl, Vorstand des Jazzclub Unterfahrt, hatte sich auf Wunsch des Jubilars eigens in Schale geworfen. Schlie\u00dflich machte ihn dieser als 15-J\u00e4hrigen erst zum Jazz-Freund und dann -Veranstalter. Und so begr\u00fc\u00dfte er Wolfgang Schmid,\u2026","rel":"","context":"In &quot;Galerie&quot;","block_context":{"text":"Galerie","link":"https:\/\/www.jazzzeitung.de\/cms\/thema\/galerie\/"},"img":{"alt_text":"","src":"https:\/\/i0.wp.com\/www.jazzzeitung.de\/cms\/wp-content\/uploads\/2023\/11\/BALTESLuis-MANZJakob-SCHMIDWolfgang%C2%A9Godehard.Lutz%40bayern-mail.de_IMGP4703A-scaled.jpg?fit=1200%2C795&ssl=1&resize=350%2C200","width":350,"height":200,"srcset":"https:\/\/i0.wp.com\/www.jazzzeitung.de\/cms\/wp-content\/uploads\/2023\/11\/BALTESLuis-MANZJakob-SCHMIDWolfgang%C2%A9Godehard.Lutz%40bayern-mail.de_IMGP4703A-scaled.jpg?fit=1200%2C795&ssl=1&resize=350%2C200 1x, https:\/\/i0.wp.com\/www.jazzzeitung.de\/cms\/wp-content\/uploads\/2023\/11\/BALTESLuis-MANZJakob-SCHMIDWolfgang%C2%A9Godehard.Lutz%40bayern-mail.de_IMGP4703A-scaled.jpg?fit=1200%2C795&ssl=1&resize=525%2C300 1.5x, https:\/\/i0.wp.com\/www.jazzzeitung.de\/cms\/wp-content\/uploads\/2023\/11\/BALTESLuis-MANZJakob-SCHMIDWolfgang%C2%A9Godehard.Lutz%40bayern-mail.de_IMGP4703A-scaled.jpg?fit=1200%2C795&ssl=1&resize=700%2C400 2x, https:\/\/i0.wp.com\/www.jazzzeitung.de\/cms\/wp-content\/uploads\/2023\/11\/BALTESLuis-MANZJakob-SCHMIDWolfgang%C2%A9Godehard.Lutz%40bayern-mail.de_IMGP4703A-scaled.jpg?fit=1200%2C795&ssl=1&resize=1050%2C600 3x"},"classes":[]},{"id":5293,"url":"https:\/\/www.jazzzeitung.de\/cms\/2015\/01\/75-jahre-eberhard-weber-great-jubilee-concert-beeindruckt-mit-musikgroessen\/","url_meta":{"origin":4064,"position":1},"title":"\u201e75 Jahre Eberhard Weber: The Great Jubilee Concert&#8220; beeindruckt mit Musikgr\u00f6\u00dfen","author":"Redaktion JazzZeitung","date":"27. Januar 2015","format":"gallery","excerpt":"Von Thomas J. Krebs - Beim gro\u00dfen Event \u201e75 Jahre Eberhard Weber: The Great Jubilee Concert\" gaben sich Weggef\u00e4hrten wie Jan Garbarek, Pat Metheny, Paul McCandless oder Gary Burton die Ehre und z\u00fcndeten zum Geburtstag des Bass-Revolution\u00e4rs Eberhard Weber ein musikalisches Feuerwerk. Im ersten Set des Abends wurden Kompositionen Webers\u2026","rel":"","context":"In &quot;Galerie&quot;","block_context":{"text":"Galerie","link":"https:\/\/www.jazzzeitung.de\/cms\/thema\/galerie\/"},"img":{"alt_text":"Pat Metheny mit der SWR Big Band, Erhard Weber ist auf der Leinwand zu sehen.","src":"https:\/\/i0.wp.com\/www.jazzzeitung.de\/cms\/wp-content\/uploads\/2015\/01\/0K3A3249_Pat_Metheny_SWR_Big_Band_Probe.jpg?resize=350%2C200","width":350,"height":200,"srcset":"https:\/\/i0.wp.com\/www.jazzzeitung.de\/cms\/wp-content\/uploads\/2015\/01\/0K3A3249_Pat_Metheny_SWR_Big_Band_Probe.jpg?resize=350%2C200 1x, https:\/\/i0.wp.com\/www.jazzzeitung.de\/cms\/wp-content\/uploads\/2015\/01\/0K3A3249_Pat_Metheny_SWR_Big_Band_Probe.jpg?resize=525%2C300 1.5x, https:\/\/i0.wp.com\/www.jazzzeitung.de\/cms\/wp-content\/uploads\/2015\/01\/0K3A3249_Pat_Metheny_SWR_Big_Band_Probe.jpg?resize=700%2C400 2x, https:\/\/i0.wp.com\/www.jazzzeitung.de\/cms\/wp-content\/uploads\/2015\/01\/0K3A3249_Pat_Metheny_SWR_Big_Band_Probe.jpg?resize=1050%2C600 3x"},"classes":[]},{"id":2604,"url":"https:\/\/www.jazzzeitung.de\/cms\/2013\/11\/jazzfest-2013-gestartet-christian-scott-und-joachim-kuehn-stage-stretch-stretch\/","url_meta":{"origin":4064,"position":2},"title":"Jazzfest 2013 gestartet \u2013 Christian Scott und Joachim K\u00fchn on Stage: Stretch as jazz can","author":"Huflaikhan","date":"1. November 2013","format":false,"excerpt":"Es gibt offizielle und heimliche Schwerpunkte bei umfangreichen Veranstaltungen wie es das JazzFest in Berlin eine ist. Offiziell geht es um einen \u201eAfrika-Akzent\u201c, inoffiziell um Umarmungen. Das Er\u00f6ffnungskonzert brachte zwei Formationen nacheinander auf die B\u00fchen: Der Trompeter Christian Scott mit seiner Band und \u201eGnawa Jazz Voodoo \u2013 Joachim K\u00fchn Africa\u2026","rel":"","context":"In &quot;Blog&quot;","block_context":{"text":"Blog","link":"https:\/\/www.jazzzeitung.de\/cms\/thema\/blog\/"},"img":{"alt_text":"Christian Scott. Foto: Petra Basche","src":"https:\/\/i0.wp.com\/www.jazzzeitung.de\/cms\/wp-content\/uploads\/2013\/11\/jf13-01-0721.jpg?resize=350%2C200","width":350,"height":200,"srcset":"https:\/\/i0.wp.com\/www.jazzzeitung.de\/cms\/wp-content\/uploads\/2013\/11\/jf13-01-0721.jpg?resize=350%2C200 1x, https:\/\/i0.wp.com\/www.jazzzeitung.de\/cms\/wp-content\/uploads\/2013\/11\/jf13-01-0721.jpg?resize=525%2C300 1.5x"},"classes":[]},{"id":5576,"url":"https:\/\/www.jazzzeitung.de\/cms\/2015\/02\/defrancesco-oberthulba-jazz-jubilaeum-syke-verdienstkreuz-fuer-hans-martin-mueller\/","url_meta":{"origin":4064,"position":3},"title":"News: Defrancesco in Oberthulba +++ Jazz-Jubil\u00e4um in Syke +++ Verdienstkreuz f\u00fcr Hans-Martin M\u00fcller","author":"Redaktion JazzZeitung","date":"24. Februar 2015","format":false,"excerpt":"Joey Defrancesco an der Hammond-Orgel in Oberthulba Nach dem Auftritt im Juli 2004 von Legende\u00a0Jimmy Smith\u00a0an der Hammond Orgel, kommt nun auch sein designierter Nachfolger Joey Defrancesco (USA) mit Trio auf die Piano-B\u00fchne in Oberthulba. Auf allen gro\u00dfen B\u00fchnen der Welt zeigt er seine Klasse an der \"Hammond B3\" Orgel.\u2026","rel":"","context":"In &quot;News&quot;","block_context":{"text":"News","link":"https:\/\/www.jazzzeitung.de\/cms\/thema\/nachrichten\/"},"img":{"alt_text":"Joey Defrancesco kommt mit Trio nach Oberthulba","src":"https:\/\/i0.wp.com\/www.jazzzeitung.de\/cms\/wp-content\/uploads\/2015\/02\/Joey-in-Action-150x150.jpg?resize=350%2C200","width":350,"height":200},"classes":[]},{"id":32771,"url":"https:\/\/www.jazzzeitung.de\/cms\/2025\/07\/die-eingedampfte-jazz-radiowoche-vom-07-07-2025-bis-13-07-2025\/","url_meta":{"origin":4064,"position":4},"title":"Die eingedampfte Jazz-Radiowoche vom 07.07.2025 bis 13.07.2025","author":"Martin Hufner","date":"6. Juli 2025","format":false,"excerpt":"Jazz im Radio \u2013 Jeden Sonntag gibt es um 12 Uhr unsere \u00dcbersicht f\u00fcr die jeweils nachfolgende Woche. Die #Jazz-Radiowoche vom 7.07. bis zum 13.07.2025. Erheblich ausged\u00fcnnt. Auch als PDF zum Download \u2013 #Jazz #JazzZeitung #Radio #Radiowoche \u2013 Ein Service unserer Online-Redaktion.","rel":"","context":"In &quot;News&quot;","block_context":{"text":"News","link":"https:\/\/www.jazzzeitung.de\/cms\/thema\/nachrichten\/"},"img":{"alt_text":"Landschaft bei Hannover. Foto: Hufner","src":"https:\/\/i0.wp.com\/www.jazzzeitung.de\/cms\/wp-content\/uploads\/2025\/07\/Landschaft-bei-Hannover.jpg?fit=1080%2C1080&ssl=1&resize=350%2C200","width":350,"height":200,"srcset":"https:\/\/i0.wp.com\/www.jazzzeitung.de\/cms\/wp-content\/uploads\/2025\/07\/Landschaft-bei-Hannover.jpg?fit=1080%2C1080&ssl=1&resize=350%2C200 1x, https:\/\/i0.wp.com\/www.jazzzeitung.de\/cms\/wp-content\/uploads\/2025\/07\/Landschaft-bei-Hannover.jpg?fit=1080%2C1080&ssl=1&resize=525%2C300 1.5x, https:\/\/i0.wp.com\/www.jazzzeitung.de\/cms\/wp-content\/uploads\/2025\/07\/Landschaft-bei-Hannover.jpg?fit=1080%2C1080&ssl=1&resize=700%2C400 2x, https:\/\/i0.wp.com\/www.jazzzeitung.de\/cms\/wp-content\/uploads\/2025\/07\/Landschaft-bei-Hannover.jpg?fit=1080%2C1080&ssl=1&resize=1050%2C600 3x"},"classes":[]},{"id":11866,"url":"https:\/\/www.jazzzeitung.de\/cms\/2017\/03\/news-act-music-preis-fuer-haffner-walter-quintus-verstorben-25-jahre-act\/","url_meta":{"origin":4064,"position":5},"title":"+++ News +++ ACT Music +++ Preis f\u00fcr Haffner +++ Walter Quintus verstorben +++ 25 Jahre ACT +++","author":"Redaktion JazzZeitung","date":"7. M\u00e4rz 2017","format":false,"excerpt":"+++ \u201eJoachim-Ernst-Berendt-Ehrenpreis\u201c f\u00fcr Haffner +++ Am 2. M\u00e4rz hat die Stadt Baden-Baden den \u201eJoachim-Ernst-Berendt-Ehrenpreis\u201c an den Schlagzeuger Wolfgang Haffner verliehen.\u00a0Die Preisverleihung fand im Rahmen des Festivals \"Mr. M\u00b4s Jazz Club\" im Kurhaus in Baden Baden statt. Bisherige Preistr\u00e4ger sind Nils Landgren (2016), Patti Austin (2015), Till Br\u00f6nner (2014), Paul Kuhn\u2026","rel":"","context":"In &quot;News&quot;","block_context":{"text":"News","link":"https:\/\/www.jazzzeitung.de\/cms\/thema\/nachrichten\/"},"img":{"alt_text":"","src":"https:\/\/i0.wp.com\/www.jazzzeitung.de\/cms\/wp-content\/uploads\/2017\/03\/Wolfgang_Haffner_ACT_Gregor_Hohenberg-150x150.jpg?resize=350%2C200","width":350,"height":200},"classes":[]}],"jetpack_sharing_enabled":true,"_links":{"self":[{"href":"https:\/\/www.jazzzeitung.de\/cms\/wp-json\/wp\/v2\/posts\/4064","targetHints":{"allow":["GET"]}}],"collection":[{"href":"https:\/\/www.jazzzeitung.de\/cms\/wp-json\/wp\/v2\/posts"}],"about":[{"href":"https:\/\/www.jazzzeitung.de\/cms\/wp-json\/wp\/v2\/types\/post"}],"author":[{"embeddable":true,"href":"https:\/\/www.jazzzeitung.de\/cms\/wp-json\/wp\/v2\/users\/7"}],"replies":[{"embeddable":true,"href":"https:\/\/www.jazzzeitung.de\/cms\/wp-json\/wp\/v2\/comments?post=4064"}],"version-history":[{"count":1,"href":"https:\/\/www.jazzzeitung.de\/cms\/wp-json\/wp\/v2\/posts\/4064\/revisions"}],"predecessor-version":[{"id":4066,"href":"https:\/\/www.jazzzeitung.de\/cms\/wp-json\/wp\/v2\/posts\/4064\/revisions\/4066"}],"wp:attachment":[{"href":"https:\/\/www.jazzzeitung.de\/cms\/wp-json\/wp\/v2\/media?parent=4064"}],"wp:term":[{"taxonomy":"category","embeddable":true,"href":"https:\/\/www.jazzzeitung.de\/cms\/wp-json\/wp\/v2\/categories?post=4064"},{"taxonomy":"post_tag","embeddable":true,"href":"https:\/\/www.jazzzeitung.de\/cms\/wp-json\/wp\/v2\/tags?post=4064"},{"taxonomy":"author","embeddable":true,"href":"https:\/\/www.jazzzeitung.de\/cms\/wp-json\/wp\/v2\/coauthors?post=4064"}],"curies":[{"name":"wp","href":"https:\/\/api.w.org\/{rel}","templated":true}]}}