{"id":4042,"date":"2014-06-13T12:56:20","date_gmt":"2014-06-13T10:56:20","guid":{"rendered":"http:\/\/www.jazzzeitung.de\/cms\/?p=4042"},"modified":"2014-06-13T13:36:38","modified_gmt":"2014-06-13T11:36:38","slug":"fulminanter-auftritt-des-sun-ra-arkestra-beim-jazzclub-regensburg","status":"publish","type":"post","link":"https:\/\/www.jazzzeitung.de\/cms\/2014\/06\/fulminanter-auftritt-des-sun-ra-arkestra-beim-jazzclub-regensburg\/","title":{"rendered":"Fulminanter Auftritt des Sun Ra Arkestra beim Jazzclub Regensburg"},"content":{"rendered":"<p>Das legend\u00e4re Sun Ra Arkestra gastierte 2014 im Rahmen einer weltweiten Jubilee-Tour anl\u00e4sslich des 100. Geburtstags seines Gr\u00fcnders Sun Ra neben Wien, Salzburg, Amsterdam, und Paris auch in Regensburg. Das Orchester begl\u00fcckte mit einem fulminanten Auftritt beim Jazzclub im Leeren Beutel alle Zuh\u00f6rer und brachte viele zum Tanzen.<\/p>\n<div class=\"tiled-gallery type-rectangular tiled-gallery-unresized\" data-original-width=\"840\" data-carousel-extra='{&quot;blog_id&quot;:1,&quot;permalink&quot;:&quot;https:\\\/\\\/www.jazzzeitung.de\\\/cms\\\/2014\\\/06\\\/fulminanter-auftritt-des-sun-ra-arkestra-beim-jazzclub-regensburg\\\/&quot;,&quot;likes_blog_id&quot;:55446655}' itemscope itemtype=\"http:\/\/schema.org\/ImageGallery\" > <div class=\"gallery-row\" style=\"width: 840px; height: 374px;\" data-original-width=\"840\" data-original-height=\"374\" > <div class=\"gallery-group images-1\" style=\"width: 560px; height: 374px;\" data-original-width=\"560\" data-original-height=\"374\" > <div class=\"tiled-gallery-item tiled-gallery-item-large\" itemprop=\"associatedMedia\" itemscope itemtype=\"http:\/\/schema.org\/ImageObject\"> <a href=\"https:\/\/www.jazzzeitung.de\/cms\/2014\/06\/fulminanter-auftritt-des-sun-ra-arkestra-beim-jazzclub-regensburg\/allen-marshall_23\/\" border=\"0\" itemprop=\"url\"> <meta itemprop=\"width\" content=\"556\"> <meta itemprop=\"height\" content=\"370\"> <img decoding=\"async\" class=\"\" data-attachment-id=\"4043\" data-orig-file=\"https:\/\/www.jazzzeitung.de\/cms\/wp-content\/uploads\/2014\/06\/Allen-Marshall_23.jpg\" data-orig-size=\"1890,1258\" data-comments-opened=\"1\" data-image-meta=\"{&quot;aperture&quot;:&quot;5&quot;,&quot;credit&quot;:&quot;&quot;,&quot;camera&quot;:&quot;NIKON D90&quot;,&quot;caption&quot;:&quot;&quot;,&quot;created_timestamp&quot;:&quot;1402432791&quot;,&quot;copyright&quot;:&quot;&quot;,&quot;focal_length&quot;:&quot;92&quot;,&quot;iso&quot;:&quot;1250&quot;,&quot;shutter_speed&quot;:&quot;0.025&quot;,&quot;title&quot;:&quot;&quot;}\" data-image-title=\"Allen Marshall (sax)\" data-image-description=\"\" data-medium-file=\"https:\/\/i0.wp.com\/www.jazzzeitung.de\/cms\/wp-content\/uploads\/2014\/06\/Allen-Marshall_23.jpg?fit=300%2C199&#038;ssl=1\" data-large-file=\"https:\/\/i0.wp.com\/www.jazzzeitung.de\/cms\/wp-content\/uploads\/2014\/06\/Allen-Marshall_23.jpg?fit=840%2C560&#038;ssl=1\" src=\"https:\/\/i0.wp.com\/www.jazzzeitung.de\/cms\/wp-content\/uploads\/2014\/06\/Allen-Marshall_23.jpg?w=556&#038;h=370&#038;ssl=1\" srcset=\"https:\/\/i0.wp.com\/www.jazzzeitung.de\/cms\/wp-content\/uploads\/2014\/06\/Allen-Marshall_23.jpg?w=1890&amp;ssl=1 1890w, https:\/\/i0.wp.com\/www.jazzzeitung.de\/cms\/wp-content\/uploads\/2014\/06\/Allen-Marshall_23.jpg?resize=300%2C200&amp;ssl=1 300w, https:\/\/i0.wp.com\/www.jazzzeitung.de\/cms\/wp-content\/uploads\/2014\/06\/Allen-Marshall_23.jpg?resize=900%2C599&amp;ssl=1 900w, https:\/\/i0.wp.com\/www.jazzzeitung.de\/cms\/wp-content\/uploads\/2014\/06\/Allen-Marshall_23.jpg?w=1680&amp;ssl=1 1680w\" width=\"556\" height=\"370\" loading=\"lazy\" data-original-width=\"556\" data-original-height=\"370\" itemprop=\"http:\/\/schema.org\/image\" title=\"Allen Marshall (sax)\" alt=\"Foto: Michael Scheiner\" style=\"width: 556px; height: 370px;\" \/> <\/a> <div class=\"tiled-gallery-caption\" itemprop=\"caption description\"> Foto: Michael Scheiner <\/div> <\/div> <\/div> <!-- close group --> <div class=\"gallery-group images-2\" style=\"width: 280px; height: 374px;\" data-original-width=\"280\" data-original-height=\"374\" > <div class=\"tiled-gallery-item tiled-gallery-item-large\" itemprop=\"associatedMedia\" itemscope itemtype=\"http:\/\/schema.org\/ImageObject\"> <a href=\"https:\/\/www.jazzzeitung.de\/cms\/2014\/06\/fulminanter-auftritt-des-sun-ra-arkestra-beim-jazzclub-regensburg\/arkestra_19\/\" border=\"0\" itemprop=\"url\"> <meta itemprop=\"width\" content=\"276\"> <meta itemprop=\"height\" content=\"183\"> <img decoding=\"async\" class=\"\" data-attachment-id=\"4044\" data-orig-file=\"https:\/\/www.jazzzeitung.de\/cms\/wp-content\/uploads\/2014\/06\/Arkestra_19.jpg\" data-orig-size=\"1890,1255\" data-comments-opened=\"1\" data-image-meta=\"{&quot;aperture&quot;:&quot;3.5&quot;,&quot;credit&quot;:&quot;&quot;,&quot;camera&quot;:&quot;NIKON D90&quot;,&quot;caption&quot;:&quot;&quot;,&quot;created_timestamp&quot;:&quot;1402432440&quot;,&quot;copyright&quot;:&quot;&quot;,&quot;focal_length&quot;:&quot;28&quot;,&quot;iso&quot;:&quot;1250&quot;,&quot;shutter_speed&quot;:&quot;0.02&quot;,&quot;title&quot;:&quot;&quot;}\" data-image-title=\"Sun Ra Arkestra\" data-image-description=\"\" data-medium-file=\"https:\/\/i0.wp.com\/www.jazzzeitung.de\/cms\/wp-content\/uploads\/2014\/06\/Arkestra_19.jpg?fit=300%2C199&#038;ssl=1\" data-large-file=\"https:\/\/i0.wp.com\/www.jazzzeitung.de\/cms\/wp-content\/uploads\/2014\/06\/Arkestra_19.jpg?fit=840%2C557&#038;ssl=1\" src=\"https:\/\/i0.wp.com\/www.jazzzeitung.de\/cms\/wp-content\/uploads\/2014\/06\/Arkestra_19.jpg?w=276&#038;h=183&#038;ssl=1\" srcset=\"https:\/\/i0.wp.com\/www.jazzzeitung.de\/cms\/wp-content\/uploads\/2014\/06\/Arkestra_19.jpg?w=1890&amp;ssl=1 1890w, https:\/\/i0.wp.com\/www.jazzzeitung.de\/cms\/wp-content\/uploads\/2014\/06\/Arkestra_19.jpg?resize=300%2C200&amp;ssl=1 300w, https:\/\/i0.wp.com\/www.jazzzeitung.de\/cms\/wp-content\/uploads\/2014\/06\/Arkestra_19.jpg?resize=900%2C597&amp;ssl=1 900w, https:\/\/i0.wp.com\/www.jazzzeitung.de\/cms\/wp-content\/uploads\/2014\/06\/Arkestra_19.jpg?w=1680&amp;ssl=1 1680w\" width=\"276\" height=\"183\" loading=\"lazy\" data-original-width=\"276\" data-original-height=\"183\" itemprop=\"http:\/\/schema.org\/image\" title=\"Sun Ra Arkestra\" alt=\"Foto: Michael Scheiner\" style=\"width: 276px; height: 183px;\" \/> <\/a> <div class=\"tiled-gallery-caption\" itemprop=\"caption description\"> Foto: Michael Scheiner <\/div> <\/div> <div class=\"tiled-gallery-item tiled-gallery-item-large\" itemprop=\"associatedMedia\" itemscope itemtype=\"http:\/\/schema.org\/ImageObject\"> <a href=\"https:\/\/www.jazzzeitung.de\/cms\/2014\/06\/fulminanter-auftritt-des-sun-ra-arkestra-beim-jazzclub-regensburg\/middelton-tara_121\/\" border=\"0\" itemprop=\"url\"> <meta itemprop=\"width\" content=\"276\"> <meta itemprop=\"height\" content=\"183\"> <img decoding=\"async\" class=\"\" data-attachment-id=\"4045\" data-orig-file=\"https:\/\/www.jazzzeitung.de\/cms\/wp-content\/uploads\/2014\/06\/Middelton-Tara_121.jpg\" data-orig-size=\"1890,1255\" data-comments-opened=\"1\" data-image-meta=\"{&quot;aperture&quot;:&quot;4.5&quot;,&quot;credit&quot;:&quot;&quot;,&quot;camera&quot;:&quot;NIKON D90&quot;,&quot;caption&quot;:&quot;&quot;,&quot;created_timestamp&quot;:&quot;1402437951&quot;,&quot;copyright&quot;:&quot;&quot;,&quot;focal_length&quot;:&quot;70&quot;,&quot;iso&quot;:&quot;1250&quot;,&quot;shutter_speed&quot;:&quot;0.02&quot;,&quot;title&quot;:&quot;&quot;}\" data-image-title=\"Tara Middleton (voc)\" data-image-description=\"\" data-medium-file=\"https:\/\/i0.wp.com\/www.jazzzeitung.de\/cms\/wp-content\/uploads\/2014\/06\/Middelton-Tara_121.jpg?fit=300%2C199&#038;ssl=1\" data-large-file=\"https:\/\/i0.wp.com\/www.jazzzeitung.de\/cms\/wp-content\/uploads\/2014\/06\/Middelton-Tara_121.jpg?fit=840%2C557&#038;ssl=1\" src=\"https:\/\/i0.wp.com\/www.jazzzeitung.de\/cms\/wp-content\/uploads\/2014\/06\/Middelton-Tara_121.jpg?w=276&#038;h=183&#038;ssl=1\" srcset=\"https:\/\/i0.wp.com\/www.jazzzeitung.de\/cms\/wp-content\/uploads\/2014\/06\/Middelton-Tara_121.jpg?w=1890&amp;ssl=1 1890w, https:\/\/i0.wp.com\/www.jazzzeitung.de\/cms\/wp-content\/uploads\/2014\/06\/Middelton-Tara_121.jpg?resize=300%2C200&amp;ssl=1 300w, https:\/\/i0.wp.com\/www.jazzzeitung.de\/cms\/wp-content\/uploads\/2014\/06\/Middelton-Tara_121.jpg?resize=900%2C597&amp;ssl=1 900w, https:\/\/i0.wp.com\/www.jazzzeitung.de\/cms\/wp-content\/uploads\/2014\/06\/Middelton-Tara_121.jpg?w=1680&amp;ssl=1 1680w\" width=\"276\" height=\"183\" loading=\"lazy\" data-original-width=\"276\" data-original-height=\"183\" itemprop=\"http:\/\/schema.org\/image\" title=\"Tara Middleton (voc)\" alt=\"Foto: Michael Scheiner\" style=\"width: 276px; height: 183px;\" \/> <\/a> <div class=\"tiled-gallery-caption\" itemprop=\"caption description\"> Foto: Michael Scheiner <\/div> <\/div> <\/div> <!-- close group --> <\/div> <!-- close row --> <div class=\"gallery-row\" style=\"width: 840px; height: 194px;\" data-original-width=\"840\" data-original-height=\"194\" > <div class=\"gallery-group images-1\" style=\"width: 290px; height: 194px;\" data-original-width=\"290\" data-original-height=\"194\" > <div class=\"tiled-gallery-item tiled-gallery-item-large\" itemprop=\"associatedMedia\" itemscope itemtype=\"http:\/\/schema.org\/ImageObject\"> <a href=\"https:\/\/www.jazzzeitung.de\/cms\/2014\/06\/fulminanter-auftritt-des-sun-ra-arkestra-beim-jazzclub-regensburg\/mitchell-tyler_137\/\" border=\"0\" itemprop=\"url\"> <meta itemprop=\"width\" content=\"286\"> <meta itemprop=\"height\" content=\"190\"> <img decoding=\"async\" class=\"\" data-attachment-id=\"4046\" data-orig-file=\"https:\/\/www.jazzzeitung.de\/cms\/wp-content\/uploads\/2014\/06\/Mitchell-Tyler_137.jpg\" data-orig-size=\"1890,1255\" data-comments-opened=\"1\" data-image-meta=\"{&quot;aperture&quot;:&quot;4.5&quot;,&quot;credit&quot;:&quot;&quot;,&quot;camera&quot;:&quot;NIKON D90&quot;,&quot;caption&quot;:&quot;&quot;,&quot;created_timestamp&quot;:&quot;1402438118&quot;,&quot;copyright&quot;:&quot;&quot;,&quot;focal_length&quot;:&quot;62&quot;,&quot;iso&quot;:&quot;1250&quot;,&quot;shutter_speed&quot;:&quot;0.025&quot;,&quot;title&quot;:&quot;&quot;}\" data-image-title=\"Tyler Mitchell (bs)\" data-image-description=\"\" data-medium-file=\"https:\/\/i0.wp.com\/www.jazzzeitung.de\/cms\/wp-content\/uploads\/2014\/06\/Mitchell-Tyler_137.jpg?fit=300%2C199&#038;ssl=1\" data-large-file=\"https:\/\/i0.wp.com\/www.jazzzeitung.de\/cms\/wp-content\/uploads\/2014\/06\/Mitchell-Tyler_137.jpg?fit=840%2C557&#038;ssl=1\" src=\"https:\/\/i0.wp.com\/www.jazzzeitung.de\/cms\/wp-content\/uploads\/2014\/06\/Mitchell-Tyler_137.jpg?w=286&#038;h=190&#038;ssl=1\" srcset=\"https:\/\/i0.wp.com\/www.jazzzeitung.de\/cms\/wp-content\/uploads\/2014\/06\/Mitchell-Tyler_137.jpg?w=1890&amp;ssl=1 1890w, https:\/\/i0.wp.com\/www.jazzzeitung.de\/cms\/wp-content\/uploads\/2014\/06\/Mitchell-Tyler_137.jpg?resize=300%2C200&amp;ssl=1 300w, https:\/\/i0.wp.com\/www.jazzzeitung.de\/cms\/wp-content\/uploads\/2014\/06\/Mitchell-Tyler_137.jpg?resize=900%2C597&amp;ssl=1 900w, https:\/\/i0.wp.com\/www.jazzzeitung.de\/cms\/wp-content\/uploads\/2014\/06\/Mitchell-Tyler_137.jpg?w=1680&amp;ssl=1 1680w\" width=\"286\" height=\"190\" loading=\"lazy\" data-original-width=\"286\" data-original-height=\"190\" itemprop=\"http:\/\/schema.org\/image\" title=\"Tyler Mitchell (bs)\" alt=\"Foto: Michael Scheiner\" style=\"width: 286px; height: 190px;\" \/> <\/a> <div class=\"tiled-gallery-caption\" itemprop=\"caption description\"> Foto: Michael Scheiner <\/div> <\/div> <\/div> <!-- close group --> <div class=\"gallery-group images-1\" style=\"width: 290px; height: 194px;\" data-original-width=\"290\" data-original-height=\"194\" > <div class=\"tiled-gallery-item tiled-gallery-item-large\" itemprop=\"associatedMedia\" itemscope itemtype=\"http:\/\/schema.org\/ImageObject\"> <a href=\"https:\/\/www.jazzzeitung.de\/cms\/2014\/06\/fulminanter-auftritt-des-sun-ra-arkestra-beim-jazzclub-regensburg\/ray-michael_100\/\" border=\"0\" itemprop=\"url\"> <meta itemprop=\"width\" content=\"286\"> <meta itemprop=\"height\" content=\"190\"> <img decoding=\"async\" class=\"\" data-attachment-id=\"4047\" data-orig-file=\"https:\/\/www.jazzzeitung.de\/cms\/wp-content\/uploads\/2014\/06\/Ray-Michael_100.jpg\" data-orig-size=\"1890,1255\" data-comments-opened=\"1\" data-image-meta=\"{&quot;aperture&quot;:&quot;4.8&quot;,&quot;credit&quot;:&quot;&quot;,&quot;camera&quot;:&quot;NIKON D90&quot;,&quot;caption&quot;:&quot;&quot;,&quot;created_timestamp&quot;:&quot;1402435093&quot;,&quot;copyright&quot;:&quot;&quot;,&quot;focal_length&quot;:&quot;80&quot;,&quot;iso&quot;:&quot;1250&quot;,&quot;shutter_speed&quot;:&quot;0.02&quot;,&quot;title&quot;:&quot;&quot;}\" data-image-title=\"Michael Ray (trp)\" data-image-description=\"\" data-medium-file=\"https:\/\/i0.wp.com\/www.jazzzeitung.de\/cms\/wp-content\/uploads\/2014\/06\/Ray-Michael_100.jpg?fit=300%2C199&#038;ssl=1\" data-large-file=\"https:\/\/i0.wp.com\/www.jazzzeitung.de\/cms\/wp-content\/uploads\/2014\/06\/Ray-Michael_100.jpg?fit=840%2C557&#038;ssl=1\" src=\"https:\/\/i0.wp.com\/www.jazzzeitung.de\/cms\/wp-content\/uploads\/2014\/06\/Ray-Michael_100.jpg?w=286&#038;h=190&#038;ssl=1\" srcset=\"https:\/\/i0.wp.com\/www.jazzzeitung.de\/cms\/wp-content\/uploads\/2014\/06\/Ray-Michael_100.jpg?w=1890&amp;ssl=1 1890w, https:\/\/i0.wp.com\/www.jazzzeitung.de\/cms\/wp-content\/uploads\/2014\/06\/Ray-Michael_100.jpg?resize=300%2C200&amp;ssl=1 300w, https:\/\/i0.wp.com\/www.jazzzeitung.de\/cms\/wp-content\/uploads\/2014\/06\/Ray-Michael_100.jpg?resize=900%2C597&amp;ssl=1 900w, https:\/\/i0.wp.com\/www.jazzzeitung.de\/cms\/wp-content\/uploads\/2014\/06\/Ray-Michael_100.jpg?w=1680&amp;ssl=1 1680w\" width=\"286\" height=\"190\" loading=\"lazy\" data-original-width=\"286\" data-original-height=\"190\" itemprop=\"http:\/\/schema.org\/image\" title=\"Michael Ray (trp)\" alt=\"Foto: Michael Scheiner\" style=\"width: 286px; height: 190px;\" \/> <\/a> <div class=\"tiled-gallery-caption\" itemprop=\"caption description\"> Foto: Michael Scheiner <\/div> <\/div> <\/div> <!-- close group --> <div class=\"gallery-group images-1\" style=\"width: 130px; height: 194px;\" data-original-width=\"130\" data-original-height=\"194\" > <div class=\"tiled-gallery-item tiled-gallery-item-small\" itemprop=\"associatedMedia\" itemscope itemtype=\"http:\/\/schema.org\/ImageObject\"> <a href=\"https:\/\/www.jazzzeitung.de\/cms\/2014\/06\/fulminanter-auftritt-des-sun-ra-arkestra-beim-jazzclub-regensburg\/scott-knoel_73\/\" border=\"0\" itemprop=\"url\"> <meta itemprop=\"width\" content=\"126\"> <meta itemprop=\"height\" content=\"190\"> <img decoding=\"async\" class=\"\" data-attachment-id=\"4048\" data-orig-file=\"https:\/\/www.jazzzeitung.de\/cms\/wp-content\/uploads\/2014\/06\/Scott-Knoel_73.jpg\" data-orig-size=\"1256,1890\" data-comments-opened=\"1\" data-image-meta=\"{&quot;aperture&quot;:&quot;4.5&quot;,&quot;credit&quot;:&quot;&quot;,&quot;camera&quot;:&quot;NIKON D90&quot;,&quot;caption&quot;:&quot;&quot;,&quot;created_timestamp&quot;:&quot;1402433662&quot;,&quot;copyright&quot;:&quot;&quot;,&quot;focal_length&quot;:&quot;62&quot;,&quot;iso&quot;:&quot;1250&quot;,&quot;shutter_speed&quot;:&quot;0.025&quot;,&quot;title&quot;:&quot;&quot;}\" data-image-title=\"Knoel Scott (sax) \" data-image-description=\"\" data-medium-file=\"https:\/\/i0.wp.com\/www.jazzzeitung.de\/cms\/wp-content\/uploads\/2014\/06\/Scott-Knoel_73.jpg?fit=199%2C300&#038;ssl=1\" data-large-file=\"https:\/\/i0.wp.com\/www.jazzzeitung.de\/cms\/wp-content\/uploads\/2014\/06\/Scott-Knoel_73.jpg?fit=398%2C600&#038;ssl=1\" src=\"https:\/\/i0.wp.com\/www.jazzzeitung.de\/cms\/wp-content\/uploads\/2014\/06\/Scott-Knoel_73.jpg?w=126&#038;h=190&#038;ssl=1\" srcset=\"https:\/\/i0.wp.com\/www.jazzzeitung.de\/cms\/wp-content\/uploads\/2014\/06\/Scott-Knoel_73.jpg?w=1256&amp;ssl=1 1256w, https:\/\/i0.wp.com\/www.jazzzeitung.de\/cms\/wp-content\/uploads\/2014\/06\/Scott-Knoel_73.jpg?resize=199%2C300&amp;ssl=1 199w, https:\/\/i0.wp.com\/www.jazzzeitung.de\/cms\/wp-content\/uploads\/2014\/06\/Scott-Knoel_73.jpg?resize=398%2C600&amp;ssl=1 398w, https:\/\/i0.wp.com\/www.jazzzeitung.de\/cms\/wp-content\/uploads\/2014\/06\/Scott-Knoel_73.jpg?resize=900%2C1354&amp;ssl=1 900w\" width=\"126\" height=\"190\" loading=\"lazy\" data-original-width=\"126\" data-original-height=\"190\" itemprop=\"http:\/\/schema.org\/image\" title=\"Knoel Scott (sax) \" alt=\"Foto: Michael Scheiner\" style=\"width: 126px; height: 190px;\" \/> <\/a> <div class=\"tiled-gallery-caption\" itemprop=\"caption description\"> Foto: Michael Scheiner <\/div> <\/div> <\/div> <!-- close group --> <div class=\"gallery-group images-1\" style=\"width: 130px; height: 194px;\" data-original-width=\"130\" data-original-height=\"194\" > <div class=\"tiled-gallery-item tiled-gallery-item-small\" itemprop=\"associatedMedia\" itemscope itemtype=\"http:\/\/schema.org\/ImageObject\"> <a href=\"https:\/\/www.jazzzeitung.de\/cms\/2014\/06\/fulminanter-auftritt-des-sun-ra-arkestra-beim-jazzclub-regensburg\/stewart-james_160\/\" border=\"0\" itemprop=\"url\"> <meta itemprop=\"width\" content=\"126\"> <meta itemprop=\"height\" content=\"190\"> <img decoding=\"async\" class=\"\" data-attachment-id=\"4049\" data-orig-file=\"https:\/\/www.jazzzeitung.de\/cms\/wp-content\/uploads\/2014\/06\/Stewart-James_160.jpg\" data-orig-size=\"1256,1890\" data-comments-opened=\"1\" data-image-meta=\"{&quot;aperture&quot;:&quot;4&quot;,&quot;credit&quot;:&quot;&quot;,&quot;camera&quot;:&quot;NIKON D90&quot;,&quot;caption&quot;:&quot;&quot;,&quot;created_timestamp&quot;:&quot;1402439202&quot;,&quot;copyright&quot;:&quot;&quot;,&quot;focal_length&quot;:&quot;48&quot;,&quot;iso&quot;:&quot;1250&quot;,&quot;shutter_speed&quot;:&quot;0.02&quot;,&quot;title&quot;:&quot;&quot;}\" data-image-title=\"James Stewart (tenorsax)\" data-image-description=\"\" data-medium-file=\"https:\/\/i0.wp.com\/www.jazzzeitung.de\/cms\/wp-content\/uploads\/2014\/06\/Stewart-James_160.jpg?fit=199%2C300&#038;ssl=1\" data-large-file=\"https:\/\/i0.wp.com\/www.jazzzeitung.de\/cms\/wp-content\/uploads\/2014\/06\/Stewart-James_160.jpg?fit=398%2C600&#038;ssl=1\" src=\"https:\/\/i0.wp.com\/www.jazzzeitung.de\/cms\/wp-content\/uploads\/2014\/06\/Stewart-James_160.jpg?w=126&#038;h=190&#038;ssl=1\" srcset=\"https:\/\/i0.wp.com\/www.jazzzeitung.de\/cms\/wp-content\/uploads\/2014\/06\/Stewart-James_160.jpg?w=1256&amp;ssl=1 1256w, https:\/\/i0.wp.com\/www.jazzzeitung.de\/cms\/wp-content\/uploads\/2014\/06\/Stewart-James_160.jpg?resize=199%2C300&amp;ssl=1 199w, https:\/\/i0.wp.com\/www.jazzzeitung.de\/cms\/wp-content\/uploads\/2014\/06\/Stewart-James_160.jpg?resize=398%2C600&amp;ssl=1 398w, https:\/\/i0.wp.com\/www.jazzzeitung.de\/cms\/wp-content\/uploads\/2014\/06\/Stewart-James_160.jpg?resize=900%2C1354&amp;ssl=1 900w\" width=\"126\" height=\"190\" loading=\"lazy\" data-original-width=\"126\" data-original-height=\"190\" itemprop=\"http:\/\/schema.org\/image\" title=\"James Stewart (tenorsax)\" alt=\"Foto: Michael Scheiner\" style=\"width: 126px; height: 190px;\" \/> <\/a> <div class=\"tiled-gallery-caption\" itemprop=\"caption description\"> Foto: Michael Scheiner <\/div> <\/div> <\/div> <!-- close group --> <\/div> <!-- close row --> <\/div>\n<p>Michael Scheiner fotografierte f\u00fcr www.jazzzeitung.de und zog folgendes Fazit nach dem Konzert, zu dem trotz br\u00fctender Biergartenhitze viele Zuh\u00f6rer gekommen waren:<\/p>\n<p>\u201eEs w\u00e4re auch hochgradig weltfremd von einem Jazzorchester wie dem \u201eArkestra\u201c, eine in Form und Inhalt singul\u00e4re Erscheinung, zu erwarten, dass es auch nach mehr als einem halben Jahrhundert noch k\u00fcnstlerische Ma\u00dfst\u00e4be produzieren m\u00fcsste. Im manchmal wilden, oft gesetzten Gebl\u00e4se des Auftritts im Leeren Beutel kam dennoch gen\u00fcgend Kraft, Spielfreude und erregendes Bluesfeeling zum Ausdruck. Ein begl\u00fcckendes Spektakel, eine dynamisch wogende Groove-Orgie, die die dicksten Mauern durchdrungen und das Publikum entgrenzt hat. Der Space-Jazz des gro\u00dfen Sun Ra als Katalysator f\u00fcr eine bessere Welt ist vielleicht \u00fcberholt. Als Rentenversicherung f\u00fcr alte und \u00e4ltere Musiker, die ansonsten mit Sicherheit auf staatliche F\u00fcrsorge angewiesen sind, hat er eine wunderbare und nicht zu untersch\u00e4tzende Funktion. Das konnte man an der physischen Konstitution des Leaders Marshall Allen staunend wahrnehmen, der in den ganzen drei Stunden h\u00f6chstens f\u00fcnf Minuten pausiert und sonst meist ekstatische Soli von sich gegeben hat. Der Jazz und seine Freiheit halten scheinbar wirklich jung.\u201c<\/p>\n<p><em>\u00a0<\/em><\/p>\n","protected":false},"excerpt":{"rendered":"<p>Das legend\u00e4re Sun Ra Arkestra gastierte 2014 im Rahmen einer weltweiten Jubilee-Tour anl\u00e4sslich des 100. Geburtstags seines Gr\u00fcnders Sun Ra neben Wien, Salzburg, Amsterdam, und Paris auch in Regensburg. Das Orchester begl\u00fcckte mit einem fulminanten Auftritt beim Jazzclub im Leeren Beutel alle Zuh\u00f6rer und brachte viele zum Tanzen. Michael Scheiner fotografierte f\u00fcr www.jazzzeitung.de und zog folgendes Fazit nach dem Konzert, zu dem trotz br\u00fctender Biergartenhitze viele Zuh\u00f6rer gekommen waren: \u201eEs w\u00e4re auch hochgradig weltfremd von einem Jazzorchester wie dem \u201eArkestra\u201c, eine in Form und Inhalt singul\u00e4re Erscheinung, zu erwarten, dass es auch nach mehr als einem halben Jahrhundert noch k\u00fcnstlerische Ma\u00dfst\u00e4be produzieren m\u00fcsste. Im manchmal wilden, oft gesetzten Gebl\u00e4se des Auftritts im Leeren Beutel kam dennoch gen\u00fcgend Kraft, Spielfreude und erregendes Bluesfeeling zum Ausdruck. Ein begl\u00fcckendes Spektakel, eine dynamisch wogende Groove-Orgie, die die dicksten Mauern durchdrungen und das Publikum entgrenzt hat. Der Space-Jazz des gro\u00dfen Sun Ra als Katalysator f\u00fcr eine bessere Welt ist vielleicht \u00fcberholt. Als Rentenversicherung f\u00fcr alte und \u00e4ltere Musiker, die ansonsten mit Sicherheit auf staatliche F\u00fcrsorge angewiesen sind, hat er eine wunderbare und nicht zu untersch\u00e4tzende Funktion. Das konnte man an &hellip;<\/p>\n","protected":false},"author":7,"featured_media":0,"comment_status":"open","ping_status":"closed","sticky":false,"template":"","format":"standard","meta":{"_jetpack_memberships_contains_paid_content":false,"footnotes":"","jetpack_publicize_message":"","jetpack_publicize_feature_enabled":true,"jetpack_social_post_already_shared":false,"jetpack_social_options":{"image_generator_settings":{"template":"highway","default_image_id":0,"font":"","enabled":false},"version":2}},"categories":[633],"tags":[271,282,431],"coauthors":[662],"class_list":["post-4042","post","type-post","status-publish","format-standard","hentry","category-nachrichten","tag-jazzclub","tag-jazzorchester","tag-paris"],"yoast_head":"<!-- This site is optimized with the Yoast SEO plugin v27.5 - https:\/\/yoast.com\/product\/yoast-seo-wordpress\/ -->\n<title>Fulminanter Auftritt des Sun Ra Arkestra beim Jazzclub Regensburg - JazzZeitung<\/title>\n<meta name=\"robots\" content=\"index, follow, max-snippet:-1, max-image-preview:large, max-video-preview:-1\" \/>\n<link rel=\"canonical\" href=\"https:\/\/www.jazzzeitung.de\/cms\/2014\/06\/fulminanter-auftritt-des-sun-ra-arkestra-beim-jazzclub-regensburg\/\" \/>\n<meta property=\"og:locale\" content=\"de_DE\" \/>\n<meta property=\"og:type\" content=\"article\" \/>\n<meta property=\"og:title\" content=\"Fulminanter Auftritt des Sun Ra Arkestra beim Jazzclub Regensburg - JazzZeitung\" \/>\n<meta property=\"og:description\" content=\"Das legend\u00e4re Sun Ra Arkestra gastierte 2014 im Rahmen einer weltweiten Jubilee-Tour anl\u00e4sslich des 100. Geburtstags seines Gr\u00fcnders Sun Ra neben Wien, Salzburg, Amsterdam, und Paris auch in Regensburg. Das Orchester begl\u00fcckte mit einem fulminanten Auftritt beim Jazzclub im Leeren Beutel alle Zuh\u00f6rer und brachte viele zum Tanzen. Michael Scheiner fotografierte f\u00fcr www.jazzzeitung.de und zog folgendes Fazit nach dem Konzert, zu dem trotz br\u00fctender Biergartenhitze viele Zuh\u00f6rer gekommen waren: \u201eEs w\u00e4re auch hochgradig weltfremd von einem Jazzorchester wie dem \u201eArkestra\u201c, eine in Form und Inhalt singul\u00e4re Erscheinung, zu erwarten, dass es auch nach mehr als einem halben Jahrhundert noch k\u00fcnstlerische Ma\u00dfst\u00e4be produzieren m\u00fcsste. Im manchmal wilden, oft gesetzten Gebl\u00e4se des Auftritts im Leeren Beutel kam dennoch gen\u00fcgend Kraft, Spielfreude und erregendes Bluesfeeling zum Ausdruck. Ein begl\u00fcckendes Spektakel, eine dynamisch wogende Groove-Orgie, die die dicksten Mauern durchdrungen und das Publikum entgrenzt hat. Der Space-Jazz des gro\u00dfen Sun Ra als Katalysator f\u00fcr eine bessere Welt ist vielleicht \u00fcberholt. Als Rentenversicherung f\u00fcr alte und \u00e4ltere Musiker, die ansonsten mit Sicherheit auf staatliche F\u00fcrsorge angewiesen sind, hat er eine wunderbare und nicht zu untersch\u00e4tzende Funktion. Das konnte man an &hellip;\" \/>\n<meta property=\"og:url\" content=\"https:\/\/www.jazzzeitung.de\/cms\/2014\/06\/fulminanter-auftritt-des-sun-ra-arkestra-beim-jazzclub-regensburg\/\" \/>\n<meta property=\"og:site_name\" content=\"JazzZeitung\" \/>\n<meta property=\"article:publisher\" content=\"https:\/\/www.facebook.com\/JazzZeitung\/\" \/>\n<meta property=\"article:published_time\" content=\"2014-06-13T10:56:20+00:00\" \/>\n<meta property=\"article:modified_time\" content=\"2014-06-13T11:36:38+00:00\" \/>\n<meta property=\"og:image\" content=\"https:\/\/i0.wp.com\/www.jazzzeitung.de\/cms\/wp-content\/uploads\/2014\/06\/Allen-Marshall_23.jpg?w=556&#038;h=370&#038;ssl=1\" \/>\n<meta name=\"author\" content=\"Andreas Kolb\" \/>\n<script type=\"application\/ld+json\" class=\"yoast-schema-graph\">{\"@context\":\"https:\\\/\\\/schema.org\",\"@graph\":[{\"@type\":\"Article\",\"@id\":\"https:\\\/\\\/www.jazzzeitung.de\\\/cms\\\/2014\\\/06\\\/fulminanter-auftritt-des-sun-ra-arkestra-beim-jazzclub-regensburg\\\/#article\",\"isPartOf\":{\"@id\":\"https:\\\/\\\/www.jazzzeitung.de\\\/cms\\\/2014\\\/06\\\/fulminanter-auftritt-des-sun-ra-arkestra-beim-jazzclub-regensburg\\\/\"},\"author\":{\"name\":\"Andreas Kolb\",\"@id\":\"https:\\\/\\\/www.jazzzeitung.de\\\/cms\\\/#\\\/schema\\\/person\\\/23954215d035da9ee48d2a2c09a4a62c\"},\"headline\":\"Fulminanter Auftritt des Sun Ra Arkestra beim Jazzclub Regensburg\",\"datePublished\":\"2014-06-13T10:56:20+00:00\",\"dateModified\":\"2014-06-13T11:36:38+00:00\",\"mainEntityOfPage\":{\"@id\":\"https:\\\/\\\/www.jazzzeitung.de\\\/cms\\\/2014\\\/06\\\/fulminanter-auftritt-des-sun-ra-arkestra-beim-jazzclub-regensburg\\\/\"},\"wordCount\":259,\"commentCount\":0,\"publisher\":{\"@id\":\"https:\\\/\\\/www.jazzzeitung.de\\\/cms\\\/#organization\"},\"keywords\":[\"Jazzclub\",\"Jazzorchester\",\"Paris\"],\"articleSection\":[\"News\"],\"inLanguage\":\"de\",\"potentialAction\":[{\"@type\":\"CommentAction\",\"name\":\"Comment\",\"target\":[\"https:\\\/\\\/www.jazzzeitung.de\\\/cms\\\/2014\\\/06\\\/fulminanter-auftritt-des-sun-ra-arkestra-beim-jazzclub-regensburg\\\/#respond\"]}]},{\"@type\":\"WebPage\",\"@id\":\"https:\\\/\\\/www.jazzzeitung.de\\\/cms\\\/2014\\\/06\\\/fulminanter-auftritt-des-sun-ra-arkestra-beim-jazzclub-regensburg\\\/\",\"url\":\"https:\\\/\\\/www.jazzzeitung.de\\\/cms\\\/2014\\\/06\\\/fulminanter-auftritt-des-sun-ra-arkestra-beim-jazzclub-regensburg\\\/\",\"name\":\"Fulminanter Auftritt des Sun Ra Arkestra beim Jazzclub Regensburg - JazzZeitung\",\"isPartOf\":{\"@id\":\"https:\\\/\\\/www.jazzzeitung.de\\\/cms\\\/#website\"},\"datePublished\":\"2014-06-13T10:56:20+00:00\",\"dateModified\":\"2014-06-13T11:36:38+00:00\",\"breadcrumb\":{\"@id\":\"https:\\\/\\\/www.jazzzeitung.de\\\/cms\\\/2014\\\/06\\\/fulminanter-auftritt-des-sun-ra-arkestra-beim-jazzclub-regensburg\\\/#breadcrumb\"},\"inLanguage\":\"de\",\"potentialAction\":[{\"@type\":\"ReadAction\",\"target\":[\"https:\\\/\\\/www.jazzzeitung.de\\\/cms\\\/2014\\\/06\\\/fulminanter-auftritt-des-sun-ra-arkestra-beim-jazzclub-regensburg\\\/\"]}]},{\"@type\":\"BreadcrumbList\",\"@id\":\"https:\\\/\\\/www.jazzzeitung.de\\\/cms\\\/2014\\\/06\\\/fulminanter-auftritt-des-sun-ra-arkestra-beim-jazzclub-regensburg\\\/#breadcrumb\",\"itemListElement\":[{\"@type\":\"ListItem\",\"position\":1,\"name\":\"Startseite\",\"item\":\"https:\\\/\\\/www.jazzzeitung.de\\\/cms\\\/\"},{\"@type\":\"ListItem\",\"position\":2,\"name\":\"Fulminanter Auftritt des Sun Ra Arkestra beim Jazzclub Regensburg\"}]},{\"@type\":\"WebSite\",\"@id\":\"https:\\\/\\\/www.jazzzeitung.de\\\/cms\\\/#website\",\"url\":\"https:\\\/\\\/www.jazzzeitung.de\\\/cms\\\/\",\"name\":\"JazzZeitung\",\"description\":\"Jazz-News und Jazz-Kontroverses\",\"publisher\":{\"@id\":\"https:\\\/\\\/www.jazzzeitung.de\\\/cms\\\/#organization\"},\"potentialAction\":[{\"@type\":\"SearchAction\",\"target\":{\"@type\":\"EntryPoint\",\"urlTemplate\":\"https:\\\/\\\/www.jazzzeitung.de\\\/cms\\\/?s={search_term_string}\"},\"query-input\":{\"@type\":\"PropertyValueSpecification\",\"valueRequired\":true,\"valueName\":\"search_term_string\"}}],\"inLanguage\":\"de\"},{\"@type\":\"Organization\",\"@id\":\"https:\\\/\\\/www.jazzzeitung.de\\\/cms\\\/#organization\",\"name\":\"JazzZeitung online\",\"url\":\"https:\\\/\\\/www.jazzzeitung.de\\\/cms\\\/\",\"logo\":{\"@type\":\"ImageObject\",\"inLanguage\":\"de\",\"@id\":\"https:\\\/\\\/www.jazzzeitung.de\\\/cms\\\/#\\\/schema\\\/logo\\\/image\\\/\",\"url\":\"https:\\\/\\\/i0.wp.com\\\/www.jazzzeitung.de\\\/cms\\\/wp-content\\\/uploads\\\/2015\\\/08\\\/JAZZZEITUNGDE_Logo_Neu.png?fit=499%2C200&ssl=1\",\"contentUrl\":\"https:\\\/\\\/i0.wp.com\\\/www.jazzzeitung.de\\\/cms\\\/wp-content\\\/uploads\\\/2015\\\/08\\\/JAZZZEITUNGDE_Logo_Neu.png?fit=499%2C200&ssl=1\",\"width\":499,\"height\":200,\"caption\":\"JazzZeitung online\"},\"image\":{\"@id\":\"https:\\\/\\\/www.jazzzeitung.de\\\/cms\\\/#\\\/schema\\\/logo\\\/image\\\/\"},\"sameAs\":[\"https:\\\/\\\/www.facebook.com\\\/JazzZeitung\\\/\"]},{\"@type\":\"Person\",\"@id\":\"https:\\\/\\\/www.jazzzeitung.de\\\/cms\\\/#\\\/schema\\\/person\\\/23954215d035da9ee48d2a2c09a4a62c\",\"name\":\"Andreas Kolb\",\"image\":{\"@type\":\"ImageObject\",\"inLanguage\":\"de\",\"@id\":\"https:\\\/\\\/i0.wp.com\\\/www.jazzzeitung.de\\\/cms\\\/wp-content\\\/uploads\\\/2013\\\/05\\\/kolb-small.jpg?resize=96%2C96&ssl=1d81fdf4aa1b2f31d206a8dd371420dd4\",\"url\":\"https:\\\/\\\/i0.wp.com\\\/www.jazzzeitung.de\\\/cms\\\/wp-content\\\/uploads\\\/2013\\\/05\\\/kolb-small.jpg?resize=96%2C96&ssl=1\",\"contentUrl\":\"https:\\\/\\\/i0.wp.com\\\/www.jazzzeitung.de\\\/cms\\\/wp-content\\\/uploads\\\/2013\\\/05\\\/kolb-small.jpg?resize=96%2C96&ssl=1\",\"caption\":\"Andreas Kolb\"},\"description\":\"Andreas Kolb ist Chefredakteur der Jazzzeitung.\",\"sameAs\":[\"https:\\\/\\\/www.jazzzeitung.de\"],\"url\":\"https:\\\/\\\/www.jazzzeitung.de\\\/cms\\\/author\\\/kolb\\\/\"}]}<\/script>\n<!-- \/ Yoast SEO plugin. -->","yoast_head_json":{"title":"Fulminanter Auftritt des Sun Ra Arkestra beim Jazzclub Regensburg - JazzZeitung","robots":{"index":"index","follow":"follow","max-snippet":"max-snippet:-1","max-image-preview":"max-image-preview:large","max-video-preview":"max-video-preview:-1"},"canonical":"https:\/\/www.jazzzeitung.de\/cms\/2014\/06\/fulminanter-auftritt-des-sun-ra-arkestra-beim-jazzclub-regensburg\/","og_locale":"de_DE","og_type":"article","og_title":"Fulminanter Auftritt des Sun Ra Arkestra beim Jazzclub Regensburg - JazzZeitung","og_description":"Das legend\u00e4re Sun Ra Arkestra gastierte 2014 im Rahmen einer weltweiten Jubilee-Tour anl\u00e4sslich des 100. Geburtstags seines Gr\u00fcnders Sun Ra neben Wien, Salzburg, Amsterdam, und Paris auch in Regensburg. Das Orchester begl\u00fcckte mit einem fulminanten Auftritt beim Jazzclub im Leeren Beutel alle Zuh\u00f6rer und brachte viele zum Tanzen. Michael Scheiner fotografierte f\u00fcr www.jazzzeitung.de und zog folgendes Fazit nach dem Konzert, zu dem trotz br\u00fctender Biergartenhitze viele Zuh\u00f6rer gekommen waren: \u201eEs w\u00e4re auch hochgradig weltfremd von einem Jazzorchester wie dem \u201eArkestra\u201c, eine in Form und Inhalt singul\u00e4re Erscheinung, zu erwarten, dass es auch nach mehr als einem halben Jahrhundert noch k\u00fcnstlerische Ma\u00dfst\u00e4be produzieren m\u00fcsste. Im manchmal wilden, oft gesetzten Gebl\u00e4se des Auftritts im Leeren Beutel kam dennoch gen\u00fcgend Kraft, Spielfreude und erregendes Bluesfeeling zum Ausdruck. Ein begl\u00fcckendes Spektakel, eine dynamisch wogende Groove-Orgie, die die dicksten Mauern durchdrungen und das Publikum entgrenzt hat. Der Space-Jazz des gro\u00dfen Sun Ra als Katalysator f\u00fcr eine bessere Welt ist vielleicht \u00fcberholt. Als Rentenversicherung f\u00fcr alte und \u00e4ltere Musiker, die ansonsten mit Sicherheit auf staatliche F\u00fcrsorge angewiesen sind, hat er eine wunderbare und nicht zu untersch\u00e4tzende Funktion. Das konnte man an &hellip;","og_url":"https:\/\/www.jazzzeitung.de\/cms\/2014\/06\/fulminanter-auftritt-des-sun-ra-arkestra-beim-jazzclub-regensburg\/","og_site_name":"JazzZeitung","article_publisher":"https:\/\/www.facebook.com\/JazzZeitung\/","article_published_time":"2014-06-13T10:56:20+00:00","article_modified_time":"2014-06-13T11:36:38+00:00","og_image":[{"url":"https:\/\/i0.wp.com\/www.jazzzeitung.de\/cms\/wp-content\/uploads\/2014\/06\/Allen-Marshall_23.jpg?w=556&#038;h=370&#038;ssl=1","type":"","width":"","height":""}],"author":"Andreas Kolb","schema":{"@context":"https:\/\/schema.org","@graph":[{"@type":"Article","@id":"https:\/\/www.jazzzeitung.de\/cms\/2014\/06\/fulminanter-auftritt-des-sun-ra-arkestra-beim-jazzclub-regensburg\/#article","isPartOf":{"@id":"https:\/\/www.jazzzeitung.de\/cms\/2014\/06\/fulminanter-auftritt-des-sun-ra-arkestra-beim-jazzclub-regensburg\/"},"author":{"name":"Andreas Kolb","@id":"https:\/\/www.jazzzeitung.de\/cms\/#\/schema\/person\/23954215d035da9ee48d2a2c09a4a62c"},"headline":"Fulminanter Auftritt des Sun Ra Arkestra beim Jazzclub Regensburg","datePublished":"2014-06-13T10:56:20+00:00","dateModified":"2014-06-13T11:36:38+00:00","mainEntityOfPage":{"@id":"https:\/\/www.jazzzeitung.de\/cms\/2014\/06\/fulminanter-auftritt-des-sun-ra-arkestra-beim-jazzclub-regensburg\/"},"wordCount":259,"commentCount":0,"publisher":{"@id":"https:\/\/www.jazzzeitung.de\/cms\/#organization"},"keywords":["Jazzclub","Jazzorchester","Paris"],"articleSection":["News"],"inLanguage":"de","potentialAction":[{"@type":"CommentAction","name":"Comment","target":["https:\/\/www.jazzzeitung.de\/cms\/2014\/06\/fulminanter-auftritt-des-sun-ra-arkestra-beim-jazzclub-regensburg\/#respond"]}]},{"@type":"WebPage","@id":"https:\/\/www.jazzzeitung.de\/cms\/2014\/06\/fulminanter-auftritt-des-sun-ra-arkestra-beim-jazzclub-regensburg\/","url":"https:\/\/www.jazzzeitung.de\/cms\/2014\/06\/fulminanter-auftritt-des-sun-ra-arkestra-beim-jazzclub-regensburg\/","name":"Fulminanter Auftritt des Sun Ra Arkestra beim Jazzclub Regensburg - JazzZeitung","isPartOf":{"@id":"https:\/\/www.jazzzeitung.de\/cms\/#website"},"datePublished":"2014-06-13T10:56:20+00:00","dateModified":"2014-06-13T11:36:38+00:00","breadcrumb":{"@id":"https:\/\/www.jazzzeitung.de\/cms\/2014\/06\/fulminanter-auftritt-des-sun-ra-arkestra-beim-jazzclub-regensburg\/#breadcrumb"},"inLanguage":"de","potentialAction":[{"@type":"ReadAction","target":["https:\/\/www.jazzzeitung.de\/cms\/2014\/06\/fulminanter-auftritt-des-sun-ra-arkestra-beim-jazzclub-regensburg\/"]}]},{"@type":"BreadcrumbList","@id":"https:\/\/www.jazzzeitung.de\/cms\/2014\/06\/fulminanter-auftritt-des-sun-ra-arkestra-beim-jazzclub-regensburg\/#breadcrumb","itemListElement":[{"@type":"ListItem","position":1,"name":"Startseite","item":"https:\/\/www.jazzzeitung.de\/cms\/"},{"@type":"ListItem","position":2,"name":"Fulminanter Auftritt des Sun Ra Arkestra beim Jazzclub Regensburg"}]},{"@type":"WebSite","@id":"https:\/\/www.jazzzeitung.de\/cms\/#website","url":"https:\/\/www.jazzzeitung.de\/cms\/","name":"JazzZeitung","description":"Jazz-News und Jazz-Kontroverses","publisher":{"@id":"https:\/\/www.jazzzeitung.de\/cms\/#organization"},"potentialAction":[{"@type":"SearchAction","target":{"@type":"EntryPoint","urlTemplate":"https:\/\/www.jazzzeitung.de\/cms\/?s={search_term_string}"},"query-input":{"@type":"PropertyValueSpecification","valueRequired":true,"valueName":"search_term_string"}}],"inLanguage":"de"},{"@type":"Organization","@id":"https:\/\/www.jazzzeitung.de\/cms\/#organization","name":"JazzZeitung online","url":"https:\/\/www.jazzzeitung.de\/cms\/","logo":{"@type":"ImageObject","inLanguage":"de","@id":"https:\/\/www.jazzzeitung.de\/cms\/#\/schema\/logo\/image\/","url":"https:\/\/i0.wp.com\/www.jazzzeitung.de\/cms\/wp-content\/uploads\/2015\/08\/JAZZZEITUNGDE_Logo_Neu.png?fit=499%2C200&ssl=1","contentUrl":"https:\/\/i0.wp.com\/www.jazzzeitung.de\/cms\/wp-content\/uploads\/2015\/08\/JAZZZEITUNGDE_Logo_Neu.png?fit=499%2C200&ssl=1","width":499,"height":200,"caption":"JazzZeitung online"},"image":{"@id":"https:\/\/www.jazzzeitung.de\/cms\/#\/schema\/logo\/image\/"},"sameAs":["https:\/\/www.facebook.com\/JazzZeitung\/"]},{"@type":"Person","@id":"https:\/\/www.jazzzeitung.de\/cms\/#\/schema\/person\/23954215d035da9ee48d2a2c09a4a62c","name":"Andreas Kolb","image":{"@type":"ImageObject","inLanguage":"de","@id":"https:\/\/i0.wp.com\/www.jazzzeitung.de\/cms\/wp-content\/uploads\/2013\/05\/kolb-small.jpg?resize=96%2C96&ssl=1d81fdf4aa1b2f31d206a8dd371420dd4","url":"https:\/\/i0.wp.com\/www.jazzzeitung.de\/cms\/wp-content\/uploads\/2013\/05\/kolb-small.jpg?resize=96%2C96&ssl=1","contentUrl":"https:\/\/i0.wp.com\/www.jazzzeitung.de\/cms\/wp-content\/uploads\/2013\/05\/kolb-small.jpg?resize=96%2C96&ssl=1","caption":"Andreas Kolb"},"description":"Andreas Kolb ist Chefredakteur der Jazzzeitung.","sameAs":["https:\/\/www.jazzzeitung.de"],"url":"https:\/\/www.jazzzeitung.de\/cms\/author\/kolb\/"}]}},"wp-worthy-pixel":{"ignored":false,"public":null,"server":null,"url":null},"wp-worthy-type":"normal","jetpack_publicize_connections":[],"cc_featured_image_caption":{"caption_text":false,"source_text":false,"source_url":false},"jetpack_featured_media_url":"","jetpack_shortlink":"https:\/\/wp.me\/p3KEcT-13c","jetpack-related-posts":[{"id":3913,"url":"https:\/\/www.jazzzeitung.de\/cms\/2014\/05\/space-ist-place-sun-ra-waere-heute-100-geworden\/","url_meta":{"origin":4042,"position":0},"title":"Space ist the Place: Sun Ra w\u00e4re heute 100 geworden","author":"Andreas Kolb","date":"22. Mai 2014","format":false,"excerpt":"\u00a0 Heute j\u00e4hrt sich das Geburtsdatum von Sun Ra, b\u00fcrgerlich Herman Blount, zum hundertsten Mal. Der Pianist, Keyboarder und Komponist war nach eigenen Angaben au\u00dferirdischer Abstammung und fraglos ein Originalgenie. Als Bandleader \u00fcbertrug er das Konzept der Working Band \u2013 ganz \u00e4hnlich wie der Brasilianer Hermeto Pascoal \u2013 auch ins\u2026","rel":"","context":"In &quot;News&quot;","block_context":{"text":"News","link":"https:\/\/www.jazzzeitung.de\/cms\/thema\/nachrichten\/"},"img":{"alt_text":"Booklet: Sun Ra and his Solar Arkestra \u2013 On Jupiter;  Enterplanetary Koncepts BMI; art yard PO BOX 51215 London SE11 6WT UK; distributed by ReR MEGACORP. www.rermegacorp.com","src":"https:\/\/i0.wp.com\/www.jazzzeitung.de\/cms\/wp-content\/uploads\/2014\/05\/Sun-Ra-Jupiter-Cover-zugeschnitten1-150x150.jpg?resize=350%2C200","width":350,"height":200},"classes":[]},{"id":14054,"url":"https:\/\/www.jazzzeitung.de\/cms\/2017\/11\/lyambiko-im-jazzclub-regensburg-relaxte-swingsongs-ueber-die-liebe\/","url_meta":{"origin":4042,"position":1},"title":"Lyambiko im Jazzclub Regensburg: Relaxte Swingsongs \u00fcber die Liebe","author":"Michael Scheiner","date":"2. November 2017","format":false,"excerpt":"An den Fl\u00fcgel gelehnt, sang sie als Zugabe \u201eM\u00fctterlein\u201c. Ohne Mikro, nur mit der Kraft ihrer wandlungsf\u00e4higen Stimme. Freilich nicht in der deutschen Originalversion von Fred Rauch und Gerhard Winkler, sondern in der englischen Interpretation \u201eAnswer Me (My Love)\u201c von Carl Sigman. Damit landete der gro\u00dfe Nat King Cole 1954\u2026","rel":"","context":"In &quot;Bericht&quot;","block_context":{"text":"Bericht","link":"https:\/\/www.jazzzeitung.de\/cms\/thema\/bericht\/"},"img":{"alt_text":"Lyambiko mit Band im Jazzclub Leerer beutel. Foto: Michael Scheiner","src":"https:\/\/i0.wp.com\/www.jazzzeitung.de\/cms\/wp-content\/uploads\/2017\/11\/Lyambiko-Band_86.jpg?fit=1200%2C795&ssl=1&resize=350%2C200","width":350,"height":200,"srcset":"https:\/\/i0.wp.com\/www.jazzzeitung.de\/cms\/wp-content\/uploads\/2017\/11\/Lyambiko-Band_86.jpg?fit=1200%2C795&ssl=1&resize=350%2C200 1x, https:\/\/i0.wp.com\/www.jazzzeitung.de\/cms\/wp-content\/uploads\/2017\/11\/Lyambiko-Band_86.jpg?fit=1200%2C795&ssl=1&resize=525%2C300 1.5x, https:\/\/i0.wp.com\/www.jazzzeitung.de\/cms\/wp-content\/uploads\/2017\/11\/Lyambiko-Band_86.jpg?fit=1200%2C795&ssl=1&resize=700%2C400 2x, https:\/\/i0.wp.com\/www.jazzzeitung.de\/cms\/wp-content\/uploads\/2017\/11\/Lyambiko-Band_86.jpg?fit=1200%2C795&ssl=1&resize=1050%2C600 3x"},"classes":[]},{"id":30079,"url":"https:\/\/www.jazzzeitung.de\/cms\/2023\/09\/die-pianistin-und-saengerin-johanna-borchert-begeistert-bei-ihrem-auftritt-im-regensburger-jazzclub\/","url_meta":{"origin":4042,"position":2},"title":"Die Pianistin und S\u00e4ngerin Johanna Borchert begeistert bei ihrem Auftritt im Regensburger Jazzclub","author":"Michael Scheiner","date":"28. September 2023","format":false,"excerpt":"Existentielle Songs \u00fcbers Leben\u00a0 Regensburg. \u201eDie Erschaffung von neuem Leben\u201c ist das Thema, um welches sich die Musik von Johanna Borcherts aktuellem Album dreht. Bei ihrem ersten Auftritt in Regensburg beim Jazzclub im Leeren Beutel stellte sie daraus Songs vor, die sie mit unglaublich eindringlichen Improvisationen und St\u00fccken auf dem\u2026","rel":"","context":"In &quot;Bericht&quot;","block_context":{"text":"Bericht","link":"https:\/\/www.jazzzeitung.de\/cms\/thema\/bericht\/"},"img":{"alt_text":"","src":"https:\/\/i0.wp.com\/www.jazzzeitung.de\/cms\/wp-content\/uploads\/2023\/09\/borchert-johanna_35.jpg?fit=1200%2C826&ssl=1&resize=350%2C200","width":350,"height":200,"srcset":"https:\/\/i0.wp.com\/www.jazzzeitung.de\/cms\/wp-content\/uploads\/2023\/09\/borchert-johanna_35.jpg?fit=1200%2C826&ssl=1&resize=350%2C200 1x, https:\/\/i0.wp.com\/www.jazzzeitung.de\/cms\/wp-content\/uploads\/2023\/09\/borchert-johanna_35.jpg?fit=1200%2C826&ssl=1&resize=525%2C300 1.5x, https:\/\/i0.wp.com\/www.jazzzeitung.de\/cms\/wp-content\/uploads\/2023\/09\/borchert-johanna_35.jpg?fit=1200%2C826&ssl=1&resize=700%2C400 2x, https:\/\/i0.wp.com\/www.jazzzeitung.de\/cms\/wp-content\/uploads\/2023\/09\/borchert-johanna_35.jpg?fit=1200%2C826&ssl=1&resize=1050%2C600 3x"},"classes":[]},{"id":13176,"url":"https:\/\/www.jazzzeitung.de\/cms\/2017\/07\/auf-musikalischen-zehenspitzen-uni-jazzorchester-regensburg-mit-ack-van-rooyen\/","url_meta":{"origin":4042,"position":3},"title":"Auf musikalischen Zehenspitzen: Uni-Jazzorchester Regensburg mit Ack van Rooyen","author":"Redaktion JazzZeitung","date":"31. Juli 2017","format":false,"excerpt":"Wann wird ein K\u00fcnstler, ein Musiker zur \u201eLegende\u201c? Um die 80 Jahre herum ist ein Alter, wo diese einfallslose Floskel scheinbar ein Eigenleben zu entwickeln beginnt und auf jeden draufgepappt wird, der sich nicht dagegen wehrt. Demnach ist der niederl\u00e4ndische Trompeter Ack van Rooyen vermutlich eine \u201eSuperlegende\u201c, hat er doch\u2026","rel":"","context":"In &quot;Bericht&quot;","block_context":{"text":"Bericht","link":"https:\/\/www.jazzzeitung.de\/cms\/thema\/bericht\/"},"img":{"alt_text":"","src":"https:\/\/i0.wp.com\/www.jazzzeitung.de\/cms\/wp-content\/uploads\/2017\/07\/1.jpg?resize=350%2C200","width":350,"height":200},"classes":[]},{"id":29276,"url":"https:\/\/www.jazzzeitung.de\/cms\/2023\/03\/oliver-lutz-re-calamari-im-jazzclub-regensburg\/","url_meta":{"origin":4042,"position":4},"title":"Oliver Lutz\u2019 \u201eRe: Calamari\u201c im Jazzclub Regensburg","author":"Juan Martin Koch","date":"29. M\u00e4rz 2023","format":false,"excerpt":"Darf man zur Musik angesagter Jazz-Cats aus Berlin und K\u00f6ln noch (oder wieder) \u201eFusion\u201c sagen? Offenbar schon, schlie\u00dflich hei\u00dft die Er\u00f6ffnungsnummer auf der ersten Scheibe von \u201eRe: Calamari\u201c, einem Band-Projekt des Bassisten Oliver Lutz, genau so. Ein bisserl retro darf es also schon klingen, wenn Saxophon- und Synthie-Linien im Unisono\u2026","rel":"","context":"In &quot;Bericht&quot;","block_context":{"text":"Bericht","link":"https:\/\/www.jazzzeitung.de\/cms\/thema\/bericht\/"},"img":{"alt_text":"Die Band Re:Calamari mit Fish-Eye-Objektiv Fotografiert. Links Pablo Held am Keyboard, daneben Drummer Andi Haberl. Rechts erst Bassist und Bandleader Oliver Lutz, dann Wanja Slavin. Hinter allen ein grauer Vorhang mit Scheinwerferreihe dar\u00fcber.","src":"https:\/\/i0.wp.com\/www.jazzzeitung.de\/cms\/wp-content\/uploads\/2023\/03\/Re-Calamari-c-JM-Koch.jpg?fit=1200%2C900&ssl=1&resize=350%2C200","width":350,"height":200,"srcset":"https:\/\/i0.wp.com\/www.jazzzeitung.de\/cms\/wp-content\/uploads\/2023\/03\/Re-Calamari-c-JM-Koch.jpg?fit=1200%2C900&ssl=1&resize=350%2C200 1x, https:\/\/i0.wp.com\/www.jazzzeitung.de\/cms\/wp-content\/uploads\/2023\/03\/Re-Calamari-c-JM-Koch.jpg?fit=1200%2C900&ssl=1&resize=525%2C300 1.5x, https:\/\/i0.wp.com\/www.jazzzeitung.de\/cms\/wp-content\/uploads\/2023\/03\/Re-Calamari-c-JM-Koch.jpg?fit=1200%2C900&ssl=1&resize=700%2C400 2x, https:\/\/i0.wp.com\/www.jazzzeitung.de\/cms\/wp-content\/uploads\/2023\/03\/Re-Calamari-c-JM-Koch.jpg?fit=1200%2C900&ssl=1&resize=1050%2C600 3x"},"classes":[]},{"id":18156,"url":"https:\/\/www.jazzzeitung.de\/cms\/2018\/12\/magnetische-sternstunde-der-musik-das-lorenz-kellhuber-new-trio-im-stadttheater-regensburg\/","url_meta":{"origin":4042,"position":5},"title":"Magnetische Sternstunde der Musik: Das Lorenz Kellhuber New Trio im Stadttheater Regensburg","author":"Redaktion JazzZeitung","date":"21. Dezember 2018","format":false,"excerpt":"Regensburg. Verpufft, beiseite geschoben, weggewischt. Jeglicher Vorbehalt, ob ein reines Instrumentalkonzert bei den Zuh\u00f6rern auch ankommt, war schlussendlich atomisiert. Anf\u00e4nglich sorgte sich Pianist Lorenz Kellhuber im Theater Regensburg noch, dass Besucher sein Konzert mit dem New Trio vorzeitig verlassen k\u00f6nnten. Am Ende konnte die euphorisierte Menge kaum noch mit Zugaben\u2026","rel":"","context":"In &quot;Bericht&quot;","block_context":{"text":"Bericht","link":"https:\/\/www.jazzzeitung.de\/cms\/thema\/bericht\/"},"img":{"alt_text":"","src":"https:\/\/i0.wp.com\/www.jazzzeitung.de\/cms\/wp-content\/uploads\/2018\/12\/Trio-Kellhuber_37.jpeg?fit=567%2C370&ssl=1&resize=350%2C200","width":350,"height":200,"srcset":"https:\/\/i0.wp.com\/www.jazzzeitung.de\/cms\/wp-content\/uploads\/2018\/12\/Trio-Kellhuber_37.jpeg?fit=567%2C370&ssl=1&resize=350%2C200 1x, https:\/\/i0.wp.com\/www.jazzzeitung.de\/cms\/wp-content\/uploads\/2018\/12\/Trio-Kellhuber_37.jpeg?fit=567%2C370&ssl=1&resize=525%2C300 1.5x"},"classes":[]}],"jetpack_sharing_enabled":true,"_links":{"self":[{"href":"https:\/\/www.jazzzeitung.de\/cms\/wp-json\/wp\/v2\/posts\/4042","targetHints":{"allow":["GET"]}}],"collection":[{"href":"https:\/\/www.jazzzeitung.de\/cms\/wp-json\/wp\/v2\/posts"}],"about":[{"href":"https:\/\/www.jazzzeitung.de\/cms\/wp-json\/wp\/v2\/types\/post"}],"author":[{"embeddable":true,"href":"https:\/\/www.jazzzeitung.de\/cms\/wp-json\/wp\/v2\/users\/7"}],"replies":[{"embeddable":true,"href":"https:\/\/www.jazzzeitung.de\/cms\/wp-json\/wp\/v2\/comments?post=4042"}],"version-history":[{"count":4,"href":"https:\/\/www.jazzzeitung.de\/cms\/wp-json\/wp\/v2\/posts\/4042\/revisions"}],"predecessor-version":[{"id":4054,"href":"https:\/\/www.jazzzeitung.de\/cms\/wp-json\/wp\/v2\/posts\/4042\/revisions\/4054"}],"wp:attachment":[{"href":"https:\/\/www.jazzzeitung.de\/cms\/wp-json\/wp\/v2\/media?parent=4042"}],"wp:term":[{"taxonomy":"category","embeddable":true,"href":"https:\/\/www.jazzzeitung.de\/cms\/wp-json\/wp\/v2\/categories?post=4042"},{"taxonomy":"post_tag","embeddable":true,"href":"https:\/\/www.jazzzeitung.de\/cms\/wp-json\/wp\/v2\/tags?post=4042"},{"taxonomy":"author","embeddable":true,"href":"https:\/\/www.jazzzeitung.de\/cms\/wp-json\/wp\/v2\/coauthors?post=4042"}],"curies":[{"name":"wp","href":"https:\/\/api.w.org\/{rel}","templated":true}]}}