{"id":3923,"date":"2014-05-24T17:01:19","date_gmt":"2014-05-24T15:01:19","guid":{"rendered":"http:\/\/www.jazzzeitung.de\/cms\/?p=3923"},"modified":"2014-05-25T16:02:53","modified_gmt":"2014-05-25T14:02:53","slug":"fast-ohne-e-massive-schraege-im-a-trane-fotos-und-bericht","status":"publish","type":"post","link":"https:\/\/www.jazzzeitung.de\/cms\/2014\/05\/fast-ohne-e-massive-schraege-im-a-trane-fotos-und-bericht\/","title":{"rendered":"Fast ohne \u201ee\u201c \u2013 \u201eMassive Schr\u00e4ge\u201c im A-Trane (Fotos und Bericht)"},"content":{"rendered":"<p>Die Schl\u00e4fer sind unter uns und wir selbst sind es, die da schlafen. \u201eMassive Schr\u00e4ge\u201c sind unsere Wecker und unsere musikalischen Tages- und Nachtbegleiter: Johannes von Ballestrem \u2013 p, rhodes, Florian Fleischer \u2013 git und Johannes Ziemann \u2013 dm. Gefunden haben sich die drei \u00fcbrigens in der Stadt, die f\u00fcr Klassizismus schlechthin steht: in Weimar. Dort trafen sie zusammen, alle zusammen Jazz studierend und jetzt v\u00f6llig unklassisch agierend. Jetzt leben oder studieren sie in Leipzig, Berlin und Hamburg.<\/p>\n<p>Die Besetzung ist nicht gerade eine der \u00fcblichen. Drei Rhythmusinstrumente nach dem erweiterten Curt Sachs. Aber diese Rubrizierung ist hinf\u00e4llig und nur arch\u00e4ologisch pr\u00e4zise: Gleichwohl handelt es sich um Melodie- und Harmonieinstrumente insgesamt und sowohl als auch: Ja, auch das Schlagzeug in den H\u00e4nden von Ziemann. Man darf der Spur des Rhythmus\u2018 aber durchaus folgen, die sich in den Kompositionen der drei Musiker \u00e4u\u00dfert. Da wird geschoben, verschoben, konterkariert \u2013 Pattpattettern is it. Die pattendernde Struktur ist dabei Substanz und Ergebnis in einem, wie in einem Blumen-Beet, aus dem heraus dann Pflanzenfragmente ragen und sich m\u00e4andernd entwickeln, Knospen aufgehen in erfrierend sch\u00f6nen Kl\u00e4ngen von Fleischers Gitarre, w\u00e4hrend im Beet der D\u00fcnger seine Kraft entfaltet. Aber es geht auch umgekehrt: Sich durchschlingende Melismen verlieren sich im rhythmisch Unendlichen \u2013 streichen sanft ins Nichts. Daf\u00fcr braucht es nicht einmal gar zu viel Zeit wie beim St\u00fcck \u201eStolz und Adel\u201c oder \u201eMach mal langsam\u201c.<\/p>\n<div class=\"tiled-gallery type-rectangular tiled-gallery-unresized\" data-original-width=\"840\" data-carousel-extra='{&quot;blog_id&quot;:1,&quot;permalink&quot;:&quot;https:\\\/\\\/www.jazzzeitung.de\\\/cms\\\/2014\\\/05\\\/fast-ohne-e-massive-schraege-im-a-trane-fotos-und-bericht\\\/&quot;,&quot;likes_blog_id&quot;:55446655}' itemscope itemtype=\"http:\/\/schema.org\/ImageGallery\" > <div class=\"gallery-row\" style=\"width: 840px; height: 627px;\" data-original-width=\"840\" data-original-height=\"627\" > <div class=\"gallery-group images-1\" style=\"width: 420px; height: 627px;\" data-original-width=\"420\" data-original-height=\"627\" > <div class=\"tiled-gallery-item tiled-gallery-item-large\" itemprop=\"associatedMedia\" itemscope itemtype=\"http:\/\/schema.org\/ImageObject\"> <meta itemprop=\"width\" content=\"416\"> <meta itemprop=\"height\" content=\"623\"> <img decoding=\"async\" class=\"\" data-attachment-id=\"3939\" data-orig-file=\"https:\/\/www.jazzzeitung.de\/cms\/wp-content\/uploads\/2014\/05\/massive_schraege_c_Petra_Basche_043.jpg\" data-orig-size=\"534,800\" data-comments-opened=\"1\" data-image-meta=\"{&quot;aperture&quot;:&quot;0&quot;,&quot;credit&quot;:&quot;&quot;,&quot;camera&quot;:&quot;&quot;,&quot;caption&quot;:&quot;&quot;,&quot;created_timestamp&quot;:&quot;0&quot;,&quot;copyright&quot;:&quot;&quot;,&quot;focal_length&quot;:&quot;0&quot;,&quot;iso&quot;:&quot;0&quot;,&quot;shutter_speed&quot;:&quot;0&quot;,&quot;title&quot;:&quot;&quot;}\" data-image-title=\"Florian Fleischer. Massive Schr\u00e4ge. Foto: Petra Basche\" data-image-description=\"&lt;p&gt;Florian Fleischer. Massive Schr\u00e4ge. Foto: Petra Basche&lt;\/p&gt; \" data-medium-file=\"https:\/\/i0.wp.com\/www.jazzzeitung.de\/cms\/wp-content\/uploads\/2014\/05\/massive_schraege_c_Petra_Basche_043.jpg?fit=200%2C300&#038;ssl=1\" data-large-file=\"https:\/\/i0.wp.com\/www.jazzzeitung.de\/cms\/wp-content\/uploads\/2014\/05\/massive_schraege_c_Petra_Basche_043.jpg?fit=400%2C600&#038;ssl=1\" src=\"https:\/\/i0.wp.com\/www.jazzzeitung.de\/cms\/wp-content\/uploads\/2014\/05\/massive_schraege_c_Petra_Basche_043.jpg?w=416&#038;h=623&#038;ssl=1\" srcset=\"https:\/\/i0.wp.com\/www.jazzzeitung.de\/cms\/wp-content\/uploads\/2014\/05\/massive_schraege_c_Petra_Basche_043.jpg?w=534&amp;ssl=1 534w, https:\/\/i0.wp.com\/www.jazzzeitung.de\/cms\/wp-content\/uploads\/2014\/05\/massive_schraege_c_Petra_Basche_043.jpg?resize=200%2C300&amp;ssl=1 200w, https:\/\/i0.wp.com\/www.jazzzeitung.de\/cms\/wp-content\/uploads\/2014\/05\/massive_schraege_c_Petra_Basche_043.jpg?resize=400%2C600&amp;ssl=1 400w\" width=\"416\" height=\"623\" loading=\"lazy\" data-original-width=\"416\" data-original-height=\"623\" itemprop=\"http:\/\/schema.org\/image\" title=\"Florian Fleischer. Massive Schr\u00e4ge. Foto: Petra Basche\" alt=\"Florian Fleischer. Massive Schr\u00e4ge. Foto: Petra Basche\" style=\"width: 416px; height: 623px;\" \/> <div class=\"tiled-gallery-caption\" itemprop=\"caption description\"> Florian Fleischer. Massive Schr\u00e4ge. Foto: Petra Basche <\/div> <\/div> <\/div> <!-- close group --> <div class=\"gallery-group images-1\" style=\"width: 420px; height: 627px;\" data-original-width=\"420\" data-original-height=\"627\" > <div class=\"tiled-gallery-item tiled-gallery-item-large\" itemprop=\"associatedMedia\" itemscope itemtype=\"http:\/\/schema.org\/ImageObject\"> <meta itemprop=\"width\" content=\"416\"> <meta itemprop=\"height\" content=\"623\"> <img decoding=\"async\" class=\"\" data-attachment-id=\"3933\" data-orig-file=\"https:\/\/www.jazzzeitung.de\/cms\/wp-content\/uploads\/2014\/05\/massive_schraege_c_Petra_Basche_020.jpg\" data-orig-size=\"534,800\" data-comments-opened=\"1\" data-image-meta=\"{&quot;aperture&quot;:&quot;0&quot;,&quot;credit&quot;:&quot;&quot;,&quot;camera&quot;:&quot;&quot;,&quot;caption&quot;:&quot;&quot;,&quot;created_timestamp&quot;:&quot;0&quot;,&quot;copyright&quot;:&quot;&quot;,&quot;focal_length&quot;:&quot;0&quot;,&quot;iso&quot;:&quot;0&quot;,&quot;shutter_speed&quot;:&quot;0&quot;,&quot;title&quot;:&quot;&quot;}\" data-image-title=\"A-Trane. Foto: Petra Basche\" data-image-description=\"&lt;p&gt;A-Trane. Foto: Petra Basche&lt;\/p&gt; \" data-medium-file=\"https:\/\/i0.wp.com\/www.jazzzeitung.de\/cms\/wp-content\/uploads\/2014\/05\/massive_schraege_c_Petra_Basche_020.jpg?fit=200%2C300&#038;ssl=1\" data-large-file=\"https:\/\/i0.wp.com\/www.jazzzeitung.de\/cms\/wp-content\/uploads\/2014\/05\/massive_schraege_c_Petra_Basche_020.jpg?fit=400%2C600&#038;ssl=1\" src=\"https:\/\/i0.wp.com\/www.jazzzeitung.de\/cms\/wp-content\/uploads\/2014\/05\/massive_schraege_c_Petra_Basche_020.jpg?w=416&#038;h=623&#038;ssl=1\" srcset=\"https:\/\/i0.wp.com\/www.jazzzeitung.de\/cms\/wp-content\/uploads\/2014\/05\/massive_schraege_c_Petra_Basche_020.jpg?w=534&amp;ssl=1 534w, https:\/\/i0.wp.com\/www.jazzzeitung.de\/cms\/wp-content\/uploads\/2014\/05\/massive_schraege_c_Petra_Basche_020.jpg?resize=200%2C300&amp;ssl=1 200w, https:\/\/i0.wp.com\/www.jazzzeitung.de\/cms\/wp-content\/uploads\/2014\/05\/massive_schraege_c_Petra_Basche_020.jpg?resize=400%2C600&amp;ssl=1 400w\" width=\"416\" height=\"623\" loading=\"lazy\" data-original-width=\"416\" data-original-height=\"623\" itemprop=\"http:\/\/schema.org\/image\" title=\"A-Trane. Foto: Petra Basche\" alt=\"A-Trane. Foto: Petra Basche\" style=\"width: 416px; height: 623px;\" \/> <div class=\"tiled-gallery-caption\" itemprop=\"caption description\"> A-Trane. Foto: Petra Basche <\/div> <\/div> <\/div> <!-- close group --> <\/div> <!-- close row --> <div class=\"gallery-row\" style=\"width: 840px; height: 230px;\" data-original-width=\"840\" data-original-height=\"230\" > <div class=\"gallery-group images-1\" style=\"width: 343px; height: 230px;\" data-original-width=\"343\" data-original-height=\"230\" > <div class=\"tiled-gallery-item tiled-gallery-item-large\" itemprop=\"associatedMedia\" itemscope itemtype=\"http:\/\/schema.org\/ImageObject\"> <meta itemprop=\"width\" content=\"339\"> <meta itemprop=\"height\" content=\"226\"> <img decoding=\"async\" class=\"\" data-attachment-id=\"3932\" data-orig-file=\"https:\/\/www.jazzzeitung.de\/cms\/wp-content\/uploads\/2014\/05\/massive_schraege_c_Petra_Basche_016.jpg\" data-orig-size=\"1199,800\" data-comments-opened=\"1\" data-image-meta=\"{&quot;aperture&quot;:&quot;0&quot;,&quot;credit&quot;:&quot;&quot;,&quot;camera&quot;:&quot;&quot;,&quot;caption&quot;:&quot;&quot;,&quot;created_timestamp&quot;:&quot;0&quot;,&quot;copyright&quot;:&quot;&quot;,&quot;focal_length&quot;:&quot;0&quot;,&quot;iso&quot;:&quot;0&quot;,&quot;shutter_speed&quot;:&quot;0&quot;,&quot;title&quot;:&quot;&quot;}\" data-image-title=\"A-Trane. Foto: Petra Basche\" data-image-description=\"&lt;p&gt;A-Trane. Foto: Petra Basche&lt;\/p&gt; \" data-medium-file=\"https:\/\/i0.wp.com\/www.jazzzeitung.de\/cms\/wp-content\/uploads\/2014\/05\/massive_schraege_c_Petra_Basche_016.jpg?fit=300%2C200&#038;ssl=1\" data-large-file=\"https:\/\/i0.wp.com\/www.jazzzeitung.de\/cms\/wp-content\/uploads\/2014\/05\/massive_schraege_c_Petra_Basche_016.jpg?fit=840%2C560&#038;ssl=1\" src=\"https:\/\/i0.wp.com\/www.jazzzeitung.de\/cms\/wp-content\/uploads\/2014\/05\/massive_schraege_c_Petra_Basche_016.jpg?w=339&#038;h=226&#038;ssl=1\" srcset=\"https:\/\/i0.wp.com\/www.jazzzeitung.de\/cms\/wp-content\/uploads\/2014\/05\/massive_schraege_c_Petra_Basche_016.jpg?w=1199&amp;ssl=1 1199w, https:\/\/i0.wp.com\/www.jazzzeitung.de\/cms\/wp-content\/uploads\/2014\/05\/massive_schraege_c_Petra_Basche_016.jpg?resize=300%2C200&amp;ssl=1 300w, https:\/\/i0.wp.com\/www.jazzzeitung.de\/cms\/wp-content\/uploads\/2014\/05\/massive_schraege_c_Petra_Basche_016.jpg?resize=900%2C600&amp;ssl=1 900w\" width=\"339\" height=\"226\" loading=\"lazy\" data-original-width=\"339\" data-original-height=\"226\" itemprop=\"http:\/\/schema.org\/image\" title=\"A-Trane. Foto: Petra Basche\" alt=\"A-Trane. Foto: Petra Basche\" style=\"width: 339px; height: 226px;\" \/> <div class=\"tiled-gallery-caption\" itemprop=\"caption description\"> A-Trane. Foto: Petra Basche <\/div> <\/div> <\/div> <!-- close group --> <div class=\"gallery-group images-1\" style=\"width: 155px; height: 230px;\" data-original-width=\"155\" data-original-height=\"230\" > <div class=\"tiled-gallery-item tiled-gallery-item-small\" itemprop=\"associatedMedia\" itemscope itemtype=\"http:\/\/schema.org\/ImageObject\"> <meta itemprop=\"width\" content=\"151\"> <meta itemprop=\"height\" content=\"226\"> <img decoding=\"async\" class=\"\" data-attachment-id=\"3928\" data-orig-file=\"https:\/\/www.jazzzeitung.de\/cms\/wp-content\/uploads\/2014\/05\/massive_schraege_c_Petra_Basche_007.jpg\" data-orig-size=\"534,800\" data-comments-opened=\"1\" data-image-meta=\"{&quot;aperture&quot;:&quot;0&quot;,&quot;credit&quot;:&quot;&quot;,&quot;camera&quot;:&quot;&quot;,&quot;caption&quot;:&quot;&quot;,&quot;created_timestamp&quot;:&quot;0&quot;,&quot;copyright&quot;:&quot;&quot;,&quot;focal_length&quot;:&quot;0&quot;,&quot;iso&quot;:&quot;0&quot;,&quot;shutter_speed&quot;:&quot;0&quot;,&quot;title&quot;:&quot;&quot;}\" data-image-title=\"Massive Schr\u00e4ge im A-Trane. Foto: Petra Basche\" data-image-description=\"&lt;p&gt;Massive Schr\u00e4ge im A-Trane. Foto: Petra Basche&lt;\/p&gt; \" data-medium-file=\"https:\/\/i0.wp.com\/www.jazzzeitung.de\/cms\/wp-content\/uploads\/2014\/05\/massive_schraege_c_Petra_Basche_007.jpg?fit=200%2C300&#038;ssl=1\" data-large-file=\"https:\/\/i0.wp.com\/www.jazzzeitung.de\/cms\/wp-content\/uploads\/2014\/05\/massive_schraege_c_Petra_Basche_007.jpg?fit=400%2C600&#038;ssl=1\" src=\"https:\/\/i0.wp.com\/www.jazzzeitung.de\/cms\/wp-content\/uploads\/2014\/05\/massive_schraege_c_Petra_Basche_007.jpg?w=151&#038;h=226&#038;ssl=1\" srcset=\"https:\/\/i0.wp.com\/www.jazzzeitung.de\/cms\/wp-content\/uploads\/2014\/05\/massive_schraege_c_Petra_Basche_007.jpg?w=534&amp;ssl=1 534w, https:\/\/i0.wp.com\/www.jazzzeitung.de\/cms\/wp-content\/uploads\/2014\/05\/massive_schraege_c_Petra_Basche_007.jpg?resize=200%2C300&amp;ssl=1 200w, https:\/\/i0.wp.com\/www.jazzzeitung.de\/cms\/wp-content\/uploads\/2014\/05\/massive_schraege_c_Petra_Basche_007.jpg?resize=400%2C600&amp;ssl=1 400w\" width=\"151\" height=\"226\" loading=\"lazy\" data-original-width=\"151\" data-original-height=\"226\" itemprop=\"http:\/\/schema.org\/image\" title=\"Massive Schr\u00e4ge im A-Trane. Foto: Petra Basche\" alt=\"Massive Schr\u00e4ge im A-Trane. Foto: Petra Basche\" style=\"width: 151px; height: 226px;\" \/> <div class=\"tiled-gallery-caption\" itemprop=\"caption description\"> Massive Schr\u00e4ge im A-Trane. Foto: Petra Basche <\/div> <\/div> <\/div> <!-- close group --> <div class=\"gallery-group images-1\" style=\"width: 342px; height: 230px;\" data-original-width=\"342\" data-original-height=\"230\" > <div class=\"tiled-gallery-item tiled-gallery-item-large\" itemprop=\"associatedMedia\" itemscope itemtype=\"http:\/\/schema.org\/ImageObject\"> <meta itemprop=\"width\" content=\"338\"> <meta itemprop=\"height\" content=\"226\"> <img decoding=\"async\" class=\"\" data-attachment-id=\"3930\" data-orig-file=\"https:\/\/www.jazzzeitung.de\/cms\/wp-content\/uploads\/2014\/05\/massive_schraege_c_Petra_Basche_010.jpg\" data-orig-size=\"1199,800\" data-comments-opened=\"1\" data-image-meta=\"{&quot;aperture&quot;:&quot;0&quot;,&quot;credit&quot;:&quot;&quot;,&quot;camera&quot;:&quot;&quot;,&quot;caption&quot;:&quot;&quot;,&quot;created_timestamp&quot;:&quot;0&quot;,&quot;copyright&quot;:&quot;&quot;,&quot;focal_length&quot;:&quot;0&quot;,&quot;iso&quot;:&quot;0&quot;,&quot;shutter_speed&quot;:&quot;0&quot;,&quot;title&quot;:&quot;&quot;}\" data-image-title=\"Massive Schr\u00e4ge im A-Trane. Foto: Petra Basche\" data-image-description=\"&lt;p&gt;Massive Schr\u00e4ge im A-Trane. Foto: Petra Basche&lt;\/p&gt; \" data-medium-file=\"https:\/\/i0.wp.com\/www.jazzzeitung.de\/cms\/wp-content\/uploads\/2014\/05\/massive_schraege_c_Petra_Basche_010.jpg?fit=300%2C200&#038;ssl=1\" data-large-file=\"https:\/\/i0.wp.com\/www.jazzzeitung.de\/cms\/wp-content\/uploads\/2014\/05\/massive_schraege_c_Petra_Basche_010.jpg?fit=840%2C560&#038;ssl=1\" src=\"https:\/\/i0.wp.com\/www.jazzzeitung.de\/cms\/wp-content\/uploads\/2014\/05\/massive_schraege_c_Petra_Basche_010.jpg?w=338&#038;h=226&#038;ssl=1\" srcset=\"https:\/\/i0.wp.com\/www.jazzzeitung.de\/cms\/wp-content\/uploads\/2014\/05\/massive_schraege_c_Petra_Basche_010.jpg?w=1199&amp;ssl=1 1199w, https:\/\/i0.wp.com\/www.jazzzeitung.de\/cms\/wp-content\/uploads\/2014\/05\/massive_schraege_c_Petra_Basche_010.jpg?resize=300%2C200&amp;ssl=1 300w, https:\/\/i0.wp.com\/www.jazzzeitung.de\/cms\/wp-content\/uploads\/2014\/05\/massive_schraege_c_Petra_Basche_010.jpg?resize=900%2C600&amp;ssl=1 900w\" width=\"338\" height=\"226\" loading=\"lazy\" data-original-width=\"338\" data-original-height=\"226\" itemprop=\"http:\/\/schema.org\/image\" title=\"Massive Schr\u00e4ge im A-Trane. Foto: Petra Basche\" alt=\"Massive Schr\u00e4ge im A-Trane. Foto: Petra Basche\" style=\"width: 338px; height: 226px;\" \/> <div class=\"tiled-gallery-caption\" itemprop=\"caption description\"> Massive Schr\u00e4ge im A-Trane. Foto: Petra Basche <\/div> <\/div> <\/div> <!-- close group --> <\/div> <!-- close row --> <div class=\"gallery-row\" style=\"width: 840px; height: 375px;\" data-original-width=\"840\" data-original-height=\"375\" > <div class=\"gallery-group images-1\" style=\"width: 561px; height: 375px;\" data-original-width=\"561\" data-original-height=\"375\" > <div class=\"tiled-gallery-item tiled-gallery-item-large\" itemprop=\"associatedMedia\" itemscope itemtype=\"http:\/\/schema.org\/ImageObject\"> <meta itemprop=\"width\" content=\"557\"> <meta itemprop=\"height\" content=\"371\"> <img decoding=\"async\" class=\"\" data-attachment-id=\"3927\" data-orig-file=\"https:\/\/www.jazzzeitung.de\/cms\/wp-content\/uploads\/2014\/05\/massive_schraege_c_Petra-Basche_004.jpg\" data-orig-size=\"1199,800\" data-comments-opened=\"1\" data-image-meta=\"{&quot;aperture&quot;:&quot;0&quot;,&quot;credit&quot;:&quot;&quot;,&quot;camera&quot;:&quot;&quot;,&quot;caption&quot;:&quot;&quot;,&quot;created_timestamp&quot;:&quot;0&quot;,&quot;copyright&quot;:&quot;&quot;,&quot;focal_length&quot;:&quot;0&quot;,&quot;iso&quot;:&quot;0&quot;,&quot;shutter_speed&quot;:&quot;0&quot;,&quot;title&quot;:&quot;&quot;}\" data-image-title=\"Johannes Ziemann. Massive Schr\u00e4ge. Foto: Petra Basche\" data-image-description=\"&lt;p&gt;Johannes Ziemann. Massive Schr\u00e4ge. Foto: Petra Basche&lt;\/p&gt; \" data-medium-file=\"https:\/\/i0.wp.com\/www.jazzzeitung.de\/cms\/wp-content\/uploads\/2014\/05\/massive_schraege_c_Petra-Basche_004.jpg?fit=300%2C200&#038;ssl=1\" data-large-file=\"https:\/\/i0.wp.com\/www.jazzzeitung.de\/cms\/wp-content\/uploads\/2014\/05\/massive_schraege_c_Petra-Basche_004.jpg?fit=840%2C560&#038;ssl=1\" src=\"https:\/\/i0.wp.com\/www.jazzzeitung.de\/cms\/wp-content\/uploads\/2014\/05\/massive_schraege_c_Petra-Basche_004.jpg?w=557&#038;h=371&#038;ssl=1\" srcset=\"https:\/\/i0.wp.com\/www.jazzzeitung.de\/cms\/wp-content\/uploads\/2014\/05\/massive_schraege_c_Petra-Basche_004.jpg?w=1199&amp;ssl=1 1199w, https:\/\/i0.wp.com\/www.jazzzeitung.de\/cms\/wp-content\/uploads\/2014\/05\/massive_schraege_c_Petra-Basche_004.jpg?resize=300%2C200&amp;ssl=1 300w, https:\/\/i0.wp.com\/www.jazzzeitung.de\/cms\/wp-content\/uploads\/2014\/05\/massive_schraege_c_Petra-Basche_004.jpg?resize=900%2C600&amp;ssl=1 900w\" width=\"557\" height=\"371\" loading=\"lazy\" data-original-width=\"557\" data-original-height=\"371\" itemprop=\"http:\/\/schema.org\/image\" title=\"Johannes Ziemann. Massive Schr\u00e4ge. Foto: Petra Basche\" alt=\"Johannes Ziemann. Massive Schr\u00e4ge. Foto: Petra Basche\" style=\"width: 557px; height: 371px;\" \/> <div class=\"tiled-gallery-caption\" itemprop=\"caption description\"> Johannes Ziemann. Massive Schr\u00e4ge. Foto: Petra Basche <\/div> <\/div> <\/div> <!-- close group --> <div class=\"gallery-group images-2\" style=\"width: 279px; height: 375px;\" data-original-width=\"279\" data-original-height=\"375\" > <div class=\"tiled-gallery-item tiled-gallery-item-large\" itemprop=\"associatedMedia\" itemscope itemtype=\"http:\/\/schema.org\/ImageObject\"> <meta itemprop=\"width\" content=\"275\"> <meta itemprop=\"height\" content=\"184\"> <img decoding=\"async\" class=\"\" data-attachment-id=\"3936\" data-orig-file=\"https:\/\/www.jazzzeitung.de\/cms\/wp-content\/uploads\/2014\/05\/massive_schraege_c_Petra_Basche_031.jpg\" data-orig-size=\"1199,800\" data-comments-opened=\"1\" data-image-meta=\"{&quot;aperture&quot;:&quot;0&quot;,&quot;credit&quot;:&quot;&quot;,&quot;camera&quot;:&quot;&quot;,&quot;caption&quot;:&quot;&quot;,&quot;created_timestamp&quot;:&quot;0&quot;,&quot;copyright&quot;:&quot;&quot;,&quot;focal_length&quot;:&quot;0&quot;,&quot;iso&quot;:&quot;0&quot;,&quot;shutter_speed&quot;:&quot;0&quot;,&quot;title&quot;:&quot;&quot;}\" data-image-title=\"Massive Schr\u00e4ge im A-Trane. Foto: Petra Basche\" data-image-description=\"&lt;p&gt;Massive Schr\u00e4ge im A-Trane. Foto: Petra Basche&lt;\/p&gt; \" data-medium-file=\"https:\/\/i0.wp.com\/www.jazzzeitung.de\/cms\/wp-content\/uploads\/2014\/05\/massive_schraege_c_Petra_Basche_031.jpg?fit=300%2C200&#038;ssl=1\" data-large-file=\"https:\/\/i0.wp.com\/www.jazzzeitung.de\/cms\/wp-content\/uploads\/2014\/05\/massive_schraege_c_Petra_Basche_031.jpg?fit=840%2C560&#038;ssl=1\" src=\"https:\/\/i0.wp.com\/www.jazzzeitung.de\/cms\/wp-content\/uploads\/2014\/05\/massive_schraege_c_Petra_Basche_031.jpg?w=275&#038;h=184&#038;ssl=1\" srcset=\"https:\/\/i0.wp.com\/www.jazzzeitung.de\/cms\/wp-content\/uploads\/2014\/05\/massive_schraege_c_Petra_Basche_031.jpg?w=1199&amp;ssl=1 1199w, https:\/\/i0.wp.com\/www.jazzzeitung.de\/cms\/wp-content\/uploads\/2014\/05\/massive_schraege_c_Petra_Basche_031.jpg?resize=300%2C200&amp;ssl=1 300w, https:\/\/i0.wp.com\/www.jazzzeitung.de\/cms\/wp-content\/uploads\/2014\/05\/massive_schraege_c_Petra_Basche_031.jpg?resize=900%2C600&amp;ssl=1 900w\" width=\"275\" height=\"184\" loading=\"lazy\" data-original-width=\"275\" data-original-height=\"184\" itemprop=\"http:\/\/schema.org\/image\" title=\"Massive Schr\u00e4ge im A-Trane. Foto: Petra Basche\" alt=\"Massive Schr\u00e4ge im A-Trane. Foto: Petra Basche\" style=\"width: 275px; height: 184px;\" \/> <div class=\"tiled-gallery-caption\" itemprop=\"caption description\"> Massive Schr\u00e4ge im A-Trane. Foto: Petra Basche <\/div> <\/div> <div class=\"tiled-gallery-item tiled-gallery-item-large\" itemprop=\"associatedMedia\" itemscope itemtype=\"http:\/\/schema.org\/ImageObject\"> <meta itemprop=\"width\" content=\"275\"> <meta itemprop=\"height\" content=\"183\"> <img decoding=\"async\" class=\"\" data-attachment-id=\"3937\" data-orig-file=\"https:\/\/www.jazzzeitung.de\/cms\/wp-content\/uploads\/2014\/05\/massive_schraege_c_Petra-Basche_041.jpg\" data-orig-size=\"1199,800\" data-comments-opened=\"1\" data-image-meta=\"{&quot;aperture&quot;:&quot;0&quot;,&quot;credit&quot;:&quot;&quot;,&quot;camera&quot;:&quot;&quot;,&quot;caption&quot;:&quot;&quot;,&quot;created_timestamp&quot;:&quot;0&quot;,&quot;copyright&quot;:&quot;&quot;,&quot;focal_length&quot;:&quot;0&quot;,&quot;iso&quot;:&quot;0&quot;,&quot;shutter_speed&quot;:&quot;0&quot;,&quot;title&quot;:&quot;&quot;}\" data-image-title=\"Johannes von Ballestrem. Massive Schr\u00e4ge. Foto: Petra Basche\" data-image-description=\"&lt;p&gt;Johannes von Ballestrem. Massive Schr\u00e4ge. Foto: Petra Basche&lt;\/p&gt; \" data-medium-file=\"https:\/\/i0.wp.com\/www.jazzzeitung.de\/cms\/wp-content\/uploads\/2014\/05\/massive_schraege_c_Petra-Basche_041.jpg?fit=300%2C200&#038;ssl=1\" data-large-file=\"https:\/\/i0.wp.com\/www.jazzzeitung.de\/cms\/wp-content\/uploads\/2014\/05\/massive_schraege_c_Petra-Basche_041.jpg?fit=840%2C560&#038;ssl=1\" src=\"https:\/\/i0.wp.com\/www.jazzzeitung.de\/cms\/wp-content\/uploads\/2014\/05\/massive_schraege_c_Petra-Basche_041.jpg?w=275&#038;h=183&#038;ssl=1\" srcset=\"https:\/\/i0.wp.com\/www.jazzzeitung.de\/cms\/wp-content\/uploads\/2014\/05\/massive_schraege_c_Petra-Basche_041.jpg?w=1199&amp;ssl=1 1199w, https:\/\/i0.wp.com\/www.jazzzeitung.de\/cms\/wp-content\/uploads\/2014\/05\/massive_schraege_c_Petra-Basche_041.jpg?resize=300%2C200&amp;ssl=1 300w, https:\/\/i0.wp.com\/www.jazzzeitung.de\/cms\/wp-content\/uploads\/2014\/05\/massive_schraege_c_Petra-Basche_041.jpg?resize=900%2C600&amp;ssl=1 900w\" width=\"275\" height=\"183\" loading=\"lazy\" data-original-width=\"275\" data-original-height=\"183\" itemprop=\"http:\/\/schema.org\/image\" title=\"Johannes von Ballestrem. Massive Schr\u00e4ge. Foto: Petra Basche\" alt=\"Johannes von Ballestrem. Massive Schr\u00e4ge. Foto: Petra Basche\" style=\"width: 275px; height: 183px;\" \/> <div class=\"tiled-gallery-caption\" itemprop=\"caption description\"> Johannes von Ballestrem. Massive Schr\u00e4ge. Foto: Petra Basche <\/div> <\/div> <\/div> <!-- close group --> <\/div> <!-- close row --> <div class=\"gallery-row\" style=\"width: 840px; height: 374px;\" data-original-width=\"840\" data-original-height=\"374\" > <div class=\"gallery-group images-2\" style=\"width: 278px; height: 374px;\" data-original-width=\"278\" data-original-height=\"374\" > <div class=\"tiled-gallery-item tiled-gallery-item-large\" itemprop=\"associatedMedia\" itemscope itemtype=\"http:\/\/schema.org\/ImageObject\"> <meta itemprop=\"width\" content=\"274\"> <meta itemprop=\"height\" content=\"183\"> <img decoding=\"async\" class=\"\" data-attachment-id=\"3931\" data-orig-file=\"https:\/\/www.jazzzeitung.de\/cms\/wp-content\/uploads\/2014\/05\/massive_schraege_c_Petra_Basche_013.jpg\" data-orig-size=\"1199,800\" data-comments-opened=\"1\" data-image-meta=\"{&quot;aperture&quot;:&quot;0&quot;,&quot;credit&quot;:&quot;&quot;,&quot;camera&quot;:&quot;&quot;,&quot;caption&quot;:&quot;&quot;,&quot;created_timestamp&quot;:&quot;0&quot;,&quot;copyright&quot;:&quot;&quot;,&quot;focal_length&quot;:&quot;0&quot;,&quot;iso&quot;:&quot;0&quot;,&quot;shutter_speed&quot;:&quot;0&quot;,&quot;title&quot;:&quot;&quot;}\" data-image-title=\" Massive Schr\u00e4ge im A-Trane. Foto: Petra Basche\" data-image-description=\"&lt;p&gt;Massive Schr\u00e4ge im A-Trane. Foto: Petra Basche&lt;\/p&gt; \" data-medium-file=\"https:\/\/i0.wp.com\/www.jazzzeitung.de\/cms\/wp-content\/uploads\/2014\/05\/massive_schraege_c_Petra_Basche_013.jpg?fit=300%2C200&#038;ssl=1\" data-large-file=\"https:\/\/i0.wp.com\/www.jazzzeitung.de\/cms\/wp-content\/uploads\/2014\/05\/massive_schraege_c_Petra_Basche_013.jpg?fit=840%2C560&#038;ssl=1\" src=\"https:\/\/i0.wp.com\/www.jazzzeitung.de\/cms\/wp-content\/uploads\/2014\/05\/massive_schraege_c_Petra_Basche_013.jpg?w=274&#038;h=183&#038;ssl=1\" srcset=\"https:\/\/i0.wp.com\/www.jazzzeitung.de\/cms\/wp-content\/uploads\/2014\/05\/massive_schraege_c_Petra_Basche_013.jpg?w=1199&amp;ssl=1 1199w, https:\/\/i0.wp.com\/www.jazzzeitung.de\/cms\/wp-content\/uploads\/2014\/05\/massive_schraege_c_Petra_Basche_013.jpg?resize=300%2C200&amp;ssl=1 300w, https:\/\/i0.wp.com\/www.jazzzeitung.de\/cms\/wp-content\/uploads\/2014\/05\/massive_schraege_c_Petra_Basche_013.jpg?resize=900%2C600&amp;ssl=1 900w\" width=\"274\" height=\"183\" loading=\"lazy\" data-original-width=\"274\" data-original-height=\"183\" itemprop=\"http:\/\/schema.org\/image\" title=\" Massive Schr\u00e4ge im A-Trane. Foto: Petra Basche\" alt=\"Massive Schr\u00e4ge im A-Trane. Foto: Petra Basche\" style=\"width: 274px; height: 183px;\" \/> <div class=\"tiled-gallery-caption\" itemprop=\"caption description\"> Massive Schr\u00e4ge im A-Trane. Foto: Petra Basche <\/div> <\/div> <div class=\"tiled-gallery-item tiled-gallery-item-large\" itemprop=\"associatedMedia\" itemscope itemtype=\"http:\/\/schema.org\/ImageObject\"> <meta itemprop=\"width\" content=\"274\"> <meta itemprop=\"height\" content=\"183\"> <img decoding=\"async\" class=\"\" data-attachment-id=\"3935\" data-orig-file=\"https:\/\/www.jazzzeitung.de\/cms\/wp-content\/uploads\/2014\/05\/massive_schraege_c_Petra-Basche_033.jpg\" data-orig-size=\"1199,800\" data-comments-opened=\"1\" data-image-meta=\"{&quot;aperture&quot;:&quot;0&quot;,&quot;credit&quot;:&quot;&quot;,&quot;camera&quot;:&quot;&quot;,&quot;caption&quot;:&quot;&quot;,&quot;created_timestamp&quot;:&quot;0&quot;,&quot;copyright&quot;:&quot;&quot;,&quot;focal_length&quot;:&quot;0&quot;,&quot;iso&quot;:&quot;0&quot;,&quot;shutter_speed&quot;:&quot;0&quot;,&quot;title&quot;:&quot;&quot;}\" data-image-title=\"Johannes Ziemann. Massive Schr\u00e4ge. Foto: Petra Basche\" data-image-description=\"&lt;p&gt;Johannes Ziemann. Massive Schr\u00e4ge. Foto: Petra Basche&lt;\/p&gt; \" data-medium-file=\"https:\/\/i0.wp.com\/www.jazzzeitung.de\/cms\/wp-content\/uploads\/2014\/05\/massive_schraege_c_Petra-Basche_033.jpg?fit=300%2C200&#038;ssl=1\" data-large-file=\"https:\/\/i0.wp.com\/www.jazzzeitung.de\/cms\/wp-content\/uploads\/2014\/05\/massive_schraege_c_Petra-Basche_033.jpg?fit=840%2C560&#038;ssl=1\" src=\"https:\/\/i0.wp.com\/www.jazzzeitung.de\/cms\/wp-content\/uploads\/2014\/05\/massive_schraege_c_Petra-Basche_033.jpg?w=274&#038;h=183&#038;ssl=1\" srcset=\"https:\/\/i0.wp.com\/www.jazzzeitung.de\/cms\/wp-content\/uploads\/2014\/05\/massive_schraege_c_Petra-Basche_033.jpg?w=1199&amp;ssl=1 1199w, https:\/\/i0.wp.com\/www.jazzzeitung.de\/cms\/wp-content\/uploads\/2014\/05\/massive_schraege_c_Petra-Basche_033.jpg?resize=300%2C200&amp;ssl=1 300w, https:\/\/i0.wp.com\/www.jazzzeitung.de\/cms\/wp-content\/uploads\/2014\/05\/massive_schraege_c_Petra-Basche_033.jpg?resize=900%2C600&amp;ssl=1 900w\" width=\"274\" height=\"183\" loading=\"lazy\" data-original-width=\"274\" data-original-height=\"183\" itemprop=\"http:\/\/schema.org\/image\" title=\"Johannes Ziemann. Massive Schr\u00e4ge. Foto: Petra Basche\" alt=\"Johannes Ziemann. Massive Schr\u00e4ge. Foto: Petra Basche\" style=\"width: 274px; height: 183px;\" \/> <div class=\"tiled-gallery-caption\" itemprop=\"caption description\"> Johannes Ziemann. Massive Schr\u00e4ge. Foto: Petra Basche <\/div> <\/div> <\/div> <!-- close group --> <div class=\"gallery-group images-1\" style=\"width: 562px; height: 374px;\" data-original-width=\"562\" data-original-height=\"374\" > <div class=\"tiled-gallery-item tiled-gallery-item-large\" itemprop=\"associatedMedia\" itemscope itemtype=\"http:\/\/schema.org\/ImageObject\"> <meta itemprop=\"width\" content=\"558\"> <meta itemprop=\"height\" content=\"370\"> <img decoding=\"async\" class=\"\" data-attachment-id=\"3940\" data-orig-file=\"https:\/\/www.jazzzeitung.de\/cms\/wp-content\/uploads\/2014\/05\/massive_schraege_c_Petra_Basche_046.jpg\" data-orig-size=\"1200,796\" data-comments-opened=\"1\" data-image-meta=\"{&quot;aperture&quot;:&quot;0&quot;,&quot;credit&quot;:&quot;&quot;,&quot;camera&quot;:&quot;&quot;,&quot;caption&quot;:&quot;&quot;,&quot;created_timestamp&quot;:&quot;0&quot;,&quot;copyright&quot;:&quot;&quot;,&quot;focal_length&quot;:&quot;0&quot;,&quot;iso&quot;:&quot;0&quot;,&quot;shutter_speed&quot;:&quot;0&quot;,&quot;title&quot;:&quot;&quot;}\" data-image-title=\"Florian Fleischer. Massive Schr\u00e4ge. Foto: Petra Basche\" data-image-description=\"&lt;p&gt;Florian Fleischer. Massive Schr\u00e4ge. Foto: Petra Basche&lt;\/p&gt; \" data-medium-file=\"https:\/\/i0.wp.com\/www.jazzzeitung.de\/cms\/wp-content\/uploads\/2014\/05\/massive_schraege_c_Petra_Basche_046.jpg?fit=300%2C199&#038;ssl=1\" data-large-file=\"https:\/\/i0.wp.com\/www.jazzzeitung.de\/cms\/wp-content\/uploads\/2014\/05\/massive_schraege_c_Petra_Basche_046.jpg?fit=840%2C557&#038;ssl=1\" src=\"https:\/\/i0.wp.com\/www.jazzzeitung.de\/cms\/wp-content\/uploads\/2014\/05\/massive_schraege_c_Petra_Basche_046.jpg?w=558&#038;h=370&#038;ssl=1\" srcset=\"https:\/\/i0.wp.com\/www.jazzzeitung.de\/cms\/wp-content\/uploads\/2014\/05\/massive_schraege_c_Petra_Basche_046.jpg?w=1200&amp;ssl=1 1200w, https:\/\/i0.wp.com\/www.jazzzeitung.de\/cms\/wp-content\/uploads\/2014\/05\/massive_schraege_c_Petra_Basche_046.jpg?resize=300%2C200&amp;ssl=1 300w, https:\/\/i0.wp.com\/www.jazzzeitung.de\/cms\/wp-content\/uploads\/2014\/05\/massive_schraege_c_Petra_Basche_046.jpg?resize=900%2C597&amp;ssl=1 900w\" width=\"558\" height=\"370\" loading=\"lazy\" data-original-width=\"558\" data-original-height=\"370\" itemprop=\"http:\/\/schema.org\/image\" title=\"Florian Fleischer. Massive Schr\u00e4ge. Foto: Petra Basche\" alt=\"Florian Fleischer. Massive Schr\u00e4ge. Foto: Petra Basche\" style=\"width: 558px; height: 370px;\" \/> <div class=\"tiled-gallery-caption\" itemprop=\"caption description\"> Florian Fleischer. Massive Schr\u00e4ge. Foto: Petra Basche <\/div> <\/div> <\/div> <!-- close group --> <\/div> <!-- close row --> <div class=\"gallery-row\" style=\"width: 840px; height: 141px;\" data-original-width=\"840\" data-original-height=\"141\" > <div class=\"gallery-group images-1\" style=\"width: 210px; height: 141px;\" data-original-width=\"210\" data-original-height=\"141\" > <div class=\"tiled-gallery-item tiled-gallery-item-small\" itemprop=\"associatedMedia\" itemscope itemtype=\"http:\/\/schema.org\/ImageObject\"> <meta itemprop=\"width\" content=\"206\"> <meta itemprop=\"height\" content=\"137\"> <img decoding=\"async\" class=\"\" data-attachment-id=\"3934\" data-orig-file=\"https:\/\/www.jazzzeitung.de\/cms\/wp-content\/uploads\/2014\/05\/massive_schraege_c_Petra_Basche_027.jpg\" data-orig-size=\"1199,800\" data-comments-opened=\"1\" data-image-meta=\"{&quot;aperture&quot;:&quot;0&quot;,&quot;credit&quot;:&quot;&quot;,&quot;camera&quot;:&quot;&quot;,&quot;caption&quot;:&quot;&quot;,&quot;created_timestamp&quot;:&quot;0&quot;,&quot;copyright&quot;:&quot;&quot;,&quot;focal_length&quot;:&quot;0&quot;,&quot;iso&quot;:&quot;0&quot;,&quot;shutter_speed&quot;:&quot;0&quot;,&quot;title&quot;:&quot;&quot;}\" data-image-title=\" Massive Schr\u00e4ge im A-Trane. Foto: Petra Basche\" data-image-description=\"&lt;p&gt;Massive Schr\u00e4ge im A-Trane. Foto: Petra Basche&lt;\/p&gt; \" data-medium-file=\"https:\/\/i0.wp.com\/www.jazzzeitung.de\/cms\/wp-content\/uploads\/2014\/05\/massive_schraege_c_Petra_Basche_027.jpg?fit=300%2C200&#038;ssl=1\" data-large-file=\"https:\/\/i0.wp.com\/www.jazzzeitung.de\/cms\/wp-content\/uploads\/2014\/05\/massive_schraege_c_Petra_Basche_027.jpg?fit=840%2C560&#038;ssl=1\" src=\"https:\/\/i0.wp.com\/www.jazzzeitung.de\/cms\/wp-content\/uploads\/2014\/05\/massive_schraege_c_Petra_Basche_027.jpg?w=206&#038;h=137&#038;ssl=1\" srcset=\"https:\/\/i0.wp.com\/www.jazzzeitung.de\/cms\/wp-content\/uploads\/2014\/05\/massive_schraege_c_Petra_Basche_027.jpg?w=1199&amp;ssl=1 1199w, https:\/\/i0.wp.com\/www.jazzzeitung.de\/cms\/wp-content\/uploads\/2014\/05\/massive_schraege_c_Petra_Basche_027.jpg?resize=300%2C200&amp;ssl=1 300w, https:\/\/i0.wp.com\/www.jazzzeitung.de\/cms\/wp-content\/uploads\/2014\/05\/massive_schraege_c_Petra_Basche_027.jpg?resize=900%2C600&amp;ssl=1 900w\" width=\"206\" height=\"137\" loading=\"lazy\" data-original-width=\"206\" data-original-height=\"137\" itemprop=\"http:\/\/schema.org\/image\" title=\" Massive Schr\u00e4ge im A-Trane. Foto: Petra Basche\" alt=\"Massive Schr\u00e4ge im A-Trane. Foto: Petra Basche\" style=\"width: 206px; height: 137px;\" \/> <div class=\"tiled-gallery-caption\" itemprop=\"caption description\"> Massive Schr\u00e4ge im A-Trane. Foto: Petra Basche <\/div> <\/div> <\/div> <!-- close group --> <div class=\"gallery-group images-1\" style=\"width: 210px; height: 141px;\" data-original-width=\"210\" data-original-height=\"141\" > <div class=\"tiled-gallery-item tiled-gallery-item-small\" itemprop=\"associatedMedia\" itemscope itemtype=\"http:\/\/schema.org\/ImageObject\"> <meta itemprop=\"width\" content=\"206\"> <meta itemprop=\"height\" content=\"137\"> <img decoding=\"async\" class=\"\" data-attachment-id=\"3938\" data-orig-file=\"https:\/\/www.jazzzeitung.de\/cms\/wp-content\/uploads\/2014\/05\/massive_schraege_c_Petra_Basche_042.jpg\" data-orig-size=\"1199,800\" data-comments-opened=\"1\" data-image-meta=\"{&quot;aperture&quot;:&quot;0&quot;,&quot;credit&quot;:&quot;&quot;,&quot;camera&quot;:&quot;&quot;,&quot;caption&quot;:&quot;&quot;,&quot;created_timestamp&quot;:&quot;0&quot;,&quot;copyright&quot;:&quot;&quot;,&quot;focal_length&quot;:&quot;0&quot;,&quot;iso&quot;:&quot;0&quot;,&quot;shutter_speed&quot;:&quot;0&quot;,&quot;title&quot;:&quot;&quot;}\" data-image-title=\"Massive Schr\u00e4ge im A-Trane. Foto: Petra Basche\" data-image-description=\"&lt;p&gt;Massive Schr\u00e4ge im A-Trane. Foto: Petra Basche&lt;\/p&gt; \" data-medium-file=\"https:\/\/i0.wp.com\/www.jazzzeitung.de\/cms\/wp-content\/uploads\/2014\/05\/massive_schraege_c_Petra_Basche_042.jpg?fit=300%2C200&#038;ssl=1\" data-large-file=\"https:\/\/i0.wp.com\/www.jazzzeitung.de\/cms\/wp-content\/uploads\/2014\/05\/massive_schraege_c_Petra_Basche_042.jpg?fit=840%2C560&#038;ssl=1\" src=\"https:\/\/i0.wp.com\/www.jazzzeitung.de\/cms\/wp-content\/uploads\/2014\/05\/massive_schraege_c_Petra_Basche_042.jpg?w=206&#038;h=137&#038;ssl=1\" srcset=\"https:\/\/i0.wp.com\/www.jazzzeitung.de\/cms\/wp-content\/uploads\/2014\/05\/massive_schraege_c_Petra_Basche_042.jpg?w=1199&amp;ssl=1 1199w, https:\/\/i0.wp.com\/www.jazzzeitung.de\/cms\/wp-content\/uploads\/2014\/05\/massive_schraege_c_Petra_Basche_042.jpg?resize=300%2C200&amp;ssl=1 300w, https:\/\/i0.wp.com\/www.jazzzeitung.de\/cms\/wp-content\/uploads\/2014\/05\/massive_schraege_c_Petra_Basche_042.jpg?resize=900%2C600&amp;ssl=1 900w\" width=\"206\" height=\"137\" loading=\"lazy\" data-original-width=\"206\" data-original-height=\"137\" itemprop=\"http:\/\/schema.org\/image\" title=\"Massive Schr\u00e4ge im A-Trane. Foto: Petra Basche\" alt=\"Massive Schr\u00e4ge im A-Trane. Foto: Petra Basche\" style=\"width: 206px; height: 137px;\" \/> <div class=\"tiled-gallery-caption\" itemprop=\"caption description\"> Massive Schr\u00e4ge im A-Trane. Foto: Petra Basche <\/div> <\/div> <\/div> <!-- close group --> <div class=\"gallery-group images-1\" style=\"width: 210px; height: 141px;\" data-original-width=\"210\" data-original-height=\"141\" > <div class=\"tiled-gallery-item tiled-gallery-item-small\" itemprop=\"associatedMedia\" itemscope itemtype=\"http:\/\/schema.org\/ImageObject\"> <meta itemprop=\"width\" content=\"206\"> <meta itemprop=\"height\" content=\"137\"> <img decoding=\"async\" class=\"\" data-attachment-id=\"3929\" data-orig-file=\"https:\/\/www.jazzzeitung.de\/cms\/wp-content\/uploads\/2014\/05\/massive_schraege_c_Petra_Basche_009.jpg\" data-orig-size=\"1199,800\" data-comments-opened=\"1\" data-image-meta=\"{&quot;aperture&quot;:&quot;0&quot;,&quot;credit&quot;:&quot;&quot;,&quot;camera&quot;:&quot;&quot;,&quot;caption&quot;:&quot;&quot;,&quot;created_timestamp&quot;:&quot;0&quot;,&quot;copyright&quot;:&quot;&quot;,&quot;focal_length&quot;:&quot;0&quot;,&quot;iso&quot;:&quot;0&quot;,&quot;shutter_speed&quot;:&quot;0&quot;,&quot;title&quot;:&quot;&quot;}\" data-image-title=\"Massive Schr\u00e4ge im A-Trane. Foto: Petra Basche\" data-image-description=\"&lt;p&gt;Massive Schr\u00e4ge im A-Trane. Foto: Petra Basche&lt;\/p&gt; \" data-medium-file=\"https:\/\/i0.wp.com\/www.jazzzeitung.de\/cms\/wp-content\/uploads\/2014\/05\/massive_schraege_c_Petra_Basche_009.jpg?fit=300%2C200&#038;ssl=1\" data-large-file=\"https:\/\/i0.wp.com\/www.jazzzeitung.de\/cms\/wp-content\/uploads\/2014\/05\/massive_schraege_c_Petra_Basche_009.jpg?fit=840%2C560&#038;ssl=1\" src=\"https:\/\/i0.wp.com\/www.jazzzeitung.de\/cms\/wp-content\/uploads\/2014\/05\/massive_schraege_c_Petra_Basche_009.jpg?w=206&#038;h=137&#038;ssl=1\" srcset=\"https:\/\/i0.wp.com\/www.jazzzeitung.de\/cms\/wp-content\/uploads\/2014\/05\/massive_schraege_c_Petra_Basche_009.jpg?w=1199&amp;ssl=1 1199w, https:\/\/i0.wp.com\/www.jazzzeitung.de\/cms\/wp-content\/uploads\/2014\/05\/massive_schraege_c_Petra_Basche_009.jpg?resize=300%2C200&amp;ssl=1 300w, https:\/\/i0.wp.com\/www.jazzzeitung.de\/cms\/wp-content\/uploads\/2014\/05\/massive_schraege_c_Petra_Basche_009.jpg?resize=900%2C600&amp;ssl=1 900w\" width=\"206\" height=\"137\" loading=\"lazy\" data-original-width=\"206\" data-original-height=\"137\" itemprop=\"http:\/\/schema.org\/image\" title=\"Massive Schr\u00e4ge im A-Trane. Foto: Petra Basche\" alt=\"Massive Schr\u00e4ge im A-Trane. Foto: Petra Basche\" style=\"width: 206px; height: 137px;\" \/> <div class=\"tiled-gallery-caption\" itemprop=\"caption description\"> Massive Schr\u00e4ge im A-Trane. Foto: Petra Basche <\/div> <\/div> <\/div> <!-- close group --> <div class=\"gallery-group images-1\" style=\"width: 210px; height: 141px;\" data-original-width=\"210\" data-original-height=\"141\" > <div class=\"tiled-gallery-item tiled-gallery-item-small\" itemprop=\"associatedMedia\" itemscope itemtype=\"http:\/\/schema.org\/ImageObject\"> <meta itemprop=\"width\" content=\"206\"> <meta itemprop=\"height\" content=\"137\"> <img decoding=\"async\" class=\"\" data-attachment-id=\"3926\" data-orig-file=\"https:\/\/www.jazzzeitung.de\/cms\/wp-content\/uploads\/2014\/05\/massive_schraege_c_Petra_Basche_002.jpg\" data-orig-size=\"1199,800\" data-comments-opened=\"1\" data-image-meta=\"{&quot;aperture&quot;:&quot;0&quot;,&quot;credit&quot;:&quot;&quot;,&quot;camera&quot;:&quot;&quot;,&quot;caption&quot;:&quot;&quot;,&quot;created_timestamp&quot;:&quot;0&quot;,&quot;copyright&quot;:&quot;&quot;,&quot;focal_length&quot;:&quot;0&quot;,&quot;iso&quot;:&quot;0&quot;,&quot;shutter_speed&quot;:&quot;0&quot;,&quot;title&quot;:&quot;&quot;}\" data-image-title=\"Massive Schr\u00e4ge im A-Trane. Foto: Petra Basche\" data-image-description=\"&lt;p&gt;Massive Schr\u00e4ge im A-Trane. Foto: Petra Basche&lt;\/p&gt; \" data-medium-file=\"https:\/\/i0.wp.com\/www.jazzzeitung.de\/cms\/wp-content\/uploads\/2014\/05\/massive_schraege_c_Petra_Basche_002.jpg?fit=300%2C200&#038;ssl=1\" data-large-file=\"https:\/\/i0.wp.com\/www.jazzzeitung.de\/cms\/wp-content\/uploads\/2014\/05\/massive_schraege_c_Petra_Basche_002.jpg?fit=840%2C560&#038;ssl=1\" src=\"https:\/\/i0.wp.com\/www.jazzzeitung.de\/cms\/wp-content\/uploads\/2014\/05\/massive_schraege_c_Petra_Basche_002.jpg?w=206&#038;h=137&#038;ssl=1\" srcset=\"https:\/\/i0.wp.com\/www.jazzzeitung.de\/cms\/wp-content\/uploads\/2014\/05\/massive_schraege_c_Petra_Basche_002.jpg?w=1199&amp;ssl=1 1199w, https:\/\/i0.wp.com\/www.jazzzeitung.de\/cms\/wp-content\/uploads\/2014\/05\/massive_schraege_c_Petra_Basche_002.jpg?resize=300%2C200&amp;ssl=1 300w, https:\/\/i0.wp.com\/www.jazzzeitung.de\/cms\/wp-content\/uploads\/2014\/05\/massive_schraege_c_Petra_Basche_002.jpg?resize=900%2C600&amp;ssl=1 900w\" width=\"206\" height=\"137\" loading=\"lazy\" data-original-width=\"206\" data-original-height=\"137\" itemprop=\"http:\/\/schema.org\/image\" title=\"Massive Schr\u00e4ge im A-Trane. Foto: Petra Basche\" alt=\"Massive Schr\u00e4ge im A-Trane. Foto: Petra Basche\" style=\"width: 206px; height: 137px;\" \/> <div class=\"tiled-gallery-caption\" itemprop=\"caption description\"> Massive Schr\u00e4ge im A-Trane. Foto: Petra Basche <\/div> <\/div> <\/div> <!-- close group --> <\/div> <!-- close row --> <\/div>\n<p>Diese mittezwanziger Jahre alten Musiker haben zwar eine gemeinsame Sprache gefunden, aber sie sprechen sie nicht gleichzeitig gemeinsam. Dennoch ist es \u00e4sthetische Kommunikation aber ohne Diskursivit\u00e4t, was nicht hei\u00dfen soll, dass die Musiker etwa aneinander vorbeispielten. Wenn sie es aber formal tun, so nur, um eine neue zusammengesetzte Struktur zu erzeugen. Eines ihrer St\u00fccke hei\u00dft \u201eOulipo\u201c \u2013 ein Bezug zur literarischen Richtung der \u201epotentiellen Literatur\u201c (Queneau, Perec \u2026) \u2013 analog zum Roman \u201eAnton Voyls Fortgang\u201c von Perec, der ohne den Vokal \u201ee\u201c verfasst wurde. Hier ein Musikst\u00fcck \u201efast\u201c ohne den Ton \u201ee\u201c, wie die Musiker schreiben. Es ist eine abstrakte Musik, komplex in sich koordiniert, die dennoch wie aus einem Guss her\u00fcberkommt. Dazu nutzt \u201eMassive Schr\u00e4ge\u201c das ganze Spektrum musikalischer Stilistiken als Spielfl\u00e4che, um die Dinge dann wieder neu zusammenzusetzen und etwas anderes entstehen zu lassen. Typisch daf\u00fcr die St\u00fccke \u201e2015\u201c oder \u201eMonk\u2018s Nightmare\u201c.<\/p>\n<p>Den Unterschied zwischen Komposition und spontanem Meeting h\u00f6rt man augenblicklich, wenn sie beispielsweise in der zweiten Zugabe, mangels Masse, einen Blues spielen und wenn dann eben jeder mal \u201eausrasten\u201c kann. Das Resultat klingt dann merkw\u00fcrdig zweidimensional und flach \u2013 eher wie musikalische Gymnastik. Die sonst durch kompositorische Leistungen erzeugte Tiefenwirkung fehlt (schmerzlich).<\/p>\n<div class=\"tiled-gallery type-rectangular tiled-gallery-unresized\" data-original-width=\"840\" data-carousel-extra='{&quot;blog_id&quot;:1,&quot;permalink&quot;:&quot;https:\\\/\\\/www.jazzzeitung.de\\\/cms\\\/2014\\\/05\\\/fast-ohne-e-massive-schraege-im-a-trane-fotos-und-bericht\\\/&quot;,&quot;likes_blog_id&quot;:55446655}' itemscope itemtype=\"http:\/\/schema.org\/ImageGallery\" > <div class=\"gallery-row\" style=\"width: 840px; height: 230px;\" data-original-width=\"840\" data-original-height=\"230\" > <div class=\"gallery-group images-1\" style=\"width: 343px; height: 230px;\" data-original-width=\"343\" data-original-height=\"230\" > <div class=\"tiled-gallery-item tiled-gallery-item-large\" itemprop=\"associatedMedia\" itemscope itemtype=\"http:\/\/schema.org\/ImageObject\"> <a href=\"https:\/\/i0.wp.com\/www.jazzzeitung.de\/cms\/wp-content\/uploads\/2014\/05\/massive_schraege_c_Petra-Basche_075.jpg?ssl=1\" border=\"0\" itemprop=\"url\"> <meta itemprop=\"width\" content=\"339\"> <meta itemprop=\"height\" content=\"226\"> <img decoding=\"async\" class=\"\" data-attachment-id=\"3947\" data-orig-file=\"https:\/\/www.jazzzeitung.de\/cms\/wp-content\/uploads\/2014\/05\/massive_schraege_c_Petra-Basche_075.jpg\" data-orig-size=\"1199,800\" data-comments-opened=\"1\" data-image-meta=\"{&quot;aperture&quot;:&quot;0&quot;,&quot;credit&quot;:&quot;&quot;,&quot;camera&quot;:&quot;&quot;,&quot;caption&quot;:&quot;&quot;,&quot;created_timestamp&quot;:&quot;0&quot;,&quot;copyright&quot;:&quot;&quot;,&quot;focal_length&quot;:&quot;0&quot;,&quot;iso&quot;:&quot;0&quot;,&quot;shutter_speed&quot;:&quot;0&quot;,&quot;title&quot;:&quot;&quot;}\" data-image-title=\"A-Trane. Foto: Petra Basche\" data-image-description=\"&lt;p&gt;A-Trane. Foto: Petra Basche&lt;\/p&gt; \" data-medium-file=\"https:\/\/i0.wp.com\/www.jazzzeitung.de\/cms\/wp-content\/uploads\/2014\/05\/massive_schraege_c_Petra-Basche_075.jpg?fit=300%2C200&#038;ssl=1\" data-large-file=\"https:\/\/i0.wp.com\/www.jazzzeitung.de\/cms\/wp-content\/uploads\/2014\/05\/massive_schraege_c_Petra-Basche_075.jpg?fit=840%2C560&#038;ssl=1\" src=\"https:\/\/i0.wp.com\/www.jazzzeitung.de\/cms\/wp-content\/uploads\/2014\/05\/massive_schraege_c_Petra-Basche_075.jpg?w=339&#038;h=226&#038;ssl=1\" srcset=\"https:\/\/i0.wp.com\/www.jazzzeitung.de\/cms\/wp-content\/uploads\/2014\/05\/massive_schraege_c_Petra-Basche_075.jpg?w=1199&amp;ssl=1 1199w, https:\/\/i0.wp.com\/www.jazzzeitung.de\/cms\/wp-content\/uploads\/2014\/05\/massive_schraege_c_Petra-Basche_075.jpg?resize=300%2C200&amp;ssl=1 300w, https:\/\/i0.wp.com\/www.jazzzeitung.de\/cms\/wp-content\/uploads\/2014\/05\/massive_schraege_c_Petra-Basche_075.jpg?resize=900%2C600&amp;ssl=1 900w\" width=\"339\" height=\"226\" loading=\"lazy\" data-original-width=\"339\" data-original-height=\"226\" itemprop=\"http:\/\/schema.org\/image\" title=\"A-Trane. Foto: Petra Basche\" alt=\"A-Trane. Foto: Petra Basche\" style=\"width: 339px; height: 226px;\" \/> <\/a> <div class=\"tiled-gallery-caption\" itemprop=\"caption description\"> A-Trane. Foto: Petra Basche <\/div> <\/div> <\/div> <!-- close group --> <div class=\"gallery-group images-1\" style=\"width: 155px; height: 230px;\" data-original-width=\"155\" data-original-height=\"230\" > <div class=\"tiled-gallery-item tiled-gallery-item-small\" itemprop=\"associatedMedia\" itemscope itemtype=\"http:\/\/schema.org\/ImageObject\"> <a href=\"https:\/\/i0.wp.com\/www.jazzzeitung.de\/cms\/wp-content\/uploads\/2014\/05\/massive_schraege_c_Petra_Basche_047.jpg?ssl=1\" border=\"0\" itemprop=\"url\"> <meta itemprop=\"width\" content=\"151\"> <meta itemprop=\"height\" content=\"226\"> <img decoding=\"async\" class=\"\" data-attachment-id=\"3941\" data-orig-file=\"https:\/\/www.jazzzeitung.de\/cms\/wp-content\/uploads\/2014\/05\/massive_schraege_c_Petra_Basche_047.jpg\" data-orig-size=\"534,800\" data-comments-opened=\"1\" data-image-meta=\"{&quot;aperture&quot;:&quot;0&quot;,&quot;credit&quot;:&quot;&quot;,&quot;camera&quot;:&quot;&quot;,&quot;caption&quot;:&quot;&quot;,&quot;created_timestamp&quot;:&quot;0&quot;,&quot;copyright&quot;:&quot;&quot;,&quot;focal_length&quot;:&quot;0&quot;,&quot;iso&quot;:&quot;0&quot;,&quot;shutter_speed&quot;:&quot;0&quot;,&quot;title&quot;:&quot;&quot;}\" data-image-title=\"Florian Fleischer. Massive Schr\u00e4ge. A-Trane. Foto: Petra Basche\" data-image-description=\"&lt;p&gt;Florian Fleischer. Massive Schr\u00e4ge. A-Trane. Foto: Petra Basche&lt;\/p&gt; \" data-medium-file=\"https:\/\/i0.wp.com\/www.jazzzeitung.de\/cms\/wp-content\/uploads\/2014\/05\/massive_schraege_c_Petra_Basche_047.jpg?fit=200%2C300&#038;ssl=1\" data-large-file=\"https:\/\/i0.wp.com\/www.jazzzeitung.de\/cms\/wp-content\/uploads\/2014\/05\/massive_schraege_c_Petra_Basche_047.jpg?fit=400%2C600&#038;ssl=1\" src=\"https:\/\/i0.wp.com\/www.jazzzeitung.de\/cms\/wp-content\/uploads\/2014\/05\/massive_schraege_c_Petra_Basche_047.jpg?w=151&#038;h=226&#038;ssl=1\" srcset=\"https:\/\/i0.wp.com\/www.jazzzeitung.de\/cms\/wp-content\/uploads\/2014\/05\/massive_schraege_c_Petra_Basche_047.jpg?w=534&amp;ssl=1 534w, https:\/\/i0.wp.com\/www.jazzzeitung.de\/cms\/wp-content\/uploads\/2014\/05\/massive_schraege_c_Petra_Basche_047.jpg?resize=200%2C300&amp;ssl=1 200w, https:\/\/i0.wp.com\/www.jazzzeitung.de\/cms\/wp-content\/uploads\/2014\/05\/massive_schraege_c_Petra_Basche_047.jpg?resize=400%2C600&amp;ssl=1 400w\" width=\"151\" height=\"226\" loading=\"lazy\" data-original-width=\"151\" data-original-height=\"226\" itemprop=\"http:\/\/schema.org\/image\" title=\"Florian Fleischer. Massive Schr\u00e4ge. A-Trane. Foto: Petra Basche\" alt=\"Florian Fleischer. Massive Schr\u00e4ge. A-Trane. Foto: Petra Basche\" style=\"width: 151px; height: 226px;\" \/> <\/a> <div class=\"tiled-gallery-caption\" itemprop=\"caption description\"> Florian Fleischer. Massive Schr\u00e4ge. A-Trane. Foto: Petra Basche <\/div> <\/div> <\/div> <!-- close group --> <div class=\"gallery-group images-1\" style=\"width: 342px; height: 230px;\" data-original-width=\"342\" data-original-height=\"230\" > <div class=\"tiled-gallery-item tiled-gallery-item-large\" itemprop=\"associatedMedia\" itemscope itemtype=\"http:\/\/schema.org\/ImageObject\"> <a href=\"https:\/\/i0.wp.com\/www.jazzzeitung.de\/cms\/wp-content\/uploads\/2014\/05\/massive_schraege_c_Petra-Basche_052.jpg?ssl=1\" border=\"0\" itemprop=\"url\"> <meta itemprop=\"width\" content=\"338\"> <meta itemprop=\"height\" content=\"226\"> <img decoding=\"async\" class=\"\" data-attachment-id=\"3942\" data-orig-file=\"https:\/\/www.jazzzeitung.de\/cms\/wp-content\/uploads\/2014\/05\/massive_schraege_c_Petra-Basche_052.jpg\" data-orig-size=\"1199,800\" data-comments-opened=\"1\" data-image-meta=\"{&quot;aperture&quot;:&quot;0&quot;,&quot;credit&quot;:&quot;&quot;,&quot;camera&quot;:&quot;&quot;,&quot;caption&quot;:&quot;&quot;,&quot;created_timestamp&quot;:&quot;0&quot;,&quot;copyright&quot;:&quot;&quot;,&quot;focal_length&quot;:&quot;0&quot;,&quot;iso&quot;:&quot;0&quot;,&quot;shutter_speed&quot;:&quot;0&quot;,&quot;title&quot;:&quot;&quot;}\" data-image-title=\"Johannes von Ballestrem. Massive Schr\u00e4ge im A-Trane. Foto: Petra Basche\" data-image-description=\"&lt;p&gt;Johannes von Ballestrem. Massive Schr\u00e4ge im A-Trane. Foto: Petra Basche&lt;\/p&gt; \" data-medium-file=\"https:\/\/i0.wp.com\/www.jazzzeitung.de\/cms\/wp-content\/uploads\/2014\/05\/massive_schraege_c_Petra-Basche_052.jpg?fit=300%2C200&#038;ssl=1\" data-large-file=\"https:\/\/i0.wp.com\/www.jazzzeitung.de\/cms\/wp-content\/uploads\/2014\/05\/massive_schraege_c_Petra-Basche_052.jpg?fit=840%2C560&#038;ssl=1\" src=\"https:\/\/i0.wp.com\/www.jazzzeitung.de\/cms\/wp-content\/uploads\/2014\/05\/massive_schraege_c_Petra-Basche_052.jpg?w=338&#038;h=226&#038;ssl=1\" srcset=\"https:\/\/i0.wp.com\/www.jazzzeitung.de\/cms\/wp-content\/uploads\/2014\/05\/massive_schraege_c_Petra-Basche_052.jpg?w=1199&amp;ssl=1 1199w, https:\/\/i0.wp.com\/www.jazzzeitung.de\/cms\/wp-content\/uploads\/2014\/05\/massive_schraege_c_Petra-Basche_052.jpg?resize=300%2C200&amp;ssl=1 300w, https:\/\/i0.wp.com\/www.jazzzeitung.de\/cms\/wp-content\/uploads\/2014\/05\/massive_schraege_c_Petra-Basche_052.jpg?resize=900%2C600&amp;ssl=1 900w\" width=\"338\" height=\"226\" loading=\"lazy\" data-original-width=\"338\" data-original-height=\"226\" itemprop=\"http:\/\/schema.org\/image\" title=\"Johannes von Ballestrem. Massive Schr\u00e4ge im A-Trane. Foto: Petra Basche\" alt=\"Johannes von Ballestrem. Massive Schr\u00e4ge im A-Trane. Foto: Petra Basche\" style=\"width: 338px; height: 226px;\" \/> <\/a> <div class=\"tiled-gallery-caption\" itemprop=\"caption description\"> Johannes von Ballestrem. Massive Schr\u00e4ge im A-Trane. Foto: Petra Basche <\/div> <\/div> <\/div> <!-- close group --> <\/div> <!-- close row --> <div class=\"gallery-row\" style=\"width: 840px; height: 720px;\" data-original-width=\"840\" data-original-height=\"720\" > <div class=\"gallery-group images-3\" style=\"width: 358px; height: 720px;\" data-original-width=\"358\" data-original-height=\"720\" > <div class=\"tiled-gallery-item tiled-gallery-item-large\" itemprop=\"associatedMedia\" itemscope itemtype=\"http:\/\/schema.org\/ImageObject\"> <a href=\"https:\/\/i0.wp.com\/www.jazzzeitung.de\/cms\/wp-content\/uploads\/2014\/05\/massive_schraege_c_Petra-Basche_056.jpg?ssl=1\" border=\"0\" itemprop=\"url\"> <meta itemprop=\"width\" content=\"354\"> <meta itemprop=\"height\" content=\"236\"> <img decoding=\"async\" class=\"\" data-attachment-id=\"3943\" data-orig-file=\"https:\/\/www.jazzzeitung.de\/cms\/wp-content\/uploads\/2014\/05\/massive_schraege_c_Petra-Basche_056.jpg\" data-orig-size=\"1199,800\" data-comments-opened=\"1\" data-image-meta=\"{&quot;aperture&quot;:&quot;0&quot;,&quot;credit&quot;:&quot;&quot;,&quot;camera&quot;:&quot;&quot;,&quot;caption&quot;:&quot;&quot;,&quot;created_timestamp&quot;:&quot;0&quot;,&quot;copyright&quot;:&quot;&quot;,&quot;focal_length&quot;:&quot;0&quot;,&quot;iso&quot;:&quot;0&quot;,&quot;shutter_speed&quot;:&quot;0&quot;,&quot;title&quot;:&quot;&quot;}\" data-image-title=\"Florian Fleischer. Massive Schr\u00e4ge. A-Trane. Foto: Petra Basche\" data-image-description=\"&lt;p&gt;Florian Fleischer. Massive Schr\u00e4ge. A-Trane. Foto: Petra Basche&lt;\/p&gt; \" data-medium-file=\"https:\/\/i0.wp.com\/www.jazzzeitung.de\/cms\/wp-content\/uploads\/2014\/05\/massive_schraege_c_Petra-Basche_056.jpg?fit=300%2C200&#038;ssl=1\" data-large-file=\"https:\/\/i0.wp.com\/www.jazzzeitung.de\/cms\/wp-content\/uploads\/2014\/05\/massive_schraege_c_Petra-Basche_056.jpg?fit=840%2C560&#038;ssl=1\" src=\"https:\/\/i0.wp.com\/www.jazzzeitung.de\/cms\/wp-content\/uploads\/2014\/05\/massive_schraege_c_Petra-Basche_056.jpg?w=354&#038;h=236&#038;ssl=1\" srcset=\"https:\/\/i0.wp.com\/www.jazzzeitung.de\/cms\/wp-content\/uploads\/2014\/05\/massive_schraege_c_Petra-Basche_056.jpg?w=1199&amp;ssl=1 1199w, https:\/\/i0.wp.com\/www.jazzzeitung.de\/cms\/wp-content\/uploads\/2014\/05\/massive_schraege_c_Petra-Basche_056.jpg?resize=300%2C200&amp;ssl=1 300w, https:\/\/i0.wp.com\/www.jazzzeitung.de\/cms\/wp-content\/uploads\/2014\/05\/massive_schraege_c_Petra-Basche_056.jpg?resize=900%2C600&amp;ssl=1 900w\" width=\"354\" height=\"236\" loading=\"lazy\" data-original-width=\"354\" data-original-height=\"236\" itemprop=\"http:\/\/schema.org\/image\" title=\"Florian Fleischer. Massive Schr\u00e4ge. A-Trane. Foto: Petra Basche\" alt=\"Florian Fleischer. Massive Schr\u00e4ge. A-Trane. Foto: Petra Basche\" style=\"width: 354px; height: 236px;\" \/> <\/a> <div class=\"tiled-gallery-caption\" itemprop=\"caption description\"> Florian Fleischer. Massive Schr\u00e4ge. A-Trane. Foto: Petra Basche <\/div> <\/div> <div class=\"tiled-gallery-item tiled-gallery-item-large\" itemprop=\"associatedMedia\" itemscope itemtype=\"http:\/\/schema.org\/ImageObject\"> <a href=\"https:\/\/i0.wp.com\/www.jazzzeitung.de\/cms\/wp-content\/uploads\/2014\/05\/massive_schraege_c_Petra-Basche_057.jpg?ssl=1\" border=\"0\" itemprop=\"url\"> <meta itemprop=\"width\" content=\"354\"> <meta itemprop=\"height\" content=\"236\"> <img decoding=\"async\" class=\"\" data-attachment-id=\"3944\" data-orig-file=\"https:\/\/www.jazzzeitung.de\/cms\/wp-content\/uploads\/2014\/05\/massive_schraege_c_Petra-Basche_057.jpg\" data-orig-size=\"1199,800\" data-comments-opened=\"1\" data-image-meta=\"{&quot;aperture&quot;:&quot;0&quot;,&quot;credit&quot;:&quot;&quot;,&quot;camera&quot;:&quot;&quot;,&quot;caption&quot;:&quot;&quot;,&quot;created_timestamp&quot;:&quot;0&quot;,&quot;copyright&quot;:&quot;&quot;,&quot;focal_length&quot;:&quot;0&quot;,&quot;iso&quot;:&quot;0&quot;,&quot;shutter_speed&quot;:&quot;0&quot;,&quot;title&quot;:&quot;&quot;}\" data-image-title=\"Johannes von Ballestrem. Massive Schr\u00e4ge im A-Trane. Foto: Petra Basche\" data-image-description=\"\" data-medium-file=\"https:\/\/i0.wp.com\/www.jazzzeitung.de\/cms\/wp-content\/uploads\/2014\/05\/massive_schraege_c_Petra-Basche_057.jpg?fit=300%2C200&#038;ssl=1\" data-large-file=\"https:\/\/i0.wp.com\/www.jazzzeitung.de\/cms\/wp-content\/uploads\/2014\/05\/massive_schraege_c_Petra-Basche_057.jpg?fit=840%2C560&#038;ssl=1\" src=\"https:\/\/i0.wp.com\/www.jazzzeitung.de\/cms\/wp-content\/uploads\/2014\/05\/massive_schraege_c_Petra-Basche_057.jpg?w=354&#038;h=236&#038;ssl=1\" srcset=\"https:\/\/i0.wp.com\/www.jazzzeitung.de\/cms\/wp-content\/uploads\/2014\/05\/massive_schraege_c_Petra-Basche_057.jpg?w=1199&amp;ssl=1 1199w, https:\/\/i0.wp.com\/www.jazzzeitung.de\/cms\/wp-content\/uploads\/2014\/05\/massive_schraege_c_Petra-Basche_057.jpg?resize=300%2C200&amp;ssl=1 300w, https:\/\/i0.wp.com\/www.jazzzeitung.de\/cms\/wp-content\/uploads\/2014\/05\/massive_schraege_c_Petra-Basche_057.jpg?resize=900%2C600&amp;ssl=1 900w\" width=\"354\" height=\"236\" loading=\"lazy\" data-original-width=\"354\" data-original-height=\"236\" itemprop=\"http:\/\/schema.org\/image\" title=\"Johannes von Ballestrem. Massive Schr\u00e4ge im A-Trane. Foto: Petra Basche\" alt=\"Johannes von Ballestrem. Massive Schr\u00e4ge im A-Trane. Foto: Petra Basche\" style=\"width: 354px; height: 236px;\" \/> <\/a> <\/div> <div class=\"tiled-gallery-item tiled-gallery-item-large\" itemprop=\"associatedMedia\" itemscope itemtype=\"http:\/\/schema.org\/ImageObject\"> <a href=\"https:\/\/i0.wp.com\/www.jazzzeitung.de\/cms\/wp-content\/uploads\/2014\/05\/massive_schraege_c_Petra-Basche_081.jpg?ssl=1\" border=\"0\" itemprop=\"url\"> <meta itemprop=\"width\" content=\"354\"> <meta itemprop=\"height\" content=\"236\"> <img decoding=\"async\" class=\"\" data-attachment-id=\"3950\" data-orig-file=\"https:\/\/www.jazzzeitung.de\/cms\/wp-content\/uploads\/2014\/05\/massive_schraege_c_Petra-Basche_081.jpg\" data-orig-size=\"1199,800\" data-comments-opened=\"1\" data-image-meta=\"{&quot;aperture&quot;:&quot;0&quot;,&quot;credit&quot;:&quot;&quot;,&quot;camera&quot;:&quot;&quot;,&quot;caption&quot;:&quot;&quot;,&quot;created_timestamp&quot;:&quot;0&quot;,&quot;copyright&quot;:&quot;&quot;,&quot;focal_length&quot;:&quot;0&quot;,&quot;iso&quot;:&quot;0&quot;,&quot;shutter_speed&quot;:&quot;0&quot;,&quot;title&quot;:&quot;&quot;}\" data-image-title=\"Massive Schr\u00e4ge im A-Trane. Foto: Petra Basche\" data-image-description=\"&lt;p&gt;Massive Schr\u00e4ge im A-Trane. Foto: Petra Basche&lt;\/p&gt; \" data-medium-file=\"https:\/\/i0.wp.com\/www.jazzzeitung.de\/cms\/wp-content\/uploads\/2014\/05\/massive_schraege_c_Petra-Basche_081.jpg?fit=300%2C200&#038;ssl=1\" data-large-file=\"https:\/\/i0.wp.com\/www.jazzzeitung.de\/cms\/wp-content\/uploads\/2014\/05\/massive_schraege_c_Petra-Basche_081.jpg?fit=840%2C560&#038;ssl=1\" src=\"https:\/\/i0.wp.com\/www.jazzzeitung.de\/cms\/wp-content\/uploads\/2014\/05\/massive_schraege_c_Petra-Basche_081.jpg?w=354&#038;h=236&#038;ssl=1\" srcset=\"https:\/\/i0.wp.com\/www.jazzzeitung.de\/cms\/wp-content\/uploads\/2014\/05\/massive_schraege_c_Petra-Basche_081.jpg?w=1199&amp;ssl=1 1199w, https:\/\/i0.wp.com\/www.jazzzeitung.de\/cms\/wp-content\/uploads\/2014\/05\/massive_schraege_c_Petra-Basche_081.jpg?resize=300%2C200&amp;ssl=1 300w, https:\/\/i0.wp.com\/www.jazzzeitung.de\/cms\/wp-content\/uploads\/2014\/05\/massive_schraege_c_Petra-Basche_081.jpg?resize=900%2C600&amp;ssl=1 900w\" width=\"354\" height=\"236\" loading=\"lazy\" data-original-width=\"354\" data-original-height=\"236\" itemprop=\"http:\/\/schema.org\/image\" title=\"Massive Schr\u00e4ge im A-Trane. Foto: Petra Basche\" alt=\"Massive Schr\u00e4ge im A-Trane. Foto: Petra Basche\" style=\"width: 354px; height: 236px;\" \/> <\/a> <div class=\"tiled-gallery-caption\" itemprop=\"caption description\"> Massive Schr\u00e4ge im A-Trane. Foto: Petra Basche <\/div> <\/div> <\/div> <!-- close group --> <div class=\"gallery-group images-1\" style=\"width: 482px; height: 720px;\" data-original-width=\"482\" data-original-height=\"720\" > <div class=\"tiled-gallery-item tiled-gallery-item-large\" itemprop=\"associatedMedia\" itemscope itemtype=\"http:\/\/schema.org\/ImageObject\"> <a href=\"https:\/\/i0.wp.com\/www.jazzzeitung.de\/cms\/wp-content\/uploads\/2014\/05\/massive_schraege_c_Petra-Basche_082.jpg?ssl=1\" border=\"0\" itemprop=\"url\"> <meta itemprop=\"width\" content=\"478\"> <meta itemprop=\"height\" content=\"716\"> <img decoding=\"async\" class=\"\" data-attachment-id=\"3951\" data-orig-file=\"https:\/\/www.jazzzeitung.de\/cms\/wp-content\/uploads\/2014\/05\/massive_schraege_c_Petra-Basche_082.jpg\" data-orig-size=\"534,800\" data-comments-opened=\"1\" data-image-meta=\"{&quot;aperture&quot;:&quot;0&quot;,&quot;credit&quot;:&quot;&quot;,&quot;camera&quot;:&quot;&quot;,&quot;caption&quot;:&quot;&quot;,&quot;created_timestamp&quot;:&quot;0&quot;,&quot;copyright&quot;:&quot;&quot;,&quot;focal_length&quot;:&quot;0&quot;,&quot;iso&quot;:&quot;0&quot;,&quot;shutter_speed&quot;:&quot;0&quot;,&quot;title&quot;:&quot;&quot;}\" data-image-title=\"Florian Fleischer. Massive Schr\u00e4ge. A-Trane. Foto: Petra Basche\" data-image-description=\"&lt;p&gt;Florian Fleischer. Massive Schr\u00e4ge. A-Trane. Foto: Petra Basche&lt;\/p&gt; \" data-medium-file=\"https:\/\/i0.wp.com\/www.jazzzeitung.de\/cms\/wp-content\/uploads\/2014\/05\/massive_schraege_c_Petra-Basche_082.jpg?fit=200%2C300&#038;ssl=1\" data-large-file=\"https:\/\/i0.wp.com\/www.jazzzeitung.de\/cms\/wp-content\/uploads\/2014\/05\/massive_schraege_c_Petra-Basche_082.jpg?fit=400%2C600&#038;ssl=1\" src=\"https:\/\/i0.wp.com\/www.jazzzeitung.de\/cms\/wp-content\/uploads\/2014\/05\/massive_schraege_c_Petra-Basche_082.jpg?w=478&#038;h=716&#038;ssl=1\" srcset=\"https:\/\/i0.wp.com\/www.jazzzeitung.de\/cms\/wp-content\/uploads\/2014\/05\/massive_schraege_c_Petra-Basche_082.jpg?w=534&amp;ssl=1 534w, https:\/\/i0.wp.com\/www.jazzzeitung.de\/cms\/wp-content\/uploads\/2014\/05\/massive_schraege_c_Petra-Basche_082.jpg?resize=200%2C300&amp;ssl=1 200w, https:\/\/i0.wp.com\/www.jazzzeitung.de\/cms\/wp-content\/uploads\/2014\/05\/massive_schraege_c_Petra-Basche_082.jpg?resize=400%2C600&amp;ssl=1 400w\" width=\"478\" height=\"716\" loading=\"lazy\" data-original-width=\"478\" data-original-height=\"716\" itemprop=\"http:\/\/schema.org\/image\" title=\"Florian Fleischer. Massive Schr\u00e4ge. A-Trane. Foto: Petra Basche\" alt=\"Florian Fleischer. Massive Schr\u00e4ge. A-Trane. Foto: Petra Basche\" style=\"width: 478px; height: 716px;\" \/> <\/a> <div class=\"tiled-gallery-caption\" itemprop=\"caption description\"> Florian Fleischer. Massive Schr\u00e4ge. A-Trane. Foto: Petra Basche <\/div> <\/div> <\/div> <!-- close group --> <\/div> <!-- close row --> <div class=\"gallery-row\" style=\"width: 840px; height: 375px;\" data-original-width=\"840\" data-original-height=\"375\" > <div class=\"gallery-group images-1\" style=\"width: 561px; height: 375px;\" data-original-width=\"561\" data-original-height=\"375\" > <div class=\"tiled-gallery-item tiled-gallery-item-large\" itemprop=\"associatedMedia\" itemscope itemtype=\"http:\/\/schema.org\/ImageObject\"> <a href=\"https:\/\/i0.wp.com\/www.jazzzeitung.de\/cms\/wp-content\/uploads\/2014\/05\/massive_schraege_c_Petra-Basche_092.jpg?ssl=1\" border=\"0\" itemprop=\"url\"> <meta itemprop=\"width\" content=\"557\"> <meta itemprop=\"height\" content=\"371\"> <img decoding=\"async\" class=\"\" data-attachment-id=\"3953\" data-orig-file=\"https:\/\/www.jazzzeitung.de\/cms\/wp-content\/uploads\/2014\/05\/massive_schraege_c_Petra-Basche_092.jpg\" data-orig-size=\"1199,800\" data-comments-opened=\"1\" data-image-meta=\"{&quot;aperture&quot;:&quot;0&quot;,&quot;credit&quot;:&quot;&quot;,&quot;camera&quot;:&quot;&quot;,&quot;caption&quot;:&quot;&quot;,&quot;created_timestamp&quot;:&quot;0&quot;,&quot;copyright&quot;:&quot;&quot;,&quot;focal_length&quot;:&quot;0&quot;,&quot;iso&quot;:&quot;0&quot;,&quot;shutter_speed&quot;:&quot;0&quot;,&quot;title&quot;:&quot;&quot;}\" data-image-title=\"Johannes Ziemann. Massive Schr\u00e4ge im A-Trane. Foto: Petra Basche\" data-image-description=\"&lt;p&gt;Johannes Ziemann. Massive Schr\u00e4ge im A-Trane. Foto: Petra Basche&lt;\/p&gt; \" data-medium-file=\"https:\/\/i0.wp.com\/www.jazzzeitung.de\/cms\/wp-content\/uploads\/2014\/05\/massive_schraege_c_Petra-Basche_092.jpg?fit=300%2C200&#038;ssl=1\" data-large-file=\"https:\/\/i0.wp.com\/www.jazzzeitung.de\/cms\/wp-content\/uploads\/2014\/05\/massive_schraege_c_Petra-Basche_092.jpg?fit=840%2C560&#038;ssl=1\" src=\"https:\/\/i0.wp.com\/www.jazzzeitung.de\/cms\/wp-content\/uploads\/2014\/05\/massive_schraege_c_Petra-Basche_092.jpg?w=557&#038;h=371&#038;ssl=1\" srcset=\"https:\/\/i0.wp.com\/www.jazzzeitung.de\/cms\/wp-content\/uploads\/2014\/05\/massive_schraege_c_Petra-Basche_092.jpg?w=1199&amp;ssl=1 1199w, https:\/\/i0.wp.com\/www.jazzzeitung.de\/cms\/wp-content\/uploads\/2014\/05\/massive_schraege_c_Petra-Basche_092.jpg?resize=300%2C200&amp;ssl=1 300w, https:\/\/i0.wp.com\/www.jazzzeitung.de\/cms\/wp-content\/uploads\/2014\/05\/massive_schraege_c_Petra-Basche_092.jpg?resize=900%2C600&amp;ssl=1 900w\" width=\"557\" height=\"371\" loading=\"lazy\" data-original-width=\"557\" data-original-height=\"371\" itemprop=\"http:\/\/schema.org\/image\" title=\"Johannes Ziemann. Massive Schr\u00e4ge im A-Trane. Foto: Petra Basche\" alt=\"Johannes Ziemann. Massive Schr\u00e4ge im A-Trane. Foto: Petra Basche\" style=\"width: 557px; height: 371px;\" \/> <\/a> <div class=\"tiled-gallery-caption\" itemprop=\"caption description\"> Johannes Ziemann. Massive Schr\u00e4ge im A-Trane. Foto: Petra Basche <\/div> <\/div> <\/div> <!-- close group --> <div class=\"gallery-group images-2\" style=\"width: 279px; height: 375px;\" data-original-width=\"279\" data-original-height=\"375\" > <div class=\"tiled-gallery-item tiled-gallery-item-large\" itemprop=\"associatedMedia\" itemscope itemtype=\"http:\/\/schema.org\/ImageObject\"> <a href=\"https:\/\/i0.wp.com\/www.jazzzeitung.de\/cms\/wp-content\/uploads\/2014\/05\/massive_schraege_c_Petra-Basche_089.jpg?ssl=1\" border=\"0\" itemprop=\"url\"> <meta itemprop=\"width\" content=\"275\"> <meta itemprop=\"height\" content=\"184\"> <img decoding=\"async\" class=\"\" data-attachment-id=\"3952\" data-orig-file=\"https:\/\/www.jazzzeitung.de\/cms\/wp-content\/uploads\/2014\/05\/massive_schraege_c_Petra-Basche_089.jpg\" data-orig-size=\"1199,800\" data-comments-opened=\"1\" data-image-meta=\"{&quot;aperture&quot;:&quot;0&quot;,&quot;credit&quot;:&quot;&quot;,&quot;camera&quot;:&quot;&quot;,&quot;caption&quot;:&quot;&quot;,&quot;created_timestamp&quot;:&quot;0&quot;,&quot;copyright&quot;:&quot;&quot;,&quot;focal_length&quot;:&quot;0&quot;,&quot;iso&quot;:&quot;0&quot;,&quot;shutter_speed&quot;:&quot;0&quot;,&quot;title&quot;:&quot;&quot;}\" data-image-title=\"Johannes von Ballestrem. Massive Schr\u00e4ge im A-Trane. Foto: Petra Basche\" data-image-description=\"&lt;p&gt;Johannes von Ballestrem. Massive Schr\u00e4ge im A-Trane. Foto: Petra Basche&lt;\/p&gt; \" data-medium-file=\"https:\/\/i0.wp.com\/www.jazzzeitung.de\/cms\/wp-content\/uploads\/2014\/05\/massive_schraege_c_Petra-Basche_089.jpg?fit=300%2C200&#038;ssl=1\" data-large-file=\"https:\/\/i0.wp.com\/www.jazzzeitung.de\/cms\/wp-content\/uploads\/2014\/05\/massive_schraege_c_Petra-Basche_089.jpg?fit=840%2C560&#038;ssl=1\" src=\"https:\/\/i0.wp.com\/www.jazzzeitung.de\/cms\/wp-content\/uploads\/2014\/05\/massive_schraege_c_Petra-Basche_089.jpg?w=275&#038;h=184&#038;ssl=1\" srcset=\"https:\/\/i0.wp.com\/www.jazzzeitung.de\/cms\/wp-content\/uploads\/2014\/05\/massive_schraege_c_Petra-Basche_089.jpg?w=1199&amp;ssl=1 1199w, https:\/\/i0.wp.com\/www.jazzzeitung.de\/cms\/wp-content\/uploads\/2014\/05\/massive_schraege_c_Petra-Basche_089.jpg?resize=300%2C200&amp;ssl=1 300w, https:\/\/i0.wp.com\/www.jazzzeitung.de\/cms\/wp-content\/uploads\/2014\/05\/massive_schraege_c_Petra-Basche_089.jpg?resize=900%2C600&amp;ssl=1 900w\" width=\"275\" height=\"184\" loading=\"lazy\" data-original-width=\"275\" data-original-height=\"184\" itemprop=\"http:\/\/schema.org\/image\" title=\"Johannes von Ballestrem. Massive Schr\u00e4ge im A-Trane. Foto: Petra Basche\" alt=\"Johannes von Ballestrem. Massive Schr\u00e4ge im A-Trane. Foto: Petra Basche\" style=\"width: 275px; height: 184px;\" \/> <\/a> <div class=\"tiled-gallery-caption\" itemprop=\"caption description\"> Johannes von Ballestrem. Massive Schr\u00e4ge im A-Trane. Foto: Petra Basche <\/div> <\/div> <div class=\"tiled-gallery-item tiled-gallery-item-large\" itemprop=\"associatedMedia\" itemscope itemtype=\"http:\/\/schema.org\/ImageObject\"> <a href=\"https:\/\/i0.wp.com\/www.jazzzeitung.de\/cms\/wp-content\/uploads\/2014\/05\/massive_schraege_c_Petra_Basche_063.jpg?ssl=1\" border=\"0\" itemprop=\"url\"> <meta itemprop=\"width\" content=\"275\"> <meta itemprop=\"height\" content=\"183\"> <img decoding=\"async\" class=\"\" data-attachment-id=\"3945\" data-orig-file=\"https:\/\/www.jazzzeitung.de\/cms\/wp-content\/uploads\/2014\/05\/massive_schraege_c_Petra_Basche_063.jpg\" data-orig-size=\"1199,800\" data-comments-opened=\"1\" data-image-meta=\"{&quot;aperture&quot;:&quot;0&quot;,&quot;credit&quot;:&quot;&quot;,&quot;camera&quot;:&quot;&quot;,&quot;caption&quot;:&quot;&quot;,&quot;created_timestamp&quot;:&quot;0&quot;,&quot;copyright&quot;:&quot;&quot;,&quot;focal_length&quot;:&quot;0&quot;,&quot;iso&quot;:&quot;0&quot;,&quot;shutter_speed&quot;:&quot;0&quot;,&quot;title&quot;:&quot;&quot;}\" data-image-title=\"Massive Schr\u00e4ge im A-Trane. Foto: Petra Basche\" data-image-description=\"&lt;p&gt;Massive Schr\u00e4ge im A-Trane. Foto: Petra Basche&lt;\/p&gt; \" data-medium-file=\"https:\/\/i0.wp.com\/www.jazzzeitung.de\/cms\/wp-content\/uploads\/2014\/05\/massive_schraege_c_Petra_Basche_063.jpg?fit=300%2C200&#038;ssl=1\" data-large-file=\"https:\/\/i0.wp.com\/www.jazzzeitung.de\/cms\/wp-content\/uploads\/2014\/05\/massive_schraege_c_Petra_Basche_063.jpg?fit=840%2C560&#038;ssl=1\" src=\"https:\/\/i0.wp.com\/www.jazzzeitung.de\/cms\/wp-content\/uploads\/2014\/05\/massive_schraege_c_Petra_Basche_063.jpg?w=275&#038;h=183&#038;ssl=1\" srcset=\"https:\/\/i0.wp.com\/www.jazzzeitung.de\/cms\/wp-content\/uploads\/2014\/05\/massive_schraege_c_Petra_Basche_063.jpg?w=1199&amp;ssl=1 1199w, https:\/\/i0.wp.com\/www.jazzzeitung.de\/cms\/wp-content\/uploads\/2014\/05\/massive_schraege_c_Petra_Basche_063.jpg?resize=300%2C200&amp;ssl=1 300w, https:\/\/i0.wp.com\/www.jazzzeitung.de\/cms\/wp-content\/uploads\/2014\/05\/massive_schraege_c_Petra_Basche_063.jpg?resize=900%2C600&amp;ssl=1 900w\" width=\"275\" height=\"183\" loading=\"lazy\" data-original-width=\"275\" data-original-height=\"183\" itemprop=\"http:\/\/schema.org\/image\" title=\"Massive Schr\u00e4ge im A-Trane. Foto: Petra Basche\" alt=\"Massive Schr\u00e4ge im A-Trane. Foto: Petra Basche\" style=\"width: 275px; height: 183px;\" \/> <\/a> <div class=\"tiled-gallery-caption\" itemprop=\"caption description\"> Massive Schr\u00e4ge im A-Trane. Foto: Petra Basche <\/div> <\/div> <\/div> <!-- close group --> <\/div> <!-- close row --> <div class=\"gallery-row\" style=\"width: 840px; height: 141px;\" data-original-width=\"840\" data-original-height=\"141\" > <div class=\"gallery-group images-1\" style=\"width: 210px; height: 141px;\" data-original-width=\"210\" data-original-height=\"141\" > <div class=\"tiled-gallery-item tiled-gallery-item-small\" itemprop=\"associatedMedia\" itemscope itemtype=\"http:\/\/schema.org\/ImageObject\"> <a href=\"https:\/\/i0.wp.com\/www.jazzzeitung.de\/cms\/wp-content\/uploads\/2014\/05\/massive_schraege_c_Petra_Basche_073.jpg?ssl=1\" border=\"0\" itemprop=\"url\"> <meta itemprop=\"width\" content=\"206\"> <meta itemprop=\"height\" content=\"137\"> <img decoding=\"async\" class=\"\" data-attachment-id=\"3946\" data-orig-file=\"https:\/\/www.jazzzeitung.de\/cms\/wp-content\/uploads\/2014\/05\/massive_schraege_c_Petra_Basche_073.jpg\" data-orig-size=\"1199,800\" data-comments-opened=\"1\" data-image-meta=\"{&quot;aperture&quot;:&quot;0&quot;,&quot;credit&quot;:&quot;&quot;,&quot;camera&quot;:&quot;&quot;,&quot;caption&quot;:&quot;&quot;,&quot;created_timestamp&quot;:&quot;0&quot;,&quot;copyright&quot;:&quot;&quot;,&quot;focal_length&quot;:&quot;0&quot;,&quot;iso&quot;:&quot;0&quot;,&quot;shutter_speed&quot;:&quot;0&quot;,&quot;title&quot;:&quot;&quot;}\" data-image-title=\"Massive Schr\u00e4ge im A-Trane. Foto: Petra Basche\" data-image-description=\"&lt;p&gt;Massive Schr\u00e4ge im A-Trane. Foto: Petra Basche&lt;\/p&gt; \" data-medium-file=\"https:\/\/i0.wp.com\/www.jazzzeitung.de\/cms\/wp-content\/uploads\/2014\/05\/massive_schraege_c_Petra_Basche_073.jpg?fit=300%2C200&#038;ssl=1\" data-large-file=\"https:\/\/i0.wp.com\/www.jazzzeitung.de\/cms\/wp-content\/uploads\/2014\/05\/massive_schraege_c_Petra_Basche_073.jpg?fit=840%2C560&#038;ssl=1\" src=\"https:\/\/i0.wp.com\/www.jazzzeitung.de\/cms\/wp-content\/uploads\/2014\/05\/massive_schraege_c_Petra_Basche_073.jpg?w=206&#038;h=137&#038;ssl=1\" srcset=\"https:\/\/i0.wp.com\/www.jazzzeitung.de\/cms\/wp-content\/uploads\/2014\/05\/massive_schraege_c_Petra_Basche_073.jpg?w=1199&amp;ssl=1 1199w, https:\/\/i0.wp.com\/www.jazzzeitung.de\/cms\/wp-content\/uploads\/2014\/05\/massive_schraege_c_Petra_Basche_073.jpg?resize=300%2C200&amp;ssl=1 300w, https:\/\/i0.wp.com\/www.jazzzeitung.de\/cms\/wp-content\/uploads\/2014\/05\/massive_schraege_c_Petra_Basche_073.jpg?resize=900%2C600&amp;ssl=1 900w\" width=\"206\" height=\"137\" loading=\"lazy\" data-original-width=\"206\" data-original-height=\"137\" itemprop=\"http:\/\/schema.org\/image\" title=\"Massive Schr\u00e4ge im A-Trane. Foto: Petra Basche\" alt=\"Massive Schr\u00e4ge im A-Trane. Foto: Petra Basche\" style=\"width: 206px; height: 137px;\" \/> <\/a> <div class=\"tiled-gallery-caption\" itemprop=\"caption description\"> Massive Schr\u00e4ge im A-Trane. Foto: Petra Basche <\/div> <\/div> <\/div> <!-- close group --> <div class=\"gallery-group images-1\" style=\"width: 210px; height: 141px;\" data-original-width=\"210\" data-original-height=\"141\" > <div class=\"tiled-gallery-item tiled-gallery-item-small\" itemprop=\"associatedMedia\" itemscope itemtype=\"http:\/\/schema.org\/ImageObject\"> <a href=\"https:\/\/i0.wp.com\/www.jazzzeitung.de\/cms\/wp-content\/uploads\/2014\/05\/massive_schraege_c_Petra_Basche_079.jpg?ssl=1\" border=\"0\" itemprop=\"url\"> <meta itemprop=\"width\" content=\"206\"> <meta itemprop=\"height\" content=\"137\"> <img decoding=\"async\" class=\"\" data-attachment-id=\"3949\" data-orig-file=\"https:\/\/www.jazzzeitung.de\/cms\/wp-content\/uploads\/2014\/05\/massive_schraege_c_Petra_Basche_079.jpg\" data-orig-size=\"1199,800\" data-comments-opened=\"1\" data-image-meta=\"{&quot;aperture&quot;:&quot;0&quot;,&quot;credit&quot;:&quot;&quot;,&quot;camera&quot;:&quot;&quot;,&quot;caption&quot;:&quot;&quot;,&quot;created_timestamp&quot;:&quot;0&quot;,&quot;copyright&quot;:&quot;&quot;,&quot;focal_length&quot;:&quot;0&quot;,&quot;iso&quot;:&quot;0&quot;,&quot;shutter_speed&quot;:&quot;0&quot;,&quot;title&quot;:&quot;&quot;}\" data-image-title=\"Johannes von Ballestrem. Massive Schr\u00e4ge im A-Trane. Foto: Petra Basche\" data-image-description=\"&lt;p&gt;Johannes von Ballestrem. Massive Schr\u00e4ge im A-Trane. Foto: Petra Basche&lt;\/p&gt; \" data-medium-file=\"https:\/\/i0.wp.com\/www.jazzzeitung.de\/cms\/wp-content\/uploads\/2014\/05\/massive_schraege_c_Petra_Basche_079.jpg?fit=300%2C200&#038;ssl=1\" data-large-file=\"https:\/\/i0.wp.com\/www.jazzzeitung.de\/cms\/wp-content\/uploads\/2014\/05\/massive_schraege_c_Petra_Basche_079.jpg?fit=840%2C560&#038;ssl=1\" src=\"https:\/\/i0.wp.com\/www.jazzzeitung.de\/cms\/wp-content\/uploads\/2014\/05\/massive_schraege_c_Petra_Basche_079.jpg?w=206&#038;h=137&#038;ssl=1\" srcset=\"https:\/\/i0.wp.com\/www.jazzzeitung.de\/cms\/wp-content\/uploads\/2014\/05\/massive_schraege_c_Petra_Basche_079.jpg?w=1199&amp;ssl=1 1199w, https:\/\/i0.wp.com\/www.jazzzeitung.de\/cms\/wp-content\/uploads\/2014\/05\/massive_schraege_c_Petra_Basche_079.jpg?resize=300%2C200&amp;ssl=1 300w, https:\/\/i0.wp.com\/www.jazzzeitung.de\/cms\/wp-content\/uploads\/2014\/05\/massive_schraege_c_Petra_Basche_079.jpg?resize=900%2C600&amp;ssl=1 900w\" width=\"206\" height=\"137\" loading=\"lazy\" data-original-width=\"206\" data-original-height=\"137\" itemprop=\"http:\/\/schema.org\/image\" title=\"Johannes von Ballestrem. Massive Schr\u00e4ge im A-Trane. Foto: Petra Basche\" alt=\"Johannes von Ballestrem. Massive Schr\u00e4ge im A-Trane. Foto: Petra Basche\" style=\"width: 206px; height: 137px;\" \/> <\/a> <div class=\"tiled-gallery-caption\" itemprop=\"caption description\"> Johannes von Ballestrem. Massive Schr\u00e4ge im A-Trane. Foto: Petra Basche <\/div> <\/div> <\/div> <!-- close group --> <div class=\"gallery-group images-1\" style=\"width: 210px; height: 141px;\" data-original-width=\"210\" data-original-height=\"141\" > <div class=\"tiled-gallery-item tiled-gallery-item-small\" itemprop=\"associatedMedia\" itemscope itemtype=\"http:\/\/schema.org\/ImageObject\"> <a href=\"https:\/\/i0.wp.com\/www.jazzzeitung.de\/cms\/wp-content\/uploads\/2014\/05\/massive_schraege_c_Petra_Basche_077.jpg?ssl=1\" border=\"0\" itemprop=\"url\"> <meta itemprop=\"width\" content=\"206\"> <meta itemprop=\"height\" content=\"137\"> <img decoding=\"async\" class=\"\" data-attachment-id=\"3948\" data-orig-file=\"https:\/\/www.jazzzeitung.de\/cms\/wp-content\/uploads\/2014\/05\/massive_schraege_c_Petra_Basche_077.jpg\" data-orig-size=\"1199,800\" data-comments-opened=\"1\" data-image-meta=\"{&quot;aperture&quot;:&quot;0&quot;,&quot;credit&quot;:&quot;&quot;,&quot;camera&quot;:&quot;&quot;,&quot;caption&quot;:&quot;&quot;,&quot;created_timestamp&quot;:&quot;0&quot;,&quot;copyright&quot;:&quot;&quot;,&quot;focal_length&quot;:&quot;0&quot;,&quot;iso&quot;:&quot;0&quot;,&quot;shutter_speed&quot;:&quot;0&quot;,&quot;title&quot;:&quot;&quot;}\" data-image-title=\"Johannes Ziemann und Johannes von Ballestrem. Massive Schr\u00e4ge im A-Trane. Foto: Petra Basche\" data-image-description=\"&lt;p&gt;Johannes Ziemann und Johannes von Ballestrem. Massive Schr\u00e4ge im A-Trane. Foto: Petra Basche&lt;\/p&gt; \" data-medium-file=\"https:\/\/i0.wp.com\/www.jazzzeitung.de\/cms\/wp-content\/uploads\/2014\/05\/massive_schraege_c_Petra_Basche_077.jpg?fit=300%2C200&#038;ssl=1\" data-large-file=\"https:\/\/i0.wp.com\/www.jazzzeitung.de\/cms\/wp-content\/uploads\/2014\/05\/massive_schraege_c_Petra_Basche_077.jpg?fit=840%2C560&#038;ssl=1\" src=\"https:\/\/i0.wp.com\/www.jazzzeitung.de\/cms\/wp-content\/uploads\/2014\/05\/massive_schraege_c_Petra_Basche_077.jpg?w=206&#038;h=137&#038;ssl=1\" srcset=\"https:\/\/i0.wp.com\/www.jazzzeitung.de\/cms\/wp-content\/uploads\/2014\/05\/massive_schraege_c_Petra_Basche_077.jpg?w=1199&amp;ssl=1 1199w, https:\/\/i0.wp.com\/www.jazzzeitung.de\/cms\/wp-content\/uploads\/2014\/05\/massive_schraege_c_Petra_Basche_077.jpg?resize=300%2C200&amp;ssl=1 300w, https:\/\/i0.wp.com\/www.jazzzeitung.de\/cms\/wp-content\/uploads\/2014\/05\/massive_schraege_c_Petra_Basche_077.jpg?resize=900%2C600&amp;ssl=1 900w\" width=\"206\" height=\"137\" loading=\"lazy\" data-original-width=\"206\" data-original-height=\"137\" itemprop=\"http:\/\/schema.org\/image\" title=\"Johannes Ziemann und Johannes von Ballestrem. Massive Schr\u00e4ge im A-Trane. Foto: Petra Basche\" alt=\"Johannes Ziemann und Johannes von Ballestrem. Massive Schr\u00e4ge im A-Trane. Foto: Petra Basche\" style=\"width: 206px; height: 137px;\" \/> <\/a> <div class=\"tiled-gallery-caption\" itemprop=\"caption description\"> Johannes Ziemann und Johannes von Ballestrem. Massive Schr\u00e4ge im A-Trane. Foto: Petra Basche <\/div> <\/div> <\/div> <!-- close group --> <div class=\"gallery-group images-1\" style=\"width: 210px; height: 141px;\" data-original-width=\"210\" data-original-height=\"141\" > <div class=\"tiled-gallery-item tiled-gallery-item-small\" itemprop=\"associatedMedia\" itemscope itemtype=\"http:\/\/schema.org\/ImageObject\"> <a href=\"https:\/\/i0.wp.com\/www.jazzzeitung.de\/cms\/wp-content\/uploads\/2014\/05\/massive_schraege_c_Petra_Basche_001.jpg?ssl=1\" border=\"0\" itemprop=\"url\"> <meta itemprop=\"width\" content=\"206\"> <meta itemprop=\"height\" content=\"137\"> <img decoding=\"async\" class=\"\" data-attachment-id=\"3954\" data-orig-file=\"https:\/\/www.jazzzeitung.de\/cms\/wp-content\/uploads\/2014\/05\/massive_schraege_c_Petra_Basche_001.jpg\" data-orig-size=\"1199,800\" data-comments-opened=\"1\" data-image-meta=\"{&quot;aperture&quot;:&quot;0&quot;,&quot;credit&quot;:&quot;&quot;,&quot;camera&quot;:&quot;&quot;,&quot;caption&quot;:&quot;&quot;,&quot;created_timestamp&quot;:&quot;0&quot;,&quot;copyright&quot;:&quot;&quot;,&quot;focal_length&quot;:&quot;0&quot;,&quot;iso&quot;:&quot;0&quot;,&quot;shutter_speed&quot;:&quot;0&quot;,&quot;title&quot;:&quot;&quot;}\" data-image-title=\"Massive Schr\u00e4ge im A-Trane. Foto: Petra Basche\" data-image-description=\"&lt;p&gt;A-Trane. Foto: Petra Basche&lt;\/p&gt; \" data-medium-file=\"https:\/\/i0.wp.com\/www.jazzzeitung.de\/cms\/wp-content\/uploads\/2014\/05\/massive_schraege_c_Petra_Basche_001.jpg?fit=300%2C200&#038;ssl=1\" data-large-file=\"https:\/\/i0.wp.com\/www.jazzzeitung.de\/cms\/wp-content\/uploads\/2014\/05\/massive_schraege_c_Petra_Basche_001.jpg?fit=840%2C560&#038;ssl=1\" src=\"https:\/\/i0.wp.com\/www.jazzzeitung.de\/cms\/wp-content\/uploads\/2014\/05\/massive_schraege_c_Petra_Basche_001.jpg?w=206&#038;h=137&#038;ssl=1\" srcset=\"https:\/\/i0.wp.com\/www.jazzzeitung.de\/cms\/wp-content\/uploads\/2014\/05\/massive_schraege_c_Petra_Basche_001.jpg?w=1199&amp;ssl=1 1199w, https:\/\/i0.wp.com\/www.jazzzeitung.de\/cms\/wp-content\/uploads\/2014\/05\/massive_schraege_c_Petra_Basche_001.jpg?resize=300%2C200&amp;ssl=1 300w, https:\/\/i0.wp.com\/www.jazzzeitung.de\/cms\/wp-content\/uploads\/2014\/05\/massive_schraege_c_Petra_Basche_001.jpg?resize=900%2C600&amp;ssl=1 900w\" width=\"206\" height=\"137\" loading=\"lazy\" data-original-width=\"206\" data-original-height=\"137\" itemprop=\"http:\/\/schema.org\/image\" title=\"Massive Schr\u00e4ge im A-Trane. Foto: Petra Basche\" alt=\"A-Trane. Foto: Petra Basche\" style=\"width: 206px; height: 137px;\" \/> <\/a> <div class=\"tiled-gallery-caption\" itemprop=\"caption description\"> A-Trane. Foto: Petra Basche <\/div> <\/div> <\/div> <!-- close group --> <\/div> <!-- close row --> <\/div>\n<p>Ich sagte, die Musiker sind gekommen, uns zu wecken. Das ist nat\u00fcrlich falsch. Jede gute Musik wird einen aus dem dumpfen Bewusstsein herausziehen oder einen in der Zeit verschieben. Aber es gibt dann eben Bands wie \u201eMassive Schr\u00e4ge\u201c, die dies auf eine \u00fcberzeugende kompositorische und interpretierende Weise erreichen, dass einem die Puste wegbleibt. Live gehen manche Details zwar verloren, daf\u00fcr gewinnt der Auftritt durch manch epische Passage gewisserma\u00dfen Luft, die dann die H\u00f6rer augenblicklich mitzieht.<\/p>\n<p>Dazu ben\u00f6tigt man Musiker, die nicht mit ihrer Technik k\u00e4mpfen m\u00fcssen, sondern \u00fcber sie verf\u00fcgen k\u00f6nnen, wie der Bedarf es gerade fordert. \u201eMassive Schr\u00e4ge\u201c spielen wie ganz Gro\u00dfe, m\u00fcssen sich und ihrem Publikum nichts beweisen. Drei Jahre kontinuierliche Zusammenarbeit offenbaren so ihre Fr\u00fcchte. Eher w\u00e4re zu bef\u00fcrchten, dass das nun erreichte Niveau in Gewohnheit erlahmte und der vorl\u00e4ufige H\u00f6hepunkt ihres Kammerspiels ihre Zukunft sich im Wachschlaf unterforderte.<\/p>\n<ul>\n<li>Jetzt erschienen bei Mons records: <a title=\"CD bei Mons records\" href=\"http:\/\/www.monsrecords.de\/details.php?id=504&amp;navigation=Jazz\" target=\"_blank\">Massive Schr\u00e4ge: Vegas, Baby<\/a><\/li>\n<li><a title=\"Website Massive Schr\u00e4ge\" href=\"http:\/\/www.massiveschraege.de\/\" target=\"_blank\">http:\/\/www.massiveschraege.de\/<\/a><\/li>\n<\/ul>\n<p><iframe loading=\"lazy\" src=\"https:\/\/w.soundcloud.com\/player\/?url=https%3A\/\/api.soundcloud.com\/playlists\/24775881&amp;auto_play=false&amp;hide_related=false&amp;visual=true\" width=\"100%\" height=\"450\" frameborder=\"no\" scrolling=\"no\"><\/iframe><\/p>\n<div class=\"tiled-gallery type-rectangular tiled-gallery-unresized\" data-original-width=\"840\" data-carousel-extra='{&quot;blog_id&quot;:1,&quot;permalink&quot;:&quot;https:\\\/\\\/www.jazzzeitung.de\\\/cms\\\/2014\\\/05\\\/fast-ohne-e-massive-schraege-im-a-trane-fotos-und-bericht\\\/&quot;,&quot;likes_blog_id&quot;:55446655}' itemscope itemtype=\"http:\/\/schema.org\/ImageGallery\" > <div class=\"gallery-row\" style=\"width: 840px; height: 593px;\" data-original-width=\"840\" data-original-height=\"593\" > <div class=\"gallery-group images-2\" style=\"width: 394px; height: 593px;\" data-original-width=\"394\" data-original-height=\"593\" > <div class=\"tiled-gallery-item tiled-gallery-item-large\" itemprop=\"associatedMedia\" itemscope itemtype=\"http:\/\/schema.org\/ImageObject\"> <a href=\"https:\/\/i0.wp.com\/www.jazzzeitung.de\/cms\/wp-content\/uploads\/2014\/05\/massive-schraege-5220169.jpg?ssl=1\" border=\"0\" itemprop=\"url\"> <meta itemprop=\"width\" content=\"390\"> <meta itemprop=\"height\" content=\"293\"> <img decoding=\"async\" class=\"\" data-attachment-id=\"3963\" data-orig-file=\"https:\/\/www.jazzzeitung.de\/cms\/wp-content\/uploads\/2014\/05\/massive-schraege-5220169.jpg\" data-orig-size=\"1067,800\" data-comments-opened=\"1\" data-image-meta=\"{&quot;aperture&quot;:&quot;2.5&quot;,&quot;credit&quot;:&quot;Dr. Martin Hufner&quot;,&quot;camera&quot;:&quot;E-P5&quot;,&quot;caption&quot;:&quot;&quot;,&quot;created_timestamp&quot;:&quot;1400797218&quot;,&quot;copyright&quot;:&quot;Martin Hufner&quot;,&quot;focal_length&quot;:&quot;14&quot;,&quot;iso&quot;:&quot;3200&quot;,&quot;shutter_speed&quot;:&quot;0.016666666666667&quot;,&quot;title&quot;:&quot;Massive Schr\\u00e4ge im A-Trane in Berlin, am 22.5.2014.&quot;}\" data-image-title=\"Massive Schr\u00e4ge im A-Trane. Foto: Hufner\" data-image-description=\"&lt;p&gt;Massive Schr\u00e4ge im A-Trane in Berlin, am 22.5.2014.&lt;\/p&gt; \" data-medium-file=\"https:\/\/i0.wp.com\/www.jazzzeitung.de\/cms\/wp-content\/uploads\/2014\/05\/massive-schraege-5220169.jpg?fit=300%2C224&#038;ssl=1\" data-large-file=\"https:\/\/i0.wp.com\/www.jazzzeitung.de\/cms\/wp-content\/uploads\/2014\/05\/massive-schraege-5220169.jpg?fit=800%2C600&#038;ssl=1\" src=\"https:\/\/i0.wp.com\/www.jazzzeitung.de\/cms\/wp-content\/uploads\/2014\/05\/massive-schraege-5220169.jpg?w=390&#038;h=293&#038;ssl=1\" srcset=\"https:\/\/i0.wp.com\/www.jazzzeitung.de\/cms\/wp-content\/uploads\/2014\/05\/massive-schraege-5220169.jpg?w=1067&amp;ssl=1 1067w, https:\/\/i0.wp.com\/www.jazzzeitung.de\/cms\/wp-content\/uploads\/2014\/05\/massive-schraege-5220169.jpg?resize=300%2C224&amp;ssl=1 300w, https:\/\/i0.wp.com\/www.jazzzeitung.de\/cms\/wp-content\/uploads\/2014\/05\/massive-schraege-5220169.jpg?resize=800%2C600&amp;ssl=1 800w, https:\/\/i0.wp.com\/www.jazzzeitung.de\/cms\/wp-content\/uploads\/2014\/05\/massive-schraege-5220169.jpg?resize=900%2C674&amp;ssl=1 900w\" width=\"390\" height=\"293\" loading=\"lazy\" data-original-width=\"390\" data-original-height=\"293\" itemprop=\"http:\/\/schema.org\/image\" title=\"Massive Schr\u00e4ge im A-Trane. Foto: Hufner\" alt=\"Massive Schr\u00e4ge im A-Trane. Foto: Hufner\" style=\"width: 390px; height: 293px;\" \/> <\/a> <div class=\"tiled-gallery-caption\" itemprop=\"caption description\"> Massive Schr\u00e4ge im A-Trane. Foto: Hufner <\/div> <\/div> <div class=\"tiled-gallery-item tiled-gallery-item-large\" itemprop=\"associatedMedia\" itemscope itemtype=\"http:\/\/schema.org\/ImageObject\"> <a href=\"https:\/\/i0.wp.com\/www.jazzzeitung.de\/cms\/wp-content\/uploads\/2014\/05\/massive-schraege-5220249.jpg?ssl=1\" border=\"0\" itemprop=\"url\"> <meta itemprop=\"width\" content=\"390\"> <meta itemprop=\"height\" content=\"292\"> <img decoding=\"async\" class=\"\" data-attachment-id=\"3957\" data-orig-file=\"https:\/\/www.jazzzeitung.de\/cms\/wp-content\/uploads\/2014\/05\/massive-schraege-5220249.jpg\" data-orig-size=\"1067,800\" data-comments-opened=\"1\" data-image-meta=\"{&quot;aperture&quot;:&quot;2.8&quot;,&quot;credit&quot;:&quot;Dr. Martin Hufner&quot;,&quot;camera&quot;:&quot;E-P5&quot;,&quot;caption&quot;:&quot;&quot;,&quot;created_timestamp&quot;:&quot;1400800443&quot;,&quot;copyright&quot;:&quot;Martin Hufner&quot;,&quot;focal_length&quot;:&quot;60&quot;,&quot;iso&quot;:&quot;2500&quot;,&quot;shutter_speed&quot;:&quot;0.02&quot;,&quot;title&quot;:&quot;Massive Schr\\u00e4ge im A-Trane in Berlin, am 22.5.2014.&quot;}\" data-image-title=\"Massive Schr\u00e4ge im A-Trane in Berlin, am 22.5.2014.\" data-image-description=\"&lt;p&gt;Massive Schr\u00e4ge im A-Trane in Berlin, am 22.5.2014.&lt;\/p&gt; \" data-medium-file=\"https:\/\/i0.wp.com\/www.jazzzeitung.de\/cms\/wp-content\/uploads\/2014\/05\/massive-schraege-5220249.jpg?fit=300%2C224&#038;ssl=1\" data-large-file=\"https:\/\/i0.wp.com\/www.jazzzeitung.de\/cms\/wp-content\/uploads\/2014\/05\/massive-schraege-5220249.jpg?fit=800%2C600&#038;ssl=1\" src=\"https:\/\/i0.wp.com\/www.jazzzeitung.de\/cms\/wp-content\/uploads\/2014\/05\/massive-schraege-5220249.jpg?w=390&#038;h=292&#038;ssl=1\" srcset=\"https:\/\/i0.wp.com\/www.jazzzeitung.de\/cms\/wp-content\/uploads\/2014\/05\/massive-schraege-5220249.jpg?w=1067&amp;ssl=1 1067w, https:\/\/i0.wp.com\/www.jazzzeitung.de\/cms\/wp-content\/uploads\/2014\/05\/massive-schraege-5220249.jpg?resize=300%2C224&amp;ssl=1 300w, https:\/\/i0.wp.com\/www.jazzzeitung.de\/cms\/wp-content\/uploads\/2014\/05\/massive-schraege-5220249.jpg?resize=800%2C600&amp;ssl=1 800w, https:\/\/i0.wp.com\/www.jazzzeitung.de\/cms\/wp-content\/uploads\/2014\/05\/massive-schraege-5220249.jpg?resize=900%2C674&amp;ssl=1 900w\" width=\"390\" height=\"292\" loading=\"lazy\" data-original-width=\"390\" data-original-height=\"292\" itemprop=\"http:\/\/schema.org\/image\" title=\"Massive Schr\u00e4ge im A-Trane in Berlin, am 22.5.2014.\" alt=\"Massive Schr\u00e4ge im A-Trane in Berlin, am 22.5.2014.\" style=\"width: 390px; height: 292px;\" \/> <\/a> <\/div> <\/div> <!-- close group --> <div class=\"gallery-group images-1\" style=\"width: 446px; height: 593px;\" data-original-width=\"446\" data-original-height=\"593\" > <div class=\"tiled-gallery-item tiled-gallery-item-large\" itemprop=\"associatedMedia\" itemscope itemtype=\"http:\/\/schema.org\/ImageObject\"> <a href=\"https:\/\/i0.wp.com\/www.jazzzeitung.de\/cms\/wp-content\/uploads\/2014\/05\/massive-schraege-5220085.jpg?ssl=1\" border=\"0\" itemprop=\"url\"> <meta itemprop=\"width\" content=\"442\"> <meta itemprop=\"height\" content=\"589\"> <img decoding=\"async\" class=\"\" data-attachment-id=\"3958\" data-orig-file=\"https:\/\/www.jazzzeitung.de\/cms\/wp-content\/uploads\/2014\/05\/massive-schraege-5220085.jpg\" data-orig-size=\"600,800\" data-comments-opened=\"1\" data-image-meta=\"{&quot;aperture&quot;:&quot;2&quot;,&quot;credit&quot;:&quot;Dr. Martin Hufner&quot;,&quot;camera&quot;:&quot;E-P5&quot;,&quot;caption&quot;:&quot;&quot;,&quot;created_timestamp&quot;:&quot;1400793149&quot;,&quot;copyright&quot;:&quot;Martin Hufner&quot;,&quot;focal_length&quot;:&quot;17&quot;,&quot;iso&quot;:&quot;8000&quot;,&quot;shutter_speed&quot;:&quot;0.0125&quot;,&quot;title&quot;:&quot;Massive Schr\\u00e4ge im A-Trane in Berlin, am 22.5.2014.&quot;}\" data-image-title=\"Fotograf Hufner. Massive Schr\u00e4ge im A-Trane. Foto: Hufner\" data-image-description=\"&lt;p&gt;Massive Schr\u00e4ge im A-Trane in Berlin, am 22.5.2014.&lt;\/p&gt; \" data-medium-file=\"https:\/\/i0.wp.com\/www.jazzzeitung.de\/cms\/wp-content\/uploads\/2014\/05\/massive-schraege-5220085.jpg?fit=225%2C300&#038;ssl=1\" data-large-file=\"https:\/\/i0.wp.com\/www.jazzzeitung.de\/cms\/wp-content\/uploads\/2014\/05\/massive-schraege-5220085.jpg?fit=450%2C600&#038;ssl=1\" src=\"https:\/\/i0.wp.com\/www.jazzzeitung.de\/cms\/wp-content\/uploads\/2014\/05\/massive-schraege-5220085.jpg?w=442&#038;h=589&#038;ssl=1\" srcset=\"https:\/\/i0.wp.com\/www.jazzzeitung.de\/cms\/wp-content\/uploads\/2014\/05\/massive-schraege-5220085.jpg?w=600&amp;ssl=1 600w, https:\/\/i0.wp.com\/www.jazzzeitung.de\/cms\/wp-content\/uploads\/2014\/05\/massive-schraege-5220085.jpg?resize=225%2C300&amp;ssl=1 225w, https:\/\/i0.wp.com\/www.jazzzeitung.de\/cms\/wp-content\/uploads\/2014\/05\/massive-schraege-5220085.jpg?resize=450%2C600&amp;ssl=1 450w\" width=\"442\" height=\"589\" loading=\"lazy\" data-original-width=\"442\" data-original-height=\"589\" itemprop=\"http:\/\/schema.org\/image\" title=\"Fotograf Hufner. Massive Schr\u00e4ge im A-Trane. Foto: Hufner\" alt=\"Fotograf Hufner. Massive Schr\u00e4ge im A-Trane. Foto: Hufner\" style=\"width: 442px; height: 589px;\" \/> <\/a> <div class=\"tiled-gallery-caption\" itemprop=\"caption description\"> Fotograf Hufner. Massive Schr\u00e4ge im A-Trane. Foto: Hufner <\/div> <\/div> <\/div> <!-- close group --> <\/div> <!-- close row --> <div class=\"gallery-row\" style=\"width: 840px; height: 421px;\" data-original-width=\"840\" data-original-height=\"421\" > <div class=\"gallery-group images-1\" style=\"width: 560px; height: 421px;\" data-original-width=\"560\" data-original-height=\"421\" > <div class=\"tiled-gallery-item tiled-gallery-item-large\" itemprop=\"associatedMedia\" itemscope itemtype=\"http:\/\/schema.org\/ImageObject\"> <a href=\"https:\/\/i0.wp.com\/www.jazzzeitung.de\/cms\/wp-content\/uploads\/2014\/05\/massive-schraege-5220113.jpg?ssl=1\" border=\"0\" itemprop=\"url\"> <meta itemprop=\"width\" content=\"556\"> <meta itemprop=\"height\" content=\"417\"> <img decoding=\"async\" class=\"\" data-attachment-id=\"3959\" data-orig-file=\"https:\/\/www.jazzzeitung.de\/cms\/wp-content\/uploads\/2014\/05\/massive-schraege-5220113.jpg\" data-orig-size=\"1067,800\" data-comments-opened=\"1\" data-image-meta=\"{&quot;aperture&quot;:&quot;5.6&quot;,&quot;credit&quot;:&quot;Dr. Martin Hufner&quot;,&quot;camera&quot;:&quot;E-P5&quot;,&quot;caption&quot;:&quot;&quot;,&quot;created_timestamp&quot;:&quot;1400795152&quot;,&quot;copyright&quot;:&quot;Martin Hufner&quot;,&quot;focal_length&quot;:&quot;150&quot;,&quot;iso&quot;:&quot;8000&quot;,&quot;shutter_speed&quot;:&quot;0.025&quot;,&quot;title&quot;:&quot;Massive Schr\\u00e4ge im A-Trane in Berlin, am 22.5.2014.&quot;}\" data-image-title=\"Johannes von Ballestrem. Massive Schr\u00e4ge im A-Trane. Foto: Hufner\" data-image-description=\"&lt;p&gt;Massive Schr\u00e4ge im A-Trane in Berlin, am 22.5.2014.&lt;\/p&gt; \" data-medium-file=\"https:\/\/i0.wp.com\/www.jazzzeitung.de\/cms\/wp-content\/uploads\/2014\/05\/massive-schraege-5220113.jpg?fit=300%2C224&#038;ssl=1\" data-large-file=\"https:\/\/i0.wp.com\/www.jazzzeitung.de\/cms\/wp-content\/uploads\/2014\/05\/massive-schraege-5220113.jpg?fit=800%2C600&#038;ssl=1\" src=\"https:\/\/i0.wp.com\/www.jazzzeitung.de\/cms\/wp-content\/uploads\/2014\/05\/massive-schraege-5220113.jpg?w=556&#038;h=417&#038;ssl=1\" srcset=\"https:\/\/i0.wp.com\/www.jazzzeitung.de\/cms\/wp-content\/uploads\/2014\/05\/massive-schraege-5220113.jpg?w=1067&amp;ssl=1 1067w, https:\/\/i0.wp.com\/www.jazzzeitung.de\/cms\/wp-content\/uploads\/2014\/05\/massive-schraege-5220113.jpg?resize=300%2C224&amp;ssl=1 300w, https:\/\/i0.wp.com\/www.jazzzeitung.de\/cms\/wp-content\/uploads\/2014\/05\/massive-schraege-5220113.jpg?resize=800%2C600&amp;ssl=1 800w, https:\/\/i0.wp.com\/www.jazzzeitung.de\/cms\/wp-content\/uploads\/2014\/05\/massive-schraege-5220113.jpg?resize=900%2C674&amp;ssl=1 900w\" width=\"556\" height=\"417\" loading=\"lazy\" data-original-width=\"556\" data-original-height=\"417\" itemprop=\"http:\/\/schema.org\/image\" title=\"Johannes von Ballestrem. Massive Schr\u00e4ge im A-Trane. Foto: Hufner\" alt=\"Johannes von Ballestrem. Massive Schr\u00e4ge im A-Trane. Foto: Hufner\" style=\"width: 556px; height: 417px;\" \/> <\/a> <div class=\"tiled-gallery-caption\" itemprop=\"caption description\"> Johannes von Ballestrem. Massive Schr\u00e4ge im A-Trane. Foto: Hufner <\/div> <\/div> <\/div> <!-- close group --> <div class=\"gallery-group images-2\" style=\"width: 280px; height: 421px;\" data-original-width=\"280\" data-original-height=\"421\" > <div class=\"tiled-gallery-item tiled-gallery-item-large\" itemprop=\"associatedMedia\" itemscope itemtype=\"http:\/\/schema.org\/ImageObject\"> <a href=\"https:\/\/i0.wp.com\/www.jazzzeitung.de\/cms\/wp-content\/uploads\/2014\/05\/massive-schraege-5220134.jpg?ssl=1\" border=\"0\" itemprop=\"url\"> <meta itemprop=\"width\" content=\"276\"> <meta itemprop=\"height\" content=\"207\"> <img decoding=\"async\" class=\"\" data-attachment-id=\"3962\" data-orig-file=\"https:\/\/www.jazzzeitung.de\/cms\/wp-content\/uploads\/2014\/05\/massive-schraege-5220134.jpg\" data-orig-size=\"1067,800\" data-comments-opened=\"1\" data-image-meta=\"{&quot;aperture&quot;:&quot;0&quot;,&quot;credit&quot;:&quot;Dr. Martin Hufner&quot;,&quot;camera&quot;:&quot;E-P5&quot;,&quot;caption&quot;:&quot;&quot;,&quot;created_timestamp&quot;:&quot;1400795826&quot;,&quot;copyright&quot;:&quot;Martin Hufner&quot;,&quot;focal_length&quot;:&quot;0&quot;,&quot;iso&quot;:&quot;8000&quot;,&quot;shutter_speed&quot;:&quot;0.016666666666667&quot;,&quot;title&quot;:&quot;Massive Schr\\u00e4ge im A-Trane in Berlin, am 22.5.2014.&quot;}\" data-image-title=\"Massive Schr\u00e4ge im A-Trane. Foto: Hufner\" data-image-description=\"&lt;p&gt;Massive Schr\u00e4ge im A-Trane in Berlin, am 22.5.2014.&lt;\/p&gt; \" data-medium-file=\"https:\/\/i0.wp.com\/www.jazzzeitung.de\/cms\/wp-content\/uploads\/2014\/05\/massive-schraege-5220134.jpg?fit=300%2C224&#038;ssl=1\" data-large-file=\"https:\/\/i0.wp.com\/www.jazzzeitung.de\/cms\/wp-content\/uploads\/2014\/05\/massive-schraege-5220134.jpg?fit=800%2C600&#038;ssl=1\" src=\"https:\/\/i0.wp.com\/www.jazzzeitung.de\/cms\/wp-content\/uploads\/2014\/05\/massive-schraege-5220134.jpg?w=276&#038;h=207&#038;ssl=1\" srcset=\"https:\/\/i0.wp.com\/www.jazzzeitung.de\/cms\/wp-content\/uploads\/2014\/05\/massive-schraege-5220134.jpg?w=1067&amp;ssl=1 1067w, https:\/\/i0.wp.com\/www.jazzzeitung.de\/cms\/wp-content\/uploads\/2014\/05\/massive-schraege-5220134.jpg?resize=300%2C224&amp;ssl=1 300w, https:\/\/i0.wp.com\/www.jazzzeitung.de\/cms\/wp-content\/uploads\/2014\/05\/massive-schraege-5220134.jpg?resize=800%2C600&amp;ssl=1 800w, https:\/\/i0.wp.com\/www.jazzzeitung.de\/cms\/wp-content\/uploads\/2014\/05\/massive-schraege-5220134.jpg?resize=900%2C674&amp;ssl=1 900w\" width=\"276\" height=\"207\" loading=\"lazy\" data-original-width=\"276\" data-original-height=\"207\" itemprop=\"http:\/\/schema.org\/image\" title=\"Massive Schr\u00e4ge im A-Trane. Foto: Hufner\" alt=\"Massive Schr\u00e4ge im A-Trane. Foto: Hufner\" style=\"width: 276px; height: 207px;\" \/> <\/a> <div class=\"tiled-gallery-caption\" itemprop=\"caption description\"> Massive Schr\u00e4ge im A-Trane. Foto: Hufner <\/div> <\/div> <div class=\"tiled-gallery-item tiled-gallery-item-large\" itemprop=\"associatedMedia\" itemscope itemtype=\"http:\/\/schema.org\/ImageObject\"> <a href=\"https:\/\/i0.wp.com\/www.jazzzeitung.de\/cms\/wp-content\/uploads\/2014\/05\/massive-schraege-5220123.jpg?ssl=1\" border=\"0\" itemprop=\"url\"> <meta itemprop=\"width\" content=\"276\"> <meta itemprop=\"height\" content=\"206\"> <img decoding=\"async\" class=\"\" data-attachment-id=\"3960\" data-orig-file=\"https:\/\/www.jazzzeitung.de\/cms\/wp-content\/uploads\/2014\/05\/massive-schraege-5220123.jpg\" data-orig-size=\"1067,800\" data-comments-opened=\"1\" data-image-meta=\"{&quot;aperture&quot;:&quot;5&quot;,&quot;credit&quot;:&quot;Dr. Martin Hufner&quot;,&quot;camera&quot;:&quot;E-P5&quot;,&quot;caption&quot;:&quot;&quot;,&quot;created_timestamp&quot;:&quot;1400795336&quot;,&quot;copyright&quot;:&quot;Martin Hufner&quot;,&quot;focal_length&quot;:&quot;102&quot;,&quot;iso&quot;:&quot;8000&quot;,&quot;shutter_speed&quot;:&quot;0.01&quot;,&quot;title&quot;:&quot;Massive Schr\\u00e4ge im A-Trane in Berlin, am 22.5.2014.&quot;}\" data-image-title=\"Johannes von Ballestrem. Massive Schr\u00e4ge im A-Trane. Foto: Hufner\" data-image-description=\"&lt;p&gt;Massive Schr\u00e4ge im A-Trane in Berlin, am 22.5.2014.&lt;\/p&gt; \" data-medium-file=\"https:\/\/i0.wp.com\/www.jazzzeitung.de\/cms\/wp-content\/uploads\/2014\/05\/massive-schraege-5220123.jpg?fit=300%2C224&#038;ssl=1\" data-large-file=\"https:\/\/i0.wp.com\/www.jazzzeitung.de\/cms\/wp-content\/uploads\/2014\/05\/massive-schraege-5220123.jpg?fit=800%2C600&#038;ssl=1\" src=\"https:\/\/i0.wp.com\/www.jazzzeitung.de\/cms\/wp-content\/uploads\/2014\/05\/massive-schraege-5220123.jpg?w=276&#038;h=206&#038;ssl=1\" srcset=\"https:\/\/i0.wp.com\/www.jazzzeitung.de\/cms\/wp-content\/uploads\/2014\/05\/massive-schraege-5220123.jpg?w=1067&amp;ssl=1 1067w, https:\/\/i0.wp.com\/www.jazzzeitung.de\/cms\/wp-content\/uploads\/2014\/05\/massive-schraege-5220123.jpg?resize=300%2C224&amp;ssl=1 300w, https:\/\/i0.wp.com\/www.jazzzeitung.de\/cms\/wp-content\/uploads\/2014\/05\/massive-schraege-5220123.jpg?resize=800%2C600&amp;ssl=1 800w, https:\/\/i0.wp.com\/www.jazzzeitung.de\/cms\/wp-content\/uploads\/2014\/05\/massive-schraege-5220123.jpg?resize=900%2C674&amp;ssl=1 900w\" width=\"276\" height=\"206\" loading=\"lazy\" data-original-width=\"276\" data-original-height=\"206\" itemprop=\"http:\/\/schema.org\/image\" title=\"Johannes von Ballestrem. Massive Schr\u00e4ge im A-Trane. Foto: Hufner\" alt=\"Johannes von Ballestrem. Massive Schr\u00e4ge im A-Trane. Foto: Hufner\" style=\"width: 276px; height: 206px;\" \/> <\/a> <div class=\"tiled-gallery-caption\" itemprop=\"caption description\"> Johannes von Ballestrem. Massive Schr\u00e4ge im A-Trane. Foto: Hufner <\/div> <\/div> <\/div> <!-- close group --> <\/div> <!-- close row --> <div class=\"gallery-row\" style=\"width: 840px; height: 211px;\" data-original-width=\"840\" data-original-height=\"211\" > <div class=\"gallery-group images-1\" style=\"width: 280px; height: 211px;\" data-original-width=\"280\" data-original-height=\"211\" > <div class=\"tiled-gallery-item tiled-gallery-item-large\" itemprop=\"associatedMedia\" itemscope itemtype=\"http:\/\/schema.org\/ImageObject\"> <a href=\"https:\/\/i0.wp.com\/www.jazzzeitung.de\/cms\/wp-content\/uploads\/2014\/05\/massive-schraege-5220132.jpg?ssl=1\" border=\"0\" itemprop=\"url\"> <meta itemprop=\"width\" content=\"276\"> <meta itemprop=\"height\" content=\"207\"> <img decoding=\"async\" class=\"\" data-attachment-id=\"3961\" data-orig-file=\"https:\/\/www.jazzzeitung.de\/cms\/wp-content\/uploads\/2014\/05\/massive-schraege-5220132.jpg\" data-orig-size=\"1067,800\" data-comments-opened=\"1\" data-image-meta=\"{&quot;aperture&quot;:&quot;0&quot;,&quot;credit&quot;:&quot;Dr. Martin Hufner&quot;,&quot;camera&quot;:&quot;E-P5&quot;,&quot;caption&quot;:&quot;&quot;,&quot;created_timestamp&quot;:&quot;1400795687&quot;,&quot;copyright&quot;:&quot;Martin Hufner&quot;,&quot;focal_length&quot;:&quot;0&quot;,&quot;iso&quot;:&quot;8000&quot;,&quot;shutter_speed&quot;:&quot;0.0125&quot;,&quot;title&quot;:&quot;Massive Schr\\u00e4ge im A-Trane in Berlin, am 22.5.2014.&quot;}\" data-image-title=\"Massive Schr\u00e4ge im A-Trane. Foto: Hufner\" data-image-description=\"&lt;p&gt;Massive Schr\u00e4ge im A-Trane in Berlin, am 22.5.2014.&lt;\/p&gt; \" data-medium-file=\"https:\/\/i0.wp.com\/www.jazzzeitung.de\/cms\/wp-content\/uploads\/2014\/05\/massive-schraege-5220132.jpg?fit=300%2C224&#038;ssl=1\" data-large-file=\"https:\/\/i0.wp.com\/www.jazzzeitung.de\/cms\/wp-content\/uploads\/2014\/05\/massive-schraege-5220132.jpg?fit=800%2C600&#038;ssl=1\" src=\"https:\/\/i0.wp.com\/www.jazzzeitung.de\/cms\/wp-content\/uploads\/2014\/05\/massive-schraege-5220132.jpg?w=276&#038;h=207&#038;ssl=1\" srcset=\"https:\/\/i0.wp.com\/www.jazzzeitung.de\/cms\/wp-content\/uploads\/2014\/05\/massive-schraege-5220132.jpg?w=1067&amp;ssl=1 1067w, https:\/\/i0.wp.com\/www.jazzzeitung.de\/cms\/wp-content\/uploads\/2014\/05\/massive-schraege-5220132.jpg?resize=300%2C224&amp;ssl=1 300w, https:\/\/i0.wp.com\/www.jazzzeitung.de\/cms\/wp-content\/uploads\/2014\/05\/massive-schraege-5220132.jpg?resize=800%2C600&amp;ssl=1 800w, https:\/\/i0.wp.com\/www.jazzzeitung.de\/cms\/wp-content\/uploads\/2014\/05\/massive-schraege-5220132.jpg?resize=900%2C674&amp;ssl=1 900w\" width=\"276\" height=\"207\" loading=\"lazy\" data-original-width=\"276\" data-original-height=\"207\" itemprop=\"http:\/\/schema.org\/image\" title=\"Massive Schr\u00e4ge im A-Trane. Foto: Hufner\" alt=\"Massive Schr\u00e4ge im A-Trane. Foto: Hufner\" style=\"width: 276px; height: 207px;\" \/> <\/a> <div class=\"tiled-gallery-caption\" itemprop=\"caption description\"> Massive Schr\u00e4ge im A-Trane. Foto: Hufner <\/div> <\/div> <\/div> <!-- close group --> <div class=\"gallery-group images-1\" style=\"width: 280px; height: 211px;\" data-original-width=\"280\" data-original-height=\"211\" > <div class=\"tiled-gallery-item tiled-gallery-item-large\" itemprop=\"associatedMedia\" itemscope itemtype=\"http:\/\/schema.org\/ImageObject\"> <a href=\"https:\/\/i0.wp.com\/www.jazzzeitung.de\/cms\/wp-content\/uploads\/2014\/05\/massive-schraege-5220218.jpg?ssl=1\" border=\"0\" itemprop=\"url\"> <meta itemprop=\"width\" content=\"276\"> <meta itemprop=\"height\" content=\"207\"> <img decoding=\"async\" class=\"\" data-attachment-id=\"3966\" data-orig-file=\"https:\/\/www.jazzzeitung.de\/cms\/wp-content\/uploads\/2014\/05\/massive-schraege-5220218.jpg\" data-orig-size=\"1067,800\" data-comments-opened=\"1\" data-image-meta=\"{&quot;aperture&quot;:&quot;1.8&quot;,&quot;credit&quot;:&quot;Dr. Martin Hufner&quot;,&quot;camera&quot;:&quot;E-P5&quot;,&quot;caption&quot;:&quot;&quot;,&quot;created_timestamp&quot;:&quot;1400798011&quot;,&quot;copyright&quot;:&quot;Martin Hufner&quot;,&quot;focal_length&quot;:&quot;45&quot;,&quot;iso&quot;:&quot;640&quot;,&quot;shutter_speed&quot;:&quot;0.01&quot;,&quot;title&quot;:&quot;Massive Schr\\u00e4ge im A-Trane in Berlin, am 22.5.2014.&quot;}\" data-image-title=\"Florian Fleischer. Massive Schr\u00e4ge im A-Trane. Foto: Hufner\" data-image-description=\"&lt;p&gt;Massive Schr\u00e4ge im A-Trane in Berlin, am 22.5.2014.&lt;\/p&gt; \" data-medium-file=\"https:\/\/i0.wp.com\/www.jazzzeitung.de\/cms\/wp-content\/uploads\/2014\/05\/massive-schraege-5220218.jpg?fit=300%2C224&#038;ssl=1\" data-large-file=\"https:\/\/i0.wp.com\/www.jazzzeitung.de\/cms\/wp-content\/uploads\/2014\/05\/massive-schraege-5220218.jpg?fit=800%2C600&#038;ssl=1\" src=\"https:\/\/i0.wp.com\/www.jazzzeitung.de\/cms\/wp-content\/uploads\/2014\/05\/massive-schraege-5220218.jpg?w=276&#038;h=207&#038;ssl=1\" srcset=\"https:\/\/i0.wp.com\/www.jazzzeitung.de\/cms\/wp-content\/uploads\/2014\/05\/massive-schraege-5220218.jpg?w=1067&amp;ssl=1 1067w, https:\/\/i0.wp.com\/www.jazzzeitung.de\/cms\/wp-content\/uploads\/2014\/05\/massive-schraege-5220218.jpg?resize=300%2C224&amp;ssl=1 300w, https:\/\/i0.wp.com\/www.jazzzeitung.de\/cms\/wp-content\/uploads\/2014\/05\/massive-schraege-5220218.jpg?resize=800%2C600&amp;ssl=1 800w, https:\/\/i0.wp.com\/www.jazzzeitung.de\/cms\/wp-content\/uploads\/2014\/05\/massive-schraege-5220218.jpg?resize=900%2C674&amp;ssl=1 900w\" width=\"276\" height=\"207\" loading=\"lazy\" data-original-width=\"276\" data-original-height=\"207\" itemprop=\"http:\/\/schema.org\/image\" title=\"Florian Fleischer. Massive Schr\u00e4ge im A-Trane. Foto: Hufner\" alt=\"Florian Fleischer. Massive Schr\u00e4ge im A-Trane. Foto: Hufner\" style=\"width: 276px; height: 207px;\" \/> <\/a> <div class=\"tiled-gallery-caption\" itemprop=\"caption description\"> Florian Fleischer. Massive Schr\u00e4ge im A-Trane. Foto: Hufner <\/div> <\/div> <\/div> <!-- close group --> <div class=\"gallery-group images-1\" style=\"width: 280px; height: 211px;\" data-original-width=\"280\" data-original-height=\"211\" > <div class=\"tiled-gallery-item tiled-gallery-item-large\" itemprop=\"associatedMedia\" itemscope itemtype=\"http:\/\/schema.org\/ImageObject\"> <a href=\"https:\/\/i0.wp.com\/www.jazzzeitung.de\/cms\/wp-content\/uploads\/2014\/05\/massive-schraege-5220171.jpg?ssl=1\" border=\"0\" itemprop=\"url\"> <meta itemprop=\"width\" content=\"276\"> <meta itemprop=\"height\" content=\"207\"> <img decoding=\"async\" class=\"\" data-attachment-id=\"3964\" data-orig-file=\"https:\/\/www.jazzzeitung.de\/cms\/wp-content\/uploads\/2014\/05\/massive-schraege-5220171.jpg\" data-orig-size=\"1067,800\" data-comments-opened=\"1\" data-image-meta=\"{&quot;aperture&quot;:&quot;2.5&quot;,&quot;credit&quot;:&quot;Dr. Martin Hufner&quot;,&quot;camera&quot;:&quot;E-P5&quot;,&quot;caption&quot;:&quot;&quot;,&quot;created_timestamp&quot;:&quot;1400797322&quot;,&quot;copyright&quot;:&quot;Martin Hufner&quot;,&quot;focal_length&quot;:&quot;14&quot;,&quot;iso&quot;:&quot;6400&quot;,&quot;shutter_speed&quot;:&quot;0.016666666666667&quot;,&quot;title&quot;:&quot;Massive Schr\\u00e4ge im A-Trane in Berlin, am 22.5.2014.&quot;}\" data-image-title=\"Massive Schr\u00e4ge im A-Trane. Foto: Hufner\" data-image-description=\"&lt;p&gt;Massive Schr\u00e4ge im A-Trane in Berlin, am 22.5.2014.&lt;\/p&gt; \" data-medium-file=\"https:\/\/i0.wp.com\/www.jazzzeitung.de\/cms\/wp-content\/uploads\/2014\/05\/massive-schraege-5220171.jpg?fit=300%2C224&#038;ssl=1\" data-large-file=\"https:\/\/i0.wp.com\/www.jazzzeitung.de\/cms\/wp-content\/uploads\/2014\/05\/massive-schraege-5220171.jpg?fit=800%2C600&#038;ssl=1\" src=\"https:\/\/i0.wp.com\/www.jazzzeitung.de\/cms\/wp-content\/uploads\/2014\/05\/massive-schraege-5220171.jpg?w=276&#038;h=207&#038;ssl=1\" srcset=\"https:\/\/i0.wp.com\/www.jazzzeitung.de\/cms\/wp-content\/uploads\/2014\/05\/massive-schraege-5220171.jpg?w=1067&amp;ssl=1 1067w, https:\/\/i0.wp.com\/www.jazzzeitung.de\/cms\/wp-content\/uploads\/2014\/05\/massive-schraege-5220171.jpg?resize=300%2C224&amp;ssl=1 300w, https:\/\/i0.wp.com\/www.jazzzeitung.de\/cms\/wp-content\/uploads\/2014\/05\/massive-schraege-5220171.jpg?resize=800%2C600&amp;ssl=1 800w, https:\/\/i0.wp.com\/www.jazzzeitung.de\/cms\/wp-content\/uploads\/2014\/05\/massive-schraege-5220171.jpg?resize=900%2C674&amp;ssl=1 900w\" width=\"276\" height=\"207\" loading=\"lazy\" data-original-width=\"276\" data-original-height=\"207\" itemprop=\"http:\/\/schema.org\/image\" title=\"Massive Schr\u00e4ge im A-Trane. Foto: Hufner\" alt=\"Massive Schr\u00e4ge im A-Trane. Foto: Hufner\" style=\"width: 276px; height: 207px;\" \/> <\/a> <div class=\"tiled-gallery-caption\" itemprop=\"caption description\"> Massive Schr\u00e4ge im A-Trane. Foto: Hufner <\/div> <\/div> <\/div> <!-- close group --> <\/div> <!-- close row --> <div class=\"gallery-row\" style=\"width: 840px; height: 703px;\" data-original-width=\"840\" data-original-height=\"703\" > <div class=\"gallery-group images-3\" style=\"width: 311px; height: 703px;\" data-original-width=\"311\" data-original-height=\"703\" > <div class=\"tiled-gallery-item tiled-gallery-item-large\" itemprop=\"associatedMedia\" itemscope itemtype=\"http:\/\/schema.org\/ImageObject\"> <a href=\"https:\/\/i0.wp.com\/www.jazzzeitung.de\/cms\/wp-content\/uploads\/2014\/05\/massive-schraege-5220199.jpg?ssl=1\" border=\"0\" itemprop=\"url\"> <meta itemprop=\"width\" content=\"307\"> <meta itemprop=\"height\" content=\"231\"> <img decoding=\"async\" class=\"\" data-attachment-id=\"3965\" data-orig-file=\"https:\/\/www.jazzzeitung.de\/cms\/wp-content\/uploads\/2014\/05\/massive-schraege-5220199.jpg\" data-orig-size=\"1067,800\" data-comments-opened=\"1\" data-image-meta=\"{&quot;aperture&quot;:&quot;1.8&quot;,&quot;credit&quot;:&quot;Dr. Martin Hufner&quot;,&quot;camera&quot;:&quot;E-P5&quot;,&quot;caption&quot;:&quot;&quot;,&quot;created_timestamp&quot;:&quot;1400797814&quot;,&quot;copyright&quot;:&quot;Martin Hufner&quot;,&quot;focal_length&quot;:&quot;45&quot;,&quot;iso&quot;:&quot;1250&quot;,&quot;shutter_speed&quot;:&quot;0.016666666666667&quot;,&quot;title&quot;:&quot;Massive Schr\\u00e4ge im A-Trane in Berlin, am 22.5.2014.&quot;}\" data-image-title=\"Johannes Ziemann. Massive Schr\u00e4ge im A-Trane. Foto: Hufner\" data-image-description=\"&lt;p&gt;Massive Schr\u00e4ge im A-Trane in Berlin, am 22.5.2014.&lt;\/p&gt; \" data-medium-file=\"https:\/\/i0.wp.com\/www.jazzzeitung.de\/cms\/wp-content\/uploads\/2014\/05\/massive-schraege-5220199.jpg?fit=300%2C224&#038;ssl=1\" data-large-file=\"https:\/\/i0.wp.com\/www.jazzzeitung.de\/cms\/wp-content\/uploads\/2014\/05\/massive-schraege-5220199.jpg?fit=800%2C600&#038;ssl=1\" src=\"https:\/\/i0.wp.com\/www.jazzzeitung.de\/cms\/wp-content\/uploads\/2014\/05\/massive-schraege-5220199.jpg?w=307&#038;h=231&#038;ssl=1\" srcset=\"https:\/\/i0.wp.com\/www.jazzzeitung.de\/cms\/wp-content\/uploads\/2014\/05\/massive-schraege-5220199.jpg?w=1067&amp;ssl=1 1067w, https:\/\/i0.wp.com\/www.jazzzeitung.de\/cms\/wp-content\/uploads\/2014\/05\/massive-schraege-5220199.jpg?resize=800%2C600&amp;ssl=1 800w, https:\/\/i0.wp.com\/www.jazzzeitung.de\/cms\/wp-content\/uploads\/2014\/05\/massive-schraege-5220199.jpg?resize=900%2C674&amp;ssl=1 900w\" width=\"307\" height=\"231\" loading=\"lazy\" data-original-width=\"307\" data-original-height=\"231\" itemprop=\"http:\/\/schema.org\/image\" title=\"Johannes Ziemann. Massive Schr\u00e4ge im A-Trane. Foto: Hufner\" alt=\"Johannes Ziemann. Massive Schr\u00e4ge im A-Trane. Foto: Hufner\" style=\"width: 307px; height: 231px;\" \/> <\/a> <div class=\"tiled-gallery-caption\" itemprop=\"caption description\"> Johannes Ziemann. Massive Schr\u00e4ge im A-Trane. Foto: Hufner <\/div> <\/div> <div class=\"tiled-gallery-item tiled-gallery-item-large\" itemprop=\"associatedMedia\" itemscope itemtype=\"http:\/\/schema.org\/ImageObject\"> <a href=\"https:\/\/i0.wp.com\/www.jazzzeitung.de\/cms\/wp-content\/uploads\/2014\/05\/massive-schraege-5220219.jpg?ssl=1\" border=\"0\" itemprop=\"url\"> <meta itemprop=\"width\" content=\"307\"> <meta itemprop=\"height\" content=\"230\"> <img decoding=\"async\" class=\"\" data-attachment-id=\"3967\" data-orig-file=\"https:\/\/www.jazzzeitung.de\/cms\/wp-content\/uploads\/2014\/05\/massive-schraege-5220219.jpg\" data-orig-size=\"1067,800\" data-comments-opened=\"1\" data-image-meta=\"{&quot;aperture&quot;:&quot;1.8&quot;,&quot;credit&quot;:&quot;Dr. Martin Hufner&quot;,&quot;camera&quot;:&quot;E-P5&quot;,&quot;caption&quot;:&quot;&quot;,&quot;created_timestamp&quot;:&quot;1400798031&quot;,&quot;copyright&quot;:&quot;Martin Hufner&quot;,&quot;focal_length&quot;:&quot;45&quot;,&quot;iso&quot;:&quot;1000&quot;,&quot;shutter_speed&quot;:&quot;0.01&quot;,&quot;title&quot;:&quot;Massive Schr\\u00e4ge im A-Trane in Berlin, am 22.5.2014.&quot;}\" data-image-title=\"Florian Fleischer. Massive Schr\u00e4ge im A-Trane. Foto: Hufner\" data-image-description=\"&lt;p&gt;Massive Schr\u00e4ge im A-Trane in Berlin, am 22.5.2014.&lt;\/p&gt; \" data-medium-file=\"https:\/\/i0.wp.com\/www.jazzzeitung.de\/cms\/wp-content\/uploads\/2014\/05\/massive-schraege-5220219.jpg?fit=300%2C224&#038;ssl=1\" data-large-file=\"https:\/\/i0.wp.com\/www.jazzzeitung.de\/cms\/wp-content\/uploads\/2014\/05\/massive-schraege-5220219.jpg?fit=800%2C600&#038;ssl=1\" src=\"https:\/\/i0.wp.com\/www.jazzzeitung.de\/cms\/wp-content\/uploads\/2014\/05\/massive-schraege-5220219.jpg?w=307&#038;h=230&#038;ssl=1\" srcset=\"https:\/\/i0.wp.com\/www.jazzzeitung.de\/cms\/wp-content\/uploads\/2014\/05\/massive-schraege-5220219.jpg?w=1067&amp;ssl=1 1067w, https:\/\/i0.wp.com\/www.jazzzeitung.de\/cms\/wp-content\/uploads\/2014\/05\/massive-schraege-5220219.jpg?resize=300%2C224&amp;ssl=1 300w, https:\/\/i0.wp.com\/www.jazzzeitung.de\/cms\/wp-content\/uploads\/2014\/05\/massive-schraege-5220219.jpg?resize=800%2C600&amp;ssl=1 800w, https:\/\/i0.wp.com\/www.jazzzeitung.de\/cms\/wp-content\/uploads\/2014\/05\/massive-schraege-5220219.jpg?resize=900%2C674&amp;ssl=1 900w\" width=\"307\" height=\"230\" loading=\"lazy\" data-original-width=\"307\" data-original-height=\"230\" itemprop=\"http:\/\/schema.org\/image\" title=\"Florian Fleischer. Massive Schr\u00e4ge im A-Trane. Foto: Hufner\" alt=\"Florian Fleischer. Massive Schr\u00e4ge im A-Trane. Foto: Hufner\" style=\"width: 307px; height: 230px;\" \/> <\/a> <div class=\"tiled-gallery-caption\" itemprop=\"caption description\"> Florian Fleischer. Massive Schr\u00e4ge im A-Trane. Foto: Hufner <\/div> <\/div> <div class=\"tiled-gallery-item tiled-gallery-item-large\" itemprop=\"associatedMedia\" itemscope itemtype=\"http:\/\/schema.org\/ImageObject\"> <a href=\"https:\/\/i0.wp.com\/www.jazzzeitung.de\/cms\/wp-content\/uploads\/2014\/05\/massive-schraege-5220227.jpg?ssl=1\" border=\"0\" itemprop=\"url\"> <meta itemprop=\"width\" content=\"307\"> <meta itemprop=\"height\" content=\"230\"> <img decoding=\"async\" class=\"\" data-attachment-id=\"3970\" data-orig-file=\"https:\/\/www.jazzzeitung.de\/cms\/wp-content\/uploads\/2014\/05\/massive-schraege-5220227.jpg\" data-orig-size=\"1067,800\" data-comments-opened=\"1\" data-image-meta=\"{&quot;aperture&quot;:&quot;2.5&quot;,&quot;credit&quot;:&quot;Dr. Martin Hufner&quot;,&quot;camera&quot;:&quot;E-P5&quot;,&quot;caption&quot;:&quot;&quot;,&quot;created_timestamp&quot;:&quot;1400798335&quot;,&quot;copyright&quot;:&quot;Martin Hufner&quot;,&quot;focal_length&quot;:&quot;14&quot;,&quot;iso&quot;:&quot;2000&quot;,&quot;shutter_speed&quot;:&quot;0.016666666666667&quot;,&quot;title&quot;:&quot;Massive Schr\\u00e4ge im A-Trane in Berlin, am 22.5.2014.&quot;}\" data-image-title=\"Massive Schr\u00e4ge im A-Trane. Foto: Hufner\" data-image-description=\"&lt;p&gt;Massive Schr\u00e4ge im A-Trane in Berlin, am 22.5.2014.&lt;\/p&gt; \" data-medium-file=\"https:\/\/i0.wp.com\/www.jazzzeitung.de\/cms\/wp-content\/uploads\/2014\/05\/massive-schraege-5220227.jpg?fit=300%2C224&#038;ssl=1\" data-large-file=\"https:\/\/i0.wp.com\/www.jazzzeitung.de\/cms\/wp-content\/uploads\/2014\/05\/massive-schraege-5220227.jpg?fit=800%2C600&#038;ssl=1\" src=\"https:\/\/i0.wp.com\/www.jazzzeitung.de\/cms\/wp-content\/uploads\/2014\/05\/massive-schraege-5220227.jpg?w=307&#038;h=230&#038;ssl=1\" srcset=\"https:\/\/i0.wp.com\/www.jazzzeitung.de\/cms\/wp-content\/uploads\/2014\/05\/massive-schraege-5220227.jpg?w=1067&amp;ssl=1 1067w, https:\/\/i0.wp.com\/www.jazzzeitung.de\/cms\/wp-content\/uploads\/2014\/05\/massive-schraege-5220227.jpg?resize=300%2C224&amp;ssl=1 300w, https:\/\/i0.wp.com\/www.jazzzeitung.de\/cms\/wp-content\/uploads\/2014\/05\/massive-schraege-5220227.jpg?resize=800%2C600&amp;ssl=1 800w, https:\/\/i0.wp.com\/www.jazzzeitung.de\/cms\/wp-content\/uploads\/2014\/05\/massive-schraege-5220227.jpg?resize=900%2C674&amp;ssl=1 900w\" width=\"307\" height=\"230\" loading=\"lazy\" data-original-width=\"307\" data-original-height=\"230\" itemprop=\"http:\/\/schema.org\/image\" title=\"Massive Schr\u00e4ge im A-Trane. Foto: Hufner\" alt=\"Massive Schr\u00e4ge im A-Trane. Foto: Hufner\" style=\"width: 307px; height: 230px;\" \/> <\/a> <div class=\"tiled-gallery-caption\" itemprop=\"caption description\"> Massive Schr\u00e4ge im A-Trane. Foto: Hufner <\/div> <\/div> <\/div> <!-- close group --> <div class=\"gallery-group images-1\" style=\"width: 529px; height: 703px;\" data-original-width=\"529\" data-original-height=\"703\" > <div class=\"tiled-gallery-item tiled-gallery-item-large\" itemprop=\"associatedMedia\" itemscope itemtype=\"http:\/\/schema.org\/ImageObject\"> <a href=\"https:\/\/i0.wp.com\/www.jazzzeitung.de\/cms\/wp-content\/uploads\/2014\/05\/massive-schraege-5220220.jpg?ssl=1\" border=\"0\" itemprop=\"url\"> <meta itemprop=\"width\" content=\"525\"> <meta itemprop=\"height\" content=\"699\"> <img decoding=\"async\" class=\"\" data-attachment-id=\"3968\" data-orig-file=\"https:\/\/www.jazzzeitung.de\/cms\/wp-content\/uploads\/2014\/05\/massive-schraege-5220220.jpg\" data-orig-size=\"600,800\" data-comments-opened=\"1\" data-image-meta=\"{&quot;aperture&quot;:&quot;1.8&quot;,&quot;credit&quot;:&quot;Dr. Martin Hufner&quot;,&quot;camera&quot;:&quot;E-P5&quot;,&quot;caption&quot;:&quot;&quot;,&quot;created_timestamp&quot;:&quot;1400798123&quot;,&quot;copyright&quot;:&quot;Martin Hufner&quot;,&quot;focal_length&quot;:&quot;45&quot;,&quot;iso&quot;:&quot;640&quot;,&quot;shutter_speed&quot;:&quot;0.01&quot;,&quot;title&quot;:&quot;Massive Schr\\u00e4ge im A-Trane in Berlin, am 22.5.2014.&quot;}\" data-image-title=\"Florian Fleischer. Massive Schr\u00e4ge im A-Trane. Foto: Hufner\" data-image-description=\"&lt;p&gt;Massive Schr\u00e4ge im A-Trane in Berlin, am 22.5.2014.&lt;\/p&gt; \" data-medium-file=\"https:\/\/i0.wp.com\/www.jazzzeitung.de\/cms\/wp-content\/uploads\/2014\/05\/massive-schraege-5220220.jpg?fit=225%2C300&#038;ssl=1\" data-large-file=\"https:\/\/i0.wp.com\/www.jazzzeitung.de\/cms\/wp-content\/uploads\/2014\/05\/massive-schraege-5220220.jpg?fit=450%2C600&#038;ssl=1\" src=\"https:\/\/i0.wp.com\/www.jazzzeitung.de\/cms\/wp-content\/uploads\/2014\/05\/massive-schraege-5220220.jpg?w=525&#038;h=699&#038;ssl=1\" srcset=\"https:\/\/i0.wp.com\/www.jazzzeitung.de\/cms\/wp-content\/uploads\/2014\/05\/massive-schraege-5220220.jpg?w=600&amp;ssl=1 600w, https:\/\/i0.wp.com\/www.jazzzeitung.de\/cms\/wp-content\/uploads\/2014\/05\/massive-schraege-5220220.jpg?resize=225%2C300&amp;ssl=1 225w, https:\/\/i0.wp.com\/www.jazzzeitung.de\/cms\/wp-content\/uploads\/2014\/05\/massive-schraege-5220220.jpg?resize=450%2C600&amp;ssl=1 450w\" width=\"525\" height=\"699\" loading=\"lazy\" data-original-width=\"525\" data-original-height=\"699\" itemprop=\"http:\/\/schema.org\/image\" title=\"Florian Fleischer. Massive Schr\u00e4ge im A-Trane. Foto: Hufner\" alt=\"Florian Fleischer. Massive Schr\u00e4ge im A-Trane. Foto: Hufner\" style=\"width: 525px; height: 699px;\" \/> <\/a> <div class=\"tiled-gallery-caption\" itemprop=\"caption description\"> Florian Fleischer. Massive Schr\u00e4ge im A-Trane. Foto: Hufner <\/div> <\/div> <\/div> <!-- close group --> <\/div> <!-- close row --> <div class=\"gallery-row\" style=\"width: 840px; height: 316px;\" data-original-width=\"840\" data-original-height=\"316\" > <div class=\"gallery-group images-1\" style=\"width: 420px; height: 316px;\" data-original-width=\"420\" data-original-height=\"316\" > <div class=\"tiled-gallery-item tiled-gallery-item-large\" itemprop=\"associatedMedia\" itemscope itemtype=\"http:\/\/schema.org\/ImageObject\"> <a href=\"https:\/\/i0.wp.com\/www.jazzzeitung.de\/cms\/wp-content\/uploads\/2014\/05\/massive-schraege-5220222.jpg?ssl=1\" border=\"0\" itemprop=\"url\"> <meta itemprop=\"width\" content=\"416\"> <meta itemprop=\"height\" content=\"312\"> <img decoding=\"async\" class=\"\" data-attachment-id=\"3969\" data-orig-file=\"https:\/\/www.jazzzeitung.de\/cms\/wp-content\/uploads\/2014\/05\/massive-schraege-5220222.jpg\" data-orig-size=\"1067,800\" data-comments-opened=\"1\" data-image-meta=\"{&quot;aperture&quot;:&quot;1.8&quot;,&quot;credit&quot;:&quot;Dr. Martin Hufner&quot;,&quot;camera&quot;:&quot;E-P5&quot;,&quot;caption&quot;:&quot;&quot;,&quot;created_timestamp&quot;:&quot;1400798239&quot;,&quot;copyright&quot;:&quot;Martin Hufner&quot;,&quot;focal_length&quot;:&quot;45&quot;,&quot;iso&quot;:&quot;800&quot;,&quot;shutter_speed&quot;:&quot;0.01&quot;,&quot;title&quot;:&quot;Massive Schr\\u00e4ge im A-Trane in Berlin, am 22.5.2014.&quot;}\" data-image-title=\"Johannes von Ballestrem. Massive Schr\u00e4ge im A-Trane. Foto: Hufner\" data-image-description=\"&lt;p&gt;Massive Schr\u00e4ge im A-Trane in Berlin, am 22.5.2014.&lt;\/p&gt; \" data-medium-file=\"https:\/\/i0.wp.com\/www.jazzzeitung.de\/cms\/wp-content\/uploads\/2014\/05\/massive-schraege-5220222.jpg?fit=300%2C224&#038;ssl=1\" data-large-file=\"https:\/\/i0.wp.com\/www.jazzzeitung.de\/cms\/wp-content\/uploads\/2014\/05\/massive-schraege-5220222.jpg?fit=800%2C600&#038;ssl=1\" src=\"https:\/\/i0.wp.com\/www.jazzzeitung.de\/cms\/wp-content\/uploads\/2014\/05\/massive-schraege-5220222.jpg?w=416&#038;h=312&#038;ssl=1\" srcset=\"https:\/\/i0.wp.com\/www.jazzzeitung.de\/cms\/wp-content\/uploads\/2014\/05\/massive-schraege-5220222.jpg?w=1067&amp;ssl=1 1067w, https:\/\/i0.wp.com\/www.jazzzeitung.de\/cms\/wp-content\/uploads\/2014\/05\/massive-schraege-5220222.jpg?resize=300%2C224&amp;ssl=1 300w, https:\/\/i0.wp.com\/www.jazzzeitung.de\/cms\/wp-content\/uploads\/2014\/05\/massive-schraege-5220222.jpg?resize=800%2C600&amp;ssl=1 800w, https:\/\/i0.wp.com\/www.jazzzeitung.de\/cms\/wp-content\/uploads\/2014\/05\/massive-schraege-5220222.jpg?resize=900%2C674&amp;ssl=1 900w\" width=\"416\" height=\"312\" loading=\"lazy\" data-original-width=\"416\" data-original-height=\"312\" itemprop=\"http:\/\/schema.org\/image\" title=\"Johannes von Ballestrem. Massive Schr\u00e4ge im A-Trane. Foto: Hufner\" alt=\"Johannes von Ballestrem. Massive Schr\u00e4ge im A-Trane. Foto: Hufner\" style=\"width: 416px; height: 312px;\" \/> <\/a> <div class=\"tiled-gallery-caption\" itemprop=\"caption description\"> Johannes von Ballestrem. Massive Schr\u00e4ge im A-Trane. Foto: Hufner <\/div> <\/div> <\/div> <!-- close group --> <div class=\"gallery-group images-1\" style=\"width: 420px; height: 316px;\" data-original-width=\"420\" data-original-height=\"316\" > <div class=\"tiled-gallery-item tiled-gallery-item-large\" itemprop=\"associatedMedia\" itemscope itemtype=\"http:\/\/schema.org\/ImageObject\"> <a href=\"https:\/\/i0.wp.com\/www.jazzzeitung.de\/cms\/wp-content\/uploads\/2014\/05\/massive-schraege-5220245.jpg?ssl=1\" border=\"0\" itemprop=\"url\"> <meta itemprop=\"width\" content=\"416\"> <meta itemprop=\"height\" content=\"312\"> <img decoding=\"async\" class=\"\" data-attachment-id=\"3956\" data-orig-file=\"https:\/\/www.jazzzeitung.de\/cms\/wp-content\/uploads\/2014\/05\/massive-schraege-5220245.jpg\" data-orig-size=\"1067,800\" data-comments-opened=\"1\" data-image-meta=\"{&quot;aperture&quot;:&quot;2.8&quot;,&quot;credit&quot;:&quot;Dr. Martin Hufner&quot;,&quot;camera&quot;:&quot;E-P5&quot;,&quot;caption&quot;:&quot;&quot;,&quot;created_timestamp&quot;:&quot;1400800342&quot;,&quot;copyright&quot;:&quot;Martin Hufner&quot;,&quot;focal_length&quot;:&quot;60&quot;,&quot;iso&quot;:&quot;8000&quot;,&quot;shutter_speed&quot;:&quot;0.02&quot;,&quot;title&quot;:&quot;Massive Schr\\u00e4ge im A-Trane in Berlin, am 22.5.2014.&quot;}\" data-image-title=\"Johannes von Ballestrem. Massive Schr\u00e4ge im A-Trane. Foto: Hufner\" data-image-description=\"&lt;p&gt;Massive Schr\u00e4ge im A-Trane in Berlin, am 22.5.2014.&lt;\/p&gt; \" data-medium-file=\"https:\/\/i0.wp.com\/www.jazzzeitung.de\/cms\/wp-content\/uploads\/2014\/05\/massive-schraege-5220245.jpg?fit=300%2C224&#038;ssl=1\" data-large-file=\"https:\/\/i0.wp.com\/www.jazzzeitung.de\/cms\/wp-content\/uploads\/2014\/05\/massive-schraege-5220245.jpg?fit=800%2C600&#038;ssl=1\" src=\"https:\/\/i0.wp.com\/www.jazzzeitung.de\/cms\/wp-content\/uploads\/2014\/05\/massive-schraege-5220245.jpg?w=416&#038;h=312&#038;ssl=1\" srcset=\"https:\/\/i0.wp.com\/www.jazzzeitung.de\/cms\/wp-content\/uploads\/2014\/05\/massive-schraege-5220245.jpg?w=1067&amp;ssl=1 1067w, https:\/\/i0.wp.com\/www.jazzzeitung.de\/cms\/wp-content\/uploads\/2014\/05\/massive-schraege-5220245.jpg?resize=300%2C224&amp;ssl=1 300w, https:\/\/i0.wp.com\/www.jazzzeitung.de\/cms\/wp-content\/uploads\/2014\/05\/massive-schraege-5220245.jpg?resize=800%2C600&amp;ssl=1 800w, https:\/\/i0.wp.com\/www.jazzzeitung.de\/cms\/wp-content\/uploads\/2014\/05\/massive-schraege-5220245.jpg?resize=900%2C674&amp;ssl=1 900w\" width=\"416\" height=\"312\" loading=\"lazy\" data-original-width=\"416\" data-original-height=\"312\" itemprop=\"http:\/\/schema.org\/image\" title=\"Johannes von Ballestrem. Massive Schr\u00e4ge im A-Trane. Foto: Hufner\" alt=\"Johannes von Ballestrem. Massive Schr\u00e4ge im A-Trane. Foto: Hufner\" style=\"width: 416px; height: 312px;\" \/> <\/a> <div class=\"tiled-gallery-caption\" itemprop=\"caption description\"> Johannes von Ballestrem. Massive Schr\u00e4ge im A-Trane. Foto: Hufner <\/div> <\/div> <\/div> <!-- close group --> <\/div> <!-- close row --> <\/div>\n","protected":false},"excerpt":{"rendered":"<p>Die Schl\u00e4fer sind unter uns und wir selbst sind es, die da schlafen. \u201eMassive Schr\u00e4ge\u201c sind unsere Wecker und unsere musikalischen Tages- und Nachtbegleiter: Johannes von Ballestrem \u2013 p, rhodes, Florian Fleischer \u2013 git und Johannes Ziemann \u2013 dm. Gefunden haben sich die drei \u00fcbrigens in der Stadt, die f\u00fcr Klassizismus schlechthin steht: in Weimar. Dort trafen sie zusammen, alle zusammen Jazz studierend und jetzt v\u00f6llig unklassisch agierend. Jetzt leben oder studieren sie in Leipzig, Berlin und Hamburg. Die Besetzung ist nicht gerade eine der \u00fcblichen. Drei Rhythmusinstrumente nach dem erweiterten Curt Sachs. Aber diese Rubrizierung ist hinf\u00e4llig und nur arch\u00e4ologisch pr\u00e4zise: Gleichwohl handelt es sich um Melodie- und Harmonieinstrumente insgesamt und sowohl als auch: Ja, auch das Schlagzeug in den H\u00e4nden von Ziemann. Man darf der Spur des Rhythmus\u2018 aber durchaus folgen, die sich in den Kompositionen der drei Musiker \u00e4u\u00dfert. Da wird geschoben, verschoben, konterkariert \u2013 Pattpattettern is it. Die pattendernde Struktur ist dabei Substanz und Ergebnis in einem, wie in einem Blumen-Beet, aus dem heraus dann Pflanzenfragmente ragen und sich m\u00e4andernd entwickeln, Knospen aufgehen in erfrierend sch\u00f6nen Kl\u00e4ngen von Fleischers Gitarre, w\u00e4hrend &hellip;<\/p>\n","protected":false},"author":2,"featured_media":3931,"comment_status":"open","ping_status":"closed","sticky":false,"template":"","format":"standard","meta":{"_jetpack_memberships_contains_paid_content":false,"footnotes":"","jetpack_publicize_message":"","jetpack_publicize_feature_enabled":true,"jetpack_social_post_already_shared":false,"jetpack_social_options":{"image_generator_settings":{"template":"highway","default_image_id":0,"font":"","enabled":false},"version":2}},"categories":[82,652],"tags":[66,83,984,986,985,983],"coauthors":[680],"class_list":["post-3923","post","type-post","status-publish","format-standard","has-post-thumbnail","hentry","category-blog","category-galerie","tag-berlin","tag-blues","tag-florian-fleischer","tag-johannes-von-ballestrem","tag-johannes-ziemann","tag-massive-schraege"],"yoast_head":"<!-- This site is optimized with the Yoast SEO plugin v27.5 - https:\/\/yoast.com\/product\/yoast-seo-wordpress\/ -->\n<title>Fast ohne \u201ee\u201c \u2013 \u201eMassive Schr\u00e4ge\u201c im A-Trane (Fotos und Bericht) - JazzZeitung<\/title>\n<meta name=\"robots\" content=\"index, follow, max-snippet:-1, max-image-preview:large, max-video-preview:-1\" \/>\n<link rel=\"canonical\" href=\"https:\/\/www.jazzzeitung.de\/cms\/2014\/05\/fast-ohne-e-massive-schraege-im-a-trane-fotos-und-bericht\/\" \/>\n<meta property=\"og:locale\" content=\"de_DE\" \/>\n<meta property=\"og:type\" content=\"article\" \/>\n<meta property=\"og:title\" content=\"Fast ohne \u201ee\u201c \u2013 \u201eMassive Schr\u00e4ge\u201c im A-Trane (Fotos und Bericht) - JazzZeitung\" \/>\n<meta property=\"og:description\" content=\"Die Schl\u00e4fer sind unter uns und wir selbst sind es, die da schlafen. \u201eMassive Schr\u00e4ge\u201c sind unsere Wecker und unsere musikalischen Tages- und Nachtbegleiter: Johannes von Ballestrem \u2013 p, rhodes, Florian Fleischer \u2013 git und Johannes Ziemann \u2013 dm. Gefunden haben sich die drei \u00fcbrigens in der Stadt, die f\u00fcr Klassizismus schlechthin steht: in Weimar. Dort trafen sie zusammen, alle zusammen Jazz studierend und jetzt v\u00f6llig unklassisch agierend. Jetzt leben oder studieren sie in Leipzig, Berlin und Hamburg. Die Besetzung ist nicht gerade eine der \u00fcblichen. Drei Rhythmusinstrumente nach dem erweiterten Curt Sachs. Aber diese Rubrizierung ist hinf\u00e4llig und nur arch\u00e4ologisch pr\u00e4zise: Gleichwohl handelt es sich um Melodie- und Harmonieinstrumente insgesamt und sowohl als auch: Ja, auch das Schlagzeug in den H\u00e4nden von Ziemann. Man darf der Spur des Rhythmus\u2018 aber durchaus folgen, die sich in den Kompositionen der drei Musiker \u00e4u\u00dfert. Da wird geschoben, verschoben, konterkariert \u2013 Pattpattettern is it. Die pattendernde Struktur ist dabei Substanz und Ergebnis in einem, wie in einem Blumen-Beet, aus dem heraus dann Pflanzenfragmente ragen und sich m\u00e4andernd entwickeln, Knospen aufgehen in erfrierend sch\u00f6nen Kl\u00e4ngen von Fleischers Gitarre, w\u00e4hrend &hellip;\" \/>\n<meta property=\"og:url\" content=\"https:\/\/www.jazzzeitung.de\/cms\/2014\/05\/fast-ohne-e-massive-schraege-im-a-trane-fotos-und-bericht\/\" \/>\n<meta property=\"og:site_name\" content=\"JazzZeitung\" \/>\n<meta property=\"article:publisher\" content=\"https:\/\/www.facebook.com\/JazzZeitung\/\" \/>\n<meta property=\"article:author\" content=\"https:\/\/www.facebook.com\/hufner\" \/>\n<meta property=\"article:published_time\" content=\"2014-05-24T15:01:19+00:00\" \/>\n<meta property=\"article:modified_time\" content=\"2014-05-25T14:02:53+00:00\" \/>\n<meta property=\"og:image\" content=\"https:\/\/i0.wp.com\/www.jazzzeitung.de\/cms\/wp-content\/uploads\/2014\/05\/massive_schraege_c_Petra_Basche_013.jpg?fit=1199%2C800&ssl=1\" \/>\n\t<meta property=\"og:image:width\" content=\"1199\" \/>\n\t<meta property=\"og:image:height\" content=\"800\" \/>\n\t<meta property=\"og:image:type\" content=\"image\/jpeg\" \/>\n<meta name=\"author\" content=\"Huflaikhan\" \/>\n<script type=\"application\/ld+json\" class=\"yoast-schema-graph\">{\"@context\":\"https:\\\/\\\/schema.org\",\"@graph\":[{\"@type\":\"Article\",\"@id\":\"https:\\\/\\\/www.jazzzeitung.de\\\/cms\\\/2014\\\/05\\\/fast-ohne-e-massive-schraege-im-a-trane-fotos-und-bericht\\\/#article\",\"isPartOf\":{\"@id\":\"https:\\\/\\\/www.jazzzeitung.de\\\/cms\\\/2014\\\/05\\\/fast-ohne-e-massive-schraege-im-a-trane-fotos-und-bericht\\\/\"},\"author\":{\"name\":\"Huflaikhan\",\"@id\":\"https:\\\/\\\/www.jazzzeitung.de\\\/cms\\\/#\\\/schema\\\/person\\\/1ba404714b9455401502bc409a7df45e\"},\"headline\":\"Fast ohne \u201ee\u201c \u2013 \u201eMassive Schr\u00e4ge\u201c im A-Trane (Fotos und Bericht)\",\"datePublished\":\"2014-05-24T15:01:19+00:00\",\"dateModified\":\"2014-05-25T14:02:53+00:00\",\"mainEntityOfPage\":{\"@id\":\"https:\\\/\\\/www.jazzzeitung.de\\\/cms\\\/2014\\\/05\\\/fast-ohne-e-massive-schraege-im-a-trane-fotos-und-bericht\\\/\"},\"wordCount\":647,\"commentCount\":0,\"publisher\":{\"@id\":\"https:\\\/\\\/www.jazzzeitung.de\\\/cms\\\/#organization\"},\"image\":{\"@id\":\"https:\\\/\\\/www.jazzzeitung.de\\\/cms\\\/2014\\\/05\\\/fast-ohne-e-massive-schraege-im-a-trane-fotos-und-bericht\\\/#primaryimage\"},\"thumbnailUrl\":\"https:\\\/\\\/i0.wp.com\\\/www.jazzzeitung.de\\\/cms\\\/wp-content\\\/uploads\\\/2014\\\/05\\\/massive_schraege_c_Petra_Basche_013.jpg?fit=1199%2C800&ssl=1\",\"keywords\":[\"Berlin\",\"Blues\",\"Florian Fleischer\",\"Johannes von Ballestrem\",\"Johannes Ziemann\",\"Massive Schr\u00e4ge\"],\"articleSection\":[\"Blog\",\"Galerie\"],\"inLanguage\":\"de\",\"potentialAction\":[{\"@type\":\"CommentAction\",\"name\":\"Comment\",\"target\":[\"https:\\\/\\\/www.jazzzeitung.de\\\/cms\\\/2014\\\/05\\\/fast-ohne-e-massive-schraege-im-a-trane-fotos-und-bericht\\\/#respond\"]}]},{\"@type\":\"WebPage\",\"@id\":\"https:\\\/\\\/www.jazzzeitung.de\\\/cms\\\/2014\\\/05\\\/fast-ohne-e-massive-schraege-im-a-trane-fotos-und-bericht\\\/\",\"url\":\"https:\\\/\\\/www.jazzzeitung.de\\\/cms\\\/2014\\\/05\\\/fast-ohne-e-massive-schraege-im-a-trane-fotos-und-bericht\\\/\",\"name\":\"Fast ohne \u201ee\u201c \u2013 \u201eMassive Schr\u00e4ge\u201c im A-Trane (Fotos und Bericht) - JazzZeitung\",\"isPartOf\":{\"@id\":\"https:\\\/\\\/www.jazzzeitung.de\\\/cms\\\/#website\"},\"primaryImageOfPage\":{\"@id\":\"https:\\\/\\\/www.jazzzeitung.de\\\/cms\\\/2014\\\/05\\\/fast-ohne-e-massive-schraege-im-a-trane-fotos-und-bericht\\\/#primaryimage\"},\"image\":{\"@id\":\"https:\\\/\\\/www.jazzzeitung.de\\\/cms\\\/2014\\\/05\\\/fast-ohne-e-massive-schraege-im-a-trane-fotos-und-bericht\\\/#primaryimage\"},\"thumbnailUrl\":\"https:\\\/\\\/i0.wp.com\\\/www.jazzzeitung.de\\\/cms\\\/wp-content\\\/uploads\\\/2014\\\/05\\\/massive_schraege_c_Petra_Basche_013.jpg?fit=1199%2C800&ssl=1\",\"datePublished\":\"2014-05-24T15:01:19+00:00\",\"dateModified\":\"2014-05-25T14:02:53+00:00\",\"breadcrumb\":{\"@id\":\"https:\\\/\\\/www.jazzzeitung.de\\\/cms\\\/2014\\\/05\\\/fast-ohne-e-massive-schraege-im-a-trane-fotos-und-bericht\\\/#breadcrumb\"},\"inLanguage\":\"de\",\"potentialAction\":[{\"@type\":\"ReadAction\",\"target\":[\"https:\\\/\\\/www.jazzzeitung.de\\\/cms\\\/2014\\\/05\\\/fast-ohne-e-massive-schraege-im-a-trane-fotos-und-bericht\\\/\"]}]},{\"@type\":\"ImageObject\",\"inLanguage\":\"de\",\"@id\":\"https:\\\/\\\/www.jazzzeitung.de\\\/cms\\\/2014\\\/05\\\/fast-ohne-e-massive-schraege-im-a-trane-fotos-und-bericht\\\/#primaryimage\",\"url\":\"https:\\\/\\\/i0.wp.com\\\/www.jazzzeitung.de\\\/cms\\\/wp-content\\\/uploads\\\/2014\\\/05\\\/massive_schraege_c_Petra_Basche_013.jpg?fit=1199%2C800&ssl=1\",\"contentUrl\":\"https:\\\/\\\/i0.wp.com\\\/www.jazzzeitung.de\\\/cms\\\/wp-content\\\/uploads\\\/2014\\\/05\\\/massive_schraege_c_Petra_Basche_013.jpg?fit=1199%2C800&ssl=1\",\"width\":1199,\"height\":800,\"caption\":\"Massive Schr\u00e4ge im A-Trane. Foto: Petra Basche\"},{\"@type\":\"BreadcrumbList\",\"@id\":\"https:\\\/\\\/www.jazzzeitung.de\\\/cms\\\/2014\\\/05\\\/fast-ohne-e-massive-schraege-im-a-trane-fotos-und-bericht\\\/#breadcrumb\",\"itemListElement\":[{\"@type\":\"ListItem\",\"position\":1,\"name\":\"Startseite\",\"item\":\"https:\\\/\\\/www.jazzzeitung.de\\\/cms\\\/\"},{\"@type\":\"ListItem\",\"position\":2,\"name\":\"Fast ohne \u201ee\u201c \u2013 \u201eMassive Schr\u00e4ge\u201c im A-Trane (Fotos und Bericht)\"}]},{\"@type\":\"WebSite\",\"@id\":\"https:\\\/\\\/www.jazzzeitung.de\\\/cms\\\/#website\",\"url\":\"https:\\\/\\\/www.jazzzeitung.de\\\/cms\\\/\",\"name\":\"JazzZeitung\",\"description\":\"Jazz-News und Jazz-Kontroverses\",\"publisher\":{\"@id\":\"https:\\\/\\\/www.jazzzeitung.de\\\/cms\\\/#organization\"},\"potentialAction\":[{\"@type\":\"SearchAction\",\"target\":{\"@type\":\"EntryPoint\",\"urlTemplate\":\"https:\\\/\\\/www.jazzzeitung.de\\\/cms\\\/?s={search_term_string}\"},\"query-input\":{\"@type\":\"PropertyValueSpecification\",\"valueRequired\":true,\"valueName\":\"search_term_string\"}}],\"inLanguage\":\"de\"},{\"@type\":\"Organization\",\"@id\":\"https:\\\/\\\/www.jazzzeitung.de\\\/cms\\\/#organization\",\"name\":\"JazzZeitung online\",\"url\":\"https:\\\/\\\/www.jazzzeitung.de\\\/cms\\\/\",\"logo\":{\"@type\":\"ImageObject\",\"inLanguage\":\"de\",\"@id\":\"https:\\\/\\\/www.jazzzeitung.de\\\/cms\\\/#\\\/schema\\\/logo\\\/image\\\/\",\"url\":\"https:\\\/\\\/i0.wp.com\\\/www.jazzzeitung.de\\\/cms\\\/wp-content\\\/uploads\\\/2015\\\/08\\\/JAZZZEITUNGDE_Logo_Neu.png?fit=499%2C200&ssl=1\",\"contentUrl\":\"https:\\\/\\\/i0.wp.com\\\/www.jazzzeitung.de\\\/cms\\\/wp-content\\\/uploads\\\/2015\\\/08\\\/JAZZZEITUNGDE_Logo_Neu.png?fit=499%2C200&ssl=1\",\"width\":499,\"height\":200,\"caption\":\"JazzZeitung online\"},\"image\":{\"@id\":\"https:\\\/\\\/www.jazzzeitung.de\\\/cms\\\/#\\\/schema\\\/logo\\\/image\\\/\"},\"sameAs\":[\"https:\\\/\\\/www.facebook.com\\\/JazzZeitung\\\/\"]},{\"@type\":\"Person\",\"@id\":\"https:\\\/\\\/www.jazzzeitung.de\\\/cms\\\/#\\\/schema\\\/person\\\/1ba404714b9455401502bc409a7df45e\",\"name\":\"Huflaikhan\",\"image\":{\"@type\":\"ImageObject\",\"inLanguage\":\"de\",\"@id\":\"https:\\\/\\\/i0.wp.com\\\/www.jazzzeitung.de\\\/cms\\\/wp-content\\\/uploads\\\/2013\\\/11\\\/huf-06.jpg?resize=96%2C96&ssl=18afacd5aa7627f2840c013425f5a4164\",\"url\":\"https:\\\/\\\/i0.wp.com\\\/www.jazzzeitung.de\\\/cms\\\/wp-content\\\/uploads\\\/2013\\\/11\\\/huf-06.jpg?resize=96%2C96&ssl=1\",\"contentUrl\":\"https:\\\/\\\/i0.wp.com\\\/www.jazzzeitung.de\\\/cms\\\/wp-content\\\/uploads\\\/2013\\\/11\\\/huf-06.jpg?resize=96%2C96&ssl=1\",\"caption\":\"Huflaikhan\"},\"description\":\"Huflaikhan (aka Martin Hufner) hat Musikwissenschaft, Philosophie und Psychologie in Gie\u00dfen studiert und mit einer Arbeit \u00fcber Adorno und die Zw\u00f6lftontechnik promoviert. Seit 1995 ist er freiberuflich als Autor, Fotograf und Netzmacher unterwegs.\",\"sameAs\":[\"https:\\\/\\\/www.kritische-masse.de\\\/logbuch\",\"https:\\\/\\\/www.facebook.com\\\/hufner\"],\"url\":\"https:\\\/\\\/www.jazzzeitung.de\\\/cms\\\/author\\\/hufi\\\/\"}]}<\/script>\n<!-- \/ Yoast SEO plugin. -->","yoast_head_json":{"title":"Fast ohne \u201ee\u201c \u2013 \u201eMassive Schr\u00e4ge\u201c im A-Trane (Fotos und Bericht) - JazzZeitung","robots":{"index":"index","follow":"follow","max-snippet":"max-snippet:-1","max-image-preview":"max-image-preview:large","max-video-preview":"max-video-preview:-1"},"canonical":"https:\/\/www.jazzzeitung.de\/cms\/2014\/05\/fast-ohne-e-massive-schraege-im-a-trane-fotos-und-bericht\/","og_locale":"de_DE","og_type":"article","og_title":"Fast ohne \u201ee\u201c \u2013 \u201eMassive Schr\u00e4ge\u201c im A-Trane (Fotos und Bericht) - JazzZeitung","og_description":"Die Schl\u00e4fer sind unter uns und wir selbst sind es, die da schlafen. \u201eMassive Schr\u00e4ge\u201c sind unsere Wecker und unsere musikalischen Tages- und Nachtbegleiter: Johannes von Ballestrem \u2013 p, rhodes, Florian Fleischer \u2013 git und Johannes Ziemann \u2013 dm. Gefunden haben sich die drei \u00fcbrigens in der Stadt, die f\u00fcr Klassizismus schlechthin steht: in Weimar. Dort trafen sie zusammen, alle zusammen Jazz studierend und jetzt v\u00f6llig unklassisch agierend. Jetzt leben oder studieren sie in Leipzig, Berlin und Hamburg. Die Besetzung ist nicht gerade eine der \u00fcblichen. Drei Rhythmusinstrumente nach dem erweiterten Curt Sachs. Aber diese Rubrizierung ist hinf\u00e4llig und nur arch\u00e4ologisch pr\u00e4zise: Gleichwohl handelt es sich um Melodie- und Harmonieinstrumente insgesamt und sowohl als auch: Ja, auch das Schlagzeug in den H\u00e4nden von Ziemann. Man darf der Spur des Rhythmus\u2018 aber durchaus folgen, die sich in den Kompositionen der drei Musiker \u00e4u\u00dfert. Da wird geschoben, verschoben, konterkariert \u2013 Pattpattettern is it. Die pattendernde Struktur ist dabei Substanz und Ergebnis in einem, wie in einem Blumen-Beet, aus dem heraus dann Pflanzenfragmente ragen und sich m\u00e4andernd entwickeln, Knospen aufgehen in erfrierend sch\u00f6nen Kl\u00e4ngen von Fleischers Gitarre, w\u00e4hrend &hellip;","og_url":"https:\/\/www.jazzzeitung.de\/cms\/2014\/05\/fast-ohne-e-massive-schraege-im-a-trane-fotos-und-bericht\/","og_site_name":"JazzZeitung","article_publisher":"https:\/\/www.facebook.com\/JazzZeitung\/","article_author":"https:\/\/www.facebook.com\/hufner","article_published_time":"2014-05-24T15:01:19+00:00","article_modified_time":"2014-05-25T14:02:53+00:00","og_image":[{"width":1199,"height":800,"url":"https:\/\/i0.wp.com\/www.jazzzeitung.de\/cms\/wp-content\/uploads\/2014\/05\/massive_schraege_c_Petra_Basche_013.jpg?fit=1199%2C800&ssl=1","type":"image\/jpeg"}],"author":"Huflaikhan","schema":{"@context":"https:\/\/schema.org","@graph":[{"@type":"Article","@id":"https:\/\/www.jazzzeitung.de\/cms\/2014\/05\/fast-ohne-e-massive-schraege-im-a-trane-fotos-und-bericht\/#article","isPartOf":{"@id":"https:\/\/www.jazzzeitung.de\/cms\/2014\/05\/fast-ohne-e-massive-schraege-im-a-trane-fotos-und-bericht\/"},"author":{"name":"Huflaikhan","@id":"https:\/\/www.jazzzeitung.de\/cms\/#\/schema\/person\/1ba404714b9455401502bc409a7df45e"},"headline":"Fast ohne \u201ee\u201c \u2013 \u201eMassive Schr\u00e4ge\u201c im A-Trane (Fotos und Bericht)","datePublished":"2014-05-24T15:01:19+00:00","dateModified":"2014-05-25T14:02:53+00:00","mainEntityOfPage":{"@id":"https:\/\/www.jazzzeitung.de\/cms\/2014\/05\/fast-ohne-e-massive-schraege-im-a-trane-fotos-und-bericht\/"},"wordCount":647,"commentCount":0,"publisher":{"@id":"https:\/\/www.jazzzeitung.de\/cms\/#organization"},"image":{"@id":"https:\/\/www.jazzzeitung.de\/cms\/2014\/05\/fast-ohne-e-massive-schraege-im-a-trane-fotos-und-bericht\/#primaryimage"},"thumbnailUrl":"https:\/\/i0.wp.com\/www.jazzzeitung.de\/cms\/wp-content\/uploads\/2014\/05\/massive_schraege_c_Petra_Basche_013.jpg?fit=1199%2C800&ssl=1","keywords":["Berlin","Blues","Florian Fleischer","Johannes von Ballestrem","Johannes Ziemann","Massive Schr\u00e4ge"],"articleSection":["Blog","Galerie"],"inLanguage":"de","potentialAction":[{"@type":"CommentAction","name":"Comment","target":["https:\/\/www.jazzzeitung.de\/cms\/2014\/05\/fast-ohne-e-massive-schraege-im-a-trane-fotos-und-bericht\/#respond"]}]},{"@type":"WebPage","@id":"https:\/\/www.jazzzeitung.de\/cms\/2014\/05\/fast-ohne-e-massive-schraege-im-a-trane-fotos-und-bericht\/","url":"https:\/\/www.jazzzeitung.de\/cms\/2014\/05\/fast-ohne-e-massive-schraege-im-a-trane-fotos-und-bericht\/","name":"Fast ohne \u201ee\u201c \u2013 \u201eMassive Schr\u00e4ge\u201c im A-Trane (Fotos und Bericht) - JazzZeitung","isPartOf":{"@id":"https:\/\/www.jazzzeitung.de\/cms\/#website"},"primaryImageOfPage":{"@id":"https:\/\/www.jazzzeitung.de\/cms\/2014\/05\/fast-ohne-e-massive-schraege-im-a-trane-fotos-und-bericht\/#primaryimage"},"image":{"@id":"https:\/\/www.jazzzeitung.de\/cms\/2014\/05\/fast-ohne-e-massive-schraege-im-a-trane-fotos-und-bericht\/#primaryimage"},"thumbnailUrl":"https:\/\/i0.wp.com\/www.jazzzeitung.de\/cms\/wp-content\/uploads\/2014\/05\/massive_schraege_c_Petra_Basche_013.jpg?fit=1199%2C800&ssl=1","datePublished":"2014-05-24T15:01:19+00:00","dateModified":"2014-05-25T14:02:53+00:00","breadcrumb":{"@id":"https:\/\/www.jazzzeitung.de\/cms\/2014\/05\/fast-ohne-e-massive-schraege-im-a-trane-fotos-und-bericht\/#breadcrumb"},"inLanguage":"de","potentialAction":[{"@type":"ReadAction","target":["https:\/\/www.jazzzeitung.de\/cms\/2014\/05\/fast-ohne-e-massive-schraege-im-a-trane-fotos-und-bericht\/"]}]},{"@type":"ImageObject","inLanguage":"de","@id":"https:\/\/www.jazzzeitung.de\/cms\/2014\/05\/fast-ohne-e-massive-schraege-im-a-trane-fotos-und-bericht\/#primaryimage","url":"https:\/\/i0.wp.com\/www.jazzzeitung.de\/cms\/wp-content\/uploads\/2014\/05\/massive_schraege_c_Petra_Basche_013.jpg?fit=1199%2C800&ssl=1","contentUrl":"https:\/\/i0.wp.com\/www.jazzzeitung.de\/cms\/wp-content\/uploads\/2014\/05\/massive_schraege_c_Petra_Basche_013.jpg?fit=1199%2C800&ssl=1","width":1199,"height":800,"caption":"Massive Schr\u00e4ge im A-Trane. Foto: Petra Basche"},{"@type":"BreadcrumbList","@id":"https:\/\/www.jazzzeitung.de\/cms\/2014\/05\/fast-ohne-e-massive-schraege-im-a-trane-fotos-und-bericht\/#breadcrumb","itemListElement":[{"@type":"ListItem","position":1,"name":"Startseite","item":"https:\/\/www.jazzzeitung.de\/cms\/"},{"@type":"ListItem","position":2,"name":"Fast ohne \u201ee\u201c \u2013 \u201eMassive Schr\u00e4ge\u201c im A-Trane (Fotos und Bericht)"}]},{"@type":"WebSite","@id":"https:\/\/www.jazzzeitung.de\/cms\/#website","url":"https:\/\/www.jazzzeitung.de\/cms\/","name":"JazzZeitung","description":"Jazz-News und Jazz-Kontroverses","publisher":{"@id":"https:\/\/www.jazzzeitung.de\/cms\/#organization"},"potentialAction":[{"@type":"SearchAction","target":{"@type":"EntryPoint","urlTemplate":"https:\/\/www.jazzzeitung.de\/cms\/?s={search_term_string}"},"query-input":{"@type":"PropertyValueSpecification","valueRequired":true,"valueName":"search_term_string"}}],"inLanguage":"de"},{"@type":"Organization","@id":"https:\/\/www.jazzzeitung.de\/cms\/#organization","name":"JazzZeitung online","url":"https:\/\/www.jazzzeitung.de\/cms\/","logo":{"@type":"ImageObject","inLanguage":"de","@id":"https:\/\/www.jazzzeitung.de\/cms\/#\/schema\/logo\/image\/","url":"https:\/\/i0.wp.com\/www.jazzzeitung.de\/cms\/wp-content\/uploads\/2015\/08\/JAZZZEITUNGDE_Logo_Neu.png?fit=499%2C200&ssl=1","contentUrl":"https:\/\/i0.wp.com\/www.jazzzeitung.de\/cms\/wp-content\/uploads\/2015\/08\/JAZZZEITUNGDE_Logo_Neu.png?fit=499%2C200&ssl=1","width":499,"height":200,"caption":"JazzZeitung online"},"image":{"@id":"https:\/\/www.jazzzeitung.de\/cms\/#\/schema\/logo\/image\/"},"sameAs":["https:\/\/www.facebook.com\/JazzZeitung\/"]},{"@type":"Person","@id":"https:\/\/www.jazzzeitung.de\/cms\/#\/schema\/person\/1ba404714b9455401502bc409a7df45e","name":"Huflaikhan","image":{"@type":"ImageObject","inLanguage":"de","@id":"https:\/\/i0.wp.com\/www.jazzzeitung.de\/cms\/wp-content\/uploads\/2013\/11\/huf-06.jpg?resize=96%2C96&ssl=18afacd5aa7627f2840c013425f5a4164","url":"https:\/\/i0.wp.com\/www.jazzzeitung.de\/cms\/wp-content\/uploads\/2013\/11\/huf-06.jpg?resize=96%2C96&ssl=1","contentUrl":"https:\/\/i0.wp.com\/www.jazzzeitung.de\/cms\/wp-content\/uploads\/2013\/11\/huf-06.jpg?resize=96%2C96&ssl=1","caption":"Huflaikhan"},"description":"Huflaikhan (aka Martin Hufner) hat Musikwissenschaft, Philosophie und Psychologie in Gie\u00dfen studiert und mit einer Arbeit \u00fcber Adorno und die Zw\u00f6lftontechnik promoviert. Seit 1995 ist er freiberuflich als Autor, Fotograf und Netzmacher unterwegs.","sameAs":["https:\/\/www.kritische-masse.de\/logbuch","https:\/\/www.facebook.com\/hufner"],"url":"https:\/\/www.jazzzeitung.de\/cms\/author\/hufi\/"}]}},"wp-worthy-pixel":{"ignored":false,"public":"5c0f122df65c4fb69cebb901060c0b7d","server":"vg09.met.vgwort.de","url":"https:\/\/vg09.met.vgwort.de\/na\/5c0f122df65c4fb69cebb901060c0b7d"},"wp-worthy-type":"normal","jetpack_publicize_connections":[],"cc_featured_image_caption":{"caption_text":false,"source_text":false,"source_url":false},"jetpack_featured_media_url":"https:\/\/i0.wp.com\/www.jazzzeitung.de\/cms\/wp-content\/uploads\/2014\/05\/massive_schraege_c_Petra_Basche_013.jpg?fit=1199%2C800&ssl=1","jetpack_shortlink":"https:\/\/wp.me\/p3KEcT-11h","jetpack-related-posts":[{"id":19820,"url":"https:\/\/www.jazzzeitung.de\/cms\/2019\/06\/mette-nadja-hansen-und-johannes-von-ballestrem-eine-jazz-hommage-an-die-geliebte-clara\/","url_meta":{"origin":3923,"position":0},"title":"Mette Nadja Hansen und Johannes von Ballestrem \u2013 Eine Jazz-Hommage an die \u201eGeliebte Clara\u201c","author":"Dietrich Schlegel","date":"18. Juni 2019","format":false,"excerpt":"In Bonn wird nicht nur in jedem Jahr Ludwig van Beethoven, der gro\u00dfe Sohn der Stadt, mit einem wochenlangen, international besetzen Musikfest geehrt. Auch Robert Schumann, der die zwei letzten Jahre seines Lebens in Bonn verbracht hatte, wenn auch in beklagenswertem Zustand, wird in der Bundesstadt in besonderer Weise gew\u00fcrdigt,\u2026","rel":"","context":"In &quot;Bericht&quot;","block_context":{"text":"Bericht","link":"https:\/\/www.jazzzeitung.de\/cms\/thema\/bericht\/"},"img":{"alt_text":"","src":"https:\/\/i0.wp.com\/www.jazzzeitung.de\/cms\/wp-content\/uploads\/2019\/06\/DSC_1026.jpg?fit=1200%2C675&ssl=1&resize=350%2C200","width":350,"height":200,"srcset":"https:\/\/i0.wp.com\/www.jazzzeitung.de\/cms\/wp-content\/uploads\/2019\/06\/DSC_1026.jpg?fit=1200%2C675&ssl=1&resize=350%2C200 1x, https:\/\/i0.wp.com\/www.jazzzeitung.de\/cms\/wp-content\/uploads\/2019\/06\/DSC_1026.jpg?fit=1200%2C675&ssl=1&resize=525%2C300 1.5x, https:\/\/i0.wp.com\/www.jazzzeitung.de\/cms\/wp-content\/uploads\/2019\/06\/DSC_1026.jpg?fit=1200%2C675&ssl=1&resize=700%2C400 2x, https:\/\/i0.wp.com\/www.jazzzeitung.de\/cms\/wp-content\/uploads\/2019\/06\/DSC_1026.jpg?fit=1200%2C675&ssl=1&resize=1050%2C600 3x"},"classes":[]},{"id":12386,"url":"https:\/\/www.jazzzeitung.de\/cms\/2017\/05\/elegant-kraftvoll-komplex-und-leicht-sun-dew-neue-nachbarn-berlin\/","url_meta":{"origin":3923,"position":1},"title":"Elegant, kraftvoll, komplex und leicht: Sun Dew @ Neue Nachbarn (Berlin)","author":"Huflaikhan","date":"14. Mai 2017","format":false,"excerpt":"Vor einem Jahr gingen \u201eSun Dew\u201c (das Sextett um die Violinistin H\u00e9lo\u00efse Lefebvre und den Gitarristen Paul Audoynaud) in Paris ins Aufnahmestudio von Laborie Jazz und spielten an mehreren Tagen 9 St\u00fccke ein. Die CD ist nun gepresst und feierte ihre Ver\u00f6ffentlichung im Paris Berlins: in einer Neuk\u00f6llner Seitenstra\u00dfe. \u201eNeue\u2026","rel":"","context":"In &quot;Bericht&quot;","block_context":{"text":"Bericht","link":"https:\/\/www.jazzzeitung.de\/cms\/thema\/bericht\/"},"img":{"alt_text":"Sun Dew @ Neue Nachbarn (Berlin). Foto: Petra Basche","src":"https:\/\/i0.wp.com\/www.jazzzeitung.de\/cms\/wp-content\/uploads\/2017\/05\/SunDew_c_pepa_basche_220606.jpg?fit=1200%2C801&ssl=1&resize=350%2C200","width":350,"height":200,"srcset":"https:\/\/i0.wp.com\/www.jazzzeitung.de\/cms\/wp-content\/uploads\/2017\/05\/SunDew_c_pepa_basche_220606.jpg?fit=1200%2C801&ssl=1&resize=350%2C200 1x, https:\/\/i0.wp.com\/www.jazzzeitung.de\/cms\/wp-content\/uploads\/2017\/05\/SunDew_c_pepa_basche_220606.jpg?fit=1200%2C801&ssl=1&resize=525%2C300 1.5x, https:\/\/i0.wp.com\/www.jazzzeitung.de\/cms\/wp-content\/uploads\/2017\/05\/SunDew_c_pepa_basche_220606.jpg?fit=1200%2C801&ssl=1&resize=700%2C400 2x, https:\/\/i0.wp.com\/www.jazzzeitung.de\/cms\/wp-content\/uploads\/2017\/05\/SunDew_c_pepa_basche_220606.jpg?fit=1200%2C801&ssl=1&resize=1050%2C600 3x"},"classes":[]},{"id":1377,"url":"https:\/\/www.jazzzeitung.de\/cms\/2011\/10\/orbit-im-cafe-tasso-mit-fotostrecke\/","url_meta":{"origin":3923,"position":2},"title":"Orbit im Caf\u00e9 Tasso mit Fotostrecke","author":"Martin Hufner","date":"28. Oktober 2011","format":false,"excerpt":"Letzten Sonnabend, Berlin Friedrichshain, Caf\u00e9 Tasso. Unten in der Ladezeile der alten sozialistischen Prachtstra\u00dfenbaus der ehemaligen Stalin-Allee. Dort hat sich das Caf\u00e9 Tasso angesiedelt. Antiquariat und Caf\u00e9 mit Bio-Touch. Ein Wohnzimmer mit Schaufenster. Es ist beinahe untypisch fr\u00fch f\u00fcr einen Jazzauftritt. Aber es gibt keine Konzessionen. Gew\u00f6hnlich beginnen hier die\u2026","rel":"","context":"In &quot;Blog&quot;","block_context":{"text":"Blog","link":"https:\/\/www.jazzzeitung.de\/cms\/thema\/blog\/"},"img":{"alt_text":"Orbit im Caf\u00e9 Tasso","src":"https:\/\/i0.wp.com\/www.jazzzeitung.de\/cms\/wp-content\/uploads\/2011\/10\/orbit-7242-300x222.jpg?resize=350%2C200","width":350,"height":200},"classes":[]},{"id":6412,"url":"https:\/\/www.jazzzeitung.de\/cms\/2015\/06\/alpenjazz-jazzfestival-im-hotel-kronthaler-achensee\/","url_meta":{"origin":3923,"position":3},"title":"Alpenjazz \u2013 Jazzfestival im Hotel Kronthaler am Achensee","author":"Redaktion JazzZeitung","date":"18. Juni 2015","format":false,"excerpt":"Von 17. bis 19. Juli 2015 erklingen am Achensee schr\u00e4ge T\u00f6ne aus Blasinstrumenten, neben jazzigem Wohlklang aus weiblichen Kehlen: Der Sommer steht ganz im Zeichen des Heimatsounds. Beim Alpenjazz-Festival gehen K\u00fcnstler ihrer Herkunft aus den Alpenregionen nach. Matthias Schriefl, die Damen von Netnakisum, David Helbock und nicht zuletzt Christian Wegscheider\u2026","rel":"","context":"In &quot;News&quot;","block_context":{"text":"News","link":"https:\/\/www.jazzzeitung.de\/cms\/thema\/nachrichten\/"},"img":{"alt_text":"Drei Frauen an Geige, Bratsche und Cello, das sind: Netnakisum","src":"https:\/\/i0.wp.com\/www.jazzzeitung.de\/cms\/wp-content\/uploads\/2015\/06\/Netnakisum-150x150.jpg?resize=350%2C200","width":350,"height":200},"classes":[]},{"id":2327,"url":"https:\/\/www.jazzzeitung.de\/cms\/2013\/09\/aus-den-gletschermassen-des-jazz-herausgebrochen-das-bujazzo-feierte-25jaehriges-bestehen-mit-konzert-berlin\/","url_meta":{"origin":3923,"position":4},"title":"Aus den Gletschermassen des Jazz herausgebrochen \u2013 Das BuJazzO feierte 25j\u00e4hriges Bestehen mit Konzert in Berlin","author":"Huflaikhan","date":"27. September 2013","format":false,"excerpt":"Das Orchester ist zwar erst 25 Jahre alt, aber seine Mitglieder sind nicht \u00e4lter als 24. Es handelt sich um die wahrscheinlich besten jungen Jazz-Musiker Deutschlands, die seit Jahren durch diese BigBand hindurchgeschleust worden sind. Das stellten sie auch in der aktuellen Besetzung klar. Sie spreitzten dabei das Repertoire von\u2026","rel":"","context":"In &quot;Blog&quot;","block_context":{"text":"Blog","link":"https:\/\/www.jazzzeitung.de\/cms\/thema\/blog\/"},"img":{"alt_text":"","src":"https:\/\/i0.wp.com\/www.jazzzeitung.de\/cms\/wp-content\/uploads\/2013\/09\/bujazzo_25_29.jpg?resize=350%2C200","width":350,"height":200,"srcset":"https:\/\/i0.wp.com\/www.jazzzeitung.de\/cms\/wp-content\/uploads\/2013\/09\/bujazzo_25_29.jpg?resize=350%2C200 1x, https:\/\/i0.wp.com\/www.jazzzeitung.de\/cms\/wp-content\/uploads\/2013\/09\/bujazzo_25_29.jpg?resize=525%2C300 1.5x, https:\/\/i0.wp.com\/www.jazzzeitung.de\/cms\/wp-content\/uploads\/2013\/09\/bujazzo_25_29.jpg?resize=700%2C400 2x"},"classes":[]},{"id":33698,"url":"https:\/\/www.jazzzeitung.de\/cms\/2026\/02\/heukens-koch-grossmann-mit-starkem-vibe-fuer-post-tiktoker\/","url_meta":{"origin":3923,"position":5},"title":"Heuken \u2013 Koch \u2013 Grossmann mit starkem Vibe f\u00fcr Post-Tiktoker","author":"Andreas Kolb","date":"28. Februar 2026","format":false,"excerpt":"Drummer Johannes Koch legt mit Trio Future Backup ein chillig-vertr\u00e4umtes Deb\u00fctalbum vor Kommt mit dem Vorsto\u00df der Sozis zu Social-Media-Beschr\u00e4nkungen jetzt die Post-Tiktok-Generation? Den Soundtrack daf\u00fcr gibt es schon. Die Band Future Backup praktiziert damit ein gelassenes Anschwimmen gegen den Zeitgeist. Auf ihrem Album \u201eGolden\u201c, das eben beim \u00f6sterreichischen Indielabel\u2026","rel":"","context":"In &quot;Rezension&quot;","block_context":{"text":"Rezension","link":"https:\/\/www.jazzzeitung.de\/cms\/thema\/rezension\/"},"img":{"alt_text":"","src":"https:\/\/i0.wp.com\/www.jazzzeitung.de\/cms\/wp-content\/uploads\/2026\/02\/Koch_Golden_Pressefoto.jpg?fit=794%2C1200&ssl=1&resize=350%2C200","width":350,"height":200,"srcset":"https:\/\/i0.wp.com\/www.jazzzeitung.de\/cms\/wp-content\/uploads\/2026\/02\/Koch_Golden_Pressefoto.jpg?fit=794%2C1200&ssl=1&resize=350%2C200 1x, https:\/\/i0.wp.com\/www.jazzzeitung.de\/cms\/wp-content\/uploads\/2026\/02\/Koch_Golden_Pressefoto.jpg?fit=794%2C1200&ssl=1&resize=525%2C300 1.5x, https:\/\/i0.wp.com\/www.jazzzeitung.de\/cms\/wp-content\/uploads\/2026\/02\/Koch_Golden_Pressefoto.jpg?fit=794%2C1200&ssl=1&resize=700%2C400 2x"},"classes":[]}],"jetpack_sharing_enabled":true,"_links":{"self":[{"href":"https:\/\/www.jazzzeitung.de\/cms\/wp-json\/wp\/v2\/posts\/3923","targetHints":{"allow":["GET"]}}],"collection":[{"href":"https:\/\/www.jazzzeitung.de\/cms\/wp-json\/wp\/v2\/posts"}],"about":[{"href":"https:\/\/www.jazzzeitung.de\/cms\/wp-json\/wp\/v2\/types\/post"}],"author":[{"embeddable":true,"href":"https:\/\/www.jazzzeitung.de\/cms\/wp-json\/wp\/v2\/users\/2"}],"replies":[{"embeddable":true,"href":"https:\/\/www.jazzzeitung.de\/cms\/wp-json\/wp\/v2\/comments?post=3923"}],"version-history":[{"count":6,"href":"https:\/\/www.jazzzeitung.de\/cms\/wp-json\/wp\/v2\/posts\/3923\/revisions"}],"predecessor-version":[{"id":3973,"href":"https:\/\/www.jazzzeitung.de\/cms\/wp-json\/wp\/v2\/posts\/3923\/revisions\/3973"}],"wp:featuredmedia":[{"embeddable":true,"href":"https:\/\/www.jazzzeitung.de\/cms\/wp-json\/wp\/v2\/media\/3931"}],"wp:attachment":[{"href":"https:\/\/www.jazzzeitung.de\/cms\/wp-json\/wp\/v2\/media?parent=3923"}],"wp:term":[{"taxonomy":"category","embeddable":true,"href":"https:\/\/www.jazzzeitung.de\/cms\/wp-json\/wp\/v2\/categories?post=3923"},{"taxonomy":"post_tag","embeddable":true,"href":"https:\/\/www.jazzzeitung.de\/cms\/wp-json\/wp\/v2\/tags?post=3923"},{"taxonomy":"author","embeddable":true,"href":"https:\/\/www.jazzzeitung.de\/cms\/wp-json\/wp\/v2\/coauthors?post=3923"}],"curies":[{"name":"wp","href":"https:\/\/api.w.org\/{rel}","templated":true}]}}