{"id":3913,"date":"2014-05-22T11:51:24","date_gmt":"2014-05-22T09:51:24","guid":{"rendered":"http:\/\/www.jazzzeitung.de\/cms\/?p=3913"},"modified":"2014-05-22T11:51:24","modified_gmt":"2014-05-22T09:51:24","slug":"space-ist-place-sun-ra-waere-heute-100-geworden","status":"publish","type":"post","link":"https:\/\/www.jazzzeitung.de\/cms\/2014\/05\/space-ist-place-sun-ra-waere-heute-100-geworden\/","title":{"rendered":"Space ist the Place: Sun Ra w\u00e4re heute 100 geworden"},"content":{"rendered":"<p>&nbsp;<\/p>\n<figure id=\"attachment_3919\" aria-describedby=\"caption-attachment-3919\" style=\"width: 150px\" class=\"wp-caption alignright\"><a href=\"https:\/\/i0.wp.com\/www.jazzzeitung.de\/cms\/wp-content\/uploads\/2014\/05\/Sun-Ra-Jupiter-Cover-zugeschnitten1.jpg\"><img data-recalc-dims=\"1\" loading=\"lazy\" decoding=\"async\" data-attachment-id=\"3919\" data-permalink=\"https:\/\/www.jazzzeitung.de\/cms\/2014\/05\/space-ist-place-sun-ra-waere-heute-100-geworden\/sun-ra-jupiter-cover-zugeschnitten-2\/\" data-orig-file=\"https:\/\/i0.wp.com\/www.jazzzeitung.de\/cms\/wp-content\/uploads\/2014\/05\/Sun-Ra-Jupiter-Cover-zugeschnitten1.jpg?fit=1611%2C1446&amp;ssl=1\" data-orig-size=\"1611,1446\" data-comments-opened=\"1\" data-image-meta=\"{&quot;aperture&quot;:&quot;0&quot;,&quot;credit&quot;:&quot;&quot;,&quot;camera&quot;:&quot;&quot;,&quot;caption&quot;:&quot;&quot;,&quot;created_timestamp&quot;:&quot;0&quot;,&quot;copyright&quot;:&quot;&quot;,&quot;focal_length&quot;:&quot;0&quot;,&quot;iso&quot;:&quot;0&quot;,&quot;shutter_speed&quot;:&quot;0&quot;,&quot;title&quot;:&quot;&quot;}\" data-image-title=\"Sun Ra Jupiter Cover zugeschnitten\" data-image-description=\"\" data-image-caption=\"&lt;p&gt;Booklet: Sun Ra and his Solar Arkestra \u2013 On Jupiter;&lt;br \/&gt;\nEnterplanetary Koncepts BMI; art yard PO BOX 51215 London SE11 6WT UK; distributed by ReR MEGACORP. www.rermegacorp.com&lt;\/p&gt;\n\" data-large-file=\"https:\/\/i0.wp.com\/www.jazzzeitung.de\/cms\/wp-content\/uploads\/2014\/05\/Sun-Ra-Jupiter-Cover-zugeschnitten1.jpg?fit=668%2C600&amp;ssl=1\" class=\"size-thumbnail wp-image-3919\" src=\"https:\/\/i0.wp.com\/www.jazzzeitung.de\/cms\/wp-content\/uploads\/2014\/05\/Sun-Ra-Jupiter-Cover-zugeschnitten1-150x150.jpg?resize=150%2C150\" alt=\"Booklet: Sun Ra and his Solar Arkestra \u2013 On Jupiter;  Enterplanetary Koncepts BMI; art yard PO BOX 51215 London SE11 6WT UK; distributed by ReR MEGACORP. www.rermegacorp.com\" width=\"150\" height=\"150\" srcset=\"https:\/\/i0.wp.com\/www.jazzzeitung.de\/cms\/wp-content\/uploads\/2014\/05\/Sun-Ra-Jupiter-Cover-zugeschnitten1.jpg?resize=150%2C150&amp;ssl=1 150w, https:\/\/i0.wp.com\/www.jazzzeitung.de\/cms\/wp-content\/uploads\/2014\/05\/Sun-Ra-Jupiter-Cover-zugeschnitten1.jpg?resize=144%2C144&amp;ssl=1 144w, https:\/\/i0.wp.com\/www.jazzzeitung.de\/cms\/wp-content\/uploads\/2014\/05\/Sun-Ra-Jupiter-Cover-zugeschnitten1.jpg?resize=96%2C96&amp;ssl=1 96w, https:\/\/i0.wp.com\/www.jazzzeitung.de\/cms\/wp-content\/uploads\/2014\/05\/Sun-Ra-Jupiter-Cover-zugeschnitten1.jpg?resize=24%2C24&amp;ssl=1 24w, https:\/\/i0.wp.com\/www.jazzzeitung.de\/cms\/wp-content\/uploads\/2014\/05\/Sun-Ra-Jupiter-Cover-zugeschnitten1.jpg?resize=36%2C36&amp;ssl=1 36w, https:\/\/i0.wp.com\/www.jazzzeitung.de\/cms\/wp-content\/uploads\/2014\/05\/Sun-Ra-Jupiter-Cover-zugeschnitten1.jpg?resize=48%2C48&amp;ssl=1 48w, https:\/\/i0.wp.com\/www.jazzzeitung.de\/cms\/wp-content\/uploads\/2014\/05\/Sun-Ra-Jupiter-Cover-zugeschnitten1.jpg?resize=64%2C64&amp;ssl=1 64w, https:\/\/i0.wp.com\/www.jazzzeitung.de\/cms\/wp-content\/uploads\/2014\/05\/Sun-Ra-Jupiter-Cover-zugeschnitten1.jpg?resize=32%2C32&amp;ssl=1 32w, https:\/\/i0.wp.com\/www.jazzzeitung.de\/cms\/wp-content\/uploads\/2014\/05\/Sun-Ra-Jupiter-Cover-zugeschnitten1.jpg?resize=128%2C128&amp;ssl=1 128w, https:\/\/i0.wp.com\/www.jazzzeitung.de\/cms\/wp-content\/uploads\/2014\/05\/Sun-Ra-Jupiter-Cover-zugeschnitten1.jpg?zoom=2&amp;resize=150%2C150&amp;ssl=1 300w, https:\/\/i0.wp.com\/www.jazzzeitung.de\/cms\/wp-content\/uploads\/2014\/05\/Sun-Ra-Jupiter-Cover-zugeschnitten1.jpg?zoom=3&amp;resize=150%2C150&amp;ssl=1 450w\" sizes=\"auto, (max-width: 150px) 100vw, 150px\" \/><\/a><figcaption id=\"caption-attachment-3919\" class=\"wp-caption-text\">Booklet: Sun Ra and his Solar Arkestra \u2013 On Jupiter;<br \/>Enterplanetary Koncepts BMI; art yard PO BOX 51215 London SE11 6WT UK; distributed by ReR MEGACORP. www.rermegacorp.com<\/figcaption><\/figure>\n<p>Heute j\u00e4hrt sich das Geburtsdatum von Sun Ra, b\u00fcrgerlich Herman Blount, zum hundertsten Mal. Der Pianist, Keyboarder und Komponist war nach eigenen Angaben au\u00dferirdischer Abstammung und fraglos ein Originalgenie. Als Bandleader \u00fcbertrug er das Konzept der Working Band \u2013 ganz \u00e4hnlich wie der Brasilianer Hermeto Pascoal \u2013 auch ins Privatleben seiner Musiker. Gemeinsam Musik machen, hie\u00df auch gemeinsam leben.<\/p>\n<p>Das Sun Ra Arkestra gastierte 2014 im Rahmen einer weltweiten Jubilee-Tour bereits in Z\u00fcrich, Weingarten, Kassel und Berlin. F\u00fcr uns Mitteleurop\u00e4er ist es diesen Sommer noch im \u201en\u00e4heren Umkreis\u201c in Diersbach (A), Nickelsdorf (A), Wien und Salzburg, in Moers sowie in Amsterdam, Zagreb, Paris und im Jazzclub Regensburg (10.6.2014) zu erleben. Die Anreise lohnt, denn unter der Leitung des Saxophonisten Marshall Allen h\u00e4lt das Orchester auch im 21. Jahr nach dem Tod seines Gr\u00fcnders Sun Ra dessen revolution\u00e4re Musiziertradition lebendig. Poesie, Philosophie, kosmische Metaphysik, Performance, Tanz, Instant Composing, dirigierte Improvisationen und ein seelenvoll-ekstatischer Musizierstil sind bis heute die Markenzeichen dieses extraterrestrisch-au\u00dfergew\u00f6hnlichen Jazzensembles.<\/p>\n<p>&nbsp;<\/p>\n<p>Lesen Sie das Portr\u00e4t Mythos und Magie \u201eSpace is the Place \u2013 Sun Ra\u201c von Bert Noglik:<\/p>\n<p>&nbsp;<\/p>\n<p><a href=\"http:\/\/www.jazzzeitung.de\/jazz\/2004\/05\/portrait-sunra.shtml\">http:\/\/www.jazzzeitung.de\/jazz\/2004\/05\/portrait-sunra.shtml<\/a><\/p>\n","protected":false},"excerpt":{"rendered":"<p>&nbsp; Heute j\u00e4hrt sich das Geburtsdatum von Sun Ra, b\u00fcrgerlich Herman Blount, zum hundertsten Mal. Der Pianist, Keyboarder und Komponist war nach eigenen Angaben au\u00dferirdischer Abstammung und fraglos ein Originalgenie. Als Bandleader \u00fcbertrug er das Konzept der Working Band \u2013 ganz \u00e4hnlich wie der Brasilianer Hermeto Pascoal \u2013 auch ins Privatleben seiner Musiker. Gemeinsam Musik machen, hie\u00df auch gemeinsam leben. Das Sun Ra Arkestra gastierte 2014 im Rahmen einer weltweiten Jubilee-Tour bereits in Z\u00fcrich, Weingarten, Kassel und Berlin. F\u00fcr uns Mitteleurop\u00e4er ist es diesen Sommer noch im \u201en\u00e4heren Umkreis\u201c in Diersbach (A), Nickelsdorf (A), Wien und Salzburg, in Moers sowie in Amsterdam, Zagreb, Paris und im Jazzclub Regensburg (10.6.2014) zu erleben. Die Anreise lohnt, denn unter der Leitung des Saxophonisten Marshall Allen h\u00e4lt das Orchester auch im 21. Jahr nach dem Tod seines Gr\u00fcnders Sun Ra dessen revolution\u00e4re Musiziertradition lebendig. Poesie, Philosophie, kosmische Metaphysik, Performance, Tanz, Instant Composing, dirigierte Improvisationen und ein seelenvoll-ekstatischer Musizierstil sind bis heute die Markenzeichen dieses extraterrestrisch-au\u00dfergew\u00f6hnlichen Jazzensembles. &nbsp; Lesen Sie das Portr\u00e4t Mythos und Magie \u201eSpace is the Place \u2013 Sun Ra\u201c von Bert Noglik: &nbsp; http:\/\/www.jazzzeitung.de\/jazz\/2004\/05\/portrait-sunra.shtml<\/p>\n","protected":false},"author":7,"featured_media":0,"comment_status":"open","ping_status":"closed","sticky":false,"template":"","format":"standard","meta":{"_jetpack_memberships_contains_paid_content":false,"footnotes":"","jetpack_publicize_message":"","jetpack_publicize_feature_enabled":true,"jetpack_social_post_already_shared":false,"jetpack_social_options":{"image_generator_settings":{"template":"highway","default_image_id":0,"font":"","enabled":false},"version":2}},"categories":[633],"tags":[],"coauthors":[662],"class_list":["post-3913","post","type-post","status-publish","format-standard","hentry","category-nachrichten"],"yoast_head":"<!-- This site is optimized with the Yoast SEO plugin v27.5 - https:\/\/yoast.com\/product\/yoast-seo-wordpress\/ -->\n<title>Space ist the Place: Sun Ra w\u00e4re heute 100 geworden - JazzZeitung<\/title>\n<meta name=\"robots\" content=\"index, follow, max-snippet:-1, max-image-preview:large, max-video-preview:-1\" \/>\n<link rel=\"canonical\" href=\"https:\/\/www.jazzzeitung.de\/cms\/2014\/05\/space-ist-place-sun-ra-waere-heute-100-geworden\/\" \/>\n<meta property=\"og:locale\" content=\"de_DE\" \/>\n<meta property=\"og:type\" content=\"article\" \/>\n<meta property=\"og:title\" content=\"Space ist the Place: Sun Ra w\u00e4re heute 100 geworden - JazzZeitung\" \/>\n<meta property=\"og:description\" content=\"&nbsp; Heute j\u00e4hrt sich das Geburtsdatum von Sun Ra, b\u00fcrgerlich Herman Blount, zum hundertsten Mal. Der Pianist, Keyboarder und Komponist war nach eigenen Angaben au\u00dferirdischer Abstammung und fraglos ein Originalgenie. Als Bandleader \u00fcbertrug er das Konzept der Working Band \u2013 ganz \u00e4hnlich wie der Brasilianer Hermeto Pascoal \u2013 auch ins Privatleben seiner Musiker. Gemeinsam Musik machen, hie\u00df auch gemeinsam leben. Das Sun Ra Arkestra gastierte 2014 im Rahmen einer weltweiten Jubilee-Tour bereits in Z\u00fcrich, Weingarten, Kassel und Berlin. F\u00fcr uns Mitteleurop\u00e4er ist es diesen Sommer noch im \u201en\u00e4heren Umkreis\u201c in Diersbach (A), Nickelsdorf (A), Wien und Salzburg, in Moers sowie in Amsterdam, Zagreb, Paris und im Jazzclub Regensburg (10.6.2014) zu erleben. Die Anreise lohnt, denn unter der Leitung des Saxophonisten Marshall Allen h\u00e4lt das Orchester auch im 21. Jahr nach dem Tod seines Gr\u00fcnders Sun Ra dessen revolution\u00e4re Musiziertradition lebendig. Poesie, Philosophie, kosmische Metaphysik, Performance, Tanz, Instant Composing, dirigierte Improvisationen und ein seelenvoll-ekstatischer Musizierstil sind bis heute die Markenzeichen dieses extraterrestrisch-au\u00dfergew\u00f6hnlichen Jazzensembles. &nbsp; Lesen Sie das Portr\u00e4t Mythos und Magie \u201eSpace is the Place \u2013 Sun Ra\u201c von Bert Noglik: &nbsp; http:\/\/www.jazzzeitung.de\/jazz\/2004\/05\/portrait-sunra.shtml\" \/>\n<meta property=\"og:url\" content=\"https:\/\/www.jazzzeitung.de\/cms\/2014\/05\/space-ist-place-sun-ra-waere-heute-100-geworden\/\" \/>\n<meta property=\"og:site_name\" content=\"JazzZeitung\" \/>\n<meta property=\"article:publisher\" content=\"https:\/\/www.facebook.com\/JazzZeitung\/\" \/>\n<meta property=\"article:published_time\" content=\"2014-05-22T09:51:24+00:00\" \/>\n<meta property=\"og:image\" content=\"http:\/\/www.jazzzeitung.de\/cms\/wp-content\/uploads\/2014\/05\/Sun-Ra-Jupiter-Cover-zugeschnitten1-150x150.jpg\" \/>\n<meta name=\"author\" content=\"Andreas Kolb\" \/>\n<script type=\"application\/ld+json\" class=\"yoast-schema-graph\">{\"@context\":\"https:\\\/\\\/schema.org\",\"@graph\":[{\"@type\":\"Article\",\"@id\":\"https:\\\/\\\/www.jazzzeitung.de\\\/cms\\\/2014\\\/05\\\/space-ist-place-sun-ra-waere-heute-100-geworden\\\/#article\",\"isPartOf\":{\"@id\":\"https:\\\/\\\/www.jazzzeitung.de\\\/cms\\\/2014\\\/05\\\/space-ist-place-sun-ra-waere-heute-100-geworden\\\/\"},\"author\":{\"name\":\"Andreas Kolb\",\"@id\":\"https:\\\/\\\/www.jazzzeitung.de\\\/cms\\\/#\\\/schema\\\/person\\\/23954215d035da9ee48d2a2c09a4a62c\"},\"headline\":\"Space ist the Place: Sun Ra w\u00e4re heute 100 geworden\",\"datePublished\":\"2014-05-22T09:51:24+00:00\",\"mainEntityOfPage\":{\"@id\":\"https:\\\/\\\/www.jazzzeitung.de\\\/cms\\\/2014\\\/05\\\/space-ist-place-sun-ra-waere-heute-100-geworden\\\/\"},\"wordCount\":239,\"commentCount\":0,\"publisher\":{\"@id\":\"https:\\\/\\\/www.jazzzeitung.de\\\/cms\\\/#organization\"},\"image\":{\"@id\":\"https:\\\/\\\/www.jazzzeitung.de\\\/cms\\\/2014\\\/05\\\/space-ist-place-sun-ra-waere-heute-100-geworden\\\/#primaryimage\"},\"thumbnailUrl\":\"http:\\\/\\\/www.jazzzeitung.de\\\/cms\\\/wp-content\\\/uploads\\\/2014\\\/05\\\/Sun-Ra-Jupiter-Cover-zugeschnitten1-150x150.jpg\",\"articleSection\":[\"News\"],\"inLanguage\":\"de\",\"potentialAction\":[{\"@type\":\"CommentAction\",\"name\":\"Comment\",\"target\":[\"https:\\\/\\\/www.jazzzeitung.de\\\/cms\\\/2014\\\/05\\\/space-ist-place-sun-ra-waere-heute-100-geworden\\\/#respond\"]}]},{\"@type\":\"WebPage\",\"@id\":\"https:\\\/\\\/www.jazzzeitung.de\\\/cms\\\/2014\\\/05\\\/space-ist-place-sun-ra-waere-heute-100-geworden\\\/\",\"url\":\"https:\\\/\\\/www.jazzzeitung.de\\\/cms\\\/2014\\\/05\\\/space-ist-place-sun-ra-waere-heute-100-geworden\\\/\",\"name\":\"Space ist the Place: Sun Ra w\u00e4re heute 100 geworden - JazzZeitung\",\"isPartOf\":{\"@id\":\"https:\\\/\\\/www.jazzzeitung.de\\\/cms\\\/#website\"},\"primaryImageOfPage\":{\"@id\":\"https:\\\/\\\/www.jazzzeitung.de\\\/cms\\\/2014\\\/05\\\/space-ist-place-sun-ra-waere-heute-100-geworden\\\/#primaryimage\"},\"image\":{\"@id\":\"https:\\\/\\\/www.jazzzeitung.de\\\/cms\\\/2014\\\/05\\\/space-ist-place-sun-ra-waere-heute-100-geworden\\\/#primaryimage\"},\"thumbnailUrl\":\"http:\\\/\\\/www.jazzzeitung.de\\\/cms\\\/wp-content\\\/uploads\\\/2014\\\/05\\\/Sun-Ra-Jupiter-Cover-zugeschnitten1-150x150.jpg\",\"datePublished\":\"2014-05-22T09:51:24+00:00\",\"breadcrumb\":{\"@id\":\"https:\\\/\\\/www.jazzzeitung.de\\\/cms\\\/2014\\\/05\\\/space-ist-place-sun-ra-waere-heute-100-geworden\\\/#breadcrumb\"},\"inLanguage\":\"de\",\"potentialAction\":[{\"@type\":\"ReadAction\",\"target\":[\"https:\\\/\\\/www.jazzzeitung.de\\\/cms\\\/2014\\\/05\\\/space-ist-place-sun-ra-waere-heute-100-geworden\\\/\"]}]},{\"@type\":\"ImageObject\",\"inLanguage\":\"de\",\"@id\":\"https:\\\/\\\/www.jazzzeitung.de\\\/cms\\\/2014\\\/05\\\/space-ist-place-sun-ra-waere-heute-100-geworden\\\/#primaryimage\",\"url\":\"http:\\\/\\\/www.jazzzeitung.de\\\/cms\\\/wp-content\\\/uploads\\\/2014\\\/05\\\/Sun-Ra-Jupiter-Cover-zugeschnitten1-150x150.jpg\",\"contentUrl\":\"http:\\\/\\\/www.jazzzeitung.de\\\/cms\\\/wp-content\\\/uploads\\\/2014\\\/05\\\/Sun-Ra-Jupiter-Cover-zugeschnitten1-150x150.jpg\"},{\"@type\":\"BreadcrumbList\",\"@id\":\"https:\\\/\\\/www.jazzzeitung.de\\\/cms\\\/2014\\\/05\\\/space-ist-place-sun-ra-waere-heute-100-geworden\\\/#breadcrumb\",\"itemListElement\":[{\"@type\":\"ListItem\",\"position\":1,\"name\":\"Startseite\",\"item\":\"https:\\\/\\\/www.jazzzeitung.de\\\/cms\\\/\"},{\"@type\":\"ListItem\",\"position\":2,\"name\":\"Space ist the Place: Sun Ra w\u00e4re heute 100 geworden\"}]},{\"@type\":\"WebSite\",\"@id\":\"https:\\\/\\\/www.jazzzeitung.de\\\/cms\\\/#website\",\"url\":\"https:\\\/\\\/www.jazzzeitung.de\\\/cms\\\/\",\"name\":\"JazzZeitung\",\"description\":\"Jazz-News und Jazz-Kontroverses\",\"publisher\":{\"@id\":\"https:\\\/\\\/www.jazzzeitung.de\\\/cms\\\/#organization\"},\"potentialAction\":[{\"@type\":\"SearchAction\",\"target\":{\"@type\":\"EntryPoint\",\"urlTemplate\":\"https:\\\/\\\/www.jazzzeitung.de\\\/cms\\\/?s={search_term_string}\"},\"query-input\":{\"@type\":\"PropertyValueSpecification\",\"valueRequired\":true,\"valueName\":\"search_term_string\"}}],\"inLanguage\":\"de\"},{\"@type\":\"Organization\",\"@id\":\"https:\\\/\\\/www.jazzzeitung.de\\\/cms\\\/#organization\",\"name\":\"JazzZeitung online\",\"url\":\"https:\\\/\\\/www.jazzzeitung.de\\\/cms\\\/\",\"logo\":{\"@type\":\"ImageObject\",\"inLanguage\":\"de\",\"@id\":\"https:\\\/\\\/www.jazzzeitung.de\\\/cms\\\/#\\\/schema\\\/logo\\\/image\\\/\",\"url\":\"https:\\\/\\\/i0.wp.com\\\/www.jazzzeitung.de\\\/cms\\\/wp-content\\\/uploads\\\/2015\\\/08\\\/JAZZZEITUNGDE_Logo_Neu.png?fit=499%2C200&ssl=1\",\"contentUrl\":\"https:\\\/\\\/i0.wp.com\\\/www.jazzzeitung.de\\\/cms\\\/wp-content\\\/uploads\\\/2015\\\/08\\\/JAZZZEITUNGDE_Logo_Neu.png?fit=499%2C200&ssl=1\",\"width\":499,\"height\":200,\"caption\":\"JazzZeitung online\"},\"image\":{\"@id\":\"https:\\\/\\\/www.jazzzeitung.de\\\/cms\\\/#\\\/schema\\\/logo\\\/image\\\/\"},\"sameAs\":[\"https:\\\/\\\/www.facebook.com\\\/JazzZeitung\\\/\"]},{\"@type\":\"Person\",\"@id\":\"https:\\\/\\\/www.jazzzeitung.de\\\/cms\\\/#\\\/schema\\\/person\\\/23954215d035da9ee48d2a2c09a4a62c\",\"name\":\"Andreas Kolb\",\"image\":{\"@type\":\"ImageObject\",\"inLanguage\":\"de\",\"@id\":\"https:\\\/\\\/i0.wp.com\\\/www.jazzzeitung.de\\\/cms\\\/wp-content\\\/uploads\\\/2013\\\/05\\\/kolb-small.jpg?resize=96%2C96&ssl=1d81fdf4aa1b2f31d206a8dd371420dd4\",\"url\":\"https:\\\/\\\/i0.wp.com\\\/www.jazzzeitung.de\\\/cms\\\/wp-content\\\/uploads\\\/2013\\\/05\\\/kolb-small.jpg?resize=96%2C96&ssl=1\",\"contentUrl\":\"https:\\\/\\\/i0.wp.com\\\/www.jazzzeitung.de\\\/cms\\\/wp-content\\\/uploads\\\/2013\\\/05\\\/kolb-small.jpg?resize=96%2C96&ssl=1\",\"caption\":\"Andreas Kolb\"},\"description\":\"Andreas Kolb ist Chefredakteur der Jazzzeitung.\",\"sameAs\":[\"https:\\\/\\\/www.jazzzeitung.de\"],\"url\":\"https:\\\/\\\/www.jazzzeitung.de\\\/cms\\\/author\\\/kolb\\\/\"}]}<\/script>\n<!-- \/ Yoast SEO plugin. -->","yoast_head_json":{"title":"Space ist the Place: Sun Ra w\u00e4re heute 100 geworden - JazzZeitung","robots":{"index":"index","follow":"follow","max-snippet":"max-snippet:-1","max-image-preview":"max-image-preview:large","max-video-preview":"max-video-preview:-1"},"canonical":"https:\/\/www.jazzzeitung.de\/cms\/2014\/05\/space-ist-place-sun-ra-waere-heute-100-geworden\/","og_locale":"de_DE","og_type":"article","og_title":"Space ist the Place: Sun Ra w\u00e4re heute 100 geworden - JazzZeitung","og_description":"&nbsp; Heute j\u00e4hrt sich das Geburtsdatum von Sun Ra, b\u00fcrgerlich Herman Blount, zum hundertsten Mal. Der Pianist, Keyboarder und Komponist war nach eigenen Angaben au\u00dferirdischer Abstammung und fraglos ein Originalgenie. Als Bandleader \u00fcbertrug er das Konzept der Working Band \u2013 ganz \u00e4hnlich wie der Brasilianer Hermeto Pascoal \u2013 auch ins Privatleben seiner Musiker. Gemeinsam Musik machen, hie\u00df auch gemeinsam leben. Das Sun Ra Arkestra gastierte 2014 im Rahmen einer weltweiten Jubilee-Tour bereits in Z\u00fcrich, Weingarten, Kassel und Berlin. F\u00fcr uns Mitteleurop\u00e4er ist es diesen Sommer noch im \u201en\u00e4heren Umkreis\u201c in Diersbach (A), Nickelsdorf (A), Wien und Salzburg, in Moers sowie in Amsterdam, Zagreb, Paris und im Jazzclub Regensburg (10.6.2014) zu erleben. Die Anreise lohnt, denn unter der Leitung des Saxophonisten Marshall Allen h\u00e4lt das Orchester auch im 21. Jahr nach dem Tod seines Gr\u00fcnders Sun Ra dessen revolution\u00e4re Musiziertradition lebendig. Poesie, Philosophie, kosmische Metaphysik, Performance, Tanz, Instant Composing, dirigierte Improvisationen und ein seelenvoll-ekstatischer Musizierstil sind bis heute die Markenzeichen dieses extraterrestrisch-au\u00dfergew\u00f6hnlichen Jazzensembles. &nbsp; Lesen Sie das Portr\u00e4t Mythos und Magie \u201eSpace is the Place \u2013 Sun Ra\u201c von Bert Noglik: &nbsp; http:\/\/www.jazzzeitung.de\/jazz\/2004\/05\/portrait-sunra.shtml","og_url":"https:\/\/www.jazzzeitung.de\/cms\/2014\/05\/space-ist-place-sun-ra-waere-heute-100-geworden\/","og_site_name":"JazzZeitung","article_publisher":"https:\/\/www.facebook.com\/JazzZeitung\/","article_published_time":"2014-05-22T09:51:24+00:00","og_image":[{"url":"http:\/\/www.jazzzeitung.de\/cms\/wp-content\/uploads\/2014\/05\/Sun-Ra-Jupiter-Cover-zugeschnitten1-150x150.jpg","type":"","width":"","height":""}],"author":"Andreas Kolb","schema":{"@context":"https:\/\/schema.org","@graph":[{"@type":"Article","@id":"https:\/\/www.jazzzeitung.de\/cms\/2014\/05\/space-ist-place-sun-ra-waere-heute-100-geworden\/#article","isPartOf":{"@id":"https:\/\/www.jazzzeitung.de\/cms\/2014\/05\/space-ist-place-sun-ra-waere-heute-100-geworden\/"},"author":{"name":"Andreas Kolb","@id":"https:\/\/www.jazzzeitung.de\/cms\/#\/schema\/person\/23954215d035da9ee48d2a2c09a4a62c"},"headline":"Space ist the Place: Sun Ra w\u00e4re heute 100 geworden","datePublished":"2014-05-22T09:51:24+00:00","mainEntityOfPage":{"@id":"https:\/\/www.jazzzeitung.de\/cms\/2014\/05\/space-ist-place-sun-ra-waere-heute-100-geworden\/"},"wordCount":239,"commentCount":0,"publisher":{"@id":"https:\/\/www.jazzzeitung.de\/cms\/#organization"},"image":{"@id":"https:\/\/www.jazzzeitung.de\/cms\/2014\/05\/space-ist-place-sun-ra-waere-heute-100-geworden\/#primaryimage"},"thumbnailUrl":"http:\/\/www.jazzzeitung.de\/cms\/wp-content\/uploads\/2014\/05\/Sun-Ra-Jupiter-Cover-zugeschnitten1-150x150.jpg","articleSection":["News"],"inLanguage":"de","potentialAction":[{"@type":"CommentAction","name":"Comment","target":["https:\/\/www.jazzzeitung.de\/cms\/2014\/05\/space-ist-place-sun-ra-waere-heute-100-geworden\/#respond"]}]},{"@type":"WebPage","@id":"https:\/\/www.jazzzeitung.de\/cms\/2014\/05\/space-ist-place-sun-ra-waere-heute-100-geworden\/","url":"https:\/\/www.jazzzeitung.de\/cms\/2014\/05\/space-ist-place-sun-ra-waere-heute-100-geworden\/","name":"Space ist the Place: Sun Ra w\u00e4re heute 100 geworden - JazzZeitung","isPartOf":{"@id":"https:\/\/www.jazzzeitung.de\/cms\/#website"},"primaryImageOfPage":{"@id":"https:\/\/www.jazzzeitung.de\/cms\/2014\/05\/space-ist-place-sun-ra-waere-heute-100-geworden\/#primaryimage"},"image":{"@id":"https:\/\/www.jazzzeitung.de\/cms\/2014\/05\/space-ist-place-sun-ra-waere-heute-100-geworden\/#primaryimage"},"thumbnailUrl":"http:\/\/www.jazzzeitung.de\/cms\/wp-content\/uploads\/2014\/05\/Sun-Ra-Jupiter-Cover-zugeschnitten1-150x150.jpg","datePublished":"2014-05-22T09:51:24+00:00","breadcrumb":{"@id":"https:\/\/www.jazzzeitung.de\/cms\/2014\/05\/space-ist-place-sun-ra-waere-heute-100-geworden\/#breadcrumb"},"inLanguage":"de","potentialAction":[{"@type":"ReadAction","target":["https:\/\/www.jazzzeitung.de\/cms\/2014\/05\/space-ist-place-sun-ra-waere-heute-100-geworden\/"]}]},{"@type":"ImageObject","inLanguage":"de","@id":"https:\/\/www.jazzzeitung.de\/cms\/2014\/05\/space-ist-place-sun-ra-waere-heute-100-geworden\/#primaryimage","url":"http:\/\/www.jazzzeitung.de\/cms\/wp-content\/uploads\/2014\/05\/Sun-Ra-Jupiter-Cover-zugeschnitten1-150x150.jpg","contentUrl":"http:\/\/www.jazzzeitung.de\/cms\/wp-content\/uploads\/2014\/05\/Sun-Ra-Jupiter-Cover-zugeschnitten1-150x150.jpg"},{"@type":"BreadcrumbList","@id":"https:\/\/www.jazzzeitung.de\/cms\/2014\/05\/space-ist-place-sun-ra-waere-heute-100-geworden\/#breadcrumb","itemListElement":[{"@type":"ListItem","position":1,"name":"Startseite","item":"https:\/\/www.jazzzeitung.de\/cms\/"},{"@type":"ListItem","position":2,"name":"Space ist the Place: Sun Ra w\u00e4re heute 100 geworden"}]},{"@type":"WebSite","@id":"https:\/\/www.jazzzeitung.de\/cms\/#website","url":"https:\/\/www.jazzzeitung.de\/cms\/","name":"JazzZeitung","description":"Jazz-News und Jazz-Kontroverses","publisher":{"@id":"https:\/\/www.jazzzeitung.de\/cms\/#organization"},"potentialAction":[{"@type":"SearchAction","target":{"@type":"EntryPoint","urlTemplate":"https:\/\/www.jazzzeitung.de\/cms\/?s={search_term_string}"},"query-input":{"@type":"PropertyValueSpecification","valueRequired":true,"valueName":"search_term_string"}}],"inLanguage":"de"},{"@type":"Organization","@id":"https:\/\/www.jazzzeitung.de\/cms\/#organization","name":"JazzZeitung online","url":"https:\/\/www.jazzzeitung.de\/cms\/","logo":{"@type":"ImageObject","inLanguage":"de","@id":"https:\/\/www.jazzzeitung.de\/cms\/#\/schema\/logo\/image\/","url":"https:\/\/i0.wp.com\/www.jazzzeitung.de\/cms\/wp-content\/uploads\/2015\/08\/JAZZZEITUNGDE_Logo_Neu.png?fit=499%2C200&ssl=1","contentUrl":"https:\/\/i0.wp.com\/www.jazzzeitung.de\/cms\/wp-content\/uploads\/2015\/08\/JAZZZEITUNGDE_Logo_Neu.png?fit=499%2C200&ssl=1","width":499,"height":200,"caption":"JazzZeitung online"},"image":{"@id":"https:\/\/www.jazzzeitung.de\/cms\/#\/schema\/logo\/image\/"},"sameAs":["https:\/\/www.facebook.com\/JazzZeitung\/"]},{"@type":"Person","@id":"https:\/\/www.jazzzeitung.de\/cms\/#\/schema\/person\/23954215d035da9ee48d2a2c09a4a62c","name":"Andreas Kolb","image":{"@type":"ImageObject","inLanguage":"de","@id":"https:\/\/i0.wp.com\/www.jazzzeitung.de\/cms\/wp-content\/uploads\/2013\/05\/kolb-small.jpg?resize=96%2C96&ssl=1d81fdf4aa1b2f31d206a8dd371420dd4","url":"https:\/\/i0.wp.com\/www.jazzzeitung.de\/cms\/wp-content\/uploads\/2013\/05\/kolb-small.jpg?resize=96%2C96&ssl=1","contentUrl":"https:\/\/i0.wp.com\/www.jazzzeitung.de\/cms\/wp-content\/uploads\/2013\/05\/kolb-small.jpg?resize=96%2C96&ssl=1","caption":"Andreas Kolb"},"description":"Andreas Kolb ist Chefredakteur der Jazzzeitung.","sameAs":["https:\/\/www.jazzzeitung.de"],"url":"https:\/\/www.jazzzeitung.de\/cms\/author\/kolb\/"}]}},"wp-worthy-pixel":{"ignored":false,"public":null,"server":null,"url":null},"wp-worthy-type":"normal","jetpack_publicize_connections":[],"cc_featured_image_caption":{"caption_text":false,"source_text":false,"source_url":false},"jetpack_featured_media_url":"","jetpack_shortlink":"https:\/\/wp.me\/p3KEcT-117","jetpack-related-posts":[{"id":4042,"url":"https:\/\/www.jazzzeitung.de\/cms\/2014\/06\/fulminanter-auftritt-des-sun-ra-arkestra-beim-jazzclub-regensburg\/","url_meta":{"origin":3913,"position":0},"title":"Fulminanter Auftritt des Sun Ra Arkestra beim Jazzclub Regensburg","author":"Andreas Kolb","date":"13. Juni 2014","format":false,"excerpt":"Das legend\u00e4re Sun Ra Arkestra gastierte 2014 im Rahmen einer weltweiten Jubilee-Tour anl\u00e4sslich des 100. Geburtstags seines Gr\u00fcnders Sun Ra neben Wien, Salzburg, Amsterdam, und Paris auch in Regensburg. Das Orchester begl\u00fcckte mit einem fulminanten Auftritt beim Jazzclub im Leeren Beutel alle Zuh\u00f6rer und brachte viele zum Tanzen. Michael Scheiner\u2026","rel":"","context":"In &quot;News&quot;","block_context":{"text":"News","link":"https:\/\/www.jazzzeitung.de\/cms\/thema\/nachrichten\/"},"img":{"alt_text":"Foto: Michael Scheiner","src":"https:\/\/i0.wp.com\/www.jazzzeitung.de\/cms\/wp-content\/uploads\/2014\/06\/Allen-Marshall_23.jpg?resize=350%2C200","width":350,"height":200,"srcset":"https:\/\/i0.wp.com\/www.jazzzeitung.de\/cms\/wp-content\/uploads\/2014\/06\/Allen-Marshall_23.jpg?resize=350%2C200 1x, https:\/\/i0.wp.com\/www.jazzzeitung.de\/cms\/wp-content\/uploads\/2014\/06\/Allen-Marshall_23.jpg?resize=525%2C300 1.5x, https:\/\/i0.wp.com\/www.jazzzeitung.de\/cms\/wp-content\/uploads\/2014\/06\/Allen-Marshall_23.jpg?resize=700%2C400 2x, https:\/\/i0.wp.com\/www.jazzzeitung.de\/cms\/wp-content\/uploads\/2014\/06\/Allen-Marshall_23.jpg?resize=1050%2C600 3x, https:\/\/i0.wp.com\/www.jazzzeitung.de\/cms\/wp-content\/uploads\/2014\/06\/Allen-Marshall_23.jpg?resize=1400%2C800 4x"},"classes":[]},{"id":32468,"url":"https:\/\/www.jazzzeitung.de\/cms\/2025\/04\/dream-suites-cd-von-samo-salomon\/","url_meta":{"origin":3913,"position":1},"title":"Dream Suites &#8211; CD von Samo Salomon","author":"Ursula Gaisa","date":"22. April 2025","format":false,"excerpt":"(Von Mathias B\u00e4umel) Grunds\u00e4tzlich ist es ein schwieriges Unterfangen, knapp 30 Freejazz-Musikanten zusammenzuf\u00fchren (wenngleich nicht immer alle zugleich), um ein Bigband-Konzept mit dem des Freejazz zu verbinden. Welche er-improvisierten Melodien gehen auf welche Ideen anderer Mitmusiker zur\u00fcck? Besonders herausfordernd ist das Perkussionsspiel von Bob Moses, der sich inzwischen als Ra\u2026","rel":"","context":"In &quot;Rezension&quot;","block_context":{"text":"Rezension","link":"https:\/\/www.jazzzeitung.de\/cms\/thema\/rezension\/"},"img":{"alt_text":"","src":"https:\/\/i0.wp.com\/www.jazzzeitung.de\/cms\/wp-content\/uploads\/2025\/04\/dream-suites_cover.jpg?fit=1200%2C1077&ssl=1&resize=350%2C200","width":350,"height":200,"srcset":"https:\/\/i0.wp.com\/www.jazzzeitung.de\/cms\/wp-content\/uploads\/2025\/04\/dream-suites_cover.jpg?fit=1200%2C1077&ssl=1&resize=350%2C200 1x, https:\/\/i0.wp.com\/www.jazzzeitung.de\/cms\/wp-content\/uploads\/2025\/04\/dream-suites_cover.jpg?fit=1200%2C1077&ssl=1&resize=525%2C300 1.5x, https:\/\/i0.wp.com\/www.jazzzeitung.de\/cms\/wp-content\/uploads\/2025\/04\/dream-suites_cover.jpg?fit=1200%2C1077&ssl=1&resize=700%2C400 2x, https:\/\/i0.wp.com\/www.jazzzeitung.de\/cms\/wp-content\/uploads\/2025\/04\/dream-suites_cover.jpg?fit=1200%2C1077&ssl=1&resize=1050%2C600 3x"},"classes":[]},{"id":3537,"url":"https:\/\/www.jazzzeitung.de\/cms\/2014\/02\/jazzstudio-nuernberg-feiert-60-jaehriges-bestehen-mit-jazzwoche-im-april\/","url_meta":{"origin":3913,"position":2},"title":"JazzStudio N\u00fcrnberg feiert 60-j\u00e4hriges Bestehen mit Jazzwoche im April","author":"Redaktion JazzZeitung","date":"28. Februar 2014","format":false,"excerpt":"\u201eEin Kellerloch als Tor zur Welt\u201c \u2013 so lautet der stimmige Titel eines Buches, das anl\u00e4sslich des 40-j\u00e4hrigen Jubil\u00e4ums im ConBrio Verlag erschienen ist (derzeit nur mehr antiquarisch erh\u00e4ltlich). Und treffender l\u00e4sst sich die frisch renovierte Residenz des JazzStudio N\u00fcrnberg am Fu\u00df der Burg wohl kaum umschreiben. Denn die Liste\u2026","rel":"","context":"In &quot;Clubs&quot;","block_context":{"text":"Clubs","link":"https:\/\/www.jazzzeitung.de\/cms\/thema\/clubs\/"},"img":{"alt_text":"JazzStudio_Live_2013-05-30","src":"https:\/\/i0.wp.com\/www.jazzzeitung.de\/cms\/wp-content\/uploads\/2014\/02\/JazzStudio_Live_2013-05-30-150x150.jpg?resize=350%2C200","width":350,"height":200},"classes":[]},{"id":9876,"url":"https:\/\/www.jazzzeitung.de\/cms\/2016\/08\/news30-jahre-stadtgartenjazzthe-citydas-47-deutsche-jazzfestival-frankfurt-2016\/","url_meta":{"origin":3913,"position":3},"title":"+++ News +++ Das 47. Deutsche Jazzfestival Frankfurt 2016 +++ 30 Jahre Stadtgarten +++ Jazz&#038;The City +++","author":"Redaktion JazzZeitung","date":"16. August 2016","format":false,"excerpt":"+++ F\u00fcnf Tage, drei B\u00fchnen, ein Festival - Das 47. Deutsche Jazzfestival Frankfurt 2016 +++ Vom 26. bis 30. Oktober laden 12 Musikformationen zu verschiedenen Konzerten in Frankfurt. In der 47. Ausgabe wagt das Deutsche Jazzfestival den Sprung in die City. Das Auftaktkonzert in der Alten Oper, Elektro-Sounds und Clubmusik\u2026","rel":"","context":"In &quot;News&quot;","block_context":{"text":"News","link":"https:\/\/www.jazzzeitung.de\/cms\/thema\/nachrichten\/"},"img":{"alt_text":"frankfurt","src":"https:\/\/i0.wp.com\/www.jazzzeitung.de\/cms\/wp-content\/uploads\/2016\/08\/frankfurt-150x150.jpg?resize=350%2C200","width":350,"height":200},"classes":[]},{"id":19857,"url":"https:\/\/www.jazzzeitung.de\/cms\/2019\/07\/news-romeo-franz-ensemble-beim-freisinger-jazzfest-im-schafhof-43-leipziger-jazztage-mit-herbie-hancock\/","url_meta":{"origin":3913,"position":4},"title":"+++ news +++ Romeo Franz Ensemble beim Freisinger Jazzfest im Schafhof +++ Herbie Hancock als Nachz\u00fcgler bei den 43. Leipziger Jazztagen +++","author":"Redaktion JazzZeitung","date":"2. Juli 2019","format":false,"excerpt":"Nach den beiden Musiksommern im Schafhof 2017 und 2018, zu denen jeweils \u00fcber 1.000 Besuchern kaman, l\u00e4dt der Verein 3klang e.V. am 5. und 6. Juli 2019 zum 3. Musiksommer im Schafhof ein. Am Freitag den 5. Juli beginnt das Wochenende mit dem 4. Freisinger Jazzfest. Zwischen 19.00\u00a0 und 23.00\u2026","rel":"","context":"In &quot;News&quot;","block_context":{"text":"News","link":"https:\/\/www.jazzzeitung.de\/cms\/thema\/nachrichten\/"},"img":{"alt_text":"","src":"https:\/\/i0.wp.com\/www.jazzzeitung.de\/cms\/wp-content\/uploads\/2019\/06\/Romeo-Franz1.jpg?fit=1200%2C798&ssl=1&resize=350%2C200","width":350,"height":200,"srcset":"https:\/\/i0.wp.com\/www.jazzzeitung.de\/cms\/wp-content\/uploads\/2019\/06\/Romeo-Franz1.jpg?fit=1200%2C798&ssl=1&resize=350%2C200 1x, https:\/\/i0.wp.com\/www.jazzzeitung.de\/cms\/wp-content\/uploads\/2019\/06\/Romeo-Franz1.jpg?fit=1200%2C798&ssl=1&resize=525%2C300 1.5x, https:\/\/i0.wp.com\/www.jazzzeitung.de\/cms\/wp-content\/uploads\/2019\/06\/Romeo-Franz1.jpg?fit=1200%2C798&ssl=1&resize=700%2C400 2x, https:\/\/i0.wp.com\/www.jazzzeitung.de\/cms\/wp-content\/uploads\/2019\/06\/Romeo-Franz1.jpg?fit=1200%2C798&ssl=1&resize=1050%2C600 3x"},"classes":[]},{"id":28372,"url":"https:\/\/www.jazzzeitung.de\/cms\/2022\/09\/verkoerperte-experimentierlust-zum-tod-des-saxophonisten-pharoah-sanders\/","url_meta":{"origin":3913,"position":5},"title":"Verk\u00f6rperte Experimentierlust \u2013 zum Tod des Saxophonisten Pharoah Sanders","author":"Redaktion JazzZeitung","date":"30. September 2022","format":false,"excerpt":"\"Music is the healing force of the universe\", urteilte der US-amerikanische Jazzmusiker \u00fcber sein Wirkungsfeld. Ein starkes Interesse entwickelter er dann auch in der Musik zu Fragen bez\u00fcglich der Kraft des Universums, des spirituellen Seins. Am 24. September ist Farrell \u201ePharoah\u201c Sanders im Alter von 81 Jahren in Los Angeles\u2026","rel":"","context":"In &quot;News&quot;","block_context":{"text":"News","link":"https:\/\/www.jazzzeitung.de\/cms\/thema\/nachrichten\/"},"img":{"alt_text":"","src":"https:\/\/i0.wp.com\/www.jazzzeitung.de\/cms\/wp-content\/uploads\/2022\/09\/Sanders.jpg?fit=1200%2C806&ssl=1&resize=350%2C200","width":350,"height":200,"srcset":"https:\/\/i0.wp.com\/www.jazzzeitung.de\/cms\/wp-content\/uploads\/2022\/09\/Sanders.jpg?fit=1200%2C806&ssl=1&resize=350%2C200 1x, https:\/\/i0.wp.com\/www.jazzzeitung.de\/cms\/wp-content\/uploads\/2022\/09\/Sanders.jpg?fit=1200%2C806&ssl=1&resize=525%2C300 1.5x, https:\/\/i0.wp.com\/www.jazzzeitung.de\/cms\/wp-content\/uploads\/2022\/09\/Sanders.jpg?fit=1200%2C806&ssl=1&resize=700%2C400 2x, https:\/\/i0.wp.com\/www.jazzzeitung.de\/cms\/wp-content\/uploads\/2022\/09\/Sanders.jpg?fit=1200%2C806&ssl=1&resize=1050%2C600 3x"},"classes":[]}],"jetpack_sharing_enabled":true,"_links":{"self":[{"href":"https:\/\/www.jazzzeitung.de\/cms\/wp-json\/wp\/v2\/posts\/3913","targetHints":{"allow":["GET"]}}],"collection":[{"href":"https:\/\/www.jazzzeitung.de\/cms\/wp-json\/wp\/v2\/posts"}],"about":[{"href":"https:\/\/www.jazzzeitung.de\/cms\/wp-json\/wp\/v2\/types\/post"}],"author":[{"embeddable":true,"href":"https:\/\/www.jazzzeitung.de\/cms\/wp-json\/wp\/v2\/users\/7"}],"replies":[{"embeddable":true,"href":"https:\/\/www.jazzzeitung.de\/cms\/wp-json\/wp\/v2\/comments?post=3913"}],"version-history":[{"count":4,"href":"https:\/\/www.jazzzeitung.de\/cms\/wp-json\/wp\/v2\/posts\/3913\/revisions"}],"predecessor-version":[{"id":3921,"href":"https:\/\/www.jazzzeitung.de\/cms\/wp-json\/wp\/v2\/posts\/3913\/revisions\/3921"}],"wp:attachment":[{"href":"https:\/\/www.jazzzeitung.de\/cms\/wp-json\/wp\/v2\/media?parent=3913"}],"wp:term":[{"taxonomy":"category","embeddable":true,"href":"https:\/\/www.jazzzeitung.de\/cms\/wp-json\/wp\/v2\/categories?post=3913"},{"taxonomy":"post_tag","embeddable":true,"href":"https:\/\/www.jazzzeitung.de\/cms\/wp-json\/wp\/v2\/tags?post=3913"},{"taxonomy":"author","embeddable":true,"href":"https:\/\/www.jazzzeitung.de\/cms\/wp-json\/wp\/v2\/coauthors?post=3913"}],"curies":[{"name":"wp","href":"https:\/\/api.w.org\/{rel}","templated":true}]}}