{"id":390,"date":"2010-08-24T14:49:40","date_gmt":"2010-08-24T12:49:40","guid":{"rendered":"http:\/\/blogs.nmz.de\/jazz\/2010\/08\/24\/live-band-durch-dj-ersetzt-protest-erwuenscht\/"},"modified":"2010-08-24T14:49:40","modified_gmt":"2010-08-24T12:49:40","slug":"live-band-durch-dj-ersetzt-protest-erwuenscht","status":"publish","type":"post","link":"https:\/\/www.jazzzeitung.de\/cms\/2010\/08\/live-band-durch-dj-ersetzt-protest-erwuenscht\/","title":{"rendered":"Live-Band durch DJ ersetzt &#8211; Protest erw\u00fcnscht"},"content":{"rendered":"<p>Der Pianist Walter Lang ist mit einem Anliegen an uns herangetreten, das wir hiermit unterst\u00fctzen m\u00f6chten. Hier der Wortlaut seiner Mail:<\/p>\n<p>\u201eIch hatte die letzten zw\u00f6lf Jahre einen tollen Job in der Band Trio La Haze, die jeden Sonntag die Fernsehsendung Doppelpass auf Sport1 von 11 bis 13 Uhr begleitet hat. Es ist eine seri\u00f6se bis unterhaltsame Fu\u00dfball-Talkshow und wurde seit zehn Jahren von der Band mit klassischem Jazz und Bossa Nova begleitet. Jetzt wurden wir kurz vor Start der neuen Saison durch einen DJ ersetzt. Die erste Sendung war letzten Sonntag, und es hat bereits auf der facebook-Seite der Sendung einige Kommentare von Fans gegeben, die die Band vermissen. Wir hoffen, dass die Marketing-Abteilung von Sport1 ihre Entscheidung noch einmal \u00fcberdenkt.<br \/>\nFalls Sie eine Minute haben, schreiben Sie doch bitte ein Mail, in der Sie bedauern\/sich beschweren, dass das Trio La Haze nicht mehr in der Sendung zu h\u00f6ren ist, Sie die Band\/den coolen Sound vermissen, sie finden, dass eine Sendung solchen Formats eine Live-Band braucht, ein DJ eine \u00e4rmliche L\u00f6sung ist, oder irgendwas in der Art. Eine kurze Nachricht reicht v\u00f6llig.<br \/>\nAls facebook-Mitglied am Besten unter http:\/\/www.facebook.com\/Doppelpass auf &#8222;like&#8220; klicken und dann einen Kommentar posten. Oder eine E-Mail an zuschauerredaktion@sport1.de\u201c<\/p>\n","protected":false},"excerpt":{"rendered":"<p>Der Pianist Walter Lang ist mit einem Anliegen an uns herangetreten, das wir hiermit unterst\u00fctzen m\u00f6chten. Hier der Wortlaut seiner Mail: \u201eIch hatte die letzten zw\u00f6lf Jahre einen tollen Job in der Band Trio La Haze, die jeden Sonntag die Fernsehsendung Doppelpass auf Sport1 von 11 bis 13 Uhr begleitet hat. Es ist eine seri\u00f6se bis unterhaltsame Fu\u00dfball-Talkshow und wurde seit zehn Jahren von der Band mit klassischem Jazz und Bossa Nova begleitet. Jetzt wurden wir kurz vor Start der neuen Saison durch einen DJ ersetzt. Die erste Sendung war letzten Sonntag, und es hat bereits auf der facebook-Seite der Sendung einige Kommentare von Fans gegeben, die die Band vermissen. Wir hoffen, dass die Marketing-Abteilung von Sport1 ihre Entscheidung noch einmal \u00fcberdenkt. Falls Sie eine Minute haben, schreiben Sie doch bitte ein Mail, in der Sie bedauern\/sich beschweren, dass das Trio La Haze nicht mehr in der Sendung zu h\u00f6ren ist, Sie die Band\/den coolen Sound vermissen, sie finden, dass eine Sendung solchen Formats eine Live-Band braucht, ein DJ eine \u00e4rmliche L\u00f6sung ist, oder irgendwas in der Art. Eine kurze Nachricht reicht v\u00f6llig. Als facebook-Mitglied &hellip;<\/p>\n","protected":false},"author":6,"featured_media":0,"comment_status":"open","ping_status":"open","sticky":false,"template":"","format":"standard","meta":{"_jetpack_memberships_contains_paid_content":false,"footnotes":"","jetpack_publicize_message":"","jetpack_publicize_feature_enabled":true,"jetpack_social_post_already_shared":false,"jetpack_social_options":{"image_generator_settings":{"template":"highway","default_image_id":0,"font":"","enabled":false},"version":2}},"categories":[82],"tags":[171,496,514,560,586],"coauthors":[],"class_list":["post-390","post","type-post","status-publish","format-standard","hentry","category-blog","tag-facebook","tag-sendung","tag-sport1","tag-trio-la-haze","tag-walter-lang"],"yoast_head":"<!-- This site is optimized with the Yoast SEO plugin v27.5 - https:\/\/yoast.com\/product\/yoast-seo-wordpress\/ -->\n<title>Live-Band durch DJ ersetzt - Protest erw\u00fcnscht - JazzZeitung<\/title>\n<meta name=\"robots\" content=\"index, follow, max-snippet:-1, max-image-preview:large, max-video-preview:-1\" \/>\n<link rel=\"canonical\" href=\"https:\/\/www.jazzzeitung.de\/cms\/2010\/08\/live-band-durch-dj-ersetzt-protest-erwuenscht\/\" \/>\n<meta property=\"og:locale\" content=\"de_DE\" \/>\n<meta property=\"og:type\" content=\"article\" \/>\n<meta property=\"og:title\" content=\"Live-Band durch DJ ersetzt - Protest erw\u00fcnscht - JazzZeitung\" \/>\n<meta property=\"og:description\" content=\"Der Pianist Walter Lang ist mit einem Anliegen an uns herangetreten, das wir hiermit unterst\u00fctzen m\u00f6chten. Hier der Wortlaut seiner Mail: \u201eIch hatte die letzten zw\u00f6lf Jahre einen tollen Job in der Band Trio La Haze, die jeden Sonntag die Fernsehsendung Doppelpass auf Sport1 von 11 bis 13 Uhr begleitet hat. Es ist eine seri\u00f6se bis unterhaltsame Fu\u00dfball-Talkshow und wurde seit zehn Jahren von der Band mit klassischem Jazz und Bossa Nova begleitet. Jetzt wurden wir kurz vor Start der neuen Saison durch einen DJ ersetzt. Die erste Sendung war letzten Sonntag, und es hat bereits auf der facebook-Seite der Sendung einige Kommentare von Fans gegeben, die die Band vermissen. Wir hoffen, dass die Marketing-Abteilung von Sport1 ihre Entscheidung noch einmal \u00fcberdenkt. Falls Sie eine Minute haben, schreiben Sie doch bitte ein Mail, in der Sie bedauern\/sich beschweren, dass das Trio La Haze nicht mehr in der Sendung zu h\u00f6ren ist, Sie die Band\/den coolen Sound vermissen, sie finden, dass eine Sendung solchen Formats eine Live-Band braucht, ein DJ eine \u00e4rmliche L\u00f6sung ist, oder irgendwas in der Art. Eine kurze Nachricht reicht v\u00f6llig. Als facebook-Mitglied &hellip;\" \/>\n<meta property=\"og:url\" content=\"https:\/\/www.jazzzeitung.de\/cms\/2010\/08\/live-band-durch-dj-ersetzt-protest-erwuenscht\/\" \/>\n<meta property=\"og:site_name\" content=\"JazzZeitung\" \/>\n<meta property=\"article:publisher\" content=\"https:\/\/www.facebook.com\/JazzZeitung\/\" \/>\n<meta property=\"article:published_time\" content=\"2010-08-24T12:49:40+00:00\" \/>\n<meta property=\"og:image\" content=\"https:\/\/i0.wp.com\/www.jazzzeitung.de\/cms\/wp-content\/uploads\/2012\/01\/ipad-logo-200.png?fit=200%2C200&ssl=1\" \/>\n\t<meta property=\"og:image:width\" content=\"200\" \/>\n\t<meta property=\"og:image:height\" content=\"200\" \/>\n\t<meta property=\"og:image:type\" content=\"image\/png\" \/>\n<meta name=\"author\" content=\"Ursula Gaisa\" \/>\n<script type=\"application\/ld+json\" class=\"yoast-schema-graph\">{\"@context\":\"https:\\\/\\\/schema.org\",\"@graph\":[{\"@type\":\"Article\",\"@id\":\"https:\\\/\\\/www.jazzzeitung.de\\\/cms\\\/2010\\\/08\\\/live-band-durch-dj-ersetzt-protest-erwuenscht\\\/#article\",\"isPartOf\":{\"@id\":\"https:\\\/\\\/www.jazzzeitung.de\\\/cms\\\/2010\\\/08\\\/live-band-durch-dj-ersetzt-protest-erwuenscht\\\/\"},\"author\":{\"name\":\"Ursula Gaisa\",\"@id\":\"https:\\\/\\\/www.jazzzeitung.de\\\/cms\\\/#\\\/schema\\\/person\\\/1d7707f8668f083601157be48b16fe1b\"},\"headline\":\"Live-Band durch DJ ersetzt &#8211; Protest erw\u00fcnscht\",\"datePublished\":\"2010-08-24T12:49:40+00:00\",\"mainEntityOfPage\":{\"@id\":\"https:\\\/\\\/www.jazzzeitung.de\\\/cms\\\/2010\\\/08\\\/live-band-durch-dj-ersetzt-protest-erwuenscht\\\/\"},\"wordCount\":224,\"commentCount\":5,\"publisher\":{\"@id\":\"https:\\\/\\\/www.jazzzeitung.de\\\/cms\\\/#organization\"},\"keywords\":[\"facebook\",\"Sendung\",\"Sport1\",\"Trio la Haze\",\"Walter Lang\"],\"articleSection\":[\"Blog\"],\"inLanguage\":\"de\",\"potentialAction\":[{\"@type\":\"CommentAction\",\"name\":\"Comment\",\"target\":[\"https:\\\/\\\/www.jazzzeitung.de\\\/cms\\\/2010\\\/08\\\/live-band-durch-dj-ersetzt-protest-erwuenscht\\\/#respond\"]}]},{\"@type\":\"WebPage\",\"@id\":\"https:\\\/\\\/www.jazzzeitung.de\\\/cms\\\/2010\\\/08\\\/live-band-durch-dj-ersetzt-protest-erwuenscht\\\/\",\"url\":\"https:\\\/\\\/www.jazzzeitung.de\\\/cms\\\/2010\\\/08\\\/live-band-durch-dj-ersetzt-protest-erwuenscht\\\/\",\"name\":\"Live-Band durch DJ ersetzt - Protest erw\u00fcnscht - JazzZeitung\",\"isPartOf\":{\"@id\":\"https:\\\/\\\/www.jazzzeitung.de\\\/cms\\\/#website\"},\"datePublished\":\"2010-08-24T12:49:40+00:00\",\"breadcrumb\":{\"@id\":\"https:\\\/\\\/www.jazzzeitung.de\\\/cms\\\/2010\\\/08\\\/live-band-durch-dj-ersetzt-protest-erwuenscht\\\/#breadcrumb\"},\"inLanguage\":\"de\",\"potentialAction\":[{\"@type\":\"ReadAction\",\"target\":[\"https:\\\/\\\/www.jazzzeitung.de\\\/cms\\\/2010\\\/08\\\/live-band-durch-dj-ersetzt-protest-erwuenscht\\\/\"]}]},{\"@type\":\"BreadcrumbList\",\"@id\":\"https:\\\/\\\/www.jazzzeitung.de\\\/cms\\\/2010\\\/08\\\/live-band-durch-dj-ersetzt-protest-erwuenscht\\\/#breadcrumb\",\"itemListElement\":[{\"@type\":\"ListItem\",\"position\":1,\"name\":\"Startseite\",\"item\":\"https:\\\/\\\/www.jazzzeitung.de\\\/cms\\\/\"},{\"@type\":\"ListItem\",\"position\":2,\"name\":\"Live-Band durch DJ ersetzt &#8211; Protest erw\u00fcnscht\"}]},{\"@type\":\"WebSite\",\"@id\":\"https:\\\/\\\/www.jazzzeitung.de\\\/cms\\\/#website\",\"url\":\"https:\\\/\\\/www.jazzzeitung.de\\\/cms\\\/\",\"name\":\"JazzZeitung\",\"description\":\"Jazz-News und Jazz-Kontroverses\",\"publisher\":{\"@id\":\"https:\\\/\\\/www.jazzzeitung.de\\\/cms\\\/#organization\"},\"potentialAction\":[{\"@type\":\"SearchAction\",\"target\":{\"@type\":\"EntryPoint\",\"urlTemplate\":\"https:\\\/\\\/www.jazzzeitung.de\\\/cms\\\/?s={search_term_string}\"},\"query-input\":{\"@type\":\"PropertyValueSpecification\",\"valueRequired\":true,\"valueName\":\"search_term_string\"}}],\"inLanguage\":\"de\"},{\"@type\":\"Organization\",\"@id\":\"https:\\\/\\\/www.jazzzeitung.de\\\/cms\\\/#organization\",\"name\":\"JazzZeitung online\",\"url\":\"https:\\\/\\\/www.jazzzeitung.de\\\/cms\\\/\",\"logo\":{\"@type\":\"ImageObject\",\"inLanguage\":\"de\",\"@id\":\"https:\\\/\\\/www.jazzzeitung.de\\\/cms\\\/#\\\/schema\\\/logo\\\/image\\\/\",\"url\":\"https:\\\/\\\/i0.wp.com\\\/www.jazzzeitung.de\\\/cms\\\/wp-content\\\/uploads\\\/2015\\\/08\\\/JAZZZEITUNGDE_Logo_Neu.png?fit=499%2C200&ssl=1\",\"contentUrl\":\"https:\\\/\\\/i0.wp.com\\\/www.jazzzeitung.de\\\/cms\\\/wp-content\\\/uploads\\\/2015\\\/08\\\/JAZZZEITUNGDE_Logo_Neu.png?fit=499%2C200&ssl=1\",\"width\":499,\"height\":200,\"caption\":\"JazzZeitung online\"},\"image\":{\"@id\":\"https:\\\/\\\/www.jazzzeitung.de\\\/cms\\\/#\\\/schema\\\/logo\\\/image\\\/\"},\"sameAs\":[\"https:\\\/\\\/www.facebook.com\\\/JazzZeitung\\\/\"]},{\"@type\":\"Person\",\"@id\":\"https:\\\/\\\/www.jazzzeitung.de\\\/cms\\\/#\\\/schema\\\/person\\\/1d7707f8668f083601157be48b16fe1b\",\"name\":\"Ursula Gaisa\",\"image\":{\"@type\":\"ImageObject\",\"inLanguage\":\"de\",\"@id\":\"https:\\\/\\\/secure.gravatar.com\\\/avatar\\\/b9c23f3e1855277dfcc4682042bfb89dce806656872e44d5f2f2670a602ecfde?s=96&d=wp_user_avatar&r=g2a222bd83deef568a70b811610d29664\",\"url\":\"https:\\\/\\\/secure.gravatar.com\\\/avatar\\\/b9c23f3e1855277dfcc4682042bfb89dce806656872e44d5f2f2670a602ecfde?s=96&d=wp_user_avatar&r=g\",\"contentUrl\":\"https:\\\/\\\/secure.gravatar.com\\\/avatar\\\/b9c23f3e1855277dfcc4682042bfb89dce806656872e44d5f2f2670a602ecfde?s=96&d=wp_user_avatar&r=g\",\"caption\":\"Ursula Gaisa\"},\"url\":\"https:\\\/\\\/www.jazzzeitung.de\\\/cms\\\/author\\\/gaisa\\\/\"}]}<\/script>\n<!-- \/ Yoast SEO plugin. -->","yoast_head_json":{"title":"Live-Band durch DJ ersetzt - Protest erw\u00fcnscht - JazzZeitung","robots":{"index":"index","follow":"follow","max-snippet":"max-snippet:-1","max-image-preview":"max-image-preview:large","max-video-preview":"max-video-preview:-1"},"canonical":"https:\/\/www.jazzzeitung.de\/cms\/2010\/08\/live-band-durch-dj-ersetzt-protest-erwuenscht\/","og_locale":"de_DE","og_type":"article","og_title":"Live-Band durch DJ ersetzt - Protest erw\u00fcnscht - JazzZeitung","og_description":"Der Pianist Walter Lang ist mit einem Anliegen an uns herangetreten, das wir hiermit unterst\u00fctzen m\u00f6chten. Hier der Wortlaut seiner Mail: \u201eIch hatte die letzten zw\u00f6lf Jahre einen tollen Job in der Band Trio La Haze, die jeden Sonntag die Fernsehsendung Doppelpass auf Sport1 von 11 bis 13 Uhr begleitet hat. Es ist eine seri\u00f6se bis unterhaltsame Fu\u00dfball-Talkshow und wurde seit zehn Jahren von der Band mit klassischem Jazz und Bossa Nova begleitet. Jetzt wurden wir kurz vor Start der neuen Saison durch einen DJ ersetzt. Die erste Sendung war letzten Sonntag, und es hat bereits auf der facebook-Seite der Sendung einige Kommentare von Fans gegeben, die die Band vermissen. Wir hoffen, dass die Marketing-Abteilung von Sport1 ihre Entscheidung noch einmal \u00fcberdenkt. Falls Sie eine Minute haben, schreiben Sie doch bitte ein Mail, in der Sie bedauern\/sich beschweren, dass das Trio La Haze nicht mehr in der Sendung zu h\u00f6ren ist, Sie die Band\/den coolen Sound vermissen, sie finden, dass eine Sendung solchen Formats eine Live-Band braucht, ein DJ eine \u00e4rmliche L\u00f6sung ist, oder irgendwas in der Art. Eine kurze Nachricht reicht v\u00f6llig. Als facebook-Mitglied &hellip;","og_url":"https:\/\/www.jazzzeitung.de\/cms\/2010\/08\/live-band-durch-dj-ersetzt-protest-erwuenscht\/","og_site_name":"JazzZeitung","article_publisher":"https:\/\/www.facebook.com\/JazzZeitung\/","article_published_time":"2010-08-24T12:49:40+00:00","og_image":[{"width":200,"height":200,"url":"https:\/\/i0.wp.com\/www.jazzzeitung.de\/cms\/wp-content\/uploads\/2012\/01\/ipad-logo-200.png?fit=200%2C200&ssl=1","type":"image\/png"}],"author":"Ursula Gaisa","schema":{"@context":"https:\/\/schema.org","@graph":[{"@type":"Article","@id":"https:\/\/www.jazzzeitung.de\/cms\/2010\/08\/live-band-durch-dj-ersetzt-protest-erwuenscht\/#article","isPartOf":{"@id":"https:\/\/www.jazzzeitung.de\/cms\/2010\/08\/live-band-durch-dj-ersetzt-protest-erwuenscht\/"},"author":{"name":"Ursula Gaisa","@id":"https:\/\/www.jazzzeitung.de\/cms\/#\/schema\/person\/1d7707f8668f083601157be48b16fe1b"},"headline":"Live-Band durch DJ ersetzt &#8211; Protest erw\u00fcnscht","datePublished":"2010-08-24T12:49:40+00:00","mainEntityOfPage":{"@id":"https:\/\/www.jazzzeitung.de\/cms\/2010\/08\/live-band-durch-dj-ersetzt-protest-erwuenscht\/"},"wordCount":224,"commentCount":5,"publisher":{"@id":"https:\/\/www.jazzzeitung.de\/cms\/#organization"},"keywords":["facebook","Sendung","Sport1","Trio la Haze","Walter Lang"],"articleSection":["Blog"],"inLanguage":"de","potentialAction":[{"@type":"CommentAction","name":"Comment","target":["https:\/\/www.jazzzeitung.de\/cms\/2010\/08\/live-band-durch-dj-ersetzt-protest-erwuenscht\/#respond"]}]},{"@type":"WebPage","@id":"https:\/\/www.jazzzeitung.de\/cms\/2010\/08\/live-band-durch-dj-ersetzt-protest-erwuenscht\/","url":"https:\/\/www.jazzzeitung.de\/cms\/2010\/08\/live-band-durch-dj-ersetzt-protest-erwuenscht\/","name":"Live-Band durch DJ ersetzt - Protest erw\u00fcnscht - JazzZeitung","isPartOf":{"@id":"https:\/\/www.jazzzeitung.de\/cms\/#website"},"datePublished":"2010-08-24T12:49:40+00:00","breadcrumb":{"@id":"https:\/\/www.jazzzeitung.de\/cms\/2010\/08\/live-band-durch-dj-ersetzt-protest-erwuenscht\/#breadcrumb"},"inLanguage":"de","potentialAction":[{"@type":"ReadAction","target":["https:\/\/www.jazzzeitung.de\/cms\/2010\/08\/live-band-durch-dj-ersetzt-protest-erwuenscht\/"]}]},{"@type":"BreadcrumbList","@id":"https:\/\/www.jazzzeitung.de\/cms\/2010\/08\/live-band-durch-dj-ersetzt-protest-erwuenscht\/#breadcrumb","itemListElement":[{"@type":"ListItem","position":1,"name":"Startseite","item":"https:\/\/www.jazzzeitung.de\/cms\/"},{"@type":"ListItem","position":2,"name":"Live-Band durch DJ ersetzt &#8211; Protest erw\u00fcnscht"}]},{"@type":"WebSite","@id":"https:\/\/www.jazzzeitung.de\/cms\/#website","url":"https:\/\/www.jazzzeitung.de\/cms\/","name":"JazzZeitung","description":"Jazz-News und Jazz-Kontroverses","publisher":{"@id":"https:\/\/www.jazzzeitung.de\/cms\/#organization"},"potentialAction":[{"@type":"SearchAction","target":{"@type":"EntryPoint","urlTemplate":"https:\/\/www.jazzzeitung.de\/cms\/?s={search_term_string}"},"query-input":{"@type":"PropertyValueSpecification","valueRequired":true,"valueName":"search_term_string"}}],"inLanguage":"de"},{"@type":"Organization","@id":"https:\/\/www.jazzzeitung.de\/cms\/#organization","name":"JazzZeitung online","url":"https:\/\/www.jazzzeitung.de\/cms\/","logo":{"@type":"ImageObject","inLanguage":"de","@id":"https:\/\/www.jazzzeitung.de\/cms\/#\/schema\/logo\/image\/","url":"https:\/\/i0.wp.com\/www.jazzzeitung.de\/cms\/wp-content\/uploads\/2015\/08\/JAZZZEITUNGDE_Logo_Neu.png?fit=499%2C200&ssl=1","contentUrl":"https:\/\/i0.wp.com\/www.jazzzeitung.de\/cms\/wp-content\/uploads\/2015\/08\/JAZZZEITUNGDE_Logo_Neu.png?fit=499%2C200&ssl=1","width":499,"height":200,"caption":"JazzZeitung online"},"image":{"@id":"https:\/\/www.jazzzeitung.de\/cms\/#\/schema\/logo\/image\/"},"sameAs":["https:\/\/www.facebook.com\/JazzZeitung\/"]},{"@type":"Person","@id":"https:\/\/www.jazzzeitung.de\/cms\/#\/schema\/person\/1d7707f8668f083601157be48b16fe1b","name":"Ursula Gaisa","image":{"@type":"ImageObject","inLanguage":"de","@id":"https:\/\/secure.gravatar.com\/avatar\/b9c23f3e1855277dfcc4682042bfb89dce806656872e44d5f2f2670a602ecfde?s=96&d=wp_user_avatar&r=g2a222bd83deef568a70b811610d29664","url":"https:\/\/secure.gravatar.com\/avatar\/b9c23f3e1855277dfcc4682042bfb89dce806656872e44d5f2f2670a602ecfde?s=96&d=wp_user_avatar&r=g","contentUrl":"https:\/\/secure.gravatar.com\/avatar\/b9c23f3e1855277dfcc4682042bfb89dce806656872e44d5f2f2670a602ecfde?s=96&d=wp_user_avatar&r=g","caption":"Ursula Gaisa"},"url":"https:\/\/www.jazzzeitung.de\/cms\/author\/gaisa\/"}]}},"wp-worthy-pixel":{"ignored":false,"public":null,"server":null,"url":null},"wp-worthy-type":"normal","jetpack_publicize_connections":[],"cc_featured_image_caption":{"caption_text":false,"source_text":false,"source_url":false},"jetpack_featured_media_url":"","jetpack_shortlink":"https:\/\/wp.me\/p3KEcT-6i","jetpack-related-posts":[{"id":14034,"url":"https:\/\/www.jazzzeitung.de\/cms\/2017\/10\/der-jazz-praesident-und-die-jazzgeschichte\/","url_meta":{"origin":390,"position":0},"title":"Der Jazz-Pr\u00e4sident und die Jazzgeschichte","author":"Huflaikhan","date":"31. Oktober 2017","format":false,"excerpt":"Anl\u00e4sslich des diesj\u00e4hrigen Jazzfests Berlin hat Bundespr\u00e4sident Frank-Walter Steinmeier die Pforten seiner Berliner Residenz f\u00fcr ein Wandelkonzert ge\u00f6ffnet. Mit von der Partie: \u201eJulia H\u00fclsmann, Lucia Cadotsch, Lucy Railton, und Kit Downes sowie die Band Empirical mit Nathaniel Facey, Lewis Wright, Andreas Lang und Shaney Forbes.\u201c W\u00e4hrend seiner Ansprache outete sich\u2026","rel":"","context":"In &quot;Blog&quot;","block_context":{"text":"Blog","link":"https:\/\/www.jazzzeitung.de\/cms\/thema\/blog\/"},"img":{"alt_text":"Leben in Berlin. Foto: Hufner","src":"https:\/\/i0.wp.com\/www.jazzzeitung.de\/cms\/wp-content\/uploads\/2017\/10\/hund_in_ubahn_c_hufner.jpg?fit=1200%2C795&ssl=1&resize=350%2C200","width":350,"height":200,"srcset":"https:\/\/i0.wp.com\/www.jazzzeitung.de\/cms\/wp-content\/uploads\/2017\/10\/hund_in_ubahn_c_hufner.jpg?fit=1200%2C795&ssl=1&resize=350%2C200 1x, https:\/\/i0.wp.com\/www.jazzzeitung.de\/cms\/wp-content\/uploads\/2017\/10\/hund_in_ubahn_c_hufner.jpg?fit=1200%2C795&ssl=1&resize=525%2C300 1.5x, https:\/\/i0.wp.com\/www.jazzzeitung.de\/cms\/wp-content\/uploads\/2017\/10\/hund_in_ubahn_c_hufner.jpg?fit=1200%2C795&ssl=1&resize=700%2C400 2x, https:\/\/i0.wp.com\/www.jazzzeitung.de\/cms\/wp-content\/uploads\/2017\/10\/hund_in_ubahn_c_hufner.jpg?fit=1200%2C795&ssl=1&resize=1050%2C600 3x"},"classes":[]},{"id":33149,"url":"https:\/\/www.jazzzeitung.de\/cms\/2025\/10\/die-protonenfette-jazz-radiowoche-vom-06-10-2025-bis-12-10-2025-2\/","url_meta":{"origin":390,"position":1},"title":"Die atomgro\u00dfe Jazz-Radiowoche vom 06.10.2025 bis 12.10.2025","author":"Martin Hufner","date":"5. Oktober 2025","format":false,"excerpt":"Jazz im Radio \u2013 Jeden Sonntag gibt es um 12 Uhr unsere \u00dcbersicht f\u00fcr die jeweils nachfolgende Woche. Die #Jazz-Radiowoche vom 06.10. bis zum 12.10.2025. Erheblich d\u00fcnn! Auch als PDF zum Download \u2013 #Jazz #JazzZeitung #Radio #Radiowoche \u2013 Ein Service unserer Online-Redaktion.","rel":"","context":"In &quot;News&quot;","block_context":{"text":"News","link":"https:\/\/www.jazzzeitung.de\/cms\/thema\/nachrichten\/"},"img":{"alt_text":"Im G\u00e4stezimmer des Lebens. Foto: Hufner","src":"https:\/\/i0.wp.com\/www.jazzzeitung.de\/cms\/wp-content\/uploads\/2025\/10\/gaestezimmer.jpg?fit=960%2C1200&ssl=1&resize=350%2C200","width":350,"height":200,"srcset":"https:\/\/i0.wp.com\/www.jazzzeitung.de\/cms\/wp-content\/uploads\/2025\/10\/gaestezimmer.jpg?fit=960%2C1200&ssl=1&resize=350%2C200 1x, https:\/\/i0.wp.com\/www.jazzzeitung.de\/cms\/wp-content\/uploads\/2025\/10\/gaestezimmer.jpg?fit=960%2C1200&ssl=1&resize=525%2C300 1.5x, https:\/\/i0.wp.com\/www.jazzzeitung.de\/cms\/wp-content\/uploads\/2025\/10\/gaestezimmer.jpg?fit=960%2C1200&ssl=1&resize=700%2C400 2x"},"classes":[]},{"id":32440,"url":"https:\/\/www.jazzzeitung.de\/cms\/2025\/04\/die-eingeschmolzene-jazz-radiowoche-vom-14-04-2025-bis-20-04-2025\/","url_meta":{"origin":390,"position":2},"title":"Die eingeschmolzene Jazz-Radiowoche vom 14.04.2025 bis 20.04.2025","author":"Martin Hufner","date":"13. April 2025","format":false,"excerpt":"Jazz im Radio \u2013 Jeden Sonntag gibt es um 12 Uhr unsere \u00dcbersicht f\u00fcr die jeweils nachfolgende Woche. Die #Jazz-Radiowoche vom 14. bis 20. April 2025. Erheblich ausged\u00fcnnt. Die ARD schafft ihr Radio gewisserma\u00dfen ab. Auch als PDF zum Download \u2013 #Jazz #JazzZeitung #Radio #Radiowoche \u2013 Ein Service unserer Online-Redaktion.","rel":"","context":"In &quot;News&quot;","block_context":{"text":"News","link":"https:\/\/www.jazzzeitung.de\/cms\/thema\/nachrichten\/"},"img":{"alt_text":"Das Wetter. Foto: Hufner","src":"https:\/\/i0.wp.com\/www.jazzzeitung.de\/cms\/wp-content\/uploads\/2025\/04\/regenbogen_wetter.jpg?fit=1200%2C674&ssl=1&resize=350%2C200","width":350,"height":200,"srcset":"https:\/\/i0.wp.com\/www.jazzzeitung.de\/cms\/wp-content\/uploads\/2025\/04\/regenbogen_wetter.jpg?fit=1200%2C674&ssl=1&resize=350%2C200 1x, https:\/\/i0.wp.com\/www.jazzzeitung.de\/cms\/wp-content\/uploads\/2025\/04\/regenbogen_wetter.jpg?fit=1200%2C674&ssl=1&resize=525%2C300 1.5x, https:\/\/i0.wp.com\/www.jazzzeitung.de\/cms\/wp-content\/uploads\/2025\/04\/regenbogen_wetter.jpg?fit=1200%2C674&ssl=1&resize=700%2C400 2x, https:\/\/i0.wp.com\/www.jazzzeitung.de\/cms\/wp-content\/uploads\/2025\/04\/regenbogen_wetter.jpg?fit=1200%2C674&ssl=1&resize=1050%2C600 3x"},"classes":[]},{"id":31875,"url":"https:\/\/www.jazzzeitung.de\/cms\/2024\/11\/die-geschmolzene-jazz-radiowoche-vom-18-11-2024-bis-24-11-2024\/","url_meta":{"origin":390,"position":3},"title":"Die geschmolzene Jazz-Radiowoche vom 18.11.2024 bis 24.11.2024","author":"Martin Hufner","date":"17. November 2024","format":false,"excerpt":"Jazz im Radio \u2013 Jeden Sonntag gibt es um 12 Uhr unsere \u00dcbersicht f\u00fcr die jeweils nachfolgende Woche. Die #Jazz-Radiowoche vom 18. bis 24. November 2024. Erheblich ausged\u00fcnnt. Die ARD schafft ihr Radio gewisserma\u00dfen ab. Auch als PDF zum Download \u2013 #Jazz #JazzZeitung #Radio #Radiowoche \u2013 Ein Service unserer Online-Redaktion.","rel":"","context":"In &quot;News&quot;","block_context":{"text":"News","link":"https:\/\/www.jazzzeitung.de\/cms\/thema\/nachrichten\/"},"img":{"alt_text":"Schnitt durch Strom. MH","src":"https:\/\/i0.wp.com\/www.jazzzeitung.de\/cms\/wp-content\/uploads\/2024\/11\/Schnitt-durch-Strom.-MH.jpg?fit=1200%2C1200&ssl=1&resize=350%2C200","width":350,"height":200,"srcset":"https:\/\/i0.wp.com\/www.jazzzeitung.de\/cms\/wp-content\/uploads\/2024\/11\/Schnitt-durch-Strom.-MH.jpg?fit=1200%2C1200&ssl=1&resize=350%2C200 1x, https:\/\/i0.wp.com\/www.jazzzeitung.de\/cms\/wp-content\/uploads\/2024\/11\/Schnitt-durch-Strom.-MH.jpg?fit=1200%2C1200&ssl=1&resize=525%2C300 1.5x, https:\/\/i0.wp.com\/www.jazzzeitung.de\/cms\/wp-content\/uploads\/2024\/11\/Schnitt-durch-Strom.-MH.jpg?fit=1200%2C1200&ssl=1&resize=700%2C400 2x, https:\/\/i0.wp.com\/www.jazzzeitung.de\/cms\/wp-content\/uploads\/2024\/11\/Schnitt-durch-Strom.-MH.jpg?fit=1200%2C1200&ssl=1&resize=1050%2C600 3x"},"classes":[]},{"id":31541,"url":"https:\/\/www.jazzzeitung.de\/cms\/2024\/08\/die-erweiterte-jazz-radiowoche-vom-26-08-2024-bis-01-09-2024\/","url_meta":{"origin":390,"position":4},"title":"Die erweiterte Jazz-Radiowoche vom 26.08.2024 bis 01.09.2024","author":"Martin Hufner","date":"25. August 2024","format":false,"excerpt":"Jazz im Radio \u2013 Jeden Sonntag gibt es um 12 Uhr unsere \u00dcbersicht f\u00fcr die jeweils nachfolgende Woche. Die #Jazz-Radiowoche vom 26. August bis zum 1. September 2024. Auch als PDF zum Download \u2013 #Jazz #JazzZeitung #Radio #Radiowoche \u2013 Ein Service unserer Online-Redaktion.","rel":"","context":"In &quot;News&quot;","block_context":{"text":"News","link":"https:\/\/www.jazzzeitung.de\/cms\/thema\/nachrichten\/"},"img":{"alt_text":"Landleben. Foto: Hufner","src":"https:\/\/i0.wp.com\/www.jazzzeitung.de\/cms\/wp-content\/uploads\/2024\/08\/Altes-aus-dem-Archiv.-Hier-Linum-in-Brandenburg.-Alles-fuer-3-Euro.MH_.jpg?fit=1200%2C803&ssl=1&resize=350%2C200","width":350,"height":200,"srcset":"https:\/\/i0.wp.com\/www.jazzzeitung.de\/cms\/wp-content\/uploads\/2024\/08\/Altes-aus-dem-Archiv.-Hier-Linum-in-Brandenburg.-Alles-fuer-3-Euro.MH_.jpg?fit=1200%2C803&ssl=1&resize=350%2C200 1x, https:\/\/i0.wp.com\/www.jazzzeitung.de\/cms\/wp-content\/uploads\/2024\/08\/Altes-aus-dem-Archiv.-Hier-Linum-in-Brandenburg.-Alles-fuer-3-Euro.MH_.jpg?fit=1200%2C803&ssl=1&resize=525%2C300 1.5x, https:\/\/i0.wp.com\/www.jazzzeitung.de\/cms\/wp-content\/uploads\/2024\/08\/Altes-aus-dem-Archiv.-Hier-Linum-in-Brandenburg.-Alles-fuer-3-Euro.MH_.jpg?fit=1200%2C803&ssl=1&resize=700%2C400 2x, https:\/\/i0.wp.com\/www.jazzzeitung.de\/cms\/wp-content\/uploads\/2024\/08\/Altes-aus-dem-Archiv.-Hier-Linum-in-Brandenburg.-Alles-fuer-3-Euro.MH_.jpg?fit=1200%2C803&ssl=1&resize=1050%2C600 3x"},"classes":[]},{"id":32287,"url":"https:\/\/www.jazzzeitung.de\/cms\/2025\/03\/die-eingeschmolzene-jazz-radiowoche-vom-03-03-2025-bis-10-03-2025\/","url_meta":{"origin":390,"position":5},"title":"Die eingeschmolzene Jazz-Radiowoche vom 03.03.2025 bis 10.03.2025","author":"Martin Hufner","date":"2. M\u00e4rz 2025","format":false,"excerpt":"Jazz im Radio \u2013 Jeden Sonntag gibt es um 12 Uhr unsere \u00dcbersicht f\u00fcr die jeweils nachfolgende Woche. Die #Jazz-Radiowoche vom 3. bis zum 10. M\u00e4rz 2025. Erheblich ausged\u00fcnnt. Die ARD schafft ihr Radio gewisserma\u00dfen ab. Auch als PDF zum Download \u2013 #Jazz #JazzZeitung #Radio #Radiowoche \u2013 Ein Service unserer\u2026","rel":"","context":"In &quot;News&quot;","block_context":{"text":"News","link":"https:\/\/www.jazzzeitung.de\/cms\/thema\/nachrichten\/"},"img":{"alt_text":"Ungemalt. Foto: Hufner","src":"https:\/\/i0.wp.com\/www.jazzzeitung.de\/cms\/wp-content\/uploads\/2025\/02\/malerei2.jpg?fit=1200%2C1200&ssl=1&resize=350%2C200","width":350,"height":200,"srcset":"https:\/\/i0.wp.com\/www.jazzzeitung.de\/cms\/wp-content\/uploads\/2025\/02\/malerei2.jpg?fit=1200%2C1200&ssl=1&resize=350%2C200 1x, https:\/\/i0.wp.com\/www.jazzzeitung.de\/cms\/wp-content\/uploads\/2025\/02\/malerei2.jpg?fit=1200%2C1200&ssl=1&resize=525%2C300 1.5x, https:\/\/i0.wp.com\/www.jazzzeitung.de\/cms\/wp-content\/uploads\/2025\/02\/malerei2.jpg?fit=1200%2C1200&ssl=1&resize=700%2C400 2x, https:\/\/i0.wp.com\/www.jazzzeitung.de\/cms\/wp-content\/uploads\/2025\/02\/malerei2.jpg?fit=1200%2C1200&ssl=1&resize=1050%2C600 3x"},"classes":[]}],"jetpack_sharing_enabled":true,"_links":{"self":[{"href":"https:\/\/www.jazzzeitung.de\/cms\/wp-json\/wp\/v2\/posts\/390","targetHints":{"allow":["GET"]}}],"collection":[{"href":"https:\/\/www.jazzzeitung.de\/cms\/wp-json\/wp\/v2\/posts"}],"about":[{"href":"https:\/\/www.jazzzeitung.de\/cms\/wp-json\/wp\/v2\/types\/post"}],"author":[{"embeddable":true,"href":"https:\/\/www.jazzzeitung.de\/cms\/wp-json\/wp\/v2\/users\/6"}],"replies":[{"embeddable":true,"href":"https:\/\/www.jazzzeitung.de\/cms\/wp-json\/wp\/v2\/comments?post=390"}],"version-history":[{"count":0,"href":"https:\/\/www.jazzzeitung.de\/cms\/wp-json\/wp\/v2\/posts\/390\/revisions"}],"wp:attachment":[{"href":"https:\/\/www.jazzzeitung.de\/cms\/wp-json\/wp\/v2\/media?parent=390"}],"wp:term":[{"taxonomy":"category","embeddable":true,"href":"https:\/\/www.jazzzeitung.de\/cms\/wp-json\/wp\/v2\/categories?post=390"},{"taxonomy":"post_tag","embeddable":true,"href":"https:\/\/www.jazzzeitung.de\/cms\/wp-json\/wp\/v2\/tags?post=390"},{"taxonomy":"author","embeddable":true,"href":"https:\/\/www.jazzzeitung.de\/cms\/wp-json\/wp\/v2\/coauthors?post=390"}],"curies":[{"name":"wp","href":"https:\/\/api.w.org\/{rel}","templated":true}]}}