{"id":3889,"date":"2014-05-15T15:24:08","date_gmt":"2014-05-15T13:24:08","guid":{"rendered":"http:\/\/www.jazzzeitung.de\/cms\/?p=3889"},"modified":"2014-05-15T15:24:08","modified_gmt":"2014-05-15T13:24:08","slug":"echo-fuer-lebenswerk-2014-geht-dusko-goykovich","status":"publish","type":"post","link":"https:\/\/www.jazzzeitung.de\/cms\/2014\/05\/echo-fuer-lebenswerk-2014-geht-dusko-goykovich\/","title":{"rendered":"ECHO f\u00fcr Lebenswerk 2014 geht an Dusko Goykovich"},"content":{"rendered":"<p><a href=\"https:\/\/i0.wp.com\/www.jazzzeitung.de\/cms\/wp-content\/uploads\/2014\/05\/dusko.jpg\"><img data-recalc-dims=\"1\" loading=\"lazy\" decoding=\"async\" data-attachment-id=\"3890\" data-permalink=\"https:\/\/www.jazzzeitung.de\/cms\/2014\/05\/echo-fuer-lebenswerk-2014-geht-dusko-goykovich\/dusko\/\" data-orig-file=\"https:\/\/i0.wp.com\/www.jazzzeitung.de\/cms\/wp-content\/uploads\/2014\/05\/dusko.jpg?fit=1986%2C3246&amp;ssl=1\" data-orig-size=\"1986,3246\" data-comments-opened=\"1\" data-image-meta=\"{&quot;aperture&quot;:&quot;4&quot;,&quot;credit&quot;:&quot;Jan Scheffner&quot;,&quot;camera&quot;:&quot;M9 Digital Camera&quot;,&quot;caption&quot;:&quot;&quot;,&quot;created_timestamp&quot;:&quot;1377951079&quot;,&quot;copyright&quot;:&quot;Jan Scheffner Fotografie&quot;,&quot;focal_length&quot;:&quot;35&quot;,&quot;iso&quot;:&quot;640&quot;,&quot;shutter_speed&quot;:&quot;0.022222222222222&quot;,&quot;title&quot;:&quot;&quot;}\" data-image-title=\"Dusko Goykovich\" data-image-description=\"\" data-image-caption=\"&lt;p&gt;Dusko Goykovich&lt;\/p&gt;\n\" data-large-file=\"https:\/\/i0.wp.com\/www.jazzzeitung.de\/cms\/wp-content\/uploads\/2014\/05\/dusko.jpg?fit=367%2C600&amp;ssl=1\" class=\"alignright size-thumbnail wp-image-3890\" src=\"https:\/\/i0.wp.com\/www.jazzzeitung.de\/cms\/wp-content\/uploads\/2014\/05\/dusko-150x150.jpg?resize=150%2C150\" alt=\"dusko\" width=\"150\" height=\"150\" srcset=\"https:\/\/i0.wp.com\/www.jazzzeitung.de\/cms\/wp-content\/uploads\/2014\/05\/dusko.jpg?resize=150%2C150&amp;ssl=1 150w, https:\/\/i0.wp.com\/www.jazzzeitung.de\/cms\/wp-content\/uploads\/2014\/05\/dusko.jpg?resize=144%2C144&amp;ssl=1 144w, https:\/\/i0.wp.com\/www.jazzzeitung.de\/cms\/wp-content\/uploads\/2014\/05\/dusko.jpg?resize=96%2C96&amp;ssl=1 96w, https:\/\/i0.wp.com\/www.jazzzeitung.de\/cms\/wp-content\/uploads\/2014\/05\/dusko.jpg?resize=24%2C24&amp;ssl=1 24w, https:\/\/i0.wp.com\/www.jazzzeitung.de\/cms\/wp-content\/uploads\/2014\/05\/dusko.jpg?resize=36%2C36&amp;ssl=1 36w, https:\/\/i0.wp.com\/www.jazzzeitung.de\/cms\/wp-content\/uploads\/2014\/05\/dusko.jpg?resize=48%2C48&amp;ssl=1 48w, https:\/\/i0.wp.com\/www.jazzzeitung.de\/cms\/wp-content\/uploads\/2014\/05\/dusko.jpg?resize=64%2C64&amp;ssl=1 64w, https:\/\/i0.wp.com\/www.jazzzeitung.de\/cms\/wp-content\/uploads\/2014\/05\/dusko.jpg?resize=32%2C32&amp;ssl=1 32w, https:\/\/i0.wp.com\/www.jazzzeitung.de\/cms\/wp-content\/uploads\/2014\/05\/dusko.jpg?resize=128%2C128&amp;ssl=1 128w, https:\/\/i0.wp.com\/www.jazzzeitung.de\/cms\/wp-content\/uploads\/2014\/05\/dusko.jpg?zoom=2&amp;resize=150%2C150&amp;ssl=1 300w, https:\/\/i0.wp.com\/www.jazzzeitung.de\/cms\/wp-content\/uploads\/2014\/05\/dusko.jpg?zoom=3&amp;resize=150%2C150&amp;ssl=1 450w\" sizes=\"auto, (max-width: 150px) 100vw, 150px\" \/><\/a>Wir gratulieren ganz herzlich mit einem Artikel aus unserem Archiv, den Ursula Gaisa anl\u00e4sslich des Erscheinens seines Albums &#8222;Samba do Mar&#8220; 2004 verfasste: F\u00fcr jemanden, der sich bereits seit \u00fcber 50 Jahren mit seinem Instrument und dem Jazz auseinandersetzt, noch t\u00e4glich ein paar Stunden \u00fcbt \u2013 Geburtstage, Feiertage und Silvester nicht ausgenommen \u2013 und als junger Musiker aus dem kommunistisch beherrschten Belgrad fl\u00fcchtete, wirkt Dusko Goykovich heute erstaunlich agil und jugendlich \u2013 trotzdem entspannt und mit sich im Einklang.<br \/>\nZwei Wochen im Dezember verbrachte er \u2013 wie schon die Jahre davor \u2013 auf Konzerttournee in Japan und musste Hunderte von CDs signieren und sich fotografieren lassen, von diesen Anstrengungen ist ihm w\u00e4hrend des Interview auch nichts mehr anzumerken. \u201eDie Japaner sind unheimlich freundlich, das ist wunderbar.\u201c Seine neueste CD \u201eSamba Do Mar\u201c, zu Deutsch \u201eMeeressamba\u201c, mit dem gleichnamigen eigens vom Trompeter komponierten Titelst\u00fcck ist Ende 2003 bei Enja erschienen. Den Ansto\u00df gab Enja-Chef Matthias Winckelmann. Er brachte Goykovich, der zwar noch nie in S\u00fcdamerika war, aber schon immer eine H\u00e4ndchen und eine besondere Liebe f\u00fcr jedwede Art von Latino-Sound hatte, mit dem ungarischen in Berlin lebenden Gitarristen Ferenc Snetberger, dem Bassisten Martin Gjakonovski aus Mazedonien und Jarrod Cagwin aus Amerika an den Drums zusammen, herausgekommen ist ein absolut relaxtes Album, das Sonne in den grauen deutschen Winter bringt.<\/p>\n<p>Neben Eigenkompositionen des in M\u00fcnchen ans\u00e4ssigen Musikers, der ganzj\u00e4hrig durch Europa tourt und zu verschiedensten Workshops eingeladen wird, entdeckte Winckelmann f\u00fcr die Produktion vier St\u00fccke des argentinischen Komponisten Sergio Mihanovich. Es wird aber kurzzeitig mit einem Villa-Lobos-Titel (\u201eBachianas brasileiras No. 5\u201c) und Jobims \u201eInsensatez\u201c und \u201eNo More Blues\u201c klassisches Repertoire aufgefahren. Bei brasilianischen Temperaturen wurde innerhalb eines Tages im \u2013 klimatisierten \u2013 Bauer Studio aufgenommen, man verstand sich auf Anhieb, \u201eals wenn wir schon zwei Jahre miteinander gespielt h\u00e4tten\u201c.<\/p>\n<p><a href=\"https:\/\/i0.wp.com\/www.jazzzeitung.de\/cms\/wp-content\/uploads\/2014\/05\/2.Dusko-Goykovich-14MB.jpg\"><img data-recalc-dims=\"1\" loading=\"lazy\" decoding=\"async\" data-attachment-id=\"3891\" data-permalink=\"https:\/\/www.jazzzeitung.de\/cms\/2014\/05\/echo-fuer-lebenswerk-2014-geht-dusko-goykovich\/2-dusko-goykovich-14mb\/\" data-orig-file=\"https:\/\/i0.wp.com\/www.jazzzeitung.de\/cms\/wp-content\/uploads\/2014\/05\/2.Dusko-Goykovich-14MB.jpg?fit=5212%2C3468&amp;ssl=1\" data-orig-size=\"5212,3468\" data-comments-opened=\"1\" data-image-meta=\"{&quot;aperture&quot;:&quot;3.4&quot;,&quot;credit&quot;:&quot;Jan Scheffner&quot;,&quot;camera&quot;:&quot;M9 Digital Camera&quot;,&quot;caption&quot;:&quot;&quot;,&quot;created_timestamp&quot;:&quot;1377946842&quot;,&quot;copyright&quot;:&quot;Jan Scheffner Fotografie&quot;,&quot;focal_length&quot;:&quot;35&quot;,&quot;iso&quot;:&quot;320&quot;,&quot;shutter_speed&quot;:&quot;0.004&quot;,&quot;title&quot;:&quot;&quot;}\" data-image-title=\"2.Dusko Goykovich-1,4MB\" data-image-description=\"\" data-image-caption=\"\" data-large-file=\"https:\/\/i0.wp.com\/www.jazzzeitung.de\/cms\/wp-content\/uploads\/2014\/05\/2.Dusko-Goykovich-14MB.jpg?fit=840%2C558&amp;ssl=1\" class=\"aligncenter size-full wp-image-3891\" src=\"https:\/\/i0.wp.com\/www.jazzzeitung.de\/cms\/wp-content\/uploads\/2014\/05\/2.Dusko-Goykovich-14MB.jpg?resize=840%2C559\" alt=\"2.Dusko Goykovich-1,4MB\" width=\"840\" height=\"559\" srcset=\"https:\/\/i0.wp.com\/www.jazzzeitung.de\/cms\/wp-content\/uploads\/2014\/05\/2.Dusko-Goykovich-14MB.jpg?w=5212&amp;ssl=1 5212w, https:\/\/i0.wp.com\/www.jazzzeitung.de\/cms\/wp-content\/uploads\/2014\/05\/2.Dusko-Goykovich-14MB.jpg?resize=300%2C200&amp;ssl=1 300w, https:\/\/i0.wp.com\/www.jazzzeitung.de\/cms\/wp-content\/uploads\/2014\/05\/2.Dusko-Goykovich-14MB.jpg?resize=900%2C598&amp;ssl=1 900w, https:\/\/i0.wp.com\/www.jazzzeitung.de\/cms\/wp-content\/uploads\/2014\/05\/2.Dusko-Goykovich-14MB.jpg?w=1680&amp;ssl=1 1680w, https:\/\/i0.wp.com\/www.jazzzeitung.de\/cms\/wp-content\/uploads\/2014\/05\/2.Dusko-Goykovich-14MB.jpg?w=2520&amp;ssl=1 2520w\" sizes=\"auto, (max-width: 840px) 100vw, 840px\" \/><\/a><\/p>\n<p>Eine bestimmte Zuh\u00f6rerschaft hat Goykovich, wenn es seine Musik betreibt, nicht: \u201eIch spiele, was ich f\u00fchle, was ich denke, wie es klingen soll, so dass es musikalisch genau auf mich zugeschnitten ist \u2013 ein bestimmter Sound, ein bestimmtes St\u00fcck, ein gewisses Feeling. Die Musik muss stimmen, alles andere ist mir egal \u2013 Geld, Showbiz, das alles war und ist mir nicht wichtig.\u201c Oder wie es sein guter Bekannter, Miles Davis, einmal ausdr\u00fcckte: \u201eIt\u2019s not important what you play, it\u2019s important how you play it.\u201c Trotz der aufregenden Zeiten, die der Trompeter in den 60er-Jahren in New York verlebte \u2013 er traf noch alle Gr\u00f6\u00dfen traf, die einem in den Sinn kommen k\u00f6nnen (Gillespie, Mulligan, Terry, Konitz, Rollins und und und), lebt Goykovich, der \u00fcbrigens ans Aufh\u00f6ren nicht einmal denkt, nie in der Vergangenheit, er schmiedet st\u00e4ndig neue Pl\u00e4ne. Im Moment stellt er im Auftrag der serbischen Regierung und der in Belgrad ans\u00e4ssigen Botschaften eine 18-Mann-Big-Band zusammen, mit der er 2004 auf Tour gehen will. Hoffentlich ist sie auch in Deutschland zu h\u00f6ren.<\/p>\n<p>Fotos: Jan Scheffner\/enja<\/p>\n","protected":false},"excerpt":{"rendered":"<p>Wir gratulieren ganz herzlich mit einem Artikel aus unserem Archiv, den Ursula Gaisa anl\u00e4sslich des Erscheinens seines Albums &#8222;Samba do Mar&#8220; 2004 verfasste: F\u00fcr jemanden, der sich bereits seit \u00fcber 50 Jahren mit seinem Instrument und dem Jazz auseinandersetzt, noch t\u00e4glich ein paar Stunden \u00fcbt \u2013 Geburtstage, Feiertage und Silvester nicht ausgenommen \u2013 und als junger Musiker aus dem kommunistisch beherrschten Belgrad fl\u00fcchtete, wirkt Dusko Goykovich heute erstaunlich agil und jugendlich \u2013 trotzdem entspannt und mit sich im Einklang. Zwei Wochen im Dezember verbrachte er \u2013 wie schon die Jahre davor \u2013 auf Konzerttournee in Japan und musste Hunderte von CDs signieren und sich fotografieren lassen, von diesen Anstrengungen ist ihm w\u00e4hrend des Interview auch nichts mehr anzumerken. \u201eDie Japaner sind unheimlich freundlich, das ist wunderbar.\u201c Seine neueste CD \u201eSamba Do Mar\u201c, zu Deutsch \u201eMeeressamba\u201c, mit dem gleichnamigen eigens vom Trompeter komponierten Titelst\u00fcck ist Ende 2003 bei Enja erschienen. Den Ansto\u00df gab Enja-Chef Matthias Winckelmann. Er brachte Goykovich, der zwar noch nie in S\u00fcdamerika war, aber schon immer eine H\u00e4ndchen und eine besondere Liebe f\u00fcr jedwede Art von Latino-Sound hatte, mit dem ungarischen in Berlin &hellip;<\/p>\n","protected":false},"author":18,"featured_media":0,"comment_status":"open","ping_status":"closed","sticky":false,"template":"","format":"standard","meta":{"_jetpack_memberships_contains_paid_content":false,"footnotes":"","jetpack_publicize_message":"","jetpack_publicize_feature_enabled":true,"jetpack_social_post_already_shared":false,"jetpack_social_options":{"image_generator_settings":{"template":"highway","default_image_id":0,"font":"","enabled":false},"version":2}},"categories":[647],"tags":[66,109,137,155,980,163,245,251,981,401,904,979,558,982],"coauthors":[695],"class_list":["post-3889","post","type-post","status-publish","format-standard","hentry","category-archiv","tag-berlin","tag-cd","tag-deutschland","tag-dusko-goykovich","tag-echo","tag-enja","tag-interview-2","tag-japan","tag-lebenswerk","tag-muenchen","tag-new-york","tag-samba-do-mar","tag-tour","tag-ursula-gaisa"],"yoast_head":"<!-- This site is optimized with the Yoast SEO plugin v27.5 - https:\/\/yoast.com\/product\/yoast-seo-wordpress\/ -->\n<title>ECHO f\u00fcr Lebenswerk 2014 geht an Dusko Goykovich - JazzZeitung<\/title>\n<meta name=\"robots\" content=\"index, follow, max-snippet:-1, max-image-preview:large, max-video-preview:-1\" \/>\n<link rel=\"canonical\" href=\"https:\/\/www.jazzzeitung.de\/cms\/2014\/05\/echo-fuer-lebenswerk-2014-geht-dusko-goykovich\/\" \/>\n<meta property=\"og:locale\" content=\"de_DE\" \/>\n<meta property=\"og:type\" content=\"article\" \/>\n<meta property=\"og:title\" content=\"ECHO f\u00fcr Lebenswerk 2014 geht an Dusko Goykovich - JazzZeitung\" \/>\n<meta property=\"og:description\" content=\"Wir gratulieren ganz herzlich mit einem Artikel aus unserem Archiv, den Ursula Gaisa anl\u00e4sslich des Erscheinens seines Albums &#8222;Samba do Mar&#8220; 2004 verfasste: F\u00fcr jemanden, der sich bereits seit \u00fcber 50 Jahren mit seinem Instrument und dem Jazz auseinandersetzt, noch t\u00e4glich ein paar Stunden \u00fcbt \u2013 Geburtstage, Feiertage und Silvester nicht ausgenommen \u2013 und als junger Musiker aus dem kommunistisch beherrschten Belgrad fl\u00fcchtete, wirkt Dusko Goykovich heute erstaunlich agil und jugendlich \u2013 trotzdem entspannt und mit sich im Einklang. Zwei Wochen im Dezember verbrachte er \u2013 wie schon die Jahre davor \u2013 auf Konzerttournee in Japan und musste Hunderte von CDs signieren und sich fotografieren lassen, von diesen Anstrengungen ist ihm w\u00e4hrend des Interview auch nichts mehr anzumerken. \u201eDie Japaner sind unheimlich freundlich, das ist wunderbar.\u201c Seine neueste CD \u201eSamba Do Mar\u201c, zu Deutsch \u201eMeeressamba\u201c, mit dem gleichnamigen eigens vom Trompeter komponierten Titelst\u00fcck ist Ende 2003 bei Enja erschienen. Den Ansto\u00df gab Enja-Chef Matthias Winckelmann. Er brachte Goykovich, der zwar noch nie in S\u00fcdamerika war, aber schon immer eine H\u00e4ndchen und eine besondere Liebe f\u00fcr jedwede Art von Latino-Sound hatte, mit dem ungarischen in Berlin &hellip;\" \/>\n<meta property=\"og:url\" content=\"https:\/\/www.jazzzeitung.de\/cms\/2014\/05\/echo-fuer-lebenswerk-2014-geht-dusko-goykovich\/\" \/>\n<meta property=\"og:site_name\" content=\"JazzZeitung\" \/>\n<meta property=\"article:publisher\" content=\"https:\/\/www.facebook.com\/JazzZeitung\/\" \/>\n<meta property=\"article:published_time\" content=\"2014-05-15T13:24:08+00:00\" \/>\n<meta property=\"og:image\" content=\"http:\/\/www.jazzzeitung.de\/cms\/wp-content\/uploads\/2014\/05\/dusko-150x150.jpg\" \/>\n<meta name=\"author\" content=\"Redaktion JazzZeitung\" \/>\n<script type=\"application\/ld+json\" class=\"yoast-schema-graph\">{\"@context\":\"https:\\\/\\\/schema.org\",\"@graph\":[{\"@type\":\"Article\",\"@id\":\"https:\\\/\\\/www.jazzzeitung.de\\\/cms\\\/2014\\\/05\\\/echo-fuer-lebenswerk-2014-geht-dusko-goykovich\\\/#article\",\"isPartOf\":{\"@id\":\"https:\\\/\\\/www.jazzzeitung.de\\\/cms\\\/2014\\\/05\\\/echo-fuer-lebenswerk-2014-geht-dusko-goykovich\\\/\"},\"author\":{\"name\":\"Redaktion JazzZeitung\",\"@id\":\"https:\\\/\\\/www.jazzzeitung.de\\\/cms\\\/#\\\/schema\\\/person\\\/2245b36b9cd1d24cea10f01c031fb92b\"},\"headline\":\"ECHO f\u00fcr Lebenswerk 2014 geht an Dusko Goykovich\",\"datePublished\":\"2014-05-15T13:24:08+00:00\",\"mainEntityOfPage\":{\"@id\":\"https:\\\/\\\/www.jazzzeitung.de\\\/cms\\\/2014\\\/05\\\/echo-fuer-lebenswerk-2014-geht-dusko-goykovich\\\/\"},\"wordCount\":494,\"commentCount\":0,\"publisher\":{\"@id\":\"https:\\\/\\\/www.jazzzeitung.de\\\/cms\\\/#organization\"},\"image\":{\"@id\":\"https:\\\/\\\/www.jazzzeitung.de\\\/cms\\\/2014\\\/05\\\/echo-fuer-lebenswerk-2014-geht-dusko-goykovich\\\/#primaryimage\"},\"thumbnailUrl\":\"http:\\\/\\\/www.jazzzeitung.de\\\/cms\\\/wp-content\\\/uploads\\\/2014\\\/05\\\/dusko-150x150.jpg\",\"keywords\":[\"Berlin\",\"CD\",\"Deutschland\",\"Dusko Goykovich\",\"ECHO\",\"enja\",\"Interview\",\"Japan\",\"Lebenswerk\",\"M\u00fcnchen\",\"New York\",\"Samba do Mar\",\"Tour\",\"Ursula Gaisa\"],\"articleSection\":[\"Archiv\"],\"inLanguage\":\"de\",\"potentialAction\":[{\"@type\":\"CommentAction\",\"name\":\"Comment\",\"target\":[\"https:\\\/\\\/www.jazzzeitung.de\\\/cms\\\/2014\\\/05\\\/echo-fuer-lebenswerk-2014-geht-dusko-goykovich\\\/#respond\"]}]},{\"@type\":\"WebPage\",\"@id\":\"https:\\\/\\\/www.jazzzeitung.de\\\/cms\\\/2014\\\/05\\\/echo-fuer-lebenswerk-2014-geht-dusko-goykovich\\\/\",\"url\":\"https:\\\/\\\/www.jazzzeitung.de\\\/cms\\\/2014\\\/05\\\/echo-fuer-lebenswerk-2014-geht-dusko-goykovich\\\/\",\"name\":\"ECHO f\u00fcr Lebenswerk 2014 geht an Dusko Goykovich - JazzZeitung\",\"isPartOf\":{\"@id\":\"https:\\\/\\\/www.jazzzeitung.de\\\/cms\\\/#website\"},\"primaryImageOfPage\":{\"@id\":\"https:\\\/\\\/www.jazzzeitung.de\\\/cms\\\/2014\\\/05\\\/echo-fuer-lebenswerk-2014-geht-dusko-goykovich\\\/#primaryimage\"},\"image\":{\"@id\":\"https:\\\/\\\/www.jazzzeitung.de\\\/cms\\\/2014\\\/05\\\/echo-fuer-lebenswerk-2014-geht-dusko-goykovich\\\/#primaryimage\"},\"thumbnailUrl\":\"http:\\\/\\\/www.jazzzeitung.de\\\/cms\\\/wp-content\\\/uploads\\\/2014\\\/05\\\/dusko-150x150.jpg\",\"datePublished\":\"2014-05-15T13:24:08+00:00\",\"breadcrumb\":{\"@id\":\"https:\\\/\\\/www.jazzzeitung.de\\\/cms\\\/2014\\\/05\\\/echo-fuer-lebenswerk-2014-geht-dusko-goykovich\\\/#breadcrumb\"},\"inLanguage\":\"de\",\"potentialAction\":[{\"@type\":\"ReadAction\",\"target\":[\"https:\\\/\\\/www.jazzzeitung.de\\\/cms\\\/2014\\\/05\\\/echo-fuer-lebenswerk-2014-geht-dusko-goykovich\\\/\"]}]},{\"@type\":\"ImageObject\",\"inLanguage\":\"de\",\"@id\":\"https:\\\/\\\/www.jazzzeitung.de\\\/cms\\\/2014\\\/05\\\/echo-fuer-lebenswerk-2014-geht-dusko-goykovich\\\/#primaryimage\",\"url\":\"http:\\\/\\\/www.jazzzeitung.de\\\/cms\\\/wp-content\\\/uploads\\\/2014\\\/05\\\/dusko-150x150.jpg\",\"contentUrl\":\"http:\\\/\\\/www.jazzzeitung.de\\\/cms\\\/wp-content\\\/uploads\\\/2014\\\/05\\\/dusko-150x150.jpg\"},{\"@type\":\"BreadcrumbList\",\"@id\":\"https:\\\/\\\/www.jazzzeitung.de\\\/cms\\\/2014\\\/05\\\/echo-fuer-lebenswerk-2014-geht-dusko-goykovich\\\/#breadcrumb\",\"itemListElement\":[{\"@type\":\"ListItem\",\"position\":1,\"name\":\"Startseite\",\"item\":\"https:\\\/\\\/www.jazzzeitung.de\\\/cms\\\/\"},{\"@type\":\"ListItem\",\"position\":2,\"name\":\"ECHO f\u00fcr Lebenswerk 2014 geht an Dusko Goykovich\"}]},{\"@type\":\"WebSite\",\"@id\":\"https:\\\/\\\/www.jazzzeitung.de\\\/cms\\\/#website\",\"url\":\"https:\\\/\\\/www.jazzzeitung.de\\\/cms\\\/\",\"name\":\"JazzZeitung\",\"description\":\"Jazz-News und Jazz-Kontroverses\",\"publisher\":{\"@id\":\"https:\\\/\\\/www.jazzzeitung.de\\\/cms\\\/#organization\"},\"potentialAction\":[{\"@type\":\"SearchAction\",\"target\":{\"@type\":\"EntryPoint\",\"urlTemplate\":\"https:\\\/\\\/www.jazzzeitung.de\\\/cms\\\/?s={search_term_string}\"},\"query-input\":{\"@type\":\"PropertyValueSpecification\",\"valueRequired\":true,\"valueName\":\"search_term_string\"}}],\"inLanguage\":\"de\"},{\"@type\":\"Organization\",\"@id\":\"https:\\\/\\\/www.jazzzeitung.de\\\/cms\\\/#organization\",\"name\":\"JazzZeitung online\",\"url\":\"https:\\\/\\\/www.jazzzeitung.de\\\/cms\\\/\",\"logo\":{\"@type\":\"ImageObject\",\"inLanguage\":\"de\",\"@id\":\"https:\\\/\\\/www.jazzzeitung.de\\\/cms\\\/#\\\/schema\\\/logo\\\/image\\\/\",\"url\":\"https:\\\/\\\/i0.wp.com\\\/www.jazzzeitung.de\\\/cms\\\/wp-content\\\/uploads\\\/2015\\\/08\\\/JAZZZEITUNGDE_Logo_Neu.png?fit=499%2C200&ssl=1\",\"contentUrl\":\"https:\\\/\\\/i0.wp.com\\\/www.jazzzeitung.de\\\/cms\\\/wp-content\\\/uploads\\\/2015\\\/08\\\/JAZZZEITUNGDE_Logo_Neu.png?fit=499%2C200&ssl=1\",\"width\":499,\"height\":200,\"caption\":\"JazzZeitung online\"},\"image\":{\"@id\":\"https:\\\/\\\/www.jazzzeitung.de\\\/cms\\\/#\\\/schema\\\/logo\\\/image\\\/\"},\"sameAs\":[\"https:\\\/\\\/www.facebook.com\\\/JazzZeitung\\\/\"]},{\"@type\":\"Person\",\"@id\":\"https:\\\/\\\/www.jazzzeitung.de\\\/cms\\\/#\\\/schema\\\/person\\\/2245b36b9cd1d24cea10f01c031fb92b\",\"name\":\"Redaktion JazzZeitung\",\"image\":{\"@type\":\"ImageObject\",\"inLanguage\":\"de\",\"@id\":\"https:\\\/\\\/i0.wp.com\\\/www.jazzzeitung.de\\\/cms\\\/wp-content\\\/uploads\\\/2015\\\/08\\\/JAZZZEITUNGDE_Logo_Neu.png?resize=96%2C96&ssl=159975dcacb611b5700bd619b5daf0a7a\",\"url\":\"https:\\\/\\\/i0.wp.com\\\/www.jazzzeitung.de\\\/cms\\\/wp-content\\\/uploads\\\/2015\\\/08\\\/JAZZZEITUNGDE_Logo_Neu.png?resize=96%2C96&ssl=1\",\"contentUrl\":\"https:\\\/\\\/i0.wp.com\\\/www.jazzzeitung.de\\\/cms\\\/wp-content\\\/uploads\\\/2015\\\/08\\\/JAZZZEITUNGDE_Logo_Neu.png?resize=96%2C96&ssl=1\",\"caption\":\"Redaktion JazzZeitung\"},\"description\":\"Artikel der Redaktion der JazzZeitung.\",\"sameAs\":[\"http:\\\/\\\/www.jazzzeitung.de\\\/cms\\\/\"],\"url\":\"https:\\\/\\\/www.jazzzeitung.de\\\/cms\\\/author\\\/redaktion\\\/\"}]}<\/script>\n<!-- \/ Yoast SEO plugin. -->","yoast_head_json":{"title":"ECHO f\u00fcr Lebenswerk 2014 geht an Dusko Goykovich - JazzZeitung","robots":{"index":"index","follow":"follow","max-snippet":"max-snippet:-1","max-image-preview":"max-image-preview:large","max-video-preview":"max-video-preview:-1"},"canonical":"https:\/\/www.jazzzeitung.de\/cms\/2014\/05\/echo-fuer-lebenswerk-2014-geht-dusko-goykovich\/","og_locale":"de_DE","og_type":"article","og_title":"ECHO f\u00fcr Lebenswerk 2014 geht an Dusko Goykovich - JazzZeitung","og_description":"Wir gratulieren ganz herzlich mit einem Artikel aus unserem Archiv, den Ursula Gaisa anl\u00e4sslich des Erscheinens seines Albums &#8222;Samba do Mar&#8220; 2004 verfasste: F\u00fcr jemanden, der sich bereits seit \u00fcber 50 Jahren mit seinem Instrument und dem Jazz auseinandersetzt, noch t\u00e4glich ein paar Stunden \u00fcbt \u2013 Geburtstage, Feiertage und Silvester nicht ausgenommen \u2013 und als junger Musiker aus dem kommunistisch beherrschten Belgrad fl\u00fcchtete, wirkt Dusko Goykovich heute erstaunlich agil und jugendlich \u2013 trotzdem entspannt und mit sich im Einklang. Zwei Wochen im Dezember verbrachte er \u2013 wie schon die Jahre davor \u2013 auf Konzerttournee in Japan und musste Hunderte von CDs signieren und sich fotografieren lassen, von diesen Anstrengungen ist ihm w\u00e4hrend des Interview auch nichts mehr anzumerken. \u201eDie Japaner sind unheimlich freundlich, das ist wunderbar.\u201c Seine neueste CD \u201eSamba Do Mar\u201c, zu Deutsch \u201eMeeressamba\u201c, mit dem gleichnamigen eigens vom Trompeter komponierten Titelst\u00fcck ist Ende 2003 bei Enja erschienen. Den Ansto\u00df gab Enja-Chef Matthias Winckelmann. Er brachte Goykovich, der zwar noch nie in S\u00fcdamerika war, aber schon immer eine H\u00e4ndchen und eine besondere Liebe f\u00fcr jedwede Art von Latino-Sound hatte, mit dem ungarischen in Berlin &hellip;","og_url":"https:\/\/www.jazzzeitung.de\/cms\/2014\/05\/echo-fuer-lebenswerk-2014-geht-dusko-goykovich\/","og_site_name":"JazzZeitung","article_publisher":"https:\/\/www.facebook.com\/JazzZeitung\/","article_published_time":"2014-05-15T13:24:08+00:00","og_image":[{"url":"http:\/\/www.jazzzeitung.de\/cms\/wp-content\/uploads\/2014\/05\/dusko-150x150.jpg","type":"","width":"","height":""}],"author":"Redaktion JazzZeitung","schema":{"@context":"https:\/\/schema.org","@graph":[{"@type":"Article","@id":"https:\/\/www.jazzzeitung.de\/cms\/2014\/05\/echo-fuer-lebenswerk-2014-geht-dusko-goykovich\/#article","isPartOf":{"@id":"https:\/\/www.jazzzeitung.de\/cms\/2014\/05\/echo-fuer-lebenswerk-2014-geht-dusko-goykovich\/"},"author":{"name":"Redaktion JazzZeitung","@id":"https:\/\/www.jazzzeitung.de\/cms\/#\/schema\/person\/2245b36b9cd1d24cea10f01c031fb92b"},"headline":"ECHO f\u00fcr Lebenswerk 2014 geht an Dusko Goykovich","datePublished":"2014-05-15T13:24:08+00:00","mainEntityOfPage":{"@id":"https:\/\/www.jazzzeitung.de\/cms\/2014\/05\/echo-fuer-lebenswerk-2014-geht-dusko-goykovich\/"},"wordCount":494,"commentCount":0,"publisher":{"@id":"https:\/\/www.jazzzeitung.de\/cms\/#organization"},"image":{"@id":"https:\/\/www.jazzzeitung.de\/cms\/2014\/05\/echo-fuer-lebenswerk-2014-geht-dusko-goykovich\/#primaryimage"},"thumbnailUrl":"http:\/\/www.jazzzeitung.de\/cms\/wp-content\/uploads\/2014\/05\/dusko-150x150.jpg","keywords":["Berlin","CD","Deutschland","Dusko Goykovich","ECHO","enja","Interview","Japan","Lebenswerk","M\u00fcnchen","New York","Samba do Mar","Tour","Ursula Gaisa"],"articleSection":["Archiv"],"inLanguage":"de","potentialAction":[{"@type":"CommentAction","name":"Comment","target":["https:\/\/www.jazzzeitung.de\/cms\/2014\/05\/echo-fuer-lebenswerk-2014-geht-dusko-goykovich\/#respond"]}]},{"@type":"WebPage","@id":"https:\/\/www.jazzzeitung.de\/cms\/2014\/05\/echo-fuer-lebenswerk-2014-geht-dusko-goykovich\/","url":"https:\/\/www.jazzzeitung.de\/cms\/2014\/05\/echo-fuer-lebenswerk-2014-geht-dusko-goykovich\/","name":"ECHO f\u00fcr Lebenswerk 2014 geht an Dusko Goykovich - JazzZeitung","isPartOf":{"@id":"https:\/\/www.jazzzeitung.de\/cms\/#website"},"primaryImageOfPage":{"@id":"https:\/\/www.jazzzeitung.de\/cms\/2014\/05\/echo-fuer-lebenswerk-2014-geht-dusko-goykovich\/#primaryimage"},"image":{"@id":"https:\/\/www.jazzzeitung.de\/cms\/2014\/05\/echo-fuer-lebenswerk-2014-geht-dusko-goykovich\/#primaryimage"},"thumbnailUrl":"http:\/\/www.jazzzeitung.de\/cms\/wp-content\/uploads\/2014\/05\/dusko-150x150.jpg","datePublished":"2014-05-15T13:24:08+00:00","breadcrumb":{"@id":"https:\/\/www.jazzzeitung.de\/cms\/2014\/05\/echo-fuer-lebenswerk-2014-geht-dusko-goykovich\/#breadcrumb"},"inLanguage":"de","potentialAction":[{"@type":"ReadAction","target":["https:\/\/www.jazzzeitung.de\/cms\/2014\/05\/echo-fuer-lebenswerk-2014-geht-dusko-goykovich\/"]}]},{"@type":"ImageObject","inLanguage":"de","@id":"https:\/\/www.jazzzeitung.de\/cms\/2014\/05\/echo-fuer-lebenswerk-2014-geht-dusko-goykovich\/#primaryimage","url":"http:\/\/www.jazzzeitung.de\/cms\/wp-content\/uploads\/2014\/05\/dusko-150x150.jpg","contentUrl":"http:\/\/www.jazzzeitung.de\/cms\/wp-content\/uploads\/2014\/05\/dusko-150x150.jpg"},{"@type":"BreadcrumbList","@id":"https:\/\/www.jazzzeitung.de\/cms\/2014\/05\/echo-fuer-lebenswerk-2014-geht-dusko-goykovich\/#breadcrumb","itemListElement":[{"@type":"ListItem","position":1,"name":"Startseite","item":"https:\/\/www.jazzzeitung.de\/cms\/"},{"@type":"ListItem","position":2,"name":"ECHO f\u00fcr Lebenswerk 2014 geht an Dusko Goykovich"}]},{"@type":"WebSite","@id":"https:\/\/www.jazzzeitung.de\/cms\/#website","url":"https:\/\/www.jazzzeitung.de\/cms\/","name":"JazzZeitung","description":"Jazz-News und Jazz-Kontroverses","publisher":{"@id":"https:\/\/www.jazzzeitung.de\/cms\/#organization"},"potentialAction":[{"@type":"SearchAction","target":{"@type":"EntryPoint","urlTemplate":"https:\/\/www.jazzzeitung.de\/cms\/?s={search_term_string}"},"query-input":{"@type":"PropertyValueSpecification","valueRequired":true,"valueName":"search_term_string"}}],"inLanguage":"de"},{"@type":"Organization","@id":"https:\/\/www.jazzzeitung.de\/cms\/#organization","name":"JazzZeitung online","url":"https:\/\/www.jazzzeitung.de\/cms\/","logo":{"@type":"ImageObject","inLanguage":"de","@id":"https:\/\/www.jazzzeitung.de\/cms\/#\/schema\/logo\/image\/","url":"https:\/\/i0.wp.com\/www.jazzzeitung.de\/cms\/wp-content\/uploads\/2015\/08\/JAZZZEITUNGDE_Logo_Neu.png?fit=499%2C200&ssl=1","contentUrl":"https:\/\/i0.wp.com\/www.jazzzeitung.de\/cms\/wp-content\/uploads\/2015\/08\/JAZZZEITUNGDE_Logo_Neu.png?fit=499%2C200&ssl=1","width":499,"height":200,"caption":"JazzZeitung online"},"image":{"@id":"https:\/\/www.jazzzeitung.de\/cms\/#\/schema\/logo\/image\/"},"sameAs":["https:\/\/www.facebook.com\/JazzZeitung\/"]},{"@type":"Person","@id":"https:\/\/www.jazzzeitung.de\/cms\/#\/schema\/person\/2245b36b9cd1d24cea10f01c031fb92b","name":"Redaktion JazzZeitung","image":{"@type":"ImageObject","inLanguage":"de","@id":"https:\/\/i0.wp.com\/www.jazzzeitung.de\/cms\/wp-content\/uploads\/2015\/08\/JAZZZEITUNGDE_Logo_Neu.png?resize=96%2C96&ssl=159975dcacb611b5700bd619b5daf0a7a","url":"https:\/\/i0.wp.com\/www.jazzzeitung.de\/cms\/wp-content\/uploads\/2015\/08\/JAZZZEITUNGDE_Logo_Neu.png?resize=96%2C96&ssl=1","contentUrl":"https:\/\/i0.wp.com\/www.jazzzeitung.de\/cms\/wp-content\/uploads\/2015\/08\/JAZZZEITUNGDE_Logo_Neu.png?resize=96%2C96&ssl=1","caption":"Redaktion JazzZeitung"},"description":"Artikel der Redaktion der JazzZeitung.","sameAs":["http:\/\/www.jazzzeitung.de\/cms\/"],"url":"https:\/\/www.jazzzeitung.de\/cms\/author\/redaktion\/"}]}},"wp-worthy-pixel":{"ignored":false,"public":null,"server":null,"url":null},"wp-worthy-type":"normal","jetpack_publicize_connections":[],"cc_featured_image_caption":{"caption_text":false,"source_text":false,"source_url":false},"jetpack_featured_media_url":"","jetpack_shortlink":"https:\/\/wp.me\/p3KEcT-10J","jetpack-related-posts":[{"id":5701,"url":"https:\/\/www.jazzzeitung.de\/cms\/2015\/03\/musikpreis-der-landeshauptstadt-muenchen-2015-dusko-goykovich\/","url_meta":{"origin":3889,"position":0},"title":"Musikpreis der Landeshauptstadt M\u00fcnchen 2015 an Dusko Goykovich","author":"Redaktion JazzZeitung","date":"12. M\u00e4rz 2015","format":false,"excerpt":"Der Stadtrat der Landeshauptstadt M\u00fcnchen hat in seiner heutigen Kulturausschuss- Sitzung das Votum der Jury best\u00e4tigt, den mit 10.000 Euro dotierten Musikpreis der Landeshauptstadt M\u00fcnchen 2015 an Dusko Goykovich zu vergeben. Der Musikpreis wird alle drei Jahre verliehen. Ausgezeichnet wird eine herausragende Gesamtleistung im Bereich Musik bzw. eine Pers\u00f6nlichkeit, die\u2026","rel":"","context":"In &quot;News&quot;","block_context":{"text":"News","link":"https:\/\/www.jazzzeitung.de\/cms\/thema\/nachrichten\/"},"img":{"alt_text":"","src":"https:\/\/i0.wp.com\/www.jazzzeitung.de\/cms\/wp-content\/uploads\/2014\/05\/dusko.jpg?fit=734%2C1200&ssl=1&resize=350%2C200","width":350,"height":200,"srcset":"https:\/\/i0.wp.com\/www.jazzzeitung.de\/cms\/wp-content\/uploads\/2014\/05\/dusko.jpg?fit=734%2C1200&ssl=1&resize=350%2C200 1x, https:\/\/i0.wp.com\/www.jazzzeitung.de\/cms\/wp-content\/uploads\/2014\/05\/dusko.jpg?fit=734%2C1200&ssl=1&resize=525%2C300 1.5x, https:\/\/i0.wp.com\/www.jazzzeitung.de\/cms\/wp-content\/uploads\/2014\/05\/dusko.jpg?fit=734%2C1200&ssl=1&resize=700%2C400 2x"},"classes":[]},{"id":6433,"url":"https:\/\/www.jazzzeitung.de\/cms\/2015\/06\/6433\/","url_meta":{"origin":3889,"position":1},"title":"Dusko Goykovich erh\u00e4lt Musikpreis der Landeshauptstadt M\u00fcnchen","author":"Redaktion JazzZeitung","date":"19. Juni 2015","format":false,"excerpt":"Gestern Abend wurde der Trompeter Dusko Goykovich im Alten Rathaussaal in M\u00fcnchen mit dem mit 10.000 Euro dotierten Musikpreis der Landeshauptstadt M\u00fcnchen ausgezeichnet. In der Begr\u00fcndung der Jury hie\u00df es: \u201eEr gilt als Souver\u00e4n aller Spielklassen, dem es bei aller Virtuosit\u00e4t und musikalischer Kompetenz trotzdem niemals wichtig war, als der\u2026","rel":"","context":"In &quot;News&quot;","block_context":{"text":"News","link":"https:\/\/www.jazzzeitung.de\/cms\/thema\/nachrichten\/"},"img":{"alt_text":"","src":"https:\/\/i0.wp.com\/www.jazzzeitung.de\/cms\/wp-content\/uploads\/2015\/06\/0K3A6250-Duskos-Platzschild-dombr.jpg?resize=350%2C200","width":350,"height":200,"srcset":"https:\/\/i0.wp.com\/www.jazzzeitung.de\/cms\/wp-content\/uploads\/2015\/06\/0K3A6250-Duskos-Platzschild-dombr.jpg?resize=350%2C200 1x, https:\/\/i0.wp.com\/www.jazzzeitung.de\/cms\/wp-content\/uploads\/2015\/06\/0K3A6250-Duskos-Platzschild-dombr.jpg?resize=525%2C300 1.5x, https:\/\/i0.wp.com\/www.jazzzeitung.de\/cms\/wp-content\/uploads\/2015\/06\/0K3A6250-Duskos-Platzschild-dombr.jpg?resize=700%2C400 2x, https:\/\/i0.wp.com\/www.jazzzeitung.de\/cms\/wp-content\/uploads\/2015\/06\/0K3A6250-Duskos-Platzschild-dombr.jpg?resize=1050%2C600 3x"},"classes":[]},{"id":24252,"url":"https:\/\/www.jazzzeitung.de\/cms\/2021\/01\/verleihung-des-berklee-master-of-global-jazz-award-an-dusko-goykovich-jazz-trompeter-und-ehrenmitglied-des-jazz-instituts-livestream-auf-youtube\/","url_meta":{"origin":3889,"position":2},"title":"Verleihung des &#8222;Berklee Master of Global Jazz Award&#8220; an Dusko Goykovich, Jazz-Trompeter und Ehrenmitglied des Jazz Instituts Livestream auf Youtube","author":"Redaktion JazzZeitung","date":"20. Januar 2021","format":false,"excerpt":"Die drei Gewinner des 5. Kurt Maas Jazz Award bestreiten am Freitag, 22. Januar 2021 um 19:00 Uhr gemeinsam mit Kolleginnen und Kollegen des Jazz Instituts der Hochschule f\u00fcr Musik und Theater M\u00fcnchen (HMTM) das Preistr\u00e4gerkonzert des Wettbewerbs als Livestream auf dem Youtube-Kanal des Jazz Instituts. Besonderer H\u00f6hepunkt ist au\u00dferdem\u2026","rel":"","context":"In &quot;News&quot;","block_context":{"text":"News","link":"https:\/\/www.jazzzeitung.de\/cms\/thema\/nachrichten\/"},"img":{"alt_text":"","src":"https:\/\/i0.wp.com\/www.jazzzeitung.de\/cms\/wp-content\/uploads\/2021\/01\/Goykovich_Dusko_c_Jan-Scheffner-scaled.jpg?fit=1200%2C798&ssl=1&resize=350%2C200","width":350,"height":200,"srcset":"https:\/\/i0.wp.com\/www.jazzzeitung.de\/cms\/wp-content\/uploads\/2021\/01\/Goykovich_Dusko_c_Jan-Scheffner-scaled.jpg?fit=1200%2C798&ssl=1&resize=350%2C200 1x, https:\/\/i0.wp.com\/www.jazzzeitung.de\/cms\/wp-content\/uploads\/2021\/01\/Goykovich_Dusko_c_Jan-Scheffner-scaled.jpg?fit=1200%2C798&ssl=1&resize=525%2C300 1.5x, https:\/\/i0.wp.com\/www.jazzzeitung.de\/cms\/wp-content\/uploads\/2021\/01\/Goykovich_Dusko_c_Jan-Scheffner-scaled.jpg?fit=1200%2C798&ssl=1&resize=700%2C400 2x, https:\/\/i0.wp.com\/www.jazzzeitung.de\/cms\/wp-content\/uploads\/2021\/01\/Goykovich_Dusko_c_Jan-Scheffner-scaled.jpg?fit=1200%2C798&ssl=1&resize=1050%2C600 3x"},"classes":[]},{"id":3078,"url":"https:\/\/www.jazzzeitung.de\/cms\/2013\/12\/fotostrecke-dusko-goykovich-und-bill-ramsey-der-muenchner-unterfahrt\/","url_meta":{"origin":3889,"position":3},"title":"Fotostrecke: Dusko Goykovich und Bill Ramsey in der M\u00fcnchner Unterfahrt","author":"Redaktion JazzZeitung","date":"3. Dezember 2013","format":"gallery","excerpt":"Gestern in der Unterfahrt: Dusko Goykovich & Bill Ramsey, zusammen 164 Jahre alt und wunderbar swingend ... Diese Fotos wurden uns von JazzZeitungs-Redakteur Ralf Dombrwoski zur Verf\u00fcgung gestellt. Mehr zu und \u00fcber Ralf unter http:\/\/ralfdombrowski.de\/","rel":"","context":"In &quot;Galerie&quot;","block_context":{"text":"Galerie","link":"https:\/\/www.jazzzeitung.de\/cms\/thema\/galerie\/"},"img":{"alt_text":"","src":"https:\/\/i0.wp.com\/www.jazzzeitung.de\/cms\/wp-content\/uploads\/2013\/12\/Dusko__Ramsey_2_dombr.jpg?resize=350%2C200","width":350,"height":200,"srcset":"https:\/\/i0.wp.com\/www.jazzzeitung.de\/cms\/wp-content\/uploads\/2013\/12\/Dusko__Ramsey_2_dombr.jpg?resize=350%2C200 1x, https:\/\/i0.wp.com\/www.jazzzeitung.de\/cms\/wp-content\/uploads\/2013\/12\/Dusko__Ramsey_2_dombr.jpg?resize=525%2C300 1.5x, https:\/\/i0.wp.com\/www.jazzzeitung.de\/cms\/wp-content\/uploads\/2013\/12\/Dusko__Ramsey_2_dombr.jpg?resize=700%2C400 2x, https:\/\/i0.wp.com\/www.jazzzeitung.de\/cms\/wp-content\/uploads\/2013\/12\/Dusko__Ramsey_2_dombr.jpg?resize=1050%2C600 3x"},"classes":[]},{"id":9576,"url":"https:\/\/www.jazzzeitung.de\/cms\/2016\/06\/news-andreras-hertel-trio-mit-goykovich-und-lakatos\/","url_meta":{"origin":3889,"position":4},"title":"+++ News +++ Andreas Hertel Trio mit Goykovich und Lakatos +++ Zehn Jahre Jazz im Musikinstrumentenmuseum Berlin +++ 13. Internationalen Jazztage Bad Elster+++","author":"Redaktion JazzZeitung","date":"27. Juni 2016","format":false,"excerpt":"+++Andreas Hertel Trio mit Goykovich und Lakatos+++ Die aktuelle CD \u201eKeepin\u2019 The Spirit\u201c\u00a0 (Laika Records) des Andreas Hertel Trios mit Stargast Dusko Goykovich (tp), Tony Lakatos (sax)\u00a0 wurde nominiert f\u00fcr den Preis der deutschen Schallplattenkritik. Live kann man das Andreas Hertel Trio mit \"Lady Bass\" Lindy Huppertsberg (b), Jens Biehl\u2026","rel":"","context":"In &quot;News&quot;","block_context":{"text":"News","link":"https:\/\/www.jazzzeitung.de\/cms\/thema\/nachrichten\/"},"img":{"alt_text":"Das Dusko Goykovich und Tony Lakatos mit dem Andreas Hertel Trio live am 15.05.16 bei der Jazzrally D\u00fcsseldorf","src":"https:\/\/i0.wp.com\/www.jazzzeitung.de\/cms\/wp-content\/uploads\/2016\/06\/Hertel-150x150.jpg?resize=350%2C200","width":350,"height":200},"classes":[]},{"id":9278,"url":"https:\/\/www.jazzzeitung.de\/cms\/2016\/05\/erstklassige-vertreter-der-bayerischen-jazzszene-treffen-auf-stars-des-amerikanischen-jazz-neuer-akzent-der-jazzfoerderung\/","url_meta":{"origin":3889,"position":5},"title":"Neuer Akzent in der Jazzf\u00f6rderung &#8211; Das Landesjazzfestival Bayern","author":"Redaktion JazzZeitung","date":"13. Mai 2016","format":"gallery","excerpt":"Vielversprechender Start f\u00fcr Landesjazzfestival Bayern Erstklassige Vertreter der bayerischen Jazzszene treffen auf Stars des amerikanischen Jazz - neuer Akzent in der Jazzf\u00f6rderung Mit dem 1. Bayerischen Landesjazzfestival bekommt die kreative und vielf\u00e4ltige Jazzszene Bayerns im Herbst dieses Jahres erstmals eine eigene Plattform. Neben dem Bayerischen Jazzweekend, das seit 1981 der\u2026","rel":"","context":"In &quot;Galerie&quot;","block_context":{"text":"Galerie","link":"https:\/\/www.jazzzeitung.de\/cms\/thema\/galerie\/"},"img":{"alt_text":"","src":"https:\/\/i0.wp.com\/www.jazzzeitung.de\/cms\/wp-content\/uploads\/2016\/05\/JohnScofieldOrganicTrio_031.jpg?resize=350%2C200","width":350,"height":200,"srcset":"https:\/\/i0.wp.com\/www.jazzzeitung.de\/cms\/wp-content\/uploads\/2016\/05\/JohnScofieldOrganicTrio_031.jpg?resize=350%2C200 1x, https:\/\/i0.wp.com\/www.jazzzeitung.de\/cms\/wp-content\/uploads\/2016\/05\/JohnScofieldOrganicTrio_031.jpg?resize=525%2C300 1.5x, https:\/\/i0.wp.com\/www.jazzzeitung.de\/cms\/wp-content\/uploads\/2016\/05\/JohnScofieldOrganicTrio_031.jpg?resize=700%2C400 2x, https:\/\/i0.wp.com\/www.jazzzeitung.de\/cms\/wp-content\/uploads\/2016\/05\/JohnScofieldOrganicTrio_031.jpg?resize=1050%2C600 3x, https:\/\/i0.wp.com\/www.jazzzeitung.de\/cms\/wp-content\/uploads\/2016\/05\/JohnScofieldOrganicTrio_031.jpg?resize=1400%2C800 4x"},"classes":[]}],"jetpack_sharing_enabled":true,"_links":{"self":[{"href":"https:\/\/www.jazzzeitung.de\/cms\/wp-json\/wp\/v2\/posts\/3889","targetHints":{"allow":["GET"]}}],"collection":[{"href":"https:\/\/www.jazzzeitung.de\/cms\/wp-json\/wp\/v2\/posts"}],"about":[{"href":"https:\/\/www.jazzzeitung.de\/cms\/wp-json\/wp\/v2\/types\/post"}],"author":[{"embeddable":true,"href":"https:\/\/www.jazzzeitung.de\/cms\/wp-json\/wp\/v2\/users\/18"}],"replies":[{"embeddable":true,"href":"https:\/\/www.jazzzeitung.de\/cms\/wp-json\/wp\/v2\/comments?post=3889"}],"version-history":[{"count":1,"href":"https:\/\/www.jazzzeitung.de\/cms\/wp-json\/wp\/v2\/posts\/3889\/revisions"}],"predecessor-version":[{"id":3892,"href":"https:\/\/www.jazzzeitung.de\/cms\/wp-json\/wp\/v2\/posts\/3889\/revisions\/3892"}],"wp:attachment":[{"href":"https:\/\/www.jazzzeitung.de\/cms\/wp-json\/wp\/v2\/media?parent=3889"}],"wp:term":[{"taxonomy":"category","embeddable":true,"href":"https:\/\/www.jazzzeitung.de\/cms\/wp-json\/wp\/v2\/categories?post=3889"},{"taxonomy":"post_tag","embeddable":true,"href":"https:\/\/www.jazzzeitung.de\/cms\/wp-json\/wp\/v2\/tags?post=3889"},{"taxonomy":"author","embeddable":true,"href":"https:\/\/www.jazzzeitung.de\/cms\/wp-json\/wp\/v2\/coauthors?post=3889"}],"curies":[{"name":"wp","href":"https:\/\/api.w.org\/{rel}","templated":true}]}}