{"id":3856,"date":"2014-05-05T12:45:13","date_gmt":"2014-05-05T10:45:13","guid":{"rendered":"http:\/\/www.jazzzeitung.de\/cms\/?p=3856"},"modified":"2014-05-05T12:45:13","modified_gmt":"2014-05-05T10:45:13","slug":"hildegard-lernt-fliegen-gewinnt-den-bmw-welt-jazz-award-2014","status":"publish","type":"post","link":"https:\/\/www.jazzzeitung.de\/cms\/2014\/05\/hildegard-lernt-fliegen-gewinnt-den-bmw-welt-jazz-award-2014\/","title":{"rendered":"Hildegard Lernt Fliegen gewinnt den BMW Welt Jazz Award 2014"},"content":{"rendered":"<p style=\"text-align: left;\">Bei der Abschlussveranstaltung des BMW Welt Jazz Award 2014 am vergangenen Samstag traten das Schweizer Sextett \u201eHildegard Lernt Fliegen\u201c und das niederl\u00e4ndische Trio \u201eTin Men and the Telephone\u201c im Auditorium der BMW Welt gegeneinander an. Zum Sieger gek\u00fcrt wurde \u201eHildegard Lernt Fliegen\u201c. DenPreis \u00fcberreichten IanRobertson, Mitglied des Vorstandes der BMW AG,und der Kulturreferent der Landeshauptstadt M\u00fcnchen, Hans-Georg K\u00fcppers.<\/p>\n<p style=\"text-align: left;\">Beide Ensembles traten vor rund 550 Besuchern im ausverkauften Auditorium der BMW Welt mit einer Mischung aus musikalischer Perfektion und humoristischer Interpretation frei nach dem Motto\u201eSense of Humour\u201c auf. Letztendlich konnte \u201eHildegard Lernt Fliegen\u201c die Expertenjury \u00fcberzeugen.<\/p>\n<p style=\"text-align: left;\">Diese urteilte: \u201eDieJury hat sich best\u00e4tigt gefunden bei der Wahl beider Bands f\u00fcr dieses Finale. Die Musikalit\u00e4t von \u201eHildegard Lernt Fliegen\u201c hat uns wirklich \u00fcberzeugt. Ihre Songs stehen im Geist und in der Tradition des klassischen Jazz, interpretieren ihn aber v\u00f6llig neu.\u00dcber allem schwebt dieser wunderbare Humor, der ganz aus der Musik kommt. Ihr Jazz hat wirklich einen \u201aSense of Humour\u2018.\u201c<\/p>\n<p style=\"text-align: left;\">Der Erstplatzierte erhielt ein Preisgeld in H\u00f6hevon 10.000 Euro und den von BMW Design kreierten Sonderpokal. Die zweitplatzierten Tin Men and the Telephone bekamen eine Pr\u00e4mie in H\u00f6he von 5.000 Euro. Den Publikumspreis erhielt ebenfalls das Ensemble \u201eHildegard Lernt Fliegen\u201c. Wie jedes Jahrstiftete das Kulturhotel Schloss Elmau einen exklusiven Aufenthalt in selbigem.<\/p>\n<p style=\"text-align: left;\">Der BMW Welt Jazz Award wird auch 2015 wieder stattfinden: Die sechs kostenlosen Matineen sowei das Finale stehen dann unter dem Motto:\u201ePlaying my guitar\u201c.<\/p>\n<p style=\"text-align: left;\">Mehr unter:<\/p>\n<p style=\"text-align: left;\">http:\/\/www.bmw-welt.com\/de\/<\/p>\n","protected":false},"excerpt":{"rendered":"<p>Bei der Abschlussveranstaltung des BMW Welt Jazz Award 2014 am vergangenen Samstag traten das Schweizer Sextett \u201eHildegard Lernt Fliegen\u201c und das niederl\u00e4ndische Trio \u201eTin Men and the Telephone\u201c im Auditorium der BMW Welt gegeneinander an. Zum Sieger gek\u00fcrt wurde \u201eHildegard Lernt Fliegen\u201c. DenPreis \u00fcberreichten IanRobertson, Mitglied des Vorstandes der BMW AG,und der Kulturreferent der Landeshauptstadt M\u00fcnchen, Hans-Georg K\u00fcppers. Beide Ensembles traten vor rund 550 Besuchern im ausverkauften Auditorium der BMW Welt mit einer Mischung aus musikalischer Perfektion und humoristischer Interpretation frei nach dem Motto\u201eSense of Humour\u201c auf. Letztendlich konnte \u201eHildegard Lernt Fliegen\u201c die Expertenjury \u00fcberzeugen. Diese urteilte: \u201eDieJury hat sich best\u00e4tigt gefunden bei der Wahl beider Bands f\u00fcr dieses Finale. Die Musikalit\u00e4t von \u201eHildegard Lernt Fliegen\u201c hat uns wirklich \u00fcberzeugt. Ihre Songs stehen im Geist und in der Tradition des klassischen Jazz, interpretieren ihn aber v\u00f6llig neu.\u00dcber allem schwebt dieser wunderbare Humor, der ganz aus der Musik kommt. Ihr Jazz hat wirklich einen \u201aSense of Humour\u2018.\u201c Der Erstplatzierte erhielt ein Preisgeld in H\u00f6hevon 10.000 Euro und den von BMW Design kreierten Sonderpokal. Die zweitplatzierten Tin Men and the Telephone bekamen eine Pr\u00e4mie in H\u00f6he von &hellip;<\/p>\n","protected":false},"author":7,"featured_media":3858,"comment_status":"open","ping_status":"closed","sticky":false,"template":"","format":"standard","meta":{"_jetpack_memberships_contains_paid_content":false,"footnotes":"","jetpack_publicize_message":"","jetpack_publicize_feature_enabled":true,"jetpack_social_post_already_shared":false,"jetpack_social_options":{"image_generator_settings":{"template":"highway","default_image_id":0,"font":"","enabled":false},"version":2}},"categories":[82],"tags":[85,86,254],"coauthors":[662],"class_list":["post-3856","post","type-post","status-publish","format-standard","has-post-thumbnail","hentry","category-blog","tag-bmw-welt","tag-bmw-welt-jazz-award","tag-jazz-award"],"yoast_head":"<!-- This site is optimized with the Yoast SEO plugin v27.5 - https:\/\/yoast.com\/product\/yoast-seo-wordpress\/ -->\n<title>Hildegard Lernt Fliegen gewinnt den BMW Welt Jazz Award 2014 - JazzZeitung<\/title>\n<meta name=\"robots\" content=\"index, follow, max-snippet:-1, max-image-preview:large, max-video-preview:-1\" \/>\n<link rel=\"canonical\" href=\"https:\/\/www.jazzzeitung.de\/cms\/2014\/05\/hildegard-lernt-fliegen-gewinnt-den-bmw-welt-jazz-award-2014\/\" \/>\n<meta property=\"og:locale\" content=\"de_DE\" \/>\n<meta property=\"og:type\" content=\"article\" \/>\n<meta property=\"og:title\" content=\"Hildegard Lernt Fliegen gewinnt den BMW Welt Jazz Award 2014 - JazzZeitung\" \/>\n<meta property=\"og:description\" content=\"Bei der Abschlussveranstaltung des BMW Welt Jazz Award 2014 am vergangenen Samstag traten das Schweizer Sextett \u201eHildegard Lernt Fliegen\u201c und das niederl\u00e4ndische Trio \u201eTin Men and the Telephone\u201c im Auditorium der BMW Welt gegeneinander an. Zum Sieger gek\u00fcrt wurde \u201eHildegard Lernt Fliegen\u201c. DenPreis \u00fcberreichten IanRobertson, Mitglied des Vorstandes der BMW AG,und der Kulturreferent der Landeshauptstadt M\u00fcnchen, Hans-Georg K\u00fcppers. Beide Ensembles traten vor rund 550 Besuchern im ausverkauften Auditorium der BMW Welt mit einer Mischung aus musikalischer Perfektion und humoristischer Interpretation frei nach dem Motto\u201eSense of Humour\u201c auf. Letztendlich konnte \u201eHildegard Lernt Fliegen\u201c die Expertenjury \u00fcberzeugen. Diese urteilte: \u201eDieJury hat sich best\u00e4tigt gefunden bei der Wahl beider Bands f\u00fcr dieses Finale. Die Musikalit\u00e4t von \u201eHildegard Lernt Fliegen\u201c hat uns wirklich \u00fcberzeugt. Ihre Songs stehen im Geist und in der Tradition des klassischen Jazz, interpretieren ihn aber v\u00f6llig neu.\u00dcber allem schwebt dieser wunderbare Humor, der ganz aus der Musik kommt. Ihr Jazz hat wirklich einen \u201aSense of Humour\u2018.\u201c Der Erstplatzierte erhielt ein Preisgeld in H\u00f6hevon 10.000 Euro und den von BMW Design kreierten Sonderpokal. Die zweitplatzierten Tin Men and the Telephone bekamen eine Pr\u00e4mie in H\u00f6he von &hellip;\" \/>\n<meta property=\"og:url\" content=\"https:\/\/www.jazzzeitung.de\/cms\/2014\/05\/hildegard-lernt-fliegen-gewinnt-den-bmw-welt-jazz-award-2014\/\" \/>\n<meta property=\"og:site_name\" content=\"JazzZeitung\" \/>\n<meta property=\"article:publisher\" content=\"https:\/\/www.facebook.com\/JazzZeitung\/\" \/>\n<meta property=\"article:published_time\" content=\"2014-05-05T10:45:13+00:00\" \/>\n<meta property=\"og:image\" content=\"https:\/\/i0.wp.com\/www.jazzzeitung.de\/cms\/wp-content\/uploads\/2014\/05\/BMWWelt201405_P90149110-zoom-orig.jpg?fit=600%2C448&ssl=1\" \/>\n\t<meta property=\"og:image:width\" content=\"600\" \/>\n\t<meta property=\"og:image:height\" content=\"448\" \/>\n\t<meta property=\"og:image:type\" content=\"image\/jpeg\" \/>\n<meta name=\"author\" content=\"Andreas Kolb\" \/>\n<script type=\"application\/ld+json\" class=\"yoast-schema-graph\">{\"@context\":\"https:\\\/\\\/schema.org\",\"@graph\":[{\"@type\":\"Article\",\"@id\":\"https:\\\/\\\/www.jazzzeitung.de\\\/cms\\\/2014\\\/05\\\/hildegard-lernt-fliegen-gewinnt-den-bmw-welt-jazz-award-2014\\\/#article\",\"isPartOf\":{\"@id\":\"https:\\\/\\\/www.jazzzeitung.de\\\/cms\\\/2014\\\/05\\\/hildegard-lernt-fliegen-gewinnt-den-bmw-welt-jazz-award-2014\\\/\"},\"author\":{\"name\":\"Andreas Kolb\",\"@id\":\"https:\\\/\\\/www.jazzzeitung.de\\\/cms\\\/#\\\/schema\\\/person\\\/23954215d035da9ee48d2a2c09a4a62c\"},\"headline\":\"Hildegard Lernt Fliegen gewinnt den BMW Welt Jazz Award 2014\",\"datePublished\":\"2014-05-05T10:45:13+00:00\",\"mainEntityOfPage\":{\"@id\":\"https:\\\/\\\/www.jazzzeitung.de\\\/cms\\\/2014\\\/05\\\/hildegard-lernt-fliegen-gewinnt-den-bmw-welt-jazz-award-2014\\\/\"},\"wordCount\":258,\"commentCount\":2,\"publisher\":{\"@id\":\"https:\\\/\\\/www.jazzzeitung.de\\\/cms\\\/#organization\"},\"image\":{\"@id\":\"https:\\\/\\\/www.jazzzeitung.de\\\/cms\\\/2014\\\/05\\\/hildegard-lernt-fliegen-gewinnt-den-bmw-welt-jazz-award-2014\\\/#primaryimage\"},\"thumbnailUrl\":\"https:\\\/\\\/i0.wp.com\\\/www.jazzzeitung.de\\\/cms\\\/wp-content\\\/uploads\\\/2014\\\/05\\\/BMWWelt201405_P90149110-zoom-orig.jpg?fit=600%2C448&ssl=1\",\"keywords\":[\"bmw welt\",\"bmw welt jazz award\",\"Jazz Award\"],\"articleSection\":[\"Blog\"],\"inLanguage\":\"de\",\"potentialAction\":[{\"@type\":\"CommentAction\",\"name\":\"Comment\",\"target\":[\"https:\\\/\\\/www.jazzzeitung.de\\\/cms\\\/2014\\\/05\\\/hildegard-lernt-fliegen-gewinnt-den-bmw-welt-jazz-award-2014\\\/#respond\"]}]},{\"@type\":\"WebPage\",\"@id\":\"https:\\\/\\\/www.jazzzeitung.de\\\/cms\\\/2014\\\/05\\\/hildegard-lernt-fliegen-gewinnt-den-bmw-welt-jazz-award-2014\\\/\",\"url\":\"https:\\\/\\\/www.jazzzeitung.de\\\/cms\\\/2014\\\/05\\\/hildegard-lernt-fliegen-gewinnt-den-bmw-welt-jazz-award-2014\\\/\",\"name\":\"Hildegard Lernt Fliegen gewinnt den BMW Welt Jazz Award 2014 - JazzZeitung\",\"isPartOf\":{\"@id\":\"https:\\\/\\\/www.jazzzeitung.de\\\/cms\\\/#website\"},\"primaryImageOfPage\":{\"@id\":\"https:\\\/\\\/www.jazzzeitung.de\\\/cms\\\/2014\\\/05\\\/hildegard-lernt-fliegen-gewinnt-den-bmw-welt-jazz-award-2014\\\/#primaryimage\"},\"image\":{\"@id\":\"https:\\\/\\\/www.jazzzeitung.de\\\/cms\\\/2014\\\/05\\\/hildegard-lernt-fliegen-gewinnt-den-bmw-welt-jazz-award-2014\\\/#primaryimage\"},\"thumbnailUrl\":\"https:\\\/\\\/i0.wp.com\\\/www.jazzzeitung.de\\\/cms\\\/wp-content\\\/uploads\\\/2014\\\/05\\\/BMWWelt201405_P90149110-zoom-orig.jpg?fit=600%2C448&ssl=1\",\"datePublished\":\"2014-05-05T10:45:13+00:00\",\"breadcrumb\":{\"@id\":\"https:\\\/\\\/www.jazzzeitung.de\\\/cms\\\/2014\\\/05\\\/hildegard-lernt-fliegen-gewinnt-den-bmw-welt-jazz-award-2014\\\/#breadcrumb\"},\"inLanguage\":\"de\",\"potentialAction\":[{\"@type\":\"ReadAction\",\"target\":[\"https:\\\/\\\/www.jazzzeitung.de\\\/cms\\\/2014\\\/05\\\/hildegard-lernt-fliegen-gewinnt-den-bmw-welt-jazz-award-2014\\\/\"]}]},{\"@type\":\"ImageObject\",\"inLanguage\":\"de\",\"@id\":\"https:\\\/\\\/www.jazzzeitung.de\\\/cms\\\/2014\\\/05\\\/hildegard-lernt-fliegen-gewinnt-den-bmw-welt-jazz-award-2014\\\/#primaryimage\",\"url\":\"https:\\\/\\\/i0.wp.com\\\/www.jazzzeitung.de\\\/cms\\\/wp-content\\\/uploads\\\/2014\\\/05\\\/BMWWelt201405_P90149110-zoom-orig.jpg?fit=600%2C448&ssl=1\",\"contentUrl\":\"https:\\\/\\\/i0.wp.com\\\/www.jazzzeitung.de\\\/cms\\\/wp-content\\\/uploads\\\/2014\\\/05\\\/BMWWelt201405_P90149110-zoom-orig.jpg?fit=600%2C448&ssl=1\",\"width\":600,\"height\":448,\"caption\":\"BMW Welt Jazz Award 2014: V.l.n.r. Ian Robertson, Mitglied des Vorstands der BMW AG, Andreas Schaerer, Vokalist, Bl\u00e4ser Andreas Tschopp, Matthias Wenger, Benedikt Reising, Marco M\u00fcller, Bass, Christoph Steiner, Schlagzeug, Hans-Georg K\u00fcppers, Kulturreferent der Stadt M\u00fcnchen (Copyright: BMW AG)\"},{\"@type\":\"BreadcrumbList\",\"@id\":\"https:\\\/\\\/www.jazzzeitung.de\\\/cms\\\/2014\\\/05\\\/hildegard-lernt-fliegen-gewinnt-den-bmw-welt-jazz-award-2014\\\/#breadcrumb\",\"itemListElement\":[{\"@type\":\"ListItem\",\"position\":1,\"name\":\"Startseite\",\"item\":\"https:\\\/\\\/www.jazzzeitung.de\\\/cms\\\/\"},{\"@type\":\"ListItem\",\"position\":2,\"name\":\"Hildegard Lernt Fliegen gewinnt den BMW Welt Jazz Award 2014\"}]},{\"@type\":\"WebSite\",\"@id\":\"https:\\\/\\\/www.jazzzeitung.de\\\/cms\\\/#website\",\"url\":\"https:\\\/\\\/www.jazzzeitung.de\\\/cms\\\/\",\"name\":\"JazzZeitung\",\"description\":\"Jazz-News und Jazz-Kontroverses\",\"publisher\":{\"@id\":\"https:\\\/\\\/www.jazzzeitung.de\\\/cms\\\/#organization\"},\"potentialAction\":[{\"@type\":\"SearchAction\",\"target\":{\"@type\":\"EntryPoint\",\"urlTemplate\":\"https:\\\/\\\/www.jazzzeitung.de\\\/cms\\\/?s={search_term_string}\"},\"query-input\":{\"@type\":\"PropertyValueSpecification\",\"valueRequired\":true,\"valueName\":\"search_term_string\"}}],\"inLanguage\":\"de\"},{\"@type\":\"Organization\",\"@id\":\"https:\\\/\\\/www.jazzzeitung.de\\\/cms\\\/#organization\",\"name\":\"JazzZeitung online\",\"url\":\"https:\\\/\\\/www.jazzzeitung.de\\\/cms\\\/\",\"logo\":{\"@type\":\"ImageObject\",\"inLanguage\":\"de\",\"@id\":\"https:\\\/\\\/www.jazzzeitung.de\\\/cms\\\/#\\\/schema\\\/logo\\\/image\\\/\",\"url\":\"https:\\\/\\\/i0.wp.com\\\/www.jazzzeitung.de\\\/cms\\\/wp-content\\\/uploads\\\/2015\\\/08\\\/JAZZZEITUNGDE_Logo_Neu.png?fit=499%2C200&ssl=1\",\"contentUrl\":\"https:\\\/\\\/i0.wp.com\\\/www.jazzzeitung.de\\\/cms\\\/wp-content\\\/uploads\\\/2015\\\/08\\\/JAZZZEITUNGDE_Logo_Neu.png?fit=499%2C200&ssl=1\",\"width\":499,\"height\":200,\"caption\":\"JazzZeitung online\"},\"image\":{\"@id\":\"https:\\\/\\\/www.jazzzeitung.de\\\/cms\\\/#\\\/schema\\\/logo\\\/image\\\/\"},\"sameAs\":[\"https:\\\/\\\/www.facebook.com\\\/JazzZeitung\\\/\"]},{\"@type\":\"Person\",\"@id\":\"https:\\\/\\\/www.jazzzeitung.de\\\/cms\\\/#\\\/schema\\\/person\\\/23954215d035da9ee48d2a2c09a4a62c\",\"name\":\"Andreas Kolb\",\"image\":{\"@type\":\"ImageObject\",\"inLanguage\":\"de\",\"@id\":\"https:\\\/\\\/i0.wp.com\\\/www.jazzzeitung.de\\\/cms\\\/wp-content\\\/uploads\\\/2013\\\/05\\\/kolb-small.jpg?resize=96%2C96&ssl=1d81fdf4aa1b2f31d206a8dd371420dd4\",\"url\":\"https:\\\/\\\/i0.wp.com\\\/www.jazzzeitung.de\\\/cms\\\/wp-content\\\/uploads\\\/2013\\\/05\\\/kolb-small.jpg?resize=96%2C96&ssl=1\",\"contentUrl\":\"https:\\\/\\\/i0.wp.com\\\/www.jazzzeitung.de\\\/cms\\\/wp-content\\\/uploads\\\/2013\\\/05\\\/kolb-small.jpg?resize=96%2C96&ssl=1\",\"caption\":\"Andreas Kolb\"},\"description\":\"Andreas Kolb ist Chefredakteur der Jazzzeitung.\",\"sameAs\":[\"https:\\\/\\\/www.jazzzeitung.de\"],\"url\":\"https:\\\/\\\/www.jazzzeitung.de\\\/cms\\\/author\\\/kolb\\\/\"}]}<\/script>\n<!-- \/ Yoast SEO plugin. -->","yoast_head_json":{"title":"Hildegard Lernt Fliegen gewinnt den BMW Welt Jazz Award 2014 - JazzZeitung","robots":{"index":"index","follow":"follow","max-snippet":"max-snippet:-1","max-image-preview":"max-image-preview:large","max-video-preview":"max-video-preview:-1"},"canonical":"https:\/\/www.jazzzeitung.de\/cms\/2014\/05\/hildegard-lernt-fliegen-gewinnt-den-bmw-welt-jazz-award-2014\/","og_locale":"de_DE","og_type":"article","og_title":"Hildegard Lernt Fliegen gewinnt den BMW Welt Jazz Award 2014 - JazzZeitung","og_description":"Bei der Abschlussveranstaltung des BMW Welt Jazz Award 2014 am vergangenen Samstag traten das Schweizer Sextett \u201eHildegard Lernt Fliegen\u201c und das niederl\u00e4ndische Trio \u201eTin Men and the Telephone\u201c im Auditorium der BMW Welt gegeneinander an. Zum Sieger gek\u00fcrt wurde \u201eHildegard Lernt Fliegen\u201c. DenPreis \u00fcberreichten IanRobertson, Mitglied des Vorstandes der BMW AG,und der Kulturreferent der Landeshauptstadt M\u00fcnchen, Hans-Georg K\u00fcppers. Beide Ensembles traten vor rund 550 Besuchern im ausverkauften Auditorium der BMW Welt mit einer Mischung aus musikalischer Perfektion und humoristischer Interpretation frei nach dem Motto\u201eSense of Humour\u201c auf. Letztendlich konnte \u201eHildegard Lernt Fliegen\u201c die Expertenjury \u00fcberzeugen. Diese urteilte: \u201eDieJury hat sich best\u00e4tigt gefunden bei der Wahl beider Bands f\u00fcr dieses Finale. Die Musikalit\u00e4t von \u201eHildegard Lernt Fliegen\u201c hat uns wirklich \u00fcberzeugt. Ihre Songs stehen im Geist und in der Tradition des klassischen Jazz, interpretieren ihn aber v\u00f6llig neu.\u00dcber allem schwebt dieser wunderbare Humor, der ganz aus der Musik kommt. Ihr Jazz hat wirklich einen \u201aSense of Humour\u2018.\u201c Der Erstplatzierte erhielt ein Preisgeld in H\u00f6hevon 10.000 Euro und den von BMW Design kreierten Sonderpokal. Die zweitplatzierten Tin Men and the Telephone bekamen eine Pr\u00e4mie in H\u00f6he von &hellip;","og_url":"https:\/\/www.jazzzeitung.de\/cms\/2014\/05\/hildegard-lernt-fliegen-gewinnt-den-bmw-welt-jazz-award-2014\/","og_site_name":"JazzZeitung","article_publisher":"https:\/\/www.facebook.com\/JazzZeitung\/","article_published_time":"2014-05-05T10:45:13+00:00","og_image":[{"width":600,"height":448,"url":"https:\/\/i0.wp.com\/www.jazzzeitung.de\/cms\/wp-content\/uploads\/2014\/05\/BMWWelt201405_P90149110-zoom-orig.jpg?fit=600%2C448&ssl=1","type":"image\/jpeg"}],"author":"Andreas Kolb","schema":{"@context":"https:\/\/schema.org","@graph":[{"@type":"Article","@id":"https:\/\/www.jazzzeitung.de\/cms\/2014\/05\/hildegard-lernt-fliegen-gewinnt-den-bmw-welt-jazz-award-2014\/#article","isPartOf":{"@id":"https:\/\/www.jazzzeitung.de\/cms\/2014\/05\/hildegard-lernt-fliegen-gewinnt-den-bmw-welt-jazz-award-2014\/"},"author":{"name":"Andreas Kolb","@id":"https:\/\/www.jazzzeitung.de\/cms\/#\/schema\/person\/23954215d035da9ee48d2a2c09a4a62c"},"headline":"Hildegard Lernt Fliegen gewinnt den BMW Welt Jazz Award 2014","datePublished":"2014-05-05T10:45:13+00:00","mainEntityOfPage":{"@id":"https:\/\/www.jazzzeitung.de\/cms\/2014\/05\/hildegard-lernt-fliegen-gewinnt-den-bmw-welt-jazz-award-2014\/"},"wordCount":258,"commentCount":2,"publisher":{"@id":"https:\/\/www.jazzzeitung.de\/cms\/#organization"},"image":{"@id":"https:\/\/www.jazzzeitung.de\/cms\/2014\/05\/hildegard-lernt-fliegen-gewinnt-den-bmw-welt-jazz-award-2014\/#primaryimage"},"thumbnailUrl":"https:\/\/i0.wp.com\/www.jazzzeitung.de\/cms\/wp-content\/uploads\/2014\/05\/BMWWelt201405_P90149110-zoom-orig.jpg?fit=600%2C448&ssl=1","keywords":["bmw welt","bmw welt jazz award","Jazz Award"],"articleSection":["Blog"],"inLanguage":"de","potentialAction":[{"@type":"CommentAction","name":"Comment","target":["https:\/\/www.jazzzeitung.de\/cms\/2014\/05\/hildegard-lernt-fliegen-gewinnt-den-bmw-welt-jazz-award-2014\/#respond"]}]},{"@type":"WebPage","@id":"https:\/\/www.jazzzeitung.de\/cms\/2014\/05\/hildegard-lernt-fliegen-gewinnt-den-bmw-welt-jazz-award-2014\/","url":"https:\/\/www.jazzzeitung.de\/cms\/2014\/05\/hildegard-lernt-fliegen-gewinnt-den-bmw-welt-jazz-award-2014\/","name":"Hildegard Lernt Fliegen gewinnt den BMW Welt Jazz Award 2014 - JazzZeitung","isPartOf":{"@id":"https:\/\/www.jazzzeitung.de\/cms\/#website"},"primaryImageOfPage":{"@id":"https:\/\/www.jazzzeitung.de\/cms\/2014\/05\/hildegard-lernt-fliegen-gewinnt-den-bmw-welt-jazz-award-2014\/#primaryimage"},"image":{"@id":"https:\/\/www.jazzzeitung.de\/cms\/2014\/05\/hildegard-lernt-fliegen-gewinnt-den-bmw-welt-jazz-award-2014\/#primaryimage"},"thumbnailUrl":"https:\/\/i0.wp.com\/www.jazzzeitung.de\/cms\/wp-content\/uploads\/2014\/05\/BMWWelt201405_P90149110-zoom-orig.jpg?fit=600%2C448&ssl=1","datePublished":"2014-05-05T10:45:13+00:00","breadcrumb":{"@id":"https:\/\/www.jazzzeitung.de\/cms\/2014\/05\/hildegard-lernt-fliegen-gewinnt-den-bmw-welt-jazz-award-2014\/#breadcrumb"},"inLanguage":"de","potentialAction":[{"@type":"ReadAction","target":["https:\/\/www.jazzzeitung.de\/cms\/2014\/05\/hildegard-lernt-fliegen-gewinnt-den-bmw-welt-jazz-award-2014\/"]}]},{"@type":"ImageObject","inLanguage":"de","@id":"https:\/\/www.jazzzeitung.de\/cms\/2014\/05\/hildegard-lernt-fliegen-gewinnt-den-bmw-welt-jazz-award-2014\/#primaryimage","url":"https:\/\/i0.wp.com\/www.jazzzeitung.de\/cms\/wp-content\/uploads\/2014\/05\/BMWWelt201405_P90149110-zoom-orig.jpg?fit=600%2C448&ssl=1","contentUrl":"https:\/\/i0.wp.com\/www.jazzzeitung.de\/cms\/wp-content\/uploads\/2014\/05\/BMWWelt201405_P90149110-zoom-orig.jpg?fit=600%2C448&ssl=1","width":600,"height":448,"caption":"BMW Welt Jazz Award 2014: V.l.n.r. Ian Robertson, Mitglied des Vorstands der BMW AG, Andreas Schaerer, Vokalist, Bl\u00e4ser Andreas Tschopp, Matthias Wenger, Benedikt Reising, Marco M\u00fcller, Bass, Christoph Steiner, Schlagzeug, Hans-Georg K\u00fcppers, Kulturreferent der Stadt M\u00fcnchen (Copyright: BMW AG)"},{"@type":"BreadcrumbList","@id":"https:\/\/www.jazzzeitung.de\/cms\/2014\/05\/hildegard-lernt-fliegen-gewinnt-den-bmw-welt-jazz-award-2014\/#breadcrumb","itemListElement":[{"@type":"ListItem","position":1,"name":"Startseite","item":"https:\/\/www.jazzzeitung.de\/cms\/"},{"@type":"ListItem","position":2,"name":"Hildegard Lernt Fliegen gewinnt den BMW Welt Jazz Award 2014"}]},{"@type":"WebSite","@id":"https:\/\/www.jazzzeitung.de\/cms\/#website","url":"https:\/\/www.jazzzeitung.de\/cms\/","name":"JazzZeitung","description":"Jazz-News und Jazz-Kontroverses","publisher":{"@id":"https:\/\/www.jazzzeitung.de\/cms\/#organization"},"potentialAction":[{"@type":"SearchAction","target":{"@type":"EntryPoint","urlTemplate":"https:\/\/www.jazzzeitung.de\/cms\/?s={search_term_string}"},"query-input":{"@type":"PropertyValueSpecification","valueRequired":true,"valueName":"search_term_string"}}],"inLanguage":"de"},{"@type":"Organization","@id":"https:\/\/www.jazzzeitung.de\/cms\/#organization","name":"JazzZeitung online","url":"https:\/\/www.jazzzeitung.de\/cms\/","logo":{"@type":"ImageObject","inLanguage":"de","@id":"https:\/\/www.jazzzeitung.de\/cms\/#\/schema\/logo\/image\/","url":"https:\/\/i0.wp.com\/www.jazzzeitung.de\/cms\/wp-content\/uploads\/2015\/08\/JAZZZEITUNGDE_Logo_Neu.png?fit=499%2C200&ssl=1","contentUrl":"https:\/\/i0.wp.com\/www.jazzzeitung.de\/cms\/wp-content\/uploads\/2015\/08\/JAZZZEITUNGDE_Logo_Neu.png?fit=499%2C200&ssl=1","width":499,"height":200,"caption":"JazzZeitung online"},"image":{"@id":"https:\/\/www.jazzzeitung.de\/cms\/#\/schema\/logo\/image\/"},"sameAs":["https:\/\/www.facebook.com\/JazzZeitung\/"]},{"@type":"Person","@id":"https:\/\/www.jazzzeitung.de\/cms\/#\/schema\/person\/23954215d035da9ee48d2a2c09a4a62c","name":"Andreas Kolb","image":{"@type":"ImageObject","inLanguage":"de","@id":"https:\/\/i0.wp.com\/www.jazzzeitung.de\/cms\/wp-content\/uploads\/2013\/05\/kolb-small.jpg?resize=96%2C96&ssl=1d81fdf4aa1b2f31d206a8dd371420dd4","url":"https:\/\/i0.wp.com\/www.jazzzeitung.de\/cms\/wp-content\/uploads\/2013\/05\/kolb-small.jpg?resize=96%2C96&ssl=1","contentUrl":"https:\/\/i0.wp.com\/www.jazzzeitung.de\/cms\/wp-content\/uploads\/2013\/05\/kolb-small.jpg?resize=96%2C96&ssl=1","caption":"Andreas Kolb"},"description":"Andreas Kolb ist Chefredakteur der Jazzzeitung.","sameAs":["https:\/\/www.jazzzeitung.de"],"url":"https:\/\/www.jazzzeitung.de\/cms\/author\/kolb\/"}]}},"wp-worthy-pixel":{"ignored":false,"public":null,"server":null,"url":null},"wp-worthy-type":"normal","jetpack_publicize_connections":[],"cc_featured_image_caption":{"caption_text":false,"source_text":false,"source_url":false},"jetpack_featured_media_url":"https:\/\/i0.wp.com\/www.jazzzeitung.de\/cms\/wp-content\/uploads\/2014\/05\/BMWWelt201405_P90149110-zoom-orig.jpg?fit=600%2C448&ssl=1","jetpack_shortlink":"https:\/\/wp.me\/p3KEcT-10c","jetpack-related-posts":[{"id":2585,"url":"https:\/\/www.jazzzeitung.de\/cms\/2013\/11\/der-bmw-welt-jazz-award-2014-sense-humour\/","url_meta":{"origin":3856,"position":0},"title":"Der BMW Welt Jazz Award 2014 &#8211; &#8222;Sense of Humour&#8220;","author":"Redaktion JazzZeitung","date":"4. November 2013","format":false,"excerpt":"Der BMW Welt Jazz Award geht in seine sechste Saison: In insgesamt sechs kostenfreien Sonntagsmatineen von Januar bis M\u00e4rz 2014 pr\u00e4sentieren sich international hochkar\u00e4tige Ensembles im Doppelkegel der BMW Welt unter dem Motto \u201eSense of Humour\u201c. Die Musiker stammen aus den USA, Norwegen, den Niederlanden, der Schweiz, \u00d6sterreich und Deutschland.\u2026","rel":"","context":"In &quot;News&quot;","block_context":{"text":"News","link":"https:\/\/www.jazzzeitung.de\/cms\/thema\/nachrichten\/"},"img":{"alt_text":"bmw","src":"https:\/\/i0.wp.com\/www.jazzzeitung.de\/cms\/wp-content\/uploads\/2013\/11\/bmw-150x150.jpg?resize=350%2C200","width":350,"height":200},"classes":[]},{"id":21904,"url":"https:\/\/www.jazzzeitung.de\/cms\/2020\/02\/bmw-welt-jazz-award-2020-das-quartett-von-jazzgeiger-adam-baldych-bestreitet-das-dritte-dienstagskonzert\/","url_meta":{"origin":3856,"position":1},"title":"BMW Welt Jazz Award 2020: Das Quartett von Jazzgeiger Adam Baldych bestreitet das dritte Dienstagskonzert","author":"Thomas J. Krebs","date":"13. Februar 2020","format":false,"excerpt":"Das Instrument Geige f\u00fchrte viele Jahre ein Schattendasein im Jazz. Das hat sich l\u00e4ngst ge\u00e4ndert, und immer neue Stimmen geben diesem Streichinstrument, das wie kein zweites f\u00fcr Klassik, Hochkultur und Virtuosit\u00e4t steht, eine Heimat im Bereich des modernen Jazz. Derzeit angesagtester Vertreter dieser Gattung ist der Pole Adam Baldych, der\u2026","rel":"","context":"In &quot;Galerie&quot;","block_context":{"text":"Galerie","link":"https:\/\/www.jazzzeitung.de\/cms\/thema\/galerie\/"},"img":{"alt_text":"","src":"https:\/\/i0.wp.com\/www.jazzzeitung.de\/cms\/wp-content\/uploads\/2020\/02\/P1694101-Baldych-Foto-TJ-Krebs.jpg?fit=1200%2C800&ssl=1&resize=350%2C200","width":350,"height":200,"srcset":"https:\/\/i0.wp.com\/www.jazzzeitung.de\/cms\/wp-content\/uploads\/2020\/02\/P1694101-Baldych-Foto-TJ-Krebs.jpg?fit=1200%2C800&ssl=1&resize=350%2C200 1x, https:\/\/i0.wp.com\/www.jazzzeitung.de\/cms\/wp-content\/uploads\/2020\/02\/P1694101-Baldych-Foto-TJ-Krebs.jpg?fit=1200%2C800&ssl=1&resize=525%2C300 1.5x, https:\/\/i0.wp.com\/www.jazzzeitung.de\/cms\/wp-content\/uploads\/2020\/02\/P1694101-Baldych-Foto-TJ-Krebs.jpg?fit=1200%2C800&ssl=1&resize=700%2C400 2x, https:\/\/i0.wp.com\/www.jazzzeitung.de\/cms\/wp-content\/uploads\/2020\/02\/P1694101-Baldych-Foto-TJ-Krebs.jpg?fit=1200%2C800&ssl=1&resize=1050%2C600 3x"},"classes":[]},{"id":22344,"url":"https:\/\/www.jazzzeitung.de\/cms\/2020\/04\/newsbmw-welt-jazz-award-finale-auf-anfang-2021-verschoben\/","url_meta":{"origin":3856,"position":2},"title":"news+++BMW Welt Jazz Award Finale auf Anfang 2021 verschoben+++","author":"Redaktion JazzZeitung","date":"14. April 2020","format":false,"excerpt":"M\u00fcnchen. Nach den spannenden Konzerten des diesj\u00e4hrigen BMW Welt Jazz Award im Doppelkegel der BMW Welt hat die Jury jetzt die Finalisten bekannt gegeben: Adam Ba\u0142dych Quartet und Peter Gall Quintet. Mit dem diesj\u00e4hrigen Motto \u201eThe Melody at Night\u201c besann sich der BMW Welt Jazz Award auf die Wurzeln des\u2026","rel":"","context":"In &quot;News&quot;","block_context":{"text":"News","link":"https:\/\/www.jazzzeitung.de\/cms\/thema\/nachrichten\/"},"img":{"alt_text":"","src":"https:\/\/i0.wp.com\/www.jazzzeitung.de\/cms\/wp-content\/uploads\/2020\/04\/P90332903_highRes_bmw-welt-jazz-award--scaled.jpg?fit=800%2C1200&ssl=1&resize=350%2C200","width":350,"height":200,"srcset":"https:\/\/i0.wp.com\/www.jazzzeitung.de\/cms\/wp-content\/uploads\/2020\/04\/P90332903_highRes_bmw-welt-jazz-award--scaled.jpg?fit=800%2C1200&ssl=1&resize=350%2C200 1x, https:\/\/i0.wp.com\/www.jazzzeitung.de\/cms\/wp-content\/uploads\/2020\/04\/P90332903_highRes_bmw-welt-jazz-award--scaled.jpg?fit=800%2C1200&ssl=1&resize=525%2C300 1.5x, https:\/\/i0.wp.com\/www.jazzzeitung.de\/cms\/wp-content\/uploads\/2020\/04\/P90332903_highRes_bmw-welt-jazz-award--scaled.jpg?fit=800%2C1200&ssl=1&resize=700%2C400 2x"},"classes":[]},{"id":24909,"url":"https:\/\/www.jazzzeitung.de\/cms\/2021\/06\/bmw-welt-jazz-award-finale-2020-findet-am-23-juli-2021-in-der-muenchener-philharmonie-statt\/","url_meta":{"origin":3856,"position":3},"title":"BMW Welt Jazz Award Finale 2020 findet am 23. Juli 2021 in der M\u00fcnchener Philharmonie statt","author":"Redaktion JazzZeitung","date":"1. Juni 2021","format":false,"excerpt":"Das durch die Pandemie um mehr als ein Jahr verschobene Finale des BMW Welt Jazz Award 2020 findet jetzt am 23. Juli 2021 um 19:00 Uhr in der Philharmonie im Gasteig statt. Adam Baldych Quartet und Peter Gall Quintet werden ihre Interpretationen des Award-Mottos \u201eThe Melody at Night\u201c im Gasteig\u2026","rel":"","context":"In &quot;News&quot;","block_context":{"text":"News","link":"https:\/\/www.jazzzeitung.de\/cms\/thema\/nachrichten\/"},"img":{"alt_text":"","src":"https:\/\/i0.wp.com\/www.jazzzeitung.de\/cms\/wp-content\/uploads\/2021\/06\/P90424674_highRes_bmw-welt-jazz-award--scaled.jpg?fit=1200%2C710&ssl=1&resize=350%2C200","width":350,"height":200,"srcset":"https:\/\/i0.wp.com\/www.jazzzeitung.de\/cms\/wp-content\/uploads\/2021\/06\/P90424674_highRes_bmw-welt-jazz-award--scaled.jpg?fit=1200%2C710&ssl=1&resize=350%2C200 1x, https:\/\/i0.wp.com\/www.jazzzeitung.de\/cms\/wp-content\/uploads\/2021\/06\/P90424674_highRes_bmw-welt-jazz-award--scaled.jpg?fit=1200%2C710&ssl=1&resize=525%2C300 1.5x, https:\/\/i0.wp.com\/www.jazzzeitung.de\/cms\/wp-content\/uploads\/2021\/06\/P90424674_highRes_bmw-welt-jazz-award--scaled.jpg?fit=1200%2C710&ssl=1&resize=700%2C400 2x, https:\/\/i0.wp.com\/www.jazzzeitung.de\/cms\/wp-content\/uploads\/2021\/06\/P90424674_highRes_bmw-welt-jazz-award--scaled.jpg?fit=1200%2C710&ssl=1&resize=1050%2C600 3x"},"classes":[]},{"id":898,"url":"https:\/\/www.jazzzeitung.de\/cms\/2011\/03\/die-finalisten-des-bmw-welt-jazz-award-2011\/","url_meta":{"origin":3856,"position":4},"title":"Die Finalisten des BMW Welt Jazz Award 2011","author":"J\u00f6rg Lichtinger","date":"18. M\u00e4rz 2011","format":false,"excerpt":"Die Jury hat entschieden. Die Wahl f\u00fcr die Finalisten des BMW Welt Jazz Award 2011 ist auf Wanja Slavin Lotus Eaters und Nils Wogram's Root 70 gefallen. Sechs Bands haben zwischen Januar und M\u00e4rz 2011 mit jeweils einem Konzert im Doppelkegel der BMW Welt um den Finaleinzug gespielt. Dabei haben\u2026","rel":"","context":"In &quot;Blog&quot;","block_context":{"text":"Blog","link":"https:\/\/www.jazzzeitung.de\/cms\/thema\/blog\/"},"img":{"alt_text":"Finalist Wanja Slavin. Foto: BMW Welt","src":"https:\/\/i0.wp.com\/www.jazzzeitung.de\/cms\/wp-content\/uploads\/2011\/03\/Wanja_Slavin-300x300.jpg?resize=350%2C200","width":350,"height":200},"classes":[]},{"id":702,"url":"https:\/\/www.jazzzeitung.de\/cms\/2011\/01\/eintritt-frei-in-runde-drei-bmw-welt-jazz-award\/","url_meta":{"origin":3856,"position":5},"title":"Eintritt frei in runde drei: BMW Welt Jazz Award 2011","author":"J\u00f6rg Lichtinger","date":"23. Januar 2011","format":false,"excerpt":"Am 23. Januar 2011 haben mit der Performance von Wanja Slavin Lotus Eaters die Konzerte des BMW Welt Jazz Award 2011 begonnen. An zwei Sonntagen im Monat finden bis zum 13. M\u00e4rz noch f\u00fcnf weitere Jazz Matineen im Doppelkegel der BMW Welt statt. Nach dem Gesangsschwerpunkt im letzten Jahr, stellen\u2026","rel":"","context":"In &quot;Blog&quot;","block_context":{"text":"Blog","link":"https:\/\/www.jazzzeitung.de\/cms\/thema\/blog\/"},"img":{"alt_text":"Konzert im Doppelkegel bei den Jazzwochen 2007","src":"https:\/\/i0.wp.com\/www.jazzzeitung.de\/cms\/wp-content\/uploads\/2011\/01\/Lichtinger_BMW_Masters-of-Jazz-300x224.jpg?resize=350%2C200","width":350,"height":200},"classes":[]}],"jetpack_sharing_enabled":true,"_links":{"self":[{"href":"https:\/\/www.jazzzeitung.de\/cms\/wp-json\/wp\/v2\/posts\/3856","targetHints":{"allow":["GET"]}}],"collection":[{"href":"https:\/\/www.jazzzeitung.de\/cms\/wp-json\/wp\/v2\/posts"}],"about":[{"href":"https:\/\/www.jazzzeitung.de\/cms\/wp-json\/wp\/v2\/types\/post"}],"author":[{"embeddable":true,"href":"https:\/\/www.jazzzeitung.de\/cms\/wp-json\/wp\/v2\/users\/7"}],"replies":[{"embeddable":true,"href":"https:\/\/www.jazzzeitung.de\/cms\/wp-json\/wp\/v2\/comments?post=3856"}],"version-history":[{"count":2,"href":"https:\/\/www.jazzzeitung.de\/cms\/wp-json\/wp\/v2\/posts\/3856\/revisions"}],"predecessor-version":[{"id":3860,"href":"https:\/\/www.jazzzeitung.de\/cms\/wp-json\/wp\/v2\/posts\/3856\/revisions\/3860"}],"wp:featuredmedia":[{"embeddable":true,"href":"https:\/\/www.jazzzeitung.de\/cms\/wp-json\/wp\/v2\/media\/3858"}],"wp:attachment":[{"href":"https:\/\/www.jazzzeitung.de\/cms\/wp-json\/wp\/v2\/media?parent=3856"}],"wp:term":[{"taxonomy":"category","embeddable":true,"href":"https:\/\/www.jazzzeitung.de\/cms\/wp-json\/wp\/v2\/categories?post=3856"},{"taxonomy":"post_tag","embeddable":true,"href":"https:\/\/www.jazzzeitung.de\/cms\/wp-json\/wp\/v2\/tags?post=3856"},{"taxonomy":"author","embeddable":true,"href":"https:\/\/www.jazzzeitung.de\/cms\/wp-json\/wp\/v2\/coauthors?post=3856"}],"curies":[{"name":"wp","href":"https:\/\/api.w.org\/{rel}","templated":true}]}}